{"id":1342,"date":"2022-03-08T11:32:30","date_gmt":"2022-03-08T10:32:30","guid":{"rendered":"https:\/\/regions-snetap-fsu.fr\/idf\/?p=1342"},"modified":"2022-03-08T14:14:11","modified_gmt":"2022-03-08T13:14:11","slug":"3-ministres-pour-la-bretonniere","status":"publish","type":"post","link":"https:\/\/regions-snetap-fsu.fr\/idf\/2022\/03\/08\/3-ministres-pour-la-bretonniere\/","title":{"rendered":"3 ministres pour la Bretonni\u00e8re\u2026"},"content":{"rendered":"<p><span style=\"font-family: Arial, sans-serif\">Grand branle-bas vendredi 18 f\u00e9vrier sur l\u2019\u00e9tablissement.<\/span><\/p>\n<p><span style=\"font-family: Arial, sans-serif\">Les ministres <strong>Blanquer<\/strong> et <strong>Denormandie<\/strong> voulaient d\u00e9montrer que lyc\u00e9e agricole et coll\u00e8ge EN pouvaient mener des actions p\u00e9dagogiques ensemble. Le ministre <strong>Riester<\/strong>, local de l\u2019\u00e9tape, \u00e9tait pr\u00e9sent aussi.<\/span><\/p>\n<p><span style=\"font-family: Arial, sans-serif\">Mise en avant des \u00e9co-d\u00e9l\u00e9gu\u00e9s, pr\u00e9sentation du Label 3ED, mais une dizaine de berlines en attente dans le cours\u2026<\/span><\/p>\n<p><span style=\"font-family: Arial, sans-serif\"><strong>Pr\u00e9sentation de l\u2019outil p\u00e9dagogique \u00ab\u00a0Ma for\u00eat et moi\u00a0\u00bb, dans un \u00e9tablissement qui n\u2019a pas de formation foresti\u00e8re<\/strong>. Mais comme dit le ministre, on n&rsquo;est pas l\u00e0 pour le lyc\u00e9e ! Ahhh, on comprend mieux : Op\u00e9ration de communication peut-\u00eatre ? Campagne \u00e9lectorale ? Sans doute\u2026<\/span><\/p>\n<p><span style=\"font-family: Arial, sans-serif\"><strong>Un point \u00e0 suivre<\/strong>\u00a0: l\u2019engagement du recteur de Cr\u00e9teil, Daniel Auverlot, de travailler sur la pr\u00e9sentation de l\u2019enseignement agricole sur son site acad\u00e9mique. <\/span><\/p>\n<p><span style=\"font-family: Arial, sans-serif\">Le <strong>SNETAP-FSU<\/strong>, avec Virginie P\u00e9ron et Claire Pinault, a ensuite rencontr\u00e9 en <strong>audience<\/strong> Michel L\u00e9v\u00eaque, <strong>conseiller \u00e0 l\u2019enseignement du ministre<\/strong>, et Val\u00e9rie Baduel, <strong>DGER<\/strong>, accompagn\u00e9s de Benjamin Beaussant, <strong>DRIAAF<\/strong>, et d\u2019Emmanuel Hemery, <strong>SRFD<\/strong>.<\/span><\/p>\n<p><span style=\"font-family: Arial, sans-serif\">Nous les avons interpell\u00e9s sur la <strong>r\u00e9forme du Bac Pro SAPAT<\/strong>, formation importante sur La Bretonni\u00e8re, le report d\u2019un an annonc\u00e9 de la r\u00e9forme pouvant permettre de la peaufiner\u00a0: \u00ab\u00a0Non\u2026 on ne touche qu\u2019\u00e0 la marge&#8230;\u00a0\u00bb. Nous avons exprim\u00e9 notre souhait d\u2019une meilleure distinction des sp\u00e9cialit\u00e9s dans le titre de la 2nde pro Productions, afin de mieux sensibiliser les jeunes et leur famille aux diff\u00e9rents m\u00e9tiers, la production horticole entre autres.<\/span><\/p>\n<p><span style=\"font-family: Arial, sans-serif\">Puis, sujet port\u00e9 par le SNETAP-FSU \u00eele de France depuis plusieurs mois, <strong>les difficult\u00e9s de maintenir des \u00e9quipes p\u00e9dagogiques en \u00cele de France<\/strong>, r\u00e9gion trop peu attractive et trop ch\u00e8re pour garder des titulaires\u00a0: nous demandons l\u2019ouverture de discussions s\u00e9rieuses avec le SRH \u00e0 propos des conditions de r\u00e9mun\u00e9ration et d\u2019accueil de l\u2019ensemble des personnels, comme cela a \u00e9t\u00e9 act\u00e9 en CTM et en r\u00e9union bilat\u00e9rale avec Xavier Maire, SRH.<\/span><\/p>\n<p><span style=\"font-family: Arial, sans-serif\">Enfin, nous avons indiqu\u00e9 nos inqui\u00e9tudes quant aux investissements financiers demand\u00e9s aux 3 EPL afin de d\u00e9marrer les <strong>activit\u00e9s de<em> Rungis Acad\u00e9my<\/em><\/strong>, centre de formation ouvert \u00e0 la demande du minist\u00e8re, ainsi que la n\u00e9cessit\u00e9 d\u2019une r\u00e9flexion approfondie pour pr\u00e9senter une carte des formations ambitieuse pour le <strong>futur lyc\u00e9e agricole public de Gonesse<\/strong>.<\/span><\/p>\n<p><span style=\"font-family: Arial, sans-serif\">Sujets \u00e0 reprendre dans quelques semaines, avec un nouveau ministre&#8230;<\/span><\/p>\n","protected":false},"excerpt":{"rendered":"<p>Grand branle-bas vendredi 18 f\u00e9vrier sur l\u2019\u00e9tablissement. Les ministres Blanquer et Denormandie voulaient d\u00e9montrer que lyc\u00e9e agricole et coll\u00e8ge EN pouvaient mener des actions p\u00e9dagogiques ensemble. Le ministre Riester, local de l\u2019\u00e9tape, \u00e9tait pr\u00e9sent aussi. Mise en avant des \u00e9co-d\u00e9l\u00e9gu\u00e9s, pr\u00e9sentation du Label 3ED, mais une dizaine de berlines en attente dans le cours\u2026 Pr\u00e9sentation [&hellip;]<\/p>\n","protected":false},"author":104,"featured_media":1344,"comment_status":"closed","ping_status":"closed","sticky":false,"template":"","format":"standard","meta":{"ocean_post_layout":"","ocean_both_sidebars_style":"","ocean_both_sidebars_content_width":0,"ocean_both_sidebars_sidebars_width":0,"ocean_sidebar":"0","ocean_second_sidebar":"0","ocean_disable_margins":"enable","ocean_add_body_class":"","ocean_shortcode_before_top_bar":"","ocean_shortcode_after_top_bar":"","ocean_shortcode_before_header":"","ocean_shortcode_after_header":"","ocean_has_shortcode":"","ocean_shortcode_after_title":"","ocean_shortcode_before_footer_widgets":"","ocean_shortcode_after_footer_widgets":"","ocean_shortcode_before_footer_bottom":"","ocean_shortcode_after_footer_bottom":"","ocean_display_top_bar":"default","ocean_display_header":"default","ocean_header_style":"","ocean_center_header_left_menu":"0","ocean_custom_header_template":"0","ocean_custom_logo":0,"ocean_custom_retina_logo":0,"ocean_custom_logo_max_width":0,"ocean_custom_logo_tablet_max_width":0,"ocean_custom_logo_mobile_max_width":0,"ocean_custom_logo_max_height":0,"ocean_custom_logo_tablet_max_height":0,"ocean_custom_logo_mobile_max_height":0,"ocean_header_custom_menu":"0","ocean_menu_typo_font_family":"0","ocean_menu_typo_font_subset":"","ocean_menu_typo_font_size":0,"ocean_menu_typo_font_size_tablet":0,"ocean_menu_typo_font_size_mobile":0,"ocean_menu_typo_font_size_unit":"px","ocean_menu_typo_font_weight":"","ocean_menu_typo_font_weight_tablet":"","ocean_menu_typo_font_weight_mobile":"","ocean_menu_typo_transform":"","ocean_menu_typo_transform_tablet":"","ocean_menu_typo_transform_mobile":"","ocean_menu_typo_line_height":0,"ocean_menu_typo_line_height_tablet":0,"ocean_menu_typo_line_height_mobile":0,"ocean_menu_typo_line_height_unit":"","ocean_menu_typo_spacing":0,"ocean_menu_typo_spacing_tablet":0,"ocean_menu_typo_spacing_mobile":0,"ocean_menu_typo_spacing_unit":"","ocean_menu_link_color":"","ocean_menu_link_color_hover":"","ocean_menu_link_color_active":"","ocean_menu_link_background":"","ocean_menu_link_hover_background":"","ocean_menu_link_active_background":"","ocean_menu_social_links_bg":"","ocean_menu_social_hover_links_bg":"","ocean_menu_social_links_color":"","ocean_menu_social_hover_links_color":"","ocean_disable_title":"default","ocean_disable_heading":"default","ocean_post_title":"","ocean_post_subheading":"","ocean_post_title_style":"","ocean_post_title_background_color":"","ocean_post_title_background":0,"ocean_post_title_bg_image_position":"","ocean_post_title_bg_image_attachment":"","ocean_post_title_bg_image_repeat":"","ocean_post_title_bg_image_size":"","ocean_post_title_height":0,"ocean_post_title_bg_overlay":0.5,"ocean_post_title_bg_overlay_color":"","ocean_disable_breadcrumbs":"default","ocean_breadcrumbs_color":"","ocean_breadcrumbs_separator_color":"","ocean_breadcrumbs_links_color":"","ocean_breadcrumbs_links_hover_color":"","ocean_display_footer_widgets":"default","ocean_display_footer_bottom":"default","ocean_custom_footer_template":"0","ocean_post_oembed":"","ocean_post_self_hosted_media":"","ocean_post_video_embed":"","ocean_link_format":"","ocean_link_format_target":"self","ocean_quote_format":"","ocean_quote_format_link":"post","ocean_gallery_link_images":"off","ocean_gallery_id":[],"footnotes":""},"categories":[15,26],"tags":[],"post_folder":[],"class_list":["post-1342","post","type-post","status-publish","format-standard","has-post-thumbnail","hentry","category-actions-et-communiques","category-bretonniere","entry","has-media"],"yoast_head":"<!-- This site is optimized with the Yoast SEO plugin v27.4 - https:\/\/yoast.com\/product\/yoast-seo-wordpress\/ -->\n<title>3 ministres pour la Bretonni\u00e8re\u2026 - \u00ceLE-DE-FRANCE<\/title>\n<meta name=\"robots\" content=\"index, follow, max-snippet:-1, max-image-preview:large, max-video-preview:-1\" \/>\n<link rel=\"canonical\" href=\"https:\/\/regions-snetap-fsu.fr\/idf\/2022\/03\/08\/3-ministres-pour-la-bretonniere\/\" \/>\n<meta property=\"og:locale\" content=\"fr_FR\" \/>\n<meta property=\"og:type\" content=\"article\" \/>\n<meta property=\"og:title\" content=\"3 ministres pour la Bretonni\u00e8re\u2026 - \u00ceLE-DE-FRANCE\" \/>\n<meta property=\"og:description\" content=\"Grand branle-bas vendredi 18 f\u00e9vrier sur l\u2019\u00e9tablissement. Les ministres Blanquer et Denormandie voulaient d\u00e9montrer que lyc\u00e9e agricole et coll\u00e8ge EN pouvaient mener des actions p\u00e9dagogiques ensemble. Le ministre Riester, local de l\u2019\u00e9tape, \u00e9tait pr\u00e9sent aussi. Mise en avant des \u00e9co-d\u00e9l\u00e9gu\u00e9s, pr\u00e9sentation du Label 3ED, mais une dizaine de berlines en attente dans le cours\u2026 Pr\u00e9sentation [&hellip;]\" \/>\n<meta property=\"og:url\" content=\"https:\/\/regions-snetap-fsu.fr\/idf\/2022\/03\/08\/3-ministres-pour-la-bretonniere\/\" \/>\n<meta property=\"og:site_name\" content=\"\u00ceLE-DE-FRANCE\" \/>\n<meta property=\"article:published_time\" content=\"2022-03-08T10:32:30+00:00\" \/>\n<meta property=\"article:modified_time\" content=\"2022-03-08T13:14:11+00:00\" \/>\n<meta property=\"og:image\" content=\"https:\/\/regions-snetap-fsu.fr\/idf\/wp-content\/uploads\/sites\/11\/2022\/03\/IMG_60281002.jpg\" \/>\n\t<meta property=\"og:image:width\" content=\"2048\" \/>\n\t<meta property=\"og:image:height\" content=\"1536\" \/>\n\t<meta property=\"og:image:type\" content=\"image\/jpeg\" \/>\n<meta name=\"author\" content=\"tdossantos\" \/>\n<meta name=\"twitter:card\" content=\"summary_large_image\" \/>\n<meta name=\"twitter:label1\" content=\"\u00c9crit par\" \/>\n\t<meta name=\"twitter:data1\" content=\"tdossantos\" \/>\n\t<meta name=\"twitter:label2\" content=\"Dur\u00e9e de lecture estim\u00e9e\" \/>\n\t<meta name=\"twitter:data2\" content=\"2 minutes\" \/>\n<script type=\"application\/ld+json\" class=\"yoast-schema-graph\">{\"@context\":\"https:\\\/\\\/schema.org\",\"@graph\":[{\"@type\":\"Article\",\"@id\":\"https:\\\/\\\/regions-snetap-fsu.fr\\\/idf\\\/2022\\\/03\\\/08\\\/3-ministres-pour-la-bretonniere\\\/#article\",\"isPartOf\":{\"@id\":\"https:\\\/\\\/regions-snetap-fsu.fr\\\/idf\\\/2022\\\/03\\\/08\\\/3-ministres-pour-la-bretonniere\\\/\"},\"author\":{\"name\":\"tdossantos\",\"@id\":\"https:\\\/\\\/regions-snetap-fsu.fr\\\/idf\\\/#\\\/schema\\\/person\\\/1e2d8120205f21ade6260cd06759ef62\"},\"headline\":\"3 ministres pour la Bretonni\u00e8re\u2026\",\"datePublished\":\"2022-03-08T10:32:30+00:00\",\"dateModified\":\"2022-03-08T13:14:11+00:00\",\"mainEntityOfPage\":{\"@id\":\"https:\\\/\\\/regions-snetap-fsu.fr\\\/idf\\\/2022\\\/03\\\/08\\\/3-ministres-pour-la-bretonniere\\\/\"},\"wordCount\":420,\"image\":{\"@id\":\"https:\\\/\\\/regions-snetap-fsu.fr\\\/idf\\\/2022\\\/03\\\/08\\\/3-ministres-pour-la-bretonniere\\\/#primaryimage\"},\"thumbnailUrl\":\"https:\\\/\\\/regions-snetap-fsu.fr\\\/idf\\\/wp-content\\\/uploads\\\/sites\\\/11\\\/2022\\\/03\\\/IMG_60281002.jpg\",\"articleSection\":[\"Actions et communiqu\u00e9s\",\"Bretonni\u00e8re\"],\"inLanguage\":\"fr-FR\"},{\"@type\":\"WebPage\",\"@id\":\"https:\\\/\\\/regions-snetap-fsu.fr\\\/idf\\\/2022\\\/03\\\/08\\\/3-ministres-pour-la-bretonniere\\\/\",\"url\":\"https:\\\/\\\/regions-snetap-fsu.fr\\\/idf\\\/2022\\\/03\\\/08\\\/3-ministres-pour-la-bretonniere\\\/\",\"name\":\"3 ministres pour la Bretonni\u00e8re\u2026 - \u00ceLE-DE-FRANCE\",\"isPartOf\":{\"@id\":\"https:\\\/\\\/regions-snetap-fsu.fr\\\/idf\\\/#website\"},\"primaryImageOfPage\":{\"@id\":\"https:\\\/\\\/regions-snetap-fsu.fr\\\/idf\\\/2022\\\/03\\\/08\\\/3-ministres-pour-la-bretonniere\\\/#primaryimage\"},\"image\":{\"@id\":\"https:\\\/\\\/regions-snetap-fsu.fr\\\/idf\\\/2022\\\/03\\\/08\\\/3-ministres-pour-la-bretonniere\\\/#primaryimage\"},\"thumbnailUrl\":\"https:\\\/\\\/regions-snetap-fsu.fr\\\/idf\\\/wp-content\\\/uploads\\\/sites\\\/11\\\/2022\\\/03\\\/IMG_60281002.jpg\",\"datePublished\":\"2022-03-08T10:32:30+00:00\",\"dateModified\":\"2022-03-08T13:14:11+00:00\",\"author\":{\"@id\":\"https:\\\/\\\/regions-snetap-fsu.fr\\\/idf\\\/#\\\/schema\\\/person\\\/1e2d8120205f21ade6260cd06759ef62\"},\"breadcrumb\":{\"@id\":\"https:\\\/\\\/regions-snetap-fsu.fr\\\/idf\\\/2022\\\/03\\\/08\\\/3-ministres-pour-la-bretonniere\\\/#breadcrumb\"},\"inLanguage\":\"fr-FR\",\"potentialAction\":[{\"@type\":\"ReadAction\",\"target\":[\"https:\\\/\\\/regions-snetap-fsu.fr\\\/idf\\\/2022\\\/03\\\/08\\\/3-ministres-pour-la-bretonniere\\\/\"]}]},{\"@type\":\"ImageObject\",\"inLanguage\":\"fr-FR\",\"@id\":\"https:\\\/\\\/regions-snetap-fsu.fr\\\/idf\\\/2022\\\/03\\\/08\\\/3-ministres-pour-la-bretonniere\\\/#primaryimage\",\"url\":\"https:\\\/\\\/regions-snetap-fsu.fr\\\/idf\\\/wp-content\\\/uploads\\\/sites\\\/11\\\/2022\\\/03\\\/IMG_60281002.jpg\",\"contentUrl\":\"https:\\\/\\\/regions-snetap-fsu.fr\\\/idf\\\/wp-content\\\/uploads\\\/sites\\\/11\\\/2022\\\/03\\\/IMG_60281002.jpg\",\"width\":2048,\"height\":1536,\"caption\":\"Les ministres Blanquer, Denormandie et Riester dans le gymnase de La Bretonni\u00e8re\"},{\"@type\":\"BreadcrumbList\",\"@id\":\"https:\\\/\\\/regions-snetap-fsu.fr\\\/idf\\\/2022\\\/03\\\/08\\\/3-ministres-pour-la-bretonniere\\\/#breadcrumb\",\"itemListElement\":[{\"@type\":\"ListItem\",\"position\":1,\"name\":\"Accueil\",\"item\":\"https:\\\/\\\/regions-snetap-fsu.fr\\\/idf\\\/\"},{\"@type\":\"ListItem\",\"position\":2,\"name\":\"3 ministres pour la Bretonni\u00e8re\u2026\"}]},{\"@type\":\"WebSite\",\"@id\":\"https:\\\/\\\/regions-snetap-fsu.fr\\\/idf\\\/#website\",\"url\":\"https:\\\/\\\/regions-snetap-fsu.fr\\\/idf\\\/\",\"name\":\"\u00ceLE-DE-FRANCE\",\"description\":\"Le blog de la Section R\u00e9gionale\",\"potentialAction\":[{\"@type\":\"SearchAction\",\"target\":{\"@type\":\"EntryPoint\",\"urlTemplate\":\"https:\\\/\\\/regions-snetap-fsu.fr\\\/idf\\\/?s={search_term_string}\"},\"query-input\":{\"@type\":\"PropertyValueSpecification\",\"valueRequired\":true,\"valueName\":\"search_term_string\"}}],\"inLanguage\":\"fr-FR\"},{\"@type\":\"Person\",\"@id\":\"https:\\\/\\\/regions-snetap-fsu.fr\\\/idf\\\/#\\\/schema\\\/person\\\/1e2d8120205f21ade6260cd06759ef62\",\"name\":\"tdossantos\",\"image\":{\"@type\":\"ImageObject\",\"inLanguage\":\"fr-FR\",\"@id\":\"https:\\\/\\\/secure.gravatar.com\\\/avatar\\\/eb323d66303d5d3db90b97b88724753e51811779db988d61b5311e81a13ec30d?s=96&d=mm&r=g\",\"url\":\"https:\\\/\\\/secure.gravatar.com\\\/avatar\\\/eb323d66303d5d3db90b97b88724753e51811779db988d61b5311e81a13ec30d?s=96&d=mm&r=g\",\"contentUrl\":\"https:\\\/\\\/secure.gravatar.com\\\/avatar\\\/eb323d66303d5d3db90b97b88724753e51811779db988d61b5311e81a13ec30d?s=96&d=mm&r=g\",\"caption\":\"tdossantos\"},\"url\":\"https:\\\/\\\/regions-snetap-fsu.fr\\\/idf\\\/author\\\/tdossantos\\\/\"}]}<\/script>\n<!-- \/ Yoast SEO plugin. -->","yoast_head_json":{"title":"3 ministres pour la Bretonni\u00e8re\u2026 - \u00ceLE-DE-FRANCE","robots":{"index":"index","follow":"follow","max-snippet":"max-snippet:-1","max-image-preview":"max-image-preview:large","max-video-preview":"max-video-preview:-1"},"canonical":"https:\/\/regions-snetap-fsu.fr\/idf\/2022\/03\/08\/3-ministres-pour-la-bretonniere\/","og_locale":"fr_FR","og_type":"article","og_title":"3 ministres pour la Bretonni\u00e8re\u2026 - \u00ceLE-DE-FRANCE","og_description":"Grand branle-bas vendredi 18 f\u00e9vrier sur l\u2019\u00e9tablissement. Les ministres Blanquer et Denormandie voulaient d\u00e9montrer que lyc\u00e9e agricole et coll\u00e8ge EN pouvaient mener des actions p\u00e9dagogiques ensemble. Le ministre Riester, local de l\u2019\u00e9tape, \u00e9tait pr\u00e9sent aussi. Mise en avant des \u00e9co-d\u00e9l\u00e9gu\u00e9s, pr\u00e9sentation du Label 3ED, mais une dizaine de berlines en attente dans le cours\u2026 Pr\u00e9sentation [&hellip;]","og_url":"https:\/\/regions-snetap-fsu.fr\/idf\/2022\/03\/08\/3-ministres-pour-la-bretonniere\/","og_site_name":"\u00ceLE-DE-FRANCE","article_published_time":"2022-03-08T10:32:30+00:00","article_modified_time":"2022-03-08T13:14:11+00:00","og_image":[{"width":2048,"height":1536,"url":"https:\/\/regions-snetap-fsu.fr\/idf\/wp-content\/uploads\/sites\/11\/2022\/03\/IMG_60281002.jpg","type":"image\/jpeg"}],"author":"tdossantos","twitter_card":"summary_large_image","twitter_misc":{"\u00c9crit par":"tdossantos","Dur\u00e9e de lecture estim\u00e9e":"2 minutes"},"schema":{"@context":"https:\/\/schema.org","@graph":[{"@type":"Article","@id":"https:\/\/regions-snetap-fsu.fr\/idf\/2022\/03\/08\/3-ministres-pour-la-bretonniere\/#article","isPartOf":{"@id":"https:\/\/regions-snetap-fsu.fr\/idf\/2022\/03\/08\/3-ministres-pour-la-bretonniere\/"},"author":{"name":"tdossantos","@id":"https:\/\/regions-snetap-fsu.fr\/idf\/#\/schema\/person\/1e2d8120205f21ade6260cd06759ef62"},"headline":"3 ministres pour la Bretonni\u00e8re\u2026","datePublished":"2022-03-08T10:32:30+00:00","dateModified":"2022-03-08T13:14:11+00:00","mainEntityOfPage":{"@id":"https:\/\/regions-snetap-fsu.fr\/idf\/2022\/03\/08\/3-ministres-pour-la-bretonniere\/"},"wordCount":420,"image":{"@id":"https:\/\/regions-snetap-fsu.fr\/idf\/2022\/03\/08\/3-ministres-pour-la-bretonniere\/#primaryimage"},"thumbnailUrl":"https:\/\/regions-snetap-fsu.fr\/idf\/wp-content\/uploads\/sites\/11\/2022\/03\/IMG_60281002.jpg","articleSection":["Actions et communiqu\u00e9s","Bretonni\u00e8re"],"inLanguage":"fr-FR"},{"@type":"WebPage","@id":"https:\/\/regions-snetap-fsu.fr\/idf\/2022\/03\/08\/3-ministres-pour-la-bretonniere\/","url":"https:\/\/regions-snetap-fsu.fr\/idf\/2022\/03\/08\/3-ministres-pour-la-bretonniere\/","name":"3 ministres pour la Bretonni\u00e8re\u2026 - \u00ceLE-DE-FRANCE","isPartOf":{"@id":"https:\/\/regions-snetap-fsu.fr\/idf\/#website"},"primaryImageOfPage":{"@id":"https:\/\/regions-snetap-fsu.fr\/idf\/2022\/03\/08\/3-ministres-pour-la-bretonniere\/#primaryimage"},"image":{"@id":"https:\/\/regions-snetap-fsu.fr\/idf\/2022\/03\/08\/3-ministres-pour-la-bretonniere\/#primaryimage"},"thumbnailUrl":"https:\/\/regions-snetap-fsu.fr\/idf\/wp-content\/uploads\/sites\/11\/2022\/03\/IMG_60281002.jpg","datePublished":"2022-03-08T10:32:30+00:00","dateModified":"2022-03-08T13:14:11+00:00","author":{"@id":"https:\/\/regions-snetap-fsu.fr\/idf\/#\/schema\/person\/1e2d8120205f21ade6260cd06759ef62"},"breadcrumb":{"@id":"https:\/\/regions-snetap-fsu.fr\/idf\/2022\/03\/08\/3-ministres-pour-la-bretonniere\/#breadcrumb"},"inLanguage":"fr-FR","potentialAction":[{"@type":"ReadAction","target":["https:\/\/regions-snetap-fsu.fr\/idf\/2022\/03\/08\/3-ministres-pour-la-bretonniere\/"]}]},{"@type":"ImageObject","inLanguage":"fr-FR","@id":"https:\/\/regions-snetap-fsu.fr\/idf\/2022\/03\/08\/3-ministres-pour-la-bretonniere\/#primaryimage","url":"https:\/\/regions-snetap-fsu.fr\/idf\/wp-content\/uploads\/sites\/11\/2022\/03\/IMG_60281002.jpg","contentUrl":"https:\/\/regions-snetap-fsu.fr\/idf\/wp-content\/uploads\/sites\/11\/2022\/03\/IMG_60281002.jpg","width":2048,"height":1536,"caption":"Les ministres Blanquer, Denormandie et Riester dans le gymnase de La Bretonni\u00e8re"},{"@type":"BreadcrumbList","@id":"https:\/\/regions-snetap-fsu.fr\/idf\/2022\/03\/08\/3-ministres-pour-la-bretonniere\/#breadcrumb","itemListElement":[{"@type":"ListItem","position":1,"name":"Accueil","item":"https:\/\/regions-snetap-fsu.fr\/idf\/"},{"@type":"ListItem","position":2,"name":"3 ministres pour la Bretonni\u00e8re\u2026"}]},{"@type":"WebSite","@id":"https:\/\/regions-snetap-fsu.fr\/idf\/#website","url":"https:\/\/regions-snetap-fsu.fr\/idf\/","name":"\u00ceLE-DE-FRANCE","description":"Le blog de la Section R\u00e9gionale","potentialAction":[{"@type":"SearchAction","target":{"@type":"EntryPoint","urlTemplate":"https:\/\/regions-snetap-fsu.fr\/idf\/?s={search_term_string}"},"query-input":{"@type":"PropertyValueSpecification","valueRequired":true,"valueName":"search_term_string"}}],"inLanguage":"fr-FR"},{"@type":"Person","@id":"https:\/\/regions-snetap-fsu.fr\/idf\/#\/schema\/person\/1e2d8120205f21ade6260cd06759ef62","name":"tdossantos","image":{"@type":"ImageObject","inLanguage":"fr-FR","@id":"https:\/\/secure.gravatar.com\/avatar\/eb323d66303d5d3db90b97b88724753e51811779db988d61b5311e81a13ec30d?s=96&d=mm&r=g","url":"https:\/\/secure.gravatar.com\/avatar\/eb323d66303d5d3db90b97b88724753e51811779db988d61b5311e81a13ec30d?s=96&d=mm&r=g","contentUrl":"https:\/\/secure.gravatar.com\/avatar\/eb323d66303d5d3db90b97b88724753e51811779db988d61b5311e81a13ec30d?s=96&d=mm&r=g","caption":"tdossantos"},"url":"https:\/\/regions-snetap-fsu.fr\/idf\/author\/tdossantos\/"}]}},"_links":{"self":[{"href":"https:\/\/regions-snetap-fsu.fr\/idf\/wp-json\/wp\/v2\/posts\/1342","targetHints":{"allow":["GET"]}}],"collection":[{"href":"https:\/\/regions-snetap-fsu.fr\/idf\/wp-json\/wp\/v2\/posts"}],"about":[{"href":"https:\/\/regions-snetap-fsu.fr\/idf\/wp-json\/wp\/v2\/types\/post"}],"author":[{"embeddable":true,"href":"https:\/\/regions-snetap-fsu.fr\/idf\/wp-json\/wp\/v2\/users\/104"}],"replies":[{"embeddable":true,"href":"https:\/\/regions-snetap-fsu.fr\/idf\/wp-json\/wp\/v2\/comments?post=1342"}],"version-history":[{"count":2,"href":"https:\/\/regions-snetap-fsu.fr\/idf\/wp-json\/wp\/v2\/posts\/1342\/revisions"}],"predecessor-version":[{"id":1345,"href":"https:\/\/regions-snetap-fsu.fr\/idf\/wp-json\/wp\/v2\/posts\/1342\/revisions\/1345"}],"wp:featuredmedia":[{"embeddable":true,"href":"https:\/\/regions-snetap-fsu.fr\/idf\/wp-json\/wp\/v2\/media\/1344"}],"wp:attachment":[{"href":"https:\/\/regions-snetap-fsu.fr\/idf\/wp-json\/wp\/v2\/media?parent=1342"}],"wp:term":[{"taxonomy":"category","embeddable":true,"href":"https:\/\/regions-snetap-fsu.fr\/idf\/wp-json\/wp\/v2\/categories?post=1342"},{"taxonomy":"post_tag","embeddable":true,"href":"https:\/\/regions-snetap-fsu.fr\/idf\/wp-json\/wp\/v2\/tags?post=1342"},{"taxonomy":"post_folder","embeddable":true,"href":"https:\/\/regions-snetap-fsu.fr\/idf\/wp-json\/wp\/v2\/post_folder?post=1342"}],"curies":[{"name":"wp","href":"https:\/\/api.w.org\/{rel}","templated":true}]}}