{"id":1317,"date":"2021-11-24T00:28:29","date_gmt":"2021-11-23T23:28:29","guid":{"rendered":"https:\/\/regions-snetap-fsu.fr\/idf\/?p=1317"},"modified":"2021-11-24T00:34:12","modified_gmt":"2021-11-23T23:34:12","slug":"ile-de-france-au-congres-national-present-es","status":"publish","type":"post","link":"https:\/\/regions-snetap-fsu.fr\/idf\/2021\/11\/24\/ile-de-france-au-congres-national-present-es\/","title":{"rendered":"Ile de France au congr\u00e8s national? Pr\u00e9sent.es !"},"content":{"rendered":"<p>Du 17 au 19 novembre, le centre de la France de la premi\u00e8re organisation syndicale du MAA \u00e9tait \u00e0 Tours. L\u00e0, se d\u00e9roulait le 29\u00e8 congr\u00e8s national avec environ 200 congressistes. Les section r\u00e9gionale francilienne \u00e9tait pr\u00e9sente avec des repr\u00e9sentant.es de Saint Germain-Maisons Laffitte, Brie, Maisons Alfort et la DGER.<\/p>\n<p><img fetchpriority=\"high\" decoding=\"async\" class=\"alignnone wp-image-1320\" src=\"https:\/\/regions-snetap-fsu.fr\/idf\/wp-content\/uploads\/sites\/11\/2021\/11\/20211119_094603-300x225.jpg\" alt=\"\" width=\"277\" height=\"208\" srcset=\"https:\/\/regions-snetap-fsu.fr\/idf\/wp-content\/uploads\/sites\/11\/2021\/11\/20211119_094603-300x225.jpg 300w, https:\/\/regions-snetap-fsu.fr\/idf\/wp-content\/uploads\/sites\/11\/2021\/11\/20211119_094603-1024x768.jpg 1024w, https:\/\/regions-snetap-fsu.fr\/idf\/wp-content\/uploads\/sites\/11\/2021\/11\/20211119_094603-768x576.jpg 768w, https:\/\/regions-snetap-fsu.fr\/idf\/wp-content\/uploads\/sites\/11\/2021\/11\/20211119_094603-1536x1152.jpg 1536w, https:\/\/regions-snetap-fsu.fr\/idf\/wp-content\/uploads\/sites\/11\/2021\/11\/20211119_094603-2048x1536.jpg 2048w\" sizes=\"(max-width: 277px) 100vw, 277px\" \/><\/p>\n<p>Nous sommes intervenus \u00e0 la Tribune sur les th\u00e9matiques des conditions de travail et sur les \u00e9lections professionnelles pr\u00e9vues 2022.<\/p>\n<p><img decoding=\"async\" class=\"alignnone size-medium wp-image-1318\" src=\"https:\/\/regions-snetap-fsu.fr\/idf\/wp-content\/uploads\/sites\/11\/2021\/11\/20211119_095116-225x300.jpg\" alt=\"\" width=\"225\" height=\"300\" srcset=\"https:\/\/regions-snetap-fsu.fr\/idf\/wp-content\/uploads\/sites\/11\/2021\/11\/20211119_095116-225x300.jpg 225w, https:\/\/regions-snetap-fsu.fr\/idf\/wp-content\/uploads\/sites\/11\/2021\/11\/20211119_095116-768x1024.jpg 768w, https:\/\/regions-snetap-fsu.fr\/idf\/wp-content\/uploads\/sites\/11\/2021\/11\/20211119_095116-1152x1536.jpg 1152w, https:\/\/regions-snetap-fsu.fr\/idf\/wp-content\/uploads\/sites\/11\/2021\/11\/20211119_095116-1536x2048.jpg 1536w, https:\/\/regions-snetap-fsu.fr\/idf\/wp-content\/uploads\/sites\/11\/2021\/11\/20211119_095116-scaled.jpg 1920w\" sizes=\"(max-width: 225px) 100vw, 225px\" \/><\/p>\n<p>Le congr\u00e8s s&rsquo;est cl\u00f4tur\u00e9 avec la pr\u00e9sence de Beno\u00eet Teste, secr\u00e9taire g\u00e9n\u00e9ral de la FSU.<\/p>\n<p>Plus d&rsquo;infos<span style=\"color: #339966\"><a style=\"color: #339966\" href=\"https:\/\/www.snetap-fsu.fr\/-29eme-Congres-Tours-Novembre-2021-.html\" target=\"_blank\" rel=\"noopener\"> ici\u00a0<\/a><\/span><\/p>\n<p><img decoding=\"async\" class=\"alignnone size-medium wp-image-1321\" src=\"https:\/\/regions-snetap-fsu.fr\/idf\/wp-content\/uploads\/sites\/11\/2021\/11\/20211119_100338-300x225.jpg\" alt=\"\" width=\"300\" height=\"225\" srcset=\"https:\/\/regions-snetap-fsu.fr\/idf\/wp-content\/uploads\/sites\/11\/2021\/11\/20211119_100338-300x225.jpg 300w, https:\/\/regions-snetap-fsu.fr\/idf\/wp-content\/uploads\/sites\/11\/2021\/11\/20211119_100338-1024x768.jpg 1024w, https:\/\/regions-snetap-fsu.fr\/idf\/wp-content\/uploads\/sites\/11\/2021\/11\/20211119_100338-768x576.jpg 768w, https:\/\/regions-snetap-fsu.fr\/idf\/wp-content\/uploads\/sites\/11\/2021\/11\/20211119_100338-1536x1152.jpg 1536w, https:\/\/regions-snetap-fsu.fr\/idf\/wp-content\/uploads\/sites\/11\/2021\/11\/20211119_100338-2048x1536.jpg 2048w\" sizes=\"(max-width: 300px) 100vw, 300px\" \/><\/p>\n","protected":false},"excerpt":{"rendered":"<p>Du 17 au 19 novembre, le centre de la France de la premi\u00e8re organisation syndicale du MAA \u00e9tait \u00e0 Tours. L\u00e0, se d\u00e9roulait le 29\u00e8 congr\u00e8s national avec environ 200 congressistes. Les section r\u00e9gionale francilienne \u00e9tait pr\u00e9sente avec des repr\u00e9sentant.es de Saint Germain-Maisons Laffitte, Brie, Maisons Alfort et la DGER. Nous sommes intervenus \u00e0 la [&hellip;]<\/p>\n","protected":false},"author":104,"featured_media":1319,"comment_status":"closed","ping_status":"closed","sticky":false,"template":"","format":"standard","meta":{"ocean_post_layout":"","ocean_both_sidebars_style":"","ocean_both_sidebars_content_width":0,"ocean_both_sidebars_sidebars_width":0,"ocean_sidebar":"0","ocean_second_sidebar":"0","ocean_disable_margins":"enable","ocean_add_body_class":"","ocean_shortcode_before_top_bar":"","ocean_shortcode_after_top_bar":"","ocean_shortcode_before_header":"","ocean_shortcode_after_header":"","ocean_has_shortcode":"","ocean_shortcode_after_title":"","ocean_shortcode_before_footer_widgets":"","ocean_shortcode_after_footer_widgets":"","ocean_shortcode_before_footer_bottom":"","ocean_shortcode_after_footer_bottom":"","ocean_display_top_bar":"default","ocean_display_header":"default","ocean_header_style":"","ocean_center_header_left_menu":"0","ocean_custom_header_template":"0","ocean_custom_logo":0,"ocean_custom_retina_logo":0,"ocean_custom_logo_max_width":0,"ocean_custom_logo_tablet_max_width":0,"ocean_custom_logo_mobile_max_width":0,"ocean_custom_logo_max_height":0,"ocean_custom_logo_tablet_max_height":0,"ocean_custom_logo_mobile_max_height":0,"ocean_header_custom_menu":"0","ocean_menu_typo_font_family":"0","ocean_menu_typo_font_subset":"","ocean_menu_typo_font_size":0,"ocean_menu_typo_font_size_tablet":0,"ocean_menu_typo_font_size_mobile":0,"ocean_menu_typo_font_size_unit":"px","ocean_menu_typo_font_weight":"","ocean_menu_typo_font_weight_tablet":"","ocean_menu_typo_font_weight_mobile":"","ocean_menu_typo_transform":"","ocean_menu_typo_transform_tablet":"","ocean_menu_typo_transform_mobile":"","ocean_menu_typo_line_height":0,"ocean_menu_typo_line_height_tablet":0,"ocean_menu_typo_line_height_mobile":0,"ocean_menu_typo_line_height_unit":"","ocean_menu_typo_spacing":0,"ocean_menu_typo_spacing_tablet":0,"ocean_menu_typo_spacing_mobile":0,"ocean_menu_typo_spacing_unit":"","ocean_menu_link_color":"","ocean_menu_link_color_hover":"","ocean_menu_link_color_active":"","ocean_menu_link_background":"","ocean_menu_link_hover_background":"","ocean_menu_link_active_background":"","ocean_menu_social_links_bg":"","ocean_menu_social_hover_links_bg":"","ocean_menu_social_links_color":"","ocean_menu_social_hover_links_color":"","ocean_disable_title":"default","ocean_disable_heading":"default","ocean_post_title":"","ocean_post_subheading":"","ocean_post_title_style":"","ocean_post_title_background_color":"","ocean_post_title_background":0,"ocean_post_title_bg_image_position":"","ocean_post_title_bg_image_attachment":"","ocean_post_title_bg_image_repeat":"","ocean_post_title_bg_image_size":"","ocean_post_title_height":0,"ocean_post_title_bg_overlay":0.5,"ocean_post_title_bg_overlay_color":"","ocean_disable_breadcrumbs":"default","ocean_breadcrumbs_color":"","ocean_breadcrumbs_separator_color":"","ocean_breadcrumbs_links_color":"","ocean_breadcrumbs_links_hover_color":"","ocean_display_footer_widgets":"default","ocean_display_footer_bottom":"default","ocean_custom_footer_template":"0","ocean_post_oembed":"","ocean_post_self_hosted_media":"","ocean_post_video_embed":"","ocean_link_format":"","ocean_link_format_target":"self","ocean_quote_format":"","ocean_quote_format_link":"post","ocean_gallery_link_images":"off","ocean_gallery_id":[],"footnotes":""},"categories":[15,12,22,25,24],"tags":[],"post_folder":[],"class_list":["post-1317","post","type-post","status-publish","format-standard","has-post-thumbnail","hentry","category-actions-et-communiques","category-brie","category-cfa-maisons-lafitte","category-maisons-alfort","category-saint-germain-en-laye","entry","has-media"],"yoast_head":"<!-- This site is optimized with the Yoast SEO plugin v27.4 - https:\/\/yoast.com\/product\/yoast-seo-wordpress\/ -->\n<title>Ile de France au congr\u00e8s national? Pr\u00e9sent.es ! - \u00ceLE-DE-FRANCE<\/title>\n<meta name=\"robots\" content=\"index, follow, max-snippet:-1, max-image-preview:large, max-video-preview:-1\" \/>\n<link rel=\"canonical\" href=\"https:\/\/regions-snetap-fsu.fr\/idf\/2021\/11\/24\/ile-de-france-au-congres-national-present-es\/\" \/>\n<meta property=\"og:locale\" content=\"fr_FR\" \/>\n<meta property=\"og:type\" content=\"article\" \/>\n<meta property=\"og:title\" content=\"Ile de France au congr\u00e8s national? Pr\u00e9sent.es ! - \u00ceLE-DE-FRANCE\" \/>\n<meta property=\"og:description\" content=\"Du 17 au 19 novembre, le centre de la France de la premi\u00e8re organisation syndicale du MAA \u00e9tait \u00e0 Tours. L\u00e0, se d\u00e9roulait le 29\u00e8 congr\u00e8s national avec environ 200 congressistes. Les section r\u00e9gionale francilienne \u00e9tait pr\u00e9sente avec des repr\u00e9sentant.es de Saint Germain-Maisons Laffitte, Brie, Maisons Alfort et la DGER. Nous sommes intervenus \u00e0 la [&hellip;]\" \/>\n<meta property=\"og:url\" content=\"https:\/\/regions-snetap-fsu.fr\/idf\/2021\/11\/24\/ile-de-france-au-congres-national-present-es\/\" \/>\n<meta property=\"og:site_name\" content=\"\u00ceLE-DE-FRANCE\" \/>\n<meta property=\"article:published_time\" content=\"2021-11-23T23:28:29+00:00\" \/>\n<meta property=\"article:modified_time\" content=\"2021-11-23T23:34:12+00:00\" \/>\n<meta property=\"og:image\" content=\"https:\/\/regions-snetap-fsu.fr\/idf\/wp-content\/uploads\/sites\/11\/2021\/11\/20211119_092820-scaled.jpg\" \/>\n\t<meta property=\"og:image:width\" content=\"2560\" \/>\n\t<meta property=\"og:image:height\" content=\"1920\" \/>\n\t<meta property=\"og:image:type\" content=\"image\/jpeg\" \/>\n<meta name=\"author\" content=\"tdossantos\" \/>\n<meta name=\"twitter:card\" content=\"summary_large_image\" \/>\n<meta name=\"twitter:label1\" content=\"\u00c9crit par\" \/>\n\t<meta name=\"twitter:data1\" content=\"tdossantos\" \/>\n<script type=\"application\/ld+json\" class=\"yoast-schema-graph\">{\"@context\":\"https:\\\/\\\/schema.org\",\"@graph\":[{\"@type\":\"Article\",\"@id\":\"https:\\\/\\\/regions-snetap-fsu.fr\\\/idf\\\/2021\\\/11\\\/24\\\/ile-de-france-au-congres-national-present-es\\\/#article\",\"isPartOf\":{\"@id\":\"https:\\\/\\\/regions-snetap-fsu.fr\\\/idf\\\/2021\\\/11\\\/24\\\/ile-de-france-au-congres-national-present-es\\\/\"},\"author\":{\"name\":\"tdossantos\",\"@id\":\"https:\\\/\\\/regions-snetap-fsu.fr\\\/idf\\\/#\\\/schema\\\/person\\\/1e2d8120205f21ade6260cd06759ef62\"},\"headline\":\"Ile de France au congr\u00e8s national? Pr\u00e9sent.es !\",\"datePublished\":\"2021-11-23T23:28:29+00:00\",\"dateModified\":\"2021-11-23T23:34:12+00:00\",\"mainEntityOfPage\":{\"@id\":\"https:\\\/\\\/regions-snetap-fsu.fr\\\/idf\\\/2021\\\/11\\\/24\\\/ile-de-france-au-congres-national-present-es\\\/\"},\"wordCount\":109,\"image\":{\"@id\":\"https:\\\/\\\/regions-snetap-fsu.fr\\\/idf\\\/2021\\\/11\\\/24\\\/ile-de-france-au-congres-national-present-es\\\/#primaryimage\"},\"thumbnailUrl\":\"https:\\\/\\\/regions-snetap-fsu.fr\\\/idf\\\/wp-content\\\/uploads\\\/sites\\\/11\\\/2021\\\/11\\\/20211119_092820-scaled.jpg\",\"articleSection\":[\"Actions et communiqu\u00e9s\",\"BRIE\",\"CFA Maisons Lafitte\",\"Maisons-Alfort\",\"Saint Germain en Laye\"],\"inLanguage\":\"fr-FR\"},{\"@type\":\"WebPage\",\"@id\":\"https:\\\/\\\/regions-snetap-fsu.fr\\\/idf\\\/2021\\\/11\\\/24\\\/ile-de-france-au-congres-national-present-es\\\/\",\"url\":\"https:\\\/\\\/regions-snetap-fsu.fr\\\/idf\\\/2021\\\/11\\\/24\\\/ile-de-france-au-congres-national-present-es\\\/\",\"name\":\"Ile de France au congr\u00e8s national? Pr\u00e9sent.es ! - \u00ceLE-DE-FRANCE\",\"isPartOf\":{\"@id\":\"https:\\\/\\\/regions-snetap-fsu.fr\\\/idf\\\/#website\"},\"primaryImageOfPage\":{\"@id\":\"https:\\\/\\\/regions-snetap-fsu.fr\\\/idf\\\/2021\\\/11\\\/24\\\/ile-de-france-au-congres-national-present-es\\\/#primaryimage\"},\"image\":{\"@id\":\"https:\\\/\\\/regions-snetap-fsu.fr\\\/idf\\\/2021\\\/11\\\/24\\\/ile-de-france-au-congres-national-present-es\\\/#primaryimage\"},\"thumbnailUrl\":\"https:\\\/\\\/regions-snetap-fsu.fr\\\/idf\\\/wp-content\\\/uploads\\\/sites\\\/11\\\/2021\\\/11\\\/20211119_092820-scaled.jpg\",\"datePublished\":\"2021-11-23T23:28:29+00:00\",\"dateModified\":\"2021-11-23T23:34:12+00:00\",\"author\":{\"@id\":\"https:\\\/\\\/regions-snetap-fsu.fr\\\/idf\\\/#\\\/schema\\\/person\\\/1e2d8120205f21ade6260cd06759ef62\"},\"breadcrumb\":{\"@id\":\"https:\\\/\\\/regions-snetap-fsu.fr\\\/idf\\\/2021\\\/11\\\/24\\\/ile-de-france-au-congres-national-present-es\\\/#breadcrumb\"},\"inLanguage\":\"fr-FR\",\"potentialAction\":[{\"@type\":\"ReadAction\",\"target\":[\"https:\\\/\\\/regions-snetap-fsu.fr\\\/idf\\\/2021\\\/11\\\/24\\\/ile-de-france-au-congres-national-present-es\\\/\"]}]},{\"@type\":\"ImageObject\",\"inLanguage\":\"fr-FR\",\"@id\":\"https:\\\/\\\/regions-snetap-fsu.fr\\\/idf\\\/2021\\\/11\\\/24\\\/ile-de-france-au-congres-national-present-es\\\/#primaryimage\",\"url\":\"https:\\\/\\\/regions-snetap-fsu.fr\\\/idf\\\/wp-content\\\/uploads\\\/sites\\\/11\\\/2021\\\/11\\\/20211119_092820-scaled.jpg\",\"contentUrl\":\"https:\\\/\\\/regions-snetap-fsu.fr\\\/idf\\\/wp-content\\\/uploads\\\/sites\\\/11\\\/2021\\\/11\\\/20211119_092820-scaled.jpg\",\"width\":2560,\"height\":1920},{\"@type\":\"BreadcrumbList\",\"@id\":\"https:\\\/\\\/regions-snetap-fsu.fr\\\/idf\\\/2021\\\/11\\\/24\\\/ile-de-france-au-congres-national-present-es\\\/#breadcrumb\",\"itemListElement\":[{\"@type\":\"ListItem\",\"position\":1,\"name\":\"Accueil\",\"item\":\"https:\\\/\\\/regions-snetap-fsu.fr\\\/idf\\\/\"},{\"@type\":\"ListItem\",\"position\":2,\"name\":\"Ile de France au congr\u00e8s national? Pr\u00e9sent.es !\"}]},{\"@type\":\"WebSite\",\"@id\":\"https:\\\/\\\/regions-snetap-fsu.fr\\\/idf\\\/#website\",\"url\":\"https:\\\/\\\/regions-snetap-fsu.fr\\\/idf\\\/\",\"name\":\"\u00ceLE-DE-FRANCE\",\"description\":\"Le blog de la Section R\u00e9gionale\",\"potentialAction\":[{\"@type\":\"SearchAction\",\"target\":{\"@type\":\"EntryPoint\",\"urlTemplate\":\"https:\\\/\\\/regions-snetap-fsu.fr\\\/idf\\\/?s={search_term_string}\"},\"query-input\":{\"@type\":\"PropertyValueSpecification\",\"valueRequired\":true,\"valueName\":\"search_term_string\"}}],\"inLanguage\":\"fr-FR\"},{\"@type\":\"Person\",\"@id\":\"https:\\\/\\\/regions-snetap-fsu.fr\\\/idf\\\/#\\\/schema\\\/person\\\/1e2d8120205f21ade6260cd06759ef62\",\"name\":\"tdossantos\",\"image\":{\"@type\":\"ImageObject\",\"inLanguage\":\"fr-FR\",\"@id\":\"https:\\\/\\\/secure.gravatar.com\\\/avatar\\\/eb323d66303d5d3db90b97b88724753e51811779db988d61b5311e81a13ec30d?s=96&d=mm&r=g\",\"url\":\"https:\\\/\\\/secure.gravatar.com\\\/avatar\\\/eb323d66303d5d3db90b97b88724753e51811779db988d61b5311e81a13ec30d?s=96&d=mm&r=g\",\"contentUrl\":\"https:\\\/\\\/secure.gravatar.com\\\/avatar\\\/eb323d66303d5d3db90b97b88724753e51811779db988d61b5311e81a13ec30d?s=96&d=mm&r=g\",\"caption\":\"tdossantos\"},\"url\":\"https:\\\/\\\/regions-snetap-fsu.fr\\\/idf\\\/author\\\/tdossantos\\\/\"}]}<\/script>\n<!-- \/ Yoast SEO plugin. -->","yoast_head_json":{"title":"Ile de France au congr\u00e8s national? Pr\u00e9sent.es ! - \u00ceLE-DE-FRANCE","robots":{"index":"index","follow":"follow","max-snippet":"max-snippet:-1","max-image-preview":"max-image-preview:large","max-video-preview":"max-video-preview:-1"},"canonical":"https:\/\/regions-snetap-fsu.fr\/idf\/2021\/11\/24\/ile-de-france-au-congres-national-present-es\/","og_locale":"fr_FR","og_type":"article","og_title":"Ile de France au congr\u00e8s national? Pr\u00e9sent.es ! - \u00ceLE-DE-FRANCE","og_description":"Du 17 au 19 novembre, le centre de la France de la premi\u00e8re organisation syndicale du MAA \u00e9tait \u00e0 Tours. L\u00e0, se d\u00e9roulait le 29\u00e8 congr\u00e8s national avec environ 200 congressistes. Les section r\u00e9gionale francilienne \u00e9tait pr\u00e9sente avec des repr\u00e9sentant.es de Saint Germain-Maisons Laffitte, Brie, Maisons Alfort et la DGER. Nous sommes intervenus \u00e0 la [&hellip;]","og_url":"https:\/\/regions-snetap-fsu.fr\/idf\/2021\/11\/24\/ile-de-france-au-congres-national-present-es\/","og_site_name":"\u00ceLE-DE-FRANCE","article_published_time":"2021-11-23T23:28:29+00:00","article_modified_time":"2021-11-23T23:34:12+00:00","og_image":[{"width":2560,"height":1920,"url":"https:\/\/regions-snetap-fsu.fr\/idf\/wp-content\/uploads\/sites\/11\/2021\/11\/20211119_092820-scaled.jpg","type":"image\/jpeg"}],"author":"tdossantos","twitter_card":"summary_large_image","twitter_misc":{"\u00c9crit par":"tdossantos"},"schema":{"@context":"https:\/\/schema.org","@graph":[{"@type":"Article","@id":"https:\/\/regions-snetap-fsu.fr\/idf\/2021\/11\/24\/ile-de-france-au-congres-national-present-es\/#article","isPartOf":{"@id":"https:\/\/regions-snetap-fsu.fr\/idf\/2021\/11\/24\/ile-de-france-au-congres-national-present-es\/"},"author":{"name":"tdossantos","@id":"https:\/\/regions-snetap-fsu.fr\/idf\/#\/schema\/person\/1e2d8120205f21ade6260cd06759ef62"},"headline":"Ile de France au congr\u00e8s national? Pr\u00e9sent.es !","datePublished":"2021-11-23T23:28:29+00:00","dateModified":"2021-11-23T23:34:12+00:00","mainEntityOfPage":{"@id":"https:\/\/regions-snetap-fsu.fr\/idf\/2021\/11\/24\/ile-de-france-au-congres-national-present-es\/"},"wordCount":109,"image":{"@id":"https:\/\/regions-snetap-fsu.fr\/idf\/2021\/11\/24\/ile-de-france-au-congres-national-present-es\/#primaryimage"},"thumbnailUrl":"https:\/\/regions-snetap-fsu.fr\/idf\/wp-content\/uploads\/sites\/11\/2021\/11\/20211119_092820-scaled.jpg","articleSection":["Actions et communiqu\u00e9s","BRIE","CFA Maisons Lafitte","Maisons-Alfort","Saint Germain en Laye"],"inLanguage":"fr-FR"},{"@type":"WebPage","@id":"https:\/\/regions-snetap-fsu.fr\/idf\/2021\/11\/24\/ile-de-france-au-congres-national-present-es\/","url":"https:\/\/regions-snetap-fsu.fr\/idf\/2021\/11\/24\/ile-de-france-au-congres-national-present-es\/","name":"Ile de France au congr\u00e8s national? Pr\u00e9sent.es ! - \u00ceLE-DE-FRANCE","isPartOf":{"@id":"https:\/\/regions-snetap-fsu.fr\/idf\/#website"},"primaryImageOfPage":{"@id":"https:\/\/regions-snetap-fsu.fr\/idf\/2021\/11\/24\/ile-de-france-au-congres-national-present-es\/#primaryimage"},"image":{"@id":"https:\/\/regions-snetap-fsu.fr\/idf\/2021\/11\/24\/ile-de-france-au-congres-national-present-es\/#primaryimage"},"thumbnailUrl":"https:\/\/regions-snetap-fsu.fr\/idf\/wp-content\/uploads\/sites\/11\/2021\/11\/20211119_092820-scaled.jpg","datePublished":"2021-11-23T23:28:29+00:00","dateModified":"2021-11-23T23:34:12+00:00","author":{"@id":"https:\/\/regions-snetap-fsu.fr\/idf\/#\/schema\/person\/1e2d8120205f21ade6260cd06759ef62"},"breadcrumb":{"@id":"https:\/\/regions-snetap-fsu.fr\/idf\/2021\/11\/24\/ile-de-france-au-congres-national-present-es\/#breadcrumb"},"inLanguage":"fr-FR","potentialAction":[{"@type":"ReadAction","target":["https:\/\/regions-snetap-fsu.fr\/idf\/2021\/11\/24\/ile-de-france-au-congres-national-present-es\/"]}]},{"@type":"ImageObject","inLanguage":"fr-FR","@id":"https:\/\/regions-snetap-fsu.fr\/idf\/2021\/11\/24\/ile-de-france-au-congres-national-present-es\/#primaryimage","url":"https:\/\/regions-snetap-fsu.fr\/idf\/wp-content\/uploads\/sites\/11\/2021\/11\/20211119_092820-scaled.jpg","contentUrl":"https:\/\/regions-snetap-fsu.fr\/idf\/wp-content\/uploads\/sites\/11\/2021\/11\/20211119_092820-scaled.jpg","width":2560,"height":1920},{"@type":"BreadcrumbList","@id":"https:\/\/regions-snetap-fsu.fr\/idf\/2021\/11\/24\/ile-de-france-au-congres-national-present-es\/#breadcrumb","itemListElement":[{"@type":"ListItem","position":1,"name":"Accueil","item":"https:\/\/regions-snetap-fsu.fr\/idf\/"},{"@type":"ListItem","position":2,"name":"Ile de France au congr\u00e8s national? Pr\u00e9sent.es !"}]},{"@type":"WebSite","@id":"https:\/\/regions-snetap-fsu.fr\/idf\/#website","url":"https:\/\/regions-snetap-fsu.fr\/idf\/","name":"\u00ceLE-DE-FRANCE","description":"Le blog de la Section R\u00e9gionale","potentialAction":[{"@type":"SearchAction","target":{"@type":"EntryPoint","urlTemplate":"https:\/\/regions-snetap-fsu.fr\/idf\/?s={search_term_string}"},"query-input":{"@type":"PropertyValueSpecification","valueRequired":true,"valueName":"search_term_string"}}],"inLanguage":"fr-FR"},{"@type":"Person","@id":"https:\/\/regions-snetap-fsu.fr\/idf\/#\/schema\/person\/1e2d8120205f21ade6260cd06759ef62","name":"tdossantos","image":{"@type":"ImageObject","inLanguage":"fr-FR","@id":"https:\/\/secure.gravatar.com\/avatar\/eb323d66303d5d3db90b97b88724753e51811779db988d61b5311e81a13ec30d?s=96&d=mm&r=g","url":"https:\/\/secure.gravatar.com\/avatar\/eb323d66303d5d3db90b97b88724753e51811779db988d61b5311e81a13ec30d?s=96&d=mm&r=g","contentUrl":"https:\/\/secure.gravatar.com\/avatar\/eb323d66303d5d3db90b97b88724753e51811779db988d61b5311e81a13ec30d?s=96&d=mm&r=g","caption":"tdossantos"},"url":"https:\/\/regions-snetap-fsu.fr\/idf\/author\/tdossantos\/"}]}},"_links":{"self":[{"href":"https:\/\/regions-snetap-fsu.fr\/idf\/wp-json\/wp\/v2\/posts\/1317","targetHints":{"allow":["GET"]}}],"collection":[{"href":"https:\/\/regions-snetap-fsu.fr\/idf\/wp-json\/wp\/v2\/posts"}],"about":[{"href":"https:\/\/regions-snetap-fsu.fr\/idf\/wp-json\/wp\/v2\/types\/post"}],"author":[{"embeddable":true,"href":"https:\/\/regions-snetap-fsu.fr\/idf\/wp-json\/wp\/v2\/users\/104"}],"replies":[{"embeddable":true,"href":"https:\/\/regions-snetap-fsu.fr\/idf\/wp-json\/wp\/v2\/comments?post=1317"}],"version-history":[{"count":3,"href":"https:\/\/regions-snetap-fsu.fr\/idf\/wp-json\/wp\/v2\/posts\/1317\/revisions"}],"predecessor-version":[{"id":1324,"href":"https:\/\/regions-snetap-fsu.fr\/idf\/wp-json\/wp\/v2\/posts\/1317\/revisions\/1324"}],"wp:featuredmedia":[{"embeddable":true,"href":"https:\/\/regions-snetap-fsu.fr\/idf\/wp-json\/wp\/v2\/media\/1319"}],"wp:attachment":[{"href":"https:\/\/regions-snetap-fsu.fr\/idf\/wp-json\/wp\/v2\/media?parent=1317"}],"wp:term":[{"taxonomy":"category","embeddable":true,"href":"https:\/\/regions-snetap-fsu.fr\/idf\/wp-json\/wp\/v2\/categories?post=1317"},{"taxonomy":"post_tag","embeddable":true,"href":"https:\/\/regions-snetap-fsu.fr\/idf\/wp-json\/wp\/v2\/tags?post=1317"},{"taxonomy":"post_folder","embeddable":true,"href":"https:\/\/regions-snetap-fsu.fr\/idf\/wp-json\/wp\/v2\/post_folder?post=1317"}],"curies":[{"name":"wp","href":"https:\/\/api.w.org\/{rel}","templated":true}]}}