{"id":1244,"date":"2021-06-07T19:46:04","date_gmt":"2021-06-07T17:46:04","guid":{"rendered":"https:\/\/regions-snetap-fsu.fr\/idf\/?p=1244"},"modified":"2021-06-07T19:53:03","modified_gmt":"2021-06-07T17:53:03","slug":"rentree-2021-dans-les-lycees-dile-de-france-des-milliers-deleves-en-plus-des-moyens-denseignement-insuffisants","status":"publish","type":"post","link":"https:\/\/regions-snetap-fsu.fr\/idf\/2021\/06\/07\/rentree-2021-dans-les-lycees-dile-de-france-des-milliers-deleves-en-plus-des-moyens-denseignement-insuffisants\/","title":{"rendered":"Rentr\u00e9e 2021 dans les lyc\u00e9es d&rsquo;Ile-de-France : des milliers d&rsquo;\u00e9l\u00e8ves en plus, des moyens d&rsquo;enseignement insuffisants !!"},"content":{"rendered":"<p><strong><em>Le Conseil Interacad\u00e9mique de l&rsquo;\u00c9ducation Nationale (CIEN)\u00a0 s&rsquo;est r\u00e9uni le 2 juin 2021.<br \/>\n<\/em><\/strong><\/p>\n<p><strong><em>La FSU y est pr\u00e9sente (9 \u00e9lu-e-s) ainsi que les autres conf\u00e9d\u00e9rations syndicales et aussi notamment des repr\u00e9sentants des usagers (f\u00e9d\u00e9rations de parents d&rsquo;\u00e9l\u00e8ve, syndicats lyc\u00e9ens et \u00e9tudiants), des repr\u00e9sentants de l&rsquo;\u00c9tat : Pr\u00e9fet de r\u00e9gion et Recteurs et Rectrice des 3 acad\u00e9mies et de l&rsquo;Enseignement agricole, et bien entendu des repr\u00e9sentants de la R\u00e9gion et des collectivit\u00e9s territoriales. Le CIEN <\/em><\/strong><strong><em>a examin\u00e9 les questions relevant de la responsabilit\u00e9 de l&rsquo;\u00c9tat concernant la pr\u00e9paration de la rentr\u00e9e 2021-2022 dans les lyc\u00e9es d&rsquo;Ile-de-France. Curieusement, les lyc\u00e9es agricoles publics ne sont pas pr\u00e9sent\u00e9s dans ces documents&#8230; <\/em><\/strong><\/p>\n<p>La rentr\u00e9e 2021, <strong>c&rsquo;est 11 175 lyc\u00e9en.nes en plus dans les lyc\u00e9es<\/strong> g\u00e9n\u00e9raux, technologiques, professionnels et Postbac de l&rsquo;Ile-de-France !<\/p>\n<p>Avec <strong>des moyens d&rsquo;enseignement suppl\u00e9mentaires qui ne sont pas \u00e0 la hauteur de l&rsquo;augmentation des effectifs !<\/strong> Et principalement en heures suppl\u00e9mentaires&#8230;<\/p>\n<p>Par exemple, en lyc\u00e9e g\u00e9n\u00e9ral et technologique dans l&rsquo;acad\u00e9mie de Cr\u00e9teil, <strong>3 cr\u00e9ations<\/strong> suppl\u00e9mentaires de postes fixes <strong>pour de 3474 \u00e9l\u00e8ves en plus<\/strong>&#8230;.<\/p>\n<p>C&rsquo;est donc\u00a0 une nouvelle d\u00e9gradation des conditions d&rsquo;enseignement et de r\u00e9ussite des \u00e9l\u00e8ves qui caract\u00e9risera la rentr\u00e9e 2021 dans les acad\u00e9mies franciliennes.<\/p>\n<p><span style=\"color: #ff0000\"><b>La FSU, avec l&rsquo;ensemble des organisations syndicales et des associations de parents d&rsquo;\u00e9l\u00e8ves,\u00a0 a donn\u00e9 un avis d\u00e9favorable \u00e0 la pr\u00e9paration de la rentr\u00e9e 2021 (28 avis d\u00e9favorables contre 4 avis favorables&#8230;)<\/b><\/span><\/p>\n<p><em>Lire ci-dessous <strong>la d\u00e9claration pr\u00e9alable de la FSU<\/strong> avec nos analyses sur la rentr\u00e9e 2021 dans les lyc\u00e9es d&rsquo;Ile-de-France et dans les universit\u00e9s franciliennes :<\/em><\/p>\n\n\t\t<div class=\"wppdfemb-frame-container-1\" style=\"-webkit-overflow-scrolling:auto;\">\n\t\t\t<iframe class=\"pdfembed-iframe nonfullscreen wppdf-emb-iframe-1\"\n\t\t\t\tsrc=\"https:\/\/regions-snetap-fsu.fr\/idf\/?pdfemb-data=eyJ1cmwiOiJodHRwczpcL1wvcmVnaW9ucy1zbmV0YXAtZnN1LmZyXC9pZGZcL3dwLWNvbnRlbnRcL3VwbG9hZHNcL3NpdGVzXC8xMVwvMjAyMVwvMDZcL0RlbGFyYXRpb24tcHJlYWxhYmxlLWRlLWxhLUZTVS1hdS1DSUVOLWR1LTItanVpbi0yMDIxLnZlcnNkZWYucGRmIiwidGl0bGUiOiJEZWxhcmF0aW9uIHByXHUwMGU5YWxhYmxlIGRlIGxhIEZTVSBhdSBDSUVOIGR1IDIganVpbiAyMDIxLnZlcnNkZWYiLCJpbmRleCI6MSwicGRmSUQiOjEyNDV9\"\n\t\t\t\ttitle=\"Delaration pr\u00e9alable de la FSU au CIEN du 2 juin 2021.versdef\"\t\t\t\tdata-pdf-id=\"1245\"\n\t\t\t\tdata-pdf-index=\"1\"\n\t\t\t\tstyle=\"border:none;width:100%;max-width:100%;height:100vh;\"\n\t\t\t\tscrolling=\"yes\">\n\t\t\t<\/iframe>\n\t\t<\/div>\n\n\t\t\n","protected":false},"excerpt":{"rendered":"<p>Le Conseil Interacad\u00e9mique de l&rsquo;\u00c9ducation Nationale (CIEN)\u00a0 s&rsquo;est r\u00e9uni le 2 juin 2021. La FSU y est pr\u00e9sente (9 \u00e9lu-e-s) ainsi que les autres conf\u00e9d\u00e9rations syndicales et aussi notamment des repr\u00e9sentants des usagers (f\u00e9d\u00e9rations de parents d&rsquo;\u00e9l\u00e8ve, syndicats lyc\u00e9ens et \u00e9tudiants), des repr\u00e9sentants de l&rsquo;\u00c9tat : Pr\u00e9fet de r\u00e9gion et Recteurs et Rectrice des 3 [&hellip;]<\/p>\n","protected":false},"author":104,"featured_media":1249,"comment_status":"closed","ping_status":"closed","sticky":false,"template":"","format":"standard","meta":{"ocean_post_layout":"","ocean_both_sidebars_style":"","ocean_both_sidebars_content_width":0,"ocean_both_sidebars_sidebars_width":0,"ocean_sidebar":"0","ocean_second_sidebar":"0","ocean_disable_margins":"enable","ocean_add_body_class":"","ocean_shortcode_before_top_bar":"","ocean_shortcode_after_top_bar":"","ocean_shortcode_before_header":"","ocean_shortcode_after_header":"","ocean_has_shortcode":"","ocean_shortcode_after_title":"","ocean_shortcode_before_footer_widgets":"","ocean_shortcode_after_footer_widgets":"","ocean_shortcode_before_footer_bottom":"","ocean_shortcode_after_footer_bottom":"","ocean_display_top_bar":"default","ocean_display_header":"default","ocean_header_style":"","ocean_center_header_left_menu":"0","ocean_custom_header_template":"0","ocean_custom_logo":0,"ocean_custom_retina_logo":0,"ocean_custom_logo_max_width":0,"ocean_custom_logo_tablet_max_width":0,"ocean_custom_logo_mobile_max_width":0,"ocean_custom_logo_max_height":0,"ocean_custom_logo_tablet_max_height":0,"ocean_custom_logo_mobile_max_height":0,"ocean_header_custom_menu":"0","ocean_menu_typo_font_family":"0","ocean_menu_typo_font_subset":"","ocean_menu_typo_font_size":0,"ocean_menu_typo_font_size_tablet":0,"ocean_menu_typo_font_size_mobile":0,"ocean_menu_typo_font_size_unit":"px","ocean_menu_typo_font_weight":"","ocean_menu_typo_font_weight_tablet":"","ocean_menu_typo_font_weight_mobile":"","ocean_menu_typo_transform":"","ocean_menu_typo_transform_tablet":"","ocean_menu_typo_transform_mobile":"","ocean_menu_typo_line_height":0,"ocean_menu_typo_line_height_tablet":0,"ocean_menu_typo_line_height_mobile":0,"ocean_menu_typo_line_height_unit":"","ocean_menu_typo_spacing":0,"ocean_menu_typo_spacing_tablet":0,"ocean_menu_typo_spacing_mobile":0,"ocean_menu_typo_spacing_unit":"","ocean_menu_link_color":"","ocean_menu_link_color_hover":"","ocean_menu_link_color_active":"","ocean_menu_link_background":"","ocean_menu_link_hover_background":"","ocean_menu_link_active_background":"","ocean_menu_social_links_bg":"","ocean_menu_social_hover_links_bg":"","ocean_menu_social_links_color":"","ocean_menu_social_hover_links_color":"","ocean_disable_title":"default","ocean_disable_heading":"default","ocean_post_title":"","ocean_post_subheading":"","ocean_post_title_style":"","ocean_post_title_background_color":"","ocean_post_title_background":0,"ocean_post_title_bg_image_position":"","ocean_post_title_bg_image_attachment":"","ocean_post_title_bg_image_repeat":"","ocean_post_title_bg_image_size":"","ocean_post_title_height":0,"ocean_post_title_bg_overlay":0.5,"ocean_post_title_bg_overlay_color":"","ocean_disable_breadcrumbs":"default","ocean_breadcrumbs_color":"","ocean_breadcrumbs_separator_color":"","ocean_breadcrumbs_links_color":"","ocean_breadcrumbs_links_hover_color":"","ocean_display_footer_widgets":"default","ocean_display_footer_bottom":"default","ocean_custom_footer_template":"0","ocean_post_oembed":"","ocean_post_self_hosted_media":"","ocean_post_video_embed":"","ocean_link_format":"","ocean_link_format_target":"self","ocean_quote_format":"","ocean_quote_format_link":"post","ocean_gallery_link_images":"off","ocean_gallery_id":[],"footnotes":""},"categories":[15],"tags":[],"post_folder":[],"class_list":["post-1244","post","type-post","status-publish","format-standard","has-post-thumbnail","hentry","category-actions-et-communiques","entry","has-media"],"yoast_head":"<!-- This site is optimized with the Yoast SEO plugin v27.4 - https:\/\/yoast.com\/product\/yoast-seo-wordpress\/ -->\n<title>Rentr\u00e9e 2021 dans les lyc\u00e9es d&#039;Ile-de-France : des milliers d&#039;\u00e9l\u00e8ves en plus, des moyens d&#039;enseignement insuffisants !! - \u00ceLE-DE-FRANCE<\/title>\n<meta name=\"robots\" content=\"index, follow, max-snippet:-1, max-image-preview:large, max-video-preview:-1\" \/>\n<link rel=\"canonical\" href=\"https:\/\/regions-snetap-fsu.fr\/idf\/2021\/06\/07\/rentree-2021-dans-les-lycees-dile-de-france-des-milliers-deleves-en-plus-des-moyens-denseignement-insuffisants\/\" \/>\n<meta property=\"og:locale\" content=\"fr_FR\" \/>\n<meta property=\"og:type\" content=\"article\" \/>\n<meta property=\"og:title\" content=\"Rentr\u00e9e 2021 dans les lyc\u00e9es d&#039;Ile-de-France : des milliers d&#039;\u00e9l\u00e8ves en plus, des moyens d&#039;enseignement insuffisants !! - \u00ceLE-DE-FRANCE\" \/>\n<meta property=\"og:description\" content=\"Le Conseil Interacad\u00e9mique de l&rsquo;\u00c9ducation Nationale (CIEN)\u00a0 s&rsquo;est r\u00e9uni le 2 juin 2021. La FSU y est pr\u00e9sente (9 \u00e9lu-e-s) ainsi que les autres conf\u00e9d\u00e9rations syndicales et aussi notamment des repr\u00e9sentants des usagers (f\u00e9d\u00e9rations de parents d&rsquo;\u00e9l\u00e8ve, syndicats lyc\u00e9ens et \u00e9tudiants), des repr\u00e9sentants de l&rsquo;\u00c9tat : Pr\u00e9fet de r\u00e9gion et Recteurs et Rectrice des 3 [&hellip;]\" \/>\n<meta property=\"og:url\" content=\"https:\/\/regions-snetap-fsu.fr\/idf\/2021\/06\/07\/rentree-2021-dans-les-lycees-dile-de-france-des-milliers-deleves-en-plus-des-moyens-denseignement-insuffisants\/\" \/>\n<meta property=\"og:site_name\" content=\"\u00ceLE-DE-FRANCE\" \/>\n<meta property=\"article:published_time\" content=\"2021-06-07T17:46:04+00:00\" \/>\n<meta property=\"article:modified_time\" content=\"2021-06-07T17:53:03+00:00\" \/>\n<meta property=\"og:image\" content=\"https:\/\/regions-snetap-fsu.fr\/idf\/wp-content\/uploads\/sites\/11\/2021\/06\/B5I1OYDCUAE0TV_.png\" \/>\n\t<meta property=\"og:image:width\" content=\"533\" \/>\n\t<meta property=\"og:image:height\" content=\"530\" \/>\n\t<meta property=\"og:image:type\" content=\"image\/png\" \/>\n<meta name=\"author\" content=\"tdossantos\" \/>\n<meta name=\"twitter:card\" content=\"summary_large_image\" \/>\n<meta name=\"twitter:label1\" content=\"\u00c9crit par\" \/>\n\t<meta name=\"twitter:data1\" content=\"tdossantos\" \/>\n\t<meta name=\"twitter:label2\" content=\"Dur\u00e9e de lecture estim\u00e9e\" \/>\n\t<meta name=\"twitter:data2\" content=\"2 minutes\" \/>\n<script type=\"application\/ld+json\" class=\"yoast-schema-graph\">{\"@context\":\"https:\\\/\\\/schema.org\",\"@graph\":[{\"@type\":\"Article\",\"@id\":\"https:\\\/\\\/regions-snetap-fsu.fr\\\/idf\\\/2021\\\/06\\\/07\\\/rentree-2021-dans-les-lycees-dile-de-france-des-milliers-deleves-en-plus-des-moyens-denseignement-insuffisants\\\/#article\",\"isPartOf\":{\"@id\":\"https:\\\/\\\/regions-snetap-fsu.fr\\\/idf\\\/2021\\\/06\\\/07\\\/rentree-2021-dans-les-lycees-dile-de-france-des-milliers-deleves-en-plus-des-moyens-denseignement-insuffisants\\\/\"},\"author\":{\"name\":\"tdossantos\",\"@id\":\"https:\\\/\\\/regions-snetap-fsu.fr\\\/idf\\\/#\\\/schema\\\/person\\\/1e2d8120205f21ade6260cd06759ef62\"},\"headline\":\"Rentr\u00e9e 2021 dans les lyc\u00e9es d&rsquo;Ile-de-France : des milliers d&rsquo;\u00e9l\u00e8ves en plus, des moyens d&rsquo;enseignement insuffisants !!\",\"datePublished\":\"2021-06-07T17:46:04+00:00\",\"dateModified\":\"2021-06-07T17:53:03+00:00\",\"mainEntityOfPage\":{\"@id\":\"https:\\\/\\\/regions-snetap-fsu.fr\\\/idf\\\/2021\\\/06\\\/07\\\/rentree-2021-dans-les-lycees-dile-de-france-des-milliers-deleves-en-plus-des-moyens-denseignement-insuffisants\\\/\"},\"wordCount\":348,\"image\":{\"@id\":\"https:\\\/\\\/regions-snetap-fsu.fr\\\/idf\\\/2021\\\/06\\\/07\\\/rentree-2021-dans-les-lycees-dile-de-france-des-milliers-deleves-en-plus-des-moyens-denseignement-insuffisants\\\/#primaryimage\"},\"thumbnailUrl\":\"https:\\\/\\\/regions-snetap-fsu.fr\\\/idf\\\/wp-content\\\/uploads\\\/sites\\\/11\\\/2021\\\/06\\\/B5I1OYDCUAE0TV_.png\",\"articleSection\":[\"Actions et communiqu\u00e9s\"],\"inLanguage\":\"fr-FR\"},{\"@type\":\"WebPage\",\"@id\":\"https:\\\/\\\/regions-snetap-fsu.fr\\\/idf\\\/2021\\\/06\\\/07\\\/rentree-2021-dans-les-lycees-dile-de-france-des-milliers-deleves-en-plus-des-moyens-denseignement-insuffisants\\\/\",\"url\":\"https:\\\/\\\/regions-snetap-fsu.fr\\\/idf\\\/2021\\\/06\\\/07\\\/rentree-2021-dans-les-lycees-dile-de-france-des-milliers-deleves-en-plus-des-moyens-denseignement-insuffisants\\\/\",\"name\":\"Rentr\u00e9e 2021 dans les lyc\u00e9es d'Ile-de-France : des milliers d'\u00e9l\u00e8ves en plus, des moyens d'enseignement insuffisants !! - \u00ceLE-DE-FRANCE\",\"isPartOf\":{\"@id\":\"https:\\\/\\\/regions-snetap-fsu.fr\\\/idf\\\/#website\"},\"primaryImageOfPage\":{\"@id\":\"https:\\\/\\\/regions-snetap-fsu.fr\\\/idf\\\/2021\\\/06\\\/07\\\/rentree-2021-dans-les-lycees-dile-de-france-des-milliers-deleves-en-plus-des-moyens-denseignement-insuffisants\\\/#primaryimage\"},\"image\":{\"@id\":\"https:\\\/\\\/regions-snetap-fsu.fr\\\/idf\\\/2021\\\/06\\\/07\\\/rentree-2021-dans-les-lycees-dile-de-france-des-milliers-deleves-en-plus-des-moyens-denseignement-insuffisants\\\/#primaryimage\"},\"thumbnailUrl\":\"https:\\\/\\\/regions-snetap-fsu.fr\\\/idf\\\/wp-content\\\/uploads\\\/sites\\\/11\\\/2021\\\/06\\\/B5I1OYDCUAE0TV_.png\",\"datePublished\":\"2021-06-07T17:46:04+00:00\",\"dateModified\":\"2021-06-07T17:53:03+00:00\",\"author\":{\"@id\":\"https:\\\/\\\/regions-snetap-fsu.fr\\\/idf\\\/#\\\/schema\\\/person\\\/1e2d8120205f21ade6260cd06759ef62\"},\"breadcrumb\":{\"@id\":\"https:\\\/\\\/regions-snetap-fsu.fr\\\/idf\\\/2021\\\/06\\\/07\\\/rentree-2021-dans-les-lycees-dile-de-france-des-milliers-deleves-en-plus-des-moyens-denseignement-insuffisants\\\/#breadcrumb\"},\"inLanguage\":\"fr-FR\",\"potentialAction\":[{\"@type\":\"ReadAction\",\"target\":[\"https:\\\/\\\/regions-snetap-fsu.fr\\\/idf\\\/2021\\\/06\\\/07\\\/rentree-2021-dans-les-lycees-dile-de-france-des-milliers-deleves-en-plus-des-moyens-denseignement-insuffisants\\\/\"]}]},{\"@type\":\"ImageObject\",\"inLanguage\":\"fr-FR\",\"@id\":\"https:\\\/\\\/regions-snetap-fsu.fr\\\/idf\\\/2021\\\/06\\\/07\\\/rentree-2021-dans-les-lycees-dile-de-france-des-milliers-deleves-en-plus-des-moyens-denseignement-insuffisants\\\/#primaryimage\",\"url\":\"https:\\\/\\\/regions-snetap-fsu.fr\\\/idf\\\/wp-content\\\/uploads\\\/sites\\\/11\\\/2021\\\/06\\\/B5I1OYDCUAE0TV_.png\",\"contentUrl\":\"https:\\\/\\\/regions-snetap-fsu.fr\\\/idf\\\/wp-content\\\/uploads\\\/sites\\\/11\\\/2021\\\/06\\\/B5I1OYDCUAE0TV_.png\",\"width\":533,\"height\":530},{\"@type\":\"BreadcrumbList\",\"@id\":\"https:\\\/\\\/regions-snetap-fsu.fr\\\/idf\\\/2021\\\/06\\\/07\\\/rentree-2021-dans-les-lycees-dile-de-france-des-milliers-deleves-en-plus-des-moyens-denseignement-insuffisants\\\/#breadcrumb\",\"itemListElement\":[{\"@type\":\"ListItem\",\"position\":1,\"name\":\"Accueil\",\"item\":\"https:\\\/\\\/regions-snetap-fsu.fr\\\/idf\\\/\"},{\"@type\":\"ListItem\",\"position\":2,\"name\":\"Rentr\u00e9e 2021 dans les lyc\u00e9es d&rsquo;Ile-de-France : des milliers d&rsquo;\u00e9l\u00e8ves en plus, des moyens d&rsquo;enseignement insuffisants !!\"}]},{\"@type\":\"WebSite\",\"@id\":\"https:\\\/\\\/regions-snetap-fsu.fr\\\/idf\\\/#website\",\"url\":\"https:\\\/\\\/regions-snetap-fsu.fr\\\/idf\\\/\",\"name\":\"\u00ceLE-DE-FRANCE\",\"description\":\"Le blog de la Section R\u00e9gionale\",\"potentialAction\":[{\"@type\":\"SearchAction\",\"target\":{\"@type\":\"EntryPoint\",\"urlTemplate\":\"https:\\\/\\\/regions-snetap-fsu.fr\\\/idf\\\/?s={search_term_string}\"},\"query-input\":{\"@type\":\"PropertyValueSpecification\",\"valueRequired\":true,\"valueName\":\"search_term_string\"}}],\"inLanguage\":\"fr-FR\"},{\"@type\":\"Person\",\"@id\":\"https:\\\/\\\/regions-snetap-fsu.fr\\\/idf\\\/#\\\/schema\\\/person\\\/1e2d8120205f21ade6260cd06759ef62\",\"name\":\"tdossantos\",\"image\":{\"@type\":\"ImageObject\",\"inLanguage\":\"fr-FR\",\"@id\":\"https:\\\/\\\/secure.gravatar.com\\\/avatar\\\/eb323d66303d5d3db90b97b88724753e51811779db988d61b5311e81a13ec30d?s=96&d=mm&r=g\",\"url\":\"https:\\\/\\\/secure.gravatar.com\\\/avatar\\\/eb323d66303d5d3db90b97b88724753e51811779db988d61b5311e81a13ec30d?s=96&d=mm&r=g\",\"contentUrl\":\"https:\\\/\\\/secure.gravatar.com\\\/avatar\\\/eb323d66303d5d3db90b97b88724753e51811779db988d61b5311e81a13ec30d?s=96&d=mm&r=g\",\"caption\":\"tdossantos\"},\"url\":\"https:\\\/\\\/regions-snetap-fsu.fr\\\/idf\\\/author\\\/tdossantos\\\/\"}]}<\/script>\n<!-- \/ Yoast SEO plugin. -->","yoast_head_json":{"title":"Rentr\u00e9e 2021 dans les lyc\u00e9es d'Ile-de-France : des milliers d'\u00e9l\u00e8ves en plus, des moyens d'enseignement insuffisants !! - \u00ceLE-DE-FRANCE","robots":{"index":"index","follow":"follow","max-snippet":"max-snippet:-1","max-image-preview":"max-image-preview:large","max-video-preview":"max-video-preview:-1"},"canonical":"https:\/\/regions-snetap-fsu.fr\/idf\/2021\/06\/07\/rentree-2021-dans-les-lycees-dile-de-france-des-milliers-deleves-en-plus-des-moyens-denseignement-insuffisants\/","og_locale":"fr_FR","og_type":"article","og_title":"Rentr\u00e9e 2021 dans les lyc\u00e9es d'Ile-de-France : des milliers d'\u00e9l\u00e8ves en plus, des moyens d'enseignement insuffisants !! - \u00ceLE-DE-FRANCE","og_description":"Le Conseil Interacad\u00e9mique de l&rsquo;\u00c9ducation Nationale (CIEN)\u00a0 s&rsquo;est r\u00e9uni le 2 juin 2021. La FSU y est pr\u00e9sente (9 \u00e9lu-e-s) ainsi que les autres conf\u00e9d\u00e9rations syndicales et aussi notamment des repr\u00e9sentants des usagers (f\u00e9d\u00e9rations de parents d&rsquo;\u00e9l\u00e8ve, syndicats lyc\u00e9ens et \u00e9tudiants), des repr\u00e9sentants de l&rsquo;\u00c9tat : Pr\u00e9fet de r\u00e9gion et Recteurs et Rectrice des 3 [&hellip;]","og_url":"https:\/\/regions-snetap-fsu.fr\/idf\/2021\/06\/07\/rentree-2021-dans-les-lycees-dile-de-france-des-milliers-deleves-en-plus-des-moyens-denseignement-insuffisants\/","og_site_name":"\u00ceLE-DE-FRANCE","article_published_time":"2021-06-07T17:46:04+00:00","article_modified_time":"2021-06-07T17:53:03+00:00","og_image":[{"width":533,"height":530,"url":"https:\/\/regions-snetap-fsu.fr\/idf\/wp-content\/uploads\/sites\/11\/2021\/06\/B5I1OYDCUAE0TV_.png","type":"image\/png"}],"author":"tdossantos","twitter_card":"summary_large_image","twitter_misc":{"\u00c9crit par":"tdossantos","Dur\u00e9e de lecture estim\u00e9e":"2 minutes"},"schema":{"@context":"https:\/\/schema.org","@graph":[{"@type":"Article","@id":"https:\/\/regions-snetap-fsu.fr\/idf\/2021\/06\/07\/rentree-2021-dans-les-lycees-dile-de-france-des-milliers-deleves-en-plus-des-moyens-denseignement-insuffisants\/#article","isPartOf":{"@id":"https:\/\/regions-snetap-fsu.fr\/idf\/2021\/06\/07\/rentree-2021-dans-les-lycees-dile-de-france-des-milliers-deleves-en-plus-des-moyens-denseignement-insuffisants\/"},"author":{"name":"tdossantos","@id":"https:\/\/regions-snetap-fsu.fr\/idf\/#\/schema\/person\/1e2d8120205f21ade6260cd06759ef62"},"headline":"Rentr\u00e9e 2021 dans les lyc\u00e9es d&rsquo;Ile-de-France : des milliers d&rsquo;\u00e9l\u00e8ves en plus, des moyens d&rsquo;enseignement insuffisants !!","datePublished":"2021-06-07T17:46:04+00:00","dateModified":"2021-06-07T17:53:03+00:00","mainEntityOfPage":{"@id":"https:\/\/regions-snetap-fsu.fr\/idf\/2021\/06\/07\/rentree-2021-dans-les-lycees-dile-de-france-des-milliers-deleves-en-plus-des-moyens-denseignement-insuffisants\/"},"wordCount":348,"image":{"@id":"https:\/\/regions-snetap-fsu.fr\/idf\/2021\/06\/07\/rentree-2021-dans-les-lycees-dile-de-france-des-milliers-deleves-en-plus-des-moyens-denseignement-insuffisants\/#primaryimage"},"thumbnailUrl":"https:\/\/regions-snetap-fsu.fr\/idf\/wp-content\/uploads\/sites\/11\/2021\/06\/B5I1OYDCUAE0TV_.png","articleSection":["Actions et communiqu\u00e9s"],"inLanguage":"fr-FR"},{"@type":"WebPage","@id":"https:\/\/regions-snetap-fsu.fr\/idf\/2021\/06\/07\/rentree-2021-dans-les-lycees-dile-de-france-des-milliers-deleves-en-plus-des-moyens-denseignement-insuffisants\/","url":"https:\/\/regions-snetap-fsu.fr\/idf\/2021\/06\/07\/rentree-2021-dans-les-lycees-dile-de-france-des-milliers-deleves-en-plus-des-moyens-denseignement-insuffisants\/","name":"Rentr\u00e9e 2021 dans les lyc\u00e9es d'Ile-de-France : des milliers d'\u00e9l\u00e8ves en plus, des moyens d'enseignement insuffisants !! - \u00ceLE-DE-FRANCE","isPartOf":{"@id":"https:\/\/regions-snetap-fsu.fr\/idf\/#website"},"primaryImageOfPage":{"@id":"https:\/\/regions-snetap-fsu.fr\/idf\/2021\/06\/07\/rentree-2021-dans-les-lycees-dile-de-france-des-milliers-deleves-en-plus-des-moyens-denseignement-insuffisants\/#primaryimage"},"image":{"@id":"https:\/\/regions-snetap-fsu.fr\/idf\/2021\/06\/07\/rentree-2021-dans-les-lycees-dile-de-france-des-milliers-deleves-en-plus-des-moyens-denseignement-insuffisants\/#primaryimage"},"thumbnailUrl":"https:\/\/regions-snetap-fsu.fr\/idf\/wp-content\/uploads\/sites\/11\/2021\/06\/B5I1OYDCUAE0TV_.png","datePublished":"2021-06-07T17:46:04+00:00","dateModified":"2021-06-07T17:53:03+00:00","author":{"@id":"https:\/\/regions-snetap-fsu.fr\/idf\/#\/schema\/person\/1e2d8120205f21ade6260cd06759ef62"},"breadcrumb":{"@id":"https:\/\/regions-snetap-fsu.fr\/idf\/2021\/06\/07\/rentree-2021-dans-les-lycees-dile-de-france-des-milliers-deleves-en-plus-des-moyens-denseignement-insuffisants\/#breadcrumb"},"inLanguage":"fr-FR","potentialAction":[{"@type":"ReadAction","target":["https:\/\/regions-snetap-fsu.fr\/idf\/2021\/06\/07\/rentree-2021-dans-les-lycees-dile-de-france-des-milliers-deleves-en-plus-des-moyens-denseignement-insuffisants\/"]}]},{"@type":"ImageObject","inLanguage":"fr-FR","@id":"https:\/\/regions-snetap-fsu.fr\/idf\/2021\/06\/07\/rentree-2021-dans-les-lycees-dile-de-france-des-milliers-deleves-en-plus-des-moyens-denseignement-insuffisants\/#primaryimage","url":"https:\/\/regions-snetap-fsu.fr\/idf\/wp-content\/uploads\/sites\/11\/2021\/06\/B5I1OYDCUAE0TV_.png","contentUrl":"https:\/\/regions-snetap-fsu.fr\/idf\/wp-content\/uploads\/sites\/11\/2021\/06\/B5I1OYDCUAE0TV_.png","width":533,"height":530},{"@type":"BreadcrumbList","@id":"https:\/\/regions-snetap-fsu.fr\/idf\/2021\/06\/07\/rentree-2021-dans-les-lycees-dile-de-france-des-milliers-deleves-en-plus-des-moyens-denseignement-insuffisants\/#breadcrumb","itemListElement":[{"@type":"ListItem","position":1,"name":"Accueil","item":"https:\/\/regions-snetap-fsu.fr\/idf\/"},{"@type":"ListItem","position":2,"name":"Rentr\u00e9e 2021 dans les lyc\u00e9es d&rsquo;Ile-de-France : des milliers d&rsquo;\u00e9l\u00e8ves en plus, des moyens d&rsquo;enseignement insuffisants !!"}]},{"@type":"WebSite","@id":"https:\/\/regions-snetap-fsu.fr\/idf\/#website","url":"https:\/\/regions-snetap-fsu.fr\/idf\/","name":"\u00ceLE-DE-FRANCE","description":"Le blog de la Section R\u00e9gionale","potentialAction":[{"@type":"SearchAction","target":{"@type":"EntryPoint","urlTemplate":"https:\/\/regions-snetap-fsu.fr\/idf\/?s={search_term_string}"},"query-input":{"@type":"PropertyValueSpecification","valueRequired":true,"valueName":"search_term_string"}}],"inLanguage":"fr-FR"},{"@type":"Person","@id":"https:\/\/regions-snetap-fsu.fr\/idf\/#\/schema\/person\/1e2d8120205f21ade6260cd06759ef62","name":"tdossantos","image":{"@type":"ImageObject","inLanguage":"fr-FR","@id":"https:\/\/secure.gravatar.com\/avatar\/eb323d66303d5d3db90b97b88724753e51811779db988d61b5311e81a13ec30d?s=96&d=mm&r=g","url":"https:\/\/secure.gravatar.com\/avatar\/eb323d66303d5d3db90b97b88724753e51811779db988d61b5311e81a13ec30d?s=96&d=mm&r=g","contentUrl":"https:\/\/secure.gravatar.com\/avatar\/eb323d66303d5d3db90b97b88724753e51811779db988d61b5311e81a13ec30d?s=96&d=mm&r=g","caption":"tdossantos"},"url":"https:\/\/regions-snetap-fsu.fr\/idf\/author\/tdossantos\/"}]}},"_links":{"self":[{"href":"https:\/\/regions-snetap-fsu.fr\/idf\/wp-json\/wp\/v2\/posts\/1244","targetHints":{"allow":["GET"]}}],"collection":[{"href":"https:\/\/regions-snetap-fsu.fr\/idf\/wp-json\/wp\/v2\/posts"}],"about":[{"href":"https:\/\/regions-snetap-fsu.fr\/idf\/wp-json\/wp\/v2\/types\/post"}],"author":[{"embeddable":true,"href":"https:\/\/regions-snetap-fsu.fr\/idf\/wp-json\/wp\/v2\/users\/104"}],"replies":[{"embeddable":true,"href":"https:\/\/regions-snetap-fsu.fr\/idf\/wp-json\/wp\/v2\/comments?post=1244"}],"version-history":[{"count":1,"href":"https:\/\/regions-snetap-fsu.fr\/idf\/wp-json\/wp\/v2\/posts\/1244\/revisions"}],"predecessor-version":[{"id":1247,"href":"https:\/\/regions-snetap-fsu.fr\/idf\/wp-json\/wp\/v2\/posts\/1244\/revisions\/1247"}],"wp:featuredmedia":[{"embeddable":true,"href":"https:\/\/regions-snetap-fsu.fr\/idf\/wp-json\/wp\/v2\/media\/1249"}],"wp:attachment":[{"href":"https:\/\/regions-snetap-fsu.fr\/idf\/wp-json\/wp\/v2\/media?parent=1244"}],"wp:term":[{"taxonomy":"category","embeddable":true,"href":"https:\/\/regions-snetap-fsu.fr\/idf\/wp-json\/wp\/v2\/categories?post=1244"},{"taxonomy":"post_tag","embeddable":true,"href":"https:\/\/regions-snetap-fsu.fr\/idf\/wp-json\/wp\/v2\/tags?post=1244"},{"taxonomy":"post_folder","embeddable":true,"href":"https:\/\/regions-snetap-fsu.fr\/idf\/wp-json\/wp\/v2\/post_folder?post=1244"}],"curies":[{"name":"wp","href":"https:\/\/api.w.org\/{rel}","templated":true}]}}