{"id":1194,"date":"2021-04-06T23:27:17","date_gmt":"2021-04-06T21:27:17","guid":{"rendered":"https:\/\/regions-snetap-fsu.fr\/idf\/?p=1194"},"modified":"2021-04-07T23:33:05","modified_gmt":"2021-04-07T21:33:05","slug":"la-contribution-de-la-fsu-ile-de-france-aux-reflexions-du-conseil-regional-idf-sur-loffre-de-formation-professionnelle-initiale-en-filiere-environnement","status":"publish","type":"post","link":"https:\/\/regions-snetap-fsu.fr\/idf\/2021\/04\/06\/la-contribution-de-la-fsu-ile-de-france-aux-reflexions-du-conseil-regional-idf-sur-loffre-de-formation-professionnelle-initiale-en-filiere-environnement\/","title":{"rendered":"La contribution de la FSU Ile de France aux r\u00e9flexions du Conseil R\u00e9gional IdF sur l&rsquo;offre de formation professionnelle initiale en fili\u00e8re environnement"},"content":{"rendered":"<p>&nbsp;<\/p>\n<p>L&rsquo;Etat et la r\u00e9gion effectuent des concertations entre les diff\u00e9rents acteurs du monde \u00e9conomique et de la formation, afin d&rsquo;actualiser les pr\u00e9conisations par dipl\u00f4mes utilis\u00e9es pour adapter la carte des formations professionnelles initiales lors des prochaines rentr\u00e9es. La R\u00e9gion \/ p\u00f4le lyc\u00e9es \/ service offre de formation a \u00e9labor\u00e9 un diagnostic qui a pour objectif de faire l&rsquo;\u00e9tat des lieux de la fili\u00e8re de formation \u00a0\u00bb Environnement \u00ab\u00a0.<\/p>\n<p>Deux ensembles correspondent \u00e0 trois principaux groupes de sp\u00e9cialit\u00e9s de formations de la NSF1 (nomenclature interminist\u00e9rielle des sp\u00e9cialit\u00e9s de formation construite par l&rsquo;INSEE.) :<br \/>\n&#8211; L(e sous-)&rsquo;ensemble Nature et paysage correspond pour une tr\u00e8s large part aux sp\u00e9cialit\u00e9s de formation 213 &#8211; For\u00eats, espaces naturels, faune sauvage, p\u00eache (94%) et 214 &#8211; Am\u00e9nagement paysager (93%).<br \/>\n&#8211; L<span style=\"font-family: Arial\">(e sous-)&rsquo;ensemble Hygi\u00e8ne et propret\u00e9 correspond pour une large part (67%) \u00e0 la sp\u00e9cialit\u00e9 de formation 343 &#8211; Nettoyage, assainissement, protection de l&rsquo;environnement.<\/span><\/p>\n<p>Voici la contribution du SNETAP-FSU Ile de France, via sa f\u00e9d\u00e9ration la FSU, sur des questions pos\u00e9es lors de la concertation, sp\u00e9cifiquement sur la fili\u00e8re nature et paysage.<\/p>\n\n\t\t<div class=\"wppdfemb-frame-container-1\" style=\"-webkit-overflow-scrolling:auto;\">\n\t\t\t<iframe class=\"pdfembed-iframe nonfullscreen wppdf-emb-iframe-1\"\n\t\t\t\tsrc=\"https:\/\/regions-snetap-fsu.fr\/idf\/?pdfemb-data=eyJ1cmwiOiJodHRwczpcL1wvcmVnaW9ucy1zbmV0YXAtZnN1LmZyXC9pZGZcL3dwLWNvbnRlbnRcL3VwbG9hZHNcL3NpdGVzXC8xMVwvMjAyMVwvMDRcL0NvbnRyaWJ1dGlvbi1GU1UtaWRmLWF2cmlsLTIwMjEucGRmIiwidGl0bGUiOiJDb250cmlidXRpb24gRlNVIGlkZiBhdnJpbCAyMDIxIiwiaW5kZXgiOjEsInBkZklEIjoxMTk1fQ\"\n\t\t\t\ttitle=\"Contribution FSU idf avril 2021\"\t\t\t\tdata-pdf-id=\"1195\"\n\t\t\t\tdata-pdf-index=\"1\"\n\t\t\t\tstyle=\"border:none;width:100%;max-width:100%;height:100vh;\"\n\t\t\t\tscrolling=\"yes\">\n\t\t\t<\/iframe>\n\t\t<\/div>\n\n\t\t\n\n\t\t<div class=\"wppdfemb-frame-container-2\" style=\"-webkit-overflow-scrolling:auto;\">\n\t\t\t<iframe class=\"pdfembed-iframe nonfullscreen wppdf-emb-iframe-2\"\n\t\t\t\tsrc=\"https:\/\/regions-snetap-fsu.fr\/idf\/?pdfemb-data=eyJ1cmwiOiJodHRwczpcL1wvcmVnaW9ucy1zbmV0YXAtZnN1LmZyXC9pZGZcL3dwLWNvbnRlbnRcL3VwbG9hZHNcL3NpdGVzXC8xMVwvMjAyMVwvMDRcLzIwMjEtMDMtMjYtUmVnaW9uLVBQVC1Db25jZXJ0YXRpb24tRU5WSVJPTk5FTUVOVC5wZGYiLCJ0aXRsZSI6IjIwMjEgMDMgMjYgUlx1MDBlOWdpb24gUFBUIENvbmNlcnRhdGlvbiBFTlZJUk9OTkVNRU5UIiwiaW5kZXgiOjIsInBkZklEIjoxMTk2fQ\"\n\t\t\t\ttitle=\"2021 03 26 R\u00e9gion PPT Concertation ENVIRONNEMENT\"\t\t\t\tdata-pdf-id=\"1196\"\n\t\t\t\tdata-pdf-index=\"2\"\n\t\t\t\tstyle=\"border:none;width:100%;max-width:100%;height:100vh;\"\n\t\t\t\tscrolling=\"yes\">\n\t\t\t<\/iframe>\n\t\t<\/div>\n\n\t\t\n","protected":false},"excerpt":{"rendered":"<p>&nbsp; L&rsquo;Etat et la r\u00e9gion effectuent des concertations entre les diff\u00e9rents acteurs du monde \u00e9conomique et de la formation, afin d&rsquo;actualiser les pr\u00e9conisations par dipl\u00f4mes utilis\u00e9es pour adapter la carte des formations professionnelles initiales lors des prochaines rentr\u00e9es. La R\u00e9gion \/ p\u00f4le lyc\u00e9es \/ service offre de formation a \u00e9labor\u00e9 un diagnostic qui a pour [&hellip;]<\/p>\n","protected":false},"author":104,"featured_media":1200,"comment_status":"closed","ping_status":"closed","sticky":false,"template":"","format":"standard","meta":{"ocean_post_layout":"","ocean_both_sidebars_style":"","ocean_both_sidebars_content_width":0,"ocean_both_sidebars_sidebars_width":0,"ocean_sidebar":"0","ocean_second_sidebar":"0","ocean_disable_margins":"enable","ocean_add_body_class":"","ocean_shortcode_before_top_bar":"","ocean_shortcode_after_top_bar":"","ocean_shortcode_before_header":"","ocean_shortcode_after_header":"","ocean_has_shortcode":"","ocean_shortcode_after_title":"","ocean_shortcode_before_footer_widgets":"","ocean_shortcode_after_footer_widgets":"","ocean_shortcode_before_footer_bottom":"","ocean_shortcode_after_footer_bottom":"","ocean_display_top_bar":"default","ocean_display_header":"default","ocean_header_style":"","ocean_center_header_left_menu":"0","ocean_custom_header_template":"0","ocean_custom_logo":0,"ocean_custom_retina_logo":0,"ocean_custom_logo_max_width":0,"ocean_custom_logo_tablet_max_width":0,"ocean_custom_logo_mobile_max_width":0,"ocean_custom_logo_max_height":0,"ocean_custom_logo_tablet_max_height":0,"ocean_custom_logo_mobile_max_height":0,"ocean_header_custom_menu":"0","ocean_menu_typo_font_family":"0","ocean_menu_typo_font_subset":"","ocean_menu_typo_font_size":0,"ocean_menu_typo_font_size_tablet":0,"ocean_menu_typo_font_size_mobile":0,"ocean_menu_typo_font_size_unit":"px","ocean_menu_typo_font_weight":"","ocean_menu_typo_font_weight_tablet":"","ocean_menu_typo_font_weight_mobile":"","ocean_menu_typo_transform":"","ocean_menu_typo_transform_tablet":"","ocean_menu_typo_transform_mobile":"","ocean_menu_typo_line_height":0,"ocean_menu_typo_line_height_tablet":0,"ocean_menu_typo_line_height_mobile":0,"ocean_menu_typo_line_height_unit":"","ocean_menu_typo_spacing":0,"ocean_menu_typo_spacing_tablet":0,"ocean_menu_typo_spacing_mobile":0,"ocean_menu_typo_spacing_unit":"","ocean_menu_link_color":"","ocean_menu_link_color_hover":"","ocean_menu_link_color_active":"","ocean_menu_link_background":"","ocean_menu_link_hover_background":"","ocean_menu_link_active_background":"","ocean_menu_social_links_bg":"","ocean_menu_social_hover_links_bg":"","ocean_menu_social_links_color":"","ocean_menu_social_hover_links_color":"","ocean_disable_title":"default","ocean_disable_heading":"default","ocean_post_title":"","ocean_post_subheading":"","ocean_post_title_style":"","ocean_post_title_background_color":"","ocean_post_title_background":0,"ocean_post_title_bg_image_position":"","ocean_post_title_bg_image_attachment":"","ocean_post_title_bg_image_repeat":"","ocean_post_title_bg_image_size":"","ocean_post_title_height":0,"ocean_post_title_bg_overlay":0.5,"ocean_post_title_bg_overlay_color":"","ocean_disable_breadcrumbs":"default","ocean_breadcrumbs_color":"","ocean_breadcrumbs_separator_color":"","ocean_breadcrumbs_links_color":"","ocean_breadcrumbs_links_hover_color":"","ocean_display_footer_widgets":"default","ocean_display_footer_bottom":"default","ocean_custom_footer_template":"0","ocean_post_oembed":"","ocean_post_self_hosted_media":"","ocean_post_video_embed":"","ocean_link_format":"","ocean_link_format_target":"self","ocean_quote_format":"","ocean_quote_format_link":"post","ocean_gallery_link_images":"off","ocean_gallery_id":[],"footnotes":""},"categories":[15],"tags":[],"post_folder":[],"class_list":["post-1194","post","type-post","status-publish","format-standard","has-post-thumbnail","hentry","category-actions-et-communiques","entry","has-media"],"yoast_head":"<!-- This site is optimized with the Yoast SEO plugin v27.4 - https:\/\/yoast.com\/product\/yoast-seo-wordpress\/ -->\n<title>La contribution de la FSU Ile de France aux r\u00e9flexions du Conseil R\u00e9gional IdF sur l&#039;offre de formation professionnelle initiale en fili\u00e8re environnement - \u00ceLE-DE-FRANCE<\/title>\n<meta name=\"robots\" content=\"index, follow, max-snippet:-1, max-image-preview:large, max-video-preview:-1\" \/>\n<link rel=\"canonical\" href=\"https:\/\/regions-snetap-fsu.fr\/idf\/2021\/04\/06\/la-contribution-de-la-fsu-ile-de-france-aux-reflexions-du-conseil-regional-idf-sur-loffre-de-formation-professionnelle-initiale-en-filiere-environnement\/\" \/>\n<meta property=\"og:locale\" content=\"fr_FR\" \/>\n<meta property=\"og:type\" content=\"article\" \/>\n<meta property=\"og:title\" content=\"La contribution de la FSU Ile de France aux r\u00e9flexions du Conseil R\u00e9gional IdF sur l&#039;offre de formation professionnelle initiale en fili\u00e8re environnement - \u00ceLE-DE-FRANCE\" \/>\n<meta property=\"og:description\" content=\"&nbsp; L&rsquo;Etat et la r\u00e9gion effectuent des concertations entre les diff\u00e9rents acteurs du monde \u00e9conomique et de la formation, afin d&rsquo;actualiser les pr\u00e9conisations par dipl\u00f4mes utilis\u00e9es pour adapter la carte des formations professionnelles initiales lors des prochaines rentr\u00e9es. La R\u00e9gion \/ p\u00f4le lyc\u00e9es \/ service offre de formation a \u00e9labor\u00e9 un diagnostic qui a pour [&hellip;]\" \/>\n<meta property=\"og:url\" content=\"https:\/\/regions-snetap-fsu.fr\/idf\/2021\/04\/06\/la-contribution-de-la-fsu-ile-de-france-aux-reflexions-du-conseil-regional-idf-sur-loffre-de-formation-professionnelle-initiale-en-filiere-environnement\/\" \/>\n<meta property=\"og:site_name\" content=\"\u00ceLE-DE-FRANCE\" \/>\n<meta property=\"article:published_time\" content=\"2021-04-06T21:27:17+00:00\" \/>\n<meta property=\"article:modified_time\" content=\"2021-04-07T21:33:05+00:00\" \/>\n<meta property=\"og:image\" content=\"https:\/\/regions-snetap-fsu.fr\/idf\/wp-content\/uploads\/sites\/11\/2021\/04\/Capture-1.jpg\" \/>\n\t<meta property=\"og:image:width\" content=\"847\" \/>\n\t<meta property=\"og:image:height\" content=\"445\" \/>\n\t<meta property=\"og:image:type\" content=\"image\/jpeg\" \/>\n<meta name=\"author\" content=\"tdossantos\" \/>\n<meta name=\"twitter:card\" content=\"summary_large_image\" \/>\n<meta name=\"twitter:label1\" content=\"\u00c9crit par\" \/>\n\t<meta name=\"twitter:data1\" content=\"tdossantos\" \/>\n\t<meta name=\"twitter:label2\" content=\"Dur\u00e9e de lecture estim\u00e9e\" \/>\n\t<meta name=\"twitter:data2\" content=\"1 minute\" \/>\n<script type=\"application\/ld+json\" class=\"yoast-schema-graph\">{\"@context\":\"https:\\\/\\\/schema.org\",\"@graph\":[{\"@type\":\"Article\",\"@id\":\"https:\\\/\\\/regions-snetap-fsu.fr\\\/idf\\\/2021\\\/04\\\/06\\\/la-contribution-de-la-fsu-ile-de-france-aux-reflexions-du-conseil-regional-idf-sur-loffre-de-formation-professionnelle-initiale-en-filiere-environnement\\\/#article\",\"isPartOf\":{\"@id\":\"https:\\\/\\\/regions-snetap-fsu.fr\\\/idf\\\/2021\\\/04\\\/06\\\/la-contribution-de-la-fsu-ile-de-france-aux-reflexions-du-conseil-regional-idf-sur-loffre-de-formation-professionnelle-initiale-en-filiere-environnement\\\/\"},\"author\":{\"name\":\"tdossantos\",\"@id\":\"https:\\\/\\\/regions-snetap-fsu.fr\\\/idf\\\/#\\\/schema\\\/person\\\/1e2d8120205f21ade6260cd06759ef62\"},\"headline\":\"La contribution de la FSU Ile de France aux r\u00e9flexions du Conseil R\u00e9gional IdF sur l&rsquo;offre de formation professionnelle initiale en fili\u00e8re environnement\",\"datePublished\":\"2021-04-06T21:27:17+00:00\",\"dateModified\":\"2021-04-07T21:33:05+00:00\",\"mainEntityOfPage\":{\"@id\":\"https:\\\/\\\/regions-snetap-fsu.fr\\\/idf\\\/2021\\\/04\\\/06\\\/la-contribution-de-la-fsu-ile-de-france-aux-reflexions-du-conseil-regional-idf-sur-loffre-de-formation-professionnelle-initiale-en-filiere-environnement\\\/\"},\"wordCount\":262,\"image\":{\"@id\":\"https:\\\/\\\/regions-snetap-fsu.fr\\\/idf\\\/2021\\\/04\\\/06\\\/la-contribution-de-la-fsu-ile-de-france-aux-reflexions-du-conseil-regional-idf-sur-loffre-de-formation-professionnelle-initiale-en-filiere-environnement\\\/#primaryimage\"},\"thumbnailUrl\":\"https:\\\/\\\/regions-snetap-fsu.fr\\\/idf\\\/wp-content\\\/uploads\\\/sites\\\/11\\\/2021\\\/04\\\/Capture-1.jpg\",\"articleSection\":[\"Actions et communiqu\u00e9s\"],\"inLanguage\":\"fr-FR\"},{\"@type\":\"WebPage\",\"@id\":\"https:\\\/\\\/regions-snetap-fsu.fr\\\/idf\\\/2021\\\/04\\\/06\\\/la-contribution-de-la-fsu-ile-de-france-aux-reflexions-du-conseil-regional-idf-sur-loffre-de-formation-professionnelle-initiale-en-filiere-environnement\\\/\",\"url\":\"https:\\\/\\\/regions-snetap-fsu.fr\\\/idf\\\/2021\\\/04\\\/06\\\/la-contribution-de-la-fsu-ile-de-france-aux-reflexions-du-conseil-regional-idf-sur-loffre-de-formation-professionnelle-initiale-en-filiere-environnement\\\/\",\"name\":\"La contribution de la FSU Ile de France aux r\u00e9flexions du Conseil R\u00e9gional IdF sur l'offre de formation professionnelle initiale en fili\u00e8re environnement - \u00ceLE-DE-FRANCE\",\"isPartOf\":{\"@id\":\"https:\\\/\\\/regions-snetap-fsu.fr\\\/idf\\\/#website\"},\"primaryImageOfPage\":{\"@id\":\"https:\\\/\\\/regions-snetap-fsu.fr\\\/idf\\\/2021\\\/04\\\/06\\\/la-contribution-de-la-fsu-ile-de-france-aux-reflexions-du-conseil-regional-idf-sur-loffre-de-formation-professionnelle-initiale-en-filiere-environnement\\\/#primaryimage\"},\"image\":{\"@id\":\"https:\\\/\\\/regions-snetap-fsu.fr\\\/idf\\\/2021\\\/04\\\/06\\\/la-contribution-de-la-fsu-ile-de-france-aux-reflexions-du-conseil-regional-idf-sur-loffre-de-formation-professionnelle-initiale-en-filiere-environnement\\\/#primaryimage\"},\"thumbnailUrl\":\"https:\\\/\\\/regions-snetap-fsu.fr\\\/idf\\\/wp-content\\\/uploads\\\/sites\\\/11\\\/2021\\\/04\\\/Capture-1.jpg\",\"datePublished\":\"2021-04-06T21:27:17+00:00\",\"dateModified\":\"2021-04-07T21:33:05+00:00\",\"author\":{\"@id\":\"https:\\\/\\\/regions-snetap-fsu.fr\\\/idf\\\/#\\\/schema\\\/person\\\/1e2d8120205f21ade6260cd06759ef62\"},\"breadcrumb\":{\"@id\":\"https:\\\/\\\/regions-snetap-fsu.fr\\\/idf\\\/2021\\\/04\\\/06\\\/la-contribution-de-la-fsu-ile-de-france-aux-reflexions-du-conseil-regional-idf-sur-loffre-de-formation-professionnelle-initiale-en-filiere-environnement\\\/#breadcrumb\"},\"inLanguage\":\"fr-FR\",\"potentialAction\":[{\"@type\":\"ReadAction\",\"target\":[\"https:\\\/\\\/regions-snetap-fsu.fr\\\/idf\\\/2021\\\/04\\\/06\\\/la-contribution-de-la-fsu-ile-de-france-aux-reflexions-du-conseil-regional-idf-sur-loffre-de-formation-professionnelle-initiale-en-filiere-environnement\\\/\"]}]},{\"@type\":\"ImageObject\",\"inLanguage\":\"fr-FR\",\"@id\":\"https:\\\/\\\/regions-snetap-fsu.fr\\\/idf\\\/2021\\\/04\\\/06\\\/la-contribution-de-la-fsu-ile-de-france-aux-reflexions-du-conseil-regional-idf-sur-loffre-de-formation-professionnelle-initiale-en-filiere-environnement\\\/#primaryimage\",\"url\":\"https:\\\/\\\/regions-snetap-fsu.fr\\\/idf\\\/wp-content\\\/uploads\\\/sites\\\/11\\\/2021\\\/04\\\/Capture-1.jpg\",\"contentUrl\":\"https:\\\/\\\/regions-snetap-fsu.fr\\\/idf\\\/wp-content\\\/uploads\\\/sites\\\/11\\\/2021\\\/04\\\/Capture-1.jpg\",\"width\":847,\"height\":445},{\"@type\":\"BreadcrumbList\",\"@id\":\"https:\\\/\\\/regions-snetap-fsu.fr\\\/idf\\\/2021\\\/04\\\/06\\\/la-contribution-de-la-fsu-ile-de-france-aux-reflexions-du-conseil-regional-idf-sur-loffre-de-formation-professionnelle-initiale-en-filiere-environnement\\\/#breadcrumb\",\"itemListElement\":[{\"@type\":\"ListItem\",\"position\":1,\"name\":\"Accueil\",\"item\":\"https:\\\/\\\/regions-snetap-fsu.fr\\\/idf\\\/\"},{\"@type\":\"ListItem\",\"position\":2,\"name\":\"La contribution de la FSU Ile de France aux r\u00e9flexions du Conseil R\u00e9gional IdF sur l&rsquo;offre de formation professionnelle initiale en fili\u00e8re environnement\"}]},{\"@type\":\"WebSite\",\"@id\":\"https:\\\/\\\/regions-snetap-fsu.fr\\\/idf\\\/#website\",\"url\":\"https:\\\/\\\/regions-snetap-fsu.fr\\\/idf\\\/\",\"name\":\"\u00ceLE-DE-FRANCE\",\"description\":\"Le blog de la Section R\u00e9gionale\",\"potentialAction\":[{\"@type\":\"SearchAction\",\"target\":{\"@type\":\"EntryPoint\",\"urlTemplate\":\"https:\\\/\\\/regions-snetap-fsu.fr\\\/idf\\\/?s={search_term_string}\"},\"query-input\":{\"@type\":\"PropertyValueSpecification\",\"valueRequired\":true,\"valueName\":\"search_term_string\"}}],\"inLanguage\":\"fr-FR\"},{\"@type\":\"Person\",\"@id\":\"https:\\\/\\\/regions-snetap-fsu.fr\\\/idf\\\/#\\\/schema\\\/person\\\/1e2d8120205f21ade6260cd06759ef62\",\"name\":\"tdossantos\",\"image\":{\"@type\":\"ImageObject\",\"inLanguage\":\"fr-FR\",\"@id\":\"https:\\\/\\\/secure.gravatar.com\\\/avatar\\\/eb323d66303d5d3db90b97b88724753e51811779db988d61b5311e81a13ec30d?s=96&d=mm&r=g\",\"url\":\"https:\\\/\\\/secure.gravatar.com\\\/avatar\\\/eb323d66303d5d3db90b97b88724753e51811779db988d61b5311e81a13ec30d?s=96&d=mm&r=g\",\"contentUrl\":\"https:\\\/\\\/secure.gravatar.com\\\/avatar\\\/eb323d66303d5d3db90b97b88724753e51811779db988d61b5311e81a13ec30d?s=96&d=mm&r=g\",\"caption\":\"tdossantos\"},\"url\":\"https:\\\/\\\/regions-snetap-fsu.fr\\\/idf\\\/author\\\/tdossantos\\\/\"}]}<\/script>\n<!-- \/ Yoast SEO plugin. -->","yoast_head_json":{"title":"La contribution de la FSU Ile de France aux r\u00e9flexions du Conseil R\u00e9gional IdF sur l'offre de formation professionnelle initiale en fili\u00e8re environnement - \u00ceLE-DE-FRANCE","robots":{"index":"index","follow":"follow","max-snippet":"max-snippet:-1","max-image-preview":"max-image-preview:large","max-video-preview":"max-video-preview:-1"},"canonical":"https:\/\/regions-snetap-fsu.fr\/idf\/2021\/04\/06\/la-contribution-de-la-fsu-ile-de-france-aux-reflexions-du-conseil-regional-idf-sur-loffre-de-formation-professionnelle-initiale-en-filiere-environnement\/","og_locale":"fr_FR","og_type":"article","og_title":"La contribution de la FSU Ile de France aux r\u00e9flexions du Conseil R\u00e9gional IdF sur l'offre de formation professionnelle initiale en fili\u00e8re environnement - \u00ceLE-DE-FRANCE","og_description":"&nbsp; L&rsquo;Etat et la r\u00e9gion effectuent des concertations entre les diff\u00e9rents acteurs du monde \u00e9conomique et de la formation, afin d&rsquo;actualiser les pr\u00e9conisations par dipl\u00f4mes utilis\u00e9es pour adapter la carte des formations professionnelles initiales lors des prochaines rentr\u00e9es. La R\u00e9gion \/ p\u00f4le lyc\u00e9es \/ service offre de formation a \u00e9labor\u00e9 un diagnostic qui a pour [&hellip;]","og_url":"https:\/\/regions-snetap-fsu.fr\/idf\/2021\/04\/06\/la-contribution-de-la-fsu-ile-de-france-aux-reflexions-du-conseil-regional-idf-sur-loffre-de-formation-professionnelle-initiale-en-filiere-environnement\/","og_site_name":"\u00ceLE-DE-FRANCE","article_published_time":"2021-04-06T21:27:17+00:00","article_modified_time":"2021-04-07T21:33:05+00:00","og_image":[{"width":847,"height":445,"url":"https:\/\/regions-snetap-fsu.fr\/idf\/wp-content\/uploads\/sites\/11\/2021\/04\/Capture-1.jpg","type":"image\/jpeg"}],"author":"tdossantos","twitter_card":"summary_large_image","twitter_misc":{"\u00c9crit par":"tdossantos","Dur\u00e9e de lecture estim\u00e9e":"1 minute"},"schema":{"@context":"https:\/\/schema.org","@graph":[{"@type":"Article","@id":"https:\/\/regions-snetap-fsu.fr\/idf\/2021\/04\/06\/la-contribution-de-la-fsu-ile-de-france-aux-reflexions-du-conseil-regional-idf-sur-loffre-de-formation-professionnelle-initiale-en-filiere-environnement\/#article","isPartOf":{"@id":"https:\/\/regions-snetap-fsu.fr\/idf\/2021\/04\/06\/la-contribution-de-la-fsu-ile-de-france-aux-reflexions-du-conseil-regional-idf-sur-loffre-de-formation-professionnelle-initiale-en-filiere-environnement\/"},"author":{"name":"tdossantos","@id":"https:\/\/regions-snetap-fsu.fr\/idf\/#\/schema\/person\/1e2d8120205f21ade6260cd06759ef62"},"headline":"La contribution de la FSU Ile de France aux r\u00e9flexions du Conseil R\u00e9gional IdF sur l&rsquo;offre de formation professionnelle initiale en fili\u00e8re environnement","datePublished":"2021-04-06T21:27:17+00:00","dateModified":"2021-04-07T21:33:05+00:00","mainEntityOfPage":{"@id":"https:\/\/regions-snetap-fsu.fr\/idf\/2021\/04\/06\/la-contribution-de-la-fsu-ile-de-france-aux-reflexions-du-conseil-regional-idf-sur-loffre-de-formation-professionnelle-initiale-en-filiere-environnement\/"},"wordCount":262,"image":{"@id":"https:\/\/regions-snetap-fsu.fr\/idf\/2021\/04\/06\/la-contribution-de-la-fsu-ile-de-france-aux-reflexions-du-conseil-regional-idf-sur-loffre-de-formation-professionnelle-initiale-en-filiere-environnement\/#primaryimage"},"thumbnailUrl":"https:\/\/regions-snetap-fsu.fr\/idf\/wp-content\/uploads\/sites\/11\/2021\/04\/Capture-1.jpg","articleSection":["Actions et communiqu\u00e9s"],"inLanguage":"fr-FR"},{"@type":"WebPage","@id":"https:\/\/regions-snetap-fsu.fr\/idf\/2021\/04\/06\/la-contribution-de-la-fsu-ile-de-france-aux-reflexions-du-conseil-regional-idf-sur-loffre-de-formation-professionnelle-initiale-en-filiere-environnement\/","url":"https:\/\/regions-snetap-fsu.fr\/idf\/2021\/04\/06\/la-contribution-de-la-fsu-ile-de-france-aux-reflexions-du-conseil-regional-idf-sur-loffre-de-formation-professionnelle-initiale-en-filiere-environnement\/","name":"La contribution de la FSU Ile de France aux r\u00e9flexions du Conseil R\u00e9gional IdF sur l'offre de formation professionnelle initiale en fili\u00e8re environnement - \u00ceLE-DE-FRANCE","isPartOf":{"@id":"https:\/\/regions-snetap-fsu.fr\/idf\/#website"},"primaryImageOfPage":{"@id":"https:\/\/regions-snetap-fsu.fr\/idf\/2021\/04\/06\/la-contribution-de-la-fsu-ile-de-france-aux-reflexions-du-conseil-regional-idf-sur-loffre-de-formation-professionnelle-initiale-en-filiere-environnement\/#primaryimage"},"image":{"@id":"https:\/\/regions-snetap-fsu.fr\/idf\/2021\/04\/06\/la-contribution-de-la-fsu-ile-de-france-aux-reflexions-du-conseil-regional-idf-sur-loffre-de-formation-professionnelle-initiale-en-filiere-environnement\/#primaryimage"},"thumbnailUrl":"https:\/\/regions-snetap-fsu.fr\/idf\/wp-content\/uploads\/sites\/11\/2021\/04\/Capture-1.jpg","datePublished":"2021-04-06T21:27:17+00:00","dateModified":"2021-04-07T21:33:05+00:00","author":{"@id":"https:\/\/regions-snetap-fsu.fr\/idf\/#\/schema\/person\/1e2d8120205f21ade6260cd06759ef62"},"breadcrumb":{"@id":"https:\/\/regions-snetap-fsu.fr\/idf\/2021\/04\/06\/la-contribution-de-la-fsu-ile-de-france-aux-reflexions-du-conseil-regional-idf-sur-loffre-de-formation-professionnelle-initiale-en-filiere-environnement\/#breadcrumb"},"inLanguage":"fr-FR","potentialAction":[{"@type":"ReadAction","target":["https:\/\/regions-snetap-fsu.fr\/idf\/2021\/04\/06\/la-contribution-de-la-fsu-ile-de-france-aux-reflexions-du-conseil-regional-idf-sur-loffre-de-formation-professionnelle-initiale-en-filiere-environnement\/"]}]},{"@type":"ImageObject","inLanguage":"fr-FR","@id":"https:\/\/regions-snetap-fsu.fr\/idf\/2021\/04\/06\/la-contribution-de-la-fsu-ile-de-france-aux-reflexions-du-conseil-regional-idf-sur-loffre-de-formation-professionnelle-initiale-en-filiere-environnement\/#primaryimage","url":"https:\/\/regions-snetap-fsu.fr\/idf\/wp-content\/uploads\/sites\/11\/2021\/04\/Capture-1.jpg","contentUrl":"https:\/\/regions-snetap-fsu.fr\/idf\/wp-content\/uploads\/sites\/11\/2021\/04\/Capture-1.jpg","width":847,"height":445},{"@type":"BreadcrumbList","@id":"https:\/\/regions-snetap-fsu.fr\/idf\/2021\/04\/06\/la-contribution-de-la-fsu-ile-de-france-aux-reflexions-du-conseil-regional-idf-sur-loffre-de-formation-professionnelle-initiale-en-filiere-environnement\/#breadcrumb","itemListElement":[{"@type":"ListItem","position":1,"name":"Accueil","item":"https:\/\/regions-snetap-fsu.fr\/idf\/"},{"@type":"ListItem","position":2,"name":"La contribution de la FSU Ile de France aux r\u00e9flexions du Conseil R\u00e9gional IdF sur l&rsquo;offre de formation professionnelle initiale en fili\u00e8re environnement"}]},{"@type":"WebSite","@id":"https:\/\/regions-snetap-fsu.fr\/idf\/#website","url":"https:\/\/regions-snetap-fsu.fr\/idf\/","name":"\u00ceLE-DE-FRANCE","description":"Le blog de la Section R\u00e9gionale","potentialAction":[{"@type":"SearchAction","target":{"@type":"EntryPoint","urlTemplate":"https:\/\/regions-snetap-fsu.fr\/idf\/?s={search_term_string}"},"query-input":{"@type":"PropertyValueSpecification","valueRequired":true,"valueName":"search_term_string"}}],"inLanguage":"fr-FR"},{"@type":"Person","@id":"https:\/\/regions-snetap-fsu.fr\/idf\/#\/schema\/person\/1e2d8120205f21ade6260cd06759ef62","name":"tdossantos","image":{"@type":"ImageObject","inLanguage":"fr-FR","@id":"https:\/\/secure.gravatar.com\/avatar\/eb323d66303d5d3db90b97b88724753e51811779db988d61b5311e81a13ec30d?s=96&d=mm&r=g","url":"https:\/\/secure.gravatar.com\/avatar\/eb323d66303d5d3db90b97b88724753e51811779db988d61b5311e81a13ec30d?s=96&d=mm&r=g","contentUrl":"https:\/\/secure.gravatar.com\/avatar\/eb323d66303d5d3db90b97b88724753e51811779db988d61b5311e81a13ec30d?s=96&d=mm&r=g","caption":"tdossantos"},"url":"https:\/\/regions-snetap-fsu.fr\/idf\/author\/tdossantos\/"}]}},"_links":{"self":[{"href":"https:\/\/regions-snetap-fsu.fr\/idf\/wp-json\/wp\/v2\/posts\/1194","targetHints":{"allow":["GET"]}}],"collection":[{"href":"https:\/\/regions-snetap-fsu.fr\/idf\/wp-json\/wp\/v2\/posts"}],"about":[{"href":"https:\/\/regions-snetap-fsu.fr\/idf\/wp-json\/wp\/v2\/types\/post"}],"author":[{"embeddable":true,"href":"https:\/\/regions-snetap-fsu.fr\/idf\/wp-json\/wp\/v2\/users\/104"}],"replies":[{"embeddable":true,"href":"https:\/\/regions-snetap-fsu.fr\/idf\/wp-json\/wp\/v2\/comments?post=1194"}],"version-history":[{"count":2,"href":"https:\/\/regions-snetap-fsu.fr\/idf\/wp-json\/wp\/v2\/posts\/1194\/revisions"}],"predecessor-version":[{"id":1199,"href":"https:\/\/regions-snetap-fsu.fr\/idf\/wp-json\/wp\/v2\/posts\/1194\/revisions\/1199"}],"wp:featuredmedia":[{"embeddable":true,"href":"https:\/\/regions-snetap-fsu.fr\/idf\/wp-json\/wp\/v2\/media\/1200"}],"wp:attachment":[{"href":"https:\/\/regions-snetap-fsu.fr\/idf\/wp-json\/wp\/v2\/media?parent=1194"}],"wp:term":[{"taxonomy":"category","embeddable":true,"href":"https:\/\/regions-snetap-fsu.fr\/idf\/wp-json\/wp\/v2\/categories?post=1194"},{"taxonomy":"post_tag","embeddable":true,"href":"https:\/\/regions-snetap-fsu.fr\/idf\/wp-json\/wp\/v2\/tags?post=1194"},{"taxonomy":"post_folder","embeddable":true,"href":"https:\/\/regions-snetap-fsu.fr\/idf\/wp-json\/wp\/v2\/post_folder?post=1194"}],"curies":[{"name":"wp","href":"https:\/\/api.w.org\/{rel}","templated":true}]}}