{"id":1128,"date":"2021-02-25T21:53:33","date_gmt":"2021-02-25T20:53:33","guid":{"rendered":"https:\/\/regions-snetap-fsu.fr\/idf\/?p=1128"},"modified":"2021-02-28T22:06:03","modified_gmt":"2021-02-28T21:06:03","slug":"le-salon-a-la-ferme","status":"publish","type":"post","link":"https:\/\/regions-snetap-fsu.fr\/idf\/2021\/02\/25\/le-salon-a-la-ferme\/","title":{"rendered":"Le Salon \u00e0 la ferme !"},"content":{"rendered":"<p><span style=\"font-family: Arial\">Le CDDEAP (Comit\u00e9 de D\u00e9fense et de D\u00e9veloppement de l&rsquo;Enseignement Agricole Public) s&rsquo;associe avec le SNETAP-FSU au collectif \u00ab\u00a0Plus jamais \u00e7a !\u00a0\u00bb.\u00a0 En Ile de France, la Conf\u00e9d\u00e9ration paysanne sera active :\u00a0<\/span><span style=\"color: #339966\"><a style=\"color: #339966\" href=\"https:\/\/ile-de-france.confederationpaysanne.fr\/actu.php?id=11121&amp;PHPSESSID=nt0d4s57kds5p2nlrttj4ts8l2\" target=\"_blank\" rel=\"noopener\">Actu conf\u00e9d\u00e9ration paysanne IDF<\/a><\/span><\/p>\n<div class=\"moz-signature\">\n<p><span style=\"font-family: Arial;color: #339966\"><a style=\"color: #339966\" href=\"https:\/\/www.leparisien.fr\/seine-et-marne-77\/seine-et-marne-alice-fumagalli-paysanne-et-maraichere-fait-visiter-son-exploitation-bio-27-02-2021-8426498.php\" target=\"_blank\" rel=\"noopener\">Article du Parisien \u00e0 ce sujet<\/a><\/span><\/p>\n<p>Plus d&rsquo;info sur le collectif plus jamais \u00e7\u00e0 :\u00a0<span style=\"color: #339966\"><a class=\"moz-txt-link-freetext\" style=\"color: #339966\" href=\"https:\/\/plus-jamais.org\/\" target=\"_blank\" rel=\"noopener noreferrer\">https:\/\/plus-jamais.org\/<\/a><\/span><\/p>\n<\/div>\n<p>&nbsp;<\/p>\n<p>&nbsp;<\/p>\n","protected":false},"excerpt":{"rendered":"<p>Le CDDEAP (Comit\u00e9 de D\u00e9fense et de D\u00e9veloppement de l&rsquo;Enseignement Agricole Public) s&rsquo;associe avec le SNETAP-FSU au collectif \u00ab\u00a0Plus jamais \u00e7a !\u00a0\u00bb.\u00a0 En Ile de France, la Conf\u00e9d\u00e9ration paysanne sera active :\u00a0Actu conf\u00e9d\u00e9ration paysanne IDF Article du Parisien \u00e0 ce sujet Plus d&rsquo;info sur le collectif plus jamais \u00e7\u00e0 :\u00a0https:\/\/plus-jamais.org\/ &nbsp; &nbsp;<\/p>\n","protected":false},"author":104,"featured_media":1133,"comment_status":"closed","ping_status":"closed","sticky":false,"template":"","format":"standard","meta":{"ocean_post_layout":"","ocean_both_sidebars_style":"","ocean_both_sidebars_content_width":0,"ocean_both_sidebars_sidebars_width":0,"ocean_sidebar":"0","ocean_second_sidebar":"0","ocean_disable_margins":"enable","ocean_add_body_class":"","ocean_shortcode_before_top_bar":"","ocean_shortcode_after_top_bar":"","ocean_shortcode_before_header":"","ocean_shortcode_after_header":"","ocean_has_shortcode":"","ocean_shortcode_after_title":"","ocean_shortcode_before_footer_widgets":"","ocean_shortcode_after_footer_widgets":"","ocean_shortcode_before_footer_bottom":"","ocean_shortcode_after_footer_bottom":"","ocean_display_top_bar":"default","ocean_display_header":"default","ocean_header_style":"","ocean_center_header_left_menu":"0","ocean_custom_header_template":"0","ocean_custom_logo":0,"ocean_custom_retina_logo":0,"ocean_custom_logo_max_width":0,"ocean_custom_logo_tablet_max_width":0,"ocean_custom_logo_mobile_max_width":0,"ocean_custom_logo_max_height":0,"ocean_custom_logo_tablet_max_height":0,"ocean_custom_logo_mobile_max_height":0,"ocean_header_custom_menu":"0","ocean_menu_typo_font_family":"0","ocean_menu_typo_font_subset":"","ocean_menu_typo_font_size":0,"ocean_menu_typo_font_size_tablet":0,"ocean_menu_typo_font_size_mobile":0,"ocean_menu_typo_font_size_unit":"px","ocean_menu_typo_font_weight":"","ocean_menu_typo_font_weight_tablet":"","ocean_menu_typo_font_weight_mobile":"","ocean_menu_typo_transform":"","ocean_menu_typo_transform_tablet":"","ocean_menu_typo_transform_mobile":"","ocean_menu_typo_line_height":0,"ocean_menu_typo_line_height_tablet":0,"ocean_menu_typo_line_height_mobile":0,"ocean_menu_typo_line_height_unit":"","ocean_menu_typo_spacing":0,"ocean_menu_typo_spacing_tablet":0,"ocean_menu_typo_spacing_mobile":0,"ocean_menu_typo_spacing_unit":"","ocean_menu_link_color":"","ocean_menu_link_color_hover":"","ocean_menu_link_color_active":"","ocean_menu_link_background":"","ocean_menu_link_hover_background":"","ocean_menu_link_active_background":"","ocean_menu_social_links_bg":"","ocean_menu_social_hover_links_bg":"","ocean_menu_social_links_color":"","ocean_menu_social_hover_links_color":"","ocean_disable_title":"default","ocean_disable_heading":"default","ocean_post_title":"","ocean_post_subheading":"","ocean_post_title_style":"","ocean_post_title_background_color":"","ocean_post_title_background":0,"ocean_post_title_bg_image_position":"","ocean_post_title_bg_image_attachment":"","ocean_post_title_bg_image_repeat":"","ocean_post_title_bg_image_size":"","ocean_post_title_height":0,"ocean_post_title_bg_overlay":0.5,"ocean_post_title_bg_overlay_color":"","ocean_disable_breadcrumbs":"default","ocean_breadcrumbs_color":"","ocean_breadcrumbs_separator_color":"","ocean_breadcrumbs_links_color":"","ocean_breadcrumbs_links_hover_color":"","ocean_display_footer_widgets":"default","ocean_display_footer_bottom":"default","ocean_custom_footer_template":"0","ocean_post_oembed":"","ocean_post_self_hosted_media":"","ocean_post_video_embed":"","ocean_link_format":"","ocean_link_format_target":"self","ocean_quote_format":"","ocean_quote_format_link":"post","ocean_gallery_link_images":"off","ocean_gallery_id":[],"footnotes":""},"categories":[15],"tags":[],"post_folder":[],"class_list":["post-1128","post","type-post","status-publish","format-standard","has-post-thumbnail","hentry","category-actions-et-communiques","entry","has-media"],"yoast_head":"<!-- This site is optimized with the Yoast SEO plugin v27.4 - https:\/\/yoast.com\/product\/yoast-seo-wordpress\/ -->\n<title>Le Salon \u00e0 la ferme ! - \u00ceLE-DE-FRANCE<\/title>\n<meta name=\"robots\" content=\"index, follow, max-snippet:-1, max-image-preview:large, max-video-preview:-1\" \/>\n<link rel=\"canonical\" href=\"https:\/\/regions-snetap-fsu.fr\/idf\/2021\/02\/25\/le-salon-a-la-ferme\/\" \/>\n<meta property=\"og:locale\" content=\"fr_FR\" \/>\n<meta property=\"og:type\" content=\"article\" \/>\n<meta property=\"og:title\" content=\"Le Salon \u00e0 la ferme ! - \u00ceLE-DE-FRANCE\" \/>\n<meta property=\"og:description\" content=\"Le CDDEAP (Comit\u00e9 de D\u00e9fense et de D\u00e9veloppement de l&rsquo;Enseignement Agricole Public) s&rsquo;associe avec le SNETAP-FSU au collectif \u00ab\u00a0Plus jamais \u00e7a !\u00a0\u00bb.\u00a0 En Ile de France, la Conf\u00e9d\u00e9ration paysanne sera active :\u00a0Actu conf\u00e9d\u00e9ration paysanne IDF Article du Parisien \u00e0 ce sujet Plus d&rsquo;info sur le collectif plus jamais \u00e7\u00e0 :\u00a0https:\/\/plus-jamais.org\/ &nbsp; &nbsp;\" \/>\n<meta property=\"og:url\" content=\"https:\/\/regions-snetap-fsu.fr\/idf\/2021\/02\/25\/le-salon-a-la-ferme\/\" \/>\n<meta property=\"og:site_name\" content=\"\u00ceLE-DE-FRANCE\" \/>\n<meta property=\"article:published_time\" content=\"2021-02-25T20:53:33+00:00\" \/>\n<meta property=\"article:modified_time\" content=\"2021-02-28T21:06:03+00:00\" \/>\n<meta property=\"og:image\" content=\"https:\/\/regions-snetap-fsu.fr\/idf\/wp-content\/uploads\/sites\/11\/2021\/02\/le-salon-a-la-ferme.jpg\" \/>\n\t<meta property=\"og:image:width\" content=\"548\" \/>\n\t<meta property=\"og:image:height\" content=\"753\" \/>\n\t<meta property=\"og:image:type\" content=\"image\/jpeg\" \/>\n<meta name=\"author\" content=\"tdossantos\" \/>\n<meta name=\"twitter:card\" content=\"summary_large_image\" \/>\n<meta name=\"twitter:label1\" content=\"\u00c9crit par\" \/>\n\t<meta name=\"twitter:data1\" content=\"tdossantos\" \/>\n<script type=\"application\/ld+json\" class=\"yoast-schema-graph\">{\"@context\":\"https:\\\/\\\/schema.org\",\"@graph\":[{\"@type\":\"Article\",\"@id\":\"https:\\\/\\\/regions-snetap-fsu.fr\\\/idf\\\/2021\\\/02\\\/25\\\/le-salon-a-la-ferme\\\/#article\",\"isPartOf\":{\"@id\":\"https:\\\/\\\/regions-snetap-fsu.fr\\\/idf\\\/2021\\\/02\\\/25\\\/le-salon-a-la-ferme\\\/\"},\"author\":{\"name\":\"tdossantos\",\"@id\":\"https:\\\/\\\/regions-snetap-fsu.fr\\\/idf\\\/#\\\/schema\\\/person\\\/1e2d8120205f21ade6260cd06759ef62\"},\"headline\":\"Le Salon \u00e0 la ferme !\",\"datePublished\":\"2021-02-25T20:53:33+00:00\",\"dateModified\":\"2021-02-28T21:06:03+00:00\",\"mainEntityOfPage\":{\"@id\":\"https:\\\/\\\/regions-snetap-fsu.fr\\\/idf\\\/2021\\\/02\\\/25\\\/le-salon-a-la-ferme\\\/\"},\"wordCount\":64,\"image\":{\"@id\":\"https:\\\/\\\/regions-snetap-fsu.fr\\\/idf\\\/2021\\\/02\\\/25\\\/le-salon-a-la-ferme\\\/#primaryimage\"},\"thumbnailUrl\":\"https:\\\/\\\/regions-snetap-fsu.fr\\\/idf\\\/wp-content\\\/uploads\\\/sites\\\/11\\\/2021\\\/02\\\/le-salon-a-la-ferme.jpg\",\"articleSection\":[\"Actions et communiqu\u00e9s\"],\"inLanguage\":\"fr-FR\"},{\"@type\":\"WebPage\",\"@id\":\"https:\\\/\\\/regions-snetap-fsu.fr\\\/idf\\\/2021\\\/02\\\/25\\\/le-salon-a-la-ferme\\\/\",\"url\":\"https:\\\/\\\/regions-snetap-fsu.fr\\\/idf\\\/2021\\\/02\\\/25\\\/le-salon-a-la-ferme\\\/\",\"name\":\"Le Salon \u00e0 la ferme ! - \u00ceLE-DE-FRANCE\",\"isPartOf\":{\"@id\":\"https:\\\/\\\/regions-snetap-fsu.fr\\\/idf\\\/#website\"},\"primaryImageOfPage\":{\"@id\":\"https:\\\/\\\/regions-snetap-fsu.fr\\\/idf\\\/2021\\\/02\\\/25\\\/le-salon-a-la-ferme\\\/#primaryimage\"},\"image\":{\"@id\":\"https:\\\/\\\/regions-snetap-fsu.fr\\\/idf\\\/2021\\\/02\\\/25\\\/le-salon-a-la-ferme\\\/#primaryimage\"},\"thumbnailUrl\":\"https:\\\/\\\/regions-snetap-fsu.fr\\\/idf\\\/wp-content\\\/uploads\\\/sites\\\/11\\\/2021\\\/02\\\/le-salon-a-la-ferme.jpg\",\"datePublished\":\"2021-02-25T20:53:33+00:00\",\"dateModified\":\"2021-02-28T21:06:03+00:00\",\"author\":{\"@id\":\"https:\\\/\\\/regions-snetap-fsu.fr\\\/idf\\\/#\\\/schema\\\/person\\\/1e2d8120205f21ade6260cd06759ef62\"},\"breadcrumb\":{\"@id\":\"https:\\\/\\\/regions-snetap-fsu.fr\\\/idf\\\/2021\\\/02\\\/25\\\/le-salon-a-la-ferme\\\/#breadcrumb\"},\"inLanguage\":\"fr-FR\",\"potentialAction\":[{\"@type\":\"ReadAction\",\"target\":[\"https:\\\/\\\/regions-snetap-fsu.fr\\\/idf\\\/2021\\\/02\\\/25\\\/le-salon-a-la-ferme\\\/\"]}]},{\"@type\":\"ImageObject\",\"inLanguage\":\"fr-FR\",\"@id\":\"https:\\\/\\\/regions-snetap-fsu.fr\\\/idf\\\/2021\\\/02\\\/25\\\/le-salon-a-la-ferme\\\/#primaryimage\",\"url\":\"https:\\\/\\\/regions-snetap-fsu.fr\\\/idf\\\/wp-content\\\/uploads\\\/sites\\\/11\\\/2021\\\/02\\\/le-salon-a-la-ferme.jpg\",\"contentUrl\":\"https:\\\/\\\/regions-snetap-fsu.fr\\\/idf\\\/wp-content\\\/uploads\\\/sites\\\/11\\\/2021\\\/02\\\/le-salon-a-la-ferme.jpg\",\"width\":548,\"height\":753},{\"@type\":\"BreadcrumbList\",\"@id\":\"https:\\\/\\\/regions-snetap-fsu.fr\\\/idf\\\/2021\\\/02\\\/25\\\/le-salon-a-la-ferme\\\/#breadcrumb\",\"itemListElement\":[{\"@type\":\"ListItem\",\"position\":1,\"name\":\"Accueil\",\"item\":\"https:\\\/\\\/regions-snetap-fsu.fr\\\/idf\\\/\"},{\"@type\":\"ListItem\",\"position\":2,\"name\":\"Le Salon \u00e0 la ferme !\"}]},{\"@type\":\"WebSite\",\"@id\":\"https:\\\/\\\/regions-snetap-fsu.fr\\\/idf\\\/#website\",\"url\":\"https:\\\/\\\/regions-snetap-fsu.fr\\\/idf\\\/\",\"name\":\"\u00ceLE-DE-FRANCE\",\"description\":\"Le blog de la Section R\u00e9gionale\",\"potentialAction\":[{\"@type\":\"SearchAction\",\"target\":{\"@type\":\"EntryPoint\",\"urlTemplate\":\"https:\\\/\\\/regions-snetap-fsu.fr\\\/idf\\\/?s={search_term_string}\"},\"query-input\":{\"@type\":\"PropertyValueSpecification\",\"valueRequired\":true,\"valueName\":\"search_term_string\"}}],\"inLanguage\":\"fr-FR\"},{\"@type\":\"Person\",\"@id\":\"https:\\\/\\\/regions-snetap-fsu.fr\\\/idf\\\/#\\\/schema\\\/person\\\/1e2d8120205f21ade6260cd06759ef62\",\"name\":\"tdossantos\",\"image\":{\"@type\":\"ImageObject\",\"inLanguage\":\"fr-FR\",\"@id\":\"https:\\\/\\\/secure.gravatar.com\\\/avatar\\\/eb323d66303d5d3db90b97b88724753e51811779db988d61b5311e81a13ec30d?s=96&d=mm&r=g\",\"url\":\"https:\\\/\\\/secure.gravatar.com\\\/avatar\\\/eb323d66303d5d3db90b97b88724753e51811779db988d61b5311e81a13ec30d?s=96&d=mm&r=g\",\"contentUrl\":\"https:\\\/\\\/secure.gravatar.com\\\/avatar\\\/eb323d66303d5d3db90b97b88724753e51811779db988d61b5311e81a13ec30d?s=96&d=mm&r=g\",\"caption\":\"tdossantos\"},\"url\":\"https:\\\/\\\/regions-snetap-fsu.fr\\\/idf\\\/author\\\/tdossantos\\\/\"}]}<\/script>\n<!-- \/ Yoast SEO plugin. -->","yoast_head_json":{"title":"Le Salon \u00e0 la ferme ! - \u00ceLE-DE-FRANCE","robots":{"index":"index","follow":"follow","max-snippet":"max-snippet:-1","max-image-preview":"max-image-preview:large","max-video-preview":"max-video-preview:-1"},"canonical":"https:\/\/regions-snetap-fsu.fr\/idf\/2021\/02\/25\/le-salon-a-la-ferme\/","og_locale":"fr_FR","og_type":"article","og_title":"Le Salon \u00e0 la ferme ! - \u00ceLE-DE-FRANCE","og_description":"Le CDDEAP (Comit\u00e9 de D\u00e9fense et de D\u00e9veloppement de l&rsquo;Enseignement Agricole Public) s&rsquo;associe avec le SNETAP-FSU au collectif \u00ab\u00a0Plus jamais \u00e7a !\u00a0\u00bb.\u00a0 En Ile de France, la Conf\u00e9d\u00e9ration paysanne sera active :\u00a0Actu conf\u00e9d\u00e9ration paysanne IDF Article du Parisien \u00e0 ce sujet Plus d&rsquo;info sur le collectif plus jamais \u00e7\u00e0 :\u00a0https:\/\/plus-jamais.org\/ &nbsp; &nbsp;","og_url":"https:\/\/regions-snetap-fsu.fr\/idf\/2021\/02\/25\/le-salon-a-la-ferme\/","og_site_name":"\u00ceLE-DE-FRANCE","article_published_time":"2021-02-25T20:53:33+00:00","article_modified_time":"2021-02-28T21:06:03+00:00","og_image":[{"width":548,"height":753,"url":"https:\/\/regions-snetap-fsu.fr\/idf\/wp-content\/uploads\/sites\/11\/2021\/02\/le-salon-a-la-ferme.jpg","type":"image\/jpeg"}],"author":"tdossantos","twitter_card":"summary_large_image","twitter_misc":{"\u00c9crit par":"tdossantos"},"schema":{"@context":"https:\/\/schema.org","@graph":[{"@type":"Article","@id":"https:\/\/regions-snetap-fsu.fr\/idf\/2021\/02\/25\/le-salon-a-la-ferme\/#article","isPartOf":{"@id":"https:\/\/regions-snetap-fsu.fr\/idf\/2021\/02\/25\/le-salon-a-la-ferme\/"},"author":{"name":"tdossantos","@id":"https:\/\/regions-snetap-fsu.fr\/idf\/#\/schema\/person\/1e2d8120205f21ade6260cd06759ef62"},"headline":"Le Salon \u00e0 la ferme !","datePublished":"2021-02-25T20:53:33+00:00","dateModified":"2021-02-28T21:06:03+00:00","mainEntityOfPage":{"@id":"https:\/\/regions-snetap-fsu.fr\/idf\/2021\/02\/25\/le-salon-a-la-ferme\/"},"wordCount":64,"image":{"@id":"https:\/\/regions-snetap-fsu.fr\/idf\/2021\/02\/25\/le-salon-a-la-ferme\/#primaryimage"},"thumbnailUrl":"https:\/\/regions-snetap-fsu.fr\/idf\/wp-content\/uploads\/sites\/11\/2021\/02\/le-salon-a-la-ferme.jpg","articleSection":["Actions et communiqu\u00e9s"],"inLanguage":"fr-FR"},{"@type":"WebPage","@id":"https:\/\/regions-snetap-fsu.fr\/idf\/2021\/02\/25\/le-salon-a-la-ferme\/","url":"https:\/\/regions-snetap-fsu.fr\/idf\/2021\/02\/25\/le-salon-a-la-ferme\/","name":"Le Salon \u00e0 la ferme ! - \u00ceLE-DE-FRANCE","isPartOf":{"@id":"https:\/\/regions-snetap-fsu.fr\/idf\/#website"},"primaryImageOfPage":{"@id":"https:\/\/regions-snetap-fsu.fr\/idf\/2021\/02\/25\/le-salon-a-la-ferme\/#primaryimage"},"image":{"@id":"https:\/\/regions-snetap-fsu.fr\/idf\/2021\/02\/25\/le-salon-a-la-ferme\/#primaryimage"},"thumbnailUrl":"https:\/\/regions-snetap-fsu.fr\/idf\/wp-content\/uploads\/sites\/11\/2021\/02\/le-salon-a-la-ferme.jpg","datePublished":"2021-02-25T20:53:33+00:00","dateModified":"2021-02-28T21:06:03+00:00","author":{"@id":"https:\/\/regions-snetap-fsu.fr\/idf\/#\/schema\/person\/1e2d8120205f21ade6260cd06759ef62"},"breadcrumb":{"@id":"https:\/\/regions-snetap-fsu.fr\/idf\/2021\/02\/25\/le-salon-a-la-ferme\/#breadcrumb"},"inLanguage":"fr-FR","potentialAction":[{"@type":"ReadAction","target":["https:\/\/regions-snetap-fsu.fr\/idf\/2021\/02\/25\/le-salon-a-la-ferme\/"]}]},{"@type":"ImageObject","inLanguage":"fr-FR","@id":"https:\/\/regions-snetap-fsu.fr\/idf\/2021\/02\/25\/le-salon-a-la-ferme\/#primaryimage","url":"https:\/\/regions-snetap-fsu.fr\/idf\/wp-content\/uploads\/sites\/11\/2021\/02\/le-salon-a-la-ferme.jpg","contentUrl":"https:\/\/regions-snetap-fsu.fr\/idf\/wp-content\/uploads\/sites\/11\/2021\/02\/le-salon-a-la-ferme.jpg","width":548,"height":753},{"@type":"BreadcrumbList","@id":"https:\/\/regions-snetap-fsu.fr\/idf\/2021\/02\/25\/le-salon-a-la-ferme\/#breadcrumb","itemListElement":[{"@type":"ListItem","position":1,"name":"Accueil","item":"https:\/\/regions-snetap-fsu.fr\/idf\/"},{"@type":"ListItem","position":2,"name":"Le Salon \u00e0 la ferme !"}]},{"@type":"WebSite","@id":"https:\/\/regions-snetap-fsu.fr\/idf\/#website","url":"https:\/\/regions-snetap-fsu.fr\/idf\/","name":"\u00ceLE-DE-FRANCE","description":"Le blog de la Section R\u00e9gionale","potentialAction":[{"@type":"SearchAction","target":{"@type":"EntryPoint","urlTemplate":"https:\/\/regions-snetap-fsu.fr\/idf\/?s={search_term_string}"},"query-input":{"@type":"PropertyValueSpecification","valueRequired":true,"valueName":"search_term_string"}}],"inLanguage":"fr-FR"},{"@type":"Person","@id":"https:\/\/regions-snetap-fsu.fr\/idf\/#\/schema\/person\/1e2d8120205f21ade6260cd06759ef62","name":"tdossantos","image":{"@type":"ImageObject","inLanguage":"fr-FR","@id":"https:\/\/secure.gravatar.com\/avatar\/eb323d66303d5d3db90b97b88724753e51811779db988d61b5311e81a13ec30d?s=96&d=mm&r=g","url":"https:\/\/secure.gravatar.com\/avatar\/eb323d66303d5d3db90b97b88724753e51811779db988d61b5311e81a13ec30d?s=96&d=mm&r=g","contentUrl":"https:\/\/secure.gravatar.com\/avatar\/eb323d66303d5d3db90b97b88724753e51811779db988d61b5311e81a13ec30d?s=96&d=mm&r=g","caption":"tdossantos"},"url":"https:\/\/regions-snetap-fsu.fr\/idf\/author\/tdossantos\/"}]}},"_links":{"self":[{"href":"https:\/\/regions-snetap-fsu.fr\/idf\/wp-json\/wp\/v2\/posts\/1128","targetHints":{"allow":["GET"]}}],"collection":[{"href":"https:\/\/regions-snetap-fsu.fr\/idf\/wp-json\/wp\/v2\/posts"}],"about":[{"href":"https:\/\/regions-snetap-fsu.fr\/idf\/wp-json\/wp\/v2\/types\/post"}],"author":[{"embeddable":true,"href":"https:\/\/regions-snetap-fsu.fr\/idf\/wp-json\/wp\/v2\/users\/104"}],"replies":[{"embeddable":true,"href":"https:\/\/regions-snetap-fsu.fr\/idf\/wp-json\/wp\/v2\/comments?post=1128"}],"version-history":[{"count":6,"href":"https:\/\/regions-snetap-fsu.fr\/idf\/wp-json\/wp\/v2\/posts\/1128\/revisions"}],"predecessor-version":[{"id":1135,"href":"https:\/\/regions-snetap-fsu.fr\/idf\/wp-json\/wp\/v2\/posts\/1128\/revisions\/1135"}],"wp:featuredmedia":[{"embeddable":true,"href":"https:\/\/regions-snetap-fsu.fr\/idf\/wp-json\/wp\/v2\/media\/1133"}],"wp:attachment":[{"href":"https:\/\/regions-snetap-fsu.fr\/idf\/wp-json\/wp\/v2\/media?parent=1128"}],"wp:term":[{"taxonomy":"category","embeddable":true,"href":"https:\/\/regions-snetap-fsu.fr\/idf\/wp-json\/wp\/v2\/categories?post=1128"},{"taxonomy":"post_tag","embeddable":true,"href":"https:\/\/regions-snetap-fsu.fr\/idf\/wp-json\/wp\/v2\/tags?post=1128"},{"taxonomy":"post_folder","embeddable":true,"href":"https:\/\/regions-snetap-fsu.fr\/idf\/wp-json\/wp\/v2\/post_folder?post=1128"}],"curies":[{"name":"wp","href":"https:\/\/api.w.org\/{rel}","templated":true}]}}