{"id":9842,"date":"2025-03-29T15:59:56","date_gmt":"2025-03-29T14:59:56","guid":{"rendered":"https:\/\/regions-snetap-fsu.fr\/hdf\/?p=9842"},"modified":"2025-04-02T19:21:56","modified_gmt":"2025-04-02T17:21:56","slug":"journee-dactions-et-de-mobilisation-le-3-avril-2025-un-appel-a-lengagement-collectif-pour-la-fonction-publique","status":"publish","type":"post","link":"https:\/\/regions-snetap-fsu.fr\/hdf\/2025\/03\/29\/journee-dactions-et-de-mobilisation-le-3-avril-2025-un-appel-a-lengagement-collectif-pour-la-fonction-publique\/","title":{"rendered":"Journ\u00e9e d&rsquo;Actions et de Mobilisation le 3 Avril 2025 : Un Appel \u00e0 l&rsquo;Engagement Collectif pour la Fonction Publique"},"content":{"rendered":"\t\t<div data-elementor-type=\"wp-post\" data-elementor-id=\"9842\" class=\"elementor elementor-9842\">\n\t\t\t\t<div class=\"elementor-element elementor-element-e79ee83 e-flex e-con-boxed e-con e-parent\" data-id=\"e79ee83\" data-element_type=\"container\" data-e-type=\"container\">\n\t\t\t\t\t<div class=\"e-con-inner\">\n\t\t\t\t<div class=\"elementor-element elementor-element-202b8c3 elementor-widget elementor-widget-heading\" data-id=\"202b8c3\" data-element_type=\"widget\" data-e-type=\"widget\" data-widget_type=\"heading.default\">\n\t\t\t\t<div class=\"elementor-widget-container\">\n\t\t\t\t\t<h2 class=\"elementor-heading-title elementor-size-default\">Journ\u00e9e d'Actions et de Mobilisation le jeudi 3 Avril 2025 :<\/h2>\t\t\t\t<\/div>\n\t\t\t\t<\/div>\n\t\t\t\t<div class=\"elementor-element elementor-element-ea17789 elementor-widget elementor-widget-heading\" data-id=\"ea17789\" data-element_type=\"widget\" data-e-type=\"widget\" data-widget_type=\"heading.default\">\n\t\t\t\t<div class=\"elementor-widget-container\">\n\t\t\t\t\t<h2 class=\"elementor-heading-title elementor-size-default\"> Un Appel \u00e0 l'Engagement Collectif pour la Fonction Publique<\/h2>\t\t\t\t<\/div>\n\t\t\t\t<\/div>\n\t\t\t\t\t<\/div>\n\t\t\t\t<\/div>\n\t\t<div class=\"elementor-element elementor-element-4b0b2e9 e-flex e-con-boxed e-con e-parent\" data-id=\"4b0b2e9\" data-element_type=\"container\" data-e-type=\"container\">\n\t\t\t\t\t<div class=\"e-con-inner\">\n\t\t\t\t<div class=\"elementor-element elementor-element-49c2a3b elementor-widget elementor-widget-text-editor\" data-id=\"49c2a3b\" data-element_type=\"widget\" data-e-type=\"widget\" data-widget_type=\"text-editor.default\">\n\t\t\t\t<div class=\"elementor-widget-container\">\n\t\t\t\t\t\t\t\t\t<p style=\"text-align: justify\"><span style=\"font-family: tahoma, arial, helvetica, sans-serif\">Le jeudi 3 avril 2025, l&rsquo;intersyndicale FSU, CGT, Solidaires, UNSA organise une journ\u00e9e d&rsquo;actions, de mobilisations et d&rsquo;informations pour porter haut et fort nos revendications communes. Cette initiative marque un premier temps national de mobilisation, visant \u00e0 d\u00e9fendre les services publics, am\u00e9liorer les conditions de travail et promouvoir l&rsquo;\u00e9galit\u00e9 salariale.<\/span><\/p>\t\t\t\t\t\t\t\t<\/div>\n\t\t\t\t<\/div>\n\t\t\t\t\t<\/div>\n\t\t\t\t<\/div>\n\t\t<div class=\"elementor-element elementor-element-7d21d1b e-flex e-con-boxed e-con e-parent\" data-id=\"7d21d1b\" data-element_type=\"container\" data-e-type=\"container\">\n\t\t\t\t\t<div class=\"e-con-inner\">\n\t\t\t\t<div class=\"elementor-element elementor-element-f445d04 elementor-widget elementor-widget-text-editor\" data-id=\"f445d04\" data-element_type=\"widget\" data-e-type=\"widget\" data-widget_type=\"text-editor.default\">\n\t\t\t\t<div class=\"elementor-widget-container\">\n\t\t\t\t\t\t\t\t\t<h3 style=\"text-align: center\"><span style=\"font-family: tahoma, arial, helvetica, sans-serif;color: #129447\">Nos Revendications<\/span><\/h3><ol><li><p dir=\"auto\" style=\"text-align: justify\"><span style=\"font-family: tahoma, arial, helvetica, sans-serif\"><strong>D\u00e9fense des Services Publics<\/strong> : Nous exigeons des services publics et une fonction publique qui assurent les droits et r\u00e9pondent aux besoins des populations sur l&rsquo;ensemble du territoire, y compris en Outre-Mer.<\/span><\/p><\/li><li style=\"text-align: justify\"><p dir=\"auto\"><span style=\"font-family: tahoma, arial, helvetica, sans-serif\"><strong>Augmentation des Salaires<\/strong> : Nous demandons une augmentation de la valeur du point d&rsquo;indice et des mesures salariales g\u00e9n\u00e9rales pour tous les agents publics.<\/span><\/p><\/li><li style=\"text-align: justify\"><p dir=\"auto\"><span style=\"font-family: tahoma, arial, helvetica, sans-serif\"><strong>\u00c9galit\u00e9 Salariale Femmes-Hommes<\/strong> : L&rsquo;\u00e9galit\u00e9 salariale et professionnelle entre les femmes et les hommes doit \u00eatre une priorit\u00e9.<\/span><\/p><\/li><li style=\"text-align: justify\"><p dir=\"auto\"><span style=\"font-family: tahoma, arial, helvetica, sans-serif\"><strong>Abrogation de la R\u00e9forme des Retraites de 2023<\/strong> : Nous refusons le report de l&rsquo;\u00e2ge l\u00e9gal de d\u00e9part \u00e0 la retraite \u00e0 64 ans et demandons l&rsquo;abrogation de cette mesure.<\/span><\/p><\/li><li style=\"text-align: justify\"><p dir=\"auto\"><span style=\"font-family: tahoma, arial, helvetica, sans-serif\"><strong>Suppression de la Baisse des R\u00e9mun\u00e9rations en Cong\u00e9 Maladie<\/strong> : Nous exigeons la suppression de la baisse de 10% des r\u00e9mun\u00e9rations pendant les cong\u00e9s de maladie.<\/span><\/p><\/li><li style=\"text-align: justify\"><p dir=\"auto\"><span style=\"font-family: tahoma, arial, helvetica, sans-serif\"><strong>Refonte des Grilles Indiciaires<\/strong> : Une refonte des grilles indiciaires est n\u00e9cessaire pour une meilleure reconnaissance des carri\u00e8res.<\/span><\/p><\/li><li style=\"text-align: justify\"><p dir=\"auto\"><span style=\"font-family: tahoma, arial, helvetica, sans-serif\"><strong>R\u00e9tablissement du Versement de la Gipa<\/strong> : Le versement de la Garantie Individuelle du Pouvoir d&rsquo;Achat (Gipa) doit \u00eatre r\u00e9tabli.<\/span><\/p><\/li><li><p dir=\"auto\" style=\"text-align: justify\"><span style=\"font-family: tahoma, arial, helvetica, sans-serif\"><strong>Droits des Agents Publics<\/strong> : Les droits des agents publics en mati\u00e8re de protection et d&rsquo;action sociales doivent \u00eatre assur\u00e9s.<\/span><\/p><\/li><\/ol>\t\t\t\t\t\t\t\t<\/div>\n\t\t\t\t<\/div>\n\t\t\t\t\t<\/div>\n\t\t\t\t<\/div>\n\t\t<div class=\"elementor-element elementor-element-25b2edd e-flex e-con-boxed e-con e-parent\" data-id=\"25b2edd\" data-element_type=\"container\" data-e-type=\"container\">\n\t\t\t\t\t<div class=\"e-con-inner\">\n\t\t\t\t<div class=\"elementor-element elementor-element-5ac3289 elementor-align-center elementor-widget elementor-widget-button\" data-id=\"5ac3289\" data-element_type=\"widget\" data-e-type=\"widget\" data-widget_type=\"button.default\">\n\t\t\t\t<div class=\"elementor-widget-container\">\n\t\t\t\t\t\t\t\t\t<div class=\"elementor-button-wrapper\">\n\t\t\t\t\t<a class=\"elementor-button elementor-button-link elementor-size-sm\" href=\"https:\/\/fsu.fr\/calculateur-10-pour-arret-maladie-cest-non\/\" target=\"_blank\">\n\t\t\t\t\t\t<span class=\"elementor-button-content-wrapper\">\n\t\t\t\t\t\t<span class=\"elementor-button-icon\">\n\t\t\t\t<svg aria-hidden=\"true\" class=\"e-font-icon-svg e-fas-mouse-pointer\" viewBox=\"0 0 320 512\" xmlns=\"http:\/\/www.w3.org\/2000\/svg\"><path d=\"M302.189 329.126H196.105l55.831 135.993c3.889 9.428-.555 19.999-9.444 23.999l-49.165 21.427c-9.165 4-19.443-.571-23.332-9.714l-53.053-129.136-86.664 89.138C18.729 472.71 0 463.554 0 447.977V18.299C0 1.899 19.921-6.096 30.277 5.443l284.412 292.542c11.472 11.179 3.007 31.141-12.5 31.141z\"><\/path><\/svg>\t\t\t<\/span>\n\t\t\t\t\t\t\t\t\t<span class=\"elementor-button-text\">Cliquez ici pour le Calculateur \u2013 10% pour arr\u00eat maladie, c\u2019est non<\/span>\n\t\t\t\t\t<\/span>\n\t\t\t\t\t<\/a>\n\t\t\t\t<\/div>\n\t\t\t\t\t\t\t\t<\/div>\n\t\t\t\t<\/div>\n\t\t\t\t<div class=\"elementor-element elementor-element-2ba0c68 elementor-align-center elementor-widget elementor-widget-button\" data-id=\"2ba0c68\" data-element_type=\"widget\" data-e-type=\"widget\" data-widget_type=\"button.default\">\n\t\t\t\t<div class=\"elementor-widget-container\">\n\t\t\t\t\t\t\t\t\t<div class=\"elementor-button-wrapper\">\n\t\t\t\t\t<a class=\"elementor-button elementor-button-link elementor-size-sm\" href=\"https:\/\/www.change.org\/p\/pour-le-r%C3%A9tablissement-%C3%A0-100-du-salaire-en-cas-d-arr%C3%AAt-maladie-ordinaire\" target=\"_blank\">\n\t\t\t\t\t\t<span class=\"elementor-button-content-wrapper\">\n\t\t\t\t\t\t<span class=\"elementor-button-icon\">\n\t\t\t\t<svg aria-hidden=\"true\" class=\"e-font-icon-svg e-fas-mouse-pointer\" viewBox=\"0 0 320 512\" xmlns=\"http:\/\/www.w3.org\/2000\/svg\"><path d=\"M302.189 329.126H196.105l55.831 135.993c3.889 9.428-.555 19.999-9.444 23.999l-49.165 21.427c-9.165 4-19.443-.571-23.332-9.714l-53.053-129.136-86.664 89.138C18.729 472.71 0 463.554 0 447.977V18.299C0 1.899 19.921-6.096 30.277 5.443l284.412 292.542c11.472 11.179 3.007 31.141-12.5 31.141z\"><\/path><\/svg>\t\t\t<\/span>\n\t\t\t\t\t\t\t\t\t<span class=\"elementor-button-text\">Cliquez ici pour le r\u00e9tablissement \u00e0 100% du salaire en cas d'arr\u00eat maladie ordinaire !<\/span>\n\t\t\t\t\t<\/span>\n\t\t\t\t\t<\/a>\n\t\t\t\t<\/div>\n\t\t\t\t\t\t\t\t<\/div>\n\t\t\t\t<\/div>\n\t\t\t\t\t<\/div>\n\t\t\t\t<\/div>\n\t\t<div class=\"elementor-element elementor-element-243e9f9 e-flex e-con-boxed e-con e-parent\" data-id=\"243e9f9\" data-element_type=\"container\" data-e-type=\"container\">\n\t\t\t\t\t<div class=\"e-con-inner\">\n\t\t\t\t<div class=\"elementor-element elementor-element-cff0bc0 elementor-widget elementor-widget-spacer\" data-id=\"cff0bc0\" data-element_type=\"widget\" data-e-type=\"widget\" data-widget_type=\"spacer.default\">\n\t\t\t\t<div class=\"elementor-widget-container\">\n\t\t\t\t\t\t\t<div class=\"elementor-spacer\">\n\t\t\t<div class=\"elementor-spacer-inner\"><\/div>\n\t\t<\/div>\n\t\t\t\t\t\t<\/div>\n\t\t\t\t<\/div>\n\t\t\t\t\t<\/div>\n\t\t\t\t<\/div>\n\t\t<div class=\"elementor-element elementor-element-7768267 e-flex e-con-boxed e-con e-parent\" data-id=\"7768267\" data-element_type=\"container\" data-e-type=\"container\">\n\t\t\t\t\t<div class=\"e-con-inner\">\n\t\t\t\t<div class=\"elementor-element elementor-element-bf11bb7 elementor-widget elementor-widget-text-editor\" data-id=\"bf11bb7\" data-element_type=\"widget\" data-e-type=\"widget\" data-widget_type=\"text-editor.default\">\n\t\t\t\t<div class=\"elementor-widget-container\">\n\t\t\t\t\t\t\t\t\t<h3 style=\"text-align: center\"><span style=\"font-family: tahoma, arial, helvetica, sans-serif;color: #129447\">Engagement et Solidarit\u00e9<\/span><\/h3><p dir=\"auto\" style=\"text-align: justify\"><span style=\"font-family: tahoma, arial, helvetica, sans-serif\">M\u00eame si de nombreux\u00b7euses coll\u00e8gues se sont d\u00e9j\u00e0 largement mobilis\u00e9\u00b7e\u00b7s ces derniers jours, cette journ\u00e9e du jeudi 3 avril repr\u00e9sente une nouvelle occasion de contester les suppressions d&#8217;emplois dans l&rsquo;enseignement agricole public, la d\u00e9gradation des conditions de travail et la pr\u00e9carit\u00e9 grandissante.<\/span><\/p><p dir=\"auto\" style=\"text-align: justify\"><strong><span style=\"font-family: tahoma, arial, helvetica, sans-serif\">Nous remercions chacun et chacune pour votre engagement au service de l&rsquo;enseignement agricole public. Ensemble, faisons entendre notre voix et d\u00e9fendons nos droits !<\/span><\/strong><\/p>\t\t\t\t\t\t\t\t<\/div>\n\t\t\t\t<\/div>\n\t\t\t\t\t<\/div>\n\t\t\t\t<\/div>\n\t\t<div class=\"elementor-element elementor-element-0deb84b e-flex e-con-boxed e-con e-parent\" data-id=\"0deb84b\" data-element_type=\"container\" data-e-type=\"container\">\n\t\t\t\t\t<div class=\"e-con-inner\">\n\t\t\t\t<div class=\"elementor-element elementor-element-ccd914f elementor-widget elementor-widget-spacer\" data-id=\"ccd914f\" data-element_type=\"widget\" data-e-type=\"widget\" data-widget_type=\"spacer.default\">\n\t\t\t\t<div class=\"elementor-widget-container\">\n\t\t\t\t\t\t\t<div class=\"elementor-spacer\">\n\t\t\t<div class=\"elementor-spacer-inner\"><\/div>\n\t\t<\/div>\n\t\t\t\t\t\t<\/div>\n\t\t\t\t<\/div>\n\t\t\t\t\t<\/div>\n\t\t\t\t<\/div>\n\t\t<div class=\"elementor-element elementor-element-53d6c62 e-flex e-con-boxed e-con e-parent\" data-id=\"53d6c62\" data-element_type=\"container\" data-e-type=\"container\">\n\t\t\t\t\t<div class=\"e-con-inner\">\n\t\t\t\t<div class=\"elementor-element elementor-element-de58000 elementor-widget elementor-widget-text-editor\" data-id=\"de58000\" data-element_type=\"widget\" data-e-type=\"widget\" data-widget_type=\"text-editor.default\">\n\t\t\t\t<div class=\"elementor-widget-container\">\n\t\t\t\t\t\t\t\t\t<h3 style=\"text-align: center\"><span style=\"font-family: tahoma, arial, helvetica, sans-serif;font-size: 14pt;color: #129447\">Lettre aux syndicats<br \/><\/span><\/h3>\t\t\t\t\t\t\t\t<\/div>\n\t\t\t\t<\/div>\n\t\t\t\t\t<\/div>\n\t\t\t\t<\/div>\n\t\t<div class=\"elementor-element elementor-element-21acce2 e-flex e-con-boxed e-con e-parent\" data-id=\"21acce2\" data-element_type=\"container\" data-e-type=\"container\">\n\t\t\t\t\t<div class=\"e-con-inner\">\n\t\t\t\t<div class=\"elementor-element elementor-element-ef7162a elementor-widget elementor-widget-pdfjs-viewer\" data-id=\"ef7162a\" data-element_type=\"widget\" data-e-type=\"widget\" data-widget_type=\"pdfjs-viewer.default\">\n\t\t\t\t<div class=\"elementor-widget-container\">\n\t\t\t\t\t<iframe width=\"\" height=\"1100\" src=\"https:\/\/regions-snetap-fsu.fr\/hdf\/wp-content\/plugins\/pdfjs-viewer-for-elementor\/\/assets\/js\/pdfjs\/web\/viewer.html?file=https:\/\/regions-snetap-fsu.fr\/hdf\/wp-content\/uploads\/sites\/5\/2025\/03\/2025-03-29_Lettre_aux_organisations_et_syndicats_intersyndicale_3_avril_1a06f2426035-1.pdf\"><\/iframe>\t\t\t\t<\/div>\n\t\t\t\t<\/div>\n\t\t\t\t\t<\/div>\n\t\t\t\t<\/div>\n\t\t<div class=\"elementor-element elementor-element-72f65c3 e-flex e-con-boxed e-con e-parent\" data-id=\"72f65c3\" data-element_type=\"container\" data-e-type=\"container\">\n\t\t\t\t\t<div class=\"e-con-inner\">\n\t\t\t\t<div class=\"elementor-element elementor-element-152d27a elementor-widget elementor-widget-text-editor\" data-id=\"152d27a\" data-element_type=\"widget\" data-e-type=\"widget\" data-widget_type=\"text-editor.default\">\n\t\t\t\t<div class=\"elementor-widget-container\">\n\t\t\t\t\t\t\t\t\t<h3 style=\"text-align: center\"><strong><span style=\"font-family: tahoma, arial, helvetica, sans-serif;color: #ff0000\">Les mobilisations dans les Hauts-de-France<\/span><\/strong><\/h3>\t\t\t\t\t\t\t\t<\/div>\n\t\t\t\t<\/div>\n\t\t\t\t\t<\/div>\n\t\t\t\t<\/div>\n\t\t<div class=\"elementor-element elementor-element-0d71928 e-flex e-con-boxed e-con e-parent\" data-id=\"0d71928\" data-element_type=\"container\" data-e-type=\"container\">\n\t\t\t\t\t<div class=\"e-con-inner\">\n\t\t\t\t<div class=\"elementor-element elementor-element-28e62c0 elementor-widget elementor-widget-text-editor\" data-id=\"28e62c0\" data-element_type=\"widget\" data-e-type=\"widget\" data-widget_type=\"text-editor.default\">\n\t\t\t\t<div class=\"elementor-widget-container\">\n\t\t\t\t\t\t\t\t\t<ul><li><span style=\"font-family: tahoma, arial, helvetica, sans-serif\"><strong>Abbeville<\/strong>, 17h30, devant l&rsquo;entr\u00e9e principale de l&rsquo;h\u00f4pital.<\/span><\/li><li><span style=\"font-family: tahoma, arial, helvetica, sans-serif\"><strong>Amiens<\/strong>, 14h \u00e0 la Place de l\u2019H\u00f4tel de ville.<\/span><\/li><li><span style=\"font-family: tahoma, arial, helvetica, sans-serif\"><strong>Beauvais<\/strong>, 17h, Pr\u00e9fecture.<\/span><\/li><li><span style=\"font-family: tahoma, arial, helvetica, sans-serif\"><strong>Laon<\/strong>, 10h, Pr\u00e9fecture<\/span><\/li><li><span style=\"font-family: tahoma, arial, helvetica, sans-serif\"><strong>Lille<\/strong>, 14h30, Porte de Paris.<\/span><\/li><\/ul>\t\t\t\t\t\t\t\t<\/div>\n\t\t\t\t<\/div>\n\t\t\t\t\t<\/div>\n\t\t\t\t<\/div>\n\t\t<div class=\"elementor-element elementor-element-ed7418d e-flex e-con-boxed e-con e-parent\" data-id=\"ed7418d\" data-element_type=\"container\" data-e-type=\"container\">\n\t\t\t\t\t<div class=\"e-con-inner\">\n\t\t\t\t<div class=\"elementor-element elementor-element-4220f10 elementor-widget elementor-widget-text-editor\" data-id=\"4220f10\" data-element_type=\"widget\" data-e-type=\"widget\" data-widget_type=\"text-editor.default\">\n\t\t\t\t<div class=\"elementor-widget-container\">\n\t\t\t\t\t\t\t\t\t<p><span style=\"font-family: tahoma, arial, helvetica, sans-serif;color: #000000\"><i>Cet article est susceptible d\u2019\u00e9voluer jusqu\u2019\u00e0 la date du 3 avril 2025.<\/i><\/span><\/p>\t\t\t\t\t\t\t\t<\/div>\n\t\t\t\t<\/div>\n\t\t\t\t\t<\/div>\n\t\t\t\t<\/div>\n\t\t\t\t<\/div>\n\t\t","protected":false},"excerpt":{"rendered":"<p>Journ\u00e9e d&rsquo;Actions et de Mobilisation le jeudi 3 Avril 2025 : Un Appel \u00e0 l&rsquo;Engagement Collectif pour la Fonction Publique Le jeudi 3 avril 2025, l&rsquo;intersyndicale FSU, CGT, Solidaires, UNSA organise une journ\u00e9e d&rsquo;actions, de mobilisations et d&rsquo;informations pour porter haut et fort nos revendications communes. Cette initiative marque un premier temps national de mobilisation, [&hellip;]<\/p>\n","protected":false},"author":88,"featured_media":6180,"comment_status":"closed","ping_status":"closed","sticky":false,"template":"","format":"standard","meta":{"ocean_post_layout":"","ocean_both_sidebars_style":"","ocean_both_sidebars_content_width":0,"ocean_both_sidebars_sidebars_width":0,"ocean_sidebar":"0","ocean_second_sidebar":"0","ocean_disable_margins":"enable","ocean_add_body_class":"","ocean_shortcode_before_top_bar":"","ocean_shortcode_after_top_bar":"","ocean_shortcode_before_header":"","ocean_shortcode_after_header":"","ocean_has_shortcode":"","ocean_shortcode_after_title":"","ocean_shortcode_before_footer_widgets":"","ocean_shortcode_after_footer_widgets":"","ocean_shortcode_before_footer_bottom":"","ocean_shortcode_after_footer_bottom":"","ocean_display_top_bar":"default","ocean_display_header":"default","ocean_header_style":"","ocean_center_header_left_menu":"0","ocean_custom_header_template":"0","ocean_custom_logo":0,"ocean_custom_retina_logo":0,"ocean_custom_logo_max_width":0,"ocean_custom_logo_tablet_max_width":0,"ocean_custom_logo_mobile_max_width":0,"ocean_custom_logo_max_height":0,"ocean_custom_logo_tablet_max_height":0,"ocean_custom_logo_mobile_max_height":0,"ocean_header_custom_menu":"0","ocean_menu_typo_font_family":"0","ocean_menu_typo_font_subset":"","ocean_menu_typo_font_size":0,"ocean_menu_typo_font_size_tablet":0,"ocean_menu_typo_font_size_mobile":0,"ocean_menu_typo_font_size_unit":"px","ocean_menu_typo_font_weight":"","ocean_menu_typo_font_weight_tablet":"","ocean_menu_typo_font_weight_mobile":"","ocean_menu_typo_transform":"","ocean_menu_typo_transform_tablet":"","ocean_menu_typo_transform_mobile":"","ocean_menu_typo_line_height":0,"ocean_menu_typo_line_height_tablet":0,"ocean_menu_typo_line_height_mobile":0,"ocean_menu_typo_line_height_unit":"","ocean_menu_typo_spacing":0,"ocean_menu_typo_spacing_tablet":0,"ocean_menu_typo_spacing_mobile":0,"ocean_menu_typo_spacing_unit":"","ocean_menu_link_color":"","ocean_menu_link_color_hover":"","ocean_menu_link_color_active":"","ocean_menu_link_background":"","ocean_menu_link_hover_background":"","ocean_menu_link_active_background":"","ocean_menu_social_links_bg":"","ocean_menu_social_hover_links_bg":"","ocean_menu_social_links_color":"","ocean_menu_social_hover_links_color":"","ocean_disable_title":"default","ocean_disable_heading":"default","ocean_post_title":"","ocean_post_subheading":"","ocean_post_title_style":"","ocean_post_title_background_color":"","ocean_post_title_background":0,"ocean_post_title_bg_image_position":"","ocean_post_title_bg_image_attachment":"","ocean_post_title_bg_image_repeat":"","ocean_post_title_bg_image_size":"","ocean_post_title_height":0,"ocean_post_title_bg_overlay":0.5,"ocean_post_title_bg_overlay_color":"","ocean_disable_breadcrumbs":"default","ocean_breadcrumbs_color":"","ocean_breadcrumbs_separator_color":"","ocean_breadcrumbs_links_color":"","ocean_breadcrumbs_links_hover_color":"","ocean_display_footer_widgets":"default","ocean_display_footer_bottom":"default","ocean_custom_footer_template":"0","ocean_post_oembed":"","ocean_post_self_hosted_media":"","ocean_post_video_embed":"","ocean_link_format":"","ocean_link_format_target":"self","ocean_quote_format":"","ocean_quote_format_link":"post","ocean_gallery_link_images":"on","ocean_gallery_id":[],"footnotes":""},"categories":[2],"tags":[],"post_folder":[],"class_list":["post-9842","post","type-post","status-publish","format-standard","has-post-thumbnail","hentry","category-actions-greves-manifs","entry","has-media"],"yoast_head":"<!-- This site is optimized with the Yoast SEO plugin v27.4 - https:\/\/yoast.com\/product\/yoast-seo-wordpress\/ -->\n<title>Journ\u00e9e d&#039;Actions et de Mobilisation le 3 Avril 2025 : Un Appel \u00e0 l&#039;Engagement Collectif pour la Fonction Publique - HAUTS-DE-FRANCE<\/title>\n<meta name=\"robots\" content=\"index, follow, max-snippet:-1, max-image-preview:large, max-video-preview:-1\" \/>\n<link rel=\"canonical\" href=\"https:\/\/regions-snetap-fsu.fr\/hdf\/2025\/03\/29\/journee-dactions-et-de-mobilisation-le-3-avril-2025-un-appel-a-lengagement-collectif-pour-la-fonction-publique\/\" \/>\n<meta property=\"og:locale\" content=\"fr_FR\" \/>\n<meta property=\"og:type\" content=\"article\" \/>\n<meta property=\"og:title\" content=\"Journ\u00e9e d&#039;Actions et de Mobilisation le 3 Avril 2025 : Un Appel \u00e0 l&#039;Engagement Collectif pour la Fonction Publique - HAUTS-DE-FRANCE\" \/>\n<meta property=\"og:description\" content=\"Journ\u00e9e d&rsquo;Actions et de Mobilisation le jeudi 3 Avril 2025 : Un Appel \u00e0 l&rsquo;Engagement Collectif pour la Fonction Publique Le jeudi 3 avril 2025, l&rsquo;intersyndicale FSU, CGT, Solidaires, UNSA organise une journ\u00e9e d&rsquo;actions, de mobilisations et d&rsquo;informations pour porter haut et fort nos revendications communes. Cette initiative marque un premier temps national de mobilisation, [&hellip;]\" \/>\n<meta property=\"og:url\" content=\"https:\/\/regions-snetap-fsu.fr\/hdf\/2025\/03\/29\/journee-dactions-et-de-mobilisation-le-3-avril-2025-un-appel-a-lengagement-collectif-pour-la-fonction-publique\/\" \/>\n<meta property=\"og:site_name\" content=\"HAUTS-DE-FRANCE\" \/>\n<meta property=\"article:published_time\" content=\"2025-03-29T14:59:56+00:00\" \/>\n<meta property=\"article:modified_time\" content=\"2025-04-02T17:21:56+00:00\" \/>\n<meta property=\"og:image\" content=\"https:\/\/regions-snetap-fsu.fr\/hdf\/wp-content\/uploads\/sites\/5\/2021\/01\/Rassemblements.jpg\" \/>\n\t<meta property=\"og:image:width\" content=\"435\" \/>\n\t<meta property=\"og:image:height\" content=\"200\" \/>\n\t<meta property=\"og:image:type\" content=\"image\/jpeg\" \/>\n<meta name=\"author\" content=\"Regis Martinage\" \/>\n<meta name=\"twitter:card\" content=\"summary_large_image\" \/>\n<meta name=\"twitter:creator\" content=\"@MartinageSnetap\" \/>\n<meta name=\"twitter:site\" content=\"@MartinageSnetap\" \/>\n<meta name=\"twitter:label1\" content=\"\u00c9crit par\" \/>\n\t<meta name=\"twitter:data1\" content=\"Regis Martinage\" \/>\n\t<meta name=\"twitter:label2\" content=\"Dur\u00e9e de lecture estim\u00e9e\" \/>\n\t<meta name=\"twitter:data2\" content=\"2 minutes\" \/>\n<script type=\"application\/ld+json\" class=\"yoast-schema-graph\">{\"@context\":\"https:\\\/\\\/schema.org\",\"@graph\":[{\"@type\":\"Article\",\"@id\":\"https:\\\/\\\/regions-snetap-fsu.fr\\\/hdf\\\/2025\\\/03\\\/29\\\/journee-dactions-et-de-mobilisation-le-3-avril-2025-un-appel-a-lengagement-collectif-pour-la-fonction-publique\\\/#article\",\"isPartOf\":{\"@id\":\"https:\\\/\\\/regions-snetap-fsu.fr\\\/hdf\\\/2025\\\/03\\\/29\\\/journee-dactions-et-de-mobilisation-le-3-avril-2025-un-appel-a-lengagement-collectif-pour-la-fonction-publique\\\/\"},\"author\":{\"name\":\"Regis Martinage\",\"@id\":\"https:\\\/\\\/regions-snetap-fsu.fr\\\/hdf\\\/#\\\/schema\\\/person\\\/fa09b77e508eb2889a1c2dd6f4cf3149\"},\"headline\":\"Journ\u00e9e d&rsquo;Actions et de Mobilisation le 3 Avril 2025 : Un Appel \u00e0 l&rsquo;Engagement Collectif pour la Fonction Publique\",\"datePublished\":\"2025-03-29T14:59:56+00:00\",\"dateModified\":\"2025-04-02T17:21:56+00:00\",\"mainEntityOfPage\":{\"@id\":\"https:\\\/\\\/regions-snetap-fsu.fr\\\/hdf\\\/2025\\\/03\\\/29\\\/journee-dactions-et-de-mobilisation-le-3-avril-2025-un-appel-a-lengagement-collectif-pour-la-fonction-publique\\\/\"},\"wordCount\":454,\"publisher\":{\"@id\":\"https:\\\/\\\/regions-snetap-fsu.fr\\\/hdf\\\/#organization\"},\"image\":{\"@id\":\"https:\\\/\\\/regions-snetap-fsu.fr\\\/hdf\\\/2025\\\/03\\\/29\\\/journee-dactions-et-de-mobilisation-le-3-avril-2025-un-appel-a-lengagement-collectif-pour-la-fonction-publique\\\/#primaryimage\"},\"thumbnailUrl\":\"https:\\\/\\\/regions-snetap-fsu.fr\\\/hdf\\\/wp-content\\\/uploads\\\/sites\\\/5\\\/2021\\\/01\\\/Rassemblements.jpg\",\"articleSection\":[\"Actions - Gr\u00e8ves - Manifs\"],\"inLanguage\":\"fr-FR\"},{\"@type\":\"WebPage\",\"@id\":\"https:\\\/\\\/regions-snetap-fsu.fr\\\/hdf\\\/2025\\\/03\\\/29\\\/journee-dactions-et-de-mobilisation-le-3-avril-2025-un-appel-a-lengagement-collectif-pour-la-fonction-publique\\\/\",\"url\":\"https:\\\/\\\/regions-snetap-fsu.fr\\\/hdf\\\/2025\\\/03\\\/29\\\/journee-dactions-et-de-mobilisation-le-3-avril-2025-un-appel-a-lengagement-collectif-pour-la-fonction-publique\\\/\",\"name\":\"Journ\u00e9e d'Actions et de Mobilisation le 3 Avril 2025 : Un Appel \u00e0 l'Engagement Collectif pour la Fonction Publique - HAUTS-DE-FRANCE\",\"isPartOf\":{\"@id\":\"https:\\\/\\\/regions-snetap-fsu.fr\\\/hdf\\\/#website\"},\"primaryImageOfPage\":{\"@id\":\"https:\\\/\\\/regions-snetap-fsu.fr\\\/hdf\\\/2025\\\/03\\\/29\\\/journee-dactions-et-de-mobilisation-le-3-avril-2025-un-appel-a-lengagement-collectif-pour-la-fonction-publique\\\/#primaryimage\"},\"image\":{\"@id\":\"https:\\\/\\\/regions-snetap-fsu.fr\\\/hdf\\\/2025\\\/03\\\/29\\\/journee-dactions-et-de-mobilisation-le-3-avril-2025-un-appel-a-lengagement-collectif-pour-la-fonction-publique\\\/#primaryimage\"},\"thumbnailUrl\":\"https:\\\/\\\/regions-snetap-fsu.fr\\\/hdf\\\/wp-content\\\/uploads\\\/sites\\\/5\\\/2021\\\/01\\\/Rassemblements.jpg\",\"datePublished\":\"2025-03-29T14:59:56+00:00\",\"dateModified\":\"2025-04-02T17:21:56+00:00\",\"breadcrumb\":{\"@id\":\"https:\\\/\\\/regions-snetap-fsu.fr\\\/hdf\\\/2025\\\/03\\\/29\\\/journee-dactions-et-de-mobilisation-le-3-avril-2025-un-appel-a-lengagement-collectif-pour-la-fonction-publique\\\/#breadcrumb\"},\"inLanguage\":\"fr-FR\",\"potentialAction\":[{\"@type\":\"ReadAction\",\"target\":[\"https:\\\/\\\/regions-snetap-fsu.fr\\\/hdf\\\/2025\\\/03\\\/29\\\/journee-dactions-et-de-mobilisation-le-3-avril-2025-un-appel-a-lengagement-collectif-pour-la-fonction-publique\\\/\"]}]},{\"@type\":\"ImageObject\",\"inLanguage\":\"fr-FR\",\"@id\":\"https:\\\/\\\/regions-snetap-fsu.fr\\\/hdf\\\/2025\\\/03\\\/29\\\/journee-dactions-et-de-mobilisation-le-3-avril-2025-un-appel-a-lengagement-collectif-pour-la-fonction-publique\\\/#primaryimage\",\"url\":\"https:\\\/\\\/regions-snetap-fsu.fr\\\/hdf\\\/wp-content\\\/uploads\\\/sites\\\/5\\\/2021\\\/01\\\/Rassemblements.jpg\",\"contentUrl\":\"https:\\\/\\\/regions-snetap-fsu.fr\\\/hdf\\\/wp-content\\\/uploads\\\/sites\\\/5\\\/2021\\\/01\\\/Rassemblements.jpg\",\"width\":435,\"height\":200},{\"@type\":\"BreadcrumbList\",\"@id\":\"https:\\\/\\\/regions-snetap-fsu.fr\\\/hdf\\\/2025\\\/03\\\/29\\\/journee-dactions-et-de-mobilisation-le-3-avril-2025-un-appel-a-lengagement-collectif-pour-la-fonction-publique\\\/#breadcrumb\",\"itemListElement\":[{\"@type\":\"ListItem\",\"position\":1,\"name\":\"Accueil\",\"item\":\"https:\\\/\\\/regions-snetap-fsu.fr\\\/hdf\\\/\"},{\"@type\":\"ListItem\",\"position\":2,\"name\":\"Actions - Gr\u00e8ves - Manifs\",\"item\":\"https:\\\/\\\/regions-snetap-fsu.fr\\\/hdf\\\/category\\\/actions-greves-manifs\\\/\"},{\"@type\":\"ListItem\",\"position\":3,\"name\":\"Journ\u00e9e d&rsquo;Actions et de Mobilisation le 3 Avril 2025 : Un Appel \u00e0 l&rsquo;Engagement Collectif pour la Fonction Publique\"}]},{\"@type\":\"WebSite\",\"@id\":\"https:\\\/\\\/regions-snetap-fsu.fr\\\/hdf\\\/#website\",\"url\":\"https:\\\/\\\/regions-snetap-fsu.fr\\\/hdf\\\/\",\"name\":\"HAUTS-DE-FRANCE\",\"description\":\"Section r\u00e9gionale\",\"publisher\":{\"@id\":\"https:\\\/\\\/regions-snetap-fsu.fr\\\/hdf\\\/#organization\"},\"potentialAction\":[{\"@type\":\"SearchAction\",\"target\":{\"@type\":\"EntryPoint\",\"urlTemplate\":\"https:\\\/\\\/regions-snetap-fsu.fr\\\/hdf\\\/?s={search_term_string}\"},\"query-input\":{\"@type\":\"PropertyValueSpecification\",\"valueRequired\":true,\"valueName\":\"search_term_string\"}}],\"inLanguage\":\"fr-FR\"},{\"@type\":\"Organization\",\"@id\":\"https:\\\/\\\/regions-snetap-fsu.fr\\\/hdf\\\/#organization\",\"name\":\"SNETAP-FSU - HAUTS-DE-FRANCE\",\"url\":\"https:\\\/\\\/regions-snetap-fsu.fr\\\/hdf\\\/\",\"logo\":{\"@type\":\"ImageObject\",\"inLanguage\":\"fr-FR\",\"@id\":\"https:\\\/\\\/regions-snetap-fsu.fr\\\/hdf\\\/#\\\/schema\\\/logo\\\/image\\\/\",\"url\":\"https:\\\/\\\/regions-snetap-fsu.fr\\\/hdf\\\/wp-content\\\/uploads\\\/sites\\\/5\\\/2020\\\/12\\\/SNETAP-Logo.jpg\",\"contentUrl\":\"https:\\\/\\\/regions-snetap-fsu.fr\\\/hdf\\\/wp-content\\\/uploads\\\/sites\\\/5\\\/2020\\\/12\\\/SNETAP-Logo.jpg\",\"width\":464,\"height\":334,\"caption\":\"SNETAP-FSU - HAUTS-DE-FRANCE\"},\"image\":{\"@id\":\"https:\\\/\\\/regions-snetap-fsu.fr\\\/hdf\\\/#\\\/schema\\\/logo\\\/image\\\/\"},\"sameAs\":[\"https:\\\/\\\/x.com\\\/MartinageSnetap\"]},{\"@type\":\"Person\",\"@id\":\"https:\\\/\\\/regions-snetap-fsu.fr\\\/hdf\\\/#\\\/schema\\\/person\\\/fa09b77e508eb2889a1c2dd6f4cf3149\",\"name\":\"Regis Martinage\",\"image\":{\"@type\":\"ImageObject\",\"inLanguage\":\"fr-FR\",\"@id\":\"https:\\\/\\\/secure.gravatar.com\\\/avatar\\\/7ae2aaabfe5b8d5c7b9361e91002ca9ec93c38c63c9a1d06ae19f03a5dc70dd7?s=96&d=mm&r=g\",\"url\":\"https:\\\/\\\/secure.gravatar.com\\\/avatar\\\/7ae2aaabfe5b8d5c7b9361e91002ca9ec93c38c63c9a1d06ae19f03a5dc70dd7?s=96&d=mm&r=g\",\"contentUrl\":\"https:\\\/\\\/secure.gravatar.com\\\/avatar\\\/7ae2aaabfe5b8d5c7b9361e91002ca9ec93c38c63c9a1d06ae19f03a5dc70dd7?s=96&d=mm&r=g\",\"caption\":\"Regis Martinage\"},\"url\":\"https:\\\/\\\/regions-snetap-fsu.fr\\\/hdf\\\/author\\\/r-martinage\\\/\"}]}<\/script>\n<!-- \/ Yoast SEO plugin. -->","yoast_head_json":{"title":"Journ\u00e9e d'Actions et de Mobilisation le 3 Avril 2025 : Un Appel \u00e0 l'Engagement Collectif pour la Fonction Publique - HAUTS-DE-FRANCE","robots":{"index":"index","follow":"follow","max-snippet":"max-snippet:-1","max-image-preview":"max-image-preview:large","max-video-preview":"max-video-preview:-1"},"canonical":"https:\/\/regions-snetap-fsu.fr\/hdf\/2025\/03\/29\/journee-dactions-et-de-mobilisation-le-3-avril-2025-un-appel-a-lengagement-collectif-pour-la-fonction-publique\/","og_locale":"fr_FR","og_type":"article","og_title":"Journ\u00e9e d'Actions et de Mobilisation le 3 Avril 2025 : Un Appel \u00e0 l'Engagement Collectif pour la Fonction Publique - HAUTS-DE-FRANCE","og_description":"Journ\u00e9e d&rsquo;Actions et de Mobilisation le jeudi 3 Avril 2025 : Un Appel \u00e0 l&rsquo;Engagement Collectif pour la Fonction Publique Le jeudi 3 avril 2025, l&rsquo;intersyndicale FSU, CGT, Solidaires, UNSA organise une journ\u00e9e d&rsquo;actions, de mobilisations et d&rsquo;informations pour porter haut et fort nos revendications communes. Cette initiative marque un premier temps national de mobilisation, [&hellip;]","og_url":"https:\/\/regions-snetap-fsu.fr\/hdf\/2025\/03\/29\/journee-dactions-et-de-mobilisation-le-3-avril-2025-un-appel-a-lengagement-collectif-pour-la-fonction-publique\/","og_site_name":"HAUTS-DE-FRANCE","article_published_time":"2025-03-29T14:59:56+00:00","article_modified_time":"2025-04-02T17:21:56+00:00","og_image":[{"width":435,"height":200,"url":"https:\/\/regions-snetap-fsu.fr\/hdf\/wp-content\/uploads\/sites\/5\/2021\/01\/Rassemblements.jpg","type":"image\/jpeg"}],"author":"Regis Martinage","twitter_card":"summary_large_image","twitter_creator":"@MartinageSnetap","twitter_site":"@MartinageSnetap","twitter_misc":{"\u00c9crit par":"Regis Martinage","Dur\u00e9e de lecture estim\u00e9e":"2 minutes"},"schema":{"@context":"https:\/\/schema.org","@graph":[{"@type":"Article","@id":"https:\/\/regions-snetap-fsu.fr\/hdf\/2025\/03\/29\/journee-dactions-et-de-mobilisation-le-3-avril-2025-un-appel-a-lengagement-collectif-pour-la-fonction-publique\/#article","isPartOf":{"@id":"https:\/\/regions-snetap-fsu.fr\/hdf\/2025\/03\/29\/journee-dactions-et-de-mobilisation-le-3-avril-2025-un-appel-a-lengagement-collectif-pour-la-fonction-publique\/"},"author":{"name":"Regis Martinage","@id":"https:\/\/regions-snetap-fsu.fr\/hdf\/#\/schema\/person\/fa09b77e508eb2889a1c2dd6f4cf3149"},"headline":"Journ\u00e9e d&rsquo;Actions et de Mobilisation le 3 Avril 2025 : Un Appel \u00e0 l&rsquo;Engagement Collectif pour la Fonction Publique","datePublished":"2025-03-29T14:59:56+00:00","dateModified":"2025-04-02T17:21:56+00:00","mainEntityOfPage":{"@id":"https:\/\/regions-snetap-fsu.fr\/hdf\/2025\/03\/29\/journee-dactions-et-de-mobilisation-le-3-avril-2025-un-appel-a-lengagement-collectif-pour-la-fonction-publique\/"},"wordCount":454,"publisher":{"@id":"https:\/\/regions-snetap-fsu.fr\/hdf\/#organization"},"image":{"@id":"https:\/\/regions-snetap-fsu.fr\/hdf\/2025\/03\/29\/journee-dactions-et-de-mobilisation-le-3-avril-2025-un-appel-a-lengagement-collectif-pour-la-fonction-publique\/#primaryimage"},"thumbnailUrl":"https:\/\/regions-snetap-fsu.fr\/hdf\/wp-content\/uploads\/sites\/5\/2021\/01\/Rassemblements.jpg","articleSection":["Actions - Gr\u00e8ves - Manifs"],"inLanguage":"fr-FR"},{"@type":"WebPage","@id":"https:\/\/regions-snetap-fsu.fr\/hdf\/2025\/03\/29\/journee-dactions-et-de-mobilisation-le-3-avril-2025-un-appel-a-lengagement-collectif-pour-la-fonction-publique\/","url":"https:\/\/regions-snetap-fsu.fr\/hdf\/2025\/03\/29\/journee-dactions-et-de-mobilisation-le-3-avril-2025-un-appel-a-lengagement-collectif-pour-la-fonction-publique\/","name":"Journ\u00e9e d'Actions et de Mobilisation le 3 Avril 2025 : Un Appel \u00e0 l'Engagement Collectif pour la Fonction Publique - HAUTS-DE-FRANCE","isPartOf":{"@id":"https:\/\/regions-snetap-fsu.fr\/hdf\/#website"},"primaryImageOfPage":{"@id":"https:\/\/regions-snetap-fsu.fr\/hdf\/2025\/03\/29\/journee-dactions-et-de-mobilisation-le-3-avril-2025-un-appel-a-lengagement-collectif-pour-la-fonction-publique\/#primaryimage"},"image":{"@id":"https:\/\/regions-snetap-fsu.fr\/hdf\/2025\/03\/29\/journee-dactions-et-de-mobilisation-le-3-avril-2025-un-appel-a-lengagement-collectif-pour-la-fonction-publique\/#primaryimage"},"thumbnailUrl":"https:\/\/regions-snetap-fsu.fr\/hdf\/wp-content\/uploads\/sites\/5\/2021\/01\/Rassemblements.jpg","datePublished":"2025-03-29T14:59:56+00:00","dateModified":"2025-04-02T17:21:56+00:00","breadcrumb":{"@id":"https:\/\/regions-snetap-fsu.fr\/hdf\/2025\/03\/29\/journee-dactions-et-de-mobilisation-le-3-avril-2025-un-appel-a-lengagement-collectif-pour-la-fonction-publique\/#breadcrumb"},"inLanguage":"fr-FR","potentialAction":[{"@type":"ReadAction","target":["https:\/\/regions-snetap-fsu.fr\/hdf\/2025\/03\/29\/journee-dactions-et-de-mobilisation-le-3-avril-2025-un-appel-a-lengagement-collectif-pour-la-fonction-publique\/"]}]},{"@type":"ImageObject","inLanguage":"fr-FR","@id":"https:\/\/regions-snetap-fsu.fr\/hdf\/2025\/03\/29\/journee-dactions-et-de-mobilisation-le-3-avril-2025-un-appel-a-lengagement-collectif-pour-la-fonction-publique\/#primaryimage","url":"https:\/\/regions-snetap-fsu.fr\/hdf\/wp-content\/uploads\/sites\/5\/2021\/01\/Rassemblements.jpg","contentUrl":"https:\/\/regions-snetap-fsu.fr\/hdf\/wp-content\/uploads\/sites\/5\/2021\/01\/Rassemblements.jpg","width":435,"height":200},{"@type":"BreadcrumbList","@id":"https:\/\/regions-snetap-fsu.fr\/hdf\/2025\/03\/29\/journee-dactions-et-de-mobilisation-le-3-avril-2025-un-appel-a-lengagement-collectif-pour-la-fonction-publique\/#breadcrumb","itemListElement":[{"@type":"ListItem","position":1,"name":"Accueil","item":"https:\/\/regions-snetap-fsu.fr\/hdf\/"},{"@type":"ListItem","position":2,"name":"Actions - Gr\u00e8ves - Manifs","item":"https:\/\/regions-snetap-fsu.fr\/hdf\/category\/actions-greves-manifs\/"},{"@type":"ListItem","position":3,"name":"Journ\u00e9e d&rsquo;Actions et de Mobilisation le 3 Avril 2025 : Un Appel \u00e0 l&rsquo;Engagement Collectif pour la Fonction Publique"}]},{"@type":"WebSite","@id":"https:\/\/regions-snetap-fsu.fr\/hdf\/#website","url":"https:\/\/regions-snetap-fsu.fr\/hdf\/","name":"HAUTS-DE-FRANCE","description":"Section r\u00e9gionale","publisher":{"@id":"https:\/\/regions-snetap-fsu.fr\/hdf\/#organization"},"potentialAction":[{"@type":"SearchAction","target":{"@type":"EntryPoint","urlTemplate":"https:\/\/regions-snetap-fsu.fr\/hdf\/?s={search_term_string}"},"query-input":{"@type":"PropertyValueSpecification","valueRequired":true,"valueName":"search_term_string"}}],"inLanguage":"fr-FR"},{"@type":"Organization","@id":"https:\/\/regions-snetap-fsu.fr\/hdf\/#organization","name":"SNETAP-FSU - HAUTS-DE-FRANCE","url":"https:\/\/regions-snetap-fsu.fr\/hdf\/","logo":{"@type":"ImageObject","inLanguage":"fr-FR","@id":"https:\/\/regions-snetap-fsu.fr\/hdf\/#\/schema\/logo\/image\/","url":"https:\/\/regions-snetap-fsu.fr\/hdf\/wp-content\/uploads\/sites\/5\/2020\/12\/SNETAP-Logo.jpg","contentUrl":"https:\/\/regions-snetap-fsu.fr\/hdf\/wp-content\/uploads\/sites\/5\/2020\/12\/SNETAP-Logo.jpg","width":464,"height":334,"caption":"SNETAP-FSU - HAUTS-DE-FRANCE"},"image":{"@id":"https:\/\/regions-snetap-fsu.fr\/hdf\/#\/schema\/logo\/image\/"},"sameAs":["https:\/\/x.com\/MartinageSnetap"]},{"@type":"Person","@id":"https:\/\/regions-snetap-fsu.fr\/hdf\/#\/schema\/person\/fa09b77e508eb2889a1c2dd6f4cf3149","name":"Regis Martinage","image":{"@type":"ImageObject","inLanguage":"fr-FR","@id":"https:\/\/secure.gravatar.com\/avatar\/7ae2aaabfe5b8d5c7b9361e91002ca9ec93c38c63c9a1d06ae19f03a5dc70dd7?s=96&d=mm&r=g","url":"https:\/\/secure.gravatar.com\/avatar\/7ae2aaabfe5b8d5c7b9361e91002ca9ec93c38c63c9a1d06ae19f03a5dc70dd7?s=96&d=mm&r=g","contentUrl":"https:\/\/secure.gravatar.com\/avatar\/7ae2aaabfe5b8d5c7b9361e91002ca9ec93c38c63c9a1d06ae19f03a5dc70dd7?s=96&d=mm&r=g","caption":"Regis Martinage"},"url":"https:\/\/regions-snetap-fsu.fr\/hdf\/author\/r-martinage\/"}]}},"_links":{"self":[{"href":"https:\/\/regions-snetap-fsu.fr\/hdf\/wp-json\/wp\/v2\/posts\/9842","targetHints":{"allow":["GET"]}}],"collection":[{"href":"https:\/\/regions-snetap-fsu.fr\/hdf\/wp-json\/wp\/v2\/posts"}],"about":[{"href":"https:\/\/regions-snetap-fsu.fr\/hdf\/wp-json\/wp\/v2\/types\/post"}],"author":[{"embeddable":true,"href":"https:\/\/regions-snetap-fsu.fr\/hdf\/wp-json\/wp\/v2\/users\/88"}],"replies":[{"embeddable":true,"href":"https:\/\/regions-snetap-fsu.fr\/hdf\/wp-json\/wp\/v2\/comments?post=9842"}],"version-history":[{"count":30,"href":"https:\/\/regions-snetap-fsu.fr\/hdf\/wp-json\/wp\/v2\/posts\/9842\/revisions"}],"predecessor-version":[{"id":9886,"href":"https:\/\/regions-snetap-fsu.fr\/hdf\/wp-json\/wp\/v2\/posts\/9842\/revisions\/9886"}],"wp:featuredmedia":[{"embeddable":true,"href":"https:\/\/regions-snetap-fsu.fr\/hdf\/wp-json\/wp\/v2\/media\/6180"}],"wp:attachment":[{"href":"https:\/\/regions-snetap-fsu.fr\/hdf\/wp-json\/wp\/v2\/media?parent=9842"}],"wp:term":[{"taxonomy":"category","embeddable":true,"href":"https:\/\/regions-snetap-fsu.fr\/hdf\/wp-json\/wp\/v2\/categories?post=9842"},{"taxonomy":"post_tag","embeddable":true,"href":"https:\/\/regions-snetap-fsu.fr\/hdf\/wp-json\/wp\/v2\/tags?post=9842"},{"taxonomy":"post_folder","embeddable":true,"href":"https:\/\/regions-snetap-fsu.fr\/hdf\/wp-json\/wp\/v2\/post_folder?post=9842"}],"curies":[{"name":"wp","href":"https:\/\/api.w.org\/{rel}","templated":true}]}}