{"id":9792,"date":"2025-03-29T13:52:40","date_gmt":"2025-03-29T12:52:40","guid":{"rendered":"https:\/\/regions-snetap-fsu.fr\/hdf\/?p=9792"},"modified":"2025-03-29T13:54:40","modified_gmt":"2025-03-29T12:54:40","slug":"mobilisation-pour-la-defense-de-lenseignement-agricole-public-du-25-mars-2025","status":"publish","type":"post","link":"https:\/\/regions-snetap-fsu.fr\/hdf\/2025\/03\/29\/mobilisation-pour-la-defense-de-lenseignement-agricole-public-du-25-mars-2025\/","title":{"rendered":"Mobilisation pour la D\u00e9fense de l&rsquo;Enseignement Agricole Public du 25 mars 2025"},"content":{"rendered":"\t\t<div data-elementor-type=\"wp-post\" data-elementor-id=\"9792\" class=\"elementor elementor-9792\">\n\t\t\t\t<div class=\"elementor-element elementor-element-7d60956 e-con-full e-flex e-con e-parent\" data-id=\"7d60956\" data-element_type=\"container\" data-e-type=\"container\">\n\t\t\t\t<div class=\"elementor-element elementor-element-9740c4a elementor-widget elementor-widget-heading\" data-id=\"9740c4a\" data-element_type=\"widget\" data-e-type=\"widget\" data-widget_type=\"heading.default\">\n\t\t\t\t<div class=\"elementor-widget-container\">\n\t\t\t\t\t<h2 class=\"elementor-heading-title elementor-size-default\">Mobilisation pour la D\u00e9fense de l'Enseignement Agricole Public<\/h2>\t\t\t\t<\/div>\n\t\t\t\t<\/div>\n\t\t\t\t<div class=\"elementor-element elementor-element-a1bcf10 elementor-widget elementor-widget-heading\" data-id=\"a1bcf10\" data-element_type=\"widget\" data-e-type=\"widget\" data-widget_type=\"heading.default\">\n\t\t\t\t<div class=\"elementor-widget-container\">\n\t\t\t\t\t<h2 class=\"elementor-heading-title elementor-size-default\">en Hauts-de-France du 25 mars 2025<\/h2>\t\t\t\t<\/div>\n\t\t\t\t<\/div>\n\t\t\t\t<\/div>\n\t\t<div class=\"elementor-element elementor-element-42f8644 e-flex e-con-boxed e-con e-parent\" data-id=\"42f8644\" data-element_type=\"container\" data-e-type=\"container\">\n\t\t\t\t\t<div class=\"e-con-inner\">\n\t\t\t\t<div class=\"elementor-element elementor-element-2b5c324 elementor-arrows-position-inside elementor-pagination-position-outside elementor-widget elementor-widget-image-carousel\" data-id=\"2b5c324\" data-element_type=\"widget\" data-e-type=\"widget\" data-settings=\"{&quot;navigation&quot;:&quot;both&quot;,&quot;autoplay&quot;:&quot;yes&quot;,&quot;pause_on_hover&quot;:&quot;yes&quot;,&quot;pause_on_interaction&quot;:&quot;yes&quot;,&quot;autoplay_speed&quot;:5000,&quot;infinite&quot;:&quot;yes&quot;,&quot;speed&quot;:500}\" data-widget_type=\"image-carousel.default\">\n\t\t\t\t<div class=\"elementor-widget-container\">\n\t\t\t\t\t\t\t<div class=\"elementor-image-carousel-wrapper swiper\" role=\"region\" aria-roledescription=\"carousel\" aria-label=\"Carrousel d\u2019images\" dir=\"ltr\">\n\t\t\t<div class=\"elementor-image-carousel swiper-wrapper\" aria-live=\"off\">\n\t\t\t\t\t\t\t\t<div class=\"swiper-slide\" role=\"group\" aria-roledescription=\"slide\" aria-label=\"1 sur 13\"><figure class=\"swiper-slide-inner\"><img decoding=\"async\" class=\"swiper-slide-image\" src=\"https:\/\/regions-snetap-fsu.fr\/hdf\/wp-content\/uploads\/sites\/5\/2025\/03\/Amiens-43-150x150.jpeg\" alt=\"Amiens (43)\" \/><\/figure><\/div><div class=\"swiper-slide\" role=\"group\" aria-roledescription=\"slide\" aria-label=\"2 sur 13\"><figure class=\"swiper-slide-inner\"><img decoding=\"async\" class=\"swiper-slide-image\" src=\"https:\/\/regions-snetap-fsu.fr\/hdf\/wp-content\/uploads\/sites\/5\/2025\/03\/Amiens-41-Floute-150x150.jpeg\" alt=\"Amiens (41) Flout\u00e9\" \/><\/figure><\/div><div class=\"swiper-slide\" role=\"group\" aria-roledescription=\"slide\" aria-label=\"3 sur 13\"><figure class=\"swiper-slide-inner\"><img decoding=\"async\" class=\"swiper-slide-image\" src=\"https:\/\/regions-snetap-fsu.fr\/hdf\/wp-content\/uploads\/sites\/5\/2025\/03\/Amiens-40-Floute-150x150.jpeg\" alt=\"Amiens (40) Flout\u00e9\" \/><\/figure><\/div><div class=\"swiper-slide\" role=\"group\" aria-roledescription=\"slide\" aria-label=\"4 sur 13\"><figure class=\"swiper-slide-inner\"><img decoding=\"async\" class=\"swiper-slide-image\" src=\"https:\/\/regions-snetap-fsu.fr\/hdf\/wp-content\/uploads\/sites\/5\/2025\/03\/Amiens-39-Floute-150x150.jpeg\" alt=\"Amiens (39) Flout\u00e9\" \/><\/figure><\/div><div class=\"swiper-slide\" role=\"group\" aria-roledescription=\"slide\" aria-label=\"5 sur 13\"><figure class=\"swiper-slide-inner\"><img decoding=\"async\" class=\"swiper-slide-image\" src=\"https:\/\/regions-snetap-fsu.fr\/hdf\/wp-content\/uploads\/sites\/5\/2025\/03\/Amiens-35-150x150.jpeg\" alt=\"Amiens (35)\" \/><\/figure><\/div><div class=\"swiper-slide\" role=\"group\" aria-roledescription=\"slide\" aria-label=\"6 sur 13\"><figure class=\"swiper-slide-inner\"><img decoding=\"async\" class=\"swiper-slide-image\" src=\"https:\/\/regions-snetap-fsu.fr\/hdf\/wp-content\/uploads\/sites\/5\/2025\/03\/Amiens-30-150x150.jpeg\" alt=\"Amiens (30)\" \/><\/figure><\/div><div class=\"swiper-slide\" role=\"group\" aria-roledescription=\"slide\" aria-label=\"7 sur 13\"><figure class=\"swiper-slide-inner\"><img decoding=\"async\" class=\"swiper-slide-image\" src=\"https:\/\/regions-snetap-fsu.fr\/hdf\/wp-content\/uploads\/sites\/5\/2025\/03\/Amiens-11-150x150.jpg\" alt=\"Amiens (11)\" \/><\/figure><\/div><div class=\"swiper-slide\" role=\"group\" aria-roledescription=\"slide\" aria-label=\"8 sur 13\"><figure class=\"swiper-slide-inner\"><img decoding=\"async\" class=\"swiper-slide-image\" src=\"https:\/\/regions-snetap-fsu.fr\/hdf\/wp-content\/uploads\/sites\/5\/2025\/03\/Amiens-9-150x150.jpg\" alt=\"Amiens (9)\" \/><\/figure><\/div><div class=\"swiper-slide\" role=\"group\" aria-roledescription=\"slide\" aria-label=\"9 sur 13\"><figure class=\"swiper-slide-inner\"><img decoding=\"async\" class=\"swiper-slide-image\" src=\"https:\/\/regions-snetap-fsu.fr\/hdf\/wp-content\/uploads\/sites\/5\/2025\/03\/Amiens-8-150x150.jpg\" alt=\"Amiens (8)\" \/><\/figure><\/div><div class=\"swiper-slide\" role=\"group\" aria-roledescription=\"slide\" aria-label=\"10 sur 13\"><figure class=\"swiper-slide-inner\"><img decoding=\"async\" class=\"swiper-slide-image\" src=\"https:\/\/regions-snetap-fsu.fr\/hdf\/wp-content\/uploads\/sites\/5\/2025\/03\/Amiens-7-150x150.jpg\" alt=\"Amiens (7)\" \/><\/figure><\/div><div class=\"swiper-slide\" role=\"group\" aria-roledescription=\"slide\" aria-label=\"11 sur 13\"><figure class=\"swiper-slide-inner\"><img decoding=\"async\" class=\"swiper-slide-image\" src=\"https:\/\/regions-snetap-fsu.fr\/hdf\/wp-content\/uploads\/sites\/5\/2025\/03\/Amiens-2-150x150.jpg\" alt=\"Amiens (2)\" \/><\/figure><\/div><div class=\"swiper-slide\" role=\"group\" aria-roledescription=\"slide\" aria-label=\"12 sur 13\"><figure class=\"swiper-slide-inner\"><img decoding=\"async\" class=\"swiper-slide-image\" src=\"https:\/\/regions-snetap-fsu.fr\/hdf\/wp-content\/uploads\/sites\/5\/2025\/03\/Amiens-1-150x150.jpg\" alt=\"Amiens (1)\" \/><\/figure><\/div><div class=\"swiper-slide\" role=\"group\" aria-roledescription=\"slide\" aria-label=\"13 sur 13\"><figure class=\"swiper-slide-inner\"><img decoding=\"async\" class=\"swiper-slide-image\" src=\"https:\/\/regions-snetap-fsu.fr\/hdf\/wp-content\/uploads\/sites\/5\/2025\/03\/Amiens-1-150x150.jpeg\" alt=\"Amiens (1)\" \/><\/figure><\/div>\t\t\t<\/div>\n\t\t\t\t\t\t\t\t\t\t\t\t<div class=\"elementor-swiper-button elementor-swiper-button-prev\" role=\"button\" tabindex=\"0\">\n\t\t\t\t\t\t<svg aria-hidden=\"true\" class=\"e-font-icon-svg e-eicon-chevron-left\" viewBox=\"0 0 1000 1000\" xmlns=\"http:\/\/www.w3.org\/2000\/svg\"><path d=\"M646 125C629 125 613 133 604 142L308 442C296 454 292 471 292 487 292 504 296 521 308 533L604 854C617 867 629 875 646 875 663 875 679 871 692 858 704 846 713 829 713 812 713 796 708 779 692 767L438 487 692 225C700 217 708 204 708 187 708 171 704 154 692 142 675 129 663 125 646 125Z\"><\/path><\/svg>\t\t\t\t\t<\/div>\n\t\t\t\t\t<div class=\"elementor-swiper-button elementor-swiper-button-next\" role=\"button\" tabindex=\"0\">\n\t\t\t\t\t\t<svg aria-hidden=\"true\" class=\"e-font-icon-svg e-eicon-chevron-right\" viewBox=\"0 0 1000 1000\" xmlns=\"http:\/\/www.w3.org\/2000\/svg\"><path d=\"M696 533C708 521 713 504 713 487 713 471 708 454 696 446L400 146C388 133 375 125 354 125 338 125 325 129 313 142 300 154 292 171 292 187 292 204 296 221 308 233L563 492 304 771C292 783 288 800 288 817 288 833 296 850 308 863 321 871 338 875 354 875 371 875 388 867 400 854L696 533Z\"><\/path><\/svg>\t\t\t\t\t<\/div>\n\t\t\t\t\n\t\t\t\t\t\t\t\t\t<div class=\"swiper-pagination\"><\/div>\n\t\t\t\t\t\t\t\t\t<\/div>\n\t\t\t\t\t\t<\/div>\n\t\t\t\t<\/div>\n\t\t\t\t\t<\/div>\n\t\t\t\t<\/div>\n\t\t<div class=\"elementor-element elementor-element-c1bd3e4 e-flex e-con-boxed e-con e-parent\" data-id=\"c1bd3e4\" data-element_type=\"container\" data-e-type=\"container\">\n\t\t\t\t\t<div class=\"e-con-inner\">\n\t\t\t\t<div class=\"elementor-element elementor-element-a16f36c elementor-widget elementor-widget-text-editor\" data-id=\"a16f36c\" data-element_type=\"widget\" data-e-type=\"widget\" data-widget_type=\"text-editor.default\">\n\t\t\t\t<div class=\"elementor-widget-container\">\n\t\t\t\t\t\t\t\t\t<p align=\"justify\"><span style=\"font-family: tahoma, arial, helvetica, sans-serif;font-size: 12pt\"><strong>Ce mardi 25 mars, l\u2019\u00c9lan commun des Hauts-de-France, regroupant la CGT Agri, le SNETAP-FSU et SUD Rural Territoires, s&rsquo;est mobilis\u00e9 devant la DRAAF d\u2019Amiens. Cette action co\u00efncide avec la tenue du C<\/strong><strong>omit\u00e9<\/strong> <strong>Social<\/strong><strong> de l&rsquo;<\/strong><strong>Administration<\/strong><strong> (CS<\/strong><strong>A<\/strong><strong>) <\/strong><strong>de l\u2019<\/strong><strong>Enseignement Agricole au niveau national et les mobilisations dans cinq r\u00e9gions, dont les Hauts-de-France.<\/strong><\/span><\/p>\t\t\t\t\t\t\t\t<\/div>\n\t\t\t\t<\/div>\n\t\t\t\t\t<\/div>\n\t\t\t\t<\/div>\n\t\t<div class=\"elementor-element elementor-element-57ab061 e-flex e-con-boxed e-con e-parent\" data-id=\"57ab061\" data-element_type=\"container\" data-e-type=\"container\">\n\t\t\t\t\t<div class=\"e-con-inner\">\n\t\t<div class=\"elementor-element elementor-element-48f4634 e-con-full e-flex e-con e-child\" data-id=\"48f4634\" data-element_type=\"container\" data-e-type=\"container\">\n\t\t\t\t<div class=\"elementor-element elementor-element-343972d elementor-widget__width-initial elementor-widget elementor-widget-text-editor\" data-id=\"343972d\" data-element_type=\"widget\" data-e-type=\"widget\" data-widget_type=\"text-editor.default\">\n\t\t\t\t<div class=\"elementor-widget-container\">\n\t\t\t\t\t\t\t\t\t<p align=\"justify\"><span style=\"font-family: tahoma, arial, helvetica, sans-serif\"><span style=\"font-size: medium\">Nous avons re\u00e7u le soutien du conseiller r\u00e9gional des \u00c9cologistes des Hauts-de-France, Thomas Hutin, et du s\u00e9nateur socialiste de la Somme, R\u00e9mi Cardon.<\/span><\/span><\/p>\t\t\t\t\t\t\t\t<\/div>\n\t\t\t\t<\/div>\n\t\t\t\t<\/div>\n\t\t<div class=\"elementor-element elementor-element-f31bfd9 e-con-full e-flex e-con e-child\" data-id=\"f31bfd9\" data-element_type=\"container\" data-e-type=\"container\">\n\t\t\t\t<div class=\"elementor-element elementor-element-ae444e3 elementor-widget elementor-widget-image\" data-id=\"ae444e3\" data-element_type=\"widget\" data-e-type=\"widget\" data-widget_type=\"image.default\">\n\t\t\t\t<div class=\"elementor-widget-container\">\n\t\t\t\t\t\t\t\t\t\t\t\t\t\t\t<img decoding=\"async\" width=\"150\" height=\"150\" src=\"https:\/\/regions-snetap-fsu.fr\/hdf\/wp-content\/uploads\/sites\/5\/2025\/03\/Amiens-1-150x150.jpg\" class=\"attachment-thumbnail size-thumbnail wp-image-9796\" alt=\"\" srcset=\"https:\/\/regions-snetap-fsu.fr\/hdf\/wp-content\/uploads\/sites\/5\/2025\/03\/Amiens-1-150x150.jpg 150w, https:\/\/regions-snetap-fsu.fr\/hdf\/wp-content\/uploads\/sites\/5\/2025\/03\/Amiens-1-600x600.jpg 600w\" sizes=\"(max-width: 150px) 100vw, 150px\" \/>\t\t\t\t\t\t\t\t\t\t\t\t\t\t\t<\/div>\n\t\t\t\t<\/div>\n\t\t\t\t<\/div>\n\t\t\t\t\t<\/div>\n\t\t\t\t<\/div>\n\t\t<div class=\"elementor-element elementor-element-641bd7c e-flex e-con-boxed e-con e-parent\" data-id=\"641bd7c\" data-element_type=\"container\" data-e-type=\"container\">\n\t\t\t\t\t<div class=\"e-con-inner\">\n\t\t\t\t<div class=\"elementor-element elementor-element-2d0d09d elementor-widget elementor-widget-text-editor\" data-id=\"2d0d09d\" data-element_type=\"widget\" data-e-type=\"widget\" data-widget_type=\"text-editor.default\">\n\t\t\t\t<div class=\"elementor-widget-container\">\n\t\t\t\t\t\t\t\t\t<p align=\"justify\"><span style=\"font-family: tahoma, arial, helvetica, sans-serif\"><span style=\"font-size: medium\">Suite \u00e0 notre demande d\u2019audience, le DRAAF-SRFD nous a fix\u00e9 un rendez-vous \u00e0 16h, limit\u00e9 \u00e0 une d\u00e9l\u00e9gation de cinq personnes. Cependant, les manifestant\u00b7e\u00b7s, d\u00e9termin\u00e9\u00b7e\u00b7s \u00e0 se faire entendre, ont forc\u00e9 l&rsquo;audience \u00e0 14h apr\u00e8s avoir occup\u00e9 pacifiquement la DRAAF dans la cit\u00e9 administrative d\u2019Amiens.<\/span><\/span><\/p>\t\t\t\t\t\t\t\t<\/div>\n\t\t\t\t<\/div>\n\t\t\t\t\t<\/div>\n\t\t\t\t<\/div>\n\t\t<div class=\"elementor-element elementor-element-d46a5dd e-flex e-con-boxed e-con e-parent\" data-id=\"d46a5dd\" data-element_type=\"container\" data-e-type=\"container\">\n\t\t\t\t\t<div class=\"e-con-inner\">\n\t\t\t\t<div class=\"elementor-element elementor-element-cb7e31b elementor-widget elementor-widget-text-editor\" data-id=\"cb7e31b\" data-element_type=\"widget\" data-e-type=\"widget\" data-widget_type=\"text-editor.default\">\n\t\t\t\t<div class=\"elementor-widget-container\">\n\t\t\t\t\t\t\t\t\t<h3 style=\"text-align: center\" align=\"justify\"><span style=\"font-family: tahoma, arial, helvetica, sans-serif;color: #129447;font-size: 14pt\"><b>D\u00e9nonciation du Sabotage de l&rsquo;EAP<\/b><\/span><\/h3><p align=\"justify\"><span style=\"font-family: tahoma, arial, helvetica, sans-serif\"><span style=\"font-size: medium\">Nous avons d\u00e9nonc\u00e9 les injonctions contradictoires du Minist\u00e8re de l&rsquo;Agriculture et de la Souverainet\u00e9 Alimentaire (MASA). Alors que la loi d&rsquo;orientation fixe des objectifs importants pour l&rsquo;enseignement agricole, comme augmenter de 30% le nombre de dipl\u00f4m\u00e9s pour former suffisamment d&rsquo;agriculteurs et d\u2019agricultrices face aux d\u00e9parts \u00e0 la retraite, les moyens sont r\u00e9duits. \u00c0 la rentr\u00e9e prochaine, ce sont 45 ETP et 30 000 heures de DGH en moins.<\/span><\/span><\/p><p align=\"justify\"><span style=\"font-family: tahoma, arial, helvetica, sans-serif\"><span style=\"font-size: medium\">Nous avons rappel\u00e9 la n\u00e9cessit\u00e9 d\u2019un dialogue social et d\u00e9nonc\u00e9 le m\u00e9pris envers le personnel de l&rsquo;EAP.<\/span><\/span><\/p>\t\t\t\t\t\t\t\t<\/div>\n\t\t\t\t<\/div>\n\t\t\t\t\t<\/div>\n\t\t\t\t<\/div>\n\t\t<div class=\"elementor-element elementor-element-5c92fd0 e-flex e-con-boxed e-con e-parent\" data-id=\"5c92fd0\" data-element_type=\"container\" data-e-type=\"container\">\n\t\t\t\t\t<div class=\"e-con-inner\">\n\t\t\t\t<div class=\"elementor-element elementor-element-9f71b00 elementor-widget elementor-widget-text-editor\" data-id=\"9f71b00\" data-element_type=\"widget\" data-e-type=\"widget\" data-widget_type=\"text-editor.default\">\n\t\t\t\t<div class=\"elementor-widget-container\">\n\t\t\t\t\t\t\t\t\t<h3 style=\"text-align: center\" align=\"justify\"><span style=\"font-family: tahoma, arial, helvetica, sans-serif;color: #129447;font-size: 14pt\"><strong>Importance de l&rsquo;Enseignement Agricole Public<\/strong><\/span><\/h3><p align=\"justify\"><span style=\"font-family: tahoma, arial, helvetica, sans-serif\"><span style=\"font-size: medium\">Cette mobilisation \u00e9tait cruciale pour rappeler l\u2019importance de l&rsquo;Enseignement Agricole Public, notamment dans les domaines suivants :<\/span><\/span><\/p><ul><li><p align=\"justify\"><span style=\"font-family: tahoma, arial, helvetica, sans-serif\"><b>Transition \u00c9cologique<\/b> : Les lyc\u00e9es agricoles publics jouent un r\u00f4le crucial dans la formation des futurs agriculteurs et techniciens qui seront en premi\u00e8re ligne pour relever les d\u00e9fis de la transition \u00e9cologique.<\/span><\/p><\/li><li><p align=\"justify\"><span style=\"font-family: tahoma, arial, helvetica, sans-serif\"><b>D\u00e9veloppement Durable<\/b> : La formation agro-environnementale est essentielle pour promouvoir des pratiques agricoles durables et respectueuses de l&rsquo;environnement.<\/span><\/p><\/li><li><p align=\"justify\"><span style=\"font-family: tahoma, arial, helvetica, sans-serif\"><b>Enseigner \u00e0 Produire Autrement (EPA)<\/b> : Les lyc\u00e9es agricoles publics ont \u00e9t\u00e9 exemplaires dans la formation \u00e0 des syst\u00e8mes alternatifs au mod\u00e8le productiviste de l\u2019agro-industrie, contrairement aux lyc\u00e9es agricoles priv\u00e9s.<\/span><\/p><\/li><\/ul>\t\t\t\t\t\t\t\t<\/div>\n\t\t\t\t<\/div>\n\t\t\t\t\t<\/div>\n\t\t\t\t<\/div>\n\t\t<div class=\"elementor-element elementor-element-5254e07 e-flex e-con-boxed e-con e-parent\" data-id=\"5254e07\" data-element_type=\"container\" data-e-type=\"container\">\n\t\t\t\t\t<div class=\"e-con-inner\">\n\t\t\t\t<div class=\"elementor-element elementor-element-fae3e24 elementor-widget elementor-widget-text-editor\" data-id=\"fae3e24\" data-element_type=\"widget\" data-e-type=\"widget\" data-widget_type=\"text-editor.default\">\n\t\t\t\t<div class=\"elementor-widget-container\">\n\t\t\t\t\t\t\t\t\t<h3 style=\"text-align: center\" align=\"justify\"><span style=\"font-family: tahoma, arial, helvetica, sans-serif;color: #129447\"><b>Cons\u00e9quences des Fermetures et R\u00e9ductions de Postes<\/b><\/span><\/h3><p align=\"justify\"><span style=\"font-family: tahoma, arial, helvetica, sans-serif\"><span style=\"font-size: medium\">Les fermetures de lyc\u00e9es et la suppression de postes entra\u00eenent :<\/span><\/span><\/p><ul><li><p align=\"justify\"><span style=\"font-family: tahoma, arial, helvetica, sans-serif\"><span style=\"font-size: medium\"><b>Perte de Comp\u00e9tences<\/b><\/span><span style=\"font-size: medium\"> : Une perte de comp\u00e9tences essentielles pour l&rsquo;avenir de l&rsquo;agriculture durable.<\/span><\/span><\/p><\/li><li><p align=\"justify\"><span style=\"font-family: tahoma, arial, helvetica, sans-serif\"><span style=\"font-size: medium\"><b>Impact sur les Territoires<\/b><\/span><span style=\"font-size: medium\"> : Les fermetures affectent particuli\u00e8rement les zones rurales, o\u00f9 ces \u00e9tablissements sont souvent des piliers \u00e9conomiques et sociaux.<\/span><\/span><\/p><\/li><\/ul>\t\t\t\t\t\t\t\t<\/div>\n\t\t\t\t<\/div>\n\t\t\t\t\t<\/div>\n\t\t\t\t<\/div>\n\t\t<div class=\"elementor-element elementor-element-0e243e5 e-flex e-con-boxed e-con e-parent\" data-id=\"0e243e5\" data-element_type=\"container\" data-e-type=\"container\">\n\t\t\t\t\t<div class=\"e-con-inner\">\n\t\t\t\t<div class=\"elementor-element elementor-element-9ec3f8e elementor-widget elementor-widget-text-editor\" data-id=\"9ec3f8e\" data-element_type=\"widget\" data-e-type=\"widget\" data-widget_type=\"text-editor.default\">\n\t\t\t\t<div class=\"elementor-widget-container\">\n\t\t\t\t\t\t\t\t\t<p style=\"text-align: center\"><span style=\"font-family: tahoma, arial, helvetica, sans-serif;color: #129447;font-size: 14pt\"><b>Engagement Politique N\u00e9cessaire<\/b><\/span><\/p><p align=\"justify\"><span style=\"font-family: tahoma, arial, helvetica, sans-serif\"><span style=\"font-size: medium\">L\u2019engagement politique doit \u00eatre fort :<\/span><\/span><\/p><ul><li><p align=\"justify\"><span style=\"font-family: tahoma, arial, helvetica, sans-serif\"><span style=\"font-size: medium\"><b>Priorit\u00e9 \u00c9ducative<\/b><\/span><span style=\"font-size: medium\"> : L&rsquo;\u00e9ducation doit inclure l&rsquo;enseignement agricole, souvent n\u00e9glig\u00e9.<\/span><\/span><\/p><\/li><li><p align=\"justify\"><span style=\"font-family: tahoma, arial, helvetica, sans-serif\"><span style=\"font-size: medium\"><b>Soutien aux Jeunes<\/b><\/span><span style=\"font-size: medium\"> : Les lyc\u00e9es agricoles forment des jeunes qui seront les acteurs du renouvellement des g\u00e9n\u00e9rations en agriculture, un secteur vital pour la souverainet\u00e9 alimentaire et la transition \u00e9cologique.<\/span><\/span><\/p><\/li><\/ul>\t\t\t\t\t\t\t\t<\/div>\n\t\t\t\t<\/div>\n\t\t\t\t\t<\/div>\n\t\t\t\t<\/div>\n\t\t<div class=\"elementor-element elementor-element-9aaf3ac e-flex e-con-boxed e-con e-parent\" data-id=\"9aaf3ac\" data-element_type=\"container\" data-e-type=\"container\">\n\t\t\t\t\t<div class=\"e-con-inner\">\n\t\t\t\t<div class=\"elementor-element elementor-element-ab43a2b elementor-widget elementor-widget-text-editor\" data-id=\"ab43a2b\" data-element_type=\"widget\" data-e-type=\"widget\" data-widget_type=\"text-editor.default\">\n\t\t\t\t<div class=\"elementor-widget-container\">\n\t\t\t\t\t\t\t\t\t<h3 style=\"text-align: center\" align=\"justify\"><span style=\"font-family: tahoma, arial, helvetica, sans-serif;font-size: 14pt;color: #129447\"><b>Revendications Concr\u00e8tes<\/b><\/span><\/h3><p align=\"justify\"><span style=\"font-family: tahoma, arial, helvetica, sans-serif\"><span style=\"font-size: medium\">Pour conclure l\u2019audience, nous avons affirm\u00e9 deux revendications :<\/span><\/span><\/p><ul><li><p align=\"justify\"><span style=\"font-family: tahoma, arial, helvetica, sans-serif\"><span style=\"font-size: medium\"><b>R\u00e9tablissement des Postes<\/b><\/span><span style=\"font-size: medium\"> : Nous demandons le r\u00e9tablissement imm\u00e9diat des postes supprim\u00e9s et l&rsquo;engagement d&rsquo;un sch\u00e9ma pluriannuel de cr\u00e9ation d&#8217;emplois.<\/span><\/span><\/p><\/li><li><p align=\"justify\"><span style=\"font-family: tahoma, arial, helvetica, sans-serif\"><span style=\"font-size: medium\"><b>Politique Publique Ambitieuse<\/b><\/span><span style=\"font-size: medium\"> : Nous plaidons pour une politique publique qui soutient l&rsquo;EAP et la transition \u00e9cologique.<\/span><\/span><\/p><\/li><\/ul>\t\t\t\t\t\t\t\t<\/div>\n\t\t\t\t<\/div>\n\t\t\t\t\t<\/div>\n\t\t\t\t<\/div>\n\t\t<div class=\"elementor-element elementor-element-0b56dc2 e-flex e-con-boxed e-con e-parent\" data-id=\"0b56dc2\" data-element_type=\"container\" data-e-type=\"container\">\n\t\t\t\t\t<div class=\"e-con-inner\">\n\t\t<div class=\"elementor-element elementor-element-eb72297 e-con-full e-flex e-con e-child\" data-id=\"eb72297\" data-element_type=\"container\" data-e-type=\"container\">\n\t\t\t\t<div class=\"elementor-element elementor-element-9506577 elementor-widget elementor-widget-image\" data-id=\"9506577\" data-element_type=\"widget\" data-e-type=\"widget\" data-widget_type=\"image.default\">\n\t\t\t\t<div class=\"elementor-widget-container\">\n\t\t\t\t\t\t\t\t\t\t\t\t\t\t\t<img fetchpriority=\"high\" decoding=\"async\" width=\"1024\" height=\"473\" src=\"https:\/\/regions-snetap-fsu.fr\/hdf\/wp-content\/uploads\/sites\/5\/2025\/03\/Amiens-8-1024x473.jpg\" class=\"attachment-large size-large wp-image-9799\" alt=\"\" srcset=\"https:\/\/regions-snetap-fsu.fr\/hdf\/wp-content\/uploads\/sites\/5\/2025\/03\/Amiens-8-1024x473.jpg 1024w, https:\/\/regions-snetap-fsu.fr\/hdf\/wp-content\/uploads\/sites\/5\/2025\/03\/Amiens-8-300x139.jpg 300w, https:\/\/regions-snetap-fsu.fr\/hdf\/wp-content\/uploads\/sites\/5\/2025\/03\/Amiens-8-768x355.jpg 768w, https:\/\/regions-snetap-fsu.fr\/hdf\/wp-content\/uploads\/sites\/5\/2025\/03\/Amiens-8-1536x709.jpg 1536w, https:\/\/regions-snetap-fsu.fr\/hdf\/wp-content\/uploads\/sites\/5\/2025\/03\/Amiens-8.jpg 1600w\" sizes=\"(max-width: 1024px) 100vw, 1024px\" \/>\t\t\t\t\t\t\t\t\t\t\t\t\t\t\t<\/div>\n\t\t\t\t<\/div>\n\t\t\t\t<\/div>\n\t\t<div class=\"elementor-element elementor-element-12d31b2 e-con-full e-flex e-con e-child\" data-id=\"12d31b2\" data-element_type=\"container\" data-e-type=\"container\">\n\t\t\t\t<div class=\"elementor-element elementor-element-cefc64e elementor-widget elementor-widget-text-editor\" data-id=\"cefc64e\" data-element_type=\"widget\" data-e-type=\"widget\" data-widget_type=\"text-editor.default\">\n\t\t\t\t<div class=\"elementor-widget-container\">\n\t\t\t\t\t\t\t\t\t<p align=\"justify\"><strong><span style=\"font-family: tahoma, arial, helvetica, sans-serif\"><span style=\"font-size: medium\">L\u2019\u00c9lan commun <\/span><span style=\"font-size: medium\">Hauts-de-France<\/span><span style=\"font-size: medium\"> restera vigilant sur les suites de ces mobilisations et intensifiera ses actions si n\u00e9cessaire. Il en va de l\u2019avenir de tous les \u00e9tablissements de l\u2019enseignement agricole public et d\u2019une agriculture paysanne assurant la souverainet\u00e9 alimentaire pour toutes et tous.<\/span><\/span><\/strong><\/p>\t\t\t\t\t\t\t\t<\/div>\n\t\t\t\t<\/div>\n\t\t\t\t<\/div>\n\t\t\t\t\t<\/div>\n\t\t\t\t<\/div>\n\t\t<div class=\"elementor-element elementor-element-d70b5c2 e-flex e-con-boxed e-con e-parent\" data-id=\"d70b5c2\" data-element_type=\"container\" data-e-type=\"container\">\n\t\t\t\t\t<div class=\"e-con-inner\">\n\t\t\t\t<div class=\"elementor-element elementor-element-f05e43c elementor-widget elementor-widget-image\" data-id=\"f05e43c\" data-element_type=\"widget\" data-e-type=\"widget\" data-widget_type=\"image.default\">\n\t\t\t\t<div class=\"elementor-widget-container\">\n\t\t\t\t\t\t\t\t\t\t\t\t\t\t\t<img decoding=\"async\" width=\"435\" height=\"200\" src=\"https:\/\/regions-snetap-fsu.fr\/hdf\/wp-content\/uploads\/sites\/5\/2022\/12\/ElanCommunBlog.jpg\" class=\"attachment-large size-large wp-image-8125\" alt=\"\" srcset=\"https:\/\/regions-snetap-fsu.fr\/hdf\/wp-content\/uploads\/sites\/5\/2022\/12\/ElanCommunBlog.jpg 435w, https:\/\/regions-snetap-fsu.fr\/hdf\/wp-content\/uploads\/sites\/5\/2022\/12\/ElanCommunBlog-300x138.jpg 300w\" sizes=\"(max-width: 435px) 100vw, 435px\" \/>\t\t\t\t\t\t\t\t\t\t\t\t\t\t\t<\/div>\n\t\t\t\t<\/div>\n\t\t\t\t\t<\/div>\n\t\t\t\t<\/div>\n\t\t\t\t<\/div>\n\t\t","protected":false},"excerpt":{"rendered":"<p>Mobilisation pour la D\u00e9fense de l&rsquo;Enseignement Agricole Public en Hauts-de-France du 25 mars 2025 Ce mardi 25 mars, l\u2019\u00c9lan commun des Hauts-de-France, regroupant la CGT Agri, le SNETAP-FSU et SUD Rural Territoires, s&rsquo;est mobilis\u00e9 devant la DRAAF d\u2019Amiens. Cette action co\u00efncide avec la tenue du Comit\u00e9 Social de l&rsquo;Administration (CSA) de l\u2019Enseignement Agricole au niveau [&hellip;]<\/p>\n","protected":false},"author":88,"featured_media":9246,"comment_status":"closed","ping_status":"closed","sticky":false,"template":"","format":"standard","meta":{"ocean_post_layout":"","ocean_both_sidebars_style":"","ocean_both_sidebars_content_width":0,"ocean_both_sidebars_sidebars_width":0,"ocean_sidebar":"0","ocean_second_sidebar":"0","ocean_disable_margins":"enable","ocean_add_body_class":"","ocean_shortcode_before_top_bar":"","ocean_shortcode_after_top_bar":"","ocean_shortcode_before_header":"","ocean_shortcode_after_header":"","ocean_has_shortcode":"","ocean_shortcode_after_title":"","ocean_shortcode_before_footer_widgets":"","ocean_shortcode_after_footer_widgets":"","ocean_shortcode_before_footer_bottom":"","ocean_shortcode_after_footer_bottom":"","ocean_display_top_bar":"default","ocean_display_header":"default","ocean_header_style":"","ocean_center_header_left_menu":"0","ocean_custom_header_template":"0","ocean_custom_logo":0,"ocean_custom_retina_logo":0,"ocean_custom_logo_max_width":0,"ocean_custom_logo_tablet_max_width":0,"ocean_custom_logo_mobile_max_width":0,"ocean_custom_logo_max_height":0,"ocean_custom_logo_tablet_max_height":0,"ocean_custom_logo_mobile_max_height":0,"ocean_header_custom_menu":"0","ocean_menu_typo_font_family":"0","ocean_menu_typo_font_subset":"","ocean_menu_typo_font_size":0,"ocean_menu_typo_font_size_tablet":0,"ocean_menu_typo_font_size_mobile":0,"ocean_menu_typo_font_size_unit":"px","ocean_menu_typo_font_weight":"","ocean_menu_typo_font_weight_tablet":"","ocean_menu_typo_font_weight_mobile":"","ocean_menu_typo_transform":"","ocean_menu_typo_transform_tablet":"","ocean_menu_typo_transform_mobile":"","ocean_menu_typo_line_height":0,"ocean_menu_typo_line_height_tablet":0,"ocean_menu_typo_line_height_mobile":0,"ocean_menu_typo_line_height_unit":"","ocean_menu_typo_spacing":0,"ocean_menu_typo_spacing_tablet":0,"ocean_menu_typo_spacing_mobile":0,"ocean_menu_typo_spacing_unit":"","ocean_menu_link_color":"","ocean_menu_link_color_hover":"","ocean_menu_link_color_active":"","ocean_menu_link_background":"","ocean_menu_link_hover_background":"","ocean_menu_link_active_background":"","ocean_menu_social_links_bg":"","ocean_menu_social_hover_links_bg":"","ocean_menu_social_links_color":"","ocean_menu_social_hover_links_color":"","ocean_disable_title":"default","ocean_disable_heading":"default","ocean_post_title":"","ocean_post_subheading":"","ocean_post_title_style":"","ocean_post_title_background_color":"","ocean_post_title_background":0,"ocean_post_title_bg_image_position":"","ocean_post_title_bg_image_attachment":"","ocean_post_title_bg_image_repeat":"","ocean_post_title_bg_image_size":"","ocean_post_title_height":0,"ocean_post_title_bg_overlay":0.5,"ocean_post_title_bg_overlay_color":"","ocean_disable_breadcrumbs":"default","ocean_breadcrumbs_color":"","ocean_breadcrumbs_separator_color":"","ocean_breadcrumbs_links_color":"","ocean_breadcrumbs_links_hover_color":"","ocean_display_footer_widgets":"default","ocean_display_footer_bottom":"default","ocean_custom_footer_template":"0","ocean_post_oembed":"","ocean_post_self_hosted_media":"","ocean_post_video_embed":"","ocean_link_format":"","ocean_link_format_target":"self","ocean_quote_format":"","ocean_quote_format_link":"post","ocean_gallery_link_images":"on","ocean_gallery_id":[],"footnotes":""},"categories":[2],"tags":[],"post_folder":[],"class_list":["post-9792","post","type-post","status-publish","format-standard","has-post-thumbnail","hentry","category-actions-greves-manifs","entry","has-media"],"yoast_head":"<!-- This site is optimized with the Yoast SEO plugin v27.4 - https:\/\/yoast.com\/product\/yoast-seo-wordpress\/ -->\n<title>Mobilisation pour la D\u00e9fense de l&#039;Enseignement Agricole Public du 25 mars 2025 - HAUTS-DE-FRANCE<\/title>\n<meta name=\"robots\" content=\"index, follow, max-snippet:-1, max-image-preview:large, max-video-preview:-1\" \/>\n<link rel=\"canonical\" href=\"https:\/\/regions-snetap-fsu.fr\/hdf\/2025\/03\/29\/mobilisation-pour-la-defense-de-lenseignement-agricole-public-du-25-mars-2025\/\" \/>\n<meta property=\"og:locale\" content=\"fr_FR\" \/>\n<meta property=\"og:type\" content=\"article\" \/>\n<meta property=\"og:title\" content=\"Mobilisation pour la D\u00e9fense de l&#039;Enseignement Agricole Public du 25 mars 2025 - HAUTS-DE-FRANCE\" \/>\n<meta property=\"og:description\" content=\"Mobilisation pour la D\u00e9fense de l&rsquo;Enseignement Agricole Public en Hauts-de-France du 25 mars 2025 Ce mardi 25 mars, l\u2019\u00c9lan commun des Hauts-de-France, regroupant la CGT Agri, le SNETAP-FSU et SUD Rural Territoires, s&rsquo;est mobilis\u00e9 devant la DRAAF d\u2019Amiens. Cette action co\u00efncide avec la tenue du Comit\u00e9 Social de l&rsquo;Administration (CSA) de l\u2019Enseignement Agricole au niveau [&hellip;]\" \/>\n<meta property=\"og:url\" content=\"https:\/\/regions-snetap-fsu.fr\/hdf\/2025\/03\/29\/mobilisation-pour-la-defense-de-lenseignement-agricole-public-du-25-mars-2025\/\" \/>\n<meta property=\"og:site_name\" content=\"HAUTS-DE-FRANCE\" \/>\n<meta property=\"article:published_time\" content=\"2025-03-29T12:52:40+00:00\" \/>\n<meta property=\"article:modified_time\" content=\"2025-03-29T12:54:40+00:00\" \/>\n<meta property=\"og:image\" content=\"https:\/\/regions-snetap-fsu.fr\/hdf\/wp-content\/uploads\/sites\/5\/2024\/03\/Ecole_en_danger.jpg\" \/>\n\t<meta property=\"og:image:width\" content=\"435\" \/>\n\t<meta property=\"og:image:height\" content=\"200\" \/>\n\t<meta property=\"og:image:type\" content=\"image\/jpeg\" \/>\n<meta name=\"author\" content=\"Regis Martinage\" \/>\n<meta name=\"twitter:card\" content=\"summary_large_image\" \/>\n<meta name=\"twitter:creator\" content=\"@MartinageSnetap\" \/>\n<meta name=\"twitter:site\" content=\"@MartinageSnetap\" \/>\n<meta name=\"twitter:label1\" content=\"\u00c9crit par\" \/>\n\t<meta name=\"twitter:data1\" content=\"Regis Martinage\" \/>\n\t<meta name=\"twitter:label2\" content=\"Dur\u00e9e de lecture estim\u00e9e\" \/>\n\t<meta name=\"twitter:data2\" content=\"3 minutes\" \/>\n<script type=\"application\/ld+json\" class=\"yoast-schema-graph\">{\"@context\":\"https:\\\/\\\/schema.org\",\"@graph\":[{\"@type\":\"Article\",\"@id\":\"https:\\\/\\\/regions-snetap-fsu.fr\\\/hdf\\\/2025\\\/03\\\/29\\\/mobilisation-pour-la-defense-de-lenseignement-agricole-public-du-25-mars-2025\\\/#article\",\"isPartOf\":{\"@id\":\"https:\\\/\\\/regions-snetap-fsu.fr\\\/hdf\\\/2025\\\/03\\\/29\\\/mobilisation-pour-la-defense-de-lenseignement-agricole-public-du-25-mars-2025\\\/\"},\"author\":{\"name\":\"Regis Martinage\",\"@id\":\"https:\\\/\\\/regions-snetap-fsu.fr\\\/hdf\\\/#\\\/schema\\\/person\\\/fa09b77e508eb2889a1c2dd6f4cf3149\"},\"headline\":\"Mobilisation pour la D\u00e9fense de l&rsquo;Enseignement Agricole Public du 25 mars 2025\",\"datePublished\":\"2025-03-29T12:52:40+00:00\",\"dateModified\":\"2025-03-29T12:54:40+00:00\",\"mainEntityOfPage\":{\"@id\":\"https:\\\/\\\/regions-snetap-fsu.fr\\\/hdf\\\/2025\\\/03\\\/29\\\/mobilisation-pour-la-defense-de-lenseignement-agricole-public-du-25-mars-2025\\\/\"},\"wordCount\":596,\"publisher\":{\"@id\":\"https:\\\/\\\/regions-snetap-fsu.fr\\\/hdf\\\/#organization\"},\"image\":{\"@id\":\"https:\\\/\\\/regions-snetap-fsu.fr\\\/hdf\\\/2025\\\/03\\\/29\\\/mobilisation-pour-la-defense-de-lenseignement-agricole-public-du-25-mars-2025\\\/#primaryimage\"},\"thumbnailUrl\":\"https:\\\/\\\/regions-snetap-fsu.fr\\\/hdf\\\/wp-content\\\/uploads\\\/sites\\\/5\\\/2024\\\/03\\\/Ecole_en_danger.jpg\",\"articleSection\":[\"Actions - Gr\u00e8ves - Manifs\"],\"inLanguage\":\"fr-FR\"},{\"@type\":\"WebPage\",\"@id\":\"https:\\\/\\\/regions-snetap-fsu.fr\\\/hdf\\\/2025\\\/03\\\/29\\\/mobilisation-pour-la-defense-de-lenseignement-agricole-public-du-25-mars-2025\\\/\",\"url\":\"https:\\\/\\\/regions-snetap-fsu.fr\\\/hdf\\\/2025\\\/03\\\/29\\\/mobilisation-pour-la-defense-de-lenseignement-agricole-public-du-25-mars-2025\\\/\",\"name\":\"Mobilisation pour la D\u00e9fense de l'Enseignement Agricole Public du 25 mars 2025 - HAUTS-DE-FRANCE\",\"isPartOf\":{\"@id\":\"https:\\\/\\\/regions-snetap-fsu.fr\\\/hdf\\\/#website\"},\"primaryImageOfPage\":{\"@id\":\"https:\\\/\\\/regions-snetap-fsu.fr\\\/hdf\\\/2025\\\/03\\\/29\\\/mobilisation-pour-la-defense-de-lenseignement-agricole-public-du-25-mars-2025\\\/#primaryimage\"},\"image\":{\"@id\":\"https:\\\/\\\/regions-snetap-fsu.fr\\\/hdf\\\/2025\\\/03\\\/29\\\/mobilisation-pour-la-defense-de-lenseignement-agricole-public-du-25-mars-2025\\\/#primaryimage\"},\"thumbnailUrl\":\"https:\\\/\\\/regions-snetap-fsu.fr\\\/hdf\\\/wp-content\\\/uploads\\\/sites\\\/5\\\/2024\\\/03\\\/Ecole_en_danger.jpg\",\"datePublished\":\"2025-03-29T12:52:40+00:00\",\"dateModified\":\"2025-03-29T12:54:40+00:00\",\"breadcrumb\":{\"@id\":\"https:\\\/\\\/regions-snetap-fsu.fr\\\/hdf\\\/2025\\\/03\\\/29\\\/mobilisation-pour-la-defense-de-lenseignement-agricole-public-du-25-mars-2025\\\/#breadcrumb\"},\"inLanguage\":\"fr-FR\",\"potentialAction\":[{\"@type\":\"ReadAction\",\"target\":[\"https:\\\/\\\/regions-snetap-fsu.fr\\\/hdf\\\/2025\\\/03\\\/29\\\/mobilisation-pour-la-defense-de-lenseignement-agricole-public-du-25-mars-2025\\\/\"]}]},{\"@type\":\"ImageObject\",\"inLanguage\":\"fr-FR\",\"@id\":\"https:\\\/\\\/regions-snetap-fsu.fr\\\/hdf\\\/2025\\\/03\\\/29\\\/mobilisation-pour-la-defense-de-lenseignement-agricole-public-du-25-mars-2025\\\/#primaryimage\",\"url\":\"https:\\\/\\\/regions-snetap-fsu.fr\\\/hdf\\\/wp-content\\\/uploads\\\/sites\\\/5\\\/2024\\\/03\\\/Ecole_en_danger.jpg\",\"contentUrl\":\"https:\\\/\\\/regions-snetap-fsu.fr\\\/hdf\\\/wp-content\\\/uploads\\\/sites\\\/5\\\/2024\\\/03\\\/Ecole_en_danger.jpg\",\"width\":435,\"height\":200},{\"@type\":\"BreadcrumbList\",\"@id\":\"https:\\\/\\\/regions-snetap-fsu.fr\\\/hdf\\\/2025\\\/03\\\/29\\\/mobilisation-pour-la-defense-de-lenseignement-agricole-public-du-25-mars-2025\\\/#breadcrumb\",\"itemListElement\":[{\"@type\":\"ListItem\",\"position\":1,\"name\":\"Accueil\",\"item\":\"https:\\\/\\\/regions-snetap-fsu.fr\\\/hdf\\\/\"},{\"@type\":\"ListItem\",\"position\":2,\"name\":\"Actions - Gr\u00e8ves - Manifs\",\"item\":\"https:\\\/\\\/regions-snetap-fsu.fr\\\/hdf\\\/category\\\/actions-greves-manifs\\\/\"},{\"@type\":\"ListItem\",\"position\":3,\"name\":\"Mobilisation pour la D\u00e9fense de l&rsquo;Enseignement Agricole Public du 25 mars 2025\"}]},{\"@type\":\"WebSite\",\"@id\":\"https:\\\/\\\/regions-snetap-fsu.fr\\\/hdf\\\/#website\",\"url\":\"https:\\\/\\\/regions-snetap-fsu.fr\\\/hdf\\\/\",\"name\":\"HAUTS-DE-FRANCE\",\"description\":\"Section r\u00e9gionale\",\"publisher\":{\"@id\":\"https:\\\/\\\/regions-snetap-fsu.fr\\\/hdf\\\/#organization\"},\"potentialAction\":[{\"@type\":\"SearchAction\",\"target\":{\"@type\":\"EntryPoint\",\"urlTemplate\":\"https:\\\/\\\/regions-snetap-fsu.fr\\\/hdf\\\/?s={search_term_string}\"},\"query-input\":{\"@type\":\"PropertyValueSpecification\",\"valueRequired\":true,\"valueName\":\"search_term_string\"}}],\"inLanguage\":\"fr-FR\"},{\"@type\":\"Organization\",\"@id\":\"https:\\\/\\\/regions-snetap-fsu.fr\\\/hdf\\\/#organization\",\"name\":\"SNETAP-FSU - HAUTS-DE-FRANCE\",\"url\":\"https:\\\/\\\/regions-snetap-fsu.fr\\\/hdf\\\/\",\"logo\":{\"@type\":\"ImageObject\",\"inLanguage\":\"fr-FR\",\"@id\":\"https:\\\/\\\/regions-snetap-fsu.fr\\\/hdf\\\/#\\\/schema\\\/logo\\\/image\\\/\",\"url\":\"https:\\\/\\\/regions-snetap-fsu.fr\\\/hdf\\\/wp-content\\\/uploads\\\/sites\\\/5\\\/2020\\\/12\\\/SNETAP-Logo.jpg\",\"contentUrl\":\"https:\\\/\\\/regions-snetap-fsu.fr\\\/hdf\\\/wp-content\\\/uploads\\\/sites\\\/5\\\/2020\\\/12\\\/SNETAP-Logo.jpg\",\"width\":464,\"height\":334,\"caption\":\"SNETAP-FSU - HAUTS-DE-FRANCE\"},\"image\":{\"@id\":\"https:\\\/\\\/regions-snetap-fsu.fr\\\/hdf\\\/#\\\/schema\\\/logo\\\/image\\\/\"},\"sameAs\":[\"https:\\\/\\\/x.com\\\/MartinageSnetap\"]},{\"@type\":\"Person\",\"@id\":\"https:\\\/\\\/regions-snetap-fsu.fr\\\/hdf\\\/#\\\/schema\\\/person\\\/fa09b77e508eb2889a1c2dd6f4cf3149\",\"name\":\"Regis Martinage\",\"image\":{\"@type\":\"ImageObject\",\"inLanguage\":\"fr-FR\",\"@id\":\"https:\\\/\\\/secure.gravatar.com\\\/avatar\\\/7ae2aaabfe5b8d5c7b9361e91002ca9ec93c38c63c9a1d06ae19f03a5dc70dd7?s=96&d=mm&r=g\",\"url\":\"https:\\\/\\\/secure.gravatar.com\\\/avatar\\\/7ae2aaabfe5b8d5c7b9361e91002ca9ec93c38c63c9a1d06ae19f03a5dc70dd7?s=96&d=mm&r=g\",\"contentUrl\":\"https:\\\/\\\/secure.gravatar.com\\\/avatar\\\/7ae2aaabfe5b8d5c7b9361e91002ca9ec93c38c63c9a1d06ae19f03a5dc70dd7?s=96&d=mm&r=g\",\"caption\":\"Regis Martinage\"},\"url\":\"https:\\\/\\\/regions-snetap-fsu.fr\\\/hdf\\\/author\\\/r-martinage\\\/\"}]}<\/script>\n<!-- \/ Yoast SEO plugin. -->","yoast_head_json":{"title":"Mobilisation pour la D\u00e9fense de l'Enseignement Agricole Public du 25 mars 2025 - HAUTS-DE-FRANCE","robots":{"index":"index","follow":"follow","max-snippet":"max-snippet:-1","max-image-preview":"max-image-preview:large","max-video-preview":"max-video-preview:-1"},"canonical":"https:\/\/regions-snetap-fsu.fr\/hdf\/2025\/03\/29\/mobilisation-pour-la-defense-de-lenseignement-agricole-public-du-25-mars-2025\/","og_locale":"fr_FR","og_type":"article","og_title":"Mobilisation pour la D\u00e9fense de l'Enseignement Agricole Public du 25 mars 2025 - HAUTS-DE-FRANCE","og_description":"Mobilisation pour la D\u00e9fense de l&rsquo;Enseignement Agricole Public en Hauts-de-France du 25 mars 2025 Ce mardi 25 mars, l\u2019\u00c9lan commun des Hauts-de-France, regroupant la CGT Agri, le SNETAP-FSU et SUD Rural Territoires, s&rsquo;est mobilis\u00e9 devant la DRAAF d\u2019Amiens. Cette action co\u00efncide avec la tenue du Comit\u00e9 Social de l&rsquo;Administration (CSA) de l\u2019Enseignement Agricole au niveau [&hellip;]","og_url":"https:\/\/regions-snetap-fsu.fr\/hdf\/2025\/03\/29\/mobilisation-pour-la-defense-de-lenseignement-agricole-public-du-25-mars-2025\/","og_site_name":"HAUTS-DE-FRANCE","article_published_time":"2025-03-29T12:52:40+00:00","article_modified_time":"2025-03-29T12:54:40+00:00","og_image":[{"width":435,"height":200,"url":"https:\/\/regions-snetap-fsu.fr\/hdf\/wp-content\/uploads\/sites\/5\/2024\/03\/Ecole_en_danger.jpg","type":"image\/jpeg"}],"author":"Regis Martinage","twitter_card":"summary_large_image","twitter_creator":"@MartinageSnetap","twitter_site":"@MartinageSnetap","twitter_misc":{"\u00c9crit par":"Regis Martinage","Dur\u00e9e de lecture estim\u00e9e":"3 minutes"},"schema":{"@context":"https:\/\/schema.org","@graph":[{"@type":"Article","@id":"https:\/\/regions-snetap-fsu.fr\/hdf\/2025\/03\/29\/mobilisation-pour-la-defense-de-lenseignement-agricole-public-du-25-mars-2025\/#article","isPartOf":{"@id":"https:\/\/regions-snetap-fsu.fr\/hdf\/2025\/03\/29\/mobilisation-pour-la-defense-de-lenseignement-agricole-public-du-25-mars-2025\/"},"author":{"name":"Regis Martinage","@id":"https:\/\/regions-snetap-fsu.fr\/hdf\/#\/schema\/person\/fa09b77e508eb2889a1c2dd6f4cf3149"},"headline":"Mobilisation pour la D\u00e9fense de l&rsquo;Enseignement Agricole Public du 25 mars 2025","datePublished":"2025-03-29T12:52:40+00:00","dateModified":"2025-03-29T12:54:40+00:00","mainEntityOfPage":{"@id":"https:\/\/regions-snetap-fsu.fr\/hdf\/2025\/03\/29\/mobilisation-pour-la-defense-de-lenseignement-agricole-public-du-25-mars-2025\/"},"wordCount":596,"publisher":{"@id":"https:\/\/regions-snetap-fsu.fr\/hdf\/#organization"},"image":{"@id":"https:\/\/regions-snetap-fsu.fr\/hdf\/2025\/03\/29\/mobilisation-pour-la-defense-de-lenseignement-agricole-public-du-25-mars-2025\/#primaryimage"},"thumbnailUrl":"https:\/\/regions-snetap-fsu.fr\/hdf\/wp-content\/uploads\/sites\/5\/2024\/03\/Ecole_en_danger.jpg","articleSection":["Actions - Gr\u00e8ves - Manifs"],"inLanguage":"fr-FR"},{"@type":"WebPage","@id":"https:\/\/regions-snetap-fsu.fr\/hdf\/2025\/03\/29\/mobilisation-pour-la-defense-de-lenseignement-agricole-public-du-25-mars-2025\/","url":"https:\/\/regions-snetap-fsu.fr\/hdf\/2025\/03\/29\/mobilisation-pour-la-defense-de-lenseignement-agricole-public-du-25-mars-2025\/","name":"Mobilisation pour la D\u00e9fense de l'Enseignement Agricole Public du 25 mars 2025 - HAUTS-DE-FRANCE","isPartOf":{"@id":"https:\/\/regions-snetap-fsu.fr\/hdf\/#website"},"primaryImageOfPage":{"@id":"https:\/\/regions-snetap-fsu.fr\/hdf\/2025\/03\/29\/mobilisation-pour-la-defense-de-lenseignement-agricole-public-du-25-mars-2025\/#primaryimage"},"image":{"@id":"https:\/\/regions-snetap-fsu.fr\/hdf\/2025\/03\/29\/mobilisation-pour-la-defense-de-lenseignement-agricole-public-du-25-mars-2025\/#primaryimage"},"thumbnailUrl":"https:\/\/regions-snetap-fsu.fr\/hdf\/wp-content\/uploads\/sites\/5\/2024\/03\/Ecole_en_danger.jpg","datePublished":"2025-03-29T12:52:40+00:00","dateModified":"2025-03-29T12:54:40+00:00","breadcrumb":{"@id":"https:\/\/regions-snetap-fsu.fr\/hdf\/2025\/03\/29\/mobilisation-pour-la-defense-de-lenseignement-agricole-public-du-25-mars-2025\/#breadcrumb"},"inLanguage":"fr-FR","potentialAction":[{"@type":"ReadAction","target":["https:\/\/regions-snetap-fsu.fr\/hdf\/2025\/03\/29\/mobilisation-pour-la-defense-de-lenseignement-agricole-public-du-25-mars-2025\/"]}]},{"@type":"ImageObject","inLanguage":"fr-FR","@id":"https:\/\/regions-snetap-fsu.fr\/hdf\/2025\/03\/29\/mobilisation-pour-la-defense-de-lenseignement-agricole-public-du-25-mars-2025\/#primaryimage","url":"https:\/\/regions-snetap-fsu.fr\/hdf\/wp-content\/uploads\/sites\/5\/2024\/03\/Ecole_en_danger.jpg","contentUrl":"https:\/\/regions-snetap-fsu.fr\/hdf\/wp-content\/uploads\/sites\/5\/2024\/03\/Ecole_en_danger.jpg","width":435,"height":200},{"@type":"BreadcrumbList","@id":"https:\/\/regions-snetap-fsu.fr\/hdf\/2025\/03\/29\/mobilisation-pour-la-defense-de-lenseignement-agricole-public-du-25-mars-2025\/#breadcrumb","itemListElement":[{"@type":"ListItem","position":1,"name":"Accueil","item":"https:\/\/regions-snetap-fsu.fr\/hdf\/"},{"@type":"ListItem","position":2,"name":"Actions - Gr\u00e8ves - Manifs","item":"https:\/\/regions-snetap-fsu.fr\/hdf\/category\/actions-greves-manifs\/"},{"@type":"ListItem","position":3,"name":"Mobilisation pour la D\u00e9fense de l&rsquo;Enseignement Agricole Public du 25 mars 2025"}]},{"@type":"WebSite","@id":"https:\/\/regions-snetap-fsu.fr\/hdf\/#website","url":"https:\/\/regions-snetap-fsu.fr\/hdf\/","name":"HAUTS-DE-FRANCE","description":"Section r\u00e9gionale","publisher":{"@id":"https:\/\/regions-snetap-fsu.fr\/hdf\/#organization"},"potentialAction":[{"@type":"SearchAction","target":{"@type":"EntryPoint","urlTemplate":"https:\/\/regions-snetap-fsu.fr\/hdf\/?s={search_term_string}"},"query-input":{"@type":"PropertyValueSpecification","valueRequired":true,"valueName":"search_term_string"}}],"inLanguage":"fr-FR"},{"@type":"Organization","@id":"https:\/\/regions-snetap-fsu.fr\/hdf\/#organization","name":"SNETAP-FSU - HAUTS-DE-FRANCE","url":"https:\/\/regions-snetap-fsu.fr\/hdf\/","logo":{"@type":"ImageObject","inLanguage":"fr-FR","@id":"https:\/\/regions-snetap-fsu.fr\/hdf\/#\/schema\/logo\/image\/","url":"https:\/\/regions-snetap-fsu.fr\/hdf\/wp-content\/uploads\/sites\/5\/2020\/12\/SNETAP-Logo.jpg","contentUrl":"https:\/\/regions-snetap-fsu.fr\/hdf\/wp-content\/uploads\/sites\/5\/2020\/12\/SNETAP-Logo.jpg","width":464,"height":334,"caption":"SNETAP-FSU - HAUTS-DE-FRANCE"},"image":{"@id":"https:\/\/regions-snetap-fsu.fr\/hdf\/#\/schema\/logo\/image\/"},"sameAs":["https:\/\/x.com\/MartinageSnetap"]},{"@type":"Person","@id":"https:\/\/regions-snetap-fsu.fr\/hdf\/#\/schema\/person\/fa09b77e508eb2889a1c2dd6f4cf3149","name":"Regis Martinage","image":{"@type":"ImageObject","inLanguage":"fr-FR","@id":"https:\/\/secure.gravatar.com\/avatar\/7ae2aaabfe5b8d5c7b9361e91002ca9ec93c38c63c9a1d06ae19f03a5dc70dd7?s=96&d=mm&r=g","url":"https:\/\/secure.gravatar.com\/avatar\/7ae2aaabfe5b8d5c7b9361e91002ca9ec93c38c63c9a1d06ae19f03a5dc70dd7?s=96&d=mm&r=g","contentUrl":"https:\/\/secure.gravatar.com\/avatar\/7ae2aaabfe5b8d5c7b9361e91002ca9ec93c38c63c9a1d06ae19f03a5dc70dd7?s=96&d=mm&r=g","caption":"Regis Martinage"},"url":"https:\/\/regions-snetap-fsu.fr\/hdf\/author\/r-martinage\/"}]}},"_links":{"self":[{"href":"https:\/\/regions-snetap-fsu.fr\/hdf\/wp-json\/wp\/v2\/posts\/9792","targetHints":{"allow":["GET"]}}],"collection":[{"href":"https:\/\/regions-snetap-fsu.fr\/hdf\/wp-json\/wp\/v2\/posts"}],"about":[{"href":"https:\/\/regions-snetap-fsu.fr\/hdf\/wp-json\/wp\/v2\/types\/post"}],"author":[{"embeddable":true,"href":"https:\/\/regions-snetap-fsu.fr\/hdf\/wp-json\/wp\/v2\/users\/88"}],"replies":[{"embeddable":true,"href":"https:\/\/regions-snetap-fsu.fr\/hdf\/wp-json\/wp\/v2\/comments?post=9792"}],"version-history":[{"count":35,"href":"https:\/\/regions-snetap-fsu.fr\/hdf\/wp-json\/wp\/v2\/posts\/9792\/revisions"}],"predecessor-version":[{"id":9841,"href":"https:\/\/regions-snetap-fsu.fr\/hdf\/wp-json\/wp\/v2\/posts\/9792\/revisions\/9841"}],"wp:featuredmedia":[{"embeddable":true,"href":"https:\/\/regions-snetap-fsu.fr\/hdf\/wp-json\/wp\/v2\/media\/9246"}],"wp:attachment":[{"href":"https:\/\/regions-snetap-fsu.fr\/hdf\/wp-json\/wp\/v2\/media?parent=9792"}],"wp:term":[{"taxonomy":"category","embeddable":true,"href":"https:\/\/regions-snetap-fsu.fr\/hdf\/wp-json\/wp\/v2\/categories?post=9792"},{"taxonomy":"post_tag","embeddable":true,"href":"https:\/\/regions-snetap-fsu.fr\/hdf\/wp-json\/wp\/v2\/tags?post=9792"},{"taxonomy":"post_folder","embeddable":true,"href":"https:\/\/regions-snetap-fsu.fr\/hdf\/wp-json\/wp\/v2\/post_folder?post=9792"}],"curies":[{"name":"wp","href":"https:\/\/api.w.org\/{rel}","templated":true}]}}