{"id":9653,"date":"2025-01-12T11:47:02","date_gmt":"2025-01-12T10:47:02","guid":{"rendered":"https:\/\/regions-snetap-fsu.fr\/hdf\/?p=9653"},"modified":"2025-01-13T11:50:52","modified_gmt":"2025-01-13T10:50:52","slug":"ouverture-du-bts-gpn-au-paraclet-un-combat-syndical-et-politique","status":"publish","type":"post","link":"https:\/\/regions-snetap-fsu.fr\/hdf\/2025\/01\/12\/ouverture-du-bts-gpn-au-paraclet-un-combat-syndical-et-politique\/","title":{"rendered":"Ouverture du BTS GPN au Paraclet : Un Combat Syndical et Politique"},"content":{"rendered":"<div id=\"magicdomid2\" class=\"ace-line\" aria-live=\"assertive\">\n<h3 style=\"text-align: center\"><span class=\"author-a-z78zk40ci1z90z9ybz70zz66z2z65zy\" style=\"font-family: tahoma, arial, helvetica, sans-serif;color: #ff0000\">Ouverture du BTS GPN au Paraclet : Un Combat Syndical et Politique<\/span><\/h3>\n<\/div>\n<div id=\"magicdomid3\" class=\"ace-line\" aria-live=\"assertive\"><\/div>\n<div id=\"magicdomid165\" class=\"ace-line\" style=\"text-align: justify\" aria-live=\"assertive\"><span style=\"font-family: tahoma, arial, helvetica, sans-serif;color: #129447\"><span class=\"author-a-z78zk40ci1z90z9ybz70zz66z2z65zy\">Le 9 janvier 2025,<\/span><span class=\"author-a-z84zvysrmz79zz85zkz82z4x5z122z77\"> dans le cadre de la gr\u00e8ve et de la mobilisation devant les grilles de la DRAAF d&rsquo;Amiens, une audience cruciale s&rsquo;est tenue concernant l&rsquo;ouverture du BTS Gestion et Protection de la Nature (GPN) au campus de la nature et du vivant du Paraclet, situ\u00e9<\/span><span class=\"author-a-z78zk40ci1z90z9ybz70zz66z2z65zy\"> dans la Somme. Cette r\u00e9union, qui a dur\u00e9 de 14h30 \u00e0 16h30, a rassembl\u00e9 divers acteurs cl\u00e9s, dont R\u00e9mi Cardon, s\u00e9nateur de la Somme, des repr\u00e9sentants du SNETAP-FSU, de FO-EA, ainsi que des membres de la DRAAF et du SRFD.<\/span><\/span><\/div>\n<div id=\"magicdomid5\" class=\"ace-line\" aria-live=\"assertive\">.<\/div>\n<div id=\"magicdomid6\" class=\"ace-line\" aria-live=\"assertive\">\n<h3 style=\"text-align: center\"><span class=\"author-a-z78zk40ci1z90z9ybz70zz66z2z65zy\" style=\"font-family: tahoma, arial, helvetica, sans-serif;color: #ff0000\">Un D\u00e9but Tendu<\/span><\/h3>\n<\/div>\n<div id=\"magicdomid2658\" class=\"ace-line\" style=\"text-align: justify\" aria-live=\"assertive\"><span class=\"author-a-z84zvysrmz79zz85zkz82z4x5z122z77\" style=\"font-family: tahoma, arial, helvetica, sans-serif;color: #129447\">Avant cette audience et durant la p\u00e9riode de pr\u00e9avis de gr\u00e8ve, les repr\u00e9sentants du SNETAP-FSU ont constat\u00e9 des tentatives de la part du chef du SRFD visant d&rsquo;imposer des restrictions sur le nombre et le type de repr\u00e9sentant\u00b7e\u00b7s au sein de la d\u00e9l\u00e9gation. Ces actions constituent des atteintes inadmissibles aux droits de gr\u00e8ve et syndicaux.<\/span><\/div>\n<div id=\"magicdomid2659\" class=\"ace-line\" style=\"text-align: justify\" aria-live=\"assertive\"><span class=\"author-a-z84zvysrmz79zz85zkz82z4x5z122z77\" style=\"font-family: tahoma, arial, helvetica, sans-serif;color: #129447\">La section r\u00e9gionale du SNETAP-FSU se concertera pour envisager des poursuites contre ces faits graves.<\/span><\/div>\n<div aria-live=\"assertive\"><\/div>\n<div id=\"magicdomid1258\" class=\"ace-line\" style=\"text-align: justify\" aria-live=\"assertive\"><span style=\"font-family: tahoma, arial, helvetica, sans-serif;color: #129447\"><span class=\"author-a-z78zk40ci1z90z9ybz70zz66z2z65zy\">D\u00e8s le d\u00e9but<\/span><span class=\"author-a-z84zvysrmz79zz85zkz82z4x5z122z77\"> de l&rsquo;audience<\/span><span class=\"author-a-z78zk40ci1z90z9ybz70zz66z2z65zy\">, l&rsquo;ambiance \u00e9tait tendue. Le chef du SRFD a interpell\u00e9 un \u00e9l\u00e8ve pr\u00e9sent, <\/span><span class=\"author-a-z84zvysrmz79zz85zkz82z4x5z122z77\">lui reprochant de ne pas \u00eatre en cours. Le SNETAP-FSU a rapidement clarifi\u00e9 la situation, soulignant que la vie scolaire avait fait son travail et que les parents de cet \u00e9l\u00e8ve \u00e9taient inform\u00e9s.<\/span><\/span><\/div>\n<div id=\"magicdomid1259\" class=\"ace-line\" style=\"text-align: justify\" aria-live=\"assertive\"><span class=\"author-a-z84zvysrmz79zz85zkz82z4x5z122z77\" style=\"font-family: tahoma, arial, helvetica, sans-serif;color: #129447\">La section r\u00e9gionale du SNETAP-FSU regrette cette entrave \u00e0 l&rsquo;\u00e9mancipation des \u00e9l\u00e8ves sous couvert de l&rsquo;autorit\u00e9 parentale, et rappelle que notre vocation est de former des citoyens professionnels \u00e9mancip\u00e9s, et non de simples salari\u00e9s dociles ou des chefs d&rsquo;exploitation guid\u00e9s aveugl\u00e9ment par les d\u00e9fenseurs d&rsquo;un syst\u00e8me de production en d\u00e9clin.<\/span><\/div>\n<div id=\"magicdomid8\" class=\"ace-line\" aria-live=\"assertive\">.<\/div>\n<div id=\"magicdomid9\" class=\"ace-line\" aria-live=\"assertive\">\n<h3 style=\"text-align: center\"><span class=\"author-a-z78zk40ci1z90z9ybz70zz66z2z65zy\" style=\"font-family: tahoma, arial, helvetica, sans-serif;color: #ff0000\">Les Arguments du S\u00e9nateur et de la DRAAF<\/span><\/h3>\n<\/div>\n<div id=\"magicdomid750\" class=\"ace-line\" style=\"text-align: justify\" aria-live=\"assertive\"><span class=\"author-a-z78zk40ci1z90z9ybz70zz66z2z65zy\" style=\"font-family: tahoma, arial, helvetica, sans-serif;color: #129447\">Le s\u00e9nateur R\u00e9mi Cardon a ouvert la discussion en demandant pourquoi il y avait une opposition au projet de GPN malgr\u00e9 son inscription sur Parcoursup et le dossier complet de l&rsquo;\u00e9tablissement. Le DRAAF a r\u00e9pondu qu&rsquo;il n&rsquo;avait pas d&rsquo;opposition de principe avec la fili\u00e8re environnement, mais que le v\u00e9ritable enjeu \u00e9tait le renouvellement des g\u00e9n\u00e9rations dans la fili\u00e8re production.<\/span><\/div>\n<div id=\"magicdomid1766\" class=\"ace-line\" style=\"text-align: justify\" aria-live=\"assertive\"><span style=\"font-family: tahoma, arial, helvetica, sans-serif;color: #129447\"><span class=\"author-a-z78zk40ci1z90z9ybz70zz66z2z65zy\">Le s\u00e9nateur a insist\u00e9 sur le fait que le d\u00e9veloppement de la fili\u00e8re environnement ne devait pas se faire au d\u00e9triment de la production.<\/span><span class=\"author-a-z84zvysrmz79zz85zkz82z4x5z122z77\"> Le DRAAF a \u00e9voqu\u00e9 l&rsquo;objectif des 30 % de renouvellement des agriculteurs et agricultrices et a mentionn\u00e9 l&rsquo;OFB (Office fran\u00e7ais de la Biodiversit\u00e9), qui forme des dipl\u00f4m\u00e9s de cat\u00e9gorie B apr\u00e8s un concours, avec tr\u00e8s peu de personnes issues de l&rsquo;enseignement agricole.<\/span><\/span><\/div>\n<div id=\"magicdomid2673\" class=\"ace-line\" style=\"text-align: justify\" aria-live=\"assertive\"><span class=\"author-a-z84zvysrmz79zz85zkz82z4x5z122z77\" style=\"font-family: tahoma, arial, helvetica, sans-serif;color: #129447\">La section r\u00e9gionale du SNETAP-FSU s&rsquo;\u00e9tonne de l&rsquo;\u00e9vocation de la PLOA et de son objectif de renouvellement de 30 % par le DRAAF, alors que ce dernier refuse l&rsquo;ouverture de la 3\u00e8me EA \u00e0 Saint-Omer et de la section CGEA en initial \u00e0 Arras. La DRAAF n&rsquo;apporte aucune \u00e9volution pour r\u00e9pondre correctement \u00e0 cet objectif dans la carte de formation du public dans les Hauts-de-France.<\/span><\/div>\n<div id=\"magicdomid12\" class=\"ace-line\" aria-live=\"assertive\">.<\/div>\n<div id=\"magicdomid13\" class=\"ace-line\" aria-live=\"assertive\">\n<h3 style=\"text-align: center\"><span class=\"author-a-z78zk40ci1z90z9ybz70zz66z2z65zy\" style=\"font-family: tahoma, arial, helvetica, sans-serif;color: #ff0000\">Les Incoh\u00e9rences et les Chiffres<\/span><\/h3>\n<\/div>\n<div id=\"magicdomid752\" class=\"ace-line\" style=\"text-align: justify\" aria-live=\"assertive\"><span style=\"font-family: tahoma, arial, helvetica, sans-serif;color: #129447\"><span class=\"author-a-z78zk40ci1z90z9ybz70zz66z2z65zy\">Le chef du SRFD a soulign\u00e9 la n\u00e9cessit\u00e9 <\/span><span class=\"author-a-z84zvysrmz79zz85zkz82z4x5z122z77\">\u00ab\u00a0<\/span><span class=\"author-a-z78zk40ci1z90z9ybz70zz66z2z65zy\">d&rsquo;optimiser<\/span><span class=\"author-a-z84zvysrmz79zz85zkz82z4x5z122z77\">\u00ab\u00a0<\/span><span class=\"author-a-z78zk40ci1z90z9ybz70zz66z2z65zy\"> les financements et a mentionn\u00e9 un transfert de 600 000 euros sur le fond de roulement du lyc\u00e9e vers l&rsquo;exploitation. Le repr\u00e9sentant FO-EA a r\u00e9pondu que l&rsquo;exploitation \u00e9tait largement utilis\u00e9e gr\u00e2ce \u00e0 un chef d&rsquo;exploitation dynamique.<\/span><\/span><\/div>\n<div id=\"magicdomid15\" class=\"ace-line\" style=\"text-align: justify\" aria-live=\"assertive\"><span class=\"author-a-z78zk40ci1z90z9ybz70zz66z2z65zy\" style=\"font-family: tahoma, arial, helvetica, sans-serif;color: #129447\">Le SNETAP-FSU a ensuite mis en avant les chiffres de Parcoursup pour 2024, d\u00e9montrant que le vivier d&rsquo;\u00e9l\u00e8ves \u00e9tait largement suffisant, et ce, sans cr\u00e9er de concurrence entre les \u00e9tablissements publics. Il a \u00e9galement soulign\u00e9 que la fermeture du TC laisserait le poste d&rsquo;\u00e9co-gestion commerciale sans heures de cours l&rsquo;ann\u00e9e prochaine, ce qui semblait moins pr\u00e9occuper la DRAAF que l&rsquo;agronomie.<\/span><\/div>\n<div id=\"magicdomid16\" class=\"ace-line\" aria-live=\"assertive\">.<\/div>\n<div id=\"magicdomid746\" class=\"ace-line\" aria-live=\"assertive\">\n<h3 style=\"text-align: center\"><span class=\"author-a-z78zk40ci1z90z9ybz70zz66z2z65zy\" style=\"font-family: tahoma, arial, helvetica, sans-serif;color: #ff0000\">Les Propositions et les D\u00e9cisions<\/span><\/h3>\n<\/div>\n<div id=\"magicdomid1772\" class=\"ace-line\" style=\"text-align: justify\" aria-live=\"assertive\"><span class=\"author-a-z78zk40ci1z90z9ybz70zz66z2z65zy\" style=\"font-family: tahoma, arial, helvetica, sans-serif;color: #129447\">Le SRFD adjoint a propos\u00e9 une rentr\u00e9e \u00e0 moyen constant, mais cette proposition a \u00e9t\u00e9 rejet\u00e9e par les syndicats SNETAP-FSU et FO-EA, qui ne souhaitaient pas acter le non au GPN ni passer outre les instances comme le CA et le CI. Le DRAAF a finalement r\u00e9v\u00e9l\u00e9 que la d\u00e9cision avait \u00e9t\u00e9 prise lors du CREA, mais que les syndicats n&rsquo;\u00e9taient pas pr\u00e9sents \u00e0 ce moment-l\u00e0. La d\u00e9l\u00e9gation syndicale s&rsquo;est \u00e9tonn\u00e9e de l&rsquo;annonce de cette d\u00e9cision en s\u00e9ance contraire aux usages depuis des ann\u00e9es.<br \/>\n<\/span><\/div>\n<div id=\"magicdomid2713\" class=\"ace-line\" style=\"text-align: justify\" aria-live=\"assertive\"><span class=\"author-a-z84zvysrmz79zz85zkz82z4x5z122z77\" style=\"font-family: tahoma, arial, helvetica, sans-serif;color: #129447\">La section r\u00e9gionale du SNETAP-FSU soutient la d\u00e9cision des syndicats locaux, car cette proposition de rentr\u00e9e \u00e0 moyen constant s&rsquo;av\u00e8re \u00eatre un pi\u00e8ge. En r\u00e9alit\u00e9, la DRAAF, la DGER et le MASA ne fournissent pas les moyens n\u00e9cessaires pour r\u00e9pondre \u00e0 la PLOA, notamment \u00e0 l&rsquo;objectif des 30 % de renouvellement des agriculteurs et agricultrices. Pire encore, sous un gouvernement d\u00e9missionnaire et avant la formation d&rsquo;un nouveau gouvernement et du budget 2025, la DGER a d\u00e9j\u00e0 d\u00e9cid\u00e9 de r\u00e9duire la dotation globale horaire (DGH) et de supprimer des emplois temps pleins (ETP) dans l&rsquo;enseignement agricole public. D\u00e9sormais, elle ne se contente plus d&rsquo;un r\u00f4le technique mais s&rsquo;engage dans une politique de droite au d\u00e9triment de la fonction publique.<\/span><\/div>\n<div id=\"magicdomid19\" class=\"ace-line\" aria-live=\"assertive\">.<\/div>\n<div id=\"magicdomid20\" class=\"ace-line\" aria-live=\"assertive\">\n<h3 style=\"text-align: center\"><span class=\"author-a-z78zk40ci1z90z9ybz70zz66z2z65zy\" style=\"font-family: tahoma, arial, helvetica, sans-serif;color: #ff0000\">Conclusion et Perspectives<\/span><\/h3>\n<\/div>\n<div id=\"magicdomid21\" class=\"ace-line\" style=\"text-align: justify\" aria-live=\"assertive\"><span class=\"author-a-z78zk40ci1z90z9ybz70zz66z2z65zy\" style=\"font-family: tahoma, arial, helvetica, sans-serif;color: #129447\">Malgr\u00e9 les arguments pr\u00e9sent\u00e9s, le DRAAF a maintenu sa d\u00e9cision de ne pas soutenir l&rsquo;ouverture du GPN. Cependant, il a \u00e9t\u00e9 soulign\u00e9 que la d\u00e9cision finale serait prise par le DRAAF et la DGER, laissant encore un espoir pour les d\u00e9fenseurs du projet.<\/span><\/div>\n<div id=\"magicdomid22\" class=\"ace-line\" style=\"text-align: justify\" aria-live=\"assertive\"><span class=\"author-a-z78zk40ci1z90z9ybz70zz66z2z65zy\" style=\"font-family: tahoma, arial, helvetica, sans-serif;color: #129447\">La mobilisation des politiques, notamment le s\u00e9nateur R\u00e9mi Cardon et la d\u00e9put\u00e9e Madame Zahia Hamdane, a montr\u00e9 que le combat n&rsquo;\u00e9tait pas termin\u00e9. Les syndicats SNETAP-FSU, FO-EA et le personnel \u00e9ducatif du Paraclet restent d\u00e9termin\u00e9s \u00e0 poursuivre leurs efforts pour obtenir une d\u00e9cision positive.<\/span><\/div>\n<div id=\"magicdomid23\" class=\"ace-line\" aria-live=\"assertive\">.<\/div>\n<div id=\"magicdomid24\" class=\"ace-line\" aria-live=\"assertive\">\n<h3 style=\"text-align: center\"><span class=\"author-a-z78zk40ci1z90z9ybz70zz66z2z65zy\" style=\"font-family: tahoma, arial, helvetica, sans-serif;color: #ff0000\">Un Climat Plus Serein<\/span><\/h3>\n<\/div>\n<div id=\"magicdomid25\" class=\"ace-line\" style=\"text-align: justify\" aria-live=\"assertive\"><span class=\"author-a-z78zk40ci1z90z9ybz70zz66z2z65zy\" style=\"font-family: tahoma, arial, helvetica, sans-serif;color: #129447\">Bien que le climat ait \u00e9t\u00e9 plus serein que lors du CREA, la pr\u00e9sence du s\u00e9nateur R\u00e9mi Cardon a jou\u00e9 un r\u00f4le crucial dans cette am\u00e9lioration. Cependant, des remarques inutiles du chef du SRFD ont parfois perturb\u00e9 les \u00e9changes.<\/span><\/div>\n<div id=\"magicdomid26\" class=\"ace-line\" aria-live=\"assertive\">.<\/div>\n<div aria-live=\"assertive\"><\/div>\n<div id=\"magicdomid2714\" class=\"ace-line\" style=\"text-align: justify\" aria-live=\"assertive\"><span class=\"author-a-z78zk40ci1z90z9ybz70zz66z2z65zy b\" style=\"font-family: tahoma, arial, helvetica, sans-serif;color: #129447\"><b>En conclusion, cette audience a mis en lumi\u00e8re les d\u00e9fis et les incoh\u00e9rences dans les arguments de la DRAAF. Les syndicats SNETAP-FSU, FO-EA et le personnel \u00e9ducatif du Paraclet continuent de se battre pour l&rsquo;ouverture du BTS GPN, avec le soutien de politiques locaux et nationaux. La bataille n&rsquo;est pas termin\u00e9e, et chaque acteur reste mobilis\u00e9 pour d\u00e9fendre ce projet essentiel pour l&rsquo;avenir des \u00e9l\u00e8ves et de l&rsquo;enseignement agricole public.<\/b><\/span><\/div>\n<div id=\"magicdomid2758\" class=\"ace-line\" aria-live=\"assertive\">.<\/div>\n<h3 style=\"text-align: center\" aria-live=\"assertive\"><span style=\"font-family: tahoma, arial, helvetica, sans-serif;color: #ff0000\">Revue de presse<br \/>\n<\/span><\/h3>\n<p style=\"text-align: justify\"><strong><span style=\"font-family: tahoma, arial, helvetica, sans-serif;color: #129447\">Journal ICI 12\/13 Picardie du jeudi 9 janvier 2025<\/span><\/strong><\/p>\n<p style=\"text-align: justify\"><span style=\"font-family: tahoma, arial, helvetica, sans-serif;color: #129447\">Extrait concernant le Paraclet :<\/span><\/p>\n<div style=\"width: 1200px;\" class=\"wp-video\"><video class=\"wp-video-shortcode\" id=\"video-9653-1\" width=\"1200\" height=\"675\" preload=\"metadata\" controls=\"controls\"><source type=\"video\/mp4\" src=\"https:\/\/regions-snetap-fsu.fr\/hdf\/wp-content\/uploads\/sites\/5\/2025\/01\/25_01_19_ICI1213Picardie_GPN_Paraclet_coupe.mp4?_=1\" \/><a href=\"https:\/\/regions-snetap-fsu.fr\/hdf\/wp-content\/uploads\/sites\/5\/2025\/01\/25_01_19_ICI1213Picardie_GPN_Paraclet_coupe.mp4\">https:\/\/regions-snetap-fsu.fr\/hdf\/wp-content\/uploads\/sites\/5\/2025\/01\/25_01_19_ICI1213Picardie_GPN_Paraclet_coupe.mp4<\/a><\/video><\/div>\n<p class=\"c-player-metadata__header-title-seo\" style=\"text-align: justify\"><span style=\"font-family: tahoma, arial, helvetica, sans-serif\"><a href=\"https:\/\/www.france.tv\/france-3\/hauts-de-france\/ici-12-13-picardie\/6799840-emission-du-jeudi-9-janvier-2025.html\" target=\"_blank\" rel=\"noopener\">Lien : Replay du journal ICI 12\/13 Picardie du jeudi 19 janvier 2025 complet<\/a><\/span><\/p>\n<div aria-live=\"assertive\">.<\/div>\n<div id=\"magicdomid2757\" class=\"ace-line\" style=\"text-align: justify\" aria-live=\"assertive\"><span style=\"font-family: tahoma, arial, helvetica, sans-serif;color: #129447\"><strong>Journal ICI 19\/20 Picardie du jeudi 9 janvier 2025<\/strong><\/span><\/div>\n<div style=\"text-align: justify\" aria-live=\"assertive\"><span style=\"font-family: tahoma, arial, helvetica, sans-serif;color: #129447\">Extrait concernant le Paraclet :<\/span><\/div>\n<div aria-live=\"assertive\">\n<div style=\"width: 1200px;\" class=\"wp-video\"><video class=\"wp-video-shortcode\" id=\"video-9653-2\" width=\"1200\" height=\"675\" preload=\"metadata\" controls=\"controls\"><source type=\"video\/mp4\" src=\"https:\/\/regions-snetap-fsu.fr\/hdf\/wp-content\/uploads\/sites\/5\/2025\/01\/25_01_19_ICI1920Picardie_GPN_Paraclet_coupe.mp4?_=2\" \/><a href=\"https:\/\/regions-snetap-fsu.fr\/hdf\/wp-content\/uploads\/sites\/5\/2025\/01\/25_01_19_ICI1920Picardie_GPN_Paraclet_coupe.mp4\">https:\/\/regions-snetap-fsu.fr\/hdf\/wp-content\/uploads\/sites\/5\/2025\/01\/25_01_19_ICI1920Picardie_GPN_Paraclet_coupe.mp4<\/a><\/video><\/div>\n<\/div>\n<div style=\"text-align: justify\" aria-live=\"assertive\"><span style=\"font-family: tahoma, arial, helvetica, sans-serif\"><a href=\"https:\/\/www.france.tv\/france-3\/hauts-de-france\/ici-19-20-picardie\/6799789-emission-du-jeudi-9-janvier-2025.html\" target=\"_blank\" rel=\"noopener\">Lien : Replay du journal ICI 19\/20 Picardie du jeudi 19 janvier 2025 complet<\/a><\/span><\/div>\n<div aria-live=\"assertive\">.<\/div>\n<div aria-live=\"assertive\"><strong><span style=\"font-family: tahoma, arial, helvetica, sans-serif;color: #129447\">France Bleue Ici Picardie, interview de Sylvain, SNETAP-FSU, et du chef du SRFD<\/span><\/strong><\/div>\n<div aria-live=\"assertive\">\n<audio class=\"wp-audio-shortcode\" id=\"audio-9653-1\" preload=\"none\" style=\"width: 100%;\" controls=\"controls\"><source type=\"audio\/mpeg\" src=\"https:\/\/regions-snetap-fsu.fr\/hdf\/wp-content\/uploads\/sites\/5\/2025\/01\/25_01_09_FranceBleuePicardie_greve_BTS_GPN_Paraclet.mp3?_=1\" \/><a href=\"https:\/\/regions-snetap-fsu.fr\/hdf\/wp-content\/uploads\/sites\/5\/2025\/01\/25_01_09_FranceBleuePicardie_greve_BTS_GPN_Paraclet.mp3\">https:\/\/regions-snetap-fsu.fr\/hdf\/wp-content\/uploads\/sites\/5\/2025\/01\/25_01_09_FranceBleuePicardie_greve_BTS_GPN_Paraclet.mp3<\/a><\/audio>\n<\/div>\n<div aria-live=\"assertive\">.<\/div>\n<div style=\"text-align: justify\" aria-live=\"assertive\"><span style=\"font-family: tahoma, arial, helvetica, sans-serif\"><a href=\"https:\/\/www.francebleu.fr\/infos\/education\/greve-au-lycee-agricole-du-paraclet-les-enseignants-reclament-l-ouverture-d-un-bts-finalement-annulee-par-le-rectorat-1390950\" target=\"_blank\" rel=\"noopener\">Lien : Article France Bleu Picardie &#8211; Gr\u00e8ve au lyc\u00e9e agricole du Paraclet : les enseignants r\u00e9clament l&rsquo;ouverture d&rsquo;un BTS, finalement annul\u00e9e par la DRAAF<\/a><\/span><\/div>\n<div aria-live=\"assertive\">.<\/div>\n<div style=\"text-align: justify\" aria-live=\"assertive\"><span style=\"font-family: tahoma, arial, helvetica, sans-serif\"><a href=\"https:\/\/france3-regions.francetvinfo.fr\/hauts-de-france\/somme\/amiens\/operation-lycee-mort-au-lycee-agricole-du-paraclet-qui-se-voit-refuser-l-ouverture-d-un-nouveau-bts-3088255.html\" target=\"_blank\" rel=\"noopener\">Lien : France3 Hauts-de-France &#8211; Un lyc\u00e9e agricole en gr\u00e8ve apr\u00e8s le refus d\u2019ouvrir un nouveau BTS : \u00ab\u00a0c&rsquo;est un projet qu&rsquo;on travaille depuis plus d&rsquo;un an\u00a0\u00bb<\/a><\/span><\/div>\n","protected":false},"excerpt":{"rendered":"<p>Ouverture du BTS GPN au Paraclet : Un Combat Syndical et Politique Le 9 janvier 2025, dans le cadre de la gr\u00e8ve et de la mobilisation devant les grilles de la DRAAF d&rsquo;Amiens, une audience cruciale s&rsquo;est tenue concernant l&rsquo;ouverture du BTS Gestion et Protection de la Nature (GPN) au campus de la nature et [&hellip;]<\/p>\n","protected":false},"author":88,"featured_media":9677,"comment_status":"closed","ping_status":"closed","sticky":false,"template":"","format":"standard","meta":{"ocean_post_layout":"","ocean_both_sidebars_style":"","ocean_both_sidebars_content_width":0,"ocean_both_sidebars_sidebars_width":0,"ocean_sidebar":"0","ocean_second_sidebar":"0","ocean_disable_margins":"enable","ocean_add_body_class":"","ocean_shortcode_before_top_bar":"","ocean_shortcode_after_top_bar":"","ocean_shortcode_before_header":"","ocean_shortcode_after_header":"","ocean_has_shortcode":"","ocean_shortcode_after_title":"","ocean_shortcode_before_footer_widgets":"","ocean_shortcode_after_footer_widgets":"","ocean_shortcode_before_footer_bottom":"","ocean_shortcode_after_footer_bottom":"","ocean_display_top_bar":"default","ocean_display_header":"default","ocean_header_style":"","ocean_center_header_left_menu":"0","ocean_custom_header_template":"0","ocean_custom_logo":0,"ocean_custom_retina_logo":0,"ocean_custom_logo_max_width":0,"ocean_custom_logo_tablet_max_width":0,"ocean_custom_logo_mobile_max_width":0,"ocean_custom_logo_max_height":0,"ocean_custom_logo_tablet_max_height":0,"ocean_custom_logo_mobile_max_height":0,"ocean_header_custom_menu":"0","ocean_menu_typo_font_family":"0","ocean_menu_typo_font_subset":"","ocean_menu_typo_font_size":0,"ocean_menu_typo_font_size_tablet":0,"ocean_menu_typo_font_size_mobile":0,"ocean_menu_typo_font_size_unit":"px","ocean_menu_typo_font_weight":"","ocean_menu_typo_font_weight_tablet":"","ocean_menu_typo_font_weight_mobile":"","ocean_menu_typo_transform":"","ocean_menu_typo_transform_tablet":"","ocean_menu_typo_transform_mobile":"","ocean_menu_typo_line_height":0,"ocean_menu_typo_line_height_tablet":0,"ocean_menu_typo_line_height_mobile":0,"ocean_menu_typo_line_height_unit":"","ocean_menu_typo_spacing":0,"ocean_menu_typo_spacing_tablet":0,"ocean_menu_typo_spacing_mobile":0,"ocean_menu_typo_spacing_unit":"","ocean_menu_link_color":"","ocean_menu_link_color_hover":"","ocean_menu_link_color_active":"","ocean_menu_link_background":"","ocean_menu_link_hover_background":"","ocean_menu_link_active_background":"","ocean_menu_social_links_bg":"","ocean_menu_social_hover_links_bg":"","ocean_menu_social_links_color":"","ocean_menu_social_hover_links_color":"","ocean_disable_title":"default","ocean_disable_heading":"default","ocean_post_title":"","ocean_post_subheading":"","ocean_post_title_style":"","ocean_post_title_background_color":"","ocean_post_title_background":0,"ocean_post_title_bg_image_position":"","ocean_post_title_bg_image_attachment":"","ocean_post_title_bg_image_repeat":"","ocean_post_title_bg_image_size":"","ocean_post_title_height":0,"ocean_post_title_bg_overlay":0.5,"ocean_post_title_bg_overlay_color":"","ocean_disable_breadcrumbs":"default","ocean_breadcrumbs_color":"","ocean_breadcrumbs_separator_color":"","ocean_breadcrumbs_links_color":"","ocean_breadcrumbs_links_hover_color":"","ocean_display_footer_widgets":"default","ocean_display_footer_bottom":"default","ocean_custom_footer_template":"0","ocean_post_oembed":"","ocean_post_self_hosted_media":"","ocean_post_video_embed":"","ocean_link_format":"","ocean_link_format_target":"self","ocean_quote_format":"","ocean_quote_format_link":"post","ocean_gallery_link_images":"on","ocean_gallery_id":[],"footnotes":""},"categories":[2,29,28],"tags":[],"post_folder":[],"class_list":["post-9653","post","type-post","status-publish","format-standard","has-post-thumbnail","hentry","category-actions-greves-manifs","category-elections-instances-nationales","category-journal-regional","entry","has-media"],"yoast_head":"<!-- This site is optimized with the Yoast SEO plugin v27.4 - https:\/\/yoast.com\/product\/yoast-seo-wordpress\/ -->\n<title>Ouverture du BTS GPN au Paraclet : Un Combat Syndical et Politique - HAUTS-DE-FRANCE<\/title>\n<meta name=\"robots\" content=\"index, follow, max-snippet:-1, max-image-preview:large, max-video-preview:-1\" \/>\n<link rel=\"canonical\" href=\"https:\/\/regions-snetap-fsu.fr\/hdf\/2025\/01\/12\/ouverture-du-bts-gpn-au-paraclet-un-combat-syndical-et-politique\/\" \/>\n<meta property=\"og:locale\" content=\"fr_FR\" \/>\n<meta property=\"og:type\" content=\"article\" \/>\n<meta property=\"og:title\" content=\"Ouverture du BTS GPN au Paraclet : Un Combat Syndical et Politique - HAUTS-DE-FRANCE\" \/>\n<meta property=\"og:description\" content=\"Ouverture du BTS GPN au Paraclet : Un Combat Syndical et Politique Le 9 janvier 2025, dans le cadre de la gr\u00e8ve et de la mobilisation devant les grilles de la DRAAF d&rsquo;Amiens, une audience cruciale s&rsquo;est tenue concernant l&rsquo;ouverture du BTS Gestion et Protection de la Nature (GPN) au campus de la nature et [&hellip;]\" \/>\n<meta property=\"og:url\" content=\"https:\/\/regions-snetap-fsu.fr\/hdf\/2025\/01\/12\/ouverture-du-bts-gpn-au-paraclet-un-combat-syndical-et-politique\/\" \/>\n<meta property=\"og:site_name\" content=\"HAUTS-DE-FRANCE\" \/>\n<meta property=\"article:published_time\" content=\"2025-01-12T10:47:02+00:00\" \/>\n<meta property=\"article:modified_time\" content=\"2025-01-13T10:50:52+00:00\" \/>\n<meta property=\"og:image\" content=\"https:\/\/regions-snetap-fsu.fr\/hdf\/wp-content\/uploads\/sites\/5\/2025\/01\/25_01_09_CombatParacletPrBTSA_GPN.jpg\" \/>\n\t<meta property=\"og:image:width\" content=\"435\" \/>\n\t<meta property=\"og:image:height\" content=\"200\" \/>\n\t<meta property=\"og:image:type\" content=\"image\/jpeg\" \/>\n<meta name=\"author\" content=\"Regis Martinage\" \/>\n<meta name=\"twitter:card\" content=\"summary_large_image\" \/>\n<meta name=\"twitter:creator\" content=\"@MartinageSnetap\" \/>\n<meta name=\"twitter:site\" content=\"@MartinageSnetap\" \/>\n<meta name=\"twitter:label1\" content=\"\u00c9crit par\" \/>\n\t<meta name=\"twitter:data1\" content=\"Regis Martinage\" \/>\n\t<meta name=\"twitter:label2\" content=\"Dur\u00e9e de lecture estim\u00e9e\" \/>\n\t<meta name=\"twitter:data2\" content=\"6 minutes\" \/>\n<script type=\"application\/ld+json\" class=\"yoast-schema-graph\">{\"@context\":\"https:\\\/\\\/schema.org\",\"@graph\":[{\"@type\":\"Article\",\"@id\":\"https:\\\/\\\/regions-snetap-fsu.fr\\\/hdf\\\/2025\\\/01\\\/12\\\/ouverture-du-bts-gpn-au-paraclet-un-combat-syndical-et-politique\\\/#article\",\"isPartOf\":{\"@id\":\"https:\\\/\\\/regions-snetap-fsu.fr\\\/hdf\\\/2025\\\/01\\\/12\\\/ouverture-du-bts-gpn-au-paraclet-un-combat-syndical-et-politique\\\/\"},\"author\":{\"name\":\"Regis Martinage\",\"@id\":\"https:\\\/\\\/regions-snetap-fsu.fr\\\/hdf\\\/#\\\/schema\\\/person\\\/fa09b77e508eb2889a1c2dd6f4cf3149\"},\"headline\":\"Ouverture du BTS GPN au Paraclet : Un Combat Syndical et Politique\",\"datePublished\":\"2025-01-12T10:47:02+00:00\",\"dateModified\":\"2025-01-13T10:50:52+00:00\",\"mainEntityOfPage\":{\"@id\":\"https:\\\/\\\/regions-snetap-fsu.fr\\\/hdf\\\/2025\\\/01\\\/12\\\/ouverture-du-bts-gpn-au-paraclet-un-combat-syndical-et-politique\\\/\"},\"wordCount\":1307,\"publisher\":{\"@id\":\"https:\\\/\\\/regions-snetap-fsu.fr\\\/hdf\\\/#organization\"},\"image\":{\"@id\":\"https:\\\/\\\/regions-snetap-fsu.fr\\\/hdf\\\/2025\\\/01\\\/12\\\/ouverture-du-bts-gpn-au-paraclet-un-combat-syndical-et-politique\\\/#primaryimage\"},\"thumbnailUrl\":\"https:\\\/\\\/regions-snetap-fsu.fr\\\/hdf\\\/wp-content\\\/uploads\\\/sites\\\/5\\\/2025\\\/01\\\/25_01_09_CombatParacletPrBTSA_GPN.jpg\",\"articleSection\":[\"Actions - Gr\u00e8ves - Manifs\",\"Elections instances nationales\",\"Journal regional\"],\"inLanguage\":\"fr-FR\"},{\"@type\":\"WebPage\",\"@id\":\"https:\\\/\\\/regions-snetap-fsu.fr\\\/hdf\\\/2025\\\/01\\\/12\\\/ouverture-du-bts-gpn-au-paraclet-un-combat-syndical-et-politique\\\/\",\"url\":\"https:\\\/\\\/regions-snetap-fsu.fr\\\/hdf\\\/2025\\\/01\\\/12\\\/ouverture-du-bts-gpn-au-paraclet-un-combat-syndical-et-politique\\\/\",\"name\":\"Ouverture du BTS GPN au Paraclet : Un Combat Syndical et Politique - HAUTS-DE-FRANCE\",\"isPartOf\":{\"@id\":\"https:\\\/\\\/regions-snetap-fsu.fr\\\/hdf\\\/#website\"},\"primaryImageOfPage\":{\"@id\":\"https:\\\/\\\/regions-snetap-fsu.fr\\\/hdf\\\/2025\\\/01\\\/12\\\/ouverture-du-bts-gpn-au-paraclet-un-combat-syndical-et-politique\\\/#primaryimage\"},\"image\":{\"@id\":\"https:\\\/\\\/regions-snetap-fsu.fr\\\/hdf\\\/2025\\\/01\\\/12\\\/ouverture-du-bts-gpn-au-paraclet-un-combat-syndical-et-politique\\\/#primaryimage\"},\"thumbnailUrl\":\"https:\\\/\\\/regions-snetap-fsu.fr\\\/hdf\\\/wp-content\\\/uploads\\\/sites\\\/5\\\/2025\\\/01\\\/25_01_09_CombatParacletPrBTSA_GPN.jpg\",\"datePublished\":\"2025-01-12T10:47:02+00:00\",\"dateModified\":\"2025-01-13T10:50:52+00:00\",\"breadcrumb\":{\"@id\":\"https:\\\/\\\/regions-snetap-fsu.fr\\\/hdf\\\/2025\\\/01\\\/12\\\/ouverture-du-bts-gpn-au-paraclet-un-combat-syndical-et-politique\\\/#breadcrumb\"},\"inLanguage\":\"fr-FR\",\"potentialAction\":[{\"@type\":\"ReadAction\",\"target\":[\"https:\\\/\\\/regions-snetap-fsu.fr\\\/hdf\\\/2025\\\/01\\\/12\\\/ouverture-du-bts-gpn-au-paraclet-un-combat-syndical-et-politique\\\/\"]}]},{\"@type\":\"ImageObject\",\"inLanguage\":\"fr-FR\",\"@id\":\"https:\\\/\\\/regions-snetap-fsu.fr\\\/hdf\\\/2025\\\/01\\\/12\\\/ouverture-du-bts-gpn-au-paraclet-un-combat-syndical-et-politique\\\/#primaryimage\",\"url\":\"https:\\\/\\\/regions-snetap-fsu.fr\\\/hdf\\\/wp-content\\\/uploads\\\/sites\\\/5\\\/2025\\\/01\\\/25_01_09_CombatParacletPrBTSA_GPN.jpg\",\"contentUrl\":\"https:\\\/\\\/regions-snetap-fsu.fr\\\/hdf\\\/wp-content\\\/uploads\\\/sites\\\/5\\\/2025\\\/01\\\/25_01_09_CombatParacletPrBTSA_GPN.jpg\",\"width\":435,\"height\":200},{\"@type\":\"BreadcrumbList\",\"@id\":\"https:\\\/\\\/regions-snetap-fsu.fr\\\/hdf\\\/2025\\\/01\\\/12\\\/ouverture-du-bts-gpn-au-paraclet-un-combat-syndical-et-politique\\\/#breadcrumb\",\"itemListElement\":[{\"@type\":\"ListItem\",\"position\":1,\"name\":\"Accueil\",\"item\":\"https:\\\/\\\/regions-snetap-fsu.fr\\\/hdf\\\/\"},{\"@type\":\"ListItem\",\"position\":2,\"name\":\"Actions - Gr\u00e8ves - Manifs\",\"item\":\"https:\\\/\\\/regions-snetap-fsu.fr\\\/hdf\\\/category\\\/actions-greves-manifs\\\/\"},{\"@type\":\"ListItem\",\"position\":3,\"name\":\"Ouverture du BTS GPN au Paraclet : Un Combat Syndical et Politique\"}]},{\"@type\":\"WebSite\",\"@id\":\"https:\\\/\\\/regions-snetap-fsu.fr\\\/hdf\\\/#website\",\"url\":\"https:\\\/\\\/regions-snetap-fsu.fr\\\/hdf\\\/\",\"name\":\"HAUTS-DE-FRANCE\",\"description\":\"Section r\u00e9gionale\",\"publisher\":{\"@id\":\"https:\\\/\\\/regions-snetap-fsu.fr\\\/hdf\\\/#organization\"},\"potentialAction\":[{\"@type\":\"SearchAction\",\"target\":{\"@type\":\"EntryPoint\",\"urlTemplate\":\"https:\\\/\\\/regions-snetap-fsu.fr\\\/hdf\\\/?s={search_term_string}\"},\"query-input\":{\"@type\":\"PropertyValueSpecification\",\"valueRequired\":true,\"valueName\":\"search_term_string\"}}],\"inLanguage\":\"fr-FR\"},{\"@type\":\"Organization\",\"@id\":\"https:\\\/\\\/regions-snetap-fsu.fr\\\/hdf\\\/#organization\",\"name\":\"SNETAP-FSU - HAUTS-DE-FRANCE\",\"url\":\"https:\\\/\\\/regions-snetap-fsu.fr\\\/hdf\\\/\",\"logo\":{\"@type\":\"ImageObject\",\"inLanguage\":\"fr-FR\",\"@id\":\"https:\\\/\\\/regions-snetap-fsu.fr\\\/hdf\\\/#\\\/schema\\\/logo\\\/image\\\/\",\"url\":\"https:\\\/\\\/regions-snetap-fsu.fr\\\/hdf\\\/wp-content\\\/uploads\\\/sites\\\/5\\\/2020\\\/12\\\/SNETAP-Logo.jpg\",\"contentUrl\":\"https:\\\/\\\/regions-snetap-fsu.fr\\\/hdf\\\/wp-content\\\/uploads\\\/sites\\\/5\\\/2020\\\/12\\\/SNETAP-Logo.jpg\",\"width\":464,\"height\":334,\"caption\":\"SNETAP-FSU - HAUTS-DE-FRANCE\"},\"image\":{\"@id\":\"https:\\\/\\\/regions-snetap-fsu.fr\\\/hdf\\\/#\\\/schema\\\/logo\\\/image\\\/\"},\"sameAs\":[\"https:\\\/\\\/x.com\\\/MartinageSnetap\"]},{\"@type\":\"Person\",\"@id\":\"https:\\\/\\\/regions-snetap-fsu.fr\\\/hdf\\\/#\\\/schema\\\/person\\\/fa09b77e508eb2889a1c2dd6f4cf3149\",\"name\":\"Regis Martinage\",\"image\":{\"@type\":\"ImageObject\",\"inLanguage\":\"fr-FR\",\"@id\":\"https:\\\/\\\/secure.gravatar.com\\\/avatar\\\/7ae2aaabfe5b8d5c7b9361e91002ca9ec93c38c63c9a1d06ae19f03a5dc70dd7?s=96&d=mm&r=g\",\"url\":\"https:\\\/\\\/secure.gravatar.com\\\/avatar\\\/7ae2aaabfe5b8d5c7b9361e91002ca9ec93c38c63c9a1d06ae19f03a5dc70dd7?s=96&d=mm&r=g\",\"contentUrl\":\"https:\\\/\\\/secure.gravatar.com\\\/avatar\\\/7ae2aaabfe5b8d5c7b9361e91002ca9ec93c38c63c9a1d06ae19f03a5dc70dd7?s=96&d=mm&r=g\",\"caption\":\"Regis Martinage\"},\"url\":\"https:\\\/\\\/regions-snetap-fsu.fr\\\/hdf\\\/author\\\/r-martinage\\\/\"}]}<\/script>\n<!-- \/ Yoast SEO plugin. -->","yoast_head_json":{"title":"Ouverture du BTS GPN au Paraclet : Un Combat Syndical et Politique - HAUTS-DE-FRANCE","robots":{"index":"index","follow":"follow","max-snippet":"max-snippet:-1","max-image-preview":"max-image-preview:large","max-video-preview":"max-video-preview:-1"},"canonical":"https:\/\/regions-snetap-fsu.fr\/hdf\/2025\/01\/12\/ouverture-du-bts-gpn-au-paraclet-un-combat-syndical-et-politique\/","og_locale":"fr_FR","og_type":"article","og_title":"Ouverture du BTS GPN au Paraclet : Un Combat Syndical et Politique - HAUTS-DE-FRANCE","og_description":"Ouverture du BTS GPN au Paraclet : Un Combat Syndical et Politique Le 9 janvier 2025, dans le cadre de la gr\u00e8ve et de la mobilisation devant les grilles de la DRAAF d&rsquo;Amiens, une audience cruciale s&rsquo;est tenue concernant l&rsquo;ouverture du BTS Gestion et Protection de la Nature (GPN) au campus de la nature et [&hellip;]","og_url":"https:\/\/regions-snetap-fsu.fr\/hdf\/2025\/01\/12\/ouverture-du-bts-gpn-au-paraclet-un-combat-syndical-et-politique\/","og_site_name":"HAUTS-DE-FRANCE","article_published_time":"2025-01-12T10:47:02+00:00","article_modified_time":"2025-01-13T10:50:52+00:00","og_image":[{"width":435,"height":200,"url":"https:\/\/regions-snetap-fsu.fr\/hdf\/wp-content\/uploads\/sites\/5\/2025\/01\/25_01_09_CombatParacletPrBTSA_GPN.jpg","type":"image\/jpeg"}],"author":"Regis Martinage","twitter_card":"summary_large_image","twitter_creator":"@MartinageSnetap","twitter_site":"@MartinageSnetap","twitter_misc":{"\u00c9crit par":"Regis Martinage","Dur\u00e9e de lecture estim\u00e9e":"6 minutes"},"schema":{"@context":"https:\/\/schema.org","@graph":[{"@type":"Article","@id":"https:\/\/regions-snetap-fsu.fr\/hdf\/2025\/01\/12\/ouverture-du-bts-gpn-au-paraclet-un-combat-syndical-et-politique\/#article","isPartOf":{"@id":"https:\/\/regions-snetap-fsu.fr\/hdf\/2025\/01\/12\/ouverture-du-bts-gpn-au-paraclet-un-combat-syndical-et-politique\/"},"author":{"name":"Regis Martinage","@id":"https:\/\/regions-snetap-fsu.fr\/hdf\/#\/schema\/person\/fa09b77e508eb2889a1c2dd6f4cf3149"},"headline":"Ouverture du BTS GPN au Paraclet : Un Combat Syndical et Politique","datePublished":"2025-01-12T10:47:02+00:00","dateModified":"2025-01-13T10:50:52+00:00","mainEntityOfPage":{"@id":"https:\/\/regions-snetap-fsu.fr\/hdf\/2025\/01\/12\/ouverture-du-bts-gpn-au-paraclet-un-combat-syndical-et-politique\/"},"wordCount":1307,"publisher":{"@id":"https:\/\/regions-snetap-fsu.fr\/hdf\/#organization"},"image":{"@id":"https:\/\/regions-snetap-fsu.fr\/hdf\/2025\/01\/12\/ouverture-du-bts-gpn-au-paraclet-un-combat-syndical-et-politique\/#primaryimage"},"thumbnailUrl":"https:\/\/regions-snetap-fsu.fr\/hdf\/wp-content\/uploads\/sites\/5\/2025\/01\/25_01_09_CombatParacletPrBTSA_GPN.jpg","articleSection":["Actions - Gr\u00e8ves - Manifs","Elections instances nationales","Journal regional"],"inLanguage":"fr-FR"},{"@type":"WebPage","@id":"https:\/\/regions-snetap-fsu.fr\/hdf\/2025\/01\/12\/ouverture-du-bts-gpn-au-paraclet-un-combat-syndical-et-politique\/","url":"https:\/\/regions-snetap-fsu.fr\/hdf\/2025\/01\/12\/ouverture-du-bts-gpn-au-paraclet-un-combat-syndical-et-politique\/","name":"Ouverture du BTS GPN au Paraclet : Un Combat Syndical et Politique - HAUTS-DE-FRANCE","isPartOf":{"@id":"https:\/\/regions-snetap-fsu.fr\/hdf\/#website"},"primaryImageOfPage":{"@id":"https:\/\/regions-snetap-fsu.fr\/hdf\/2025\/01\/12\/ouverture-du-bts-gpn-au-paraclet-un-combat-syndical-et-politique\/#primaryimage"},"image":{"@id":"https:\/\/regions-snetap-fsu.fr\/hdf\/2025\/01\/12\/ouverture-du-bts-gpn-au-paraclet-un-combat-syndical-et-politique\/#primaryimage"},"thumbnailUrl":"https:\/\/regions-snetap-fsu.fr\/hdf\/wp-content\/uploads\/sites\/5\/2025\/01\/25_01_09_CombatParacletPrBTSA_GPN.jpg","datePublished":"2025-01-12T10:47:02+00:00","dateModified":"2025-01-13T10:50:52+00:00","breadcrumb":{"@id":"https:\/\/regions-snetap-fsu.fr\/hdf\/2025\/01\/12\/ouverture-du-bts-gpn-au-paraclet-un-combat-syndical-et-politique\/#breadcrumb"},"inLanguage":"fr-FR","potentialAction":[{"@type":"ReadAction","target":["https:\/\/regions-snetap-fsu.fr\/hdf\/2025\/01\/12\/ouverture-du-bts-gpn-au-paraclet-un-combat-syndical-et-politique\/"]}]},{"@type":"ImageObject","inLanguage":"fr-FR","@id":"https:\/\/regions-snetap-fsu.fr\/hdf\/2025\/01\/12\/ouverture-du-bts-gpn-au-paraclet-un-combat-syndical-et-politique\/#primaryimage","url":"https:\/\/regions-snetap-fsu.fr\/hdf\/wp-content\/uploads\/sites\/5\/2025\/01\/25_01_09_CombatParacletPrBTSA_GPN.jpg","contentUrl":"https:\/\/regions-snetap-fsu.fr\/hdf\/wp-content\/uploads\/sites\/5\/2025\/01\/25_01_09_CombatParacletPrBTSA_GPN.jpg","width":435,"height":200},{"@type":"BreadcrumbList","@id":"https:\/\/regions-snetap-fsu.fr\/hdf\/2025\/01\/12\/ouverture-du-bts-gpn-au-paraclet-un-combat-syndical-et-politique\/#breadcrumb","itemListElement":[{"@type":"ListItem","position":1,"name":"Accueil","item":"https:\/\/regions-snetap-fsu.fr\/hdf\/"},{"@type":"ListItem","position":2,"name":"Actions - Gr\u00e8ves - Manifs","item":"https:\/\/regions-snetap-fsu.fr\/hdf\/category\/actions-greves-manifs\/"},{"@type":"ListItem","position":3,"name":"Ouverture du BTS GPN au Paraclet : Un Combat Syndical et Politique"}]},{"@type":"WebSite","@id":"https:\/\/regions-snetap-fsu.fr\/hdf\/#website","url":"https:\/\/regions-snetap-fsu.fr\/hdf\/","name":"HAUTS-DE-FRANCE","description":"Section r\u00e9gionale","publisher":{"@id":"https:\/\/regions-snetap-fsu.fr\/hdf\/#organization"},"potentialAction":[{"@type":"SearchAction","target":{"@type":"EntryPoint","urlTemplate":"https:\/\/regions-snetap-fsu.fr\/hdf\/?s={search_term_string}"},"query-input":{"@type":"PropertyValueSpecification","valueRequired":true,"valueName":"search_term_string"}}],"inLanguage":"fr-FR"},{"@type":"Organization","@id":"https:\/\/regions-snetap-fsu.fr\/hdf\/#organization","name":"SNETAP-FSU - HAUTS-DE-FRANCE","url":"https:\/\/regions-snetap-fsu.fr\/hdf\/","logo":{"@type":"ImageObject","inLanguage":"fr-FR","@id":"https:\/\/regions-snetap-fsu.fr\/hdf\/#\/schema\/logo\/image\/","url":"https:\/\/regions-snetap-fsu.fr\/hdf\/wp-content\/uploads\/sites\/5\/2020\/12\/SNETAP-Logo.jpg","contentUrl":"https:\/\/regions-snetap-fsu.fr\/hdf\/wp-content\/uploads\/sites\/5\/2020\/12\/SNETAP-Logo.jpg","width":464,"height":334,"caption":"SNETAP-FSU - HAUTS-DE-FRANCE"},"image":{"@id":"https:\/\/regions-snetap-fsu.fr\/hdf\/#\/schema\/logo\/image\/"},"sameAs":["https:\/\/x.com\/MartinageSnetap"]},{"@type":"Person","@id":"https:\/\/regions-snetap-fsu.fr\/hdf\/#\/schema\/person\/fa09b77e508eb2889a1c2dd6f4cf3149","name":"Regis Martinage","image":{"@type":"ImageObject","inLanguage":"fr-FR","@id":"https:\/\/secure.gravatar.com\/avatar\/7ae2aaabfe5b8d5c7b9361e91002ca9ec93c38c63c9a1d06ae19f03a5dc70dd7?s=96&d=mm&r=g","url":"https:\/\/secure.gravatar.com\/avatar\/7ae2aaabfe5b8d5c7b9361e91002ca9ec93c38c63c9a1d06ae19f03a5dc70dd7?s=96&d=mm&r=g","contentUrl":"https:\/\/secure.gravatar.com\/avatar\/7ae2aaabfe5b8d5c7b9361e91002ca9ec93c38c63c9a1d06ae19f03a5dc70dd7?s=96&d=mm&r=g","caption":"Regis Martinage"},"url":"https:\/\/regions-snetap-fsu.fr\/hdf\/author\/r-martinage\/"}]}},"_links":{"self":[{"href":"https:\/\/regions-snetap-fsu.fr\/hdf\/wp-json\/wp\/v2\/posts\/9653","targetHints":{"allow":["GET"]}}],"collection":[{"href":"https:\/\/regions-snetap-fsu.fr\/hdf\/wp-json\/wp\/v2\/posts"}],"about":[{"href":"https:\/\/regions-snetap-fsu.fr\/hdf\/wp-json\/wp\/v2\/types\/post"}],"author":[{"embeddable":true,"href":"https:\/\/regions-snetap-fsu.fr\/hdf\/wp-json\/wp\/v2\/users\/88"}],"replies":[{"embeddable":true,"href":"https:\/\/regions-snetap-fsu.fr\/hdf\/wp-json\/wp\/v2\/comments?post=9653"}],"version-history":[{"count":11,"href":"https:\/\/regions-snetap-fsu.fr\/hdf\/wp-json\/wp\/v2\/posts\/9653\/revisions"}],"predecessor-version":[{"id":9676,"href":"https:\/\/regions-snetap-fsu.fr\/hdf\/wp-json\/wp\/v2\/posts\/9653\/revisions\/9676"}],"wp:featuredmedia":[{"embeddable":true,"href":"https:\/\/regions-snetap-fsu.fr\/hdf\/wp-json\/wp\/v2\/media\/9677"}],"wp:attachment":[{"href":"https:\/\/regions-snetap-fsu.fr\/hdf\/wp-json\/wp\/v2\/media?parent=9653"}],"wp:term":[{"taxonomy":"category","embeddable":true,"href":"https:\/\/regions-snetap-fsu.fr\/hdf\/wp-json\/wp\/v2\/categories?post=9653"},{"taxonomy":"post_tag","embeddable":true,"href":"https:\/\/regions-snetap-fsu.fr\/hdf\/wp-json\/wp\/v2\/tags?post=9653"},{"taxonomy":"post_folder","embeddable":true,"href":"https:\/\/regions-snetap-fsu.fr\/hdf\/wp-json\/wp\/v2\/post_folder?post=9653"}],"curies":[{"name":"wp","href":"https:\/\/api.w.org\/{rel}","templated":true}]}}