{"id":9632,"date":"2025-01-04T17:10:41","date_gmt":"2025-01-04T16:10:41","guid":{"rendered":"https:\/\/regions-snetap-fsu.fr\/hdf\/?p=9632"},"modified":"2025-03-20T12:05:02","modified_gmt":"2025-03-20T11:05:02","slug":"compte-rendu-de-la-commission-regionale-acb-du-18-12-24","status":"publish","type":"post","link":"https:\/\/regions-snetap-fsu.fr\/hdf\/2025\/01\/04\/compte-rendu-de-la-commission-regionale-acb-du-18-12-24\/","title":{"rendered":"Compte rendu de la Commission R\u00e9gionale ACB du 18\/12\/24"},"content":{"rendered":"<h2 style=\"text-align: center\" data-pm-slice=\"1 1 []\"><span style=\"font-family: tahoma, arial, helvetica, sans-serif;color: #ff0000\">Compte rendu de la Commission R\u00e9gionale de Suivi des Conditions d\u2019Emploi des Personnels Contractuels &#8211; Mercredi 18 d\u00e9cembre 2024<\/span><\/h2>\n<p style=\"text-align: justify\"><span style=\"font-family: tahoma, arial, helvetica, sans-serif;color: #129447\">Le mercredi 18 d\u00e9cembre 2024, \u00e0 Amiens, une d\u00e9l\u00e9gation intersyndicale <strong>\u00c9lan commun<\/strong> s\u2019est mobilis\u00e9e pour d\u00e9fendre les droits des personnels contractuel\u00b7le\u00b7s employ\u00e9\u00b7e\u00b7s dans les CFPPA, UFA et CFA des EPLEFPA des Hauts-de-France. Cette r\u00e9union, organis\u00e9e dans le cadre de la <strong>Commission R\u00e9gionale de Suivi des Conditions d\u2019Emploi<\/strong>, a permis d&rsquo;aborder des sujets essentiels touchant \u00e0 leurs conditions de travail.<\/span><\/p>\n<p>&nbsp;<\/p>\n<h3 style=\"text-align: center\" data-pm-slice=\"1 1 []\"><span style=\"font-family: tahoma, arial, helvetica, sans-serif;color: #ff0000\"><strong>Une pr\u00e9paration minutieuse pour une r\u00e9union cruciale<\/strong><\/span><\/h3>\n<p style=\"text-align: justify\"><span style=\"font-family: tahoma, arial, helvetica, sans-serif;color: #129447\">D\u00e8s le matin, une r\u00e9union interne entre \u00c9lan commun a permis d\u2019affiner les arguments \u00e0 porter devant l\u2019administration. L\u2019objectif \u00e9tait clair : veiller \u00e0 ce que les d\u00e9cisions respectent les orientations nationales et s\u2019opposer \u00e0 tout passage en force des directions locales.<\/span><\/p>\n<p style=\"text-align: justify\"><span style=\"color: #129447;font-family: tahoma, arial, helvetica, sans-serif\">L\u2019\u00e9quipe syndicale a ensuite \u00e9t\u00e9 accueillie dans les nouveaux locaux de la <strong>DRAAF-SRFD Hauts-de-France<\/strong> par le charg\u00e9 administratif des CFA et CFPPA. Cette visite a permis de rencontrer des interlocuteurs\u00b7interlocutrices cl\u00e9s, notamment la responsable de la DGH et les experts en d\u00e9veloppement de l\u2019intelligence artificielle.<\/span><\/p>\n<p>&nbsp;<\/p>\n<h3 style=\"text-align: center\"><span style=\"font-family: tahoma, arial, helvetica, sans-serif;color: #ff0000\"><strong>Une commission structur\u00e9e autour des enjeux r\u00e9gionaux<\/strong><\/span><\/h3>\n<p style=\"text-align: justify\"><span style=\"font-family: tahoma, arial, helvetica, sans-serif;color: #129447\">L\u2019apr\u00e8s-midi, la commission a r\u00e9uni les directions des EPL (Oise, Haute-Somme, Flandres, Rib\u00e9court, CFPPA 62) et l\u2019administration du SRFD. Au programme : les <strong>conditions d\u2019emploi des personnels contractuels<\/strong> (ACB).<\/span><\/p>\n<p style=\"text-align: justify\"><span style=\"font-family: tahoma, arial, helvetica, sans-serif;color: #129447\">Les \u00e9changes se sont appuy\u00e9s sur l\u2019enqu\u00eate annuelle du SRFD, r\u00e9v\u00e9lant les disparit\u00e9s et enjeux r\u00e9gionaux :<\/span><\/p>\n<ul>\n<li style=\"text-align: justify\"><span style=\"font-family: tahoma, arial, helvetica, sans-serif;color: #129447\"><strong>Temps de travail<\/strong> : De 16 \u00e0 32 heures hebdomadaires en r\u00e9gion, contre 14 \u00e0 40 heures au niveau national.<\/span><\/li>\n<li style=\"text-align: justify\"><span style=\"font-family: tahoma, arial, helvetica, sans-serif;color: #129447\"><strong>Recrutement<\/strong> : Les discussions ont mis en lumi\u00e8re une possible corr\u00e9lation entre b\u00e9n\u00e9fices des EPL et primes vers\u00e9es, une hypoth\u00e8se que <strong>\u00c9lan commun<\/strong> a fermement rejet\u00e9e au nom de la solidarit\u00e9 inter-centres dont certains CFPPA-UFA contribuent positivement pour les autres centres.<br \/>\n<\/span><\/li>\n<li style=\"text-align: justify\"><span style=\"font-family: tahoma, arial, helvetica, sans-serif;color: #129447\"><strong>Nature des contrats<\/strong> : Les CDI, repr\u00e9sentant 60 % des emplois r\u00e9gionaux, sont valoris\u00e9s par \u00c9lan commun comme un droit fondamental du travail, contrairement \u00e0 la souplesse des CDD d\u00e9fendue par certaines directions.<\/span><\/li>\n<li style=\"text-align: justify\"><span style=\"font-family: tahoma, arial, helvetica, sans-serif;color: #129447\"><strong>R\u00e9mun\u00e9rations<\/strong> : Avec un salaire moyen de 28 000 \u20ac brut annuels, des \u00e9carts importants subsistent. <strong>\u00c9lan commun<\/strong> s\u2019est oppos\u00e9 \u00e0 la modulation des salaires en fonction de la rentabilit\u00e9 ou au m\u00e9rite, pr\u00f4nant une revalorisation par l\u2019anciennet\u00e9 pour garantir \u00e9quit\u00e9 et justice.<\/span><\/li>\n<li style=\"text-align: justify\"><span style=\"font-family: tahoma, arial, helvetica, sans-serif;color: #129447\"><strong>Recours aux vacations<\/strong> : \u00c9lan commun a d\u00e9nonc\u00e9 \u00ab\u00a0l&rsquo;ub\u00e9risation\u00a0\u00bb de certaines formations \u00e0 bas co\u00fbt, sans infrastructures p\u00e9rennes, et a exig\u00e9 que le SRFD refuse les habilitations pour ces formations pr\u00e9caires effectu\u00e9es par d&rsquo;autres organismes qui demandent d\u2019assurer une partie de ces formations, avec nos plateaux techniques.<br \/>\n<\/span><\/li>\n<li style=\"text-align: justify\"><span style=\"font-family: tahoma, arial, helvetica, sans-serif;color: #129447\"><strong>Tranches d\u2019\u00e2ge<\/strong> : Les formateurs de plus de 50 ans repr\u00e9sentent 30 % des effectifs, un chiffre marquant.<\/span><\/li>\n<li style=\"text-align: justify\"><span style=\"font-family: tahoma, arial, helvetica, sans-serif;color: #129447\"><strong>Turn-over<\/strong> : Le taux de turn-over atteint 28 % dans la r\u00e9gion, un chiffre qui interpelle.<\/span><\/li>\n<\/ul>\n<p>&nbsp;<\/p>\n<h3 style=\"text-align: center\"><span style=\"font-family: tahoma, arial, helvetica, sans-serif;color: #ff0000\"><strong>Opposition aux mesures injustes et d\u00e9fense des droits syndicaux<\/strong><\/span><\/h3>\n<p style=\"text-align: justify\"><span style=\"font-family: tahoma, arial, helvetica, sans-serif;color: #129447\">Face aux propositions jug\u00e9es injustes, <strong>\u00c9lan commun<\/strong> a d\u00e9fendu avec vigueur :<\/span><\/p>\n<ul>\n<li style=\"text-align: justify\"><span style=\"font-family: tahoma, arial, helvetica, sans-serif;color: #129447\">Les grilles salariales bas\u00e9es sur l\u2019anciennet\u00e9, garanties par les lois de 1986.<\/span><\/li>\n<li style=\"text-align: justify\"><span style=\"font-family: tahoma, arial, helvetica, sans-serif;color: #129447\">L\u2019harmonisation des primes ISOE pour tous les formateurs formatrices de la r\u00e9gion.<\/span><\/li>\n<li style=\"text-align: justify\"><span style=\"font-family: tahoma, arial, helvetica, sans-serif;color: #129447\">La protection renforc\u00e9e des repr\u00e9sentant\u00b7e\u00b7s syndicaux contre les pressions ou repr\u00e9sailles hi\u00e9rarchiques, notamment dans le cadre des entretiens annuels d\u2019\u00e9valuation.<\/span><\/li>\n<\/ul>\n<p>&nbsp;<\/p>\n<h3 style=\"text-align: center\"><span style=\"font-family: tahoma, arial, helvetica, sans-serif;color: #ff0000\"><strong>Le r\u00f4le cl\u00e9 du GIP national<\/strong><\/span><\/h3>\n<p style=\"text-align: justify\"><span style=\"font-family: tahoma, arial, helvetica, sans-serif;color: #129447\">En parall\u00e8le, la r\u00e9union a abord\u00e9 l\u2019appui m\u00e9thodologique du <strong>GIP national<\/strong> en poste jusqu\u2019\u00e0 mai 2025. <strong>\u00c9lan commun<\/strong> a insist\u00e9 sur l\u2019harmonisation des conditions de travail (\u00e0 hauteur de 1 607 heures annuelles) et le rejet des dipl\u00f4mes d\u00e9livr\u00e9s par des structures pr\u00e9caires, en concurrence d\u00e9loyale avec les centres publics.<\/span><\/p>\n<p>&nbsp;<\/p>\n<h3 style=\"text-align: center\"><span style=\"font-family: tahoma, arial, helvetica, sans-serif;color: #ff0000\"><strong>Une mobilisation qui continue<\/strong><\/span><\/h3>\n<p style=\"text-align: justify\"><span style=\"font-family: tahoma, arial, helvetica, sans-serif;color: #129447\">Comme le souligne Dominique Baras, repr\u00e9sentante SNETAP-FSU membre de \u00c9lan commun au GIP national : <\/span><span style=\"font-family: tahoma, arial, helvetica, sans-serif;color: #129447\"><em>\u00ab\u00a0Il reste beaucoup \u00e0 faire pour d\u00e9fendre les droits des personnels contractuels.\u00a0\u00bb<\/em><\/span><\/p>\n<p style=\"text-align: justify\"><span style=\"font-family: tahoma, arial, helvetica, sans-serif;color: #129447\">La prochaine <strong>Commission R\u00e9gionale des ACB<\/strong> se tiendra le <strong>jeudi 16 janvier 2025<\/strong>. Restons mobilis\u00e9s pour garantir des conditions de travail justes et \u00e9quitables.<\/span><\/p>\n<p>&nbsp;<\/p>\n<p style=\"text-align: justify\"><span style=\"font-family: tahoma, arial, helvetica, sans-serif;color: #129447\">Rendez-vous sur le blog du <strong>SNETAP-FSU Hauts-de-France<\/strong> pour suivre les actions \u00e0 venir !<\/span><br \/>\n<span style=\"font-family: tahoma, arial, helvetica, sans-serif;color: #129447\">N&rsquo;h\u00e9sitez pas \u00e0 contacter vos repr\u00e9sentant\u00b7e\u00b7s <strong>\u00c9lan commun<\/strong> pour toute question ou proposition.<\/span><\/p>\n<p><span style=\"font-family: tahoma, arial, helvetica, sans-serif\"><a href=\"https:\/\/regions-snetap-fsu.fr\/hdf\/commission-paritaire-de-suivi-commissions-regionales-cfppa-ufa\/\" target=\"_blank\" rel=\"noopener\">Lien : Vos repr\u00e9sentant\u00b7e\u00b7s \u00c9lan commun pour les Hauts-de-France<\/a><\/span><\/p>\n","protected":false},"excerpt":{"rendered":"<p>Compte rendu de la Commission R\u00e9gionale de Suivi des Conditions d\u2019Emploi des Personnels Contractuels &#8211; Mercredi 18 d\u00e9cembre 2024 Le mercredi 18 d\u00e9cembre 2024, \u00e0 Amiens, une d\u00e9l\u00e9gation intersyndicale \u00c9lan commun s\u2019est mobilis\u00e9e pour d\u00e9fendre les droits des personnels contractuel\u00b7le\u00b7s employ\u00e9\u00b7e\u00b7s dans les CFPPA, UFA et CFA des EPLEFPA des Hauts-de-France. Cette r\u00e9union, organis\u00e9e dans [&hellip;]<\/p>\n","protected":false},"author":88,"featured_media":8863,"comment_status":"closed","ping_status":"closed","sticky":false,"template":"","format":"standard","meta":{"ocean_post_layout":"","ocean_both_sidebars_style":"","ocean_both_sidebars_content_width":0,"ocean_both_sidebars_sidebars_width":0,"ocean_sidebar":"0","ocean_second_sidebar":"0","ocean_disable_margins":"enable","ocean_add_body_class":"","ocean_shortcode_before_top_bar":"","ocean_shortcode_after_top_bar":"","ocean_shortcode_before_header":"","ocean_shortcode_after_header":"","ocean_has_shortcode":"","ocean_shortcode_after_title":"","ocean_shortcode_before_footer_widgets":"","ocean_shortcode_after_footer_widgets":"","ocean_shortcode_before_footer_bottom":"","ocean_shortcode_after_footer_bottom":"","ocean_display_top_bar":"default","ocean_display_header":"default","ocean_header_style":"","ocean_center_header_left_menu":"0","ocean_custom_header_template":"0","ocean_custom_logo":0,"ocean_custom_retina_logo":0,"ocean_custom_logo_max_width":0,"ocean_custom_logo_tablet_max_width":0,"ocean_custom_logo_mobile_max_width":0,"ocean_custom_logo_max_height":0,"ocean_custom_logo_tablet_max_height":0,"ocean_custom_logo_mobile_max_height":0,"ocean_header_custom_menu":"0","ocean_menu_typo_font_family":"0","ocean_menu_typo_font_subset":"","ocean_menu_typo_font_size":0,"ocean_menu_typo_font_size_tablet":0,"ocean_menu_typo_font_size_mobile":0,"ocean_menu_typo_font_size_unit":"px","ocean_menu_typo_font_weight":"","ocean_menu_typo_font_weight_tablet":"","ocean_menu_typo_font_weight_mobile":"","ocean_menu_typo_transform":"","ocean_menu_typo_transform_tablet":"","ocean_menu_typo_transform_mobile":"","ocean_menu_typo_line_height":0,"ocean_menu_typo_line_height_tablet":0,"ocean_menu_typo_line_height_mobile":0,"ocean_menu_typo_line_height_unit":"","ocean_menu_typo_spacing":0,"ocean_menu_typo_spacing_tablet":0,"ocean_menu_typo_spacing_mobile":0,"ocean_menu_typo_spacing_unit":"","ocean_menu_link_color":"","ocean_menu_link_color_hover":"","ocean_menu_link_color_active":"","ocean_menu_link_background":"","ocean_menu_link_hover_background":"","ocean_menu_link_active_background":"","ocean_menu_social_links_bg":"","ocean_menu_social_hover_links_bg":"","ocean_menu_social_links_color":"","ocean_menu_social_hover_links_color":"","ocean_disable_title":"default","ocean_disable_heading":"default","ocean_post_title":"","ocean_post_subheading":"","ocean_post_title_style":"","ocean_post_title_background_color":"","ocean_post_title_background":0,"ocean_post_title_bg_image_position":"","ocean_post_title_bg_image_attachment":"","ocean_post_title_bg_image_repeat":"","ocean_post_title_bg_image_size":"","ocean_post_title_height":0,"ocean_post_title_bg_overlay":0.5,"ocean_post_title_bg_overlay_color":"","ocean_disable_breadcrumbs":"default","ocean_breadcrumbs_color":"","ocean_breadcrumbs_separator_color":"","ocean_breadcrumbs_links_color":"","ocean_breadcrumbs_links_hover_color":"","ocean_display_footer_widgets":"default","ocean_display_footer_bottom":"default","ocean_custom_footer_template":"0","ocean_post_oembed":"","ocean_post_self_hosted_media":"","ocean_post_video_embed":"","ocean_link_format":"","ocean_link_format_target":"self","ocean_quote_format":"","ocean_quote_format_link":"post","ocean_gallery_link_images":"on","ocean_gallery_id":[],"footnotes":""},"categories":[76,3],"tags":[],"post_folder":[],"class_list":["post-9632","post","type-post","status-publish","format-standard","has-post-thumbnail","hentry","category-commission-regionale-conditions-demploi-acb","category-ufa-cfppa","entry","has-media"],"yoast_head":"<!-- This site is optimized with the Yoast SEO plugin v27.4 - https:\/\/yoast.com\/product\/yoast-seo-wordpress\/ -->\n<title>Compte rendu de la Commission R\u00e9gionale ACB du 18\/12\/24 - HAUTS-DE-FRANCE<\/title>\n<meta name=\"robots\" content=\"index, follow, max-snippet:-1, max-image-preview:large, max-video-preview:-1\" \/>\n<link rel=\"canonical\" href=\"https:\/\/regions-snetap-fsu.fr\/hdf\/2025\/01\/04\/compte-rendu-de-la-commission-regionale-acb-du-18-12-24\/\" \/>\n<meta property=\"og:locale\" content=\"fr_FR\" \/>\n<meta property=\"og:type\" content=\"article\" \/>\n<meta property=\"og:title\" content=\"Compte rendu de la Commission R\u00e9gionale ACB du 18\/12\/24 - HAUTS-DE-FRANCE\" \/>\n<meta property=\"og:description\" content=\"Compte rendu de la Commission R\u00e9gionale de Suivi des Conditions d\u2019Emploi des Personnels Contractuels &#8211; Mercredi 18 d\u00e9cembre 2024 Le mercredi 18 d\u00e9cembre 2024, \u00e0 Amiens, une d\u00e9l\u00e9gation intersyndicale \u00c9lan commun s\u2019est mobilis\u00e9e pour d\u00e9fendre les droits des personnels contractuel\u00b7le\u00b7s employ\u00e9\u00b7e\u00b7s dans les CFPPA, UFA et CFA des EPLEFPA des Hauts-de-France. Cette r\u00e9union, organis\u00e9e dans [&hellip;]\" \/>\n<meta property=\"og:url\" content=\"https:\/\/regions-snetap-fsu.fr\/hdf\/2025\/01\/04\/compte-rendu-de-la-commission-regionale-acb-du-18-12-24\/\" \/>\n<meta property=\"og:site_name\" content=\"HAUTS-DE-FRANCE\" \/>\n<meta property=\"article:published_time\" content=\"2025-01-04T16:10:41+00:00\" \/>\n<meta property=\"article:modified_time\" content=\"2025-03-20T11:05:02+00:00\" \/>\n<meta property=\"og:image\" content=\"https:\/\/regions-snetap-fsu.fr\/hdf\/wp-content\/uploads\/sites\/5\/2023\/07\/Commission_Regionale_ACB.jpg\" \/>\n\t<meta property=\"og:image:width\" content=\"435\" \/>\n\t<meta property=\"og:image:height\" content=\"200\" \/>\n\t<meta property=\"og:image:type\" content=\"image\/jpeg\" \/>\n<meta name=\"author\" content=\"Regis Martinage\" \/>\n<meta name=\"twitter:card\" content=\"summary_large_image\" \/>\n<meta name=\"twitter:creator\" content=\"@MartinageSnetap\" \/>\n<meta name=\"twitter:site\" content=\"@MartinageSnetap\" \/>\n<meta name=\"twitter:label1\" content=\"\u00c9crit par\" \/>\n\t<meta name=\"twitter:data1\" content=\"Regis Martinage\" \/>\n\t<meta name=\"twitter:label2\" content=\"Dur\u00e9e de lecture estim\u00e9e\" \/>\n\t<meta name=\"twitter:data2\" content=\"4 minutes\" \/>\n<script type=\"application\/ld+json\" class=\"yoast-schema-graph\">{\"@context\":\"https:\\\/\\\/schema.org\",\"@graph\":[{\"@type\":\"Article\",\"@id\":\"https:\\\/\\\/regions-snetap-fsu.fr\\\/hdf\\\/2025\\\/01\\\/04\\\/compte-rendu-de-la-commission-regionale-acb-du-18-12-24\\\/#article\",\"isPartOf\":{\"@id\":\"https:\\\/\\\/regions-snetap-fsu.fr\\\/hdf\\\/2025\\\/01\\\/04\\\/compte-rendu-de-la-commission-regionale-acb-du-18-12-24\\\/\"},\"author\":{\"name\":\"Regis Martinage\",\"@id\":\"https:\\\/\\\/regions-snetap-fsu.fr\\\/hdf\\\/#\\\/schema\\\/person\\\/fa09b77e508eb2889a1c2dd6f4cf3149\"},\"headline\":\"Compte rendu de la Commission R\u00e9gionale ACB du 18\\\/12\\\/24\",\"datePublished\":\"2025-01-04T16:10:41+00:00\",\"dateModified\":\"2025-03-20T11:05:02+00:00\",\"mainEntityOfPage\":{\"@id\":\"https:\\\/\\\/regions-snetap-fsu.fr\\\/hdf\\\/2025\\\/01\\\/04\\\/compte-rendu-de-la-commission-regionale-acb-du-18-12-24\\\/\"},\"wordCount\":731,\"publisher\":{\"@id\":\"https:\\\/\\\/regions-snetap-fsu.fr\\\/hdf\\\/#organization\"},\"image\":{\"@id\":\"https:\\\/\\\/regions-snetap-fsu.fr\\\/hdf\\\/2025\\\/01\\\/04\\\/compte-rendu-de-la-commission-regionale-acb-du-18-12-24\\\/#primaryimage\"},\"thumbnailUrl\":\"https:\\\/\\\/regions-snetap-fsu.fr\\\/hdf\\\/wp-content\\\/uploads\\\/sites\\\/5\\\/2023\\\/07\\\/Commission_Regionale_ACB.jpg\",\"articleSection\":[\"Commission r\u00e9gionale conditions d\u2019emploi ACB\",\"UFA \\\/ CFPPA\"],\"inLanguage\":\"fr-FR\"},{\"@type\":\"WebPage\",\"@id\":\"https:\\\/\\\/regions-snetap-fsu.fr\\\/hdf\\\/2025\\\/01\\\/04\\\/compte-rendu-de-la-commission-regionale-acb-du-18-12-24\\\/\",\"url\":\"https:\\\/\\\/regions-snetap-fsu.fr\\\/hdf\\\/2025\\\/01\\\/04\\\/compte-rendu-de-la-commission-regionale-acb-du-18-12-24\\\/\",\"name\":\"Compte rendu de la Commission R\u00e9gionale ACB du 18\\\/12\\\/24 - HAUTS-DE-FRANCE\",\"isPartOf\":{\"@id\":\"https:\\\/\\\/regions-snetap-fsu.fr\\\/hdf\\\/#website\"},\"primaryImageOfPage\":{\"@id\":\"https:\\\/\\\/regions-snetap-fsu.fr\\\/hdf\\\/2025\\\/01\\\/04\\\/compte-rendu-de-la-commission-regionale-acb-du-18-12-24\\\/#primaryimage\"},\"image\":{\"@id\":\"https:\\\/\\\/regions-snetap-fsu.fr\\\/hdf\\\/2025\\\/01\\\/04\\\/compte-rendu-de-la-commission-regionale-acb-du-18-12-24\\\/#primaryimage\"},\"thumbnailUrl\":\"https:\\\/\\\/regions-snetap-fsu.fr\\\/hdf\\\/wp-content\\\/uploads\\\/sites\\\/5\\\/2023\\\/07\\\/Commission_Regionale_ACB.jpg\",\"datePublished\":\"2025-01-04T16:10:41+00:00\",\"dateModified\":\"2025-03-20T11:05:02+00:00\",\"breadcrumb\":{\"@id\":\"https:\\\/\\\/regions-snetap-fsu.fr\\\/hdf\\\/2025\\\/01\\\/04\\\/compte-rendu-de-la-commission-regionale-acb-du-18-12-24\\\/#breadcrumb\"},\"inLanguage\":\"fr-FR\",\"potentialAction\":[{\"@type\":\"ReadAction\",\"target\":[\"https:\\\/\\\/regions-snetap-fsu.fr\\\/hdf\\\/2025\\\/01\\\/04\\\/compte-rendu-de-la-commission-regionale-acb-du-18-12-24\\\/\"]}]},{\"@type\":\"ImageObject\",\"inLanguage\":\"fr-FR\",\"@id\":\"https:\\\/\\\/regions-snetap-fsu.fr\\\/hdf\\\/2025\\\/01\\\/04\\\/compte-rendu-de-la-commission-regionale-acb-du-18-12-24\\\/#primaryimage\",\"url\":\"https:\\\/\\\/regions-snetap-fsu.fr\\\/hdf\\\/wp-content\\\/uploads\\\/sites\\\/5\\\/2023\\\/07\\\/Commission_Regionale_ACB.jpg\",\"contentUrl\":\"https:\\\/\\\/regions-snetap-fsu.fr\\\/hdf\\\/wp-content\\\/uploads\\\/sites\\\/5\\\/2023\\\/07\\\/Commission_Regionale_ACB.jpg\",\"width\":435,\"height\":200},{\"@type\":\"BreadcrumbList\",\"@id\":\"https:\\\/\\\/regions-snetap-fsu.fr\\\/hdf\\\/2025\\\/01\\\/04\\\/compte-rendu-de-la-commission-regionale-acb-du-18-12-24\\\/#breadcrumb\",\"itemListElement\":[{\"@type\":\"ListItem\",\"position\":1,\"name\":\"Accueil\",\"item\":\"https:\\\/\\\/regions-snetap-fsu.fr\\\/hdf\\\/\"},{\"@type\":\"ListItem\",\"position\":2,\"name\":\"Commission r\u00e9gionale conditions d\u2019emploi ACB\",\"item\":\"https:\\\/\\\/regions-snetap-fsu.fr\\\/hdf\\\/category\\\/commission-regionale-conditions-demploi-acb\\\/\"},{\"@type\":\"ListItem\",\"position\":3,\"name\":\"Compte rendu de la Commission R\u00e9gionale ACB du 18\\\/12\\\/24\"}]},{\"@type\":\"WebSite\",\"@id\":\"https:\\\/\\\/regions-snetap-fsu.fr\\\/hdf\\\/#website\",\"url\":\"https:\\\/\\\/regions-snetap-fsu.fr\\\/hdf\\\/\",\"name\":\"HAUTS-DE-FRANCE\",\"description\":\"Section r\u00e9gionale\",\"publisher\":{\"@id\":\"https:\\\/\\\/regions-snetap-fsu.fr\\\/hdf\\\/#organization\"},\"potentialAction\":[{\"@type\":\"SearchAction\",\"target\":{\"@type\":\"EntryPoint\",\"urlTemplate\":\"https:\\\/\\\/regions-snetap-fsu.fr\\\/hdf\\\/?s={search_term_string}\"},\"query-input\":{\"@type\":\"PropertyValueSpecification\",\"valueRequired\":true,\"valueName\":\"search_term_string\"}}],\"inLanguage\":\"fr-FR\"},{\"@type\":\"Organization\",\"@id\":\"https:\\\/\\\/regions-snetap-fsu.fr\\\/hdf\\\/#organization\",\"name\":\"SNETAP-FSU - HAUTS-DE-FRANCE\",\"url\":\"https:\\\/\\\/regions-snetap-fsu.fr\\\/hdf\\\/\",\"logo\":{\"@type\":\"ImageObject\",\"inLanguage\":\"fr-FR\",\"@id\":\"https:\\\/\\\/regions-snetap-fsu.fr\\\/hdf\\\/#\\\/schema\\\/logo\\\/image\\\/\",\"url\":\"https:\\\/\\\/regions-snetap-fsu.fr\\\/hdf\\\/wp-content\\\/uploads\\\/sites\\\/5\\\/2020\\\/12\\\/SNETAP-Logo.jpg\",\"contentUrl\":\"https:\\\/\\\/regions-snetap-fsu.fr\\\/hdf\\\/wp-content\\\/uploads\\\/sites\\\/5\\\/2020\\\/12\\\/SNETAP-Logo.jpg\",\"width\":464,\"height\":334,\"caption\":\"SNETAP-FSU - HAUTS-DE-FRANCE\"},\"image\":{\"@id\":\"https:\\\/\\\/regions-snetap-fsu.fr\\\/hdf\\\/#\\\/schema\\\/logo\\\/image\\\/\"},\"sameAs\":[\"https:\\\/\\\/x.com\\\/MartinageSnetap\"]},{\"@type\":\"Person\",\"@id\":\"https:\\\/\\\/regions-snetap-fsu.fr\\\/hdf\\\/#\\\/schema\\\/person\\\/fa09b77e508eb2889a1c2dd6f4cf3149\",\"name\":\"Regis Martinage\",\"image\":{\"@type\":\"ImageObject\",\"inLanguage\":\"fr-FR\",\"@id\":\"https:\\\/\\\/secure.gravatar.com\\\/avatar\\\/7ae2aaabfe5b8d5c7b9361e91002ca9ec93c38c63c9a1d06ae19f03a5dc70dd7?s=96&d=mm&r=g\",\"url\":\"https:\\\/\\\/secure.gravatar.com\\\/avatar\\\/7ae2aaabfe5b8d5c7b9361e91002ca9ec93c38c63c9a1d06ae19f03a5dc70dd7?s=96&d=mm&r=g\",\"contentUrl\":\"https:\\\/\\\/secure.gravatar.com\\\/avatar\\\/7ae2aaabfe5b8d5c7b9361e91002ca9ec93c38c63c9a1d06ae19f03a5dc70dd7?s=96&d=mm&r=g\",\"caption\":\"Regis Martinage\"},\"url\":\"https:\\\/\\\/regions-snetap-fsu.fr\\\/hdf\\\/author\\\/r-martinage\\\/\"}]}<\/script>\n<!-- \/ Yoast SEO plugin. -->","yoast_head_json":{"title":"Compte rendu de la Commission R\u00e9gionale ACB du 18\/12\/24 - HAUTS-DE-FRANCE","robots":{"index":"index","follow":"follow","max-snippet":"max-snippet:-1","max-image-preview":"max-image-preview:large","max-video-preview":"max-video-preview:-1"},"canonical":"https:\/\/regions-snetap-fsu.fr\/hdf\/2025\/01\/04\/compte-rendu-de-la-commission-regionale-acb-du-18-12-24\/","og_locale":"fr_FR","og_type":"article","og_title":"Compte rendu de la Commission R\u00e9gionale ACB du 18\/12\/24 - HAUTS-DE-FRANCE","og_description":"Compte rendu de la Commission R\u00e9gionale de Suivi des Conditions d\u2019Emploi des Personnels Contractuels &#8211; Mercredi 18 d\u00e9cembre 2024 Le mercredi 18 d\u00e9cembre 2024, \u00e0 Amiens, une d\u00e9l\u00e9gation intersyndicale \u00c9lan commun s\u2019est mobilis\u00e9e pour d\u00e9fendre les droits des personnels contractuel\u00b7le\u00b7s employ\u00e9\u00b7e\u00b7s dans les CFPPA, UFA et CFA des EPLEFPA des Hauts-de-France. Cette r\u00e9union, organis\u00e9e dans [&hellip;]","og_url":"https:\/\/regions-snetap-fsu.fr\/hdf\/2025\/01\/04\/compte-rendu-de-la-commission-regionale-acb-du-18-12-24\/","og_site_name":"HAUTS-DE-FRANCE","article_published_time":"2025-01-04T16:10:41+00:00","article_modified_time":"2025-03-20T11:05:02+00:00","og_image":[{"width":435,"height":200,"url":"https:\/\/regions-snetap-fsu.fr\/hdf\/wp-content\/uploads\/sites\/5\/2023\/07\/Commission_Regionale_ACB.jpg","type":"image\/jpeg"}],"author":"Regis Martinage","twitter_card":"summary_large_image","twitter_creator":"@MartinageSnetap","twitter_site":"@MartinageSnetap","twitter_misc":{"\u00c9crit par":"Regis Martinage","Dur\u00e9e de lecture estim\u00e9e":"4 minutes"},"schema":{"@context":"https:\/\/schema.org","@graph":[{"@type":"Article","@id":"https:\/\/regions-snetap-fsu.fr\/hdf\/2025\/01\/04\/compte-rendu-de-la-commission-regionale-acb-du-18-12-24\/#article","isPartOf":{"@id":"https:\/\/regions-snetap-fsu.fr\/hdf\/2025\/01\/04\/compte-rendu-de-la-commission-regionale-acb-du-18-12-24\/"},"author":{"name":"Regis Martinage","@id":"https:\/\/regions-snetap-fsu.fr\/hdf\/#\/schema\/person\/fa09b77e508eb2889a1c2dd6f4cf3149"},"headline":"Compte rendu de la Commission R\u00e9gionale ACB du 18\/12\/24","datePublished":"2025-01-04T16:10:41+00:00","dateModified":"2025-03-20T11:05:02+00:00","mainEntityOfPage":{"@id":"https:\/\/regions-snetap-fsu.fr\/hdf\/2025\/01\/04\/compte-rendu-de-la-commission-regionale-acb-du-18-12-24\/"},"wordCount":731,"publisher":{"@id":"https:\/\/regions-snetap-fsu.fr\/hdf\/#organization"},"image":{"@id":"https:\/\/regions-snetap-fsu.fr\/hdf\/2025\/01\/04\/compte-rendu-de-la-commission-regionale-acb-du-18-12-24\/#primaryimage"},"thumbnailUrl":"https:\/\/regions-snetap-fsu.fr\/hdf\/wp-content\/uploads\/sites\/5\/2023\/07\/Commission_Regionale_ACB.jpg","articleSection":["Commission r\u00e9gionale conditions d\u2019emploi ACB","UFA \/ CFPPA"],"inLanguage":"fr-FR"},{"@type":"WebPage","@id":"https:\/\/regions-snetap-fsu.fr\/hdf\/2025\/01\/04\/compte-rendu-de-la-commission-regionale-acb-du-18-12-24\/","url":"https:\/\/regions-snetap-fsu.fr\/hdf\/2025\/01\/04\/compte-rendu-de-la-commission-regionale-acb-du-18-12-24\/","name":"Compte rendu de la Commission R\u00e9gionale ACB du 18\/12\/24 - HAUTS-DE-FRANCE","isPartOf":{"@id":"https:\/\/regions-snetap-fsu.fr\/hdf\/#website"},"primaryImageOfPage":{"@id":"https:\/\/regions-snetap-fsu.fr\/hdf\/2025\/01\/04\/compte-rendu-de-la-commission-regionale-acb-du-18-12-24\/#primaryimage"},"image":{"@id":"https:\/\/regions-snetap-fsu.fr\/hdf\/2025\/01\/04\/compte-rendu-de-la-commission-regionale-acb-du-18-12-24\/#primaryimage"},"thumbnailUrl":"https:\/\/regions-snetap-fsu.fr\/hdf\/wp-content\/uploads\/sites\/5\/2023\/07\/Commission_Regionale_ACB.jpg","datePublished":"2025-01-04T16:10:41+00:00","dateModified":"2025-03-20T11:05:02+00:00","breadcrumb":{"@id":"https:\/\/regions-snetap-fsu.fr\/hdf\/2025\/01\/04\/compte-rendu-de-la-commission-regionale-acb-du-18-12-24\/#breadcrumb"},"inLanguage":"fr-FR","potentialAction":[{"@type":"ReadAction","target":["https:\/\/regions-snetap-fsu.fr\/hdf\/2025\/01\/04\/compte-rendu-de-la-commission-regionale-acb-du-18-12-24\/"]}]},{"@type":"ImageObject","inLanguage":"fr-FR","@id":"https:\/\/regions-snetap-fsu.fr\/hdf\/2025\/01\/04\/compte-rendu-de-la-commission-regionale-acb-du-18-12-24\/#primaryimage","url":"https:\/\/regions-snetap-fsu.fr\/hdf\/wp-content\/uploads\/sites\/5\/2023\/07\/Commission_Regionale_ACB.jpg","contentUrl":"https:\/\/regions-snetap-fsu.fr\/hdf\/wp-content\/uploads\/sites\/5\/2023\/07\/Commission_Regionale_ACB.jpg","width":435,"height":200},{"@type":"BreadcrumbList","@id":"https:\/\/regions-snetap-fsu.fr\/hdf\/2025\/01\/04\/compte-rendu-de-la-commission-regionale-acb-du-18-12-24\/#breadcrumb","itemListElement":[{"@type":"ListItem","position":1,"name":"Accueil","item":"https:\/\/regions-snetap-fsu.fr\/hdf\/"},{"@type":"ListItem","position":2,"name":"Commission r\u00e9gionale conditions d\u2019emploi ACB","item":"https:\/\/regions-snetap-fsu.fr\/hdf\/category\/commission-regionale-conditions-demploi-acb\/"},{"@type":"ListItem","position":3,"name":"Compte rendu de la Commission R\u00e9gionale ACB du 18\/12\/24"}]},{"@type":"WebSite","@id":"https:\/\/regions-snetap-fsu.fr\/hdf\/#website","url":"https:\/\/regions-snetap-fsu.fr\/hdf\/","name":"HAUTS-DE-FRANCE","description":"Section r\u00e9gionale","publisher":{"@id":"https:\/\/regions-snetap-fsu.fr\/hdf\/#organization"},"potentialAction":[{"@type":"SearchAction","target":{"@type":"EntryPoint","urlTemplate":"https:\/\/regions-snetap-fsu.fr\/hdf\/?s={search_term_string}"},"query-input":{"@type":"PropertyValueSpecification","valueRequired":true,"valueName":"search_term_string"}}],"inLanguage":"fr-FR"},{"@type":"Organization","@id":"https:\/\/regions-snetap-fsu.fr\/hdf\/#organization","name":"SNETAP-FSU - HAUTS-DE-FRANCE","url":"https:\/\/regions-snetap-fsu.fr\/hdf\/","logo":{"@type":"ImageObject","inLanguage":"fr-FR","@id":"https:\/\/regions-snetap-fsu.fr\/hdf\/#\/schema\/logo\/image\/","url":"https:\/\/regions-snetap-fsu.fr\/hdf\/wp-content\/uploads\/sites\/5\/2020\/12\/SNETAP-Logo.jpg","contentUrl":"https:\/\/regions-snetap-fsu.fr\/hdf\/wp-content\/uploads\/sites\/5\/2020\/12\/SNETAP-Logo.jpg","width":464,"height":334,"caption":"SNETAP-FSU - HAUTS-DE-FRANCE"},"image":{"@id":"https:\/\/regions-snetap-fsu.fr\/hdf\/#\/schema\/logo\/image\/"},"sameAs":["https:\/\/x.com\/MartinageSnetap"]},{"@type":"Person","@id":"https:\/\/regions-snetap-fsu.fr\/hdf\/#\/schema\/person\/fa09b77e508eb2889a1c2dd6f4cf3149","name":"Regis Martinage","image":{"@type":"ImageObject","inLanguage":"fr-FR","@id":"https:\/\/secure.gravatar.com\/avatar\/7ae2aaabfe5b8d5c7b9361e91002ca9ec93c38c63c9a1d06ae19f03a5dc70dd7?s=96&d=mm&r=g","url":"https:\/\/secure.gravatar.com\/avatar\/7ae2aaabfe5b8d5c7b9361e91002ca9ec93c38c63c9a1d06ae19f03a5dc70dd7?s=96&d=mm&r=g","contentUrl":"https:\/\/secure.gravatar.com\/avatar\/7ae2aaabfe5b8d5c7b9361e91002ca9ec93c38c63c9a1d06ae19f03a5dc70dd7?s=96&d=mm&r=g","caption":"Regis Martinage"},"url":"https:\/\/regions-snetap-fsu.fr\/hdf\/author\/r-martinage\/"}]}},"_links":{"self":[{"href":"https:\/\/regions-snetap-fsu.fr\/hdf\/wp-json\/wp\/v2\/posts\/9632","targetHints":{"allow":["GET"]}}],"collection":[{"href":"https:\/\/regions-snetap-fsu.fr\/hdf\/wp-json\/wp\/v2\/posts"}],"about":[{"href":"https:\/\/regions-snetap-fsu.fr\/hdf\/wp-json\/wp\/v2\/types\/post"}],"author":[{"embeddable":true,"href":"https:\/\/regions-snetap-fsu.fr\/hdf\/wp-json\/wp\/v2\/users\/88"}],"replies":[{"embeddable":true,"href":"https:\/\/regions-snetap-fsu.fr\/hdf\/wp-json\/wp\/v2\/comments?post=9632"}],"version-history":[{"count":17,"href":"https:\/\/regions-snetap-fsu.fr\/hdf\/wp-json\/wp\/v2\/posts\/9632\/revisions"}],"predecessor-version":[{"id":9650,"href":"https:\/\/regions-snetap-fsu.fr\/hdf\/wp-json\/wp\/v2\/posts\/9632\/revisions\/9650"}],"wp:featuredmedia":[{"embeddable":true,"href":"https:\/\/regions-snetap-fsu.fr\/hdf\/wp-json\/wp\/v2\/media\/8863"}],"wp:attachment":[{"href":"https:\/\/regions-snetap-fsu.fr\/hdf\/wp-json\/wp\/v2\/media?parent=9632"}],"wp:term":[{"taxonomy":"category","embeddable":true,"href":"https:\/\/regions-snetap-fsu.fr\/hdf\/wp-json\/wp\/v2\/categories?post=9632"},{"taxonomy":"post_tag","embeddable":true,"href":"https:\/\/regions-snetap-fsu.fr\/hdf\/wp-json\/wp\/v2\/tags?post=9632"},{"taxonomy":"post_folder","embeddable":true,"href":"https:\/\/regions-snetap-fsu.fr\/hdf\/wp-json\/wp\/v2\/post_folder?post=9632"}],"curies":[{"name":"wp","href":"https:\/\/api.w.org\/{rel}","templated":true}]}}