{"id":9602,"date":"2025-01-02T15:19:18","date_gmt":"2025-01-02T14:19:18","guid":{"rendered":"https:\/\/regions-snetap-fsu.fr\/hdf\/?p=9602"},"modified":"2025-01-02T15:19:18","modified_gmt":"2025-01-02T14:19:18","slug":"jeudi-9-janvier-2025-mobilisation-pour-lavenir-du-paraclet-et-de-leap","status":"publish","type":"post","link":"https:\/\/regions-snetap-fsu.fr\/hdf\/2025\/01\/02\/jeudi-9-janvier-2025-mobilisation-pour-lavenir-du-paraclet-et-de-leap\/","title":{"rendered":"Jeudi 9 janvier 2025, mobilisation pour l&rsquo;avenir du Paraclet et de l&rsquo;EAP"},"content":{"rendered":"<h2 style=\"text-align: center\"><span style=\"font-family: tahoma, arial, helvetica, sans-serif;color: #ff0000\">Le jeudi 9 janvier 2025 :<\/span><\/h2>\n<h2 style=\"text-align: center\"><span style=\"font-family: tahoma, arial, helvetica, sans-serif;color: #ff0000\">Mobilisation pour Sauver l&rsquo;Avenir du Paraclet et de l&rsquo;Enseignement Agricole Public<\/span><\/h2>\n<div style=\"text-align: justify\" aria-live=\"assertive\"><span style=\"font-family: tahoma, arial, helvetica, sans-serif;color: #129447\">La section locale SNETAP-FSU du Paraclet, en intersyndicale avec FO, appelle \u00e0 une journ\u00e9e d&rsquo;action le <strong>jeudi 9 janvier 2025<\/strong> \u00e0 Amiens. Nous d\u00e9non\u00e7ons le revirement incompr\u00e9hensible de la DRAAF-SRFD, qui refuse d\u00e9sormais l\u2019ouverture du <strong>BTSA Gestion et Protection de la Nature (GPN)<\/strong> pour la rentr\u00e9e 2025, laissant le lyc\u00e9e sans alternative \u00e0 la fermeture du <strong>BTSA Technico-Commercial (TC)<\/strong>.<\/span><\/div>\n<div aria-live=\"assertive\">.<\/div>\n<div aria-live=\"assertive\">\n<h3 style=\"text-align: center\"><span style=\"color: #ff0000;font-family: tahoma, arial, helvetica, sans-serif\">Pourquoi cette mobilisation ?<\/span><\/h3>\n<p style=\"text-align: justify\"><span style=\"color: #129447;font-family: tahoma, arial, helvetica, sans-serif\">Depuis plusieurs mois, l\u2019\u00e9quipe p\u00e9dagogique et la direction du lyc\u00e9e agricole du Paraclet se sont investies pour trouver une solution viable face \u00e0 la fermeture du BTSA TC, en proposant l\u2019ouverture d\u2019un BTSA GPN. Ce projet a \u00e9t\u00e9 valid\u00e9 \u00e0 deux reprises par les instances consultatives r\u00e9gionales (CSA REA des 8 octobre et 26 novembre 2024). Cependant, lors du CREA du 19 d\u00e9cembre 2024, la DRAAF-SRFD a fait volte-face et rejet\u00e9 ce projet, \u00e9voquant des priorit\u00e9s en faveur de formations strictement agricoles, une d\u00e9cision incoh\u00e9rente compte tenu de la diversit\u00e9 d\u00e9j\u00e0 existante au sein de l\u2019\u00e9tablissement.<\/span><\/p>\n<p style=\"text-align: justify\"><span style=\"font-family: tahoma, arial, helvetica, sans-serif;color: #129447\">Ce refus s\u2019inscrit dans un contexte de m\u00e9pris affich\u00e9 envers les personnels et les repr\u00e9sentant\u00b7e\u00b7s syndicaux, aggrav\u00e9 par des attaques injustes \u00e9manant de la repr\u00e9sentante de la FRSEA, visant \u00e0 d\u00e9nigrer l\u2019enseignement agricole public.<\/span><\/p>\n<p>&nbsp;<\/p>\n<h3 style=\"text-align: center\"><span style=\"font-family: tahoma, arial, helvetica, sans-serif;color: #ff0000\">Quelles cons\u00e9quences pour le Paraclet ?<\/span><\/h3>\n<ul>\n<li style=\"text-align: justify\"><span style=\"font-family: tahoma, arial, helvetica, sans-serif;color: #129447\">Aucune formation ne remplace le BTSA TC pour la rentr\u00e9e 2025, malgr\u00e9 des efforts consid\u00e9rables de l\u2019\u00e9quipe.<\/span><\/li>\n<li style=\"text-align: justify\"><span style=\"font-family: tahoma, arial, helvetica, sans-serif;color: #129447\">Une d\u00e9gradation de l\u2019offre de formation, alors m\u00eame que le BTSA GPN repr\u00e9sente un atout pour l\u2019attractivit\u00e9 de l\u2019\u00e9tablissement.<\/span><\/li>\n<li style=\"text-align: justify\"><span style=\"font-family: tahoma, arial, helvetica, sans-serif;color: #129447\">Un contexte aggrav\u00e9 par une r\u00e9duction de la DGH et la suppression d\u2019emplois.<\/span><\/li>\n<\/ul>\n<p>&nbsp;<\/p>\n<h3 style=\"text-align: center\"><span style=\"font-family: tahoma, arial, helvetica, sans-serif;color: #ff0000\">Nous devons agir !<\/span><\/h3>\n<p><span style=\"font-family: tahoma, arial, helvetica, sans-serif;color: #129447\"><strong>Soutenez l\u2019avenir du Paraclet :<\/strong><\/span><\/p>\n<ul>\n<li>\n<p style=\"text-align: justify\"><span style=\"font-family: tahoma, arial, helvetica, sans-serif;color: #129447\"><strong>\ud83d\udd8b\ufe0f Signez la p\u00e9tition<\/strong> pour l\u2019ouverture du BTSA GPN :<\/span><br \/>\n<span style=\"font-family: tahoma, arial, helvetica, sans-serif;color: #129447\"><a style=\"color: #129447\" href=\"https:\/\/chng.it\/ZcqyTbTjjp\" target=\"_blank\" rel=\"noopener\">Lien : P\u00e9tition ouverture formation initiale BTSA GPN &#8211; Lyc\u00e9e agricole public d&rsquo;Amiens<\/a><\/span><\/p>\n<\/li>\n<li style=\"text-align: justify\"><span style=\"font-family: tahoma, arial, helvetica, sans-serif;color: #129447\"><strong>Rejoignez la mobilisation le jeudi 9 janvier 2025 :<\/strong><\/span><br \/>\n<span style=\"font-family: tahoma, arial, helvetica, sans-serif;color: #129447\">Un rassemblement est pr\u00e9vu <strong>\u00e0 13h30 devant la DRAAF d\u2019Amiens<\/strong>. La section locale SNETAP-FSU a \u00e9galement d\u00e9pos\u00e9 une demande d\u2019audience aupr\u00e8s du DRAAF pour cette journ\u00e9e.<\/span><\/li>\n<\/ul>\n<p style=\"text-align: justify\"><span style=\"font-family: tahoma, arial, helvetica, sans-serif;color: #129447\">Pour le personnel hors Paraclet, rapprochez-vous de votre secr\u00e9taire de section pour obtenir une autorisation d\u2019absence et participer \u00e0 cette action.<\/span><\/p>\n<h3 style=\"text-align: center\"><span style=\"font-family: tahoma, arial, helvetica, sans-serif;color: #129447\">Ensemble, faisons entendre notre voix pour garantir l\u2019avenir du Paraclet et pr\u00e9server l\u2019enseignement agricole public !<\/span><\/h3>\n<p style=\"text-align: justify\">\n<\/div>\n","protected":false},"excerpt":{"rendered":"<p>Le jeudi 9 janvier 2025 : Mobilisation pour Sauver l&rsquo;Avenir du Paraclet et de l&rsquo;Enseignement Agricole Public La section locale SNETAP-FSU du Paraclet, en intersyndicale avec FO, appelle \u00e0 une journ\u00e9e d&rsquo;action le jeudi 9 janvier 2025 \u00e0 Amiens. Nous d\u00e9non\u00e7ons le revirement incompr\u00e9hensible de la DRAAF-SRFD, qui refuse d\u00e9sormais l\u2019ouverture du BTSA Gestion et [&hellip;]<\/p>\n","protected":false},"author":88,"featured_media":6186,"comment_status":"closed","ping_status":"closed","sticky":false,"template":"","format":"standard","meta":{"ocean_post_layout":"","ocean_both_sidebars_style":"","ocean_both_sidebars_content_width":0,"ocean_both_sidebars_sidebars_width":0,"ocean_sidebar":"0","ocean_second_sidebar":"0","ocean_disable_margins":"enable","ocean_add_body_class":"","ocean_shortcode_before_top_bar":"","ocean_shortcode_after_top_bar":"","ocean_shortcode_before_header":"","ocean_shortcode_after_header":"","ocean_has_shortcode":"","ocean_shortcode_after_title":"","ocean_shortcode_before_footer_widgets":"","ocean_shortcode_after_footer_widgets":"","ocean_shortcode_before_footer_bottom":"","ocean_shortcode_after_footer_bottom":"","ocean_display_top_bar":"default","ocean_display_header":"default","ocean_header_style":"","ocean_center_header_left_menu":"0","ocean_custom_header_template":"0","ocean_custom_logo":0,"ocean_custom_retina_logo":0,"ocean_custom_logo_max_width":0,"ocean_custom_logo_tablet_max_width":0,"ocean_custom_logo_mobile_max_width":0,"ocean_custom_logo_max_height":0,"ocean_custom_logo_tablet_max_height":0,"ocean_custom_logo_mobile_max_height":0,"ocean_header_custom_menu":"0","ocean_menu_typo_font_family":"0","ocean_menu_typo_font_subset":"","ocean_menu_typo_font_size":0,"ocean_menu_typo_font_size_tablet":0,"ocean_menu_typo_font_size_mobile":0,"ocean_menu_typo_font_size_unit":"px","ocean_menu_typo_font_weight":"","ocean_menu_typo_font_weight_tablet":"","ocean_menu_typo_font_weight_mobile":"","ocean_menu_typo_transform":"","ocean_menu_typo_transform_tablet":"","ocean_menu_typo_transform_mobile":"","ocean_menu_typo_line_height":0,"ocean_menu_typo_line_height_tablet":0,"ocean_menu_typo_line_height_mobile":0,"ocean_menu_typo_line_height_unit":"","ocean_menu_typo_spacing":0,"ocean_menu_typo_spacing_tablet":0,"ocean_menu_typo_spacing_mobile":0,"ocean_menu_typo_spacing_unit":"","ocean_menu_link_color":"","ocean_menu_link_color_hover":"","ocean_menu_link_color_active":"","ocean_menu_link_background":"","ocean_menu_link_hover_background":"","ocean_menu_link_active_background":"","ocean_menu_social_links_bg":"","ocean_menu_social_hover_links_bg":"","ocean_menu_social_links_color":"","ocean_menu_social_hover_links_color":"","ocean_disable_title":"default","ocean_disable_heading":"default","ocean_post_title":"","ocean_post_subheading":"","ocean_post_title_style":"","ocean_post_title_background_color":"","ocean_post_title_background":0,"ocean_post_title_bg_image_position":"","ocean_post_title_bg_image_attachment":"","ocean_post_title_bg_image_repeat":"","ocean_post_title_bg_image_size":"","ocean_post_title_height":0,"ocean_post_title_bg_overlay":0.5,"ocean_post_title_bg_overlay_color":"","ocean_disable_breadcrumbs":"default","ocean_breadcrumbs_color":"","ocean_breadcrumbs_separator_color":"","ocean_breadcrumbs_links_color":"","ocean_breadcrumbs_links_hover_color":"","ocean_display_footer_widgets":"default","ocean_display_footer_bottom":"default","ocean_custom_footer_template":"0","ocean_post_oembed":"","ocean_post_self_hosted_media":"","ocean_post_video_embed":"","ocean_link_format":"","ocean_link_format_target":"self","ocean_quote_format":"","ocean_quote_format_link":"post","ocean_gallery_link_images":"on","ocean_gallery_id":[],"footnotes":""},"categories":[2],"tags":[],"post_folder":[],"class_list":["post-9602","post","type-post","status-publish","format-standard","has-post-thumbnail","hentry","category-actions-greves-manifs","entry","has-media"],"yoast_head":"<!-- This site is optimized with the Yoast SEO plugin v27.4 - https:\/\/yoast.com\/product\/yoast-seo-wordpress\/ -->\n<title>Jeudi 9 janvier 2025, mobilisation pour l&#039;avenir du Paraclet et de l&#039;EAP - HAUTS-DE-FRANCE<\/title>\n<meta name=\"robots\" content=\"index, follow, max-snippet:-1, max-image-preview:large, max-video-preview:-1\" \/>\n<link rel=\"canonical\" href=\"https:\/\/regions-snetap-fsu.fr\/hdf\/2025\/01\/02\/jeudi-9-janvier-2025-mobilisation-pour-lavenir-du-paraclet-et-de-leap\/\" \/>\n<meta property=\"og:locale\" content=\"fr_FR\" \/>\n<meta property=\"og:type\" content=\"article\" \/>\n<meta property=\"og:title\" content=\"Jeudi 9 janvier 2025, mobilisation pour l&#039;avenir du Paraclet et de l&#039;EAP - HAUTS-DE-FRANCE\" \/>\n<meta property=\"og:description\" content=\"Le jeudi 9 janvier 2025 : Mobilisation pour Sauver l&rsquo;Avenir du Paraclet et de l&rsquo;Enseignement Agricole Public La section locale SNETAP-FSU du Paraclet, en intersyndicale avec FO, appelle \u00e0 une journ\u00e9e d&rsquo;action le jeudi 9 janvier 2025 \u00e0 Amiens. Nous d\u00e9non\u00e7ons le revirement incompr\u00e9hensible de la DRAAF-SRFD, qui refuse d\u00e9sormais l\u2019ouverture du BTSA Gestion et [&hellip;]\" \/>\n<meta property=\"og:url\" content=\"https:\/\/regions-snetap-fsu.fr\/hdf\/2025\/01\/02\/jeudi-9-janvier-2025-mobilisation-pour-lavenir-du-paraclet-et-de-leap\/\" \/>\n<meta property=\"og:site_name\" content=\"HAUTS-DE-FRANCE\" \/>\n<meta property=\"article:published_time\" content=\"2025-01-02T14:19:18+00:00\" \/>\n<meta property=\"og:image\" content=\"https:\/\/regions-snetap-fsu.fr\/hdf\/wp-content\/uploads\/sites\/5\/2021\/01\/Greve.jpg\" \/>\n\t<meta property=\"og:image:width\" content=\"435\" \/>\n\t<meta property=\"og:image:height\" content=\"200\" \/>\n\t<meta property=\"og:image:type\" content=\"image\/jpeg\" \/>\n<meta name=\"author\" content=\"Regis Martinage\" \/>\n<meta name=\"twitter:card\" content=\"summary_large_image\" \/>\n<meta name=\"twitter:creator\" content=\"@MartinageSnetap\" \/>\n<meta name=\"twitter:site\" content=\"@MartinageSnetap\" \/>\n<meta name=\"twitter:label1\" content=\"\u00c9crit par\" \/>\n\t<meta name=\"twitter:data1\" content=\"Regis Martinage\" \/>\n\t<meta name=\"twitter:label2\" content=\"Dur\u00e9e de lecture estim\u00e9e\" \/>\n\t<meta name=\"twitter:data2\" content=\"2 minutes\" \/>\n<script type=\"application\/ld+json\" class=\"yoast-schema-graph\">{\"@context\":\"https:\\\/\\\/schema.org\",\"@graph\":[{\"@type\":\"Article\",\"@id\":\"https:\\\/\\\/regions-snetap-fsu.fr\\\/hdf\\\/2025\\\/01\\\/02\\\/jeudi-9-janvier-2025-mobilisation-pour-lavenir-du-paraclet-et-de-leap\\\/#article\",\"isPartOf\":{\"@id\":\"https:\\\/\\\/regions-snetap-fsu.fr\\\/hdf\\\/2025\\\/01\\\/02\\\/jeudi-9-janvier-2025-mobilisation-pour-lavenir-du-paraclet-et-de-leap\\\/\"},\"author\":{\"name\":\"Regis Martinage\",\"@id\":\"https:\\\/\\\/regions-snetap-fsu.fr\\\/hdf\\\/#\\\/schema\\\/person\\\/fa09b77e508eb2889a1c2dd6f4cf3149\"},\"headline\":\"Jeudi 9 janvier 2025, mobilisation pour l&rsquo;avenir du Paraclet et de l&rsquo;EAP\",\"datePublished\":\"2025-01-02T14:19:18+00:00\",\"mainEntityOfPage\":{\"@id\":\"https:\\\/\\\/regions-snetap-fsu.fr\\\/hdf\\\/2025\\\/01\\\/02\\\/jeudi-9-janvier-2025-mobilisation-pour-lavenir-du-paraclet-et-de-leap\\\/\"},\"wordCount\":412,\"publisher\":{\"@id\":\"https:\\\/\\\/regions-snetap-fsu.fr\\\/hdf\\\/#organization\"},\"image\":{\"@id\":\"https:\\\/\\\/regions-snetap-fsu.fr\\\/hdf\\\/2025\\\/01\\\/02\\\/jeudi-9-janvier-2025-mobilisation-pour-lavenir-du-paraclet-et-de-leap\\\/#primaryimage\"},\"thumbnailUrl\":\"https:\\\/\\\/regions-snetap-fsu.fr\\\/hdf\\\/wp-content\\\/uploads\\\/sites\\\/5\\\/2021\\\/01\\\/Greve.jpg\",\"articleSection\":[\"Actions - Gr\u00e8ves - Manifs\"],\"inLanguage\":\"fr-FR\"},{\"@type\":\"WebPage\",\"@id\":\"https:\\\/\\\/regions-snetap-fsu.fr\\\/hdf\\\/2025\\\/01\\\/02\\\/jeudi-9-janvier-2025-mobilisation-pour-lavenir-du-paraclet-et-de-leap\\\/\",\"url\":\"https:\\\/\\\/regions-snetap-fsu.fr\\\/hdf\\\/2025\\\/01\\\/02\\\/jeudi-9-janvier-2025-mobilisation-pour-lavenir-du-paraclet-et-de-leap\\\/\",\"name\":\"Jeudi 9 janvier 2025, mobilisation pour l'avenir du Paraclet et de l'EAP - HAUTS-DE-FRANCE\",\"isPartOf\":{\"@id\":\"https:\\\/\\\/regions-snetap-fsu.fr\\\/hdf\\\/#website\"},\"primaryImageOfPage\":{\"@id\":\"https:\\\/\\\/regions-snetap-fsu.fr\\\/hdf\\\/2025\\\/01\\\/02\\\/jeudi-9-janvier-2025-mobilisation-pour-lavenir-du-paraclet-et-de-leap\\\/#primaryimage\"},\"image\":{\"@id\":\"https:\\\/\\\/regions-snetap-fsu.fr\\\/hdf\\\/2025\\\/01\\\/02\\\/jeudi-9-janvier-2025-mobilisation-pour-lavenir-du-paraclet-et-de-leap\\\/#primaryimage\"},\"thumbnailUrl\":\"https:\\\/\\\/regions-snetap-fsu.fr\\\/hdf\\\/wp-content\\\/uploads\\\/sites\\\/5\\\/2021\\\/01\\\/Greve.jpg\",\"datePublished\":\"2025-01-02T14:19:18+00:00\",\"breadcrumb\":{\"@id\":\"https:\\\/\\\/regions-snetap-fsu.fr\\\/hdf\\\/2025\\\/01\\\/02\\\/jeudi-9-janvier-2025-mobilisation-pour-lavenir-du-paraclet-et-de-leap\\\/#breadcrumb\"},\"inLanguage\":\"fr-FR\",\"potentialAction\":[{\"@type\":\"ReadAction\",\"target\":[\"https:\\\/\\\/regions-snetap-fsu.fr\\\/hdf\\\/2025\\\/01\\\/02\\\/jeudi-9-janvier-2025-mobilisation-pour-lavenir-du-paraclet-et-de-leap\\\/\"]}]},{\"@type\":\"ImageObject\",\"inLanguage\":\"fr-FR\",\"@id\":\"https:\\\/\\\/regions-snetap-fsu.fr\\\/hdf\\\/2025\\\/01\\\/02\\\/jeudi-9-janvier-2025-mobilisation-pour-lavenir-du-paraclet-et-de-leap\\\/#primaryimage\",\"url\":\"https:\\\/\\\/regions-snetap-fsu.fr\\\/hdf\\\/wp-content\\\/uploads\\\/sites\\\/5\\\/2021\\\/01\\\/Greve.jpg\",\"contentUrl\":\"https:\\\/\\\/regions-snetap-fsu.fr\\\/hdf\\\/wp-content\\\/uploads\\\/sites\\\/5\\\/2021\\\/01\\\/Greve.jpg\",\"width\":435,\"height\":200},{\"@type\":\"BreadcrumbList\",\"@id\":\"https:\\\/\\\/regions-snetap-fsu.fr\\\/hdf\\\/2025\\\/01\\\/02\\\/jeudi-9-janvier-2025-mobilisation-pour-lavenir-du-paraclet-et-de-leap\\\/#breadcrumb\",\"itemListElement\":[{\"@type\":\"ListItem\",\"position\":1,\"name\":\"Accueil\",\"item\":\"https:\\\/\\\/regions-snetap-fsu.fr\\\/hdf\\\/\"},{\"@type\":\"ListItem\",\"position\":2,\"name\":\"Actions - Gr\u00e8ves - Manifs\",\"item\":\"https:\\\/\\\/regions-snetap-fsu.fr\\\/hdf\\\/category\\\/actions-greves-manifs\\\/\"},{\"@type\":\"ListItem\",\"position\":3,\"name\":\"Jeudi 9 janvier 2025, mobilisation pour l&rsquo;avenir du Paraclet et de l&rsquo;EAP\"}]},{\"@type\":\"WebSite\",\"@id\":\"https:\\\/\\\/regions-snetap-fsu.fr\\\/hdf\\\/#website\",\"url\":\"https:\\\/\\\/regions-snetap-fsu.fr\\\/hdf\\\/\",\"name\":\"HAUTS-DE-FRANCE\",\"description\":\"Section r\u00e9gionale\",\"publisher\":{\"@id\":\"https:\\\/\\\/regions-snetap-fsu.fr\\\/hdf\\\/#organization\"},\"potentialAction\":[{\"@type\":\"SearchAction\",\"target\":{\"@type\":\"EntryPoint\",\"urlTemplate\":\"https:\\\/\\\/regions-snetap-fsu.fr\\\/hdf\\\/?s={search_term_string}\"},\"query-input\":{\"@type\":\"PropertyValueSpecification\",\"valueRequired\":true,\"valueName\":\"search_term_string\"}}],\"inLanguage\":\"fr-FR\"},{\"@type\":\"Organization\",\"@id\":\"https:\\\/\\\/regions-snetap-fsu.fr\\\/hdf\\\/#organization\",\"name\":\"SNETAP-FSU - HAUTS-DE-FRANCE\",\"url\":\"https:\\\/\\\/regions-snetap-fsu.fr\\\/hdf\\\/\",\"logo\":{\"@type\":\"ImageObject\",\"inLanguage\":\"fr-FR\",\"@id\":\"https:\\\/\\\/regions-snetap-fsu.fr\\\/hdf\\\/#\\\/schema\\\/logo\\\/image\\\/\",\"url\":\"https:\\\/\\\/regions-snetap-fsu.fr\\\/hdf\\\/wp-content\\\/uploads\\\/sites\\\/5\\\/2020\\\/12\\\/SNETAP-Logo.jpg\",\"contentUrl\":\"https:\\\/\\\/regions-snetap-fsu.fr\\\/hdf\\\/wp-content\\\/uploads\\\/sites\\\/5\\\/2020\\\/12\\\/SNETAP-Logo.jpg\",\"width\":464,\"height\":334,\"caption\":\"SNETAP-FSU - HAUTS-DE-FRANCE\"},\"image\":{\"@id\":\"https:\\\/\\\/regions-snetap-fsu.fr\\\/hdf\\\/#\\\/schema\\\/logo\\\/image\\\/\"},\"sameAs\":[\"https:\\\/\\\/x.com\\\/MartinageSnetap\"]},{\"@type\":\"Person\",\"@id\":\"https:\\\/\\\/regions-snetap-fsu.fr\\\/hdf\\\/#\\\/schema\\\/person\\\/fa09b77e508eb2889a1c2dd6f4cf3149\",\"name\":\"Regis Martinage\",\"image\":{\"@type\":\"ImageObject\",\"inLanguage\":\"fr-FR\",\"@id\":\"https:\\\/\\\/secure.gravatar.com\\\/avatar\\\/7ae2aaabfe5b8d5c7b9361e91002ca9ec93c38c63c9a1d06ae19f03a5dc70dd7?s=96&d=mm&r=g\",\"url\":\"https:\\\/\\\/secure.gravatar.com\\\/avatar\\\/7ae2aaabfe5b8d5c7b9361e91002ca9ec93c38c63c9a1d06ae19f03a5dc70dd7?s=96&d=mm&r=g\",\"contentUrl\":\"https:\\\/\\\/secure.gravatar.com\\\/avatar\\\/7ae2aaabfe5b8d5c7b9361e91002ca9ec93c38c63c9a1d06ae19f03a5dc70dd7?s=96&d=mm&r=g\",\"caption\":\"Regis Martinage\"},\"url\":\"https:\\\/\\\/regions-snetap-fsu.fr\\\/hdf\\\/author\\\/r-martinage\\\/\"}]}<\/script>\n<!-- \/ Yoast SEO plugin. -->","yoast_head_json":{"title":"Jeudi 9 janvier 2025, mobilisation pour l'avenir du Paraclet et de l'EAP - HAUTS-DE-FRANCE","robots":{"index":"index","follow":"follow","max-snippet":"max-snippet:-1","max-image-preview":"max-image-preview:large","max-video-preview":"max-video-preview:-1"},"canonical":"https:\/\/regions-snetap-fsu.fr\/hdf\/2025\/01\/02\/jeudi-9-janvier-2025-mobilisation-pour-lavenir-du-paraclet-et-de-leap\/","og_locale":"fr_FR","og_type":"article","og_title":"Jeudi 9 janvier 2025, mobilisation pour l'avenir du Paraclet et de l'EAP - HAUTS-DE-FRANCE","og_description":"Le jeudi 9 janvier 2025 : Mobilisation pour Sauver l&rsquo;Avenir du Paraclet et de l&rsquo;Enseignement Agricole Public La section locale SNETAP-FSU du Paraclet, en intersyndicale avec FO, appelle \u00e0 une journ\u00e9e d&rsquo;action le jeudi 9 janvier 2025 \u00e0 Amiens. Nous d\u00e9non\u00e7ons le revirement incompr\u00e9hensible de la DRAAF-SRFD, qui refuse d\u00e9sormais l\u2019ouverture du BTSA Gestion et [&hellip;]","og_url":"https:\/\/regions-snetap-fsu.fr\/hdf\/2025\/01\/02\/jeudi-9-janvier-2025-mobilisation-pour-lavenir-du-paraclet-et-de-leap\/","og_site_name":"HAUTS-DE-FRANCE","article_published_time":"2025-01-02T14:19:18+00:00","og_image":[{"width":435,"height":200,"url":"https:\/\/regions-snetap-fsu.fr\/hdf\/wp-content\/uploads\/sites\/5\/2021\/01\/Greve.jpg","type":"image\/jpeg"}],"author":"Regis Martinage","twitter_card":"summary_large_image","twitter_creator":"@MartinageSnetap","twitter_site":"@MartinageSnetap","twitter_misc":{"\u00c9crit par":"Regis Martinage","Dur\u00e9e de lecture estim\u00e9e":"2 minutes"},"schema":{"@context":"https:\/\/schema.org","@graph":[{"@type":"Article","@id":"https:\/\/regions-snetap-fsu.fr\/hdf\/2025\/01\/02\/jeudi-9-janvier-2025-mobilisation-pour-lavenir-du-paraclet-et-de-leap\/#article","isPartOf":{"@id":"https:\/\/regions-snetap-fsu.fr\/hdf\/2025\/01\/02\/jeudi-9-janvier-2025-mobilisation-pour-lavenir-du-paraclet-et-de-leap\/"},"author":{"name":"Regis Martinage","@id":"https:\/\/regions-snetap-fsu.fr\/hdf\/#\/schema\/person\/fa09b77e508eb2889a1c2dd6f4cf3149"},"headline":"Jeudi 9 janvier 2025, mobilisation pour l&rsquo;avenir du Paraclet et de l&rsquo;EAP","datePublished":"2025-01-02T14:19:18+00:00","mainEntityOfPage":{"@id":"https:\/\/regions-snetap-fsu.fr\/hdf\/2025\/01\/02\/jeudi-9-janvier-2025-mobilisation-pour-lavenir-du-paraclet-et-de-leap\/"},"wordCount":412,"publisher":{"@id":"https:\/\/regions-snetap-fsu.fr\/hdf\/#organization"},"image":{"@id":"https:\/\/regions-snetap-fsu.fr\/hdf\/2025\/01\/02\/jeudi-9-janvier-2025-mobilisation-pour-lavenir-du-paraclet-et-de-leap\/#primaryimage"},"thumbnailUrl":"https:\/\/regions-snetap-fsu.fr\/hdf\/wp-content\/uploads\/sites\/5\/2021\/01\/Greve.jpg","articleSection":["Actions - Gr\u00e8ves - Manifs"],"inLanguage":"fr-FR"},{"@type":"WebPage","@id":"https:\/\/regions-snetap-fsu.fr\/hdf\/2025\/01\/02\/jeudi-9-janvier-2025-mobilisation-pour-lavenir-du-paraclet-et-de-leap\/","url":"https:\/\/regions-snetap-fsu.fr\/hdf\/2025\/01\/02\/jeudi-9-janvier-2025-mobilisation-pour-lavenir-du-paraclet-et-de-leap\/","name":"Jeudi 9 janvier 2025, mobilisation pour l'avenir du Paraclet et de l'EAP - HAUTS-DE-FRANCE","isPartOf":{"@id":"https:\/\/regions-snetap-fsu.fr\/hdf\/#website"},"primaryImageOfPage":{"@id":"https:\/\/regions-snetap-fsu.fr\/hdf\/2025\/01\/02\/jeudi-9-janvier-2025-mobilisation-pour-lavenir-du-paraclet-et-de-leap\/#primaryimage"},"image":{"@id":"https:\/\/regions-snetap-fsu.fr\/hdf\/2025\/01\/02\/jeudi-9-janvier-2025-mobilisation-pour-lavenir-du-paraclet-et-de-leap\/#primaryimage"},"thumbnailUrl":"https:\/\/regions-snetap-fsu.fr\/hdf\/wp-content\/uploads\/sites\/5\/2021\/01\/Greve.jpg","datePublished":"2025-01-02T14:19:18+00:00","breadcrumb":{"@id":"https:\/\/regions-snetap-fsu.fr\/hdf\/2025\/01\/02\/jeudi-9-janvier-2025-mobilisation-pour-lavenir-du-paraclet-et-de-leap\/#breadcrumb"},"inLanguage":"fr-FR","potentialAction":[{"@type":"ReadAction","target":["https:\/\/regions-snetap-fsu.fr\/hdf\/2025\/01\/02\/jeudi-9-janvier-2025-mobilisation-pour-lavenir-du-paraclet-et-de-leap\/"]}]},{"@type":"ImageObject","inLanguage":"fr-FR","@id":"https:\/\/regions-snetap-fsu.fr\/hdf\/2025\/01\/02\/jeudi-9-janvier-2025-mobilisation-pour-lavenir-du-paraclet-et-de-leap\/#primaryimage","url":"https:\/\/regions-snetap-fsu.fr\/hdf\/wp-content\/uploads\/sites\/5\/2021\/01\/Greve.jpg","contentUrl":"https:\/\/regions-snetap-fsu.fr\/hdf\/wp-content\/uploads\/sites\/5\/2021\/01\/Greve.jpg","width":435,"height":200},{"@type":"BreadcrumbList","@id":"https:\/\/regions-snetap-fsu.fr\/hdf\/2025\/01\/02\/jeudi-9-janvier-2025-mobilisation-pour-lavenir-du-paraclet-et-de-leap\/#breadcrumb","itemListElement":[{"@type":"ListItem","position":1,"name":"Accueil","item":"https:\/\/regions-snetap-fsu.fr\/hdf\/"},{"@type":"ListItem","position":2,"name":"Actions - Gr\u00e8ves - Manifs","item":"https:\/\/regions-snetap-fsu.fr\/hdf\/category\/actions-greves-manifs\/"},{"@type":"ListItem","position":3,"name":"Jeudi 9 janvier 2025, mobilisation pour l&rsquo;avenir du Paraclet et de l&rsquo;EAP"}]},{"@type":"WebSite","@id":"https:\/\/regions-snetap-fsu.fr\/hdf\/#website","url":"https:\/\/regions-snetap-fsu.fr\/hdf\/","name":"HAUTS-DE-FRANCE","description":"Section r\u00e9gionale","publisher":{"@id":"https:\/\/regions-snetap-fsu.fr\/hdf\/#organization"},"potentialAction":[{"@type":"SearchAction","target":{"@type":"EntryPoint","urlTemplate":"https:\/\/regions-snetap-fsu.fr\/hdf\/?s={search_term_string}"},"query-input":{"@type":"PropertyValueSpecification","valueRequired":true,"valueName":"search_term_string"}}],"inLanguage":"fr-FR"},{"@type":"Organization","@id":"https:\/\/regions-snetap-fsu.fr\/hdf\/#organization","name":"SNETAP-FSU - HAUTS-DE-FRANCE","url":"https:\/\/regions-snetap-fsu.fr\/hdf\/","logo":{"@type":"ImageObject","inLanguage":"fr-FR","@id":"https:\/\/regions-snetap-fsu.fr\/hdf\/#\/schema\/logo\/image\/","url":"https:\/\/regions-snetap-fsu.fr\/hdf\/wp-content\/uploads\/sites\/5\/2020\/12\/SNETAP-Logo.jpg","contentUrl":"https:\/\/regions-snetap-fsu.fr\/hdf\/wp-content\/uploads\/sites\/5\/2020\/12\/SNETAP-Logo.jpg","width":464,"height":334,"caption":"SNETAP-FSU - HAUTS-DE-FRANCE"},"image":{"@id":"https:\/\/regions-snetap-fsu.fr\/hdf\/#\/schema\/logo\/image\/"},"sameAs":["https:\/\/x.com\/MartinageSnetap"]},{"@type":"Person","@id":"https:\/\/regions-snetap-fsu.fr\/hdf\/#\/schema\/person\/fa09b77e508eb2889a1c2dd6f4cf3149","name":"Regis Martinage","image":{"@type":"ImageObject","inLanguage":"fr-FR","@id":"https:\/\/secure.gravatar.com\/avatar\/7ae2aaabfe5b8d5c7b9361e91002ca9ec93c38c63c9a1d06ae19f03a5dc70dd7?s=96&d=mm&r=g","url":"https:\/\/secure.gravatar.com\/avatar\/7ae2aaabfe5b8d5c7b9361e91002ca9ec93c38c63c9a1d06ae19f03a5dc70dd7?s=96&d=mm&r=g","contentUrl":"https:\/\/secure.gravatar.com\/avatar\/7ae2aaabfe5b8d5c7b9361e91002ca9ec93c38c63c9a1d06ae19f03a5dc70dd7?s=96&d=mm&r=g","caption":"Regis Martinage"},"url":"https:\/\/regions-snetap-fsu.fr\/hdf\/author\/r-martinage\/"}]}},"_links":{"self":[{"href":"https:\/\/regions-snetap-fsu.fr\/hdf\/wp-json\/wp\/v2\/posts\/9602","targetHints":{"allow":["GET"]}}],"collection":[{"href":"https:\/\/regions-snetap-fsu.fr\/hdf\/wp-json\/wp\/v2\/posts"}],"about":[{"href":"https:\/\/regions-snetap-fsu.fr\/hdf\/wp-json\/wp\/v2\/types\/post"}],"author":[{"embeddable":true,"href":"https:\/\/regions-snetap-fsu.fr\/hdf\/wp-json\/wp\/v2\/users\/88"}],"replies":[{"embeddable":true,"href":"https:\/\/regions-snetap-fsu.fr\/hdf\/wp-json\/wp\/v2\/comments?post=9602"}],"version-history":[{"count":7,"href":"https:\/\/regions-snetap-fsu.fr\/hdf\/wp-json\/wp\/v2\/posts\/9602\/revisions"}],"predecessor-version":[{"id":9609,"href":"https:\/\/regions-snetap-fsu.fr\/hdf\/wp-json\/wp\/v2\/posts\/9602\/revisions\/9609"}],"wp:featuredmedia":[{"embeddable":true,"href":"https:\/\/regions-snetap-fsu.fr\/hdf\/wp-json\/wp\/v2\/media\/6186"}],"wp:attachment":[{"href":"https:\/\/regions-snetap-fsu.fr\/hdf\/wp-json\/wp\/v2\/media?parent=9602"}],"wp:term":[{"taxonomy":"category","embeddable":true,"href":"https:\/\/regions-snetap-fsu.fr\/hdf\/wp-json\/wp\/v2\/categories?post=9602"},{"taxonomy":"post_tag","embeddable":true,"href":"https:\/\/regions-snetap-fsu.fr\/hdf\/wp-json\/wp\/v2\/tags?post=9602"},{"taxonomy":"post_folder","embeddable":true,"href":"https:\/\/regions-snetap-fsu.fr\/hdf\/wp-json\/wp\/v2\/post_folder?post=9602"}],"curies":[{"name":"wp","href":"https:\/\/api.w.org\/{rel}","templated":true}]}}