{"id":9339,"date":"2024-06-14T16:55:15","date_gmt":"2024-06-14T14:55:15","guid":{"rendered":"https:\/\/regions-snetap-fsu.fr\/hdf\/?p=9339"},"modified":"2024-06-14T17:29:29","modified_gmt":"2024-06-14T15:29:29","slug":"mobilisation-contre-lextreme-droite-dans-les-hauts-de-france-samedi-15-juin","status":"publish","type":"post","link":"https:\/\/regions-snetap-fsu.fr\/hdf\/2024\/06\/14\/mobilisation-contre-lextreme-droite-dans-les-hauts-de-france-samedi-15-juin\/","title":{"rendered":"Mobilisation contre l\u2019extr\u00eame droite dans les Hauts-de-France &#8211; Samedi 15 juin !"},"content":{"rendered":"<h2 style=\"text-align: center\"><span style=\"font-family: tahoma, arial, helvetica, sans-serif;color: #ff0000\">Mobilisation contre l\u2019extr\u00eame droite dans les Hauts-de-France &#8211; Samedi 15 juin !<\/span><\/h2>\n<p style=\"text-align: justify\"><span style=\"font-family: tahoma, arial, helvetica, sans-serif;color: #129447\">La FSU, le SNETAP-FSU et l\u2019\u00c9lan commun appellent \u00e0 une mobilisation massive ce samedi 15 juin pour d\u00e9fendre les valeurs r\u00e9publicaines et promouvoir des alternatives de progr\u00e8s. Nous invitons tous les agent\u00b7e\u00b7s \u00e0 se joindre en nombre \u00e0 cette manifestation pour soutenir les services publics, r\u00e9clamer l\u2019annulation de la r\u00e9forme des retraites et de l\u2019assurance ch\u00f4mage, et exiger une augmentation des salaires.<\/span><\/p>\n<p style=\"text-align: justify\"><span style=\"font-family: tahoma, arial, helvetica, sans-serif;color: #129447\">Nous r\u00e9affirmons notre attachement ind\u00e9fectible aux valeurs de la R\u00e9publique et notre engagement constant contre les int\u00e9grismes et toutes les formes de discrimination. Depuis longtemps, nous soulignons l\u2019importance pour l\u2019enseignement agricole public de proposer des programmes \u00e9ducatifs \u00e9clairants, afin de former des jeunes capables de faire des choix \u00e9clair\u00e9s et de r\u00e9sister aux influences obscurantistes.<\/span><\/p>\n<p style=\"text-align: justify\"><span style=\"font-family: tahoma, arial, helvetica, sans-serif;color: #129447\">En collaboration avec les syndicats et le mouvement social, la FSU, le SNETAP-FSU et l\u2019\u00c9lan commun mettent en avant l\u2019urgence d\u2019une action collective pour emp\u00eacher l\u2019ascension de l\u2019extr\u00eame droite aux plus hautes responsabilit\u00e9s de notre pays. Le 8 juillet ne doit pas marquer la victoire de l\u2019extr\u00eame droite. Nous devons donc nous mobiliser pour garantir le triomphe du progr\u00e8s social.<\/span><\/p>\n<p style=\"text-align: justify\"><span style=\"font-family: tahoma, arial, helvetica, sans-serif;color: #129447\">Nous appelons toutes et tous \u00e0 manifester massivement ce week-end et dans les jours \u00e0 venir pour d\u00e9fendre ces valeurs et exiger les changements n\u00e9cessaires pour un avenir meilleur.<\/span><\/p>\n<p style=\"text-align: justify\"><span style=\"font-family: tahoma, arial, helvetica, sans-serif\"><a href=\"https:\/\/www.snetap-fsu.fr\/L-heure-est-tres-grave.html\" target=\"_blank\" rel=\"noopener\">Lien : SNETAP-FSU : L \u2018heure est tr\u00e8s grave &#8211; D\u00e9claration des \u00e9lu\u2022es de l\u2019Elan commun au CSA EA du 11 juin 2024<\/a><\/span><\/p>\n<p style=\"text-align: justify\"><span style=\"font-family: tahoma, arial, helvetica, sans-serif\"><a href=\"https:\/\/www.snetap-fsu.fr\/Le-15-juin-mobilisation-contre-l-extreme-droite.html\" target=\"_blank\" rel=\"noopener\">Lien : SNETAP-FSU &#8211; Le 15 juin : mobilisation contre l\u2019extr\u00eame droite ! <\/a><\/span><\/p>\n<p style=\"text-align: justify\"><span style=\"font-family: tahoma, arial, helvetica, sans-serif\"><a href=\"https:\/\/fsu.fr\/face-au-danger-de-lextreme-droite-et-pour-la-battre-la-fsu-determinee-a-batir-lunite\/\" target=\"_blank\" rel=\"noopener\">Lien : FSU &#8211; Face au danger de l\u2019extr\u00eame droite et pour la battre, la FSU d\u00e9termin\u00e9e \u00e0 b\u00e2tir l\u2019unit\u00e9<\/a><\/span><\/p>\n<p><span style=\"font-family: tahoma, arial, helvetica, sans-serif\"><a href=\"https:\/\/fsu.fr\/le-15-juin-mobilisation-contre-lextreme-droite\/\" target=\"_blank\" rel=\"noopener\">Lien : FSU &#8211; LE 15 JUIN : Mobilisation contre l\u2019extr\u00eame droite !<\/a><\/span><\/p>\n<p><span style=\"font-family: tahoma, arial, helvetica, sans-serif;color: #129447\">Communiqu\u00e9 du CNCDH :<\/span><\/p>\n<p><img fetchpriority=\"high\" decoding=\"async\" class=\"wp-image-9342 size-full aligncenter\" src=\"https:\/\/regions-snetap-fsu.fr\/hdf\/wp-content\/uploads\/sites\/5\/2024\/06\/CNCDH.jpeg\" alt=\"\" width=\"634\" height=\"900\" srcset=\"https:\/\/regions-snetap-fsu.fr\/hdf\/wp-content\/uploads\/sites\/5\/2024\/06\/CNCDH.jpeg 634w, https:\/\/regions-snetap-fsu.fr\/hdf\/wp-content\/uploads\/sites\/5\/2024\/06\/CNCDH-211x300.jpeg 211w\" sizes=\"(max-width: 634px) 100vw, 634px\" \/><\/p>\n<p>.<\/p>\n<h3 style=\"text-align: center\"><span style=\"font-family: tahoma, arial, helvetica, sans-serif;color: #ff0000\">Les mobilisations dans les Hauts-de-France<\/span><\/h3>\n<ul>\n<li style=\"text-align: justify\">ARRAS : pas de manifestation avant mardi.<\/li>\n<li style=\"text-align: justify\"><span style=\"font-family: tahoma, arial, helvetica, sans-serif;color: #129447\"><strong>Beauvais<\/strong>, 10h, Place Jeanne Hachette.<\/span><\/li>\n<li><span style=\"font-family: tahoma, arial, helvetica, sans-serif;color: #129447\"><strong>Berck<\/strong>, 10h, M\u00e9diath\u00e8que.<\/span><\/li>\n<li style=\"text-align: justify\"><span style=\"font-family: tahoma, arial, helvetica, sans-serif;color: #129447\"><strong>Boulogne sur Mer<\/strong>, 10h30, Th\u00e9\u00e2tre Monsigny.<\/span><\/li>\n<li style=\"text-align: justify\"><span style=\"font-family: tahoma, arial, helvetica, sans-serif;color: #129447\"><strong>Calais<\/strong> , 14h, au Th\u00e9\u00e2tre.<br \/>\n<\/span><\/li>\n<li><span style=\"font-family: tahoma, arial, helvetica, sans-serif;color: #129447\"><strong>Cambrai<\/strong>, 11h, Grand Place. <\/span><\/li>\n<li style=\"text-align: justify\"><span style=\"font-family: tahoma, arial, helvetica, sans-serif;color: #129447\"><strong>Compi\u00e8gne,<\/strong> 14h00, Avenue de la R\u00e9sistance.<\/span><\/li>\n<li style=\"text-align: justify\"><span style=\"font-family: tahoma, arial, helvetica, sans-serif;color: #129447\"><strong>Creil<\/strong>, 10h00, rassemblement Fa\u00efencerie.<\/span><\/li>\n<li style=\"text-align: justify\"><span style=\"font-family: tahoma, arial, helvetica, sans-serif;color: #129447\"><strong> Dunkerque<\/strong>, 10h, Place de la gare.<\/span><\/li>\n<li style=\"text-align: justify\"><span style=\"font-family: tahoma, arial, helvetica, sans-serif;color: #129447\"><strong>Douai<\/strong>, 10h, au Monument aux morts de Douai.<\/span><\/li>\n<li style=\"text-align: justify\"><span style=\"font-family: tahoma, arial, helvetica, sans-serif;color: #129447\"><strong>Lille<\/strong>, 14h30, Porte de Paris (Place S. Volland).<\/span><\/li>\n<li style=\"text-align: justify\"><span style=\"font-family: tahoma, arial, helvetica, sans-serif;color: #129447\"><strong>Saint Pol sur Ternoise<\/strong>, 11h, Mairie.<\/span><\/li>\n<li style=\"text-align: justify\"><span style=\"font-family: tahoma, arial, helvetica, sans-serif;color: #129447\"><strong>Tergnier<\/strong>, 18h, Mairie.<\/span><\/li>\n<li style=\"text-align: justify\"><span style=\"font-family: tahoma, arial, helvetica, sans-serif;color: #129447\"><strong>Valenciennes<\/strong>, 10h30, Place d&rsquo;armes.<\/span><\/li>\n<\/ul>\n<p><span style=\"font-family: tahoma, arial, helvetica, sans-serif\"><i>Cet article est susceptible d\u2019\u00e9voluer jusqu\u2019\u00e0 la date du 15 juin 2024.<\/i><\/span><\/p>\n<p>&nbsp;<\/p>\n","protected":false},"excerpt":{"rendered":"<p>Mobilisation contre l\u2019extr\u00eame droite dans les Hauts-de-France &#8211; Samedi 15 juin ! La FSU, le SNETAP-FSU et l\u2019\u00c9lan commun appellent \u00e0 une mobilisation massive ce samedi 15 juin pour d\u00e9fendre les valeurs r\u00e9publicaines et promouvoir des alternatives de progr\u00e8s. Nous invitons tous les agent\u00b7e\u00b7s \u00e0 se joindre en nombre \u00e0 cette manifestation pour soutenir les [&hellip;]<\/p>\n","protected":false},"author":88,"featured_media":9346,"comment_status":"closed","ping_status":"closed","sticky":false,"template":"","format":"standard","meta":{"ocean_post_layout":"","ocean_both_sidebars_style":"","ocean_both_sidebars_content_width":0,"ocean_both_sidebars_sidebars_width":0,"ocean_sidebar":"0","ocean_second_sidebar":"0","ocean_disable_margins":"enable","ocean_add_body_class":"","ocean_shortcode_before_top_bar":"","ocean_shortcode_after_top_bar":"","ocean_shortcode_before_header":"","ocean_shortcode_after_header":"","ocean_has_shortcode":"","ocean_shortcode_after_title":"","ocean_shortcode_before_footer_widgets":"","ocean_shortcode_after_footer_widgets":"","ocean_shortcode_before_footer_bottom":"","ocean_shortcode_after_footer_bottom":"","ocean_display_top_bar":"default","ocean_display_header":"default","ocean_header_style":"","ocean_center_header_left_menu":"0","ocean_custom_header_template":"0","ocean_custom_logo":0,"ocean_custom_retina_logo":0,"ocean_custom_logo_max_width":0,"ocean_custom_logo_tablet_max_width":0,"ocean_custom_logo_mobile_max_width":0,"ocean_custom_logo_max_height":0,"ocean_custom_logo_tablet_max_height":0,"ocean_custom_logo_mobile_max_height":0,"ocean_header_custom_menu":"0","ocean_menu_typo_font_family":"0","ocean_menu_typo_font_subset":"","ocean_menu_typo_font_size":0,"ocean_menu_typo_font_size_tablet":0,"ocean_menu_typo_font_size_mobile":0,"ocean_menu_typo_font_size_unit":"px","ocean_menu_typo_font_weight":"","ocean_menu_typo_font_weight_tablet":"","ocean_menu_typo_font_weight_mobile":"","ocean_menu_typo_transform":"","ocean_menu_typo_transform_tablet":"","ocean_menu_typo_transform_mobile":"","ocean_menu_typo_line_height":0,"ocean_menu_typo_line_height_tablet":0,"ocean_menu_typo_line_height_mobile":0,"ocean_menu_typo_line_height_unit":"","ocean_menu_typo_spacing":0,"ocean_menu_typo_spacing_tablet":0,"ocean_menu_typo_spacing_mobile":0,"ocean_menu_typo_spacing_unit":"","ocean_menu_link_color":"","ocean_menu_link_color_hover":"","ocean_menu_link_color_active":"","ocean_menu_link_background":"","ocean_menu_link_hover_background":"","ocean_menu_link_active_background":"","ocean_menu_social_links_bg":"","ocean_menu_social_hover_links_bg":"","ocean_menu_social_links_color":"","ocean_menu_social_hover_links_color":"","ocean_disable_title":"default","ocean_disable_heading":"default","ocean_post_title":"","ocean_post_subheading":"","ocean_post_title_style":"","ocean_post_title_background_color":"","ocean_post_title_background":0,"ocean_post_title_bg_image_position":"","ocean_post_title_bg_image_attachment":"","ocean_post_title_bg_image_repeat":"","ocean_post_title_bg_image_size":"","ocean_post_title_height":0,"ocean_post_title_bg_overlay":0.5,"ocean_post_title_bg_overlay_color":"","ocean_disable_breadcrumbs":"default","ocean_breadcrumbs_color":"","ocean_breadcrumbs_separator_color":"","ocean_breadcrumbs_links_color":"","ocean_breadcrumbs_links_hover_color":"","ocean_display_footer_widgets":"default","ocean_display_footer_bottom":"default","ocean_custom_footer_template":"0","ocean_post_oembed":"","ocean_post_self_hosted_media":"","ocean_post_video_embed":"","ocean_link_format":"","ocean_link_format_target":"self","ocean_quote_format":"","ocean_quote_format_link":"post","ocean_gallery_link_images":"on","ocean_gallery_id":[],"footnotes":""},"categories":[2],"tags":[],"post_folder":[],"class_list":["post-9339","post","type-post","status-publish","format-standard","has-post-thumbnail","hentry","category-actions-greves-manifs","entry","has-media"],"yoast_head":"<!-- This site is optimized with the Yoast SEO plugin v27.4 - https:\/\/yoast.com\/product\/yoast-seo-wordpress\/ -->\n<title>Mobilisation contre l\u2019extr\u00eame droite dans les Hauts-de-France - Samedi 15 juin ! - HAUTS-DE-FRANCE<\/title>\n<meta name=\"robots\" content=\"index, follow, max-snippet:-1, max-image-preview:large, max-video-preview:-1\" \/>\n<link rel=\"canonical\" href=\"https:\/\/regions-snetap-fsu.fr\/hdf\/2024\/06\/14\/mobilisation-contre-lextreme-droite-dans-les-hauts-de-france-samedi-15-juin\/\" \/>\n<meta property=\"og:locale\" content=\"fr_FR\" \/>\n<meta property=\"og:type\" content=\"article\" \/>\n<meta property=\"og:title\" content=\"Mobilisation contre l\u2019extr\u00eame droite dans les Hauts-de-France - Samedi 15 juin ! - HAUTS-DE-FRANCE\" \/>\n<meta property=\"og:description\" content=\"Mobilisation contre l\u2019extr\u00eame droite dans les Hauts-de-France &#8211; Samedi 15 juin ! La FSU, le SNETAP-FSU et l\u2019\u00c9lan commun appellent \u00e0 une mobilisation massive ce samedi 15 juin pour d\u00e9fendre les valeurs r\u00e9publicaines et promouvoir des alternatives de progr\u00e8s. Nous invitons tous les agent\u00b7e\u00b7s \u00e0 se joindre en nombre \u00e0 cette manifestation pour soutenir les [&hellip;]\" \/>\n<meta property=\"og:url\" content=\"https:\/\/regions-snetap-fsu.fr\/hdf\/2024\/06\/14\/mobilisation-contre-lextreme-droite-dans-les-hauts-de-france-samedi-15-juin\/\" \/>\n<meta property=\"og:site_name\" content=\"HAUTS-DE-FRANCE\" \/>\n<meta property=\"article:published_time\" content=\"2024-06-14T14:55:15+00:00\" \/>\n<meta property=\"article:modified_time\" content=\"2024-06-14T15:29:29+00:00\" \/>\n<meta property=\"og:image\" content=\"https:\/\/regions-snetap-fsu.fr\/hdf\/wp-content\/uploads\/sites\/5\/2024\/06\/Face_a_urgence_extreme_droite.png\" \/>\n\t<meta property=\"og:image:width\" content=\"435\" \/>\n\t<meta property=\"og:image:height\" content=\"200\" \/>\n\t<meta property=\"og:image:type\" content=\"image\/png\" \/>\n<meta name=\"author\" content=\"Regis Martinage\" \/>\n<meta name=\"twitter:card\" content=\"summary_large_image\" \/>\n<meta name=\"twitter:creator\" content=\"@MartinageSnetap\" \/>\n<meta name=\"twitter:site\" content=\"@MartinageSnetap\" \/>\n<meta name=\"twitter:label1\" content=\"\u00c9crit par\" \/>\n\t<meta name=\"twitter:data1\" content=\"Regis Martinage\" \/>\n\t<meta name=\"twitter:label2\" content=\"Dur\u00e9e de lecture estim\u00e9e\" \/>\n\t<meta name=\"twitter:data2\" content=\"2 minutes\" \/>\n<script type=\"application\/ld+json\" class=\"yoast-schema-graph\">{\"@context\":\"https:\\\/\\\/schema.org\",\"@graph\":[{\"@type\":\"Article\",\"@id\":\"https:\\\/\\\/regions-snetap-fsu.fr\\\/hdf\\\/2024\\\/06\\\/14\\\/mobilisation-contre-lextreme-droite-dans-les-hauts-de-france-samedi-15-juin\\\/#article\",\"isPartOf\":{\"@id\":\"https:\\\/\\\/regions-snetap-fsu.fr\\\/hdf\\\/2024\\\/06\\\/14\\\/mobilisation-contre-lextreme-droite-dans-les-hauts-de-france-samedi-15-juin\\\/\"},\"author\":{\"name\":\"Regis Martinage\",\"@id\":\"https:\\\/\\\/regions-snetap-fsu.fr\\\/hdf\\\/#\\\/schema\\\/person\\\/fa09b77e508eb2889a1c2dd6f4cf3149\"},\"headline\":\"Mobilisation contre l\u2019extr\u00eame droite dans les Hauts-de-France &#8211; Samedi 15 juin !\",\"datePublished\":\"2024-06-14T14:55:15+00:00\",\"dateModified\":\"2024-06-14T15:29:29+00:00\",\"mainEntityOfPage\":{\"@id\":\"https:\\\/\\\/regions-snetap-fsu.fr\\\/hdf\\\/2024\\\/06\\\/14\\\/mobilisation-contre-lextreme-droite-dans-les-hauts-de-france-samedi-15-juin\\\/\"},\"wordCount\":425,\"publisher\":{\"@id\":\"https:\\\/\\\/regions-snetap-fsu.fr\\\/hdf\\\/#organization\"},\"image\":{\"@id\":\"https:\\\/\\\/regions-snetap-fsu.fr\\\/hdf\\\/2024\\\/06\\\/14\\\/mobilisation-contre-lextreme-droite-dans-les-hauts-de-france-samedi-15-juin\\\/#primaryimage\"},\"thumbnailUrl\":\"https:\\\/\\\/regions-snetap-fsu.fr\\\/hdf\\\/wp-content\\\/uploads\\\/sites\\\/5\\\/2024\\\/06\\\/Face_a_urgence_extreme_droite.png\",\"articleSection\":[\"Actions - Gr\u00e8ves - Manifs\"],\"inLanguage\":\"fr-FR\"},{\"@type\":\"WebPage\",\"@id\":\"https:\\\/\\\/regions-snetap-fsu.fr\\\/hdf\\\/2024\\\/06\\\/14\\\/mobilisation-contre-lextreme-droite-dans-les-hauts-de-france-samedi-15-juin\\\/\",\"url\":\"https:\\\/\\\/regions-snetap-fsu.fr\\\/hdf\\\/2024\\\/06\\\/14\\\/mobilisation-contre-lextreme-droite-dans-les-hauts-de-france-samedi-15-juin\\\/\",\"name\":\"Mobilisation contre l\u2019extr\u00eame droite dans les Hauts-de-France - Samedi 15 juin ! - HAUTS-DE-FRANCE\",\"isPartOf\":{\"@id\":\"https:\\\/\\\/regions-snetap-fsu.fr\\\/hdf\\\/#website\"},\"primaryImageOfPage\":{\"@id\":\"https:\\\/\\\/regions-snetap-fsu.fr\\\/hdf\\\/2024\\\/06\\\/14\\\/mobilisation-contre-lextreme-droite-dans-les-hauts-de-france-samedi-15-juin\\\/#primaryimage\"},\"image\":{\"@id\":\"https:\\\/\\\/regions-snetap-fsu.fr\\\/hdf\\\/2024\\\/06\\\/14\\\/mobilisation-contre-lextreme-droite-dans-les-hauts-de-france-samedi-15-juin\\\/#primaryimage\"},\"thumbnailUrl\":\"https:\\\/\\\/regions-snetap-fsu.fr\\\/hdf\\\/wp-content\\\/uploads\\\/sites\\\/5\\\/2024\\\/06\\\/Face_a_urgence_extreme_droite.png\",\"datePublished\":\"2024-06-14T14:55:15+00:00\",\"dateModified\":\"2024-06-14T15:29:29+00:00\",\"breadcrumb\":{\"@id\":\"https:\\\/\\\/regions-snetap-fsu.fr\\\/hdf\\\/2024\\\/06\\\/14\\\/mobilisation-contre-lextreme-droite-dans-les-hauts-de-france-samedi-15-juin\\\/#breadcrumb\"},\"inLanguage\":\"fr-FR\",\"potentialAction\":[{\"@type\":\"ReadAction\",\"target\":[\"https:\\\/\\\/regions-snetap-fsu.fr\\\/hdf\\\/2024\\\/06\\\/14\\\/mobilisation-contre-lextreme-droite-dans-les-hauts-de-france-samedi-15-juin\\\/\"]}]},{\"@type\":\"ImageObject\",\"inLanguage\":\"fr-FR\",\"@id\":\"https:\\\/\\\/regions-snetap-fsu.fr\\\/hdf\\\/2024\\\/06\\\/14\\\/mobilisation-contre-lextreme-droite-dans-les-hauts-de-france-samedi-15-juin\\\/#primaryimage\",\"url\":\"https:\\\/\\\/regions-snetap-fsu.fr\\\/hdf\\\/wp-content\\\/uploads\\\/sites\\\/5\\\/2024\\\/06\\\/Face_a_urgence_extreme_droite.png\",\"contentUrl\":\"https:\\\/\\\/regions-snetap-fsu.fr\\\/hdf\\\/wp-content\\\/uploads\\\/sites\\\/5\\\/2024\\\/06\\\/Face_a_urgence_extreme_droite.png\",\"width\":435,\"height\":200},{\"@type\":\"BreadcrumbList\",\"@id\":\"https:\\\/\\\/regions-snetap-fsu.fr\\\/hdf\\\/2024\\\/06\\\/14\\\/mobilisation-contre-lextreme-droite-dans-les-hauts-de-france-samedi-15-juin\\\/#breadcrumb\",\"itemListElement\":[{\"@type\":\"ListItem\",\"position\":1,\"name\":\"Accueil\",\"item\":\"https:\\\/\\\/regions-snetap-fsu.fr\\\/hdf\\\/\"},{\"@type\":\"ListItem\",\"position\":2,\"name\":\"Actions - Gr\u00e8ves - Manifs\",\"item\":\"https:\\\/\\\/regions-snetap-fsu.fr\\\/hdf\\\/category\\\/actions-greves-manifs\\\/\"},{\"@type\":\"ListItem\",\"position\":3,\"name\":\"Mobilisation contre l\u2019extr\u00eame droite dans les Hauts-de-France &#8211; Samedi 15 juin !\"}]},{\"@type\":\"WebSite\",\"@id\":\"https:\\\/\\\/regions-snetap-fsu.fr\\\/hdf\\\/#website\",\"url\":\"https:\\\/\\\/regions-snetap-fsu.fr\\\/hdf\\\/\",\"name\":\"HAUTS-DE-FRANCE\",\"description\":\"Section r\u00e9gionale\",\"publisher\":{\"@id\":\"https:\\\/\\\/regions-snetap-fsu.fr\\\/hdf\\\/#organization\"},\"potentialAction\":[{\"@type\":\"SearchAction\",\"target\":{\"@type\":\"EntryPoint\",\"urlTemplate\":\"https:\\\/\\\/regions-snetap-fsu.fr\\\/hdf\\\/?s={search_term_string}\"},\"query-input\":{\"@type\":\"PropertyValueSpecification\",\"valueRequired\":true,\"valueName\":\"search_term_string\"}}],\"inLanguage\":\"fr-FR\"},{\"@type\":\"Organization\",\"@id\":\"https:\\\/\\\/regions-snetap-fsu.fr\\\/hdf\\\/#organization\",\"name\":\"SNETAP-FSU - HAUTS-DE-FRANCE\",\"url\":\"https:\\\/\\\/regions-snetap-fsu.fr\\\/hdf\\\/\",\"logo\":{\"@type\":\"ImageObject\",\"inLanguage\":\"fr-FR\",\"@id\":\"https:\\\/\\\/regions-snetap-fsu.fr\\\/hdf\\\/#\\\/schema\\\/logo\\\/image\\\/\",\"url\":\"https:\\\/\\\/regions-snetap-fsu.fr\\\/hdf\\\/wp-content\\\/uploads\\\/sites\\\/5\\\/2020\\\/12\\\/SNETAP-Logo.jpg\",\"contentUrl\":\"https:\\\/\\\/regions-snetap-fsu.fr\\\/hdf\\\/wp-content\\\/uploads\\\/sites\\\/5\\\/2020\\\/12\\\/SNETAP-Logo.jpg\",\"width\":464,\"height\":334,\"caption\":\"SNETAP-FSU - HAUTS-DE-FRANCE\"},\"image\":{\"@id\":\"https:\\\/\\\/regions-snetap-fsu.fr\\\/hdf\\\/#\\\/schema\\\/logo\\\/image\\\/\"},\"sameAs\":[\"https:\\\/\\\/x.com\\\/MartinageSnetap\"]},{\"@type\":\"Person\",\"@id\":\"https:\\\/\\\/regions-snetap-fsu.fr\\\/hdf\\\/#\\\/schema\\\/person\\\/fa09b77e508eb2889a1c2dd6f4cf3149\",\"name\":\"Regis Martinage\",\"image\":{\"@type\":\"ImageObject\",\"inLanguage\":\"fr-FR\",\"@id\":\"https:\\\/\\\/secure.gravatar.com\\\/avatar\\\/7ae2aaabfe5b8d5c7b9361e91002ca9ec93c38c63c9a1d06ae19f03a5dc70dd7?s=96&d=mm&r=g\",\"url\":\"https:\\\/\\\/secure.gravatar.com\\\/avatar\\\/7ae2aaabfe5b8d5c7b9361e91002ca9ec93c38c63c9a1d06ae19f03a5dc70dd7?s=96&d=mm&r=g\",\"contentUrl\":\"https:\\\/\\\/secure.gravatar.com\\\/avatar\\\/7ae2aaabfe5b8d5c7b9361e91002ca9ec93c38c63c9a1d06ae19f03a5dc70dd7?s=96&d=mm&r=g\",\"caption\":\"Regis Martinage\"},\"url\":\"https:\\\/\\\/regions-snetap-fsu.fr\\\/hdf\\\/author\\\/r-martinage\\\/\"}]}<\/script>\n<!-- \/ Yoast SEO plugin. -->","yoast_head_json":{"title":"Mobilisation contre l\u2019extr\u00eame droite dans les Hauts-de-France - Samedi 15 juin ! - HAUTS-DE-FRANCE","robots":{"index":"index","follow":"follow","max-snippet":"max-snippet:-1","max-image-preview":"max-image-preview:large","max-video-preview":"max-video-preview:-1"},"canonical":"https:\/\/regions-snetap-fsu.fr\/hdf\/2024\/06\/14\/mobilisation-contre-lextreme-droite-dans-les-hauts-de-france-samedi-15-juin\/","og_locale":"fr_FR","og_type":"article","og_title":"Mobilisation contre l\u2019extr\u00eame droite dans les Hauts-de-France - Samedi 15 juin ! - HAUTS-DE-FRANCE","og_description":"Mobilisation contre l\u2019extr\u00eame droite dans les Hauts-de-France &#8211; Samedi 15 juin ! La FSU, le SNETAP-FSU et l\u2019\u00c9lan commun appellent \u00e0 une mobilisation massive ce samedi 15 juin pour d\u00e9fendre les valeurs r\u00e9publicaines et promouvoir des alternatives de progr\u00e8s. Nous invitons tous les agent\u00b7e\u00b7s \u00e0 se joindre en nombre \u00e0 cette manifestation pour soutenir les [&hellip;]","og_url":"https:\/\/regions-snetap-fsu.fr\/hdf\/2024\/06\/14\/mobilisation-contre-lextreme-droite-dans-les-hauts-de-france-samedi-15-juin\/","og_site_name":"HAUTS-DE-FRANCE","article_published_time":"2024-06-14T14:55:15+00:00","article_modified_time":"2024-06-14T15:29:29+00:00","og_image":[{"width":435,"height":200,"url":"https:\/\/regions-snetap-fsu.fr\/hdf\/wp-content\/uploads\/sites\/5\/2024\/06\/Face_a_urgence_extreme_droite.png","type":"image\/png"}],"author":"Regis Martinage","twitter_card":"summary_large_image","twitter_creator":"@MartinageSnetap","twitter_site":"@MartinageSnetap","twitter_misc":{"\u00c9crit par":"Regis Martinage","Dur\u00e9e de lecture estim\u00e9e":"2 minutes"},"schema":{"@context":"https:\/\/schema.org","@graph":[{"@type":"Article","@id":"https:\/\/regions-snetap-fsu.fr\/hdf\/2024\/06\/14\/mobilisation-contre-lextreme-droite-dans-les-hauts-de-france-samedi-15-juin\/#article","isPartOf":{"@id":"https:\/\/regions-snetap-fsu.fr\/hdf\/2024\/06\/14\/mobilisation-contre-lextreme-droite-dans-les-hauts-de-france-samedi-15-juin\/"},"author":{"name":"Regis Martinage","@id":"https:\/\/regions-snetap-fsu.fr\/hdf\/#\/schema\/person\/fa09b77e508eb2889a1c2dd6f4cf3149"},"headline":"Mobilisation contre l\u2019extr\u00eame droite dans les Hauts-de-France &#8211; Samedi 15 juin !","datePublished":"2024-06-14T14:55:15+00:00","dateModified":"2024-06-14T15:29:29+00:00","mainEntityOfPage":{"@id":"https:\/\/regions-snetap-fsu.fr\/hdf\/2024\/06\/14\/mobilisation-contre-lextreme-droite-dans-les-hauts-de-france-samedi-15-juin\/"},"wordCount":425,"publisher":{"@id":"https:\/\/regions-snetap-fsu.fr\/hdf\/#organization"},"image":{"@id":"https:\/\/regions-snetap-fsu.fr\/hdf\/2024\/06\/14\/mobilisation-contre-lextreme-droite-dans-les-hauts-de-france-samedi-15-juin\/#primaryimage"},"thumbnailUrl":"https:\/\/regions-snetap-fsu.fr\/hdf\/wp-content\/uploads\/sites\/5\/2024\/06\/Face_a_urgence_extreme_droite.png","articleSection":["Actions - Gr\u00e8ves - Manifs"],"inLanguage":"fr-FR"},{"@type":"WebPage","@id":"https:\/\/regions-snetap-fsu.fr\/hdf\/2024\/06\/14\/mobilisation-contre-lextreme-droite-dans-les-hauts-de-france-samedi-15-juin\/","url":"https:\/\/regions-snetap-fsu.fr\/hdf\/2024\/06\/14\/mobilisation-contre-lextreme-droite-dans-les-hauts-de-france-samedi-15-juin\/","name":"Mobilisation contre l\u2019extr\u00eame droite dans les Hauts-de-France - Samedi 15 juin ! - HAUTS-DE-FRANCE","isPartOf":{"@id":"https:\/\/regions-snetap-fsu.fr\/hdf\/#website"},"primaryImageOfPage":{"@id":"https:\/\/regions-snetap-fsu.fr\/hdf\/2024\/06\/14\/mobilisation-contre-lextreme-droite-dans-les-hauts-de-france-samedi-15-juin\/#primaryimage"},"image":{"@id":"https:\/\/regions-snetap-fsu.fr\/hdf\/2024\/06\/14\/mobilisation-contre-lextreme-droite-dans-les-hauts-de-france-samedi-15-juin\/#primaryimage"},"thumbnailUrl":"https:\/\/regions-snetap-fsu.fr\/hdf\/wp-content\/uploads\/sites\/5\/2024\/06\/Face_a_urgence_extreme_droite.png","datePublished":"2024-06-14T14:55:15+00:00","dateModified":"2024-06-14T15:29:29+00:00","breadcrumb":{"@id":"https:\/\/regions-snetap-fsu.fr\/hdf\/2024\/06\/14\/mobilisation-contre-lextreme-droite-dans-les-hauts-de-france-samedi-15-juin\/#breadcrumb"},"inLanguage":"fr-FR","potentialAction":[{"@type":"ReadAction","target":["https:\/\/regions-snetap-fsu.fr\/hdf\/2024\/06\/14\/mobilisation-contre-lextreme-droite-dans-les-hauts-de-france-samedi-15-juin\/"]}]},{"@type":"ImageObject","inLanguage":"fr-FR","@id":"https:\/\/regions-snetap-fsu.fr\/hdf\/2024\/06\/14\/mobilisation-contre-lextreme-droite-dans-les-hauts-de-france-samedi-15-juin\/#primaryimage","url":"https:\/\/regions-snetap-fsu.fr\/hdf\/wp-content\/uploads\/sites\/5\/2024\/06\/Face_a_urgence_extreme_droite.png","contentUrl":"https:\/\/regions-snetap-fsu.fr\/hdf\/wp-content\/uploads\/sites\/5\/2024\/06\/Face_a_urgence_extreme_droite.png","width":435,"height":200},{"@type":"BreadcrumbList","@id":"https:\/\/regions-snetap-fsu.fr\/hdf\/2024\/06\/14\/mobilisation-contre-lextreme-droite-dans-les-hauts-de-france-samedi-15-juin\/#breadcrumb","itemListElement":[{"@type":"ListItem","position":1,"name":"Accueil","item":"https:\/\/regions-snetap-fsu.fr\/hdf\/"},{"@type":"ListItem","position":2,"name":"Actions - Gr\u00e8ves - Manifs","item":"https:\/\/regions-snetap-fsu.fr\/hdf\/category\/actions-greves-manifs\/"},{"@type":"ListItem","position":3,"name":"Mobilisation contre l\u2019extr\u00eame droite dans les Hauts-de-France &#8211; Samedi 15 juin !"}]},{"@type":"WebSite","@id":"https:\/\/regions-snetap-fsu.fr\/hdf\/#website","url":"https:\/\/regions-snetap-fsu.fr\/hdf\/","name":"HAUTS-DE-FRANCE","description":"Section r\u00e9gionale","publisher":{"@id":"https:\/\/regions-snetap-fsu.fr\/hdf\/#organization"},"potentialAction":[{"@type":"SearchAction","target":{"@type":"EntryPoint","urlTemplate":"https:\/\/regions-snetap-fsu.fr\/hdf\/?s={search_term_string}"},"query-input":{"@type":"PropertyValueSpecification","valueRequired":true,"valueName":"search_term_string"}}],"inLanguage":"fr-FR"},{"@type":"Organization","@id":"https:\/\/regions-snetap-fsu.fr\/hdf\/#organization","name":"SNETAP-FSU - HAUTS-DE-FRANCE","url":"https:\/\/regions-snetap-fsu.fr\/hdf\/","logo":{"@type":"ImageObject","inLanguage":"fr-FR","@id":"https:\/\/regions-snetap-fsu.fr\/hdf\/#\/schema\/logo\/image\/","url":"https:\/\/regions-snetap-fsu.fr\/hdf\/wp-content\/uploads\/sites\/5\/2020\/12\/SNETAP-Logo.jpg","contentUrl":"https:\/\/regions-snetap-fsu.fr\/hdf\/wp-content\/uploads\/sites\/5\/2020\/12\/SNETAP-Logo.jpg","width":464,"height":334,"caption":"SNETAP-FSU - HAUTS-DE-FRANCE"},"image":{"@id":"https:\/\/regions-snetap-fsu.fr\/hdf\/#\/schema\/logo\/image\/"},"sameAs":["https:\/\/x.com\/MartinageSnetap"]},{"@type":"Person","@id":"https:\/\/regions-snetap-fsu.fr\/hdf\/#\/schema\/person\/fa09b77e508eb2889a1c2dd6f4cf3149","name":"Regis Martinage","image":{"@type":"ImageObject","inLanguage":"fr-FR","@id":"https:\/\/secure.gravatar.com\/avatar\/7ae2aaabfe5b8d5c7b9361e91002ca9ec93c38c63c9a1d06ae19f03a5dc70dd7?s=96&d=mm&r=g","url":"https:\/\/secure.gravatar.com\/avatar\/7ae2aaabfe5b8d5c7b9361e91002ca9ec93c38c63c9a1d06ae19f03a5dc70dd7?s=96&d=mm&r=g","contentUrl":"https:\/\/secure.gravatar.com\/avatar\/7ae2aaabfe5b8d5c7b9361e91002ca9ec93c38c63c9a1d06ae19f03a5dc70dd7?s=96&d=mm&r=g","caption":"Regis Martinage"},"url":"https:\/\/regions-snetap-fsu.fr\/hdf\/author\/r-martinage\/"}]}},"_links":{"self":[{"href":"https:\/\/regions-snetap-fsu.fr\/hdf\/wp-json\/wp\/v2\/posts\/9339","targetHints":{"allow":["GET"]}}],"collection":[{"href":"https:\/\/regions-snetap-fsu.fr\/hdf\/wp-json\/wp\/v2\/posts"}],"about":[{"href":"https:\/\/regions-snetap-fsu.fr\/hdf\/wp-json\/wp\/v2\/types\/post"}],"author":[{"embeddable":true,"href":"https:\/\/regions-snetap-fsu.fr\/hdf\/wp-json\/wp\/v2\/users\/88"}],"replies":[{"embeddable":true,"href":"https:\/\/regions-snetap-fsu.fr\/hdf\/wp-json\/wp\/v2\/comments?post=9339"}],"version-history":[{"count":8,"href":"https:\/\/regions-snetap-fsu.fr\/hdf\/wp-json\/wp\/v2\/posts\/9339\/revisions"}],"predecessor-version":[{"id":9349,"href":"https:\/\/regions-snetap-fsu.fr\/hdf\/wp-json\/wp\/v2\/posts\/9339\/revisions\/9349"}],"wp:featuredmedia":[{"embeddable":true,"href":"https:\/\/regions-snetap-fsu.fr\/hdf\/wp-json\/wp\/v2\/media\/9346"}],"wp:attachment":[{"href":"https:\/\/regions-snetap-fsu.fr\/hdf\/wp-json\/wp\/v2\/media?parent=9339"}],"wp:term":[{"taxonomy":"category","embeddable":true,"href":"https:\/\/regions-snetap-fsu.fr\/hdf\/wp-json\/wp\/v2\/categories?post=9339"},{"taxonomy":"post_tag","embeddable":true,"href":"https:\/\/regions-snetap-fsu.fr\/hdf\/wp-json\/wp\/v2\/tags?post=9339"},{"taxonomy":"post_folder","embeddable":true,"href":"https:\/\/regions-snetap-fsu.fr\/hdf\/wp-json\/wp\/v2\/post_folder?post=9339"}],"curies":[{"name":"wp","href":"https:\/\/api.w.org\/{rel}","templated":true}]}}