{"id":9216,"date":"2024-03-09T10:09:48","date_gmt":"2024-03-09T09:09:48","guid":{"rendered":"https:\/\/regions-snetap-fsu.fr\/hdf\/?p=9216"},"modified":"2024-03-18T18:58:54","modified_gmt":"2024-03-18T17:58:54","slug":"education-en-danger-toutes-et-tous-en-greve-le-19-mars-2024","status":"publish","type":"post","link":"https:\/\/regions-snetap-fsu.fr\/hdf\/2024\/03\/09\/education-en-danger-toutes-et-tous-en-greve-le-19-mars-2024\/","title":{"rendered":"\u00c9ducation en danger, toutes et tous en gr\u00e8ve le 19 mars 2024 !"},"content":{"rendered":"<h2><\/h2>\n<h2 class=\"entry-title fusion-post-title\" style=\"text-align: center\"><span style=\"font-family: tahoma, arial, helvetica, sans-serif;color: #ff0000\">Mardi 19 mars 2019 : L&rsquo;\u00e9ducation en danger<\/span><\/h2>\n<h2 class=\"entry-title fusion-post-title\" style=\"text-align: center\"><span style=\"font-family: tahoma, arial, helvetica, sans-serif;color: #ff0000\">Toutes et tous en gr\u00e8ve et dans les manifestations<\/span><\/h2>\n<p style=\"text-align: justify\"><span style=\"font-family: tahoma, arial, helvetica, sans-serif;color: #129447\">En gr\u00e8ve aux c\u00f4t\u00e9s de tous les travailleur\u00b7euse\u00b7s lors de la journ\u00e9e interprofessionnelle, nous protestons contre le projet de loi de r\u00e9forme de la Fonction Publique, en faveur de l&rsquo;am\u00e9lioration de nos salaires, de nos retraites, de la cr\u00e9ation de nouveaux postes, et pour la pr\u00e9servation des Services Publics.<\/span><\/p>\n<p style=\"text-align: justify\"><span style=\"font-family: tahoma, arial, helvetica, sans-serif;color: #129447\">Les organisations syndicales de l\u2019\u00c9ducation nationale FSU, UNSA \u00c9ducation, SGEN-CFDT, CGT Educ\u2019action, SUD \u00e9ducation constatent et condamnent l\u2019absence de toute perspective de mesures g\u00e9n\u00e9rales d\u2019augmentation des r\u00e9mun\u00e9rations dans l\u2019\u00c9ducation nationale dans un contexte d\u2019inflation encore soutenue.<\/span><\/p>\n<p style=\"text-align: justify\"><span style=\"font-family: tahoma, arial, helvetica, sans-serif\"><a href=\"https:\/\/fsu.fr\/urgence-salariale-dans-la-fonction-publique-toutes-les-organisations-syndicales-appellent-a-la-mobilisation-le-19-mars\/\" target=\"_blank\" rel=\"noopener\">Lien : FSU 28\/02\/24 &#8211; URGENCE SALARIALE DANS LA FONCTION PUBLIQUE : TOUTES LES ORGANISATIONS SYNDICALES APPELLENT A LA MOBILISATION LE 19 MARS<\/a><\/span><\/p>\n<p style=\"text-align: justify\"><span style=\"font-family: tahoma, arial, helvetica, sans-serif\"><a href=\"https:\/\/elan-commun.fr\/2024\/02\/27\/budget-2024-nouvelle-cure-dausterite-dans-leap\/\" target=\"_blank\" rel=\"noopener\">Lien : \u00c9lan commun &#8211; Budget 2024 : Nouvelle cure d\u2019aust\u00e9rit\u00e9 dans l\u2019EAP !<\/a><\/span><\/p>\n<p><span style=\"font-family: tahoma, arial, helvetica, sans-serif\"><a href=\"https:\/\/fsu.fr\/communique-intersyndicale-education-pour-nos-salaires-et-lecole-publique-en-greve-et-dans-laction-le-19-mars\/\" target=\"_blank\" rel=\"noopener\">Lien : FSU 06\/03\/24 &#8211; Communiqu\u00e9 intersyndicale Education : Pour nos salaires et l\u2019\u00c9cole publique, en gr\u00e8ve et dans l\u2019action le 19 mars !<\/a><\/span><\/p>\n<p style=\"text-align: justify\"><span style=\"font-family: tahoma, arial, helvetica, sans-serif\"><a href=\"https:\/\/www.snetap-fsu.fr\/Urgence-salariale-dans-la-Fonction-Publique-toutes-les-organisations-syndicales.html\" target=\"_blank\" rel=\"noopener\">Lien : SNETAP-FSU &#8211; Urgence salariale dans la Fonction Publique : toutes les organisations syndicales appellent \u00e0 la mobilisation le 19 mars <\/a><\/span><\/p>\n<h3 style=\"text-align: center\"><span style=\"font-family: tahoma, arial, helvetica, sans-serif;color: #ff0000\">Les mobilisations dans les Hauts-de-France<\/span><\/h3>\n<ul>\n<li><span style=\"font-family: tahoma, arial, helvetica, sans-serif;color: #129447\"><strong>Amiens<\/strong>, 14h, manifestation, MACU, Maison de la culture, 2 place L\u00e9on Gontier.<\/span><\/li>\n<li style=\"text-align: justify\"><span style=\"font-family: tahoma, arial, helvetica, sans-serif;color: #129447\"><strong>Arras<\/strong>, 9h30, manifestation, place de la gare.<\/span><\/li>\n<li><span style=\"font-family: tahoma, arial, helvetica, sans-serif;color: #129447\"><strong>Beauvais<\/strong>,<\/span>\n<ul>\n<li style=\"text-align: justify\"><span style=\"font-family: tahoma, arial, helvetica, sans-serif;color: #129447\">10h \u00e0 12h, AG des personnels de l&rsquo;\u00e9ducation, locaux FSU Oise.<\/span><\/li>\n<li><span style=\"font-family: tahoma, arial, helvetica, sans-serif;color: #129447\">14h30, Manifestation, DSDEN.<\/span><\/li>\n<\/ul>\n<\/li>\n<li><span style=\"font-family: tahoma, arial, helvetica, sans-serif;color: #129447\"><strong>Compi\u00e8gne<\/strong>, 10h, manifestation, Cours Guynemer.<\/span><\/li>\n<li style=\"text-align: justify\"><span style=\"font-family: tahoma, arial, helvetica, sans-serif;color: #129447\"><strong>Lille<\/strong>, 14h30, Porte de Paris (angle Kennedy).<\/span><\/li>\n<\/ul>\n<p>&nbsp;<\/p>\n<p><i>Cet article est susceptible d\u2019\u00e9voluer jusqu\u2019\u00e0 la date du 19 mars 2024.<\/i><\/p>\n","protected":false},"excerpt":{"rendered":"<p>Mardi 19 mars 2019 : L&rsquo;\u00e9ducation en danger Toutes et tous en gr\u00e8ve et dans les manifestations En gr\u00e8ve aux c\u00f4t\u00e9s de tous les travailleur\u00b7euse\u00b7s lors de la journ\u00e9e interprofessionnelle, nous protestons contre le projet de loi de r\u00e9forme de la Fonction Publique, en faveur de l&rsquo;am\u00e9lioration de nos salaires, de nos retraites, de la [&hellip;]<\/p>\n","protected":false},"author":88,"featured_media":9246,"comment_status":"closed","ping_status":"closed","sticky":false,"template":"","format":"standard","meta":{"ocean_post_layout":"","ocean_both_sidebars_style":"","ocean_both_sidebars_content_width":0,"ocean_both_sidebars_sidebars_width":0,"ocean_sidebar":"0","ocean_second_sidebar":"0","ocean_disable_margins":"enable","ocean_add_body_class":"","ocean_shortcode_before_top_bar":"","ocean_shortcode_after_top_bar":"","ocean_shortcode_before_header":"","ocean_shortcode_after_header":"","ocean_has_shortcode":"","ocean_shortcode_after_title":"","ocean_shortcode_before_footer_widgets":"","ocean_shortcode_after_footer_widgets":"","ocean_shortcode_before_footer_bottom":"","ocean_shortcode_after_footer_bottom":"","ocean_display_top_bar":"default","ocean_display_header":"default","ocean_header_style":"","ocean_center_header_left_menu":"0","ocean_custom_header_template":"0","ocean_custom_logo":0,"ocean_custom_retina_logo":0,"ocean_custom_logo_max_width":0,"ocean_custom_logo_tablet_max_width":0,"ocean_custom_logo_mobile_max_width":0,"ocean_custom_logo_max_height":0,"ocean_custom_logo_tablet_max_height":0,"ocean_custom_logo_mobile_max_height":0,"ocean_header_custom_menu":"0","ocean_menu_typo_font_family":"0","ocean_menu_typo_font_subset":"","ocean_menu_typo_font_size":0,"ocean_menu_typo_font_size_tablet":0,"ocean_menu_typo_font_size_mobile":0,"ocean_menu_typo_font_size_unit":"px","ocean_menu_typo_font_weight":"","ocean_menu_typo_font_weight_tablet":"","ocean_menu_typo_font_weight_mobile":"","ocean_menu_typo_transform":"","ocean_menu_typo_transform_tablet":"","ocean_menu_typo_transform_mobile":"","ocean_menu_typo_line_height":0,"ocean_menu_typo_line_height_tablet":0,"ocean_menu_typo_line_height_mobile":0,"ocean_menu_typo_line_height_unit":"","ocean_menu_typo_spacing":0,"ocean_menu_typo_spacing_tablet":0,"ocean_menu_typo_spacing_mobile":0,"ocean_menu_typo_spacing_unit":"","ocean_menu_link_color":"","ocean_menu_link_color_hover":"","ocean_menu_link_color_active":"","ocean_menu_link_background":"","ocean_menu_link_hover_background":"","ocean_menu_link_active_background":"","ocean_menu_social_links_bg":"","ocean_menu_social_hover_links_bg":"","ocean_menu_social_links_color":"","ocean_menu_social_hover_links_color":"","ocean_disable_title":"default","ocean_disable_heading":"default","ocean_post_title":"","ocean_post_subheading":"","ocean_post_title_style":"","ocean_post_title_background_color":"","ocean_post_title_background":0,"ocean_post_title_bg_image_position":"","ocean_post_title_bg_image_attachment":"","ocean_post_title_bg_image_repeat":"","ocean_post_title_bg_image_size":"","ocean_post_title_height":0,"ocean_post_title_bg_overlay":0.5,"ocean_post_title_bg_overlay_color":"","ocean_disable_breadcrumbs":"default","ocean_breadcrumbs_color":"","ocean_breadcrumbs_separator_color":"","ocean_breadcrumbs_links_color":"","ocean_breadcrumbs_links_hover_color":"","ocean_display_footer_widgets":"default","ocean_display_footer_bottom":"default","ocean_custom_footer_template":"0","ocean_post_oembed":"","ocean_post_self_hosted_media":"","ocean_post_video_embed":"","ocean_link_format":"","ocean_link_format_target":"self","ocean_quote_format":"","ocean_quote_format_link":"post","ocean_gallery_link_images":"on","ocean_gallery_id":[],"footnotes":""},"categories":[2],"tags":[],"post_folder":[],"class_list":["post-9216","post","type-post","status-publish","format-standard","has-post-thumbnail","hentry","category-actions-greves-manifs","entry","has-media"],"yoast_head":"<!-- This site is optimized with the Yoast SEO plugin v27.4 - https:\/\/yoast.com\/product\/yoast-seo-wordpress\/ -->\n<title>\u00c9ducation en danger, toutes et tous en gr\u00e8ve le 19 mars 2024 ! - HAUTS-DE-FRANCE<\/title>\n<meta name=\"robots\" content=\"index, follow, max-snippet:-1, max-image-preview:large, max-video-preview:-1\" \/>\n<link rel=\"canonical\" href=\"https:\/\/regions-snetap-fsu.fr\/hdf\/2024\/03\/09\/education-en-danger-toutes-et-tous-en-greve-le-19-mars-2024\/\" \/>\n<meta property=\"og:locale\" content=\"fr_FR\" \/>\n<meta property=\"og:type\" content=\"article\" \/>\n<meta property=\"og:title\" content=\"\u00c9ducation en danger, toutes et tous en gr\u00e8ve le 19 mars 2024 ! - HAUTS-DE-FRANCE\" \/>\n<meta property=\"og:description\" content=\"Mardi 19 mars 2019 : L&rsquo;\u00e9ducation en danger Toutes et tous en gr\u00e8ve et dans les manifestations En gr\u00e8ve aux c\u00f4t\u00e9s de tous les travailleur\u00b7euse\u00b7s lors de la journ\u00e9e interprofessionnelle, nous protestons contre le projet de loi de r\u00e9forme de la Fonction Publique, en faveur de l&rsquo;am\u00e9lioration de nos salaires, de nos retraites, de la [&hellip;]\" \/>\n<meta property=\"og:url\" content=\"https:\/\/regions-snetap-fsu.fr\/hdf\/2024\/03\/09\/education-en-danger-toutes-et-tous-en-greve-le-19-mars-2024\/\" \/>\n<meta property=\"og:site_name\" content=\"HAUTS-DE-FRANCE\" \/>\n<meta property=\"article:published_time\" content=\"2024-03-09T09:09:48+00:00\" \/>\n<meta property=\"article:modified_time\" content=\"2024-03-18T17:58:54+00:00\" \/>\n<meta property=\"og:image\" content=\"https:\/\/regions-snetap-fsu.fr\/hdf\/wp-content\/uploads\/sites\/5\/2024\/03\/Ecole_en_danger.jpg\" \/>\n\t<meta property=\"og:image:width\" content=\"435\" \/>\n\t<meta property=\"og:image:height\" content=\"200\" \/>\n\t<meta property=\"og:image:type\" content=\"image\/jpeg\" \/>\n<meta name=\"author\" content=\"Regis Martinage\" \/>\n<meta name=\"twitter:card\" content=\"summary_large_image\" \/>\n<meta name=\"twitter:creator\" content=\"@MartinageSnetap\" \/>\n<meta name=\"twitter:site\" content=\"@MartinageSnetap\" \/>\n<meta name=\"twitter:label1\" content=\"\u00c9crit par\" \/>\n\t<meta name=\"twitter:data1\" content=\"Regis Martinage\" \/>\n\t<meta name=\"twitter:label2\" content=\"Dur\u00e9e de lecture estim\u00e9e\" \/>\n\t<meta name=\"twitter:data2\" content=\"1 minute\" \/>\n<script type=\"application\/ld+json\" class=\"yoast-schema-graph\">{\"@context\":\"https:\\\/\\\/schema.org\",\"@graph\":[{\"@type\":\"Article\",\"@id\":\"https:\\\/\\\/regions-snetap-fsu.fr\\\/hdf\\\/2024\\\/03\\\/09\\\/education-en-danger-toutes-et-tous-en-greve-le-19-mars-2024\\\/#article\",\"isPartOf\":{\"@id\":\"https:\\\/\\\/regions-snetap-fsu.fr\\\/hdf\\\/2024\\\/03\\\/09\\\/education-en-danger-toutes-et-tous-en-greve-le-19-mars-2024\\\/\"},\"author\":{\"name\":\"Regis Martinage\",\"@id\":\"https:\\\/\\\/regions-snetap-fsu.fr\\\/hdf\\\/#\\\/schema\\\/person\\\/fa09b77e508eb2889a1c2dd6f4cf3149\"},\"headline\":\"\u00c9ducation en danger, toutes et tous en gr\u00e8ve le 19 mars 2024 !\",\"datePublished\":\"2024-03-09T09:09:48+00:00\",\"dateModified\":\"2024-03-18T17:58:54+00:00\",\"mainEntityOfPage\":{\"@id\":\"https:\\\/\\\/regions-snetap-fsu.fr\\\/hdf\\\/2024\\\/03\\\/09\\\/education-en-danger-toutes-et-tous-en-greve-le-19-mars-2024\\\/\"},\"wordCount\":269,\"publisher\":{\"@id\":\"https:\\\/\\\/regions-snetap-fsu.fr\\\/hdf\\\/#organization\"},\"image\":{\"@id\":\"https:\\\/\\\/regions-snetap-fsu.fr\\\/hdf\\\/2024\\\/03\\\/09\\\/education-en-danger-toutes-et-tous-en-greve-le-19-mars-2024\\\/#primaryimage\"},\"thumbnailUrl\":\"https:\\\/\\\/regions-snetap-fsu.fr\\\/hdf\\\/wp-content\\\/uploads\\\/sites\\\/5\\\/2024\\\/03\\\/Ecole_en_danger.jpg\",\"articleSection\":[\"Actions - Gr\u00e8ves - Manifs\"],\"inLanguage\":\"fr-FR\"},{\"@type\":\"WebPage\",\"@id\":\"https:\\\/\\\/regions-snetap-fsu.fr\\\/hdf\\\/2024\\\/03\\\/09\\\/education-en-danger-toutes-et-tous-en-greve-le-19-mars-2024\\\/\",\"url\":\"https:\\\/\\\/regions-snetap-fsu.fr\\\/hdf\\\/2024\\\/03\\\/09\\\/education-en-danger-toutes-et-tous-en-greve-le-19-mars-2024\\\/\",\"name\":\"\u00c9ducation en danger, toutes et tous en gr\u00e8ve le 19 mars 2024 ! - HAUTS-DE-FRANCE\",\"isPartOf\":{\"@id\":\"https:\\\/\\\/regions-snetap-fsu.fr\\\/hdf\\\/#website\"},\"primaryImageOfPage\":{\"@id\":\"https:\\\/\\\/regions-snetap-fsu.fr\\\/hdf\\\/2024\\\/03\\\/09\\\/education-en-danger-toutes-et-tous-en-greve-le-19-mars-2024\\\/#primaryimage\"},\"image\":{\"@id\":\"https:\\\/\\\/regions-snetap-fsu.fr\\\/hdf\\\/2024\\\/03\\\/09\\\/education-en-danger-toutes-et-tous-en-greve-le-19-mars-2024\\\/#primaryimage\"},\"thumbnailUrl\":\"https:\\\/\\\/regions-snetap-fsu.fr\\\/hdf\\\/wp-content\\\/uploads\\\/sites\\\/5\\\/2024\\\/03\\\/Ecole_en_danger.jpg\",\"datePublished\":\"2024-03-09T09:09:48+00:00\",\"dateModified\":\"2024-03-18T17:58:54+00:00\",\"breadcrumb\":{\"@id\":\"https:\\\/\\\/regions-snetap-fsu.fr\\\/hdf\\\/2024\\\/03\\\/09\\\/education-en-danger-toutes-et-tous-en-greve-le-19-mars-2024\\\/#breadcrumb\"},\"inLanguage\":\"fr-FR\",\"potentialAction\":[{\"@type\":\"ReadAction\",\"target\":[\"https:\\\/\\\/regions-snetap-fsu.fr\\\/hdf\\\/2024\\\/03\\\/09\\\/education-en-danger-toutes-et-tous-en-greve-le-19-mars-2024\\\/\"]}]},{\"@type\":\"ImageObject\",\"inLanguage\":\"fr-FR\",\"@id\":\"https:\\\/\\\/regions-snetap-fsu.fr\\\/hdf\\\/2024\\\/03\\\/09\\\/education-en-danger-toutes-et-tous-en-greve-le-19-mars-2024\\\/#primaryimage\",\"url\":\"https:\\\/\\\/regions-snetap-fsu.fr\\\/hdf\\\/wp-content\\\/uploads\\\/sites\\\/5\\\/2024\\\/03\\\/Ecole_en_danger.jpg\",\"contentUrl\":\"https:\\\/\\\/regions-snetap-fsu.fr\\\/hdf\\\/wp-content\\\/uploads\\\/sites\\\/5\\\/2024\\\/03\\\/Ecole_en_danger.jpg\",\"width\":435,\"height\":200},{\"@type\":\"BreadcrumbList\",\"@id\":\"https:\\\/\\\/regions-snetap-fsu.fr\\\/hdf\\\/2024\\\/03\\\/09\\\/education-en-danger-toutes-et-tous-en-greve-le-19-mars-2024\\\/#breadcrumb\",\"itemListElement\":[{\"@type\":\"ListItem\",\"position\":1,\"name\":\"Accueil\",\"item\":\"https:\\\/\\\/regions-snetap-fsu.fr\\\/hdf\\\/\"},{\"@type\":\"ListItem\",\"position\":2,\"name\":\"Actions - Gr\u00e8ves - Manifs\",\"item\":\"https:\\\/\\\/regions-snetap-fsu.fr\\\/hdf\\\/category\\\/actions-greves-manifs\\\/\"},{\"@type\":\"ListItem\",\"position\":3,\"name\":\"\u00c9ducation en danger, toutes et tous en gr\u00e8ve le 19 mars 2024 !\"}]},{\"@type\":\"WebSite\",\"@id\":\"https:\\\/\\\/regions-snetap-fsu.fr\\\/hdf\\\/#website\",\"url\":\"https:\\\/\\\/regions-snetap-fsu.fr\\\/hdf\\\/\",\"name\":\"HAUTS-DE-FRANCE\",\"description\":\"Section r\u00e9gionale\",\"publisher\":{\"@id\":\"https:\\\/\\\/regions-snetap-fsu.fr\\\/hdf\\\/#organization\"},\"potentialAction\":[{\"@type\":\"SearchAction\",\"target\":{\"@type\":\"EntryPoint\",\"urlTemplate\":\"https:\\\/\\\/regions-snetap-fsu.fr\\\/hdf\\\/?s={search_term_string}\"},\"query-input\":{\"@type\":\"PropertyValueSpecification\",\"valueRequired\":true,\"valueName\":\"search_term_string\"}}],\"inLanguage\":\"fr-FR\"},{\"@type\":\"Organization\",\"@id\":\"https:\\\/\\\/regions-snetap-fsu.fr\\\/hdf\\\/#organization\",\"name\":\"SNETAP-FSU - HAUTS-DE-FRANCE\",\"url\":\"https:\\\/\\\/regions-snetap-fsu.fr\\\/hdf\\\/\",\"logo\":{\"@type\":\"ImageObject\",\"inLanguage\":\"fr-FR\",\"@id\":\"https:\\\/\\\/regions-snetap-fsu.fr\\\/hdf\\\/#\\\/schema\\\/logo\\\/image\\\/\",\"url\":\"https:\\\/\\\/regions-snetap-fsu.fr\\\/hdf\\\/wp-content\\\/uploads\\\/sites\\\/5\\\/2020\\\/12\\\/SNETAP-Logo.jpg\",\"contentUrl\":\"https:\\\/\\\/regions-snetap-fsu.fr\\\/hdf\\\/wp-content\\\/uploads\\\/sites\\\/5\\\/2020\\\/12\\\/SNETAP-Logo.jpg\",\"width\":464,\"height\":334,\"caption\":\"SNETAP-FSU - HAUTS-DE-FRANCE\"},\"image\":{\"@id\":\"https:\\\/\\\/regions-snetap-fsu.fr\\\/hdf\\\/#\\\/schema\\\/logo\\\/image\\\/\"},\"sameAs\":[\"https:\\\/\\\/x.com\\\/MartinageSnetap\"]},{\"@type\":\"Person\",\"@id\":\"https:\\\/\\\/regions-snetap-fsu.fr\\\/hdf\\\/#\\\/schema\\\/person\\\/fa09b77e508eb2889a1c2dd6f4cf3149\",\"name\":\"Regis Martinage\",\"image\":{\"@type\":\"ImageObject\",\"inLanguage\":\"fr-FR\",\"@id\":\"https:\\\/\\\/secure.gravatar.com\\\/avatar\\\/7ae2aaabfe5b8d5c7b9361e91002ca9ec93c38c63c9a1d06ae19f03a5dc70dd7?s=96&d=mm&r=g\",\"url\":\"https:\\\/\\\/secure.gravatar.com\\\/avatar\\\/7ae2aaabfe5b8d5c7b9361e91002ca9ec93c38c63c9a1d06ae19f03a5dc70dd7?s=96&d=mm&r=g\",\"contentUrl\":\"https:\\\/\\\/secure.gravatar.com\\\/avatar\\\/7ae2aaabfe5b8d5c7b9361e91002ca9ec93c38c63c9a1d06ae19f03a5dc70dd7?s=96&d=mm&r=g\",\"caption\":\"Regis Martinage\"},\"url\":\"https:\\\/\\\/regions-snetap-fsu.fr\\\/hdf\\\/author\\\/r-martinage\\\/\"}]}<\/script>\n<!-- \/ Yoast SEO plugin. -->","yoast_head_json":{"title":"\u00c9ducation en danger, toutes et tous en gr\u00e8ve le 19 mars 2024 ! - HAUTS-DE-FRANCE","robots":{"index":"index","follow":"follow","max-snippet":"max-snippet:-1","max-image-preview":"max-image-preview:large","max-video-preview":"max-video-preview:-1"},"canonical":"https:\/\/regions-snetap-fsu.fr\/hdf\/2024\/03\/09\/education-en-danger-toutes-et-tous-en-greve-le-19-mars-2024\/","og_locale":"fr_FR","og_type":"article","og_title":"\u00c9ducation en danger, toutes et tous en gr\u00e8ve le 19 mars 2024 ! - HAUTS-DE-FRANCE","og_description":"Mardi 19 mars 2019 : L&rsquo;\u00e9ducation en danger Toutes et tous en gr\u00e8ve et dans les manifestations En gr\u00e8ve aux c\u00f4t\u00e9s de tous les travailleur\u00b7euse\u00b7s lors de la journ\u00e9e interprofessionnelle, nous protestons contre le projet de loi de r\u00e9forme de la Fonction Publique, en faveur de l&rsquo;am\u00e9lioration de nos salaires, de nos retraites, de la [&hellip;]","og_url":"https:\/\/regions-snetap-fsu.fr\/hdf\/2024\/03\/09\/education-en-danger-toutes-et-tous-en-greve-le-19-mars-2024\/","og_site_name":"HAUTS-DE-FRANCE","article_published_time":"2024-03-09T09:09:48+00:00","article_modified_time":"2024-03-18T17:58:54+00:00","og_image":[{"width":435,"height":200,"url":"https:\/\/regions-snetap-fsu.fr\/hdf\/wp-content\/uploads\/sites\/5\/2024\/03\/Ecole_en_danger.jpg","type":"image\/jpeg"}],"author":"Regis Martinage","twitter_card":"summary_large_image","twitter_creator":"@MartinageSnetap","twitter_site":"@MartinageSnetap","twitter_misc":{"\u00c9crit par":"Regis Martinage","Dur\u00e9e de lecture estim\u00e9e":"1 minute"},"schema":{"@context":"https:\/\/schema.org","@graph":[{"@type":"Article","@id":"https:\/\/regions-snetap-fsu.fr\/hdf\/2024\/03\/09\/education-en-danger-toutes-et-tous-en-greve-le-19-mars-2024\/#article","isPartOf":{"@id":"https:\/\/regions-snetap-fsu.fr\/hdf\/2024\/03\/09\/education-en-danger-toutes-et-tous-en-greve-le-19-mars-2024\/"},"author":{"name":"Regis Martinage","@id":"https:\/\/regions-snetap-fsu.fr\/hdf\/#\/schema\/person\/fa09b77e508eb2889a1c2dd6f4cf3149"},"headline":"\u00c9ducation en danger, toutes et tous en gr\u00e8ve le 19 mars 2024 !","datePublished":"2024-03-09T09:09:48+00:00","dateModified":"2024-03-18T17:58:54+00:00","mainEntityOfPage":{"@id":"https:\/\/regions-snetap-fsu.fr\/hdf\/2024\/03\/09\/education-en-danger-toutes-et-tous-en-greve-le-19-mars-2024\/"},"wordCount":269,"publisher":{"@id":"https:\/\/regions-snetap-fsu.fr\/hdf\/#organization"},"image":{"@id":"https:\/\/regions-snetap-fsu.fr\/hdf\/2024\/03\/09\/education-en-danger-toutes-et-tous-en-greve-le-19-mars-2024\/#primaryimage"},"thumbnailUrl":"https:\/\/regions-snetap-fsu.fr\/hdf\/wp-content\/uploads\/sites\/5\/2024\/03\/Ecole_en_danger.jpg","articleSection":["Actions - Gr\u00e8ves - Manifs"],"inLanguage":"fr-FR"},{"@type":"WebPage","@id":"https:\/\/regions-snetap-fsu.fr\/hdf\/2024\/03\/09\/education-en-danger-toutes-et-tous-en-greve-le-19-mars-2024\/","url":"https:\/\/regions-snetap-fsu.fr\/hdf\/2024\/03\/09\/education-en-danger-toutes-et-tous-en-greve-le-19-mars-2024\/","name":"\u00c9ducation en danger, toutes et tous en gr\u00e8ve le 19 mars 2024 ! - HAUTS-DE-FRANCE","isPartOf":{"@id":"https:\/\/regions-snetap-fsu.fr\/hdf\/#website"},"primaryImageOfPage":{"@id":"https:\/\/regions-snetap-fsu.fr\/hdf\/2024\/03\/09\/education-en-danger-toutes-et-tous-en-greve-le-19-mars-2024\/#primaryimage"},"image":{"@id":"https:\/\/regions-snetap-fsu.fr\/hdf\/2024\/03\/09\/education-en-danger-toutes-et-tous-en-greve-le-19-mars-2024\/#primaryimage"},"thumbnailUrl":"https:\/\/regions-snetap-fsu.fr\/hdf\/wp-content\/uploads\/sites\/5\/2024\/03\/Ecole_en_danger.jpg","datePublished":"2024-03-09T09:09:48+00:00","dateModified":"2024-03-18T17:58:54+00:00","breadcrumb":{"@id":"https:\/\/regions-snetap-fsu.fr\/hdf\/2024\/03\/09\/education-en-danger-toutes-et-tous-en-greve-le-19-mars-2024\/#breadcrumb"},"inLanguage":"fr-FR","potentialAction":[{"@type":"ReadAction","target":["https:\/\/regions-snetap-fsu.fr\/hdf\/2024\/03\/09\/education-en-danger-toutes-et-tous-en-greve-le-19-mars-2024\/"]}]},{"@type":"ImageObject","inLanguage":"fr-FR","@id":"https:\/\/regions-snetap-fsu.fr\/hdf\/2024\/03\/09\/education-en-danger-toutes-et-tous-en-greve-le-19-mars-2024\/#primaryimage","url":"https:\/\/regions-snetap-fsu.fr\/hdf\/wp-content\/uploads\/sites\/5\/2024\/03\/Ecole_en_danger.jpg","contentUrl":"https:\/\/regions-snetap-fsu.fr\/hdf\/wp-content\/uploads\/sites\/5\/2024\/03\/Ecole_en_danger.jpg","width":435,"height":200},{"@type":"BreadcrumbList","@id":"https:\/\/regions-snetap-fsu.fr\/hdf\/2024\/03\/09\/education-en-danger-toutes-et-tous-en-greve-le-19-mars-2024\/#breadcrumb","itemListElement":[{"@type":"ListItem","position":1,"name":"Accueil","item":"https:\/\/regions-snetap-fsu.fr\/hdf\/"},{"@type":"ListItem","position":2,"name":"Actions - Gr\u00e8ves - Manifs","item":"https:\/\/regions-snetap-fsu.fr\/hdf\/category\/actions-greves-manifs\/"},{"@type":"ListItem","position":3,"name":"\u00c9ducation en danger, toutes et tous en gr\u00e8ve le 19 mars 2024 !"}]},{"@type":"WebSite","@id":"https:\/\/regions-snetap-fsu.fr\/hdf\/#website","url":"https:\/\/regions-snetap-fsu.fr\/hdf\/","name":"HAUTS-DE-FRANCE","description":"Section r\u00e9gionale","publisher":{"@id":"https:\/\/regions-snetap-fsu.fr\/hdf\/#organization"},"potentialAction":[{"@type":"SearchAction","target":{"@type":"EntryPoint","urlTemplate":"https:\/\/regions-snetap-fsu.fr\/hdf\/?s={search_term_string}"},"query-input":{"@type":"PropertyValueSpecification","valueRequired":true,"valueName":"search_term_string"}}],"inLanguage":"fr-FR"},{"@type":"Organization","@id":"https:\/\/regions-snetap-fsu.fr\/hdf\/#organization","name":"SNETAP-FSU - HAUTS-DE-FRANCE","url":"https:\/\/regions-snetap-fsu.fr\/hdf\/","logo":{"@type":"ImageObject","inLanguage":"fr-FR","@id":"https:\/\/regions-snetap-fsu.fr\/hdf\/#\/schema\/logo\/image\/","url":"https:\/\/regions-snetap-fsu.fr\/hdf\/wp-content\/uploads\/sites\/5\/2020\/12\/SNETAP-Logo.jpg","contentUrl":"https:\/\/regions-snetap-fsu.fr\/hdf\/wp-content\/uploads\/sites\/5\/2020\/12\/SNETAP-Logo.jpg","width":464,"height":334,"caption":"SNETAP-FSU - HAUTS-DE-FRANCE"},"image":{"@id":"https:\/\/regions-snetap-fsu.fr\/hdf\/#\/schema\/logo\/image\/"},"sameAs":["https:\/\/x.com\/MartinageSnetap"]},{"@type":"Person","@id":"https:\/\/regions-snetap-fsu.fr\/hdf\/#\/schema\/person\/fa09b77e508eb2889a1c2dd6f4cf3149","name":"Regis Martinage","image":{"@type":"ImageObject","inLanguage":"fr-FR","@id":"https:\/\/secure.gravatar.com\/avatar\/7ae2aaabfe5b8d5c7b9361e91002ca9ec93c38c63c9a1d06ae19f03a5dc70dd7?s=96&d=mm&r=g","url":"https:\/\/secure.gravatar.com\/avatar\/7ae2aaabfe5b8d5c7b9361e91002ca9ec93c38c63c9a1d06ae19f03a5dc70dd7?s=96&d=mm&r=g","contentUrl":"https:\/\/secure.gravatar.com\/avatar\/7ae2aaabfe5b8d5c7b9361e91002ca9ec93c38c63c9a1d06ae19f03a5dc70dd7?s=96&d=mm&r=g","caption":"Regis Martinage"},"url":"https:\/\/regions-snetap-fsu.fr\/hdf\/author\/r-martinage\/"}]}},"_links":{"self":[{"href":"https:\/\/regions-snetap-fsu.fr\/hdf\/wp-json\/wp\/v2\/posts\/9216","targetHints":{"allow":["GET"]}}],"collection":[{"href":"https:\/\/regions-snetap-fsu.fr\/hdf\/wp-json\/wp\/v2\/posts"}],"about":[{"href":"https:\/\/regions-snetap-fsu.fr\/hdf\/wp-json\/wp\/v2\/types\/post"}],"author":[{"embeddable":true,"href":"https:\/\/regions-snetap-fsu.fr\/hdf\/wp-json\/wp\/v2\/users\/88"}],"replies":[{"embeddable":true,"href":"https:\/\/regions-snetap-fsu.fr\/hdf\/wp-json\/wp\/v2\/comments?post=9216"}],"version-history":[{"count":9,"href":"https:\/\/regions-snetap-fsu.fr\/hdf\/wp-json\/wp\/v2\/posts\/9216\/revisions"}],"predecessor-version":[{"id":9252,"href":"https:\/\/regions-snetap-fsu.fr\/hdf\/wp-json\/wp\/v2\/posts\/9216\/revisions\/9252"}],"wp:featuredmedia":[{"embeddable":true,"href":"https:\/\/regions-snetap-fsu.fr\/hdf\/wp-json\/wp\/v2\/media\/9246"}],"wp:attachment":[{"href":"https:\/\/regions-snetap-fsu.fr\/hdf\/wp-json\/wp\/v2\/media?parent=9216"}],"wp:term":[{"taxonomy":"category","embeddable":true,"href":"https:\/\/regions-snetap-fsu.fr\/hdf\/wp-json\/wp\/v2\/categories?post=9216"},{"taxonomy":"post_tag","embeddable":true,"href":"https:\/\/regions-snetap-fsu.fr\/hdf\/wp-json\/wp\/v2\/tags?post=9216"},{"taxonomy":"post_folder","embeddable":true,"href":"https:\/\/regions-snetap-fsu.fr\/hdf\/wp-json\/wp\/v2\/post_folder?post=9216"}],"curies":[{"name":"wp","href":"https:\/\/api.w.org\/{rel}","templated":true}]}}