{"id":9137,"date":"2024-01-18T14:28:03","date_gmt":"2024-01-18T13:28:03","guid":{"rendered":"https:\/\/regions-snetap-fsu.fr\/hdf\/?p=9137"},"modified":"2024-01-20T13:03:43","modified_gmt":"2024-01-20T12:03:43","slug":"fiches-de-service-23-janvier-2024-10h30-devant-la-draaf-srfd-damiens","status":"publish","type":"post","link":"https:\/\/regions-snetap-fsu.fr\/hdf\/2024\/01\/18\/fiches-de-service-23-janvier-2024-10h30-devant-la-draaf-srfd-damiens\/","title":{"rendered":"Fiches de service : 23 janvier 2024, 10h30 devant la DRAAF-SRFD d&rsquo;Amiens"},"content":{"rendered":"<h2 style=\"text-align: center\"><span style=\"font-family: tahoma, arial, helvetica, sans-serif;color: #ff0000\">Fiches de service : Mardi 23 janvier 2024, 10h30 devant la DRAAF-SRFD d&rsquo;Amiens<\/span><\/h2>\n<div class=\"gmail_default\">\n<div class=\"flex flex-grow flex-col max-w-full\">\n<div class=\"min-h-[20px] text-message flex flex-col items-start gap-3 whitespace-pre-wrap break-words [.text-message+&amp;]:mt-5 overflow-x-auto\" data-message-author-role=\"assistant\" data-message-id=\"d9613555-b8ec-4441-9ee7-4e7ab102eff9\">\n<div class=\"markdown prose w-full break-words dark:prose-invert light\">\n<p style=\"text-align: justify\"><span style=\"font-family: tahoma, arial, helvetica, sans-serif;color: #129447\">Veuillez vous rapprocher de vos repr\u00e9sentant\u00b7e\u00b7s syndicaux\u00b7les afin d&rsquo;obtenir des informations d\u00e9taill\u00e9es sur les modalit\u00e9s de cette action, laquelle est ouverte \u00e0 l&rsquo;ensemble du personnel de l&rsquo;enseignement agricole public.<\/span><\/p>\n<\/div>\n<\/div>\n<\/div>\n<h3 align=\"center\"><span style=\"color: #129447\"><strong><span style=\"font-family: tahoma, arial, helvetica, sans-serif\">MARC FESNEAU RECONDUIT, LES PERSONNELS DE L\u2019EAP MOBILIS\u00c9S<\/span> <\/strong><\/span><\/h3>\n<p style=\"text-align: justify\" align=\"justify\"><span style=\"font-family: tahoma, arial, helvetica, sans-serif;color: #129447\"><strong>Marc Fesneau est reconduit comme Ministre de l\u2019Agriculture. L\u2019intersyndicale entend lui rappeler qu\u2019un conflit social est toujours en cours dans l\u2019Enseignement Agricole Public (EAP), conflit social auquel il lui revient de r\u00e9pondre autrement que par une fin de non recevoir abrupte et inacceptable.<\/strong><\/span><\/p>\n<p style=\"text-align: justify\"><span style=\"font-family: tahoma, arial, helvetica, sans-serif;color: #129447\">Depuis septembre 2023, les personnels sont victimes d&rsquo;un hold-up sur leur fiche de service, les contraignant \u00e0 travailler plus sans augmentation de r\u00e9mun\u00e9ration. L\u2019intersyndicale de l\u2019EAP appelle les personnels \u00e0 se mobiliser en interpellant l\u2019autorit\u00e9 acad\u00e9mique de la r\u00e9gion Hauts-de-France. Rendez-vous le mardi 23 janvier 2024 \u00e0 10h30 devant la DRAAF-SRFD des Hauts-de-France \u00e0 Amiens.<\/span><\/p>\n<\/div>\n<div class=\"gmail_default\">\n<p style=\"text-align: justify\"><span style=\"color: #129447;font-family: tahoma, arial, helvetica, sans-serif\"><strong>Suite \u00e0 un rassemblement devant la DGER le 14 novembre 2023, la mobilisation et le soutien de nombreux\u00b7ses parlementaires, ainsi qu&rsquo;une p\u00e9tition sign\u00e9e par plus de 2000 agent\u00b7e\u00b7s sur 8000 enseignant\u00b7e\u00b7s<\/strong>, et alors que le boycott des instances de concertation persiste, l\u2019intersyndicale a \u00e9t\u00e9 re\u00e7ue en audience par le Ministre le 9 janvier 2024. Elle a exig\u00e9 le retrait de cette r\u00e8gle de gestion attentatoire aux conditions de travail et aux statuts des enseignant\u00b7e\u00b7s du Minist\u00e8re de l\u2019Agriculture, et au minimum un moratoire, lors de cet \u00e9change sur la feuille de route 2024 du Ministre pour l\u2019enseignement agricole.<\/span><\/p>\n<\/div>\n<div class=\"gmail_default\">\n<p style=\"text-align: justify\"><span style=\"font-family: tahoma, arial, helvetica, sans-serif;color: #129447\">S&rsquo;en est suivi un dialogue \u00ab\u00a0social\u00a0\u00bb anim\u00e9 entre l\u2019intersyndicale et le ministre, qui reste inflexible dans ses d\u00e9cisions. L\u2019intersyndicale constate l&rsquo;incapacit\u00e9 du ministre et de ses services \u00e0 justifier le bien-fond\u00e9 de cette r\u00e8gle. \u00ab\u00a0Ni volont\u00e9 politique ni recherche d&rsquo;\u00e9conomie budg\u00e9taire\u00a0\u00bb, d\u00e9clare le ministre, niant les effets n\u00e9gatifs sur le temps de service et la fiche de paie des enseignant\u00b7e\u00b7s, alors que la DGER l&rsquo;a elle-m\u00eame admis dans une note aux chefs d&rsquo;\u00e9tablissements. Ce qu\u2019elle n\u2019assume pas ! Un comble !!<\/span><\/p>\n<p style=\"text-align: justify\"><span style=\"font-family: tahoma, arial, helvetica, sans-serif;color: #129447\">Malgr\u00e9 le manque d&rsquo;arguments et\/ou de capacit\u00e9 \u00e0 justifier cette mesure, le ministre confirme la g\u00e9n\u00e9ralisation de cette mesure aux Bac pro r\u00e9nov\u00e9s \u00e0 la rentr\u00e9e prochaine. Le ministre a mis fin unilat\u00e9ralement aux \u00e9changes, apr\u00e8s plus d&rsquo;1h30 d&rsquo;une r\u00e9union initialement pr\u00e9vue de 2 heures, refusant toute ouverture et assimilant \u00ab\u00a0dialogue social\u00a0\u00bb \u00e0 un passage en force !<\/span><\/p>\n<p style=\"text-align: justify\"><span style=\"font-family: tahoma, arial, helvetica, sans-serif;color: #129447\"><strong>L\u2019action d\u00e9termin\u00e9e des personnels et cette nouvelle mobilisation nationale du 23 janvier sont donc une r\u00e9ponse \u00e0 ce passage en force !<\/strong><\/span><\/p>\n<p><span style=\"font-family: tahoma, arial, helvetica, sans-serif\"><a href=\"https:\/\/www.snetap-fsu.fr\/Fiches-de-service-22-janvier-2024-journee-nationale-d-interpellation-des-Draaf.html\" target=\"_blank\" rel=\"noopener\">Lien : SNETAP-FSU &#8211; Fiches de service : 23 janvier 2024, journ\u00e9e nationale d\u2019interpellation des DRAAF<\/a><\/span><\/p>\n\n\t\t<div class=\"wppdfemb-frame-container-1\" style=\"-webkit-overflow-scrolling:auto;\">\n\t\t\t<iframe class=\"pdfembed-iframe nonfullscreen wppdf-emb-iframe-1\"\n\t\t\t\tsrc=\"https:\/\/regions-snetap-fsu.fr\/hdf\/?pdfemb-data=eyJ1cmwiOiJodHRwczpcL1wvcmVnaW9ucy1zbmV0YXAtZnN1LmZyXC9oZGZcL3dwLWNvbnRlbnRcL3VwbG9hZHNcL3NpdGVzXC81XC8yMDI0XC8wMVwvMjQwMV8xNl9UcmFjdF9SYXNzZW1ibGVtZW50X0RSQUFGXzIzamFudmllcjI0LnBkZiIsImluZGV4IjoxLCJwZGZJRCI6OTE0MX0\"\n\t\t\t\t\t\t\t\tdata-pdf-id=\"9141\"\n\t\t\t\tdata-pdf-index=\"1\"\n\t\t\t\tstyle=\"border:none;width:100%;max-width:100%;height:100vh;\"\n\t\t\t\tscrolling=\"yes\">\n\t\t\t<\/iframe>\n\t\t<\/div>\n\n\t\t\n<\/div>\n","protected":false},"excerpt":{"rendered":"<p>Fiches de service : Mardi 23 janvier 2024, 10h30 devant la DRAAF-SRFD d&rsquo;Amiens Veuillez vous rapprocher de vos repr\u00e9sentant\u00b7e\u00b7s syndicaux\u00b7les afin d&rsquo;obtenir des informations d\u00e9taill\u00e9es sur les modalit\u00e9s de cette action, laquelle est ouverte \u00e0 l&rsquo;ensemble du personnel de l&rsquo;enseignement agricole public. MARC FESNEAU RECONDUIT, LES PERSONNELS DE L\u2019EAP MOBILIS\u00c9S Marc Fesneau est reconduit comme [&hellip;]<\/p>\n","protected":false},"author":88,"featured_media":9146,"comment_status":"closed","ping_status":"closed","sticky":false,"template":"","format":"standard","meta":{"ocean_post_layout":"","ocean_both_sidebars_style":"","ocean_both_sidebars_content_width":0,"ocean_both_sidebars_sidebars_width":0,"ocean_sidebar":"0","ocean_second_sidebar":"0","ocean_disable_margins":"enable","ocean_add_body_class":"","ocean_shortcode_before_top_bar":"","ocean_shortcode_after_top_bar":"","ocean_shortcode_before_header":"","ocean_shortcode_after_header":"","ocean_has_shortcode":"","ocean_shortcode_after_title":"","ocean_shortcode_before_footer_widgets":"","ocean_shortcode_after_footer_widgets":"","ocean_shortcode_before_footer_bottom":"","ocean_shortcode_after_footer_bottom":"","ocean_display_top_bar":"default","ocean_display_header":"default","ocean_header_style":"","ocean_center_header_left_menu":"0","ocean_custom_header_template":"0","ocean_custom_logo":0,"ocean_custom_retina_logo":0,"ocean_custom_logo_max_width":0,"ocean_custom_logo_tablet_max_width":0,"ocean_custom_logo_mobile_max_width":0,"ocean_custom_logo_max_height":0,"ocean_custom_logo_tablet_max_height":0,"ocean_custom_logo_mobile_max_height":0,"ocean_header_custom_menu":"0","ocean_menu_typo_font_family":"0","ocean_menu_typo_font_subset":"","ocean_menu_typo_font_size":0,"ocean_menu_typo_font_size_tablet":0,"ocean_menu_typo_font_size_mobile":0,"ocean_menu_typo_font_size_unit":"px","ocean_menu_typo_font_weight":"","ocean_menu_typo_font_weight_tablet":"","ocean_menu_typo_font_weight_mobile":"","ocean_menu_typo_transform":"","ocean_menu_typo_transform_tablet":"","ocean_menu_typo_transform_mobile":"","ocean_menu_typo_line_height":0,"ocean_menu_typo_line_height_tablet":0,"ocean_menu_typo_line_height_mobile":0,"ocean_menu_typo_line_height_unit":"","ocean_menu_typo_spacing":0,"ocean_menu_typo_spacing_tablet":0,"ocean_menu_typo_spacing_mobile":0,"ocean_menu_typo_spacing_unit":"","ocean_menu_link_color":"","ocean_menu_link_color_hover":"","ocean_menu_link_color_active":"","ocean_menu_link_background":"","ocean_menu_link_hover_background":"","ocean_menu_link_active_background":"","ocean_menu_social_links_bg":"","ocean_menu_social_hover_links_bg":"","ocean_menu_social_links_color":"","ocean_menu_social_hover_links_color":"","ocean_disable_title":"default","ocean_disable_heading":"default","ocean_post_title":"","ocean_post_subheading":"","ocean_post_title_style":"","ocean_post_title_background_color":"","ocean_post_title_background":0,"ocean_post_title_bg_image_position":"","ocean_post_title_bg_image_attachment":"","ocean_post_title_bg_image_repeat":"","ocean_post_title_bg_image_size":"","ocean_post_title_height":0,"ocean_post_title_bg_overlay":0.5,"ocean_post_title_bg_overlay_color":"","ocean_disable_breadcrumbs":"default","ocean_breadcrumbs_color":"","ocean_breadcrumbs_separator_color":"","ocean_breadcrumbs_links_color":"","ocean_breadcrumbs_links_hover_color":"","ocean_display_footer_widgets":"default","ocean_display_footer_bottom":"default","ocean_custom_footer_template":"0","ocean_post_oembed":"","ocean_post_self_hosted_media":"","ocean_post_video_embed":"","ocean_link_format":"","ocean_link_format_target":"self","ocean_quote_format":"","ocean_quote_format_link":"post","ocean_gallery_link_images":"on","ocean_gallery_id":[],"footnotes":""},"categories":[2],"tags":[],"post_folder":[],"class_list":["post-9137","post","type-post","status-publish","format-standard","has-post-thumbnail","hentry","category-actions-greves-manifs","entry","has-media"],"yoast_head":"<!-- This site is optimized with the Yoast SEO plugin v27.4 - https:\/\/yoast.com\/product\/yoast-seo-wordpress\/ -->\n<title>Fiches de service : 23 janvier 2024, 10h30 devant la DRAAF-SRFD d&#039;Amiens - HAUTS-DE-FRANCE<\/title>\n<meta name=\"robots\" content=\"index, follow, max-snippet:-1, max-image-preview:large, max-video-preview:-1\" \/>\n<link rel=\"canonical\" href=\"https:\/\/regions-snetap-fsu.fr\/hdf\/2024\/01\/18\/fiches-de-service-23-janvier-2024-10h30-devant-la-draaf-srfd-damiens\/\" \/>\n<meta property=\"og:locale\" content=\"fr_FR\" \/>\n<meta property=\"og:type\" content=\"article\" \/>\n<meta property=\"og:title\" content=\"Fiches de service : 23 janvier 2024, 10h30 devant la DRAAF-SRFD d&#039;Amiens - HAUTS-DE-FRANCE\" \/>\n<meta property=\"og:description\" content=\"Fiches de service : Mardi 23 janvier 2024, 10h30 devant la DRAAF-SRFD d&rsquo;Amiens Veuillez vous rapprocher de vos repr\u00e9sentant\u00b7e\u00b7s syndicaux\u00b7les afin d&rsquo;obtenir des informations d\u00e9taill\u00e9es sur les modalit\u00e9s de cette action, laquelle est ouverte \u00e0 l&rsquo;ensemble du personnel de l&rsquo;enseignement agricole public. MARC FESNEAU RECONDUIT, LES PERSONNELS DE L\u2019EAP MOBILIS\u00c9S Marc Fesneau est reconduit comme [&hellip;]\" \/>\n<meta property=\"og:url\" content=\"https:\/\/regions-snetap-fsu.fr\/hdf\/2024\/01\/18\/fiches-de-service-23-janvier-2024-10h30-devant-la-draaf-srfd-damiens\/\" \/>\n<meta property=\"og:site_name\" content=\"HAUTS-DE-FRANCE\" \/>\n<meta property=\"article:published_time\" content=\"2024-01-18T13:28:03+00:00\" \/>\n<meta property=\"article:modified_time\" content=\"2024-01-20T12:03:43+00:00\" \/>\n<meta property=\"og:image\" content=\"https:\/\/regions-snetap-fsu.fr\/hdf\/wp-content\/uploads\/sites\/5\/2024\/01\/2401_18_FicheServiceBlog.jpg\" \/>\n\t<meta property=\"og:image:width\" content=\"435\" \/>\n\t<meta property=\"og:image:height\" content=\"200\" \/>\n\t<meta property=\"og:image:type\" content=\"image\/jpeg\" \/>\n<meta name=\"author\" content=\"Regis Martinage\" \/>\n<meta name=\"twitter:card\" content=\"summary_large_image\" \/>\n<meta name=\"twitter:creator\" content=\"@MartinageSnetap\" \/>\n<meta name=\"twitter:site\" content=\"@MartinageSnetap\" \/>\n<meta name=\"twitter:label1\" content=\"\u00c9crit par\" \/>\n\t<meta name=\"twitter:data1\" content=\"Regis Martinage\" \/>\n\t<meta name=\"twitter:label2\" content=\"Dur\u00e9e de lecture estim\u00e9e\" \/>\n\t<meta name=\"twitter:data2\" content=\"2 minutes\" \/>\n<script type=\"application\/ld+json\" class=\"yoast-schema-graph\">{\"@context\":\"https:\\\/\\\/schema.org\",\"@graph\":[{\"@type\":\"Article\",\"@id\":\"https:\\\/\\\/regions-snetap-fsu.fr\\\/hdf\\\/2024\\\/01\\\/18\\\/fiches-de-service-23-janvier-2024-10h30-devant-la-draaf-srfd-damiens\\\/#article\",\"isPartOf\":{\"@id\":\"https:\\\/\\\/regions-snetap-fsu.fr\\\/hdf\\\/2024\\\/01\\\/18\\\/fiches-de-service-23-janvier-2024-10h30-devant-la-draaf-srfd-damiens\\\/\"},\"author\":{\"name\":\"Regis Martinage\",\"@id\":\"https:\\\/\\\/regions-snetap-fsu.fr\\\/hdf\\\/#\\\/schema\\\/person\\\/fa09b77e508eb2889a1c2dd6f4cf3149\"},\"headline\":\"Fiches de service : 23 janvier 2024, 10h30 devant la DRAAF-SRFD d&rsquo;Amiens\",\"datePublished\":\"2024-01-18T13:28:03+00:00\",\"dateModified\":\"2024-01-20T12:03:43+00:00\",\"mainEntityOfPage\":{\"@id\":\"https:\\\/\\\/regions-snetap-fsu.fr\\\/hdf\\\/2024\\\/01\\\/18\\\/fiches-de-service-23-janvier-2024-10h30-devant-la-draaf-srfd-damiens\\\/\"},\"wordCount\":491,\"publisher\":{\"@id\":\"https:\\\/\\\/regions-snetap-fsu.fr\\\/hdf\\\/#organization\"},\"image\":{\"@id\":\"https:\\\/\\\/regions-snetap-fsu.fr\\\/hdf\\\/2024\\\/01\\\/18\\\/fiches-de-service-23-janvier-2024-10h30-devant-la-draaf-srfd-damiens\\\/#primaryimage\"},\"thumbnailUrl\":\"https:\\\/\\\/regions-snetap-fsu.fr\\\/hdf\\\/wp-content\\\/uploads\\\/sites\\\/5\\\/2024\\\/01\\\/2401_18_FicheServiceBlog.jpg\",\"articleSection\":[\"Actions - Gr\u00e8ves - Manifs\"],\"inLanguage\":\"fr-FR\"},{\"@type\":\"WebPage\",\"@id\":\"https:\\\/\\\/regions-snetap-fsu.fr\\\/hdf\\\/2024\\\/01\\\/18\\\/fiches-de-service-23-janvier-2024-10h30-devant-la-draaf-srfd-damiens\\\/\",\"url\":\"https:\\\/\\\/regions-snetap-fsu.fr\\\/hdf\\\/2024\\\/01\\\/18\\\/fiches-de-service-23-janvier-2024-10h30-devant-la-draaf-srfd-damiens\\\/\",\"name\":\"Fiches de service : 23 janvier 2024, 10h30 devant la DRAAF-SRFD d'Amiens - HAUTS-DE-FRANCE\",\"isPartOf\":{\"@id\":\"https:\\\/\\\/regions-snetap-fsu.fr\\\/hdf\\\/#website\"},\"primaryImageOfPage\":{\"@id\":\"https:\\\/\\\/regions-snetap-fsu.fr\\\/hdf\\\/2024\\\/01\\\/18\\\/fiches-de-service-23-janvier-2024-10h30-devant-la-draaf-srfd-damiens\\\/#primaryimage\"},\"image\":{\"@id\":\"https:\\\/\\\/regions-snetap-fsu.fr\\\/hdf\\\/2024\\\/01\\\/18\\\/fiches-de-service-23-janvier-2024-10h30-devant-la-draaf-srfd-damiens\\\/#primaryimage\"},\"thumbnailUrl\":\"https:\\\/\\\/regions-snetap-fsu.fr\\\/hdf\\\/wp-content\\\/uploads\\\/sites\\\/5\\\/2024\\\/01\\\/2401_18_FicheServiceBlog.jpg\",\"datePublished\":\"2024-01-18T13:28:03+00:00\",\"dateModified\":\"2024-01-20T12:03:43+00:00\",\"breadcrumb\":{\"@id\":\"https:\\\/\\\/regions-snetap-fsu.fr\\\/hdf\\\/2024\\\/01\\\/18\\\/fiches-de-service-23-janvier-2024-10h30-devant-la-draaf-srfd-damiens\\\/#breadcrumb\"},\"inLanguage\":\"fr-FR\",\"potentialAction\":[{\"@type\":\"ReadAction\",\"target\":[\"https:\\\/\\\/regions-snetap-fsu.fr\\\/hdf\\\/2024\\\/01\\\/18\\\/fiches-de-service-23-janvier-2024-10h30-devant-la-draaf-srfd-damiens\\\/\"]}]},{\"@type\":\"ImageObject\",\"inLanguage\":\"fr-FR\",\"@id\":\"https:\\\/\\\/regions-snetap-fsu.fr\\\/hdf\\\/2024\\\/01\\\/18\\\/fiches-de-service-23-janvier-2024-10h30-devant-la-draaf-srfd-damiens\\\/#primaryimage\",\"url\":\"https:\\\/\\\/regions-snetap-fsu.fr\\\/hdf\\\/wp-content\\\/uploads\\\/sites\\\/5\\\/2024\\\/01\\\/2401_18_FicheServiceBlog.jpg\",\"contentUrl\":\"https:\\\/\\\/regions-snetap-fsu.fr\\\/hdf\\\/wp-content\\\/uploads\\\/sites\\\/5\\\/2024\\\/01\\\/2401_18_FicheServiceBlog.jpg\",\"width\":435,\"height\":200},{\"@type\":\"BreadcrumbList\",\"@id\":\"https:\\\/\\\/regions-snetap-fsu.fr\\\/hdf\\\/2024\\\/01\\\/18\\\/fiches-de-service-23-janvier-2024-10h30-devant-la-draaf-srfd-damiens\\\/#breadcrumb\",\"itemListElement\":[{\"@type\":\"ListItem\",\"position\":1,\"name\":\"Accueil\",\"item\":\"https:\\\/\\\/regions-snetap-fsu.fr\\\/hdf\\\/\"},{\"@type\":\"ListItem\",\"position\":2,\"name\":\"Actions - Gr\u00e8ves - Manifs\",\"item\":\"https:\\\/\\\/regions-snetap-fsu.fr\\\/hdf\\\/category\\\/actions-greves-manifs\\\/\"},{\"@type\":\"ListItem\",\"position\":3,\"name\":\"Fiches de service : 23 janvier 2024, 10h30 devant la DRAAF-SRFD d&rsquo;Amiens\"}]},{\"@type\":\"WebSite\",\"@id\":\"https:\\\/\\\/regions-snetap-fsu.fr\\\/hdf\\\/#website\",\"url\":\"https:\\\/\\\/regions-snetap-fsu.fr\\\/hdf\\\/\",\"name\":\"HAUTS-DE-FRANCE\",\"description\":\"Section r\u00e9gionale\",\"publisher\":{\"@id\":\"https:\\\/\\\/regions-snetap-fsu.fr\\\/hdf\\\/#organization\"},\"potentialAction\":[{\"@type\":\"SearchAction\",\"target\":{\"@type\":\"EntryPoint\",\"urlTemplate\":\"https:\\\/\\\/regions-snetap-fsu.fr\\\/hdf\\\/?s={search_term_string}\"},\"query-input\":{\"@type\":\"PropertyValueSpecification\",\"valueRequired\":true,\"valueName\":\"search_term_string\"}}],\"inLanguage\":\"fr-FR\"},{\"@type\":\"Organization\",\"@id\":\"https:\\\/\\\/regions-snetap-fsu.fr\\\/hdf\\\/#organization\",\"name\":\"SNETAP-FSU - HAUTS-DE-FRANCE\",\"url\":\"https:\\\/\\\/regions-snetap-fsu.fr\\\/hdf\\\/\",\"logo\":{\"@type\":\"ImageObject\",\"inLanguage\":\"fr-FR\",\"@id\":\"https:\\\/\\\/regions-snetap-fsu.fr\\\/hdf\\\/#\\\/schema\\\/logo\\\/image\\\/\",\"url\":\"https:\\\/\\\/regions-snetap-fsu.fr\\\/hdf\\\/wp-content\\\/uploads\\\/sites\\\/5\\\/2020\\\/12\\\/SNETAP-Logo.jpg\",\"contentUrl\":\"https:\\\/\\\/regions-snetap-fsu.fr\\\/hdf\\\/wp-content\\\/uploads\\\/sites\\\/5\\\/2020\\\/12\\\/SNETAP-Logo.jpg\",\"width\":464,\"height\":334,\"caption\":\"SNETAP-FSU - HAUTS-DE-FRANCE\"},\"image\":{\"@id\":\"https:\\\/\\\/regions-snetap-fsu.fr\\\/hdf\\\/#\\\/schema\\\/logo\\\/image\\\/\"},\"sameAs\":[\"https:\\\/\\\/x.com\\\/MartinageSnetap\"]},{\"@type\":\"Person\",\"@id\":\"https:\\\/\\\/regions-snetap-fsu.fr\\\/hdf\\\/#\\\/schema\\\/person\\\/fa09b77e508eb2889a1c2dd6f4cf3149\",\"name\":\"Regis Martinage\",\"image\":{\"@type\":\"ImageObject\",\"inLanguage\":\"fr-FR\",\"@id\":\"https:\\\/\\\/secure.gravatar.com\\\/avatar\\\/7ae2aaabfe5b8d5c7b9361e91002ca9ec93c38c63c9a1d06ae19f03a5dc70dd7?s=96&d=mm&r=g\",\"url\":\"https:\\\/\\\/secure.gravatar.com\\\/avatar\\\/7ae2aaabfe5b8d5c7b9361e91002ca9ec93c38c63c9a1d06ae19f03a5dc70dd7?s=96&d=mm&r=g\",\"contentUrl\":\"https:\\\/\\\/secure.gravatar.com\\\/avatar\\\/7ae2aaabfe5b8d5c7b9361e91002ca9ec93c38c63c9a1d06ae19f03a5dc70dd7?s=96&d=mm&r=g\",\"caption\":\"Regis Martinage\"},\"url\":\"https:\\\/\\\/regions-snetap-fsu.fr\\\/hdf\\\/author\\\/r-martinage\\\/\"}]}<\/script>\n<!-- \/ Yoast SEO plugin. -->","yoast_head_json":{"title":"Fiches de service : 23 janvier 2024, 10h30 devant la DRAAF-SRFD d'Amiens - HAUTS-DE-FRANCE","robots":{"index":"index","follow":"follow","max-snippet":"max-snippet:-1","max-image-preview":"max-image-preview:large","max-video-preview":"max-video-preview:-1"},"canonical":"https:\/\/regions-snetap-fsu.fr\/hdf\/2024\/01\/18\/fiches-de-service-23-janvier-2024-10h30-devant-la-draaf-srfd-damiens\/","og_locale":"fr_FR","og_type":"article","og_title":"Fiches de service : 23 janvier 2024, 10h30 devant la DRAAF-SRFD d'Amiens - HAUTS-DE-FRANCE","og_description":"Fiches de service : Mardi 23 janvier 2024, 10h30 devant la DRAAF-SRFD d&rsquo;Amiens Veuillez vous rapprocher de vos repr\u00e9sentant\u00b7e\u00b7s syndicaux\u00b7les afin d&rsquo;obtenir des informations d\u00e9taill\u00e9es sur les modalit\u00e9s de cette action, laquelle est ouverte \u00e0 l&rsquo;ensemble du personnel de l&rsquo;enseignement agricole public. MARC FESNEAU RECONDUIT, LES PERSONNELS DE L\u2019EAP MOBILIS\u00c9S Marc Fesneau est reconduit comme [&hellip;]","og_url":"https:\/\/regions-snetap-fsu.fr\/hdf\/2024\/01\/18\/fiches-de-service-23-janvier-2024-10h30-devant-la-draaf-srfd-damiens\/","og_site_name":"HAUTS-DE-FRANCE","article_published_time":"2024-01-18T13:28:03+00:00","article_modified_time":"2024-01-20T12:03:43+00:00","og_image":[{"width":435,"height":200,"url":"https:\/\/regions-snetap-fsu.fr\/hdf\/wp-content\/uploads\/sites\/5\/2024\/01\/2401_18_FicheServiceBlog.jpg","type":"image\/jpeg"}],"author":"Regis Martinage","twitter_card":"summary_large_image","twitter_creator":"@MartinageSnetap","twitter_site":"@MartinageSnetap","twitter_misc":{"\u00c9crit par":"Regis Martinage","Dur\u00e9e de lecture estim\u00e9e":"2 minutes"},"schema":{"@context":"https:\/\/schema.org","@graph":[{"@type":"Article","@id":"https:\/\/regions-snetap-fsu.fr\/hdf\/2024\/01\/18\/fiches-de-service-23-janvier-2024-10h30-devant-la-draaf-srfd-damiens\/#article","isPartOf":{"@id":"https:\/\/regions-snetap-fsu.fr\/hdf\/2024\/01\/18\/fiches-de-service-23-janvier-2024-10h30-devant-la-draaf-srfd-damiens\/"},"author":{"name":"Regis Martinage","@id":"https:\/\/regions-snetap-fsu.fr\/hdf\/#\/schema\/person\/fa09b77e508eb2889a1c2dd6f4cf3149"},"headline":"Fiches de service : 23 janvier 2024, 10h30 devant la DRAAF-SRFD d&rsquo;Amiens","datePublished":"2024-01-18T13:28:03+00:00","dateModified":"2024-01-20T12:03:43+00:00","mainEntityOfPage":{"@id":"https:\/\/regions-snetap-fsu.fr\/hdf\/2024\/01\/18\/fiches-de-service-23-janvier-2024-10h30-devant-la-draaf-srfd-damiens\/"},"wordCount":491,"publisher":{"@id":"https:\/\/regions-snetap-fsu.fr\/hdf\/#organization"},"image":{"@id":"https:\/\/regions-snetap-fsu.fr\/hdf\/2024\/01\/18\/fiches-de-service-23-janvier-2024-10h30-devant-la-draaf-srfd-damiens\/#primaryimage"},"thumbnailUrl":"https:\/\/regions-snetap-fsu.fr\/hdf\/wp-content\/uploads\/sites\/5\/2024\/01\/2401_18_FicheServiceBlog.jpg","articleSection":["Actions - Gr\u00e8ves - Manifs"],"inLanguage":"fr-FR"},{"@type":"WebPage","@id":"https:\/\/regions-snetap-fsu.fr\/hdf\/2024\/01\/18\/fiches-de-service-23-janvier-2024-10h30-devant-la-draaf-srfd-damiens\/","url":"https:\/\/regions-snetap-fsu.fr\/hdf\/2024\/01\/18\/fiches-de-service-23-janvier-2024-10h30-devant-la-draaf-srfd-damiens\/","name":"Fiches de service : 23 janvier 2024, 10h30 devant la DRAAF-SRFD d'Amiens - HAUTS-DE-FRANCE","isPartOf":{"@id":"https:\/\/regions-snetap-fsu.fr\/hdf\/#website"},"primaryImageOfPage":{"@id":"https:\/\/regions-snetap-fsu.fr\/hdf\/2024\/01\/18\/fiches-de-service-23-janvier-2024-10h30-devant-la-draaf-srfd-damiens\/#primaryimage"},"image":{"@id":"https:\/\/regions-snetap-fsu.fr\/hdf\/2024\/01\/18\/fiches-de-service-23-janvier-2024-10h30-devant-la-draaf-srfd-damiens\/#primaryimage"},"thumbnailUrl":"https:\/\/regions-snetap-fsu.fr\/hdf\/wp-content\/uploads\/sites\/5\/2024\/01\/2401_18_FicheServiceBlog.jpg","datePublished":"2024-01-18T13:28:03+00:00","dateModified":"2024-01-20T12:03:43+00:00","breadcrumb":{"@id":"https:\/\/regions-snetap-fsu.fr\/hdf\/2024\/01\/18\/fiches-de-service-23-janvier-2024-10h30-devant-la-draaf-srfd-damiens\/#breadcrumb"},"inLanguage":"fr-FR","potentialAction":[{"@type":"ReadAction","target":["https:\/\/regions-snetap-fsu.fr\/hdf\/2024\/01\/18\/fiches-de-service-23-janvier-2024-10h30-devant-la-draaf-srfd-damiens\/"]}]},{"@type":"ImageObject","inLanguage":"fr-FR","@id":"https:\/\/regions-snetap-fsu.fr\/hdf\/2024\/01\/18\/fiches-de-service-23-janvier-2024-10h30-devant-la-draaf-srfd-damiens\/#primaryimage","url":"https:\/\/regions-snetap-fsu.fr\/hdf\/wp-content\/uploads\/sites\/5\/2024\/01\/2401_18_FicheServiceBlog.jpg","contentUrl":"https:\/\/regions-snetap-fsu.fr\/hdf\/wp-content\/uploads\/sites\/5\/2024\/01\/2401_18_FicheServiceBlog.jpg","width":435,"height":200},{"@type":"BreadcrumbList","@id":"https:\/\/regions-snetap-fsu.fr\/hdf\/2024\/01\/18\/fiches-de-service-23-janvier-2024-10h30-devant-la-draaf-srfd-damiens\/#breadcrumb","itemListElement":[{"@type":"ListItem","position":1,"name":"Accueil","item":"https:\/\/regions-snetap-fsu.fr\/hdf\/"},{"@type":"ListItem","position":2,"name":"Actions - Gr\u00e8ves - Manifs","item":"https:\/\/regions-snetap-fsu.fr\/hdf\/category\/actions-greves-manifs\/"},{"@type":"ListItem","position":3,"name":"Fiches de service : 23 janvier 2024, 10h30 devant la DRAAF-SRFD d&rsquo;Amiens"}]},{"@type":"WebSite","@id":"https:\/\/regions-snetap-fsu.fr\/hdf\/#website","url":"https:\/\/regions-snetap-fsu.fr\/hdf\/","name":"HAUTS-DE-FRANCE","description":"Section r\u00e9gionale","publisher":{"@id":"https:\/\/regions-snetap-fsu.fr\/hdf\/#organization"},"potentialAction":[{"@type":"SearchAction","target":{"@type":"EntryPoint","urlTemplate":"https:\/\/regions-snetap-fsu.fr\/hdf\/?s={search_term_string}"},"query-input":{"@type":"PropertyValueSpecification","valueRequired":true,"valueName":"search_term_string"}}],"inLanguage":"fr-FR"},{"@type":"Organization","@id":"https:\/\/regions-snetap-fsu.fr\/hdf\/#organization","name":"SNETAP-FSU - HAUTS-DE-FRANCE","url":"https:\/\/regions-snetap-fsu.fr\/hdf\/","logo":{"@type":"ImageObject","inLanguage":"fr-FR","@id":"https:\/\/regions-snetap-fsu.fr\/hdf\/#\/schema\/logo\/image\/","url":"https:\/\/regions-snetap-fsu.fr\/hdf\/wp-content\/uploads\/sites\/5\/2020\/12\/SNETAP-Logo.jpg","contentUrl":"https:\/\/regions-snetap-fsu.fr\/hdf\/wp-content\/uploads\/sites\/5\/2020\/12\/SNETAP-Logo.jpg","width":464,"height":334,"caption":"SNETAP-FSU - HAUTS-DE-FRANCE"},"image":{"@id":"https:\/\/regions-snetap-fsu.fr\/hdf\/#\/schema\/logo\/image\/"},"sameAs":["https:\/\/x.com\/MartinageSnetap"]},{"@type":"Person","@id":"https:\/\/regions-snetap-fsu.fr\/hdf\/#\/schema\/person\/fa09b77e508eb2889a1c2dd6f4cf3149","name":"Regis Martinage","image":{"@type":"ImageObject","inLanguage":"fr-FR","@id":"https:\/\/secure.gravatar.com\/avatar\/7ae2aaabfe5b8d5c7b9361e91002ca9ec93c38c63c9a1d06ae19f03a5dc70dd7?s=96&d=mm&r=g","url":"https:\/\/secure.gravatar.com\/avatar\/7ae2aaabfe5b8d5c7b9361e91002ca9ec93c38c63c9a1d06ae19f03a5dc70dd7?s=96&d=mm&r=g","contentUrl":"https:\/\/secure.gravatar.com\/avatar\/7ae2aaabfe5b8d5c7b9361e91002ca9ec93c38c63c9a1d06ae19f03a5dc70dd7?s=96&d=mm&r=g","caption":"Regis Martinage"},"url":"https:\/\/regions-snetap-fsu.fr\/hdf\/author\/r-martinage\/"}]}},"_links":{"self":[{"href":"https:\/\/regions-snetap-fsu.fr\/hdf\/wp-json\/wp\/v2\/posts\/9137","targetHints":{"allow":["GET"]}}],"collection":[{"href":"https:\/\/regions-snetap-fsu.fr\/hdf\/wp-json\/wp\/v2\/posts"}],"about":[{"href":"https:\/\/regions-snetap-fsu.fr\/hdf\/wp-json\/wp\/v2\/types\/post"}],"author":[{"embeddable":true,"href":"https:\/\/regions-snetap-fsu.fr\/hdf\/wp-json\/wp\/v2\/users\/88"}],"replies":[{"embeddable":true,"href":"https:\/\/regions-snetap-fsu.fr\/hdf\/wp-json\/wp\/v2\/comments?post=9137"}],"version-history":[{"count":5,"href":"https:\/\/regions-snetap-fsu.fr\/hdf\/wp-json\/wp\/v2\/posts\/9137\/revisions"}],"predecessor-version":[{"id":9148,"href":"https:\/\/regions-snetap-fsu.fr\/hdf\/wp-json\/wp\/v2\/posts\/9137\/revisions\/9148"}],"wp:featuredmedia":[{"embeddable":true,"href":"https:\/\/regions-snetap-fsu.fr\/hdf\/wp-json\/wp\/v2\/media\/9146"}],"wp:attachment":[{"href":"https:\/\/regions-snetap-fsu.fr\/hdf\/wp-json\/wp\/v2\/media?parent=9137"}],"wp:term":[{"taxonomy":"category","embeddable":true,"href":"https:\/\/regions-snetap-fsu.fr\/hdf\/wp-json\/wp\/v2\/categories?post=9137"},{"taxonomy":"post_tag","embeddable":true,"href":"https:\/\/regions-snetap-fsu.fr\/hdf\/wp-json\/wp\/v2\/tags?post=9137"},{"taxonomy":"post_folder","embeddable":true,"href":"https:\/\/regions-snetap-fsu.fr\/hdf\/wp-json\/wp\/v2\/post_folder?post=9137"}],"curies":[{"name":"wp","href":"https:\/\/api.w.org\/{rel}","templated":true}]}}