{"id":9007,"date":"2023-11-26T18:01:49","date_gmt":"2023-11-26T17:01:49","guid":{"rendered":"https:\/\/regions-snetap-fsu.fr\/hdf\/?p=9007"},"modified":"2023-11-28T10:39:24","modified_gmt":"2023-11-28T09:39:24","slug":"le-doulac-impacte-par-les-inondations","status":"publish","type":"post","link":"https:\/\/regions-snetap-fsu.fr\/hdf\/2023\/11\/26\/le-doulac-impacte-par-les-inondations\/","title":{"rendered":"Le Doulac impact\u00e9 par les inondations"},"content":{"rendered":"<h2 style=\"text-align: center\"><span style=\"font-family: tahoma, arial, helvetica, sans-serif;color: #ff0000\">Le CFPPA-UFA Le Doulac impact\u00e9 par les inondations<\/span><\/h2>\n<p style=\"text-align: justify\"><span style=\"font-family: tahoma, arial, helvetica, sans-serif;color: #129447\">Suite aux r\u00e9centes inondations, le CFFPPA-UFA Le Doulac a \u00e9t\u00e9 contraint de fermer ses portes, les installations agricoles ainsi que les acc\u00e8s ayant \u00e9t\u00e9 particuli\u00e8rement touch\u00e9s.<\/span><\/p>\n<p style=\"text-align: justify\"><span style=\"font-family: tahoma, arial, helvetica, sans-serif;color: #129447\">Malgr\u00e9 cette situation difficile, les apprenti\u00b7e\u00b7s et les enseignant\u00b7e\u00b7s ont r\u00e9ussi \u00e0 assurer la continuit\u00e9 p\u00e9dagogique gr\u00e2ce \u00e0 la g\u00e9n\u00e9rosit\u00e9 d&rsquo;un lyc\u00e9e de l&rsquo;\u00e9ducation national qui a mis \u00e0 disposition ses locaux.<\/span><\/p>\n<div class=\"flex flex-grow flex-col max-w-full gap-3 gizmo:gap-0\">\n<div class=\"min-h-[20px] text-message flex flex-col items-start gap-3 whitespace-pre-wrap break-words [.text-message+&amp;]:mt-5 overflow-x-auto\" data-message-author-role=\"assistant\" data-message-id=\"b2a14028-f2c5-462d-ba12-b302369be553\">\n<div class=\"markdown prose w-full break-words dark:prose-invert light\">\n<p style=\"text-align: justify\"><span style=\"font-family: tahoma, arial, helvetica, sans-serif;color: #129447\">Cependant, il est regrettable de constater que la DRAAF-SRFD des Hauts-de-France n&rsquo;a manifest\u00e9 ni pr\u00e9sence ni soutien envers le CFPPA-UFA Le Doulac. Cette absence d&rsquo;implication s&rsquo;est maintenue m\u00eame apr\u00e8s l&rsquo;excuse de l&rsquo;agent de pr\u00e9vention qui ne pouvait assister \u00e0 la F3SCT, ainsi que lors de la venue du DRAAF sur St Omer, comme relat\u00e9 dans le post de la FRSEA Hauts-de-France.<\/span><\/p>\n<\/div>\n<\/div>\n<\/div>\n<div class=\"flex justify-between empty:hidden gizmo:mt-1 gizmo:justify-start gizmo:gap-3 lg:block gizmo:lg:flex\">\n<div class=\"text-gray-400 flex self-end lg:self-center justify-center gizmo:lg:justify-start mt-2 gizmo:mt-0 visible gap-1\" data-wp-editing=\"1\"><img fetchpriority=\"high\" decoding=\"async\" class=\"aligncenter wp-image-9020 size-full\" src=\"https:\/\/regions-snetap-fsu.fr\/hdf\/wp-content\/uploads\/sites\/5\/2023\/11\/2311_20_InterpellatiionX_pr_inodation_Doulac.jpg\" alt=\"\" width=\"795\" height=\"781\" srcset=\"https:\/\/regions-snetap-fsu.fr\/hdf\/wp-content\/uploads\/sites\/5\/2023\/11\/2311_20_InterpellatiionX_pr_inodation_Doulac.jpg 795w, https:\/\/regions-snetap-fsu.fr\/hdf\/wp-content\/uploads\/sites\/5\/2023\/11\/2311_20_InterpellatiionX_pr_inodation_Doulac-300x295.jpg 300w, https:\/\/regions-snetap-fsu.fr\/hdf\/wp-content\/uploads\/sites\/5\/2023\/11\/2311_20_InterpellatiionX_pr_inodation_Doulac-768x754.jpg 768w\" sizes=\"(max-width: 795px) 100vw, 795px\" \/><\/div>\n<\/div>\n<p>&nbsp;<\/p>\n<p style=\"text-align: justify\"><span style=\"color: #129447;font-family: tahoma, arial, helvetica, sans-serif\">Le SNETAP-FSU des Hauts-de-France r\u00e9affirme son soutien total aux familles, aux apprenant\u00b7e\u00b7s et aux personnels des \u00e9tablissements scolaires de l&rsquo;enseignement agricole public du Pas-de-Calais, en particulier du Doulac et de Radinghem, qui ont \u00e9t\u00e9 durement touch\u00e9s par les inondations.<\/span><\/p>\n<p style=\"text-align: justify\"><span style=\"font-family: tahoma, arial, helvetica, sans-serif;color: #129447\">En cette p\u00e9riode difficile, nous exprimons notre solidarit\u00e9 et tenons \u00e0 souligner notre pleine mobilisation pour apporter notre soutien et notre aide. Nous sommes pr\u00eats, dans la mesure de nos comp\u00e9tences, \u00e0 assister et accompagner ceux et celles qui sont affect\u00e9\u00b7e\u00b7s par ces \u00e9v\u00e9nements.<\/span><\/p>\n<div class=\"css-175oi2r\">\n<div class=\"css-175oi2r r-1s2bzr4\">\n<div dir=\"auto\" lang=\"fr\" data-testid=\"tweetText\"><\/div>\n<\/div>\n<\/div>\n<p>&nbsp;<\/p>\n<p>&nbsp;<\/p>\n","protected":false},"excerpt":{"rendered":"<p>Le CFPPA-UFA Le Doulac impact\u00e9 par les inondations Suite aux r\u00e9centes inondations, le CFFPPA-UFA Le Doulac a \u00e9t\u00e9 contraint de fermer ses portes, les installations agricoles ainsi que les acc\u00e8s ayant \u00e9t\u00e9 particuli\u00e8rement touch\u00e9s. Malgr\u00e9 cette situation difficile, les apprenti\u00b7e\u00b7s et les enseignant\u00b7e\u00b7s ont r\u00e9ussi \u00e0 assurer la continuit\u00e9 p\u00e9dagogique gr\u00e2ce \u00e0 la g\u00e9n\u00e9rosit\u00e9 d&rsquo;un [&hellip;]<\/p>\n","protected":false},"author":88,"featured_media":6975,"comment_status":"closed","ping_status":"closed","sticky":false,"template":"","format":"standard","meta":{"ocean_post_layout":"","ocean_both_sidebars_style":"","ocean_both_sidebars_content_width":0,"ocean_both_sidebars_sidebars_width":0,"ocean_sidebar":"0","ocean_second_sidebar":"0","ocean_disable_margins":"enable","ocean_add_body_class":"","ocean_shortcode_before_top_bar":"","ocean_shortcode_after_top_bar":"","ocean_shortcode_before_header":"","ocean_shortcode_after_header":"","ocean_has_shortcode":"","ocean_shortcode_after_title":"","ocean_shortcode_before_footer_widgets":"","ocean_shortcode_after_footer_widgets":"","ocean_shortcode_before_footer_bottom":"","ocean_shortcode_after_footer_bottom":"","ocean_display_top_bar":"default","ocean_display_header":"default","ocean_header_style":"","ocean_center_header_left_menu":"0","ocean_custom_header_template":"0","ocean_custom_logo":0,"ocean_custom_retina_logo":0,"ocean_custom_logo_max_width":0,"ocean_custom_logo_tablet_max_width":0,"ocean_custom_logo_mobile_max_width":0,"ocean_custom_logo_max_height":0,"ocean_custom_logo_tablet_max_height":0,"ocean_custom_logo_mobile_max_height":0,"ocean_header_custom_menu":"0","ocean_menu_typo_font_family":"0","ocean_menu_typo_font_subset":"","ocean_menu_typo_font_size":0,"ocean_menu_typo_font_size_tablet":0,"ocean_menu_typo_font_size_mobile":0,"ocean_menu_typo_font_size_unit":"px","ocean_menu_typo_font_weight":"","ocean_menu_typo_font_weight_tablet":"","ocean_menu_typo_font_weight_mobile":"","ocean_menu_typo_transform":"","ocean_menu_typo_transform_tablet":"","ocean_menu_typo_transform_mobile":"","ocean_menu_typo_line_height":0,"ocean_menu_typo_line_height_tablet":0,"ocean_menu_typo_line_height_mobile":0,"ocean_menu_typo_line_height_unit":"","ocean_menu_typo_spacing":0,"ocean_menu_typo_spacing_tablet":0,"ocean_menu_typo_spacing_mobile":0,"ocean_menu_typo_spacing_unit":"","ocean_menu_link_color":"","ocean_menu_link_color_hover":"","ocean_menu_link_color_active":"","ocean_menu_link_background":"","ocean_menu_link_hover_background":"","ocean_menu_link_active_background":"","ocean_menu_social_links_bg":"","ocean_menu_social_hover_links_bg":"","ocean_menu_social_links_color":"","ocean_menu_social_hover_links_color":"","ocean_disable_title":"default","ocean_disable_heading":"default","ocean_post_title":"","ocean_post_subheading":"","ocean_post_title_style":"","ocean_post_title_background_color":"","ocean_post_title_background":0,"ocean_post_title_bg_image_position":"","ocean_post_title_bg_image_attachment":"","ocean_post_title_bg_image_repeat":"","ocean_post_title_bg_image_size":"","ocean_post_title_height":0,"ocean_post_title_bg_overlay":0.5,"ocean_post_title_bg_overlay_color":"","ocean_disable_breadcrumbs":"default","ocean_breadcrumbs_color":"","ocean_breadcrumbs_separator_color":"","ocean_breadcrumbs_links_color":"","ocean_breadcrumbs_links_hover_color":"","ocean_display_footer_widgets":"default","ocean_display_footer_bottom":"default","ocean_custom_footer_template":"0","ocean_post_oembed":"","ocean_post_self_hosted_media":"","ocean_post_video_embed":"","ocean_link_format":"","ocean_link_format_target":"self","ocean_quote_format":"","ocean_quote_format_link":"post","ocean_gallery_link_images":"on","ocean_gallery_id":[],"footnotes":""},"categories":[13],"tags":[],"post_folder":[],"class_list":["post-9007","post","type-post","status-publish","format-standard","has-post-thumbnail","hentry","category-communiques","entry","has-media"],"yoast_head":"<!-- This site is optimized with the Yoast SEO plugin v27.4 - https:\/\/yoast.com\/product\/yoast-seo-wordpress\/ -->\n<title>Le Doulac impact\u00e9 par les inondations - HAUTS-DE-FRANCE<\/title>\n<meta name=\"robots\" content=\"index, follow, max-snippet:-1, max-image-preview:large, max-video-preview:-1\" \/>\n<link rel=\"canonical\" href=\"https:\/\/regions-snetap-fsu.fr\/hdf\/2023\/11\/26\/le-doulac-impacte-par-les-inondations\/\" \/>\n<meta property=\"og:locale\" content=\"fr_FR\" \/>\n<meta property=\"og:type\" content=\"article\" \/>\n<meta property=\"og:title\" content=\"Le Doulac impact\u00e9 par les inondations - HAUTS-DE-FRANCE\" \/>\n<meta property=\"og:description\" content=\"Le CFPPA-UFA Le Doulac impact\u00e9 par les inondations Suite aux r\u00e9centes inondations, le CFFPPA-UFA Le Doulac a \u00e9t\u00e9 contraint de fermer ses portes, les installations agricoles ainsi que les acc\u00e8s ayant \u00e9t\u00e9 particuli\u00e8rement touch\u00e9s. Malgr\u00e9 cette situation difficile, les apprenti\u00b7e\u00b7s et les enseignant\u00b7e\u00b7s ont r\u00e9ussi \u00e0 assurer la continuit\u00e9 p\u00e9dagogique gr\u00e2ce \u00e0 la g\u00e9n\u00e9rosit\u00e9 d&rsquo;un [&hellip;]\" \/>\n<meta property=\"og:url\" content=\"https:\/\/regions-snetap-fsu.fr\/hdf\/2023\/11\/26\/le-doulac-impacte-par-les-inondations\/\" \/>\n<meta property=\"og:site_name\" content=\"HAUTS-DE-FRANCE\" \/>\n<meta property=\"article:published_time\" content=\"2023-11-26T17:01:49+00:00\" \/>\n<meta property=\"article:modified_time\" content=\"2023-11-28T09:39:24+00:00\" \/>\n<meta property=\"og:image\" content=\"https:\/\/regions-snetap-fsu.fr\/hdf\/wp-content\/uploads\/sites\/5\/2021\/08\/Avec_FSU_SNETAP_HdF_engage-es_au_quotidien_28_821.jpg\" \/>\n\t<meta property=\"og:image:width\" content=\"658\" \/>\n\t<meta property=\"og:image:height\" content=\"319\" \/>\n\t<meta property=\"og:image:type\" content=\"image\/jpeg\" \/>\n<meta name=\"author\" content=\"Regis Martinage\" \/>\n<meta name=\"twitter:card\" content=\"summary_large_image\" \/>\n<meta name=\"twitter:creator\" content=\"@MartinageSnetap\" \/>\n<meta name=\"twitter:site\" content=\"@MartinageSnetap\" \/>\n<meta name=\"twitter:label1\" content=\"\u00c9crit par\" \/>\n\t<meta name=\"twitter:data1\" content=\"Regis Martinage\" \/>\n\t<meta name=\"twitter:label2\" content=\"Dur\u00e9e de lecture estim\u00e9e\" \/>\n\t<meta name=\"twitter:data2\" content=\"1 minute\" \/>\n<script type=\"application\/ld+json\" class=\"yoast-schema-graph\">{\"@context\":\"https:\\\/\\\/schema.org\",\"@graph\":[{\"@type\":\"Article\",\"@id\":\"https:\\\/\\\/regions-snetap-fsu.fr\\\/hdf\\\/2023\\\/11\\\/26\\\/le-doulac-impacte-par-les-inondations\\\/#article\",\"isPartOf\":{\"@id\":\"https:\\\/\\\/regions-snetap-fsu.fr\\\/hdf\\\/2023\\\/11\\\/26\\\/le-doulac-impacte-par-les-inondations\\\/\"},\"author\":{\"name\":\"Regis Martinage\",\"@id\":\"https:\\\/\\\/regions-snetap-fsu.fr\\\/hdf\\\/#\\\/schema\\\/person\\\/fa09b77e508eb2889a1c2dd6f4cf3149\"},\"headline\":\"Le Doulac impact\u00e9 par les inondations\",\"datePublished\":\"2023-11-26T17:01:49+00:00\",\"dateModified\":\"2023-11-28T09:39:24+00:00\",\"mainEntityOfPage\":{\"@id\":\"https:\\\/\\\/regions-snetap-fsu.fr\\\/hdf\\\/2023\\\/11\\\/26\\\/le-doulac-impacte-par-les-inondations\\\/\"},\"wordCount\":250,\"publisher\":{\"@id\":\"https:\\\/\\\/regions-snetap-fsu.fr\\\/hdf\\\/#organization\"},\"image\":{\"@id\":\"https:\\\/\\\/regions-snetap-fsu.fr\\\/hdf\\\/2023\\\/11\\\/26\\\/le-doulac-impacte-par-les-inondations\\\/#primaryimage\"},\"thumbnailUrl\":\"https:\\\/\\\/regions-snetap-fsu.fr\\\/hdf\\\/wp-content\\\/uploads\\\/sites\\\/5\\\/2021\\\/08\\\/Avec_FSU_SNETAP_HdF_engage-es_au_quotidien_28_821.jpg\",\"articleSection\":[\"Communiqu\u00e9s\"],\"inLanguage\":\"fr-FR\"},{\"@type\":\"WebPage\",\"@id\":\"https:\\\/\\\/regions-snetap-fsu.fr\\\/hdf\\\/2023\\\/11\\\/26\\\/le-doulac-impacte-par-les-inondations\\\/\",\"url\":\"https:\\\/\\\/regions-snetap-fsu.fr\\\/hdf\\\/2023\\\/11\\\/26\\\/le-doulac-impacte-par-les-inondations\\\/\",\"name\":\"Le Doulac impact\u00e9 par les inondations - HAUTS-DE-FRANCE\",\"isPartOf\":{\"@id\":\"https:\\\/\\\/regions-snetap-fsu.fr\\\/hdf\\\/#website\"},\"primaryImageOfPage\":{\"@id\":\"https:\\\/\\\/regions-snetap-fsu.fr\\\/hdf\\\/2023\\\/11\\\/26\\\/le-doulac-impacte-par-les-inondations\\\/#primaryimage\"},\"image\":{\"@id\":\"https:\\\/\\\/regions-snetap-fsu.fr\\\/hdf\\\/2023\\\/11\\\/26\\\/le-doulac-impacte-par-les-inondations\\\/#primaryimage\"},\"thumbnailUrl\":\"https:\\\/\\\/regions-snetap-fsu.fr\\\/hdf\\\/wp-content\\\/uploads\\\/sites\\\/5\\\/2021\\\/08\\\/Avec_FSU_SNETAP_HdF_engage-es_au_quotidien_28_821.jpg\",\"datePublished\":\"2023-11-26T17:01:49+00:00\",\"dateModified\":\"2023-11-28T09:39:24+00:00\",\"breadcrumb\":{\"@id\":\"https:\\\/\\\/regions-snetap-fsu.fr\\\/hdf\\\/2023\\\/11\\\/26\\\/le-doulac-impacte-par-les-inondations\\\/#breadcrumb\"},\"inLanguage\":\"fr-FR\",\"potentialAction\":[{\"@type\":\"ReadAction\",\"target\":[\"https:\\\/\\\/regions-snetap-fsu.fr\\\/hdf\\\/2023\\\/11\\\/26\\\/le-doulac-impacte-par-les-inondations\\\/\"]}]},{\"@type\":\"ImageObject\",\"inLanguage\":\"fr-FR\",\"@id\":\"https:\\\/\\\/regions-snetap-fsu.fr\\\/hdf\\\/2023\\\/11\\\/26\\\/le-doulac-impacte-par-les-inondations\\\/#primaryimage\",\"url\":\"https:\\\/\\\/regions-snetap-fsu.fr\\\/hdf\\\/wp-content\\\/uploads\\\/sites\\\/5\\\/2021\\\/08\\\/Avec_FSU_SNETAP_HdF_engage-es_au_quotidien_28_821.jpg\",\"contentUrl\":\"https:\\\/\\\/regions-snetap-fsu.fr\\\/hdf\\\/wp-content\\\/uploads\\\/sites\\\/5\\\/2021\\\/08\\\/Avec_FSU_SNETAP_HdF_engage-es_au_quotidien_28_821.jpg\",\"width\":658,\"height\":319},{\"@type\":\"BreadcrumbList\",\"@id\":\"https:\\\/\\\/regions-snetap-fsu.fr\\\/hdf\\\/2023\\\/11\\\/26\\\/le-doulac-impacte-par-les-inondations\\\/#breadcrumb\",\"itemListElement\":[{\"@type\":\"ListItem\",\"position\":1,\"name\":\"Accueil\",\"item\":\"https:\\\/\\\/regions-snetap-fsu.fr\\\/hdf\\\/\"},{\"@type\":\"ListItem\",\"position\":2,\"name\":\"Communiqu\u00e9s\",\"item\":\"https:\\\/\\\/regions-snetap-fsu.fr\\\/hdf\\\/category\\\/communiques\\\/\"},{\"@type\":\"ListItem\",\"position\":3,\"name\":\"Le Doulac impact\u00e9 par les inondations\"}]},{\"@type\":\"WebSite\",\"@id\":\"https:\\\/\\\/regions-snetap-fsu.fr\\\/hdf\\\/#website\",\"url\":\"https:\\\/\\\/regions-snetap-fsu.fr\\\/hdf\\\/\",\"name\":\"HAUTS-DE-FRANCE\",\"description\":\"Section r\u00e9gionale\",\"publisher\":{\"@id\":\"https:\\\/\\\/regions-snetap-fsu.fr\\\/hdf\\\/#organization\"},\"potentialAction\":[{\"@type\":\"SearchAction\",\"target\":{\"@type\":\"EntryPoint\",\"urlTemplate\":\"https:\\\/\\\/regions-snetap-fsu.fr\\\/hdf\\\/?s={search_term_string}\"},\"query-input\":{\"@type\":\"PropertyValueSpecification\",\"valueRequired\":true,\"valueName\":\"search_term_string\"}}],\"inLanguage\":\"fr-FR\"},{\"@type\":\"Organization\",\"@id\":\"https:\\\/\\\/regions-snetap-fsu.fr\\\/hdf\\\/#organization\",\"name\":\"SNETAP-FSU - HAUTS-DE-FRANCE\",\"url\":\"https:\\\/\\\/regions-snetap-fsu.fr\\\/hdf\\\/\",\"logo\":{\"@type\":\"ImageObject\",\"inLanguage\":\"fr-FR\",\"@id\":\"https:\\\/\\\/regions-snetap-fsu.fr\\\/hdf\\\/#\\\/schema\\\/logo\\\/image\\\/\",\"url\":\"https:\\\/\\\/regions-snetap-fsu.fr\\\/hdf\\\/wp-content\\\/uploads\\\/sites\\\/5\\\/2020\\\/12\\\/SNETAP-Logo.jpg\",\"contentUrl\":\"https:\\\/\\\/regions-snetap-fsu.fr\\\/hdf\\\/wp-content\\\/uploads\\\/sites\\\/5\\\/2020\\\/12\\\/SNETAP-Logo.jpg\",\"width\":464,\"height\":334,\"caption\":\"SNETAP-FSU - HAUTS-DE-FRANCE\"},\"image\":{\"@id\":\"https:\\\/\\\/regions-snetap-fsu.fr\\\/hdf\\\/#\\\/schema\\\/logo\\\/image\\\/\"},\"sameAs\":[\"https:\\\/\\\/x.com\\\/MartinageSnetap\"]},{\"@type\":\"Person\",\"@id\":\"https:\\\/\\\/regions-snetap-fsu.fr\\\/hdf\\\/#\\\/schema\\\/person\\\/fa09b77e508eb2889a1c2dd6f4cf3149\",\"name\":\"Regis Martinage\",\"image\":{\"@type\":\"ImageObject\",\"inLanguage\":\"fr-FR\",\"@id\":\"https:\\\/\\\/secure.gravatar.com\\\/avatar\\\/7ae2aaabfe5b8d5c7b9361e91002ca9ec93c38c63c9a1d06ae19f03a5dc70dd7?s=96&d=mm&r=g\",\"url\":\"https:\\\/\\\/secure.gravatar.com\\\/avatar\\\/7ae2aaabfe5b8d5c7b9361e91002ca9ec93c38c63c9a1d06ae19f03a5dc70dd7?s=96&d=mm&r=g\",\"contentUrl\":\"https:\\\/\\\/secure.gravatar.com\\\/avatar\\\/7ae2aaabfe5b8d5c7b9361e91002ca9ec93c38c63c9a1d06ae19f03a5dc70dd7?s=96&d=mm&r=g\",\"caption\":\"Regis Martinage\"},\"url\":\"https:\\\/\\\/regions-snetap-fsu.fr\\\/hdf\\\/author\\\/r-martinage\\\/\"}]}<\/script>\n<!-- \/ Yoast SEO plugin. -->","yoast_head_json":{"title":"Le Doulac impact\u00e9 par les inondations - HAUTS-DE-FRANCE","robots":{"index":"index","follow":"follow","max-snippet":"max-snippet:-1","max-image-preview":"max-image-preview:large","max-video-preview":"max-video-preview:-1"},"canonical":"https:\/\/regions-snetap-fsu.fr\/hdf\/2023\/11\/26\/le-doulac-impacte-par-les-inondations\/","og_locale":"fr_FR","og_type":"article","og_title":"Le Doulac impact\u00e9 par les inondations - HAUTS-DE-FRANCE","og_description":"Le CFPPA-UFA Le Doulac impact\u00e9 par les inondations Suite aux r\u00e9centes inondations, le CFFPPA-UFA Le Doulac a \u00e9t\u00e9 contraint de fermer ses portes, les installations agricoles ainsi que les acc\u00e8s ayant \u00e9t\u00e9 particuli\u00e8rement touch\u00e9s. Malgr\u00e9 cette situation difficile, les apprenti\u00b7e\u00b7s et les enseignant\u00b7e\u00b7s ont r\u00e9ussi \u00e0 assurer la continuit\u00e9 p\u00e9dagogique gr\u00e2ce \u00e0 la g\u00e9n\u00e9rosit\u00e9 d&rsquo;un [&hellip;]","og_url":"https:\/\/regions-snetap-fsu.fr\/hdf\/2023\/11\/26\/le-doulac-impacte-par-les-inondations\/","og_site_name":"HAUTS-DE-FRANCE","article_published_time":"2023-11-26T17:01:49+00:00","article_modified_time":"2023-11-28T09:39:24+00:00","og_image":[{"width":658,"height":319,"url":"https:\/\/regions-snetap-fsu.fr\/hdf\/wp-content\/uploads\/sites\/5\/2021\/08\/Avec_FSU_SNETAP_HdF_engage-es_au_quotidien_28_821.jpg","type":"image\/jpeg"}],"author":"Regis Martinage","twitter_card":"summary_large_image","twitter_creator":"@MartinageSnetap","twitter_site":"@MartinageSnetap","twitter_misc":{"\u00c9crit par":"Regis Martinage","Dur\u00e9e de lecture estim\u00e9e":"1 minute"},"schema":{"@context":"https:\/\/schema.org","@graph":[{"@type":"Article","@id":"https:\/\/regions-snetap-fsu.fr\/hdf\/2023\/11\/26\/le-doulac-impacte-par-les-inondations\/#article","isPartOf":{"@id":"https:\/\/regions-snetap-fsu.fr\/hdf\/2023\/11\/26\/le-doulac-impacte-par-les-inondations\/"},"author":{"name":"Regis Martinage","@id":"https:\/\/regions-snetap-fsu.fr\/hdf\/#\/schema\/person\/fa09b77e508eb2889a1c2dd6f4cf3149"},"headline":"Le Doulac impact\u00e9 par les inondations","datePublished":"2023-11-26T17:01:49+00:00","dateModified":"2023-11-28T09:39:24+00:00","mainEntityOfPage":{"@id":"https:\/\/regions-snetap-fsu.fr\/hdf\/2023\/11\/26\/le-doulac-impacte-par-les-inondations\/"},"wordCount":250,"publisher":{"@id":"https:\/\/regions-snetap-fsu.fr\/hdf\/#organization"},"image":{"@id":"https:\/\/regions-snetap-fsu.fr\/hdf\/2023\/11\/26\/le-doulac-impacte-par-les-inondations\/#primaryimage"},"thumbnailUrl":"https:\/\/regions-snetap-fsu.fr\/hdf\/wp-content\/uploads\/sites\/5\/2021\/08\/Avec_FSU_SNETAP_HdF_engage-es_au_quotidien_28_821.jpg","articleSection":["Communiqu\u00e9s"],"inLanguage":"fr-FR"},{"@type":"WebPage","@id":"https:\/\/regions-snetap-fsu.fr\/hdf\/2023\/11\/26\/le-doulac-impacte-par-les-inondations\/","url":"https:\/\/regions-snetap-fsu.fr\/hdf\/2023\/11\/26\/le-doulac-impacte-par-les-inondations\/","name":"Le Doulac impact\u00e9 par les inondations - HAUTS-DE-FRANCE","isPartOf":{"@id":"https:\/\/regions-snetap-fsu.fr\/hdf\/#website"},"primaryImageOfPage":{"@id":"https:\/\/regions-snetap-fsu.fr\/hdf\/2023\/11\/26\/le-doulac-impacte-par-les-inondations\/#primaryimage"},"image":{"@id":"https:\/\/regions-snetap-fsu.fr\/hdf\/2023\/11\/26\/le-doulac-impacte-par-les-inondations\/#primaryimage"},"thumbnailUrl":"https:\/\/regions-snetap-fsu.fr\/hdf\/wp-content\/uploads\/sites\/5\/2021\/08\/Avec_FSU_SNETAP_HdF_engage-es_au_quotidien_28_821.jpg","datePublished":"2023-11-26T17:01:49+00:00","dateModified":"2023-11-28T09:39:24+00:00","breadcrumb":{"@id":"https:\/\/regions-snetap-fsu.fr\/hdf\/2023\/11\/26\/le-doulac-impacte-par-les-inondations\/#breadcrumb"},"inLanguage":"fr-FR","potentialAction":[{"@type":"ReadAction","target":["https:\/\/regions-snetap-fsu.fr\/hdf\/2023\/11\/26\/le-doulac-impacte-par-les-inondations\/"]}]},{"@type":"ImageObject","inLanguage":"fr-FR","@id":"https:\/\/regions-snetap-fsu.fr\/hdf\/2023\/11\/26\/le-doulac-impacte-par-les-inondations\/#primaryimage","url":"https:\/\/regions-snetap-fsu.fr\/hdf\/wp-content\/uploads\/sites\/5\/2021\/08\/Avec_FSU_SNETAP_HdF_engage-es_au_quotidien_28_821.jpg","contentUrl":"https:\/\/regions-snetap-fsu.fr\/hdf\/wp-content\/uploads\/sites\/5\/2021\/08\/Avec_FSU_SNETAP_HdF_engage-es_au_quotidien_28_821.jpg","width":658,"height":319},{"@type":"BreadcrumbList","@id":"https:\/\/regions-snetap-fsu.fr\/hdf\/2023\/11\/26\/le-doulac-impacte-par-les-inondations\/#breadcrumb","itemListElement":[{"@type":"ListItem","position":1,"name":"Accueil","item":"https:\/\/regions-snetap-fsu.fr\/hdf\/"},{"@type":"ListItem","position":2,"name":"Communiqu\u00e9s","item":"https:\/\/regions-snetap-fsu.fr\/hdf\/category\/communiques\/"},{"@type":"ListItem","position":3,"name":"Le Doulac impact\u00e9 par les inondations"}]},{"@type":"WebSite","@id":"https:\/\/regions-snetap-fsu.fr\/hdf\/#website","url":"https:\/\/regions-snetap-fsu.fr\/hdf\/","name":"HAUTS-DE-FRANCE","description":"Section r\u00e9gionale","publisher":{"@id":"https:\/\/regions-snetap-fsu.fr\/hdf\/#organization"},"potentialAction":[{"@type":"SearchAction","target":{"@type":"EntryPoint","urlTemplate":"https:\/\/regions-snetap-fsu.fr\/hdf\/?s={search_term_string}"},"query-input":{"@type":"PropertyValueSpecification","valueRequired":true,"valueName":"search_term_string"}}],"inLanguage":"fr-FR"},{"@type":"Organization","@id":"https:\/\/regions-snetap-fsu.fr\/hdf\/#organization","name":"SNETAP-FSU - HAUTS-DE-FRANCE","url":"https:\/\/regions-snetap-fsu.fr\/hdf\/","logo":{"@type":"ImageObject","inLanguage":"fr-FR","@id":"https:\/\/regions-snetap-fsu.fr\/hdf\/#\/schema\/logo\/image\/","url":"https:\/\/regions-snetap-fsu.fr\/hdf\/wp-content\/uploads\/sites\/5\/2020\/12\/SNETAP-Logo.jpg","contentUrl":"https:\/\/regions-snetap-fsu.fr\/hdf\/wp-content\/uploads\/sites\/5\/2020\/12\/SNETAP-Logo.jpg","width":464,"height":334,"caption":"SNETAP-FSU - HAUTS-DE-FRANCE"},"image":{"@id":"https:\/\/regions-snetap-fsu.fr\/hdf\/#\/schema\/logo\/image\/"},"sameAs":["https:\/\/x.com\/MartinageSnetap"]},{"@type":"Person","@id":"https:\/\/regions-snetap-fsu.fr\/hdf\/#\/schema\/person\/fa09b77e508eb2889a1c2dd6f4cf3149","name":"Regis Martinage","image":{"@type":"ImageObject","inLanguage":"fr-FR","@id":"https:\/\/secure.gravatar.com\/avatar\/7ae2aaabfe5b8d5c7b9361e91002ca9ec93c38c63c9a1d06ae19f03a5dc70dd7?s=96&d=mm&r=g","url":"https:\/\/secure.gravatar.com\/avatar\/7ae2aaabfe5b8d5c7b9361e91002ca9ec93c38c63c9a1d06ae19f03a5dc70dd7?s=96&d=mm&r=g","contentUrl":"https:\/\/secure.gravatar.com\/avatar\/7ae2aaabfe5b8d5c7b9361e91002ca9ec93c38c63c9a1d06ae19f03a5dc70dd7?s=96&d=mm&r=g","caption":"Regis Martinage"},"url":"https:\/\/regions-snetap-fsu.fr\/hdf\/author\/r-martinage\/"}]}},"_links":{"self":[{"href":"https:\/\/regions-snetap-fsu.fr\/hdf\/wp-json\/wp\/v2\/posts\/9007","targetHints":{"allow":["GET"]}}],"collection":[{"href":"https:\/\/regions-snetap-fsu.fr\/hdf\/wp-json\/wp\/v2\/posts"}],"about":[{"href":"https:\/\/regions-snetap-fsu.fr\/hdf\/wp-json\/wp\/v2\/types\/post"}],"author":[{"embeddable":true,"href":"https:\/\/regions-snetap-fsu.fr\/hdf\/wp-json\/wp\/v2\/users\/88"}],"replies":[{"embeddable":true,"href":"https:\/\/regions-snetap-fsu.fr\/hdf\/wp-json\/wp\/v2\/comments?post=9007"}],"version-history":[{"count":16,"href":"https:\/\/regions-snetap-fsu.fr\/hdf\/wp-json\/wp\/v2\/posts\/9007\/revisions"}],"predecessor-version":[{"id":9036,"href":"https:\/\/regions-snetap-fsu.fr\/hdf\/wp-json\/wp\/v2\/posts\/9007\/revisions\/9036"}],"wp:featuredmedia":[{"embeddable":true,"href":"https:\/\/regions-snetap-fsu.fr\/hdf\/wp-json\/wp\/v2\/media\/6975"}],"wp:attachment":[{"href":"https:\/\/regions-snetap-fsu.fr\/hdf\/wp-json\/wp\/v2\/media?parent=9007"}],"wp:term":[{"taxonomy":"category","embeddable":true,"href":"https:\/\/regions-snetap-fsu.fr\/hdf\/wp-json\/wp\/v2\/categories?post=9007"},{"taxonomy":"post_tag","embeddable":true,"href":"https:\/\/regions-snetap-fsu.fr\/hdf\/wp-json\/wp\/v2\/tags?post=9007"},{"taxonomy":"post_folder","embeddable":true,"href":"https:\/\/regions-snetap-fsu.fr\/hdf\/wp-json\/wp\/v2\/post_folder?post=9007"}],"curies":[{"name":"wp","href":"https:\/\/api.w.org\/{rel}","templated":true}]}}