{"id":8973,"date":"2023-10-23T16:47:14","date_gmt":"2023-10-23T14:47:14","guid":{"rendered":"https:\/\/regions-snetap-fsu.fr\/hdf\/?p=8973"},"modified":"2023-10-23T16:58:54","modified_gmt":"2023-10-23T14:58:54","slug":"retraite%c2%b7e%c2%b7s-rassemblements-et-manifestations-le-24-octobre","status":"publish","type":"post","link":"https:\/\/regions-snetap-fsu.fr\/hdf\/2023\/10\/23\/retraite%c2%b7e%c2%b7s-rassemblements-et-manifestations-le-24-octobre\/","title":{"rendered":"Retrait\u00e9\u00b7e\u00b7s : Rassemblements et manifestations le 24 octobre"},"content":{"rendered":"<h2 style=\"text-align: center\"><span style=\"color: #ff0000;font-family: tahoma, arial, helvetica, sans-serif\">Retrait\u00e9\u00b7e\u00b7s : Rassemblements et manifestations le 24 octobre<\/span><\/h2>\n<h2 style=\"text-align: center\"><span style=\"font-family: tahoma, arial, helvetica, sans-serif;color: #ff0000\">+ 10% d&rsquo;augmentation imm\u00e9diate en 2023 de nos retraites et pensions<\/span><\/h2>\n<h3 style=\"text-align: center\"><span style=\"font-family: tahoma, arial, helvetica, sans-serif;color: #129447\"><strong>Lille :<\/strong> <\/span><\/h3>\n\n\t\t<div class=\"wppdfemb-frame-container-1\" style=\"-webkit-overflow-scrolling:auto;\">\n\t\t\t<iframe class=\"pdfembed-iframe nonfullscreen wppdf-emb-iframe-1\"\n\t\t\t\tsrc=\"https:\/\/regions-snetap-fsu.fr\/hdf\/?pdfemb-data=eyJ1cmwiOiJodHRwczpcL1wvcmVnaW9ucy1zbmV0YXAtZnN1LmZyXC9oZGZcL3dwLWNvbnRlbnRcL3VwbG9hZHNcL3NpdGVzXC81XC8yMDIzXC8xMFwvcmFzc2VtYmxtZW50LVJldHJhaXRlcy1HOS1MaWxsZS0yNC1vY3RvYnJlLTIwMjMucGRmIiwidGl0bGUiOiJyYXNzZW1ibG1lbnQgUmV0cmFpdFx1MDBlOXMgRzkgTGlsbGUgMjQgb2N0b2JyZSAyMDIzIiwiaW5kZXgiOjEsInBkZklEIjo4OTc1fQ\"\n\t\t\t\ttitle=\"rassemblment Retrait\u00e9s G9 Lille 24 octobre 2023\"\t\t\t\tdata-pdf-id=\"8975\"\n\t\t\t\tdata-pdf-index=\"1\"\n\t\t\t\tstyle=\"border:none;width:100%;max-width:100%;height:100vh;\"\n\t\t\t\tscrolling=\"yes\">\n\t\t\t<\/iframe>\n\t\t<\/div>\n\n\t\t\n<h3 style=\"text-align: center\"><span style=\"font-family: tahoma, arial, helvetica, sans-serif;color: #129447\"><strong>Beauvais<\/strong> :<\/span><\/h3>\n<p style=\"text-align: justify\"><span style=\"font-family: tahoma, arial, helvetica, sans-serif;color: #129447\">1- <strong>Les retrait\u00e9\u00b7e\u00b7s seront mobilis\u00e9\u00b7es dans l\u2019Oise mardi 24 octobre<\/strong> dans le cadre d\u2019une journ\u00e9e d\u2019action nationale pour r\u00e9clamer +10% d\u2019augmentation imm\u00e9diate en 2023 sur les salaires et les pensions ! Le rendez-vous d\u00e9partemental donn\u00e9 par l\u2019intersyndicale : devant la pr\u00e9fecture de l\u2019Oise \u00e0 Beauvais \u00e0 10h00 ! <em>(place de la pr\u00e9fecture)<br \/>\n<\/em>Toutes les informations sont en ligne sur le site de la FSU Oise : <a href=\"https:\/\/fsu60.fsu.fr\/retraite%c2%b7es-mobilisation-le-24-octobre-a-beauvais\/\" target=\"_blank\" rel=\"noopener\">Lien : Communiqu\u00e9 FSU 60<\/a><\/span><\/p>\n<p style=\"text-align: justify\"><span style=\"font-family: tahoma, arial, helvetica, sans-serif;color: #129447\">2- <strong>La FSU Oise r\u00e9unira une assembl\u00e9e g\u00e9n\u00e9rale (AG) d\u00e9partementale des retrait\u00e9\u00b7es et pensionn\u00e9\u00b7es de l&rsquo;ensemble de ses syndicats jeudi 23 novembre 2023 de 14h00 \u00e0 17h00<\/strong>. Cette AG est ouverte \u00e0 toutes et tous et aura lieu \u00e0 Breuil-le-Vert, \u00e0 la <i>Maison des associations<\/i> (ancienne \u00e9cole de Giencourt, 17 rue Andr\u00e9 Oudin \u2013 se garer sur le parking juste en face, sur la \u00ab Place Georges Baron \u00bb).<\/span><\/p>\n<div style=\"text-align: justify\"><span style=\"font-family: tahoma, arial, helvetica, sans-serif;color: #129447\">Les retrait\u00e9\u00b7e\u00b7s adh\u00e9rent\u00b7e\u00b7s \u00e0 la FSU via l\u2019un de ses syndicats nationaux de l\u2019Oise (SNETAP-FSU, FSU-SNUipp, SNES-FSU, SNEP-FSU, SNASUB-FSU, SNUTER-FSU, SNUEP-FSU, etc.) sont invit\u00e9\u00b7e\u00b7s \u00e0 participer \u00e0 cette r\u00e9union. <strong>Nadine Castioni<\/strong>, membre de la SFRN (section f\u00e9d\u00e9rale des retrait\u00e9\u00b7e nationale), de son Conseil d\u2019administration et du groupe actif\u00b7ve\u00b7s-retrait\u00e9\u00b7e\u00b7s sera pr\u00e9sente \u00e0 cette AG pour \u00e9voquer avec les participant\u00b7e\u00b7s l\u2019actualit\u00e9 des retrait\u00e9\u00b7e\u00b7s et la mise en place de la section f\u00e9d\u00e9rale des retrait\u00e9\u00b7e\u00b7s (SFR).<\/span><\/div>\n<p style=\"text-align: justify\"><span style=\"font-family: tahoma, arial, helvetica, sans-serif;color: #129447\">Toutes les informations sont en ligne sur le site de la FSU Oise : <a href=\"https:\/\/fsu60.fsu.fr\/retraite%c2%b7es-assemblee-generale-departementale-jeudi-23-novembre-a-breuil-le-vert\/\" target=\"_blank\" rel=\"noopener\">Lien : Communiqu\u00e9 AG FSU 60<\/a><br \/>\n<\/span><\/p>\n","protected":false},"excerpt":{"rendered":"<p>Retrait\u00e9\u00b7e\u00b7s : Rassemblements et manifestations le 24 octobre + 10% d&rsquo;augmentation imm\u00e9diate en 2023 de nos retraites et pensions Lille : Beauvais : 1- Les retrait\u00e9\u00b7e\u00b7s seront mobilis\u00e9\u00b7es dans l\u2019Oise mardi 24 octobre dans le cadre d\u2019une journ\u00e9e d\u2019action nationale pour r\u00e9clamer +10% d\u2019augmentation imm\u00e9diate en 2023 sur les salaires et les pensions ! Le [&hellip;]<\/p>\n","protected":false},"author":88,"featured_media":6180,"comment_status":"closed","ping_status":"closed","sticky":false,"template":"","format":"standard","meta":{"ocean_post_layout":"","ocean_both_sidebars_style":"","ocean_both_sidebars_content_width":0,"ocean_both_sidebars_sidebars_width":0,"ocean_sidebar":"0","ocean_second_sidebar":"0","ocean_disable_margins":"enable","ocean_add_body_class":"","ocean_shortcode_before_top_bar":"","ocean_shortcode_after_top_bar":"","ocean_shortcode_before_header":"","ocean_shortcode_after_header":"","ocean_has_shortcode":"","ocean_shortcode_after_title":"","ocean_shortcode_before_footer_widgets":"","ocean_shortcode_after_footer_widgets":"","ocean_shortcode_before_footer_bottom":"","ocean_shortcode_after_footer_bottom":"","ocean_display_top_bar":"default","ocean_display_header":"default","ocean_header_style":"","ocean_center_header_left_menu":"0","ocean_custom_header_template":"0","ocean_custom_logo":0,"ocean_custom_retina_logo":0,"ocean_custom_logo_max_width":0,"ocean_custom_logo_tablet_max_width":0,"ocean_custom_logo_mobile_max_width":0,"ocean_custom_logo_max_height":0,"ocean_custom_logo_tablet_max_height":0,"ocean_custom_logo_mobile_max_height":0,"ocean_header_custom_menu":"0","ocean_menu_typo_font_family":"0","ocean_menu_typo_font_subset":"","ocean_menu_typo_font_size":0,"ocean_menu_typo_font_size_tablet":0,"ocean_menu_typo_font_size_mobile":0,"ocean_menu_typo_font_size_unit":"px","ocean_menu_typo_font_weight":"","ocean_menu_typo_font_weight_tablet":"","ocean_menu_typo_font_weight_mobile":"","ocean_menu_typo_transform":"","ocean_menu_typo_transform_tablet":"","ocean_menu_typo_transform_mobile":"","ocean_menu_typo_line_height":0,"ocean_menu_typo_line_height_tablet":0,"ocean_menu_typo_line_height_mobile":0,"ocean_menu_typo_line_height_unit":"","ocean_menu_typo_spacing":0,"ocean_menu_typo_spacing_tablet":0,"ocean_menu_typo_spacing_mobile":0,"ocean_menu_typo_spacing_unit":"","ocean_menu_link_color":"","ocean_menu_link_color_hover":"","ocean_menu_link_color_active":"","ocean_menu_link_background":"","ocean_menu_link_hover_background":"","ocean_menu_link_active_background":"","ocean_menu_social_links_bg":"","ocean_menu_social_hover_links_bg":"","ocean_menu_social_links_color":"","ocean_menu_social_hover_links_color":"","ocean_disable_title":"default","ocean_disable_heading":"default","ocean_post_title":"","ocean_post_subheading":"","ocean_post_title_style":"","ocean_post_title_background_color":"","ocean_post_title_background":0,"ocean_post_title_bg_image_position":"","ocean_post_title_bg_image_attachment":"","ocean_post_title_bg_image_repeat":"","ocean_post_title_bg_image_size":"","ocean_post_title_height":0,"ocean_post_title_bg_overlay":0.5,"ocean_post_title_bg_overlay_color":"","ocean_disable_breadcrumbs":"default","ocean_breadcrumbs_color":"","ocean_breadcrumbs_separator_color":"","ocean_breadcrumbs_links_color":"","ocean_breadcrumbs_links_hover_color":"","ocean_display_footer_widgets":"default","ocean_display_footer_bottom":"default","ocean_custom_footer_template":"0","ocean_post_oembed":"","ocean_post_self_hosted_media":"","ocean_post_video_embed":"","ocean_link_format":"","ocean_link_format_target":"self","ocean_quote_format":"","ocean_quote_format_link":"post","ocean_gallery_link_images":"on","ocean_gallery_id":[],"footnotes":""},"categories":[2,35],"tags":[],"post_folder":[],"class_list":["post-8973","post","type-post","status-publish","format-standard","has-post-thumbnail","hentry","category-actions-greves-manifs","category-communiques-retraites","entry","has-media"],"yoast_head":"<!-- This site is optimized with the Yoast SEO plugin v27.4 - https:\/\/yoast.com\/product\/yoast-seo-wordpress\/ -->\n<title>Retrait\u00e9\u00b7e\u00b7s : Rassemblements et manifestations le 24 octobre - HAUTS-DE-FRANCE<\/title>\n<meta name=\"robots\" content=\"index, follow, max-snippet:-1, max-image-preview:large, max-video-preview:-1\" \/>\n<link rel=\"canonical\" href=\"https:\/\/regions-snetap-fsu.fr\/hdf\/2023\/10\/23\/retraite\u00b7e\u00b7s-rassemblements-et-manifestations-le-24-octobre\/\" \/>\n<meta property=\"og:locale\" content=\"fr_FR\" \/>\n<meta property=\"og:type\" content=\"article\" \/>\n<meta property=\"og:title\" content=\"Retrait\u00e9\u00b7e\u00b7s : Rassemblements et manifestations le 24 octobre - HAUTS-DE-FRANCE\" \/>\n<meta property=\"og:description\" content=\"Retrait\u00e9\u00b7e\u00b7s : Rassemblements et manifestations le 24 octobre + 10% d&rsquo;augmentation imm\u00e9diate en 2023 de nos retraites et pensions Lille : Beauvais : 1- Les retrait\u00e9\u00b7e\u00b7s seront mobilis\u00e9\u00b7es dans l\u2019Oise mardi 24 octobre dans le cadre d\u2019une journ\u00e9e d\u2019action nationale pour r\u00e9clamer +10% d\u2019augmentation imm\u00e9diate en 2023 sur les salaires et les pensions ! Le [&hellip;]\" \/>\n<meta property=\"og:url\" content=\"https:\/\/regions-snetap-fsu.fr\/hdf\/2023\/10\/23\/retraite\u00b7e\u00b7s-rassemblements-et-manifestations-le-24-octobre\/\" \/>\n<meta property=\"og:site_name\" content=\"HAUTS-DE-FRANCE\" \/>\n<meta property=\"article:published_time\" content=\"2023-10-23T14:47:14+00:00\" \/>\n<meta property=\"article:modified_time\" content=\"2023-10-23T14:58:54+00:00\" \/>\n<meta property=\"og:image\" content=\"https:\/\/regions-snetap-fsu.fr\/hdf\/wp-content\/uploads\/sites\/5\/2021\/01\/Rassemblements.jpg\" \/>\n\t<meta property=\"og:image:width\" content=\"435\" \/>\n\t<meta property=\"og:image:height\" content=\"200\" \/>\n\t<meta property=\"og:image:type\" content=\"image\/jpeg\" \/>\n<meta name=\"author\" content=\"Regis Martinage\" \/>\n<meta name=\"twitter:card\" content=\"summary_large_image\" \/>\n<meta name=\"twitter:creator\" content=\"@MartinageSnetap\" \/>\n<meta name=\"twitter:site\" content=\"@MartinageSnetap\" \/>\n<meta name=\"twitter:label1\" content=\"\u00c9crit par\" \/>\n\t<meta name=\"twitter:data1\" content=\"Regis Martinage\" \/>\n\t<meta name=\"twitter:label2\" content=\"Dur\u00e9e de lecture estim\u00e9e\" \/>\n\t<meta name=\"twitter:data2\" content=\"1 minute\" \/>\n<script type=\"application\/ld+json\" class=\"yoast-schema-graph\">{\"@context\":\"https:\\\/\\\/schema.org\",\"@graph\":[{\"@type\":\"Article\",\"@id\":\"https:\\\/\\\/regions-snetap-fsu.fr\\\/hdf\\\/2023\\\/10\\\/23\\\/retraite%c2%b7e%c2%b7s-rassemblements-et-manifestations-le-24-octobre\\\/#article\",\"isPartOf\":{\"@id\":\"https:\\\/\\\/regions-snetap-fsu.fr\\\/hdf\\\/2023\\\/10\\\/23\\\/retraite%c2%b7e%c2%b7s-rassemblements-et-manifestations-le-24-octobre\\\/\"},\"author\":{\"name\":\"Regis Martinage\",\"@id\":\"https:\\\/\\\/regions-snetap-fsu.fr\\\/hdf\\\/#\\\/schema\\\/person\\\/fa09b77e508eb2889a1c2dd6f4cf3149\"},\"headline\":\"Retrait\u00e9\u00b7e\u00b7s : Rassemblements et manifestations le 24 octobre\",\"datePublished\":\"2023-10-23T14:47:14+00:00\",\"dateModified\":\"2023-10-23T14:58:54+00:00\",\"mainEntityOfPage\":{\"@id\":\"https:\\\/\\\/regions-snetap-fsu.fr\\\/hdf\\\/2023\\\/10\\\/23\\\/retraite%c2%b7e%c2%b7s-rassemblements-et-manifestations-le-24-octobre\\\/\"},\"wordCount\":304,\"publisher\":{\"@id\":\"https:\\\/\\\/regions-snetap-fsu.fr\\\/hdf\\\/#organization\"},\"image\":{\"@id\":\"https:\\\/\\\/regions-snetap-fsu.fr\\\/hdf\\\/2023\\\/10\\\/23\\\/retraite%c2%b7e%c2%b7s-rassemblements-et-manifestations-le-24-octobre\\\/#primaryimage\"},\"thumbnailUrl\":\"https:\\\/\\\/regions-snetap-fsu.fr\\\/hdf\\\/wp-content\\\/uploads\\\/sites\\\/5\\\/2021\\\/01\\\/Rassemblements.jpg\",\"articleSection\":[\"Actions - Gr\u00e8ves - Manifs\",\"Communiqu\u00e9s retraites\"],\"inLanguage\":\"fr-FR\"},{\"@type\":\"WebPage\",\"@id\":\"https:\\\/\\\/regions-snetap-fsu.fr\\\/hdf\\\/2023\\\/10\\\/23\\\/retraite%c2%b7e%c2%b7s-rassemblements-et-manifestations-le-24-octobre\\\/\",\"url\":\"https:\\\/\\\/regions-snetap-fsu.fr\\\/hdf\\\/2023\\\/10\\\/23\\\/retraite%c2%b7e%c2%b7s-rassemblements-et-manifestations-le-24-octobre\\\/\",\"name\":\"Retrait\u00e9\u00b7e\u00b7s : Rassemblements et manifestations le 24 octobre - HAUTS-DE-FRANCE\",\"isPartOf\":{\"@id\":\"https:\\\/\\\/regions-snetap-fsu.fr\\\/hdf\\\/#website\"},\"primaryImageOfPage\":{\"@id\":\"https:\\\/\\\/regions-snetap-fsu.fr\\\/hdf\\\/2023\\\/10\\\/23\\\/retraite%c2%b7e%c2%b7s-rassemblements-et-manifestations-le-24-octobre\\\/#primaryimage\"},\"image\":{\"@id\":\"https:\\\/\\\/regions-snetap-fsu.fr\\\/hdf\\\/2023\\\/10\\\/23\\\/retraite%c2%b7e%c2%b7s-rassemblements-et-manifestations-le-24-octobre\\\/#primaryimage\"},\"thumbnailUrl\":\"https:\\\/\\\/regions-snetap-fsu.fr\\\/hdf\\\/wp-content\\\/uploads\\\/sites\\\/5\\\/2021\\\/01\\\/Rassemblements.jpg\",\"datePublished\":\"2023-10-23T14:47:14+00:00\",\"dateModified\":\"2023-10-23T14:58:54+00:00\",\"breadcrumb\":{\"@id\":\"https:\\\/\\\/regions-snetap-fsu.fr\\\/hdf\\\/2023\\\/10\\\/23\\\/retraite%c2%b7e%c2%b7s-rassemblements-et-manifestations-le-24-octobre\\\/#breadcrumb\"},\"inLanguage\":\"fr-FR\",\"potentialAction\":[{\"@type\":\"ReadAction\",\"target\":[\"https:\\\/\\\/regions-snetap-fsu.fr\\\/hdf\\\/2023\\\/10\\\/23\\\/retraite%c2%b7e%c2%b7s-rassemblements-et-manifestations-le-24-octobre\\\/\"]}]},{\"@type\":\"ImageObject\",\"inLanguage\":\"fr-FR\",\"@id\":\"https:\\\/\\\/regions-snetap-fsu.fr\\\/hdf\\\/2023\\\/10\\\/23\\\/retraite%c2%b7e%c2%b7s-rassemblements-et-manifestations-le-24-octobre\\\/#primaryimage\",\"url\":\"https:\\\/\\\/regions-snetap-fsu.fr\\\/hdf\\\/wp-content\\\/uploads\\\/sites\\\/5\\\/2021\\\/01\\\/Rassemblements.jpg\",\"contentUrl\":\"https:\\\/\\\/regions-snetap-fsu.fr\\\/hdf\\\/wp-content\\\/uploads\\\/sites\\\/5\\\/2021\\\/01\\\/Rassemblements.jpg\",\"width\":435,\"height\":200},{\"@type\":\"BreadcrumbList\",\"@id\":\"https:\\\/\\\/regions-snetap-fsu.fr\\\/hdf\\\/2023\\\/10\\\/23\\\/retraite%c2%b7e%c2%b7s-rassemblements-et-manifestations-le-24-octobre\\\/#breadcrumb\",\"itemListElement\":[{\"@type\":\"ListItem\",\"position\":1,\"name\":\"Accueil\",\"item\":\"https:\\\/\\\/regions-snetap-fsu.fr\\\/hdf\\\/\"},{\"@type\":\"ListItem\",\"position\":2,\"name\":\"Actions - Gr\u00e8ves - Manifs\",\"item\":\"https:\\\/\\\/regions-snetap-fsu.fr\\\/hdf\\\/category\\\/actions-greves-manifs\\\/\"},{\"@type\":\"ListItem\",\"position\":3,\"name\":\"Retrait\u00e9\u00b7e\u00b7s : Rassemblements et manifestations le 24 octobre\"}]},{\"@type\":\"WebSite\",\"@id\":\"https:\\\/\\\/regions-snetap-fsu.fr\\\/hdf\\\/#website\",\"url\":\"https:\\\/\\\/regions-snetap-fsu.fr\\\/hdf\\\/\",\"name\":\"HAUTS-DE-FRANCE\",\"description\":\"Section r\u00e9gionale\",\"publisher\":{\"@id\":\"https:\\\/\\\/regions-snetap-fsu.fr\\\/hdf\\\/#organization\"},\"potentialAction\":[{\"@type\":\"SearchAction\",\"target\":{\"@type\":\"EntryPoint\",\"urlTemplate\":\"https:\\\/\\\/regions-snetap-fsu.fr\\\/hdf\\\/?s={search_term_string}\"},\"query-input\":{\"@type\":\"PropertyValueSpecification\",\"valueRequired\":true,\"valueName\":\"search_term_string\"}}],\"inLanguage\":\"fr-FR\"},{\"@type\":\"Organization\",\"@id\":\"https:\\\/\\\/regions-snetap-fsu.fr\\\/hdf\\\/#organization\",\"name\":\"SNETAP-FSU - HAUTS-DE-FRANCE\",\"url\":\"https:\\\/\\\/regions-snetap-fsu.fr\\\/hdf\\\/\",\"logo\":{\"@type\":\"ImageObject\",\"inLanguage\":\"fr-FR\",\"@id\":\"https:\\\/\\\/regions-snetap-fsu.fr\\\/hdf\\\/#\\\/schema\\\/logo\\\/image\\\/\",\"url\":\"https:\\\/\\\/regions-snetap-fsu.fr\\\/hdf\\\/wp-content\\\/uploads\\\/sites\\\/5\\\/2020\\\/12\\\/SNETAP-Logo.jpg\",\"contentUrl\":\"https:\\\/\\\/regions-snetap-fsu.fr\\\/hdf\\\/wp-content\\\/uploads\\\/sites\\\/5\\\/2020\\\/12\\\/SNETAP-Logo.jpg\",\"width\":464,\"height\":334,\"caption\":\"SNETAP-FSU - HAUTS-DE-FRANCE\"},\"image\":{\"@id\":\"https:\\\/\\\/regions-snetap-fsu.fr\\\/hdf\\\/#\\\/schema\\\/logo\\\/image\\\/\"},\"sameAs\":[\"https:\\\/\\\/x.com\\\/MartinageSnetap\"]},{\"@type\":\"Person\",\"@id\":\"https:\\\/\\\/regions-snetap-fsu.fr\\\/hdf\\\/#\\\/schema\\\/person\\\/fa09b77e508eb2889a1c2dd6f4cf3149\",\"name\":\"Regis Martinage\",\"image\":{\"@type\":\"ImageObject\",\"inLanguage\":\"fr-FR\",\"@id\":\"https:\\\/\\\/secure.gravatar.com\\\/avatar\\\/7ae2aaabfe5b8d5c7b9361e91002ca9ec93c38c63c9a1d06ae19f03a5dc70dd7?s=96&d=mm&r=g\",\"url\":\"https:\\\/\\\/secure.gravatar.com\\\/avatar\\\/7ae2aaabfe5b8d5c7b9361e91002ca9ec93c38c63c9a1d06ae19f03a5dc70dd7?s=96&d=mm&r=g\",\"contentUrl\":\"https:\\\/\\\/secure.gravatar.com\\\/avatar\\\/7ae2aaabfe5b8d5c7b9361e91002ca9ec93c38c63c9a1d06ae19f03a5dc70dd7?s=96&d=mm&r=g\",\"caption\":\"Regis Martinage\"},\"url\":\"https:\\\/\\\/regions-snetap-fsu.fr\\\/hdf\\\/author\\\/r-martinage\\\/\"}]}<\/script>\n<!-- \/ Yoast SEO plugin. -->","yoast_head_json":{"title":"Retrait\u00e9\u00b7e\u00b7s : Rassemblements et manifestations le 24 octobre - HAUTS-DE-FRANCE","robots":{"index":"index","follow":"follow","max-snippet":"max-snippet:-1","max-image-preview":"max-image-preview:large","max-video-preview":"max-video-preview:-1"},"canonical":"https:\/\/regions-snetap-fsu.fr\/hdf\/2023\/10\/23\/retraite\u00b7e\u00b7s-rassemblements-et-manifestations-le-24-octobre\/","og_locale":"fr_FR","og_type":"article","og_title":"Retrait\u00e9\u00b7e\u00b7s : Rassemblements et manifestations le 24 octobre - HAUTS-DE-FRANCE","og_description":"Retrait\u00e9\u00b7e\u00b7s : Rassemblements et manifestations le 24 octobre + 10% d&rsquo;augmentation imm\u00e9diate en 2023 de nos retraites et pensions Lille : Beauvais : 1- Les retrait\u00e9\u00b7e\u00b7s seront mobilis\u00e9\u00b7es dans l\u2019Oise mardi 24 octobre dans le cadre d\u2019une journ\u00e9e d\u2019action nationale pour r\u00e9clamer +10% d\u2019augmentation imm\u00e9diate en 2023 sur les salaires et les pensions ! Le [&hellip;]","og_url":"https:\/\/regions-snetap-fsu.fr\/hdf\/2023\/10\/23\/retraite\u00b7e\u00b7s-rassemblements-et-manifestations-le-24-octobre\/","og_site_name":"HAUTS-DE-FRANCE","article_published_time":"2023-10-23T14:47:14+00:00","article_modified_time":"2023-10-23T14:58:54+00:00","og_image":[{"width":435,"height":200,"url":"https:\/\/regions-snetap-fsu.fr\/hdf\/wp-content\/uploads\/sites\/5\/2021\/01\/Rassemblements.jpg","type":"image\/jpeg"}],"author":"Regis Martinage","twitter_card":"summary_large_image","twitter_creator":"@MartinageSnetap","twitter_site":"@MartinageSnetap","twitter_misc":{"\u00c9crit par":"Regis Martinage","Dur\u00e9e de lecture estim\u00e9e":"1 minute"},"schema":{"@context":"https:\/\/schema.org","@graph":[{"@type":"Article","@id":"https:\/\/regions-snetap-fsu.fr\/hdf\/2023\/10\/23\/retraite%c2%b7e%c2%b7s-rassemblements-et-manifestations-le-24-octobre\/#article","isPartOf":{"@id":"https:\/\/regions-snetap-fsu.fr\/hdf\/2023\/10\/23\/retraite%c2%b7e%c2%b7s-rassemblements-et-manifestations-le-24-octobre\/"},"author":{"name":"Regis Martinage","@id":"https:\/\/regions-snetap-fsu.fr\/hdf\/#\/schema\/person\/fa09b77e508eb2889a1c2dd6f4cf3149"},"headline":"Retrait\u00e9\u00b7e\u00b7s : Rassemblements et manifestations le 24 octobre","datePublished":"2023-10-23T14:47:14+00:00","dateModified":"2023-10-23T14:58:54+00:00","mainEntityOfPage":{"@id":"https:\/\/regions-snetap-fsu.fr\/hdf\/2023\/10\/23\/retraite%c2%b7e%c2%b7s-rassemblements-et-manifestations-le-24-octobre\/"},"wordCount":304,"publisher":{"@id":"https:\/\/regions-snetap-fsu.fr\/hdf\/#organization"},"image":{"@id":"https:\/\/regions-snetap-fsu.fr\/hdf\/2023\/10\/23\/retraite%c2%b7e%c2%b7s-rassemblements-et-manifestations-le-24-octobre\/#primaryimage"},"thumbnailUrl":"https:\/\/regions-snetap-fsu.fr\/hdf\/wp-content\/uploads\/sites\/5\/2021\/01\/Rassemblements.jpg","articleSection":["Actions - Gr\u00e8ves - Manifs","Communiqu\u00e9s retraites"],"inLanguage":"fr-FR"},{"@type":"WebPage","@id":"https:\/\/regions-snetap-fsu.fr\/hdf\/2023\/10\/23\/retraite%c2%b7e%c2%b7s-rassemblements-et-manifestations-le-24-octobre\/","url":"https:\/\/regions-snetap-fsu.fr\/hdf\/2023\/10\/23\/retraite%c2%b7e%c2%b7s-rassemblements-et-manifestations-le-24-octobre\/","name":"Retrait\u00e9\u00b7e\u00b7s : Rassemblements et manifestations le 24 octobre - HAUTS-DE-FRANCE","isPartOf":{"@id":"https:\/\/regions-snetap-fsu.fr\/hdf\/#website"},"primaryImageOfPage":{"@id":"https:\/\/regions-snetap-fsu.fr\/hdf\/2023\/10\/23\/retraite%c2%b7e%c2%b7s-rassemblements-et-manifestations-le-24-octobre\/#primaryimage"},"image":{"@id":"https:\/\/regions-snetap-fsu.fr\/hdf\/2023\/10\/23\/retraite%c2%b7e%c2%b7s-rassemblements-et-manifestations-le-24-octobre\/#primaryimage"},"thumbnailUrl":"https:\/\/regions-snetap-fsu.fr\/hdf\/wp-content\/uploads\/sites\/5\/2021\/01\/Rassemblements.jpg","datePublished":"2023-10-23T14:47:14+00:00","dateModified":"2023-10-23T14:58:54+00:00","breadcrumb":{"@id":"https:\/\/regions-snetap-fsu.fr\/hdf\/2023\/10\/23\/retraite%c2%b7e%c2%b7s-rassemblements-et-manifestations-le-24-octobre\/#breadcrumb"},"inLanguage":"fr-FR","potentialAction":[{"@type":"ReadAction","target":["https:\/\/regions-snetap-fsu.fr\/hdf\/2023\/10\/23\/retraite%c2%b7e%c2%b7s-rassemblements-et-manifestations-le-24-octobre\/"]}]},{"@type":"ImageObject","inLanguage":"fr-FR","@id":"https:\/\/regions-snetap-fsu.fr\/hdf\/2023\/10\/23\/retraite%c2%b7e%c2%b7s-rassemblements-et-manifestations-le-24-octobre\/#primaryimage","url":"https:\/\/regions-snetap-fsu.fr\/hdf\/wp-content\/uploads\/sites\/5\/2021\/01\/Rassemblements.jpg","contentUrl":"https:\/\/regions-snetap-fsu.fr\/hdf\/wp-content\/uploads\/sites\/5\/2021\/01\/Rassemblements.jpg","width":435,"height":200},{"@type":"BreadcrumbList","@id":"https:\/\/regions-snetap-fsu.fr\/hdf\/2023\/10\/23\/retraite%c2%b7e%c2%b7s-rassemblements-et-manifestations-le-24-octobre\/#breadcrumb","itemListElement":[{"@type":"ListItem","position":1,"name":"Accueil","item":"https:\/\/regions-snetap-fsu.fr\/hdf\/"},{"@type":"ListItem","position":2,"name":"Actions - Gr\u00e8ves - Manifs","item":"https:\/\/regions-snetap-fsu.fr\/hdf\/category\/actions-greves-manifs\/"},{"@type":"ListItem","position":3,"name":"Retrait\u00e9\u00b7e\u00b7s : Rassemblements et manifestations le 24 octobre"}]},{"@type":"WebSite","@id":"https:\/\/regions-snetap-fsu.fr\/hdf\/#website","url":"https:\/\/regions-snetap-fsu.fr\/hdf\/","name":"HAUTS-DE-FRANCE","description":"Section r\u00e9gionale","publisher":{"@id":"https:\/\/regions-snetap-fsu.fr\/hdf\/#organization"},"potentialAction":[{"@type":"SearchAction","target":{"@type":"EntryPoint","urlTemplate":"https:\/\/regions-snetap-fsu.fr\/hdf\/?s={search_term_string}"},"query-input":{"@type":"PropertyValueSpecification","valueRequired":true,"valueName":"search_term_string"}}],"inLanguage":"fr-FR"},{"@type":"Organization","@id":"https:\/\/regions-snetap-fsu.fr\/hdf\/#organization","name":"SNETAP-FSU - HAUTS-DE-FRANCE","url":"https:\/\/regions-snetap-fsu.fr\/hdf\/","logo":{"@type":"ImageObject","inLanguage":"fr-FR","@id":"https:\/\/regions-snetap-fsu.fr\/hdf\/#\/schema\/logo\/image\/","url":"https:\/\/regions-snetap-fsu.fr\/hdf\/wp-content\/uploads\/sites\/5\/2020\/12\/SNETAP-Logo.jpg","contentUrl":"https:\/\/regions-snetap-fsu.fr\/hdf\/wp-content\/uploads\/sites\/5\/2020\/12\/SNETAP-Logo.jpg","width":464,"height":334,"caption":"SNETAP-FSU - HAUTS-DE-FRANCE"},"image":{"@id":"https:\/\/regions-snetap-fsu.fr\/hdf\/#\/schema\/logo\/image\/"},"sameAs":["https:\/\/x.com\/MartinageSnetap"]},{"@type":"Person","@id":"https:\/\/regions-snetap-fsu.fr\/hdf\/#\/schema\/person\/fa09b77e508eb2889a1c2dd6f4cf3149","name":"Regis Martinage","image":{"@type":"ImageObject","inLanguage":"fr-FR","@id":"https:\/\/secure.gravatar.com\/avatar\/7ae2aaabfe5b8d5c7b9361e91002ca9ec93c38c63c9a1d06ae19f03a5dc70dd7?s=96&d=mm&r=g","url":"https:\/\/secure.gravatar.com\/avatar\/7ae2aaabfe5b8d5c7b9361e91002ca9ec93c38c63c9a1d06ae19f03a5dc70dd7?s=96&d=mm&r=g","contentUrl":"https:\/\/secure.gravatar.com\/avatar\/7ae2aaabfe5b8d5c7b9361e91002ca9ec93c38c63c9a1d06ae19f03a5dc70dd7?s=96&d=mm&r=g","caption":"Regis Martinage"},"url":"https:\/\/regions-snetap-fsu.fr\/hdf\/author\/r-martinage\/"}]}},"_links":{"self":[{"href":"https:\/\/regions-snetap-fsu.fr\/hdf\/wp-json\/wp\/v2\/posts\/8973","targetHints":{"allow":["GET"]}}],"collection":[{"href":"https:\/\/regions-snetap-fsu.fr\/hdf\/wp-json\/wp\/v2\/posts"}],"about":[{"href":"https:\/\/regions-snetap-fsu.fr\/hdf\/wp-json\/wp\/v2\/types\/post"}],"author":[{"embeddable":true,"href":"https:\/\/regions-snetap-fsu.fr\/hdf\/wp-json\/wp\/v2\/users\/88"}],"replies":[{"embeddable":true,"href":"https:\/\/regions-snetap-fsu.fr\/hdf\/wp-json\/wp\/v2\/comments?post=8973"}],"version-history":[{"count":4,"href":"https:\/\/regions-snetap-fsu.fr\/hdf\/wp-json\/wp\/v2\/posts\/8973\/revisions"}],"predecessor-version":[{"id":8978,"href":"https:\/\/regions-snetap-fsu.fr\/hdf\/wp-json\/wp\/v2\/posts\/8973\/revisions\/8978"}],"wp:featuredmedia":[{"embeddable":true,"href":"https:\/\/regions-snetap-fsu.fr\/hdf\/wp-json\/wp\/v2\/media\/6180"}],"wp:attachment":[{"href":"https:\/\/regions-snetap-fsu.fr\/hdf\/wp-json\/wp\/v2\/media?parent=8973"}],"wp:term":[{"taxonomy":"category","embeddable":true,"href":"https:\/\/regions-snetap-fsu.fr\/hdf\/wp-json\/wp\/v2\/categories?post=8973"},{"taxonomy":"post_tag","embeddable":true,"href":"https:\/\/regions-snetap-fsu.fr\/hdf\/wp-json\/wp\/v2\/tags?post=8973"},{"taxonomy":"post_folder","embeddable":true,"href":"https:\/\/regions-snetap-fsu.fr\/hdf\/wp-json\/wp\/v2\/post_folder?post=8973"}],"curies":[{"name":"wp","href":"https:\/\/api.w.org\/{rel}","templated":true}]}}