{"id":8865,"date":"2023-07-11T10:10:12","date_gmt":"2023-07-11T08:10:12","guid":{"rendered":"https:\/\/regions-snetap-fsu.fr\/hdf\/?p=8865"},"modified":"2023-07-11T10:10:12","modified_gmt":"2023-07-11T08:10:12","slug":"formation-specialisee-du-csarea-du-7-juin-2023","status":"publish","type":"post","link":"https:\/\/regions-snetap-fsu.fr\/hdf\/2023\/07\/11\/formation-specialisee-du-csarea-du-7-juin-2023\/","title":{"rendered":"Formation Sp\u00e9cialis\u00e9e du CSAREA du 7 juin 2023"},"content":{"rendered":"<h2 style=\"text-align: center\"><span style=\"font-family: tahoma, arial, helvetica, sans-serif;color: #ff0000\">Formation Sp\u00e9cialis\u00e9e du CSAREA du 7 juin 2023<\/span><\/h2>\n<p style=\"text-align: justify\"><span style=\"font-family: tahoma, arial, helvetica, sans-serif;color: #129447\">Le 7 juin 2023, la formation sp\u00e9cialis\u00e9e du CSAREA s&rsquo;est r\u00e9unie en pr\u00e9sence exclusive des repr\u00e9sentants de l&rsquo;\u00c9lan Commun. L&rsquo;objectif principal de cette s\u00e9ance \u00e9tait d&rsquo;examiner les modalit\u00e9s de fonctionnement de la formation sp\u00e9cialis\u00e9e du CSAREA ainsi que des COHS.<\/span><\/p>\n<p style=\"text-align: justify\"><span style=\"font-family: tahoma, arial, helvetica, sans-serif;color: #129447\">Nous avons constat\u00e9 que le cadre propos\u00e9 est insuffisant et nous aspirons \u00e0 mettre en place un r\u00e8glement int\u00e9rieur plus ambitieux pour favoriser le dialogue social en mati\u00e8re d&rsquo;hygi\u00e8ne et de s\u00e9curit\u00e9. Nous avons \u00e9galement soulign\u00e9 les dysfonctionnements observ\u00e9s dans les CHSCT pr\u00e9c\u00e9dents et propos\u00e9 des pistes d&rsquo;am\u00e9lioration.<\/span><\/p>\n<p style=\"text-align: justify\"><span style=\"font-family: tahoma, arial, helvetica, sans-serif;color: #129447\">Les projets \u00e9labor\u00e9s seront communiqu\u00e9s aux agent\u00b7e\u00b7s des \u00e9tablissements concern\u00e9\u00b7e\u00b7s dans un d\u00e9lai d&rsquo;un mois. Une analyse du document unique d&rsquo;\u00e9valuation des risques professionnels devra \u00eatre r\u00e9alis\u00e9e.<\/span><\/p>\n<p style=\"text-align: justify\"><span style=\"font-family: tahoma, arial, helvetica, sans-serif;color: #129447\">Nous avons \u00e9galement soutenu le droit de visite et d&rsquo;acc\u00e8s des membres de la formation sp\u00e9cialis\u00e9e aux \u00e9tablissements, le recours \u00e0 un\u00b7e expert\u00b7e et le droit d&rsquo;alerte en cas de danger grave et imminent (DGI).<\/span><\/p>\n<p style=\"text-align: justify\"><span style=\"font-family: tahoma, arial, helvetica, sans-serif;color: #129447\">Nous avons regrett\u00e9 l&rsquo;absence de proc\u00e8s-verbaux des COHS et des registres de sant\u00e9 et de s\u00e9curit\u00e9 au travail (RSST) dans certains \u00e9tablissements. Cela suscite des interrogations quant \u00e0 la r\u00e9alisation effective des COHS. La DRRAF-SRFD s&rsquo;est engag\u00e9e \u00e0 rectifier la situation lors du prochain CODIR.<\/span><\/p>\n<p style=\"text-align: justify\"><span style=\"font-family: tahoma, arial, helvetica, sans-serif;color: #129447\">A notre initiative, les souffrances v\u00e9cues \u00e0 P\u00e9ronne ont \u00e9t\u00e9 port\u00e9es \u00e0 l&rsquo;attention de la formation sp\u00e9cialis\u00e9e avec des t\u00e9moignages poignants. La DRAAF-SRFD semble tr\u00e8s pr\u00e9occup\u00e9e et travaille en collaboration avec la DGER et le SRH pour g\u00e9rer cette situation.<\/span><\/p>\n<p style=\"text-align: justify\"><span style=\"color: #129447\"><span style=\"font-family: tahoma, arial, helvetica, sans-serif\">Nous avons \u00e9galement \u00e9voqu\u00e9 le probl\u00e8me de conventionnement avec la m\u00e9decine du travail pour les ACB de Douai, ainsi que l&rsquo;absence de suivi de reprise du travail dans certains \u00e9tablissements. Si ce probl\u00e8me se pr\u00e9sente \u00e9galement dans d&rsquo;autres \u00e9tablissements, nous vous encourageons \u00e0 interpeller <\/span><span style=\"font-family: tahoma, arial, helvetica, sans-serif\">les membres de l&rsquo;\u00c9lan Commun<\/span><span style=\"font-family: tahoma, arial, helvetica, sans-serif\">.<\/span><\/span><\/p>\n<p style=\"text-align: justify\"><span style=\"font-family: tahoma, arial, helvetica, sans-serif;color: #129447\">Concernant les probl\u00e8mes d&rsquo;hygi\u00e8ne et de s\u00e9curit\u00e9 li\u00e9s aux locaux du site de St Omer, suite \u00e0 l&rsquo;ouverture d&rsquo;une classe de 3<sup>\u00e8me<\/sup> et \u00e0 l&rsquo;augmentation des effectifs, la DRAAF-SRFD nous a inform\u00e9s qu&rsquo;une r\u00e9union avec la R\u00e9gion est pr\u00e9vue pour discuter des investissements n\u00e9cessaires.<\/span><\/p>\n<p style=\"text-align: justify\"><span style=\"font-family: tahoma, arial, helvetica, sans-serif;color: #129447\">Pour Cr\u00e9zancy, nous avons demand\u00e9 que le DGI soit inscrit \u00e0 l&rsquo;ordre du jour des prochaines s\u00e9ances de la formation sp\u00e9cialis\u00e9e jusqu&rsquo;\u00e0 ce que le dossier soit r\u00e9solu.<\/span><\/p>\n<p style=\"text-align: justify\"><span style=\"color: #129447;font-family: tahoma, arial, helvetica, sans-serif\">Enfin, une pr\u00e9sentation des conseils m\u00e9dicaux et de leurs \u00e9lections a \u00e9t\u00e9 r\u00e9alis\u00e9e lors de la s\u00e9ance.<\/span><\/p>\n","protected":false},"excerpt":{"rendered":"<p>Formation Sp\u00e9cialis\u00e9e du CSAREA du 7 juin 2023 Le 7 juin 2023, la formation sp\u00e9cialis\u00e9e du CSAREA s&rsquo;est r\u00e9unie en pr\u00e9sence exclusive des repr\u00e9sentants de l&rsquo;\u00c9lan Commun. L&rsquo;objectif principal de cette s\u00e9ance \u00e9tait d&rsquo;examiner les modalit\u00e9s de fonctionnement de la formation sp\u00e9cialis\u00e9e du CSAREA ainsi que des COHS. Nous avons constat\u00e9 que le cadre propos\u00e9 [&hellip;]<\/p>\n","protected":false},"author":88,"featured_media":8870,"comment_status":"closed","ping_status":"closed","sticky":false,"template":"","format":"standard","meta":{"ocean_post_layout":"","ocean_both_sidebars_style":"","ocean_both_sidebars_content_width":0,"ocean_both_sidebars_sidebars_width":0,"ocean_sidebar":"0","ocean_second_sidebar":"0","ocean_disable_margins":"enable","ocean_add_body_class":"","ocean_shortcode_before_top_bar":"","ocean_shortcode_after_top_bar":"","ocean_shortcode_before_header":"","ocean_shortcode_after_header":"","ocean_has_shortcode":"","ocean_shortcode_after_title":"","ocean_shortcode_before_footer_widgets":"","ocean_shortcode_after_footer_widgets":"","ocean_shortcode_before_footer_bottom":"","ocean_shortcode_after_footer_bottom":"","ocean_display_top_bar":"default","ocean_display_header":"default","ocean_header_style":"","ocean_center_header_left_menu":"0","ocean_custom_header_template":"0","ocean_custom_logo":0,"ocean_custom_retina_logo":0,"ocean_custom_logo_max_width":0,"ocean_custom_logo_tablet_max_width":0,"ocean_custom_logo_mobile_max_width":0,"ocean_custom_logo_max_height":0,"ocean_custom_logo_tablet_max_height":0,"ocean_custom_logo_mobile_max_height":0,"ocean_header_custom_menu":"0","ocean_menu_typo_font_family":"0","ocean_menu_typo_font_subset":"","ocean_menu_typo_font_size":0,"ocean_menu_typo_font_size_tablet":0,"ocean_menu_typo_font_size_mobile":0,"ocean_menu_typo_font_size_unit":"px","ocean_menu_typo_font_weight":"","ocean_menu_typo_font_weight_tablet":"","ocean_menu_typo_font_weight_mobile":"","ocean_menu_typo_transform":"","ocean_menu_typo_transform_tablet":"","ocean_menu_typo_transform_mobile":"","ocean_menu_typo_line_height":0,"ocean_menu_typo_line_height_tablet":0,"ocean_menu_typo_line_height_mobile":0,"ocean_menu_typo_line_height_unit":"","ocean_menu_typo_spacing":0,"ocean_menu_typo_spacing_tablet":0,"ocean_menu_typo_spacing_mobile":0,"ocean_menu_typo_spacing_unit":"","ocean_menu_link_color":"","ocean_menu_link_color_hover":"","ocean_menu_link_color_active":"","ocean_menu_link_background":"","ocean_menu_link_hover_background":"","ocean_menu_link_active_background":"","ocean_menu_social_links_bg":"","ocean_menu_social_hover_links_bg":"","ocean_menu_social_links_color":"","ocean_menu_social_hover_links_color":"","ocean_disable_title":"default","ocean_disable_heading":"default","ocean_post_title":"","ocean_post_subheading":"","ocean_post_title_style":"","ocean_post_title_background_color":"","ocean_post_title_background":0,"ocean_post_title_bg_image_position":"","ocean_post_title_bg_image_attachment":"","ocean_post_title_bg_image_repeat":"","ocean_post_title_bg_image_size":"","ocean_post_title_height":0,"ocean_post_title_bg_overlay":0.5,"ocean_post_title_bg_overlay_color":"","ocean_disable_breadcrumbs":"default","ocean_breadcrumbs_color":"","ocean_breadcrumbs_separator_color":"","ocean_breadcrumbs_links_color":"","ocean_breadcrumbs_links_hover_color":"","ocean_display_footer_widgets":"default","ocean_display_footer_bottom":"default","ocean_custom_footer_template":"0","ocean_post_oembed":"","ocean_post_self_hosted_media":"","ocean_post_video_embed":"","ocean_link_format":"","ocean_link_format_target":"self","ocean_quote_format":"","ocean_quote_format_link":"post","ocean_gallery_link_images":"off","ocean_gallery_id":[],"footnotes":""},"categories":[77],"tags":[],"post_folder":[],"class_list":["post-8865","post","type-post","status-publish","format-standard","has-post-thumbnail","hentry","category-fs-csarea","entry","has-media"],"yoast_head":"<!-- This site is optimized with the Yoast SEO plugin v27.4 - https:\/\/yoast.com\/product\/yoast-seo-wordpress\/ -->\n<title>Formation Sp\u00e9cialis\u00e9e du CSAREA du 7 juin 2023 - HAUTS-DE-FRANCE<\/title>\n<meta name=\"robots\" content=\"index, follow, max-snippet:-1, max-image-preview:large, max-video-preview:-1\" \/>\n<link rel=\"canonical\" href=\"https:\/\/regions-snetap-fsu.fr\/hdf\/2023\/07\/11\/formation-specialisee-du-csarea-du-7-juin-2023\/\" \/>\n<meta property=\"og:locale\" content=\"fr_FR\" \/>\n<meta property=\"og:type\" content=\"article\" \/>\n<meta property=\"og:title\" content=\"Formation Sp\u00e9cialis\u00e9e du CSAREA du 7 juin 2023 - HAUTS-DE-FRANCE\" \/>\n<meta property=\"og:description\" content=\"Formation Sp\u00e9cialis\u00e9e du CSAREA du 7 juin 2023 Le 7 juin 2023, la formation sp\u00e9cialis\u00e9e du CSAREA s&rsquo;est r\u00e9unie en pr\u00e9sence exclusive des repr\u00e9sentants de l&rsquo;\u00c9lan Commun. L&rsquo;objectif principal de cette s\u00e9ance \u00e9tait d&rsquo;examiner les modalit\u00e9s de fonctionnement de la formation sp\u00e9cialis\u00e9e du CSAREA ainsi que des COHS. Nous avons constat\u00e9 que le cadre propos\u00e9 [&hellip;]\" \/>\n<meta property=\"og:url\" content=\"https:\/\/regions-snetap-fsu.fr\/hdf\/2023\/07\/11\/formation-specialisee-du-csarea-du-7-juin-2023\/\" \/>\n<meta property=\"og:site_name\" content=\"HAUTS-DE-FRANCE\" \/>\n<meta property=\"article:published_time\" content=\"2023-07-11T08:10:12+00:00\" \/>\n<meta property=\"og:image\" content=\"https:\/\/regions-snetap-fsu.fr\/hdf\/wp-content\/uploads\/sites\/5\/2023\/07\/FSCSA_Elan_Commun.jpg\" \/>\n\t<meta property=\"og:image:width\" content=\"435\" \/>\n\t<meta property=\"og:image:height\" content=\"200\" \/>\n\t<meta property=\"og:image:type\" content=\"image\/jpeg\" \/>\n<meta name=\"author\" content=\"Regis Martinage\" \/>\n<meta name=\"twitter:card\" content=\"summary_large_image\" \/>\n<meta name=\"twitter:creator\" content=\"@MartinageSnetap\" \/>\n<meta name=\"twitter:site\" content=\"@MartinageSnetap\" \/>\n<meta name=\"twitter:label1\" content=\"\u00c9crit par\" \/>\n\t<meta name=\"twitter:data1\" content=\"Regis Martinage\" \/>\n\t<meta name=\"twitter:label2\" content=\"Dur\u00e9e de lecture estim\u00e9e\" \/>\n\t<meta name=\"twitter:data2\" content=\"2 minutes\" \/>\n<script type=\"application\/ld+json\" class=\"yoast-schema-graph\">{\"@context\":\"https:\\\/\\\/schema.org\",\"@graph\":[{\"@type\":\"Article\",\"@id\":\"https:\\\/\\\/regions-snetap-fsu.fr\\\/hdf\\\/2023\\\/07\\\/11\\\/formation-specialisee-du-csarea-du-7-juin-2023\\\/#article\",\"isPartOf\":{\"@id\":\"https:\\\/\\\/regions-snetap-fsu.fr\\\/hdf\\\/2023\\\/07\\\/11\\\/formation-specialisee-du-csarea-du-7-juin-2023\\\/\"},\"author\":{\"name\":\"Regis Martinage\",\"@id\":\"https:\\\/\\\/regions-snetap-fsu.fr\\\/hdf\\\/#\\\/schema\\\/person\\\/fa09b77e508eb2889a1c2dd6f4cf3149\"},\"headline\":\"Formation Sp\u00e9cialis\u00e9e du CSAREA du 7 juin 2023\",\"datePublished\":\"2023-07-11T08:10:12+00:00\",\"mainEntityOfPage\":{\"@id\":\"https:\\\/\\\/regions-snetap-fsu.fr\\\/hdf\\\/2023\\\/07\\\/11\\\/formation-specialisee-du-csarea-du-7-juin-2023\\\/\"},\"wordCount\":468,\"publisher\":{\"@id\":\"https:\\\/\\\/regions-snetap-fsu.fr\\\/hdf\\\/#organization\"},\"image\":{\"@id\":\"https:\\\/\\\/regions-snetap-fsu.fr\\\/hdf\\\/2023\\\/07\\\/11\\\/formation-specialisee-du-csarea-du-7-juin-2023\\\/#primaryimage\"},\"thumbnailUrl\":\"https:\\\/\\\/regions-snetap-fsu.fr\\\/hdf\\\/wp-content\\\/uploads\\\/sites\\\/5\\\/2023\\\/07\\\/FSCSA_Elan_Commun.jpg\",\"articleSection\":[\"F3SCT\"],\"inLanguage\":\"fr-FR\"},{\"@type\":\"WebPage\",\"@id\":\"https:\\\/\\\/regions-snetap-fsu.fr\\\/hdf\\\/2023\\\/07\\\/11\\\/formation-specialisee-du-csarea-du-7-juin-2023\\\/\",\"url\":\"https:\\\/\\\/regions-snetap-fsu.fr\\\/hdf\\\/2023\\\/07\\\/11\\\/formation-specialisee-du-csarea-du-7-juin-2023\\\/\",\"name\":\"Formation Sp\u00e9cialis\u00e9e du CSAREA du 7 juin 2023 - HAUTS-DE-FRANCE\",\"isPartOf\":{\"@id\":\"https:\\\/\\\/regions-snetap-fsu.fr\\\/hdf\\\/#website\"},\"primaryImageOfPage\":{\"@id\":\"https:\\\/\\\/regions-snetap-fsu.fr\\\/hdf\\\/2023\\\/07\\\/11\\\/formation-specialisee-du-csarea-du-7-juin-2023\\\/#primaryimage\"},\"image\":{\"@id\":\"https:\\\/\\\/regions-snetap-fsu.fr\\\/hdf\\\/2023\\\/07\\\/11\\\/formation-specialisee-du-csarea-du-7-juin-2023\\\/#primaryimage\"},\"thumbnailUrl\":\"https:\\\/\\\/regions-snetap-fsu.fr\\\/hdf\\\/wp-content\\\/uploads\\\/sites\\\/5\\\/2023\\\/07\\\/FSCSA_Elan_Commun.jpg\",\"datePublished\":\"2023-07-11T08:10:12+00:00\",\"breadcrumb\":{\"@id\":\"https:\\\/\\\/regions-snetap-fsu.fr\\\/hdf\\\/2023\\\/07\\\/11\\\/formation-specialisee-du-csarea-du-7-juin-2023\\\/#breadcrumb\"},\"inLanguage\":\"fr-FR\",\"potentialAction\":[{\"@type\":\"ReadAction\",\"target\":[\"https:\\\/\\\/regions-snetap-fsu.fr\\\/hdf\\\/2023\\\/07\\\/11\\\/formation-specialisee-du-csarea-du-7-juin-2023\\\/\"]}]},{\"@type\":\"ImageObject\",\"inLanguage\":\"fr-FR\",\"@id\":\"https:\\\/\\\/regions-snetap-fsu.fr\\\/hdf\\\/2023\\\/07\\\/11\\\/formation-specialisee-du-csarea-du-7-juin-2023\\\/#primaryimage\",\"url\":\"https:\\\/\\\/regions-snetap-fsu.fr\\\/hdf\\\/wp-content\\\/uploads\\\/sites\\\/5\\\/2023\\\/07\\\/FSCSA_Elan_Commun.jpg\",\"contentUrl\":\"https:\\\/\\\/regions-snetap-fsu.fr\\\/hdf\\\/wp-content\\\/uploads\\\/sites\\\/5\\\/2023\\\/07\\\/FSCSA_Elan_Commun.jpg\",\"width\":435,\"height\":200},{\"@type\":\"BreadcrumbList\",\"@id\":\"https:\\\/\\\/regions-snetap-fsu.fr\\\/hdf\\\/2023\\\/07\\\/11\\\/formation-specialisee-du-csarea-du-7-juin-2023\\\/#breadcrumb\",\"itemListElement\":[{\"@type\":\"ListItem\",\"position\":1,\"name\":\"Accueil\",\"item\":\"https:\\\/\\\/regions-snetap-fsu.fr\\\/hdf\\\/\"},{\"@type\":\"ListItem\",\"position\":2,\"name\":\"F3SCT\",\"item\":\"https:\\\/\\\/regions-snetap-fsu.fr\\\/hdf\\\/category\\\/fs-csarea\\\/\"},{\"@type\":\"ListItem\",\"position\":3,\"name\":\"Formation Sp\u00e9cialis\u00e9e du CSAREA du 7 juin 2023\"}]},{\"@type\":\"WebSite\",\"@id\":\"https:\\\/\\\/regions-snetap-fsu.fr\\\/hdf\\\/#website\",\"url\":\"https:\\\/\\\/regions-snetap-fsu.fr\\\/hdf\\\/\",\"name\":\"HAUTS-DE-FRANCE\",\"description\":\"Section r\u00e9gionale\",\"publisher\":{\"@id\":\"https:\\\/\\\/regions-snetap-fsu.fr\\\/hdf\\\/#organization\"},\"potentialAction\":[{\"@type\":\"SearchAction\",\"target\":{\"@type\":\"EntryPoint\",\"urlTemplate\":\"https:\\\/\\\/regions-snetap-fsu.fr\\\/hdf\\\/?s={search_term_string}\"},\"query-input\":{\"@type\":\"PropertyValueSpecification\",\"valueRequired\":true,\"valueName\":\"search_term_string\"}}],\"inLanguage\":\"fr-FR\"},{\"@type\":\"Organization\",\"@id\":\"https:\\\/\\\/regions-snetap-fsu.fr\\\/hdf\\\/#organization\",\"name\":\"SNETAP-FSU - HAUTS-DE-FRANCE\",\"url\":\"https:\\\/\\\/regions-snetap-fsu.fr\\\/hdf\\\/\",\"logo\":{\"@type\":\"ImageObject\",\"inLanguage\":\"fr-FR\",\"@id\":\"https:\\\/\\\/regions-snetap-fsu.fr\\\/hdf\\\/#\\\/schema\\\/logo\\\/image\\\/\",\"url\":\"https:\\\/\\\/regions-snetap-fsu.fr\\\/hdf\\\/wp-content\\\/uploads\\\/sites\\\/5\\\/2020\\\/12\\\/SNETAP-Logo.jpg\",\"contentUrl\":\"https:\\\/\\\/regions-snetap-fsu.fr\\\/hdf\\\/wp-content\\\/uploads\\\/sites\\\/5\\\/2020\\\/12\\\/SNETAP-Logo.jpg\",\"width\":464,\"height\":334,\"caption\":\"SNETAP-FSU - HAUTS-DE-FRANCE\"},\"image\":{\"@id\":\"https:\\\/\\\/regions-snetap-fsu.fr\\\/hdf\\\/#\\\/schema\\\/logo\\\/image\\\/\"},\"sameAs\":[\"https:\\\/\\\/x.com\\\/MartinageSnetap\"]},{\"@type\":\"Person\",\"@id\":\"https:\\\/\\\/regions-snetap-fsu.fr\\\/hdf\\\/#\\\/schema\\\/person\\\/fa09b77e508eb2889a1c2dd6f4cf3149\",\"name\":\"Regis Martinage\",\"image\":{\"@type\":\"ImageObject\",\"inLanguage\":\"fr-FR\",\"@id\":\"https:\\\/\\\/secure.gravatar.com\\\/avatar\\\/7ae2aaabfe5b8d5c7b9361e91002ca9ec93c38c63c9a1d06ae19f03a5dc70dd7?s=96&d=mm&r=g\",\"url\":\"https:\\\/\\\/secure.gravatar.com\\\/avatar\\\/7ae2aaabfe5b8d5c7b9361e91002ca9ec93c38c63c9a1d06ae19f03a5dc70dd7?s=96&d=mm&r=g\",\"contentUrl\":\"https:\\\/\\\/secure.gravatar.com\\\/avatar\\\/7ae2aaabfe5b8d5c7b9361e91002ca9ec93c38c63c9a1d06ae19f03a5dc70dd7?s=96&d=mm&r=g\",\"caption\":\"Regis Martinage\"},\"url\":\"https:\\\/\\\/regions-snetap-fsu.fr\\\/hdf\\\/author\\\/r-martinage\\\/\"}]}<\/script>\n<!-- \/ Yoast SEO plugin. -->","yoast_head_json":{"title":"Formation Sp\u00e9cialis\u00e9e du CSAREA du 7 juin 2023 - HAUTS-DE-FRANCE","robots":{"index":"index","follow":"follow","max-snippet":"max-snippet:-1","max-image-preview":"max-image-preview:large","max-video-preview":"max-video-preview:-1"},"canonical":"https:\/\/regions-snetap-fsu.fr\/hdf\/2023\/07\/11\/formation-specialisee-du-csarea-du-7-juin-2023\/","og_locale":"fr_FR","og_type":"article","og_title":"Formation Sp\u00e9cialis\u00e9e du CSAREA du 7 juin 2023 - HAUTS-DE-FRANCE","og_description":"Formation Sp\u00e9cialis\u00e9e du CSAREA du 7 juin 2023 Le 7 juin 2023, la formation sp\u00e9cialis\u00e9e du CSAREA s&rsquo;est r\u00e9unie en pr\u00e9sence exclusive des repr\u00e9sentants de l&rsquo;\u00c9lan Commun. L&rsquo;objectif principal de cette s\u00e9ance \u00e9tait d&rsquo;examiner les modalit\u00e9s de fonctionnement de la formation sp\u00e9cialis\u00e9e du CSAREA ainsi que des COHS. Nous avons constat\u00e9 que le cadre propos\u00e9 [&hellip;]","og_url":"https:\/\/regions-snetap-fsu.fr\/hdf\/2023\/07\/11\/formation-specialisee-du-csarea-du-7-juin-2023\/","og_site_name":"HAUTS-DE-FRANCE","article_published_time":"2023-07-11T08:10:12+00:00","og_image":[{"width":435,"height":200,"url":"https:\/\/regions-snetap-fsu.fr\/hdf\/wp-content\/uploads\/sites\/5\/2023\/07\/FSCSA_Elan_Commun.jpg","type":"image\/jpeg"}],"author":"Regis Martinage","twitter_card":"summary_large_image","twitter_creator":"@MartinageSnetap","twitter_site":"@MartinageSnetap","twitter_misc":{"\u00c9crit par":"Regis Martinage","Dur\u00e9e de lecture estim\u00e9e":"2 minutes"},"schema":{"@context":"https:\/\/schema.org","@graph":[{"@type":"Article","@id":"https:\/\/regions-snetap-fsu.fr\/hdf\/2023\/07\/11\/formation-specialisee-du-csarea-du-7-juin-2023\/#article","isPartOf":{"@id":"https:\/\/regions-snetap-fsu.fr\/hdf\/2023\/07\/11\/formation-specialisee-du-csarea-du-7-juin-2023\/"},"author":{"name":"Regis Martinage","@id":"https:\/\/regions-snetap-fsu.fr\/hdf\/#\/schema\/person\/fa09b77e508eb2889a1c2dd6f4cf3149"},"headline":"Formation Sp\u00e9cialis\u00e9e du CSAREA du 7 juin 2023","datePublished":"2023-07-11T08:10:12+00:00","mainEntityOfPage":{"@id":"https:\/\/regions-snetap-fsu.fr\/hdf\/2023\/07\/11\/formation-specialisee-du-csarea-du-7-juin-2023\/"},"wordCount":468,"publisher":{"@id":"https:\/\/regions-snetap-fsu.fr\/hdf\/#organization"},"image":{"@id":"https:\/\/regions-snetap-fsu.fr\/hdf\/2023\/07\/11\/formation-specialisee-du-csarea-du-7-juin-2023\/#primaryimage"},"thumbnailUrl":"https:\/\/regions-snetap-fsu.fr\/hdf\/wp-content\/uploads\/sites\/5\/2023\/07\/FSCSA_Elan_Commun.jpg","articleSection":["F3SCT"],"inLanguage":"fr-FR"},{"@type":"WebPage","@id":"https:\/\/regions-snetap-fsu.fr\/hdf\/2023\/07\/11\/formation-specialisee-du-csarea-du-7-juin-2023\/","url":"https:\/\/regions-snetap-fsu.fr\/hdf\/2023\/07\/11\/formation-specialisee-du-csarea-du-7-juin-2023\/","name":"Formation Sp\u00e9cialis\u00e9e du CSAREA du 7 juin 2023 - HAUTS-DE-FRANCE","isPartOf":{"@id":"https:\/\/regions-snetap-fsu.fr\/hdf\/#website"},"primaryImageOfPage":{"@id":"https:\/\/regions-snetap-fsu.fr\/hdf\/2023\/07\/11\/formation-specialisee-du-csarea-du-7-juin-2023\/#primaryimage"},"image":{"@id":"https:\/\/regions-snetap-fsu.fr\/hdf\/2023\/07\/11\/formation-specialisee-du-csarea-du-7-juin-2023\/#primaryimage"},"thumbnailUrl":"https:\/\/regions-snetap-fsu.fr\/hdf\/wp-content\/uploads\/sites\/5\/2023\/07\/FSCSA_Elan_Commun.jpg","datePublished":"2023-07-11T08:10:12+00:00","breadcrumb":{"@id":"https:\/\/regions-snetap-fsu.fr\/hdf\/2023\/07\/11\/formation-specialisee-du-csarea-du-7-juin-2023\/#breadcrumb"},"inLanguage":"fr-FR","potentialAction":[{"@type":"ReadAction","target":["https:\/\/regions-snetap-fsu.fr\/hdf\/2023\/07\/11\/formation-specialisee-du-csarea-du-7-juin-2023\/"]}]},{"@type":"ImageObject","inLanguage":"fr-FR","@id":"https:\/\/regions-snetap-fsu.fr\/hdf\/2023\/07\/11\/formation-specialisee-du-csarea-du-7-juin-2023\/#primaryimage","url":"https:\/\/regions-snetap-fsu.fr\/hdf\/wp-content\/uploads\/sites\/5\/2023\/07\/FSCSA_Elan_Commun.jpg","contentUrl":"https:\/\/regions-snetap-fsu.fr\/hdf\/wp-content\/uploads\/sites\/5\/2023\/07\/FSCSA_Elan_Commun.jpg","width":435,"height":200},{"@type":"BreadcrumbList","@id":"https:\/\/regions-snetap-fsu.fr\/hdf\/2023\/07\/11\/formation-specialisee-du-csarea-du-7-juin-2023\/#breadcrumb","itemListElement":[{"@type":"ListItem","position":1,"name":"Accueil","item":"https:\/\/regions-snetap-fsu.fr\/hdf\/"},{"@type":"ListItem","position":2,"name":"F3SCT","item":"https:\/\/regions-snetap-fsu.fr\/hdf\/category\/fs-csarea\/"},{"@type":"ListItem","position":3,"name":"Formation Sp\u00e9cialis\u00e9e du CSAREA du 7 juin 2023"}]},{"@type":"WebSite","@id":"https:\/\/regions-snetap-fsu.fr\/hdf\/#website","url":"https:\/\/regions-snetap-fsu.fr\/hdf\/","name":"HAUTS-DE-FRANCE","description":"Section r\u00e9gionale","publisher":{"@id":"https:\/\/regions-snetap-fsu.fr\/hdf\/#organization"},"potentialAction":[{"@type":"SearchAction","target":{"@type":"EntryPoint","urlTemplate":"https:\/\/regions-snetap-fsu.fr\/hdf\/?s={search_term_string}"},"query-input":{"@type":"PropertyValueSpecification","valueRequired":true,"valueName":"search_term_string"}}],"inLanguage":"fr-FR"},{"@type":"Organization","@id":"https:\/\/regions-snetap-fsu.fr\/hdf\/#organization","name":"SNETAP-FSU - HAUTS-DE-FRANCE","url":"https:\/\/regions-snetap-fsu.fr\/hdf\/","logo":{"@type":"ImageObject","inLanguage":"fr-FR","@id":"https:\/\/regions-snetap-fsu.fr\/hdf\/#\/schema\/logo\/image\/","url":"https:\/\/regions-snetap-fsu.fr\/hdf\/wp-content\/uploads\/sites\/5\/2020\/12\/SNETAP-Logo.jpg","contentUrl":"https:\/\/regions-snetap-fsu.fr\/hdf\/wp-content\/uploads\/sites\/5\/2020\/12\/SNETAP-Logo.jpg","width":464,"height":334,"caption":"SNETAP-FSU - HAUTS-DE-FRANCE"},"image":{"@id":"https:\/\/regions-snetap-fsu.fr\/hdf\/#\/schema\/logo\/image\/"},"sameAs":["https:\/\/x.com\/MartinageSnetap"]},{"@type":"Person","@id":"https:\/\/regions-snetap-fsu.fr\/hdf\/#\/schema\/person\/fa09b77e508eb2889a1c2dd6f4cf3149","name":"Regis Martinage","image":{"@type":"ImageObject","inLanguage":"fr-FR","@id":"https:\/\/secure.gravatar.com\/avatar\/7ae2aaabfe5b8d5c7b9361e91002ca9ec93c38c63c9a1d06ae19f03a5dc70dd7?s=96&d=mm&r=g","url":"https:\/\/secure.gravatar.com\/avatar\/7ae2aaabfe5b8d5c7b9361e91002ca9ec93c38c63c9a1d06ae19f03a5dc70dd7?s=96&d=mm&r=g","contentUrl":"https:\/\/secure.gravatar.com\/avatar\/7ae2aaabfe5b8d5c7b9361e91002ca9ec93c38c63c9a1d06ae19f03a5dc70dd7?s=96&d=mm&r=g","caption":"Regis Martinage"},"url":"https:\/\/regions-snetap-fsu.fr\/hdf\/author\/r-martinage\/"}]}},"_links":{"self":[{"href":"https:\/\/regions-snetap-fsu.fr\/hdf\/wp-json\/wp\/v2\/posts\/8865","targetHints":{"allow":["GET"]}}],"collection":[{"href":"https:\/\/regions-snetap-fsu.fr\/hdf\/wp-json\/wp\/v2\/posts"}],"about":[{"href":"https:\/\/regions-snetap-fsu.fr\/hdf\/wp-json\/wp\/v2\/types\/post"}],"author":[{"embeddable":true,"href":"https:\/\/regions-snetap-fsu.fr\/hdf\/wp-json\/wp\/v2\/users\/88"}],"replies":[{"embeddable":true,"href":"https:\/\/regions-snetap-fsu.fr\/hdf\/wp-json\/wp\/v2\/comments?post=8865"}],"version-history":[{"count":5,"href":"https:\/\/regions-snetap-fsu.fr\/hdf\/wp-json\/wp\/v2\/posts\/8865\/revisions"}],"predecessor-version":[{"id":9032,"href":"https:\/\/regions-snetap-fsu.fr\/hdf\/wp-json\/wp\/v2\/posts\/8865\/revisions\/9032"}],"wp:featuredmedia":[{"embeddable":true,"href":"https:\/\/regions-snetap-fsu.fr\/hdf\/wp-json\/wp\/v2\/media\/8870"}],"wp:attachment":[{"href":"https:\/\/regions-snetap-fsu.fr\/hdf\/wp-json\/wp\/v2\/media?parent=8865"}],"wp:term":[{"taxonomy":"category","embeddable":true,"href":"https:\/\/regions-snetap-fsu.fr\/hdf\/wp-json\/wp\/v2\/categories?post=8865"},{"taxonomy":"post_tag","embeddable":true,"href":"https:\/\/regions-snetap-fsu.fr\/hdf\/wp-json\/wp\/v2\/tags?post=8865"},{"taxonomy":"post_folder","embeddable":true,"href":"https:\/\/regions-snetap-fsu.fr\/hdf\/wp-json\/wp\/v2\/post_folder?post=8865"}],"curies":[{"name":"wp","href":"https:\/\/api.w.org\/{rel}","templated":true}]}}