{"id":8777,"date":"2023-05-28T17:57:06","date_gmt":"2023-05-28T15:57:06","guid":{"rendered":"https:\/\/regions-snetap-fsu.fr\/hdf\/?p=8777"},"modified":"2023-06-05T12:43:39","modified_gmt":"2023-06-05T10:43:39","slug":"reforme-des-retraites-pacte-ecoles-colleges-lycees-generaux-technologiques-et-professionnels-cest-toujours-non-tous-aux-rassemblements-le-31-mai-tous-en-greve-le-6-juin","status":"publish","type":"post","link":"https:\/\/regions-snetap-fsu.fr\/hdf\/2023\/05\/28\/reforme-des-retraites-pacte-ecoles-colleges-lycees-generaux-technologiques-et-professionnels-cest-toujours-non-tous-aux-rassemblements-le-31-mai-tous-en-greve-le-6-juin\/","title":{"rendered":"R\u00e9forme des retraites, \u00ab Pacte \u00e9coles, coll\u00e8ges, lyc\u00e9es g\u00e9n\u00e9raux, technologiques et professionnels \u00bb : c\u2019est toujours NON ! Tous aux rassemblements le 31 mai, tous en gr\u00e8ve le 6 juin !"},"content":{"rendered":"<h2 class=\"crayon article-titre-8234 surlignable\" style=\"text-align: center\"><span style=\"font-family: tahoma, arial, helvetica, sans-serif;color: #ff0000\">R\u00e9forme des retraites, \u00ab Pacte \u00e9coles, coll\u00e8ges, lyc\u00e9es g\u00e9n\u00e9raux, technologiques et professionnels \u00bb : c\u2019est toujours NON !<\/span><\/h2>\n<h2 class=\"crayon article-titre-8234 surlignable\" style=\"text-align: center\"><span style=\"font-family: tahoma, arial, helvetica, sans-serif;color: #ff0000\">Toutes et tous aux rassemblements le mercredi 31 mai,<\/span><\/h2>\n<h2 class=\"crayon article-titre-8234 surlignable\" style=\"text-align: center\"><span style=\"font-family: tahoma, arial, helvetica, sans-serif;color: #ff0000\">toutes et tous en gr\u00e8ve le mardi 6 juin !<\/span><\/h2>\n<p style=\"text-align: justify\"><span style=\"font-family: tahoma, arial, helvetica, sans-serif;color: #129447\">Esp\u00e9rant nous faire tourner la page des retraites, le ministre Ndiaye a mis \u00e0 l\u2019ordre du jour du Comit\u00e9 Social d\u2019Administration minist\u00e9riel du 31 mai les d\u00e9crets et arr\u00eat\u00e9s sur la \u00ab revalorisation \u00bb et le \u00ab pacte enseignant \u00bb.<\/span><\/p>\n<p style=\"text-align: justify\"><span style=\"font-family: tahoma, arial, helvetica, sans-serif;color: #129447\">Le projet de r\u00e9forme des lyc\u00e9es pros d\u00e9voil\u00e9 jeudi 4 mai, suivi des annonces du ministre de <\/span><span style=\"font-family: tahoma, arial, helvetica, sans-serif;color: #129447\">l\u2019\u00c9ducation nationale concernant des fermetures imminentes de fili\u00e8res, a provoqu\u00e9 stupeur, angoisse et col\u00e8re chez les personnels ; le calendrier brutal sur les fermetures de fili\u00e8res tertiaires, d\u2019ici 2026, laissant craindre des <strong>reconversions forc\u00e9es<\/strong>.<\/span><\/p>\n<p style=\"text-align: justify\"><span style=\"font-family: tahoma, arial, helvetica, sans-serif;color: #129447\">\u00c0 rebours des besoins exprim\u00e9s lors des mobilisations de cet automne, ces projets comporte de <\/span><span style=\"font-family: tahoma, arial, helvetica, sans-serif;color: #129447\">nombreuses <strong>mesures orient\u00e9es vers l\u2019insertion professionnelle au d\u00e9triment de mesures scolaires<\/strong>.<\/span><\/p>\n<p style=\"text-align: justify\"><strong><span style=\"font-family: tahoma, arial, helvetica, sans-serif;color: #129447\">L\u2019intersyndicale voie pro refuse cette vision qui r\u00e9duit l\u2019enseignement sous statut scolaire \u00e0 la seule employabilit\u00e9 imm\u00e9diate.<\/span><\/strong><\/p>\n<p style=\"text-align: justify\"><span style=\"font-family: tahoma, arial, helvetica, sans-serif;color: #129447\"><strong>Le pacte \u00ab enseignant \u00bb va consid\u00e9rablement d\u00e9grader le fonctionnement des lyc\u00e9es et fragiliser les collectifs de travail<\/strong> par une mise en concurrence des personnels. Il devient le bras arm\u00e9 de la r\u00e9forme, vivement contest\u00e9e par les personnels. Loin de contribuer \u00e0 la revalorisation attendue par toutes et tous, il va conduire \u00e0 un alourdissement de la charge de travail des personnels, alors qu\u2019une enqu\u00eate de la DEPP a fait la lumi\u00e8re sur la r\u00e9alit\u00e9 du temps de travail des enseignantes et enseignants (la moiti\u00e9 travaille plus de 43h par semaine) et que des chiffres de l\u2019observatoire du bien-\u00eatre confirment les conditions de travail difficiles pour la profession : la moiti\u00e9 des personnels est en \u00e9tat d\u2019\u00e9puisement avanc\u00e9. Dans le contexte de n\u00e9gociation des nouveaux plans d\u2019action \u00c9galit\u00e9 professionnelle dans notre minist\u00e8re, o\u00f9 la demande sociale est forte, le pacte porte le <strong>risque av\u00e9r\u00e9 d\u2019aggraver les in\u00e9galit\u00e9s femmes\/hommes.<\/strong><\/span><\/p>\n<p style=\"text-align: justify\"><span style=\"font-family: tahoma, arial, helvetica, sans-serif;color: #129447\">Nos organisations contestent le choix du d\u00e9ploiement des r\u00e9formes \u00e0 coup de pactes au <strong>risque de traitements in\u00e9quitables des \u00e9l\u00e8ves<\/strong> dans le service public d\u2019\u00e9ducation car tous les \u00e9tablissements n&rsquo;auront pas forc\u00e9ment le m\u00eame nombre de briques pour ce pacte. Cette strat\u00e9gie est d\u00e9multipli\u00e9e pour la voie professionnelle o\u00f9 le Pacte est l\u2019outil de mise en place de mesures contestables. Il s\u2019agit d\u2019un passage en force de la part du gouvernement, de la m\u00eame mani\u00e8re que pour la r\u00e9forme des retraites dont nous demandons toujours le retrait.<\/span><\/p>\n<p style=\"text-align: justify\"><strong><span style=\"font-family: tahoma, arial, helvetica, sans-serif;color: #129447\">Nos organisations refusent le Pacte et r\u00e9clament dans l\u2019imm\u00e9diat le basculement de l\u2019enveloppe du pacte dans celle pr\u00e9vue pour le Socle. Nous revendiquons de v\u00e9ritables augmentations salariales en particulier par l\u2019augmentation du point d\u2019indice pour tous les personnels dans ce contexte de forte inflation.<\/span><\/strong><\/p>\n<p style=\"text-align: justify\"><span style=\"font-family: tahoma, arial, helvetica, sans-serif;color: #129447\">Nos organisations <a class=\"cs_glossaire\" style=\"color: #129447\" href=\"https:\/\/www.snetap-fsu.fr\/+-FSU-+.html\" name=\"mot96_1\"><span class=\"gl_mot\">FSU<\/span><\/a>, Unsa Education, FNEC-FP-<a class=\"cs_glossaire\" style=\"color: #129447\" href=\"https:\/\/www.snetap-fsu.fr\/+-mot158-+.html\" name=\"mot158_2\"><span class=\"gl_mot\">FO<\/span><\/a>, SGEN-<a class=\"cs_glossaire\" style=\"color: #129447\" href=\"https:\/\/www.snetap-fsu.fr\/+-CFDT-+.html\" name=\"mot179_3\"><span class=\"gl_mot\">CFDT<\/span><\/a>, Snalc et <a class=\"cs_glossaire\" style=\"color: #129447\" href=\"https:\/\/www.snetap-fsu.fr\/+-SUD-+.html\" name=\"mot178_4\"><span class=\"gl_mot\">SUD<\/span><\/a> \u00e9ducation appellent les personnels \u00e0 se r\u00e9unir pour r\u00e9affirmer les revendications et organiser des <strong>rassemblements<\/strong>, partout o\u00f9 c\u2019est possible, devant les rectorats, les inspections acad\u00e9miques, le minist\u00e8re de l\u2019Education nationale, le <strong>mercredi 31 mai (jour du CSA minist\u00e9riel).<\/strong><\/span><\/p>\n<p style=\"text-align: justify\"><span style=\"font-family: tahoma, arial, helvetica, sans-serif;color: #129447\">Avec les conf\u00e9d\u00e9rations et organisations syndicales interprofessionnelles, elles appellent les personnels de l\u2019\u00c9ducation nationale \u00e0 \u00eatre massivement en <strong>gr\u00e8ve mardi 6 juin pour exiger l\u2019abrogation de la loi sur les retraites !<\/strong><\/span><\/p>\n<p style=\"text-align: justify\"><span style=\"font-family: tahoma, arial, helvetica, sans-serif\"><a href=\"https:\/\/www.snetap-fsu.fr\/Rassemblement-le-31-mai-et-en-greve-le-6-juin-pour-marquer-notre-opposition-au.html\" target=\"_blank\" rel=\"noopener\">Lien : SNETAP-FSU &#8211; Rassemblement le 31 mai et en gr\u00e8ve le 6 juin pour marquer notre opposition au projet de r\u00e9forme des lyc\u00e9es pros<\/a><\/span><\/p>\n<p style=\"text-align: justify\"><span style=\"font-family: tahoma, arial, helvetica, sans-serif\"><a href=\"https:\/\/www.snetap-fsu.fr\/Reforme-des-retraites-Pacte-ecoles-colleges-lycees-generaux-technologiques-et.html\" target=\"_blank\" rel=\"noopener\">Lien : SNETAP-FSU &#8211; R\u00e9forme des retraites, \u00ab Pacte \u00e9coles, coll\u00e8ges, lyc\u00e9es g\u00e9n\u00e9raux, technologiques et professionnels \u00bb : c\u2019est toujours NON ! Tous aux rassemblements le 31 mai, tous en gr\u00e8ve le 6 juin !<\/a><\/span><\/p>\n<p style=\"text-align: justify\"><span style=\"font-family: tahoma, arial, helvetica, sans-serif\"><a href=\"https:\/\/elan-commun.fr\/2023\/06\/01\/pacte-reforme-voie-pro-ca-suffit-la-declaration-intersyndicale-liminaire-du-1er-juin-2023\/\" target=\"_blank\" rel=\"noopener\">Lien : Pacte, r\u00e9forme voie pro, \u00e7a suffit ! La d\u00e9claration intersyndicale liminaire du 1er juin 2023<\/a><\/span><\/p>\n<p style=\"text-align: justify\"><span style=\"font-family: tahoma, arial, helvetica, sans-serif\"><a href=\"https:\/\/www.snetap-fsu.fr\/Le-6-juin-pour-le-retrait-de-la-reforme-des-retraites.html\" target=\"_blank\" rel=\"noopener\">Lien : SNETAP-FSU &#8211; Le 6 juin pour le retrait de la r\u00e9forme des retraites<\/a><\/span><\/p>\n<p><span style=\"font-family: tahoma, arial, helvetica, sans-serif;color: #129447\">Le communiqu\u00e9 des retrait\u00e9.e.s :<\/span><\/p>\n\n\t\t<div class=\"wppdfemb-frame-container-1\" style=\"-webkit-overflow-scrolling:auto;\">\n\t\t\t<iframe class=\"pdfembed-iframe nonfullscreen wppdf-emb-iframe-1\"\n\t\t\t\tsrc=\"https:\/\/regions-snetap-fsu.fr\/hdf\/?pdfemb-data=eyJ1cmwiOiJodHRwczpcL1wvcmVnaW9ucy1zbmV0YXAtZnN1LmZyXC9oZGZcL3dwLWNvbnRlbnRcL3VwbG9hZHNcL3NpdGVzXC81XC8yMDIzXC8wNlwvVHJhY3RfcmV0cmFpdGVfNl9qdWluLnBkZiIsInRpdGxlIjoiVHJhY3RfcmV0cmFpdFx1MDBlOV82X2p1aW4iLCJpbmRleCI6MSwicGRmSUQiOjg3OTl9\"\n\t\t\t\ttitle=\"Tract_retrait\u00e9_6_juin\"\t\t\t\tdata-pdf-id=\"8799\"\n\t\t\t\tdata-pdf-index=\"1\"\n\t\t\t\tstyle=\"border:none;width:100%;max-width:100%;height:100vh;\"\n\t\t\t\tscrolling=\"yes\">\n\t\t\t<\/iframe>\n\t\t<\/div>\n\n\t\t\n<p>&nbsp;<\/p>\n<h3 style=\"text-align: center\"><span style=\"font-family: tahoma, arial, helvetica, sans-serif;color: #ff0000\">Les mobilisations dans les Hauts-de-France<\/span><\/h3>\n<p><strong><span style=\"font-family: tahoma, arial, helvetica, sans-serif;color: #129447\">Mercredi 31 mai :<\/span><\/strong><\/p>\n<ul>\n<li><strong><span style=\"font-family: tahoma, arial, helvetica, sans-serif;color: #129447\">Lille, 14h30, rassemblement devant rectorat.<\/span><\/strong><\/li>\n<li style=\"text-align: justify\"><span style=\"font-family: tahoma, arial, helvetica, sans-serif;color: #129447\"><strong>Amiens<\/strong>, 14h00, rassemblement devant le Rectorat.<\/span><\/li>\n<li>\n<p style=\"text-align: justify\"><span style=\"font-family: tahoma, arial, helvetica, sans-serif;color: #129447\"><strong>Beauvais<\/strong>, 11h, rassemblement devant la DSDEN de l\u2019Oise.<\/span><\/p>\n<\/li>\n<\/ul>\n<p><strong><span style=\"font-family: tahoma, arial, helvetica, sans-serif;color: #129447\">Jeudi 6 juin :<\/span><\/strong><\/p>\n<ul>\n<li style=\"text-align: justify\"><span style=\"color: #129447\"><strong><span style=\"font-family: tahoma, arial, helvetica, sans-serif\">Lille,<\/span><\/strong><\/span>\n<ul>\n<li style=\"text-align: justify\"><span style=\"color: #129447\"><strong><span style=\"font-family: tahoma, arial, helvetica, sans-serif\">14h30, Porte de Paris.<\/span><\/strong><\/span><\/li>\n<li style=\"text-align: justify\"><span style=\"font-family: tahoma, arial, helvetica, sans-serif\"><span style=\"color: #129447\"><strong>18h49 \u00e0 21h33<\/strong> (Ouverture des portes \u00e0 17h), concert des OS et de la LDH, \u00ab\u00a0La faites du bruit !\u00a0\u00bb, cours St Sauveur, 218 rue Camille Guerin.<\/span><br \/>\n<\/span><\/li>\n<\/ul>\n<\/li>\n<li style=\"text-align: justify\"><span style=\"font-family: tahoma, arial, helvetica, sans-serif\"><strong><span style=\"color: #129447\">Amiens<\/span><span style=\"color: #129447\">, 14h, manifestation maison de la culture.<\/span><\/strong><\/span><\/li>\n<li style=\"text-align: justify\"><span style=\"font-family: tahoma, arial, helvetica, sans-serif;color: #129447\"><strong>Abbeville<\/strong>, 10h, <\/span><span style=\"font-family: tahoma, arial, helvetica, sans-serif;color: #129447\">manifestation <\/span><span style=\"font-family: tahoma, arial, helvetica, sans-serif;color: #129447\">boulevard Vauban.<\/span><\/li>\n<li><span style=\"font-family: tahoma, arial, helvetica, sans-serif;color: #129447\"><strong>Arras<\/strong>, 9h30, manifestation Place de la Gare.<\/span><\/li>\n<li style=\"text-align: justify\"><span style=\"font-family: tahoma, arial, helvetica, sans-serif;color: #129447\"><strong>Beauvais<\/strong>, 14h, avenue Mermoz &#8211; Pr\u00e9fecture.<\/span><\/li>\n<li style=\"text-align: justify\"><span style=\"font-family: tahoma, arial, helvetica, sans-serif;color: #129447\"><strong>B\u00e9thune<\/strong>, 9h30, Place de la Gare.<\/span><\/li>\n<li style=\"text-align: justify\"><span style=\"font-family: tahoma, arial, helvetica, sans-serif;color: #129447\"><strong>Boulogne<\/strong>, 9h30, CCI commerce.<\/span><\/li>\n<li style=\"text-align: justify\"><span style=\"font-family: tahoma, arial, helvetica, sans-serif;color: #129447\"><strong>Calais<\/strong>, 9h30, Place d&rsquo;Armes.<\/span><\/li>\n<li style=\"text-align: justify\"><span style=\"font-family: tahoma, arial, helvetica, sans-serif;color: #129447\"><strong>Cambrai<\/strong>, 10h, boulevard Vauban (cit\u00e9 scolaire Duez\/Bettignies).<\/span><\/li>\n<li style=\"text-align: justify\"><span style=\"font-family: tahoma, arial, helvetica, sans-serif;color: #129447\"><strong>Compi\u00e8gne<\/strong>, 10h, Cours Guynemer.<\/span><\/li>\n<li style=\"text-align: justify\"><span style=\"font-family: tahoma, arial, helvetica, sans-serif;color: #129447\"><strong>Douai<\/strong>, 10h, Place d\u2019Armes.<\/span><\/li>\n<li style=\"text-align: justify\"><span style=\"font-family: tahoma, arial, helvetica, sans-serif;color: #129447\"><strong>Dunkerque<\/strong>, 14h30, Gare.<\/span><\/li>\n<li style=\"text-align: justify\"><span style=\"font-family: tahoma, arial, helvetica, sans-serif;color: #129447\"><strong>Fourmies<\/strong>, 9h30, Place G. Coppeaux.<\/span><\/li>\n<li style=\"text-align: justify\"><span style=\"font-family: tahoma, arial, helvetica, sans-serif;color: #129447\"><strong>Laon<\/strong>, 10h, Gare.<\/span><\/li>\n<li style=\"text-align: justify\"><span style=\"font-family: tahoma, arial, helvetica, sans-serif;color: #129447\"><strong>Maubeuge<\/strong>, 10h, H\u00f4tel de Ville.<\/span><\/li>\n<li style=\"text-align: justify\"><span style=\"font-family: tahoma, arial, helvetica, sans-serif;color: #129447\"><strong>Nogent-sur-Oise<\/strong>, 10h, rond-point LIDL.<\/span><\/li>\n<li style=\"text-align: justify\"><span style=\"font-family: tahoma, arial, helvetica, sans-serif;color: #129447\"><strong>Soisson<\/strong>, 10h, \u00e0 l&rsquo;Archer<\/span><\/li>\n<li style=\"text-align: justify\"><span style=\"font-family: tahoma, arial, helvetica, sans-serif;color: #129447\"><strong>St Omer<\/strong>, 14h, Gare.<\/span><\/li>\n<li style=\"text-align: justify\"><span style=\"font-family: tahoma, arial, helvetica, sans-serif;color: #129447\"><strong>Valenciennes<\/strong>, 10h, Place d\u2019Armes.<\/span><\/li>\n<\/ul>\n<p><span style=\"font-family: tahoma, arial, helvetica, sans-serif\"><i>Cet article est susceptible d\u2019\u00e9voluer jusqu\u2019\u00e0 la date du 6 juin 2023.<\/i><\/span><\/p>\n<p><img fetchpriority=\"high\" decoding=\"async\" class=\"alignnone wp-image-8801 size-large\" src=\"https:\/\/regions-snetap-fsu.fr\/hdf\/wp-content\/uploads\/sites\/5\/2023\/06\/LDH_La_Faites_du_bruit_6_juin-724x1024.png\" alt=\"\" width=\"724\" height=\"1024\" srcset=\"https:\/\/regions-snetap-fsu.fr\/hdf\/wp-content\/uploads\/sites\/5\/2023\/06\/LDH_La_Faites_du_bruit_6_juin-724x1024.png 724w, https:\/\/regions-snetap-fsu.fr\/hdf\/wp-content\/uploads\/sites\/5\/2023\/06\/LDH_La_Faites_du_bruit_6_juin-212x300.png 212w, https:\/\/regions-snetap-fsu.fr\/hdf\/wp-content\/uploads\/sites\/5\/2023\/06\/LDH_La_Faites_du_bruit_6_juin-768x1086.png 768w, https:\/\/regions-snetap-fsu.fr\/hdf\/wp-content\/uploads\/sites\/5\/2023\/06\/LDH_La_Faites_du_bruit_6_juin-1086x1536.png 1086w, https:\/\/regions-snetap-fsu.fr\/hdf\/wp-content\/uploads\/sites\/5\/2023\/06\/LDH_La_Faites_du_bruit_6_juin.png 1414w\" sizes=\"(max-width: 724px) 100vw, 724px\" \/><\/p>\n<p><img decoding=\"async\" class=\"alignnone wp-image-8808 size-large\" src=\"https:\/\/regions-snetap-fsu.fr\/hdf\/wp-content\/uploads\/sites\/5\/2023\/06\/Pacte_Lasserpe-724x1024.jpg\" alt=\"\" width=\"724\" height=\"1024\" srcset=\"https:\/\/regions-snetap-fsu.fr\/hdf\/wp-content\/uploads\/sites\/5\/2023\/06\/Pacte_Lasserpe-724x1024.jpg 724w, https:\/\/regions-snetap-fsu.fr\/hdf\/wp-content\/uploads\/sites\/5\/2023\/06\/Pacte_Lasserpe-212x300.jpg 212w, https:\/\/regions-snetap-fsu.fr\/hdf\/wp-content\/uploads\/sites\/5\/2023\/06\/Pacte_Lasserpe-768x1086.jpg 768w, https:\/\/regions-snetap-fsu.fr\/hdf\/wp-content\/uploads\/sites\/5\/2023\/06\/Pacte_Lasserpe-1087x1536.jpg 1087w, https:\/\/regions-snetap-fsu.fr\/hdf\/wp-content\/uploads\/sites\/5\/2023\/06\/Pacte_Lasserpe-1449x2048.jpg 1449w, https:\/\/regions-snetap-fsu.fr\/hdf\/wp-content\/uploads\/sites\/5\/2023\/06\/Pacte_Lasserpe-scaled.jpg 1811w\" sizes=\"(max-width: 724px) 100vw, 724px\" \/><\/p>\n","protected":false},"excerpt":{"rendered":"<p>R\u00e9forme des retraites, \u00ab Pacte \u00e9coles, coll\u00e8ges, lyc\u00e9es g\u00e9n\u00e9raux, technologiques et professionnels \u00bb : c\u2019est toujours NON ! Toutes et tous aux rassemblements le mercredi 31 mai, toutes et tous en gr\u00e8ve le mardi 6 juin ! Esp\u00e9rant nous faire tourner la page des retraites, le ministre Ndiaye a mis \u00e0 l\u2019ordre du jour du [&hellip;]<\/p>\n","protected":false},"author":88,"featured_media":8783,"comment_status":"closed","ping_status":"closed","sticky":false,"template":"","format":"standard","meta":{"ocean_post_layout":"","ocean_both_sidebars_style":"","ocean_both_sidebars_content_width":0,"ocean_both_sidebars_sidebars_width":0,"ocean_sidebar":"0","ocean_second_sidebar":"0","ocean_disable_margins":"enable","ocean_add_body_class":"","ocean_shortcode_before_top_bar":"","ocean_shortcode_after_top_bar":"","ocean_shortcode_before_header":"","ocean_shortcode_after_header":"","ocean_has_shortcode":"","ocean_shortcode_after_title":"","ocean_shortcode_before_footer_widgets":"","ocean_shortcode_after_footer_widgets":"","ocean_shortcode_before_footer_bottom":"","ocean_shortcode_after_footer_bottom":"","ocean_display_top_bar":"default","ocean_display_header":"default","ocean_header_style":"","ocean_center_header_left_menu":"0","ocean_custom_header_template":"0","ocean_custom_logo":0,"ocean_custom_retina_logo":0,"ocean_custom_logo_max_width":0,"ocean_custom_logo_tablet_max_width":0,"ocean_custom_logo_mobile_max_width":0,"ocean_custom_logo_max_height":0,"ocean_custom_logo_tablet_max_height":0,"ocean_custom_logo_mobile_max_height":0,"ocean_header_custom_menu":"0","ocean_menu_typo_font_family":"0","ocean_menu_typo_font_subset":"","ocean_menu_typo_font_size":0,"ocean_menu_typo_font_size_tablet":0,"ocean_menu_typo_font_size_mobile":0,"ocean_menu_typo_font_size_unit":"px","ocean_menu_typo_font_weight":"","ocean_menu_typo_font_weight_tablet":"","ocean_menu_typo_font_weight_mobile":"","ocean_menu_typo_transform":"","ocean_menu_typo_transform_tablet":"","ocean_menu_typo_transform_mobile":"","ocean_menu_typo_line_height":0,"ocean_menu_typo_line_height_tablet":0,"ocean_menu_typo_line_height_mobile":0,"ocean_menu_typo_line_height_unit":"","ocean_menu_typo_spacing":0,"ocean_menu_typo_spacing_tablet":0,"ocean_menu_typo_spacing_mobile":0,"ocean_menu_typo_spacing_unit":"","ocean_menu_link_color":"","ocean_menu_link_color_hover":"","ocean_menu_link_color_active":"","ocean_menu_link_background":"","ocean_menu_link_hover_background":"","ocean_menu_link_active_background":"","ocean_menu_social_links_bg":"","ocean_menu_social_hover_links_bg":"","ocean_menu_social_links_color":"","ocean_menu_social_hover_links_color":"","ocean_disable_title":"default","ocean_disable_heading":"default","ocean_post_title":"","ocean_post_subheading":"","ocean_post_title_style":"","ocean_post_title_background_color":"","ocean_post_title_background":0,"ocean_post_title_bg_image_position":"","ocean_post_title_bg_image_attachment":"","ocean_post_title_bg_image_repeat":"","ocean_post_title_bg_image_size":"","ocean_post_title_height":0,"ocean_post_title_bg_overlay":0.5,"ocean_post_title_bg_overlay_color":"","ocean_disable_breadcrumbs":"default","ocean_breadcrumbs_color":"","ocean_breadcrumbs_separator_color":"","ocean_breadcrumbs_links_color":"","ocean_breadcrumbs_links_hover_color":"","ocean_display_footer_widgets":"default","ocean_display_footer_bottom":"default","ocean_custom_footer_template":"0","ocean_post_oembed":"","ocean_post_self_hosted_media":"","ocean_post_video_embed":"","ocean_link_format":"","ocean_link_format_target":"self","ocean_quote_format":"","ocean_quote_format_link":"post","ocean_gallery_link_images":"off","ocean_gallery_id":[],"footnotes":""},"categories":[2],"tags":[],"post_folder":[],"class_list":["post-8777","post","type-post","status-publish","format-standard","has-post-thumbnail","hentry","category-actions-greves-manifs","entry","has-media"],"yoast_head":"<!-- This site is optimized with the Yoast SEO plugin v27.4 - https:\/\/yoast.com\/product\/yoast-seo-wordpress\/ -->\n<title>R\u00e9forme des retraites, \u00ab Pacte \u00e9coles, coll\u00e8ges, lyc\u00e9es g\u00e9n\u00e9raux, technologiques et professionnels \u00bb : c\u2019est toujours NON ! Tous aux rassemblements le 31 mai, tous en gr\u00e8ve le 6 juin ! - HAUTS-DE-FRANCE<\/title>\n<meta name=\"robots\" content=\"index, follow, max-snippet:-1, max-image-preview:large, max-video-preview:-1\" \/>\n<link rel=\"canonical\" href=\"https:\/\/regions-snetap-fsu.fr\/hdf\/2023\/05\/28\/reforme-des-retraites-pacte-ecoles-colleges-lycees-generaux-technologiques-et-professionnels-cest-toujours-non-tous-aux-rassemblements-le-31-mai-tous-en-greve-le-6-juin\/\" \/>\n<meta property=\"og:locale\" content=\"fr_FR\" \/>\n<meta property=\"og:type\" content=\"article\" \/>\n<meta property=\"og:title\" content=\"R\u00e9forme des retraites, \u00ab Pacte \u00e9coles, coll\u00e8ges, lyc\u00e9es g\u00e9n\u00e9raux, technologiques et professionnels \u00bb : c\u2019est toujours NON ! Tous aux rassemblements le 31 mai, tous en gr\u00e8ve le 6 juin ! - HAUTS-DE-FRANCE\" \/>\n<meta property=\"og:description\" content=\"R\u00e9forme des retraites, \u00ab Pacte \u00e9coles, coll\u00e8ges, lyc\u00e9es g\u00e9n\u00e9raux, technologiques et professionnels \u00bb : c\u2019est toujours NON ! Toutes et tous aux rassemblements le mercredi 31 mai, toutes et tous en gr\u00e8ve le mardi 6 juin ! Esp\u00e9rant nous faire tourner la page des retraites, le ministre Ndiaye a mis \u00e0 l\u2019ordre du jour du [&hellip;]\" \/>\n<meta property=\"og:url\" content=\"https:\/\/regions-snetap-fsu.fr\/hdf\/2023\/05\/28\/reforme-des-retraites-pacte-ecoles-colleges-lycees-generaux-technologiques-et-professionnels-cest-toujours-non-tous-aux-rassemblements-le-31-mai-tous-en-greve-le-6-juin\/\" \/>\n<meta property=\"og:site_name\" content=\"HAUTS-DE-FRANCE\" \/>\n<meta property=\"article:published_time\" content=\"2023-05-28T15:57:06+00:00\" \/>\n<meta property=\"article:modified_time\" content=\"2023-06-05T10:43:39+00:00\" \/>\n<meta property=\"og:image\" content=\"https:\/\/regions-snetap-fsu.fr\/hdf\/wp-content\/uploads\/sites\/5\/2023\/05\/Non_au_Pacte.jpg\" \/>\n\t<meta property=\"og:image:width\" content=\"435\" \/>\n\t<meta property=\"og:image:height\" content=\"200\" \/>\n\t<meta property=\"og:image:type\" content=\"image\/jpeg\" \/>\n<meta name=\"author\" content=\"Regis Martinage\" \/>\n<meta name=\"twitter:card\" content=\"summary_large_image\" \/>\n<meta name=\"twitter:creator\" content=\"@MartinageSnetap\" \/>\n<meta name=\"twitter:site\" content=\"@MartinageSnetap\" \/>\n<meta name=\"twitter:label1\" content=\"\u00c9crit par\" \/>\n\t<meta name=\"twitter:data1\" content=\"Regis Martinage\" \/>\n\t<meta name=\"twitter:label2\" content=\"Dur\u00e9e de lecture estim\u00e9e\" \/>\n\t<meta name=\"twitter:data2\" content=\"4 minutes\" \/>\n<script type=\"application\/ld+json\" class=\"yoast-schema-graph\">{\"@context\":\"https:\\\/\\\/schema.org\",\"@graph\":[{\"@type\":\"Article\",\"@id\":\"https:\\\/\\\/regions-snetap-fsu.fr\\\/hdf\\\/2023\\\/05\\\/28\\\/reforme-des-retraites-pacte-ecoles-colleges-lycees-generaux-technologiques-et-professionnels-cest-toujours-non-tous-aux-rassemblements-le-31-mai-tous-en-greve-le-6-juin\\\/#article\",\"isPartOf\":{\"@id\":\"https:\\\/\\\/regions-snetap-fsu.fr\\\/hdf\\\/2023\\\/05\\\/28\\\/reforme-des-retraites-pacte-ecoles-colleges-lycees-generaux-technologiques-et-professionnels-cest-toujours-non-tous-aux-rassemblements-le-31-mai-tous-en-greve-le-6-juin\\\/\"},\"author\":{\"name\":\"Regis Martinage\",\"@id\":\"https:\\\/\\\/regions-snetap-fsu.fr\\\/hdf\\\/#\\\/schema\\\/person\\\/fa09b77e508eb2889a1c2dd6f4cf3149\"},\"headline\":\"R\u00e9forme des retraites, \u00ab Pacte \u00e9coles, coll\u00e8ges, lyc\u00e9es g\u00e9n\u00e9raux, technologiques et professionnels \u00bb : c\u2019est toujours NON ! Tous aux rassemblements le 31 mai, tous en gr\u00e8ve le 6 juin !\",\"datePublished\":\"2023-05-28T15:57:06+00:00\",\"dateModified\":\"2023-06-05T10:43:39+00:00\",\"mainEntityOfPage\":{\"@id\":\"https:\\\/\\\/regions-snetap-fsu.fr\\\/hdf\\\/2023\\\/05\\\/28\\\/reforme-des-retraites-pacte-ecoles-colleges-lycees-generaux-technologiques-et-professionnels-cest-toujours-non-tous-aux-rassemblements-le-31-mai-tous-en-greve-le-6-juin\\\/\"},\"wordCount\":897,\"publisher\":{\"@id\":\"https:\\\/\\\/regions-snetap-fsu.fr\\\/hdf\\\/#organization\"},\"image\":{\"@id\":\"https:\\\/\\\/regions-snetap-fsu.fr\\\/hdf\\\/2023\\\/05\\\/28\\\/reforme-des-retraites-pacte-ecoles-colleges-lycees-generaux-technologiques-et-professionnels-cest-toujours-non-tous-aux-rassemblements-le-31-mai-tous-en-greve-le-6-juin\\\/#primaryimage\"},\"thumbnailUrl\":\"https:\\\/\\\/regions-snetap-fsu.fr\\\/hdf\\\/wp-content\\\/uploads\\\/sites\\\/5\\\/2023\\\/05\\\/Non_au_Pacte.jpg\",\"articleSection\":[\"Actions - Gr\u00e8ves - Manifs\"],\"inLanguage\":\"fr-FR\"},{\"@type\":\"WebPage\",\"@id\":\"https:\\\/\\\/regions-snetap-fsu.fr\\\/hdf\\\/2023\\\/05\\\/28\\\/reforme-des-retraites-pacte-ecoles-colleges-lycees-generaux-technologiques-et-professionnels-cest-toujours-non-tous-aux-rassemblements-le-31-mai-tous-en-greve-le-6-juin\\\/\",\"url\":\"https:\\\/\\\/regions-snetap-fsu.fr\\\/hdf\\\/2023\\\/05\\\/28\\\/reforme-des-retraites-pacte-ecoles-colleges-lycees-generaux-technologiques-et-professionnels-cest-toujours-non-tous-aux-rassemblements-le-31-mai-tous-en-greve-le-6-juin\\\/\",\"name\":\"R\u00e9forme des retraites, \u00ab Pacte \u00e9coles, coll\u00e8ges, lyc\u00e9es g\u00e9n\u00e9raux, technologiques et professionnels \u00bb : c\u2019est toujours NON ! Tous aux rassemblements le 31 mai, tous en gr\u00e8ve le 6 juin ! - HAUTS-DE-FRANCE\",\"isPartOf\":{\"@id\":\"https:\\\/\\\/regions-snetap-fsu.fr\\\/hdf\\\/#website\"},\"primaryImageOfPage\":{\"@id\":\"https:\\\/\\\/regions-snetap-fsu.fr\\\/hdf\\\/2023\\\/05\\\/28\\\/reforme-des-retraites-pacte-ecoles-colleges-lycees-generaux-technologiques-et-professionnels-cest-toujours-non-tous-aux-rassemblements-le-31-mai-tous-en-greve-le-6-juin\\\/#primaryimage\"},\"image\":{\"@id\":\"https:\\\/\\\/regions-snetap-fsu.fr\\\/hdf\\\/2023\\\/05\\\/28\\\/reforme-des-retraites-pacte-ecoles-colleges-lycees-generaux-technologiques-et-professionnels-cest-toujours-non-tous-aux-rassemblements-le-31-mai-tous-en-greve-le-6-juin\\\/#primaryimage\"},\"thumbnailUrl\":\"https:\\\/\\\/regions-snetap-fsu.fr\\\/hdf\\\/wp-content\\\/uploads\\\/sites\\\/5\\\/2023\\\/05\\\/Non_au_Pacte.jpg\",\"datePublished\":\"2023-05-28T15:57:06+00:00\",\"dateModified\":\"2023-06-05T10:43:39+00:00\",\"breadcrumb\":{\"@id\":\"https:\\\/\\\/regions-snetap-fsu.fr\\\/hdf\\\/2023\\\/05\\\/28\\\/reforme-des-retraites-pacte-ecoles-colleges-lycees-generaux-technologiques-et-professionnels-cest-toujours-non-tous-aux-rassemblements-le-31-mai-tous-en-greve-le-6-juin\\\/#breadcrumb\"},\"inLanguage\":\"fr-FR\",\"potentialAction\":[{\"@type\":\"ReadAction\",\"target\":[\"https:\\\/\\\/regions-snetap-fsu.fr\\\/hdf\\\/2023\\\/05\\\/28\\\/reforme-des-retraites-pacte-ecoles-colleges-lycees-generaux-technologiques-et-professionnels-cest-toujours-non-tous-aux-rassemblements-le-31-mai-tous-en-greve-le-6-juin\\\/\"]}]},{\"@type\":\"ImageObject\",\"inLanguage\":\"fr-FR\",\"@id\":\"https:\\\/\\\/regions-snetap-fsu.fr\\\/hdf\\\/2023\\\/05\\\/28\\\/reforme-des-retraites-pacte-ecoles-colleges-lycees-generaux-technologiques-et-professionnels-cest-toujours-non-tous-aux-rassemblements-le-31-mai-tous-en-greve-le-6-juin\\\/#primaryimage\",\"url\":\"https:\\\/\\\/regions-snetap-fsu.fr\\\/hdf\\\/wp-content\\\/uploads\\\/sites\\\/5\\\/2023\\\/05\\\/Non_au_Pacte.jpg\",\"contentUrl\":\"https:\\\/\\\/regions-snetap-fsu.fr\\\/hdf\\\/wp-content\\\/uploads\\\/sites\\\/5\\\/2023\\\/05\\\/Non_au_Pacte.jpg\",\"width\":435,\"height\":200},{\"@type\":\"BreadcrumbList\",\"@id\":\"https:\\\/\\\/regions-snetap-fsu.fr\\\/hdf\\\/2023\\\/05\\\/28\\\/reforme-des-retraites-pacte-ecoles-colleges-lycees-generaux-technologiques-et-professionnels-cest-toujours-non-tous-aux-rassemblements-le-31-mai-tous-en-greve-le-6-juin\\\/#breadcrumb\",\"itemListElement\":[{\"@type\":\"ListItem\",\"position\":1,\"name\":\"Accueil\",\"item\":\"https:\\\/\\\/regions-snetap-fsu.fr\\\/hdf\\\/\"},{\"@type\":\"ListItem\",\"position\":2,\"name\":\"Actions - Gr\u00e8ves - Manifs\",\"item\":\"https:\\\/\\\/regions-snetap-fsu.fr\\\/hdf\\\/category\\\/actions-greves-manifs\\\/\"},{\"@type\":\"ListItem\",\"position\":3,\"name\":\"R\u00e9forme des retraites, \u00ab Pacte \u00e9coles, coll\u00e8ges, lyc\u00e9es g\u00e9n\u00e9raux, technologiques et professionnels \u00bb : c\u2019est toujours NON ! Tous aux rassemblements le 31 mai, tous en gr\u00e8ve le 6 juin !\"}]},{\"@type\":\"WebSite\",\"@id\":\"https:\\\/\\\/regions-snetap-fsu.fr\\\/hdf\\\/#website\",\"url\":\"https:\\\/\\\/regions-snetap-fsu.fr\\\/hdf\\\/\",\"name\":\"HAUTS-DE-FRANCE\",\"description\":\"Section r\u00e9gionale\",\"publisher\":{\"@id\":\"https:\\\/\\\/regions-snetap-fsu.fr\\\/hdf\\\/#organization\"},\"potentialAction\":[{\"@type\":\"SearchAction\",\"target\":{\"@type\":\"EntryPoint\",\"urlTemplate\":\"https:\\\/\\\/regions-snetap-fsu.fr\\\/hdf\\\/?s={search_term_string}\"},\"query-input\":{\"@type\":\"PropertyValueSpecification\",\"valueRequired\":true,\"valueName\":\"search_term_string\"}}],\"inLanguage\":\"fr-FR\"},{\"@type\":\"Organization\",\"@id\":\"https:\\\/\\\/regions-snetap-fsu.fr\\\/hdf\\\/#organization\",\"name\":\"SNETAP-FSU - HAUTS-DE-FRANCE\",\"url\":\"https:\\\/\\\/regions-snetap-fsu.fr\\\/hdf\\\/\",\"logo\":{\"@type\":\"ImageObject\",\"inLanguage\":\"fr-FR\",\"@id\":\"https:\\\/\\\/regions-snetap-fsu.fr\\\/hdf\\\/#\\\/schema\\\/logo\\\/image\\\/\",\"url\":\"https:\\\/\\\/regions-snetap-fsu.fr\\\/hdf\\\/wp-content\\\/uploads\\\/sites\\\/5\\\/2020\\\/12\\\/SNETAP-Logo.jpg\",\"contentUrl\":\"https:\\\/\\\/regions-snetap-fsu.fr\\\/hdf\\\/wp-content\\\/uploads\\\/sites\\\/5\\\/2020\\\/12\\\/SNETAP-Logo.jpg\",\"width\":464,\"height\":334,\"caption\":\"SNETAP-FSU - HAUTS-DE-FRANCE\"},\"image\":{\"@id\":\"https:\\\/\\\/regions-snetap-fsu.fr\\\/hdf\\\/#\\\/schema\\\/logo\\\/image\\\/\"},\"sameAs\":[\"https:\\\/\\\/x.com\\\/MartinageSnetap\"]},{\"@type\":\"Person\",\"@id\":\"https:\\\/\\\/regions-snetap-fsu.fr\\\/hdf\\\/#\\\/schema\\\/person\\\/fa09b77e508eb2889a1c2dd6f4cf3149\",\"name\":\"Regis Martinage\",\"image\":{\"@type\":\"ImageObject\",\"inLanguage\":\"fr-FR\",\"@id\":\"https:\\\/\\\/secure.gravatar.com\\\/avatar\\\/7ae2aaabfe5b8d5c7b9361e91002ca9ec93c38c63c9a1d06ae19f03a5dc70dd7?s=96&d=mm&r=g\",\"url\":\"https:\\\/\\\/secure.gravatar.com\\\/avatar\\\/7ae2aaabfe5b8d5c7b9361e91002ca9ec93c38c63c9a1d06ae19f03a5dc70dd7?s=96&d=mm&r=g\",\"contentUrl\":\"https:\\\/\\\/secure.gravatar.com\\\/avatar\\\/7ae2aaabfe5b8d5c7b9361e91002ca9ec93c38c63c9a1d06ae19f03a5dc70dd7?s=96&d=mm&r=g\",\"caption\":\"Regis Martinage\"},\"url\":\"https:\\\/\\\/regions-snetap-fsu.fr\\\/hdf\\\/author\\\/r-martinage\\\/\"}]}<\/script>\n<!-- \/ Yoast SEO plugin. -->","yoast_head_json":{"title":"R\u00e9forme des retraites, \u00ab Pacte \u00e9coles, coll\u00e8ges, lyc\u00e9es g\u00e9n\u00e9raux, technologiques et professionnels \u00bb : c\u2019est toujours NON ! Tous aux rassemblements le 31 mai, tous en gr\u00e8ve le 6 juin ! - HAUTS-DE-FRANCE","robots":{"index":"index","follow":"follow","max-snippet":"max-snippet:-1","max-image-preview":"max-image-preview:large","max-video-preview":"max-video-preview:-1"},"canonical":"https:\/\/regions-snetap-fsu.fr\/hdf\/2023\/05\/28\/reforme-des-retraites-pacte-ecoles-colleges-lycees-generaux-technologiques-et-professionnels-cest-toujours-non-tous-aux-rassemblements-le-31-mai-tous-en-greve-le-6-juin\/","og_locale":"fr_FR","og_type":"article","og_title":"R\u00e9forme des retraites, \u00ab Pacte \u00e9coles, coll\u00e8ges, lyc\u00e9es g\u00e9n\u00e9raux, technologiques et professionnels \u00bb : c\u2019est toujours NON ! Tous aux rassemblements le 31 mai, tous en gr\u00e8ve le 6 juin ! - HAUTS-DE-FRANCE","og_description":"R\u00e9forme des retraites, \u00ab Pacte \u00e9coles, coll\u00e8ges, lyc\u00e9es g\u00e9n\u00e9raux, technologiques et professionnels \u00bb : c\u2019est toujours NON ! Toutes et tous aux rassemblements le mercredi 31 mai, toutes et tous en gr\u00e8ve le mardi 6 juin ! Esp\u00e9rant nous faire tourner la page des retraites, le ministre Ndiaye a mis \u00e0 l\u2019ordre du jour du [&hellip;]","og_url":"https:\/\/regions-snetap-fsu.fr\/hdf\/2023\/05\/28\/reforme-des-retraites-pacte-ecoles-colleges-lycees-generaux-technologiques-et-professionnels-cest-toujours-non-tous-aux-rassemblements-le-31-mai-tous-en-greve-le-6-juin\/","og_site_name":"HAUTS-DE-FRANCE","article_published_time":"2023-05-28T15:57:06+00:00","article_modified_time":"2023-06-05T10:43:39+00:00","og_image":[{"width":435,"height":200,"url":"https:\/\/regions-snetap-fsu.fr\/hdf\/wp-content\/uploads\/sites\/5\/2023\/05\/Non_au_Pacte.jpg","type":"image\/jpeg"}],"author":"Regis Martinage","twitter_card":"summary_large_image","twitter_creator":"@MartinageSnetap","twitter_site":"@MartinageSnetap","twitter_misc":{"\u00c9crit par":"Regis Martinage","Dur\u00e9e de lecture estim\u00e9e":"4 minutes"},"schema":{"@context":"https:\/\/schema.org","@graph":[{"@type":"Article","@id":"https:\/\/regions-snetap-fsu.fr\/hdf\/2023\/05\/28\/reforme-des-retraites-pacte-ecoles-colleges-lycees-generaux-technologiques-et-professionnels-cest-toujours-non-tous-aux-rassemblements-le-31-mai-tous-en-greve-le-6-juin\/#article","isPartOf":{"@id":"https:\/\/regions-snetap-fsu.fr\/hdf\/2023\/05\/28\/reforme-des-retraites-pacte-ecoles-colleges-lycees-generaux-technologiques-et-professionnels-cest-toujours-non-tous-aux-rassemblements-le-31-mai-tous-en-greve-le-6-juin\/"},"author":{"name":"Regis Martinage","@id":"https:\/\/regions-snetap-fsu.fr\/hdf\/#\/schema\/person\/fa09b77e508eb2889a1c2dd6f4cf3149"},"headline":"R\u00e9forme des retraites, \u00ab Pacte \u00e9coles, coll\u00e8ges, lyc\u00e9es g\u00e9n\u00e9raux, technologiques et professionnels \u00bb : c\u2019est toujours NON ! Tous aux rassemblements le 31 mai, tous en gr\u00e8ve le 6 juin !","datePublished":"2023-05-28T15:57:06+00:00","dateModified":"2023-06-05T10:43:39+00:00","mainEntityOfPage":{"@id":"https:\/\/regions-snetap-fsu.fr\/hdf\/2023\/05\/28\/reforme-des-retraites-pacte-ecoles-colleges-lycees-generaux-technologiques-et-professionnels-cest-toujours-non-tous-aux-rassemblements-le-31-mai-tous-en-greve-le-6-juin\/"},"wordCount":897,"publisher":{"@id":"https:\/\/regions-snetap-fsu.fr\/hdf\/#organization"},"image":{"@id":"https:\/\/regions-snetap-fsu.fr\/hdf\/2023\/05\/28\/reforme-des-retraites-pacte-ecoles-colleges-lycees-generaux-technologiques-et-professionnels-cest-toujours-non-tous-aux-rassemblements-le-31-mai-tous-en-greve-le-6-juin\/#primaryimage"},"thumbnailUrl":"https:\/\/regions-snetap-fsu.fr\/hdf\/wp-content\/uploads\/sites\/5\/2023\/05\/Non_au_Pacte.jpg","articleSection":["Actions - Gr\u00e8ves - Manifs"],"inLanguage":"fr-FR"},{"@type":"WebPage","@id":"https:\/\/regions-snetap-fsu.fr\/hdf\/2023\/05\/28\/reforme-des-retraites-pacte-ecoles-colleges-lycees-generaux-technologiques-et-professionnels-cest-toujours-non-tous-aux-rassemblements-le-31-mai-tous-en-greve-le-6-juin\/","url":"https:\/\/regions-snetap-fsu.fr\/hdf\/2023\/05\/28\/reforme-des-retraites-pacte-ecoles-colleges-lycees-generaux-technologiques-et-professionnels-cest-toujours-non-tous-aux-rassemblements-le-31-mai-tous-en-greve-le-6-juin\/","name":"R\u00e9forme des retraites, \u00ab Pacte \u00e9coles, coll\u00e8ges, lyc\u00e9es g\u00e9n\u00e9raux, technologiques et professionnels \u00bb : c\u2019est toujours NON ! Tous aux rassemblements le 31 mai, tous en gr\u00e8ve le 6 juin ! - HAUTS-DE-FRANCE","isPartOf":{"@id":"https:\/\/regions-snetap-fsu.fr\/hdf\/#website"},"primaryImageOfPage":{"@id":"https:\/\/regions-snetap-fsu.fr\/hdf\/2023\/05\/28\/reforme-des-retraites-pacte-ecoles-colleges-lycees-generaux-technologiques-et-professionnels-cest-toujours-non-tous-aux-rassemblements-le-31-mai-tous-en-greve-le-6-juin\/#primaryimage"},"image":{"@id":"https:\/\/regions-snetap-fsu.fr\/hdf\/2023\/05\/28\/reforme-des-retraites-pacte-ecoles-colleges-lycees-generaux-technologiques-et-professionnels-cest-toujours-non-tous-aux-rassemblements-le-31-mai-tous-en-greve-le-6-juin\/#primaryimage"},"thumbnailUrl":"https:\/\/regions-snetap-fsu.fr\/hdf\/wp-content\/uploads\/sites\/5\/2023\/05\/Non_au_Pacte.jpg","datePublished":"2023-05-28T15:57:06+00:00","dateModified":"2023-06-05T10:43:39+00:00","breadcrumb":{"@id":"https:\/\/regions-snetap-fsu.fr\/hdf\/2023\/05\/28\/reforme-des-retraites-pacte-ecoles-colleges-lycees-generaux-technologiques-et-professionnels-cest-toujours-non-tous-aux-rassemblements-le-31-mai-tous-en-greve-le-6-juin\/#breadcrumb"},"inLanguage":"fr-FR","potentialAction":[{"@type":"ReadAction","target":["https:\/\/regions-snetap-fsu.fr\/hdf\/2023\/05\/28\/reforme-des-retraites-pacte-ecoles-colleges-lycees-generaux-technologiques-et-professionnels-cest-toujours-non-tous-aux-rassemblements-le-31-mai-tous-en-greve-le-6-juin\/"]}]},{"@type":"ImageObject","inLanguage":"fr-FR","@id":"https:\/\/regions-snetap-fsu.fr\/hdf\/2023\/05\/28\/reforme-des-retraites-pacte-ecoles-colleges-lycees-generaux-technologiques-et-professionnels-cest-toujours-non-tous-aux-rassemblements-le-31-mai-tous-en-greve-le-6-juin\/#primaryimage","url":"https:\/\/regions-snetap-fsu.fr\/hdf\/wp-content\/uploads\/sites\/5\/2023\/05\/Non_au_Pacte.jpg","contentUrl":"https:\/\/regions-snetap-fsu.fr\/hdf\/wp-content\/uploads\/sites\/5\/2023\/05\/Non_au_Pacte.jpg","width":435,"height":200},{"@type":"BreadcrumbList","@id":"https:\/\/regions-snetap-fsu.fr\/hdf\/2023\/05\/28\/reforme-des-retraites-pacte-ecoles-colleges-lycees-generaux-technologiques-et-professionnels-cest-toujours-non-tous-aux-rassemblements-le-31-mai-tous-en-greve-le-6-juin\/#breadcrumb","itemListElement":[{"@type":"ListItem","position":1,"name":"Accueil","item":"https:\/\/regions-snetap-fsu.fr\/hdf\/"},{"@type":"ListItem","position":2,"name":"Actions - Gr\u00e8ves - Manifs","item":"https:\/\/regions-snetap-fsu.fr\/hdf\/category\/actions-greves-manifs\/"},{"@type":"ListItem","position":3,"name":"R\u00e9forme des retraites, \u00ab Pacte \u00e9coles, coll\u00e8ges, lyc\u00e9es g\u00e9n\u00e9raux, technologiques et professionnels \u00bb : c\u2019est toujours NON ! Tous aux rassemblements le 31 mai, tous en gr\u00e8ve le 6 juin !"}]},{"@type":"WebSite","@id":"https:\/\/regions-snetap-fsu.fr\/hdf\/#website","url":"https:\/\/regions-snetap-fsu.fr\/hdf\/","name":"HAUTS-DE-FRANCE","description":"Section r\u00e9gionale","publisher":{"@id":"https:\/\/regions-snetap-fsu.fr\/hdf\/#organization"},"potentialAction":[{"@type":"SearchAction","target":{"@type":"EntryPoint","urlTemplate":"https:\/\/regions-snetap-fsu.fr\/hdf\/?s={search_term_string}"},"query-input":{"@type":"PropertyValueSpecification","valueRequired":true,"valueName":"search_term_string"}}],"inLanguage":"fr-FR"},{"@type":"Organization","@id":"https:\/\/regions-snetap-fsu.fr\/hdf\/#organization","name":"SNETAP-FSU - HAUTS-DE-FRANCE","url":"https:\/\/regions-snetap-fsu.fr\/hdf\/","logo":{"@type":"ImageObject","inLanguage":"fr-FR","@id":"https:\/\/regions-snetap-fsu.fr\/hdf\/#\/schema\/logo\/image\/","url":"https:\/\/regions-snetap-fsu.fr\/hdf\/wp-content\/uploads\/sites\/5\/2020\/12\/SNETAP-Logo.jpg","contentUrl":"https:\/\/regions-snetap-fsu.fr\/hdf\/wp-content\/uploads\/sites\/5\/2020\/12\/SNETAP-Logo.jpg","width":464,"height":334,"caption":"SNETAP-FSU - HAUTS-DE-FRANCE"},"image":{"@id":"https:\/\/regions-snetap-fsu.fr\/hdf\/#\/schema\/logo\/image\/"},"sameAs":["https:\/\/x.com\/MartinageSnetap"]},{"@type":"Person","@id":"https:\/\/regions-snetap-fsu.fr\/hdf\/#\/schema\/person\/fa09b77e508eb2889a1c2dd6f4cf3149","name":"Regis Martinage","image":{"@type":"ImageObject","inLanguage":"fr-FR","@id":"https:\/\/secure.gravatar.com\/avatar\/7ae2aaabfe5b8d5c7b9361e91002ca9ec93c38c63c9a1d06ae19f03a5dc70dd7?s=96&d=mm&r=g","url":"https:\/\/secure.gravatar.com\/avatar\/7ae2aaabfe5b8d5c7b9361e91002ca9ec93c38c63c9a1d06ae19f03a5dc70dd7?s=96&d=mm&r=g","contentUrl":"https:\/\/secure.gravatar.com\/avatar\/7ae2aaabfe5b8d5c7b9361e91002ca9ec93c38c63c9a1d06ae19f03a5dc70dd7?s=96&d=mm&r=g","caption":"Regis Martinage"},"url":"https:\/\/regions-snetap-fsu.fr\/hdf\/author\/r-martinage\/"}]}},"_links":{"self":[{"href":"https:\/\/regions-snetap-fsu.fr\/hdf\/wp-json\/wp\/v2\/posts\/8777","targetHints":{"allow":["GET"]}}],"collection":[{"href":"https:\/\/regions-snetap-fsu.fr\/hdf\/wp-json\/wp\/v2\/posts"}],"about":[{"href":"https:\/\/regions-snetap-fsu.fr\/hdf\/wp-json\/wp\/v2\/types\/post"}],"author":[{"embeddable":true,"href":"https:\/\/regions-snetap-fsu.fr\/hdf\/wp-json\/wp\/v2\/users\/88"}],"replies":[{"embeddable":true,"href":"https:\/\/regions-snetap-fsu.fr\/hdf\/wp-json\/wp\/v2\/comments?post=8777"}],"version-history":[{"count":18,"href":"https:\/\/regions-snetap-fsu.fr\/hdf\/wp-json\/wp\/v2\/posts\/8777\/revisions"}],"predecessor-version":[{"id":8810,"href":"https:\/\/regions-snetap-fsu.fr\/hdf\/wp-json\/wp\/v2\/posts\/8777\/revisions\/8810"}],"wp:featuredmedia":[{"embeddable":true,"href":"https:\/\/regions-snetap-fsu.fr\/hdf\/wp-json\/wp\/v2\/media\/8783"}],"wp:attachment":[{"href":"https:\/\/regions-snetap-fsu.fr\/hdf\/wp-json\/wp\/v2\/media?parent=8777"}],"wp:term":[{"taxonomy":"category","embeddable":true,"href":"https:\/\/regions-snetap-fsu.fr\/hdf\/wp-json\/wp\/v2\/categories?post=8777"},{"taxonomy":"post_tag","embeddable":true,"href":"https:\/\/regions-snetap-fsu.fr\/hdf\/wp-json\/wp\/v2\/tags?post=8777"},{"taxonomy":"post_folder","embeddable":true,"href":"https:\/\/regions-snetap-fsu.fr\/hdf\/wp-json\/wp\/v2\/post_folder?post=8777"}],"curies":[{"name":"wp","href":"https:\/\/api.w.org\/{rel}","templated":true}]}}