{"id":8733,"date":"2023-04-28T19:33:31","date_gmt":"2023-04-28T17:33:31","guid":{"rendered":"https:\/\/regions-snetap-fsu.fr\/hdf\/?p=8733"},"modified":"2023-04-30T17:15:42","modified_gmt":"2023-04-30T15:15:42","slug":"faisons-du-1er-mai-une-journee-de-mobilisation-massive-unitaire-et-populaire","status":"publish","type":"post","link":"https:\/\/regions-snetap-fsu.fr\/hdf\/2023\/04\/28\/faisons-du-1er-mai-une-journee-de-mobilisation-massive-unitaire-et-populaire\/","title":{"rendered":"Faisons du 1er mai une journ\u00e9e de mobilisation massive, unitaire et populaire !"},"content":{"rendered":"<h2 style=\"text-align: center\"><span style=\"font-family: tahoma, arial, helvetica, sans-serif;color: #ff0000\">Faisons du 1<sup>er<\/sup> mai une journ\u00e9e de mobilisation massive, unitaire et populaire !<\/span><\/h2>\n<p style=\"text-align: justify\"><span style=\"font-family: tahoma, arial, helvetica, sans-serif;color: #129447\">L\u2019intersyndicale du MASA appelle \u00e0 faire du 1<sup>er<\/sup> mai une journ\u00e9e de mobilisation massive, unitaire et populaire contre la r\u00e9forme des retraites partout sur le territoire, dans le calme et la d\u00e9termination. Elle invite tous les travailleurs et toutes les travailleuses, jeunes, retrait\u00e9\u00b7e\u00b7s comme l\u2019ensemble de la population \u00e0 s\u2019y rendre massivement, entre coll\u00e8gues de travail, ami\u00b7e\u00b7s, en famille pour obtenir l\u2019abrogation de cette r\u00e9forme injustifi\u00e9e, brutale et injuste.<\/span><\/p>\n<p style=\"text-align: justify\" align=\"justify\"><span style=\"font-family: tahoma, arial, helvetica, sans-serif;color: #129447\"><strong>Ce 1<sup>er<\/sup> mai 2023, <\/strong><strong>j<\/strong><strong>our f\u00e9ri\u00e9 et ch\u00f4m\u00e9 o\u00f9 sont port\u00e9es partout dans le monde les revendications des salari\u00e9\u00b7e\u00b7s, la paix et la solidarit\u00e9 internationale<\/strong><strong>,<\/strong><strong> doit prendre un caract\u00e8re exceptionnel et historique pour le retrait de la r\u00e9forme des retraites mais aussi pour porter nos propositions de progr\u00e8s social.<\/strong><\/span><\/p>\n<p lang=\"fr-FR\" style=\"text-align: justify\" align=\"justify\"><span style=\"font-family: tahoma, arial, helvetica, sans-serif;color: #129447\">Les sujets ne manquent pas pour \u00eatre r\u00e9unis en grand nombre lors de cette journ\u00e9e du 1<sup>er<\/sup> Mai, qui doit \u00eatre une journ\u00e9e de mobilisation massive, unitaire et populaire contre la r\u00e9forme des retraites partout sur le territoire, dans la d\u00e9termination.<\/span><\/p>\n<p lang=\"fr-FR\" style=\"text-align: justify\" align=\"justify\"><span style=\"font-family: tahoma, arial, helvetica, sans-serif;color: #129447\">Les salaires r\u00e9els des agentes et agents publics sont r\u00e9duits par le gel scandaleux de la valeur du point d\u2019indice. Les conditions d\u2019exercice des m\u00e9tiers sont de plus en plus d\u00e9grad\u00e9es par l\u2019insuffisance de cr\u00e9ations de postes et le manque de moyens n\u00e9cessaires \u00e0 l\u2019exercice des missions.<\/span><\/p>\n<p lang=\"fr-FR\" style=\"text-align: justify\" align=\"justify\"><span style=\"font-family: tahoma, arial, helvetica, sans-serif;color: #129447\">La structure m\u00eame de nos \u00e9tablissements, nos postes sont menac\u00e9s par le projet de r\u00e9forme des lyc\u00e9es professionnels.<\/span><\/p>\n<div class=\"css-1dbjc4n\">\n<div id=\"id__k6y56oqzdo\" class=\"css-901oao r-18jsvk2 r-37j5jr r-a023e6 r-16dba41 r-rjixqe r-bcqeeo r-bnwqim r-qvutc0\" dir=\"auto\" lang=\"fr\" style=\"text-align: justify\" data-testid=\"tweetText\"><span style=\"font-family: tahoma, arial, helvetica, sans-serif;color: #129447\"><span class=\"css-901oao css-16my406 r-poiln3 r-bcqeeo r-qvutc0\">Si vous n&rsquo;avez pas compris ce qu&rsquo;il se cache derri\u00e8re le projet de r\u00e9forme des lyc\u00e9es professionnels, <\/span><span class=\"css-901oao css-16my406 r-poiln3 r-bcqeeo r-qvutc0\">visualisez, au lien ci-dessous, l&rsquo;intervention p\u00e9dagogique et pertinente de Sigrid Gerardin, Co-secr\u00e9taire g\u00e9n\u00e9rale du SNUEP-FSU. <\/span><span class=\"css-901oao css-16my406 r-poiln3 r-bcqeeo r-qvutc0\"> N&rsquo;oubliez pas, l&rsquo;<\/span><span class=\"r-18u37iz\">enseignement agricole<\/span><span class=\"css-901oao css-16my406 r-poiln3 r-bcqeeo r-qvutc0\"> public sera concern\u00e9 !<br \/>\n<\/span><\/span><\/div>\n<div dir=\"auto\" lang=\"fr\" style=\"text-align: justify\" data-testid=\"tweetText\"><\/div>\n<div dir=\"auto\" lang=\"fr\" style=\"text-align: justify\" data-testid=\"tweetText\"><span style=\"font-family: tahoma, arial, helvetica, sans-serif\"><a href=\"https:\/\/twitter.com\/i\/status\/1651813491236569091\" target=\"_blank\" rel=\"noopener\">Lien : Sigrid Gerardin &#8211; Peut-on faire un lien entre la r\u00e9forme des retraites et la r\u00e9forme de la #voiepro remise sur le tapis par le pr\u00e9sident de la R\u00e9publique ?<\/a><\/span><\/div>\n<div dir=\"auto\" lang=\"fr\" data-testid=\"tweetText\">.<\/div>\n<\/div>\n<div dir=\"auto\" lang=\"fr\" data-testid=\"tweetText\"><\/div>\n<div dir=\"auto\" lang=\"fr\" style=\"text-align: justify\" data-testid=\"tweetText\"><span style=\"font-family: tahoma, arial, helvetica, sans-serif\"><a href=\"https:\/\/elan-commun.fr\/2023\/04\/20\/un-1er-mai-unitaire-et-populaire-pour-le-retrait\/\" target=\"_blank\" rel=\"noopener\">Lien : Communiqu\u00e9 de l&rsquo;intersyndicale du MASA &#8211; Un 1er Mai unitaire et populaire pour le retrait !<\/a><\/span><\/div>\n<div dir=\"auto\" lang=\"fr\" data-testid=\"tweetText\"><\/div>\n<div dir=\"auto\" lang=\"fr\" data-testid=\"tweetText\">\n\t\t<div class=\"wppdfemb-frame-container-1\" style=\"-webkit-overflow-scrolling:auto;\">\n\t\t\t<iframe class=\"pdfembed-iframe nonfullscreen wppdf-emb-iframe-1\"\n\t\t\t\tsrc=\"https:\/\/regions-snetap-fsu.fr\/hdf\/?pdfemb-data=eyJ1cmwiOiJodHRwczpcL1wvcmVnaW9ucy1zbmV0YXAtZnN1LmZyXC9oZGZcL3dwLWNvbnRlbnRcL3VwbG9hZHNcL3NpdGVzXC81XC8yMDIzXC8wNFwvMjAyMy4wNC4yNi1BcHBlbC11bml0YWlyZS1GUC0xZXItbWFpLnBkZiIsInRpdGxlIjoiMjAyMy4wNC4yNiAtIEFwcGVsIHVuaXRhaXJlIEZQIDFlciBtYWkiLCJpbmRleCI6MSwicGRmSUQiOjg3MzF9\"\n\t\t\t\ttitle=\"2023.04.26 - Appel unitaire FP 1er mai\"\t\t\t\tdata-pdf-id=\"8731\"\n\t\t\t\tdata-pdf-index=\"1\"\n\t\t\t\tstyle=\"border:none;width:100%;max-width:100%;height:100vh;\"\n\t\t\t\tscrolling=\"yes\">\n\t\t\t<\/iframe>\n\t\t<\/div>\n\n\t\t<\/div>\n<div dir=\"auto\" lang=\"fr\" data-testid=\"tweetText\"><\/div>\n<h3 dir=\"auto\" lang=\"fr\" style=\"text-align: center\" data-testid=\"tweetText\"><span style=\"font-family: tahoma, arial, helvetica, sans-serif;color: #ff0000\">Petit rappel du 1<sup>er<\/sup> mai, f\u00eate des travailleurs et travailleuses<\/span><\/h3>\n<p style=\"text-align: justify\"><span class=\"css-901oao css-16my406 r-poiln3 r-bcqeeo r-qvutc0\" style=\"font-family: tahoma, arial, helvetica, sans-serif\"><span style=\"color: #129447\">Le 1<sup>er<\/sup> mai est pour les militant\u00b7e\u00b7s la journ\u00e9e de lutte et de c\u00e9l\u00e9bration des combats des salari\u00e9\u00b7e\u00b7s dont la revendication de la journ\u00e9e de 8 heures aux USA et la manifestation de Fourmies (59) qui a eu 9 morts. Donc <strong>c&rsquo;est la f\u00eate des travailleurs travailleuses<\/strong> et non pas la f\u00eate du travail.<\/span><\/span><\/p>\n<p style=\"text-align: justify\"><span class=\"css-901oao css-16my406 r-poiln3 r-bcqeeo r-qvutc0\" style=\"font-family: tahoma, arial, helvetica, sans-serif\"><span style=\"color: #129447\">La f\u00eate du travail est une r\u00e9cup\u00e9ration du gouvernement de P\u00e9tain-Laval (improprement nomm\u00e9 Vichy). Le 26 avril 1946, le gouvernement reconna\u00eet officiellement le caract\u00e8re ch\u00f4m\u00e9 du 1<sup>er<\/sup> mai. Il n\u2019est d\u00e8s lors plus un jour de gr\u00e8ve. Il tourne aussi la page du r\u00e9gime de P\u00e9tain-Laval en le rendant d\u00e9finitivement aux travailleurs travailleuses.<\/span><\/span><\/p>\n<p style=\"text-align: justify\"><span class=\"css-901oao css-16my406 r-poiln3 r-bcqeeo r-qvutc0\" style=\"font-family: tahoma, arial, helvetica, sans-serif\"><span style=\"color: #129447\">Actuellement les \u00e9l\u00e9ments de langage de certain\u00b7e\u00b7s politiques le renomme f\u00eate du travail. Ce qui en dit long de leur intention anti-sociale, anti-syndicale, anti travailleurs travailleuses et ultra-capitaliste.<\/span><\/span><\/p>\n<p style=\"text-align: justify\"><span class=\"css-901oao css-16my406 r-poiln3 r-bcqeeo r-qvutc0\" style=\"font-family: tahoma, arial, helvetica, sans-serif\"><span style=\"color: #129447\">En 1948, le 1<sup>er<\/sup> mai devient f\u00e9ri\u00e9 et ch\u00f4m\u00e9.<\/span><br \/>\n<\/span><\/p>\n<h3 style=\"text-align: center\"><span style=\"color: #ff0000;font-family: tahoma, arial, helvetica, sans-serif\">Les mobilisations dans les Hauts-de-France<\/span><\/h3>\n<ul>\n<li><span style=\"font-family: tahoma, arial, helvetica, sans-serif;color: #129447\"><strong>Lille, 10h, Porte des Postes.<\/strong><\/span><\/li>\n<li><span style=\"font-family: tahoma, arial, helvetica, sans-serif;color: #129447\"><strong>Amiens,<\/strong><\/span>\n<ul>\n<li><span style=\"color: #129447;font-family: tahoma, arial, helvetica, sans-serif\">10h &#8211; 18h : Village associatif &amp; festif au parc de la Hotoie.<\/span><\/li>\n<li><span style=\"color: #129447;font-family: tahoma, arial, helvetica, sans-serif\"><strong>10h30, manifestation \u00e0 la Maison de la Culture.<\/strong><\/span><\/li>\n<\/ul>\n<\/li>\n<li><span style=\"font-family: tahoma, arial, helvetica, sans-serif;color: #129447\"><strong>Arras<\/strong>, 9h30, place de la Gare + Salon du Livre et de la critique sociale (Grand Place de 8h30 \u00e0 17h30).<\/span><\/li>\n<li><span style=\"font-family: tahoma, arial, helvetica, sans-serif;color: #129447\"><strong>Beauvais<\/strong>, des cars sont propos\u00e9s au d\u00e9part de la gare SNCF pour la manifestation de Compi\u00e8gne (Contacte pour vous inscrire : fsu60@fsu.fr (avant le 28 avril)). Pour se garer cliquez sur le lien suivant : <a style=\"color: #129447\" href=\"https:\/\/fsu60.fsu.fr\/un-1er-mai-unitaire-et-populaire-pour-le-retrait\/\" target=\"_blank\" rel=\"noopener\">Lien : FSU60 &#8211; Un 1er Mai unitaire et populaire pour le retrait !<\/a><\/span><\/li>\n<li><span style=\"font-family: tahoma, arial, helvetica, sans-serif;color: #129447\"><strong>B\u00e9thune<\/strong>, 9h30 cort\u00e8ge place de l&rsquo;Europe puis rassemblement festif au Mont Liebaut (food truck etc..)<\/span><\/li>\n<li><span style=\"font-family: tahoma, arial, helvetica, sans-serif;color: #129447\"><strong>Berck-sur-mer<\/strong>, 10h, Parvis de la m\u00e9diath\u00e8que.<\/span><\/li>\n<li><span style=\"font-family: tahoma, arial, helvetica, sans-serif;color: #129447\"><strong>Boulogne-Sur-Mer<\/strong>, 9h30, Bourse du travail.<\/span><\/li>\n<li><span style=\"font-family: tahoma, arial, helvetica, sans-serif;color: #129447\"><strong>Calais<\/strong>, 9h30, manifestation place d&rsquo;Armes.<\/span><\/li>\n<li><span style=\"font-family: tahoma, arial, helvetica, sans-serif;color: #129447\"><strong>Cambrai<\/strong>, 10h30, Place A.Briand + Barbecue fraternel et stands syndicaux l&rsquo;apr\u00e8s-midi sur la grand place.<\/span><\/li>\n<li style=\"text-align: justify\"><span style=\"font-family: tahoma, arial, helvetica, sans-serif;color: #129447\"><strong>Ch\u00e2teau-Thierry<\/strong>, 10h00 rassemblement festif place des Etats-Unis, concert, barbecue &#8230;<\/span><\/li>\n<li><span style=\"font-family: tahoma, arial, helvetica, sans-serif;color: #129447\"><strong>Compi\u00e8gne<\/strong>,<\/span>\n<ul>\n<li><span style=\"font-family: tahoma, arial, helvetica, sans-serif;color: #129447\">10h, seule manifestation d\u00e9partementale de l&rsquo;Oise, Cours Guynemer.<\/span><\/li>\n<li><span style=\"font-family: tahoma, arial, helvetica, sans-serif;color: #129447\">La FSU Oise propose un document en ligne et partag\u00e9 pour organis\u00e9 du covoiturage pour se rendre \u00e0 Compi\u00e8gne le 1<sup>er<\/sup> mai : <a style=\"color: #129447\" href=\"https:\/\/lite.framacalc.org\/z3p4dyyakq-a0gu\">https:\/\/lite.framacalc.org\/z3p4dyyakq-a0gu<\/a><\/span><\/li>\n<li><span style=\"font-family: tahoma, arial, helvetica, sans-serif;color: #129447\"><a style=\"color: #129447\" href=\"https:\/\/fsu60.fsu.fr\/un-1er-mai-unitaire-et-populaire-pour-le-retrait\/\" target=\"_blank\" rel=\"noopener\">Lien : FSU60 &#8211; Un 1er Mai unitaire et populaire pour le retrait !<\/a><\/span><\/li>\n<\/ul>\n<\/li>\n<li>\n<div id=\"magicdomid18\" class=\"ace-line\"><span class=\"author-a-az77zqz70zz67zxz73z1z83zuz86zxrz66z4z73z\" style=\"font-family: tahoma, arial, helvetica, sans-serif;color: #129447\"><strong>Denain<\/strong>, 9h15, place Baudin.<\/span><\/div>\n<\/li>\n<li><span style=\"font-family: tahoma, arial, helvetica, sans-serif;color: #129447\"><strong>Douai<\/strong>, 9h30, place Carnot.<\/span><\/li>\n<li><span style=\"font-family: tahoma, arial, helvetica, sans-serif;color: #129447\"><strong>Dunkerque<\/strong>, 10h devant le b\u00e2timent de l&rsquo;Avenir.<\/span><\/li>\n<li><span style=\"font-family: tahoma, arial, helvetica, sans-serif;color: #129447\"><strong>Fourmies<\/strong>, 9h30, place, Georges Coppeaux.<\/span><\/li>\n<li style=\"text-align: justify\"><span style=\"font-family: tahoma, arial, helvetica, sans-serif;color: #129447\"><strong>Hirson<\/strong>, 10h, manifestation rue de Dinant.<\/span><\/li>\n<li style=\"text-align: justify\"><span style=\"font-family: tahoma, arial, helvetica, sans-serif;color: #129447\"><strong>Laon<\/strong>, 10h, manifestation place des droits de l&rsquo;Homme puis barbecue participatif.<\/span><\/li>\n<li><span style=\"font-family: tahoma, arial, helvetica, sans-serif;color: #129447\"><strong>Maubeuge<\/strong>, 9h30, St\u00e8le de la R\u00e9sistance, H\u00f4tel de Ville.<\/span><\/li>\n<li><span style=\"font-family: tahoma, arial, helvetica, sans-serif;color: #129447\"><strong>Roubaix<\/strong>, 12h, H\u00f4tel de ville.<\/span><\/li>\n<li><span style=\"font-family: tahoma, arial, helvetica, sans-serif;color: #129447\"><strong>Saint-Omer<\/strong>, 9h30, manif aux casseroles Parvis de la Gare.<\/span><\/li>\n<li><span style=\"font-family: tahoma, arial, helvetica, sans-serif;color: #129447\"><strong>Sai<\/strong><strong>nt-Quentin<\/strong>, 10h, manifestation d\u00e9part place du 8 octobre suivie d&rsquo;un pot de l&rsquo;amiti\u00e9.<\/span><\/li>\n<li><span style=\"font-family: tahoma, arial, helvetica, sans-serif;color: #129447\"><strong>Soissons<\/strong>, 10h30, manifestation d\u00e9part place du march\u00e9, puis journ\u00e9e festive.<\/span><\/li>\n<li><span style=\"font-family: tahoma, arial, helvetica, sans-serif;color: #129447\"><strong>Valenciennes<\/strong>, 10h, place d&rsquo;Armes.<\/span><\/li>\n<\/ul>\n<p><span style=\"font-family: tahoma, arial, helvetica, sans-serif\"><i>Cet article est susceptible d\u2019\u00e9voluer jusqu\u2019\u00e0 la date du 1er mai 2023.<\/i><\/span><\/p>\n","protected":false},"excerpt":{"rendered":"<p>Faisons du 1er mai une journ\u00e9e de mobilisation massive, unitaire et populaire ! L\u2019intersyndicale du MASA appelle \u00e0 faire du 1er mai une journ\u00e9e de mobilisation massive, unitaire et populaire contre la r\u00e9forme des retraites partout sur le territoire, dans le calme et la d\u00e9termination. Elle invite tous les travailleurs et toutes les travailleuses, jeunes, [&hellip;]<\/p>\n","protected":false},"author":88,"featured_media":8691,"comment_status":"closed","ping_status":"closed","sticky":false,"template":"","format":"standard","meta":{"ocean_post_layout":"","ocean_both_sidebars_style":"","ocean_both_sidebars_content_width":0,"ocean_both_sidebars_sidebars_width":0,"ocean_sidebar":"0","ocean_second_sidebar":"0","ocean_disable_margins":"enable","ocean_add_body_class":"","ocean_shortcode_before_top_bar":"","ocean_shortcode_after_top_bar":"","ocean_shortcode_before_header":"","ocean_shortcode_after_header":"","ocean_has_shortcode":"","ocean_shortcode_after_title":"","ocean_shortcode_before_footer_widgets":"","ocean_shortcode_after_footer_widgets":"","ocean_shortcode_before_footer_bottom":"","ocean_shortcode_after_footer_bottom":"","ocean_display_top_bar":"default","ocean_display_header":"default","ocean_header_style":"","ocean_center_header_left_menu":"0","ocean_custom_header_template":"0","ocean_custom_logo":0,"ocean_custom_retina_logo":0,"ocean_custom_logo_max_width":0,"ocean_custom_logo_tablet_max_width":0,"ocean_custom_logo_mobile_max_width":0,"ocean_custom_logo_max_height":0,"ocean_custom_logo_tablet_max_height":0,"ocean_custom_logo_mobile_max_height":0,"ocean_header_custom_menu":"0","ocean_menu_typo_font_family":"0","ocean_menu_typo_font_subset":"","ocean_menu_typo_font_size":0,"ocean_menu_typo_font_size_tablet":0,"ocean_menu_typo_font_size_mobile":0,"ocean_menu_typo_font_size_unit":"px","ocean_menu_typo_font_weight":"","ocean_menu_typo_font_weight_tablet":"","ocean_menu_typo_font_weight_mobile":"","ocean_menu_typo_transform":"","ocean_menu_typo_transform_tablet":"","ocean_menu_typo_transform_mobile":"","ocean_menu_typo_line_height":0,"ocean_menu_typo_line_height_tablet":0,"ocean_menu_typo_line_height_mobile":0,"ocean_menu_typo_line_height_unit":"","ocean_menu_typo_spacing":0,"ocean_menu_typo_spacing_tablet":0,"ocean_menu_typo_spacing_mobile":0,"ocean_menu_typo_spacing_unit":"","ocean_menu_link_color":"","ocean_menu_link_color_hover":"","ocean_menu_link_color_active":"","ocean_menu_link_background":"","ocean_menu_link_hover_background":"","ocean_menu_link_active_background":"","ocean_menu_social_links_bg":"","ocean_menu_social_hover_links_bg":"","ocean_menu_social_links_color":"","ocean_menu_social_hover_links_color":"","ocean_disable_title":"default","ocean_disable_heading":"default","ocean_post_title":"","ocean_post_subheading":"","ocean_post_title_style":"","ocean_post_title_background_color":"","ocean_post_title_background":0,"ocean_post_title_bg_image_position":"","ocean_post_title_bg_image_attachment":"","ocean_post_title_bg_image_repeat":"","ocean_post_title_bg_image_size":"","ocean_post_title_height":0,"ocean_post_title_bg_overlay":0.5,"ocean_post_title_bg_overlay_color":"","ocean_disable_breadcrumbs":"default","ocean_breadcrumbs_color":"","ocean_breadcrumbs_separator_color":"","ocean_breadcrumbs_links_color":"","ocean_breadcrumbs_links_hover_color":"","ocean_display_footer_widgets":"default","ocean_display_footer_bottom":"default","ocean_custom_footer_template":"0","ocean_post_oembed":"","ocean_post_self_hosted_media":"","ocean_post_video_embed":"","ocean_link_format":"","ocean_link_format_target":"self","ocean_quote_format":"","ocean_quote_format_link":"post","ocean_gallery_link_images":"off","ocean_gallery_id":[],"footnotes":""},"categories":[2],"tags":[],"post_folder":[],"class_list":["post-8733","post","type-post","status-publish","format-standard","has-post-thumbnail","hentry","category-actions-greves-manifs","entry","has-media"],"yoast_head":"<!-- This site is optimized with the Yoast SEO plugin v27.4 - https:\/\/yoast.com\/product\/yoast-seo-wordpress\/ -->\n<title>Faisons du 1er mai une journ\u00e9e de mobilisation massive, unitaire et populaire ! - HAUTS-DE-FRANCE<\/title>\n<meta name=\"robots\" content=\"index, follow, max-snippet:-1, max-image-preview:large, max-video-preview:-1\" \/>\n<link rel=\"canonical\" href=\"https:\/\/regions-snetap-fsu.fr\/hdf\/2023\/04\/28\/faisons-du-1er-mai-une-journee-de-mobilisation-massive-unitaire-et-populaire\/\" \/>\n<meta property=\"og:locale\" content=\"fr_FR\" \/>\n<meta property=\"og:type\" content=\"article\" \/>\n<meta property=\"og:title\" content=\"Faisons du 1er mai une journ\u00e9e de mobilisation massive, unitaire et populaire ! - HAUTS-DE-FRANCE\" \/>\n<meta property=\"og:description\" content=\"Faisons du 1er mai une journ\u00e9e de mobilisation massive, unitaire et populaire ! L\u2019intersyndicale du MASA appelle \u00e0 faire du 1er mai une journ\u00e9e de mobilisation massive, unitaire et populaire contre la r\u00e9forme des retraites partout sur le territoire, dans le calme et la d\u00e9termination. Elle invite tous les travailleurs et toutes les travailleuses, jeunes, [&hellip;]\" \/>\n<meta property=\"og:url\" content=\"https:\/\/regions-snetap-fsu.fr\/hdf\/2023\/04\/28\/faisons-du-1er-mai-une-journee-de-mobilisation-massive-unitaire-et-populaire\/\" \/>\n<meta property=\"og:site_name\" content=\"HAUTS-DE-FRANCE\" \/>\n<meta property=\"article:published_time\" content=\"2023-04-28T17:33:31+00:00\" \/>\n<meta property=\"article:modified_time\" content=\"2023-04-30T15:15:42+00:00\" \/>\n<meta property=\"og:image\" content=\"https:\/\/regions-snetap-fsu.fr\/hdf\/wp-content\/uploads\/sites\/5\/2023\/04\/1ermai_unitaireGIMP.jpg\" \/>\n\t<meta property=\"og:image:width\" content=\"435\" \/>\n\t<meta property=\"og:image:height\" content=\"200\" \/>\n\t<meta property=\"og:image:type\" content=\"image\/jpeg\" \/>\n<meta name=\"author\" content=\"Regis Martinage\" \/>\n<meta name=\"twitter:card\" content=\"summary_large_image\" \/>\n<meta name=\"twitter:creator\" content=\"@MartinageSnetap\" \/>\n<meta name=\"twitter:site\" content=\"@MartinageSnetap\" \/>\n<meta name=\"twitter:label1\" content=\"\u00c9crit par\" \/>\n\t<meta name=\"twitter:data1\" content=\"Regis Martinage\" \/>\n\t<meta name=\"twitter:label2\" content=\"Dur\u00e9e de lecture estim\u00e9e\" \/>\n\t<meta name=\"twitter:data2\" content=\"4 minutes\" \/>\n<script type=\"application\/ld+json\" class=\"yoast-schema-graph\">{\"@context\":\"https:\\\/\\\/schema.org\",\"@graph\":[{\"@type\":\"Article\",\"@id\":\"https:\\\/\\\/regions-snetap-fsu.fr\\\/hdf\\\/2023\\\/04\\\/28\\\/faisons-du-1er-mai-une-journee-de-mobilisation-massive-unitaire-et-populaire\\\/#article\",\"isPartOf\":{\"@id\":\"https:\\\/\\\/regions-snetap-fsu.fr\\\/hdf\\\/2023\\\/04\\\/28\\\/faisons-du-1er-mai-une-journee-de-mobilisation-massive-unitaire-et-populaire\\\/\"},\"author\":{\"name\":\"Regis Martinage\",\"@id\":\"https:\\\/\\\/regions-snetap-fsu.fr\\\/hdf\\\/#\\\/schema\\\/person\\\/fa09b77e508eb2889a1c2dd6f4cf3149\"},\"headline\":\"Faisons du 1er mai une journ\u00e9e de mobilisation massive, unitaire et populaire !\",\"datePublished\":\"2023-04-28T17:33:31+00:00\",\"dateModified\":\"2023-04-30T15:15:42+00:00\",\"mainEntityOfPage\":{\"@id\":\"https:\\\/\\\/regions-snetap-fsu.fr\\\/hdf\\\/2023\\\/04\\\/28\\\/faisons-du-1er-mai-une-journee-de-mobilisation-massive-unitaire-et-populaire\\\/\"},\"wordCount\":916,\"publisher\":{\"@id\":\"https:\\\/\\\/regions-snetap-fsu.fr\\\/hdf\\\/#organization\"},\"image\":{\"@id\":\"https:\\\/\\\/regions-snetap-fsu.fr\\\/hdf\\\/2023\\\/04\\\/28\\\/faisons-du-1er-mai-une-journee-de-mobilisation-massive-unitaire-et-populaire\\\/#primaryimage\"},\"thumbnailUrl\":\"https:\\\/\\\/regions-snetap-fsu.fr\\\/hdf\\\/wp-content\\\/uploads\\\/sites\\\/5\\\/2023\\\/04\\\/1ermai_unitaireGIMP.jpg\",\"articleSection\":[\"Actions - Gr\u00e8ves - Manifs\"],\"inLanguage\":\"fr-FR\"},{\"@type\":\"WebPage\",\"@id\":\"https:\\\/\\\/regions-snetap-fsu.fr\\\/hdf\\\/2023\\\/04\\\/28\\\/faisons-du-1er-mai-une-journee-de-mobilisation-massive-unitaire-et-populaire\\\/\",\"url\":\"https:\\\/\\\/regions-snetap-fsu.fr\\\/hdf\\\/2023\\\/04\\\/28\\\/faisons-du-1er-mai-une-journee-de-mobilisation-massive-unitaire-et-populaire\\\/\",\"name\":\"Faisons du 1er mai une journ\u00e9e de mobilisation massive, unitaire et populaire ! - HAUTS-DE-FRANCE\",\"isPartOf\":{\"@id\":\"https:\\\/\\\/regions-snetap-fsu.fr\\\/hdf\\\/#website\"},\"primaryImageOfPage\":{\"@id\":\"https:\\\/\\\/regions-snetap-fsu.fr\\\/hdf\\\/2023\\\/04\\\/28\\\/faisons-du-1er-mai-une-journee-de-mobilisation-massive-unitaire-et-populaire\\\/#primaryimage\"},\"image\":{\"@id\":\"https:\\\/\\\/regions-snetap-fsu.fr\\\/hdf\\\/2023\\\/04\\\/28\\\/faisons-du-1er-mai-une-journee-de-mobilisation-massive-unitaire-et-populaire\\\/#primaryimage\"},\"thumbnailUrl\":\"https:\\\/\\\/regions-snetap-fsu.fr\\\/hdf\\\/wp-content\\\/uploads\\\/sites\\\/5\\\/2023\\\/04\\\/1ermai_unitaireGIMP.jpg\",\"datePublished\":\"2023-04-28T17:33:31+00:00\",\"dateModified\":\"2023-04-30T15:15:42+00:00\",\"breadcrumb\":{\"@id\":\"https:\\\/\\\/regions-snetap-fsu.fr\\\/hdf\\\/2023\\\/04\\\/28\\\/faisons-du-1er-mai-une-journee-de-mobilisation-massive-unitaire-et-populaire\\\/#breadcrumb\"},\"inLanguage\":\"fr-FR\",\"potentialAction\":[{\"@type\":\"ReadAction\",\"target\":[\"https:\\\/\\\/regions-snetap-fsu.fr\\\/hdf\\\/2023\\\/04\\\/28\\\/faisons-du-1er-mai-une-journee-de-mobilisation-massive-unitaire-et-populaire\\\/\"]}]},{\"@type\":\"ImageObject\",\"inLanguage\":\"fr-FR\",\"@id\":\"https:\\\/\\\/regions-snetap-fsu.fr\\\/hdf\\\/2023\\\/04\\\/28\\\/faisons-du-1er-mai-une-journee-de-mobilisation-massive-unitaire-et-populaire\\\/#primaryimage\",\"url\":\"https:\\\/\\\/regions-snetap-fsu.fr\\\/hdf\\\/wp-content\\\/uploads\\\/sites\\\/5\\\/2023\\\/04\\\/1ermai_unitaireGIMP.jpg\",\"contentUrl\":\"https:\\\/\\\/regions-snetap-fsu.fr\\\/hdf\\\/wp-content\\\/uploads\\\/sites\\\/5\\\/2023\\\/04\\\/1ermai_unitaireGIMP.jpg\",\"width\":435,\"height\":200},{\"@type\":\"BreadcrumbList\",\"@id\":\"https:\\\/\\\/regions-snetap-fsu.fr\\\/hdf\\\/2023\\\/04\\\/28\\\/faisons-du-1er-mai-une-journee-de-mobilisation-massive-unitaire-et-populaire\\\/#breadcrumb\",\"itemListElement\":[{\"@type\":\"ListItem\",\"position\":1,\"name\":\"Accueil\",\"item\":\"https:\\\/\\\/regions-snetap-fsu.fr\\\/hdf\\\/\"},{\"@type\":\"ListItem\",\"position\":2,\"name\":\"Actions - Gr\u00e8ves - Manifs\",\"item\":\"https:\\\/\\\/regions-snetap-fsu.fr\\\/hdf\\\/category\\\/actions-greves-manifs\\\/\"},{\"@type\":\"ListItem\",\"position\":3,\"name\":\"Faisons du 1er mai une journ\u00e9e de mobilisation massive, unitaire et populaire !\"}]},{\"@type\":\"WebSite\",\"@id\":\"https:\\\/\\\/regions-snetap-fsu.fr\\\/hdf\\\/#website\",\"url\":\"https:\\\/\\\/regions-snetap-fsu.fr\\\/hdf\\\/\",\"name\":\"HAUTS-DE-FRANCE\",\"description\":\"Section r\u00e9gionale\",\"publisher\":{\"@id\":\"https:\\\/\\\/regions-snetap-fsu.fr\\\/hdf\\\/#organization\"},\"potentialAction\":[{\"@type\":\"SearchAction\",\"target\":{\"@type\":\"EntryPoint\",\"urlTemplate\":\"https:\\\/\\\/regions-snetap-fsu.fr\\\/hdf\\\/?s={search_term_string}\"},\"query-input\":{\"@type\":\"PropertyValueSpecification\",\"valueRequired\":true,\"valueName\":\"search_term_string\"}}],\"inLanguage\":\"fr-FR\"},{\"@type\":\"Organization\",\"@id\":\"https:\\\/\\\/regions-snetap-fsu.fr\\\/hdf\\\/#organization\",\"name\":\"SNETAP-FSU - HAUTS-DE-FRANCE\",\"url\":\"https:\\\/\\\/regions-snetap-fsu.fr\\\/hdf\\\/\",\"logo\":{\"@type\":\"ImageObject\",\"inLanguage\":\"fr-FR\",\"@id\":\"https:\\\/\\\/regions-snetap-fsu.fr\\\/hdf\\\/#\\\/schema\\\/logo\\\/image\\\/\",\"url\":\"https:\\\/\\\/regions-snetap-fsu.fr\\\/hdf\\\/wp-content\\\/uploads\\\/sites\\\/5\\\/2020\\\/12\\\/SNETAP-Logo.jpg\",\"contentUrl\":\"https:\\\/\\\/regions-snetap-fsu.fr\\\/hdf\\\/wp-content\\\/uploads\\\/sites\\\/5\\\/2020\\\/12\\\/SNETAP-Logo.jpg\",\"width\":464,\"height\":334,\"caption\":\"SNETAP-FSU - HAUTS-DE-FRANCE\"},\"image\":{\"@id\":\"https:\\\/\\\/regions-snetap-fsu.fr\\\/hdf\\\/#\\\/schema\\\/logo\\\/image\\\/\"},\"sameAs\":[\"https:\\\/\\\/x.com\\\/MartinageSnetap\"]},{\"@type\":\"Person\",\"@id\":\"https:\\\/\\\/regions-snetap-fsu.fr\\\/hdf\\\/#\\\/schema\\\/person\\\/fa09b77e508eb2889a1c2dd6f4cf3149\",\"name\":\"Regis Martinage\",\"image\":{\"@type\":\"ImageObject\",\"inLanguage\":\"fr-FR\",\"@id\":\"https:\\\/\\\/secure.gravatar.com\\\/avatar\\\/7ae2aaabfe5b8d5c7b9361e91002ca9ec93c38c63c9a1d06ae19f03a5dc70dd7?s=96&d=mm&r=g\",\"url\":\"https:\\\/\\\/secure.gravatar.com\\\/avatar\\\/7ae2aaabfe5b8d5c7b9361e91002ca9ec93c38c63c9a1d06ae19f03a5dc70dd7?s=96&d=mm&r=g\",\"contentUrl\":\"https:\\\/\\\/secure.gravatar.com\\\/avatar\\\/7ae2aaabfe5b8d5c7b9361e91002ca9ec93c38c63c9a1d06ae19f03a5dc70dd7?s=96&d=mm&r=g\",\"caption\":\"Regis Martinage\"},\"url\":\"https:\\\/\\\/regions-snetap-fsu.fr\\\/hdf\\\/author\\\/r-martinage\\\/\"}]}<\/script>\n<!-- \/ Yoast SEO plugin. -->","yoast_head_json":{"title":"Faisons du 1er mai une journ\u00e9e de mobilisation massive, unitaire et populaire ! - HAUTS-DE-FRANCE","robots":{"index":"index","follow":"follow","max-snippet":"max-snippet:-1","max-image-preview":"max-image-preview:large","max-video-preview":"max-video-preview:-1"},"canonical":"https:\/\/regions-snetap-fsu.fr\/hdf\/2023\/04\/28\/faisons-du-1er-mai-une-journee-de-mobilisation-massive-unitaire-et-populaire\/","og_locale":"fr_FR","og_type":"article","og_title":"Faisons du 1er mai une journ\u00e9e de mobilisation massive, unitaire et populaire ! - HAUTS-DE-FRANCE","og_description":"Faisons du 1er mai une journ\u00e9e de mobilisation massive, unitaire et populaire ! L\u2019intersyndicale du MASA appelle \u00e0 faire du 1er mai une journ\u00e9e de mobilisation massive, unitaire et populaire contre la r\u00e9forme des retraites partout sur le territoire, dans le calme et la d\u00e9termination. Elle invite tous les travailleurs et toutes les travailleuses, jeunes, [&hellip;]","og_url":"https:\/\/regions-snetap-fsu.fr\/hdf\/2023\/04\/28\/faisons-du-1er-mai-une-journee-de-mobilisation-massive-unitaire-et-populaire\/","og_site_name":"HAUTS-DE-FRANCE","article_published_time":"2023-04-28T17:33:31+00:00","article_modified_time":"2023-04-30T15:15:42+00:00","og_image":[{"width":435,"height":200,"url":"https:\/\/regions-snetap-fsu.fr\/hdf\/wp-content\/uploads\/sites\/5\/2023\/04\/1ermai_unitaireGIMP.jpg","type":"image\/jpeg"}],"author":"Regis Martinage","twitter_card":"summary_large_image","twitter_creator":"@MartinageSnetap","twitter_site":"@MartinageSnetap","twitter_misc":{"\u00c9crit par":"Regis Martinage","Dur\u00e9e de lecture estim\u00e9e":"4 minutes"},"schema":{"@context":"https:\/\/schema.org","@graph":[{"@type":"Article","@id":"https:\/\/regions-snetap-fsu.fr\/hdf\/2023\/04\/28\/faisons-du-1er-mai-une-journee-de-mobilisation-massive-unitaire-et-populaire\/#article","isPartOf":{"@id":"https:\/\/regions-snetap-fsu.fr\/hdf\/2023\/04\/28\/faisons-du-1er-mai-une-journee-de-mobilisation-massive-unitaire-et-populaire\/"},"author":{"name":"Regis Martinage","@id":"https:\/\/regions-snetap-fsu.fr\/hdf\/#\/schema\/person\/fa09b77e508eb2889a1c2dd6f4cf3149"},"headline":"Faisons du 1er mai une journ\u00e9e de mobilisation massive, unitaire et populaire !","datePublished":"2023-04-28T17:33:31+00:00","dateModified":"2023-04-30T15:15:42+00:00","mainEntityOfPage":{"@id":"https:\/\/regions-snetap-fsu.fr\/hdf\/2023\/04\/28\/faisons-du-1er-mai-une-journee-de-mobilisation-massive-unitaire-et-populaire\/"},"wordCount":916,"publisher":{"@id":"https:\/\/regions-snetap-fsu.fr\/hdf\/#organization"},"image":{"@id":"https:\/\/regions-snetap-fsu.fr\/hdf\/2023\/04\/28\/faisons-du-1er-mai-une-journee-de-mobilisation-massive-unitaire-et-populaire\/#primaryimage"},"thumbnailUrl":"https:\/\/regions-snetap-fsu.fr\/hdf\/wp-content\/uploads\/sites\/5\/2023\/04\/1ermai_unitaireGIMP.jpg","articleSection":["Actions - Gr\u00e8ves - Manifs"],"inLanguage":"fr-FR"},{"@type":"WebPage","@id":"https:\/\/regions-snetap-fsu.fr\/hdf\/2023\/04\/28\/faisons-du-1er-mai-une-journee-de-mobilisation-massive-unitaire-et-populaire\/","url":"https:\/\/regions-snetap-fsu.fr\/hdf\/2023\/04\/28\/faisons-du-1er-mai-une-journee-de-mobilisation-massive-unitaire-et-populaire\/","name":"Faisons du 1er mai une journ\u00e9e de mobilisation massive, unitaire et populaire ! - HAUTS-DE-FRANCE","isPartOf":{"@id":"https:\/\/regions-snetap-fsu.fr\/hdf\/#website"},"primaryImageOfPage":{"@id":"https:\/\/regions-snetap-fsu.fr\/hdf\/2023\/04\/28\/faisons-du-1er-mai-une-journee-de-mobilisation-massive-unitaire-et-populaire\/#primaryimage"},"image":{"@id":"https:\/\/regions-snetap-fsu.fr\/hdf\/2023\/04\/28\/faisons-du-1er-mai-une-journee-de-mobilisation-massive-unitaire-et-populaire\/#primaryimage"},"thumbnailUrl":"https:\/\/regions-snetap-fsu.fr\/hdf\/wp-content\/uploads\/sites\/5\/2023\/04\/1ermai_unitaireGIMP.jpg","datePublished":"2023-04-28T17:33:31+00:00","dateModified":"2023-04-30T15:15:42+00:00","breadcrumb":{"@id":"https:\/\/regions-snetap-fsu.fr\/hdf\/2023\/04\/28\/faisons-du-1er-mai-une-journee-de-mobilisation-massive-unitaire-et-populaire\/#breadcrumb"},"inLanguage":"fr-FR","potentialAction":[{"@type":"ReadAction","target":["https:\/\/regions-snetap-fsu.fr\/hdf\/2023\/04\/28\/faisons-du-1er-mai-une-journee-de-mobilisation-massive-unitaire-et-populaire\/"]}]},{"@type":"ImageObject","inLanguage":"fr-FR","@id":"https:\/\/regions-snetap-fsu.fr\/hdf\/2023\/04\/28\/faisons-du-1er-mai-une-journee-de-mobilisation-massive-unitaire-et-populaire\/#primaryimage","url":"https:\/\/regions-snetap-fsu.fr\/hdf\/wp-content\/uploads\/sites\/5\/2023\/04\/1ermai_unitaireGIMP.jpg","contentUrl":"https:\/\/regions-snetap-fsu.fr\/hdf\/wp-content\/uploads\/sites\/5\/2023\/04\/1ermai_unitaireGIMP.jpg","width":435,"height":200},{"@type":"BreadcrumbList","@id":"https:\/\/regions-snetap-fsu.fr\/hdf\/2023\/04\/28\/faisons-du-1er-mai-une-journee-de-mobilisation-massive-unitaire-et-populaire\/#breadcrumb","itemListElement":[{"@type":"ListItem","position":1,"name":"Accueil","item":"https:\/\/regions-snetap-fsu.fr\/hdf\/"},{"@type":"ListItem","position":2,"name":"Actions - Gr\u00e8ves - Manifs","item":"https:\/\/regions-snetap-fsu.fr\/hdf\/category\/actions-greves-manifs\/"},{"@type":"ListItem","position":3,"name":"Faisons du 1er mai une journ\u00e9e de mobilisation massive, unitaire et populaire !"}]},{"@type":"WebSite","@id":"https:\/\/regions-snetap-fsu.fr\/hdf\/#website","url":"https:\/\/regions-snetap-fsu.fr\/hdf\/","name":"HAUTS-DE-FRANCE","description":"Section r\u00e9gionale","publisher":{"@id":"https:\/\/regions-snetap-fsu.fr\/hdf\/#organization"},"potentialAction":[{"@type":"SearchAction","target":{"@type":"EntryPoint","urlTemplate":"https:\/\/regions-snetap-fsu.fr\/hdf\/?s={search_term_string}"},"query-input":{"@type":"PropertyValueSpecification","valueRequired":true,"valueName":"search_term_string"}}],"inLanguage":"fr-FR"},{"@type":"Organization","@id":"https:\/\/regions-snetap-fsu.fr\/hdf\/#organization","name":"SNETAP-FSU - HAUTS-DE-FRANCE","url":"https:\/\/regions-snetap-fsu.fr\/hdf\/","logo":{"@type":"ImageObject","inLanguage":"fr-FR","@id":"https:\/\/regions-snetap-fsu.fr\/hdf\/#\/schema\/logo\/image\/","url":"https:\/\/regions-snetap-fsu.fr\/hdf\/wp-content\/uploads\/sites\/5\/2020\/12\/SNETAP-Logo.jpg","contentUrl":"https:\/\/regions-snetap-fsu.fr\/hdf\/wp-content\/uploads\/sites\/5\/2020\/12\/SNETAP-Logo.jpg","width":464,"height":334,"caption":"SNETAP-FSU - HAUTS-DE-FRANCE"},"image":{"@id":"https:\/\/regions-snetap-fsu.fr\/hdf\/#\/schema\/logo\/image\/"},"sameAs":["https:\/\/x.com\/MartinageSnetap"]},{"@type":"Person","@id":"https:\/\/regions-snetap-fsu.fr\/hdf\/#\/schema\/person\/fa09b77e508eb2889a1c2dd6f4cf3149","name":"Regis Martinage","image":{"@type":"ImageObject","inLanguage":"fr-FR","@id":"https:\/\/secure.gravatar.com\/avatar\/7ae2aaabfe5b8d5c7b9361e91002ca9ec93c38c63c9a1d06ae19f03a5dc70dd7?s=96&d=mm&r=g","url":"https:\/\/secure.gravatar.com\/avatar\/7ae2aaabfe5b8d5c7b9361e91002ca9ec93c38c63c9a1d06ae19f03a5dc70dd7?s=96&d=mm&r=g","contentUrl":"https:\/\/secure.gravatar.com\/avatar\/7ae2aaabfe5b8d5c7b9361e91002ca9ec93c38c63c9a1d06ae19f03a5dc70dd7?s=96&d=mm&r=g","caption":"Regis Martinage"},"url":"https:\/\/regions-snetap-fsu.fr\/hdf\/author\/r-martinage\/"}]}},"_links":{"self":[{"href":"https:\/\/regions-snetap-fsu.fr\/hdf\/wp-json\/wp\/v2\/posts\/8733","targetHints":{"allow":["GET"]}}],"collection":[{"href":"https:\/\/regions-snetap-fsu.fr\/hdf\/wp-json\/wp\/v2\/posts"}],"about":[{"href":"https:\/\/regions-snetap-fsu.fr\/hdf\/wp-json\/wp\/v2\/types\/post"}],"author":[{"embeddable":true,"href":"https:\/\/regions-snetap-fsu.fr\/hdf\/wp-json\/wp\/v2\/users\/88"}],"replies":[{"embeddable":true,"href":"https:\/\/regions-snetap-fsu.fr\/hdf\/wp-json\/wp\/v2\/comments?post=8733"}],"version-history":[{"count":9,"href":"https:\/\/regions-snetap-fsu.fr\/hdf\/wp-json\/wp\/v2\/posts\/8733\/revisions"}],"predecessor-version":[{"id":8747,"href":"https:\/\/regions-snetap-fsu.fr\/hdf\/wp-json\/wp\/v2\/posts\/8733\/revisions\/8747"}],"wp:featuredmedia":[{"embeddable":true,"href":"https:\/\/regions-snetap-fsu.fr\/hdf\/wp-json\/wp\/v2\/media\/8691"}],"wp:attachment":[{"href":"https:\/\/regions-snetap-fsu.fr\/hdf\/wp-json\/wp\/v2\/media?parent=8733"}],"wp:term":[{"taxonomy":"category","embeddable":true,"href":"https:\/\/regions-snetap-fsu.fr\/hdf\/wp-json\/wp\/v2\/categories?post=8733"},{"taxonomy":"post_tag","embeddable":true,"href":"https:\/\/regions-snetap-fsu.fr\/hdf\/wp-json\/wp\/v2\/tags?post=8733"},{"taxonomy":"post_folder","embeddable":true,"href":"https:\/\/regions-snetap-fsu.fr\/hdf\/wp-json\/wp\/v2\/post_folder?post=8733"}],"curies":[{"name":"wp","href":"https:\/\/api.w.org\/{rel}","templated":true}]}}