{"id":8675,"date":"2023-04-18T16:33:35","date_gmt":"2023-04-18T14:33:35","guid":{"rendered":"https:\/\/regions-snetap-fsu.fr\/hdf\/?p=8675"},"modified":"2023-04-30T17:20:44","modified_gmt":"2023-04-30T15:20:44","slug":"retraite-on-ne-tourne-pas-la-page-les-mobilisations-jusquau-1er-mai","status":"publish","type":"post","link":"https:\/\/regions-snetap-fsu.fr\/hdf\/2023\/04\/18\/retraite-on-ne-tourne-pas-la-page-les-mobilisations-jusquau-1er-mai\/","title":{"rendered":"Retraite : On ne tourne pas la page ! Les mobilisations jusqu&rsquo;au 1er mai"},"content":{"rendered":"<h2 style=\"text-align: center\"><span style=\"font-family: tahoma, arial, helvetica, sans-serif;color: #ff0000\">Retraite : On ne tourne pas la page !<\/span><\/h2>\n<h2 style=\"text-align: center\"><span style=\"font-family: tahoma, arial, helvetica, sans-serif;color: #ff0000\">Les mobilisations dans les Hauts-de-France jusqu&rsquo;au 1<sup>er<\/sup> mai<\/span><\/h2>\n<p style=\"text-align: justify\"><span style=\"font-family: tahoma, arial, helvetica, sans-serif;color: #129447\">Les organisations syndicales ont pris note que pendant 3 mois le Pr\u00e9sident de la R\u00e9publique n\u2019a pas jug\u00e9 que l\u2019\u00e9tat du pays n\u00e9cessitait une rencontre pour trouver les voies de sortie de crise. <\/span><\/p>\n<p style=\"text-align: justify\"><span style=\"font-family: tahoma, arial, helvetica, sans-serif;color: #129447\">Pire, le pr\u00e9sident Macron s&rsquo;ent\u00eate \u00e0 rester sourd aux revendications de 80 % des fran\u00e7ais.e.s et 93 % des actifs\u00b7actives, oppos\u00e9\u00b7e\u00b7s \u00e0 la retraite \u00e0 64 ans. La Macronie souhaite tourner la page. Dans son discours de ce lundi 17 avril, le pr\u00e9sident de la R\u00e9publique s&rsquo;est donn\u00e9 \u00ab\u00a0100 jours d&rsquo;apaisement et d&rsquo;action\u00a0\u00bb pour sortir de cette crise sociale et d\u00e9mocratique qu&rsquo;il a lui-m\u00eame cr\u00e9\u00e9e.<br \/>\n<\/span><\/p>\n<p style=\"text-align: justify\"><span style=\"font-family: tahoma, arial, helvetica, sans-serif;color: #129447\">Quelle erreur de communication pour ce pr\u00e9sident-monarque quand l&rsquo;histoire nous enseigne que les \u00ab Cent jours \u00bb d\u00e9signent la derni\u00e8re p\u00e9riode du r\u00e8gne de Napol\u00e9on I<sup>er<\/sup>, de son retour de l\u2019\u00eele d\u2019Elbe et son entr\u00e9e dans Paris le 20 mars 1815 \u00e0 sa seconde abdication, suite \u00e0 la d\u00e9faite de Waterloo, le 22 juin 1815.<\/span><\/p>\n<p style=\"text-align: justify\"><span style=\"font-family: tahoma, arial, helvetica, sans-serif;color: #129447\">Le pr\u00e9sident serait-il visionnaire ? Aurait-il annonc\u00e9 son fin de r\u00e8gne le 14 juillet 2023 ?<\/span><\/p>\n<p style=\"text-align: justify\"><span style=\"font-family: tahoma, arial, helvetica, sans-serif;color: #129447\">En tout cas, lors de son allocution, le 17 avril 2023, Emmanuel Macron a donn\u00e9 rendez-vous aux Fran\u00e7ais\u00b7e\u00b7s le 14 juillet 2023 pour \u00e9valuer les r\u00e9formes qu\u2019il va lancer dans trois domaines.<\/span><\/p>\n<p style=\"text-align: justify\"><span style=\"font-family: tahoma, arial, helvetica, sans-serif;color: #129447\">Au premier chef, le pr\u00e9sident de la R\u00e9publique veut acc\u00e9l\u00e9rer la <strong>r\u00e9forme du lyc\u00e9e professionnel<\/strong> qu\u2019il lie compl\u00e8tement au monde du travail. Si \u00e0 l\u2019issue des groupes de travail la ministre Carole Grandjean a convenu qu\u2019il n\u2019y avait pas de consensus sur l\u2019augmentation de 50 % des stages, elle ne renonce pas \u00e0 tenter d\u2019imposer une augmentation en classe de terminale. L\u2019intersyndicale s\u2019oppose toujours \u00e0 toute semaine suppl\u00e9mentaire et rappelle que c\u2019est sur la qualit\u00e9 des stages qu\u2019il faut absolument travailler et non sur leur quantit\u00e9.<\/span><\/p>\n<p style=\"text-align: justify\"><span style=\"font-family: tahoma, arial, helvetica, sans-serif;color: #129447\">L\u2019intersyndicale r\u00e9affirme son opposition ferme au d\u00e9veloppement de l\u2019<strong>apprentissage \u00e0 tout crin<\/strong> dans nos lyc\u00e9es professionnels et en particulier sous la forme de <strong>mixage de public<\/strong> qui revient \u00e0 d\u00e9grader l\u2019organisation des \u00e9tablissements et l\u2019organisation p\u00e9dagogique dans nos classes. Ce sont nos lyc\u00e9es professionnels et nos formations scolaires qui ont besoin d\u2019un vaste plan de revalorisation ! nos Lyc\u00e9es professionnels ne doivent pas se transformer en centre de formation \u00e0 l&#8217;employabilit\u00e9 des \u00e9l\u00e8ves, ils doivent rester des lieux, sous \u00e9gide du MASA, o\u00f9 l&rsquo;on forme \u00e0 des m\u00e9tiers. <\/span><span style=\"font-family: tahoma, arial, helvetica, sans-serif;color: #129447\">L\u2019intersyndicale rappelle qu\u2019une r\u00e9forme ne peut et ne doit se faire contre les personnels et contre l\u2019int\u00e9r\u00eat des jeunes. Les lyc\u00e9es professionnels dont l&rsquo;Enseignement Agricole Public font partie int\u00e9grante du syst\u00e8me \u00e9ducatif du pays.<\/span><\/p>\n<p style=\"text-align: justify\"><span style=\"font-family: tahoma, arial, helvetica, sans-serif;color: #129447\">Le pr\u00e9sident annonce aussi le <strong>remplacement<\/strong> \u00ab syst\u00e9matique \u00bb des enseignant\u00b7e\u00b7s et leur <strong>revalorisation<\/strong> d\u00e8s la rentr\u00e9e prochaine. Sur ces deux points, les propositions d\u2019Emmanuel Macron et de ses ministres se heurtent pourtant \u00e0 une opposition syndicale quasi unanime. Comment effectuer le remplacement dans de bonnes conditions face au d\u00e9ficit de recrutement des enseignant\u00b7e\u00b7s suite au manque d&rsquo;attractivit\u00e9 du m\u00e9tier ? Pour la revalorisation, nous attendons toujours depuis sa promesse de campagne et nous souhaitons une v\u00e9ritable revalorisation c&rsquo;est-\u00e0-dire sans contrepartie. Il avait promis une revalorisation de 10 % sans contrepartie d\u00e8s janvier 2023, nous n&rsquo;avons rien vu encore !<br \/>\n<\/span><\/p>\n<p style=\"text-align: justify\"><span style=\"font-family: tahoma, arial, helvetica, sans-serif;color: #129447\">Macron r\u00e9cidive\u2026 Comment alimenter le conflit social ?<\/span><\/p>\n<p style=\"text-align: justify\"><span style=\"font-family: tahoma, arial, helvetica, sans-serif;color: #129447\">La r\u00e9ponse des syndicats ne s\u2019est pas fait attendre : l\u2019intersyndicale de la voie professionnelle annonce annuler sa participation \u00e0 une r\u00e9union avec C Grandjean pr\u00e9vue aujourd\u2019hui ce lundi 18 avril 2023.<br \/>\n<\/span><\/p>\n<p style=\"text-align: justify\"><span style=\"font-family: tahoma, arial, helvetica, sans-serif;color: #129447\">L&rsquo;interprofessionnelle n\u2019entre donc pas dans un agenda politique qui n\u00e9cessiterait un rendez-vous en urgence et dont l\u2019ordre du jour ne serait pas le retrait de la loi sur les retraites. <\/span><\/p>\n<p style=\"text-align: justify\"><span style=\"font-family: tahoma, arial, helvetica, sans-serif\"><span style=\"color: #129447\">\u00ab\u00a0Pour sortir de son impasse politique et sociale, Emmanuel Macron a fait le 17 avril des annonces qui ne vont pas apaiser la situation dans l\u2019\u00e9ducation. Pour d\u00e9tourner l\u2019attention d\u2019une grande violence sociale, il en approfondit une autre. Emmanuel Macron doit pourtant savoir que les 100 jours se sont termin\u00e9s \u00e0 Waterloo.\u00a0\u00bb Fran\u00e7ois Jarraud &#8211; Le caf\u00e9 p\u00e9dagogique.<\/span><br \/>\n<\/span><\/p>\n<p style=\"text-align: justify\"><span style=\"font-family: tahoma, arial, helvetica, sans-serif;color: #129441\">L\u2019intersyndicale soutient les actions et gr\u00e8ves engag\u00e9es et les initiatives intersyndicales de proximit\u00e9 qui seront d\u00e9cid\u00e9es localement. <strong>L\u2019intersyndicale appelle l\u2019ensemble des travailleuses et travailleurs, des jeunes et retrait\u00e9\u00b7e\u00b7s \u00e0 faire du 1<sup>er<\/sup> mai 2023 une journ\u00e9e de mobilisation exceptionnelle et populaire contre la loi des retraites et pour la justice sociale.<\/strong> Une telle mobilisation unitaire intersyndicale sur le travail et les retraites est historique dans notre pays, elle d\u00e9montre l\u2019importance d\u2019avoir des r\u00e9ponses \u00e0 la hauteur des enjeux sociaux et environnementaux.<\/span><\/p>\n<p><span style=\"font-family: tahoma, arial, helvetica, sans-serif\"><a href=\"https:\/\/www.snetap-fsu.fr\/Un-1er-Mai-unitaire-et-populaire-pour-le-retrait.html\" target=\"_blank\" rel=\"noopener\">Lien : SNETAP-FSU &#8211; Un 1er Mai unitaire et populaire pour le retrait !<\/a><\/span><\/p>\n<p style=\"text-align: justify\"><span style=\"font-family: tahoma, arial, helvetica, sans-serif\"><a href=\"https:\/\/fsu.fr\/les-organisations-de-la-fonction-publique-ne-se-rendront-pas-aux-reunions-prevues-a-lagenda-social\/\" target=\"_blank\" rel=\"noopener\">Lien : FSU &#8211; Les organisations de la Fonction publique ne se rendront pas aux r\u00e9unions pr\u00e9vues \u00e0 l\u2019agenda social<\/a><\/span><\/p>\n<p style=\"text-align: justify\"><span style=\"font-family: tahoma, arial, helvetica, sans-serif\"><a href=\"https:\/\/fsu.fr\/30032-2\/\" target=\"_blank\" rel=\"noopener\">Lien : FSU &#8211; Annonces salariales des enseignant\u00b7es : un budget insuffisant et un pacte irresponsable<\/a><\/span><\/p>\n<p style=\"text-align: justify\"><span style=\"font-family: tahoma, arial, helvetica, sans-serif\"><a href=\"https:\/\/www.cafepedagogique.net\/2023\/04\/21\/sigrid-gerardin-la-reforme-du-lycee-professionnel-opere-un-virage-alarmant\/\" target=\"_blank\" rel=\"noopener\">Lien : &#8211; Le caf\u00e9 p\u00e9dagogique &#8211; Sigrid Gerardin : \u00ab La r\u00e9forme du lyc\u00e9e professionnel op\u00e8re un virage alarmant \u00bb<\/a><\/span><\/p>\n<h3 style=\"text-align: center\"><span style=\"font-family: tahoma, arial, helvetica, sans-serif;color: #ff0000\">Les mobilisations dans les Hauts-de-France<\/span><\/h3>\n<p><strong><span style=\"font-family: tahoma, arial, helvetica, sans-serif;color: #129447\">Mercredi 19 avril :<\/span><\/strong><\/p>\n<ul>\n<li style=\"text-align: justify\"><span style=\"font-family: tahoma, arial, helvetica, sans-serif;color: #129447\"><strong>Villers-Saint-Paul<\/strong>, 8h, barage filtrant au rond-point.<\/span><\/li>\n<\/ul>\n<p><strong><span style=\"font-family: tahoma, arial, helvetica, sans-serif;color: #129447\">Jeudi 20 avril :<\/span><\/strong><\/p>\n<ul>\n<li><span style=\"font-family: tahoma, arial, helvetica, sans-serif;color: #129447\"><strong>Beauvais<\/strong>, 14h, manifestation devant la gare SNCF.<\/span><\/li>\n<li style=\"text-align: justify\"><span style=\"font-family: tahoma, arial, helvetica, sans-serif;color: #129447\"><strong>Compi\u00e8gne<\/strong>, 10h, Cours Guynemer.<\/span><\/li>\n<li style=\"text-align: justify\"><span style=\"font-family: tahoma, arial, helvetica, sans-serif;color: #129447\"><strong>Montataire<\/strong>, 10h, manifestation parking rue Ambroise Croizat.<\/span><\/li>\n<li style=\"text-align: justify\"><span style=\"font-family: tahoma, arial, helvetica, sans-serif;color: #129447\"><strong>Soissons<\/strong>, de 10h \u00e0 13h, barrage du rond-point de Jardiland.<\/span><\/li>\n<\/ul>\n<p><strong><span style=\"font-family: tahoma, arial, helvetica, sans-serif;color: #129447\">Vendredi 21 avril :<\/span><\/strong><\/p>\n<ul>\n<li style=\"text-align: justify\"><span style=\"font-family: tahoma, arial, helvetica, sans-serif;color: #129447\"><strong>Nesle<\/strong>, 8h30, casserolades Innovafeed, lieu-dit \u00ab\u00a0les trente\u00a0\u00bb, 52 route de chaulnes.<\/span><\/li>\n<\/ul>\n<p><strong><span style=\"font-family: tahoma, arial, helvetica, sans-serif;color: #129447\">Lundi 24 avril :<\/span><\/strong><\/p>\n<ul>\n<li style=\"text-align: justify\"><b><span style=\"font-family: tahoma, arial, helvetica, sans-serif;color: #129447\">Casserolades \u00e0 20h dans plusieurs villes : Ils sont bient\u00f4t cuits, on ne les lache pas :<\/span><br \/>\n<\/b><\/p>\n<ul>\n<li><span style=\"font-family: tahoma, arial, helvetica, sans-serif\"><a href=\"https:\/\/france.attac.org\/se-mobiliser\/retraites-pour-le-droit-a-une-retraite-digne-et-heureuse\/article\/casserolade-generale-du-24-avril-la-carte-des-rassemblements\" target=\"_blank\" rel=\"noopener\">Lien : Attac -Casserolade g\u00e9n\u00e9rale du 24 avril : la carte des rassemblements<\/a><\/span><\/li>\n<li><span style=\"font-family: tahoma, arial, helvetica, sans-serif;color: #129447\"><strong>Abbeville<\/strong>, mairie.<\/span><\/li>\n<li><span style=\"font-family: tahoma, arial, helvetica, sans-serif;color: #129447\"><strong>Amiens<\/strong>, H\u00f4tel de ville<\/span><\/li>\n<li><span class=\"author-a-az77zqz70zz67zxz73z1z83zuz86zxrz66z4z73z\" style=\"font-family: tahoma, arial, helvetica, sans-serif;color: #129447\"><strong>Arras<\/strong>: Attention c&rsquo;est sur la carte mais l&rsquo;intersyndicale n&rsquo;appellera pas.<\/span><\/li>\n<li><span class=\"author-a-az77zqz70zz67zxz73z1z83zuz86zxrz66z4z73z\" style=\"font-family: tahoma, arial, helvetica, sans-serif;color: #129447\"><strong>B\u00e9thune<\/strong>, mairie.<\/span><\/li>\n<li>\n<div id=\"magicdomid3\" class=\"ace-line\" style=\"text-align: justify\"><span class=\"author-a-az77zqz70zz67zxz73z1z83zuz86zxrz66z4z73z\" style=\"font-family: tahoma, arial, helvetica, sans-serif;color: #129447\"><strong>Calais<\/strong> , mairie.<\/span><\/div>\n<\/li>\n<li><span style=\"font-family: tahoma, arial, helvetica, sans-serif;color: #129447\"><strong>Clermont<\/strong>, mairie.<\/span><\/li>\n<li style=\"text-align: justify\"><span style=\"font-family: tahoma, arial, helvetica, sans-serif;color: #129447\"><strong>Creil<\/strong>, mairie.<\/span><\/li>\n<li><span style=\"font-family: tahoma, arial, helvetica, sans-serif;color: #129447\"><strong>Cr\u00e9py-en-Valois<\/strong>, mairie.<\/span><\/li>\n<li style=\"text-align: justify\"><span style=\"font-family: tahoma, arial, helvetica, sans-serif;color: #129447\"><strong>Douchy-les-Mines<\/strong>, mairie, place Paul Eluard.<\/span><\/li>\n<li><span style=\"font-family: tahoma, arial, helvetica, sans-serif;color: #129447\"><strong>Dunkerque<\/strong>, mairie, place Charles Valentin.<\/span><\/li>\n<li style=\"text-align: justify\"><span style=\"font-family: tahoma, arial, helvetica, sans-serif;color: #129447\"><strong>Faches-Thumesnil<\/strong>, mairie.<\/span><\/li>\n<li><span style=\"font-family: tahoma, arial, helvetica, sans-serif;color: #129447\"><strong>Hellemmes<\/strong>, mairie.<\/span><\/li>\n<li><span style=\"font-family: tahoma, arial, helvetica, sans-serif;color: #129447\"><strong>Laon<\/strong>, mairie.<\/span><\/li>\n<li><span style=\"font-family: tahoma, arial, helvetica, sans-serif;color: #129447\"><strong>Lens<\/strong>, mairie.<\/span><\/li>\n<li><span style=\"color: #129447;font-family: tahoma, arial, helvetica, sans-serif\"><strong>Lille<\/strong>, mairie.<\/span><\/li>\n<li><span style=\"font-family: tahoma, arial, helvetica, sans-serif;color: #129447\"><strong>Loos<\/strong>, mairie.<\/span><\/li>\n<li>\n<div id=\"magicdomid5\" class=\"ace-line\"><span class=\"author-a-az77zqz70zz67zxz73z1z83zuz86zxrz66z4z73z\" style=\"font-family: tahoma, arial, helvetica, sans-serif;color: #129447\"><strong>Ronchin<\/strong>, pavis de la mairie.<\/span><\/div>\n<\/li>\n<li style=\"text-align: justify\"><span style=\"font-family: tahoma, arial, helvetica, sans-serif;color: #129447\"><strong>Roubaix<\/strong>, mairie, Grand Place.<\/span><\/li>\n<li><span style=\"font-family: tahoma, arial, helvetica, sans-serif;color: #129447\"><strong>Tergnier<\/strong>, mairie.<\/span><\/li>\n<li style=\"text-align: justify\">\n<div id=\"magicdomid6\" class=\"ace-line\"><span class=\"author-a-az77zqz70zz67zxz73z1z83zuz86zxrz66z4z73z\" style=\"font-family: tahoma, arial, helvetica, sans-serif;color: #129447\"><strong>Valenciennes<\/strong>, mairie.<\/span><\/div>\n<\/li>\n<\/ul>\n<\/li>\n<\/ul>\n<p style=\"text-align: justify\"><span style=\"font-family: tahoma, arial, helvetica, sans-serif;color: #129447\"><strong>Vendredi 28 avril :<\/strong><\/span><\/p>\n<ul>\n<li style=\"text-align: justify\"><span style=\"font-family: tahoma, arial, helvetica, sans-serif;color: #129447\"><strong>Beauvais<\/strong>, deux barrages filtrants :<\/span>\n<ul>\n<li><span style=\"font-family: tahoma, arial, helvetica, sans-serif;color: #129447\">de 7h00 \u00e0 9h00 (rendez-vous militant \u00e0 6h45) : rond-point croisement avenue Kennedy \u2013 avenue Corot (sur le pont).<\/span><\/li>\n<li><span style=\"font-family: tahoma, arial, helvetica, sans-serif;color: #129447\">de 7h00 \u00e0 9h00 (rendez-vous militant \u00e0 6h45) : rond-point croisement rue Allende \u2013 avenue Corot (h\u00f4tel Ibis).<\/span><\/li>\n<\/ul>\n<\/li>\n<li style=\"text-align: justify\"><span style=\"font-family: tahoma, arial, helvetica, sans-serif;color: #129447\"><strong>Compi\u00e8gne\/Gournay-sur-Aronde<\/strong>, rassemblement solidaire avec les gaziers de Gournay sur Aronde (Storengy)<\/span>\n<ul>\n<li><span style=\"font-family: tahoma, arial, helvetica, sans-serif;color: #129447\">14h animations diverses.<\/span><\/li>\n<li><span style=\"font-family: tahoma, arial, helvetica, sans-serif;color: #129447\">18h musique solidaire organis\u00e9e par des camarades.<\/span><\/li>\n<\/ul>\n<\/li>\n<li style=\"text-align: justify\"><span style=\"font-family: tahoma, arial, helvetica, sans-serif;color: #129447\"><b>Creil\/Montataire,<\/b> 8h, distribution de tracts au rond-point du cin\u00e9ma Path\u00e9 de Montataire.<\/span><\/li>\n<li style=\"text-align: justify\"><span style=\"font-family: tahoma, arial, helvetica, sans-serif;color: #129447\"><strong>M\u00e9ru<\/strong>, 6h15, distribution de tracts station total rond point sorti de M\u00e9ru direction Amblainville.<\/span><\/li>\n<\/ul>\n<p><strong><span style=\"font-family: tahoma, arial, helvetica, sans-serif;color: #129447\">Lundi 1<sup>er<\/sup> mai :<\/span><\/strong><\/p>\n<ul>\n<li style=\"text-align: justify\"><span style=\"font-family: tahoma, arial, helvetica, sans-serif\"><a href=\"https:\/\/regions-snetap-fsu.fr\/hdf\/2023\/04\/28\/faisons-du-1er-mai-une-journee-de-mobilisation-massive-unitaire-et-populaire\/\" target=\"_blank\" rel=\"noopener\">Lien : Pour les lieux, cliquez sur ce lien et voir \u00e0 la fin de l&rsquo;article \u00ab\u00a0Faisons du 1er mai une journ\u00e9e de mobilisation massive, unitaire et populaire !\u00a0\u00bb<\/a><\/span><\/li>\n<\/ul>\n\n\t\t<div class=\"wppdfemb-frame-container-1\" style=\"-webkit-overflow-scrolling:auto;\">\n\t\t\t<iframe class=\"pdfembed-iframe nonfullscreen wppdf-emb-iframe-1\"\n\t\t\t\tsrc=\"https:\/\/regions-snetap-fsu.fr\/hdf\/?pdfemb-data=eyJ1cmwiOiJodHRwczpcL1wvcmVnaW9ucy1zbmV0YXAtZnN1LmZyXC9oZGZcL3dwLWNvbnRlbnRcL3VwbG9hZHNcL3NpdGVzXC81XC8yMDIzXC8wNFwvMjAyMy4wNC4yNi1BcHBlbC11bml0YWlyZS1GUC0xZXItbWFpLnBkZiIsInRpdGxlIjoiMjAyMy4wNC4yNiAtIEFwcGVsIHVuaXRhaXJlIEZQIDFlciBtYWkiLCJpbmRleCI6MSwicGRmSUQiOjg3MzF9\"\n\t\t\t\ttitle=\"2023.04.26 - Appel unitaire FP 1er mai\"\t\t\t\tdata-pdf-id=\"8731\"\n\t\t\t\tdata-pdf-index=\"1\"\n\t\t\t\tstyle=\"border:none;width:100%;max-width:100%;height:100vh;\"\n\t\t\t\tscrolling=\"yes\">\n\t\t\t<\/iframe>\n\t\t<\/div>\n\n\t\t\n<p>&nbsp;<\/p>\n<p><i>Cet article est susceptible d\u2019\u00e9voluer jusqu\u2019\u00e0 la date du 1er mai 2023.<\/i><\/p>\n","protected":false},"excerpt":{"rendered":"<p>Retraite : On ne tourne pas la page ! Les mobilisations dans les Hauts-de-France jusqu&rsquo;au 1er mai Les organisations syndicales ont pris note que pendant 3 mois le Pr\u00e9sident de la R\u00e9publique n\u2019a pas jug\u00e9 que l\u2019\u00e9tat du pays n\u00e9cessitait une rencontre pour trouver les voies de sortie de crise. Pire, le pr\u00e9sident Macron s&rsquo;ent\u00eate [&hellip;]<\/p>\n","protected":false},"author":88,"featured_media":8691,"comment_status":"closed","ping_status":"closed","sticky":false,"template":"","format":"standard","meta":{"ocean_post_layout":"","ocean_both_sidebars_style":"","ocean_both_sidebars_content_width":0,"ocean_both_sidebars_sidebars_width":0,"ocean_sidebar":"0","ocean_second_sidebar":"0","ocean_disable_margins":"enable","ocean_add_body_class":"","ocean_shortcode_before_top_bar":"","ocean_shortcode_after_top_bar":"","ocean_shortcode_before_header":"","ocean_shortcode_after_header":"","ocean_has_shortcode":"","ocean_shortcode_after_title":"","ocean_shortcode_before_footer_widgets":"","ocean_shortcode_after_footer_widgets":"","ocean_shortcode_before_footer_bottom":"","ocean_shortcode_after_footer_bottom":"","ocean_display_top_bar":"default","ocean_display_header":"default","ocean_header_style":"","ocean_center_header_left_menu":"0","ocean_custom_header_template":"0","ocean_custom_logo":0,"ocean_custom_retina_logo":0,"ocean_custom_logo_max_width":0,"ocean_custom_logo_tablet_max_width":0,"ocean_custom_logo_mobile_max_width":0,"ocean_custom_logo_max_height":0,"ocean_custom_logo_tablet_max_height":0,"ocean_custom_logo_mobile_max_height":0,"ocean_header_custom_menu":"0","ocean_menu_typo_font_family":"0","ocean_menu_typo_font_subset":"","ocean_menu_typo_font_size":0,"ocean_menu_typo_font_size_tablet":0,"ocean_menu_typo_font_size_mobile":0,"ocean_menu_typo_font_size_unit":"px","ocean_menu_typo_font_weight":"","ocean_menu_typo_font_weight_tablet":"","ocean_menu_typo_font_weight_mobile":"","ocean_menu_typo_transform":"","ocean_menu_typo_transform_tablet":"","ocean_menu_typo_transform_mobile":"","ocean_menu_typo_line_height":0,"ocean_menu_typo_line_height_tablet":0,"ocean_menu_typo_line_height_mobile":0,"ocean_menu_typo_line_height_unit":"","ocean_menu_typo_spacing":0,"ocean_menu_typo_spacing_tablet":0,"ocean_menu_typo_spacing_mobile":0,"ocean_menu_typo_spacing_unit":"","ocean_menu_link_color":"","ocean_menu_link_color_hover":"","ocean_menu_link_color_active":"","ocean_menu_link_background":"","ocean_menu_link_hover_background":"","ocean_menu_link_active_background":"","ocean_menu_social_links_bg":"","ocean_menu_social_hover_links_bg":"","ocean_menu_social_links_color":"","ocean_menu_social_hover_links_color":"","ocean_disable_title":"default","ocean_disable_heading":"default","ocean_post_title":"","ocean_post_subheading":"","ocean_post_title_style":"","ocean_post_title_background_color":"","ocean_post_title_background":0,"ocean_post_title_bg_image_position":"","ocean_post_title_bg_image_attachment":"","ocean_post_title_bg_image_repeat":"","ocean_post_title_bg_image_size":"","ocean_post_title_height":0,"ocean_post_title_bg_overlay":0.5,"ocean_post_title_bg_overlay_color":"","ocean_disable_breadcrumbs":"default","ocean_breadcrumbs_color":"","ocean_breadcrumbs_separator_color":"","ocean_breadcrumbs_links_color":"","ocean_breadcrumbs_links_hover_color":"","ocean_display_footer_widgets":"default","ocean_display_footer_bottom":"default","ocean_custom_footer_template":"0","ocean_post_oembed":"","ocean_post_self_hosted_media":"","ocean_post_video_embed":"","ocean_link_format":"","ocean_link_format_target":"self","ocean_quote_format":"","ocean_quote_format_link":"post","ocean_gallery_link_images":"off","ocean_gallery_id":[],"footnotes":""},"categories":[2],"tags":[],"post_folder":[],"class_list":["post-8675","post","type-post","status-publish","format-standard","has-post-thumbnail","hentry","category-actions-greves-manifs","entry","has-media"],"yoast_head":"<!-- This site is optimized with the Yoast SEO plugin v27.4 - https:\/\/yoast.com\/product\/yoast-seo-wordpress\/ -->\n<title>Retraite : On ne tourne pas la page ! Les mobilisations jusqu&#039;au 1er mai - HAUTS-DE-FRANCE<\/title>\n<meta name=\"robots\" content=\"index, follow, max-snippet:-1, max-image-preview:large, max-video-preview:-1\" \/>\n<link rel=\"canonical\" href=\"https:\/\/regions-snetap-fsu.fr\/hdf\/2023\/04\/18\/retraite-on-ne-tourne-pas-la-page-les-mobilisations-jusquau-1er-mai\/\" \/>\n<meta property=\"og:locale\" content=\"fr_FR\" \/>\n<meta property=\"og:type\" content=\"article\" \/>\n<meta property=\"og:title\" content=\"Retraite : On ne tourne pas la page ! Les mobilisations jusqu&#039;au 1er mai - HAUTS-DE-FRANCE\" \/>\n<meta property=\"og:description\" content=\"Retraite : On ne tourne pas la page ! Les mobilisations dans les Hauts-de-France jusqu&rsquo;au 1er mai Les organisations syndicales ont pris note que pendant 3 mois le Pr\u00e9sident de la R\u00e9publique n\u2019a pas jug\u00e9 que l\u2019\u00e9tat du pays n\u00e9cessitait une rencontre pour trouver les voies de sortie de crise. Pire, le pr\u00e9sident Macron s&rsquo;ent\u00eate [&hellip;]\" \/>\n<meta property=\"og:url\" content=\"https:\/\/regions-snetap-fsu.fr\/hdf\/2023\/04\/18\/retraite-on-ne-tourne-pas-la-page-les-mobilisations-jusquau-1er-mai\/\" \/>\n<meta property=\"og:site_name\" content=\"HAUTS-DE-FRANCE\" \/>\n<meta property=\"article:published_time\" content=\"2023-04-18T14:33:35+00:00\" \/>\n<meta property=\"article:modified_time\" content=\"2023-04-30T15:20:44+00:00\" \/>\n<meta property=\"og:image\" content=\"https:\/\/regions-snetap-fsu.fr\/hdf\/wp-content\/uploads\/sites\/5\/2023\/04\/1ermai_unitaireGIMP.jpg\" \/>\n\t<meta property=\"og:image:width\" content=\"435\" \/>\n\t<meta property=\"og:image:height\" content=\"200\" \/>\n\t<meta property=\"og:image:type\" content=\"image\/jpeg\" \/>\n<meta name=\"author\" content=\"Regis Martinage\" \/>\n<meta name=\"twitter:card\" content=\"summary_large_image\" \/>\n<meta name=\"twitter:creator\" content=\"@MartinageSnetap\" \/>\n<meta name=\"twitter:site\" content=\"@MartinageSnetap\" \/>\n<meta name=\"twitter:label1\" content=\"\u00c9crit par\" \/>\n\t<meta name=\"twitter:data1\" content=\"Regis Martinage\" \/>\n\t<meta name=\"twitter:label2\" content=\"Dur\u00e9e de lecture estim\u00e9e\" \/>\n\t<meta name=\"twitter:data2\" content=\"6 minutes\" \/>\n<script type=\"application\/ld+json\" class=\"yoast-schema-graph\">{\"@context\":\"https:\\\/\\\/schema.org\",\"@graph\":[{\"@type\":\"Article\",\"@id\":\"https:\\\/\\\/regions-snetap-fsu.fr\\\/hdf\\\/2023\\\/04\\\/18\\\/retraite-on-ne-tourne-pas-la-page-les-mobilisations-jusquau-1er-mai\\\/#article\",\"isPartOf\":{\"@id\":\"https:\\\/\\\/regions-snetap-fsu.fr\\\/hdf\\\/2023\\\/04\\\/18\\\/retraite-on-ne-tourne-pas-la-page-les-mobilisations-jusquau-1er-mai\\\/\"},\"author\":{\"name\":\"Regis Martinage\",\"@id\":\"https:\\\/\\\/regions-snetap-fsu.fr\\\/hdf\\\/#\\\/schema\\\/person\\\/fa09b77e508eb2889a1c2dd6f4cf3149\"},\"headline\":\"Retraite : On ne tourne pas la page ! Les mobilisations jusqu&rsquo;au 1er mai\",\"datePublished\":\"2023-04-18T14:33:35+00:00\",\"dateModified\":\"2023-04-30T15:20:44+00:00\",\"mainEntityOfPage\":{\"@id\":\"https:\\\/\\\/regions-snetap-fsu.fr\\\/hdf\\\/2023\\\/04\\\/18\\\/retraite-on-ne-tourne-pas-la-page-les-mobilisations-jusquau-1er-mai\\\/\"},\"wordCount\":1198,\"publisher\":{\"@id\":\"https:\\\/\\\/regions-snetap-fsu.fr\\\/hdf\\\/#organization\"},\"image\":{\"@id\":\"https:\\\/\\\/regions-snetap-fsu.fr\\\/hdf\\\/2023\\\/04\\\/18\\\/retraite-on-ne-tourne-pas-la-page-les-mobilisations-jusquau-1er-mai\\\/#primaryimage\"},\"thumbnailUrl\":\"https:\\\/\\\/regions-snetap-fsu.fr\\\/hdf\\\/wp-content\\\/uploads\\\/sites\\\/5\\\/2023\\\/04\\\/1ermai_unitaireGIMP.jpg\",\"articleSection\":[\"Actions - Gr\u00e8ves - Manifs\"],\"inLanguage\":\"fr-FR\"},{\"@type\":\"WebPage\",\"@id\":\"https:\\\/\\\/regions-snetap-fsu.fr\\\/hdf\\\/2023\\\/04\\\/18\\\/retraite-on-ne-tourne-pas-la-page-les-mobilisations-jusquau-1er-mai\\\/\",\"url\":\"https:\\\/\\\/regions-snetap-fsu.fr\\\/hdf\\\/2023\\\/04\\\/18\\\/retraite-on-ne-tourne-pas-la-page-les-mobilisations-jusquau-1er-mai\\\/\",\"name\":\"Retraite : On ne tourne pas la page ! Les mobilisations jusqu'au 1er mai - HAUTS-DE-FRANCE\",\"isPartOf\":{\"@id\":\"https:\\\/\\\/regions-snetap-fsu.fr\\\/hdf\\\/#website\"},\"primaryImageOfPage\":{\"@id\":\"https:\\\/\\\/regions-snetap-fsu.fr\\\/hdf\\\/2023\\\/04\\\/18\\\/retraite-on-ne-tourne-pas-la-page-les-mobilisations-jusquau-1er-mai\\\/#primaryimage\"},\"image\":{\"@id\":\"https:\\\/\\\/regions-snetap-fsu.fr\\\/hdf\\\/2023\\\/04\\\/18\\\/retraite-on-ne-tourne-pas-la-page-les-mobilisations-jusquau-1er-mai\\\/#primaryimage\"},\"thumbnailUrl\":\"https:\\\/\\\/regions-snetap-fsu.fr\\\/hdf\\\/wp-content\\\/uploads\\\/sites\\\/5\\\/2023\\\/04\\\/1ermai_unitaireGIMP.jpg\",\"datePublished\":\"2023-04-18T14:33:35+00:00\",\"dateModified\":\"2023-04-30T15:20:44+00:00\",\"breadcrumb\":{\"@id\":\"https:\\\/\\\/regions-snetap-fsu.fr\\\/hdf\\\/2023\\\/04\\\/18\\\/retraite-on-ne-tourne-pas-la-page-les-mobilisations-jusquau-1er-mai\\\/#breadcrumb\"},\"inLanguage\":\"fr-FR\",\"potentialAction\":[{\"@type\":\"ReadAction\",\"target\":[\"https:\\\/\\\/regions-snetap-fsu.fr\\\/hdf\\\/2023\\\/04\\\/18\\\/retraite-on-ne-tourne-pas-la-page-les-mobilisations-jusquau-1er-mai\\\/\"]}]},{\"@type\":\"ImageObject\",\"inLanguage\":\"fr-FR\",\"@id\":\"https:\\\/\\\/regions-snetap-fsu.fr\\\/hdf\\\/2023\\\/04\\\/18\\\/retraite-on-ne-tourne-pas-la-page-les-mobilisations-jusquau-1er-mai\\\/#primaryimage\",\"url\":\"https:\\\/\\\/regions-snetap-fsu.fr\\\/hdf\\\/wp-content\\\/uploads\\\/sites\\\/5\\\/2023\\\/04\\\/1ermai_unitaireGIMP.jpg\",\"contentUrl\":\"https:\\\/\\\/regions-snetap-fsu.fr\\\/hdf\\\/wp-content\\\/uploads\\\/sites\\\/5\\\/2023\\\/04\\\/1ermai_unitaireGIMP.jpg\",\"width\":435,\"height\":200},{\"@type\":\"BreadcrumbList\",\"@id\":\"https:\\\/\\\/regions-snetap-fsu.fr\\\/hdf\\\/2023\\\/04\\\/18\\\/retraite-on-ne-tourne-pas-la-page-les-mobilisations-jusquau-1er-mai\\\/#breadcrumb\",\"itemListElement\":[{\"@type\":\"ListItem\",\"position\":1,\"name\":\"Accueil\",\"item\":\"https:\\\/\\\/regions-snetap-fsu.fr\\\/hdf\\\/\"},{\"@type\":\"ListItem\",\"position\":2,\"name\":\"Actions - Gr\u00e8ves - Manifs\",\"item\":\"https:\\\/\\\/regions-snetap-fsu.fr\\\/hdf\\\/category\\\/actions-greves-manifs\\\/\"},{\"@type\":\"ListItem\",\"position\":3,\"name\":\"Retraite : On ne tourne pas la page ! Les mobilisations jusqu&rsquo;au 1er mai\"}]},{\"@type\":\"WebSite\",\"@id\":\"https:\\\/\\\/regions-snetap-fsu.fr\\\/hdf\\\/#website\",\"url\":\"https:\\\/\\\/regions-snetap-fsu.fr\\\/hdf\\\/\",\"name\":\"HAUTS-DE-FRANCE\",\"description\":\"Section r\u00e9gionale\",\"publisher\":{\"@id\":\"https:\\\/\\\/regions-snetap-fsu.fr\\\/hdf\\\/#organization\"},\"potentialAction\":[{\"@type\":\"SearchAction\",\"target\":{\"@type\":\"EntryPoint\",\"urlTemplate\":\"https:\\\/\\\/regions-snetap-fsu.fr\\\/hdf\\\/?s={search_term_string}\"},\"query-input\":{\"@type\":\"PropertyValueSpecification\",\"valueRequired\":true,\"valueName\":\"search_term_string\"}}],\"inLanguage\":\"fr-FR\"},{\"@type\":\"Organization\",\"@id\":\"https:\\\/\\\/regions-snetap-fsu.fr\\\/hdf\\\/#organization\",\"name\":\"SNETAP-FSU - HAUTS-DE-FRANCE\",\"url\":\"https:\\\/\\\/regions-snetap-fsu.fr\\\/hdf\\\/\",\"logo\":{\"@type\":\"ImageObject\",\"inLanguage\":\"fr-FR\",\"@id\":\"https:\\\/\\\/regions-snetap-fsu.fr\\\/hdf\\\/#\\\/schema\\\/logo\\\/image\\\/\",\"url\":\"https:\\\/\\\/regions-snetap-fsu.fr\\\/hdf\\\/wp-content\\\/uploads\\\/sites\\\/5\\\/2020\\\/12\\\/SNETAP-Logo.jpg\",\"contentUrl\":\"https:\\\/\\\/regions-snetap-fsu.fr\\\/hdf\\\/wp-content\\\/uploads\\\/sites\\\/5\\\/2020\\\/12\\\/SNETAP-Logo.jpg\",\"width\":464,\"height\":334,\"caption\":\"SNETAP-FSU - HAUTS-DE-FRANCE\"},\"image\":{\"@id\":\"https:\\\/\\\/regions-snetap-fsu.fr\\\/hdf\\\/#\\\/schema\\\/logo\\\/image\\\/\"},\"sameAs\":[\"https:\\\/\\\/x.com\\\/MartinageSnetap\"]},{\"@type\":\"Person\",\"@id\":\"https:\\\/\\\/regions-snetap-fsu.fr\\\/hdf\\\/#\\\/schema\\\/person\\\/fa09b77e508eb2889a1c2dd6f4cf3149\",\"name\":\"Regis Martinage\",\"image\":{\"@type\":\"ImageObject\",\"inLanguage\":\"fr-FR\",\"@id\":\"https:\\\/\\\/secure.gravatar.com\\\/avatar\\\/7ae2aaabfe5b8d5c7b9361e91002ca9ec93c38c63c9a1d06ae19f03a5dc70dd7?s=96&d=mm&r=g\",\"url\":\"https:\\\/\\\/secure.gravatar.com\\\/avatar\\\/7ae2aaabfe5b8d5c7b9361e91002ca9ec93c38c63c9a1d06ae19f03a5dc70dd7?s=96&d=mm&r=g\",\"contentUrl\":\"https:\\\/\\\/secure.gravatar.com\\\/avatar\\\/7ae2aaabfe5b8d5c7b9361e91002ca9ec93c38c63c9a1d06ae19f03a5dc70dd7?s=96&d=mm&r=g\",\"caption\":\"Regis Martinage\"},\"url\":\"https:\\\/\\\/regions-snetap-fsu.fr\\\/hdf\\\/author\\\/r-martinage\\\/\"}]}<\/script>\n<!-- \/ Yoast SEO plugin. -->","yoast_head_json":{"title":"Retraite : On ne tourne pas la page ! Les mobilisations jusqu'au 1er mai - HAUTS-DE-FRANCE","robots":{"index":"index","follow":"follow","max-snippet":"max-snippet:-1","max-image-preview":"max-image-preview:large","max-video-preview":"max-video-preview:-1"},"canonical":"https:\/\/regions-snetap-fsu.fr\/hdf\/2023\/04\/18\/retraite-on-ne-tourne-pas-la-page-les-mobilisations-jusquau-1er-mai\/","og_locale":"fr_FR","og_type":"article","og_title":"Retraite : On ne tourne pas la page ! Les mobilisations jusqu'au 1er mai - HAUTS-DE-FRANCE","og_description":"Retraite : On ne tourne pas la page ! Les mobilisations dans les Hauts-de-France jusqu&rsquo;au 1er mai Les organisations syndicales ont pris note que pendant 3 mois le Pr\u00e9sident de la R\u00e9publique n\u2019a pas jug\u00e9 que l\u2019\u00e9tat du pays n\u00e9cessitait une rencontre pour trouver les voies de sortie de crise. Pire, le pr\u00e9sident Macron s&rsquo;ent\u00eate [&hellip;]","og_url":"https:\/\/regions-snetap-fsu.fr\/hdf\/2023\/04\/18\/retraite-on-ne-tourne-pas-la-page-les-mobilisations-jusquau-1er-mai\/","og_site_name":"HAUTS-DE-FRANCE","article_published_time":"2023-04-18T14:33:35+00:00","article_modified_time":"2023-04-30T15:20:44+00:00","og_image":[{"width":435,"height":200,"url":"https:\/\/regions-snetap-fsu.fr\/hdf\/wp-content\/uploads\/sites\/5\/2023\/04\/1ermai_unitaireGIMP.jpg","type":"image\/jpeg"}],"author":"Regis Martinage","twitter_card":"summary_large_image","twitter_creator":"@MartinageSnetap","twitter_site":"@MartinageSnetap","twitter_misc":{"\u00c9crit par":"Regis Martinage","Dur\u00e9e de lecture estim\u00e9e":"6 minutes"},"schema":{"@context":"https:\/\/schema.org","@graph":[{"@type":"Article","@id":"https:\/\/regions-snetap-fsu.fr\/hdf\/2023\/04\/18\/retraite-on-ne-tourne-pas-la-page-les-mobilisations-jusquau-1er-mai\/#article","isPartOf":{"@id":"https:\/\/regions-snetap-fsu.fr\/hdf\/2023\/04\/18\/retraite-on-ne-tourne-pas-la-page-les-mobilisations-jusquau-1er-mai\/"},"author":{"name":"Regis Martinage","@id":"https:\/\/regions-snetap-fsu.fr\/hdf\/#\/schema\/person\/fa09b77e508eb2889a1c2dd6f4cf3149"},"headline":"Retraite : On ne tourne pas la page ! Les mobilisations jusqu&rsquo;au 1er mai","datePublished":"2023-04-18T14:33:35+00:00","dateModified":"2023-04-30T15:20:44+00:00","mainEntityOfPage":{"@id":"https:\/\/regions-snetap-fsu.fr\/hdf\/2023\/04\/18\/retraite-on-ne-tourne-pas-la-page-les-mobilisations-jusquau-1er-mai\/"},"wordCount":1198,"publisher":{"@id":"https:\/\/regions-snetap-fsu.fr\/hdf\/#organization"},"image":{"@id":"https:\/\/regions-snetap-fsu.fr\/hdf\/2023\/04\/18\/retraite-on-ne-tourne-pas-la-page-les-mobilisations-jusquau-1er-mai\/#primaryimage"},"thumbnailUrl":"https:\/\/regions-snetap-fsu.fr\/hdf\/wp-content\/uploads\/sites\/5\/2023\/04\/1ermai_unitaireGIMP.jpg","articleSection":["Actions - Gr\u00e8ves - Manifs"],"inLanguage":"fr-FR"},{"@type":"WebPage","@id":"https:\/\/regions-snetap-fsu.fr\/hdf\/2023\/04\/18\/retraite-on-ne-tourne-pas-la-page-les-mobilisations-jusquau-1er-mai\/","url":"https:\/\/regions-snetap-fsu.fr\/hdf\/2023\/04\/18\/retraite-on-ne-tourne-pas-la-page-les-mobilisations-jusquau-1er-mai\/","name":"Retraite : On ne tourne pas la page ! Les mobilisations jusqu'au 1er mai - HAUTS-DE-FRANCE","isPartOf":{"@id":"https:\/\/regions-snetap-fsu.fr\/hdf\/#website"},"primaryImageOfPage":{"@id":"https:\/\/regions-snetap-fsu.fr\/hdf\/2023\/04\/18\/retraite-on-ne-tourne-pas-la-page-les-mobilisations-jusquau-1er-mai\/#primaryimage"},"image":{"@id":"https:\/\/regions-snetap-fsu.fr\/hdf\/2023\/04\/18\/retraite-on-ne-tourne-pas-la-page-les-mobilisations-jusquau-1er-mai\/#primaryimage"},"thumbnailUrl":"https:\/\/regions-snetap-fsu.fr\/hdf\/wp-content\/uploads\/sites\/5\/2023\/04\/1ermai_unitaireGIMP.jpg","datePublished":"2023-04-18T14:33:35+00:00","dateModified":"2023-04-30T15:20:44+00:00","breadcrumb":{"@id":"https:\/\/regions-snetap-fsu.fr\/hdf\/2023\/04\/18\/retraite-on-ne-tourne-pas-la-page-les-mobilisations-jusquau-1er-mai\/#breadcrumb"},"inLanguage":"fr-FR","potentialAction":[{"@type":"ReadAction","target":["https:\/\/regions-snetap-fsu.fr\/hdf\/2023\/04\/18\/retraite-on-ne-tourne-pas-la-page-les-mobilisations-jusquau-1er-mai\/"]}]},{"@type":"ImageObject","inLanguage":"fr-FR","@id":"https:\/\/regions-snetap-fsu.fr\/hdf\/2023\/04\/18\/retraite-on-ne-tourne-pas-la-page-les-mobilisations-jusquau-1er-mai\/#primaryimage","url":"https:\/\/regions-snetap-fsu.fr\/hdf\/wp-content\/uploads\/sites\/5\/2023\/04\/1ermai_unitaireGIMP.jpg","contentUrl":"https:\/\/regions-snetap-fsu.fr\/hdf\/wp-content\/uploads\/sites\/5\/2023\/04\/1ermai_unitaireGIMP.jpg","width":435,"height":200},{"@type":"BreadcrumbList","@id":"https:\/\/regions-snetap-fsu.fr\/hdf\/2023\/04\/18\/retraite-on-ne-tourne-pas-la-page-les-mobilisations-jusquau-1er-mai\/#breadcrumb","itemListElement":[{"@type":"ListItem","position":1,"name":"Accueil","item":"https:\/\/regions-snetap-fsu.fr\/hdf\/"},{"@type":"ListItem","position":2,"name":"Actions - Gr\u00e8ves - Manifs","item":"https:\/\/regions-snetap-fsu.fr\/hdf\/category\/actions-greves-manifs\/"},{"@type":"ListItem","position":3,"name":"Retraite : On ne tourne pas la page ! Les mobilisations jusqu&rsquo;au 1er mai"}]},{"@type":"WebSite","@id":"https:\/\/regions-snetap-fsu.fr\/hdf\/#website","url":"https:\/\/regions-snetap-fsu.fr\/hdf\/","name":"HAUTS-DE-FRANCE","description":"Section r\u00e9gionale","publisher":{"@id":"https:\/\/regions-snetap-fsu.fr\/hdf\/#organization"},"potentialAction":[{"@type":"SearchAction","target":{"@type":"EntryPoint","urlTemplate":"https:\/\/regions-snetap-fsu.fr\/hdf\/?s={search_term_string}"},"query-input":{"@type":"PropertyValueSpecification","valueRequired":true,"valueName":"search_term_string"}}],"inLanguage":"fr-FR"},{"@type":"Organization","@id":"https:\/\/regions-snetap-fsu.fr\/hdf\/#organization","name":"SNETAP-FSU - HAUTS-DE-FRANCE","url":"https:\/\/regions-snetap-fsu.fr\/hdf\/","logo":{"@type":"ImageObject","inLanguage":"fr-FR","@id":"https:\/\/regions-snetap-fsu.fr\/hdf\/#\/schema\/logo\/image\/","url":"https:\/\/regions-snetap-fsu.fr\/hdf\/wp-content\/uploads\/sites\/5\/2020\/12\/SNETAP-Logo.jpg","contentUrl":"https:\/\/regions-snetap-fsu.fr\/hdf\/wp-content\/uploads\/sites\/5\/2020\/12\/SNETAP-Logo.jpg","width":464,"height":334,"caption":"SNETAP-FSU - HAUTS-DE-FRANCE"},"image":{"@id":"https:\/\/regions-snetap-fsu.fr\/hdf\/#\/schema\/logo\/image\/"},"sameAs":["https:\/\/x.com\/MartinageSnetap"]},{"@type":"Person","@id":"https:\/\/regions-snetap-fsu.fr\/hdf\/#\/schema\/person\/fa09b77e508eb2889a1c2dd6f4cf3149","name":"Regis Martinage","image":{"@type":"ImageObject","inLanguage":"fr-FR","@id":"https:\/\/secure.gravatar.com\/avatar\/7ae2aaabfe5b8d5c7b9361e91002ca9ec93c38c63c9a1d06ae19f03a5dc70dd7?s=96&d=mm&r=g","url":"https:\/\/secure.gravatar.com\/avatar\/7ae2aaabfe5b8d5c7b9361e91002ca9ec93c38c63c9a1d06ae19f03a5dc70dd7?s=96&d=mm&r=g","contentUrl":"https:\/\/secure.gravatar.com\/avatar\/7ae2aaabfe5b8d5c7b9361e91002ca9ec93c38c63c9a1d06ae19f03a5dc70dd7?s=96&d=mm&r=g","caption":"Regis Martinage"},"url":"https:\/\/regions-snetap-fsu.fr\/hdf\/author\/r-martinage\/"}]}},"_links":{"self":[{"href":"https:\/\/regions-snetap-fsu.fr\/hdf\/wp-json\/wp\/v2\/posts\/8675","targetHints":{"allow":["GET"]}}],"collection":[{"href":"https:\/\/regions-snetap-fsu.fr\/hdf\/wp-json\/wp\/v2\/posts"}],"about":[{"href":"https:\/\/regions-snetap-fsu.fr\/hdf\/wp-json\/wp\/v2\/types\/post"}],"author":[{"embeddable":true,"href":"https:\/\/regions-snetap-fsu.fr\/hdf\/wp-json\/wp\/v2\/users\/88"}],"replies":[{"embeddable":true,"href":"https:\/\/regions-snetap-fsu.fr\/hdf\/wp-json\/wp\/v2\/comments?post=8675"}],"version-history":[{"count":34,"href":"https:\/\/regions-snetap-fsu.fr\/hdf\/wp-json\/wp\/v2\/posts\/8675\/revisions"}],"predecessor-version":[{"id":8749,"href":"https:\/\/regions-snetap-fsu.fr\/hdf\/wp-json\/wp\/v2\/posts\/8675\/revisions\/8749"}],"wp:featuredmedia":[{"embeddable":true,"href":"https:\/\/regions-snetap-fsu.fr\/hdf\/wp-json\/wp\/v2\/media\/8691"}],"wp:attachment":[{"href":"https:\/\/regions-snetap-fsu.fr\/hdf\/wp-json\/wp\/v2\/media?parent=8675"}],"wp:term":[{"taxonomy":"category","embeddable":true,"href":"https:\/\/regions-snetap-fsu.fr\/hdf\/wp-json\/wp\/v2\/categories?post=8675"},{"taxonomy":"post_tag","embeddable":true,"href":"https:\/\/regions-snetap-fsu.fr\/hdf\/wp-json\/wp\/v2\/tags?post=8675"},{"taxonomy":"post_folder","embeddable":true,"href":"https:\/\/regions-snetap-fsu.fr\/hdf\/wp-json\/wp\/v2\/post_folder?post=8675"}],"curies":[{"name":"wp","href":"https:\/\/api.w.org\/{rel}","templated":true}]}}