{"id":8591,"date":"2023-03-29T18:51:08","date_gmt":"2023-03-29T16:51:08","guid":{"rendered":"https:\/\/regions-snetap-fsu.fr\/hdf\/?p=8591"},"modified":"2023-03-30T11:03:12","modified_gmt":"2023-03-30T09:03:12","slug":"jeudi-30-mars-soutiens-aux-blesse-e-s-mouvements-retraites-et-fin-violences-policieres","status":"publish","type":"post","link":"https:\/\/regions-snetap-fsu.fr\/hdf\/2023\/03\/29\/jeudi-30-mars-soutiens-aux-blesse-e-s-mouvements-retraites-et-fin-violences-policieres\/","title":{"rendered":"Jeudi 30 mars, soutiens aux bless\u00e9.e.s, mouvements retraites et fin violences polici\u00e8res"},"content":{"rendered":"<h2 style=\"text-align: center\"><span style=\"font-family: tahoma, arial, helvetica, sans-serif;color: #ff0000\">Jeudi 30 mars 2023 \u00e0 19h, rassemblements devant pr\u00e9fecture,<\/span><\/h2>\n<h2 id=\":20p\" class=\"hP\" style=\"text-align: center\" data-thread-perm-id=\"thread-f:1761781142955406296\" data-legacy-thread-id=\"18731a9d7dd6b3d8\"><span style=\"font-family: tahoma, arial, helvetica, sans-serif;color: #ff0000\">\u00c9lan Commun appelle \u00e0 participer aux rassemblements devant les pr\u00e9fectures : contre\u00a0 la r\u00e9pression polici\u00e8re de mouvements populaires pourtant l\u00e9gitimes !<\/span><span style=\"font-family: tahoma, arial, helvetica, sans-serif;color: #ff0000\">\u00a0<\/span><\/h2>\n<p style=\"text-align: justify\"><span style=\"font-family: tahoma, arial, helvetica, sans-serif;color: #129447\">La FSU soutient l&rsquo;appel des Soul\u00e8vements de la Terre aux rassemblements jeudi 30 mars \u00e0 19h : <\/span><\/p>\n<p style=\"text-align: justify\"><span style=\"font-family: tahoma, arial, helvetica, sans-serif\"><a href=\"https:\/\/lessoulevementsdelaterre.org\/blog\/appel-a-se-rassembler-jeudi-30-mars-a-19h-devant-les-prefectures-du-pays\" target=\"_blank\" rel=\"noopener\">Lien : Les Soul\u00e8vement de la Terre &#8211; Appel \u00e0 se rassembler jeudi 30 mars \u00e0 19h devant les pr\u00e9fectures du pays<\/a><\/span><\/p>\n<p style=\"text-align: justify\"><span style=\"font-family: tahoma, arial, helvetica, sans-serif;color: #129447\">La FSU soutient l&rsquo;appel sans faire un appel FSU national (la carte des rassemblements est sur le lien donn\u00e9 ci-dessus).<\/span><\/p>\n<p style=\"text-align: justify\"><span style=\"font-family: tahoma, arial, helvetica, sans-serif;color: #129447\">La FSU ne s&rsquo;inscrit pas forc\u00e9ment dans la mani\u00e8re dont certaines forces appelant \u00e0 l&rsquo;action \u00e0 Sainte-Soline se sont laiss\u00e9es entra\u00eener. Il n&rsquo;en reste pas moins que la responsabilit\u00e9 de cette escalade de violence incombe \u00e0 la strat\u00e9gie polici\u00e8re, est parfaitement inacceptable et choquant, ce qui sera caract\u00e9ris\u00e9 clairement par la FSU, et par ailleurs la menace de proc\u00e9dure de dissolution contre les Soul\u00e8vements de la Terre sera fermement combattue par la FSU.<\/span><\/p>\n<h3 style=\"text-align: justify\"><span style=\"font-family: tahoma, arial, helvetica, sans-serif;color: #ff0000\">L\u2019\u00c9lan Commun (dont le SNETAP-FSU est membre) appelle \u00e0 participer aux rassemblements devant les pr\u00e9fectures jeudi 30 mars \u00e0 19h.<\/span><\/h3>\n<p><strong><span style=\"font-family: tahoma, arial, helvetica, sans-serif;color: #129447\">L&rsquo;appel de l\u2019\u00c9lan commun :<\/span><\/strong><\/p>\n<p align=\"justify\"><span style=\"font-family: tahoma, arial, helvetica, sans-serif;color: #129447\">Apr\u00e8s le passage en force de la r\u00e9forme des retraites par le 49-3, le gouvernement a r\u00e9pondu par une r\u00e9pression aveugle des manifestations avec une multitude de d\u00e9bordement des \u00ab\u00a0forces de l&rsquo;ordre\u00a0\u00bb, notamment des BRAV M, conduisant,\u00a0 une nouvelle fois, \u00e0 des arrestations arbitraires et\u00a0 des bless\u00e9.es graves.<\/span><\/p>\n<p align=\"justify\"><span style=\"font-family: tahoma, arial, helvetica, sans-serif;color: #129447\">Le samedi 25 mars \u00e0 Sainte-Soline, dans les Deux-S\u00e8vres la mobilisation associative et populaire contre l&rsquo;accaparement de l&rsquo;eau par une minorit\u00e9 a \u00e9t\u00e9 tr\u00e8s violemment r\u00e9prim\u00e9e, sans aucun discernement, par des tirs de plus de 4 000 grenades lacrymog\u00e8nes et de d\u00e9sencerclement. Ainsi, ce que nous craignons s&rsquo;est reproduit, avec plus de 200 bless\u00e9.es dont deux dans un \u00e9tat critique dont le pronostic vital est engag\u00e9.<\/span><\/p>\n<p align=\"justify\"><span style=\"font-family: tahoma, arial, helvetica, sans-serif;color: #129447\">Durant ce week-end, Marc Fesneau, le Ministre de l&rsquo;Agriculture, comme les autres membres du gouvernement, nous a \u00ab\u00a0bassin\u00e9\u00a0\u00bb en faisant le si\u00e8ge des m\u00e9dias pour soutenir, \u00e0 coup de contre-v\u00e9rit\u00e9s,\u00a0 les projets de m\u00e9gabassines, pour discr\u00e9diter les mobilisations citoyennes et justifier\u00a0 le recours autoritaire\u00a0 \u00e0 un maintien de l&rsquo;ordre brutal.<\/span><\/p>\n<p align=\"justify\"><span style=\"font-family: tahoma, arial, helvetica, sans-serif;color: #129447\">Ainsi, le gouvernement a choisi la violence avec une doctrine de maintien de l&rsquo;ordre l\u00e9gitimant des violences polici\u00e8res qu&rsquo;elles soient de la gendarmerie mobile dans les Deux-S\u00e8vres ou de la BRAV M dans les villes. A cette brutalit\u00e9, le ministre de l&rsquo;int\u00e9rieur ajoute une menace de dissolution des Soul\u00e8vements de la Terre induisant une criminalisation de ce collectif.<\/span><\/p>\n<p align=\"justify\"><span style=\"font-family: tahoma, arial, helvetica, sans-serif\"><span style=\"color: #129447\">Aussi, les organisations de l\u2019\u00c9lan Commun appellent les personnels du MASA et de ses \u00e9tablissements publics \u00e0 se joindre aux rassemblement du jeudi 30 mars \u00e0 19h devant les pr\u00e9fectures des d\u00e9partements contre ces violences polici\u00e8res et en soutien aux trop nombreuses victimes. Pour trouver le rassemblement le plus proche de chez soi :<\/span> <a href=\"https:\/\/umap.openstreetmap.fr\/en\/map\/rassemblent-19h-devant-les-prefectures_891424#6\/47.369\/4.768\" target=\"_blank\" rel=\"noopener\" data-saferedirecturl=\"https:\/\/www.google.com\/url?q=https:\/\/umap.openstreetmap.fr\/en\/map\/rassemblent-19h-devant-les-prefectures_891424%236\/47.369\/4.768&amp;source=gmail&amp;ust=1680251830412000&amp;usg=AOvVaw1aIHt9Yqc67clTFrT6ZwXb\">https:\/\/umap.openstreetmap.fr\/en\/map\/rassemblent-19h-devant-les-prefectures_891424#6\/47.369\/4.768<\/a><\/span><\/p>\n<p align=\"justify\"><span style=\"font-family: tahoma, arial, helvetica, sans-serif;color: #129447\">Par ailleurs, l\u2019\u00c9lan\u00a0 commun invite les personnels \u00e0 signer la p\u00e9tition sur le site de l&rsquo;Assembl\u00e9e Nationale appelant\u00a0 \u00e0 la dissolution des BRAV M au plus vite avant un drame \u00e0 l&rsquo;instar des pr\u00e9d\u00e9cesseurs, les \u00ab\u00a0Voltigeurs\u00a0\u00bb, brigade dissoute apr\u00e8s la mort de Malik Oussekine en d\u00e9cembre 1986 : <\/span><a href=\"https:\/\/petitions.assemblee-nationale.fr\/initiatives\/i-1319\" target=\"_blank\" rel=\"noopener\" data-saferedirecturl=\"https:\/\/www.google.com\/url?q=https:\/\/petitions.assemblee-nationale.fr\/initiatives\/i-1319&amp;source=gmail&amp;ust=1680251830412000&amp;usg=AOvVaw2Z5UCzMHF_9eAYbxSYQU3y\"><span style=\"font-family: tahoma, arial, helvetica, sans-serif\">https:\/\/petitions.assemblee-nationale.fr\/initiatives\/i-1319<\/span><\/a><\/p>\n<p align=\"justify\"><span style=\"font-family: tahoma, arial, helvetica, sans-serif;color: #129447\">L\u2019\u00c9lan commun<\/span><\/p>\n","protected":false},"excerpt":{"rendered":"<p>Jeudi 30 mars 2023 \u00e0 19h, rassemblements devant pr\u00e9fecture, \u00c9lan Commun appelle \u00e0 participer aux rassemblements devant les pr\u00e9fectures : contre\u00a0 la r\u00e9pression polici\u00e8re de mouvements populaires pourtant l\u00e9gitimes !\u00a0 La FSU soutient l&rsquo;appel des Soul\u00e8vements de la Terre aux rassemblements jeudi 30 mars \u00e0 19h : Lien : Les Soul\u00e8vement de la Terre &#8211; [&hellip;]<\/p>\n","protected":false},"author":88,"featured_media":8593,"comment_status":"closed","ping_status":"closed","sticky":false,"template":"","format":"standard","meta":{"ocean_post_layout":"","ocean_both_sidebars_style":"","ocean_both_sidebars_content_width":0,"ocean_both_sidebars_sidebars_width":0,"ocean_sidebar":"0","ocean_second_sidebar":"0","ocean_disable_margins":"enable","ocean_add_body_class":"","ocean_shortcode_before_top_bar":"","ocean_shortcode_after_top_bar":"","ocean_shortcode_before_header":"","ocean_shortcode_after_header":"","ocean_has_shortcode":"","ocean_shortcode_after_title":"","ocean_shortcode_before_footer_widgets":"","ocean_shortcode_after_footer_widgets":"","ocean_shortcode_before_footer_bottom":"","ocean_shortcode_after_footer_bottom":"","ocean_display_top_bar":"default","ocean_display_header":"default","ocean_header_style":"","ocean_center_header_left_menu":"0","ocean_custom_header_template":"0","ocean_custom_logo":0,"ocean_custom_retina_logo":0,"ocean_custom_logo_max_width":0,"ocean_custom_logo_tablet_max_width":0,"ocean_custom_logo_mobile_max_width":0,"ocean_custom_logo_max_height":0,"ocean_custom_logo_tablet_max_height":0,"ocean_custom_logo_mobile_max_height":0,"ocean_header_custom_menu":"0","ocean_menu_typo_font_family":"0","ocean_menu_typo_font_subset":"","ocean_menu_typo_font_size":0,"ocean_menu_typo_font_size_tablet":0,"ocean_menu_typo_font_size_mobile":0,"ocean_menu_typo_font_size_unit":"px","ocean_menu_typo_font_weight":"","ocean_menu_typo_font_weight_tablet":"","ocean_menu_typo_font_weight_mobile":"","ocean_menu_typo_transform":"","ocean_menu_typo_transform_tablet":"","ocean_menu_typo_transform_mobile":"","ocean_menu_typo_line_height":0,"ocean_menu_typo_line_height_tablet":0,"ocean_menu_typo_line_height_mobile":0,"ocean_menu_typo_line_height_unit":"","ocean_menu_typo_spacing":0,"ocean_menu_typo_spacing_tablet":0,"ocean_menu_typo_spacing_mobile":0,"ocean_menu_typo_spacing_unit":"","ocean_menu_link_color":"","ocean_menu_link_color_hover":"","ocean_menu_link_color_active":"","ocean_menu_link_background":"","ocean_menu_link_hover_background":"","ocean_menu_link_active_background":"","ocean_menu_social_links_bg":"","ocean_menu_social_hover_links_bg":"","ocean_menu_social_links_color":"","ocean_menu_social_hover_links_color":"","ocean_disable_title":"default","ocean_disable_heading":"default","ocean_post_title":"","ocean_post_subheading":"","ocean_post_title_style":"","ocean_post_title_background_color":"","ocean_post_title_background":0,"ocean_post_title_bg_image_position":"","ocean_post_title_bg_image_attachment":"","ocean_post_title_bg_image_repeat":"","ocean_post_title_bg_image_size":"","ocean_post_title_height":0,"ocean_post_title_bg_overlay":0.5,"ocean_post_title_bg_overlay_color":"","ocean_disable_breadcrumbs":"default","ocean_breadcrumbs_color":"","ocean_breadcrumbs_separator_color":"","ocean_breadcrumbs_links_color":"","ocean_breadcrumbs_links_hover_color":"","ocean_display_footer_widgets":"default","ocean_display_footer_bottom":"default","ocean_custom_footer_template":"0","ocean_post_oembed":"","ocean_post_self_hosted_media":"","ocean_post_video_embed":"","ocean_link_format":"","ocean_link_format_target":"self","ocean_quote_format":"","ocean_quote_format_link":"post","ocean_gallery_link_images":"off","ocean_gallery_id":[],"footnotes":""},"categories":[2],"tags":[],"post_folder":[],"class_list":["post-8591","post","type-post","status-publish","format-standard","has-post-thumbnail","hentry","category-actions-greves-manifs","entry","has-media"],"yoast_head":"<!-- This site is optimized with the Yoast SEO plugin v27.4 - https:\/\/yoast.com\/product\/yoast-seo-wordpress\/ -->\n<title>Jeudi 30 mars, soutiens aux bless\u00e9.e.s, mouvements retraites et fin violences polici\u00e8res - HAUTS-DE-FRANCE<\/title>\n<meta name=\"robots\" content=\"index, follow, max-snippet:-1, max-image-preview:large, max-video-preview:-1\" \/>\n<link rel=\"canonical\" href=\"https:\/\/regions-snetap-fsu.fr\/hdf\/2023\/03\/29\/jeudi-30-mars-soutiens-aux-blesse-e-s-mouvements-retraites-et-fin-violences-policieres\/\" \/>\n<meta property=\"og:locale\" content=\"fr_FR\" \/>\n<meta property=\"og:type\" content=\"article\" \/>\n<meta property=\"og:title\" content=\"Jeudi 30 mars, soutiens aux bless\u00e9.e.s, mouvements retraites et fin violences polici\u00e8res - HAUTS-DE-FRANCE\" \/>\n<meta property=\"og:description\" content=\"Jeudi 30 mars 2023 \u00e0 19h, rassemblements devant pr\u00e9fecture, \u00c9lan Commun appelle \u00e0 participer aux rassemblements devant les pr\u00e9fectures : contre\u00a0 la r\u00e9pression polici\u00e8re de mouvements populaires pourtant l\u00e9gitimes !\u00a0 La FSU soutient l&rsquo;appel des Soul\u00e8vements de la Terre aux rassemblements jeudi 30 mars \u00e0 19h : Lien : Les Soul\u00e8vement de la Terre &#8211; [&hellip;]\" \/>\n<meta property=\"og:url\" content=\"https:\/\/regions-snetap-fsu.fr\/hdf\/2023\/03\/29\/jeudi-30-mars-soutiens-aux-blesse-e-s-mouvements-retraites-et-fin-violences-policieres\/\" \/>\n<meta property=\"og:site_name\" content=\"HAUTS-DE-FRANCE\" \/>\n<meta property=\"article:published_time\" content=\"2023-03-29T16:51:08+00:00\" \/>\n<meta property=\"article:modified_time\" content=\"2023-03-30T09:03:12+00:00\" \/>\n<meta property=\"og:image\" content=\"https:\/\/regions-snetap-fsu.fr\/hdf\/wp-content\/uploads\/sites\/5\/2023\/03\/SoulevementDeLaTerre.jpg\" \/>\n\t<meta property=\"og:image:width\" content=\"435\" \/>\n\t<meta property=\"og:image:height\" content=\"200\" \/>\n\t<meta property=\"og:image:type\" content=\"image\/jpeg\" \/>\n<meta name=\"author\" content=\"Regis Martinage\" \/>\n<meta name=\"twitter:card\" content=\"summary_large_image\" \/>\n<meta name=\"twitter:creator\" content=\"@MartinageSnetap\" \/>\n<meta name=\"twitter:site\" content=\"@MartinageSnetap\" \/>\n<meta name=\"twitter:label1\" content=\"\u00c9crit par\" \/>\n\t<meta name=\"twitter:data1\" content=\"Regis Martinage\" \/>\n\t<meta name=\"twitter:label2\" content=\"Dur\u00e9e de lecture estim\u00e9e\" \/>\n\t<meta name=\"twitter:data2\" content=\"3 minutes\" \/>\n<script type=\"application\/ld+json\" class=\"yoast-schema-graph\">{\"@context\":\"https:\\\/\\\/schema.org\",\"@graph\":[{\"@type\":\"Article\",\"@id\":\"https:\\\/\\\/regions-snetap-fsu.fr\\\/hdf\\\/2023\\\/03\\\/29\\\/jeudi-30-mars-soutiens-aux-blesse-e-s-mouvements-retraites-et-fin-violences-policieres\\\/#article\",\"isPartOf\":{\"@id\":\"https:\\\/\\\/regions-snetap-fsu.fr\\\/hdf\\\/2023\\\/03\\\/29\\\/jeudi-30-mars-soutiens-aux-blesse-e-s-mouvements-retraites-et-fin-violences-policieres\\\/\"},\"author\":{\"name\":\"Regis Martinage\",\"@id\":\"https:\\\/\\\/regions-snetap-fsu.fr\\\/hdf\\\/#\\\/schema\\\/person\\\/fa09b77e508eb2889a1c2dd6f4cf3149\"},\"headline\":\"Jeudi 30 mars, soutiens aux bless\u00e9.e.s, mouvements retraites et fin violences polici\u00e8res\",\"datePublished\":\"2023-03-29T16:51:08+00:00\",\"dateModified\":\"2023-03-30T09:03:12+00:00\",\"mainEntityOfPage\":{\"@id\":\"https:\\\/\\\/regions-snetap-fsu.fr\\\/hdf\\\/2023\\\/03\\\/29\\\/jeudi-30-mars-soutiens-aux-blesse-e-s-mouvements-retraites-et-fin-violences-policieres\\\/\"},\"wordCount\":577,\"publisher\":{\"@id\":\"https:\\\/\\\/regions-snetap-fsu.fr\\\/hdf\\\/#organization\"},\"image\":{\"@id\":\"https:\\\/\\\/regions-snetap-fsu.fr\\\/hdf\\\/2023\\\/03\\\/29\\\/jeudi-30-mars-soutiens-aux-blesse-e-s-mouvements-retraites-et-fin-violences-policieres\\\/#primaryimage\"},\"thumbnailUrl\":\"https:\\\/\\\/regions-snetap-fsu.fr\\\/hdf\\\/wp-content\\\/uploads\\\/sites\\\/5\\\/2023\\\/03\\\/SoulevementDeLaTerre.jpg\",\"articleSection\":[\"Actions - Gr\u00e8ves - Manifs\"],\"inLanguage\":\"fr-FR\"},{\"@type\":\"WebPage\",\"@id\":\"https:\\\/\\\/regions-snetap-fsu.fr\\\/hdf\\\/2023\\\/03\\\/29\\\/jeudi-30-mars-soutiens-aux-blesse-e-s-mouvements-retraites-et-fin-violences-policieres\\\/\",\"url\":\"https:\\\/\\\/regions-snetap-fsu.fr\\\/hdf\\\/2023\\\/03\\\/29\\\/jeudi-30-mars-soutiens-aux-blesse-e-s-mouvements-retraites-et-fin-violences-policieres\\\/\",\"name\":\"Jeudi 30 mars, soutiens aux bless\u00e9.e.s, mouvements retraites et fin violences polici\u00e8res - HAUTS-DE-FRANCE\",\"isPartOf\":{\"@id\":\"https:\\\/\\\/regions-snetap-fsu.fr\\\/hdf\\\/#website\"},\"primaryImageOfPage\":{\"@id\":\"https:\\\/\\\/regions-snetap-fsu.fr\\\/hdf\\\/2023\\\/03\\\/29\\\/jeudi-30-mars-soutiens-aux-blesse-e-s-mouvements-retraites-et-fin-violences-policieres\\\/#primaryimage\"},\"image\":{\"@id\":\"https:\\\/\\\/regions-snetap-fsu.fr\\\/hdf\\\/2023\\\/03\\\/29\\\/jeudi-30-mars-soutiens-aux-blesse-e-s-mouvements-retraites-et-fin-violences-policieres\\\/#primaryimage\"},\"thumbnailUrl\":\"https:\\\/\\\/regions-snetap-fsu.fr\\\/hdf\\\/wp-content\\\/uploads\\\/sites\\\/5\\\/2023\\\/03\\\/SoulevementDeLaTerre.jpg\",\"datePublished\":\"2023-03-29T16:51:08+00:00\",\"dateModified\":\"2023-03-30T09:03:12+00:00\",\"breadcrumb\":{\"@id\":\"https:\\\/\\\/regions-snetap-fsu.fr\\\/hdf\\\/2023\\\/03\\\/29\\\/jeudi-30-mars-soutiens-aux-blesse-e-s-mouvements-retraites-et-fin-violences-policieres\\\/#breadcrumb\"},\"inLanguage\":\"fr-FR\",\"potentialAction\":[{\"@type\":\"ReadAction\",\"target\":[\"https:\\\/\\\/regions-snetap-fsu.fr\\\/hdf\\\/2023\\\/03\\\/29\\\/jeudi-30-mars-soutiens-aux-blesse-e-s-mouvements-retraites-et-fin-violences-policieres\\\/\"]}]},{\"@type\":\"ImageObject\",\"inLanguage\":\"fr-FR\",\"@id\":\"https:\\\/\\\/regions-snetap-fsu.fr\\\/hdf\\\/2023\\\/03\\\/29\\\/jeudi-30-mars-soutiens-aux-blesse-e-s-mouvements-retraites-et-fin-violences-policieres\\\/#primaryimage\",\"url\":\"https:\\\/\\\/regions-snetap-fsu.fr\\\/hdf\\\/wp-content\\\/uploads\\\/sites\\\/5\\\/2023\\\/03\\\/SoulevementDeLaTerre.jpg\",\"contentUrl\":\"https:\\\/\\\/regions-snetap-fsu.fr\\\/hdf\\\/wp-content\\\/uploads\\\/sites\\\/5\\\/2023\\\/03\\\/SoulevementDeLaTerre.jpg\",\"width\":435,\"height\":200},{\"@type\":\"BreadcrumbList\",\"@id\":\"https:\\\/\\\/regions-snetap-fsu.fr\\\/hdf\\\/2023\\\/03\\\/29\\\/jeudi-30-mars-soutiens-aux-blesse-e-s-mouvements-retraites-et-fin-violences-policieres\\\/#breadcrumb\",\"itemListElement\":[{\"@type\":\"ListItem\",\"position\":1,\"name\":\"Accueil\",\"item\":\"https:\\\/\\\/regions-snetap-fsu.fr\\\/hdf\\\/\"},{\"@type\":\"ListItem\",\"position\":2,\"name\":\"Actions - Gr\u00e8ves - Manifs\",\"item\":\"https:\\\/\\\/regions-snetap-fsu.fr\\\/hdf\\\/category\\\/actions-greves-manifs\\\/\"},{\"@type\":\"ListItem\",\"position\":3,\"name\":\"Jeudi 30 mars, soutiens aux bless\u00e9.e.s, mouvements retraites et fin violences polici\u00e8res\"}]},{\"@type\":\"WebSite\",\"@id\":\"https:\\\/\\\/regions-snetap-fsu.fr\\\/hdf\\\/#website\",\"url\":\"https:\\\/\\\/regions-snetap-fsu.fr\\\/hdf\\\/\",\"name\":\"HAUTS-DE-FRANCE\",\"description\":\"Section r\u00e9gionale\",\"publisher\":{\"@id\":\"https:\\\/\\\/regions-snetap-fsu.fr\\\/hdf\\\/#organization\"},\"potentialAction\":[{\"@type\":\"SearchAction\",\"target\":{\"@type\":\"EntryPoint\",\"urlTemplate\":\"https:\\\/\\\/regions-snetap-fsu.fr\\\/hdf\\\/?s={search_term_string}\"},\"query-input\":{\"@type\":\"PropertyValueSpecification\",\"valueRequired\":true,\"valueName\":\"search_term_string\"}}],\"inLanguage\":\"fr-FR\"},{\"@type\":\"Organization\",\"@id\":\"https:\\\/\\\/regions-snetap-fsu.fr\\\/hdf\\\/#organization\",\"name\":\"SNETAP-FSU - HAUTS-DE-FRANCE\",\"url\":\"https:\\\/\\\/regions-snetap-fsu.fr\\\/hdf\\\/\",\"logo\":{\"@type\":\"ImageObject\",\"inLanguage\":\"fr-FR\",\"@id\":\"https:\\\/\\\/regions-snetap-fsu.fr\\\/hdf\\\/#\\\/schema\\\/logo\\\/image\\\/\",\"url\":\"https:\\\/\\\/regions-snetap-fsu.fr\\\/hdf\\\/wp-content\\\/uploads\\\/sites\\\/5\\\/2020\\\/12\\\/SNETAP-Logo.jpg\",\"contentUrl\":\"https:\\\/\\\/regions-snetap-fsu.fr\\\/hdf\\\/wp-content\\\/uploads\\\/sites\\\/5\\\/2020\\\/12\\\/SNETAP-Logo.jpg\",\"width\":464,\"height\":334,\"caption\":\"SNETAP-FSU - HAUTS-DE-FRANCE\"},\"image\":{\"@id\":\"https:\\\/\\\/regions-snetap-fsu.fr\\\/hdf\\\/#\\\/schema\\\/logo\\\/image\\\/\"},\"sameAs\":[\"https:\\\/\\\/x.com\\\/MartinageSnetap\"]},{\"@type\":\"Person\",\"@id\":\"https:\\\/\\\/regions-snetap-fsu.fr\\\/hdf\\\/#\\\/schema\\\/person\\\/fa09b77e508eb2889a1c2dd6f4cf3149\",\"name\":\"Regis Martinage\",\"image\":{\"@type\":\"ImageObject\",\"inLanguage\":\"fr-FR\",\"@id\":\"https:\\\/\\\/secure.gravatar.com\\\/avatar\\\/7ae2aaabfe5b8d5c7b9361e91002ca9ec93c38c63c9a1d06ae19f03a5dc70dd7?s=96&d=mm&r=g\",\"url\":\"https:\\\/\\\/secure.gravatar.com\\\/avatar\\\/7ae2aaabfe5b8d5c7b9361e91002ca9ec93c38c63c9a1d06ae19f03a5dc70dd7?s=96&d=mm&r=g\",\"contentUrl\":\"https:\\\/\\\/secure.gravatar.com\\\/avatar\\\/7ae2aaabfe5b8d5c7b9361e91002ca9ec93c38c63c9a1d06ae19f03a5dc70dd7?s=96&d=mm&r=g\",\"caption\":\"Regis Martinage\"},\"url\":\"https:\\\/\\\/regions-snetap-fsu.fr\\\/hdf\\\/author\\\/r-martinage\\\/\"}]}<\/script>\n<!-- \/ Yoast SEO plugin. -->","yoast_head_json":{"title":"Jeudi 30 mars, soutiens aux bless\u00e9.e.s, mouvements retraites et fin violences polici\u00e8res - HAUTS-DE-FRANCE","robots":{"index":"index","follow":"follow","max-snippet":"max-snippet:-1","max-image-preview":"max-image-preview:large","max-video-preview":"max-video-preview:-1"},"canonical":"https:\/\/regions-snetap-fsu.fr\/hdf\/2023\/03\/29\/jeudi-30-mars-soutiens-aux-blesse-e-s-mouvements-retraites-et-fin-violences-policieres\/","og_locale":"fr_FR","og_type":"article","og_title":"Jeudi 30 mars, soutiens aux bless\u00e9.e.s, mouvements retraites et fin violences polici\u00e8res - HAUTS-DE-FRANCE","og_description":"Jeudi 30 mars 2023 \u00e0 19h, rassemblements devant pr\u00e9fecture, \u00c9lan Commun appelle \u00e0 participer aux rassemblements devant les pr\u00e9fectures : contre\u00a0 la r\u00e9pression polici\u00e8re de mouvements populaires pourtant l\u00e9gitimes !\u00a0 La FSU soutient l&rsquo;appel des Soul\u00e8vements de la Terre aux rassemblements jeudi 30 mars \u00e0 19h : Lien : Les Soul\u00e8vement de la Terre &#8211; [&hellip;]","og_url":"https:\/\/regions-snetap-fsu.fr\/hdf\/2023\/03\/29\/jeudi-30-mars-soutiens-aux-blesse-e-s-mouvements-retraites-et-fin-violences-policieres\/","og_site_name":"HAUTS-DE-FRANCE","article_published_time":"2023-03-29T16:51:08+00:00","article_modified_time":"2023-03-30T09:03:12+00:00","og_image":[{"width":435,"height":200,"url":"https:\/\/regions-snetap-fsu.fr\/hdf\/wp-content\/uploads\/sites\/5\/2023\/03\/SoulevementDeLaTerre.jpg","type":"image\/jpeg"}],"author":"Regis Martinage","twitter_card":"summary_large_image","twitter_creator":"@MartinageSnetap","twitter_site":"@MartinageSnetap","twitter_misc":{"\u00c9crit par":"Regis Martinage","Dur\u00e9e de lecture estim\u00e9e":"3 minutes"},"schema":{"@context":"https:\/\/schema.org","@graph":[{"@type":"Article","@id":"https:\/\/regions-snetap-fsu.fr\/hdf\/2023\/03\/29\/jeudi-30-mars-soutiens-aux-blesse-e-s-mouvements-retraites-et-fin-violences-policieres\/#article","isPartOf":{"@id":"https:\/\/regions-snetap-fsu.fr\/hdf\/2023\/03\/29\/jeudi-30-mars-soutiens-aux-blesse-e-s-mouvements-retraites-et-fin-violences-policieres\/"},"author":{"name":"Regis Martinage","@id":"https:\/\/regions-snetap-fsu.fr\/hdf\/#\/schema\/person\/fa09b77e508eb2889a1c2dd6f4cf3149"},"headline":"Jeudi 30 mars, soutiens aux bless\u00e9.e.s, mouvements retraites et fin violences polici\u00e8res","datePublished":"2023-03-29T16:51:08+00:00","dateModified":"2023-03-30T09:03:12+00:00","mainEntityOfPage":{"@id":"https:\/\/regions-snetap-fsu.fr\/hdf\/2023\/03\/29\/jeudi-30-mars-soutiens-aux-blesse-e-s-mouvements-retraites-et-fin-violences-policieres\/"},"wordCount":577,"publisher":{"@id":"https:\/\/regions-snetap-fsu.fr\/hdf\/#organization"},"image":{"@id":"https:\/\/regions-snetap-fsu.fr\/hdf\/2023\/03\/29\/jeudi-30-mars-soutiens-aux-blesse-e-s-mouvements-retraites-et-fin-violences-policieres\/#primaryimage"},"thumbnailUrl":"https:\/\/regions-snetap-fsu.fr\/hdf\/wp-content\/uploads\/sites\/5\/2023\/03\/SoulevementDeLaTerre.jpg","articleSection":["Actions - Gr\u00e8ves - Manifs"],"inLanguage":"fr-FR"},{"@type":"WebPage","@id":"https:\/\/regions-snetap-fsu.fr\/hdf\/2023\/03\/29\/jeudi-30-mars-soutiens-aux-blesse-e-s-mouvements-retraites-et-fin-violences-policieres\/","url":"https:\/\/regions-snetap-fsu.fr\/hdf\/2023\/03\/29\/jeudi-30-mars-soutiens-aux-blesse-e-s-mouvements-retraites-et-fin-violences-policieres\/","name":"Jeudi 30 mars, soutiens aux bless\u00e9.e.s, mouvements retraites et fin violences polici\u00e8res - HAUTS-DE-FRANCE","isPartOf":{"@id":"https:\/\/regions-snetap-fsu.fr\/hdf\/#website"},"primaryImageOfPage":{"@id":"https:\/\/regions-snetap-fsu.fr\/hdf\/2023\/03\/29\/jeudi-30-mars-soutiens-aux-blesse-e-s-mouvements-retraites-et-fin-violences-policieres\/#primaryimage"},"image":{"@id":"https:\/\/regions-snetap-fsu.fr\/hdf\/2023\/03\/29\/jeudi-30-mars-soutiens-aux-blesse-e-s-mouvements-retraites-et-fin-violences-policieres\/#primaryimage"},"thumbnailUrl":"https:\/\/regions-snetap-fsu.fr\/hdf\/wp-content\/uploads\/sites\/5\/2023\/03\/SoulevementDeLaTerre.jpg","datePublished":"2023-03-29T16:51:08+00:00","dateModified":"2023-03-30T09:03:12+00:00","breadcrumb":{"@id":"https:\/\/regions-snetap-fsu.fr\/hdf\/2023\/03\/29\/jeudi-30-mars-soutiens-aux-blesse-e-s-mouvements-retraites-et-fin-violences-policieres\/#breadcrumb"},"inLanguage":"fr-FR","potentialAction":[{"@type":"ReadAction","target":["https:\/\/regions-snetap-fsu.fr\/hdf\/2023\/03\/29\/jeudi-30-mars-soutiens-aux-blesse-e-s-mouvements-retraites-et-fin-violences-policieres\/"]}]},{"@type":"ImageObject","inLanguage":"fr-FR","@id":"https:\/\/regions-snetap-fsu.fr\/hdf\/2023\/03\/29\/jeudi-30-mars-soutiens-aux-blesse-e-s-mouvements-retraites-et-fin-violences-policieres\/#primaryimage","url":"https:\/\/regions-snetap-fsu.fr\/hdf\/wp-content\/uploads\/sites\/5\/2023\/03\/SoulevementDeLaTerre.jpg","contentUrl":"https:\/\/regions-snetap-fsu.fr\/hdf\/wp-content\/uploads\/sites\/5\/2023\/03\/SoulevementDeLaTerre.jpg","width":435,"height":200},{"@type":"BreadcrumbList","@id":"https:\/\/regions-snetap-fsu.fr\/hdf\/2023\/03\/29\/jeudi-30-mars-soutiens-aux-blesse-e-s-mouvements-retraites-et-fin-violences-policieres\/#breadcrumb","itemListElement":[{"@type":"ListItem","position":1,"name":"Accueil","item":"https:\/\/regions-snetap-fsu.fr\/hdf\/"},{"@type":"ListItem","position":2,"name":"Actions - Gr\u00e8ves - Manifs","item":"https:\/\/regions-snetap-fsu.fr\/hdf\/category\/actions-greves-manifs\/"},{"@type":"ListItem","position":3,"name":"Jeudi 30 mars, soutiens aux bless\u00e9.e.s, mouvements retraites et fin violences polici\u00e8res"}]},{"@type":"WebSite","@id":"https:\/\/regions-snetap-fsu.fr\/hdf\/#website","url":"https:\/\/regions-snetap-fsu.fr\/hdf\/","name":"HAUTS-DE-FRANCE","description":"Section r\u00e9gionale","publisher":{"@id":"https:\/\/regions-snetap-fsu.fr\/hdf\/#organization"},"potentialAction":[{"@type":"SearchAction","target":{"@type":"EntryPoint","urlTemplate":"https:\/\/regions-snetap-fsu.fr\/hdf\/?s={search_term_string}"},"query-input":{"@type":"PropertyValueSpecification","valueRequired":true,"valueName":"search_term_string"}}],"inLanguage":"fr-FR"},{"@type":"Organization","@id":"https:\/\/regions-snetap-fsu.fr\/hdf\/#organization","name":"SNETAP-FSU - HAUTS-DE-FRANCE","url":"https:\/\/regions-snetap-fsu.fr\/hdf\/","logo":{"@type":"ImageObject","inLanguage":"fr-FR","@id":"https:\/\/regions-snetap-fsu.fr\/hdf\/#\/schema\/logo\/image\/","url":"https:\/\/regions-snetap-fsu.fr\/hdf\/wp-content\/uploads\/sites\/5\/2020\/12\/SNETAP-Logo.jpg","contentUrl":"https:\/\/regions-snetap-fsu.fr\/hdf\/wp-content\/uploads\/sites\/5\/2020\/12\/SNETAP-Logo.jpg","width":464,"height":334,"caption":"SNETAP-FSU - HAUTS-DE-FRANCE"},"image":{"@id":"https:\/\/regions-snetap-fsu.fr\/hdf\/#\/schema\/logo\/image\/"},"sameAs":["https:\/\/x.com\/MartinageSnetap"]},{"@type":"Person","@id":"https:\/\/regions-snetap-fsu.fr\/hdf\/#\/schema\/person\/fa09b77e508eb2889a1c2dd6f4cf3149","name":"Regis Martinage","image":{"@type":"ImageObject","inLanguage":"fr-FR","@id":"https:\/\/secure.gravatar.com\/avatar\/7ae2aaabfe5b8d5c7b9361e91002ca9ec93c38c63c9a1d06ae19f03a5dc70dd7?s=96&d=mm&r=g","url":"https:\/\/secure.gravatar.com\/avatar\/7ae2aaabfe5b8d5c7b9361e91002ca9ec93c38c63c9a1d06ae19f03a5dc70dd7?s=96&d=mm&r=g","contentUrl":"https:\/\/secure.gravatar.com\/avatar\/7ae2aaabfe5b8d5c7b9361e91002ca9ec93c38c63c9a1d06ae19f03a5dc70dd7?s=96&d=mm&r=g","caption":"Regis Martinage"},"url":"https:\/\/regions-snetap-fsu.fr\/hdf\/author\/r-martinage\/"}]}},"_links":{"self":[{"href":"https:\/\/regions-snetap-fsu.fr\/hdf\/wp-json\/wp\/v2\/posts\/8591","targetHints":{"allow":["GET"]}}],"collection":[{"href":"https:\/\/regions-snetap-fsu.fr\/hdf\/wp-json\/wp\/v2\/posts"}],"about":[{"href":"https:\/\/regions-snetap-fsu.fr\/hdf\/wp-json\/wp\/v2\/types\/post"}],"author":[{"embeddable":true,"href":"https:\/\/regions-snetap-fsu.fr\/hdf\/wp-json\/wp\/v2\/users\/88"}],"replies":[{"embeddable":true,"href":"https:\/\/regions-snetap-fsu.fr\/hdf\/wp-json\/wp\/v2\/comments?post=8591"}],"version-history":[{"count":9,"href":"https:\/\/regions-snetap-fsu.fr\/hdf\/wp-json\/wp\/v2\/posts\/8591\/revisions"}],"predecessor-version":[{"id":8602,"href":"https:\/\/regions-snetap-fsu.fr\/hdf\/wp-json\/wp\/v2\/posts\/8591\/revisions\/8602"}],"wp:featuredmedia":[{"embeddable":true,"href":"https:\/\/regions-snetap-fsu.fr\/hdf\/wp-json\/wp\/v2\/media\/8593"}],"wp:attachment":[{"href":"https:\/\/regions-snetap-fsu.fr\/hdf\/wp-json\/wp\/v2\/media?parent=8591"}],"wp:term":[{"taxonomy":"category","embeddable":true,"href":"https:\/\/regions-snetap-fsu.fr\/hdf\/wp-json\/wp\/v2\/categories?post=8591"},{"taxonomy":"post_tag","embeddable":true,"href":"https:\/\/regions-snetap-fsu.fr\/hdf\/wp-json\/wp\/v2\/tags?post=8591"},{"taxonomy":"post_folder","embeddable":true,"href":"https:\/\/regions-snetap-fsu.fr\/hdf\/wp-json\/wp\/v2\/post_folder?post=8591"}],"curies":[{"name":"wp","href":"https:\/\/api.w.org\/{rel}","templated":true}]}}