{"id":8561,"date":"2023-03-25T16:41:29","date_gmt":"2023-03-25T15:41:29","guid":{"rendered":"https:\/\/regions-snetap-fsu.fr\/hdf\/?p=8561"},"modified":"2023-04-01T16:43:26","modified_gmt":"2023-04-01T14:43:26","slug":"retraites-28-mars-on-continue-vers-lheure-du-retrait","status":"publish","type":"post","link":"https:\/\/regions-snetap-fsu.fr\/hdf\/2023\/03\/25\/retraites-28-mars-on-continue-vers-lheure-du-retrait\/","title":{"rendered":"Retraites : 28 mars et suites, on continue vers l&rsquo;heure du retrait !"},"content":{"rendered":"<h2 style=\"text-align: center\"><span style=\"font-family: tahoma, arial, helvetica, sans-serif;color: #ff0000\">Retraites : mardi 28 mars et suites, dans les Hauts-de-France on continue vers l&rsquo;heure du retrait !<\/span><\/h2>\n<p style=\"text-align: justify\"><span style=\"font-family: tahoma, arial, helvetica, sans-serif;color: #129447\">Revendiquant le retrait de la r\u00e9forme des retraites, l\u2019intersyndicale appelle les millions de travailleurs et travailleuses, les jeunes et les retrait\u00e9\u00b7e\u00b7s \u00e0 continuer de se mobiliser. Elle appelle \u00e0 des rassemblements syndicaux de proximit\u00e9 ce week-end et \u00e0 une <strong>nouvelle grande journ\u00e9e de gr\u00e8ve et de manifestations mardi 28 mars partout dans le pays<\/strong>.<\/span><\/p>\n<p style=\"text-align: justify\"><span style=\"font-family: tahoma, arial, helvetica, sans-serif;color: #129447\">Le puissant rejet social de ce projet est l\u00e9gitime, non seulement il a l&rsquo;adh\u00e9sion d&rsquo;une grande majorit\u00e9 des fran\u00e7ais\u00b7e\u00b7s mais aussi des travailleurs et travailleuses d\u2019Espagne, de la Gr\u00e8ce, d&rsquo;Argentine, de la Belgique etc.<br \/>\n<\/span><\/p>\n<h3 style=\"text-align: justify\"><span style=\"font-family: tahoma, arial, helvetica, sans-serif;color: #129447\"> Son expression doit se poursuivre vers l&rsquo;heure du retrait de la r\u00e9forme des retraites. Elle commence m\u00eame \u00e0 rayonner \u00e0 l&rsquo;international.<br \/>\n<\/span><\/h3>\n<p style=\"text-align: justify\"><span style=\"font-family: tahoma, arial, helvetica, sans-serif;color: #129447\">A l\u2019appel de l\u2019ensemble des organisations syndicales et de jeunesse, la 9<sup>\u00e8me<\/sup> journ\u00e9e de mobilisation contre la r\u00e9forme de retraites a encore r\u00e9uni plus de 3 millions de manifestants, ce qui en fait l\u2019une des plus importantes depuis le d\u00e9but du mouvement social. La jeunesse s\u2019est aussi largement mobilis\u00e9e.<br \/>\n<\/span><\/p>\n<h3 style=\"text-align: justify\"><span style=\"font-family: tahoma, arial, helvetica, sans-serif;color: #129447\">Poursuivons cette tr\u00e8s forte mobilisation vers l&rsquo;heure du retrait de la r\u00e9forme des retraites !<\/span><\/h3>\n<p style=\"text-align: justify\"><span style=\"font-family: tahoma, arial, helvetica, sans-serif;color: #129447\">Des parlementaires se sont saisis de l\u2019outil constitutionnel \u00e0 leur disposition et ont transmis un projet de R\u00e9f\u00e9rendum d\u2019Initiative Partag\u00e9e au Conseil constitutionnel. Les organisations syndicales et de jeunesses sont pr\u00eates \u00e0 y prendre toute leur part dans le p\u00e9rim\u00e8tre de leur repr\u00e9sentation du monde du travail et de la jeunesse.<\/span><\/p>\n<p style=\"text-align: justify\"><span style=\"font-family: tahoma, arial, helvetica, sans-serif;color: #129447\">La presse \u00e9trang\u00e8re sanctionne durement l&rsquo;ent\u00eatement du pr\u00e9sident Macron dans un style de fin de r\u00e8gne d&rsquo;un \u00ab\u00a0roi r\u00e9publicain\u00a0\u00bb d&rsquo;un \u00ab\u00a0autocrate\u00a0\u00bb isol\u00e9, malmen\u00e9, insupportable et r\u00e9fugi\u00e9 dans son \u00ab\u00a0bunker\u00a0\u00bb. <\/span><\/p>\n<p style=\"text-align: justify\"><span style=\"font-family: tahoma, arial, helvetica, sans-serif;color: #129447\">En off, les d\u00e9put\u00e9\u00b7e\u00b7s Renaissance n&rsquo;en peuvent plus de l&rsquo;attitude de leur leader.<\/span><\/p>\n<p style=\"text-align: justify\"><span style=\"font-family: tahoma, arial, helvetica, sans-serif;color: #129447\">Le roi Charles III a report\u00e9 sa visite en France et son repas \u00e0 Versailles faisant E. Macron la ris\u00e9e de la presse \u00e9trang\u00e8re. Le \u00ab\u00a0roi r\u00e9publicain\u00a0\u00bb Macron a renonc\u00e9 \u00e0 participer au match France-Pays-Bas vendredi \u00e0 Saint-Denis. Les supporters et supportrices ont d&rsquo;ailleurs \u00e0 la 49<sup>\u00e8me<\/sup> minutes et 3 secondes siffl\u00e9\u00b7e\u00b7s et cri\u00e9\u00b7e\u00b7s des \u00ab\u00a0Macron d\u00e9mission\u00a0\u00bb.<\/span><\/p>\n<h3 style=\"text-align: justify\"><span style=\"font-family: tahoma, arial, helvetica, sans-serif;color: #129447\">Soyons massivement dans l&rsquo;histoire \u00e0 l&rsquo;heure du retrait de la r\u00e9forme des retraites !<\/span><\/h3>\n<p><span style=\"font-family: tahoma, arial, helvetica, sans-serif\"><a href=\"https:\/\/www.snetap-fsu.fr\/La-mobilisation-sociale-s-accentue-c-est-l-heure-du-retrait.html\" target=\"_blank\" rel=\"noopener\">Lien : SNETAP-FSU &#8211; 28 mars on continue ! &#8211; La mobilisation sociale s\u2019accentue, c\u2019est l\u2019heure du retrait !<\/a><\/span><\/p>\n<p style=\"text-align: justify\"><span style=\"font-family: tahoma, arial, helvetica, sans-serif\"><a href=\"https:\/\/www.snetap-fsu.fr\/Reforme-des-retraites-en-direct-des-mobilisations-2e-partie-On-continue.html\" target=\"_blank\" rel=\"noopener\">Lien : SNETAP-FSU &#8211; R\u00e9forme des retraites : en direct des mobilisations &#8211; 2e partie &#8211; On continue ! <\/a><\/span><\/p>\n<h3 style=\"text-align: center\"><span style=\"font-family: tahoma, arial, helvetica, sans-serif;color: #ff0000\">Les mobilisations dans les Hauts-de-France<\/span><\/h3>\n<p><strong><span style=\"font-family: tahoma, arial, helvetica, sans-serif;color: #129447\">Samedi 25 mars :<\/span><\/strong><\/p>\n<ul>\n<li><span style=\"font-family: tahoma, arial, helvetica, sans-serif;color: #129447\"><strong>B\u00e9thune<\/strong>, 14h, Tractage \u00e0 LEROY-MERLIN appelant \u00e0 la manifestation de Mardi.<\/span><\/li>\n<\/ul>\n<p>&nbsp;<\/p>\n<p><strong><span style=\"font-family: tahoma, arial, helvetica, sans-serif;color: #129447\">Dimanche 26 mars :<\/span><\/strong><\/p>\n<ul>\n<li><span style=\"font-family: tahoma, arial, helvetica, sans-serif;color: #129447\"><strong>Bruay<\/strong>, 9 h, Tractage March\u00e9 de la Gare appelant \u00e0 la manifestation de Mardi.<\/span><\/li>\n<li>\n<div id=\"magicdomid3\" class=\"ace-line\"><span class=\"author-a-az77zqz70zz67zxz73z1z83zuz86zxrz66z4z73z b\" style=\"font-family: tahoma, arial, helvetica, sans-serif;color: #129447\"><b>Lille<\/b><\/span><span class=\"author-a-az77zqz70zz67zxz73z1z83zuz86zxrz66z4z73z\"><span style=\"font-family: tahoma, arial, helvetica, sans-serif;color: #129447\">, 18h, manifestation place de la R\u00e9publique.<\/span><br \/>\n<\/span><\/div>\n<\/li>\n<\/ul>\n<p>&nbsp;<\/p>\n<p><strong><span style=\"font-family: tahoma, arial, helvetica, sans-serif;color: #129447\">Lundi 27 mars :<\/span><\/strong><\/p>\n<ul>\n<li><span style=\"font-family: tahoma, arial, helvetica, sans-serif;color: #129447\"><strong>B\u00e9thune<\/strong>,<\/span>\n<ul>\n<li><span style=\"font-family: tahoma, arial, helvetica, sans-serif;color: #129447\"> 5h15, Rendez-vous place de l&rsquo;Europe pour action.<\/span><\/li>\n<li><span style=\"font-family: tahoma, arial, helvetica, sans-serif;color: #129447\">9h, Tractage March\u00e9 appelant \u00e0 la manifestation de Mardi.<\/span><\/li>\n<\/ul>\n<\/li>\n<li><span style=\"font-family: tahoma, arial, helvetica, sans-serif;color: #129447\"><span class=\"author-a-az77zqz70zz67zxz73z1z83zuz86zxrz66z4z73z b\"><b>Lille<\/b><\/span><span class=\"author-a-az77zqz70zz67zxz73z1z83zuz86zxrz66z4z73z\">, 18h, manifestation place de la R\u00e9publique.<\/span><\/span><\/li>\n<\/ul>\n<div dir=\"auto\"><\/div>\n<p><strong><span style=\"font-family: tahoma, arial, helvetica, sans-serif;color: #129447\">Mardi 28 mars (temps fort):<\/span><\/strong><\/p>\n<ul>\n<li><span style=\"font-family: tahoma, arial, helvetica, sans-serif;color: #129447\"><strong>Lille, 14h30, Porte de Paris.<\/strong><\/span><\/li>\n<li><span style=\"font-family: tahoma, arial, helvetica, sans-serif;color: #129447\"><strong>Amiens,<\/strong><\/span>\n<ul>\n<li><span style=\"font-family: tahoma, arial, helvetica, sans-serif;color: #129447\">7h, rond-point de l\u2019\u00e9l\u00e9phant bleu \u00e0 Glisy.<\/span><\/li>\n<li><span style=\"font-family: tahoma, arial, helvetica, sans-serif;color: #129447\"><strong>14h, manifestation devant la maison de la culture.<\/strong><\/span><\/li>\n<li><span style=\"font-family: tahoma, arial, helvetica, sans-serif;color: #129447\"> 13h, d\u00e9part de la citadelle pour les \u00e9tudiants. <\/span><\/li>\n<\/ul>\n<\/li>\n<li style=\"text-align: justify\"><span style=\"font-family: tahoma, arial, helvetica, sans-serif;color: #129447\"><strong>Abbeville<\/strong>, 10h, manifestation boulevard Vauban.<\/span><\/li>\n<li><span class=\"author-a-az77zqz70zz67zxz73z1z83zuz86zxrz66z4z73z\"><span style=\"font-family: tahoma, arial, helvetica, sans-serif;color: #129447\"><strong>Arras<\/strong>, 9h30, Place de la Gare.<\/span><br \/>\n<\/span><\/li>\n<li><span style=\"color: #129447;font-family: tahoma, arial, helvetica, sans-serif\"><strong>Beauvais, <\/strong>14h, avenue Mermoz (pr\u00e9fecture).<\/span><\/li>\n<li><span style=\"color: #129447;font-family: tahoma, arial, helvetica, sans-serif\"><strong>B\u00e9thune<\/strong>,<\/span>\n<ul>\n<li><span style=\"color: #129447;font-family: tahoma, arial, helvetica, sans-serif\">5h15, Rendez-vous place de l&rsquo;Europe pour action.<\/span><\/li>\n<li><span style=\"color: #129447;font-family: tahoma, arial, helvetica, sans-serif\">9 h, Rassemblement et Manifestation Gare de B\u00c9THUNE.<\/span><\/li>\n<li><span class=\"author-a-hz67zz77zz70zz65zr6z122zdz66zz89zz80zdxz67zz77z\"><span style=\"color: #129447;font-family: tahoma, arial, helvetica, sans-serif\">bus pour Lille, voir ci-dessous, apr\u00e8s la liste des lieux.<\/span><br \/>\n<\/span><\/li>\n<\/ul>\n<\/li>\n<li><span style=\"font-family: tahoma, arial, helvetica, sans-serif;color: #129447\"><strong>Boulogne-sur-Mer<\/strong>, 9h30, sous-pr\u00e9fecture.<br \/>\n<\/span><\/li>\n<li><span class=\"author-a-az77zqz70zz67zxz73z1z83zuz86zxrz66z4z73z\"><span style=\"font-family: tahoma, arial, helvetica, sans-serif;color: #129447\"><strong>Calais<\/strong>, 9h30, Mairie de Calais.<\/span><br \/>\n<\/span><\/li>\n<li><span style=\"font-family: tahoma, arial, helvetica, sans-serif;color: #129447\"><strong>Cambrai<\/strong>,<\/span>\n<ul>\n<li><span style=\"font-family: tahoma, arial, helvetica, sans-serif;color: #129447\">10h, Bd Vauban, face au lyc\u00e9e P.Duez<\/span><\/li>\n<li><span style=\"font-family: tahoma, arial, helvetica, sans-serif;color: #129447\"> bus :<\/span>\n<ul>\n<li><span style=\"font-family: tahoma, arial, helvetica, sans-serif;color: #129447\">12h30 h\u00f4tel de ville cambrai<\/span><\/li>\n<li><span style=\"font-family: tahoma, arial, helvetica, sans-serif;color: #129447\">13h15 place du barlet douai<\/span><\/li>\n<li><span style=\"font-family: tahoma, arial, helvetica, sans-serif;color: #129447\">inscriptions 06 82 40 85 96 par SMS. <\/span><\/li>\n<\/ul>\n<\/li>\n<\/ul>\n<\/li>\n<li><span style=\"font-family: tahoma, arial, helvetica, sans-serif;color: #129447\"><strong>Ch\u00e2teau-Thierry<\/strong>,<\/span>\n<ul>\n<li><span style=\"font-family: tahoma, arial, helvetica, sans-serif;color: #129447\">9h, Barrage filtrant rond-point de l\u2019ancienne piscine (avenue d\u2019Essomes).<\/span><\/li>\n<li><span style=\"font-family: tahoma, arial, helvetica, sans-serif;color: #129447\">16h , manifestation , d\u00e9part rond-point de l\u2019ancienne piscine (avenue d\u2019Essomes)<strong>.<\/strong><\/span><\/li>\n<\/ul>\n<\/li>\n<li style=\"text-align: justify\"><span style=\"font-family: tahoma, arial, helvetica, sans-serif;color: #129447\"><strong>Compi\u00e8gne,<\/strong><\/span>\n<ul>\n<li><span style=\"font-family: tahoma, arial, helvetica, sans-serif;color: #129447\">barrages filtrants : Meru, 6h30, rond-point Auchan et Beauvais, 7h rond-point Tille, croisement D1001 et avenue des Censives.<\/span><\/li>\n<li style=\"text-align: justify\"><span style=\"font-family: tahoma, arial, helvetica, sans-serif;color: #129447\">14h30, rond-point Merci\u00e8res (Gifi).<\/span><\/li>\n<\/ul>\n<\/li>\n<li style=\"text-align: justify\"><span style=\"font-family: tahoma, arial, helvetica, sans-serif;color: #129447\"><span class=\"author-a-az77zqz70zz67zxz73z1z83zuz86zxrz66z4z73z\"><strong>Dunkerque<\/strong>, 14h30, place de la Gare<\/span>.<\/span><\/li>\n<li><span style=\"font-family: tahoma, arial, helvetica, sans-serif;color: #129447\"><strong>Douai<\/strong>, 9h30, place d&rsquo;Armes.<\/span><\/li>\n<li><span style=\"font-family: tahoma, arial, helvetica, sans-serif;color: #129447\"><strong> Fourmies<\/strong>, 10h, place Georges Coppeaux.<\/span><\/li>\n<li style=\"text-align: justify\"><span style=\"font-family: tahoma, arial, helvetica, sans-serif;color: #129447\"><strong>Hirson<\/strong>, 11h00, rdv devant la Maison des Travailleurs, 8 rue de Dinant, puis manifestation en direction du rond-point de Charleville + blocage et barbecue.<\/span><\/li>\n<li><span style=\"font-family: tahoma, arial, helvetica, sans-serif;color: #129447\"><strong> Laon<\/strong>,<\/span>\n<ul>\n<li style=\"text-align: justify\"><span style=\"font-family: tahoma, arial, helvetica, sans-serif;color: #129447\">6h, rond-point de l\u2019Escargot (direction Reims).<\/span><\/li>\n<li style=\"text-align: justify\"><span style=\"font-family: tahoma, arial, helvetica, sans-serif;color: #129447\">10h, manifestation de la gare \u00e0 la pr\u00e9fecture.<\/span><\/li>\n<\/ul>\n<\/li>\n<li style=\"text-align: justify\"><span style=\"font-family: tahoma, arial, helvetica, sans-serif;color: #129447\"><strong>Montataire<\/strong> : 10h, parking Ambroise Croizat (mairie).<\/span><\/li>\n<li><span style=\"color: #129447;font-family: tahoma, arial, helvetica, sans-serif\"><strong>Saint-Maximin<\/strong>, barrages filtrants : <\/span>\n<ul>\n<li style=\"text-align: justify\"><span style=\"color: #129447;font-family: tahoma, arial, helvetica, sans-serif\">Meru, 6h30, rond-point Auchan et Beauvais, <\/span><\/li>\n<li style=\"text-align: justify\"><span style=\"color: #129447;font-family: tahoma, arial, helvetica, sans-serif\">7h rond-point Tille, croisement D1001 et avenue des Censives.<\/span><\/li>\n<\/ul>\n<\/li>\n<li style=\"text-align: justify\"><span style=\"font-family: tahoma, arial, helvetica, sans-serif;color: #129447\"><strong>Saint-Omer<\/strong>, 14h, manifestation d\u00e9part sur le parking salle Vauban (ancienne piscine d\u00e9couverte).<\/span><\/li>\n<li><span style=\"font-family: tahoma, arial, helvetica, sans-serif;color: #129447\"><strong>Saint Quentin<\/strong>,<\/span>\n<ul>\n<li><span style=\"font-family: tahoma, arial, helvetica, sans-serif;color: #129447\">de 7h \u00e0 14h30, occupation des ronds-points d&rsquo;Auchan Fayet (sur la D1029).<\/span><\/li>\n<li><span style=\"font-family: tahoma, arial, helvetica, sans-serif;color: #129447\">15h, manifestation place du 8 octobre.<\/span><\/li>\n<\/ul>\n<\/li>\n<li><span style=\"font-family: tahoma, arial, helvetica, sans-serif;color: #129447\"><strong>Soissons<\/strong>,<\/span>\n<ul>\n<li style=\"text-align: justify\"><span style=\"font-family: tahoma, arial, helvetica, sans-serif;color: #129447\">7h00 \u00e0 11h30, Barrage filtrant des ronds-points de l\u2019avenue de Coucy et de Carrefour Crouy.<\/span><\/li>\n<li style=\"text-align: justify\"><span style=\"font-family: tahoma, arial, helvetica, sans-serif;color: #129447\">12h00, Barbecue solidaire au rond-point du Mail.<\/span><\/li>\n<li style=\"text-align: justify\"><span style=\"font-family: tahoma, arial, helvetica, sans-serif;color: #129447\">14h00, Manifestation au d\u00e9part du rond-point du Mail.<\/span><\/li>\n<\/ul>\n<\/li>\n<li style=\"text-align: justify\"><span style=\"font-family: tahoma, arial, helvetica, sans-serif;color: #129447\"><strong>Tourcoing<\/strong>, 10h, Mairie.<\/span><\/li>\n<li><span style=\"font-family: tahoma, arial, helvetica, sans-serif;color: #129447\"><strong>Valenciennes<\/strong>, 10h, Place d\u2019Armes.<\/span><\/li>\n<\/ul>\n<p><strong><span style=\"font-family: tahoma, arial, helvetica, sans-serif;color: #129447\">Bus pour Lille<\/span><\/strong><\/p>\n<ul>\n<li><span style=\"color: #129447;font-family: tahoma, arial, helvetica, sans-serif\">B\u00e9thune : <\/span>\n<ul>\n<li><span style=\"font-family: tahoma, arial, helvetica, sans-serif;color: #129447\">Affr\u00e8tement de 2 bus par l&rsquo;UL CGT pour la Manifestation de LILLE l&rsquo;apr\u00e8s-midi.<\/span><\/li>\n<li><span style=\"font-family: tahoma, arial, helvetica, sans-serif;color: #129447\">13h : Rendez-vous place de l&rsquo;Europe \u00e0 B\u00e9thune<\/span><\/li>\n<li><span style=\"font-family: tahoma, arial, helvetica, sans-serif;color: #129447\">14h30 : Manifestation \u00e0 LILLE Porte de Paris<\/span><\/li>\n<li><span style=\"font-family: tahoma, arial, helvetica, sans-serif;color: #129447\">18h : Rendez-vous au bus<\/span><\/li>\n<li><span style=\"font-family: tahoma, arial, helvetica, sans-serif;color: #129447\">Vers 19h : Retour place de l&rsquo;Europe \u00e0 B\u00e9thune<\/span><\/li>\n<li style=\"text-align: justify\"><span style=\"font-family: tahoma, arial, helvetica, sans-serif;color: #129447\">R\u00e9servation par SMS uniquement au 06 61 24 13 25 ou message r\u00e9pondeur au 03 21 01 13 77.<\/span><\/li>\n<\/ul>\n<\/li>\n<\/ul>\n<p>&nbsp;<\/p>\n<p><strong><span style=\"font-family: tahoma, arial, helvetica, sans-serif;color: #129447\">Mercredi 29 mars :<\/span><\/strong><\/p>\n<ul>\n<li style=\"text-align: justify\"><span style=\"font-family: tahoma, arial, helvetica, sans-serif;color: #129447\"><strong>B\u00e9thune<\/strong>,<\/span>\n<ul>\n<li><span style=\"font-family: tahoma, arial, helvetica, sans-serif;color: #129447\">6h30, Rendez-vous place de l&rsquo;Europe pour action.<\/span><\/li>\n<\/ul>\n<\/li>\n<\/ul>\n<p>&nbsp;<\/p>\n<p><strong><span style=\"font-family: tahoma, arial, helvetica, sans-serif;color: #129447\">Vendredi 31 mars :<\/span><\/strong><\/p>\n<ul>\n<li><span style=\"color: #129447\"><span style=\"font-family: tahoma, arial, helvetica, sans-serif\"><span class=\"author-a-az77zqz70zz67zxz73z1z83zuz86zxrz66z4z73z b\"><b>Arras<\/b>,<\/span><\/span><span class=\"author-a-az77zqz70zz67zxz73z1z83zuz86zxrz66z4z73z\"><span style=\"font-family: tahoma, arial, helvetica, sans-serif\"> 18h30, Rassemblement aux flambeaux place de H\u00e9ros.<\/span><br \/>\n<\/span><\/span><\/li>\n<\/ul>\n<p><img fetchpriority=\"high\" decoding=\"async\" class=\"alignnone size-medium wp-image-8579\" src=\"https:\/\/regions-snetap-fsu.fr\/hdf\/wp-content\/uploads\/sites\/5\/2023\/03\/Arras_retraite_Flambeaux_31mars23-300x212.jpg\" alt=\"\" width=\"300\" height=\"212\" srcset=\"https:\/\/regions-snetap-fsu.fr\/hdf\/wp-content\/uploads\/sites\/5\/2023\/03\/Arras_retraite_Flambeaux_31mars23-300x212.jpg 300w, https:\/\/regions-snetap-fsu.fr\/hdf\/wp-content\/uploads\/sites\/5\/2023\/03\/Arras_retraite_Flambeaux_31mars23-1024x724.jpg 1024w, https:\/\/regions-snetap-fsu.fr\/hdf\/wp-content\/uploads\/sites\/5\/2023\/03\/Arras_retraite_Flambeaux_31mars23-768x543.jpg 768w, https:\/\/regions-snetap-fsu.fr\/hdf\/wp-content\/uploads\/sites\/5\/2023\/03\/Arras_retraite_Flambeaux_31mars23-1536x1086.jpg 1536w, https:\/\/regions-snetap-fsu.fr\/hdf\/wp-content\/uploads\/sites\/5\/2023\/03\/Arras_retraite_Flambeaux_31mars23.jpg 1755w\" sizes=\"(max-width: 300px) 100vw, 300px\" \/><\/p>\n<p>&nbsp;<\/p>\n<p><strong><span style=\"font-family: tahoma, arial, helvetica, sans-serif;color: #129447\">Lundi 3 avril :<\/span><\/strong><\/p>\n<ul>\n<li><span style=\"font-family: tahoma, arial, helvetica, sans-serif;color: #129447\"><strong>Lens<\/strong>, 17h30 \u00e0 la place du Cantin<\/span><\/li>\n<\/ul>\n<p><span style=\"font-family: tahoma, arial, helvetica, sans-serif\"><i>Cet article est susceptible d\u2019\u00e9voluer jusqu\u2019\u00e0 la date du 31 mars 2023.<\/i><\/span><\/p>\n","protected":false},"excerpt":{"rendered":"<p>Retraites : mardi 28 mars et suites, dans les Hauts-de-France on continue vers l&rsquo;heure du retrait ! Revendiquant le retrait de la r\u00e9forme des retraites, l\u2019intersyndicale appelle les millions de travailleurs et travailleuses, les jeunes et les retrait\u00e9\u00b7e\u00b7s \u00e0 continuer de se mobiliser. Elle appelle \u00e0 des rassemblements syndicaux de proximit\u00e9 ce week-end et \u00e0 [&hellip;]<\/p>\n","protected":false},"author":88,"featured_media":8513,"comment_status":"closed","ping_status":"closed","sticky":false,"template":"","format":"standard","meta":{"ocean_post_layout":"","ocean_both_sidebars_style":"","ocean_both_sidebars_content_width":0,"ocean_both_sidebars_sidebars_width":0,"ocean_sidebar":"0","ocean_second_sidebar":"0","ocean_disable_margins":"enable","ocean_add_body_class":"","ocean_shortcode_before_top_bar":"","ocean_shortcode_after_top_bar":"","ocean_shortcode_before_header":"","ocean_shortcode_after_header":"","ocean_has_shortcode":"","ocean_shortcode_after_title":"","ocean_shortcode_before_footer_widgets":"","ocean_shortcode_after_footer_widgets":"","ocean_shortcode_before_footer_bottom":"","ocean_shortcode_after_footer_bottom":"","ocean_display_top_bar":"default","ocean_display_header":"default","ocean_header_style":"","ocean_center_header_left_menu":"0","ocean_custom_header_template":"0","ocean_custom_logo":0,"ocean_custom_retina_logo":0,"ocean_custom_logo_max_width":0,"ocean_custom_logo_tablet_max_width":0,"ocean_custom_logo_mobile_max_width":0,"ocean_custom_logo_max_height":0,"ocean_custom_logo_tablet_max_height":0,"ocean_custom_logo_mobile_max_height":0,"ocean_header_custom_menu":"0","ocean_menu_typo_font_family":"0","ocean_menu_typo_font_subset":"","ocean_menu_typo_font_size":0,"ocean_menu_typo_font_size_tablet":0,"ocean_menu_typo_font_size_mobile":0,"ocean_menu_typo_font_size_unit":"px","ocean_menu_typo_font_weight":"","ocean_menu_typo_font_weight_tablet":"","ocean_menu_typo_font_weight_mobile":"","ocean_menu_typo_transform":"","ocean_menu_typo_transform_tablet":"","ocean_menu_typo_transform_mobile":"","ocean_menu_typo_line_height":0,"ocean_menu_typo_line_height_tablet":0,"ocean_menu_typo_line_height_mobile":0,"ocean_menu_typo_line_height_unit":"","ocean_menu_typo_spacing":0,"ocean_menu_typo_spacing_tablet":0,"ocean_menu_typo_spacing_mobile":0,"ocean_menu_typo_spacing_unit":"","ocean_menu_link_color":"","ocean_menu_link_color_hover":"","ocean_menu_link_color_active":"","ocean_menu_link_background":"","ocean_menu_link_hover_background":"","ocean_menu_link_active_background":"","ocean_menu_social_links_bg":"","ocean_menu_social_hover_links_bg":"","ocean_menu_social_links_color":"","ocean_menu_social_hover_links_color":"","ocean_disable_title":"default","ocean_disable_heading":"default","ocean_post_title":"","ocean_post_subheading":"","ocean_post_title_style":"","ocean_post_title_background_color":"","ocean_post_title_background":0,"ocean_post_title_bg_image_position":"","ocean_post_title_bg_image_attachment":"","ocean_post_title_bg_image_repeat":"","ocean_post_title_bg_image_size":"","ocean_post_title_height":0,"ocean_post_title_bg_overlay":0.5,"ocean_post_title_bg_overlay_color":"","ocean_disable_breadcrumbs":"default","ocean_breadcrumbs_color":"","ocean_breadcrumbs_separator_color":"","ocean_breadcrumbs_links_color":"","ocean_breadcrumbs_links_hover_color":"","ocean_display_footer_widgets":"default","ocean_display_footer_bottom":"default","ocean_custom_footer_template":"0","ocean_post_oembed":"","ocean_post_self_hosted_media":"","ocean_post_video_embed":"","ocean_link_format":"","ocean_link_format_target":"self","ocean_quote_format":"","ocean_quote_format_link":"post","ocean_gallery_link_images":"off","ocean_gallery_id":[],"footnotes":""},"categories":[2],"tags":[],"post_folder":[],"class_list":["post-8561","post","type-post","status-publish","format-standard","has-post-thumbnail","hentry","category-actions-greves-manifs","entry","has-media"],"yoast_head":"<!-- This site is optimized with the Yoast SEO plugin v27.4 - https:\/\/yoast.com\/product\/yoast-seo-wordpress\/ -->\n<title>Retraites : 28 mars et suites, on continue vers l&#039;heure du retrait ! - HAUTS-DE-FRANCE<\/title>\n<meta name=\"robots\" content=\"index, follow, max-snippet:-1, max-image-preview:large, max-video-preview:-1\" \/>\n<link rel=\"canonical\" href=\"https:\/\/regions-snetap-fsu.fr\/hdf\/2023\/03\/25\/retraites-28-mars-on-continue-vers-lheure-du-retrait\/\" \/>\n<meta property=\"og:locale\" content=\"fr_FR\" \/>\n<meta property=\"og:type\" content=\"article\" \/>\n<meta property=\"og:title\" content=\"Retraites : 28 mars et suites, on continue vers l&#039;heure du retrait ! - HAUTS-DE-FRANCE\" \/>\n<meta property=\"og:description\" content=\"Retraites : mardi 28 mars et suites, dans les Hauts-de-France on continue vers l&rsquo;heure du retrait ! Revendiquant le retrait de la r\u00e9forme des retraites, l\u2019intersyndicale appelle les millions de travailleurs et travailleuses, les jeunes et les retrait\u00e9\u00b7e\u00b7s \u00e0 continuer de se mobiliser. Elle appelle \u00e0 des rassemblements syndicaux de proximit\u00e9 ce week-end et \u00e0 [&hellip;]\" \/>\n<meta property=\"og:url\" content=\"https:\/\/regions-snetap-fsu.fr\/hdf\/2023\/03\/25\/retraites-28-mars-on-continue-vers-lheure-du-retrait\/\" \/>\n<meta property=\"og:site_name\" content=\"HAUTS-DE-FRANCE\" \/>\n<meta property=\"article:published_time\" content=\"2023-03-25T15:41:29+00:00\" \/>\n<meta property=\"article:modified_time\" content=\"2023-04-01T14:43:26+00:00\" \/>\n<meta property=\"og:image\" content=\"https:\/\/regions-snetap-fsu.fr\/hdf\/wp-content\/uploads\/sites\/5\/2023\/03\/Retrait_retraite_urgence.jpg\" \/>\n\t<meta property=\"og:image:width\" content=\"435\" \/>\n\t<meta property=\"og:image:height\" content=\"200\" \/>\n\t<meta property=\"og:image:type\" content=\"image\/jpeg\" \/>\n<meta name=\"author\" content=\"Regis Martinage\" \/>\n<meta name=\"twitter:card\" content=\"summary_large_image\" \/>\n<meta name=\"twitter:creator\" content=\"@MartinageSnetap\" \/>\n<meta name=\"twitter:site\" content=\"@MartinageSnetap\" \/>\n<meta name=\"twitter:label1\" content=\"\u00c9crit par\" \/>\n\t<meta name=\"twitter:data1\" content=\"Regis Martinage\" \/>\n\t<meta name=\"twitter:label2\" content=\"Dur\u00e9e de lecture estim\u00e9e\" \/>\n\t<meta name=\"twitter:data2\" content=\"5 minutes\" \/>\n<script type=\"application\/ld+json\" class=\"yoast-schema-graph\">{\"@context\":\"https:\\\/\\\/schema.org\",\"@graph\":[{\"@type\":\"Article\",\"@id\":\"https:\\\/\\\/regions-snetap-fsu.fr\\\/hdf\\\/2023\\\/03\\\/25\\\/retraites-28-mars-on-continue-vers-lheure-du-retrait\\\/#article\",\"isPartOf\":{\"@id\":\"https:\\\/\\\/regions-snetap-fsu.fr\\\/hdf\\\/2023\\\/03\\\/25\\\/retraites-28-mars-on-continue-vers-lheure-du-retrait\\\/\"},\"author\":{\"name\":\"Regis Martinage\",\"@id\":\"https:\\\/\\\/regions-snetap-fsu.fr\\\/hdf\\\/#\\\/schema\\\/person\\\/fa09b77e508eb2889a1c2dd6f4cf3149\"},\"headline\":\"Retraites : 28 mars et suites, on continue vers l&rsquo;heure du retrait !\",\"datePublished\":\"2023-03-25T15:41:29+00:00\",\"dateModified\":\"2023-04-01T14:43:26+00:00\",\"mainEntityOfPage\":{\"@id\":\"https:\\\/\\\/regions-snetap-fsu.fr\\\/hdf\\\/2023\\\/03\\\/25\\\/retraites-28-mars-on-continue-vers-lheure-du-retrait\\\/\"},\"wordCount\":936,\"publisher\":{\"@id\":\"https:\\\/\\\/regions-snetap-fsu.fr\\\/hdf\\\/#organization\"},\"image\":{\"@id\":\"https:\\\/\\\/regions-snetap-fsu.fr\\\/hdf\\\/2023\\\/03\\\/25\\\/retraites-28-mars-on-continue-vers-lheure-du-retrait\\\/#primaryimage\"},\"thumbnailUrl\":\"https:\\\/\\\/regions-snetap-fsu.fr\\\/hdf\\\/wp-content\\\/uploads\\\/sites\\\/5\\\/2023\\\/03\\\/Retrait_retraite_urgence.jpg\",\"articleSection\":[\"Actions - Gr\u00e8ves - Manifs\"],\"inLanguage\":\"fr-FR\"},{\"@type\":\"WebPage\",\"@id\":\"https:\\\/\\\/regions-snetap-fsu.fr\\\/hdf\\\/2023\\\/03\\\/25\\\/retraites-28-mars-on-continue-vers-lheure-du-retrait\\\/\",\"url\":\"https:\\\/\\\/regions-snetap-fsu.fr\\\/hdf\\\/2023\\\/03\\\/25\\\/retraites-28-mars-on-continue-vers-lheure-du-retrait\\\/\",\"name\":\"Retraites : 28 mars et suites, on continue vers l'heure du retrait ! - HAUTS-DE-FRANCE\",\"isPartOf\":{\"@id\":\"https:\\\/\\\/regions-snetap-fsu.fr\\\/hdf\\\/#website\"},\"primaryImageOfPage\":{\"@id\":\"https:\\\/\\\/regions-snetap-fsu.fr\\\/hdf\\\/2023\\\/03\\\/25\\\/retraites-28-mars-on-continue-vers-lheure-du-retrait\\\/#primaryimage\"},\"image\":{\"@id\":\"https:\\\/\\\/regions-snetap-fsu.fr\\\/hdf\\\/2023\\\/03\\\/25\\\/retraites-28-mars-on-continue-vers-lheure-du-retrait\\\/#primaryimage\"},\"thumbnailUrl\":\"https:\\\/\\\/regions-snetap-fsu.fr\\\/hdf\\\/wp-content\\\/uploads\\\/sites\\\/5\\\/2023\\\/03\\\/Retrait_retraite_urgence.jpg\",\"datePublished\":\"2023-03-25T15:41:29+00:00\",\"dateModified\":\"2023-04-01T14:43:26+00:00\",\"breadcrumb\":{\"@id\":\"https:\\\/\\\/regions-snetap-fsu.fr\\\/hdf\\\/2023\\\/03\\\/25\\\/retraites-28-mars-on-continue-vers-lheure-du-retrait\\\/#breadcrumb\"},\"inLanguage\":\"fr-FR\",\"potentialAction\":[{\"@type\":\"ReadAction\",\"target\":[\"https:\\\/\\\/regions-snetap-fsu.fr\\\/hdf\\\/2023\\\/03\\\/25\\\/retraites-28-mars-on-continue-vers-lheure-du-retrait\\\/\"]}]},{\"@type\":\"ImageObject\",\"inLanguage\":\"fr-FR\",\"@id\":\"https:\\\/\\\/regions-snetap-fsu.fr\\\/hdf\\\/2023\\\/03\\\/25\\\/retraites-28-mars-on-continue-vers-lheure-du-retrait\\\/#primaryimage\",\"url\":\"https:\\\/\\\/regions-snetap-fsu.fr\\\/hdf\\\/wp-content\\\/uploads\\\/sites\\\/5\\\/2023\\\/03\\\/Retrait_retraite_urgence.jpg\",\"contentUrl\":\"https:\\\/\\\/regions-snetap-fsu.fr\\\/hdf\\\/wp-content\\\/uploads\\\/sites\\\/5\\\/2023\\\/03\\\/Retrait_retraite_urgence.jpg\",\"width\":435,\"height\":200},{\"@type\":\"BreadcrumbList\",\"@id\":\"https:\\\/\\\/regions-snetap-fsu.fr\\\/hdf\\\/2023\\\/03\\\/25\\\/retraites-28-mars-on-continue-vers-lheure-du-retrait\\\/#breadcrumb\",\"itemListElement\":[{\"@type\":\"ListItem\",\"position\":1,\"name\":\"Accueil\",\"item\":\"https:\\\/\\\/regions-snetap-fsu.fr\\\/hdf\\\/\"},{\"@type\":\"ListItem\",\"position\":2,\"name\":\"Actions - Gr\u00e8ves - Manifs\",\"item\":\"https:\\\/\\\/regions-snetap-fsu.fr\\\/hdf\\\/category\\\/actions-greves-manifs\\\/\"},{\"@type\":\"ListItem\",\"position\":3,\"name\":\"Retraites : 28 mars et suites, on continue vers l&rsquo;heure du retrait !\"}]},{\"@type\":\"WebSite\",\"@id\":\"https:\\\/\\\/regions-snetap-fsu.fr\\\/hdf\\\/#website\",\"url\":\"https:\\\/\\\/regions-snetap-fsu.fr\\\/hdf\\\/\",\"name\":\"HAUTS-DE-FRANCE\",\"description\":\"Section r\u00e9gionale\",\"publisher\":{\"@id\":\"https:\\\/\\\/regions-snetap-fsu.fr\\\/hdf\\\/#organization\"},\"potentialAction\":[{\"@type\":\"SearchAction\",\"target\":{\"@type\":\"EntryPoint\",\"urlTemplate\":\"https:\\\/\\\/regions-snetap-fsu.fr\\\/hdf\\\/?s={search_term_string}\"},\"query-input\":{\"@type\":\"PropertyValueSpecification\",\"valueRequired\":true,\"valueName\":\"search_term_string\"}}],\"inLanguage\":\"fr-FR\"},{\"@type\":\"Organization\",\"@id\":\"https:\\\/\\\/regions-snetap-fsu.fr\\\/hdf\\\/#organization\",\"name\":\"SNETAP-FSU - HAUTS-DE-FRANCE\",\"url\":\"https:\\\/\\\/regions-snetap-fsu.fr\\\/hdf\\\/\",\"logo\":{\"@type\":\"ImageObject\",\"inLanguage\":\"fr-FR\",\"@id\":\"https:\\\/\\\/regions-snetap-fsu.fr\\\/hdf\\\/#\\\/schema\\\/logo\\\/image\\\/\",\"url\":\"https:\\\/\\\/regions-snetap-fsu.fr\\\/hdf\\\/wp-content\\\/uploads\\\/sites\\\/5\\\/2020\\\/12\\\/SNETAP-Logo.jpg\",\"contentUrl\":\"https:\\\/\\\/regions-snetap-fsu.fr\\\/hdf\\\/wp-content\\\/uploads\\\/sites\\\/5\\\/2020\\\/12\\\/SNETAP-Logo.jpg\",\"width\":464,\"height\":334,\"caption\":\"SNETAP-FSU - HAUTS-DE-FRANCE\"},\"image\":{\"@id\":\"https:\\\/\\\/regions-snetap-fsu.fr\\\/hdf\\\/#\\\/schema\\\/logo\\\/image\\\/\"},\"sameAs\":[\"https:\\\/\\\/x.com\\\/MartinageSnetap\"]},{\"@type\":\"Person\",\"@id\":\"https:\\\/\\\/regions-snetap-fsu.fr\\\/hdf\\\/#\\\/schema\\\/person\\\/fa09b77e508eb2889a1c2dd6f4cf3149\",\"name\":\"Regis Martinage\",\"image\":{\"@type\":\"ImageObject\",\"inLanguage\":\"fr-FR\",\"@id\":\"https:\\\/\\\/secure.gravatar.com\\\/avatar\\\/7ae2aaabfe5b8d5c7b9361e91002ca9ec93c38c63c9a1d06ae19f03a5dc70dd7?s=96&d=mm&r=g\",\"url\":\"https:\\\/\\\/secure.gravatar.com\\\/avatar\\\/7ae2aaabfe5b8d5c7b9361e91002ca9ec93c38c63c9a1d06ae19f03a5dc70dd7?s=96&d=mm&r=g\",\"contentUrl\":\"https:\\\/\\\/secure.gravatar.com\\\/avatar\\\/7ae2aaabfe5b8d5c7b9361e91002ca9ec93c38c63c9a1d06ae19f03a5dc70dd7?s=96&d=mm&r=g\",\"caption\":\"Regis Martinage\"},\"url\":\"https:\\\/\\\/regions-snetap-fsu.fr\\\/hdf\\\/author\\\/r-martinage\\\/\"}]}<\/script>\n<!-- \/ Yoast SEO plugin. -->","yoast_head_json":{"title":"Retraites : 28 mars et suites, on continue vers l'heure du retrait ! - HAUTS-DE-FRANCE","robots":{"index":"index","follow":"follow","max-snippet":"max-snippet:-1","max-image-preview":"max-image-preview:large","max-video-preview":"max-video-preview:-1"},"canonical":"https:\/\/regions-snetap-fsu.fr\/hdf\/2023\/03\/25\/retraites-28-mars-on-continue-vers-lheure-du-retrait\/","og_locale":"fr_FR","og_type":"article","og_title":"Retraites : 28 mars et suites, on continue vers l'heure du retrait ! - HAUTS-DE-FRANCE","og_description":"Retraites : mardi 28 mars et suites, dans les Hauts-de-France on continue vers l&rsquo;heure du retrait ! Revendiquant le retrait de la r\u00e9forme des retraites, l\u2019intersyndicale appelle les millions de travailleurs et travailleuses, les jeunes et les retrait\u00e9\u00b7e\u00b7s \u00e0 continuer de se mobiliser. Elle appelle \u00e0 des rassemblements syndicaux de proximit\u00e9 ce week-end et \u00e0 [&hellip;]","og_url":"https:\/\/regions-snetap-fsu.fr\/hdf\/2023\/03\/25\/retraites-28-mars-on-continue-vers-lheure-du-retrait\/","og_site_name":"HAUTS-DE-FRANCE","article_published_time":"2023-03-25T15:41:29+00:00","article_modified_time":"2023-04-01T14:43:26+00:00","og_image":[{"width":435,"height":200,"url":"https:\/\/regions-snetap-fsu.fr\/hdf\/wp-content\/uploads\/sites\/5\/2023\/03\/Retrait_retraite_urgence.jpg","type":"image\/jpeg"}],"author":"Regis Martinage","twitter_card":"summary_large_image","twitter_creator":"@MartinageSnetap","twitter_site":"@MartinageSnetap","twitter_misc":{"\u00c9crit par":"Regis Martinage","Dur\u00e9e de lecture estim\u00e9e":"5 minutes"},"schema":{"@context":"https:\/\/schema.org","@graph":[{"@type":"Article","@id":"https:\/\/regions-snetap-fsu.fr\/hdf\/2023\/03\/25\/retraites-28-mars-on-continue-vers-lheure-du-retrait\/#article","isPartOf":{"@id":"https:\/\/regions-snetap-fsu.fr\/hdf\/2023\/03\/25\/retraites-28-mars-on-continue-vers-lheure-du-retrait\/"},"author":{"name":"Regis Martinage","@id":"https:\/\/regions-snetap-fsu.fr\/hdf\/#\/schema\/person\/fa09b77e508eb2889a1c2dd6f4cf3149"},"headline":"Retraites : 28 mars et suites, on continue vers l&rsquo;heure du retrait !","datePublished":"2023-03-25T15:41:29+00:00","dateModified":"2023-04-01T14:43:26+00:00","mainEntityOfPage":{"@id":"https:\/\/regions-snetap-fsu.fr\/hdf\/2023\/03\/25\/retraites-28-mars-on-continue-vers-lheure-du-retrait\/"},"wordCount":936,"publisher":{"@id":"https:\/\/regions-snetap-fsu.fr\/hdf\/#organization"},"image":{"@id":"https:\/\/regions-snetap-fsu.fr\/hdf\/2023\/03\/25\/retraites-28-mars-on-continue-vers-lheure-du-retrait\/#primaryimage"},"thumbnailUrl":"https:\/\/regions-snetap-fsu.fr\/hdf\/wp-content\/uploads\/sites\/5\/2023\/03\/Retrait_retraite_urgence.jpg","articleSection":["Actions - Gr\u00e8ves - Manifs"],"inLanguage":"fr-FR"},{"@type":"WebPage","@id":"https:\/\/regions-snetap-fsu.fr\/hdf\/2023\/03\/25\/retraites-28-mars-on-continue-vers-lheure-du-retrait\/","url":"https:\/\/regions-snetap-fsu.fr\/hdf\/2023\/03\/25\/retraites-28-mars-on-continue-vers-lheure-du-retrait\/","name":"Retraites : 28 mars et suites, on continue vers l'heure du retrait ! - HAUTS-DE-FRANCE","isPartOf":{"@id":"https:\/\/regions-snetap-fsu.fr\/hdf\/#website"},"primaryImageOfPage":{"@id":"https:\/\/regions-snetap-fsu.fr\/hdf\/2023\/03\/25\/retraites-28-mars-on-continue-vers-lheure-du-retrait\/#primaryimage"},"image":{"@id":"https:\/\/regions-snetap-fsu.fr\/hdf\/2023\/03\/25\/retraites-28-mars-on-continue-vers-lheure-du-retrait\/#primaryimage"},"thumbnailUrl":"https:\/\/regions-snetap-fsu.fr\/hdf\/wp-content\/uploads\/sites\/5\/2023\/03\/Retrait_retraite_urgence.jpg","datePublished":"2023-03-25T15:41:29+00:00","dateModified":"2023-04-01T14:43:26+00:00","breadcrumb":{"@id":"https:\/\/regions-snetap-fsu.fr\/hdf\/2023\/03\/25\/retraites-28-mars-on-continue-vers-lheure-du-retrait\/#breadcrumb"},"inLanguage":"fr-FR","potentialAction":[{"@type":"ReadAction","target":["https:\/\/regions-snetap-fsu.fr\/hdf\/2023\/03\/25\/retraites-28-mars-on-continue-vers-lheure-du-retrait\/"]}]},{"@type":"ImageObject","inLanguage":"fr-FR","@id":"https:\/\/regions-snetap-fsu.fr\/hdf\/2023\/03\/25\/retraites-28-mars-on-continue-vers-lheure-du-retrait\/#primaryimage","url":"https:\/\/regions-snetap-fsu.fr\/hdf\/wp-content\/uploads\/sites\/5\/2023\/03\/Retrait_retraite_urgence.jpg","contentUrl":"https:\/\/regions-snetap-fsu.fr\/hdf\/wp-content\/uploads\/sites\/5\/2023\/03\/Retrait_retraite_urgence.jpg","width":435,"height":200},{"@type":"BreadcrumbList","@id":"https:\/\/regions-snetap-fsu.fr\/hdf\/2023\/03\/25\/retraites-28-mars-on-continue-vers-lheure-du-retrait\/#breadcrumb","itemListElement":[{"@type":"ListItem","position":1,"name":"Accueil","item":"https:\/\/regions-snetap-fsu.fr\/hdf\/"},{"@type":"ListItem","position":2,"name":"Actions - Gr\u00e8ves - Manifs","item":"https:\/\/regions-snetap-fsu.fr\/hdf\/category\/actions-greves-manifs\/"},{"@type":"ListItem","position":3,"name":"Retraites : 28 mars et suites, on continue vers l&rsquo;heure du retrait !"}]},{"@type":"WebSite","@id":"https:\/\/regions-snetap-fsu.fr\/hdf\/#website","url":"https:\/\/regions-snetap-fsu.fr\/hdf\/","name":"HAUTS-DE-FRANCE","description":"Section r\u00e9gionale","publisher":{"@id":"https:\/\/regions-snetap-fsu.fr\/hdf\/#organization"},"potentialAction":[{"@type":"SearchAction","target":{"@type":"EntryPoint","urlTemplate":"https:\/\/regions-snetap-fsu.fr\/hdf\/?s={search_term_string}"},"query-input":{"@type":"PropertyValueSpecification","valueRequired":true,"valueName":"search_term_string"}}],"inLanguage":"fr-FR"},{"@type":"Organization","@id":"https:\/\/regions-snetap-fsu.fr\/hdf\/#organization","name":"SNETAP-FSU - HAUTS-DE-FRANCE","url":"https:\/\/regions-snetap-fsu.fr\/hdf\/","logo":{"@type":"ImageObject","inLanguage":"fr-FR","@id":"https:\/\/regions-snetap-fsu.fr\/hdf\/#\/schema\/logo\/image\/","url":"https:\/\/regions-snetap-fsu.fr\/hdf\/wp-content\/uploads\/sites\/5\/2020\/12\/SNETAP-Logo.jpg","contentUrl":"https:\/\/regions-snetap-fsu.fr\/hdf\/wp-content\/uploads\/sites\/5\/2020\/12\/SNETAP-Logo.jpg","width":464,"height":334,"caption":"SNETAP-FSU - HAUTS-DE-FRANCE"},"image":{"@id":"https:\/\/regions-snetap-fsu.fr\/hdf\/#\/schema\/logo\/image\/"},"sameAs":["https:\/\/x.com\/MartinageSnetap"]},{"@type":"Person","@id":"https:\/\/regions-snetap-fsu.fr\/hdf\/#\/schema\/person\/fa09b77e508eb2889a1c2dd6f4cf3149","name":"Regis Martinage","image":{"@type":"ImageObject","inLanguage":"fr-FR","@id":"https:\/\/secure.gravatar.com\/avatar\/7ae2aaabfe5b8d5c7b9361e91002ca9ec93c38c63c9a1d06ae19f03a5dc70dd7?s=96&d=mm&r=g","url":"https:\/\/secure.gravatar.com\/avatar\/7ae2aaabfe5b8d5c7b9361e91002ca9ec93c38c63c9a1d06ae19f03a5dc70dd7?s=96&d=mm&r=g","contentUrl":"https:\/\/secure.gravatar.com\/avatar\/7ae2aaabfe5b8d5c7b9361e91002ca9ec93c38c63c9a1d06ae19f03a5dc70dd7?s=96&d=mm&r=g","caption":"Regis Martinage"},"url":"https:\/\/regions-snetap-fsu.fr\/hdf\/author\/r-martinage\/"}]}},"_links":{"self":[{"href":"https:\/\/regions-snetap-fsu.fr\/hdf\/wp-json\/wp\/v2\/posts\/8561","targetHints":{"allow":["GET"]}}],"collection":[{"href":"https:\/\/regions-snetap-fsu.fr\/hdf\/wp-json\/wp\/v2\/posts"}],"about":[{"href":"https:\/\/regions-snetap-fsu.fr\/hdf\/wp-json\/wp\/v2\/types\/post"}],"author":[{"embeddable":true,"href":"https:\/\/regions-snetap-fsu.fr\/hdf\/wp-json\/wp\/v2\/users\/88"}],"replies":[{"embeddable":true,"href":"https:\/\/regions-snetap-fsu.fr\/hdf\/wp-json\/wp\/v2\/comments?post=8561"}],"version-history":[{"count":23,"href":"https:\/\/regions-snetap-fsu.fr\/hdf\/wp-json\/wp\/v2\/posts\/8561\/revisions"}],"predecessor-version":[{"id":8576,"href":"https:\/\/regions-snetap-fsu.fr\/hdf\/wp-json\/wp\/v2\/posts\/8561\/revisions\/8576"}],"wp:featuredmedia":[{"embeddable":true,"href":"https:\/\/regions-snetap-fsu.fr\/hdf\/wp-json\/wp\/v2\/media\/8513"}],"wp:attachment":[{"href":"https:\/\/regions-snetap-fsu.fr\/hdf\/wp-json\/wp\/v2\/media?parent=8561"}],"wp:term":[{"taxonomy":"category","embeddable":true,"href":"https:\/\/regions-snetap-fsu.fr\/hdf\/wp-json\/wp\/v2\/categories?post=8561"},{"taxonomy":"post_tag","embeddable":true,"href":"https:\/\/regions-snetap-fsu.fr\/hdf\/wp-json\/wp\/v2\/tags?post=8561"},{"taxonomy":"post_folder","embeddable":true,"href":"https:\/\/regions-snetap-fsu.fr\/hdf\/wp-json\/wp\/v2\/post_folder?post=8561"}],"curies":[{"name":"wp","href":"https:\/\/api.w.org\/{rel}","templated":true}]}}