{"id":8520,"date":"2023-03-18T17:15:47","date_gmt":"2023-03-18T16:15:47","guid":{"rendered":"https:\/\/regions-snetap-fsu.fr\/hdf\/?p=8520"},"modified":"2023-03-22T18:59:53","modified_gmt":"2023-03-22T17:59:53","slug":"retraites-contre-le-passage-en-force-les-actions-jusquau-23-mars-dans-lunite","status":"publish","type":"post","link":"https:\/\/regions-snetap-fsu.fr\/hdf\/2023\/03\/18\/retraites-contre-le-passage-en-force-les-actions-jusquau-23-mars-dans-lunite\/","title":{"rendered":"Retraites : Contre le passage en force, les actions jusqu&rsquo;au 23 mars dans l&rsquo;unit\u00e9"},"content":{"rendered":"<h2 style=\"text-align: center\"><span style=\"font-family: tahoma, arial, helvetica, sans-serif\"><span style=\"color: #ff0000\">Retraites : Contre le passage en force, les actions dans les Hauts-de-France jusqu&rsquo;au 23 mars dans l&rsquo;unit\u00e9 renforc\u00e9e<\/span><br \/>\n<\/span><\/h2>\n<p style=\"text-align: justify\"><span style=\"color: #129447\">Le 49-3 n\u2019arr\u00eatera pas le SNETAP-FSU dans son combat contre la r\u00e9forme des retraites.<\/span><\/p>\n<h3 style=\"text-align: justify\"><span style=\"color: #129447\">Contre le passage en force, d\u00e9cuplons encore nos forces !<\/span><\/h3>\n<p><span style=\"font-family: tahoma, arial, helvetica, sans-serif\"><a href=\"https:\/\/www.snetap-fsu.fr\/Retraite-49-3-Reagissons.html\" target=\"_blank\" rel=\"noopener\">Lien : SNETAP-FSU &#8211; Retraite : 49-3, R\u00e9agissons !<\/a><\/span><\/p>\n<p style=\"text-align: justify\"><span style=\"color: #129447\">L&rsquo;intersyndicale a men\u00e9 le conflit de mani\u00e8re acad\u00e9mique, exemplaire et responsable. Le gouvernement a bafou\u00e9 les r\u00e8gles avec ses mensonges de mani\u00e8re irresponsable.<\/span><\/p>\n<p style=\"text-align: justify\"><span style=\"color: #129447\">Nous sommes historiquement dans un d\u00e9ni d\u00e9mocratique parlementaire. Le 49.3 n&rsquo;a pas \u00e9t\u00e9 r\u00e9alis\u00e9 dans l&rsquo;esprit de la V<sup>e<\/sup> r\u00e9publique. Il n&rsquo;y avait pas d&rsquo;absence de majorit\u00e9 parlementaire, m\u00eame si elle \u00e9tait incertaine. Ce 49.3 a \u00e9t\u00e9 utilis\u00e9 pour d&rsquo;autres fins que celles qu&rsquo;il avait \u00e9t\u00e9 pens\u00e9.<\/span><\/p>\n<p style=\"text-align: justify\"><span style=\"color: #129447\">Il y a un risque d&rsquo;inconstitutionnalit\u00e9 car il n&rsquo;y a pas eu de d\u00e9bats parlementaires clairs et sinc\u00e8res comme l&rsquo;exige la constitution fran\u00e7aise !<\/span><\/p>\n<h3 style=\"text-align: justify\"><span style=\"color: #129447\">Contre ce d\u00e9ni d\u00e9mocratique inconstitutionnel, d\u00e9cuplons encore nos forces !<\/span><\/h3>\n<p><span style=\"font-family: tahoma, arial, helvetica, sans-serif\"><a href=\"https:\/\/twitter.com\/i\/status\/1636996871775240193\" target=\"_blank\" rel=\"noopener\">Liens : Michel Debr\u00e9, auteur de la Constitution de la Ve R\u00e9publique.<\/a><\/span><\/p>\n<p style=\"text-align: justify\"><span style=\"color: #129447\">Pendant la lutte historique contre le projet de r\u00e9forme des retraites dont la large majorit\u00e9 des Fran\u00e7ais.e.s est contre, le lib\u00e9ralisme sauvage et brutal se sert. Le conseil d&rsquo;administration de Total \u00e9nergies propose une hausse de 10% de la r\u00e9mun\u00e9ration de son PDG. Quel symbole ind\u00e9cent de la part d&rsquo;une Multinationale qui a aussi une grande responsabilit\u00e9 dans le r\u00e9chauffement climatique et qui profite de la crise de l&rsquo;Ukraine pour augmenter ses b\u00e9n\u00e9fices.<\/span><\/p>\n<h3 style=\"text-align: justify\"><span style=\"color: #129447\">Stop ! Mobilisons nous pour que les enjeux soci\u00e9taux restent au profit de la majorit\u00e9 de la population !<\/span><\/h3>\n<p style=\"text-align: justify\"><span style=\"font-family: tahoma, arial, helvetica, sans-serif;color: #129447\">Faisons retirer cette r\u00e9forme des retraites qui pr\u00e9figure la disparition de la retraite par r\u00e9partition (le s\u00e9nat \u00e0 introduit une partie par capitalisation).<\/span><\/p>\n<p><span style=\"font-family: tahoma, arial, helvetica, sans-serif;color: #129447\">C&rsquo;est quoi la retraite par capitalisation ? C&rsquo;est donner l&rsquo;argent \u00e0 un fond de pension. Les gestionnaires du fond de pension font ce qu&rsquo;ils veulent de ton argent sur des march\u00e9s financiers risqu\u00e9s, pendant que toi, tu payes des frais de gestion de la retraite. Paris pr\u00e9somptueux, ils te rendent l&rsquo;argent une fois par mois, doucement.<\/span><\/p>\n<h3 style=\"text-align: center\"><span style=\"font-family: tahoma, arial, helvetica, sans-serif;color: #ff0000\">Les mobilisations dans les Hauts-de-France<\/span><\/h3>\n<div id=\"magicdomid8\" class=\"ace-line\"><span class=\"author-a-z78zjz72zhz72zz78zz73z6z67zz83znz76zn5w3 b\" style=\"font-family: tahoma, arial, helvetica, sans-serif;color: #129447\"><b>Samedi 18 mars :<br \/>\n<\/b><\/span><\/div>\n<ul>\n<li><span style=\"font-family: tahoma, arial, helvetica, sans-serif;color: #129447\"><strong>Amiens<\/strong>, 14h, manifestation devant la maison de la culture.<\/span><\/li>\n<li><span style=\"font-family: tahoma, arial, helvetica, sans-serif;color: #129447\"><strong>Beauvais<\/strong>, 10h30, parvis de la gare.<\/span><\/li>\n<li><span style=\"font-family: tahoma, arial, helvetica, sans-serif;color: #129447\"><strong>Compi\u00e8gne<\/strong>, 10h00, sous-pr\u00e9fecture.<\/span><\/li>\n<li id=\"magicdomid116\" class=\"ace-line\"><span style=\"font-family: tahoma, arial, helvetica, sans-serif;color: #129447\"><span class=\"author-a-z78zjz72zhz72zz78zz73z6z67zz83znz76zn5w3\"><strong>Lille<\/strong>, 18h, <\/span><span class=\"author-a-z78zjz72zhz72zz78zz73z6z67zz83znz76zn5w3\">rassemblement <\/span><span class=\"author-a-z78zjz72zhz72zz78zz73z6z67zz83znz76zn5w3\">place R<\/span><span class=\"author-a-2di5z88zz66z94z73ze0z77zd7z84zz71z\">\u00e9<\/span><span class=\"author-a-z78zjz72zhz72zz78zz73z6z67zz83znz76zn5w3\">publique.<\/span><\/span><\/li>\n<li><span style=\"font-family: tahoma, arial, helvetica, sans-serif;color: #129447\"><strong> Saint Quentin<\/strong>, 17h30 place de l\u2019h\u00f4tel de ville.<\/span><\/li>\n<\/ul>\n<p>&nbsp;<\/p>\n<p><strong><span style=\"font-family: tahoma, arial, helvetica, sans-serif;color: #129447\">Dimanche 19 mars :<\/span><\/strong><\/p>\n<ul class=\"spip\">\n<li><span style=\"font-family: tahoma, arial, helvetica, sans-serif;color: #129447\"><strong>Abbeville<\/strong>, place de la gare.<\/span><\/li>\n<\/ul>\n<p>&nbsp;<\/p>\n<p><strong><span style=\"font-family: tahoma, arial, helvetica, sans-serif;color: #129447\">Lundi 20 mars :<\/span><\/strong><\/p>\n<ul>\n<li><span style=\"font-family: tahoma, arial, helvetica, sans-serif;color: #129447\"><span class=\"author-a-z78zjz72zhz72zz78zz73z6z67zz83znz76zn5w3\"><strong>Lille<\/strong>,<\/span><\/span>\n<ul>\n<li style=\"text-align: justify\"><span class=\"author-a-z78zjz72zhz72zz78zz73z6z67zz83znz76zn5w3\" style=\"font-family: tahoma, arial, helvetica, sans-serif\"><span style=\"color: #129447\">11h, AG des cheminots ouverte \u00e0 l\u2019inter-pro, gare Lille Flandres voie 0.<\/span> <\/span><\/li>\n<li><span class=\"author-a-z88zrz73zz68zdm8z67zz89zz86zz75z4wkz69z5\" style=\"font-family: tahoma, arial, helvetica, sans-serif;color: #129447\">16h30 rassemblement \u00e9duc\/bac, place de l&rsquo;op\u00e9ra (\u00e0 confirmer).<br \/>\n<\/span><\/li>\n<li><span style=\"font-family: tahoma, arial, helvetica, sans-serif;color: #129447\"><span class=\"author-a-z78zjz72zhz72zz78zz73z6z67zz83znz76zn5w3\">18h, <\/span><span class=\"author-a-z78zjz72zhz72zz78zz73z6z67zz83znz76zn5w3\">rassemblement <\/span><span class=\"author-a-z78zjz72zhz72zz78zz73z6z67zz83znz76zn5w3\">place R<\/span><span class=\"author-a-2di5z88zz66z94z73ze0z77zd7z84zz71z\">\u00e9<\/span><span class=\"author-a-z78zjz72zhz72zz78zz73z6z67zz83znz76zn5w3\">publique.<\/span><\/span><\/li>\n<\/ul>\n<\/li>\n<li><span style=\"font-family: tahoma, arial, helvetica, sans-serif;color: #129447\"><strong>Abbeville<\/strong>,<\/span>\n<ul>\n<li><span style=\"font-family: tahoma, arial, helvetica, sans-serif;color: #129447\">13h \u00e0 14h lyc\u00e9e, soutien aux gr\u00e9vistes.<\/span><\/li>\n<li><span style=\"font-family: tahoma, arial, helvetica, sans-serif;color: #129447\">17h, rendez-vous \u00e0 la mairie.<\/span><\/li>\n<\/ul>\n<\/li>\n<li><span style=\"font-family: tahoma, arial, helvetica, sans-serif;color: #129447\"><strong>B\u00e9thune<\/strong>, <span class=\"author-a-hz67zz77zz70zz65zr6z122zdz66zz89zz80zdxz67zz77z\">6h30, RDV Place de l&rsquo;Europe.<\/span><\/span><\/li>\n<li><span style=\"font-family: tahoma, arial, helvetica, sans-serif;color: #129447\"><strong>Bruay<\/strong>, <span class=\"author-a-hz67zz77zz70zz65zr6z122zdz66zz89zz80zdxz67zz77z\">9h30, RDV \u00e0 la Maison des Soci\u00e9t\u00e9s.<\/span><\/span><\/li>\n<li><span style=\"font-family: tahoma, arial, helvetica, sans-serif;color: #129447\"><strong>Calais<\/strong>, 18h, place de la Mairie.<\/span><\/li>\n<li><span style=\"font-family: tahoma, arial, helvetica, sans-serif;color: #129447\"><strong>Laon<\/strong>, 16h, rassemblement devant la pr\u00e9fecture et demande d\u2019audience.<\/span><\/li>\n<li><span style=\"font-family: tahoma, arial, helvetica, sans-serif;color: #129447\"><strong>Lens<\/strong>, 18h, manifestation place du Cantin.<\/span><\/li>\n<\/ul>\n<p>&nbsp;<\/p>\n<p><strong><span style=\"font-family: tahoma, arial, helvetica, sans-serif;color: #129447\">Mardi 21 mars :<\/span><\/strong><\/p>\n<ul>\n<li><span style=\"font-family: tahoma, arial, helvetica, sans-serif;color: #129447\"><strong>Lille<\/strong>,<\/span>\n<ul>\n<li style=\"text-align: justify\"><span class=\"author-a-z78zjz72zhz72zz78zz73z6z67zz83znz76zn5w3\" style=\"font-family: tahoma, arial, helvetica, sans-serif;color: #129447\">11h, AG des cheminots ouverte \u00e0 l\u2019inter-pro, gare Lille Flandres voie 0.<\/span><\/li>\n<li><span style=\"font-family: tahoma, arial, helvetica, sans-serif;color: #129447\">18h, rassemblement place de la R\u00e9publique.<\/span><\/li>\n<li><span style=\"font-family: tahoma, arial, helvetica, sans-serif;color: #129447\">18h30, retraite aux flambeaux (\u00e0 confirmer et lieu d\u00e9part \u00e0 d\u00e9finir).<\/span><\/li>\n<\/ul>\n<\/li>\n<li><span style=\"font-family: tahoma, arial, helvetica, sans-serif;color: #129447\"><strong>Abbeville<\/strong>,<\/span>\n<ul>\n<li><span style=\"font-family: tahoma, arial, helvetica, sans-serif;color: #129447\">13h \u00e0 14h lyc\u00e9e, soutien aux gr\u00e9vistes.<\/span><\/li>\n<li><span style=\"font-family: tahoma, arial, helvetica, sans-serif;color: #129447\">16h30, tractage hyper U.<\/span><\/li>\n<\/ul>\n<\/li>\n<li><span style=\"font-family: tahoma, arial, helvetica, sans-serif;color: #129447\"><strong>Armenti\u00e8res<\/strong>, 18h45, rassemblement devant la Mairie.<\/span><\/li>\n<li id=\"magicdomid120\" class=\"ace-line\"><span style=\"font-family: tahoma, arial, helvetica, sans-serif;color: #129447\"><strong>Roncq<\/strong>, 6h \u00e0 12h30, blocage Esterra.<\/span><\/li>\n<li>\n<div id=\"magicdomid44\" class=\"ace-line\"><span class=\"author-a-z78zjz72zhz72zz78zz73z6z67zz83znz76zn5w3\" style=\"font-family: tahoma, arial, helvetica, sans-serif;color: #129447\"><strong>Roubaix<\/strong>, 12h, rassemblement (lieu \u00e0 pr\u00e9ciser).<\/span><\/div>\n<\/li>\n<li><span style=\"font-family: tahoma, arial, helvetica, sans-serif;color: #129447\"><strong>Seclin<\/strong>, 6h30 \u00e0 9h30, blocage pont entr\u00e9e autoroute Paris et Lille.<\/span><\/li>\n<\/ul>\n<p>&nbsp;<\/p>\n<p><span style=\"font-family: tahoma, arial, helvetica, sans-serif;color: #129447\"><strong>Mercredi 22 mars :<\/strong><\/span><\/p>\n<div id=\"magicdomid30\" class=\"ace-line\">\n<ul>\n<li style=\"text-align: justify\"><span style=\"font-family: tahoma, arial, helvetica, sans-serif;color: #129447\"><strong>Abbeville<\/strong>, 16h30, rond-point Charles De Gaulle.<\/span><\/li>\n<li><span style=\"font-family: tahoma, arial, helvetica, sans-serif;color: #129447\"><strong>Arras<\/strong>, de 7h \u00e0 8h30, tractage intersyndical (les 8) aux entr\u00e9es d&rsquo;Arras.<\/span><\/li>\n<li><span style=\"font-family: tahoma, arial, helvetica, sans-serif;color: #129447\"><strong>Beauvais<\/strong>, de 7h \u00e0 9h30, barrage filtrant \u00e0 au rond point du magasin carrefour-MacDonald quartier Saint Quentin (avenue Mandela) avec un rdv militant \u00e0 6h45 sur place.<\/span><\/li>\n<li><span style=\"font-family: tahoma, arial, helvetica, sans-serif;color: #129447\"><strong>Lille<\/strong>,<\/span>\n<ul>\n<li><span style=\"font-family: tahoma, arial, helvetica, sans-serif;color: #129447\">18h, rassemblement place de la R\u00e9publique.<\/span><\/li>\n<li><span style=\"font-family: tahoma, arial, helvetica, sans-serif;color: #129447\">18h30, retraite aux flambeaux (\u00e0 confirmer et lieu d\u00e9part \u00e0 d\u00e9finir).<\/span><\/li>\n<\/ul>\n<\/li>\n<li id=\"magicdomid43\" class=\"ace-line\"><span style=\"font-family: tahoma, arial, helvetica, sans-serif;color: #129447\"><strong>Lomme<\/strong>, de 6h30 \u00e0 9h30, blocage rond-point du MIN.<\/span><\/li>\n<\/ul>\n<div id=\"magicdomid44\" class=\"ace-line\">\n<div id=\"magicdomid56\" class=\"ace-line\">\n<h3 id=\"magicdomid63\" class=\"ace-line\" style=\"text-align: center\"><span style=\"color: #ff0000\"><strong><span class=\"author-a-az77zqz70zz67zxz73z1z83zuz86zxrz66z4z73z\" style=\"font-family: tahoma, arial, helvetica, sans-serif\">Jeudi 23 mars (temps fort) :<\/span><\/strong><\/span><\/h3>\n<ul>\n<li><span style=\"color: #129447\"><strong><span style=\"font-family: tahoma, arial, helvetica, sans-serif\">Lille, 14h30, Porte de Paris.<\/span><\/strong><\/span><\/li>\n<li><strong><span style=\"font-family: tahoma, arial, helvetica, sans-serif;color: #129447\">Amiens, 14h, manifestation devant la maison de la culture.<\/span><\/strong><\/li>\n<li><span style=\"font-family: tahoma, arial, helvetica, sans-serif;color: #129447\"><strong>Abbeville<\/strong>, 10h, manifestation boulevard Vauban.<br \/>\n<\/span><\/li>\n<li><span style=\"font-family: tahoma, arial, helvetica, sans-serif;color: #129447\"><span class=\"author-a-az77zqz70zz67zxz73z1z83zuz86zxrz66z4z73z\"><strong>Arras<\/strong>, 9h30, Place de la Gare (pas de manif \u00e0 Lens).<br \/>\n<\/span><\/span><\/li>\n<li style=\"text-align: justify\"><strong><span style=\"font-family: tahoma, arial, helvetica, sans-serif;color: #129447\">Beauvais, <\/span><\/strong><span style=\"font-family: tahoma, arial, helvetica, sans-serif;color: #129447\">14h, devant la pr\u00e9fecture &#8211; avenue J Mermoz (fin de cort\u00e8ge place JHachette).<\/span><strong><span style=\"font-family: tahoma, arial, helvetica, sans-serif;color: #129447\"><br \/>\n<\/span><\/strong><\/li>\n<li style=\"text-align: justify\"><span style=\"font-family: tahoma, arial, helvetica, sans-serif;color: #129447\"><strong>B\u00e9thune<\/strong>,<\/span>\n<ul>\n<li style=\"text-align: justify\"><span style=\"font-family: tahoma, arial, helvetica, sans-serif;color: #129447\">6 h45 pour tractage \u00e0 la Gare de B\u00e9thune. Suivant le nombre de participant-e-s, des actions pourront \u00eatre d\u00e9cid\u00e9es sur place.<br \/>\n<\/span><\/li>\n<li style=\"text-align: justify\"><span style=\"font-family: tahoma, arial, helvetica, sans-serif;color: #129447\"><span class=\"author-a-hz67zz77zz70zz65zr6z122zdz66zz89zz80zdxz67zz77z\">9h<\/span>, manifestation Gare.<\/span><\/li>\n<li><span class=\"author-a-hz67zz77zz70zz65zr6z122zdz66zz89zz80zdxz67zz77z\" style=\"font-family: tahoma, arial, helvetica, sans-serif;color: #129447\">bus pour Lille, voir ci-dessous, apr\u00e8s la liste des lieux.<br \/>\n<\/span><\/li>\n<\/ul>\n<\/li>\n<li style=\"text-align: justify\"><span style=\"font-family: tahoma, arial, helvetica, sans-serif;color: #129447\"><strong>Boulogne-sur-Mer<\/strong>, 9h30, Face \u00e0 l\u2019ULCO, Rue St Louis.<\/span><\/li>\n<li><span class=\"author-a-az77zqz70zz67zxz73z1z83zuz86zxrz66z4z73z\" style=\"font-family: tahoma, arial, helvetica, sans-serif;color: #129447\"><strong>Calais<\/strong>, 9h30, Place d&rsquo;Armes.<\/span><\/li>\n<li><span style=\"font-family: tahoma, arial, helvetica, sans-serif;color: #129447\"><strong>Cambrai<\/strong>, 10h, Grand-Place.<\/span><\/li>\n<li style=\"text-align: justify\"><span style=\"font-family: tahoma, arial, helvetica, sans-serif;color: #129447\"><strong>Ch\u00e2teau-Thierry<\/strong>, 7h00, occupation de la zone de Leclerc (parking de l&rsquo;ancien Intermarch\u00e9).<\/span><\/li>\n<li style=\"text-align: justify\"><span style=\"font-family: tahoma, arial, helvetica, sans-serif;color: #129447\"><strong>Clermont<\/strong>, 10h manifestation parking du CHI (haut de Clermont).<\/span><\/li>\n<li style=\"text-align: justify\"><strong><span style=\"font-family: tahoma, arial, helvetica, sans-serif;color: #129447\">Compi\u00e8gne,<\/span><\/strong>\n<ul>\n<li style=\"text-align: justify\"><span style=\"font-family: tahoma, arial, helvetica, sans-serif;color: #129447\">de 7h \u00e0 12h blocage du rond point de la sortie autoroute de Longueil-Ste-Marie et manifestation<\/span><\/li>\n<li style=\"text-align: justify\"><span style=\"font-family: tahoma, arial, helvetica, sans-serif;color: #129447\">14h30, rdv Cours Guynemer.<\/span><\/li>\n<\/ul>\n<\/li>\n<li style=\"text-align: justify\"><span style=\"font-family: tahoma, arial, helvetica, sans-serif;color: #129447\"><strong>Creil\/Saint Maximin<\/strong>, 10h, manifestation puis investissement du carrefour des Ripailles \u00e0 l&rsquo;entr\u00e9e de Chantilly<\/span><\/li>\n<li style=\"text-align: justify\"><span style=\"font-family: tahoma, arial, helvetica, sans-serif;color: #129447\"><span class=\"author-a-az77zqz70zz67zxz73z1z83zuz86zxrz66z4z73z\"><strong>Dunkerque<\/strong>, 14h30, Gare<\/span>.<\/span><\/li>\n<li><span style=\"font-family: tahoma, arial, helvetica, sans-serif;color: #129447\"><strong>Douai<\/strong>, 10h, place d&rsquo;Armes.<\/span><\/li>\n<li style=\"text-align: justify\"><span style=\"font-family: tahoma, arial, helvetica, sans-serif;color: #129447\"><strong>Isbergues<\/strong>, 6 h15, rue Pierre LOTI.<\/span><\/li>\n<li><span style=\"font-family: tahoma, arial, helvetica, sans-serif;color: #129447\"><strong>Fourmies<\/strong>, 10h, Face \u00e0 l\u2019UL CGT.<\/span><\/li>\n<li><span style=\"font-family: tahoma, arial, helvetica, sans-serif;color: #129447\"><strong>Hirson<\/strong>, 14h, manifestation, devant maison des Travailleurs, 8 rue de Dinant.<\/span><\/li>\n<li><span style=\"font-family: tahoma, arial, helvetica, sans-serif;color: #129447\"><strong> Laon<\/strong>,<\/span>\n<ul>\n<li><span style=\"font-family: tahoma, arial, helvetica, sans-serif;color: #129447\"> 6h \u00e0 18h, rond-point de l\u2019Autoroute<\/span><\/li>\n<li><span style=\"font-family: tahoma, arial, helvetica, sans-serif;color: #129447\">10h, manifestation du supermarch\u00e9 Leclerc au rond-point de l\u2019Autoroute.<\/span><\/li>\n<\/ul>\n<\/li>\n<li style=\"text-align: justify\"><span style=\"font-family: tahoma, arial, helvetica, sans-serif;color: #129447\"><strong>Lillers<\/strong>, 6 h30, p\u00e9age de Lillers.<\/span><\/li>\n<li><span style=\"font-family: tahoma, arial, helvetica, sans-serif;color: #129447\"><strong>Pont-Ste-Maxence<\/strong>, 9h, manifestation devant la Manekine.<\/span><\/li>\n<li><span style=\"font-family: tahoma, arial, helvetica, sans-serif;color: #129447\"><strong>Saint-Maximin<\/strong>, 10h00, avenue de la Paix.<\/span><\/li>\n<li><span style=\"font-family: tahoma, arial, helvetica, sans-serif;color: #129447\"><strong>Saint Quentin<\/strong>,<\/span>\n<ul>\n<li><span style=\"font-family: tahoma, arial, helvetica, sans-serif;color: #129447\">de 7h \u00e0 13h, occupation des ronds-points d&rsquo;Auchan Fayet (sur la D1029) et de Motob\u00e9cane (sur la D300 \u00e0 Rouvroy).<\/span><\/li>\n<li><span style=\"font-family: tahoma, arial, helvetica, sans-serif;color: #129447\">15h, manifestation place du 8 octobre.<\/span><\/li>\n<\/ul>\n<\/li>\n<li><span style=\"font-family: tahoma, arial, helvetica, sans-serif;color: #129447\"><strong>Soissons<\/strong>, 7H00 \u00e0 17H00, rassemblement ronds-points de Villeneuve et de l\u2019Archer.<\/span><\/li>\n<li><span style=\"font-family: tahoma, arial, helvetica, sans-serif;color: #129447\"><strong>Valenciennes<\/strong>, 10h, Place d\u2019Armes.<\/span><\/li>\n<\/ul>\n<h3 dir=\"auto\"><span style=\"font-family: tahoma, arial, helvetica, sans-serif;color: #129447\">B\u00e9thune et alentours :<\/span><\/h3>\n<div dir=\"auto\">\n<p><span style=\"color: #129447;font-family: tahoma, arial, helvetica, sans-serif\">Suite \u00e0 l&rsquo;inflation des demandes pour participer \u00e0 la manifestation de LILLE, l&rsquo;Union Locale CGT de B\u00e9thune a d\u00e9cid\u00e9 de mettre en place un second bus.<\/span><\/p>\n<p><span style=\"color: #129447;font-family: tahoma, arial, helvetica, sans-serif\">Donc des places sont \u00e0 nouveau\u00a0disponibles&#8230;<\/span><\/p>\n<p><span style=\"color: #129447;font-family: tahoma, arial, helvetica, sans-serif\">Inscription obligatoire :<\/span><br \/>\n<span style=\"color: #129447;font-family: tahoma, arial, helvetica, sans-serif\">&#8211; Par courriel \u00e0 cette\u00a0adresse<\/span><br \/>\n<span style=\"color: #129447;font-family: tahoma, arial, helvetica, sans-serif\">&#8211; Par SMS \u00e0 Jean-Luc au 06 61 24 13 25<\/span><br \/>\n<span style=\"color: #129447;font-family: tahoma, arial, helvetica, sans-serif\">&#8211; Par message laiss\u00e9 sur le r\u00e9pondeur d&rsquo;Henri au 03 21 01 13 77.<\/span><\/p>\n<div dir=\"auto\" style=\"text-align: justify\"><\/div>\n<div dir=\"auto\" style=\"text-align: justify\"><span style=\"color: #129447;font-family: tahoma, arial, helvetica, sans-serif\">Jeudi 23 mars matin, rendez-vous :<\/span><br \/>\n<span style=\"color: #129447;font-family: tahoma, arial, helvetica, sans-serif\">&#8211; 13 h 00 : Rendez-vous \u00e0 la place de l&rsquo;Europe pour d\u00e9part des bus pour LILLE.<\/span><\/div>\n<div dir=\"auto\" style=\"text-align: justify\"><span style=\"color: #129447;font-family: tahoma, arial, helvetica, sans-serif\">&#8211; 14 h 30 : Manifestation Porte de Paris \u00e0 LILLE.<\/span><br \/>\n<span style=\"color: #129447;font-family: tahoma, arial, helvetica, sans-serif\">&#8211; 18 h 00 : Rendez-vous pour les bus de retour \u00e0 B\u00e9thune.<\/span><br \/>\n<span style=\"color: #129447;font-family: tahoma, arial, helvetica, sans-serif\">&#8211; 19 h 00 : Retour \u00e0 B\u00e9thune.<\/span><\/div>\n<div dir=\"auto\"><\/div>\n<\/div>\n<p><span style=\"font-family: tahoma, arial, helvetica, sans-serif;color: #129447\"><strong><u>Vendredi 24 mars<\/u> <\/strong>: Manifestation aux flambeaux &#8211;&gt; rdv \u00e0 18h30 place Carnot \u00e0 <strong>Creil<\/strong><\/span><\/p>\n<\/div>\n<\/div>\n<\/div>\n<p><span style=\"font-family: tahoma, arial, helvetica, sans-serif\"><i>Cet article est susceptible d\u2019\u00e9voluer jusqu\u2019\u00e0 la date du 23 mars 2023.<\/i><\/span><\/p>\n","protected":false},"excerpt":{"rendered":"<p>Retraites : Contre le passage en force, les actions dans les Hauts-de-France jusqu&rsquo;au 23 mars dans l&rsquo;unit\u00e9 renforc\u00e9e Le 49-3 n\u2019arr\u00eatera pas le SNETAP-FSU dans son combat contre la r\u00e9forme des retraites. Contre le passage en force, d\u00e9cuplons encore nos forces ! Lien : SNETAP-FSU &#8211; Retraite : 49-3, R\u00e9agissons ! L&rsquo;intersyndicale a men\u00e9 le [&hellip;]<\/p>\n","protected":false},"author":88,"featured_media":8533,"comment_status":"closed","ping_status":"closed","sticky":false,"template":"","format":"standard","meta":{"ocean_post_layout":"","ocean_both_sidebars_style":"","ocean_both_sidebars_content_width":0,"ocean_both_sidebars_sidebars_width":0,"ocean_sidebar":"0","ocean_second_sidebar":"0","ocean_disable_margins":"enable","ocean_add_body_class":"","ocean_shortcode_before_top_bar":"","ocean_shortcode_after_top_bar":"","ocean_shortcode_before_header":"","ocean_shortcode_after_header":"","ocean_has_shortcode":"","ocean_shortcode_after_title":"","ocean_shortcode_before_footer_widgets":"","ocean_shortcode_after_footer_widgets":"","ocean_shortcode_before_footer_bottom":"","ocean_shortcode_after_footer_bottom":"","ocean_display_top_bar":"default","ocean_display_header":"default","ocean_header_style":"","ocean_center_header_left_menu":"0","ocean_custom_header_template":"0","ocean_custom_logo":0,"ocean_custom_retina_logo":0,"ocean_custom_logo_max_width":0,"ocean_custom_logo_tablet_max_width":0,"ocean_custom_logo_mobile_max_width":0,"ocean_custom_logo_max_height":0,"ocean_custom_logo_tablet_max_height":0,"ocean_custom_logo_mobile_max_height":0,"ocean_header_custom_menu":"0","ocean_menu_typo_font_family":"0","ocean_menu_typo_font_subset":"","ocean_menu_typo_font_size":0,"ocean_menu_typo_font_size_tablet":0,"ocean_menu_typo_font_size_mobile":0,"ocean_menu_typo_font_size_unit":"px","ocean_menu_typo_font_weight":"","ocean_menu_typo_font_weight_tablet":"","ocean_menu_typo_font_weight_mobile":"","ocean_menu_typo_transform":"","ocean_menu_typo_transform_tablet":"","ocean_menu_typo_transform_mobile":"","ocean_menu_typo_line_height":0,"ocean_menu_typo_line_height_tablet":0,"ocean_menu_typo_line_height_mobile":0,"ocean_menu_typo_line_height_unit":"","ocean_menu_typo_spacing":0,"ocean_menu_typo_spacing_tablet":0,"ocean_menu_typo_spacing_mobile":0,"ocean_menu_typo_spacing_unit":"","ocean_menu_link_color":"","ocean_menu_link_color_hover":"","ocean_menu_link_color_active":"","ocean_menu_link_background":"","ocean_menu_link_hover_background":"","ocean_menu_link_active_background":"","ocean_menu_social_links_bg":"","ocean_menu_social_hover_links_bg":"","ocean_menu_social_links_color":"","ocean_menu_social_hover_links_color":"","ocean_disable_title":"default","ocean_disable_heading":"default","ocean_post_title":"","ocean_post_subheading":"","ocean_post_title_style":"","ocean_post_title_background_color":"","ocean_post_title_background":0,"ocean_post_title_bg_image_position":"","ocean_post_title_bg_image_attachment":"","ocean_post_title_bg_image_repeat":"","ocean_post_title_bg_image_size":"","ocean_post_title_height":0,"ocean_post_title_bg_overlay":0.5,"ocean_post_title_bg_overlay_color":"","ocean_disable_breadcrumbs":"default","ocean_breadcrumbs_color":"","ocean_breadcrumbs_separator_color":"","ocean_breadcrumbs_links_color":"","ocean_breadcrumbs_links_hover_color":"","ocean_display_footer_widgets":"default","ocean_display_footer_bottom":"default","ocean_custom_footer_template":"0","ocean_post_oembed":"","ocean_post_self_hosted_media":"","ocean_post_video_embed":"","ocean_link_format":"","ocean_link_format_target":"self","ocean_quote_format":"","ocean_quote_format_link":"post","ocean_gallery_link_images":"off","ocean_gallery_id":[],"footnotes":""},"categories":[2],"tags":[],"post_folder":[],"class_list":["post-8520","post","type-post","status-publish","format-standard","has-post-thumbnail","hentry","category-actions-greves-manifs","entry","has-media"],"yoast_head":"<!-- This site is optimized with the Yoast SEO plugin v27.4 - https:\/\/yoast.com\/product\/yoast-seo-wordpress\/ -->\n<title>Retraites : Contre le passage en force, les actions jusqu&#039;au 23 mars dans l&#039;unit\u00e9 - HAUTS-DE-FRANCE<\/title>\n<meta name=\"robots\" content=\"index, follow, max-snippet:-1, max-image-preview:large, max-video-preview:-1\" \/>\n<link rel=\"canonical\" href=\"https:\/\/regions-snetap-fsu.fr\/hdf\/2023\/03\/18\/retraites-contre-le-passage-en-force-les-actions-jusquau-23-mars-dans-lunite\/\" \/>\n<meta property=\"og:locale\" content=\"fr_FR\" \/>\n<meta property=\"og:type\" content=\"article\" \/>\n<meta property=\"og:title\" content=\"Retraites : Contre le passage en force, les actions jusqu&#039;au 23 mars dans l&#039;unit\u00e9 - HAUTS-DE-FRANCE\" \/>\n<meta property=\"og:description\" content=\"Retraites : Contre le passage en force, les actions dans les Hauts-de-France jusqu&rsquo;au 23 mars dans l&rsquo;unit\u00e9 renforc\u00e9e Le 49-3 n\u2019arr\u00eatera pas le SNETAP-FSU dans son combat contre la r\u00e9forme des retraites. Contre le passage en force, d\u00e9cuplons encore nos forces ! Lien : SNETAP-FSU &#8211; Retraite : 49-3, R\u00e9agissons ! L&rsquo;intersyndicale a men\u00e9 le [&hellip;]\" \/>\n<meta property=\"og:url\" content=\"https:\/\/regions-snetap-fsu.fr\/hdf\/2023\/03\/18\/retraites-contre-le-passage-en-force-les-actions-jusquau-23-mars-dans-lunite\/\" \/>\n<meta property=\"og:site_name\" content=\"HAUTS-DE-FRANCE\" \/>\n<meta property=\"article:published_time\" content=\"2023-03-18T16:15:47+00:00\" \/>\n<meta property=\"article:modified_time\" content=\"2023-03-22T17:59:53+00:00\" \/>\n<meta property=\"og:image\" content=\"https:\/\/regions-snetap-fsu.fr\/hdf\/wp-content\/uploads\/sites\/5\/2023\/03\/Passage_en_force_Retraite_SnetapHdF.jpg\" \/>\n\t<meta property=\"og:image:width\" content=\"435\" \/>\n\t<meta property=\"og:image:height\" content=\"200\" \/>\n\t<meta property=\"og:image:type\" content=\"image\/jpeg\" \/>\n<meta name=\"author\" content=\"Regis Martinage\" \/>\n<meta name=\"twitter:card\" content=\"summary_large_image\" \/>\n<meta name=\"twitter:creator\" content=\"@MartinageSnetap\" \/>\n<meta name=\"twitter:site\" content=\"@MartinageSnetap\" \/>\n<meta name=\"twitter:label1\" content=\"\u00c9crit par\" \/>\n\t<meta name=\"twitter:data1\" content=\"Regis Martinage\" \/>\n\t<meta name=\"twitter:label2\" content=\"Dur\u00e9e de lecture estim\u00e9e\" \/>\n\t<meta name=\"twitter:data2\" content=\"5 minutes\" \/>\n<script type=\"application\/ld+json\" class=\"yoast-schema-graph\">{\"@context\":\"https:\\\/\\\/schema.org\",\"@graph\":[{\"@type\":\"Article\",\"@id\":\"https:\\\/\\\/regions-snetap-fsu.fr\\\/hdf\\\/2023\\\/03\\\/18\\\/retraites-contre-le-passage-en-force-les-actions-jusquau-23-mars-dans-lunite\\\/#article\",\"isPartOf\":{\"@id\":\"https:\\\/\\\/regions-snetap-fsu.fr\\\/hdf\\\/2023\\\/03\\\/18\\\/retraites-contre-le-passage-en-force-les-actions-jusquau-23-mars-dans-lunite\\\/\"},\"author\":{\"name\":\"Regis Martinage\",\"@id\":\"https:\\\/\\\/regions-snetap-fsu.fr\\\/hdf\\\/#\\\/schema\\\/person\\\/fa09b77e508eb2889a1c2dd6f4cf3149\"},\"headline\":\"Retraites : Contre le passage en force, les actions jusqu&rsquo;au 23 mars dans l&rsquo;unit\u00e9\",\"datePublished\":\"2023-03-18T16:15:47+00:00\",\"dateModified\":\"2023-03-22T17:59:53+00:00\",\"mainEntityOfPage\":{\"@id\":\"https:\\\/\\\/regions-snetap-fsu.fr\\\/hdf\\\/2023\\\/03\\\/18\\\/retraites-contre-le-passage-en-force-les-actions-jusquau-23-mars-dans-lunite\\\/\"},\"wordCount\":1072,\"publisher\":{\"@id\":\"https:\\\/\\\/regions-snetap-fsu.fr\\\/hdf\\\/#organization\"},\"image\":{\"@id\":\"https:\\\/\\\/regions-snetap-fsu.fr\\\/hdf\\\/2023\\\/03\\\/18\\\/retraites-contre-le-passage-en-force-les-actions-jusquau-23-mars-dans-lunite\\\/#primaryimage\"},\"thumbnailUrl\":\"https:\\\/\\\/regions-snetap-fsu.fr\\\/hdf\\\/wp-content\\\/uploads\\\/sites\\\/5\\\/2023\\\/03\\\/Passage_en_force_Retraite_SnetapHdF.jpg\",\"articleSection\":[\"Actions - Gr\u00e8ves - Manifs\"],\"inLanguage\":\"fr-FR\"},{\"@type\":\"WebPage\",\"@id\":\"https:\\\/\\\/regions-snetap-fsu.fr\\\/hdf\\\/2023\\\/03\\\/18\\\/retraites-contre-le-passage-en-force-les-actions-jusquau-23-mars-dans-lunite\\\/\",\"url\":\"https:\\\/\\\/regions-snetap-fsu.fr\\\/hdf\\\/2023\\\/03\\\/18\\\/retraites-contre-le-passage-en-force-les-actions-jusquau-23-mars-dans-lunite\\\/\",\"name\":\"Retraites : Contre le passage en force, les actions jusqu'au 23 mars dans l'unit\u00e9 - HAUTS-DE-FRANCE\",\"isPartOf\":{\"@id\":\"https:\\\/\\\/regions-snetap-fsu.fr\\\/hdf\\\/#website\"},\"primaryImageOfPage\":{\"@id\":\"https:\\\/\\\/regions-snetap-fsu.fr\\\/hdf\\\/2023\\\/03\\\/18\\\/retraites-contre-le-passage-en-force-les-actions-jusquau-23-mars-dans-lunite\\\/#primaryimage\"},\"image\":{\"@id\":\"https:\\\/\\\/regions-snetap-fsu.fr\\\/hdf\\\/2023\\\/03\\\/18\\\/retraites-contre-le-passage-en-force-les-actions-jusquau-23-mars-dans-lunite\\\/#primaryimage\"},\"thumbnailUrl\":\"https:\\\/\\\/regions-snetap-fsu.fr\\\/hdf\\\/wp-content\\\/uploads\\\/sites\\\/5\\\/2023\\\/03\\\/Passage_en_force_Retraite_SnetapHdF.jpg\",\"datePublished\":\"2023-03-18T16:15:47+00:00\",\"dateModified\":\"2023-03-22T17:59:53+00:00\",\"breadcrumb\":{\"@id\":\"https:\\\/\\\/regions-snetap-fsu.fr\\\/hdf\\\/2023\\\/03\\\/18\\\/retraites-contre-le-passage-en-force-les-actions-jusquau-23-mars-dans-lunite\\\/#breadcrumb\"},\"inLanguage\":\"fr-FR\",\"potentialAction\":[{\"@type\":\"ReadAction\",\"target\":[\"https:\\\/\\\/regions-snetap-fsu.fr\\\/hdf\\\/2023\\\/03\\\/18\\\/retraites-contre-le-passage-en-force-les-actions-jusquau-23-mars-dans-lunite\\\/\"]}]},{\"@type\":\"ImageObject\",\"inLanguage\":\"fr-FR\",\"@id\":\"https:\\\/\\\/regions-snetap-fsu.fr\\\/hdf\\\/2023\\\/03\\\/18\\\/retraites-contre-le-passage-en-force-les-actions-jusquau-23-mars-dans-lunite\\\/#primaryimage\",\"url\":\"https:\\\/\\\/regions-snetap-fsu.fr\\\/hdf\\\/wp-content\\\/uploads\\\/sites\\\/5\\\/2023\\\/03\\\/Passage_en_force_Retraite_SnetapHdF.jpg\",\"contentUrl\":\"https:\\\/\\\/regions-snetap-fsu.fr\\\/hdf\\\/wp-content\\\/uploads\\\/sites\\\/5\\\/2023\\\/03\\\/Passage_en_force_Retraite_SnetapHdF.jpg\",\"width\":435,\"height\":200},{\"@type\":\"BreadcrumbList\",\"@id\":\"https:\\\/\\\/regions-snetap-fsu.fr\\\/hdf\\\/2023\\\/03\\\/18\\\/retraites-contre-le-passage-en-force-les-actions-jusquau-23-mars-dans-lunite\\\/#breadcrumb\",\"itemListElement\":[{\"@type\":\"ListItem\",\"position\":1,\"name\":\"Accueil\",\"item\":\"https:\\\/\\\/regions-snetap-fsu.fr\\\/hdf\\\/\"},{\"@type\":\"ListItem\",\"position\":2,\"name\":\"Actions - Gr\u00e8ves - Manifs\",\"item\":\"https:\\\/\\\/regions-snetap-fsu.fr\\\/hdf\\\/category\\\/actions-greves-manifs\\\/\"},{\"@type\":\"ListItem\",\"position\":3,\"name\":\"Retraites : Contre le passage en force, les actions jusqu&rsquo;au 23 mars dans l&rsquo;unit\u00e9\"}]},{\"@type\":\"WebSite\",\"@id\":\"https:\\\/\\\/regions-snetap-fsu.fr\\\/hdf\\\/#website\",\"url\":\"https:\\\/\\\/regions-snetap-fsu.fr\\\/hdf\\\/\",\"name\":\"HAUTS-DE-FRANCE\",\"description\":\"Section r\u00e9gionale\",\"publisher\":{\"@id\":\"https:\\\/\\\/regions-snetap-fsu.fr\\\/hdf\\\/#organization\"},\"potentialAction\":[{\"@type\":\"SearchAction\",\"target\":{\"@type\":\"EntryPoint\",\"urlTemplate\":\"https:\\\/\\\/regions-snetap-fsu.fr\\\/hdf\\\/?s={search_term_string}\"},\"query-input\":{\"@type\":\"PropertyValueSpecification\",\"valueRequired\":true,\"valueName\":\"search_term_string\"}}],\"inLanguage\":\"fr-FR\"},{\"@type\":\"Organization\",\"@id\":\"https:\\\/\\\/regions-snetap-fsu.fr\\\/hdf\\\/#organization\",\"name\":\"SNETAP-FSU - HAUTS-DE-FRANCE\",\"url\":\"https:\\\/\\\/regions-snetap-fsu.fr\\\/hdf\\\/\",\"logo\":{\"@type\":\"ImageObject\",\"inLanguage\":\"fr-FR\",\"@id\":\"https:\\\/\\\/regions-snetap-fsu.fr\\\/hdf\\\/#\\\/schema\\\/logo\\\/image\\\/\",\"url\":\"https:\\\/\\\/regions-snetap-fsu.fr\\\/hdf\\\/wp-content\\\/uploads\\\/sites\\\/5\\\/2020\\\/12\\\/SNETAP-Logo.jpg\",\"contentUrl\":\"https:\\\/\\\/regions-snetap-fsu.fr\\\/hdf\\\/wp-content\\\/uploads\\\/sites\\\/5\\\/2020\\\/12\\\/SNETAP-Logo.jpg\",\"width\":464,\"height\":334,\"caption\":\"SNETAP-FSU - HAUTS-DE-FRANCE\"},\"image\":{\"@id\":\"https:\\\/\\\/regions-snetap-fsu.fr\\\/hdf\\\/#\\\/schema\\\/logo\\\/image\\\/\"},\"sameAs\":[\"https:\\\/\\\/x.com\\\/MartinageSnetap\"]},{\"@type\":\"Person\",\"@id\":\"https:\\\/\\\/regions-snetap-fsu.fr\\\/hdf\\\/#\\\/schema\\\/person\\\/fa09b77e508eb2889a1c2dd6f4cf3149\",\"name\":\"Regis Martinage\",\"image\":{\"@type\":\"ImageObject\",\"inLanguage\":\"fr-FR\",\"@id\":\"https:\\\/\\\/secure.gravatar.com\\\/avatar\\\/7ae2aaabfe5b8d5c7b9361e91002ca9ec93c38c63c9a1d06ae19f03a5dc70dd7?s=96&d=mm&r=g\",\"url\":\"https:\\\/\\\/secure.gravatar.com\\\/avatar\\\/7ae2aaabfe5b8d5c7b9361e91002ca9ec93c38c63c9a1d06ae19f03a5dc70dd7?s=96&d=mm&r=g\",\"contentUrl\":\"https:\\\/\\\/secure.gravatar.com\\\/avatar\\\/7ae2aaabfe5b8d5c7b9361e91002ca9ec93c38c63c9a1d06ae19f03a5dc70dd7?s=96&d=mm&r=g\",\"caption\":\"Regis Martinage\"},\"url\":\"https:\\\/\\\/regions-snetap-fsu.fr\\\/hdf\\\/author\\\/r-martinage\\\/\"}]}<\/script>\n<!-- \/ Yoast SEO plugin. -->","yoast_head_json":{"title":"Retraites : Contre le passage en force, les actions jusqu'au 23 mars dans l'unit\u00e9 - HAUTS-DE-FRANCE","robots":{"index":"index","follow":"follow","max-snippet":"max-snippet:-1","max-image-preview":"max-image-preview:large","max-video-preview":"max-video-preview:-1"},"canonical":"https:\/\/regions-snetap-fsu.fr\/hdf\/2023\/03\/18\/retraites-contre-le-passage-en-force-les-actions-jusquau-23-mars-dans-lunite\/","og_locale":"fr_FR","og_type":"article","og_title":"Retraites : Contre le passage en force, les actions jusqu'au 23 mars dans l'unit\u00e9 - HAUTS-DE-FRANCE","og_description":"Retraites : Contre le passage en force, les actions dans les Hauts-de-France jusqu&rsquo;au 23 mars dans l&rsquo;unit\u00e9 renforc\u00e9e Le 49-3 n\u2019arr\u00eatera pas le SNETAP-FSU dans son combat contre la r\u00e9forme des retraites. Contre le passage en force, d\u00e9cuplons encore nos forces ! Lien : SNETAP-FSU &#8211; Retraite : 49-3, R\u00e9agissons ! L&rsquo;intersyndicale a men\u00e9 le [&hellip;]","og_url":"https:\/\/regions-snetap-fsu.fr\/hdf\/2023\/03\/18\/retraites-contre-le-passage-en-force-les-actions-jusquau-23-mars-dans-lunite\/","og_site_name":"HAUTS-DE-FRANCE","article_published_time":"2023-03-18T16:15:47+00:00","article_modified_time":"2023-03-22T17:59:53+00:00","og_image":[{"width":435,"height":200,"url":"https:\/\/regions-snetap-fsu.fr\/hdf\/wp-content\/uploads\/sites\/5\/2023\/03\/Passage_en_force_Retraite_SnetapHdF.jpg","type":"image\/jpeg"}],"author":"Regis Martinage","twitter_card":"summary_large_image","twitter_creator":"@MartinageSnetap","twitter_site":"@MartinageSnetap","twitter_misc":{"\u00c9crit par":"Regis Martinage","Dur\u00e9e de lecture estim\u00e9e":"5 minutes"},"schema":{"@context":"https:\/\/schema.org","@graph":[{"@type":"Article","@id":"https:\/\/regions-snetap-fsu.fr\/hdf\/2023\/03\/18\/retraites-contre-le-passage-en-force-les-actions-jusquau-23-mars-dans-lunite\/#article","isPartOf":{"@id":"https:\/\/regions-snetap-fsu.fr\/hdf\/2023\/03\/18\/retraites-contre-le-passage-en-force-les-actions-jusquau-23-mars-dans-lunite\/"},"author":{"name":"Regis Martinage","@id":"https:\/\/regions-snetap-fsu.fr\/hdf\/#\/schema\/person\/fa09b77e508eb2889a1c2dd6f4cf3149"},"headline":"Retraites : Contre le passage en force, les actions jusqu&rsquo;au 23 mars dans l&rsquo;unit\u00e9","datePublished":"2023-03-18T16:15:47+00:00","dateModified":"2023-03-22T17:59:53+00:00","mainEntityOfPage":{"@id":"https:\/\/regions-snetap-fsu.fr\/hdf\/2023\/03\/18\/retraites-contre-le-passage-en-force-les-actions-jusquau-23-mars-dans-lunite\/"},"wordCount":1072,"publisher":{"@id":"https:\/\/regions-snetap-fsu.fr\/hdf\/#organization"},"image":{"@id":"https:\/\/regions-snetap-fsu.fr\/hdf\/2023\/03\/18\/retraites-contre-le-passage-en-force-les-actions-jusquau-23-mars-dans-lunite\/#primaryimage"},"thumbnailUrl":"https:\/\/regions-snetap-fsu.fr\/hdf\/wp-content\/uploads\/sites\/5\/2023\/03\/Passage_en_force_Retraite_SnetapHdF.jpg","articleSection":["Actions - Gr\u00e8ves - Manifs"],"inLanguage":"fr-FR"},{"@type":"WebPage","@id":"https:\/\/regions-snetap-fsu.fr\/hdf\/2023\/03\/18\/retraites-contre-le-passage-en-force-les-actions-jusquau-23-mars-dans-lunite\/","url":"https:\/\/regions-snetap-fsu.fr\/hdf\/2023\/03\/18\/retraites-contre-le-passage-en-force-les-actions-jusquau-23-mars-dans-lunite\/","name":"Retraites : Contre le passage en force, les actions jusqu'au 23 mars dans l'unit\u00e9 - HAUTS-DE-FRANCE","isPartOf":{"@id":"https:\/\/regions-snetap-fsu.fr\/hdf\/#website"},"primaryImageOfPage":{"@id":"https:\/\/regions-snetap-fsu.fr\/hdf\/2023\/03\/18\/retraites-contre-le-passage-en-force-les-actions-jusquau-23-mars-dans-lunite\/#primaryimage"},"image":{"@id":"https:\/\/regions-snetap-fsu.fr\/hdf\/2023\/03\/18\/retraites-contre-le-passage-en-force-les-actions-jusquau-23-mars-dans-lunite\/#primaryimage"},"thumbnailUrl":"https:\/\/regions-snetap-fsu.fr\/hdf\/wp-content\/uploads\/sites\/5\/2023\/03\/Passage_en_force_Retraite_SnetapHdF.jpg","datePublished":"2023-03-18T16:15:47+00:00","dateModified":"2023-03-22T17:59:53+00:00","breadcrumb":{"@id":"https:\/\/regions-snetap-fsu.fr\/hdf\/2023\/03\/18\/retraites-contre-le-passage-en-force-les-actions-jusquau-23-mars-dans-lunite\/#breadcrumb"},"inLanguage":"fr-FR","potentialAction":[{"@type":"ReadAction","target":["https:\/\/regions-snetap-fsu.fr\/hdf\/2023\/03\/18\/retraites-contre-le-passage-en-force-les-actions-jusquau-23-mars-dans-lunite\/"]}]},{"@type":"ImageObject","inLanguage":"fr-FR","@id":"https:\/\/regions-snetap-fsu.fr\/hdf\/2023\/03\/18\/retraites-contre-le-passage-en-force-les-actions-jusquau-23-mars-dans-lunite\/#primaryimage","url":"https:\/\/regions-snetap-fsu.fr\/hdf\/wp-content\/uploads\/sites\/5\/2023\/03\/Passage_en_force_Retraite_SnetapHdF.jpg","contentUrl":"https:\/\/regions-snetap-fsu.fr\/hdf\/wp-content\/uploads\/sites\/5\/2023\/03\/Passage_en_force_Retraite_SnetapHdF.jpg","width":435,"height":200},{"@type":"BreadcrumbList","@id":"https:\/\/regions-snetap-fsu.fr\/hdf\/2023\/03\/18\/retraites-contre-le-passage-en-force-les-actions-jusquau-23-mars-dans-lunite\/#breadcrumb","itemListElement":[{"@type":"ListItem","position":1,"name":"Accueil","item":"https:\/\/regions-snetap-fsu.fr\/hdf\/"},{"@type":"ListItem","position":2,"name":"Actions - Gr\u00e8ves - Manifs","item":"https:\/\/regions-snetap-fsu.fr\/hdf\/category\/actions-greves-manifs\/"},{"@type":"ListItem","position":3,"name":"Retraites : Contre le passage en force, les actions jusqu&rsquo;au 23 mars dans l&rsquo;unit\u00e9"}]},{"@type":"WebSite","@id":"https:\/\/regions-snetap-fsu.fr\/hdf\/#website","url":"https:\/\/regions-snetap-fsu.fr\/hdf\/","name":"HAUTS-DE-FRANCE","description":"Section r\u00e9gionale","publisher":{"@id":"https:\/\/regions-snetap-fsu.fr\/hdf\/#organization"},"potentialAction":[{"@type":"SearchAction","target":{"@type":"EntryPoint","urlTemplate":"https:\/\/regions-snetap-fsu.fr\/hdf\/?s={search_term_string}"},"query-input":{"@type":"PropertyValueSpecification","valueRequired":true,"valueName":"search_term_string"}}],"inLanguage":"fr-FR"},{"@type":"Organization","@id":"https:\/\/regions-snetap-fsu.fr\/hdf\/#organization","name":"SNETAP-FSU - HAUTS-DE-FRANCE","url":"https:\/\/regions-snetap-fsu.fr\/hdf\/","logo":{"@type":"ImageObject","inLanguage":"fr-FR","@id":"https:\/\/regions-snetap-fsu.fr\/hdf\/#\/schema\/logo\/image\/","url":"https:\/\/regions-snetap-fsu.fr\/hdf\/wp-content\/uploads\/sites\/5\/2020\/12\/SNETAP-Logo.jpg","contentUrl":"https:\/\/regions-snetap-fsu.fr\/hdf\/wp-content\/uploads\/sites\/5\/2020\/12\/SNETAP-Logo.jpg","width":464,"height":334,"caption":"SNETAP-FSU - HAUTS-DE-FRANCE"},"image":{"@id":"https:\/\/regions-snetap-fsu.fr\/hdf\/#\/schema\/logo\/image\/"},"sameAs":["https:\/\/x.com\/MartinageSnetap"]},{"@type":"Person","@id":"https:\/\/regions-snetap-fsu.fr\/hdf\/#\/schema\/person\/fa09b77e508eb2889a1c2dd6f4cf3149","name":"Regis Martinage","image":{"@type":"ImageObject","inLanguage":"fr-FR","@id":"https:\/\/secure.gravatar.com\/avatar\/7ae2aaabfe5b8d5c7b9361e91002ca9ec93c38c63c9a1d06ae19f03a5dc70dd7?s=96&d=mm&r=g","url":"https:\/\/secure.gravatar.com\/avatar\/7ae2aaabfe5b8d5c7b9361e91002ca9ec93c38c63c9a1d06ae19f03a5dc70dd7?s=96&d=mm&r=g","contentUrl":"https:\/\/secure.gravatar.com\/avatar\/7ae2aaabfe5b8d5c7b9361e91002ca9ec93c38c63c9a1d06ae19f03a5dc70dd7?s=96&d=mm&r=g","caption":"Regis Martinage"},"url":"https:\/\/regions-snetap-fsu.fr\/hdf\/author\/r-martinage\/"}]}},"_links":{"self":[{"href":"https:\/\/regions-snetap-fsu.fr\/hdf\/wp-json\/wp\/v2\/posts\/8520","targetHints":{"allow":["GET"]}}],"collection":[{"href":"https:\/\/regions-snetap-fsu.fr\/hdf\/wp-json\/wp\/v2\/posts"}],"about":[{"href":"https:\/\/regions-snetap-fsu.fr\/hdf\/wp-json\/wp\/v2\/types\/post"}],"author":[{"embeddable":true,"href":"https:\/\/regions-snetap-fsu.fr\/hdf\/wp-json\/wp\/v2\/users\/88"}],"replies":[{"embeddable":true,"href":"https:\/\/regions-snetap-fsu.fr\/hdf\/wp-json\/wp\/v2\/comments?post=8520"}],"version-history":[{"count":34,"href":"https:\/\/regions-snetap-fsu.fr\/hdf\/wp-json\/wp\/v2\/posts\/8520\/revisions"}],"predecessor-version":[{"id":8557,"href":"https:\/\/regions-snetap-fsu.fr\/hdf\/wp-json\/wp\/v2\/posts\/8520\/revisions\/8557"}],"wp:featuredmedia":[{"embeddable":true,"href":"https:\/\/regions-snetap-fsu.fr\/hdf\/wp-json\/wp\/v2\/media\/8533"}],"wp:attachment":[{"href":"https:\/\/regions-snetap-fsu.fr\/hdf\/wp-json\/wp\/v2\/media?parent=8520"}],"wp:term":[{"taxonomy":"category","embeddable":true,"href":"https:\/\/regions-snetap-fsu.fr\/hdf\/wp-json\/wp\/v2\/categories?post=8520"},{"taxonomy":"post_tag","embeddable":true,"href":"https:\/\/regions-snetap-fsu.fr\/hdf\/wp-json\/wp\/v2\/tags?post=8520"},{"taxonomy":"post_folder","embeddable":true,"href":"https:\/\/regions-snetap-fsu.fr\/hdf\/wp-json\/wp\/v2\/post_folder?post=8520"}],"curies":[{"name":"wp","href":"https:\/\/api.w.org\/{rel}","templated":true}]}}