{"id":8503,"date":"2023-03-12T18:14:01","date_gmt":"2023-03-12T17:14:01","guid":{"rendered":"https:\/\/regions-snetap-fsu.fr\/hdf\/?p=8503"},"modified":"2023-03-12T18:14:01","modified_gmt":"2023-03-12T17:14:01","slug":"retraites-15-mars-on-continue-toujours-uni%c2%b7e%c2%b7s-et-encore-plus-fort%c2%b7e%c2%b7s","status":"publish","type":"post","link":"https:\/\/regions-snetap-fsu.fr\/hdf\/2023\/03\/12\/retraites-15-mars-on-continue-toujours-uni%c2%b7e%c2%b7s-et-encore-plus-fort%c2%b7e%c2%b7s\/","title":{"rendered":"Retraites : 15 mars, on continue toujours uni\u00b7e\u00b7s et encore plus fort\u00b7e\u00b7s"},"content":{"rendered":"<h2 style=\"text-align: center\"><span style=\"font-family: tahoma, arial, helvetica, sans-serif;color: #ff0000\">Retraites : 15 mars, on continue toujours uni\u00b7e\u00b7s et encore plus fort\u00b7e\u00b7s<\/span><\/h2>\n<p style=\"text-align: justify\"><span style=\"font-family: tahoma, arial, helvetica, sans-serif;color: #129447\">La journ\u00e9e de mobilisation d\u2019actions et de gr\u00e8ve du mardi 7 mars, d\u2019une ampleur historique dans les Hauts-de-France comme au niveau national, a \u00e9t\u00e9 une immense r\u00e9ussite la plus forte depuis le d\u00e9but du processus de mobilisation engag\u00e9 pour le retrait du projet de r\u00e9forme \u00e0 64 ans voulu par E. Macron.<\/span><br \/>\n<span style=\"font-family: tahoma, arial, helvetica, sans-serif;color: #129447\">Cette journ\u00e9e en appelle d\u2019autres pour encore \u00e9lever le rapport de force n\u00e9cessaire pour obtenir le retrait du projet gouvernemental. Projet dont le voile est tomb\u00e9 au S\u00e9nat avec l&rsquo;amendement des LR pour inclure une partie de retraite par capitalisation for\u00e7ant les travailleurs\u00b7euses \u00e0 placer, s&rsquo;il\u00b7elles le peuvent, leurs \u00e9conomies dans des placements risqu\u00e9s sur le march\u00e9 fluctuant de la finance afin d&rsquo;obtenir une pension hypoth\u00e9tique au d\u00e9triment de la retraite par r\u00e9partition qui a fait ses preuves de s\u00e9curit\u00e9 financi\u00e8re.<br \/>\n<\/span><\/p>\n<p><span style=\"font-family: tahoma, arial, helvetica, sans-serif\"><a href=\"https:\/\/www.snetap-fsu.fr\/Toujours-uni-es-et-encore-plus-fort-es-les-11-et-15-mars.html\" target=\"_blank\" rel=\"noopener\">Lien : SNETAP-FSU &#8211; Toujours uni\u00b7es et encore plus fort\u00b7es les 11 et 15 mars<\/a><\/span><\/p>\n<h3 style=\"text-align: center\"><span style=\"font-family: tahoma, arial, helvetica, sans-serif;color: #ff0000\">Les mobilisations dans les Hauts-de-France<\/span><\/h3>\n<ul>\n<li><span style=\"font-family: tahoma, arial, helvetica, sans-serif;color: #129447\"><strong>Lille, <\/strong><strong>14h30, Porte de Paris.<\/strong><\/span><\/li>\n<li><span style=\"color: #129447;font-family: tahoma, arial, helvetica, sans-serif\"><strong>Amiens<\/strong>, 14h, devant la maison de la culture.<\/span><\/li>\n<li><span style=\"font-family: tahoma, arial, helvetica, sans-serif;color: #129447\"><strong>Arras<\/strong>, 9h30, place de Gare.<\/span><\/li>\n<li style=\"text-align: justify\"><span style=\"font-family: tahoma, arial, helvetica, sans-serif;color: #129447\"><strong>Beauvais<\/strong>, 14h, rond-point en haut de l\u2019avenue Marcel Dassault croisement avec rue Spaak (Elispace).<\/span><\/li>\n<li><span style=\"color: #129447\"><span style=\"font-family: tahoma, arial, helvetica, sans-serif\"><strong>B\u00e9thune<\/strong>,<\/span> appel \u00e0 aller \u00e0 Arras a priori. La CGT de B\u00e9thune pourrait proposer 2 bus \u00e0 destination d&rsquo;Arras, \u00e0 confirmer. Pour l&rsquo;a-m, la CGT de B\u00e9thune pourrait proposer 1 bus \u00e0 destination de Lille et la CFDT proposera 1 bus \u00e0 destination de Lille. Bus CFDT Gilles 07 81 05 19 52 bureau 03 21 14 26 65.<br \/>\n<\/span><\/li>\n<li><span style=\"color: #129447;font-family: tahoma, arial, helvetica, sans-serif\"><strong>Boulogne-sur-Mer<\/strong>, 9h30, communaut\u00e9 d&rsquo;agglo ou rue nationale.<\/span><\/li>\n<li><span style=\"font-family: tahoma, arial, helvetica, sans-serif;color: #129447\"><strong>Calais<\/strong>, 9h30, Mairie.<\/span><\/li>\n<li style=\"text-align: justify\"><span style=\"font-family: tahoma, arial, helvetica, sans-serif;color: #129447\"><strong>Ch\u00e2teau-Thierry<\/strong>, rassemblement au rond-point de l\u2019ancienne piscine \u00e0 10 h avec distribution de tracts.<\/span><\/li>\n<li><span style=\"font-family: tahoma, arial, helvetica, sans-serif;color: #129447\"><strong>Douai<\/strong>, 10h, manifestation place d&rsquo;Armes.<\/span><\/li>\n<li><span style=\"font-family: tahoma, arial, helvetica, sans-serif;color: #129447\"><strong>Dunkerque<\/strong>, 14h30, Gare.<\/span><\/li>\n<li style=\"text-align: justify\"><span style=\"font-family: tahoma, arial, helvetica, sans-serif;color: #129447\"><strong>Fitz-James, <\/strong>10h, parking du CHI.<\/span><\/li>\n<li><span style=\"font-family: tahoma, arial, helvetica, sans-serif;color: #129447\"><strong>Laon<\/strong>,<\/span>\n<ul>\n<li style=\"text-align: justify\"><span style=\"font-family: tahoma, arial, helvetica, sans-serif;color: #129447\">6h occupation du rond point de l\u2019Europe.<\/span><\/li>\n<li style=\"text-align: justify\"><span style=\"font-family: tahoma, arial, helvetica, sans-serif;color: #129447\"> 16h, manifestation aller-retour de carrefour au rond point de l\u2019Europe.<\/span><\/li>\n<\/ul>\n<\/li>\n<li><span style=\"font-family: tahoma, arial, helvetica, sans-serif;color: #129447\"><strong>Pont-Ste-Maxence<\/strong>, 10h00 \u00e0 la Manekine<\/span>.<\/li>\n<li style=\"text-align: justify\"><span style=\"font-family: tahoma, arial, helvetica, sans-serif;color: #129447\"><strong>Soissons<\/strong>, de 7h \u00e0 12h, barrage filtrant au rond point de l\u2019archer suivi d\u2019une manifestation jusqu\u2019\u00e0 la place Marquigny.<\/span><\/li>\n<\/ul>\n<div dir=\"auto\"><i>Cet article est susceptible d\u2019\u00e9voluer jusqu\u2019\u00e0 la date du 15 mars 2023.<\/i><\/div>\n","protected":false},"excerpt":{"rendered":"<p>Retraites : 15 mars, on continue toujours uni\u00b7e\u00b7s et encore plus fort\u00b7e\u00b7s La journ\u00e9e de mobilisation d\u2019actions et de gr\u00e8ve du mardi 7 mars, d\u2019une ampleur historique dans les Hauts-de-France comme au niveau national, a \u00e9t\u00e9 une immense r\u00e9ussite la plus forte depuis le d\u00e9but du processus de mobilisation engag\u00e9 pour le retrait du projet [&hellip;]<\/p>\n","protected":false},"author":88,"featured_media":8513,"comment_status":"closed","ping_status":"closed","sticky":false,"template":"","format":"standard","meta":{"ocean_post_layout":"","ocean_both_sidebars_style":"","ocean_both_sidebars_content_width":0,"ocean_both_sidebars_sidebars_width":0,"ocean_sidebar":"0","ocean_second_sidebar":"0","ocean_disable_margins":"enable","ocean_add_body_class":"","ocean_shortcode_before_top_bar":"","ocean_shortcode_after_top_bar":"","ocean_shortcode_before_header":"","ocean_shortcode_after_header":"","ocean_has_shortcode":"","ocean_shortcode_after_title":"","ocean_shortcode_before_footer_widgets":"","ocean_shortcode_after_footer_widgets":"","ocean_shortcode_before_footer_bottom":"","ocean_shortcode_after_footer_bottom":"","ocean_display_top_bar":"default","ocean_display_header":"default","ocean_header_style":"","ocean_center_header_left_menu":"0","ocean_custom_header_template":"0","ocean_custom_logo":0,"ocean_custom_retina_logo":0,"ocean_custom_logo_max_width":0,"ocean_custom_logo_tablet_max_width":0,"ocean_custom_logo_mobile_max_width":0,"ocean_custom_logo_max_height":0,"ocean_custom_logo_tablet_max_height":0,"ocean_custom_logo_mobile_max_height":0,"ocean_header_custom_menu":"0","ocean_menu_typo_font_family":"0","ocean_menu_typo_font_subset":"","ocean_menu_typo_font_size":0,"ocean_menu_typo_font_size_tablet":0,"ocean_menu_typo_font_size_mobile":0,"ocean_menu_typo_font_size_unit":"px","ocean_menu_typo_font_weight":"","ocean_menu_typo_font_weight_tablet":"","ocean_menu_typo_font_weight_mobile":"","ocean_menu_typo_transform":"","ocean_menu_typo_transform_tablet":"","ocean_menu_typo_transform_mobile":"","ocean_menu_typo_line_height":0,"ocean_menu_typo_line_height_tablet":0,"ocean_menu_typo_line_height_mobile":0,"ocean_menu_typo_line_height_unit":"","ocean_menu_typo_spacing":0,"ocean_menu_typo_spacing_tablet":0,"ocean_menu_typo_spacing_mobile":0,"ocean_menu_typo_spacing_unit":"","ocean_menu_link_color":"","ocean_menu_link_color_hover":"","ocean_menu_link_color_active":"","ocean_menu_link_background":"","ocean_menu_link_hover_background":"","ocean_menu_link_active_background":"","ocean_menu_social_links_bg":"","ocean_menu_social_hover_links_bg":"","ocean_menu_social_links_color":"","ocean_menu_social_hover_links_color":"","ocean_disable_title":"default","ocean_disable_heading":"default","ocean_post_title":"","ocean_post_subheading":"","ocean_post_title_style":"","ocean_post_title_background_color":"","ocean_post_title_background":0,"ocean_post_title_bg_image_position":"","ocean_post_title_bg_image_attachment":"","ocean_post_title_bg_image_repeat":"","ocean_post_title_bg_image_size":"","ocean_post_title_height":0,"ocean_post_title_bg_overlay":0.5,"ocean_post_title_bg_overlay_color":"","ocean_disable_breadcrumbs":"default","ocean_breadcrumbs_color":"","ocean_breadcrumbs_separator_color":"","ocean_breadcrumbs_links_color":"","ocean_breadcrumbs_links_hover_color":"","ocean_display_footer_widgets":"default","ocean_display_footer_bottom":"default","ocean_custom_footer_template":"0","ocean_post_oembed":"","ocean_post_self_hosted_media":"","ocean_post_video_embed":"","ocean_link_format":"","ocean_link_format_target":"self","ocean_quote_format":"","ocean_quote_format_link":"post","ocean_gallery_link_images":"off","ocean_gallery_id":[],"footnotes":""},"categories":[2],"tags":[],"post_folder":[],"class_list":["post-8503","post","type-post","status-publish","format-standard","has-post-thumbnail","hentry","category-actions-greves-manifs","entry","has-media"],"yoast_head":"<!-- This site is optimized with the Yoast SEO plugin v27.4 - https:\/\/yoast.com\/product\/yoast-seo-wordpress\/ -->\n<title>Retraites : 15 mars, on continue toujours uni\u00b7e\u00b7s et encore plus fort\u00b7e\u00b7s - HAUTS-DE-FRANCE<\/title>\n<meta name=\"robots\" content=\"index, follow, max-snippet:-1, max-image-preview:large, max-video-preview:-1\" \/>\n<link rel=\"canonical\" href=\"https:\/\/regions-snetap-fsu.fr\/hdf\/2023\/03\/12\/retraites-15-mars-on-continue-toujours-uni\u00b7e\u00b7s-et-encore-plus-fort\u00b7e\u00b7s\/\" \/>\n<meta property=\"og:locale\" content=\"fr_FR\" \/>\n<meta property=\"og:type\" content=\"article\" \/>\n<meta property=\"og:title\" content=\"Retraites : 15 mars, on continue toujours uni\u00b7e\u00b7s et encore plus fort\u00b7e\u00b7s - HAUTS-DE-FRANCE\" \/>\n<meta property=\"og:description\" content=\"Retraites : 15 mars, on continue toujours uni\u00b7e\u00b7s et encore plus fort\u00b7e\u00b7s La journ\u00e9e de mobilisation d\u2019actions et de gr\u00e8ve du mardi 7 mars, d\u2019une ampleur historique dans les Hauts-de-France comme au niveau national, a \u00e9t\u00e9 une immense r\u00e9ussite la plus forte depuis le d\u00e9but du processus de mobilisation engag\u00e9 pour le retrait du projet [&hellip;]\" \/>\n<meta property=\"og:url\" content=\"https:\/\/regions-snetap-fsu.fr\/hdf\/2023\/03\/12\/retraites-15-mars-on-continue-toujours-uni\u00b7e\u00b7s-et-encore-plus-fort\u00b7e\u00b7s\/\" \/>\n<meta property=\"og:site_name\" content=\"HAUTS-DE-FRANCE\" \/>\n<meta property=\"article:published_time\" content=\"2023-03-12T17:14:01+00:00\" \/>\n<meta property=\"og:image\" content=\"https:\/\/regions-snetap-fsu.fr\/hdf\/wp-content\/uploads\/sites\/5\/2023\/03\/Retrait_retraite_urgence.jpg\" \/>\n\t<meta property=\"og:image:width\" content=\"435\" \/>\n\t<meta property=\"og:image:height\" content=\"200\" \/>\n\t<meta property=\"og:image:type\" content=\"image\/jpeg\" \/>\n<meta name=\"author\" content=\"Regis Martinage\" \/>\n<meta name=\"twitter:card\" content=\"summary_large_image\" \/>\n<meta name=\"twitter:creator\" content=\"@MartinageSnetap\" \/>\n<meta name=\"twitter:site\" content=\"@MartinageSnetap\" \/>\n<meta name=\"twitter:label1\" content=\"\u00c9crit par\" \/>\n\t<meta name=\"twitter:data1\" content=\"Regis Martinage\" \/>\n\t<meta name=\"twitter:label2\" content=\"Dur\u00e9e de lecture estim\u00e9e\" \/>\n\t<meta name=\"twitter:data2\" content=\"2 minutes\" \/>\n<script type=\"application\/ld+json\" class=\"yoast-schema-graph\">{\"@context\":\"https:\\\/\\\/schema.org\",\"@graph\":[{\"@type\":\"Article\",\"@id\":\"https:\\\/\\\/regions-snetap-fsu.fr\\\/hdf\\\/2023\\\/03\\\/12\\\/retraites-15-mars-on-continue-toujours-uni%c2%b7e%c2%b7s-et-encore-plus-fort%c2%b7e%c2%b7s\\\/#article\",\"isPartOf\":{\"@id\":\"https:\\\/\\\/regions-snetap-fsu.fr\\\/hdf\\\/2023\\\/03\\\/12\\\/retraites-15-mars-on-continue-toujours-uni%c2%b7e%c2%b7s-et-encore-plus-fort%c2%b7e%c2%b7s\\\/\"},\"author\":{\"name\":\"Regis Martinage\",\"@id\":\"https:\\\/\\\/regions-snetap-fsu.fr\\\/hdf\\\/#\\\/schema\\\/person\\\/fa09b77e508eb2889a1c2dd6f4cf3149\"},\"headline\":\"Retraites : 15 mars, on continue toujours uni\u00b7e\u00b7s et encore plus fort\u00b7e\u00b7s\",\"datePublished\":\"2023-03-12T17:14:01+00:00\",\"mainEntityOfPage\":{\"@id\":\"https:\\\/\\\/regions-snetap-fsu.fr\\\/hdf\\\/2023\\\/03\\\/12\\\/retraites-15-mars-on-continue-toujours-uni%c2%b7e%c2%b7s-et-encore-plus-fort%c2%b7e%c2%b7s\\\/\"},\"wordCount\":371,\"publisher\":{\"@id\":\"https:\\\/\\\/regions-snetap-fsu.fr\\\/hdf\\\/#organization\"},\"image\":{\"@id\":\"https:\\\/\\\/regions-snetap-fsu.fr\\\/hdf\\\/2023\\\/03\\\/12\\\/retraites-15-mars-on-continue-toujours-uni%c2%b7e%c2%b7s-et-encore-plus-fort%c2%b7e%c2%b7s\\\/#primaryimage\"},\"thumbnailUrl\":\"https:\\\/\\\/regions-snetap-fsu.fr\\\/hdf\\\/wp-content\\\/uploads\\\/sites\\\/5\\\/2023\\\/03\\\/Retrait_retraite_urgence.jpg\",\"articleSection\":[\"Actions - Gr\u00e8ves - Manifs\"],\"inLanguage\":\"fr-FR\"},{\"@type\":\"WebPage\",\"@id\":\"https:\\\/\\\/regions-snetap-fsu.fr\\\/hdf\\\/2023\\\/03\\\/12\\\/retraites-15-mars-on-continue-toujours-uni%c2%b7e%c2%b7s-et-encore-plus-fort%c2%b7e%c2%b7s\\\/\",\"url\":\"https:\\\/\\\/regions-snetap-fsu.fr\\\/hdf\\\/2023\\\/03\\\/12\\\/retraites-15-mars-on-continue-toujours-uni%c2%b7e%c2%b7s-et-encore-plus-fort%c2%b7e%c2%b7s\\\/\",\"name\":\"Retraites : 15 mars, on continue toujours uni\u00b7e\u00b7s et encore plus fort\u00b7e\u00b7s - HAUTS-DE-FRANCE\",\"isPartOf\":{\"@id\":\"https:\\\/\\\/regions-snetap-fsu.fr\\\/hdf\\\/#website\"},\"primaryImageOfPage\":{\"@id\":\"https:\\\/\\\/regions-snetap-fsu.fr\\\/hdf\\\/2023\\\/03\\\/12\\\/retraites-15-mars-on-continue-toujours-uni%c2%b7e%c2%b7s-et-encore-plus-fort%c2%b7e%c2%b7s\\\/#primaryimage\"},\"image\":{\"@id\":\"https:\\\/\\\/regions-snetap-fsu.fr\\\/hdf\\\/2023\\\/03\\\/12\\\/retraites-15-mars-on-continue-toujours-uni%c2%b7e%c2%b7s-et-encore-plus-fort%c2%b7e%c2%b7s\\\/#primaryimage\"},\"thumbnailUrl\":\"https:\\\/\\\/regions-snetap-fsu.fr\\\/hdf\\\/wp-content\\\/uploads\\\/sites\\\/5\\\/2023\\\/03\\\/Retrait_retraite_urgence.jpg\",\"datePublished\":\"2023-03-12T17:14:01+00:00\",\"breadcrumb\":{\"@id\":\"https:\\\/\\\/regions-snetap-fsu.fr\\\/hdf\\\/2023\\\/03\\\/12\\\/retraites-15-mars-on-continue-toujours-uni%c2%b7e%c2%b7s-et-encore-plus-fort%c2%b7e%c2%b7s\\\/#breadcrumb\"},\"inLanguage\":\"fr-FR\",\"potentialAction\":[{\"@type\":\"ReadAction\",\"target\":[\"https:\\\/\\\/regions-snetap-fsu.fr\\\/hdf\\\/2023\\\/03\\\/12\\\/retraites-15-mars-on-continue-toujours-uni%c2%b7e%c2%b7s-et-encore-plus-fort%c2%b7e%c2%b7s\\\/\"]}]},{\"@type\":\"ImageObject\",\"inLanguage\":\"fr-FR\",\"@id\":\"https:\\\/\\\/regions-snetap-fsu.fr\\\/hdf\\\/2023\\\/03\\\/12\\\/retraites-15-mars-on-continue-toujours-uni%c2%b7e%c2%b7s-et-encore-plus-fort%c2%b7e%c2%b7s\\\/#primaryimage\",\"url\":\"https:\\\/\\\/regions-snetap-fsu.fr\\\/hdf\\\/wp-content\\\/uploads\\\/sites\\\/5\\\/2023\\\/03\\\/Retrait_retraite_urgence.jpg\",\"contentUrl\":\"https:\\\/\\\/regions-snetap-fsu.fr\\\/hdf\\\/wp-content\\\/uploads\\\/sites\\\/5\\\/2023\\\/03\\\/Retrait_retraite_urgence.jpg\",\"width\":435,\"height\":200},{\"@type\":\"BreadcrumbList\",\"@id\":\"https:\\\/\\\/regions-snetap-fsu.fr\\\/hdf\\\/2023\\\/03\\\/12\\\/retraites-15-mars-on-continue-toujours-uni%c2%b7e%c2%b7s-et-encore-plus-fort%c2%b7e%c2%b7s\\\/#breadcrumb\",\"itemListElement\":[{\"@type\":\"ListItem\",\"position\":1,\"name\":\"Accueil\",\"item\":\"https:\\\/\\\/regions-snetap-fsu.fr\\\/hdf\\\/\"},{\"@type\":\"ListItem\",\"position\":2,\"name\":\"Actions - Gr\u00e8ves - Manifs\",\"item\":\"https:\\\/\\\/regions-snetap-fsu.fr\\\/hdf\\\/category\\\/actions-greves-manifs\\\/\"},{\"@type\":\"ListItem\",\"position\":3,\"name\":\"Retraites : 15 mars, on continue toujours uni\u00b7e\u00b7s et encore plus fort\u00b7e\u00b7s\"}]},{\"@type\":\"WebSite\",\"@id\":\"https:\\\/\\\/regions-snetap-fsu.fr\\\/hdf\\\/#website\",\"url\":\"https:\\\/\\\/regions-snetap-fsu.fr\\\/hdf\\\/\",\"name\":\"HAUTS-DE-FRANCE\",\"description\":\"Section r\u00e9gionale\",\"publisher\":{\"@id\":\"https:\\\/\\\/regions-snetap-fsu.fr\\\/hdf\\\/#organization\"},\"potentialAction\":[{\"@type\":\"SearchAction\",\"target\":{\"@type\":\"EntryPoint\",\"urlTemplate\":\"https:\\\/\\\/regions-snetap-fsu.fr\\\/hdf\\\/?s={search_term_string}\"},\"query-input\":{\"@type\":\"PropertyValueSpecification\",\"valueRequired\":true,\"valueName\":\"search_term_string\"}}],\"inLanguage\":\"fr-FR\"},{\"@type\":\"Organization\",\"@id\":\"https:\\\/\\\/regions-snetap-fsu.fr\\\/hdf\\\/#organization\",\"name\":\"SNETAP-FSU - HAUTS-DE-FRANCE\",\"url\":\"https:\\\/\\\/regions-snetap-fsu.fr\\\/hdf\\\/\",\"logo\":{\"@type\":\"ImageObject\",\"inLanguage\":\"fr-FR\",\"@id\":\"https:\\\/\\\/regions-snetap-fsu.fr\\\/hdf\\\/#\\\/schema\\\/logo\\\/image\\\/\",\"url\":\"https:\\\/\\\/regions-snetap-fsu.fr\\\/hdf\\\/wp-content\\\/uploads\\\/sites\\\/5\\\/2020\\\/12\\\/SNETAP-Logo.jpg\",\"contentUrl\":\"https:\\\/\\\/regions-snetap-fsu.fr\\\/hdf\\\/wp-content\\\/uploads\\\/sites\\\/5\\\/2020\\\/12\\\/SNETAP-Logo.jpg\",\"width\":464,\"height\":334,\"caption\":\"SNETAP-FSU - HAUTS-DE-FRANCE\"},\"image\":{\"@id\":\"https:\\\/\\\/regions-snetap-fsu.fr\\\/hdf\\\/#\\\/schema\\\/logo\\\/image\\\/\"},\"sameAs\":[\"https:\\\/\\\/x.com\\\/MartinageSnetap\"]},{\"@type\":\"Person\",\"@id\":\"https:\\\/\\\/regions-snetap-fsu.fr\\\/hdf\\\/#\\\/schema\\\/person\\\/fa09b77e508eb2889a1c2dd6f4cf3149\",\"name\":\"Regis Martinage\",\"image\":{\"@type\":\"ImageObject\",\"inLanguage\":\"fr-FR\",\"@id\":\"https:\\\/\\\/secure.gravatar.com\\\/avatar\\\/7ae2aaabfe5b8d5c7b9361e91002ca9ec93c38c63c9a1d06ae19f03a5dc70dd7?s=96&d=mm&r=g\",\"url\":\"https:\\\/\\\/secure.gravatar.com\\\/avatar\\\/7ae2aaabfe5b8d5c7b9361e91002ca9ec93c38c63c9a1d06ae19f03a5dc70dd7?s=96&d=mm&r=g\",\"contentUrl\":\"https:\\\/\\\/secure.gravatar.com\\\/avatar\\\/7ae2aaabfe5b8d5c7b9361e91002ca9ec93c38c63c9a1d06ae19f03a5dc70dd7?s=96&d=mm&r=g\",\"caption\":\"Regis Martinage\"},\"url\":\"https:\\\/\\\/regions-snetap-fsu.fr\\\/hdf\\\/author\\\/r-martinage\\\/\"}]}<\/script>\n<!-- \/ Yoast SEO plugin. -->","yoast_head_json":{"title":"Retraites : 15 mars, on continue toujours uni\u00b7e\u00b7s et encore plus fort\u00b7e\u00b7s - HAUTS-DE-FRANCE","robots":{"index":"index","follow":"follow","max-snippet":"max-snippet:-1","max-image-preview":"max-image-preview:large","max-video-preview":"max-video-preview:-1"},"canonical":"https:\/\/regions-snetap-fsu.fr\/hdf\/2023\/03\/12\/retraites-15-mars-on-continue-toujours-uni\u00b7e\u00b7s-et-encore-plus-fort\u00b7e\u00b7s\/","og_locale":"fr_FR","og_type":"article","og_title":"Retraites : 15 mars, on continue toujours uni\u00b7e\u00b7s et encore plus fort\u00b7e\u00b7s - HAUTS-DE-FRANCE","og_description":"Retraites : 15 mars, on continue toujours uni\u00b7e\u00b7s et encore plus fort\u00b7e\u00b7s La journ\u00e9e de mobilisation d\u2019actions et de gr\u00e8ve du mardi 7 mars, d\u2019une ampleur historique dans les Hauts-de-France comme au niveau national, a \u00e9t\u00e9 une immense r\u00e9ussite la plus forte depuis le d\u00e9but du processus de mobilisation engag\u00e9 pour le retrait du projet [&hellip;]","og_url":"https:\/\/regions-snetap-fsu.fr\/hdf\/2023\/03\/12\/retraites-15-mars-on-continue-toujours-uni\u00b7e\u00b7s-et-encore-plus-fort\u00b7e\u00b7s\/","og_site_name":"HAUTS-DE-FRANCE","article_published_time":"2023-03-12T17:14:01+00:00","og_image":[{"width":435,"height":200,"url":"https:\/\/regions-snetap-fsu.fr\/hdf\/wp-content\/uploads\/sites\/5\/2023\/03\/Retrait_retraite_urgence.jpg","type":"image\/jpeg"}],"author":"Regis Martinage","twitter_card":"summary_large_image","twitter_creator":"@MartinageSnetap","twitter_site":"@MartinageSnetap","twitter_misc":{"\u00c9crit par":"Regis Martinage","Dur\u00e9e de lecture estim\u00e9e":"2 minutes"},"schema":{"@context":"https:\/\/schema.org","@graph":[{"@type":"Article","@id":"https:\/\/regions-snetap-fsu.fr\/hdf\/2023\/03\/12\/retraites-15-mars-on-continue-toujours-uni%c2%b7e%c2%b7s-et-encore-plus-fort%c2%b7e%c2%b7s\/#article","isPartOf":{"@id":"https:\/\/regions-snetap-fsu.fr\/hdf\/2023\/03\/12\/retraites-15-mars-on-continue-toujours-uni%c2%b7e%c2%b7s-et-encore-plus-fort%c2%b7e%c2%b7s\/"},"author":{"name":"Regis Martinage","@id":"https:\/\/regions-snetap-fsu.fr\/hdf\/#\/schema\/person\/fa09b77e508eb2889a1c2dd6f4cf3149"},"headline":"Retraites : 15 mars, on continue toujours uni\u00b7e\u00b7s et encore plus fort\u00b7e\u00b7s","datePublished":"2023-03-12T17:14:01+00:00","mainEntityOfPage":{"@id":"https:\/\/regions-snetap-fsu.fr\/hdf\/2023\/03\/12\/retraites-15-mars-on-continue-toujours-uni%c2%b7e%c2%b7s-et-encore-plus-fort%c2%b7e%c2%b7s\/"},"wordCount":371,"publisher":{"@id":"https:\/\/regions-snetap-fsu.fr\/hdf\/#organization"},"image":{"@id":"https:\/\/regions-snetap-fsu.fr\/hdf\/2023\/03\/12\/retraites-15-mars-on-continue-toujours-uni%c2%b7e%c2%b7s-et-encore-plus-fort%c2%b7e%c2%b7s\/#primaryimage"},"thumbnailUrl":"https:\/\/regions-snetap-fsu.fr\/hdf\/wp-content\/uploads\/sites\/5\/2023\/03\/Retrait_retraite_urgence.jpg","articleSection":["Actions - Gr\u00e8ves - Manifs"],"inLanguage":"fr-FR"},{"@type":"WebPage","@id":"https:\/\/regions-snetap-fsu.fr\/hdf\/2023\/03\/12\/retraites-15-mars-on-continue-toujours-uni%c2%b7e%c2%b7s-et-encore-plus-fort%c2%b7e%c2%b7s\/","url":"https:\/\/regions-snetap-fsu.fr\/hdf\/2023\/03\/12\/retraites-15-mars-on-continue-toujours-uni%c2%b7e%c2%b7s-et-encore-plus-fort%c2%b7e%c2%b7s\/","name":"Retraites : 15 mars, on continue toujours uni\u00b7e\u00b7s et encore plus fort\u00b7e\u00b7s - HAUTS-DE-FRANCE","isPartOf":{"@id":"https:\/\/regions-snetap-fsu.fr\/hdf\/#website"},"primaryImageOfPage":{"@id":"https:\/\/regions-snetap-fsu.fr\/hdf\/2023\/03\/12\/retraites-15-mars-on-continue-toujours-uni%c2%b7e%c2%b7s-et-encore-plus-fort%c2%b7e%c2%b7s\/#primaryimage"},"image":{"@id":"https:\/\/regions-snetap-fsu.fr\/hdf\/2023\/03\/12\/retraites-15-mars-on-continue-toujours-uni%c2%b7e%c2%b7s-et-encore-plus-fort%c2%b7e%c2%b7s\/#primaryimage"},"thumbnailUrl":"https:\/\/regions-snetap-fsu.fr\/hdf\/wp-content\/uploads\/sites\/5\/2023\/03\/Retrait_retraite_urgence.jpg","datePublished":"2023-03-12T17:14:01+00:00","breadcrumb":{"@id":"https:\/\/regions-snetap-fsu.fr\/hdf\/2023\/03\/12\/retraites-15-mars-on-continue-toujours-uni%c2%b7e%c2%b7s-et-encore-plus-fort%c2%b7e%c2%b7s\/#breadcrumb"},"inLanguage":"fr-FR","potentialAction":[{"@type":"ReadAction","target":["https:\/\/regions-snetap-fsu.fr\/hdf\/2023\/03\/12\/retraites-15-mars-on-continue-toujours-uni%c2%b7e%c2%b7s-et-encore-plus-fort%c2%b7e%c2%b7s\/"]}]},{"@type":"ImageObject","inLanguage":"fr-FR","@id":"https:\/\/regions-snetap-fsu.fr\/hdf\/2023\/03\/12\/retraites-15-mars-on-continue-toujours-uni%c2%b7e%c2%b7s-et-encore-plus-fort%c2%b7e%c2%b7s\/#primaryimage","url":"https:\/\/regions-snetap-fsu.fr\/hdf\/wp-content\/uploads\/sites\/5\/2023\/03\/Retrait_retraite_urgence.jpg","contentUrl":"https:\/\/regions-snetap-fsu.fr\/hdf\/wp-content\/uploads\/sites\/5\/2023\/03\/Retrait_retraite_urgence.jpg","width":435,"height":200},{"@type":"BreadcrumbList","@id":"https:\/\/regions-snetap-fsu.fr\/hdf\/2023\/03\/12\/retraites-15-mars-on-continue-toujours-uni%c2%b7e%c2%b7s-et-encore-plus-fort%c2%b7e%c2%b7s\/#breadcrumb","itemListElement":[{"@type":"ListItem","position":1,"name":"Accueil","item":"https:\/\/regions-snetap-fsu.fr\/hdf\/"},{"@type":"ListItem","position":2,"name":"Actions - Gr\u00e8ves - Manifs","item":"https:\/\/regions-snetap-fsu.fr\/hdf\/category\/actions-greves-manifs\/"},{"@type":"ListItem","position":3,"name":"Retraites : 15 mars, on continue toujours uni\u00b7e\u00b7s et encore plus fort\u00b7e\u00b7s"}]},{"@type":"WebSite","@id":"https:\/\/regions-snetap-fsu.fr\/hdf\/#website","url":"https:\/\/regions-snetap-fsu.fr\/hdf\/","name":"HAUTS-DE-FRANCE","description":"Section r\u00e9gionale","publisher":{"@id":"https:\/\/regions-snetap-fsu.fr\/hdf\/#organization"},"potentialAction":[{"@type":"SearchAction","target":{"@type":"EntryPoint","urlTemplate":"https:\/\/regions-snetap-fsu.fr\/hdf\/?s={search_term_string}"},"query-input":{"@type":"PropertyValueSpecification","valueRequired":true,"valueName":"search_term_string"}}],"inLanguage":"fr-FR"},{"@type":"Organization","@id":"https:\/\/regions-snetap-fsu.fr\/hdf\/#organization","name":"SNETAP-FSU - HAUTS-DE-FRANCE","url":"https:\/\/regions-snetap-fsu.fr\/hdf\/","logo":{"@type":"ImageObject","inLanguage":"fr-FR","@id":"https:\/\/regions-snetap-fsu.fr\/hdf\/#\/schema\/logo\/image\/","url":"https:\/\/regions-snetap-fsu.fr\/hdf\/wp-content\/uploads\/sites\/5\/2020\/12\/SNETAP-Logo.jpg","contentUrl":"https:\/\/regions-snetap-fsu.fr\/hdf\/wp-content\/uploads\/sites\/5\/2020\/12\/SNETAP-Logo.jpg","width":464,"height":334,"caption":"SNETAP-FSU - HAUTS-DE-FRANCE"},"image":{"@id":"https:\/\/regions-snetap-fsu.fr\/hdf\/#\/schema\/logo\/image\/"},"sameAs":["https:\/\/x.com\/MartinageSnetap"]},{"@type":"Person","@id":"https:\/\/regions-snetap-fsu.fr\/hdf\/#\/schema\/person\/fa09b77e508eb2889a1c2dd6f4cf3149","name":"Regis Martinage","image":{"@type":"ImageObject","inLanguage":"fr-FR","@id":"https:\/\/secure.gravatar.com\/avatar\/7ae2aaabfe5b8d5c7b9361e91002ca9ec93c38c63c9a1d06ae19f03a5dc70dd7?s=96&d=mm&r=g","url":"https:\/\/secure.gravatar.com\/avatar\/7ae2aaabfe5b8d5c7b9361e91002ca9ec93c38c63c9a1d06ae19f03a5dc70dd7?s=96&d=mm&r=g","contentUrl":"https:\/\/secure.gravatar.com\/avatar\/7ae2aaabfe5b8d5c7b9361e91002ca9ec93c38c63c9a1d06ae19f03a5dc70dd7?s=96&d=mm&r=g","caption":"Regis Martinage"},"url":"https:\/\/regions-snetap-fsu.fr\/hdf\/author\/r-martinage\/"}]}},"_links":{"self":[{"href":"https:\/\/regions-snetap-fsu.fr\/hdf\/wp-json\/wp\/v2\/posts\/8503","targetHints":{"allow":["GET"]}}],"collection":[{"href":"https:\/\/regions-snetap-fsu.fr\/hdf\/wp-json\/wp\/v2\/posts"}],"about":[{"href":"https:\/\/regions-snetap-fsu.fr\/hdf\/wp-json\/wp\/v2\/types\/post"}],"author":[{"embeddable":true,"href":"https:\/\/regions-snetap-fsu.fr\/hdf\/wp-json\/wp\/v2\/users\/88"}],"replies":[{"embeddable":true,"href":"https:\/\/regions-snetap-fsu.fr\/hdf\/wp-json\/wp\/v2\/comments?post=8503"}],"version-history":[{"count":5,"href":"https:\/\/regions-snetap-fsu.fr\/hdf\/wp-json\/wp\/v2\/posts\/8503\/revisions"}],"predecessor-version":[{"id":8519,"href":"https:\/\/regions-snetap-fsu.fr\/hdf\/wp-json\/wp\/v2\/posts\/8503\/revisions\/8519"}],"wp:featuredmedia":[{"embeddable":true,"href":"https:\/\/regions-snetap-fsu.fr\/hdf\/wp-json\/wp\/v2\/media\/8513"}],"wp:attachment":[{"href":"https:\/\/regions-snetap-fsu.fr\/hdf\/wp-json\/wp\/v2\/media?parent=8503"}],"wp:term":[{"taxonomy":"category","embeddable":true,"href":"https:\/\/regions-snetap-fsu.fr\/hdf\/wp-json\/wp\/v2\/categories?post=8503"},{"taxonomy":"post_tag","embeddable":true,"href":"https:\/\/regions-snetap-fsu.fr\/hdf\/wp-json\/wp\/v2\/tags?post=8503"},{"taxonomy":"post_folder","embeddable":true,"href":"https:\/\/regions-snetap-fsu.fr\/hdf\/wp-json\/wp\/v2\/post_folder?post=8503"}],"curies":[{"name":"wp","href":"https:\/\/api.w.org\/{rel}","templated":true}]}}