{"id":8385,"date":"2023-02-13T15:57:31","date_gmt":"2023-02-13T14:57:31","guid":{"rendered":"https:\/\/regions-snetap-fsu.fr\/hdf\/?p=8385"},"modified":"2023-02-15T12:54:45","modified_gmt":"2023-02-15T11:54:45","slug":"retraites-16-fevrier-2023-echauffement-pour-mars-les-manifs-dans-les-hauts-de-france","status":"publish","type":"post","link":"https:\/\/regions-snetap-fsu.fr\/hdf\/2023\/02\/13\/retraites-16-fevrier-2023-echauffement-pour-mars-les-manifs-dans-les-hauts-de-france\/","title":{"rendered":"Retraites : 16 f\u00e9vrier 2023 \u00e9chauffement pour mars, les manifs dans les hauts-de-France"},"content":{"rendered":"<h2 style=\"text-align: center\"><span style=\"font-family: tahoma, arial, helvetica, sans-serif;color: #ff0000\">Retraites : Jeudi 16 f\u00e9vrier 2023 \u00e9chauffement pour mars, les manifestations dans les hauts-de-France<\/span><\/h2>\n<p style=\"text-align: justify\"><span class=\"css-901oao css-16my406 r-poiln3 r-bcqeeo r-qvutc0\" style=\"font-family: tahoma, arial, helvetica, sans-serif;color: #129447\"><strong>On est de plus en plus nombreux et on est de plus en plus joyeux, parce qu\u2019on sent, parce qu\u2019on sait que si on continue comme \u00e7a, on va gagner !<\/strong><br \/>\n<\/span><\/p>\n<p style=\"text-align: justify\"><span style=\"font-family: tahoma, arial, helvetica, sans-serif;color: #129447\">Depuis le 19 janvier dernier, la population ne cesse de d\u00e9montrer sa tr\u00e8s forte d\u00e9termination \u00e0 refuser le projet de r\u00e9forme des retraites du gouvernement \u00e0 travers les gr\u00e8ves, les manifestations mais aussi la p\u00e9tition en ligne qui a atteint un million de signatures (n&rsquo;oubliez pas de la signer si ce n&rsquo;est pas encore fait :\u00a0<a href=\"https:\/\/www.snetap-fsu.fr\/Signer-la-petition-intersyndicale-Retraites-non-a-cette-reforme-injuste-et.html\" target=\"_blank\" rel=\"noopener\">Lien : p\u00e9tition intersyndicale : \u00ab Retraites : non \u00e0 cette r\u00e9forme injuste et brutale ! \u00bb<\/a> ).<\/span><\/p>\n<p style=\"text-align: justify\"><span style=\"font-family: tahoma, arial, helvetica, sans-serif;color: #129447\">Durant la poursuite des d\u00e9bats parlementaires, les organisations syndicales professionnelles et de jeunesse vont poursuivre la mobilisation et l\u2019amplifier. Ainsi, elles appellent \u00e0 une journ\u00e9e d\u2019<strong>actions interprofessionnelles sur l\u2019ensemble du territoire le jeudi 16 f\u00e9vrier.<\/strong> <\/span><\/p>\n<p style=\"text-align: justify\"><span style=\"font-family: tahoma, arial, helvetica, sans-serif;color: #129447\">Enfin, si malgr\u00e9 tout le gouvernement et les parlementaires restaient sourds \u00e0 la contestation populaire, l\u2019intersyndicale appellerait les travailleurs et les travailleuses, les jeunes et les retrait\u00e9\u00b7e\u00b7s \u00e0 durcir le mouvement en mettant la France \u00e0 l\u2019arr\u00eat dans tous les secteurs le 7 mars prochain. L\u2019intersyndicale se saisira du 8 mars, journ\u00e9e internationale de luttes pour les droits des femmes pour mettre en \u00e9vidence l\u2019injustice sociale majeure de cette r\u00e9forme envers les femmes.<\/span><\/p>\n<p style=\"text-align: justify\"><span style=\"font-family: tahoma, arial, helvetica, sans-serif\"><a href=\"https:\/\/www.snetap-fsu.fr\/L-intersyndicale-est-prete-a-durcir-le-mouvement.html\" target=\"_blank\" rel=\"noopener\">Lien : SNETAP-FSU &#8211; L\u2019intersyndicale est pr\u00eate \u00e0 durcir le mouvement<\/a><\/span><\/p>\n<p><span style=\"font-family: tahoma, arial, helvetica, sans-serif\"><a href=\"https:\/\/www.youtube.com\/watch?v=Uq1EjJGD4SM\" target=\"_blank\" rel=\"noopener\">Lien : Vid\u00e9o Public S\u00e9nat &#8211; Beno\u00eet Teste (FSU): \u00ab\u00a0Il y a un m\u00e9pris pour le monde du travail et une col\u00e8re qui monte\u00a0\u00bb<\/a><\/span><\/p>\n<p><span style=\"font-family: tahoma, arial, helvetica, sans-serif\"><a href=\"https:\/\/www.snetap-fsu.fr\/Le-pacte-une-nouvelle-provocation-envers-les-personnels.html\" target=\"_blank\" rel=\"noopener\">Lien : SNETAP-FSU &#8211; Le pacte, une nouvelle provocation envers les personnels !<\/a><\/span><\/p>\n<h3 style=\"text-align: center\"><span style=\"font-family: tahoma, arial, helvetica, sans-serif;color: #ff0000\">Les mobilisations dans les Hauts-de-France<\/span><\/h3>\n<ul>\n<li><strong><span style=\"font-family: tahoma, arial, helvetica, sans-serif;color: #129447\">Lille, 14h30, Porte de Paris.<\/span><\/strong><\/li>\n<li><span style=\"font-family: tahoma, arial, helvetica, sans-serif;color: #129447\"><strong>Amiens<\/strong>, 18h, place Longueville (Cirque Jules Verne).<\/span><\/li>\n<li><span style=\"font-family: tahoma, arial, helvetica, sans-serif;color: #129447\"><strong>Abbeville<\/strong>, 17h, boulevard Vauban.<\/span><\/li>\n<li><span style=\"font-family: tahoma, arial, helvetica, sans-serif;color: #129447\"><strong>Albert<\/strong>, 18H30, devant la mairie.<\/span><\/li>\n<li><span style=\"font-family: tahoma, arial, helvetica, sans-serif;color: #129447\"><strong>Arras<\/strong>, 9h30, Gare.<\/span><\/li>\n<li><span style=\"font-family: tahoma, arial, helvetica, sans-serif;color: #129447\"><strong>Beauvais<\/strong>, 14h, place Jeanne Hachette.<\/span><\/li>\n<li><span style=\"font-family: tahoma, arial, helvetica, sans-serif;color: #129447\"><strong>Boulogne<\/strong>, 9h30, CCI Chambre de Commerce.<\/span><\/li>\n<li><span style=\"font-family: tahoma, arial, helvetica, sans-serif;color: #129447\"><strong>Calais<\/strong>, 9h30, Place d\u2019Armes.<\/span><\/li>\n<li><span style=\"font-family: tahoma, arial, helvetica, sans-serif;color: #129447\"><strong>Ch\u00e2teau-Thierry<\/strong>, 16h, concert de casseroles, place Jean de La Fontaine.<\/span><\/li>\n<li><span style=\"font-family: tahoma, arial, helvetica, sans-serif;color: #129447\"><strong>Compi\u00e8gne<\/strong>, 10h, rond point Gifi.<\/span><\/li>\n<li><span style=\"font-family: tahoma, arial, helvetica, sans-serif;color: #129447\"><strong>Douai<\/strong> , 10h, Place Carnot direction sous pr\u00e9fecture.<\/span><\/li>\n<li><span style=\"font-family: tahoma, arial, helvetica, sans-serif;color: #129447\"><strong>Doullens<\/strong>, 18h30, devant la mairie.<\/span><\/li>\n<li style=\"text-align: justify\"><span style=\"font-family: tahoma, arial, helvetica, sans-serif;color: #129447\"><strong>Dunkerque<\/strong>, 14h30, Gare.<\/span><\/li>\n<li style=\"text-align: justify\"><span style=\"color: #129447;font-family: tahoma, arial, helvetica, sans-serif\"><strong>Friville-Escarbotin<\/strong>, 16h30, retraite aux flambeaux, place Jean-Jaur\u00e8s.<\/span><\/li>\n<li style=\"text-align: justify\"><span style=\"font-family: tahoma, arial, helvetica, sans-serif;color: #129447\"><strong>Hirson<\/strong>, 17h, place Victor Hugo (avec des casseroles).<\/span><\/li>\n<li><span style=\"font-family: tahoma, arial, helvetica, sans-serif;color: #129447\"><strong>Laon<\/strong>, 10h, Place des droits de l\u2019Homme (devant la gare SNCF).<\/span><\/li>\n<li><span style=\"font-family: tahoma, arial, helvetica, sans-serif;color: #129447\"><strong>Maubeuge<\/strong>, 9h30, Place de l\u2019 H\u00f4tel de Ville.<\/span><\/li>\n<li><span style=\"font-family: tahoma, arial, helvetica, sans-serif;color: #129447\"><strong>Nogent-sur-Oise<\/strong>, 10h00, parking Lidl.<\/span><\/li>\n<li style=\"text-align: justify\"><span style=\"color: #129447;font-family: tahoma, arial, helvetica, sans-serif\"><strong>P\u00e9ronne<\/strong>, 18H30, devant la mairie.<\/span><\/li>\n<li><span style=\"font-family: tahoma, arial, helvetica, sans-serif;color: #129447\"><strong>Saint Omer<\/strong>, 14h, rond-point Mac Do.<\/span><\/li>\n<li style=\"text-align: justify\"><span style=\"font-family: tahoma, arial, helvetica, sans-serif;color: #129447\"><strong>Saint Quentin<\/strong>, 15h, place du 08 Octobre.<\/span><\/li>\n<li style=\"text-align: justify\"><span style=\"font-family: tahoma, arial, helvetica, sans-serif;color: #129447\"><strong>Soissons<\/strong>, 14h, place de l\u2019H\u00f4tel de ville.<\/span><\/li>\n<li style=\"text-align: justify\"><span style=\"font-family: tahoma, arial, helvetica, sans-serif;color: #129447\"><strong>Tergnier<\/strong>, 10h, rue Vaucresson (devant la gare SNCF).<\/span><\/li>\n<li><span style=\"font-family: tahoma, arial, helvetica, sans-serif;color: #129447\"><strong>Valenciennes<\/strong> , 10h Place d\u2019Armes.<\/span><\/li>\n<\/ul>\n<p><span style=\"font-family: tahoma, arial, helvetica, sans-serif;color: #129447\"><i><strong>A Abbeville <\/strong>\u00a0: rassemblement devant la mairie le jeudi 23 f\u00e9vrier \u00e0 12H et r\u00e9union publique sur les suites \u00e0 donner au mouvement lundi 27 f\u00e9vrier \u00e0 18H grande salle rue des carmes (\u00e0 c\u00f4t\u00e9 du cin\u00e9ma Le Rex)<\/i><\/span><\/p>\n<div dir=\"auto\"><i>Cet article est susceptible d\u2019\u00e9voluer jusqu\u2019\u00e0 la date du 16 f\u00e9vrier 2023.<\/i><\/div>\n","protected":false},"excerpt":{"rendered":"<p>Retraites : Jeudi 16 f\u00e9vrier 2023 \u00e9chauffement pour mars, les manifestations dans les hauts-de-France On est de plus en plus nombreux et on est de plus en plus joyeux, parce qu\u2019on sent, parce qu\u2019on sait que si on continue comme \u00e7a, on va gagner ! Depuis le 19 janvier dernier, la population ne cesse de [&hellip;]<\/p>\n","protected":false},"author":88,"featured_media":8390,"comment_status":"closed","ping_status":"closed","sticky":false,"template":"","format":"standard","meta":{"ocean_post_layout":"","ocean_both_sidebars_style":"","ocean_both_sidebars_content_width":0,"ocean_both_sidebars_sidebars_width":0,"ocean_sidebar":"0","ocean_second_sidebar":"0","ocean_disable_margins":"enable","ocean_add_body_class":"","ocean_shortcode_before_top_bar":"","ocean_shortcode_after_top_bar":"","ocean_shortcode_before_header":"","ocean_shortcode_after_header":"","ocean_has_shortcode":"","ocean_shortcode_after_title":"","ocean_shortcode_before_footer_widgets":"","ocean_shortcode_after_footer_widgets":"","ocean_shortcode_before_footer_bottom":"","ocean_shortcode_after_footer_bottom":"","ocean_display_top_bar":"default","ocean_display_header":"default","ocean_header_style":"","ocean_center_header_left_menu":"0","ocean_custom_header_template":"0","ocean_custom_logo":0,"ocean_custom_retina_logo":0,"ocean_custom_logo_max_width":0,"ocean_custom_logo_tablet_max_width":0,"ocean_custom_logo_mobile_max_width":0,"ocean_custom_logo_max_height":0,"ocean_custom_logo_tablet_max_height":0,"ocean_custom_logo_mobile_max_height":0,"ocean_header_custom_menu":"0","ocean_menu_typo_font_family":"0","ocean_menu_typo_font_subset":"","ocean_menu_typo_font_size":0,"ocean_menu_typo_font_size_tablet":0,"ocean_menu_typo_font_size_mobile":0,"ocean_menu_typo_font_size_unit":"px","ocean_menu_typo_font_weight":"","ocean_menu_typo_font_weight_tablet":"","ocean_menu_typo_font_weight_mobile":"","ocean_menu_typo_transform":"","ocean_menu_typo_transform_tablet":"","ocean_menu_typo_transform_mobile":"","ocean_menu_typo_line_height":0,"ocean_menu_typo_line_height_tablet":0,"ocean_menu_typo_line_height_mobile":0,"ocean_menu_typo_line_height_unit":"","ocean_menu_typo_spacing":0,"ocean_menu_typo_spacing_tablet":0,"ocean_menu_typo_spacing_mobile":0,"ocean_menu_typo_spacing_unit":"","ocean_menu_link_color":"","ocean_menu_link_color_hover":"","ocean_menu_link_color_active":"","ocean_menu_link_background":"","ocean_menu_link_hover_background":"","ocean_menu_link_active_background":"","ocean_menu_social_links_bg":"","ocean_menu_social_hover_links_bg":"","ocean_menu_social_links_color":"","ocean_menu_social_hover_links_color":"","ocean_disable_title":"default","ocean_disable_heading":"default","ocean_post_title":"","ocean_post_subheading":"","ocean_post_title_style":"","ocean_post_title_background_color":"","ocean_post_title_background":0,"ocean_post_title_bg_image_position":"","ocean_post_title_bg_image_attachment":"","ocean_post_title_bg_image_repeat":"","ocean_post_title_bg_image_size":"","ocean_post_title_height":0,"ocean_post_title_bg_overlay":0.5,"ocean_post_title_bg_overlay_color":"","ocean_disable_breadcrumbs":"default","ocean_breadcrumbs_color":"","ocean_breadcrumbs_separator_color":"","ocean_breadcrumbs_links_color":"","ocean_breadcrumbs_links_hover_color":"","ocean_display_footer_widgets":"default","ocean_display_footer_bottom":"default","ocean_custom_footer_template":"0","ocean_post_oembed":"","ocean_post_self_hosted_media":"","ocean_post_video_embed":"","ocean_link_format":"","ocean_link_format_target":"self","ocean_quote_format":"","ocean_quote_format_link":"post","ocean_gallery_link_images":"off","ocean_gallery_id":[],"footnotes":""},"categories":[2],"tags":[],"post_folder":[],"class_list":["post-8385","post","type-post","status-publish","format-standard","has-post-thumbnail","hentry","category-actions-greves-manifs","entry","has-media"],"yoast_head":"<!-- This site is optimized with the Yoast SEO plugin v27.4 - https:\/\/yoast.com\/product\/yoast-seo-wordpress\/ -->\n<title>Retraites : 16 f\u00e9vrier 2023 \u00e9chauffement pour mars, les manifs dans les hauts-de-France - HAUTS-DE-FRANCE<\/title>\n<meta name=\"robots\" content=\"index, follow, max-snippet:-1, max-image-preview:large, max-video-preview:-1\" \/>\n<link rel=\"canonical\" href=\"https:\/\/regions-snetap-fsu.fr\/hdf\/2023\/02\/13\/retraites-16-fevrier-2023-echauffement-pour-mars-les-manifs-dans-les-hauts-de-france\/\" \/>\n<meta property=\"og:locale\" content=\"fr_FR\" \/>\n<meta property=\"og:type\" content=\"article\" \/>\n<meta property=\"og:title\" content=\"Retraites : 16 f\u00e9vrier 2023 \u00e9chauffement pour mars, les manifs dans les hauts-de-France - HAUTS-DE-FRANCE\" \/>\n<meta property=\"og:description\" content=\"Retraites : Jeudi 16 f\u00e9vrier 2023 \u00e9chauffement pour mars, les manifestations dans les hauts-de-France On est de plus en plus nombreux et on est de plus en plus joyeux, parce qu\u2019on sent, parce qu\u2019on sait que si on continue comme \u00e7a, on va gagner ! Depuis le 19 janvier dernier, la population ne cesse de [&hellip;]\" \/>\n<meta property=\"og:url\" content=\"https:\/\/regions-snetap-fsu.fr\/hdf\/2023\/02\/13\/retraites-16-fevrier-2023-echauffement-pour-mars-les-manifs-dans-les-hauts-de-france\/\" \/>\n<meta property=\"og:site_name\" content=\"HAUTS-DE-FRANCE\" \/>\n<meta property=\"article:published_time\" content=\"2023-02-13T14:57:31+00:00\" \/>\n<meta property=\"article:modified_time\" content=\"2023-02-15T11:54:45+00:00\" \/>\n<meta property=\"og:image\" content=\"https:\/\/regions-snetap-fsu.fr\/hdf\/wp-content\/uploads\/sites\/5\/2023\/02\/Retraires-22.jpg\" \/>\n\t<meta property=\"og:image:width\" content=\"435\" \/>\n\t<meta property=\"og:image:height\" content=\"200\" \/>\n\t<meta property=\"og:image:type\" content=\"image\/jpeg\" \/>\n<meta name=\"author\" content=\"Regis Martinage\" \/>\n<meta name=\"twitter:card\" content=\"summary_large_image\" \/>\n<meta name=\"twitter:creator\" content=\"@MartinageSnetap\" \/>\n<meta name=\"twitter:site\" content=\"@MartinageSnetap\" \/>\n<meta name=\"twitter:label1\" content=\"\u00c9crit par\" \/>\n\t<meta name=\"twitter:data1\" content=\"Regis Martinage\" \/>\n\t<meta name=\"twitter:label2\" content=\"Dur\u00e9e de lecture estim\u00e9e\" \/>\n\t<meta name=\"twitter:data2\" content=\"2 minutes\" \/>\n<script type=\"application\/ld+json\" class=\"yoast-schema-graph\">{\"@context\":\"https:\\\/\\\/schema.org\",\"@graph\":[{\"@type\":\"Article\",\"@id\":\"https:\\\/\\\/regions-snetap-fsu.fr\\\/hdf\\\/2023\\\/02\\\/13\\\/retraites-16-fevrier-2023-echauffement-pour-mars-les-manifs-dans-les-hauts-de-france\\\/#article\",\"isPartOf\":{\"@id\":\"https:\\\/\\\/regions-snetap-fsu.fr\\\/hdf\\\/2023\\\/02\\\/13\\\/retraites-16-fevrier-2023-echauffement-pour-mars-les-manifs-dans-les-hauts-de-france\\\/\"},\"author\":{\"name\":\"Regis Martinage\",\"@id\":\"https:\\\/\\\/regions-snetap-fsu.fr\\\/hdf\\\/#\\\/schema\\\/person\\\/fa09b77e508eb2889a1c2dd6f4cf3149\"},\"headline\":\"Retraites : 16 f\u00e9vrier 2023 \u00e9chauffement pour mars, les manifs dans les hauts-de-France\",\"datePublished\":\"2023-02-13T14:57:31+00:00\",\"dateModified\":\"2023-02-15T11:54:45+00:00\",\"mainEntityOfPage\":{\"@id\":\"https:\\\/\\\/regions-snetap-fsu.fr\\\/hdf\\\/2023\\\/02\\\/13\\\/retraites-16-fevrier-2023-echauffement-pour-mars-les-manifs-dans-les-hauts-de-france\\\/\"},\"wordCount\":501,\"publisher\":{\"@id\":\"https:\\\/\\\/regions-snetap-fsu.fr\\\/hdf\\\/#organization\"},\"image\":{\"@id\":\"https:\\\/\\\/regions-snetap-fsu.fr\\\/hdf\\\/2023\\\/02\\\/13\\\/retraites-16-fevrier-2023-echauffement-pour-mars-les-manifs-dans-les-hauts-de-france\\\/#primaryimage\"},\"thumbnailUrl\":\"https:\\\/\\\/regions-snetap-fsu.fr\\\/hdf\\\/wp-content\\\/uploads\\\/sites\\\/5\\\/2023\\\/02\\\/Retraires-22.jpg\",\"articleSection\":[\"Actions - Gr\u00e8ves - Manifs\"],\"inLanguage\":\"fr-FR\"},{\"@type\":\"WebPage\",\"@id\":\"https:\\\/\\\/regions-snetap-fsu.fr\\\/hdf\\\/2023\\\/02\\\/13\\\/retraites-16-fevrier-2023-echauffement-pour-mars-les-manifs-dans-les-hauts-de-france\\\/\",\"url\":\"https:\\\/\\\/regions-snetap-fsu.fr\\\/hdf\\\/2023\\\/02\\\/13\\\/retraites-16-fevrier-2023-echauffement-pour-mars-les-manifs-dans-les-hauts-de-france\\\/\",\"name\":\"Retraites : 16 f\u00e9vrier 2023 \u00e9chauffement pour mars, les manifs dans les hauts-de-France - HAUTS-DE-FRANCE\",\"isPartOf\":{\"@id\":\"https:\\\/\\\/regions-snetap-fsu.fr\\\/hdf\\\/#website\"},\"primaryImageOfPage\":{\"@id\":\"https:\\\/\\\/regions-snetap-fsu.fr\\\/hdf\\\/2023\\\/02\\\/13\\\/retraites-16-fevrier-2023-echauffement-pour-mars-les-manifs-dans-les-hauts-de-france\\\/#primaryimage\"},\"image\":{\"@id\":\"https:\\\/\\\/regions-snetap-fsu.fr\\\/hdf\\\/2023\\\/02\\\/13\\\/retraites-16-fevrier-2023-echauffement-pour-mars-les-manifs-dans-les-hauts-de-france\\\/#primaryimage\"},\"thumbnailUrl\":\"https:\\\/\\\/regions-snetap-fsu.fr\\\/hdf\\\/wp-content\\\/uploads\\\/sites\\\/5\\\/2023\\\/02\\\/Retraires-22.jpg\",\"datePublished\":\"2023-02-13T14:57:31+00:00\",\"dateModified\":\"2023-02-15T11:54:45+00:00\",\"breadcrumb\":{\"@id\":\"https:\\\/\\\/regions-snetap-fsu.fr\\\/hdf\\\/2023\\\/02\\\/13\\\/retraites-16-fevrier-2023-echauffement-pour-mars-les-manifs-dans-les-hauts-de-france\\\/#breadcrumb\"},\"inLanguage\":\"fr-FR\",\"potentialAction\":[{\"@type\":\"ReadAction\",\"target\":[\"https:\\\/\\\/regions-snetap-fsu.fr\\\/hdf\\\/2023\\\/02\\\/13\\\/retraites-16-fevrier-2023-echauffement-pour-mars-les-manifs-dans-les-hauts-de-france\\\/\"]}]},{\"@type\":\"ImageObject\",\"inLanguage\":\"fr-FR\",\"@id\":\"https:\\\/\\\/regions-snetap-fsu.fr\\\/hdf\\\/2023\\\/02\\\/13\\\/retraites-16-fevrier-2023-echauffement-pour-mars-les-manifs-dans-les-hauts-de-france\\\/#primaryimage\",\"url\":\"https:\\\/\\\/regions-snetap-fsu.fr\\\/hdf\\\/wp-content\\\/uploads\\\/sites\\\/5\\\/2023\\\/02\\\/Retraires-22.jpg\",\"contentUrl\":\"https:\\\/\\\/regions-snetap-fsu.fr\\\/hdf\\\/wp-content\\\/uploads\\\/sites\\\/5\\\/2023\\\/02\\\/Retraires-22.jpg\",\"width\":435,\"height\":200},{\"@type\":\"BreadcrumbList\",\"@id\":\"https:\\\/\\\/regions-snetap-fsu.fr\\\/hdf\\\/2023\\\/02\\\/13\\\/retraites-16-fevrier-2023-echauffement-pour-mars-les-manifs-dans-les-hauts-de-france\\\/#breadcrumb\",\"itemListElement\":[{\"@type\":\"ListItem\",\"position\":1,\"name\":\"Accueil\",\"item\":\"https:\\\/\\\/regions-snetap-fsu.fr\\\/hdf\\\/\"},{\"@type\":\"ListItem\",\"position\":2,\"name\":\"Actions - Gr\u00e8ves - Manifs\",\"item\":\"https:\\\/\\\/regions-snetap-fsu.fr\\\/hdf\\\/category\\\/actions-greves-manifs\\\/\"},{\"@type\":\"ListItem\",\"position\":3,\"name\":\"Retraites : 16 f\u00e9vrier 2023 \u00e9chauffement pour mars, les manifs dans les hauts-de-France\"}]},{\"@type\":\"WebSite\",\"@id\":\"https:\\\/\\\/regions-snetap-fsu.fr\\\/hdf\\\/#website\",\"url\":\"https:\\\/\\\/regions-snetap-fsu.fr\\\/hdf\\\/\",\"name\":\"HAUTS-DE-FRANCE\",\"description\":\"Section r\u00e9gionale\",\"publisher\":{\"@id\":\"https:\\\/\\\/regions-snetap-fsu.fr\\\/hdf\\\/#organization\"},\"potentialAction\":[{\"@type\":\"SearchAction\",\"target\":{\"@type\":\"EntryPoint\",\"urlTemplate\":\"https:\\\/\\\/regions-snetap-fsu.fr\\\/hdf\\\/?s={search_term_string}\"},\"query-input\":{\"@type\":\"PropertyValueSpecification\",\"valueRequired\":true,\"valueName\":\"search_term_string\"}}],\"inLanguage\":\"fr-FR\"},{\"@type\":\"Organization\",\"@id\":\"https:\\\/\\\/regions-snetap-fsu.fr\\\/hdf\\\/#organization\",\"name\":\"SNETAP-FSU - HAUTS-DE-FRANCE\",\"url\":\"https:\\\/\\\/regions-snetap-fsu.fr\\\/hdf\\\/\",\"logo\":{\"@type\":\"ImageObject\",\"inLanguage\":\"fr-FR\",\"@id\":\"https:\\\/\\\/regions-snetap-fsu.fr\\\/hdf\\\/#\\\/schema\\\/logo\\\/image\\\/\",\"url\":\"https:\\\/\\\/regions-snetap-fsu.fr\\\/hdf\\\/wp-content\\\/uploads\\\/sites\\\/5\\\/2020\\\/12\\\/SNETAP-Logo.jpg\",\"contentUrl\":\"https:\\\/\\\/regions-snetap-fsu.fr\\\/hdf\\\/wp-content\\\/uploads\\\/sites\\\/5\\\/2020\\\/12\\\/SNETAP-Logo.jpg\",\"width\":464,\"height\":334,\"caption\":\"SNETAP-FSU - HAUTS-DE-FRANCE\"},\"image\":{\"@id\":\"https:\\\/\\\/regions-snetap-fsu.fr\\\/hdf\\\/#\\\/schema\\\/logo\\\/image\\\/\"},\"sameAs\":[\"https:\\\/\\\/x.com\\\/MartinageSnetap\"]},{\"@type\":\"Person\",\"@id\":\"https:\\\/\\\/regions-snetap-fsu.fr\\\/hdf\\\/#\\\/schema\\\/person\\\/fa09b77e508eb2889a1c2dd6f4cf3149\",\"name\":\"Regis Martinage\",\"image\":{\"@type\":\"ImageObject\",\"inLanguage\":\"fr-FR\",\"@id\":\"https:\\\/\\\/secure.gravatar.com\\\/avatar\\\/7ae2aaabfe5b8d5c7b9361e91002ca9ec93c38c63c9a1d06ae19f03a5dc70dd7?s=96&d=mm&r=g\",\"url\":\"https:\\\/\\\/secure.gravatar.com\\\/avatar\\\/7ae2aaabfe5b8d5c7b9361e91002ca9ec93c38c63c9a1d06ae19f03a5dc70dd7?s=96&d=mm&r=g\",\"contentUrl\":\"https:\\\/\\\/secure.gravatar.com\\\/avatar\\\/7ae2aaabfe5b8d5c7b9361e91002ca9ec93c38c63c9a1d06ae19f03a5dc70dd7?s=96&d=mm&r=g\",\"caption\":\"Regis Martinage\"},\"url\":\"https:\\\/\\\/regions-snetap-fsu.fr\\\/hdf\\\/author\\\/r-martinage\\\/\"}]}<\/script>\n<!-- \/ Yoast SEO plugin. -->","yoast_head_json":{"title":"Retraites : 16 f\u00e9vrier 2023 \u00e9chauffement pour mars, les manifs dans les hauts-de-France - HAUTS-DE-FRANCE","robots":{"index":"index","follow":"follow","max-snippet":"max-snippet:-1","max-image-preview":"max-image-preview:large","max-video-preview":"max-video-preview:-1"},"canonical":"https:\/\/regions-snetap-fsu.fr\/hdf\/2023\/02\/13\/retraites-16-fevrier-2023-echauffement-pour-mars-les-manifs-dans-les-hauts-de-france\/","og_locale":"fr_FR","og_type":"article","og_title":"Retraites : 16 f\u00e9vrier 2023 \u00e9chauffement pour mars, les manifs dans les hauts-de-France - HAUTS-DE-FRANCE","og_description":"Retraites : Jeudi 16 f\u00e9vrier 2023 \u00e9chauffement pour mars, les manifestations dans les hauts-de-France On est de plus en plus nombreux et on est de plus en plus joyeux, parce qu\u2019on sent, parce qu\u2019on sait que si on continue comme \u00e7a, on va gagner ! Depuis le 19 janvier dernier, la population ne cesse de [&hellip;]","og_url":"https:\/\/regions-snetap-fsu.fr\/hdf\/2023\/02\/13\/retraites-16-fevrier-2023-echauffement-pour-mars-les-manifs-dans-les-hauts-de-france\/","og_site_name":"HAUTS-DE-FRANCE","article_published_time":"2023-02-13T14:57:31+00:00","article_modified_time":"2023-02-15T11:54:45+00:00","og_image":[{"width":435,"height":200,"url":"https:\/\/regions-snetap-fsu.fr\/hdf\/wp-content\/uploads\/sites\/5\/2023\/02\/Retraires-22.jpg","type":"image\/jpeg"}],"author":"Regis Martinage","twitter_card":"summary_large_image","twitter_creator":"@MartinageSnetap","twitter_site":"@MartinageSnetap","twitter_misc":{"\u00c9crit par":"Regis Martinage","Dur\u00e9e de lecture estim\u00e9e":"2 minutes"},"schema":{"@context":"https:\/\/schema.org","@graph":[{"@type":"Article","@id":"https:\/\/regions-snetap-fsu.fr\/hdf\/2023\/02\/13\/retraites-16-fevrier-2023-echauffement-pour-mars-les-manifs-dans-les-hauts-de-france\/#article","isPartOf":{"@id":"https:\/\/regions-snetap-fsu.fr\/hdf\/2023\/02\/13\/retraites-16-fevrier-2023-echauffement-pour-mars-les-manifs-dans-les-hauts-de-france\/"},"author":{"name":"Regis Martinage","@id":"https:\/\/regions-snetap-fsu.fr\/hdf\/#\/schema\/person\/fa09b77e508eb2889a1c2dd6f4cf3149"},"headline":"Retraites : 16 f\u00e9vrier 2023 \u00e9chauffement pour mars, les manifs dans les hauts-de-France","datePublished":"2023-02-13T14:57:31+00:00","dateModified":"2023-02-15T11:54:45+00:00","mainEntityOfPage":{"@id":"https:\/\/regions-snetap-fsu.fr\/hdf\/2023\/02\/13\/retraites-16-fevrier-2023-echauffement-pour-mars-les-manifs-dans-les-hauts-de-france\/"},"wordCount":501,"publisher":{"@id":"https:\/\/regions-snetap-fsu.fr\/hdf\/#organization"},"image":{"@id":"https:\/\/regions-snetap-fsu.fr\/hdf\/2023\/02\/13\/retraites-16-fevrier-2023-echauffement-pour-mars-les-manifs-dans-les-hauts-de-france\/#primaryimage"},"thumbnailUrl":"https:\/\/regions-snetap-fsu.fr\/hdf\/wp-content\/uploads\/sites\/5\/2023\/02\/Retraires-22.jpg","articleSection":["Actions - Gr\u00e8ves - Manifs"],"inLanguage":"fr-FR"},{"@type":"WebPage","@id":"https:\/\/regions-snetap-fsu.fr\/hdf\/2023\/02\/13\/retraites-16-fevrier-2023-echauffement-pour-mars-les-manifs-dans-les-hauts-de-france\/","url":"https:\/\/regions-snetap-fsu.fr\/hdf\/2023\/02\/13\/retraites-16-fevrier-2023-echauffement-pour-mars-les-manifs-dans-les-hauts-de-france\/","name":"Retraites : 16 f\u00e9vrier 2023 \u00e9chauffement pour mars, les manifs dans les hauts-de-France - HAUTS-DE-FRANCE","isPartOf":{"@id":"https:\/\/regions-snetap-fsu.fr\/hdf\/#website"},"primaryImageOfPage":{"@id":"https:\/\/regions-snetap-fsu.fr\/hdf\/2023\/02\/13\/retraites-16-fevrier-2023-echauffement-pour-mars-les-manifs-dans-les-hauts-de-france\/#primaryimage"},"image":{"@id":"https:\/\/regions-snetap-fsu.fr\/hdf\/2023\/02\/13\/retraites-16-fevrier-2023-echauffement-pour-mars-les-manifs-dans-les-hauts-de-france\/#primaryimage"},"thumbnailUrl":"https:\/\/regions-snetap-fsu.fr\/hdf\/wp-content\/uploads\/sites\/5\/2023\/02\/Retraires-22.jpg","datePublished":"2023-02-13T14:57:31+00:00","dateModified":"2023-02-15T11:54:45+00:00","breadcrumb":{"@id":"https:\/\/regions-snetap-fsu.fr\/hdf\/2023\/02\/13\/retraites-16-fevrier-2023-echauffement-pour-mars-les-manifs-dans-les-hauts-de-france\/#breadcrumb"},"inLanguage":"fr-FR","potentialAction":[{"@type":"ReadAction","target":["https:\/\/regions-snetap-fsu.fr\/hdf\/2023\/02\/13\/retraites-16-fevrier-2023-echauffement-pour-mars-les-manifs-dans-les-hauts-de-france\/"]}]},{"@type":"ImageObject","inLanguage":"fr-FR","@id":"https:\/\/regions-snetap-fsu.fr\/hdf\/2023\/02\/13\/retraites-16-fevrier-2023-echauffement-pour-mars-les-manifs-dans-les-hauts-de-france\/#primaryimage","url":"https:\/\/regions-snetap-fsu.fr\/hdf\/wp-content\/uploads\/sites\/5\/2023\/02\/Retraires-22.jpg","contentUrl":"https:\/\/regions-snetap-fsu.fr\/hdf\/wp-content\/uploads\/sites\/5\/2023\/02\/Retraires-22.jpg","width":435,"height":200},{"@type":"BreadcrumbList","@id":"https:\/\/regions-snetap-fsu.fr\/hdf\/2023\/02\/13\/retraites-16-fevrier-2023-echauffement-pour-mars-les-manifs-dans-les-hauts-de-france\/#breadcrumb","itemListElement":[{"@type":"ListItem","position":1,"name":"Accueil","item":"https:\/\/regions-snetap-fsu.fr\/hdf\/"},{"@type":"ListItem","position":2,"name":"Actions - Gr\u00e8ves - Manifs","item":"https:\/\/regions-snetap-fsu.fr\/hdf\/category\/actions-greves-manifs\/"},{"@type":"ListItem","position":3,"name":"Retraites : 16 f\u00e9vrier 2023 \u00e9chauffement pour mars, les manifs dans les hauts-de-France"}]},{"@type":"WebSite","@id":"https:\/\/regions-snetap-fsu.fr\/hdf\/#website","url":"https:\/\/regions-snetap-fsu.fr\/hdf\/","name":"HAUTS-DE-FRANCE","description":"Section r\u00e9gionale","publisher":{"@id":"https:\/\/regions-snetap-fsu.fr\/hdf\/#organization"},"potentialAction":[{"@type":"SearchAction","target":{"@type":"EntryPoint","urlTemplate":"https:\/\/regions-snetap-fsu.fr\/hdf\/?s={search_term_string}"},"query-input":{"@type":"PropertyValueSpecification","valueRequired":true,"valueName":"search_term_string"}}],"inLanguage":"fr-FR"},{"@type":"Organization","@id":"https:\/\/regions-snetap-fsu.fr\/hdf\/#organization","name":"SNETAP-FSU - HAUTS-DE-FRANCE","url":"https:\/\/regions-snetap-fsu.fr\/hdf\/","logo":{"@type":"ImageObject","inLanguage":"fr-FR","@id":"https:\/\/regions-snetap-fsu.fr\/hdf\/#\/schema\/logo\/image\/","url":"https:\/\/regions-snetap-fsu.fr\/hdf\/wp-content\/uploads\/sites\/5\/2020\/12\/SNETAP-Logo.jpg","contentUrl":"https:\/\/regions-snetap-fsu.fr\/hdf\/wp-content\/uploads\/sites\/5\/2020\/12\/SNETAP-Logo.jpg","width":464,"height":334,"caption":"SNETAP-FSU - HAUTS-DE-FRANCE"},"image":{"@id":"https:\/\/regions-snetap-fsu.fr\/hdf\/#\/schema\/logo\/image\/"},"sameAs":["https:\/\/x.com\/MartinageSnetap"]},{"@type":"Person","@id":"https:\/\/regions-snetap-fsu.fr\/hdf\/#\/schema\/person\/fa09b77e508eb2889a1c2dd6f4cf3149","name":"Regis Martinage","image":{"@type":"ImageObject","inLanguage":"fr-FR","@id":"https:\/\/secure.gravatar.com\/avatar\/7ae2aaabfe5b8d5c7b9361e91002ca9ec93c38c63c9a1d06ae19f03a5dc70dd7?s=96&d=mm&r=g","url":"https:\/\/secure.gravatar.com\/avatar\/7ae2aaabfe5b8d5c7b9361e91002ca9ec93c38c63c9a1d06ae19f03a5dc70dd7?s=96&d=mm&r=g","contentUrl":"https:\/\/secure.gravatar.com\/avatar\/7ae2aaabfe5b8d5c7b9361e91002ca9ec93c38c63c9a1d06ae19f03a5dc70dd7?s=96&d=mm&r=g","caption":"Regis Martinage"},"url":"https:\/\/regions-snetap-fsu.fr\/hdf\/author\/r-martinage\/"}]}},"_links":{"self":[{"href":"https:\/\/regions-snetap-fsu.fr\/hdf\/wp-json\/wp\/v2\/posts\/8385","targetHints":{"allow":["GET"]}}],"collection":[{"href":"https:\/\/regions-snetap-fsu.fr\/hdf\/wp-json\/wp\/v2\/posts"}],"about":[{"href":"https:\/\/regions-snetap-fsu.fr\/hdf\/wp-json\/wp\/v2\/types\/post"}],"author":[{"embeddable":true,"href":"https:\/\/regions-snetap-fsu.fr\/hdf\/wp-json\/wp\/v2\/users\/88"}],"replies":[{"embeddable":true,"href":"https:\/\/regions-snetap-fsu.fr\/hdf\/wp-json\/wp\/v2\/comments?post=8385"}],"version-history":[{"count":9,"href":"https:\/\/regions-snetap-fsu.fr\/hdf\/wp-json\/wp\/v2\/posts\/8385\/revisions"}],"predecessor-version":[{"id":8397,"href":"https:\/\/regions-snetap-fsu.fr\/hdf\/wp-json\/wp\/v2\/posts\/8385\/revisions\/8397"}],"wp:featuredmedia":[{"embeddable":true,"href":"https:\/\/regions-snetap-fsu.fr\/hdf\/wp-json\/wp\/v2\/media\/8390"}],"wp:attachment":[{"href":"https:\/\/regions-snetap-fsu.fr\/hdf\/wp-json\/wp\/v2\/media?parent=8385"}],"wp:term":[{"taxonomy":"category","embeddable":true,"href":"https:\/\/regions-snetap-fsu.fr\/hdf\/wp-json\/wp\/v2\/categories?post=8385"},{"taxonomy":"post_tag","embeddable":true,"href":"https:\/\/regions-snetap-fsu.fr\/hdf\/wp-json\/wp\/v2\/tags?post=8385"},{"taxonomy":"post_folder","embeddable":true,"href":"https:\/\/regions-snetap-fsu.fr\/hdf\/wp-json\/wp\/v2\/post_folder?post=8385"}],"curies":[{"name":"wp","href":"https:\/\/api.w.org\/{rel}","templated":true}]}}