{"id":8361,"date":"2023-02-04T19:01:44","date_gmt":"2023-02-04T18:01:44","guid":{"rendered":"https:\/\/regions-snetap-fsu.fr\/hdf\/?p=8361"},"modified":"2023-02-13T14:50:50","modified_gmt":"2023-02-13T13:50:50","slug":"retraites-7-et-11-fevrier-2023-les-actions-dans-les-hauts-de-france","status":"publish","type":"post","link":"https:\/\/regions-snetap-fsu.fr\/hdf\/2023\/02\/04\/retraites-7-et-11-fevrier-2023-les-actions-dans-les-hauts-de-france\/","title":{"rendered":"Retraites : 7 et 11 f\u00e9vrier 2023, les actions dans les Hauts-de-France"},"content":{"rendered":"<h2 style=\"text-align: center\"><span style=\"font-family: tahoma, arial, helvetica, sans-serif;color: #ff0000\">Retraites : Mardi 7 et samedi 11 f\u00e9vrier 2023, les actions dans les Hauts-de-France<\/span><\/h2>\n<p style=\"text-align: justify\"><span style=\"font-family: tahoma, arial, helvetica, sans-serif;color: #129447\">Les mobilisations du 31 janvier ont confirm\u00e9 la tr\u00e8s forte d\u00e9termination des Fran\u00e7ais\u00b7e\u00b7s \u00e0 refuser le projet de r\u00e9forme des retraites pr\u00e9sent\u00e9 par le gouvernement.<\/span><\/p>\n<p style=\"text-align: justify\"><span style=\"font-family: tahoma, arial, helvetica, sans-serif;color: #129447\">Plus de 2,5 millions travailleurs et travailleuses, du public comme du priv\u00e9, jeunes et retrait\u00e9\u00b7e\u00b7s, se sont mobilis\u00e9s, par la gr\u00e8ve et\/ou ont manifest\u00e9 sur l\u2019ensemble du territoire.<\/span><\/p>\n<p style=\"text-align: justify\"><span style=\"font-family: tahoma, arial, helvetica, sans-serif;color: #129447\">Personne ne s\u2019est laiss\u00e9 tromp\u00e9 par la propagande du gouvernement et ceci s&rsquo;est traduit par une mobilisation amplifi\u00e9e voire in\u00e9dite dans les petites villes.<\/span><\/p>\n<p style=\"text-align: justify\"><span style=\"font-family: tahoma, arial, helvetica, sans-serif;color: #129447\">Rien ne justifie une r\u00e9forme aussi injuste et brutale. Le gouvernement se crispe, se divise, est f\u00e9brile mais refuse d&rsquo;entendre ce qu&rsquo;exprime la rue : il se doit d&rsquo;en tirer les cons\u00e9quences en retirant son projet inique.<\/span><\/p>\n<p style=\"text-align: justify\"><span style=\"font-family: tahoma, arial, helvetica, sans-serif;color: #129447\">L\u2019intersyndicale appelle toute la population \u00e0 se mobiliser par la gr\u00e8ve et la manifestation encore plus massivement le mardi 7 f\u00e9vrier puis le samedi 11 f\u00e9vrier pour dire non et gagner le retrait de ce projet de r\u00e9forme des retraites injuste et brutal.<br \/>\n<\/span><\/p>\n<p style=\"text-align: justify\"><span style=\"font-family: tahoma, arial, helvetica, sans-serif;color: #129447\">Nous avons gagn\u00e9 la bataille de l&rsquo;opinion, la victoire est \u00e0 notre port\u00e9e : nous allons obliger le gouvernement \u00e0 retirer sa r\u00e9forme !<\/span><\/p>\n<p style=\"text-align: justify\"><span style=\"font-family: tahoma, arial, helvetica, sans-serif\"><a href=\"https:\/\/www.snetap-fsu.fr\/Face-au-rejet-massif-le-gouvernement-doit-retirer-sa-reforme.html\" target=\"_blank\" rel=\"noopener\">Lien : SNETAP-FSU &#8211; 7 et 11 f\u00e9vrier, on continue ! Face au rejet massif, le gouvernement doit retirer sa r\u00e9forme.<\/a><\/span><\/p>\n<h3 style=\"text-align: center\"><span style=\"font-family: tahoma, arial, helvetica, sans-serif;color: #ff0000\">Les mobilisations dans les Hauts-de-France<\/span><\/h3>\n<p><strong><span style=\"font-family: tahoma, arial, helvetica, sans-serif;color: #ff0000\">Mardi 7 f\u00e9vrier :<\/span><\/strong><\/p>\n<ul>\n<li style=\"text-align: justify\"><span style=\"font-family: tahoma, arial, helvetica, sans-serif;color: #129447\"><strong>Lille, 14h30, Porte de Paris<\/strong>.<\/span><\/li>\n<li><span style=\"color: #129447\"><strong><span style=\"font-family: tahoma, arial, helvetica, sans-serif\">Amiens, 14h, Devant la maison de la culture.<\/span><\/strong><\/span><\/li>\n<li><span style=\"font-family: tahoma, arial, helvetica, sans-serif;color: #129447\"><strong> Abbeville<\/strong>, 10h, Boulevard Vauban.<\/span><\/li>\n<li style=\"text-align: justify\"><span style=\"font-family: tahoma, arial, helvetica, sans-serif;color: #129447\"><strong>Armenti\u00e8res\u00a0<\/strong>, 19h30, Retraite aux flambeaux, Place Jules Guesdes.<\/span><\/li>\n<li style=\"text-align: justify\"><span style=\"font-family: tahoma, arial, helvetica, sans-serif;color: #129447\"><strong>Arras<\/strong>, 9h30, Gare.<\/span><\/li>\n<li style=\"text-align: justify\"><span style=\"font-family: tahoma, arial, helvetica, sans-serif;color: #129447\"><strong>Avesnes\/Helpe<\/strong> , 9h15, Rassemblement Sous-pr\u00e9fecture.<\/span><\/li>\n<li><span style=\"font-family: tahoma, arial, helvetica, sans-serif;color: #129447\"><strong>Beauvais<\/strong>, 14h, place Jeanne Hachette.<\/span><\/li>\n<li style=\"text-align: justify\"><span style=\"font-family: tahoma, arial, helvetica, sans-serif;color: #129447\"><strong>Boulogne<\/strong>, 9h30, Chambre de commerce + 18h, retraite aux flambeaux (avec le mot retraite fait en bas des remparts avec les flambeaux).<\/span><\/li>\n<li style=\"text-align: justify\"><span style=\"font-family: tahoma, arial, helvetica, sans-serif;color: #129447\"><strong>Calais<\/strong>, 9h30, Place d\u2019Armes.<\/span><\/li>\n<li style=\"text-align: justify\"><span style=\"font-family: tahoma, arial, helvetica, sans-serif;color: #129447\"><strong>Cambrai<\/strong> : appel \u00e0 la manif r\u00e9gionale de Lille, Bus : 12h30 H\u00f4tel de ville Cambrai &#8211; 13h15 Place du Barlet<\/span><\/li>\n<li style=\"text-align: justify\"><span style=\"font-family: tahoma, arial, helvetica, sans-serif;color: #129447\"><strong>Cambrais<\/strong>, 18h30, retraite aux flambeaux Place de la Gare.<\/span><span style=\"font-family: tahoma, arial, helvetica, sans-serif;color: #129447\"><br \/>\n<\/span><\/li>\n<li style=\"text-align: justify\"><span style=\"font-family: tahoma, arial, helvetica, sans-serif;color: #129447\"><strong> Compi\u00e8gne<\/strong>, 10h00, C Guynemer.<\/span><\/li>\n<li style=\"text-align: justify\"><span style=\"font-family: tahoma, arial, helvetica, sans-serif;color: #129447\"><strong>Dunkerque<\/strong>, AG Ulco, 10h30, Amphi 3.<\/span><\/li>\n<li style=\"text-align: justify\"><span style=\"font-family: tahoma, arial, helvetica, sans-serif;color: #129447\"><strong>Dunkerque<\/strong>, 14h30, Gare.<\/span><\/li>\n<li style=\"text-align: justify\"><span style=\"font-family: tahoma, arial, helvetica, sans-serif;color: #129447\"><strong> Hirson<\/strong>, 17h, rue H. Dunant devant la maison des travailleurs. <\/span><\/li>\n<li style=\"text-align: justify\"><span style=\"font-family: tahoma, arial, helvetica, sans-serif;color: #129447\"><strong> Laon<\/strong>, 14h, rond point de la gendarmerie, avenue du g\u00e9n\u00e9ral de Gaule.<\/span><\/li>\n<li style=\"text-align: justify\"><span style=\"font-family: tahoma, arial, helvetica, sans-serif;color: #129447\"><strong> Montataire<\/strong>, 10h, d\u00e9part du parking Ambroise Croizat.<\/span><\/li>\n<li style=\"text-align: justify\"><span style=\"font-family: tahoma, arial, helvetica, sans-serif;color: #129447\"><strong> Ch\u00e2teau Thierry<\/strong>, 16h, place Paul Doumer.<\/span><\/li>\n<li style=\"text-align: justify\"><span style=\"font-family: tahoma, arial, helvetica, sans-serif;color: #129447\"><strong> Saint-Quentin<\/strong>, 15h, place du 8 octobre.<\/span><\/li>\n<li style=\"text-align: justify\"><span style=\"color: #129447;font-family: tahoma, arial, helvetica, sans-serif\"><strong> Soissons<\/strong>, 10h00,<\/span><\/li>\n<\/ul>\n<p><strong><span style=\"font-family: tahoma, arial, helvetica, sans-serif;color: #ff0000\">Samedi 11 f\u00e9vrier :<\/span><\/strong><\/p>\n<ul>\n<li style=\"text-align: justify\"><span style=\"color: #129447\"><strong><span style=\"font-family: tahoma, arial, helvetica, sans-serif\">Lille, 14h, Porte de Paris.<\/span><\/strong><\/span><\/li>\n<li style=\"text-align: justify\"><span style=\"font-family: tahoma, arial, helvetica, sans-serif;color: #129447\"><strong>Amiens, 10h30, Devant la maison de la culture suivi d\u2019un barbecue revendicatif et festif \u00e0 13h, maison de la culture.<br \/>\n<\/strong><\/span><\/li>\n<li><span style=\"font-family: tahoma, arial, helvetica, sans-serif;color: #129447\"><strong> Abbeville<\/strong>, 10h, Boulevard Vauban.<\/span><\/li>\n<li style=\"text-align: justify\"><span style=\"font-family: tahoma, arial, helvetica, sans-serif;color: #129447\"><strong>Arras<\/strong>, bus intersyndical pour la manif de Lille, rendez-vous 12h30, Place du Crinchon, inscription : 06 63 10 79 13 par SMS uniquement.<\/span><\/li>\n<li><span style=\"font-family: tahoma, arial, helvetica, sans-serif;color: #129447\"><strong> Beauvais<\/strong>, 10h, Cath\u00e9drale.<\/span><\/li>\n<li style=\"text-align: justify\"><span style=\"font-family: tahoma, arial, helvetica, sans-serif;color: #129447\"><strong>B\u00e9thune<\/strong>, 9h, Place de la gare.<\/span><\/li>\n<li style=\"text-align: justify\"><span style=\"font-family: tahoma, arial, helvetica, sans-serif;color: #129447\"><strong>Boulogne<\/strong>, 9h30, manif de la mairie \u00e0 la gare avec pique-nique offert \u00e0 l\u2019arriv\u00e9e.<\/span><\/li>\n<li style=\"text-align: justify\"><span style=\"font-family: tahoma, arial, helvetica, sans-serif;color: #129447\"><strong>Calais<\/strong>, 14h, Mairie de Calais.<\/span><\/li>\n<li><span style=\"font-family: tahoma, arial, helvetica, sans-serif;color: #129447\"><strong>Cambrai,<\/strong> 10h30, Grand place.<br \/>\n<\/span><\/li>\n<li style=\"text-align: justify\"><span style=\"font-family: tahoma, arial, helvetica, sans-serif;color: #129447\"><strong> Ch\u00e2teau-Thierry<\/strong>, 9h30, Place P. Doumer. <\/span><\/li>\n<li style=\"text-align: justify\"><span style=\"font-family: tahoma, arial, helvetica, sans-serif;color: #129447\"><strong> Compi\u00e8gne<\/strong>, 10h00, Rond point de Carrefour.<\/span><\/li>\n<li><span style=\"font-family: tahoma, arial, helvetica, sans-serif;color: #129449\"><strong>Douai<\/strong>, 10h, Place d\u2018Armes.<\/span><\/li>\n<li><span style=\"font-family: tahoma, arial, helvetica, sans-serif;color: #129449\"><strong>Dunkerque,<\/strong> 10h, Gare.<\/span><\/li>\n<li style=\"text-align: justify\"><span style=\"font-family: tahoma, arial, helvetica, sans-serif;color: #129447\"><strong>\u00c9taples<\/strong>, 15h, Gare.<\/span><\/li>\n<li><span style=\"font-family: tahoma, arial, helvetica, sans-serif;color: #129447\"><strong> Laon<\/strong>, le <span style=\"color: #ff0000\">vendredi 10 \u00e0 18h<\/span>, retraite aux flambeaux, Place Foch, en face du Lyc\u00e9e Paul Claudel.<\/span><\/li>\n<li style=\"text-align: justify\"><span style=\"font-family: tahoma, arial, helvetica, sans-serif;color: #129447\"><strong>Maubeuge<\/strong>, 17h30, Retraite aux flambeaux.<\/span><\/li>\n<li style=\"text-align: justify\"><span style=\"font-family: tahoma, arial, helvetica, sans-serif;color: #129447\"><strong> Saint Quentin<\/strong>, 15h00, rue Alexandre Dumas (rond point de Mac Do)<\/span><\/li>\n<li style=\"text-align: justify\"><span style=\"font-family: tahoma, arial, helvetica, sans-serif;color: #129447\"><strong>Saint Omer<\/strong>, 10h, Parvis de la Gare.<\/span><\/li>\n<li style=\"text-align: justify\"><span style=\"font-family: tahoma, arial, helvetica, sans-serif;color: #129447\"><strong> Soissons<\/strong>, 14h, place de l\u2019H\u00f4tel de ville.<\/span><\/li>\n<li><span style=\"font-family: tahoma, arial, helvetica, sans-serif;color: #129449\"><strong>Valenciennes<\/strong>, 10h, Place d\u2019Armes.<\/span><\/li>\n<\/ul>\n<h3 style=\"text-align: center\"><span style=\"font-family: tahoma, arial, helvetica, sans-serif;color: #ff0000\"><span id=\"page2053R_mcid5\" class=\"markedContent\"><span dir=\"ltr\" role=\"presentation\">Contre-r\u00e9forme des retraites :<\/span><\/span><span id=\"page2053R_mcid8\" class=\"markedContent\"><\/span><span id=\"page2053R_mcid10\" class=\"markedContent\"> <span dir=\"ltr\" role=\"presentation\">Inutile et injuste ! <\/span><\/span><span id=\"page2053R_mcid15\" class=\"markedContent\"><span dir=\"ltr\" role=\"presentation\">Quelles alternatives ?<\/span><\/span><\/span><\/h3>\n\n\t\t<div class=\"wppdfemb-frame-container-1\" style=\"-webkit-overflow-scrolling:auto;\">\n\t\t\t<iframe class=\"pdfembed-iframe nonfullscreen wppdf-emb-iframe-1\"\n\t\t\t\tsrc=\"https:\/\/regions-snetap-fsu.fr\/hdf\/?pdfemb-data=eyJ1cmwiOiJodHRwczpcL1wvcmVnaW9ucy1zbmV0YXAtZnN1LmZyXC9oZGZcL3dwLWNvbnRlbnRcL3VwbG9hZHNcL3NpdGVzXC81XC8yMDIzXC8wMlwvZGlhcG9yYW1hX2ZldnJpZXJfMjMtdjMucGRmIiwiaW5kZXgiOjEsInBkZklEIjo4MzY1fQ\"\n\t\t\t\t\t\t\t\tdata-pdf-id=\"8365\"\n\t\t\t\tdata-pdf-index=\"1\"\n\t\t\t\tstyle=\"border:none;width:100%;max-width:100%;height:100vh;\"\n\t\t\t\tscrolling=\"yes\">\n\t\t\t<\/iframe>\n\t\t<\/div>\n\n\t\t\n<p><strong>\u00a0<\/strong><i>Cet article est susceptible d\u2019\u00e9voluer jusqu\u2019\u00e0 la date du 11 f\u00e9vrier 2023.<\/i><\/p>\n","protected":false},"excerpt":{"rendered":"<p>Retraites : Mardi 7 et samedi 11 f\u00e9vrier 2023, les actions dans les Hauts-de-France Les mobilisations du 31 janvier ont confirm\u00e9 la tr\u00e8s forte d\u00e9termination des Fran\u00e7ais\u00b7e\u00b7s \u00e0 refuser le projet de r\u00e9forme des retraites pr\u00e9sent\u00e9 par le gouvernement. Plus de 2,5 millions travailleurs et travailleuses, du public comme du priv\u00e9, jeunes et retrait\u00e9\u00b7e\u00b7s, se [&hellip;]<\/p>\n","protected":false},"author":88,"featured_media":6186,"comment_status":"closed","ping_status":"closed","sticky":false,"template":"","format":"standard","meta":{"ocean_post_layout":"","ocean_both_sidebars_style":"","ocean_both_sidebars_content_width":0,"ocean_both_sidebars_sidebars_width":0,"ocean_sidebar":"0","ocean_second_sidebar":"0","ocean_disable_margins":"enable","ocean_add_body_class":"","ocean_shortcode_before_top_bar":"","ocean_shortcode_after_top_bar":"","ocean_shortcode_before_header":"","ocean_shortcode_after_header":"","ocean_has_shortcode":"","ocean_shortcode_after_title":"","ocean_shortcode_before_footer_widgets":"","ocean_shortcode_after_footer_widgets":"","ocean_shortcode_before_footer_bottom":"","ocean_shortcode_after_footer_bottom":"","ocean_display_top_bar":"default","ocean_display_header":"default","ocean_header_style":"","ocean_center_header_left_menu":"0","ocean_custom_header_template":"0","ocean_custom_logo":0,"ocean_custom_retina_logo":0,"ocean_custom_logo_max_width":0,"ocean_custom_logo_tablet_max_width":0,"ocean_custom_logo_mobile_max_width":0,"ocean_custom_logo_max_height":0,"ocean_custom_logo_tablet_max_height":0,"ocean_custom_logo_mobile_max_height":0,"ocean_header_custom_menu":"0","ocean_menu_typo_font_family":"0","ocean_menu_typo_font_subset":"","ocean_menu_typo_font_size":0,"ocean_menu_typo_font_size_tablet":0,"ocean_menu_typo_font_size_mobile":0,"ocean_menu_typo_font_size_unit":"px","ocean_menu_typo_font_weight":"","ocean_menu_typo_font_weight_tablet":"","ocean_menu_typo_font_weight_mobile":"","ocean_menu_typo_transform":"","ocean_menu_typo_transform_tablet":"","ocean_menu_typo_transform_mobile":"","ocean_menu_typo_line_height":0,"ocean_menu_typo_line_height_tablet":0,"ocean_menu_typo_line_height_mobile":0,"ocean_menu_typo_line_height_unit":"","ocean_menu_typo_spacing":0,"ocean_menu_typo_spacing_tablet":0,"ocean_menu_typo_spacing_mobile":0,"ocean_menu_typo_spacing_unit":"","ocean_menu_link_color":"","ocean_menu_link_color_hover":"","ocean_menu_link_color_active":"","ocean_menu_link_background":"","ocean_menu_link_hover_background":"","ocean_menu_link_active_background":"","ocean_menu_social_links_bg":"","ocean_menu_social_hover_links_bg":"","ocean_menu_social_links_color":"","ocean_menu_social_hover_links_color":"","ocean_disable_title":"default","ocean_disable_heading":"default","ocean_post_title":"","ocean_post_subheading":"","ocean_post_title_style":"","ocean_post_title_background_color":"","ocean_post_title_background":0,"ocean_post_title_bg_image_position":"","ocean_post_title_bg_image_attachment":"","ocean_post_title_bg_image_repeat":"","ocean_post_title_bg_image_size":"","ocean_post_title_height":0,"ocean_post_title_bg_overlay":0.5,"ocean_post_title_bg_overlay_color":"","ocean_disable_breadcrumbs":"default","ocean_breadcrumbs_color":"","ocean_breadcrumbs_separator_color":"","ocean_breadcrumbs_links_color":"","ocean_breadcrumbs_links_hover_color":"","ocean_display_footer_widgets":"default","ocean_display_footer_bottom":"default","ocean_custom_footer_template":"0","ocean_post_oembed":"","ocean_post_self_hosted_media":"","ocean_post_video_embed":"","ocean_link_format":"","ocean_link_format_target":"self","ocean_quote_format":"","ocean_quote_format_link":"post","ocean_gallery_link_images":"off","ocean_gallery_id":[],"footnotes":""},"categories":[2],"tags":[],"post_folder":[],"class_list":["post-8361","post","type-post","status-publish","format-standard","has-post-thumbnail","hentry","category-actions-greves-manifs","entry","has-media"],"yoast_head":"<!-- This site is optimized with the Yoast SEO plugin v27.4 - https:\/\/yoast.com\/product\/yoast-seo-wordpress\/ -->\n<title>Retraites : 7 et 11 f\u00e9vrier 2023, les actions dans les Hauts-de-France - HAUTS-DE-FRANCE<\/title>\n<meta name=\"robots\" content=\"index, follow, max-snippet:-1, max-image-preview:large, max-video-preview:-1\" \/>\n<link rel=\"canonical\" href=\"https:\/\/regions-snetap-fsu.fr\/hdf\/2023\/02\/04\/retraites-7-et-11-fevrier-2023-les-actions-dans-les-hauts-de-france\/\" \/>\n<meta property=\"og:locale\" content=\"fr_FR\" \/>\n<meta property=\"og:type\" content=\"article\" \/>\n<meta property=\"og:title\" content=\"Retraites : 7 et 11 f\u00e9vrier 2023, les actions dans les Hauts-de-France - HAUTS-DE-FRANCE\" \/>\n<meta property=\"og:description\" content=\"Retraites : Mardi 7 et samedi 11 f\u00e9vrier 2023, les actions dans les Hauts-de-France Les mobilisations du 31 janvier ont confirm\u00e9 la tr\u00e8s forte d\u00e9termination des Fran\u00e7ais\u00b7e\u00b7s \u00e0 refuser le projet de r\u00e9forme des retraites pr\u00e9sent\u00e9 par le gouvernement. Plus de 2,5 millions travailleurs et travailleuses, du public comme du priv\u00e9, jeunes et retrait\u00e9\u00b7e\u00b7s, se [&hellip;]\" \/>\n<meta property=\"og:url\" content=\"https:\/\/regions-snetap-fsu.fr\/hdf\/2023\/02\/04\/retraites-7-et-11-fevrier-2023-les-actions-dans-les-hauts-de-france\/\" \/>\n<meta property=\"og:site_name\" content=\"HAUTS-DE-FRANCE\" \/>\n<meta property=\"article:published_time\" content=\"2023-02-04T18:01:44+00:00\" \/>\n<meta property=\"article:modified_time\" content=\"2023-02-13T13:50:50+00:00\" \/>\n<meta property=\"og:image\" content=\"https:\/\/regions-snetap-fsu.fr\/hdf\/wp-content\/uploads\/sites\/5\/2021\/01\/Greve.jpg\" \/>\n\t<meta property=\"og:image:width\" content=\"435\" \/>\n\t<meta property=\"og:image:height\" content=\"200\" \/>\n\t<meta property=\"og:image:type\" content=\"image\/jpeg\" \/>\n<meta name=\"author\" content=\"Regis Martinage\" \/>\n<meta name=\"twitter:card\" content=\"summary_large_image\" \/>\n<meta name=\"twitter:creator\" content=\"@MartinageSnetap\" \/>\n<meta name=\"twitter:site\" content=\"@MartinageSnetap\" \/>\n<meta name=\"twitter:label1\" content=\"\u00c9crit par\" \/>\n\t<meta name=\"twitter:data1\" content=\"Regis Martinage\" \/>\n\t<meta name=\"twitter:label2\" content=\"Dur\u00e9e de lecture estim\u00e9e\" \/>\n\t<meta name=\"twitter:data2\" content=\"3 minutes\" \/>\n<script type=\"application\/ld+json\" class=\"yoast-schema-graph\">{\"@context\":\"https:\\\/\\\/schema.org\",\"@graph\":[{\"@type\":\"Article\",\"@id\":\"https:\\\/\\\/regions-snetap-fsu.fr\\\/hdf\\\/2023\\\/02\\\/04\\\/retraites-7-et-11-fevrier-2023-les-actions-dans-les-hauts-de-france\\\/#article\",\"isPartOf\":{\"@id\":\"https:\\\/\\\/regions-snetap-fsu.fr\\\/hdf\\\/2023\\\/02\\\/04\\\/retraites-7-et-11-fevrier-2023-les-actions-dans-les-hauts-de-france\\\/\"},\"author\":{\"name\":\"Regis Martinage\",\"@id\":\"https:\\\/\\\/regions-snetap-fsu.fr\\\/hdf\\\/#\\\/schema\\\/person\\\/fa09b77e508eb2889a1c2dd6f4cf3149\"},\"headline\":\"Retraites : 7 et 11 f\u00e9vrier 2023, les actions dans les Hauts-de-France\",\"datePublished\":\"2023-02-04T18:01:44+00:00\",\"dateModified\":\"2023-02-13T13:50:50+00:00\",\"mainEntityOfPage\":{\"@id\":\"https:\\\/\\\/regions-snetap-fsu.fr\\\/hdf\\\/2023\\\/02\\\/04\\\/retraites-7-et-11-fevrier-2023-les-actions-dans-les-hauts-de-france\\\/\"},\"wordCount\":596,\"publisher\":{\"@id\":\"https:\\\/\\\/regions-snetap-fsu.fr\\\/hdf\\\/#organization\"},\"image\":{\"@id\":\"https:\\\/\\\/regions-snetap-fsu.fr\\\/hdf\\\/2023\\\/02\\\/04\\\/retraites-7-et-11-fevrier-2023-les-actions-dans-les-hauts-de-france\\\/#primaryimage\"},\"thumbnailUrl\":\"https:\\\/\\\/regions-snetap-fsu.fr\\\/hdf\\\/wp-content\\\/uploads\\\/sites\\\/5\\\/2021\\\/01\\\/Greve.jpg\",\"articleSection\":[\"Actions - Gr\u00e8ves - Manifs\"],\"inLanguage\":\"fr-FR\"},{\"@type\":\"WebPage\",\"@id\":\"https:\\\/\\\/regions-snetap-fsu.fr\\\/hdf\\\/2023\\\/02\\\/04\\\/retraites-7-et-11-fevrier-2023-les-actions-dans-les-hauts-de-france\\\/\",\"url\":\"https:\\\/\\\/regions-snetap-fsu.fr\\\/hdf\\\/2023\\\/02\\\/04\\\/retraites-7-et-11-fevrier-2023-les-actions-dans-les-hauts-de-france\\\/\",\"name\":\"Retraites : 7 et 11 f\u00e9vrier 2023, les actions dans les Hauts-de-France - HAUTS-DE-FRANCE\",\"isPartOf\":{\"@id\":\"https:\\\/\\\/regions-snetap-fsu.fr\\\/hdf\\\/#website\"},\"primaryImageOfPage\":{\"@id\":\"https:\\\/\\\/regions-snetap-fsu.fr\\\/hdf\\\/2023\\\/02\\\/04\\\/retraites-7-et-11-fevrier-2023-les-actions-dans-les-hauts-de-france\\\/#primaryimage\"},\"image\":{\"@id\":\"https:\\\/\\\/regions-snetap-fsu.fr\\\/hdf\\\/2023\\\/02\\\/04\\\/retraites-7-et-11-fevrier-2023-les-actions-dans-les-hauts-de-france\\\/#primaryimage\"},\"thumbnailUrl\":\"https:\\\/\\\/regions-snetap-fsu.fr\\\/hdf\\\/wp-content\\\/uploads\\\/sites\\\/5\\\/2021\\\/01\\\/Greve.jpg\",\"datePublished\":\"2023-02-04T18:01:44+00:00\",\"dateModified\":\"2023-02-13T13:50:50+00:00\",\"breadcrumb\":{\"@id\":\"https:\\\/\\\/regions-snetap-fsu.fr\\\/hdf\\\/2023\\\/02\\\/04\\\/retraites-7-et-11-fevrier-2023-les-actions-dans-les-hauts-de-france\\\/#breadcrumb\"},\"inLanguage\":\"fr-FR\",\"potentialAction\":[{\"@type\":\"ReadAction\",\"target\":[\"https:\\\/\\\/regions-snetap-fsu.fr\\\/hdf\\\/2023\\\/02\\\/04\\\/retraites-7-et-11-fevrier-2023-les-actions-dans-les-hauts-de-france\\\/\"]}]},{\"@type\":\"ImageObject\",\"inLanguage\":\"fr-FR\",\"@id\":\"https:\\\/\\\/regions-snetap-fsu.fr\\\/hdf\\\/2023\\\/02\\\/04\\\/retraites-7-et-11-fevrier-2023-les-actions-dans-les-hauts-de-france\\\/#primaryimage\",\"url\":\"https:\\\/\\\/regions-snetap-fsu.fr\\\/hdf\\\/wp-content\\\/uploads\\\/sites\\\/5\\\/2021\\\/01\\\/Greve.jpg\",\"contentUrl\":\"https:\\\/\\\/regions-snetap-fsu.fr\\\/hdf\\\/wp-content\\\/uploads\\\/sites\\\/5\\\/2021\\\/01\\\/Greve.jpg\",\"width\":435,\"height\":200},{\"@type\":\"BreadcrumbList\",\"@id\":\"https:\\\/\\\/regions-snetap-fsu.fr\\\/hdf\\\/2023\\\/02\\\/04\\\/retraites-7-et-11-fevrier-2023-les-actions-dans-les-hauts-de-france\\\/#breadcrumb\",\"itemListElement\":[{\"@type\":\"ListItem\",\"position\":1,\"name\":\"Accueil\",\"item\":\"https:\\\/\\\/regions-snetap-fsu.fr\\\/hdf\\\/\"},{\"@type\":\"ListItem\",\"position\":2,\"name\":\"Actions - Gr\u00e8ves - Manifs\",\"item\":\"https:\\\/\\\/regions-snetap-fsu.fr\\\/hdf\\\/category\\\/actions-greves-manifs\\\/\"},{\"@type\":\"ListItem\",\"position\":3,\"name\":\"Retraites : 7 et 11 f\u00e9vrier 2023, les actions dans les Hauts-de-France\"}]},{\"@type\":\"WebSite\",\"@id\":\"https:\\\/\\\/regions-snetap-fsu.fr\\\/hdf\\\/#website\",\"url\":\"https:\\\/\\\/regions-snetap-fsu.fr\\\/hdf\\\/\",\"name\":\"HAUTS-DE-FRANCE\",\"description\":\"Section r\u00e9gionale\",\"publisher\":{\"@id\":\"https:\\\/\\\/regions-snetap-fsu.fr\\\/hdf\\\/#organization\"},\"potentialAction\":[{\"@type\":\"SearchAction\",\"target\":{\"@type\":\"EntryPoint\",\"urlTemplate\":\"https:\\\/\\\/regions-snetap-fsu.fr\\\/hdf\\\/?s={search_term_string}\"},\"query-input\":{\"@type\":\"PropertyValueSpecification\",\"valueRequired\":true,\"valueName\":\"search_term_string\"}}],\"inLanguage\":\"fr-FR\"},{\"@type\":\"Organization\",\"@id\":\"https:\\\/\\\/regions-snetap-fsu.fr\\\/hdf\\\/#organization\",\"name\":\"SNETAP-FSU - HAUTS-DE-FRANCE\",\"url\":\"https:\\\/\\\/regions-snetap-fsu.fr\\\/hdf\\\/\",\"logo\":{\"@type\":\"ImageObject\",\"inLanguage\":\"fr-FR\",\"@id\":\"https:\\\/\\\/regions-snetap-fsu.fr\\\/hdf\\\/#\\\/schema\\\/logo\\\/image\\\/\",\"url\":\"https:\\\/\\\/regions-snetap-fsu.fr\\\/hdf\\\/wp-content\\\/uploads\\\/sites\\\/5\\\/2020\\\/12\\\/SNETAP-Logo.jpg\",\"contentUrl\":\"https:\\\/\\\/regions-snetap-fsu.fr\\\/hdf\\\/wp-content\\\/uploads\\\/sites\\\/5\\\/2020\\\/12\\\/SNETAP-Logo.jpg\",\"width\":464,\"height\":334,\"caption\":\"SNETAP-FSU - HAUTS-DE-FRANCE\"},\"image\":{\"@id\":\"https:\\\/\\\/regions-snetap-fsu.fr\\\/hdf\\\/#\\\/schema\\\/logo\\\/image\\\/\"},\"sameAs\":[\"https:\\\/\\\/x.com\\\/MartinageSnetap\"]},{\"@type\":\"Person\",\"@id\":\"https:\\\/\\\/regions-snetap-fsu.fr\\\/hdf\\\/#\\\/schema\\\/person\\\/fa09b77e508eb2889a1c2dd6f4cf3149\",\"name\":\"Regis Martinage\",\"image\":{\"@type\":\"ImageObject\",\"inLanguage\":\"fr-FR\",\"@id\":\"https:\\\/\\\/secure.gravatar.com\\\/avatar\\\/7ae2aaabfe5b8d5c7b9361e91002ca9ec93c38c63c9a1d06ae19f03a5dc70dd7?s=96&d=mm&r=g\",\"url\":\"https:\\\/\\\/secure.gravatar.com\\\/avatar\\\/7ae2aaabfe5b8d5c7b9361e91002ca9ec93c38c63c9a1d06ae19f03a5dc70dd7?s=96&d=mm&r=g\",\"contentUrl\":\"https:\\\/\\\/secure.gravatar.com\\\/avatar\\\/7ae2aaabfe5b8d5c7b9361e91002ca9ec93c38c63c9a1d06ae19f03a5dc70dd7?s=96&d=mm&r=g\",\"caption\":\"Regis Martinage\"},\"url\":\"https:\\\/\\\/regions-snetap-fsu.fr\\\/hdf\\\/author\\\/r-martinage\\\/\"}]}<\/script>\n<!-- \/ Yoast SEO plugin. -->","yoast_head_json":{"title":"Retraites : 7 et 11 f\u00e9vrier 2023, les actions dans les Hauts-de-France - HAUTS-DE-FRANCE","robots":{"index":"index","follow":"follow","max-snippet":"max-snippet:-1","max-image-preview":"max-image-preview:large","max-video-preview":"max-video-preview:-1"},"canonical":"https:\/\/regions-snetap-fsu.fr\/hdf\/2023\/02\/04\/retraites-7-et-11-fevrier-2023-les-actions-dans-les-hauts-de-france\/","og_locale":"fr_FR","og_type":"article","og_title":"Retraites : 7 et 11 f\u00e9vrier 2023, les actions dans les Hauts-de-France - HAUTS-DE-FRANCE","og_description":"Retraites : Mardi 7 et samedi 11 f\u00e9vrier 2023, les actions dans les Hauts-de-France Les mobilisations du 31 janvier ont confirm\u00e9 la tr\u00e8s forte d\u00e9termination des Fran\u00e7ais\u00b7e\u00b7s \u00e0 refuser le projet de r\u00e9forme des retraites pr\u00e9sent\u00e9 par le gouvernement. Plus de 2,5 millions travailleurs et travailleuses, du public comme du priv\u00e9, jeunes et retrait\u00e9\u00b7e\u00b7s, se [&hellip;]","og_url":"https:\/\/regions-snetap-fsu.fr\/hdf\/2023\/02\/04\/retraites-7-et-11-fevrier-2023-les-actions-dans-les-hauts-de-france\/","og_site_name":"HAUTS-DE-FRANCE","article_published_time":"2023-02-04T18:01:44+00:00","article_modified_time":"2023-02-13T13:50:50+00:00","og_image":[{"width":435,"height":200,"url":"https:\/\/regions-snetap-fsu.fr\/hdf\/wp-content\/uploads\/sites\/5\/2021\/01\/Greve.jpg","type":"image\/jpeg"}],"author":"Regis Martinage","twitter_card":"summary_large_image","twitter_creator":"@MartinageSnetap","twitter_site":"@MartinageSnetap","twitter_misc":{"\u00c9crit par":"Regis Martinage","Dur\u00e9e de lecture estim\u00e9e":"3 minutes"},"schema":{"@context":"https:\/\/schema.org","@graph":[{"@type":"Article","@id":"https:\/\/regions-snetap-fsu.fr\/hdf\/2023\/02\/04\/retraites-7-et-11-fevrier-2023-les-actions-dans-les-hauts-de-france\/#article","isPartOf":{"@id":"https:\/\/regions-snetap-fsu.fr\/hdf\/2023\/02\/04\/retraites-7-et-11-fevrier-2023-les-actions-dans-les-hauts-de-france\/"},"author":{"name":"Regis Martinage","@id":"https:\/\/regions-snetap-fsu.fr\/hdf\/#\/schema\/person\/fa09b77e508eb2889a1c2dd6f4cf3149"},"headline":"Retraites : 7 et 11 f\u00e9vrier 2023, les actions dans les Hauts-de-France","datePublished":"2023-02-04T18:01:44+00:00","dateModified":"2023-02-13T13:50:50+00:00","mainEntityOfPage":{"@id":"https:\/\/regions-snetap-fsu.fr\/hdf\/2023\/02\/04\/retraites-7-et-11-fevrier-2023-les-actions-dans-les-hauts-de-france\/"},"wordCount":596,"publisher":{"@id":"https:\/\/regions-snetap-fsu.fr\/hdf\/#organization"},"image":{"@id":"https:\/\/regions-snetap-fsu.fr\/hdf\/2023\/02\/04\/retraites-7-et-11-fevrier-2023-les-actions-dans-les-hauts-de-france\/#primaryimage"},"thumbnailUrl":"https:\/\/regions-snetap-fsu.fr\/hdf\/wp-content\/uploads\/sites\/5\/2021\/01\/Greve.jpg","articleSection":["Actions - Gr\u00e8ves - Manifs"],"inLanguage":"fr-FR"},{"@type":"WebPage","@id":"https:\/\/regions-snetap-fsu.fr\/hdf\/2023\/02\/04\/retraites-7-et-11-fevrier-2023-les-actions-dans-les-hauts-de-france\/","url":"https:\/\/regions-snetap-fsu.fr\/hdf\/2023\/02\/04\/retraites-7-et-11-fevrier-2023-les-actions-dans-les-hauts-de-france\/","name":"Retraites : 7 et 11 f\u00e9vrier 2023, les actions dans les Hauts-de-France - HAUTS-DE-FRANCE","isPartOf":{"@id":"https:\/\/regions-snetap-fsu.fr\/hdf\/#website"},"primaryImageOfPage":{"@id":"https:\/\/regions-snetap-fsu.fr\/hdf\/2023\/02\/04\/retraites-7-et-11-fevrier-2023-les-actions-dans-les-hauts-de-france\/#primaryimage"},"image":{"@id":"https:\/\/regions-snetap-fsu.fr\/hdf\/2023\/02\/04\/retraites-7-et-11-fevrier-2023-les-actions-dans-les-hauts-de-france\/#primaryimage"},"thumbnailUrl":"https:\/\/regions-snetap-fsu.fr\/hdf\/wp-content\/uploads\/sites\/5\/2021\/01\/Greve.jpg","datePublished":"2023-02-04T18:01:44+00:00","dateModified":"2023-02-13T13:50:50+00:00","breadcrumb":{"@id":"https:\/\/regions-snetap-fsu.fr\/hdf\/2023\/02\/04\/retraites-7-et-11-fevrier-2023-les-actions-dans-les-hauts-de-france\/#breadcrumb"},"inLanguage":"fr-FR","potentialAction":[{"@type":"ReadAction","target":["https:\/\/regions-snetap-fsu.fr\/hdf\/2023\/02\/04\/retraites-7-et-11-fevrier-2023-les-actions-dans-les-hauts-de-france\/"]}]},{"@type":"ImageObject","inLanguage":"fr-FR","@id":"https:\/\/regions-snetap-fsu.fr\/hdf\/2023\/02\/04\/retraites-7-et-11-fevrier-2023-les-actions-dans-les-hauts-de-france\/#primaryimage","url":"https:\/\/regions-snetap-fsu.fr\/hdf\/wp-content\/uploads\/sites\/5\/2021\/01\/Greve.jpg","contentUrl":"https:\/\/regions-snetap-fsu.fr\/hdf\/wp-content\/uploads\/sites\/5\/2021\/01\/Greve.jpg","width":435,"height":200},{"@type":"BreadcrumbList","@id":"https:\/\/regions-snetap-fsu.fr\/hdf\/2023\/02\/04\/retraites-7-et-11-fevrier-2023-les-actions-dans-les-hauts-de-france\/#breadcrumb","itemListElement":[{"@type":"ListItem","position":1,"name":"Accueil","item":"https:\/\/regions-snetap-fsu.fr\/hdf\/"},{"@type":"ListItem","position":2,"name":"Actions - Gr\u00e8ves - Manifs","item":"https:\/\/regions-snetap-fsu.fr\/hdf\/category\/actions-greves-manifs\/"},{"@type":"ListItem","position":3,"name":"Retraites : 7 et 11 f\u00e9vrier 2023, les actions dans les Hauts-de-France"}]},{"@type":"WebSite","@id":"https:\/\/regions-snetap-fsu.fr\/hdf\/#website","url":"https:\/\/regions-snetap-fsu.fr\/hdf\/","name":"HAUTS-DE-FRANCE","description":"Section r\u00e9gionale","publisher":{"@id":"https:\/\/regions-snetap-fsu.fr\/hdf\/#organization"},"potentialAction":[{"@type":"SearchAction","target":{"@type":"EntryPoint","urlTemplate":"https:\/\/regions-snetap-fsu.fr\/hdf\/?s={search_term_string}"},"query-input":{"@type":"PropertyValueSpecification","valueRequired":true,"valueName":"search_term_string"}}],"inLanguage":"fr-FR"},{"@type":"Organization","@id":"https:\/\/regions-snetap-fsu.fr\/hdf\/#organization","name":"SNETAP-FSU - HAUTS-DE-FRANCE","url":"https:\/\/regions-snetap-fsu.fr\/hdf\/","logo":{"@type":"ImageObject","inLanguage":"fr-FR","@id":"https:\/\/regions-snetap-fsu.fr\/hdf\/#\/schema\/logo\/image\/","url":"https:\/\/regions-snetap-fsu.fr\/hdf\/wp-content\/uploads\/sites\/5\/2020\/12\/SNETAP-Logo.jpg","contentUrl":"https:\/\/regions-snetap-fsu.fr\/hdf\/wp-content\/uploads\/sites\/5\/2020\/12\/SNETAP-Logo.jpg","width":464,"height":334,"caption":"SNETAP-FSU - HAUTS-DE-FRANCE"},"image":{"@id":"https:\/\/regions-snetap-fsu.fr\/hdf\/#\/schema\/logo\/image\/"},"sameAs":["https:\/\/x.com\/MartinageSnetap"]},{"@type":"Person","@id":"https:\/\/regions-snetap-fsu.fr\/hdf\/#\/schema\/person\/fa09b77e508eb2889a1c2dd6f4cf3149","name":"Regis Martinage","image":{"@type":"ImageObject","inLanguage":"fr-FR","@id":"https:\/\/secure.gravatar.com\/avatar\/7ae2aaabfe5b8d5c7b9361e91002ca9ec93c38c63c9a1d06ae19f03a5dc70dd7?s=96&d=mm&r=g","url":"https:\/\/secure.gravatar.com\/avatar\/7ae2aaabfe5b8d5c7b9361e91002ca9ec93c38c63c9a1d06ae19f03a5dc70dd7?s=96&d=mm&r=g","contentUrl":"https:\/\/secure.gravatar.com\/avatar\/7ae2aaabfe5b8d5c7b9361e91002ca9ec93c38c63c9a1d06ae19f03a5dc70dd7?s=96&d=mm&r=g","caption":"Regis Martinage"},"url":"https:\/\/regions-snetap-fsu.fr\/hdf\/author\/r-martinage\/"}]}},"_links":{"self":[{"href":"https:\/\/regions-snetap-fsu.fr\/hdf\/wp-json\/wp\/v2\/posts\/8361","targetHints":{"allow":["GET"]}}],"collection":[{"href":"https:\/\/regions-snetap-fsu.fr\/hdf\/wp-json\/wp\/v2\/posts"}],"about":[{"href":"https:\/\/regions-snetap-fsu.fr\/hdf\/wp-json\/wp\/v2\/types\/post"}],"author":[{"embeddable":true,"href":"https:\/\/regions-snetap-fsu.fr\/hdf\/wp-json\/wp\/v2\/users\/88"}],"replies":[{"embeddable":true,"href":"https:\/\/regions-snetap-fsu.fr\/hdf\/wp-json\/wp\/v2\/comments?post=8361"}],"version-history":[{"count":12,"href":"https:\/\/regions-snetap-fsu.fr\/hdf\/wp-json\/wp\/v2\/posts\/8361\/revisions"}],"predecessor-version":[{"id":8381,"href":"https:\/\/regions-snetap-fsu.fr\/hdf\/wp-json\/wp\/v2\/posts\/8361\/revisions\/8381"}],"wp:featuredmedia":[{"embeddable":true,"href":"https:\/\/regions-snetap-fsu.fr\/hdf\/wp-json\/wp\/v2\/media\/6186"}],"wp:attachment":[{"href":"https:\/\/regions-snetap-fsu.fr\/hdf\/wp-json\/wp\/v2\/media?parent=8361"}],"wp:term":[{"taxonomy":"category","embeddable":true,"href":"https:\/\/regions-snetap-fsu.fr\/hdf\/wp-json\/wp\/v2\/categories?post=8361"},{"taxonomy":"post_tag","embeddable":true,"href":"https:\/\/regions-snetap-fsu.fr\/hdf\/wp-json\/wp\/v2\/tags?post=8361"},{"taxonomy":"post_folder","embeddable":true,"href":"https:\/\/regions-snetap-fsu.fr\/hdf\/wp-json\/wp\/v2\/post_folder?post=8361"}],"curies":[{"name":"wp","href":"https:\/\/api.w.org\/{rel}","templated":true}]}}