{"id":802,"date":"2018-10-31T12:52:37","date_gmt":"2018-10-31T11:52:37","guid":{"rendered":"https:\/\/regions-snetap-fsu.fr\/hdf\/?p=802"},"modified":"2018-11-19T23:03:22","modified_gmt":"2018-11-19T22:03:22","slug":"stages-fsu-de-novembre-et-decembre","status":"publish","type":"post","link":"https:\/\/regions-snetap-fsu.fr\/hdf\/2018\/10\/31\/stages-fsu-de-novembre-et-decembre\/","title":{"rendered":"Stages FSU de novembre et d\u00e9cembre"},"content":{"rendered":"<p style=\"text-align: center\"><span style=\"font-size: 18pt;color: #ff0000\">Stages FSU de novembre et d\u00e9cembre.<\/span><\/p>\n<p><span style=\"color: #0000ff\">Vous trouverez ci-dessous plusieurs stages : <i><b><br \/>\n<\/b><\/i><\/span><\/p>\n<ol>\n<li><span style=\"color: #0000ff\"><b>Journ\u00e9es d&rsquo;Automne<br \/>\n<\/b><\/span><\/li>\n<li><span style=\"color: #0000ff\"><b>FPQE<\/b><\/span><\/li>\n<li><span style=\"color: #0000ff\"><b>Extr\u00eame Droite<\/b><\/span><\/li>\n<li><span style=\"color: #0000ff\"><b>\u00c9cole et radicalisation<\/b><\/span><\/li>\n<\/ol>\n<p><span style=\"color: #0000ff\">Les inscriptions se font sur<\/span> <a href=\"https:\/\/stagefsu.onetab.fr\/\" target=\"_blank\" rel=\"noopener\"><span style=\"text-decoration: underline;color: #000000\">https:\/\/stagefsu.onetab.fr\/<\/span><\/a><\/p>\n<p><span style=\"color: #ff0000;font-size: 12pt\"><b><big>Si ce n&rsquo;est d\u00e9j\u00e0 fait, ne tardez pas \u00e0 ouvrir un compte pour pouvoir vous inscrire !<\/big><\/b><\/span><\/p>\n<p><!--more--><\/p>\n<p><span style=\"text-decoration: underline\"><strong><span style=\"color: #0000ff;text-decoration: underline\">Aper\u00e7us des formations :<\/span><\/strong><\/span><\/p>\n<p style=\"text-align: center\"><span style=\"font-size: 14pt;color: #008000\"><strong>1. Journ\u00e9es d&rsquo;Automne &#8211; Jeudi 15 et Vendredi 16 novembre.<\/strong><\/span><\/p>\n<p style=\"text-align: left\"><span style=\"color: #0000ff;font-size: 10pt\"><strong><big><span style=\"text-decoration: underline\">Objectif<\/span> : formation des militant.es retrait\u00e9.es de la FSU.<\/big> <\/strong><\/span><\/p>\n<p style=\"text-align: justify\"><span style=\"color: #0000ff\"><span id=\"OBJ_PREFIX_DWT336_com_zimbra_date\" class=\"Object\">Jeudi<\/span> 15 novembre et <span id=\"OBJ_PREFIX_DWT337_com_zimbra_date\" class=\"Object\">vendredi<\/span> 16 novembre dans les locaux du SNUIPP\u00a0: 12 rue Cabanis, m\u00e9tro Glaci\u00e8re.<\/span><br \/>\n<span style=\"color: #0000ff\">Pour la dixi\u00e8me ann\u00e9e cons\u00e9cutive , les retrait\u00e9.e.s de notre f\u00e9d\u00e9ration se retrouveront pour se rencontrer et d\u00e9battre.<\/span><\/p>\n<p style=\"text-align: justify\"><span style=\"color: #0000ff\"><i><u>D\u00e9roul\u00e9\u00a0:<\/u><\/i><\/span><br \/>\n<span style=\"color: #0000ff\"><span id=\"OBJ_PREFIX_DWT338_com_zimbra_date\" class=\"Object\">Jeudi<\/span> matin\u00a0: <b>intervention de Beno\u00eet Teste, secr\u00e9taire g\u00e9n\u00e9ral adjoint du SNES et secr\u00e9taire national de la FSU<\/b> ouvrira les travaux sur la situation g\u00e9n\u00e9rale qui int\u00e9grera notamment le point retraites.<\/span><\/p>\n<p><span style=\"color: #0000ff\"><span id=\"OBJ_PREFIX_DWT339_com_zimbra_date\" class=\"Object\">Jeudi<\/span> apr\u00e8s-midi\u00a0:<\/span><\/p>\n<div align=\"left\">\n<ul>\n<li><span style=\"color: #0000ff\">14H-16H30\u00a0: 5\u00e8me risque\u00a0? 5\u00e8me branche\u00a0? Ou\u00a0? Financement de la perte d\u2019autonomie.<\/span><\/li>\n<li><span style=\"color: #0000ff\">16H45-18H\u00a0: Fiscalit\u00e9 (imp\u00f4t foncier, taxe d\u2019habitation, pr\u00e9l\u00e8vements \u00e0 la source).<\/span><\/li>\n<\/ul>\n<p><span style=\"color: #0000ff\"><span id=\"OBJ_PREFIX_DWT340_com_zimbra_date\" class=\"Object\">Vendredi<\/span> matin\u00a0:<\/span><\/p>\n<ul>\n<li style=\"text-align: justify\"><span style=\"color: #0000ff\">9H-12H\u00a0: Mobilisation des retrait\u00e9.e.s en Espagne et en France\u00a0: \u00e9changes d\u2019exp\u00e9riences et perspective unitaire. Intervenant espagnol et groupe des 9 avec J.M. Pernot (\u00e0 confirmer).<\/span><\/li>\n<\/ul>\n<p><span style=\"color: #0000ff\"><span id=\"OBJ_PREFIX_DWT341_com_zimbra_date\" class=\"Object\">Vendredi<\/span> apr\u00e8s-midi\u00a0: vie interne notamment \u00e0 travers quatre axes\u00a0:<\/span><\/p>\n<ol>\n<li><span style=\"color: #0000ff\">Liens actifs\/retrait\u00e9s et place des retrait\u00e9.e.s dans les sections d\u00e9partementales.<\/span><\/li>\n<li><span style=\"color: #0000ff\">FGR-FP.<\/span><\/li>\n<li><span style=\"color: #0000ff\">Intersyndicales.<\/span><\/li>\n<li><span style=\"color: #0000ff\">Fonctionnement des sfr.<\/span><\/li>\n<\/ol>\n<p><span style=\"color: #0000ff\"><span style=\"text-decoration: underline\">Cl\u00f4ture\u00a0<\/span>: <b> Bernadette Groison.<\/b><\/span><br \/>\n<span style=\"color: #0000ff\">Les travaux commenceront le <span id=\"OBJ_PREFIX_DWT342_com_zimbra_date\" class=\"Object\">jeudi<\/span> \u00e0 10h (accueil \u00e0 partir de 9h) et se termineront le <span id=\"OBJ_PREFIX_DWT343_com_zimbra_date\" class=\"Object\">vendredi<\/span> \u00e0 16h30.<\/span><br \/>\n<span style=\"color: #ff0000;font-size: 12pt\">Demande d&rsquo;autorisation d&rsquo;absence et inscription, dernier d\u00e9lai avant le 5 novembre.<\/span><\/p>\n<\/div>\n<p style=\"text-align: center\"><span style=\"font-size: 14pt\"><strong><span style=\"color: #008000\">2<\/span><\/strong><\/span><span style=\"font-size: 12pt\"><span style=\"font-size: 14pt\"><strong><span style=\"color: #008000\">. FPQE : Jeudi 13 et vendredi 14 d\u00e9cembre.<\/span><\/strong><\/span><br \/>\n<\/span><\/p>\n<div align=\"left\"><span style=\"color: #0000ff\"><strong>Objectif de la formation : am\u00e9liorer les connaissances des militant.es sur l&rsquo;actualit\u00e9 revendicative.<\/strong><\/span><\/div>\n<p style=\"text-align: justify\"><span style=\"color: #0000ff\"><strong><span style=\"text-decoration: underline\">Contenu <\/span><\/strong><b>: <\/b><\/span><br \/>\n<span style=\"color: #0000ff\">Point sur la loi \u00ab pour la libert\u00e9 de choisir son avenir professionnel \u00bb, et ses cons\u00e9quences sur l&#8217;emploi, la formation professionnelle, l&rsquo;apprentissage et l&rsquo;orientation.<\/span><br \/>\n<span style=\"color: #0000ff\">La r\u00e9forme de l&rsquo;indemnisation ch\u00f4mage : Intervenants SNU-TEFI, SNUEP, SNES, SNESup<span style=\"text-decoration: underline\"><span style=\"color: #000000;text-decoration: underline\">.<\/span><\/span><\/span><br \/>\n<span style=\"text-decoration: underline\"><span id=\"OBJ_PREFIX_DWT425_com_zimbra_url\" class=\"Object\" style=\"color: #000000\"><a class=\"moz-txt-link-freetext\" style=\"color: #000000\" href=\"https:\/\/www.legifrance.gouv.fr\/affichTexte.do?cidTexte=JORFTEXT000037367660&amp;dateTexte=&amp;categorieLien=id\" target=\"_blank\" rel=\"noopener\">Lien : texte legifrance<\/a><\/span><\/span><br \/>\n<span style=\"color: #0000ff\">La question de l&rsquo;insertion professionnelle des jeunes. Intervenant pressenti : CEREQ.<\/span><br \/>\n<span style=\"text-decoration: underline\"><span id=\"OBJ_PREFIX_DWT426_com_zimbra_url\" class=\"Object\" style=\"color: #000000;text-decoration: underline\"><a class=\"moz-txt-link-freetext\" style=\"color: #000000;text-decoration: underline\" href=\"http:\/\/www.cereq.fr\/publications\/Cereq-Essentiels\/20-ans-d-insertion-professionnelle-des-jeunes-entre-permanences-et-evolutions\" target=\"_blank\" rel=\"noopener\">Lien : Cereq<\/a><\/span><\/span><br \/>\n<span style=\"color: #0000ff\">La r\u00e9volution num\u00e9rique : nouveau paradigme pour les formation professionnelle\u00a0 et l&#8217;emploi. Intervenante pressentie : Marie-Jos\u00e9 Kotlicki CESE, Ugict CGT.<\/span><br \/>\n<span style=\"text-decoration: underline\"><span id=\"OBJ_PREFIX_DWT427_com_zimbra_url\" class=\"Object\" style=\"color: #000000;text-decoration: underline\"><a class=\"moz-txt-link-freetext\" style=\"color: #000000;text-decoration: underline\" href=\"https:\/\/www.lecese.fr\/sites\/default\/files\/pdf\/Fiches\/2015\/FI27_industrie_services.pdf\" target=\"_blank\" rel=\"noopener\">Lien : Fiche Lecese<\/a><\/span><\/span><br \/>\n<span style=\"color: #0000ff\">Le paritarisme, l&rsquo;avenir du CNEFOP et des CREFOP. Intervenants : repr\u00e9sentants CGT et FSU au CNEFOP.<\/span><br \/>\n<span style=\"color: #0000ff\"><strong><span style=\"text-decoration: underline\">Public vis\u00e9<\/span> <\/strong>: repr\u00e9sentants FSU sur les questions de formation professionnelle, qualification, emploi.<\/span><br \/>\n<span style=\"color: #ff0000\">Demande d&rsquo;autorisation d&rsquo;absence et inscription, dernier d\u00e9lai avant le 14 novembre.<\/span><\/p>\n<p style=\"text-align: center\"><span style=\"font-size: 14pt\"><strong><span style=\"color: #008000\"> 3. LUTTER SYNDICALEMENT FACE A L\u2019EXTR\u00caME\u00a0 DROITE\u00a0 :<\/span><\/strong><\/span><\/p>\n<p style=\"text-align: center\"><span style=\"font-size: 14pt\"><strong><span style=\"color: #008000\"><span id=\"OBJ_PREFIX_DWT430_com_zimbra_date\" class=\"Object\">mardi<\/span> 18 et <span id=\"OBJ_PREFIX_DWT431_com_zimbra_date\" class=\"Object\">mercredi<\/span> 19 d\u00e9cembre.<\/span><\/strong><\/span><\/p>\n<div><span style=\"color: #0000ff\"><strong><u>Introduction<\/u> :<\/strong><u><br \/>\n<\/u><u> <\/u><\/span><\/div>\n<div style=\"text-align: justify\"><span style=\"color: #0000ff\">Presque partout en Europe les mouvements d&rsquo;extr\u00eame droite, nationalistes, x\u00e9nophobes, voire fascistes semblent avoir le vent en poupe&#8230; En France, le Rassemblement national continue \u00e0 recueillir des intentions de votes importantes, \u00e0 quelques mois des \u00e9lections europ\u00e9ennes. <\/span><br \/>\n<span style=\"color: #0000ff\">M\u00eame si l&rsquo;Union europ\u00e9enne et la plupart des gouvernements europ\u00e9ens affichent une attitude intransigeante face \u00e0 l&rsquo;arriv\u00e9e des migrant-es, l&rsquo;extr\u00eame droite instrumentalise et attise des peurs suscit\u00e9es par des flux migratoires provoqu\u00e9s par la pauvret\u00e9 et la guerre. <\/span><br \/>\n<span style=\"color: #0000ff\">Quel \u00e9tat des lieux des migrations ? Quelles r\u00e9ponses apporter, conformes aux valeurs et aux luttes antiracistes du syndicalisme de transformation sociale ?<\/span><\/div>\n<div><strong><span style=\"color: #0000ff\"><u><span id=\"OBJ_PREFIX_DWT432_com_zimbra_date\" class=\"Object\">Mardi<\/span> 18\/12<\/u> :<u><br \/>\n<\/u><\/span><\/strong><\/div>\n<div>\n<div style=\"text-align: justify\"><span style=\"color: #0000ff\">L&rsquo;extr\u00eame droite, une offensive nationaliste et raciste (Ugo Palheta, sociologue) + 2e intervenant-e \u00e0 confirmer.<\/span><\/div>\n<div style=\"text-align: justify\"><span style=\"color: #0000ff\">Migrations, travail et valeurs de la gauche (Roger Martelli, historien).<\/span><br \/>\n<span style=\"color: #0000ff\">Politiques migratoires en Europe et mont\u00e9es des extr\u00eames droites (Dani\u00e8le Lochak, professeure de droit public et ancienne pr\u00e9sidente du GISTI) <\/span><span style=\"color: #0000ff\">+ 3e intervenant-e \u00e0 confirmer.<\/span><\/div>\n<div><span style=\"color: #0000ff\"><u><strong><span id=\"OBJ_PREFIX_DWT433_com_zimbra_date\" class=\"Object\">Mercredi<\/span> 19\/12<\/strong><\/u><strong> :<\/strong><u><strong><br \/>\n<\/strong><\/u><\/span><\/div>\n<div style=\"text-align: justify\"><span style=\"color: #0000ff\">F\u00e9d\u00e9rer les extr\u00eames droites europ\u00e9ennes, projet de Steve Bannon (Albert Ogien, sociologue).<\/span><br \/>\n<span style=\"color: #0000ff\">Dans les r\u00e9seaux de l&rsquo;extr\u00eame droite, le cas Soral (Jean-Paul Gautier, politologue).<\/span><\/div>\n<div style=\"text-align: justify\"><span style=\"color: #0000ff\">R\u00e9sistances syndicales : articuler antifascisme et antiracisme\u00a0 (Pascal Debay, CGT ; Verveine Angeli, Solidaires ; S\u00e9bastien Chatillon, VISA).<\/span><\/div>\n<div><span style=\"color: #ff0000\">Demande d&rsquo;autorisation d&rsquo;absence et inscription, dernier d\u00e9lai avant le 10 d\u00e9cembre.<\/span><\/div>\n<div><\/div>\n<div style=\"text-align: center\"><span style=\"font-size: 14pt\"><strong><span style=\"color: #008000\">4. L&rsquo;\u00e9cole face \u00e0 la radicalisation : Jeudi 13 d\u00e9cembre<\/span><\/strong><\/span><\/div>\n<div style=\"text-align: center\"><span style=\"font-size: 12pt\"><span style=\"font-size: 12pt\"><span style=\"color: #0000ff\">avec l&rsquo;Institut de recherches de la FSU (au Snuipp, 12 rue Cabanis &#8211; 75014 Paris).<\/span><\/span><\/span><\/div>\n<div style=\"text-align: center\">\n<div class=\"row\">\n<div class=\"col-sm-12\" style=\"text-align: justify\"><strong><span style=\"text-decoration: underline\"><span style=\"color: #0000ff;text-decoration: underline\">Description<\/span><\/span><\/strong><br \/>\n<span style=\"color: #0000ff\"><strong><em>L\u2019\u00e9cole face \u00e0 la radicalisation.<\/em><\/strong><strong>\u00a0<\/strong><\/span><br \/>\n<span style=\"color: #0000ff\"><strong>L\u2019\u00e9cole est au premier chef concern\u00e9e par des ph\u00e9nom\u00e8nes de radicalisation qui touchent d\u2019abord une population jeune, la conduite \u00e0 tenir est alors toujours d\u00e9licate comme le fait lui-m\u00eame difficilement d\u00e9tectable. Comment l\u2019enseignant peut-il et doit-il r\u00e9agir\u00a0? Comment concilier l\u2019imp\u00e9ratif de protection de la soci\u00e9t\u00e9 avec celui de la protection de l\u2019enfance\u00a0? Qu\u2019est-ce qu\u2019un signalement et quelles sont ses cons\u00e9quences\u00a0? <\/strong><\/span><br \/>\n<span style=\"color: #0000ff\">Il s\u2019agira d\u2019\u00e9tudier la \u00ab\u00a0radicalisation\u00a0\u00bb au sein des \u00e9tablissements scolaires, par une approche \u00e0 la fois locale et g\u00e9n\u00e9rale. Partant d\u2019exp\u00e9riences v\u00e9cues au sein de la ville de Trappes nous nous interrogerons sur les signaux faibles et forts permettant de d\u00e9tecter un ph\u00e9nom\u00e8ne de radicalisation. Enfin nous aborderons le cadre juridique qui borde l\u2019action des enseignants et les suites d\u2019un signalement.<\/span><br \/>\n<span style=\"color: #0000ff\">\u00a0La question de la radicalisation \u00e0 l\u2019\u00e9cole suppose une vision d\u2019ensemble engageant l\u2019enseignement primaire comme secondaire. Les exemples choisis seront extraits d\u2019un territoire et d\u2019 \u00e9tablissements scolaires du secondaire, ce choix \u00e9tant dict\u00e9 par une particularit\u00e9 de terrain. A partir de ces \u00e9l\u00e9ments une r\u00e9flexion plus globale sera men\u00e9e qui inclura l\u2019environnement et l\u2019exp\u00e9rience de chacun.\u00a0<\/span><br \/>\n<span style=\"color: #0000ff\"><span style=\"text-decoration: underline\"><strong>Lieu<\/strong> <\/span>: SNUipp 12 rue Cabanis 75014 Paris<\/span><br \/>\n<span style=\"text-decoration: underline\"><strong><span style=\"color: #0000ff;text-decoration: underline\">Programme pr\u00e9visionnel\u00a0:<\/span><\/strong><\/span><br \/>\n<span style=\"color: #0000ff\">9h\u00a0\u00a0\u00a0\u00a0\u00a0 &#8211;\u00a0accueil des participants.<\/span><br \/>\n<span style=\"color: #0000ff\">9h30 &#8211; 12h30\u00a0-Pr\u00e9sentation de la journ\u00e9e \u2013 mod\u00e9rateur\u00a0: Thierry Novarese.<\/span><\/p>\n<ul style=\"text-align: left\">\n<li style=\"text-align: justify\"><span style=\"color: #0000ff\">La rupture terroriste, perspective historique \/ Patrick Lacl\u00e9mence (professeur des Universit\u00e9, membre du chantier Politiques de S\u00e9curit\u00e9 Publique de l\u2019IRFSU).<\/span><\/li>\n<\/ul>\n<ul style=\"text-align: left\">\n<li><span style=\"color: #0000ff\">Enseigner \u00e0 Trappes, les territoires du jihad \/ Didier Lemaire (professeur de philosophie).<\/span><\/li>\n<\/ul>\n<ul style=\"text-align: left\">\n<li><span style=\"color: #0000ff\">Ma fille sous influence \/ t\u00e9moignage.<\/span><\/li>\n<\/ul>\n<p><span style=\"color: #0000ff\">\u00a014h \u2013 16h30<\/span><\/p>\n<ul style=\"text-align: left\">\n<li><span style=\"color: #0000ff\">Le processus de radicalisation dans le cadre scolaire et son signalement \/ Miviludes.<\/span><\/li>\n<\/ul>\n<ul>\n<li style=\"text-align: left\"><span style=\"color: #0000ff\">Les suites d\u2019un signalement, le cadre juridique \/ Luc Pham (sous r\u00e9serve).<\/span><\/li>\n<\/ul>\n<div style=\"text-align: justify\" align=\"left\"><\/div>\n<\/div>\n<\/div>\n<\/div>\n<\/div>\n","protected":false},"excerpt":{"rendered":"<p>Stages FSU de novembre et d\u00e9cembre. Vous trouverez ci-dessous plusieurs stages : Journ\u00e9es d&rsquo;Automne FPQE Extr\u00eame Droite \u00c9cole et radicalisation Les inscriptions se font sur https:\/\/stagefsu.onetab.fr\/ Si ce n&rsquo;est d\u00e9j\u00e0 fait, ne tardez pas \u00e0 ouvrir un compte pour pouvoir vous inscrire !<\/p>\n","protected":false},"author":88,"featured_media":0,"comment_status":"closed","ping_status":"closed","sticky":false,"template":"","format":"standard","meta":{"ocean_post_layout":"","ocean_both_sidebars_style":"","ocean_both_sidebars_content_width":0,"ocean_both_sidebars_sidebars_width":0,"ocean_sidebar":"","ocean_second_sidebar":"","ocean_disable_margins":"enable","ocean_add_body_class":"","ocean_shortcode_before_top_bar":"","ocean_shortcode_after_top_bar":"","ocean_shortcode_before_header":"","ocean_shortcode_after_header":"","ocean_has_shortcode":"","ocean_shortcode_after_title":"","ocean_shortcode_before_footer_widgets":"","ocean_shortcode_after_footer_widgets":"","ocean_shortcode_before_footer_bottom":"","ocean_shortcode_after_footer_bottom":"","ocean_display_top_bar":"default","ocean_display_header":"default","ocean_header_style":"","ocean_center_header_left_menu":"","ocean_custom_header_template":"","ocean_custom_logo":0,"ocean_custom_retina_logo":0,"ocean_custom_logo_max_width":0,"ocean_custom_logo_tablet_max_width":0,"ocean_custom_logo_mobile_max_width":0,"ocean_custom_logo_max_height":0,"ocean_custom_logo_tablet_max_height":0,"ocean_custom_logo_mobile_max_height":0,"ocean_header_custom_menu":"","ocean_menu_typo_font_family":"","ocean_menu_typo_font_subset":"","ocean_menu_typo_font_size":0,"ocean_menu_typo_font_size_tablet":0,"ocean_menu_typo_font_size_mobile":0,"ocean_menu_typo_font_size_unit":"px","ocean_menu_typo_font_weight":"","ocean_menu_typo_font_weight_tablet":"","ocean_menu_typo_font_weight_mobile":"","ocean_menu_typo_transform":"","ocean_menu_typo_transform_tablet":"","ocean_menu_typo_transform_mobile":"","ocean_menu_typo_line_height":0,"ocean_menu_typo_line_height_tablet":0,"ocean_menu_typo_line_height_mobile":0,"ocean_menu_typo_line_height_unit":"","ocean_menu_typo_spacing":0,"ocean_menu_typo_spacing_tablet":0,"ocean_menu_typo_spacing_mobile":0,"ocean_menu_typo_spacing_unit":"","ocean_menu_link_color":"","ocean_menu_link_color_hover":"","ocean_menu_link_color_active":"","ocean_menu_link_background":"","ocean_menu_link_hover_background":"","ocean_menu_link_active_background":"","ocean_menu_social_links_bg":"","ocean_menu_social_hover_links_bg":"","ocean_menu_social_links_color":"","ocean_menu_social_hover_links_color":"","ocean_disable_title":"default","ocean_disable_heading":"default","ocean_post_title":"","ocean_post_subheading":"","ocean_post_title_style":"","ocean_post_title_background_color":"","ocean_post_title_background":0,"ocean_post_title_bg_image_position":"","ocean_post_title_bg_image_attachment":"","ocean_post_title_bg_image_repeat":"","ocean_post_title_bg_image_size":"","ocean_post_title_height":0,"ocean_post_title_bg_overlay":0.5,"ocean_post_title_bg_overlay_color":"","ocean_disable_breadcrumbs":"default","ocean_breadcrumbs_color":"","ocean_breadcrumbs_separator_color":"","ocean_breadcrumbs_links_color":"","ocean_breadcrumbs_links_hover_color":"","ocean_display_footer_widgets":"default","ocean_display_footer_bottom":"default","ocean_custom_footer_template":"","ocean_post_oembed":"","ocean_post_self_hosted_media":"","ocean_post_video_embed":"","ocean_link_format":"","ocean_link_format_target":"self","ocean_quote_format":"","ocean_quote_format_link":"post","ocean_gallery_link_images":"on","ocean_gallery_id":[],"footnotes":""},"categories":[18],"tags":[],"post_folder":[],"class_list":["post-802","post","type-post","status-publish","format-standard","hentry","category-stages","entry"],"yoast_head":"<!-- This site is optimized with the Yoast SEO plugin v27.4 - https:\/\/yoast.com\/product\/yoast-seo-wordpress\/ -->\n<title>Stages FSU de novembre et d\u00e9cembre - HAUTS-DE-FRANCE<\/title>\n<meta name=\"robots\" content=\"index, follow, max-snippet:-1, max-image-preview:large, max-video-preview:-1\" \/>\n<link rel=\"canonical\" href=\"https:\/\/regions-snetap-fsu.fr\/hdf\/2018\/10\/31\/stages-fsu-de-novembre-et-decembre\/\" \/>\n<meta property=\"og:locale\" content=\"fr_FR\" \/>\n<meta property=\"og:type\" content=\"article\" \/>\n<meta property=\"og:title\" content=\"Stages FSU de novembre et d\u00e9cembre - HAUTS-DE-FRANCE\" \/>\n<meta property=\"og:description\" content=\"Stages FSU de novembre et d\u00e9cembre. Vous trouverez ci-dessous plusieurs stages : Journ\u00e9es d&rsquo;Automne FPQE Extr\u00eame Droite \u00c9cole et radicalisation Les inscriptions se font sur https:\/\/stagefsu.onetab.fr\/ Si ce n&rsquo;est d\u00e9j\u00e0 fait, ne tardez pas \u00e0 ouvrir un compte pour pouvoir vous inscrire !\" \/>\n<meta property=\"og:url\" content=\"https:\/\/regions-snetap-fsu.fr\/hdf\/2018\/10\/31\/stages-fsu-de-novembre-et-decembre\/\" \/>\n<meta property=\"og:site_name\" content=\"HAUTS-DE-FRANCE\" \/>\n<meta property=\"article:published_time\" content=\"2018-10-31T11:52:37+00:00\" \/>\n<meta property=\"article:modified_time\" content=\"2018-11-19T22:03:22+00:00\" \/>\n<meta name=\"author\" content=\"Regis Martinage\" \/>\n<meta name=\"twitter:card\" content=\"summary_large_image\" \/>\n<meta name=\"twitter:creator\" content=\"@MartinageSnetap\" \/>\n<meta name=\"twitter:site\" content=\"@MartinageSnetap\" \/>\n<meta name=\"twitter:label1\" content=\"\u00c9crit par\" \/>\n\t<meta name=\"twitter:data1\" content=\"Regis Martinage\" \/>\n\t<meta name=\"twitter:label2\" content=\"Dur\u00e9e de lecture estim\u00e9e\" \/>\n\t<meta name=\"twitter:data2\" content=\"5 minutes\" \/>\n<script type=\"application\/ld+json\" class=\"yoast-schema-graph\">{\"@context\":\"https:\\\/\\\/schema.org\",\"@graph\":[{\"@type\":\"Article\",\"@id\":\"https:\\\/\\\/regions-snetap-fsu.fr\\\/hdf\\\/2018\\\/10\\\/31\\\/stages-fsu-de-novembre-et-decembre\\\/#article\",\"isPartOf\":{\"@id\":\"https:\\\/\\\/regions-snetap-fsu.fr\\\/hdf\\\/2018\\\/10\\\/31\\\/stages-fsu-de-novembre-et-decembre\\\/\"},\"author\":{\"name\":\"Regis Martinage\",\"@id\":\"https:\\\/\\\/regions-snetap-fsu.fr\\\/hdf\\\/#\\\/schema\\\/person\\\/fa09b77e508eb2889a1c2dd6f4cf3149\"},\"headline\":\"Stages FSU de novembre et d\u00e9cembre\",\"datePublished\":\"2018-10-31T11:52:37+00:00\",\"dateModified\":\"2018-11-19T22:03:22+00:00\",\"mainEntityOfPage\":{\"@id\":\"https:\\\/\\\/regions-snetap-fsu.fr\\\/hdf\\\/2018\\\/10\\\/31\\\/stages-fsu-de-novembre-et-decembre\\\/\"},\"wordCount\":1000,\"publisher\":{\"@id\":\"https:\\\/\\\/regions-snetap-fsu.fr\\\/hdf\\\/#organization\"},\"articleSection\":[\"Stages\"],\"inLanguage\":\"fr-FR\"},{\"@type\":\"WebPage\",\"@id\":\"https:\\\/\\\/regions-snetap-fsu.fr\\\/hdf\\\/2018\\\/10\\\/31\\\/stages-fsu-de-novembre-et-decembre\\\/\",\"url\":\"https:\\\/\\\/regions-snetap-fsu.fr\\\/hdf\\\/2018\\\/10\\\/31\\\/stages-fsu-de-novembre-et-decembre\\\/\",\"name\":\"Stages FSU de novembre et d\u00e9cembre - HAUTS-DE-FRANCE\",\"isPartOf\":{\"@id\":\"https:\\\/\\\/regions-snetap-fsu.fr\\\/hdf\\\/#website\"},\"datePublished\":\"2018-10-31T11:52:37+00:00\",\"dateModified\":\"2018-11-19T22:03:22+00:00\",\"breadcrumb\":{\"@id\":\"https:\\\/\\\/regions-snetap-fsu.fr\\\/hdf\\\/2018\\\/10\\\/31\\\/stages-fsu-de-novembre-et-decembre\\\/#breadcrumb\"},\"inLanguage\":\"fr-FR\",\"potentialAction\":[{\"@type\":\"ReadAction\",\"target\":[\"https:\\\/\\\/regions-snetap-fsu.fr\\\/hdf\\\/2018\\\/10\\\/31\\\/stages-fsu-de-novembre-et-decembre\\\/\"]}]},{\"@type\":\"BreadcrumbList\",\"@id\":\"https:\\\/\\\/regions-snetap-fsu.fr\\\/hdf\\\/2018\\\/10\\\/31\\\/stages-fsu-de-novembre-et-decembre\\\/#breadcrumb\",\"itemListElement\":[{\"@type\":\"ListItem\",\"position\":1,\"name\":\"Accueil\",\"item\":\"https:\\\/\\\/regions-snetap-fsu.fr\\\/hdf\\\/\"},{\"@type\":\"ListItem\",\"position\":2,\"name\":\"Stages\",\"item\":\"https:\\\/\\\/regions-snetap-fsu.fr\\\/hdf\\\/category\\\/stages\\\/\"},{\"@type\":\"ListItem\",\"position\":3,\"name\":\"Stages FSU de novembre et d\u00e9cembre\"}]},{\"@type\":\"WebSite\",\"@id\":\"https:\\\/\\\/regions-snetap-fsu.fr\\\/hdf\\\/#website\",\"url\":\"https:\\\/\\\/regions-snetap-fsu.fr\\\/hdf\\\/\",\"name\":\"HAUTS-DE-FRANCE\",\"description\":\"Section r\u00e9gionale\",\"publisher\":{\"@id\":\"https:\\\/\\\/regions-snetap-fsu.fr\\\/hdf\\\/#organization\"},\"potentialAction\":[{\"@type\":\"SearchAction\",\"target\":{\"@type\":\"EntryPoint\",\"urlTemplate\":\"https:\\\/\\\/regions-snetap-fsu.fr\\\/hdf\\\/?s={search_term_string}\"},\"query-input\":{\"@type\":\"PropertyValueSpecification\",\"valueRequired\":true,\"valueName\":\"search_term_string\"}}],\"inLanguage\":\"fr-FR\"},{\"@type\":\"Organization\",\"@id\":\"https:\\\/\\\/regions-snetap-fsu.fr\\\/hdf\\\/#organization\",\"name\":\"SNETAP-FSU - HAUTS-DE-FRANCE\",\"url\":\"https:\\\/\\\/regions-snetap-fsu.fr\\\/hdf\\\/\",\"logo\":{\"@type\":\"ImageObject\",\"inLanguage\":\"fr-FR\",\"@id\":\"https:\\\/\\\/regions-snetap-fsu.fr\\\/hdf\\\/#\\\/schema\\\/logo\\\/image\\\/\",\"url\":\"https:\\\/\\\/regions-snetap-fsu.fr\\\/hdf\\\/wp-content\\\/uploads\\\/sites\\\/5\\\/2020\\\/12\\\/SNETAP-Logo.jpg\",\"contentUrl\":\"https:\\\/\\\/regions-snetap-fsu.fr\\\/hdf\\\/wp-content\\\/uploads\\\/sites\\\/5\\\/2020\\\/12\\\/SNETAP-Logo.jpg\",\"width\":464,\"height\":334,\"caption\":\"SNETAP-FSU - HAUTS-DE-FRANCE\"},\"image\":{\"@id\":\"https:\\\/\\\/regions-snetap-fsu.fr\\\/hdf\\\/#\\\/schema\\\/logo\\\/image\\\/\"},\"sameAs\":[\"https:\\\/\\\/x.com\\\/MartinageSnetap\"]},{\"@type\":\"Person\",\"@id\":\"https:\\\/\\\/regions-snetap-fsu.fr\\\/hdf\\\/#\\\/schema\\\/person\\\/fa09b77e508eb2889a1c2dd6f4cf3149\",\"name\":\"Regis Martinage\",\"image\":{\"@type\":\"ImageObject\",\"inLanguage\":\"fr-FR\",\"@id\":\"https:\\\/\\\/secure.gravatar.com\\\/avatar\\\/7ae2aaabfe5b8d5c7b9361e91002ca9ec93c38c63c9a1d06ae19f03a5dc70dd7?s=96&d=mm&r=g\",\"url\":\"https:\\\/\\\/secure.gravatar.com\\\/avatar\\\/7ae2aaabfe5b8d5c7b9361e91002ca9ec93c38c63c9a1d06ae19f03a5dc70dd7?s=96&d=mm&r=g\",\"contentUrl\":\"https:\\\/\\\/secure.gravatar.com\\\/avatar\\\/7ae2aaabfe5b8d5c7b9361e91002ca9ec93c38c63c9a1d06ae19f03a5dc70dd7?s=96&d=mm&r=g\",\"caption\":\"Regis Martinage\"},\"url\":\"https:\\\/\\\/regions-snetap-fsu.fr\\\/hdf\\\/author\\\/r-martinage\\\/\"}]}<\/script>\n<!-- \/ Yoast SEO plugin. -->","yoast_head_json":{"title":"Stages FSU de novembre et d\u00e9cembre - HAUTS-DE-FRANCE","robots":{"index":"index","follow":"follow","max-snippet":"max-snippet:-1","max-image-preview":"max-image-preview:large","max-video-preview":"max-video-preview:-1"},"canonical":"https:\/\/regions-snetap-fsu.fr\/hdf\/2018\/10\/31\/stages-fsu-de-novembre-et-decembre\/","og_locale":"fr_FR","og_type":"article","og_title":"Stages FSU de novembre et d\u00e9cembre - HAUTS-DE-FRANCE","og_description":"Stages FSU de novembre et d\u00e9cembre. Vous trouverez ci-dessous plusieurs stages : Journ\u00e9es d&rsquo;Automne FPQE Extr\u00eame Droite \u00c9cole et radicalisation Les inscriptions se font sur https:\/\/stagefsu.onetab.fr\/ Si ce n&rsquo;est d\u00e9j\u00e0 fait, ne tardez pas \u00e0 ouvrir un compte pour pouvoir vous inscrire !","og_url":"https:\/\/regions-snetap-fsu.fr\/hdf\/2018\/10\/31\/stages-fsu-de-novembre-et-decembre\/","og_site_name":"HAUTS-DE-FRANCE","article_published_time":"2018-10-31T11:52:37+00:00","article_modified_time":"2018-11-19T22:03:22+00:00","author":"Regis Martinage","twitter_card":"summary_large_image","twitter_creator":"@MartinageSnetap","twitter_site":"@MartinageSnetap","twitter_misc":{"\u00c9crit par":"Regis Martinage","Dur\u00e9e de lecture estim\u00e9e":"5 minutes"},"schema":{"@context":"https:\/\/schema.org","@graph":[{"@type":"Article","@id":"https:\/\/regions-snetap-fsu.fr\/hdf\/2018\/10\/31\/stages-fsu-de-novembre-et-decembre\/#article","isPartOf":{"@id":"https:\/\/regions-snetap-fsu.fr\/hdf\/2018\/10\/31\/stages-fsu-de-novembre-et-decembre\/"},"author":{"name":"Regis Martinage","@id":"https:\/\/regions-snetap-fsu.fr\/hdf\/#\/schema\/person\/fa09b77e508eb2889a1c2dd6f4cf3149"},"headline":"Stages FSU de novembre et d\u00e9cembre","datePublished":"2018-10-31T11:52:37+00:00","dateModified":"2018-11-19T22:03:22+00:00","mainEntityOfPage":{"@id":"https:\/\/regions-snetap-fsu.fr\/hdf\/2018\/10\/31\/stages-fsu-de-novembre-et-decembre\/"},"wordCount":1000,"publisher":{"@id":"https:\/\/regions-snetap-fsu.fr\/hdf\/#organization"},"articleSection":["Stages"],"inLanguage":"fr-FR"},{"@type":"WebPage","@id":"https:\/\/regions-snetap-fsu.fr\/hdf\/2018\/10\/31\/stages-fsu-de-novembre-et-decembre\/","url":"https:\/\/regions-snetap-fsu.fr\/hdf\/2018\/10\/31\/stages-fsu-de-novembre-et-decembre\/","name":"Stages FSU de novembre et d\u00e9cembre - HAUTS-DE-FRANCE","isPartOf":{"@id":"https:\/\/regions-snetap-fsu.fr\/hdf\/#website"},"datePublished":"2018-10-31T11:52:37+00:00","dateModified":"2018-11-19T22:03:22+00:00","breadcrumb":{"@id":"https:\/\/regions-snetap-fsu.fr\/hdf\/2018\/10\/31\/stages-fsu-de-novembre-et-decembre\/#breadcrumb"},"inLanguage":"fr-FR","potentialAction":[{"@type":"ReadAction","target":["https:\/\/regions-snetap-fsu.fr\/hdf\/2018\/10\/31\/stages-fsu-de-novembre-et-decembre\/"]}]},{"@type":"BreadcrumbList","@id":"https:\/\/regions-snetap-fsu.fr\/hdf\/2018\/10\/31\/stages-fsu-de-novembre-et-decembre\/#breadcrumb","itemListElement":[{"@type":"ListItem","position":1,"name":"Accueil","item":"https:\/\/regions-snetap-fsu.fr\/hdf\/"},{"@type":"ListItem","position":2,"name":"Stages","item":"https:\/\/regions-snetap-fsu.fr\/hdf\/category\/stages\/"},{"@type":"ListItem","position":3,"name":"Stages FSU de novembre et d\u00e9cembre"}]},{"@type":"WebSite","@id":"https:\/\/regions-snetap-fsu.fr\/hdf\/#website","url":"https:\/\/regions-snetap-fsu.fr\/hdf\/","name":"HAUTS-DE-FRANCE","description":"Section r\u00e9gionale","publisher":{"@id":"https:\/\/regions-snetap-fsu.fr\/hdf\/#organization"},"potentialAction":[{"@type":"SearchAction","target":{"@type":"EntryPoint","urlTemplate":"https:\/\/regions-snetap-fsu.fr\/hdf\/?s={search_term_string}"},"query-input":{"@type":"PropertyValueSpecification","valueRequired":true,"valueName":"search_term_string"}}],"inLanguage":"fr-FR"},{"@type":"Organization","@id":"https:\/\/regions-snetap-fsu.fr\/hdf\/#organization","name":"SNETAP-FSU - HAUTS-DE-FRANCE","url":"https:\/\/regions-snetap-fsu.fr\/hdf\/","logo":{"@type":"ImageObject","inLanguage":"fr-FR","@id":"https:\/\/regions-snetap-fsu.fr\/hdf\/#\/schema\/logo\/image\/","url":"https:\/\/regions-snetap-fsu.fr\/hdf\/wp-content\/uploads\/sites\/5\/2020\/12\/SNETAP-Logo.jpg","contentUrl":"https:\/\/regions-snetap-fsu.fr\/hdf\/wp-content\/uploads\/sites\/5\/2020\/12\/SNETAP-Logo.jpg","width":464,"height":334,"caption":"SNETAP-FSU - HAUTS-DE-FRANCE"},"image":{"@id":"https:\/\/regions-snetap-fsu.fr\/hdf\/#\/schema\/logo\/image\/"},"sameAs":["https:\/\/x.com\/MartinageSnetap"]},{"@type":"Person","@id":"https:\/\/regions-snetap-fsu.fr\/hdf\/#\/schema\/person\/fa09b77e508eb2889a1c2dd6f4cf3149","name":"Regis Martinage","image":{"@type":"ImageObject","inLanguage":"fr-FR","@id":"https:\/\/secure.gravatar.com\/avatar\/7ae2aaabfe5b8d5c7b9361e91002ca9ec93c38c63c9a1d06ae19f03a5dc70dd7?s=96&d=mm&r=g","url":"https:\/\/secure.gravatar.com\/avatar\/7ae2aaabfe5b8d5c7b9361e91002ca9ec93c38c63c9a1d06ae19f03a5dc70dd7?s=96&d=mm&r=g","contentUrl":"https:\/\/secure.gravatar.com\/avatar\/7ae2aaabfe5b8d5c7b9361e91002ca9ec93c38c63c9a1d06ae19f03a5dc70dd7?s=96&d=mm&r=g","caption":"Regis Martinage"},"url":"https:\/\/regions-snetap-fsu.fr\/hdf\/author\/r-martinage\/"}]}},"_links":{"self":[{"href":"https:\/\/regions-snetap-fsu.fr\/hdf\/wp-json\/wp\/v2\/posts\/802","targetHints":{"allow":["GET"]}}],"collection":[{"href":"https:\/\/regions-snetap-fsu.fr\/hdf\/wp-json\/wp\/v2\/posts"}],"about":[{"href":"https:\/\/regions-snetap-fsu.fr\/hdf\/wp-json\/wp\/v2\/types\/post"}],"author":[{"embeddable":true,"href":"https:\/\/regions-snetap-fsu.fr\/hdf\/wp-json\/wp\/v2\/users\/88"}],"replies":[{"embeddable":true,"href":"https:\/\/regions-snetap-fsu.fr\/hdf\/wp-json\/wp\/v2\/comments?post=802"}],"version-history":[{"count":31,"href":"https:\/\/regions-snetap-fsu.fr\/hdf\/wp-json\/wp\/v2\/posts\/802\/revisions"}],"predecessor-version":[{"id":1049,"href":"https:\/\/regions-snetap-fsu.fr\/hdf\/wp-json\/wp\/v2\/posts\/802\/revisions\/1049"}],"wp:attachment":[{"href":"https:\/\/regions-snetap-fsu.fr\/hdf\/wp-json\/wp\/v2\/media?parent=802"}],"wp:term":[{"taxonomy":"category","embeddable":true,"href":"https:\/\/regions-snetap-fsu.fr\/hdf\/wp-json\/wp\/v2\/categories?post=802"},{"taxonomy":"post_tag","embeddable":true,"href":"https:\/\/regions-snetap-fsu.fr\/hdf\/wp-json\/wp\/v2\/tags?post=802"},{"taxonomy":"post_folder","embeddable":true,"href":"https:\/\/regions-snetap-fsu.fr\/hdf\/wp-json\/wp\/v2\/post_folder?post=802"}],"curies":[{"name":"wp","href":"https:\/\/api.w.org\/{rel}","templated":true}]}}