{"id":6590,"date":"2021-03-27T10:28:01","date_gmt":"2021-03-27T09:28:01","guid":{"rendered":"https:\/\/regions-snetap-fsu.fr\/hdf\/?p=6590"},"modified":"2021-03-27T10:45:38","modified_gmt":"2021-03-27T09:45:38","slug":"mobilisation-des-retraite-es-mercredi-31-mars-2021","status":"publish","type":"post","link":"https:\/\/regions-snetap-fsu.fr\/hdf\/2021\/03\/27\/mobilisation-des-retraite-es-mercredi-31-mars-2021\/","title":{"rendered":"Mobilisation des retrait\u00e9.es  mercredi 31 mars 2021."},"content":{"rendered":"<h2 style=\"text-align: center\"><span style=\"font-family: tahoma, arial, helvetica, sans-serif;color: #ff0000\">Journ\u00e9e nationale de rassemblements, d&rsquo;actions et de manifestations des retrait\u00e9\u00b7es dans tous les territoires le 31 mars 2021<\/span><\/h2>\n<p style=\"text-align: justify\"><span style=\"font-family: tahoma, arial, helvetica, sans-serif;color: #0000ff\">Au lien ci-dessous, la d\u00e9claration du groupe des 9, organisations syndicales et associations de retrait\u00e9\u00b7es, appelant \u00e0 une mobilisation des retrait\u00e9\u00b7es dans tous les territoires pour le mercredi 31 mars 2021.<\/span><\/p>\n<p><a href=\"https:\/\/www.snetap-fsu.fr\/Mobilisation-des-retraite-es-dans-tous-les-territoires-le-mercredi-31-mars-2021.html\" target=\"_blank\" rel=\"noopener\"><span style=\"font-family: tahoma, arial, helvetica, sans-serif\">Lien : SNETAP-FSU &#8211; Mobilisation des retrait\u00e9\u00b7es dans tous les territoires le mercredi 31 mars 2021<\/span><\/a><\/p>\n<h3 style=\"text-align: center\"><span style=\"font-family: tahoma, arial, helvetica, sans-serif;color: #ff0000\">Les organisations de retrait\u00e9\u00b7es du Nord organisent les actions du 31 mars:<\/span><\/h3>\n<ul>\n<li style=\"text-align: justify\"><span style=\"font-family: tahoma, arial, helvetica, sans-serif;color: #0000ff\">Rassemblements locaux le matin.<\/span><\/li>\n<li style=\"text-align: justify\"><span style=\"font-family: tahoma, arial, helvetica, sans-serif;color: #0000ff\">Demande d&rsquo;audience au Pr\u00e9fet pour le 31 mars.<\/span><\/li>\n<li style=\"text-align: justify\"><strong><span style=\"font-family: tahoma, arial, helvetica, sans-serif;color: #0000ff\">Rassemblement \u00e0 Lille Place de la R\u00e9publique \u00e0 14h30.<\/span><\/strong><\/li>\n<li style=\"text-align: justify\"><span style=\"font-family: tahoma, arial, helvetica, sans-serif;color: #0000ff\">Lettre \u00e0 l&rsquo;agence R\u00e9gionale de Sant\u00e9 (ARS) sur la campagne de vaccination.<\/span><\/li>\n<li style=\"text-align: justify\"><span style=\"font-family: tahoma, arial, helvetica, sans-serif;color: #0000ff\">Courrier aux \u00e9lus.<\/span><\/li>\n<\/ul>\n<h3 style=\"text-align: center\" align=\"center\"><span style=\"font-family: tahoma, arial, helvetica, sans-serif;font-size: 14pt;color: #ff0000\"><b>Protocole Covid-19<\/b><\/span><\/h3>\n<p style=\"text-align: justify\"><span style=\"font-family: tahoma, arial, helvetica, sans-serif;font-size: 10pt;color: #ff0000\">La crise sanitaire caus\u00e9e par le coronavirus n\u00e9cessite le suivi rigoureux de plusieurs mesures afin d\u2019\u00e9viter la propagation de l\u2019\u00e9pid\u00e9mie.<\/span><\/p>\n<p style=\"text-align: justify\"><span style=\"font-family: tahoma, arial, helvetica, sans-serif;font-size: 10pt;color: #ff0000\">1. Si vous avez des\u00a0<span style=\"color: #000000\"><a style=\"color: #000000\" href=\"https:\/\/www.ameli.fr\/assure\/covid-19\/reconnaitre-la-maladie-et-ses-symptomes-adopter-les-bons-gestes\/covid-19-reconnaitre-la-maladie-et-ses-symptomes-adopter-les-bons-gestes#text_109936\" target=\"_blank\" rel=\"noopener\">sympt\u00f4mes<\/a><\/span>\u00a0ou que vous avez \u00e9t\u00e9 en contact avec une personne test\u00e9e positive dans les jours pr\u00e9c\u00e9dents ou le jour de l\u2019\u00e9v\u00e9nement, et n\u2019avez pas encore eu l\u2019occasion de vous faire tester, restez chez vous. Pour rappel, vous \u00eates cas contact quand vous avez eu un contact \u00e0 moins d\u2019un m\u00e8tre, sans masque et pendant plus de 15 minutes avec une personne test\u00e9e positive.\u00a0<\/span><\/p>\n<p style=\"text-align: justify\"><span style=\"font-family: tahoma, arial, helvetica, sans-serif;font-size: 10pt;color: #ff0000\">2. Tout au long de la mobilisation, les distances physiques doivent \u00eatre respect\u00e9es avec les autres participant\u00b7es (minimum 1 m\u00e8tre de distance) et chacun et chacune doit appliquer les gestes barri\u00e8res.\u00a0<\/span><\/p>\n<p style=\"text-align: justify\"><span style=\"font-family: tahoma, arial, helvetica, sans-serif;font-size: 10pt;color: #ff0000\">3. Le port du masque est obligatoire pendant toute la dur\u00e9e de la mobilisation.\u00a0<\/span><\/p>\n<p style=\"text-align: justify\"><span style=\"font-family: tahoma, arial, helvetica, sans-serif;font-size: 10pt;color: #ff0000\">4. Toutes et tous les participant\u00b7es doivent avoir sur eux du gel hydroalcoolique pour pouvoir s\u2019en appliquer r\u00e9guli\u00e8rement.\u00a0<\/span><\/p>\n","protected":false},"excerpt":{"rendered":"<p>Journ\u00e9e nationale de rassemblements, d&rsquo;actions et de manifestations des retrait\u00e9\u00b7es dans tous les territoires le 31 mars 2021 Au lien ci-dessous, la d\u00e9claration du groupe des 9, organisations syndicales et associations de retrait\u00e9\u00b7es, appelant \u00e0 une mobilisation des retrait\u00e9\u00b7es dans tous les territoires pour le mercredi 31 mars 2021. Lien : SNETAP-FSU &#8211; Mobilisation des [&hellip;]<\/p>\n","protected":false},"author":88,"featured_media":6180,"comment_status":"closed","ping_status":"closed","sticky":false,"template":"","format":"standard","meta":{"ocean_post_layout":"","ocean_both_sidebars_style":"","ocean_both_sidebars_content_width":0,"ocean_both_sidebars_sidebars_width":0,"ocean_sidebar":"0","ocean_second_sidebar":"0","ocean_disable_margins":"enable","ocean_add_body_class":"","ocean_shortcode_before_top_bar":"","ocean_shortcode_after_top_bar":"","ocean_shortcode_before_header":"","ocean_shortcode_after_header":"","ocean_has_shortcode":"","ocean_shortcode_after_title":"","ocean_shortcode_before_footer_widgets":"","ocean_shortcode_after_footer_widgets":"","ocean_shortcode_before_footer_bottom":"","ocean_shortcode_after_footer_bottom":"","ocean_display_top_bar":"default","ocean_display_header":"default","ocean_header_style":"","ocean_center_header_left_menu":"0","ocean_custom_header_template":"0","ocean_custom_logo":0,"ocean_custom_retina_logo":0,"ocean_custom_logo_max_width":0,"ocean_custom_logo_tablet_max_width":0,"ocean_custom_logo_mobile_max_width":0,"ocean_custom_logo_max_height":0,"ocean_custom_logo_tablet_max_height":0,"ocean_custom_logo_mobile_max_height":0,"ocean_header_custom_menu":"0","ocean_menu_typo_font_family":"0","ocean_menu_typo_font_subset":"","ocean_menu_typo_font_size":0,"ocean_menu_typo_font_size_tablet":0,"ocean_menu_typo_font_size_mobile":0,"ocean_menu_typo_font_size_unit":"px","ocean_menu_typo_font_weight":"","ocean_menu_typo_font_weight_tablet":"","ocean_menu_typo_font_weight_mobile":"","ocean_menu_typo_transform":"","ocean_menu_typo_transform_tablet":"","ocean_menu_typo_transform_mobile":"","ocean_menu_typo_line_height":0,"ocean_menu_typo_line_height_tablet":0,"ocean_menu_typo_line_height_mobile":0,"ocean_menu_typo_line_height_unit":"","ocean_menu_typo_spacing":0,"ocean_menu_typo_spacing_tablet":0,"ocean_menu_typo_spacing_mobile":0,"ocean_menu_typo_spacing_unit":"","ocean_menu_link_color":"","ocean_menu_link_color_hover":"","ocean_menu_link_color_active":"","ocean_menu_link_background":"","ocean_menu_link_hover_background":"","ocean_menu_link_active_background":"","ocean_menu_social_links_bg":"","ocean_menu_social_hover_links_bg":"","ocean_menu_social_links_color":"","ocean_menu_social_hover_links_color":"","ocean_disable_title":"default","ocean_disable_heading":"default","ocean_post_title":"","ocean_post_subheading":"","ocean_post_title_style":"","ocean_post_title_background_color":"","ocean_post_title_background":0,"ocean_post_title_bg_image_position":"","ocean_post_title_bg_image_attachment":"","ocean_post_title_bg_image_repeat":"","ocean_post_title_bg_image_size":"","ocean_post_title_height":0,"ocean_post_title_bg_overlay":0.5,"ocean_post_title_bg_overlay_color":"","ocean_disable_breadcrumbs":"default","ocean_breadcrumbs_color":"","ocean_breadcrumbs_separator_color":"","ocean_breadcrumbs_links_color":"","ocean_breadcrumbs_links_hover_color":"","ocean_display_footer_widgets":"default","ocean_display_footer_bottom":"default","ocean_custom_footer_template":"0","ocean_post_oembed":"","ocean_post_self_hosted_media":"","ocean_post_video_embed":"","ocean_link_format":"","ocean_link_format_target":"self","ocean_quote_format":"","ocean_quote_format_link":"post","ocean_gallery_link_images":"off","ocean_gallery_id":[],"footnotes":""},"categories":[2,35],"tags":[],"post_folder":[],"class_list":["post-6590","post","type-post","status-publish","format-standard","has-post-thumbnail","hentry","category-actions-greves-manifs","category-communiques-retraites","entry","has-media"],"yoast_head":"<!-- This site is optimized with the Yoast SEO plugin v27.4 - https:\/\/yoast.com\/product\/yoast-seo-wordpress\/ -->\n<title>Mobilisation des retrait\u00e9.es mercredi 31 mars 2021. - HAUTS-DE-FRANCE<\/title>\n<meta name=\"robots\" content=\"index, follow, max-snippet:-1, max-image-preview:large, max-video-preview:-1\" \/>\n<link rel=\"canonical\" href=\"https:\/\/regions-snetap-fsu.fr\/hdf\/2021\/03\/27\/mobilisation-des-retraite-es-mercredi-31-mars-2021\/\" \/>\n<meta property=\"og:locale\" content=\"fr_FR\" \/>\n<meta property=\"og:type\" content=\"article\" \/>\n<meta property=\"og:title\" content=\"Mobilisation des retrait\u00e9.es mercredi 31 mars 2021. - HAUTS-DE-FRANCE\" \/>\n<meta property=\"og:description\" content=\"Journ\u00e9e nationale de rassemblements, d&rsquo;actions et de manifestations des retrait\u00e9\u00b7es dans tous les territoires le 31 mars 2021 Au lien ci-dessous, la d\u00e9claration du groupe des 9, organisations syndicales et associations de retrait\u00e9\u00b7es, appelant \u00e0 une mobilisation des retrait\u00e9\u00b7es dans tous les territoires pour le mercredi 31 mars 2021. Lien : SNETAP-FSU &#8211; Mobilisation des [&hellip;]\" \/>\n<meta property=\"og:url\" content=\"https:\/\/regions-snetap-fsu.fr\/hdf\/2021\/03\/27\/mobilisation-des-retraite-es-mercredi-31-mars-2021\/\" \/>\n<meta property=\"og:site_name\" content=\"HAUTS-DE-FRANCE\" \/>\n<meta property=\"article:published_time\" content=\"2021-03-27T09:28:01+00:00\" \/>\n<meta property=\"article:modified_time\" content=\"2021-03-27T09:45:38+00:00\" \/>\n<meta property=\"og:image\" content=\"https:\/\/regions-snetap-fsu.fr\/hdf\/wp-content\/uploads\/sites\/5\/2021\/01\/Rassemblements.jpg\" \/>\n\t<meta property=\"og:image:width\" content=\"435\" \/>\n\t<meta property=\"og:image:height\" content=\"200\" \/>\n\t<meta property=\"og:image:type\" content=\"image\/jpeg\" \/>\n<meta name=\"author\" content=\"Regis Martinage\" \/>\n<meta name=\"twitter:card\" content=\"summary_large_image\" \/>\n<meta name=\"twitter:creator\" content=\"@MartinageSnetap\" \/>\n<meta name=\"twitter:site\" content=\"@MartinageSnetap\" \/>\n<meta name=\"twitter:label1\" content=\"\u00c9crit par\" \/>\n\t<meta name=\"twitter:data1\" content=\"Regis Martinage\" \/>\n\t<meta name=\"twitter:label2\" content=\"Dur\u00e9e de lecture estim\u00e9e\" \/>\n\t<meta name=\"twitter:data2\" content=\"1 minute\" \/>\n<script type=\"application\/ld+json\" class=\"yoast-schema-graph\">{\"@context\":\"https:\\\/\\\/schema.org\",\"@graph\":[{\"@type\":\"Article\",\"@id\":\"https:\\\/\\\/regions-snetap-fsu.fr\\\/hdf\\\/2021\\\/03\\\/27\\\/mobilisation-des-retraite-es-mercredi-31-mars-2021\\\/#article\",\"isPartOf\":{\"@id\":\"https:\\\/\\\/regions-snetap-fsu.fr\\\/hdf\\\/2021\\\/03\\\/27\\\/mobilisation-des-retraite-es-mercredi-31-mars-2021\\\/\"},\"author\":{\"name\":\"Regis Martinage\",\"@id\":\"https:\\\/\\\/regions-snetap-fsu.fr\\\/hdf\\\/#\\\/schema\\\/person\\\/fa09b77e508eb2889a1c2dd6f4cf3149\"},\"headline\":\"Mobilisation des retrait\u00e9.es mercredi 31 mars 2021.\",\"datePublished\":\"2021-03-27T09:28:01+00:00\",\"dateModified\":\"2021-03-27T09:45:38+00:00\",\"mainEntityOfPage\":{\"@id\":\"https:\\\/\\\/regions-snetap-fsu.fr\\\/hdf\\\/2021\\\/03\\\/27\\\/mobilisation-des-retraite-es-mercredi-31-mars-2021\\\/\"},\"wordCount\":290,\"publisher\":{\"@id\":\"https:\\\/\\\/regions-snetap-fsu.fr\\\/hdf\\\/#organization\"},\"image\":{\"@id\":\"https:\\\/\\\/regions-snetap-fsu.fr\\\/hdf\\\/2021\\\/03\\\/27\\\/mobilisation-des-retraite-es-mercredi-31-mars-2021\\\/#primaryimage\"},\"thumbnailUrl\":\"https:\\\/\\\/regions-snetap-fsu.fr\\\/hdf\\\/wp-content\\\/uploads\\\/sites\\\/5\\\/2021\\\/01\\\/Rassemblements.jpg\",\"articleSection\":[\"Actions - Gr\u00e8ves - Manifs\",\"Communiqu\u00e9s retraites\"],\"inLanguage\":\"fr-FR\"},{\"@type\":\"WebPage\",\"@id\":\"https:\\\/\\\/regions-snetap-fsu.fr\\\/hdf\\\/2021\\\/03\\\/27\\\/mobilisation-des-retraite-es-mercredi-31-mars-2021\\\/\",\"url\":\"https:\\\/\\\/regions-snetap-fsu.fr\\\/hdf\\\/2021\\\/03\\\/27\\\/mobilisation-des-retraite-es-mercredi-31-mars-2021\\\/\",\"name\":\"Mobilisation des retrait\u00e9.es mercredi 31 mars 2021. - HAUTS-DE-FRANCE\",\"isPartOf\":{\"@id\":\"https:\\\/\\\/regions-snetap-fsu.fr\\\/hdf\\\/#website\"},\"primaryImageOfPage\":{\"@id\":\"https:\\\/\\\/regions-snetap-fsu.fr\\\/hdf\\\/2021\\\/03\\\/27\\\/mobilisation-des-retraite-es-mercredi-31-mars-2021\\\/#primaryimage\"},\"image\":{\"@id\":\"https:\\\/\\\/regions-snetap-fsu.fr\\\/hdf\\\/2021\\\/03\\\/27\\\/mobilisation-des-retraite-es-mercredi-31-mars-2021\\\/#primaryimage\"},\"thumbnailUrl\":\"https:\\\/\\\/regions-snetap-fsu.fr\\\/hdf\\\/wp-content\\\/uploads\\\/sites\\\/5\\\/2021\\\/01\\\/Rassemblements.jpg\",\"datePublished\":\"2021-03-27T09:28:01+00:00\",\"dateModified\":\"2021-03-27T09:45:38+00:00\",\"breadcrumb\":{\"@id\":\"https:\\\/\\\/regions-snetap-fsu.fr\\\/hdf\\\/2021\\\/03\\\/27\\\/mobilisation-des-retraite-es-mercredi-31-mars-2021\\\/#breadcrumb\"},\"inLanguage\":\"fr-FR\",\"potentialAction\":[{\"@type\":\"ReadAction\",\"target\":[\"https:\\\/\\\/regions-snetap-fsu.fr\\\/hdf\\\/2021\\\/03\\\/27\\\/mobilisation-des-retraite-es-mercredi-31-mars-2021\\\/\"]}]},{\"@type\":\"ImageObject\",\"inLanguage\":\"fr-FR\",\"@id\":\"https:\\\/\\\/regions-snetap-fsu.fr\\\/hdf\\\/2021\\\/03\\\/27\\\/mobilisation-des-retraite-es-mercredi-31-mars-2021\\\/#primaryimage\",\"url\":\"https:\\\/\\\/regions-snetap-fsu.fr\\\/hdf\\\/wp-content\\\/uploads\\\/sites\\\/5\\\/2021\\\/01\\\/Rassemblements.jpg\",\"contentUrl\":\"https:\\\/\\\/regions-snetap-fsu.fr\\\/hdf\\\/wp-content\\\/uploads\\\/sites\\\/5\\\/2021\\\/01\\\/Rassemblements.jpg\",\"width\":435,\"height\":200},{\"@type\":\"BreadcrumbList\",\"@id\":\"https:\\\/\\\/regions-snetap-fsu.fr\\\/hdf\\\/2021\\\/03\\\/27\\\/mobilisation-des-retraite-es-mercredi-31-mars-2021\\\/#breadcrumb\",\"itemListElement\":[{\"@type\":\"ListItem\",\"position\":1,\"name\":\"Accueil\",\"item\":\"https:\\\/\\\/regions-snetap-fsu.fr\\\/hdf\\\/\"},{\"@type\":\"ListItem\",\"position\":2,\"name\":\"Actions - Gr\u00e8ves - Manifs\",\"item\":\"https:\\\/\\\/regions-snetap-fsu.fr\\\/hdf\\\/category\\\/actions-greves-manifs\\\/\"},{\"@type\":\"ListItem\",\"position\":3,\"name\":\"Mobilisation des retrait\u00e9.es mercredi 31 mars 2021.\"}]},{\"@type\":\"WebSite\",\"@id\":\"https:\\\/\\\/regions-snetap-fsu.fr\\\/hdf\\\/#website\",\"url\":\"https:\\\/\\\/regions-snetap-fsu.fr\\\/hdf\\\/\",\"name\":\"HAUTS-DE-FRANCE\",\"description\":\"Section r\u00e9gionale\",\"publisher\":{\"@id\":\"https:\\\/\\\/regions-snetap-fsu.fr\\\/hdf\\\/#organization\"},\"potentialAction\":[{\"@type\":\"SearchAction\",\"target\":{\"@type\":\"EntryPoint\",\"urlTemplate\":\"https:\\\/\\\/regions-snetap-fsu.fr\\\/hdf\\\/?s={search_term_string}\"},\"query-input\":{\"@type\":\"PropertyValueSpecification\",\"valueRequired\":true,\"valueName\":\"search_term_string\"}}],\"inLanguage\":\"fr-FR\"},{\"@type\":\"Organization\",\"@id\":\"https:\\\/\\\/regions-snetap-fsu.fr\\\/hdf\\\/#organization\",\"name\":\"SNETAP-FSU - HAUTS-DE-FRANCE\",\"url\":\"https:\\\/\\\/regions-snetap-fsu.fr\\\/hdf\\\/\",\"logo\":{\"@type\":\"ImageObject\",\"inLanguage\":\"fr-FR\",\"@id\":\"https:\\\/\\\/regions-snetap-fsu.fr\\\/hdf\\\/#\\\/schema\\\/logo\\\/image\\\/\",\"url\":\"https:\\\/\\\/regions-snetap-fsu.fr\\\/hdf\\\/wp-content\\\/uploads\\\/sites\\\/5\\\/2020\\\/12\\\/SNETAP-Logo.jpg\",\"contentUrl\":\"https:\\\/\\\/regions-snetap-fsu.fr\\\/hdf\\\/wp-content\\\/uploads\\\/sites\\\/5\\\/2020\\\/12\\\/SNETAP-Logo.jpg\",\"width\":464,\"height\":334,\"caption\":\"SNETAP-FSU - HAUTS-DE-FRANCE\"},\"image\":{\"@id\":\"https:\\\/\\\/regions-snetap-fsu.fr\\\/hdf\\\/#\\\/schema\\\/logo\\\/image\\\/\"},\"sameAs\":[\"https:\\\/\\\/x.com\\\/MartinageSnetap\"]},{\"@type\":\"Person\",\"@id\":\"https:\\\/\\\/regions-snetap-fsu.fr\\\/hdf\\\/#\\\/schema\\\/person\\\/fa09b77e508eb2889a1c2dd6f4cf3149\",\"name\":\"Regis Martinage\",\"image\":{\"@type\":\"ImageObject\",\"inLanguage\":\"fr-FR\",\"@id\":\"https:\\\/\\\/secure.gravatar.com\\\/avatar\\\/7ae2aaabfe5b8d5c7b9361e91002ca9ec93c38c63c9a1d06ae19f03a5dc70dd7?s=96&d=mm&r=g\",\"url\":\"https:\\\/\\\/secure.gravatar.com\\\/avatar\\\/7ae2aaabfe5b8d5c7b9361e91002ca9ec93c38c63c9a1d06ae19f03a5dc70dd7?s=96&d=mm&r=g\",\"contentUrl\":\"https:\\\/\\\/secure.gravatar.com\\\/avatar\\\/7ae2aaabfe5b8d5c7b9361e91002ca9ec93c38c63c9a1d06ae19f03a5dc70dd7?s=96&d=mm&r=g\",\"caption\":\"Regis Martinage\"},\"url\":\"https:\\\/\\\/regions-snetap-fsu.fr\\\/hdf\\\/author\\\/r-martinage\\\/\"}]}<\/script>\n<!-- \/ Yoast SEO plugin. -->","yoast_head_json":{"title":"Mobilisation des retrait\u00e9.es mercredi 31 mars 2021. - HAUTS-DE-FRANCE","robots":{"index":"index","follow":"follow","max-snippet":"max-snippet:-1","max-image-preview":"max-image-preview:large","max-video-preview":"max-video-preview:-1"},"canonical":"https:\/\/regions-snetap-fsu.fr\/hdf\/2021\/03\/27\/mobilisation-des-retraite-es-mercredi-31-mars-2021\/","og_locale":"fr_FR","og_type":"article","og_title":"Mobilisation des retrait\u00e9.es mercredi 31 mars 2021. - HAUTS-DE-FRANCE","og_description":"Journ\u00e9e nationale de rassemblements, d&rsquo;actions et de manifestations des retrait\u00e9\u00b7es dans tous les territoires le 31 mars 2021 Au lien ci-dessous, la d\u00e9claration du groupe des 9, organisations syndicales et associations de retrait\u00e9\u00b7es, appelant \u00e0 une mobilisation des retrait\u00e9\u00b7es dans tous les territoires pour le mercredi 31 mars 2021. Lien : SNETAP-FSU &#8211; Mobilisation des [&hellip;]","og_url":"https:\/\/regions-snetap-fsu.fr\/hdf\/2021\/03\/27\/mobilisation-des-retraite-es-mercredi-31-mars-2021\/","og_site_name":"HAUTS-DE-FRANCE","article_published_time":"2021-03-27T09:28:01+00:00","article_modified_time":"2021-03-27T09:45:38+00:00","og_image":[{"width":435,"height":200,"url":"https:\/\/regions-snetap-fsu.fr\/hdf\/wp-content\/uploads\/sites\/5\/2021\/01\/Rassemblements.jpg","type":"image\/jpeg"}],"author":"Regis Martinage","twitter_card":"summary_large_image","twitter_creator":"@MartinageSnetap","twitter_site":"@MartinageSnetap","twitter_misc":{"\u00c9crit par":"Regis Martinage","Dur\u00e9e de lecture estim\u00e9e":"1 minute"},"schema":{"@context":"https:\/\/schema.org","@graph":[{"@type":"Article","@id":"https:\/\/regions-snetap-fsu.fr\/hdf\/2021\/03\/27\/mobilisation-des-retraite-es-mercredi-31-mars-2021\/#article","isPartOf":{"@id":"https:\/\/regions-snetap-fsu.fr\/hdf\/2021\/03\/27\/mobilisation-des-retraite-es-mercredi-31-mars-2021\/"},"author":{"name":"Regis Martinage","@id":"https:\/\/regions-snetap-fsu.fr\/hdf\/#\/schema\/person\/fa09b77e508eb2889a1c2dd6f4cf3149"},"headline":"Mobilisation des retrait\u00e9.es mercredi 31 mars 2021.","datePublished":"2021-03-27T09:28:01+00:00","dateModified":"2021-03-27T09:45:38+00:00","mainEntityOfPage":{"@id":"https:\/\/regions-snetap-fsu.fr\/hdf\/2021\/03\/27\/mobilisation-des-retraite-es-mercredi-31-mars-2021\/"},"wordCount":290,"publisher":{"@id":"https:\/\/regions-snetap-fsu.fr\/hdf\/#organization"},"image":{"@id":"https:\/\/regions-snetap-fsu.fr\/hdf\/2021\/03\/27\/mobilisation-des-retraite-es-mercredi-31-mars-2021\/#primaryimage"},"thumbnailUrl":"https:\/\/regions-snetap-fsu.fr\/hdf\/wp-content\/uploads\/sites\/5\/2021\/01\/Rassemblements.jpg","articleSection":["Actions - Gr\u00e8ves - Manifs","Communiqu\u00e9s retraites"],"inLanguage":"fr-FR"},{"@type":"WebPage","@id":"https:\/\/regions-snetap-fsu.fr\/hdf\/2021\/03\/27\/mobilisation-des-retraite-es-mercredi-31-mars-2021\/","url":"https:\/\/regions-snetap-fsu.fr\/hdf\/2021\/03\/27\/mobilisation-des-retraite-es-mercredi-31-mars-2021\/","name":"Mobilisation des retrait\u00e9.es mercredi 31 mars 2021. - HAUTS-DE-FRANCE","isPartOf":{"@id":"https:\/\/regions-snetap-fsu.fr\/hdf\/#website"},"primaryImageOfPage":{"@id":"https:\/\/regions-snetap-fsu.fr\/hdf\/2021\/03\/27\/mobilisation-des-retraite-es-mercredi-31-mars-2021\/#primaryimage"},"image":{"@id":"https:\/\/regions-snetap-fsu.fr\/hdf\/2021\/03\/27\/mobilisation-des-retraite-es-mercredi-31-mars-2021\/#primaryimage"},"thumbnailUrl":"https:\/\/regions-snetap-fsu.fr\/hdf\/wp-content\/uploads\/sites\/5\/2021\/01\/Rassemblements.jpg","datePublished":"2021-03-27T09:28:01+00:00","dateModified":"2021-03-27T09:45:38+00:00","breadcrumb":{"@id":"https:\/\/regions-snetap-fsu.fr\/hdf\/2021\/03\/27\/mobilisation-des-retraite-es-mercredi-31-mars-2021\/#breadcrumb"},"inLanguage":"fr-FR","potentialAction":[{"@type":"ReadAction","target":["https:\/\/regions-snetap-fsu.fr\/hdf\/2021\/03\/27\/mobilisation-des-retraite-es-mercredi-31-mars-2021\/"]}]},{"@type":"ImageObject","inLanguage":"fr-FR","@id":"https:\/\/regions-snetap-fsu.fr\/hdf\/2021\/03\/27\/mobilisation-des-retraite-es-mercredi-31-mars-2021\/#primaryimage","url":"https:\/\/regions-snetap-fsu.fr\/hdf\/wp-content\/uploads\/sites\/5\/2021\/01\/Rassemblements.jpg","contentUrl":"https:\/\/regions-snetap-fsu.fr\/hdf\/wp-content\/uploads\/sites\/5\/2021\/01\/Rassemblements.jpg","width":435,"height":200},{"@type":"BreadcrumbList","@id":"https:\/\/regions-snetap-fsu.fr\/hdf\/2021\/03\/27\/mobilisation-des-retraite-es-mercredi-31-mars-2021\/#breadcrumb","itemListElement":[{"@type":"ListItem","position":1,"name":"Accueil","item":"https:\/\/regions-snetap-fsu.fr\/hdf\/"},{"@type":"ListItem","position":2,"name":"Actions - Gr\u00e8ves - Manifs","item":"https:\/\/regions-snetap-fsu.fr\/hdf\/category\/actions-greves-manifs\/"},{"@type":"ListItem","position":3,"name":"Mobilisation des retrait\u00e9.es mercredi 31 mars 2021."}]},{"@type":"WebSite","@id":"https:\/\/regions-snetap-fsu.fr\/hdf\/#website","url":"https:\/\/regions-snetap-fsu.fr\/hdf\/","name":"HAUTS-DE-FRANCE","description":"Section r\u00e9gionale","publisher":{"@id":"https:\/\/regions-snetap-fsu.fr\/hdf\/#organization"},"potentialAction":[{"@type":"SearchAction","target":{"@type":"EntryPoint","urlTemplate":"https:\/\/regions-snetap-fsu.fr\/hdf\/?s={search_term_string}"},"query-input":{"@type":"PropertyValueSpecification","valueRequired":true,"valueName":"search_term_string"}}],"inLanguage":"fr-FR"},{"@type":"Organization","@id":"https:\/\/regions-snetap-fsu.fr\/hdf\/#organization","name":"SNETAP-FSU - HAUTS-DE-FRANCE","url":"https:\/\/regions-snetap-fsu.fr\/hdf\/","logo":{"@type":"ImageObject","inLanguage":"fr-FR","@id":"https:\/\/regions-snetap-fsu.fr\/hdf\/#\/schema\/logo\/image\/","url":"https:\/\/regions-snetap-fsu.fr\/hdf\/wp-content\/uploads\/sites\/5\/2020\/12\/SNETAP-Logo.jpg","contentUrl":"https:\/\/regions-snetap-fsu.fr\/hdf\/wp-content\/uploads\/sites\/5\/2020\/12\/SNETAP-Logo.jpg","width":464,"height":334,"caption":"SNETAP-FSU - HAUTS-DE-FRANCE"},"image":{"@id":"https:\/\/regions-snetap-fsu.fr\/hdf\/#\/schema\/logo\/image\/"},"sameAs":["https:\/\/x.com\/MartinageSnetap"]},{"@type":"Person","@id":"https:\/\/regions-snetap-fsu.fr\/hdf\/#\/schema\/person\/fa09b77e508eb2889a1c2dd6f4cf3149","name":"Regis Martinage","image":{"@type":"ImageObject","inLanguage":"fr-FR","@id":"https:\/\/secure.gravatar.com\/avatar\/7ae2aaabfe5b8d5c7b9361e91002ca9ec93c38c63c9a1d06ae19f03a5dc70dd7?s=96&d=mm&r=g","url":"https:\/\/secure.gravatar.com\/avatar\/7ae2aaabfe5b8d5c7b9361e91002ca9ec93c38c63c9a1d06ae19f03a5dc70dd7?s=96&d=mm&r=g","contentUrl":"https:\/\/secure.gravatar.com\/avatar\/7ae2aaabfe5b8d5c7b9361e91002ca9ec93c38c63c9a1d06ae19f03a5dc70dd7?s=96&d=mm&r=g","caption":"Regis Martinage"},"url":"https:\/\/regions-snetap-fsu.fr\/hdf\/author\/r-martinage\/"}]}},"_links":{"self":[{"href":"https:\/\/regions-snetap-fsu.fr\/hdf\/wp-json\/wp\/v2\/posts\/6590","targetHints":{"allow":["GET"]}}],"collection":[{"href":"https:\/\/regions-snetap-fsu.fr\/hdf\/wp-json\/wp\/v2\/posts"}],"about":[{"href":"https:\/\/regions-snetap-fsu.fr\/hdf\/wp-json\/wp\/v2\/types\/post"}],"author":[{"embeddable":true,"href":"https:\/\/regions-snetap-fsu.fr\/hdf\/wp-json\/wp\/v2\/users\/88"}],"replies":[{"embeddable":true,"href":"https:\/\/regions-snetap-fsu.fr\/hdf\/wp-json\/wp\/v2\/comments?post=6590"}],"version-history":[{"count":8,"href":"https:\/\/regions-snetap-fsu.fr\/hdf\/wp-json\/wp\/v2\/posts\/6590\/revisions"}],"predecessor-version":[{"id":6601,"href":"https:\/\/regions-snetap-fsu.fr\/hdf\/wp-json\/wp\/v2\/posts\/6590\/revisions\/6601"}],"wp:featuredmedia":[{"embeddable":true,"href":"https:\/\/regions-snetap-fsu.fr\/hdf\/wp-json\/wp\/v2\/media\/6180"}],"wp:attachment":[{"href":"https:\/\/regions-snetap-fsu.fr\/hdf\/wp-json\/wp\/v2\/media?parent=6590"}],"wp:term":[{"taxonomy":"category","embeddable":true,"href":"https:\/\/regions-snetap-fsu.fr\/hdf\/wp-json\/wp\/v2\/categories?post=6590"},{"taxonomy":"post_tag","embeddable":true,"href":"https:\/\/regions-snetap-fsu.fr\/hdf\/wp-json\/wp\/v2\/tags?post=6590"},{"taxonomy":"post_folder","embeddable":true,"href":"https:\/\/regions-snetap-fsu.fr\/hdf\/wp-json\/wp\/v2\/post_folder?post=6590"}],"curies":[{"name":"wp","href":"https:\/\/api.w.org\/{rel}","templated":true}]}}