{"id":5964,"date":"2020-12-06T10:13:59","date_gmt":"2020-12-06T09:13:59","guid":{"rendered":"https:\/\/regions-snetap-fsu.fr\/hdf\/?p=5964"},"modified":"2021-04-08T09:25:07","modified_gmt":"2021-04-08T07:25:07","slug":"ctrea-hauts-de-france-du-23-novembre","status":"publish","type":"post","link":"https:\/\/regions-snetap-fsu.fr\/hdf\/2020\/12\/06\/ctrea-hauts-de-france-du-23-novembre\/","title":{"rendered":"CTREA Hauts-de-France du 23 novembre"},"content":{"rendered":"<h2 style=\"text-align: center\"><span style=\"font-family: tahoma, arial, helvetica, sans-serif\"><span style=\"color: #ff0000\">CTREA Hauts-de-France du 23 novembre 2020, toujours d\u00e9cevant !<\/span><br \/>\n<\/span><\/h2>\n<p style=\"text-align: justify\"><span style=\"font-family: tahoma, arial, helvetica, sans-serif;color: #0000ff\">Apr\u00e8s avoir repris le communiqu\u00e9 du CTREA du 12 novembre, le SNETAP-FSU des Hauts-de-France s&rsquo;est positionn\u00e9 pour les ouvertures dans le Public, hormis le mixage des publics et contre les ouvertures du Priv\u00e9. Les autres organisations syndicales ont suivi notre position.<\/span><\/p>\n<p style=\"text-align: justify\"><span style=\"font-family: tahoma, arial, helvetica, sans-serif;color: #0000ff\">Le SNETAP-FSU appelle le personnel de l&rsquo;Enseignement agricole public \u00e0 une grande vigilance lorsque le mixage des publics est pr\u00e9sent\u00e9 lors des conseils d&rsquo;administration.<\/span><\/p>\n<p style=\"text-align: justify\"><span style=\"text-decoration: underline;font-family: tahoma, arial, helvetica, sans-serif\"><span style=\"color: #000000\"><a style=\"color: #000000;text-decoration: underline\" href=\"https:\/\/www.snetap-fsu.fr\/Les-dangers-du-mixage-des-publics.html\" target=\"_blank\" rel=\"noopener noreferrer\">Lien : SNETAP-FSU &#8211; Les dangers du mixage des publics !<\/a><\/span><\/span><\/p>\n<h3 style=\"text-align: center\"><strong><span style=\"font-family: tahoma, arial, helvetica, sans-serif;color: #008000\">Brigade de remplacement<\/span><\/strong><\/h3>\n<p style=\"text-align: justify\"><span style=\"font-family: tahoma, arial, helvetica, sans-serif;color: #0000ff\">Un d\u00e9bat s&rsquo;est instaur\u00e9 sur la \u00ab\u00a0brigade de remplacement\u00a0\u00bb des enseignant\u00b7es sans obtenir d&rsquo;\u00e9l\u00e9ment positif.<\/span><\/p>\n<h3 style=\"text-align: center\"><span style=\"font-family: tahoma, arial, helvetica, sans-serif;color: #008000\">Proc\u00e8s verbaux<\/span><\/h3>\n<p style=\"text-align: justify\"><span style=\"color: #0000ff;font-family: tahoma, arial, helvetica, sans-serif\">Une discussion sur les retards de PV des diff\u00e9rentes instances s&rsquo;est instaur\u00e9e. Mais l\u00e0 aussi nous n&rsquo;avons obtenu des regrets sans conviction que cette situation s&rsquo;am\u00e9liora.<\/span><\/p>\n<h3 style=\"text-align: center\"><span style=\"font-family: tahoma, arial, helvetica, sans-serif;color: #008000\">Contr\u00f4le continue<\/span><\/h3>\n<p style=\"text-align: justify\"><span style=\"color: #0000ff;font-family: tahoma, arial, helvetica, sans-serif\">Suite \u00e0 la question du SNETAP-FSU des Hauts-de-France une pr\u00e9sentation du bilan des jurys d&rsquo;harmonisation sur les contr\u00f4les continus a \u00e9t\u00e9 r\u00e9alis\u00e9e. Mais cette pr\u00e9sentation quantitative des \u00e9tablissements qui ont eu des augmentations de points, suite \u00e0 une notation trop d\u00e9valorisante, ne r\u00e9pond pas \u00e0 nos attentes qualitatives et notamment sur les \u00e9tablissements qui ont surnot\u00e9. La v\u00e9rification de la sur-notation n&rsquo;\u00e9tait pas l&rsquo;objectif. <\/span><\/p>\n<p style=\"text-align: justify\"><span style=\"font-family: tahoma, arial, helvetica, sans-serif;color: #0000ff\">Une d\u00e9nonciation des conditions d&rsquo;examen d\u00e9plorables avec des consignes changeantes amenant la souffrance des candidat\u00b7es et des examinateurs\u00b7trices a \u00e9t\u00e9 port\u00e9e. Nous avons demand\u00e9 davantage d&rsquo;anticipation pour cette ann\u00e9e qui sera aussi particuli\u00e8re.<\/span><\/p>\n<h3 style=\"text-align: center\"><span style=\"font-family: tahoma, arial, helvetica, sans-serif;color: #008000\">Recrutements<\/span><\/h3>\n<p><span style=\"font-family: tahoma, arial, helvetica, sans-serif;color: #0000ff\">Le SRFD a fait le bilan des recrutements. Globalement l&rsquo;Enseignement agricole public (EAP) se maintient mais les MFR sont en chute libre.<\/span><\/p>\n<p style=\"text-align: justify\"><span style=\"font-family: tahoma, arial, helvetica, sans-serif;color: #0000ff\">Nous avons eu la stupeur d&rsquo;apprendre que la DRAAF-SRFD se pr\u00e9occupe de se rendre au chevet des MFR en souffrance suite \u00e0 son h\u00e9morragie sur ses effectifs.<\/span><br \/>\n<span style=\"font-family: tahoma, arial, helvetica, sans-serif;color: #0000ff\">N&rsquo;oubliez pas que quand l&rsquo;EAP se retrouve avec une classe en faible effectif, la d\u00e9cision du m\u00e9decin DRAAF-SRFD est rapide : amputer un membre en fermant cette classe.<\/span><br \/>\n<span style=\"font-family: tahoma, arial, helvetica, sans-serif;color: #0000ff\">Quand il s&rsquo;agit de l&rsquo;EAP ce m\u00e9decin DRAAF-SRFD craint vite la gangr\u00e8ne, mais quand il s&rsquo;agit du Priv\u00e9 ce m\u00e9decin DRAAF-SRFD garde, pour le Priv\u00e9, espoir d&rsquo;une bonne gu\u00e9rison en le confortant.<\/span><\/p>\n<p><span style=\"font-family: tahoma, arial, helvetica, sans-serif;color: #0000ff\">L&rsquo;EAP serait-il le vilain petit canard de la DRAAF-SRFD des Hauts-de-France ?<\/span><\/p>\n<h3 style=\"text-align: center\"><span style=\"font-family: tahoma, arial, helvetica, sans-serif;color: #008000\">Dotation Globale Horaire (DGH)<\/span><\/h3>\n<p style=\"text-align: justify\"><span style=\"font-family: tahoma, arial, helvetica, sans-serif;color: #0000ff\"><strong>1 700 heures !<\/strong> Ce sont les heures en trop dans la DGH des Hauts-de-France. Pour la rentr\u00e9e prochaine, dans le sch\u00e9ma d&#8217;emploi, il \u00ab\u00a0faut rendre ces heures\u00a0\u00bb. Ces 1 700 heures sont l&rsquo;\u00e9quivalent d&rsquo;une classe.<\/span><\/p>\n<p><span style=\"font-family: tahoma, arial, helvetica, sans-serif;color: #0000ff\">Le SRFD souhaite que nous participions \u00e0 cette baisse de DGH en r\u00e9activant la carte de formation : Faut-il supprimer une classe ou enlever autres choses en modifiant la carte de formation ?<\/span><br \/>\n<span style=\"font-family: tahoma, arial, helvetica, sans-serif;color: #0000ff\">Le SNETAP-FSU des Hauts-de-France refuse de g\u00e9rer la p\u00e9nurie. P\u00e9nurie qui n&rsquo;est en fait qu&rsquo;une volont\u00e9 politique.<\/span><br \/>\n<span style=\"font-family: tahoma, arial, helvetica, sans-serif;color: #0000ff\">R\u00e9ponse de la DRAAF-SRFD : nous devons accomplir le sch\u00e9ma d&#8217;emploi n\u00e9gatif. Il faut penser \u00e0 fermer les classes \u00e0 faibles effectifs.<\/span><br \/>\n<span style=\"font-family: tahoma, arial, helvetica, sans-serif;color: #0000ff\">Le SNETAP-FSU des Hauts-de-France refuse de se placer dans la cogestion de ce discours.<\/span><br \/>\n<span style=\"font-family: tahoma, arial, helvetica, sans-serif;color: #0000ff\">La notion de service public est perdue au sein de la DRAAF-SRFD des Hauts-de-France.<\/span><\/p>\n<p style=\"text-align: justify\"><strong><span style=\"font-family: tahoma, arial, helvetica, sans-serif;color: #ff0000\">Pour le SNETAP-FSU des Hauts-de-France cette baisse de moyen constante am\u00e8ne \u00e0 une d\u00e9gradation de la p\u00e9dagogie dans les \u00e9tablissements : heures du r\u00e9f\u00e9rentiel non r\u00e9alis\u00e9es, heures non affect\u00e9es qui induisent des choix de discipline, salles de classe pas adapt\u00e9es, perte de la notion p\u00e9dagogique des fili\u00e8res etc.<\/span><\/strong><\/p>\n","protected":false},"excerpt":{"rendered":"<p>CTREA Hauts-de-France du 23 novembre 2020, toujours d\u00e9cevant ! Apr\u00e8s avoir repris le communiqu\u00e9 du CTREA du 12 novembre, le SNETAP-FSU des Hauts-de-France s&rsquo;est positionn\u00e9 pour les ouvertures dans le Public, hormis le mixage des publics et contre les ouvertures du Priv\u00e9. Les autres organisations syndicales ont suivi notre position. Le SNETAP-FSU appelle le personnel [&hellip;]<\/p>\n","protected":false},"author":88,"featured_media":0,"comment_status":"closed","ping_status":"closed","sticky":false,"template":"","format":"standard","meta":{"ocean_post_layout":"","ocean_both_sidebars_style":"","ocean_both_sidebars_content_width":0,"ocean_both_sidebars_sidebars_width":0,"ocean_sidebar":"0","ocean_second_sidebar":"0","ocean_disable_margins":"enable","ocean_add_body_class":"","ocean_shortcode_before_top_bar":"","ocean_shortcode_after_top_bar":"","ocean_shortcode_before_header":"","ocean_shortcode_after_header":"","ocean_has_shortcode":"","ocean_shortcode_after_title":"","ocean_shortcode_before_footer_widgets":"","ocean_shortcode_after_footer_widgets":"","ocean_shortcode_before_footer_bottom":"","ocean_shortcode_after_footer_bottom":"","ocean_display_top_bar":"default","ocean_display_header":"default","ocean_header_style":"","ocean_center_header_left_menu":"0","ocean_custom_header_template":"0","ocean_custom_logo":0,"ocean_custom_retina_logo":0,"ocean_custom_logo_max_width":0,"ocean_custom_logo_tablet_max_width":0,"ocean_custom_logo_mobile_max_width":0,"ocean_custom_logo_max_height":0,"ocean_custom_logo_tablet_max_height":0,"ocean_custom_logo_mobile_max_height":0,"ocean_header_custom_menu":"0","ocean_menu_typo_font_family":"0","ocean_menu_typo_font_subset":"","ocean_menu_typo_font_size":0,"ocean_menu_typo_font_size_tablet":0,"ocean_menu_typo_font_size_mobile":0,"ocean_menu_typo_font_size_unit":"px","ocean_menu_typo_font_weight":"","ocean_menu_typo_font_weight_tablet":"","ocean_menu_typo_font_weight_mobile":"","ocean_menu_typo_transform":"","ocean_menu_typo_transform_tablet":"","ocean_menu_typo_transform_mobile":"","ocean_menu_typo_line_height":0,"ocean_menu_typo_line_height_tablet":0,"ocean_menu_typo_line_height_mobile":0,"ocean_menu_typo_line_height_unit":"","ocean_menu_typo_spacing":0,"ocean_menu_typo_spacing_tablet":0,"ocean_menu_typo_spacing_mobile":0,"ocean_menu_typo_spacing_unit":"","ocean_menu_link_color":"","ocean_menu_link_color_hover":"","ocean_menu_link_color_active":"","ocean_menu_link_background":"","ocean_menu_link_hover_background":"","ocean_menu_link_active_background":"","ocean_menu_social_links_bg":"","ocean_menu_social_hover_links_bg":"","ocean_menu_social_links_color":"","ocean_menu_social_hover_links_color":"","ocean_disable_title":"default","ocean_disable_heading":"default","ocean_post_title":"","ocean_post_subheading":"","ocean_post_title_style":"","ocean_post_title_background_color":"","ocean_post_title_background":0,"ocean_post_title_bg_image_position":"","ocean_post_title_bg_image_attachment":"","ocean_post_title_bg_image_repeat":"","ocean_post_title_bg_image_size":"","ocean_post_title_height":0,"ocean_post_title_bg_overlay":0.5,"ocean_post_title_bg_overlay_color":"","ocean_disable_breadcrumbs":"default","ocean_breadcrumbs_color":"","ocean_breadcrumbs_separator_color":"","ocean_breadcrumbs_links_color":"","ocean_breadcrumbs_links_hover_color":"","ocean_display_footer_widgets":"default","ocean_display_footer_bottom":"default","ocean_custom_footer_template":"0","ocean_post_oembed":"","ocean_post_self_hosted_media":"","ocean_post_video_embed":"","ocean_link_format":"","ocean_link_format_target":"self","ocean_quote_format":"","ocean_quote_format_link":"post","ocean_gallery_link_images":"off","ocean_gallery_id":[],"footnotes":""},"categories":[7],"tags":[],"post_folder":[],"class_list":["post-5964","post","type-post","status-publish","format-standard","hentry","category-ctrea","entry"],"yoast_head":"<!-- This site is optimized with the Yoast SEO plugin v27.4 - https:\/\/yoast.com\/product\/yoast-seo-wordpress\/ -->\n<title>CTREA Hauts-de-France du 23 novembre - HAUTS-DE-FRANCE<\/title>\n<meta name=\"robots\" content=\"index, follow, max-snippet:-1, max-image-preview:large, max-video-preview:-1\" \/>\n<link rel=\"canonical\" href=\"https:\/\/regions-snetap-fsu.fr\/hdf\/2020\/12\/06\/ctrea-hauts-de-france-du-23-novembre\/\" \/>\n<meta property=\"og:locale\" content=\"fr_FR\" \/>\n<meta property=\"og:type\" content=\"article\" \/>\n<meta property=\"og:title\" content=\"CTREA Hauts-de-France du 23 novembre - HAUTS-DE-FRANCE\" \/>\n<meta property=\"og:description\" content=\"CTREA Hauts-de-France du 23 novembre 2020, toujours d\u00e9cevant ! Apr\u00e8s avoir repris le communiqu\u00e9 du CTREA du 12 novembre, le SNETAP-FSU des Hauts-de-France s&rsquo;est positionn\u00e9 pour les ouvertures dans le Public, hormis le mixage des publics et contre les ouvertures du Priv\u00e9. Les autres organisations syndicales ont suivi notre position. Le SNETAP-FSU appelle le personnel [&hellip;]\" \/>\n<meta property=\"og:url\" content=\"https:\/\/regions-snetap-fsu.fr\/hdf\/2020\/12\/06\/ctrea-hauts-de-france-du-23-novembre\/\" \/>\n<meta property=\"og:site_name\" content=\"HAUTS-DE-FRANCE\" \/>\n<meta property=\"article:published_time\" content=\"2020-12-06T09:13:59+00:00\" \/>\n<meta property=\"article:modified_time\" content=\"2021-04-08T07:25:07+00:00\" \/>\n<meta name=\"author\" content=\"Regis Martinage\" \/>\n<meta name=\"twitter:card\" content=\"summary_large_image\" \/>\n<meta name=\"twitter:creator\" content=\"@MartinageSnetap\" \/>\n<meta name=\"twitter:site\" content=\"@MartinageSnetap\" \/>\n<meta name=\"twitter:label1\" content=\"\u00c9crit par\" \/>\n\t<meta name=\"twitter:data1\" content=\"Regis Martinage\" \/>\n\t<meta name=\"twitter:label2\" content=\"Dur\u00e9e de lecture estim\u00e9e\" \/>\n\t<meta name=\"twitter:data2\" content=\"3 minutes\" \/>\n<script type=\"application\/ld+json\" class=\"yoast-schema-graph\">{\"@context\":\"https:\\\/\\\/schema.org\",\"@graph\":[{\"@type\":\"Article\",\"@id\":\"https:\\\/\\\/regions-snetap-fsu.fr\\\/hdf\\\/2020\\\/12\\\/06\\\/ctrea-hauts-de-france-du-23-novembre\\\/#article\",\"isPartOf\":{\"@id\":\"https:\\\/\\\/regions-snetap-fsu.fr\\\/hdf\\\/2020\\\/12\\\/06\\\/ctrea-hauts-de-france-du-23-novembre\\\/\"},\"author\":{\"name\":\"Regis Martinage\",\"@id\":\"https:\\\/\\\/regions-snetap-fsu.fr\\\/hdf\\\/#\\\/schema\\\/person\\\/fa09b77e508eb2889a1c2dd6f4cf3149\"},\"headline\":\"CTREA Hauts-de-France du 23 novembre\",\"datePublished\":\"2020-12-06T09:13:59+00:00\",\"dateModified\":\"2021-04-08T07:25:07+00:00\",\"mainEntityOfPage\":{\"@id\":\"https:\\\/\\\/regions-snetap-fsu.fr\\\/hdf\\\/2020\\\/12\\\/06\\\/ctrea-hauts-de-france-du-23-novembre\\\/\"},\"wordCount\":600,\"publisher\":{\"@id\":\"https:\\\/\\\/regions-snetap-fsu.fr\\\/hdf\\\/#organization\"},\"articleSection\":[\"CTREA\"],\"inLanguage\":\"fr-FR\"},{\"@type\":\"WebPage\",\"@id\":\"https:\\\/\\\/regions-snetap-fsu.fr\\\/hdf\\\/2020\\\/12\\\/06\\\/ctrea-hauts-de-france-du-23-novembre\\\/\",\"url\":\"https:\\\/\\\/regions-snetap-fsu.fr\\\/hdf\\\/2020\\\/12\\\/06\\\/ctrea-hauts-de-france-du-23-novembre\\\/\",\"name\":\"CTREA Hauts-de-France du 23 novembre - HAUTS-DE-FRANCE\",\"isPartOf\":{\"@id\":\"https:\\\/\\\/regions-snetap-fsu.fr\\\/hdf\\\/#website\"},\"datePublished\":\"2020-12-06T09:13:59+00:00\",\"dateModified\":\"2021-04-08T07:25:07+00:00\",\"breadcrumb\":{\"@id\":\"https:\\\/\\\/regions-snetap-fsu.fr\\\/hdf\\\/2020\\\/12\\\/06\\\/ctrea-hauts-de-france-du-23-novembre\\\/#breadcrumb\"},\"inLanguage\":\"fr-FR\",\"potentialAction\":[{\"@type\":\"ReadAction\",\"target\":[\"https:\\\/\\\/regions-snetap-fsu.fr\\\/hdf\\\/2020\\\/12\\\/06\\\/ctrea-hauts-de-france-du-23-novembre\\\/\"]}]},{\"@type\":\"BreadcrumbList\",\"@id\":\"https:\\\/\\\/regions-snetap-fsu.fr\\\/hdf\\\/2020\\\/12\\\/06\\\/ctrea-hauts-de-france-du-23-novembre\\\/#breadcrumb\",\"itemListElement\":[{\"@type\":\"ListItem\",\"position\":1,\"name\":\"Accueil\",\"item\":\"https:\\\/\\\/regions-snetap-fsu.fr\\\/hdf\\\/\"},{\"@type\":\"ListItem\",\"position\":2,\"name\":\"CTREA\",\"item\":\"https:\\\/\\\/regions-snetap-fsu.fr\\\/hdf\\\/category\\\/ctrea\\\/\"},{\"@type\":\"ListItem\",\"position\":3,\"name\":\"CTREA Hauts-de-France du 23 novembre\"}]},{\"@type\":\"WebSite\",\"@id\":\"https:\\\/\\\/regions-snetap-fsu.fr\\\/hdf\\\/#website\",\"url\":\"https:\\\/\\\/regions-snetap-fsu.fr\\\/hdf\\\/\",\"name\":\"HAUTS-DE-FRANCE\",\"description\":\"Section r\u00e9gionale\",\"publisher\":{\"@id\":\"https:\\\/\\\/regions-snetap-fsu.fr\\\/hdf\\\/#organization\"},\"potentialAction\":[{\"@type\":\"SearchAction\",\"target\":{\"@type\":\"EntryPoint\",\"urlTemplate\":\"https:\\\/\\\/regions-snetap-fsu.fr\\\/hdf\\\/?s={search_term_string}\"},\"query-input\":{\"@type\":\"PropertyValueSpecification\",\"valueRequired\":true,\"valueName\":\"search_term_string\"}}],\"inLanguage\":\"fr-FR\"},{\"@type\":\"Organization\",\"@id\":\"https:\\\/\\\/regions-snetap-fsu.fr\\\/hdf\\\/#organization\",\"name\":\"SNETAP-FSU - HAUTS-DE-FRANCE\",\"url\":\"https:\\\/\\\/regions-snetap-fsu.fr\\\/hdf\\\/\",\"logo\":{\"@type\":\"ImageObject\",\"inLanguage\":\"fr-FR\",\"@id\":\"https:\\\/\\\/regions-snetap-fsu.fr\\\/hdf\\\/#\\\/schema\\\/logo\\\/image\\\/\",\"url\":\"https:\\\/\\\/regions-snetap-fsu.fr\\\/hdf\\\/wp-content\\\/uploads\\\/sites\\\/5\\\/2020\\\/12\\\/SNETAP-Logo.jpg\",\"contentUrl\":\"https:\\\/\\\/regions-snetap-fsu.fr\\\/hdf\\\/wp-content\\\/uploads\\\/sites\\\/5\\\/2020\\\/12\\\/SNETAP-Logo.jpg\",\"width\":464,\"height\":334,\"caption\":\"SNETAP-FSU - HAUTS-DE-FRANCE\"},\"image\":{\"@id\":\"https:\\\/\\\/regions-snetap-fsu.fr\\\/hdf\\\/#\\\/schema\\\/logo\\\/image\\\/\"},\"sameAs\":[\"https:\\\/\\\/x.com\\\/MartinageSnetap\"]},{\"@type\":\"Person\",\"@id\":\"https:\\\/\\\/regions-snetap-fsu.fr\\\/hdf\\\/#\\\/schema\\\/person\\\/fa09b77e508eb2889a1c2dd6f4cf3149\",\"name\":\"Regis Martinage\",\"image\":{\"@type\":\"ImageObject\",\"inLanguage\":\"fr-FR\",\"@id\":\"https:\\\/\\\/secure.gravatar.com\\\/avatar\\\/7ae2aaabfe5b8d5c7b9361e91002ca9ec93c38c63c9a1d06ae19f03a5dc70dd7?s=96&d=mm&r=g\",\"url\":\"https:\\\/\\\/secure.gravatar.com\\\/avatar\\\/7ae2aaabfe5b8d5c7b9361e91002ca9ec93c38c63c9a1d06ae19f03a5dc70dd7?s=96&d=mm&r=g\",\"contentUrl\":\"https:\\\/\\\/secure.gravatar.com\\\/avatar\\\/7ae2aaabfe5b8d5c7b9361e91002ca9ec93c38c63c9a1d06ae19f03a5dc70dd7?s=96&d=mm&r=g\",\"caption\":\"Regis Martinage\"},\"url\":\"https:\\\/\\\/regions-snetap-fsu.fr\\\/hdf\\\/author\\\/r-martinage\\\/\"}]}<\/script>\n<!-- \/ Yoast SEO plugin. -->","yoast_head_json":{"title":"CTREA Hauts-de-France du 23 novembre - HAUTS-DE-FRANCE","robots":{"index":"index","follow":"follow","max-snippet":"max-snippet:-1","max-image-preview":"max-image-preview:large","max-video-preview":"max-video-preview:-1"},"canonical":"https:\/\/regions-snetap-fsu.fr\/hdf\/2020\/12\/06\/ctrea-hauts-de-france-du-23-novembre\/","og_locale":"fr_FR","og_type":"article","og_title":"CTREA Hauts-de-France du 23 novembre - HAUTS-DE-FRANCE","og_description":"CTREA Hauts-de-France du 23 novembre 2020, toujours d\u00e9cevant ! Apr\u00e8s avoir repris le communiqu\u00e9 du CTREA du 12 novembre, le SNETAP-FSU des Hauts-de-France s&rsquo;est positionn\u00e9 pour les ouvertures dans le Public, hormis le mixage des publics et contre les ouvertures du Priv\u00e9. Les autres organisations syndicales ont suivi notre position. Le SNETAP-FSU appelle le personnel [&hellip;]","og_url":"https:\/\/regions-snetap-fsu.fr\/hdf\/2020\/12\/06\/ctrea-hauts-de-france-du-23-novembre\/","og_site_name":"HAUTS-DE-FRANCE","article_published_time":"2020-12-06T09:13:59+00:00","article_modified_time":"2021-04-08T07:25:07+00:00","author":"Regis Martinage","twitter_card":"summary_large_image","twitter_creator":"@MartinageSnetap","twitter_site":"@MartinageSnetap","twitter_misc":{"\u00c9crit par":"Regis Martinage","Dur\u00e9e de lecture estim\u00e9e":"3 minutes"},"schema":{"@context":"https:\/\/schema.org","@graph":[{"@type":"Article","@id":"https:\/\/regions-snetap-fsu.fr\/hdf\/2020\/12\/06\/ctrea-hauts-de-france-du-23-novembre\/#article","isPartOf":{"@id":"https:\/\/regions-snetap-fsu.fr\/hdf\/2020\/12\/06\/ctrea-hauts-de-france-du-23-novembre\/"},"author":{"name":"Regis Martinage","@id":"https:\/\/regions-snetap-fsu.fr\/hdf\/#\/schema\/person\/fa09b77e508eb2889a1c2dd6f4cf3149"},"headline":"CTREA Hauts-de-France du 23 novembre","datePublished":"2020-12-06T09:13:59+00:00","dateModified":"2021-04-08T07:25:07+00:00","mainEntityOfPage":{"@id":"https:\/\/regions-snetap-fsu.fr\/hdf\/2020\/12\/06\/ctrea-hauts-de-france-du-23-novembre\/"},"wordCount":600,"publisher":{"@id":"https:\/\/regions-snetap-fsu.fr\/hdf\/#organization"},"articleSection":["CTREA"],"inLanguage":"fr-FR"},{"@type":"WebPage","@id":"https:\/\/regions-snetap-fsu.fr\/hdf\/2020\/12\/06\/ctrea-hauts-de-france-du-23-novembre\/","url":"https:\/\/regions-snetap-fsu.fr\/hdf\/2020\/12\/06\/ctrea-hauts-de-france-du-23-novembre\/","name":"CTREA Hauts-de-France du 23 novembre - HAUTS-DE-FRANCE","isPartOf":{"@id":"https:\/\/regions-snetap-fsu.fr\/hdf\/#website"},"datePublished":"2020-12-06T09:13:59+00:00","dateModified":"2021-04-08T07:25:07+00:00","breadcrumb":{"@id":"https:\/\/regions-snetap-fsu.fr\/hdf\/2020\/12\/06\/ctrea-hauts-de-france-du-23-novembre\/#breadcrumb"},"inLanguage":"fr-FR","potentialAction":[{"@type":"ReadAction","target":["https:\/\/regions-snetap-fsu.fr\/hdf\/2020\/12\/06\/ctrea-hauts-de-france-du-23-novembre\/"]}]},{"@type":"BreadcrumbList","@id":"https:\/\/regions-snetap-fsu.fr\/hdf\/2020\/12\/06\/ctrea-hauts-de-france-du-23-novembre\/#breadcrumb","itemListElement":[{"@type":"ListItem","position":1,"name":"Accueil","item":"https:\/\/regions-snetap-fsu.fr\/hdf\/"},{"@type":"ListItem","position":2,"name":"CTREA","item":"https:\/\/regions-snetap-fsu.fr\/hdf\/category\/ctrea\/"},{"@type":"ListItem","position":3,"name":"CTREA Hauts-de-France du 23 novembre"}]},{"@type":"WebSite","@id":"https:\/\/regions-snetap-fsu.fr\/hdf\/#website","url":"https:\/\/regions-snetap-fsu.fr\/hdf\/","name":"HAUTS-DE-FRANCE","description":"Section r\u00e9gionale","publisher":{"@id":"https:\/\/regions-snetap-fsu.fr\/hdf\/#organization"},"potentialAction":[{"@type":"SearchAction","target":{"@type":"EntryPoint","urlTemplate":"https:\/\/regions-snetap-fsu.fr\/hdf\/?s={search_term_string}"},"query-input":{"@type":"PropertyValueSpecification","valueRequired":true,"valueName":"search_term_string"}}],"inLanguage":"fr-FR"},{"@type":"Organization","@id":"https:\/\/regions-snetap-fsu.fr\/hdf\/#organization","name":"SNETAP-FSU - HAUTS-DE-FRANCE","url":"https:\/\/regions-snetap-fsu.fr\/hdf\/","logo":{"@type":"ImageObject","inLanguage":"fr-FR","@id":"https:\/\/regions-snetap-fsu.fr\/hdf\/#\/schema\/logo\/image\/","url":"https:\/\/regions-snetap-fsu.fr\/hdf\/wp-content\/uploads\/sites\/5\/2020\/12\/SNETAP-Logo.jpg","contentUrl":"https:\/\/regions-snetap-fsu.fr\/hdf\/wp-content\/uploads\/sites\/5\/2020\/12\/SNETAP-Logo.jpg","width":464,"height":334,"caption":"SNETAP-FSU - HAUTS-DE-FRANCE"},"image":{"@id":"https:\/\/regions-snetap-fsu.fr\/hdf\/#\/schema\/logo\/image\/"},"sameAs":["https:\/\/x.com\/MartinageSnetap"]},{"@type":"Person","@id":"https:\/\/regions-snetap-fsu.fr\/hdf\/#\/schema\/person\/fa09b77e508eb2889a1c2dd6f4cf3149","name":"Regis Martinage","image":{"@type":"ImageObject","inLanguage":"fr-FR","@id":"https:\/\/secure.gravatar.com\/avatar\/7ae2aaabfe5b8d5c7b9361e91002ca9ec93c38c63c9a1d06ae19f03a5dc70dd7?s=96&d=mm&r=g","url":"https:\/\/secure.gravatar.com\/avatar\/7ae2aaabfe5b8d5c7b9361e91002ca9ec93c38c63c9a1d06ae19f03a5dc70dd7?s=96&d=mm&r=g","contentUrl":"https:\/\/secure.gravatar.com\/avatar\/7ae2aaabfe5b8d5c7b9361e91002ca9ec93c38c63c9a1d06ae19f03a5dc70dd7?s=96&d=mm&r=g","caption":"Regis Martinage"},"url":"https:\/\/regions-snetap-fsu.fr\/hdf\/author\/r-martinage\/"}]}},"_links":{"self":[{"href":"https:\/\/regions-snetap-fsu.fr\/hdf\/wp-json\/wp\/v2\/posts\/5964","targetHints":{"allow":["GET"]}}],"collection":[{"href":"https:\/\/regions-snetap-fsu.fr\/hdf\/wp-json\/wp\/v2\/posts"}],"about":[{"href":"https:\/\/regions-snetap-fsu.fr\/hdf\/wp-json\/wp\/v2\/types\/post"}],"author":[{"embeddable":true,"href":"https:\/\/regions-snetap-fsu.fr\/hdf\/wp-json\/wp\/v2\/users\/88"}],"replies":[{"embeddable":true,"href":"https:\/\/regions-snetap-fsu.fr\/hdf\/wp-json\/wp\/v2\/comments?post=5964"}],"version-history":[{"count":5,"href":"https:\/\/regions-snetap-fsu.fr\/hdf\/wp-json\/wp\/v2\/posts\/5964\/revisions"}],"predecessor-version":[{"id":6648,"href":"https:\/\/regions-snetap-fsu.fr\/hdf\/wp-json\/wp\/v2\/posts\/5964\/revisions\/6648"}],"wp:attachment":[{"href":"https:\/\/regions-snetap-fsu.fr\/hdf\/wp-json\/wp\/v2\/media?parent=5964"}],"wp:term":[{"taxonomy":"category","embeddable":true,"href":"https:\/\/regions-snetap-fsu.fr\/hdf\/wp-json\/wp\/v2\/categories?post=5964"},{"taxonomy":"post_tag","embeddable":true,"href":"https:\/\/regions-snetap-fsu.fr\/hdf\/wp-json\/wp\/v2\/tags?post=5964"},{"taxonomy":"post_folder","embeddable":true,"href":"https:\/\/regions-snetap-fsu.fr\/hdf\/wp-json\/wp\/v2\/post_folder?post=5964"}],"curies":[{"name":"wp","href":"https:\/\/api.w.org\/{rel}","templated":true}]}}