{"id":590,"date":"2018-11-15T16:00:14","date_gmt":"2018-11-15T15:00:14","guid":{"rendered":"https:\/\/regions-snetap-fsu.fr\/hdf\/?p=590"},"modified":"2018-11-17T18:52:50","modified_gmt":"2018-11-17T17:52:50","slug":"demande-de-rendez-vous-au-conseil-regional","status":"publish","type":"post","link":"https:\/\/regions-snetap-fsu.fr\/hdf\/2018\/11\/15\/demande-de-rendez-vous-au-conseil-regional\/","title":{"rendered":"Demande de rendez-vous au Conseil R\u00e9gional"},"content":{"rendered":"<p style=\"text-align: center\"><span style=\"font-size: 18pt;color: #ff0000\">Demande de rencontre aupr\u00e8s de<\/span><\/p>\n<p style=\"text-align: center\"><span style=\"font-size: 18pt;color: #ff0000\">madame Mano\u00eblle Martin<\/span><\/p>\n<p style=\"text-align: justify\"><span style=\"color: #0000ff;font-size: 12pt\">Le bureau du SNETAP-FSU des Hauts-de-France, par courrier du 9 novembre 2018, a exprim\u00e9 aupr\u00e8s de madame Mano\u00eblle Martin, vice pr\u00e9sidente du conseil r\u00e9gional des Hauts-de-France, son souhait de s&rsquo;entretenir avec elle et ses services sur l&rsquo;avenir de l&rsquo;enseignement agricole public des Hauts-de-France.<br \/>\n<\/span><\/p>\n<p><span style=\"color: #0000ff;font-size: 12pt\">Notamment sur les points suivants :<\/span><\/p>\n<ul>\n<li><span style=\"font-size: 12pt\"><span style=\"color: #0000ff\">Avenir de l&rsquo;apprentissage agricole et de ses relations avec le conseil r\u00e9gional vis \u00e0 vis du nouveau CFA R\u00e9gional agricole mais aussi par rapport \u00e0 la r\u00e9forme de l&rsquo;apprentissage<\/span>.<\/span><\/li>\n<li><span style=\"color: #0000ff;font-size: 12pt\">Travaux dans les lyc\u00e9es agricoles.<\/span><\/li>\n<li><span style=\"color: #0000ff;font-size: 12pt\">Calcul des subventions de fonctionnement.<\/span><\/li>\n<li><span style=\"color: #0000ff;font-size: 12pt\">Gestion des personnels du conseil r\u00e9gional pr\u00e9sents dans les lyc\u00e9es agricoles.<\/span><\/li>\n<\/ul>\n<div>\n\t\t<div class=\"wppdfemb-frame-container-1\" style=\"-webkit-overflow-scrolling:auto;\">\n\t\t\t<iframe class=\"pdfembed-iframe nonfullscreen wppdf-emb-iframe-1\"\n\t\t\t\tsrc=\"https:\/\/regions-snetap-fsu.fr\/hdf\/?pdfemb-data=eyJ1cmwiOiJodHRwczpcL1wvcmVnaW9ucy1zbmV0YXAtZnN1LmZyXC9oZGZcL3dwLWNvbnRlbnRcL3VwbG9hZHNcL3NpdGVzXC81XC8yMDE4XC8xMVwvMDktMTAtMjAxOC1SRFYtQ1ItSERGLnBkZiIsInRpdGxlIjoiMDkgMTAgMjAxOCBSRFYgQ1IgSERGIiwiaW5kZXgiOjEsInBkZklEIjo5Nzl9\"\n\t\t\t\ttitle=\"09 10 2018 RDV CR HDF\"\t\t\t\tdata-pdf-id=\"979\"\n\t\t\t\tdata-pdf-index=\"1\"\n\t\t\t\tstyle=\"border:none;width:100%;max-width:100%;height:100vh;\"\n\t\t\t\tscrolling=\"yes\">\n\t\t\t<\/iframe>\n\t\t<\/div>\n\n\t\t<\/div>\n<div>.<\/div>\n<div><span style=\"color: #0000ff\">Nous vous informerons des suites.<\/span><\/div>\n","protected":false},"excerpt":{"rendered":"<p>Demande de rencontre aupr\u00e8s de madame Mano\u00eblle Martin Le bureau du SNETAP-FSU des Hauts-de-France, par courrier du 9 novembre 2018, a exprim\u00e9 aupr\u00e8s de madame Mano\u00eblle Martin, vice pr\u00e9sidente du conseil r\u00e9gional des Hauts-de-France, son souhait de s&rsquo;entretenir avec elle et ses services sur l&rsquo;avenir de l&rsquo;enseignement agricole public des Hauts-de-France. Notamment sur les points [&hellip;]<\/p>\n","protected":false},"author":88,"featured_media":0,"comment_status":"closed","ping_status":"closed","sticky":false,"template":"","format":"standard","meta":{"ocean_post_layout":"","ocean_both_sidebars_style":"","ocean_both_sidebars_content_width":0,"ocean_both_sidebars_sidebars_width":0,"ocean_sidebar":"","ocean_second_sidebar":"","ocean_disable_margins":"enable","ocean_add_body_class":"","ocean_shortcode_before_top_bar":"","ocean_shortcode_after_top_bar":"","ocean_shortcode_before_header":"","ocean_shortcode_after_header":"","ocean_has_shortcode":"","ocean_shortcode_after_title":"","ocean_shortcode_before_footer_widgets":"","ocean_shortcode_after_footer_widgets":"","ocean_shortcode_before_footer_bottom":"","ocean_shortcode_after_footer_bottom":"","ocean_display_top_bar":"default","ocean_display_header":"default","ocean_header_style":"","ocean_center_header_left_menu":"","ocean_custom_header_template":"","ocean_custom_logo":0,"ocean_custom_retina_logo":0,"ocean_custom_logo_max_width":0,"ocean_custom_logo_tablet_max_width":0,"ocean_custom_logo_mobile_max_width":0,"ocean_custom_logo_max_height":0,"ocean_custom_logo_tablet_max_height":0,"ocean_custom_logo_mobile_max_height":0,"ocean_header_custom_menu":"","ocean_menu_typo_font_family":"","ocean_menu_typo_font_subset":"","ocean_menu_typo_font_size":0,"ocean_menu_typo_font_size_tablet":0,"ocean_menu_typo_font_size_mobile":0,"ocean_menu_typo_font_size_unit":"px","ocean_menu_typo_font_weight":"","ocean_menu_typo_font_weight_tablet":"","ocean_menu_typo_font_weight_mobile":"","ocean_menu_typo_transform":"","ocean_menu_typo_transform_tablet":"","ocean_menu_typo_transform_mobile":"","ocean_menu_typo_line_height":0,"ocean_menu_typo_line_height_tablet":0,"ocean_menu_typo_line_height_mobile":0,"ocean_menu_typo_line_height_unit":"","ocean_menu_typo_spacing":0,"ocean_menu_typo_spacing_tablet":0,"ocean_menu_typo_spacing_mobile":0,"ocean_menu_typo_spacing_unit":"","ocean_menu_link_color":"","ocean_menu_link_color_hover":"","ocean_menu_link_color_active":"","ocean_menu_link_background":"","ocean_menu_link_hover_background":"","ocean_menu_link_active_background":"","ocean_menu_social_links_bg":"","ocean_menu_social_hover_links_bg":"","ocean_menu_social_links_color":"","ocean_menu_social_hover_links_color":"","ocean_disable_title":"default","ocean_disable_heading":"default","ocean_post_title":"","ocean_post_subheading":"","ocean_post_title_style":"","ocean_post_title_background_color":"","ocean_post_title_background":0,"ocean_post_title_bg_image_position":"","ocean_post_title_bg_image_attachment":"","ocean_post_title_bg_image_repeat":"","ocean_post_title_bg_image_size":"","ocean_post_title_height":0,"ocean_post_title_bg_overlay":0.5,"ocean_post_title_bg_overlay_color":"","ocean_disable_breadcrumbs":"default","ocean_breadcrumbs_color":"","ocean_breadcrumbs_separator_color":"","ocean_breadcrumbs_links_color":"","ocean_breadcrumbs_links_hover_color":"","ocean_display_footer_widgets":"default","ocean_display_footer_bottom":"default","ocean_custom_footer_template":"","ocean_post_oembed":"","ocean_post_self_hosted_media":"","ocean_post_video_embed":"","ocean_link_format":"","ocean_link_format_target":"self","ocean_quote_format":"","ocean_quote_format_link":"post","ocean_gallery_link_images":"on","ocean_gallery_id":[],"footnotes":""},"categories":[13,12],"tags":[],"post_folder":[],"class_list":["post-590","post","type-post","status-publish","format-standard","hentry","category-communiques","category-conseil-regional","entry"],"yoast_head":"<!-- This site is optimized with the Yoast SEO plugin v27.4 - https:\/\/yoast.com\/product\/yoast-seo-wordpress\/ -->\n<title>Demande de rendez-vous au Conseil R\u00e9gional - HAUTS-DE-FRANCE<\/title>\n<meta name=\"robots\" content=\"index, follow, max-snippet:-1, max-image-preview:large, max-video-preview:-1\" \/>\n<link rel=\"canonical\" href=\"https:\/\/regions-snetap-fsu.fr\/hdf\/2018\/11\/15\/demande-de-rendez-vous-au-conseil-regional\/\" \/>\n<meta property=\"og:locale\" content=\"fr_FR\" \/>\n<meta property=\"og:type\" content=\"article\" \/>\n<meta property=\"og:title\" content=\"Demande de rendez-vous au Conseil R\u00e9gional - HAUTS-DE-FRANCE\" \/>\n<meta property=\"og:description\" content=\"Demande de rencontre aupr\u00e8s de madame Mano\u00eblle Martin Le bureau du SNETAP-FSU des Hauts-de-France, par courrier du 9 novembre 2018, a exprim\u00e9 aupr\u00e8s de madame Mano\u00eblle Martin, vice pr\u00e9sidente du conseil r\u00e9gional des Hauts-de-France, son souhait de s&rsquo;entretenir avec elle et ses services sur l&rsquo;avenir de l&rsquo;enseignement agricole public des Hauts-de-France. Notamment sur les points [&hellip;]\" \/>\n<meta property=\"og:url\" content=\"https:\/\/regions-snetap-fsu.fr\/hdf\/2018\/11\/15\/demande-de-rendez-vous-au-conseil-regional\/\" \/>\n<meta property=\"og:site_name\" content=\"HAUTS-DE-FRANCE\" \/>\n<meta property=\"article:published_time\" content=\"2018-11-15T15:00:14+00:00\" \/>\n<meta property=\"article:modified_time\" content=\"2018-11-17T17:52:50+00:00\" \/>\n<meta name=\"author\" content=\"Regis Martinage\" \/>\n<meta name=\"twitter:card\" content=\"summary_large_image\" \/>\n<meta name=\"twitter:creator\" content=\"@MartinageSnetap\" \/>\n<meta name=\"twitter:site\" content=\"@MartinageSnetap\" \/>\n<meta name=\"twitter:label1\" content=\"\u00c9crit par\" \/>\n\t<meta name=\"twitter:data1\" content=\"Regis Martinage\" \/>\n\t<meta name=\"twitter:label2\" content=\"Dur\u00e9e de lecture estim\u00e9e\" \/>\n\t<meta name=\"twitter:data2\" content=\"1 minute\" \/>\n<script type=\"application\/ld+json\" class=\"yoast-schema-graph\">{\"@context\":\"https:\\\/\\\/schema.org\",\"@graph\":[{\"@type\":\"Article\",\"@id\":\"https:\\\/\\\/regions-snetap-fsu.fr\\\/hdf\\\/2018\\\/11\\\/15\\\/demande-de-rendez-vous-au-conseil-regional\\\/#article\",\"isPartOf\":{\"@id\":\"https:\\\/\\\/regions-snetap-fsu.fr\\\/hdf\\\/2018\\\/11\\\/15\\\/demande-de-rendez-vous-au-conseil-regional\\\/\"},\"author\":{\"name\":\"Regis Martinage\",\"@id\":\"https:\\\/\\\/regions-snetap-fsu.fr\\\/hdf\\\/#\\\/schema\\\/person\\\/fa09b77e508eb2889a1c2dd6f4cf3149\"},\"headline\":\"Demande de rendez-vous au Conseil R\u00e9gional\",\"datePublished\":\"2018-11-15T15:00:14+00:00\",\"dateModified\":\"2018-11-17T17:52:50+00:00\",\"mainEntityOfPage\":{\"@id\":\"https:\\\/\\\/regions-snetap-fsu.fr\\\/hdf\\\/2018\\\/11\\\/15\\\/demande-de-rendez-vous-au-conseil-regional\\\/\"},\"wordCount\":149,\"publisher\":{\"@id\":\"https:\\\/\\\/regions-snetap-fsu.fr\\\/hdf\\\/#organization\"},\"articleSection\":[\"Communiqu\u00e9s\",\"Conseil R\u00e9gional\"],\"inLanguage\":\"fr-FR\"},{\"@type\":\"WebPage\",\"@id\":\"https:\\\/\\\/regions-snetap-fsu.fr\\\/hdf\\\/2018\\\/11\\\/15\\\/demande-de-rendez-vous-au-conseil-regional\\\/\",\"url\":\"https:\\\/\\\/regions-snetap-fsu.fr\\\/hdf\\\/2018\\\/11\\\/15\\\/demande-de-rendez-vous-au-conseil-regional\\\/\",\"name\":\"Demande de rendez-vous au Conseil R\u00e9gional - HAUTS-DE-FRANCE\",\"isPartOf\":{\"@id\":\"https:\\\/\\\/regions-snetap-fsu.fr\\\/hdf\\\/#website\"},\"datePublished\":\"2018-11-15T15:00:14+00:00\",\"dateModified\":\"2018-11-17T17:52:50+00:00\",\"breadcrumb\":{\"@id\":\"https:\\\/\\\/regions-snetap-fsu.fr\\\/hdf\\\/2018\\\/11\\\/15\\\/demande-de-rendez-vous-au-conseil-regional\\\/#breadcrumb\"},\"inLanguage\":\"fr-FR\",\"potentialAction\":[{\"@type\":\"ReadAction\",\"target\":[\"https:\\\/\\\/regions-snetap-fsu.fr\\\/hdf\\\/2018\\\/11\\\/15\\\/demande-de-rendez-vous-au-conseil-regional\\\/\"]}]},{\"@type\":\"BreadcrumbList\",\"@id\":\"https:\\\/\\\/regions-snetap-fsu.fr\\\/hdf\\\/2018\\\/11\\\/15\\\/demande-de-rendez-vous-au-conseil-regional\\\/#breadcrumb\",\"itemListElement\":[{\"@type\":\"ListItem\",\"position\":1,\"name\":\"Accueil\",\"item\":\"https:\\\/\\\/regions-snetap-fsu.fr\\\/hdf\\\/\"},{\"@type\":\"ListItem\",\"position\":2,\"name\":\"Communiqu\u00e9s\",\"item\":\"https:\\\/\\\/regions-snetap-fsu.fr\\\/hdf\\\/category\\\/communiques\\\/\"},{\"@type\":\"ListItem\",\"position\":3,\"name\":\"Demande de rendez-vous au Conseil R\u00e9gional\"}]},{\"@type\":\"WebSite\",\"@id\":\"https:\\\/\\\/regions-snetap-fsu.fr\\\/hdf\\\/#website\",\"url\":\"https:\\\/\\\/regions-snetap-fsu.fr\\\/hdf\\\/\",\"name\":\"HAUTS-DE-FRANCE\",\"description\":\"Section r\u00e9gionale\",\"publisher\":{\"@id\":\"https:\\\/\\\/regions-snetap-fsu.fr\\\/hdf\\\/#organization\"},\"potentialAction\":[{\"@type\":\"SearchAction\",\"target\":{\"@type\":\"EntryPoint\",\"urlTemplate\":\"https:\\\/\\\/regions-snetap-fsu.fr\\\/hdf\\\/?s={search_term_string}\"},\"query-input\":{\"@type\":\"PropertyValueSpecification\",\"valueRequired\":true,\"valueName\":\"search_term_string\"}}],\"inLanguage\":\"fr-FR\"},{\"@type\":\"Organization\",\"@id\":\"https:\\\/\\\/regions-snetap-fsu.fr\\\/hdf\\\/#organization\",\"name\":\"SNETAP-FSU - HAUTS-DE-FRANCE\",\"url\":\"https:\\\/\\\/regions-snetap-fsu.fr\\\/hdf\\\/\",\"logo\":{\"@type\":\"ImageObject\",\"inLanguage\":\"fr-FR\",\"@id\":\"https:\\\/\\\/regions-snetap-fsu.fr\\\/hdf\\\/#\\\/schema\\\/logo\\\/image\\\/\",\"url\":\"https:\\\/\\\/regions-snetap-fsu.fr\\\/hdf\\\/wp-content\\\/uploads\\\/sites\\\/5\\\/2020\\\/12\\\/SNETAP-Logo.jpg\",\"contentUrl\":\"https:\\\/\\\/regions-snetap-fsu.fr\\\/hdf\\\/wp-content\\\/uploads\\\/sites\\\/5\\\/2020\\\/12\\\/SNETAP-Logo.jpg\",\"width\":464,\"height\":334,\"caption\":\"SNETAP-FSU - HAUTS-DE-FRANCE\"},\"image\":{\"@id\":\"https:\\\/\\\/regions-snetap-fsu.fr\\\/hdf\\\/#\\\/schema\\\/logo\\\/image\\\/\"},\"sameAs\":[\"https:\\\/\\\/x.com\\\/MartinageSnetap\"]},{\"@type\":\"Person\",\"@id\":\"https:\\\/\\\/regions-snetap-fsu.fr\\\/hdf\\\/#\\\/schema\\\/person\\\/fa09b77e508eb2889a1c2dd6f4cf3149\",\"name\":\"Regis Martinage\",\"image\":{\"@type\":\"ImageObject\",\"inLanguage\":\"fr-FR\",\"@id\":\"https:\\\/\\\/secure.gravatar.com\\\/avatar\\\/7ae2aaabfe5b8d5c7b9361e91002ca9ec93c38c63c9a1d06ae19f03a5dc70dd7?s=96&d=mm&r=g\",\"url\":\"https:\\\/\\\/secure.gravatar.com\\\/avatar\\\/7ae2aaabfe5b8d5c7b9361e91002ca9ec93c38c63c9a1d06ae19f03a5dc70dd7?s=96&d=mm&r=g\",\"contentUrl\":\"https:\\\/\\\/secure.gravatar.com\\\/avatar\\\/7ae2aaabfe5b8d5c7b9361e91002ca9ec93c38c63c9a1d06ae19f03a5dc70dd7?s=96&d=mm&r=g\",\"caption\":\"Regis Martinage\"},\"url\":\"https:\\\/\\\/regions-snetap-fsu.fr\\\/hdf\\\/author\\\/r-martinage\\\/\"}]}<\/script>\n<!-- \/ Yoast SEO plugin. -->","yoast_head_json":{"title":"Demande de rendez-vous au Conseil R\u00e9gional - HAUTS-DE-FRANCE","robots":{"index":"index","follow":"follow","max-snippet":"max-snippet:-1","max-image-preview":"max-image-preview:large","max-video-preview":"max-video-preview:-1"},"canonical":"https:\/\/regions-snetap-fsu.fr\/hdf\/2018\/11\/15\/demande-de-rendez-vous-au-conseil-regional\/","og_locale":"fr_FR","og_type":"article","og_title":"Demande de rendez-vous au Conseil R\u00e9gional - HAUTS-DE-FRANCE","og_description":"Demande de rencontre aupr\u00e8s de madame Mano\u00eblle Martin Le bureau du SNETAP-FSU des Hauts-de-France, par courrier du 9 novembre 2018, a exprim\u00e9 aupr\u00e8s de madame Mano\u00eblle Martin, vice pr\u00e9sidente du conseil r\u00e9gional des Hauts-de-France, son souhait de s&rsquo;entretenir avec elle et ses services sur l&rsquo;avenir de l&rsquo;enseignement agricole public des Hauts-de-France. Notamment sur les points [&hellip;]","og_url":"https:\/\/regions-snetap-fsu.fr\/hdf\/2018\/11\/15\/demande-de-rendez-vous-au-conseil-regional\/","og_site_name":"HAUTS-DE-FRANCE","article_published_time":"2018-11-15T15:00:14+00:00","article_modified_time":"2018-11-17T17:52:50+00:00","author":"Regis Martinage","twitter_card":"summary_large_image","twitter_creator":"@MartinageSnetap","twitter_site":"@MartinageSnetap","twitter_misc":{"\u00c9crit par":"Regis Martinage","Dur\u00e9e de lecture estim\u00e9e":"1 minute"},"schema":{"@context":"https:\/\/schema.org","@graph":[{"@type":"Article","@id":"https:\/\/regions-snetap-fsu.fr\/hdf\/2018\/11\/15\/demande-de-rendez-vous-au-conseil-regional\/#article","isPartOf":{"@id":"https:\/\/regions-snetap-fsu.fr\/hdf\/2018\/11\/15\/demande-de-rendez-vous-au-conseil-regional\/"},"author":{"name":"Regis Martinage","@id":"https:\/\/regions-snetap-fsu.fr\/hdf\/#\/schema\/person\/fa09b77e508eb2889a1c2dd6f4cf3149"},"headline":"Demande de rendez-vous au Conseil R\u00e9gional","datePublished":"2018-11-15T15:00:14+00:00","dateModified":"2018-11-17T17:52:50+00:00","mainEntityOfPage":{"@id":"https:\/\/regions-snetap-fsu.fr\/hdf\/2018\/11\/15\/demande-de-rendez-vous-au-conseil-regional\/"},"wordCount":149,"publisher":{"@id":"https:\/\/regions-snetap-fsu.fr\/hdf\/#organization"},"articleSection":["Communiqu\u00e9s","Conseil R\u00e9gional"],"inLanguage":"fr-FR"},{"@type":"WebPage","@id":"https:\/\/regions-snetap-fsu.fr\/hdf\/2018\/11\/15\/demande-de-rendez-vous-au-conseil-regional\/","url":"https:\/\/regions-snetap-fsu.fr\/hdf\/2018\/11\/15\/demande-de-rendez-vous-au-conseil-regional\/","name":"Demande de rendez-vous au Conseil R\u00e9gional - HAUTS-DE-FRANCE","isPartOf":{"@id":"https:\/\/regions-snetap-fsu.fr\/hdf\/#website"},"datePublished":"2018-11-15T15:00:14+00:00","dateModified":"2018-11-17T17:52:50+00:00","breadcrumb":{"@id":"https:\/\/regions-snetap-fsu.fr\/hdf\/2018\/11\/15\/demande-de-rendez-vous-au-conseil-regional\/#breadcrumb"},"inLanguage":"fr-FR","potentialAction":[{"@type":"ReadAction","target":["https:\/\/regions-snetap-fsu.fr\/hdf\/2018\/11\/15\/demande-de-rendez-vous-au-conseil-regional\/"]}]},{"@type":"BreadcrumbList","@id":"https:\/\/regions-snetap-fsu.fr\/hdf\/2018\/11\/15\/demande-de-rendez-vous-au-conseil-regional\/#breadcrumb","itemListElement":[{"@type":"ListItem","position":1,"name":"Accueil","item":"https:\/\/regions-snetap-fsu.fr\/hdf\/"},{"@type":"ListItem","position":2,"name":"Communiqu\u00e9s","item":"https:\/\/regions-snetap-fsu.fr\/hdf\/category\/communiques\/"},{"@type":"ListItem","position":3,"name":"Demande de rendez-vous au Conseil R\u00e9gional"}]},{"@type":"WebSite","@id":"https:\/\/regions-snetap-fsu.fr\/hdf\/#website","url":"https:\/\/regions-snetap-fsu.fr\/hdf\/","name":"HAUTS-DE-FRANCE","description":"Section r\u00e9gionale","publisher":{"@id":"https:\/\/regions-snetap-fsu.fr\/hdf\/#organization"},"potentialAction":[{"@type":"SearchAction","target":{"@type":"EntryPoint","urlTemplate":"https:\/\/regions-snetap-fsu.fr\/hdf\/?s={search_term_string}"},"query-input":{"@type":"PropertyValueSpecification","valueRequired":true,"valueName":"search_term_string"}}],"inLanguage":"fr-FR"},{"@type":"Organization","@id":"https:\/\/regions-snetap-fsu.fr\/hdf\/#organization","name":"SNETAP-FSU - HAUTS-DE-FRANCE","url":"https:\/\/regions-snetap-fsu.fr\/hdf\/","logo":{"@type":"ImageObject","inLanguage":"fr-FR","@id":"https:\/\/regions-snetap-fsu.fr\/hdf\/#\/schema\/logo\/image\/","url":"https:\/\/regions-snetap-fsu.fr\/hdf\/wp-content\/uploads\/sites\/5\/2020\/12\/SNETAP-Logo.jpg","contentUrl":"https:\/\/regions-snetap-fsu.fr\/hdf\/wp-content\/uploads\/sites\/5\/2020\/12\/SNETAP-Logo.jpg","width":464,"height":334,"caption":"SNETAP-FSU - HAUTS-DE-FRANCE"},"image":{"@id":"https:\/\/regions-snetap-fsu.fr\/hdf\/#\/schema\/logo\/image\/"},"sameAs":["https:\/\/x.com\/MartinageSnetap"]},{"@type":"Person","@id":"https:\/\/regions-snetap-fsu.fr\/hdf\/#\/schema\/person\/fa09b77e508eb2889a1c2dd6f4cf3149","name":"Regis Martinage","image":{"@type":"ImageObject","inLanguage":"fr-FR","@id":"https:\/\/secure.gravatar.com\/avatar\/7ae2aaabfe5b8d5c7b9361e91002ca9ec93c38c63c9a1d06ae19f03a5dc70dd7?s=96&d=mm&r=g","url":"https:\/\/secure.gravatar.com\/avatar\/7ae2aaabfe5b8d5c7b9361e91002ca9ec93c38c63c9a1d06ae19f03a5dc70dd7?s=96&d=mm&r=g","contentUrl":"https:\/\/secure.gravatar.com\/avatar\/7ae2aaabfe5b8d5c7b9361e91002ca9ec93c38c63c9a1d06ae19f03a5dc70dd7?s=96&d=mm&r=g","caption":"Regis Martinage"},"url":"https:\/\/regions-snetap-fsu.fr\/hdf\/author\/r-martinage\/"}]}},"_links":{"self":[{"href":"https:\/\/regions-snetap-fsu.fr\/hdf\/wp-json\/wp\/v2\/posts\/590","targetHints":{"allow":["GET"]}}],"collection":[{"href":"https:\/\/regions-snetap-fsu.fr\/hdf\/wp-json\/wp\/v2\/posts"}],"about":[{"href":"https:\/\/regions-snetap-fsu.fr\/hdf\/wp-json\/wp\/v2\/types\/post"}],"author":[{"embeddable":true,"href":"https:\/\/regions-snetap-fsu.fr\/hdf\/wp-json\/wp\/v2\/users\/88"}],"replies":[{"embeddable":true,"href":"https:\/\/regions-snetap-fsu.fr\/hdf\/wp-json\/wp\/v2\/comments?post=590"}],"version-history":[{"count":11,"href":"https:\/\/regions-snetap-fsu.fr\/hdf\/wp-json\/wp\/v2\/posts\/590\/revisions"}],"predecessor-version":[{"id":982,"href":"https:\/\/regions-snetap-fsu.fr\/hdf\/wp-json\/wp\/v2\/posts\/590\/revisions\/982"}],"wp:attachment":[{"href":"https:\/\/regions-snetap-fsu.fr\/hdf\/wp-json\/wp\/v2\/media?parent=590"}],"wp:term":[{"taxonomy":"category","embeddable":true,"href":"https:\/\/regions-snetap-fsu.fr\/hdf\/wp-json\/wp\/v2\/categories?post=590"},{"taxonomy":"post_tag","embeddable":true,"href":"https:\/\/regions-snetap-fsu.fr\/hdf\/wp-json\/wp\/v2\/tags?post=590"},{"taxonomy":"post_folder","embeddable":true,"href":"https:\/\/regions-snetap-fsu.fr\/hdf\/wp-json\/wp\/v2\/post_folder?post=590"}],"curies":[{"name":"wp","href":"https:\/\/api.w.org\/{rel}","templated":true}]}}