{"id":5613,"date":"2020-09-28T23:57:53","date_gmt":"2020-09-28T21:57:53","guid":{"rendered":"https:\/\/regions-snetap-fsu.fr\/hdf\/?p=5613"},"modified":"2020-09-28T23:57:53","modified_gmt":"2020-09-28T21:57:53","slug":"hmi-intersyndicale-cgt-agri-snetap-fsu-2-oct-2020","status":"publish","type":"post","link":"https:\/\/regions-snetap-fsu.fr\/hdf\/2020\/09\/28\/hmi-intersyndicale-cgt-agri-snetap-fsu-2-oct-2020\/","title":{"rendered":"HMI intersyndicale CGT Agri \/ SNETAP-FSU 2 oct 2020"},"content":{"rendered":"<p align=\"center\"><span style=\"color: #ff0000\"><span style=\"font-family: Liberation Serif, serif\"><span style=\"font-size: x-large\"><b>HMI intersyndicale CGT Agri et SNETAP-FSU<\/b><\/span><\/span><\/span><\/p>\n<p align=\"center\"><span style=\"color: #ff0000\"><span style=\"font-family: Liberation Serif, serif\"><span style=\"font-size: x-large\"><b>le vendredi 2 octobre 2020 sur Lomme et Arras<br \/>\n<\/b><\/span><\/span><\/span><\/p>\n<p style=\"text-align: justify\" align=\"justify\"><span style=\"font-size: 12pt\"><span style=\"color: #008000\"><span style=\"font-family: Tahoma, sans-serif\">Vous \u00eates <\/span><\/span><span style=\"color: #008000\"><span style=\"font-family: Tahoma, sans-serif\">toutes et tous (non-syndiqu\u00e9\u00b7es et syndiqu\u00e9\u00b7es) <\/span><\/span><span style=\"color: #008000\"><span style=\"font-family: Tahoma, sans-serif\">invit\u00e9<\/span><\/span><span style=\"color: #008000\"><span style=\"font-family: Tahoma, sans-serif\">\u00b7<\/span><\/span><span style=\"color: #008000\"><span style=\"font-family: Tahoma, sans-serif\">es <\/span><\/span><span style=\"color: #008000\"><span style=\"font-family: Tahoma, sans-serif\">aux<\/span><\/span><span style=\"color: #008000\"><span style=\"font-family: Tahoma, sans-serif\"> heure<\/span><\/span><span style=\"color: #008000\"><span style=\"font-family: Tahoma, sans-serif\">s<\/span><\/span><span style=\"color: #008000\"><span style=\"font-family: Tahoma, sans-serif\"> mensuelle<\/span><\/span><span style=\"color: #008000\"><span style=\"font-family: Tahoma, sans-serif\">s<\/span><\/span><span style=\"color: #008000\"><span style=\"font-family: Tahoma, sans-serif\"> d&rsquo;info<\/span><\/span><span style=\"color: #008000\"><span style=\"font-family: Tahoma, sans-serif\">rmation<\/span><\/span><span style=\"color: #008000\"><span style=\"font-family: Tahoma, sans-serif\">s syndicales qui se d\u00e9roulera le\u00a0:<\/span><\/span><\/span><\/p>\n<ul style=\"text-align: justify\">\n<li><span style=\"color: #ff0000;font-size: 12pt\"><span style=\"font-family: Tahoma, sans-serif\"><b>\u00e0 l&rsquo;EPLEFPA de\u00a0 Lomme de 10h \u00e0 12h<\/b><\/span><span style=\"font-family: Tahoma, sans-serif\"><b>.<\/b><\/span><\/span><\/li>\n<li><span style=\"color: #ff0000;font-size: 12pt\"><span style=\"font-family: Tahoma, sans-serif\"><b>\u00e0 l&rsquo;EPLEFPA d&rsquo;Arras de 14h \u00e0 16h.<br \/>\n<\/b><\/span><\/span><\/li>\n<\/ul>\n<h3 style=\"text-align: center\" align=\"justify\"><span style=\"color: #008000;font-size: 14pt\"><span style=\"font-family: Tahoma, sans-serif\"><b>Seront pr\u00e9sents\u00a0<\/b>:<\/span><\/span><\/h3>\n<p style=\"text-align: justify\" align=\"justify\"><span style=\"color: #008000;font-size: 12pt\"><span style=\"font-family: Tahoma, sans-serif\">&#8211; les membres de la section SNETAP-FSU de Lomme\u00a0;<\/span><\/span><\/p>\n<p style=\"text-align: justify\" align=\"justify\"><span style=\"color: #008000;font-size: 12pt\"><span style=\"font-family: Tahoma, sans-serif\">&#8211; les repr\u00e9sentant\u00b7es CGT Agri\u00a0;<\/span><\/span><\/p>\n<p style=\"text-align: justify\" align=\"justify\"><span style=\"color: #008000;font-size: 12pt\"><span style=\"font-family: Tahoma, sans-serif\">&#8211; les membres de la section r\u00e9gionale SNETAP-FSU des Hauts-de-France\u00a0;<\/span><\/span><\/p>\n<p style=\"text-align: justify\" align=\"justify\"><span style=\"color: #008000;font-size: 12pt\"><span style=\"font-family: Tahoma, sans-serif\">&#8211; le co-secr\u00e9taire g\u00e9n\u00e9ral SNETAP-FSU\u00a0;<\/span><\/span><\/p>\n<p style=\"text-align: justify\" align=\"justify\"><span style=\"color: #008000;font-size: 12pt\"><span style=\"font-family: Tahoma, sans-serif\">&#8211; le co-secr\u00e9taire g\u00e9n\u00e9ral CGT Agri.<\/span><\/span><\/p>\n<h3 style=\"text-align: center\" align=\"justify\"><span style=\"color: #ff0000;font-size: 12pt\"><span style=\"font-family: Tahoma, sans-serif\"><b>Ordre du jour\u00a0:<\/b><\/span><\/span><\/h3>\n<p style=\"text-align: justify\" align=\"justify\"><span style=\"color: #ff0000;font-size: 12pt\"><span style=\"font-family: Tahoma, sans-serif\">Actualit\u00e9s de l\u2019Enseignement Agricole Public (formations initiales, par apprentissage et continue), conditions de rentr\u00e9e, budget 2021, actions en cours et \u00e0 venir.<\/span><\/span><\/p>\n<p align=\"justify\"><span style=\"font-family: tahoma, arial, helvetica, sans-serif;color: #008000\">Pour les agent\u00b7es sur site, pas besoin d&rsquo;Autorisation Sp\u00e9ciale d&rsquo;Absence. Pour les agent\u00b7es ext\u00e9rieurs du site, veuillez-vous rapprocher de votre secr\u00e9taire de section.<\/span><\/p>\n<p style=\"text-align: justify\" align=\"justify\"><span style=\"color: #008000;font-size: 12pt\"><span style=\"font-family: Tahoma, sans-serif\">Merci pour votre participation,<\/span><\/span><\/p>\n<p style=\"text-align: justify\" align=\"justify\"><span style=\"color: #ff0000;font-size: 12pt\"><span style=\"font-family: Tahoma, sans-serif\">l\u2019intersyndicale, la CGT Agri et le SNETAP-FSU.<\/span><\/span><\/p>\n<p style=\"text-align: justify\" align=\"justify\"><span style=\"color: #008000;font-size: 12pt\"><span style=\"font-family: Tahoma, sans-serif\"><b>Les enseignant\u00b7es concern\u00e9\u00b7es informeront personnellement leurs \u00e9l\u00e8ves de leur absence (vous pouvez pr\u00e9venir le CPE pour la gestion des \u00e9l\u00e8ves).<\/b><\/span><\/span><\/p>\n<p align=\"justify\"><span style=\"font-family: Liberation Serif, serif\"><span style=\"font-size: small\">Conform\u00e9ment aux dispositions pr\u00e9vues par la circulaire AGR\/S\/99\/00748\/C\/CIRCULAIRE CAB\/ du 20 AVR 1999 :<\/span><\/span><\/p>\n<p align=\"justify\"><span style=\"font-family: Liberation Serif, serif\"><span style=\"font-size: small\">\u00ab Chaque agent a le droit de participer \u00e0 son choix et sans perte de traitement, \u00e0 l&rsquo;une de ces r\u00e9unions pendant ses heures de travail. La dur\u00e9e de cette r\u00e9union mensuelle est d&rsquo;une heure maximum, mais chaque organisation syndicale a la possibilit\u00e9, si elle en exprime le souhait, de regrouper les heures mensuelles dont elle dispose en les reportant, sans toutefois que le regroupement de ces heures puisse d\u00e9passer 4 heures \u00bb.<\/span><\/span><\/p>\n","protected":false},"excerpt":{"rendered":"<p>HMI intersyndicale CGT Agri et SNETAP-FSU le vendredi 2 octobre 2020 sur Lomme et Arras Vous \u00eates toutes et tous (non-syndiqu\u00e9\u00b7es et syndiqu\u00e9\u00b7es) invit\u00e9\u00b7es aux heures mensuelles d&rsquo;informations syndicales qui se d\u00e9roulera le\u00a0: \u00e0 l&rsquo;EPLEFPA de\u00a0 Lomme de 10h \u00e0 12h. \u00e0 l&rsquo;EPLEFPA d&rsquo;Arras de 14h \u00e0 16h. Seront pr\u00e9sents\u00a0: &#8211; les membres de la [&hellip;]<\/p>\n","protected":false},"author":88,"featured_media":5614,"comment_status":"closed","ping_status":"closed","sticky":false,"template":"","format":"standard","meta":{"ocean_post_layout":"","ocean_both_sidebars_style":"","ocean_both_sidebars_content_width":0,"ocean_both_sidebars_sidebars_width":0,"ocean_sidebar":"0","ocean_second_sidebar":"0","ocean_disable_margins":"enable","ocean_add_body_class":"","ocean_shortcode_before_top_bar":"","ocean_shortcode_after_top_bar":"","ocean_shortcode_before_header":"","ocean_shortcode_after_header":"","ocean_has_shortcode":"","ocean_shortcode_after_title":"","ocean_shortcode_before_footer_widgets":"","ocean_shortcode_after_footer_widgets":"","ocean_shortcode_before_footer_bottom":"","ocean_shortcode_after_footer_bottom":"","ocean_display_top_bar":"default","ocean_display_header":"default","ocean_header_style":"","ocean_center_header_left_menu":"0","ocean_custom_header_template":"0","ocean_custom_logo":0,"ocean_custom_retina_logo":0,"ocean_custom_logo_max_width":0,"ocean_custom_logo_tablet_max_width":0,"ocean_custom_logo_mobile_max_width":0,"ocean_custom_logo_max_height":0,"ocean_custom_logo_tablet_max_height":0,"ocean_custom_logo_mobile_max_height":0,"ocean_header_custom_menu":"0","ocean_menu_typo_font_family":"0","ocean_menu_typo_font_subset":"","ocean_menu_typo_font_size":0,"ocean_menu_typo_font_size_tablet":0,"ocean_menu_typo_font_size_mobile":0,"ocean_menu_typo_font_size_unit":"px","ocean_menu_typo_font_weight":"","ocean_menu_typo_font_weight_tablet":"","ocean_menu_typo_font_weight_mobile":"","ocean_menu_typo_transform":"","ocean_menu_typo_transform_tablet":"","ocean_menu_typo_transform_mobile":"","ocean_menu_typo_line_height":0,"ocean_menu_typo_line_height_tablet":0,"ocean_menu_typo_line_height_mobile":0,"ocean_menu_typo_line_height_unit":"","ocean_menu_typo_spacing":0,"ocean_menu_typo_spacing_tablet":0,"ocean_menu_typo_spacing_mobile":0,"ocean_menu_typo_spacing_unit":"","ocean_menu_link_color":"","ocean_menu_link_color_hover":"","ocean_menu_link_color_active":"","ocean_menu_link_background":"","ocean_menu_link_hover_background":"","ocean_menu_link_active_background":"","ocean_menu_social_links_bg":"","ocean_menu_social_hover_links_bg":"","ocean_menu_social_links_color":"","ocean_menu_social_hover_links_color":"","ocean_disable_title":"default","ocean_disable_heading":"default","ocean_post_title":"","ocean_post_subheading":"","ocean_post_title_style":"","ocean_post_title_background_color":"","ocean_post_title_background":0,"ocean_post_title_bg_image_position":"","ocean_post_title_bg_image_attachment":"","ocean_post_title_bg_image_repeat":"","ocean_post_title_bg_image_size":"","ocean_post_title_height":0,"ocean_post_title_bg_overlay":0.5,"ocean_post_title_bg_overlay_color":"","ocean_disable_breadcrumbs":"default","ocean_breadcrumbs_color":"","ocean_breadcrumbs_separator_color":"","ocean_breadcrumbs_links_color":"","ocean_breadcrumbs_links_hover_color":"","ocean_display_footer_widgets":"default","ocean_display_footer_bottom":"default","ocean_custom_footer_template":"0","ocean_post_oembed":"","ocean_post_self_hosted_media":"","ocean_post_video_embed":"","ocean_link_format":"","ocean_link_format_target":"self","ocean_quote_format":"","ocean_quote_format_link":"post","ocean_gallery_link_images":"off","ocean_gallery_id":[],"footnotes":""},"categories":[13,41],"tags":[],"post_folder":[],"class_list":["post-5613","post","type-post","status-publish","format-standard","has-post-thumbnail","hentry","category-communiques","category-instances-syndicales-hdf","entry","has-media"],"yoast_head":"<!-- This site is optimized with the Yoast SEO plugin v27.4 - https:\/\/yoast.com\/product\/yoast-seo-wordpress\/ -->\n<title>HMI intersyndicale CGT Agri \/ SNETAP-FSU 2 oct 2020 - HAUTS-DE-FRANCE<\/title>\n<meta name=\"robots\" content=\"index, follow, max-snippet:-1, max-image-preview:large, max-video-preview:-1\" \/>\n<link rel=\"canonical\" href=\"https:\/\/regions-snetap-fsu.fr\/hdf\/2020\/09\/28\/hmi-intersyndicale-cgt-agri-snetap-fsu-2-oct-2020\/\" \/>\n<meta property=\"og:locale\" content=\"fr_FR\" \/>\n<meta property=\"og:type\" content=\"article\" \/>\n<meta property=\"og:title\" content=\"HMI intersyndicale CGT Agri \/ SNETAP-FSU 2 oct 2020 - HAUTS-DE-FRANCE\" \/>\n<meta property=\"og:description\" content=\"HMI intersyndicale CGT Agri et SNETAP-FSU le vendredi 2 octobre 2020 sur Lomme et Arras Vous \u00eates toutes et tous (non-syndiqu\u00e9\u00b7es et syndiqu\u00e9\u00b7es) invit\u00e9\u00b7es aux heures mensuelles d&rsquo;informations syndicales qui se d\u00e9roulera le\u00a0: \u00e0 l&rsquo;EPLEFPA de\u00a0 Lomme de 10h \u00e0 12h. \u00e0 l&rsquo;EPLEFPA d&rsquo;Arras de 14h \u00e0 16h. Seront pr\u00e9sents\u00a0: &#8211; les membres de la [&hellip;]\" \/>\n<meta property=\"og:url\" content=\"https:\/\/regions-snetap-fsu.fr\/hdf\/2020\/09\/28\/hmi-intersyndicale-cgt-agri-snetap-fsu-2-oct-2020\/\" \/>\n<meta property=\"og:site_name\" content=\"HAUTS-DE-FRANCE\" \/>\n<meta property=\"article:published_time\" content=\"2020-09-28T21:57:53+00:00\" \/>\n<meta property=\"og:image\" content=\"https:\/\/regions-snetap-fsu.fr\/hdf\/wp-content\/uploads\/sites\/5\/2020\/09\/Intersyndicale_CGT_SNETAP_28_920.jpg\" \/>\n\t<meta property=\"og:image:width\" content=\"431\" \/>\n\t<meta property=\"og:image:height\" content=\"210\" \/>\n\t<meta property=\"og:image:type\" content=\"image\/jpeg\" \/>\n<meta name=\"author\" content=\"Regis Martinage\" \/>\n<meta name=\"twitter:card\" content=\"summary_large_image\" \/>\n<meta name=\"twitter:creator\" content=\"@MartinageSnetap\" \/>\n<meta name=\"twitter:site\" content=\"@MartinageSnetap\" \/>\n<meta name=\"twitter:label1\" content=\"\u00c9crit par\" \/>\n\t<meta name=\"twitter:data1\" content=\"Regis Martinage\" \/>\n\t<meta name=\"twitter:label2\" content=\"Dur\u00e9e de lecture estim\u00e9e\" \/>\n\t<meta name=\"twitter:data2\" content=\"1 minute\" \/>\n<script type=\"application\/ld+json\" class=\"yoast-schema-graph\">{\"@context\":\"https:\\\/\\\/schema.org\",\"@graph\":[{\"@type\":\"Article\",\"@id\":\"https:\\\/\\\/regions-snetap-fsu.fr\\\/hdf\\\/2020\\\/09\\\/28\\\/hmi-intersyndicale-cgt-agri-snetap-fsu-2-oct-2020\\\/#article\",\"isPartOf\":{\"@id\":\"https:\\\/\\\/regions-snetap-fsu.fr\\\/hdf\\\/2020\\\/09\\\/28\\\/hmi-intersyndicale-cgt-agri-snetap-fsu-2-oct-2020\\\/\"},\"author\":{\"name\":\"Regis Martinage\",\"@id\":\"https:\\\/\\\/regions-snetap-fsu.fr\\\/hdf\\\/#\\\/schema\\\/person\\\/fa09b77e508eb2889a1c2dd6f4cf3149\"},\"headline\":\"HMI intersyndicale CGT Agri \\\/ SNETAP-FSU 2 oct 2020\",\"datePublished\":\"2020-09-28T21:57:53+00:00\",\"mainEntityOfPage\":{\"@id\":\"https:\\\/\\\/regions-snetap-fsu.fr\\\/hdf\\\/2020\\\/09\\\/28\\\/hmi-intersyndicale-cgt-agri-snetap-fsu-2-oct-2020\\\/\"},\"wordCount\":290,\"publisher\":{\"@id\":\"https:\\\/\\\/regions-snetap-fsu.fr\\\/hdf\\\/#organization\"},\"image\":{\"@id\":\"https:\\\/\\\/regions-snetap-fsu.fr\\\/hdf\\\/2020\\\/09\\\/28\\\/hmi-intersyndicale-cgt-agri-snetap-fsu-2-oct-2020\\\/#primaryimage\"},\"thumbnailUrl\":\"https:\\\/\\\/regions-snetap-fsu.fr\\\/hdf\\\/wp-content\\\/uploads\\\/sites\\\/5\\\/2020\\\/09\\\/Intersyndicale_CGT_SNETAP_28_920.jpg\",\"articleSection\":[\"Communiqu\u00e9s\",\"Instances syndicales HdF\"],\"inLanguage\":\"fr-FR\"},{\"@type\":\"WebPage\",\"@id\":\"https:\\\/\\\/regions-snetap-fsu.fr\\\/hdf\\\/2020\\\/09\\\/28\\\/hmi-intersyndicale-cgt-agri-snetap-fsu-2-oct-2020\\\/\",\"url\":\"https:\\\/\\\/regions-snetap-fsu.fr\\\/hdf\\\/2020\\\/09\\\/28\\\/hmi-intersyndicale-cgt-agri-snetap-fsu-2-oct-2020\\\/\",\"name\":\"HMI intersyndicale CGT Agri \\\/ SNETAP-FSU 2 oct 2020 - HAUTS-DE-FRANCE\",\"isPartOf\":{\"@id\":\"https:\\\/\\\/regions-snetap-fsu.fr\\\/hdf\\\/#website\"},\"primaryImageOfPage\":{\"@id\":\"https:\\\/\\\/regions-snetap-fsu.fr\\\/hdf\\\/2020\\\/09\\\/28\\\/hmi-intersyndicale-cgt-agri-snetap-fsu-2-oct-2020\\\/#primaryimage\"},\"image\":{\"@id\":\"https:\\\/\\\/regions-snetap-fsu.fr\\\/hdf\\\/2020\\\/09\\\/28\\\/hmi-intersyndicale-cgt-agri-snetap-fsu-2-oct-2020\\\/#primaryimage\"},\"thumbnailUrl\":\"https:\\\/\\\/regions-snetap-fsu.fr\\\/hdf\\\/wp-content\\\/uploads\\\/sites\\\/5\\\/2020\\\/09\\\/Intersyndicale_CGT_SNETAP_28_920.jpg\",\"datePublished\":\"2020-09-28T21:57:53+00:00\",\"breadcrumb\":{\"@id\":\"https:\\\/\\\/regions-snetap-fsu.fr\\\/hdf\\\/2020\\\/09\\\/28\\\/hmi-intersyndicale-cgt-agri-snetap-fsu-2-oct-2020\\\/#breadcrumb\"},\"inLanguage\":\"fr-FR\",\"potentialAction\":[{\"@type\":\"ReadAction\",\"target\":[\"https:\\\/\\\/regions-snetap-fsu.fr\\\/hdf\\\/2020\\\/09\\\/28\\\/hmi-intersyndicale-cgt-agri-snetap-fsu-2-oct-2020\\\/\"]}]},{\"@type\":\"ImageObject\",\"inLanguage\":\"fr-FR\",\"@id\":\"https:\\\/\\\/regions-snetap-fsu.fr\\\/hdf\\\/2020\\\/09\\\/28\\\/hmi-intersyndicale-cgt-agri-snetap-fsu-2-oct-2020\\\/#primaryimage\",\"url\":\"https:\\\/\\\/regions-snetap-fsu.fr\\\/hdf\\\/wp-content\\\/uploads\\\/sites\\\/5\\\/2020\\\/09\\\/Intersyndicale_CGT_SNETAP_28_920.jpg\",\"contentUrl\":\"https:\\\/\\\/regions-snetap-fsu.fr\\\/hdf\\\/wp-content\\\/uploads\\\/sites\\\/5\\\/2020\\\/09\\\/Intersyndicale_CGT_SNETAP_28_920.jpg\",\"width\":431,\"height\":210},{\"@type\":\"BreadcrumbList\",\"@id\":\"https:\\\/\\\/regions-snetap-fsu.fr\\\/hdf\\\/2020\\\/09\\\/28\\\/hmi-intersyndicale-cgt-agri-snetap-fsu-2-oct-2020\\\/#breadcrumb\",\"itemListElement\":[{\"@type\":\"ListItem\",\"position\":1,\"name\":\"Accueil\",\"item\":\"https:\\\/\\\/regions-snetap-fsu.fr\\\/hdf\\\/\"},{\"@type\":\"ListItem\",\"position\":2,\"name\":\"Communiqu\u00e9s\",\"item\":\"https:\\\/\\\/regions-snetap-fsu.fr\\\/hdf\\\/category\\\/communiques\\\/\"},{\"@type\":\"ListItem\",\"position\":3,\"name\":\"HMI intersyndicale CGT Agri \\\/ SNETAP-FSU 2 oct 2020\"}]},{\"@type\":\"WebSite\",\"@id\":\"https:\\\/\\\/regions-snetap-fsu.fr\\\/hdf\\\/#website\",\"url\":\"https:\\\/\\\/regions-snetap-fsu.fr\\\/hdf\\\/\",\"name\":\"HAUTS-DE-FRANCE\",\"description\":\"Section r\u00e9gionale\",\"publisher\":{\"@id\":\"https:\\\/\\\/regions-snetap-fsu.fr\\\/hdf\\\/#organization\"},\"potentialAction\":[{\"@type\":\"SearchAction\",\"target\":{\"@type\":\"EntryPoint\",\"urlTemplate\":\"https:\\\/\\\/regions-snetap-fsu.fr\\\/hdf\\\/?s={search_term_string}\"},\"query-input\":{\"@type\":\"PropertyValueSpecification\",\"valueRequired\":true,\"valueName\":\"search_term_string\"}}],\"inLanguage\":\"fr-FR\"},{\"@type\":\"Organization\",\"@id\":\"https:\\\/\\\/regions-snetap-fsu.fr\\\/hdf\\\/#organization\",\"name\":\"SNETAP-FSU - HAUTS-DE-FRANCE\",\"url\":\"https:\\\/\\\/regions-snetap-fsu.fr\\\/hdf\\\/\",\"logo\":{\"@type\":\"ImageObject\",\"inLanguage\":\"fr-FR\",\"@id\":\"https:\\\/\\\/regions-snetap-fsu.fr\\\/hdf\\\/#\\\/schema\\\/logo\\\/image\\\/\",\"url\":\"https:\\\/\\\/regions-snetap-fsu.fr\\\/hdf\\\/wp-content\\\/uploads\\\/sites\\\/5\\\/2020\\\/12\\\/SNETAP-Logo.jpg\",\"contentUrl\":\"https:\\\/\\\/regions-snetap-fsu.fr\\\/hdf\\\/wp-content\\\/uploads\\\/sites\\\/5\\\/2020\\\/12\\\/SNETAP-Logo.jpg\",\"width\":464,\"height\":334,\"caption\":\"SNETAP-FSU - HAUTS-DE-FRANCE\"},\"image\":{\"@id\":\"https:\\\/\\\/regions-snetap-fsu.fr\\\/hdf\\\/#\\\/schema\\\/logo\\\/image\\\/\"},\"sameAs\":[\"https:\\\/\\\/x.com\\\/MartinageSnetap\"]},{\"@type\":\"Person\",\"@id\":\"https:\\\/\\\/regions-snetap-fsu.fr\\\/hdf\\\/#\\\/schema\\\/person\\\/fa09b77e508eb2889a1c2dd6f4cf3149\",\"name\":\"Regis Martinage\",\"image\":{\"@type\":\"ImageObject\",\"inLanguage\":\"fr-FR\",\"@id\":\"https:\\\/\\\/secure.gravatar.com\\\/avatar\\\/7ae2aaabfe5b8d5c7b9361e91002ca9ec93c38c63c9a1d06ae19f03a5dc70dd7?s=96&d=mm&r=g\",\"url\":\"https:\\\/\\\/secure.gravatar.com\\\/avatar\\\/7ae2aaabfe5b8d5c7b9361e91002ca9ec93c38c63c9a1d06ae19f03a5dc70dd7?s=96&d=mm&r=g\",\"contentUrl\":\"https:\\\/\\\/secure.gravatar.com\\\/avatar\\\/7ae2aaabfe5b8d5c7b9361e91002ca9ec93c38c63c9a1d06ae19f03a5dc70dd7?s=96&d=mm&r=g\",\"caption\":\"Regis Martinage\"},\"url\":\"https:\\\/\\\/regions-snetap-fsu.fr\\\/hdf\\\/author\\\/r-martinage\\\/\"}]}<\/script>\n<!-- \/ Yoast SEO plugin. -->","yoast_head_json":{"title":"HMI intersyndicale CGT Agri \/ SNETAP-FSU 2 oct 2020 - HAUTS-DE-FRANCE","robots":{"index":"index","follow":"follow","max-snippet":"max-snippet:-1","max-image-preview":"max-image-preview:large","max-video-preview":"max-video-preview:-1"},"canonical":"https:\/\/regions-snetap-fsu.fr\/hdf\/2020\/09\/28\/hmi-intersyndicale-cgt-agri-snetap-fsu-2-oct-2020\/","og_locale":"fr_FR","og_type":"article","og_title":"HMI intersyndicale CGT Agri \/ SNETAP-FSU 2 oct 2020 - HAUTS-DE-FRANCE","og_description":"HMI intersyndicale CGT Agri et SNETAP-FSU le vendredi 2 octobre 2020 sur Lomme et Arras Vous \u00eates toutes et tous (non-syndiqu\u00e9\u00b7es et syndiqu\u00e9\u00b7es) invit\u00e9\u00b7es aux heures mensuelles d&rsquo;informations syndicales qui se d\u00e9roulera le\u00a0: \u00e0 l&rsquo;EPLEFPA de\u00a0 Lomme de 10h \u00e0 12h. \u00e0 l&rsquo;EPLEFPA d&rsquo;Arras de 14h \u00e0 16h. Seront pr\u00e9sents\u00a0: &#8211; les membres de la [&hellip;]","og_url":"https:\/\/regions-snetap-fsu.fr\/hdf\/2020\/09\/28\/hmi-intersyndicale-cgt-agri-snetap-fsu-2-oct-2020\/","og_site_name":"HAUTS-DE-FRANCE","article_published_time":"2020-09-28T21:57:53+00:00","og_image":[{"width":431,"height":210,"url":"https:\/\/regions-snetap-fsu.fr\/hdf\/wp-content\/uploads\/sites\/5\/2020\/09\/Intersyndicale_CGT_SNETAP_28_920.jpg","type":"image\/jpeg"}],"author":"Regis Martinage","twitter_card":"summary_large_image","twitter_creator":"@MartinageSnetap","twitter_site":"@MartinageSnetap","twitter_misc":{"\u00c9crit par":"Regis Martinage","Dur\u00e9e de lecture estim\u00e9e":"1 minute"},"schema":{"@context":"https:\/\/schema.org","@graph":[{"@type":"Article","@id":"https:\/\/regions-snetap-fsu.fr\/hdf\/2020\/09\/28\/hmi-intersyndicale-cgt-agri-snetap-fsu-2-oct-2020\/#article","isPartOf":{"@id":"https:\/\/regions-snetap-fsu.fr\/hdf\/2020\/09\/28\/hmi-intersyndicale-cgt-agri-snetap-fsu-2-oct-2020\/"},"author":{"name":"Regis Martinage","@id":"https:\/\/regions-snetap-fsu.fr\/hdf\/#\/schema\/person\/fa09b77e508eb2889a1c2dd6f4cf3149"},"headline":"HMI intersyndicale CGT Agri \/ SNETAP-FSU 2 oct 2020","datePublished":"2020-09-28T21:57:53+00:00","mainEntityOfPage":{"@id":"https:\/\/regions-snetap-fsu.fr\/hdf\/2020\/09\/28\/hmi-intersyndicale-cgt-agri-snetap-fsu-2-oct-2020\/"},"wordCount":290,"publisher":{"@id":"https:\/\/regions-snetap-fsu.fr\/hdf\/#organization"},"image":{"@id":"https:\/\/regions-snetap-fsu.fr\/hdf\/2020\/09\/28\/hmi-intersyndicale-cgt-agri-snetap-fsu-2-oct-2020\/#primaryimage"},"thumbnailUrl":"https:\/\/regions-snetap-fsu.fr\/hdf\/wp-content\/uploads\/sites\/5\/2020\/09\/Intersyndicale_CGT_SNETAP_28_920.jpg","articleSection":["Communiqu\u00e9s","Instances syndicales HdF"],"inLanguage":"fr-FR"},{"@type":"WebPage","@id":"https:\/\/regions-snetap-fsu.fr\/hdf\/2020\/09\/28\/hmi-intersyndicale-cgt-agri-snetap-fsu-2-oct-2020\/","url":"https:\/\/regions-snetap-fsu.fr\/hdf\/2020\/09\/28\/hmi-intersyndicale-cgt-agri-snetap-fsu-2-oct-2020\/","name":"HMI intersyndicale CGT Agri \/ SNETAP-FSU 2 oct 2020 - HAUTS-DE-FRANCE","isPartOf":{"@id":"https:\/\/regions-snetap-fsu.fr\/hdf\/#website"},"primaryImageOfPage":{"@id":"https:\/\/regions-snetap-fsu.fr\/hdf\/2020\/09\/28\/hmi-intersyndicale-cgt-agri-snetap-fsu-2-oct-2020\/#primaryimage"},"image":{"@id":"https:\/\/regions-snetap-fsu.fr\/hdf\/2020\/09\/28\/hmi-intersyndicale-cgt-agri-snetap-fsu-2-oct-2020\/#primaryimage"},"thumbnailUrl":"https:\/\/regions-snetap-fsu.fr\/hdf\/wp-content\/uploads\/sites\/5\/2020\/09\/Intersyndicale_CGT_SNETAP_28_920.jpg","datePublished":"2020-09-28T21:57:53+00:00","breadcrumb":{"@id":"https:\/\/regions-snetap-fsu.fr\/hdf\/2020\/09\/28\/hmi-intersyndicale-cgt-agri-snetap-fsu-2-oct-2020\/#breadcrumb"},"inLanguage":"fr-FR","potentialAction":[{"@type":"ReadAction","target":["https:\/\/regions-snetap-fsu.fr\/hdf\/2020\/09\/28\/hmi-intersyndicale-cgt-agri-snetap-fsu-2-oct-2020\/"]}]},{"@type":"ImageObject","inLanguage":"fr-FR","@id":"https:\/\/regions-snetap-fsu.fr\/hdf\/2020\/09\/28\/hmi-intersyndicale-cgt-agri-snetap-fsu-2-oct-2020\/#primaryimage","url":"https:\/\/regions-snetap-fsu.fr\/hdf\/wp-content\/uploads\/sites\/5\/2020\/09\/Intersyndicale_CGT_SNETAP_28_920.jpg","contentUrl":"https:\/\/regions-snetap-fsu.fr\/hdf\/wp-content\/uploads\/sites\/5\/2020\/09\/Intersyndicale_CGT_SNETAP_28_920.jpg","width":431,"height":210},{"@type":"BreadcrumbList","@id":"https:\/\/regions-snetap-fsu.fr\/hdf\/2020\/09\/28\/hmi-intersyndicale-cgt-agri-snetap-fsu-2-oct-2020\/#breadcrumb","itemListElement":[{"@type":"ListItem","position":1,"name":"Accueil","item":"https:\/\/regions-snetap-fsu.fr\/hdf\/"},{"@type":"ListItem","position":2,"name":"Communiqu\u00e9s","item":"https:\/\/regions-snetap-fsu.fr\/hdf\/category\/communiques\/"},{"@type":"ListItem","position":3,"name":"HMI intersyndicale CGT Agri \/ SNETAP-FSU 2 oct 2020"}]},{"@type":"WebSite","@id":"https:\/\/regions-snetap-fsu.fr\/hdf\/#website","url":"https:\/\/regions-snetap-fsu.fr\/hdf\/","name":"HAUTS-DE-FRANCE","description":"Section r\u00e9gionale","publisher":{"@id":"https:\/\/regions-snetap-fsu.fr\/hdf\/#organization"},"potentialAction":[{"@type":"SearchAction","target":{"@type":"EntryPoint","urlTemplate":"https:\/\/regions-snetap-fsu.fr\/hdf\/?s={search_term_string}"},"query-input":{"@type":"PropertyValueSpecification","valueRequired":true,"valueName":"search_term_string"}}],"inLanguage":"fr-FR"},{"@type":"Organization","@id":"https:\/\/regions-snetap-fsu.fr\/hdf\/#organization","name":"SNETAP-FSU - HAUTS-DE-FRANCE","url":"https:\/\/regions-snetap-fsu.fr\/hdf\/","logo":{"@type":"ImageObject","inLanguage":"fr-FR","@id":"https:\/\/regions-snetap-fsu.fr\/hdf\/#\/schema\/logo\/image\/","url":"https:\/\/regions-snetap-fsu.fr\/hdf\/wp-content\/uploads\/sites\/5\/2020\/12\/SNETAP-Logo.jpg","contentUrl":"https:\/\/regions-snetap-fsu.fr\/hdf\/wp-content\/uploads\/sites\/5\/2020\/12\/SNETAP-Logo.jpg","width":464,"height":334,"caption":"SNETAP-FSU - HAUTS-DE-FRANCE"},"image":{"@id":"https:\/\/regions-snetap-fsu.fr\/hdf\/#\/schema\/logo\/image\/"},"sameAs":["https:\/\/x.com\/MartinageSnetap"]},{"@type":"Person","@id":"https:\/\/regions-snetap-fsu.fr\/hdf\/#\/schema\/person\/fa09b77e508eb2889a1c2dd6f4cf3149","name":"Regis Martinage","image":{"@type":"ImageObject","inLanguage":"fr-FR","@id":"https:\/\/secure.gravatar.com\/avatar\/7ae2aaabfe5b8d5c7b9361e91002ca9ec93c38c63c9a1d06ae19f03a5dc70dd7?s=96&d=mm&r=g","url":"https:\/\/secure.gravatar.com\/avatar\/7ae2aaabfe5b8d5c7b9361e91002ca9ec93c38c63c9a1d06ae19f03a5dc70dd7?s=96&d=mm&r=g","contentUrl":"https:\/\/secure.gravatar.com\/avatar\/7ae2aaabfe5b8d5c7b9361e91002ca9ec93c38c63c9a1d06ae19f03a5dc70dd7?s=96&d=mm&r=g","caption":"Regis Martinage"},"url":"https:\/\/regions-snetap-fsu.fr\/hdf\/author\/r-martinage\/"}]}},"_links":{"self":[{"href":"https:\/\/regions-snetap-fsu.fr\/hdf\/wp-json\/wp\/v2\/posts\/5613","targetHints":{"allow":["GET"]}}],"collection":[{"href":"https:\/\/regions-snetap-fsu.fr\/hdf\/wp-json\/wp\/v2\/posts"}],"about":[{"href":"https:\/\/regions-snetap-fsu.fr\/hdf\/wp-json\/wp\/v2\/types\/post"}],"author":[{"embeddable":true,"href":"https:\/\/regions-snetap-fsu.fr\/hdf\/wp-json\/wp\/v2\/users\/88"}],"replies":[{"embeddable":true,"href":"https:\/\/regions-snetap-fsu.fr\/hdf\/wp-json\/wp\/v2\/comments?post=5613"}],"version-history":[{"count":4,"href":"https:\/\/regions-snetap-fsu.fr\/hdf\/wp-json\/wp\/v2\/posts\/5613\/revisions"}],"predecessor-version":[{"id":5618,"href":"https:\/\/regions-snetap-fsu.fr\/hdf\/wp-json\/wp\/v2\/posts\/5613\/revisions\/5618"}],"wp:featuredmedia":[{"embeddable":true,"href":"https:\/\/regions-snetap-fsu.fr\/hdf\/wp-json\/wp\/v2\/media\/5614"}],"wp:attachment":[{"href":"https:\/\/regions-snetap-fsu.fr\/hdf\/wp-json\/wp\/v2\/media?parent=5613"}],"wp:term":[{"taxonomy":"category","embeddable":true,"href":"https:\/\/regions-snetap-fsu.fr\/hdf\/wp-json\/wp\/v2\/categories?post=5613"},{"taxonomy":"post_tag","embeddable":true,"href":"https:\/\/regions-snetap-fsu.fr\/hdf\/wp-json\/wp\/v2\/tags?post=5613"},{"taxonomy":"post_folder","embeddable":true,"href":"https:\/\/regions-snetap-fsu.fr\/hdf\/wp-json\/wp\/v2\/post_folder?post=5613"}],"curies":[{"name":"wp","href":"https:\/\/api.w.org\/{rel}","templated":true}]}}