{"id":5333,"date":"2020-07-09T10:02:20","date_gmt":"2020-07-09T08:02:20","guid":{"rendered":"https:\/\/regions-snetap-fsu.fr\/hdf\/?p=5333"},"modified":"2020-09-07T12:06:08","modified_gmt":"2020-09-07T10:06:08","slug":"ctrea-du-3-juillet-2020","status":"publish","type":"post","link":"https:\/\/regions-snetap-fsu.fr\/hdf\/2020\/07\/09\/ctrea-du-3-juillet-2020\/","title":{"rendered":"CTREA du 3 juillet 2020"},"content":{"rendered":"<h2 style=\"text-align: center;\"><span style=\"font-family: tahoma, arial, helvetica, sans-serif; color: #ff0000;\">CTREA du 3 juillet 2020<\/span><\/h2>\n<h2 style=\"text-align: center;\"><span style=\"font-family: tahoma, arial, helvetica, sans-serif; color: #ff0000;\">un d\u00e9marrage houleux<\/span><\/h2>\n<h2 style=\"text-align: center;\"><span style=\"font-family: tahoma, arial, helvetica, sans-serif; color: #ff0000;\">qui fini sur notre faim<\/span><\/h2>\n<blockquote>\n<p style=\"text-align: justify;\"><span style=\"font-family: tahoma, arial, helvetica, sans-serif; color: #0000ff; font-size: 12pt;\">Ce vendredi 3 juillet 2020 s&rsquo;est tenue, en visioconf\u00e9rence, le dernier CTREA de cette ann\u00e9e scolaire.<\/span><\/p>\n<p style=\"text-align: justify;\"><span style=\"font-family: tahoma, arial, helvetica, sans-serif; color: #0000ff; font-size: 12pt;\">En retard suite au CHSCTREA qui a d\u00e9bord\u00e9, le d\u00e9marrage du CTREA s&rsquo;est fait de fa\u00e7on houleuse avec le sujet du CFA R\u00e9gional pour terminer tardivement sur notre faim (dans les deux sens du terme) vers 13h30.<\/span><\/p>\n<p style=\"text-align: justify;\"><span style=\"font-family: tahoma, arial, helvetica, sans-serif; color: #0000ff; font-size: 12pt;\">Nous avons d\u00e9nonc\u00e9 la cacophonie de la mise en place du CFA R\u00e9gional et ses entorses l\u00e9gislatives.<\/span><\/p>\n<p><span style=\"font-family: tahoma, arial, helvetica, sans-serif; font-size: 12pt; color: #0000ff;\">Le DRAAF s&rsquo;est montr\u00e9 assez agac\u00e9 et a d\u00e9cid\u00e9 de nous r\u00e9unir courant septembre sur le sujet du CFA R\u00e9gional &#8230;<\/span><\/p><\/blockquote>\n<p><!--more--><\/p>\n<p><img fetchpriority=\"high\" decoding=\"async\" class=\"aligncenter wp-image-5338\" src=\"https:\/\/regions-snetap-fsu.fr\/hdf\/wp-content\/uploads\/sites\/5\/2020\/07\/mise_en_place_CFAR_8_720-300x150.png\" alt=\"\" width=\"340\" height=\"170\" srcset=\"https:\/\/regions-snetap-fsu.fr\/hdf\/wp-content\/uploads\/sites\/5\/2020\/07\/mise_en_place_CFAR_8_720-300x150.png 300w, https:\/\/regions-snetap-fsu.fr\/hdf\/wp-content\/uploads\/sites\/5\/2020\/07\/mise_en_place_CFAR_8_720-768x384.png 768w, https:\/\/regions-snetap-fsu.fr\/hdf\/wp-content\/uploads\/sites\/5\/2020\/07\/mise_en_place_CFAR_8_720-100x50.png 100w, https:\/\/regions-snetap-fsu.fr\/hdf\/wp-content\/uploads\/sites\/5\/2020\/07\/mise_en_place_CFAR_8_720-150x75.png 150w, https:\/\/regions-snetap-fsu.fr\/hdf\/wp-content\/uploads\/sites\/5\/2020\/07\/mise_en_place_CFAR_8_720-200x100.png 200w, https:\/\/regions-snetap-fsu.fr\/hdf\/wp-content\/uploads\/sites\/5\/2020\/07\/mise_en_place_CFAR_8_720-450x225.png 450w, https:\/\/regions-snetap-fsu.fr\/hdf\/wp-content\/uploads\/sites\/5\/2020\/07\/mise_en_place_CFAR_8_720-600x300.png 600w, https:\/\/regions-snetap-fsu.fr\/hdf\/wp-content\/uploads\/sites\/5\/2020\/07\/mise_en_place_CFAR_8_720-900x450.png 900w, https:\/\/regions-snetap-fsu.fr\/hdf\/wp-content\/uploads\/sites\/5\/2020\/07\/mise_en_place_CFAR_8_720.png 1000w\" sizes=\"(max-width: 340px) 100vw, 340px\" \/><\/p>\n<h3 style=\"text-align: center;\"><span style=\"text-decoration: underline; font-size: 12pt;\"><span style=\"color: #0000ff;\"><strong><span style=\"font-family: tahoma, arial, helvetica, sans-serif;\">CFA r\u00e9gional<\/span><\/strong><\/span><\/span><\/h3>\n<p style=\"text-align: justify;\"><span style=\"font-family: tahoma, arial, helvetica, sans-serif; color: #0000ff; font-size: 12pt;\">D\u00e8s la premi\u00e8re intervention, le sujet de la mise en place du CFA R\u00e9gional a \u00e9t\u00e9 abord\u00e9.<\/span><\/p>\n<p style=\"text-align: justify;\"><span style=\"font-family: tahoma, arial, helvetica, sans-serif; color: #0000ff; font-size: 12pt;\">Faisant suite aux remont\u00e9es de nos camarades SNETAP-FSU \u00e9lu\u00b7es des Conseils d\u2019Administration et de nos camarades SNETAP-FSU coll\u00e8gues des UFA, nous avons d\u00e9nonc\u00e9, globalement en accord avec les autres organisations syndicales et ceci malgr\u00e9 l&rsquo;absence de concertation \u00e0 ce sujet, l&rsquo;amateurisme, l&rsquo;opacit\u00e9 et l&rsquo;ill\u00e9galit\u00e9 de certaines d\u00e9lib\u00e9rations portant les document contractuels du CFA R\u00e9gional, le manque de clart\u00e9 sur la cr\u00e9ation de poste de \u00ab\u00a0commerciaux\u00a0\u00bb&#8230;<\/span><\/p>\n<p style=\"text-align: justify;\"><span style=\"font-family: tahoma, arial, helvetica, sans-serif; color: #0000ff; font-size: 12pt;\">Nous nous sommes indign\u00e9\u00b7es de la position du directeur du CFA R\u00e9gional, notamment pour son propos : \u00ab\u00a0&#8230; travail pour les entreprises, pas pour les apprenti\u00b7es\u00a0\u00bb et sur l&rsquo;insuffisance voire l\u2019inexistence du dialogue social.<br \/>\n<\/span><\/p>\n<p style=\"text-align: justify;\"><span style=\"font-family: tahoma, arial, helvetica, sans-serif; color: #0000ff; font-size: 12pt;\">Le DRAAF nous a sembl\u00e9 agac\u00e9 de nos remont\u00e9s et notamment sur ce ratage de dialogue social. Il nous a proposer d&rsquo;en faire un sujet lors d&rsquo;une prochaine rencontre courant septembre 2020.<\/span><\/p>\n<p><img decoding=\"async\" class=\"aligncenter size-medium wp-image-5353\" src=\"https:\/\/regions-snetap-fsu.fr\/hdf\/wp-content\/uploads\/sites\/5\/2020\/07\/Non_austerite_defendons_EAP_9_720-300x197.png\" alt=\"\" width=\"300\" height=\"197\" srcset=\"https:\/\/regions-snetap-fsu.fr\/hdf\/wp-content\/uploads\/sites\/5\/2020\/07\/Non_austerite_defendons_EAP_9_720-300x197.png 300w, https:\/\/regions-snetap-fsu.fr\/hdf\/wp-content\/uploads\/sites\/5\/2020\/07\/Non_austerite_defendons_EAP_9_720-100x66.png 100w, https:\/\/regions-snetap-fsu.fr\/hdf\/wp-content\/uploads\/sites\/5\/2020\/07\/Non_austerite_defendons_EAP_9_720-150x98.png 150w, https:\/\/regions-snetap-fsu.fr\/hdf\/wp-content\/uploads\/sites\/5\/2020\/07\/Non_austerite_defendons_EAP_9_720-200x131.png 200w, https:\/\/regions-snetap-fsu.fr\/hdf\/wp-content\/uploads\/sites\/5\/2020\/07\/Non_austerite_defendons_EAP_9_720-450x295.png 450w, https:\/\/regions-snetap-fsu.fr\/hdf\/wp-content\/uploads\/sites\/5\/2020\/07\/Non_austerite_defendons_EAP_9_720.png 518w\" sizes=\"(max-width: 300px) 100vw, 300px\" \/><\/p>\n<h3 style=\"text-align: center;\"><span style=\"font-size: 12pt;\"><strong><span style=\"text-decoration: underline;\"><span style=\"font-family: tahoma, arial, helvetica, sans-serif; color: #0000ff; text-decoration: underline;\">DGH, rentr\u00e9e 2020<\/span><\/span><\/strong><\/span><\/h3>\n<p><span style=\"font-family: tahoma, arial, helvetica, sans-serif; color: #0000ff; font-size: 12pt;\">Les conditions de la rentr\u00e9e 2020 reste toujours \u00e0 \u00e9claircir.<\/span><\/p>\n<p style=\"text-align: justify;\"><span style=\"font-family: tahoma, arial, helvetica, sans-serif; font-size: 12pt; color: #0000ff;\">Certains points ont d\u00e9j\u00e0 \u00e9t\u00e9 abord\u00e9 lors du CHSCTREA notamment lors des avis du n\u00b0 5 \u00e0 11 inclus (\u00a0<span style=\"text-decoration: underline; color: #000000;\"><a style=\"color: #000000; text-decoration: underline;\" href=\"https:\/\/regions-snetap-fsu.fr\/hdf\/2020\/07\/08\/chsctrea-hauts-de-france-du-3-juillet-2020\/\" target=\"_blank\" rel=\"noopener noreferrer\">Lien : CHSCTREA Hauts-de-France du 3 juillet 2020<\/a> <\/span>).<\/span><\/p>\n<p style=\"text-align: justify;\"><span style=\"font-family: tahoma, arial, helvetica, sans-serif; font-size: 12pt; color: #0000ff;\">La politique ne change pas, r\u00e9duction de moyen, baisse de la DGH de 2,66 % pour 2022, 7 502 h \u00e0 rendre &#8230;. . La chef du SFRD nous a annonc\u00e9 que dans les Hauts-de-France cela se traduit par 1 ETP \u00ab\u00a0propre\u00a0\u00bb \u00e0 rendre \/ an.<\/span><\/p>\n<p style=\"text-align: justify;\"><span style=\"font-family: tahoma, arial, helvetica, sans-serif; font-size: 12pt; color: #0000ff;\">Ces suppressions de poste \u00ab\u00a0propres\u00a0\u00bb vont ce jouer sur les temps partiels, les ACEN.<\/span><\/p>\n<p style=\"text-align: justify;\"><span style=\"font-family: tahoma, arial, helvetica, sans-serif; font-size: 12pt; color: #0000ff;\">Pour la DRAAF-SRFD, la suppression \u00ab\u00a0propre\u00a0\u00bb d&rsquo;un poste consiste \u00e0 ne pas remplacer un titulaire qui quitte la r\u00e9gion ou part \u00e0 la retraite mais aussi \u00e0 diminuer le temps de travail des agents contractuels.<\/span><\/p>\n<p style=\"text-align: justify;\"><span style=\"font-size: 12pt;\"><strong><span style=\"font-family: tahoma, arial, helvetica, sans-serif; color: #ff0000;\">D\u00e8s la rentr\u00e9e 2020, votre mobilisation r\u00e9pondant aux appels du SNETAP-FSU sera tr\u00e8s importante pour d\u00e9montrer notre conviction \u00e0 inverser cette tendance de r\u00e9duction de poste, d&rsquo;horaire (AP pond\u00e9r\u00e9 \u00e0 0,5, &#8230;), etc, \u00e0 arr\u00eater cette casse programm\u00e9e de l\u2019\u00c9cole Publique au profit des centres de formation priv\u00e9s, des offres de soutien p\u00e9dagogique priv\u00e9es et du monde de l&rsquo;entreprise.<\/span><\/strong><\/span><\/p>\n<p style=\"text-align: justify;\"><span style=\"font-family: tahoma, arial, helvetica, sans-serif; font-size: 12pt; color: #0000ff;\">Au niveau des effectifs des apprenant\u00b7es, globalement cela c&rsquo;est \u00e9quilibr\u00e9 en observant une perte en voie scolaire pour un gain en apprentissage.<\/span><\/p>\n<p style=\"text-align: justify;\"><span style=\"font-family: tahoma, arial, helvetica, sans-serif; font-size: 12pt; color: #0000ff;\">Le SNETAP-FSU a r\u00e9clam\u00e9 pour le prochain CTREA une analyse des conclusions du jury d&rsquo;harmonisation pour tous les examens de la session 2020 dans les Hauts-de-France. Afin de porter un jugement sur la mise en place des contr\u00f4les continues.<\/span><\/p>\n<p>&nbsp;<\/p>\n","protected":false},"excerpt":{"rendered":"<p>CTREA du 3 juillet 2020 un d\u00e9marrage houleux qui fini sur notre faim Ce vendredi 3 juillet 2020 s&rsquo;est tenue, en visioconf\u00e9rence, le dernier CTREA de cette ann\u00e9e scolaire. En retard suite au CHSCTREA qui a d\u00e9bord\u00e9, le d\u00e9marrage du CTREA s&rsquo;est fait de fa\u00e7on houleuse avec le sujet du CFA R\u00e9gional pour terminer tardivement [&hellip;]<\/p>\n","protected":false},"author":88,"featured_media":5428,"comment_status":"closed","ping_status":"closed","sticky":false,"template":"","format":"standard","meta":{"ocean_post_layout":"","ocean_both_sidebars_style":"","ocean_both_sidebars_content_width":0,"ocean_both_sidebars_sidebars_width":0,"ocean_sidebar":"0","ocean_second_sidebar":"0","ocean_disable_margins":"enable","ocean_add_body_class":"","ocean_shortcode_before_top_bar":"","ocean_shortcode_after_top_bar":"","ocean_shortcode_before_header":"","ocean_shortcode_after_header":"","ocean_has_shortcode":"","ocean_shortcode_after_title":"","ocean_shortcode_before_footer_widgets":"","ocean_shortcode_after_footer_widgets":"","ocean_shortcode_before_footer_bottom":"","ocean_shortcode_after_footer_bottom":"","ocean_display_top_bar":"default","ocean_display_header":"default","ocean_header_style":"","ocean_center_header_left_menu":"0","ocean_custom_header_template":"0","ocean_custom_logo":0,"ocean_custom_retina_logo":0,"ocean_custom_logo_max_width":0,"ocean_custom_logo_tablet_max_width":0,"ocean_custom_logo_mobile_max_width":0,"ocean_custom_logo_max_height":0,"ocean_custom_logo_tablet_max_height":0,"ocean_custom_logo_mobile_max_height":0,"ocean_header_custom_menu":"0","ocean_menu_typo_font_family":"0","ocean_menu_typo_font_subset":"","ocean_menu_typo_font_size":0,"ocean_menu_typo_font_size_tablet":0,"ocean_menu_typo_font_size_mobile":0,"ocean_menu_typo_font_size_unit":"px","ocean_menu_typo_font_weight":"","ocean_menu_typo_font_weight_tablet":"","ocean_menu_typo_font_weight_mobile":"","ocean_menu_typo_transform":"","ocean_menu_typo_transform_tablet":"","ocean_menu_typo_transform_mobile":"","ocean_menu_typo_line_height":0,"ocean_menu_typo_line_height_tablet":0,"ocean_menu_typo_line_height_mobile":0,"ocean_menu_typo_line_height_unit":"","ocean_menu_typo_spacing":0,"ocean_menu_typo_spacing_tablet":0,"ocean_menu_typo_spacing_mobile":0,"ocean_menu_typo_spacing_unit":"","ocean_menu_link_color":"","ocean_menu_link_color_hover":"","ocean_menu_link_color_active":"","ocean_menu_link_background":"","ocean_menu_link_hover_background":"","ocean_menu_link_active_background":"","ocean_menu_social_links_bg":"","ocean_menu_social_hover_links_bg":"","ocean_menu_social_links_color":"","ocean_menu_social_hover_links_color":"","ocean_disable_title":"default","ocean_disable_heading":"default","ocean_post_title":"","ocean_post_subheading":"","ocean_post_title_style":"","ocean_post_title_background_color":"","ocean_post_title_background":0,"ocean_post_title_bg_image_position":"","ocean_post_title_bg_image_attachment":"","ocean_post_title_bg_image_repeat":"","ocean_post_title_bg_image_size":"","ocean_post_title_height":0,"ocean_post_title_bg_overlay":0.5,"ocean_post_title_bg_overlay_color":"","ocean_disable_breadcrumbs":"default","ocean_breadcrumbs_color":"","ocean_breadcrumbs_separator_color":"","ocean_breadcrumbs_links_color":"","ocean_breadcrumbs_links_hover_color":"","ocean_display_footer_widgets":"default","ocean_display_footer_bottom":"default","ocean_custom_footer_template":"0","ocean_post_oembed":"","ocean_post_self_hosted_media":"","ocean_post_video_embed":"","ocean_link_format":"","ocean_link_format_target":"self","ocean_quote_format":"","ocean_quote_format_link":"post","ocean_gallery_link_images":"off","ocean_gallery_id":[],"footnotes":""},"categories":[7,3],"tags":[],"post_folder":[],"class_list":["post-5333","post","type-post","status-publish","format-standard","has-post-thumbnail","hentry","category-ctrea","category-ufa-cfppa","entry","has-media"],"yoast_head":"<!-- This site is optimized with the Yoast SEO plugin v27.4 - https:\/\/yoast.com\/product\/yoast-seo-wordpress\/ -->\n<title>CTREA du 3 juillet 2020 - HAUTS-DE-FRANCE<\/title>\n<meta name=\"robots\" content=\"index, follow, max-snippet:-1, max-image-preview:large, max-video-preview:-1\" \/>\n<link rel=\"canonical\" href=\"https:\/\/regions-snetap-fsu.fr\/hdf\/2020\/07\/09\/ctrea-du-3-juillet-2020\/\" \/>\n<meta property=\"og:locale\" content=\"fr_FR\" \/>\n<meta property=\"og:type\" content=\"article\" \/>\n<meta property=\"og:title\" content=\"CTREA du 3 juillet 2020 - HAUTS-DE-FRANCE\" \/>\n<meta property=\"og:description\" content=\"CTREA du 3 juillet 2020 un d\u00e9marrage houleux qui fini sur notre faim Ce vendredi 3 juillet 2020 s&rsquo;est tenue, en visioconf\u00e9rence, le dernier CTREA de cette ann\u00e9e scolaire. En retard suite au CHSCTREA qui a d\u00e9bord\u00e9, le d\u00e9marrage du CTREA s&rsquo;est fait de fa\u00e7on houleuse avec le sujet du CFA R\u00e9gional pour terminer tardivement [&hellip;]\" \/>\n<meta property=\"og:url\" content=\"https:\/\/regions-snetap-fsu.fr\/hdf\/2020\/07\/09\/ctrea-du-3-juillet-2020\/\" \/>\n<meta property=\"og:site_name\" content=\"HAUTS-DE-FRANCE\" \/>\n<meta property=\"article:published_time\" content=\"2020-07-09T08:02:20+00:00\" \/>\n<meta property=\"article:modified_time\" content=\"2020-09-07T10:06:08+00:00\" \/>\n<meta property=\"og:image\" content=\"https:\/\/regions-snetap-fsu.fr\/hdf\/wp-content\/uploads\/sites\/5\/2020\/07\/CTREA.jpg\" \/>\n\t<meta property=\"og:image:width\" content=\"1920\" \/>\n\t<meta property=\"og:image:height\" content=\"1030\" \/>\n\t<meta property=\"og:image:type\" content=\"image\/jpeg\" \/>\n<meta name=\"author\" content=\"Regis Martinage\" \/>\n<meta name=\"twitter:card\" content=\"summary_large_image\" \/>\n<meta name=\"twitter:creator\" content=\"@MartinageSnetap\" \/>\n<meta name=\"twitter:site\" content=\"@MartinageSnetap\" \/>\n<meta name=\"twitter:label1\" content=\"\u00c9crit par\" \/>\n\t<meta name=\"twitter:data1\" content=\"Regis Martinage\" \/>\n\t<meta name=\"twitter:label2\" content=\"Dur\u00e9e de lecture estim\u00e9e\" \/>\n\t<meta name=\"twitter:data2\" content=\"3 minutes\" \/>\n<script type=\"application\/ld+json\" class=\"yoast-schema-graph\">{\"@context\":\"https:\\\/\\\/schema.org\",\"@graph\":[{\"@type\":\"Article\",\"@id\":\"https:\\\/\\\/regions-snetap-fsu.fr\\\/hdf\\\/2020\\\/07\\\/09\\\/ctrea-du-3-juillet-2020\\\/#article\",\"isPartOf\":{\"@id\":\"https:\\\/\\\/regions-snetap-fsu.fr\\\/hdf\\\/2020\\\/07\\\/09\\\/ctrea-du-3-juillet-2020\\\/\"},\"author\":{\"name\":\"Regis Martinage\",\"@id\":\"https:\\\/\\\/regions-snetap-fsu.fr\\\/hdf\\\/#\\\/schema\\\/person\\\/fa09b77e508eb2889a1c2dd6f4cf3149\"},\"headline\":\"CTREA du 3 juillet 2020\",\"datePublished\":\"2020-07-09T08:02:20+00:00\",\"dateModified\":\"2020-09-07T10:06:08+00:00\",\"mainEntityOfPage\":{\"@id\":\"https:\\\/\\\/regions-snetap-fsu.fr\\\/hdf\\\/2020\\\/07\\\/09\\\/ctrea-du-3-juillet-2020\\\/\"},\"wordCount\":542,\"publisher\":{\"@id\":\"https:\\\/\\\/regions-snetap-fsu.fr\\\/hdf\\\/#organization\"},\"image\":{\"@id\":\"https:\\\/\\\/regions-snetap-fsu.fr\\\/hdf\\\/2020\\\/07\\\/09\\\/ctrea-du-3-juillet-2020\\\/#primaryimage\"},\"thumbnailUrl\":\"https:\\\/\\\/regions-snetap-fsu.fr\\\/hdf\\\/wp-content\\\/uploads\\\/sites\\\/5\\\/2020\\\/07\\\/CTREA.jpg\",\"articleSection\":[\"CTREA\",\"UFA \\\/ CFPPA\"],\"inLanguage\":\"fr-FR\"},{\"@type\":\"WebPage\",\"@id\":\"https:\\\/\\\/regions-snetap-fsu.fr\\\/hdf\\\/2020\\\/07\\\/09\\\/ctrea-du-3-juillet-2020\\\/\",\"url\":\"https:\\\/\\\/regions-snetap-fsu.fr\\\/hdf\\\/2020\\\/07\\\/09\\\/ctrea-du-3-juillet-2020\\\/\",\"name\":\"CTREA du 3 juillet 2020 - HAUTS-DE-FRANCE\",\"isPartOf\":{\"@id\":\"https:\\\/\\\/regions-snetap-fsu.fr\\\/hdf\\\/#website\"},\"primaryImageOfPage\":{\"@id\":\"https:\\\/\\\/regions-snetap-fsu.fr\\\/hdf\\\/2020\\\/07\\\/09\\\/ctrea-du-3-juillet-2020\\\/#primaryimage\"},\"image\":{\"@id\":\"https:\\\/\\\/regions-snetap-fsu.fr\\\/hdf\\\/2020\\\/07\\\/09\\\/ctrea-du-3-juillet-2020\\\/#primaryimage\"},\"thumbnailUrl\":\"https:\\\/\\\/regions-snetap-fsu.fr\\\/hdf\\\/wp-content\\\/uploads\\\/sites\\\/5\\\/2020\\\/07\\\/CTREA.jpg\",\"datePublished\":\"2020-07-09T08:02:20+00:00\",\"dateModified\":\"2020-09-07T10:06:08+00:00\",\"breadcrumb\":{\"@id\":\"https:\\\/\\\/regions-snetap-fsu.fr\\\/hdf\\\/2020\\\/07\\\/09\\\/ctrea-du-3-juillet-2020\\\/#breadcrumb\"},\"inLanguage\":\"fr-FR\",\"potentialAction\":[{\"@type\":\"ReadAction\",\"target\":[\"https:\\\/\\\/regions-snetap-fsu.fr\\\/hdf\\\/2020\\\/07\\\/09\\\/ctrea-du-3-juillet-2020\\\/\"]}]},{\"@type\":\"ImageObject\",\"inLanguage\":\"fr-FR\",\"@id\":\"https:\\\/\\\/regions-snetap-fsu.fr\\\/hdf\\\/2020\\\/07\\\/09\\\/ctrea-du-3-juillet-2020\\\/#primaryimage\",\"url\":\"https:\\\/\\\/regions-snetap-fsu.fr\\\/hdf\\\/wp-content\\\/uploads\\\/sites\\\/5\\\/2020\\\/07\\\/CTREA.jpg\",\"contentUrl\":\"https:\\\/\\\/regions-snetap-fsu.fr\\\/hdf\\\/wp-content\\\/uploads\\\/sites\\\/5\\\/2020\\\/07\\\/CTREA.jpg\",\"width\":1920,\"height\":1030},{\"@type\":\"BreadcrumbList\",\"@id\":\"https:\\\/\\\/regions-snetap-fsu.fr\\\/hdf\\\/2020\\\/07\\\/09\\\/ctrea-du-3-juillet-2020\\\/#breadcrumb\",\"itemListElement\":[{\"@type\":\"ListItem\",\"position\":1,\"name\":\"Accueil\",\"item\":\"https:\\\/\\\/regions-snetap-fsu.fr\\\/hdf\\\/\"},{\"@type\":\"ListItem\",\"position\":2,\"name\":\"CTREA\",\"item\":\"https:\\\/\\\/regions-snetap-fsu.fr\\\/hdf\\\/category\\\/ctrea\\\/\"},{\"@type\":\"ListItem\",\"position\":3,\"name\":\"CTREA du 3 juillet 2020\"}]},{\"@type\":\"WebSite\",\"@id\":\"https:\\\/\\\/regions-snetap-fsu.fr\\\/hdf\\\/#website\",\"url\":\"https:\\\/\\\/regions-snetap-fsu.fr\\\/hdf\\\/\",\"name\":\"HAUTS-DE-FRANCE\",\"description\":\"Section r\u00e9gionale\",\"publisher\":{\"@id\":\"https:\\\/\\\/regions-snetap-fsu.fr\\\/hdf\\\/#organization\"},\"potentialAction\":[{\"@type\":\"SearchAction\",\"target\":{\"@type\":\"EntryPoint\",\"urlTemplate\":\"https:\\\/\\\/regions-snetap-fsu.fr\\\/hdf\\\/?s={search_term_string}\"},\"query-input\":{\"@type\":\"PropertyValueSpecification\",\"valueRequired\":true,\"valueName\":\"search_term_string\"}}],\"inLanguage\":\"fr-FR\"},{\"@type\":\"Organization\",\"@id\":\"https:\\\/\\\/regions-snetap-fsu.fr\\\/hdf\\\/#organization\",\"name\":\"SNETAP-FSU - HAUTS-DE-FRANCE\",\"url\":\"https:\\\/\\\/regions-snetap-fsu.fr\\\/hdf\\\/\",\"logo\":{\"@type\":\"ImageObject\",\"inLanguage\":\"fr-FR\",\"@id\":\"https:\\\/\\\/regions-snetap-fsu.fr\\\/hdf\\\/#\\\/schema\\\/logo\\\/image\\\/\",\"url\":\"https:\\\/\\\/regions-snetap-fsu.fr\\\/hdf\\\/wp-content\\\/uploads\\\/sites\\\/5\\\/2020\\\/12\\\/SNETAP-Logo.jpg\",\"contentUrl\":\"https:\\\/\\\/regions-snetap-fsu.fr\\\/hdf\\\/wp-content\\\/uploads\\\/sites\\\/5\\\/2020\\\/12\\\/SNETAP-Logo.jpg\",\"width\":464,\"height\":334,\"caption\":\"SNETAP-FSU - HAUTS-DE-FRANCE\"},\"image\":{\"@id\":\"https:\\\/\\\/regions-snetap-fsu.fr\\\/hdf\\\/#\\\/schema\\\/logo\\\/image\\\/\"},\"sameAs\":[\"https:\\\/\\\/x.com\\\/MartinageSnetap\"]},{\"@type\":\"Person\",\"@id\":\"https:\\\/\\\/regions-snetap-fsu.fr\\\/hdf\\\/#\\\/schema\\\/person\\\/fa09b77e508eb2889a1c2dd6f4cf3149\",\"name\":\"Regis Martinage\",\"image\":{\"@type\":\"ImageObject\",\"inLanguage\":\"fr-FR\",\"@id\":\"https:\\\/\\\/secure.gravatar.com\\\/avatar\\\/7ae2aaabfe5b8d5c7b9361e91002ca9ec93c38c63c9a1d06ae19f03a5dc70dd7?s=96&d=mm&r=g\",\"url\":\"https:\\\/\\\/secure.gravatar.com\\\/avatar\\\/7ae2aaabfe5b8d5c7b9361e91002ca9ec93c38c63c9a1d06ae19f03a5dc70dd7?s=96&d=mm&r=g\",\"contentUrl\":\"https:\\\/\\\/secure.gravatar.com\\\/avatar\\\/7ae2aaabfe5b8d5c7b9361e91002ca9ec93c38c63c9a1d06ae19f03a5dc70dd7?s=96&d=mm&r=g\",\"caption\":\"Regis Martinage\"},\"url\":\"https:\\\/\\\/regions-snetap-fsu.fr\\\/hdf\\\/author\\\/r-martinage\\\/\"}]}<\/script>\n<!-- \/ Yoast SEO plugin. -->","yoast_head_json":{"title":"CTREA du 3 juillet 2020 - HAUTS-DE-FRANCE","robots":{"index":"index","follow":"follow","max-snippet":"max-snippet:-1","max-image-preview":"max-image-preview:large","max-video-preview":"max-video-preview:-1"},"canonical":"https:\/\/regions-snetap-fsu.fr\/hdf\/2020\/07\/09\/ctrea-du-3-juillet-2020\/","og_locale":"fr_FR","og_type":"article","og_title":"CTREA du 3 juillet 2020 - HAUTS-DE-FRANCE","og_description":"CTREA du 3 juillet 2020 un d\u00e9marrage houleux qui fini sur notre faim Ce vendredi 3 juillet 2020 s&rsquo;est tenue, en visioconf\u00e9rence, le dernier CTREA de cette ann\u00e9e scolaire. En retard suite au CHSCTREA qui a d\u00e9bord\u00e9, le d\u00e9marrage du CTREA s&rsquo;est fait de fa\u00e7on houleuse avec le sujet du CFA R\u00e9gional pour terminer tardivement [&hellip;]","og_url":"https:\/\/regions-snetap-fsu.fr\/hdf\/2020\/07\/09\/ctrea-du-3-juillet-2020\/","og_site_name":"HAUTS-DE-FRANCE","article_published_time":"2020-07-09T08:02:20+00:00","article_modified_time":"2020-09-07T10:06:08+00:00","og_image":[{"width":1920,"height":1030,"url":"https:\/\/regions-snetap-fsu.fr\/hdf\/wp-content\/uploads\/sites\/5\/2020\/07\/CTREA.jpg","type":"image\/jpeg"}],"author":"Regis Martinage","twitter_card":"summary_large_image","twitter_creator":"@MartinageSnetap","twitter_site":"@MartinageSnetap","twitter_misc":{"\u00c9crit par":"Regis Martinage","Dur\u00e9e de lecture estim\u00e9e":"3 minutes"},"schema":{"@context":"https:\/\/schema.org","@graph":[{"@type":"Article","@id":"https:\/\/regions-snetap-fsu.fr\/hdf\/2020\/07\/09\/ctrea-du-3-juillet-2020\/#article","isPartOf":{"@id":"https:\/\/regions-snetap-fsu.fr\/hdf\/2020\/07\/09\/ctrea-du-3-juillet-2020\/"},"author":{"name":"Regis Martinage","@id":"https:\/\/regions-snetap-fsu.fr\/hdf\/#\/schema\/person\/fa09b77e508eb2889a1c2dd6f4cf3149"},"headline":"CTREA du 3 juillet 2020","datePublished":"2020-07-09T08:02:20+00:00","dateModified":"2020-09-07T10:06:08+00:00","mainEntityOfPage":{"@id":"https:\/\/regions-snetap-fsu.fr\/hdf\/2020\/07\/09\/ctrea-du-3-juillet-2020\/"},"wordCount":542,"publisher":{"@id":"https:\/\/regions-snetap-fsu.fr\/hdf\/#organization"},"image":{"@id":"https:\/\/regions-snetap-fsu.fr\/hdf\/2020\/07\/09\/ctrea-du-3-juillet-2020\/#primaryimage"},"thumbnailUrl":"https:\/\/regions-snetap-fsu.fr\/hdf\/wp-content\/uploads\/sites\/5\/2020\/07\/CTREA.jpg","articleSection":["CTREA","UFA \/ CFPPA"],"inLanguage":"fr-FR"},{"@type":"WebPage","@id":"https:\/\/regions-snetap-fsu.fr\/hdf\/2020\/07\/09\/ctrea-du-3-juillet-2020\/","url":"https:\/\/regions-snetap-fsu.fr\/hdf\/2020\/07\/09\/ctrea-du-3-juillet-2020\/","name":"CTREA du 3 juillet 2020 - HAUTS-DE-FRANCE","isPartOf":{"@id":"https:\/\/regions-snetap-fsu.fr\/hdf\/#website"},"primaryImageOfPage":{"@id":"https:\/\/regions-snetap-fsu.fr\/hdf\/2020\/07\/09\/ctrea-du-3-juillet-2020\/#primaryimage"},"image":{"@id":"https:\/\/regions-snetap-fsu.fr\/hdf\/2020\/07\/09\/ctrea-du-3-juillet-2020\/#primaryimage"},"thumbnailUrl":"https:\/\/regions-snetap-fsu.fr\/hdf\/wp-content\/uploads\/sites\/5\/2020\/07\/CTREA.jpg","datePublished":"2020-07-09T08:02:20+00:00","dateModified":"2020-09-07T10:06:08+00:00","breadcrumb":{"@id":"https:\/\/regions-snetap-fsu.fr\/hdf\/2020\/07\/09\/ctrea-du-3-juillet-2020\/#breadcrumb"},"inLanguage":"fr-FR","potentialAction":[{"@type":"ReadAction","target":["https:\/\/regions-snetap-fsu.fr\/hdf\/2020\/07\/09\/ctrea-du-3-juillet-2020\/"]}]},{"@type":"ImageObject","inLanguage":"fr-FR","@id":"https:\/\/regions-snetap-fsu.fr\/hdf\/2020\/07\/09\/ctrea-du-3-juillet-2020\/#primaryimage","url":"https:\/\/regions-snetap-fsu.fr\/hdf\/wp-content\/uploads\/sites\/5\/2020\/07\/CTREA.jpg","contentUrl":"https:\/\/regions-snetap-fsu.fr\/hdf\/wp-content\/uploads\/sites\/5\/2020\/07\/CTREA.jpg","width":1920,"height":1030},{"@type":"BreadcrumbList","@id":"https:\/\/regions-snetap-fsu.fr\/hdf\/2020\/07\/09\/ctrea-du-3-juillet-2020\/#breadcrumb","itemListElement":[{"@type":"ListItem","position":1,"name":"Accueil","item":"https:\/\/regions-snetap-fsu.fr\/hdf\/"},{"@type":"ListItem","position":2,"name":"CTREA","item":"https:\/\/regions-snetap-fsu.fr\/hdf\/category\/ctrea\/"},{"@type":"ListItem","position":3,"name":"CTREA du 3 juillet 2020"}]},{"@type":"WebSite","@id":"https:\/\/regions-snetap-fsu.fr\/hdf\/#website","url":"https:\/\/regions-snetap-fsu.fr\/hdf\/","name":"HAUTS-DE-FRANCE","description":"Section r\u00e9gionale","publisher":{"@id":"https:\/\/regions-snetap-fsu.fr\/hdf\/#organization"},"potentialAction":[{"@type":"SearchAction","target":{"@type":"EntryPoint","urlTemplate":"https:\/\/regions-snetap-fsu.fr\/hdf\/?s={search_term_string}"},"query-input":{"@type":"PropertyValueSpecification","valueRequired":true,"valueName":"search_term_string"}}],"inLanguage":"fr-FR"},{"@type":"Organization","@id":"https:\/\/regions-snetap-fsu.fr\/hdf\/#organization","name":"SNETAP-FSU - HAUTS-DE-FRANCE","url":"https:\/\/regions-snetap-fsu.fr\/hdf\/","logo":{"@type":"ImageObject","inLanguage":"fr-FR","@id":"https:\/\/regions-snetap-fsu.fr\/hdf\/#\/schema\/logo\/image\/","url":"https:\/\/regions-snetap-fsu.fr\/hdf\/wp-content\/uploads\/sites\/5\/2020\/12\/SNETAP-Logo.jpg","contentUrl":"https:\/\/regions-snetap-fsu.fr\/hdf\/wp-content\/uploads\/sites\/5\/2020\/12\/SNETAP-Logo.jpg","width":464,"height":334,"caption":"SNETAP-FSU - HAUTS-DE-FRANCE"},"image":{"@id":"https:\/\/regions-snetap-fsu.fr\/hdf\/#\/schema\/logo\/image\/"},"sameAs":["https:\/\/x.com\/MartinageSnetap"]},{"@type":"Person","@id":"https:\/\/regions-snetap-fsu.fr\/hdf\/#\/schema\/person\/fa09b77e508eb2889a1c2dd6f4cf3149","name":"Regis Martinage","image":{"@type":"ImageObject","inLanguage":"fr-FR","@id":"https:\/\/secure.gravatar.com\/avatar\/7ae2aaabfe5b8d5c7b9361e91002ca9ec93c38c63c9a1d06ae19f03a5dc70dd7?s=96&d=mm&r=g","url":"https:\/\/secure.gravatar.com\/avatar\/7ae2aaabfe5b8d5c7b9361e91002ca9ec93c38c63c9a1d06ae19f03a5dc70dd7?s=96&d=mm&r=g","contentUrl":"https:\/\/secure.gravatar.com\/avatar\/7ae2aaabfe5b8d5c7b9361e91002ca9ec93c38c63c9a1d06ae19f03a5dc70dd7?s=96&d=mm&r=g","caption":"Regis Martinage"},"url":"https:\/\/regions-snetap-fsu.fr\/hdf\/author\/r-martinage\/"}]}},"_links":{"self":[{"href":"https:\/\/regions-snetap-fsu.fr\/hdf\/wp-json\/wp\/v2\/posts\/5333","targetHints":{"allow":["GET"]}}],"collection":[{"href":"https:\/\/regions-snetap-fsu.fr\/hdf\/wp-json\/wp\/v2\/posts"}],"about":[{"href":"https:\/\/regions-snetap-fsu.fr\/hdf\/wp-json\/wp\/v2\/types\/post"}],"author":[{"embeddable":true,"href":"https:\/\/regions-snetap-fsu.fr\/hdf\/wp-json\/wp\/v2\/users\/88"}],"replies":[{"embeddable":true,"href":"https:\/\/regions-snetap-fsu.fr\/hdf\/wp-json\/wp\/v2\/comments?post=5333"}],"version-history":[{"count":24,"href":"https:\/\/regions-snetap-fsu.fr\/hdf\/wp-json\/wp\/v2\/posts\/5333\/revisions"}],"predecessor-version":[{"id":5728,"href":"https:\/\/regions-snetap-fsu.fr\/hdf\/wp-json\/wp\/v2\/posts\/5333\/revisions\/5728"}],"wp:featuredmedia":[{"embeddable":true,"href":"https:\/\/regions-snetap-fsu.fr\/hdf\/wp-json\/wp\/v2\/media\/5428"}],"wp:attachment":[{"href":"https:\/\/regions-snetap-fsu.fr\/hdf\/wp-json\/wp\/v2\/media?parent=5333"}],"wp:term":[{"taxonomy":"category","embeddable":true,"href":"https:\/\/regions-snetap-fsu.fr\/hdf\/wp-json\/wp\/v2\/categories?post=5333"},{"taxonomy":"post_tag","embeddable":true,"href":"https:\/\/regions-snetap-fsu.fr\/hdf\/wp-json\/wp\/v2\/tags?post=5333"},{"taxonomy":"post_folder","embeddable":true,"href":"https:\/\/regions-snetap-fsu.fr\/hdf\/wp-json\/wp\/v2\/post_folder?post=5333"}],"curies":[{"name":"wp","href":"https:\/\/api.w.org\/{rel}","templated":true}]}}