{"id":4105,"date":"2020-01-12T17:24:03","date_gmt":"2020-01-12T16:24:03","guid":{"rendered":"https:\/\/regions-snetap-fsu.fr\/hdf\/?p=4105"},"modified":"2020-01-15T18:52:24","modified_gmt":"2020-01-15T17:52:24","slug":"les-actions-dans-les-hauts-de-france-pour-la-semaine-3","status":"publish","type":"post","link":"https:\/\/regions-snetap-fsu.fr\/hdf\/2020\/01\/12\/les-actions-dans-les-hauts-de-france-pour-la-semaine-3\/","title":{"rendered":"Les actions dans les Hauts-de-France pour la semaine 3"},"content":{"rendered":"<h2 style=\"text-align: center\"><span style=\"color: #ff0000;font-family: tahoma, arial, helvetica, sans-serif\">Les actions<\/span><\/h2>\n<h2 style=\"text-align: center\"><span style=\"color: #ff0000;font-family: tahoma, arial, helvetica, sans-serif\">dans les Hauts-de-France<\/span><\/h2>\n<h2 style=\"text-align: center\"><span style=\"color: #ff0000;font-family: tahoma, arial, helvetica, sans-serif\">pour la semaine du 13 au 18 janvier<br \/>\n<\/span><\/h2>\n<blockquote>\n<p style=\"text-align: justify\"><span style=\"font-family: tahoma, arial, helvetica, sans-serif;color: #0000ff\">Les mobilisations de ces jours pass\u00e9s ont montr\u00e9 la d\u00e9termination et le refus de ce projet absurde de r\u00e9gime unique de retraites par points par une majorit\u00e9 de la population, malgr\u00e9 toutes les tentatives et manipulations du gouvernement. Suite aux annonces du 11 janvier 2020, non seulement l&rsquo;\u00e2ge pivot n&rsquo;est pas retir\u00e9 mais en plus le Premier ministre confirme sa d\u00e9termination \u00e0 reculer l&rsquo;\u00e2ge de d\u00e9part \u00e0 la retraite en refusant toute augmentation de cotisation sociale.<\/span><\/p>\n<p style=\"text-align: justify\"><span style=\"font-family: tahoma, arial, helvetica, sans-serif;color: #0000ff\">Les organisations syndicales CFE-CGC, CGT, FO, FSU, Solidaires, UNEF, UNL, MNL exigent le maintien du syst\u00e8me de retraite existant par r\u00e9partition solidaire et interg\u00e9n\u00e9rationnelle et par annuit\u00e9. Contrairement \u00e0 ce que laisse sous-entendre le gouvernement et certains m\u00e9dias, elles portent en commun des propositions pour am\u00e9liorer les droits de toutes et de tous&#8230;<\/span><\/p>\n<\/blockquote>\n<p><!--more--><\/p>\n\n\t\t<div class=\"wppdfemb-frame-container-1\" style=\"-webkit-overflow-scrolling:auto;\">\n\t\t\t<iframe class=\"pdfembed-iframe nonfullscreen wppdf-emb-iframe-1\"\n\t\t\t\tsrc=\"https:\/\/regions-snetap-fsu.fr\/hdf\/?pdfemb-data=eyJ1cmwiOiJodHRwczpcL1wvcmVnaW9ucy1zbmV0YXAtZnN1LmZyXC9oZGZcL3dwLWNvbnRlbnRcL3VwbG9hZHNcL3NpdGVzXC81XC8yMDIwXC8wMVwvQWZmaWNoZV9zbmV0YXBfMTQtMTUtMTZfamFudmllcl8yMDIwLnBkZiIsImluZGV4IjoxLCJwZGZJRCI6NDExMn0\"\n\t\t\t\t\t\t\t\tdata-pdf-id=\"4112\"\n\t\t\t\tdata-pdf-index=\"1\"\n\t\t\t\tstyle=\"border:none;width:100%;max-width:100%;height:100vh;\"\n\t\t\t\tscrolling=\"yes\">\n\t\t\t<\/iframe>\n\t\t<\/div>\n\n\t\t\n<p><a href=\"https:\/\/regions-snetap-fsu.fr\/hdf\/wp-content\/uploads\/sites\/5\/2020\/01\/Affiche_snetap_14-15-16_janvier_2020.pdf\" target=\"_blank\" rel=\"noopener noreferrer\"><span style=\"text-decoration: underline;color: #000000\">Lien : Pour t\u00e9l\u00e9charger l&rsquo;affiche<\/span><\/a><\/p>\n<h3 style=\"text-align: center\"><span style=\"color: #ff0000;font-family: tahoma, arial, helvetica, sans-serif\">Lundi 13 janvier 2020<\/span><\/h3>\n<ul>\n<li style=\"text-align: justify\"><span style=\"color: #0000ff;font-family: tahoma, arial, helvetica, sans-serif\"><strong>Arras<\/strong>, 17h, Rassemblement bruyant devant la permanence de la d\u00e9put\u00e9e LREM , Place Courbet (Blancs Monts). Entrevue.<\/span><\/li>\n<li style=\"text-align: justify\"><span style=\"color: #0000ff;font-family: tahoma, arial, helvetica, sans-serif\"><strong>Lens<\/strong>, Lyc\u00e9e B\u00e9hal\u00a0: \u00e0 partir de 17h, Soupe Populaire devant le lyc\u00e9e.<\/span><\/li>\n<li style=\"text-align: justify\"><span style=\"color: #0000ff;font-family: tahoma, arial, helvetica, sans-serif\"><strong>Bruay<\/strong>, Lyc\u00e9e Carnot, \u00e0 partir de 17h : Soupe populaire devant le lyc\u00e9e.<\/span><\/li>\n<li style=\"text-align: justify\"><span style=\"color: #0000ff;font-family: tahoma, arial, helvetica, sans-serif\"><strong>Maubeuge<\/strong>, 9h30, Intersyndicale \u00e0 l&rsquo;UL<\/span><\/li>\n<li style=\"text-align: justify\"><span style=\"font-family: tahoma, arial, helvetica, sans-serif;color: #0000ff\"><strong>Creil<\/strong>, 12h45,\u00a0 AG \u00e9ducation nationale (avec cheminots) au coll\u00e8ge Michelet<\/span><\/li>\n<li style=\"text-align: justify\"><span style=\"font-family: tahoma, arial, helvetica, sans-serif;color: #0000ff\"><strong>Laon<\/strong>, 18h30, AG, maison des syndicats pour discuter des actions locales \u00e0 mener les jours suivants.<\/span><\/li>\n<li style=\"text-align: justify\"><span style=\"color: #0000ff\"><span style=\"font-family: tahoma, arial, helvetica, sans-serif\"><strong>Lille<\/strong>,<\/span> 17h30, Bourse du travail, AG inter-\u00e9coles inter-\u00e9tablissements<\/span><\/li>\n<\/ul>\n<h3 style=\"text-align: center\"><span style=\"color: #ff0000;font-family: tahoma, arial, helvetica, sans-serif\">Mardi 14 janvier 2020<\/span><\/h3>\n<ul>\n<li style=\"text-align: justify\"><strong><span style=\"color: #ff0000\"><span style=\"font-family: tahoma, arial, helvetica, sans-serif\">Lille, 14h30, <\/span><span style=\"font-family: tahoma, arial, helvetica, sans-serif\">Manifestation r\u00e9gionale <\/span><span style=\"font-family: tahoma, arial, helvetica, sans-serif\">Porte de Paris<\/span><\/span><\/strong><\/li>\n<li style=\"text-align: justify\"><span style=\"font-family: tahoma, arial, helvetica, sans-serif;color: #0000ff\"><strong>Lille<\/strong>, 18h00, Bourse du travail &#8211; AG interprofessionnelle et de lutte de la M\u00e9tropole lilloise<\/span><\/li>\n<li style=\"text-align: justify\"><span style=\"color: #0000ff;font-family: tahoma, arial, helvetica, sans-serif\"><strong>Calais<\/strong>, 9h30, Manifestation, Gare<\/span><\/li>\n<li style=\"text-align: justify\"><span style=\"color: #0000ff;font-family: tahoma, arial, helvetica, sans-serif\"><strong>Arras<\/strong>, AG interpro , 9h30, Local 71, Rue R. Salengro, St Laurent\/Blangy<br \/>\n<\/span><\/li>\n<li style=\"text-align: justify\"><span style=\"color: #0000ff;font-family: tahoma, arial, helvetica, sans-serif\"><strong>Boulogne-sur-mer<\/strong>, 7h30, rassemblement devant l&rsquo;Inspection, ensuite manif sur Lille<\/span><\/li>\n<li style=\"text-align: justify\"><span style=\"font-family: tahoma, arial, helvetica, sans-serif;color: #0000ff\"><strong>Dunkerque<\/strong>, 15h, Manifestation, Gare<\/span><\/li>\n<li style=\"text-align: justify\"><span style=\"color: #0000ff;font-family: tahoma, arial, helvetica, sans-serif\"><strong>Valenciennes<\/strong>, 10h, Manifestation Place d&rsquo;Armes<\/span><\/li>\n<li style=\"text-align: justify\"><span style=\"font-family: tahoma, arial, helvetica, sans-serif;color: #0000ff\"><strong>Compi\u00e8gne<\/strong>, 8h30, AG lyc\u00e9e Pierre D\u2019Ailly<\/span><\/li>\n<li style=\"text-align: justify\"><span style=\"font-family: tahoma, arial, helvetica, sans-serif;color: #0000ff\"><strong>Compi\u00e8gne<\/strong>,10h00, Manifestation Cours Guynemer<\/span><\/li>\n<li style=\"text-align: justify\"><span style=\"font-family: tahoma, arial, helvetica, sans-serif;color: #0000ff\"><strong>Beauvais<\/strong>, 9h00 &#8211; 10h30, Rassemblement\/distribution unitaire et intersyndicale devant h\u00f4pital de Beauvais<\/span><\/li>\n<li style=\"text-align: justify\"><span style=\"font-family: tahoma, arial, helvetica, sans-serif;color: #0000ff\"><strong>Beauvais<\/strong>, 10h00\u00a0 AG au Pr\u00e9-Martinet (10h00 \u2013 on commencera pas pile \u00e0 l\u2019heure le temps que les camarades pr\u00e9sents \u00e0 l\u2019hopital arrivent)<\/span><\/li>\n<li style=\"text-align: justify\"><span style=\"font-family: tahoma, arial, helvetica, sans-serif;color: #0000ff\"><strong>Beauvais<\/strong>, Rdv \u00e0 13h30 h\u00f4tel Dieu pour une action<\/span><\/li>\n<li style=\"text-align: justify\"><span style=\"font-family: tahoma, arial, helvetica, sans-serif;color: #0000ff\"><strong>Beauvais<\/strong>, 14h00, Manifestation Place des Mar\u00e9chaux (lyc\u00e9e F. Faure) (fin Place Jeanne-Hachette). Attention la manifestation partira \u00e0 14h30<\/span><\/li>\n<li style=\"text-align: justify\"><span style=\"font-family: tahoma, arial, helvetica, sans-serif;color: #0000ff\"><strong>Beauvais<\/strong>, 19h00, R\u00e9union parents-enseignant-es au Pr\u00e9-Martinet<\/span><\/li>\n<li style=\"text-align: justify\"><strong><span style=\"font-family: tahoma, arial, helvetica, sans-serif;color: #ff0000\">Amiens, 14h00, Manifestation Maison de la culture<\/span><\/strong><\/li>\n<li style=\"text-align: justify\"><span style=\"font-family: tahoma, arial, helvetica, sans-serif;color: #0000ff\"><strong>Abbeville<\/strong>, 10h, Manifestation Boulevard Vauban<\/span><\/li>\n<\/ul>\n<h3 style=\"text-align: center\"><span style=\"color: #ff0000;font-family: tahoma, arial, helvetica, sans-serif\">Mercredi 15 janvier 2020<\/span><\/h3>\n<ul>\n<li style=\"text-align: justify\"><span style=\"font-family: tahoma, arial, helvetica, sans-serif;color: #0000ff\"><strong>St Martin les Boulogne<\/strong>, 15h,mairie centre communal rue de la colonne. \u00ab\u00a0autant se faire saigner pour une bonne raison, don du sang\u00a0\u00bb<\/span><\/li>\n<li style=\"text-align: justify\"><span style=\"font-family: tahoma, arial, helvetica, sans-serif;color: #0000ff\"><strong>Beauvais<\/strong>, 14h, proposition d\u2019un rendez-vous atelier pratique pour pr\u00e9parer\/se procurer les lampions\/lanternes\/torches au local de la FSU (11 rue du Morvan \u00e0 Beauvais \u2013 1er \u00e9tage). Il faudrait tout de m\u00eame anticiper un peu avant mercredi<\/span><\/li>\n<li style=\"text-align: justify\"><span style=\"font-family: tahoma, arial, helvetica, sans-serif;color: #0000ff\"><strong>Beauvais<\/strong>, 18h00, retraite aux flambeaux manifestation qui partira de la place Jeanne-Hachette \u00e0 et qui reviendra Place Jeanne-Hachette<\/span><\/li>\n<li style=\"text-align: justify\"><span style=\"font-family: tahoma, arial, helvetica, sans-serif;color: #0000ff\"><strong>Lille<\/strong>, 14h30, Rassemblement devant le rectorat, th\u00e8me \u00ab\u00a0la revalorisation c&rsquo;est du pipeau, on pose le cartable pour nos retraites !\u00a0\u00bb <span class=\"css-901oao css-16my406 r-1qd0xha r-ad9z0x r-bcqeeo r-qvutc0\">Prenez vos fl\u00fbtes, sifflets &amp; autres objets bruyants. Un lancer de cartables sera aussi pr\u00e9vu<\/span><br \/>\n<\/span><\/li>\n<li style=\"text-align: justify\"><span style=\"font-family: tahoma, arial, helvetica, sans-serif;color: #0000ff\"><strong>Creil<\/strong>, 7h00, Rassemblement et distribution de tracts au rond-point de Villers St Paul<br \/>\n<\/span><\/li>\n<li style=\"text-align: justify\"><span style=\"color: #0000ff;font-family: tahoma, arial, helvetica, sans-serif\"><strong>Compi\u00e8gne<\/strong>, 18h30, D\u00e9bat parents d\u2019\u00e9l\u00e8ves\/enseignants sur les E3C, ouverte \u00e0 tous, \u00e0 la Maison des Syndicats<\/span><\/li>\n<li style=\"text-align: justify\"><span style=\"color: #0000ff;font-family: tahoma, arial, helvetica, sans-serif\"><strong>Noyon, 14h30,<\/strong> Action de blocage de la ZAC du Mont Renaud<\/span><\/li>\n<li style=\"text-align: justify\"><span style=\"color: #0000ff;font-family: tahoma, arial, helvetica, sans-serif\"><strong>Cambrai<\/strong>, rendez-vous \u00e0 10 h 00 sur la place pour une manifestation termin\u00e9e par un barbecue de lutte.<\/span><\/li>\n<li><span style=\"font-family: tahoma, arial, helvetica, sans-serif;color: #0000ff\"><strong>Lens<\/strong>, 15h \u00e0 17h, Maison Syndicale AG interpro + \u00e9l\u00e8ves + parents Maison<\/span><\/li>\n<li><span style=\"font-family: tahoma, arial, helvetica, sans-serif;color: #0000ff\"><strong>Nogent<\/strong> sur Oise, 7h00, Rassemblement et distribution de tracts au rond point de Villers St Paul<\/span><\/li>\n<\/ul>\n<h3 style=\"text-align: center\"><span style=\"font-family: tahoma, arial, helvetica, sans-serif;color: #ff0000\">Jeudi 16 janvier 2020<\/span><\/h3>\n<ul>\n<li style=\"text-align: justify\"><span style=\"font-family: tahoma, arial, helvetica, sans-serif;color: #0000ff\"><strong>Maubeuge<\/strong>, 14h, Manifestation Rond point du Lyc\u00e9e Pierre Forest<\/span><\/li>\n<li style=\"text-align: justify\"><span style=\"font-family: tahoma, arial, helvetica, sans-serif;color: #0000ff\"><strong>Beauvais, <\/strong>la manifestation partira de la zone commerciale-industrielle Beauvais-Sud. Vraisemblablement de l\u2019entreprise Massey-Ferguson (possibilit\u00e9 de se garer sur le parking Lidl \u00e0 proximit\u00e9)<\/span><\/li>\n<li style=\"text-align: justify\"><span style=\"font-family: tahoma, arial, helvetica, sans-serif;color: #0000ff\"><strong>Ch\u00e2teau Thierry<\/strong>, 10h00, Manifestation d\u00e9partementale, Gare<br \/>\n<\/span><\/li>\n<li style=\"text-align: justify\"><span style=\"font-family: tahoma, arial, helvetica, sans-serif;color: #0000ff\"><strong> Saint Quentin<\/strong>, 15h30, Manifestation place Longueville<\/span><\/li>\n<li style=\"text-align: justify\"><span style=\"font-family: tahoma, arial, helvetica, sans-serif;color: #0000ff\"><strong>Creil<\/strong>, 7h00, Distributions de tracts devant les lyc\u00e9es Marie Curie de Nogent et Andr\u00e9 Malraux de Montataire<\/span><\/li>\n<li style=\"text-align: justify\"><span style=\"color: #0000ff;font-family: tahoma, arial, helvetica, sans-serif\"><strong>Creil<\/strong>, 10h00, Manifestation Pont Royal Nogent<\/span><\/li>\n<li style=\"text-align: justify\"><span style=\"font-family: tahoma, arial, helvetica, sans-serif;color: #0000ff\"><strong>Compi\u00e8gne<\/strong>, 10h00, Manifestation Cours Guynemer<\/span><\/li>\n<li style=\"text-align: justify\"><span style=\"font-family: tahoma, arial, helvetica, sans-serif;color: #0000ff\"><strong>Beauvais<\/strong>, 14h00, la manifestation partira de la zone commerciale-industrielle Beauvais-Sud, du rond-point Blaise Pascal (possibilit\u00e9 de se garer sur le parking Lidl \u00e0 proximit\u00e9)<\/span><\/li>\n<li style=\"text-align: justify\"><strong><span style=\"font-family: tahoma, arial, helvetica, sans-serif;color: #ff0000\">Amiens, 14h, Manifestation interprofessionnelle Maison de la culture<\/span><\/strong><\/li>\n<li style=\"text-align: justify\"><span style=\"font-family: tahoma, arial, helvetica, sans-serif;color: #0000ff\"><strong>Abbeville<\/strong>, 10h, Manifestation Boulevard Vauban<\/span><\/li>\n<li style=\"text-align: justify\"><strong><span style=\"font-family: tahoma, arial, helvetica, sans-serif;color: #ff0000\">Lille, 14h30, Porte de Paris, manifestation r\u00e9gionale<\/span><\/strong><\/li>\n<li style=\"text-align: justify\"><span style=\"color: #0000ff;font-family: tahoma, arial, helvetica, sans-serif\"><strong>Arras<\/strong>, 10h, Rassemblement devant le CTS (H\u00f4pital) <span class=\"lrzxr\">4 Rue Auguste Dunand<\/span> pour une action don du sang \u00ab quitte \u00e0 se faire saigner , autant que ce soit pour la bonne cause \u00bb<\/span><\/li>\n<li style=\"text-align: justify\"><span style=\"font-family: tahoma, arial, helvetica, sans-serif;color: #0000ff\"><strong>Dunkerque<\/strong>, 15h, Place de la gare<\/span><\/li>\n<li style=\"text-align: justify\"><span style=\"font-family: tahoma, arial, helvetica, sans-serif;color: #0000ff\"><strong>Boulogne-sur-mer<\/strong>, 9h30 manifestation au d\u00e9part de la CAB<\/span><\/li>\n<li style=\"text-align: justify\"><span style=\"color: #0000ff;font-family: tahoma, arial, helvetica, sans-serif\"><strong>Boulogne-sur-mer<\/strong>, 12h15 action E3C devant le lyc\u00e9e Branly, \u00ab\u00a0Mur\u00a0\u00bb de livres des anciens programmes et pancartes pour symboliser visuellement la charge de travail, l&rsquo;accumulation des t\u00e2ches, le ras le bol &#8230;.chgt de programmes, mise ne place des E3c dans des conditions lamentables&#8230;.<\/span><\/li>\n<li style=\"text-align: justify\"><span style=\"font-family: tahoma, arial, helvetica, sans-serif;color: #0000ff\"><strong>Calais,<\/strong> 9h30, Gare de Calais Ville<\/span><\/li>\n<li style=\"text-align: justify\"><span style=\"color: #0000ff;font-family: tahoma, arial, helvetica, sans-serif\"><strong>Cambrai<\/strong>, Rassemblement contre la suppression du BTS industriel \u00e0 Paul Duez \u00e0 10h \/ Bus Intersyndical d\u00e9part 12h30 pour manifestation r\u00e9gionale<\/span><\/li>\n<\/ul>\n<p style=\"text-align: justify\"><span style=\"font-family: tahoma, arial, helvetica, sans-serif;color: #0000ff\">Ci-dessous, le communiqu\u00e9 intersyndical du samedi 11 janvier 2020 :<\/span><\/p>\n\n\t\t<div class=\"wppdfemb-frame-container-2\" style=\"-webkit-overflow-scrolling:auto;\">\n\t\t\t<iframe class=\"pdfembed-iframe nonfullscreen wppdf-emb-iframe-2\"\n\t\t\t\tsrc=\"https:\/\/regions-snetap-fsu.fr\/hdf\/?pdfemb-data=eyJ1cmwiOiJodHRwczpcL1wvcmVnaW9ucy1zbmV0YXAtZnN1LmZyXC9oZGZcL3dwLWNvbnRlbnRcL3VwbG9hZHNcL3NpdGVzXC81XC8yMDIwXC8wMVwvY29tLWludGVyc3luZGljYWxlLTExLWphbnZpZXItMjAyMC5wZGYiLCJ0aXRsZSI6ImNvbSBpbnRlcnN5bmRpY2FsZSAxMSBqYW52aWVyIDIwMjAiLCJpbmRleCI6MiwicGRmSUQiOjQxMDl9\"\n\t\t\t\ttitle=\"com intersyndicale 11 janvier 2020\"\t\t\t\tdata-pdf-id=\"4109\"\n\t\t\t\tdata-pdf-index=\"2\"\n\t\t\t\tstyle=\"border:none;width:100%;max-width:100%;height:100vh;\"\n\t\t\t\tscrolling=\"yes\">\n\t\t\t<\/iframe>\n\t\t<\/div>\n\n\t\t\n<p><span style=\"text-decoration: underline;color: #000000\"><a style=\"color: #000000;text-decoration: underline\" href=\"https:\/\/regions-snetap-fsu.fr\/hdf\/wp-content\/uploads\/sites\/5\/2020\/01\/com-intersyndicale-11-janvier-2020.pdf\" target=\"_blank\" rel=\"noopener noreferrer\">Lien : Pour t\u00e9l\u00e9charger le communiqu\u00e9<\/a><\/span><\/p>\n<blockquote>\n<p style=\"text-align: center\"><span style=\"color: #ff0000;font-family: tahoma, arial, helvetica, sans-serif\"><strong>Attention,<\/strong><\/span><\/p>\n<p style=\"text-align: center\"><span style=\"color: #ff0000;font-family: tahoma, arial, helvetica, sans-serif\"><strong>cet article est susceptible d&rsquo;\u00e9voluer au gr\u00e9 des informations, n&rsquo;h\u00e9sitez pas \u00e0 le consulter r\u00e9guli\u00e8rement.<\/strong><\/span><\/p>\n<\/blockquote>\n","protected":false},"excerpt":{"rendered":"<p>Les actions dans les Hauts-de-France pour la semaine du 13 au 18 janvier Les mobilisations de ces jours pass\u00e9s ont montr\u00e9 la d\u00e9termination et le refus de ce projet absurde de r\u00e9gime unique de retraites par points par une majorit\u00e9 de la population, malgr\u00e9 toutes les tentatives et manipulations du gouvernement. Suite aux annonces du [&hellip;]<\/p>\n","protected":false},"author":88,"featured_media":0,"comment_status":"closed","ping_status":"closed","sticky":false,"template":"","format":"standard","meta":{"ocean_post_layout":"","ocean_both_sidebars_style":"","ocean_both_sidebars_content_width":0,"ocean_both_sidebars_sidebars_width":0,"ocean_sidebar":"","ocean_second_sidebar":"","ocean_disable_margins":"enable","ocean_add_body_class":"","ocean_shortcode_before_top_bar":"","ocean_shortcode_after_top_bar":"","ocean_shortcode_before_header":"","ocean_shortcode_after_header":"","ocean_has_shortcode":"","ocean_shortcode_after_title":"","ocean_shortcode_before_footer_widgets":"","ocean_shortcode_after_footer_widgets":"","ocean_shortcode_before_footer_bottom":"","ocean_shortcode_after_footer_bottom":"","ocean_display_top_bar":"default","ocean_display_header":"default","ocean_header_style":"","ocean_center_header_left_menu":"","ocean_custom_header_template":"","ocean_custom_logo":0,"ocean_custom_retina_logo":0,"ocean_custom_logo_max_width":0,"ocean_custom_logo_tablet_max_width":0,"ocean_custom_logo_mobile_max_width":0,"ocean_custom_logo_max_height":0,"ocean_custom_logo_tablet_max_height":0,"ocean_custom_logo_mobile_max_height":0,"ocean_header_custom_menu":"","ocean_menu_typo_font_family":"","ocean_menu_typo_font_subset":"","ocean_menu_typo_font_size":0,"ocean_menu_typo_font_size_tablet":0,"ocean_menu_typo_font_size_mobile":0,"ocean_menu_typo_font_size_unit":"px","ocean_menu_typo_font_weight":"","ocean_menu_typo_font_weight_tablet":"","ocean_menu_typo_font_weight_mobile":"","ocean_menu_typo_transform":"","ocean_menu_typo_transform_tablet":"","ocean_menu_typo_transform_mobile":"","ocean_menu_typo_line_height":0,"ocean_menu_typo_line_height_tablet":0,"ocean_menu_typo_line_height_mobile":0,"ocean_menu_typo_line_height_unit":"","ocean_menu_typo_spacing":0,"ocean_menu_typo_spacing_tablet":0,"ocean_menu_typo_spacing_mobile":0,"ocean_menu_typo_spacing_unit":"","ocean_menu_link_color":"","ocean_menu_link_color_hover":"","ocean_menu_link_color_active":"","ocean_menu_link_background":"","ocean_menu_link_hover_background":"","ocean_menu_link_active_background":"","ocean_menu_social_links_bg":"","ocean_menu_social_hover_links_bg":"","ocean_menu_social_links_color":"","ocean_menu_social_hover_links_color":"","ocean_disable_title":"default","ocean_disable_heading":"default","ocean_post_title":"","ocean_post_subheading":"","ocean_post_title_style":"","ocean_post_title_background_color":"","ocean_post_title_background":0,"ocean_post_title_bg_image_position":"","ocean_post_title_bg_image_attachment":"","ocean_post_title_bg_image_repeat":"","ocean_post_title_bg_image_size":"","ocean_post_title_height":0,"ocean_post_title_bg_overlay":0.5,"ocean_post_title_bg_overlay_color":"","ocean_disable_breadcrumbs":"default","ocean_breadcrumbs_color":"","ocean_breadcrumbs_separator_color":"","ocean_breadcrumbs_links_color":"","ocean_breadcrumbs_links_hover_color":"","ocean_display_footer_widgets":"default","ocean_display_footer_bottom":"default","ocean_custom_footer_template":"","ocean_post_oembed":"","ocean_post_self_hosted_media":"","ocean_post_video_embed":"","ocean_link_format":"","ocean_link_format_target":"self","ocean_quote_format":"","ocean_quote_format_link":"post","ocean_gallery_link_images":"on","ocean_gallery_id":[],"footnotes":""},"categories":[2],"tags":[],"post_folder":[],"class_list":["post-4105","post","type-post","status-publish","format-standard","hentry","category-actions-greves-manifs","entry"],"yoast_head":"<!-- This site is optimized with the Yoast SEO plugin v27.4 - https:\/\/yoast.com\/product\/yoast-seo-wordpress\/ -->\n<title>Les actions dans les Hauts-de-France pour la semaine 3 - HAUTS-DE-FRANCE<\/title>\n<meta name=\"robots\" content=\"index, follow, max-snippet:-1, max-image-preview:large, max-video-preview:-1\" \/>\n<link rel=\"canonical\" href=\"https:\/\/regions-snetap-fsu.fr\/hdf\/2020\/01\/12\/les-actions-dans-les-hauts-de-france-pour-la-semaine-3\/\" \/>\n<meta property=\"og:locale\" content=\"fr_FR\" \/>\n<meta property=\"og:type\" content=\"article\" \/>\n<meta property=\"og:title\" content=\"Les actions dans les Hauts-de-France pour la semaine 3 - HAUTS-DE-FRANCE\" \/>\n<meta property=\"og:description\" content=\"Les actions dans les Hauts-de-France pour la semaine du 13 au 18 janvier Les mobilisations de ces jours pass\u00e9s ont montr\u00e9 la d\u00e9termination et le refus de ce projet absurde de r\u00e9gime unique de retraites par points par une majorit\u00e9 de la population, malgr\u00e9 toutes les tentatives et manipulations du gouvernement. Suite aux annonces du [&hellip;]\" \/>\n<meta property=\"og:url\" content=\"https:\/\/regions-snetap-fsu.fr\/hdf\/2020\/01\/12\/les-actions-dans-les-hauts-de-france-pour-la-semaine-3\/\" \/>\n<meta property=\"og:site_name\" content=\"HAUTS-DE-FRANCE\" \/>\n<meta property=\"article:published_time\" content=\"2020-01-12T16:24:03+00:00\" \/>\n<meta property=\"article:modified_time\" content=\"2020-01-15T17:52:24+00:00\" \/>\n<meta name=\"author\" content=\"Regis Martinage\" \/>\n<meta name=\"twitter:card\" content=\"summary_large_image\" \/>\n<meta name=\"twitter:creator\" content=\"@MartinageSnetap\" \/>\n<meta name=\"twitter:site\" content=\"@MartinageSnetap\" \/>\n<meta name=\"twitter:label1\" content=\"\u00c9crit par\" \/>\n\t<meta name=\"twitter:data1\" content=\"Regis Martinage\" \/>\n\t<meta name=\"twitter:label2\" content=\"Dur\u00e9e de lecture estim\u00e9e\" \/>\n\t<meta name=\"twitter:data2\" content=\"5 minutes\" \/>\n<script type=\"application\/ld+json\" class=\"yoast-schema-graph\">{\"@context\":\"https:\\\/\\\/schema.org\",\"@graph\":[{\"@type\":\"Article\",\"@id\":\"https:\\\/\\\/regions-snetap-fsu.fr\\\/hdf\\\/2020\\\/01\\\/12\\\/les-actions-dans-les-hauts-de-france-pour-la-semaine-3\\\/#article\",\"isPartOf\":{\"@id\":\"https:\\\/\\\/regions-snetap-fsu.fr\\\/hdf\\\/2020\\\/01\\\/12\\\/les-actions-dans-les-hauts-de-france-pour-la-semaine-3\\\/\"},\"author\":{\"name\":\"Regis Martinage\",\"@id\":\"https:\\\/\\\/regions-snetap-fsu.fr\\\/hdf\\\/#\\\/schema\\\/person\\\/fa09b77e508eb2889a1c2dd6f4cf3149\"},\"headline\":\"Les actions dans les Hauts-de-France pour la semaine 3\",\"datePublished\":\"2020-01-12T16:24:03+00:00\",\"dateModified\":\"2020-01-15T17:52:24+00:00\",\"mainEntityOfPage\":{\"@id\":\"https:\\\/\\\/regions-snetap-fsu.fr\\\/hdf\\\/2020\\\/01\\\/12\\\/les-actions-dans-les-hauts-de-france-pour-la-semaine-3\\\/\"},\"wordCount\":924,\"publisher\":{\"@id\":\"https:\\\/\\\/regions-snetap-fsu.fr\\\/hdf\\\/#organization\"},\"articleSection\":[\"Actions - Gr\u00e8ves - Manifs\"],\"inLanguage\":\"fr-FR\"},{\"@type\":\"WebPage\",\"@id\":\"https:\\\/\\\/regions-snetap-fsu.fr\\\/hdf\\\/2020\\\/01\\\/12\\\/les-actions-dans-les-hauts-de-france-pour-la-semaine-3\\\/\",\"url\":\"https:\\\/\\\/regions-snetap-fsu.fr\\\/hdf\\\/2020\\\/01\\\/12\\\/les-actions-dans-les-hauts-de-france-pour-la-semaine-3\\\/\",\"name\":\"Les actions dans les Hauts-de-France pour la semaine 3 - HAUTS-DE-FRANCE\",\"isPartOf\":{\"@id\":\"https:\\\/\\\/regions-snetap-fsu.fr\\\/hdf\\\/#website\"},\"datePublished\":\"2020-01-12T16:24:03+00:00\",\"dateModified\":\"2020-01-15T17:52:24+00:00\",\"breadcrumb\":{\"@id\":\"https:\\\/\\\/regions-snetap-fsu.fr\\\/hdf\\\/2020\\\/01\\\/12\\\/les-actions-dans-les-hauts-de-france-pour-la-semaine-3\\\/#breadcrumb\"},\"inLanguage\":\"fr-FR\",\"potentialAction\":[{\"@type\":\"ReadAction\",\"target\":[\"https:\\\/\\\/regions-snetap-fsu.fr\\\/hdf\\\/2020\\\/01\\\/12\\\/les-actions-dans-les-hauts-de-france-pour-la-semaine-3\\\/\"]}]},{\"@type\":\"BreadcrumbList\",\"@id\":\"https:\\\/\\\/regions-snetap-fsu.fr\\\/hdf\\\/2020\\\/01\\\/12\\\/les-actions-dans-les-hauts-de-france-pour-la-semaine-3\\\/#breadcrumb\",\"itemListElement\":[{\"@type\":\"ListItem\",\"position\":1,\"name\":\"Accueil\",\"item\":\"https:\\\/\\\/regions-snetap-fsu.fr\\\/hdf\\\/\"},{\"@type\":\"ListItem\",\"position\":2,\"name\":\"Actions - Gr\u00e8ves - Manifs\",\"item\":\"https:\\\/\\\/regions-snetap-fsu.fr\\\/hdf\\\/category\\\/actions-greves-manifs\\\/\"},{\"@type\":\"ListItem\",\"position\":3,\"name\":\"Les actions dans les Hauts-de-France pour la semaine 3\"}]},{\"@type\":\"WebSite\",\"@id\":\"https:\\\/\\\/regions-snetap-fsu.fr\\\/hdf\\\/#website\",\"url\":\"https:\\\/\\\/regions-snetap-fsu.fr\\\/hdf\\\/\",\"name\":\"HAUTS-DE-FRANCE\",\"description\":\"Section r\u00e9gionale\",\"publisher\":{\"@id\":\"https:\\\/\\\/regions-snetap-fsu.fr\\\/hdf\\\/#organization\"},\"potentialAction\":[{\"@type\":\"SearchAction\",\"target\":{\"@type\":\"EntryPoint\",\"urlTemplate\":\"https:\\\/\\\/regions-snetap-fsu.fr\\\/hdf\\\/?s={search_term_string}\"},\"query-input\":{\"@type\":\"PropertyValueSpecification\",\"valueRequired\":true,\"valueName\":\"search_term_string\"}}],\"inLanguage\":\"fr-FR\"},{\"@type\":\"Organization\",\"@id\":\"https:\\\/\\\/regions-snetap-fsu.fr\\\/hdf\\\/#organization\",\"name\":\"SNETAP-FSU - HAUTS-DE-FRANCE\",\"url\":\"https:\\\/\\\/regions-snetap-fsu.fr\\\/hdf\\\/\",\"logo\":{\"@type\":\"ImageObject\",\"inLanguage\":\"fr-FR\",\"@id\":\"https:\\\/\\\/regions-snetap-fsu.fr\\\/hdf\\\/#\\\/schema\\\/logo\\\/image\\\/\",\"url\":\"https:\\\/\\\/regions-snetap-fsu.fr\\\/hdf\\\/wp-content\\\/uploads\\\/sites\\\/5\\\/2020\\\/12\\\/SNETAP-Logo.jpg\",\"contentUrl\":\"https:\\\/\\\/regions-snetap-fsu.fr\\\/hdf\\\/wp-content\\\/uploads\\\/sites\\\/5\\\/2020\\\/12\\\/SNETAP-Logo.jpg\",\"width\":464,\"height\":334,\"caption\":\"SNETAP-FSU - HAUTS-DE-FRANCE\"},\"image\":{\"@id\":\"https:\\\/\\\/regions-snetap-fsu.fr\\\/hdf\\\/#\\\/schema\\\/logo\\\/image\\\/\"},\"sameAs\":[\"https:\\\/\\\/x.com\\\/MartinageSnetap\"]},{\"@type\":\"Person\",\"@id\":\"https:\\\/\\\/regions-snetap-fsu.fr\\\/hdf\\\/#\\\/schema\\\/person\\\/fa09b77e508eb2889a1c2dd6f4cf3149\",\"name\":\"Regis Martinage\",\"image\":{\"@type\":\"ImageObject\",\"inLanguage\":\"fr-FR\",\"@id\":\"https:\\\/\\\/secure.gravatar.com\\\/avatar\\\/7ae2aaabfe5b8d5c7b9361e91002ca9ec93c38c63c9a1d06ae19f03a5dc70dd7?s=96&d=mm&r=g\",\"url\":\"https:\\\/\\\/secure.gravatar.com\\\/avatar\\\/7ae2aaabfe5b8d5c7b9361e91002ca9ec93c38c63c9a1d06ae19f03a5dc70dd7?s=96&d=mm&r=g\",\"contentUrl\":\"https:\\\/\\\/secure.gravatar.com\\\/avatar\\\/7ae2aaabfe5b8d5c7b9361e91002ca9ec93c38c63c9a1d06ae19f03a5dc70dd7?s=96&d=mm&r=g\",\"caption\":\"Regis Martinage\"},\"url\":\"https:\\\/\\\/regions-snetap-fsu.fr\\\/hdf\\\/author\\\/r-martinage\\\/\"}]}<\/script>\n<!-- \/ Yoast SEO plugin. -->","yoast_head_json":{"title":"Les actions dans les Hauts-de-France pour la semaine 3 - HAUTS-DE-FRANCE","robots":{"index":"index","follow":"follow","max-snippet":"max-snippet:-1","max-image-preview":"max-image-preview:large","max-video-preview":"max-video-preview:-1"},"canonical":"https:\/\/regions-snetap-fsu.fr\/hdf\/2020\/01\/12\/les-actions-dans-les-hauts-de-france-pour-la-semaine-3\/","og_locale":"fr_FR","og_type":"article","og_title":"Les actions dans les Hauts-de-France pour la semaine 3 - HAUTS-DE-FRANCE","og_description":"Les actions dans les Hauts-de-France pour la semaine du 13 au 18 janvier Les mobilisations de ces jours pass\u00e9s ont montr\u00e9 la d\u00e9termination et le refus de ce projet absurde de r\u00e9gime unique de retraites par points par une majorit\u00e9 de la population, malgr\u00e9 toutes les tentatives et manipulations du gouvernement. Suite aux annonces du [&hellip;]","og_url":"https:\/\/regions-snetap-fsu.fr\/hdf\/2020\/01\/12\/les-actions-dans-les-hauts-de-france-pour-la-semaine-3\/","og_site_name":"HAUTS-DE-FRANCE","article_published_time":"2020-01-12T16:24:03+00:00","article_modified_time":"2020-01-15T17:52:24+00:00","author":"Regis Martinage","twitter_card":"summary_large_image","twitter_creator":"@MartinageSnetap","twitter_site":"@MartinageSnetap","twitter_misc":{"\u00c9crit par":"Regis Martinage","Dur\u00e9e de lecture estim\u00e9e":"5 minutes"},"schema":{"@context":"https:\/\/schema.org","@graph":[{"@type":"Article","@id":"https:\/\/regions-snetap-fsu.fr\/hdf\/2020\/01\/12\/les-actions-dans-les-hauts-de-france-pour-la-semaine-3\/#article","isPartOf":{"@id":"https:\/\/regions-snetap-fsu.fr\/hdf\/2020\/01\/12\/les-actions-dans-les-hauts-de-france-pour-la-semaine-3\/"},"author":{"name":"Regis Martinage","@id":"https:\/\/regions-snetap-fsu.fr\/hdf\/#\/schema\/person\/fa09b77e508eb2889a1c2dd6f4cf3149"},"headline":"Les actions dans les Hauts-de-France pour la semaine 3","datePublished":"2020-01-12T16:24:03+00:00","dateModified":"2020-01-15T17:52:24+00:00","mainEntityOfPage":{"@id":"https:\/\/regions-snetap-fsu.fr\/hdf\/2020\/01\/12\/les-actions-dans-les-hauts-de-france-pour-la-semaine-3\/"},"wordCount":924,"publisher":{"@id":"https:\/\/regions-snetap-fsu.fr\/hdf\/#organization"},"articleSection":["Actions - Gr\u00e8ves - Manifs"],"inLanguage":"fr-FR"},{"@type":"WebPage","@id":"https:\/\/regions-snetap-fsu.fr\/hdf\/2020\/01\/12\/les-actions-dans-les-hauts-de-france-pour-la-semaine-3\/","url":"https:\/\/regions-snetap-fsu.fr\/hdf\/2020\/01\/12\/les-actions-dans-les-hauts-de-france-pour-la-semaine-3\/","name":"Les actions dans les Hauts-de-France pour la semaine 3 - HAUTS-DE-FRANCE","isPartOf":{"@id":"https:\/\/regions-snetap-fsu.fr\/hdf\/#website"},"datePublished":"2020-01-12T16:24:03+00:00","dateModified":"2020-01-15T17:52:24+00:00","breadcrumb":{"@id":"https:\/\/regions-snetap-fsu.fr\/hdf\/2020\/01\/12\/les-actions-dans-les-hauts-de-france-pour-la-semaine-3\/#breadcrumb"},"inLanguage":"fr-FR","potentialAction":[{"@type":"ReadAction","target":["https:\/\/regions-snetap-fsu.fr\/hdf\/2020\/01\/12\/les-actions-dans-les-hauts-de-france-pour-la-semaine-3\/"]}]},{"@type":"BreadcrumbList","@id":"https:\/\/regions-snetap-fsu.fr\/hdf\/2020\/01\/12\/les-actions-dans-les-hauts-de-france-pour-la-semaine-3\/#breadcrumb","itemListElement":[{"@type":"ListItem","position":1,"name":"Accueil","item":"https:\/\/regions-snetap-fsu.fr\/hdf\/"},{"@type":"ListItem","position":2,"name":"Actions - Gr\u00e8ves - Manifs","item":"https:\/\/regions-snetap-fsu.fr\/hdf\/category\/actions-greves-manifs\/"},{"@type":"ListItem","position":3,"name":"Les actions dans les Hauts-de-France pour la semaine 3"}]},{"@type":"WebSite","@id":"https:\/\/regions-snetap-fsu.fr\/hdf\/#website","url":"https:\/\/regions-snetap-fsu.fr\/hdf\/","name":"HAUTS-DE-FRANCE","description":"Section r\u00e9gionale","publisher":{"@id":"https:\/\/regions-snetap-fsu.fr\/hdf\/#organization"},"potentialAction":[{"@type":"SearchAction","target":{"@type":"EntryPoint","urlTemplate":"https:\/\/regions-snetap-fsu.fr\/hdf\/?s={search_term_string}"},"query-input":{"@type":"PropertyValueSpecification","valueRequired":true,"valueName":"search_term_string"}}],"inLanguage":"fr-FR"},{"@type":"Organization","@id":"https:\/\/regions-snetap-fsu.fr\/hdf\/#organization","name":"SNETAP-FSU - HAUTS-DE-FRANCE","url":"https:\/\/regions-snetap-fsu.fr\/hdf\/","logo":{"@type":"ImageObject","inLanguage":"fr-FR","@id":"https:\/\/regions-snetap-fsu.fr\/hdf\/#\/schema\/logo\/image\/","url":"https:\/\/regions-snetap-fsu.fr\/hdf\/wp-content\/uploads\/sites\/5\/2020\/12\/SNETAP-Logo.jpg","contentUrl":"https:\/\/regions-snetap-fsu.fr\/hdf\/wp-content\/uploads\/sites\/5\/2020\/12\/SNETAP-Logo.jpg","width":464,"height":334,"caption":"SNETAP-FSU - HAUTS-DE-FRANCE"},"image":{"@id":"https:\/\/regions-snetap-fsu.fr\/hdf\/#\/schema\/logo\/image\/"},"sameAs":["https:\/\/x.com\/MartinageSnetap"]},{"@type":"Person","@id":"https:\/\/regions-snetap-fsu.fr\/hdf\/#\/schema\/person\/fa09b77e508eb2889a1c2dd6f4cf3149","name":"Regis Martinage","image":{"@type":"ImageObject","inLanguage":"fr-FR","@id":"https:\/\/secure.gravatar.com\/avatar\/7ae2aaabfe5b8d5c7b9361e91002ca9ec93c38c63c9a1d06ae19f03a5dc70dd7?s=96&d=mm&r=g","url":"https:\/\/secure.gravatar.com\/avatar\/7ae2aaabfe5b8d5c7b9361e91002ca9ec93c38c63c9a1d06ae19f03a5dc70dd7?s=96&d=mm&r=g","contentUrl":"https:\/\/secure.gravatar.com\/avatar\/7ae2aaabfe5b8d5c7b9361e91002ca9ec93c38c63c9a1d06ae19f03a5dc70dd7?s=96&d=mm&r=g","caption":"Regis Martinage"},"url":"https:\/\/regions-snetap-fsu.fr\/hdf\/author\/r-martinage\/"}]}},"_links":{"self":[{"href":"https:\/\/regions-snetap-fsu.fr\/hdf\/wp-json\/wp\/v2\/posts\/4105","targetHints":{"allow":["GET"]}}],"collection":[{"href":"https:\/\/regions-snetap-fsu.fr\/hdf\/wp-json\/wp\/v2\/posts"}],"about":[{"href":"https:\/\/regions-snetap-fsu.fr\/hdf\/wp-json\/wp\/v2\/types\/post"}],"author":[{"embeddable":true,"href":"https:\/\/regions-snetap-fsu.fr\/hdf\/wp-json\/wp\/v2\/users\/88"}],"replies":[{"embeddable":true,"href":"https:\/\/regions-snetap-fsu.fr\/hdf\/wp-json\/wp\/v2\/comments?post=4105"}],"version-history":[{"count":27,"href":"https:\/\/regions-snetap-fsu.fr\/hdf\/wp-json\/wp\/v2\/posts\/4105\/revisions"}],"predecessor-version":[{"id":4181,"href":"https:\/\/regions-snetap-fsu.fr\/hdf\/wp-json\/wp\/v2\/posts\/4105\/revisions\/4181"}],"wp:attachment":[{"href":"https:\/\/regions-snetap-fsu.fr\/hdf\/wp-json\/wp\/v2\/media?parent=4105"}],"wp:term":[{"taxonomy":"category","embeddable":true,"href":"https:\/\/regions-snetap-fsu.fr\/hdf\/wp-json\/wp\/v2\/categories?post=4105"},{"taxonomy":"post_tag","embeddable":true,"href":"https:\/\/regions-snetap-fsu.fr\/hdf\/wp-json\/wp\/v2\/tags?post=4105"},{"taxonomy":"post_folder","embeddable":true,"href":"https:\/\/regions-snetap-fsu.fr\/hdf\/wp-json\/wp\/v2\/post_folder?post=4105"}],"curies":[{"name":"wp","href":"https:\/\/api.w.org\/{rel}","templated":true}]}}