{"id":3828,"date":"2019-12-11T19:04:04","date_gmt":"2019-12-11T18:04:04","guid":{"rendered":"https:\/\/regions-snetap-fsu.fr\/hdf\/?p=3828"},"modified":"2019-12-15T17:13:29","modified_gmt":"2019-12-15T16:13:29","slug":"retraites-apres-le-5-le-10-le-12-et-le-17-toujours-plus-mobilise%c2%b7es-pour-gagner","status":"publish","type":"post","link":"https:\/\/regions-snetap-fsu.fr\/hdf\/2019\/12\/11\/retraites-apres-le-5-le-10-le-12-et-le-17-toujours-plus-mobilise%c2%b7es-pour-gagner\/","title":{"rendered":"Retraites, apr\u00e8s le 5, le 10&#8230; le 12 et le 17 toujours plus mobilis\u00e9\u00b7es pour gagner !"},"content":{"rendered":"<h2 style=\"text-align: center\"><span style=\"color: #ff0000;font-family: tahoma, arial, helvetica, sans-serif\">Retraites, apr\u00e8s le 5, le 10&#8230;<\/span><\/h2>\n<h2 style=\"text-align: center\"><span style=\"color: #ff0000;font-family: tahoma, arial, helvetica, sans-serif\">le 12 et le 17 toujours plus mobilis\u00e9\u00b7es pour gagner !<\/span><\/h2>\n<blockquote>\n<p style=\"text-align: justify\"><span style=\"color: #0000ff;font-family: tahoma, arial, helvetica, sans-serif\">Dans un contexte de mobilisations historiques, les annonces du Premier ministre confirment que le gouvernement maintient son choix d\u2019une retraite universelle par points ainsi que son calendrier d\u2019\u00e9laboration d\u2019un projet de loi. Il n\u2019a donc pas pris la mesure des revendications et de la col\u00e8re exprim\u00e9es massivement depuis plusieurs jours dans les gr\u00e8ves et manifestations comme le 5 d\u00e9cembre dernier.<\/span><\/p>\n<p style=\"text-align: justify\"><span style=\"color: #0000ff\"><strong>L&rsquo;intersyndical, <span class=\"gl_mot\">CGT<\/span> Agri- <span class=\"gl_mot\">FO<\/span> Agri &#8211; SEA <span class=\"gl_mot\">UNSA<\/span> &#8211; SNETAP-<span class=\"gl_mot\">FSU<\/span> &#8211; SNUITAM-FSU &#8211; <span class=\"gl_mot\">SUD<\/span> TERRITOIRES, appelle \u00e0 organiser et \u00e0 participer aux actions locales du 12 d\u00e9cembre et \u00e0 faire du 17 d\u00e9cembre une nouvelle journ\u00e9e interprofessionnelle massive de gr\u00e8ve et de manifestations&#8230;<\/strong><\/span><\/p>\n<\/blockquote>\n<p><!--more--><\/p>\n<figure id=\"attachment_3832\" aria-describedby=\"caption-attachment-3832\" style=\"width: 300px\" class=\"wp-caption aligncenter\"><img fetchpriority=\"high\" decoding=\"async\" class=\"size-medium wp-image-3832\" src=\"https:\/\/regions-snetap-fsu.fr\/hdf\/wp-content\/uploads\/sites\/5\/2019\/12\/Manif_retraite_5_dec_2019_Lille5_R\u00e9mi-Ange_Couzinet_indiquer_si_recadrage-300x200.jpg\" alt=\"\" width=\"300\" height=\"200\" srcset=\"https:\/\/regions-snetap-fsu.fr\/hdf\/wp-content\/uploads\/sites\/5\/2019\/12\/Manif_retraite_5_dec_2019_Lille5_R\u00e9mi-Ange_Couzinet_indiquer_si_recadrage-300x200.jpg 300w, https:\/\/regions-snetap-fsu.fr\/hdf\/wp-content\/uploads\/sites\/5\/2019\/12\/Manif_retraite_5_dec_2019_Lille5_R\u00e9mi-Ange_Couzinet_indiquer_si_recadrage-1024x683.jpg 1024w, https:\/\/regions-snetap-fsu.fr\/hdf\/wp-content\/uploads\/sites\/5\/2019\/12\/Manif_retraite_5_dec_2019_Lille5_R\u00e9mi-Ange_Couzinet_indiquer_si_recadrage-768x512.jpg 768w, https:\/\/regions-snetap-fsu.fr\/hdf\/wp-content\/uploads\/sites\/5\/2019\/12\/Manif_retraite_5_dec_2019_Lille5_R\u00e9mi-Ange_Couzinet_indiquer_si_recadrage-1536x1024.jpg 1536w, https:\/\/regions-snetap-fsu.fr\/hdf\/wp-content\/uploads\/sites\/5\/2019\/12\/Manif_retraite_5_dec_2019_Lille5_R\u00e9mi-Ange_Couzinet_indiquer_si_recadrage-100x67.jpg 100w, https:\/\/regions-snetap-fsu.fr\/hdf\/wp-content\/uploads\/sites\/5\/2019\/12\/Manif_retraite_5_dec_2019_Lille5_R\u00e9mi-Ange_Couzinet_indiquer_si_recadrage-150x100.jpg 150w, https:\/\/regions-snetap-fsu.fr\/hdf\/wp-content\/uploads\/sites\/5\/2019\/12\/Manif_retraite_5_dec_2019_Lille5_R\u00e9mi-Ange_Couzinet_indiquer_si_recadrage-200x133.jpg 200w, https:\/\/regions-snetap-fsu.fr\/hdf\/wp-content\/uploads\/sites\/5\/2019\/12\/Manif_retraite_5_dec_2019_Lille5_R\u00e9mi-Ange_Couzinet_indiquer_si_recadrage-450x300.jpg 450w, https:\/\/regions-snetap-fsu.fr\/hdf\/wp-content\/uploads\/sites\/5\/2019\/12\/Manif_retraite_5_dec_2019_Lille5_R\u00e9mi-Ange_Couzinet_indiquer_si_recadrage-600x400.jpg 600w, https:\/\/regions-snetap-fsu.fr\/hdf\/wp-content\/uploads\/sites\/5\/2019\/12\/Manif_retraite_5_dec_2019_Lille5_R\u00e9mi-Ange_Couzinet_indiquer_si_recadrage-900x600.jpg 900w, https:\/\/regions-snetap-fsu.fr\/hdf\/wp-content\/uploads\/sites\/5\/2019\/12\/Manif_retraite_5_dec_2019_Lille5_R\u00e9mi-Ange_Couzinet_indiquer_si_recadrage.jpg 2048w\" sizes=\"(max-width: 300px) 100vw, 300px\" \/><figcaption id=\"caption-attachment-3832\" class=\"wp-caption-text\">Photo : R\u00e9mi-Ange Couzinet<\/figcaption><\/figure>\n<p style=\"text-align: justify\"><span style=\"color: #0000ff;font-family: tahoma, arial, helvetica, sans-serif\">Pour d\u00e9couvrir le communiqu\u00e9 de la FSU suite aux annonces du gouvernement de ce mercredi 11 d\u00e9cembre 2019, cliquez sur le lien ci-dessous :<\/span><\/p>\n<p><span style=\"font-family: tahoma, arial, helvetica, sans-serif\"><a href=\"https:\/\/www.snetap-fsu.fr\/Le-gouvernement-s-obstine.html\" target=\"_blank\" rel=\"noopener noreferrer\"><span style=\"text-decoration: underline\"><span style=\"color: #000000;text-decoration: underline\">Lien : SNETAP-FSU &#8211; Le gouvernement s\u2019obstine &#8211; Communiqu\u00e9 de la FSU<\/span> <\/span><\/a><\/span><\/p>\n<p style=\"text-align: justify\"><span style=\"font-family: tahoma, arial, helvetica, sans-serif;color: #0000ff\">Pour d\u00e9couvrir le communiqu\u00e9 de l&rsquo;intersyndical, <a class=\"cs_glossaire\" style=\"color: #0000ff\" href=\"https:\/\/www.snetap-fsu.fr\/+-CGT-+.html\" name=\"mot157_0\"><span class=\"gl_mot\">CGT<\/span><\/a> Agri- <a class=\"cs_glossaire\" style=\"color: #0000ff\" href=\"https:\/\/www.snetap-fsu.fr\/+-mot158-+.html\" name=\"mot158_1\"><span class=\"gl_mot\">FO<\/span><\/a> Agri &#8211; SEA <a class=\"cs_glossaire\" style=\"color: #0000ff\" href=\"https:\/\/www.snetap-fsu.fr\/+-UNSA-+.html\" name=\"mot156_2\"><span class=\"gl_mot\">UNSA<\/span><\/a> &#8211; SNETAP-<a class=\"cs_glossaire\" style=\"color: #0000ff\" href=\"https:\/\/www.snetap-fsu.fr\/+-FSU-+.html\" name=\"mot96_3\"><span class=\"gl_mot\">FSU<\/span><\/a> &#8211; SNUITAM-FSU <\/span><span style=\"font-family: tahoma, arial, helvetica, sans-serif;color: #0000ff\">&#8211; <a class=\"cs_glossaire\" style=\"color: #0000ff\" href=\"https:\/\/www.snetap-fsu.fr\/+-SUD-+.html\" name=\"mot178_4\"><span class=\"gl_mot\">SUD<\/span><\/a> TERRITOIRES, cliquez sur le lien ci-dessous :<\/span><\/p>\n<p><span style=\"text-decoration: underline\"><span style=\"color: #000000;text-decoration: underline\"><a style=\"color: #000000;text-decoration: underline\" href=\"https:\/\/www.snetap-fsu.fr\/Toujours-plus-mobilise-es-pour-gagner.html\" target=\"_blank\" rel=\"noopener noreferrer\"><span style=\"font-family: tahoma, arial, helvetica, sans-serif\">Lien : SNETAP-FSU &#8211; Toujours plus mobilis\u00e9.es pour gagner !<\/span> <\/a><\/span><\/span><\/p>\n<p><span style=\"font-family: tahoma, arial, helvetica, sans-serif;color: #0000ff\">Pour conna\u00eetre le d\u00e9cryptage (2 pages) du discours du Premier ministre de ce mercredi 11 d\u00e9cembre 2019 par le \u00ab\u00a0R\u00e9seau Retraites\u00a0\u00bb, cliquez sur le lien ci-dessous :<\/span><\/p>\n\n\t\t<div class=\"wppdfemb-frame-container-1\" style=\"-webkit-overflow-scrolling:auto;\">\n\t\t\t<iframe class=\"pdfembed-iframe nonfullscreen wppdf-emb-iframe-1\"\n\t\t\t\tsrc=\"https:\/\/regions-snetap-fsu.fr\/hdf\/?pdfemb-data=eyJ1cmwiOiJodHRwczpcL1wvcmVnaW9ucy1zbmV0YXAtZnN1LmZyXC9oZGZcL3dwLWNvbnRlbnRcL3VwbG9hZHNcL3NpdGVzXC81XC8yMDE5XC8xMlwvUlx1MDBlOXNlYXVfUmV0cmFpdGVzX0RcdTAwZTljcnlwdGFnZV9hbm5vbmNlc19QaGlsaXBwZV8xMV8xMjE5LnBkZiIsImluZGV4IjoxLCJwZGZJRCI6MzgzNX0\"\n\t\t\t\t\t\t\t\tdata-pdf-id=\"3835\"\n\t\t\t\tdata-pdf-index=\"1\"\n\t\t\t\tstyle=\"border:none;width:100%;max-width:100%;height:100vh;\"\n\t\t\t\tscrolling=\"yes\">\n\t\t\t<\/iframe>\n\t\t<\/div>\n\n\t\t\n<p><span style=\"text-decoration: underline\"><span style=\"font-family: tahoma, arial, helvetica, sans-serif;color: #000000;text-decoration: underline\"><a style=\"color: #000000;text-decoration: underline\" href=\"https:\/\/regions-snetap-fsu.fr\/hdf\/wp-content\/uploads\/sites\/5\/2019\/12\/R\u00e9seau_Retraites_D\u00e9cryptage_annonces_Philippe_11_1219.pdf\" target=\"_blank\" rel=\"noopener noreferrer\">Lien : Pour t\u00e9l\u00e9charger le communiqu\u00e9 de Presse du \u201cR\u00e9seau Retraites\u201d<\/a><\/span><\/span><\/p>\n\n\t\t<div class=\"wppdfemb-frame-container-2\" style=\"-webkit-overflow-scrolling:auto;\">\n\t\t\t<iframe class=\"pdfembed-iframe nonfullscreen wppdf-emb-iframe-2\"\n\t\t\t\tsrc=\"https:\/\/regions-snetap-fsu.fr\/hdf\/?pdfemb-data=eyJ1cmwiOiJodHRwczpcL1wvcmVnaW9ucy1zbmV0YXAtZnN1LmZyXC9oZGZcL3dwLWNvbnRlbnRcL3VwbG9hZHNcL3NpdGVzXC81XC8yMDE5XC8xMlwvQUZGSUNIRV9yZXRyYWl0ZXNfMTJkZWMxOS5wZGYiLCJpbmRleCI6MiwicGRmSUQiOjM4Mzl9\"\n\t\t\t\t\t\t\t\tdata-pdf-id=\"3839\"\n\t\t\t\tdata-pdf-index=\"2\"\n\t\t\t\tstyle=\"border:none;width:100%;max-width:100%;height:100vh;\"\n\t\t\t\tscrolling=\"yes\">\n\t\t\t<\/iframe>\n\t\t<\/div>\n\n\t\t\n<p><span style=\"text-decoration: underline;color: #000000;font-family: tahoma, arial, helvetica, sans-serif\"><a style=\"color: #000000;text-decoration: underline\" href=\"https:\/\/regions-snetap-fsu.fr\/hdf\/wp-content\/uploads\/sites\/5\/2019\/12\/AFFICHE_retraites_12dec19.pdf\" target=\"_blank\" rel=\"noopener noreferrer\">Lien : Pour t\u00e9l\u00e9charger l&rsquo;affiche du 12 d\u00e9cembre 2019<\/a><\/span><\/p>\n<h4 style=\"text-align: center\"><strong><span style=\"color: #ff0000;font-family: tahoma, arial, helvetica, sans-serif\">Manifestations du jeudi 12 d\u00e9cembre 2019 :<\/span><\/strong><\/h4>\n<ul>\n<li class=\"spip\"><span style=\"font-family: tahoma, arial, helvetica, sans-serif;color: #0000ff\"><strong>Abbeville<\/strong>, 10h boulevard Vauban<\/span><\/li>\n<li><span style=\"font-family: tahoma, arial, helvetica, sans-serif;color: #0000ff\"><strong>Amiens<\/strong>, 14h MACU<\/span><\/li>\n<li><span style=\"color: #0000ff;font-family: tahoma, arial, helvetica, sans-serif\"><strong>Beauvais<\/strong>, 14h30 gare SNCF<\/span><\/li>\n<li><span style=\"font-family: tahoma, arial, helvetica, sans-serif;color: #0000ff\"><strong>Nogent-sur-Oise<\/strong>, 10h00\u00a0 magasin Lidl (\u00e0 proximit\u00e9 du Pont Royal)<\/span><\/li>\n<li><span style=\"font-family: tahoma, arial, helvetica, sans-serif;color: #0000ff\"><strong>Compi\u00e8gne<\/strong>, 10h00 cours Guynemer<\/span><\/li>\n<li><span style=\"color: #0000ff;font-family: tahoma, arial, helvetica, sans-serif\"><strong>Lille<\/strong>, manif cheminots ouverte \u00e0 tous, 14h30 Porte de Paris<\/span><\/li>\n<\/ul>\n<h4 style=\"text-align: center\"><span style=\"font-family: tahoma, arial, helvetica, sans-serif;color: #ff0000\">Nouveau temps fort, m<\/span><span style=\"font-family: tahoma, arial, helvetica, sans-serif\"><strong><span style=\"color: #ff0000\">ardi 17 d\u00e9cembre 2019 <\/span><\/strong><\/span><span style=\"font-family: tahoma, arial, helvetica, sans-serif;color: #ff0000\">:<\/span><\/h4>\n<h4 style=\"text-align: center\"><span style=\"color: #ff0000;font-family: tahoma, arial, helvetica, sans-serif\"><strong> Manifestations r\u00e9gionales interprofessionnelle<br \/>\n<\/strong><\/span><\/h4>\n<h4 style=\"text-align: center\"><span style=\"color: #ff0000;font-family: tahoma, arial, helvetica, sans-serif\"><strong>Lille &#8211; 14h30 &#8211; Porte de Paris<\/strong><\/span><\/h4>\n<h4 style=\"text-align: center\"><span style=\"font-family: tahoma, arial, helvetica, sans-serif;color: #ff0000\">Amiens &#8211; 14h &#8211; MACU (maison de la culture)<\/span><\/h4>\n<h4 style=\"text-align: center\"><span style=\"color: #ff0000;font-family: tahoma, arial, helvetica, sans-serif\">\u00a0<\/span><\/h4>\n<h4 style=\"text-align: justify\"><span style=\"color: #ff0000;font-family: tahoma, arial, helvetica, sans-serif\">Manifestations locales du 17 d\u00e9cembre :<br \/>\n<\/span><\/h4>\n<ul>\n<li><span style=\"font-family: tahoma, arial, helvetica, sans-serif;color: #0000ff\"><strong>Arras<\/strong>, 9h30 Gare<br \/>\n<\/span><\/li>\n<li><span style=\"font-family: tahoma, arial, helvetica, sans-serif;color: #0000ff\"><strong>Calais<\/strong>, 9h30 Mairie<br \/>\n<\/span><\/li>\n<li><span style=\"color: #0000ff\"><span style=\"font-family: tahoma, arial, helvetica, sans-serif\"><span style=\"font-family: tahoma, arial, helvetica, sans-serif\"><strong>Boulogne<\/strong>, 9h30\u00a0<\/span><\/span>CAB (Communaut\u00e9 d&rsquo;Agglom\u00e9ration de Boulogne Sur <span id=\"OBJ_PREFIX_DWT633_com_zimbra_date\" class=\"Object\"><span id=\"OBJ_PREFIX_DWT634_com_zimbra_date\" class=\"Object\"><span id=\"OBJ_PREFIX_DWT635_com_zimbra_date\" class=\"Object\">Mer)<\/span><\/span><\/span><\/span><\/li>\n<li><span style=\"font-family: tahoma, arial, helvetica, sans-serif;color: #0000ff\"><strong>Lens<\/strong>, 9h Place du Cantin<\/span><\/li>\n<li><span style=\"font-family: tahoma, arial, helvetica, sans-serif;color: #0000ff\"><strong>Beauvais<\/strong>, 14h30 Pr\u00e9fecture<\/span><\/li>\n<li><span style=\"font-family: tahoma, arial, helvetica, sans-serif;color: #0000ff\"><strong> Douai<\/strong>, 10h Place d&rsquo;Armes<\/span><\/li>\n<li><span style=\"font-family: tahoma, arial, helvetica, sans-serif;color: #0000ff\"><strong>Valenciennes<\/strong>, 10h Place d&rsquo;Armes<\/span><\/li>\n<li><span style=\"font-family: tahoma, arial, helvetica, sans-serif;color: #0000ff\"><strong>Dunkerque<\/strong>,\u00a0 15h Place de la gare <span style=\"color: #ff0000;font-size: 10pt\">Attention la FSU et le SNETAP-FSU appelle \u00e0 manifester \u00e0 Lille \u00e0 14H30<\/span><br \/>\n<\/span><\/li>\n<li><span style=\"font-family: tahoma, arial, helvetica, sans-serif;color: #0000ff\"><strong>Maubeuge<\/strong>, 14h Place de Wattignies <span style=\"color: #ff0000;font-size: 10pt\">Attention la FSU et le SNETAP-FSU appelle \u00e0 manifester \u00e0 Lille \u00e0 14H30<\/span><br \/>\n<\/span><\/li>\n<li><span style=\"font-family: tahoma, arial, helvetica, sans-serif;color: #0000ff\"><strong>Beauvais<\/strong>, 14h30 Pr\u00e9fecture<\/span><\/li>\n<li><span style=\"font-family: tahoma, arial, helvetica, sans-serif;color: #0000ff\"><strong>Ch\u00e2teau Thierry<\/strong>, 16h30 Gare<\/span><\/li>\n<li><span style=\"font-family: tahoma, arial, helvetica, sans-serif;color: #0000ff\"><strong>Chauny<\/strong>, 10h\u00a0 Mairie<\/span><\/li>\n<li><span style=\"font-family: tahoma, arial, helvetica, sans-serif;color: #0000ff\"><strong>Hirson,<\/strong> 14h Rond point rue de Charleville<\/span><\/li>\n<li><span style=\"font-family: tahoma, arial, helvetica, sans-serif;color: #0000ff\"><strong>Laon<\/strong>, 10h Place des droits de l\u2019homme (gare)<\/span><\/li>\n<li><span style=\"font-family: tahoma, arial, helvetica, sans-serif;color: #0000ff\"><strong>Saint-Quentin<\/strong>, 15h Place Longueville<\/span><\/li>\n<li><span style=\"font-family: tahoma, arial, helvetica, sans-serif;color: #0000ff\"><strong> Soissons<\/strong>, 11h Place de la R\u00e9publique<\/span><\/li>\n<li><span style=\"color: #0000ff;font-family: tahoma, arial, helvetica, sans-serif\"><strong>Abbeville<\/strong>, 10h Boulevard Vauban<\/span><\/li>\n<\/ul>\n\n\t\t<div class=\"wppdfemb-frame-container-3\" style=\"-webkit-overflow-scrolling:auto;\">\n\t\t\t<iframe class=\"pdfembed-iframe nonfullscreen wppdf-emb-iframe-3\"\n\t\t\t\tsrc=\"https:\/\/regions-snetap-fsu.fr\/hdf\/?pdfemb-data=eyJ1cmwiOiJodHRwczpcL1wvcmVnaW9ucy1zbmV0YXAtZnN1LmZyXC9oZGZcL3dwLWNvbnRlbnRcL3VwbG9hZHNcL3NpdGVzXC81XC8yMDE5XC8xMlwvQWZmaWNoZV9SZXRyYWl0ZV8xNy0xMi0xOV9ib3hlSC5wZGYiLCJpbmRleCI6MywicGRmSUQiOjM5NDd9\"\n\t\t\t\t\t\t\t\tdata-pdf-id=\"3947\"\n\t\t\t\tdata-pdf-index=\"3\"\n\t\t\t\tstyle=\"border:none;width:100%;max-width:100%;height:100vh;\"\n\t\t\t\tscrolling=\"yes\">\n\t\t\t<\/iframe>\n\t\t<\/div>\n\n\t\t\n<p><a href=\"https:\/\/regions-snetap-fsu.fr\/hdf\/wp-content\/uploads\/sites\/5\/2019\/12\/Affiche_Retraite_17-12-19_boxeH.pdf\" target=\"_blank\" rel=\"noopener noreferrer\"><span style=\"text-decoration: underline;color: #000000\">Lien : Pour t\u00e9l\u00e9charger l&rsquo;affiche du 17 d\u00e9cembre 2019<\/span><\/a><\/p>\n<p style=\"text-align: center\"><span style=\"font-family: tahoma, arial, helvetica, sans-serif;color: #008000\"><strong>Attention,<\/strong><\/span><\/p>\n<p style=\"text-align: center\"><span style=\"font-family: tahoma, arial, helvetica, sans-serif;color: #008000\"><strong>cet article est susceptible d&rsquo;\u00e9voluer au gr\u00e9 des informations,<\/strong><\/span><\/p>\n<p style=\"text-align: center\"><span style=\"font-family: tahoma, arial, helvetica, sans-serif;color: #008000\"><strong>n&rsquo;h\u00e9sitez pas \u00e0 le consulter r\u00e9guli\u00e8rement.<\/strong><\/span><\/p>\n","protected":false},"excerpt":{"rendered":"<p>Retraites, apr\u00e8s le 5, le 10&#8230; le 12 et le 17 toujours plus mobilis\u00e9\u00b7es pour gagner ! Dans un contexte de mobilisations historiques, les annonces du Premier ministre confirment que le gouvernement maintient son choix d\u2019une retraite universelle par points ainsi que son calendrier d\u2019\u00e9laboration d\u2019un projet de loi. Il n\u2019a donc pas pris la [&hellip;]<\/p>\n","protected":false},"author":88,"featured_media":0,"comment_status":"closed","ping_status":"closed","sticky":false,"template":"","format":"standard","meta":{"ocean_post_layout":"","ocean_both_sidebars_style":"","ocean_both_sidebars_content_width":0,"ocean_both_sidebars_sidebars_width":0,"ocean_sidebar":"","ocean_second_sidebar":"","ocean_disable_margins":"enable","ocean_add_body_class":"","ocean_shortcode_before_top_bar":"","ocean_shortcode_after_top_bar":"","ocean_shortcode_before_header":"","ocean_shortcode_after_header":"","ocean_has_shortcode":"","ocean_shortcode_after_title":"","ocean_shortcode_before_footer_widgets":"","ocean_shortcode_after_footer_widgets":"","ocean_shortcode_before_footer_bottom":"","ocean_shortcode_after_footer_bottom":"","ocean_display_top_bar":"default","ocean_display_header":"default","ocean_header_style":"","ocean_center_header_left_menu":"","ocean_custom_header_template":"","ocean_custom_logo":0,"ocean_custom_retina_logo":0,"ocean_custom_logo_max_width":0,"ocean_custom_logo_tablet_max_width":0,"ocean_custom_logo_mobile_max_width":0,"ocean_custom_logo_max_height":0,"ocean_custom_logo_tablet_max_height":0,"ocean_custom_logo_mobile_max_height":0,"ocean_header_custom_menu":"","ocean_menu_typo_font_family":"","ocean_menu_typo_font_subset":"","ocean_menu_typo_font_size":0,"ocean_menu_typo_font_size_tablet":0,"ocean_menu_typo_font_size_mobile":0,"ocean_menu_typo_font_size_unit":"px","ocean_menu_typo_font_weight":"","ocean_menu_typo_font_weight_tablet":"","ocean_menu_typo_font_weight_mobile":"","ocean_menu_typo_transform":"","ocean_menu_typo_transform_tablet":"","ocean_menu_typo_transform_mobile":"","ocean_menu_typo_line_height":0,"ocean_menu_typo_line_height_tablet":0,"ocean_menu_typo_line_height_mobile":0,"ocean_menu_typo_line_height_unit":"","ocean_menu_typo_spacing":0,"ocean_menu_typo_spacing_tablet":0,"ocean_menu_typo_spacing_mobile":0,"ocean_menu_typo_spacing_unit":"","ocean_menu_link_color":"","ocean_menu_link_color_hover":"","ocean_menu_link_color_active":"","ocean_menu_link_background":"","ocean_menu_link_hover_background":"","ocean_menu_link_active_background":"","ocean_menu_social_links_bg":"","ocean_menu_social_hover_links_bg":"","ocean_menu_social_links_color":"","ocean_menu_social_hover_links_color":"","ocean_disable_title":"default","ocean_disable_heading":"default","ocean_post_title":"","ocean_post_subheading":"","ocean_post_title_style":"","ocean_post_title_background_color":"","ocean_post_title_background":0,"ocean_post_title_bg_image_position":"","ocean_post_title_bg_image_attachment":"","ocean_post_title_bg_image_repeat":"","ocean_post_title_bg_image_size":"","ocean_post_title_height":0,"ocean_post_title_bg_overlay":0.5,"ocean_post_title_bg_overlay_color":"","ocean_disable_breadcrumbs":"default","ocean_breadcrumbs_color":"","ocean_breadcrumbs_separator_color":"","ocean_breadcrumbs_links_color":"","ocean_breadcrumbs_links_hover_color":"","ocean_display_footer_widgets":"default","ocean_display_footer_bottom":"default","ocean_custom_footer_template":"","ocean_post_oembed":"","ocean_post_self_hosted_media":"","ocean_post_video_embed":"","ocean_link_format":"","ocean_link_format_target":"self","ocean_quote_format":"","ocean_quote_format_link":"post","ocean_gallery_link_images":"on","ocean_gallery_id":[],"footnotes":""},"categories":[2],"tags":[],"post_folder":[],"class_list":["post-3828","post","type-post","status-publish","format-standard","hentry","category-actions-greves-manifs","entry"],"yoast_head":"<!-- This site is optimized with the Yoast SEO plugin v27.4 - https:\/\/yoast.com\/product\/yoast-seo-wordpress\/ -->\n<title>Retraites, apr\u00e8s le 5, le 10... le 12 et le 17 toujours plus mobilis\u00e9\u00b7es pour gagner ! - HAUTS-DE-FRANCE<\/title>\n<meta name=\"robots\" content=\"index, follow, max-snippet:-1, max-image-preview:large, max-video-preview:-1\" \/>\n<link rel=\"canonical\" href=\"https:\/\/regions-snetap-fsu.fr\/hdf\/2019\/12\/11\/retraites-apres-le-5-le-10-le-12-et-le-17-toujours-plus-mobilise\u00b7es-pour-gagner\/\" \/>\n<meta property=\"og:locale\" content=\"fr_FR\" \/>\n<meta property=\"og:type\" content=\"article\" \/>\n<meta property=\"og:title\" content=\"Retraites, apr\u00e8s le 5, le 10... le 12 et le 17 toujours plus mobilis\u00e9\u00b7es pour gagner ! - HAUTS-DE-FRANCE\" \/>\n<meta property=\"og:description\" content=\"Retraites, apr\u00e8s le 5, le 10&#8230; le 12 et le 17 toujours plus mobilis\u00e9\u00b7es pour gagner ! Dans un contexte de mobilisations historiques, les annonces du Premier ministre confirment que le gouvernement maintient son choix d\u2019une retraite universelle par points ainsi que son calendrier d\u2019\u00e9laboration d\u2019un projet de loi. Il n\u2019a donc pas pris la [&hellip;]\" \/>\n<meta property=\"og:url\" content=\"https:\/\/regions-snetap-fsu.fr\/hdf\/2019\/12\/11\/retraites-apres-le-5-le-10-le-12-et-le-17-toujours-plus-mobilise\u00b7es-pour-gagner\/\" \/>\n<meta property=\"og:site_name\" content=\"HAUTS-DE-FRANCE\" \/>\n<meta property=\"article:published_time\" content=\"2019-12-11T18:04:04+00:00\" \/>\n<meta property=\"article:modified_time\" content=\"2019-12-15T16:13:29+00:00\" \/>\n<meta property=\"og:image\" content=\"https:\/\/regions-snetap-fsu.fr\/hdf\/wp-content\/uploads\/sites\/5\/2019\/12\/Manif_retraite_5_dec_2019_Lille5_R\u00e9mi-Ange_Couzinet_indiquer_si_recadrage-300x200.jpg\" \/>\n<meta name=\"author\" content=\"Regis Martinage\" \/>\n<meta name=\"twitter:card\" content=\"summary_large_image\" \/>\n<meta name=\"twitter:creator\" content=\"@MartinageSnetap\" \/>\n<meta name=\"twitter:site\" content=\"@MartinageSnetap\" \/>\n<meta name=\"twitter:label1\" content=\"\u00c9crit par\" \/>\n\t<meta name=\"twitter:data1\" content=\"Regis Martinage\" \/>\n\t<meta name=\"twitter:label2\" content=\"Dur\u00e9e de lecture estim\u00e9e\" \/>\n\t<meta name=\"twitter:data2\" content=\"3 minutes\" \/>\n<script type=\"application\/ld+json\" class=\"yoast-schema-graph\">{\"@context\":\"https:\\\/\\\/schema.org\",\"@graph\":[{\"@type\":\"Article\",\"@id\":\"https:\\\/\\\/regions-snetap-fsu.fr\\\/hdf\\\/2019\\\/12\\\/11\\\/retraites-apres-le-5-le-10-le-12-et-le-17-toujours-plus-mobilise%c2%b7es-pour-gagner\\\/#article\",\"isPartOf\":{\"@id\":\"https:\\\/\\\/regions-snetap-fsu.fr\\\/hdf\\\/2019\\\/12\\\/11\\\/retraites-apres-le-5-le-10-le-12-et-le-17-toujours-plus-mobilise%c2%b7es-pour-gagner\\\/\"},\"author\":{\"name\":\"Regis Martinage\",\"@id\":\"https:\\\/\\\/regions-snetap-fsu.fr\\\/hdf\\\/#\\\/schema\\\/person\\\/fa09b77e508eb2889a1c2dd6f4cf3149\"},\"headline\":\"Retraites, apr\u00e8s le 5, le 10&#8230; le 12 et le 17 toujours plus mobilis\u00e9\u00b7es pour gagner !\",\"datePublished\":\"2019-12-11T18:04:04+00:00\",\"dateModified\":\"2019-12-15T16:13:29+00:00\",\"mainEntityOfPage\":{\"@id\":\"https:\\\/\\\/regions-snetap-fsu.fr\\\/hdf\\\/2019\\\/12\\\/11\\\/retraites-apres-le-5-le-10-le-12-et-le-17-toujours-plus-mobilise%c2%b7es-pour-gagner\\\/\"},\"wordCount\":526,\"publisher\":{\"@id\":\"https:\\\/\\\/regions-snetap-fsu.fr\\\/hdf\\\/#organization\"},\"articleSection\":[\"Actions - Gr\u00e8ves - Manifs\"],\"inLanguage\":\"fr-FR\"},{\"@type\":\"WebPage\",\"@id\":\"https:\\\/\\\/regions-snetap-fsu.fr\\\/hdf\\\/2019\\\/12\\\/11\\\/retraites-apres-le-5-le-10-le-12-et-le-17-toujours-plus-mobilise%c2%b7es-pour-gagner\\\/\",\"url\":\"https:\\\/\\\/regions-snetap-fsu.fr\\\/hdf\\\/2019\\\/12\\\/11\\\/retraites-apres-le-5-le-10-le-12-et-le-17-toujours-plus-mobilise%c2%b7es-pour-gagner\\\/\",\"name\":\"Retraites, apr\u00e8s le 5, le 10... le 12 et le 17 toujours plus mobilis\u00e9\u00b7es pour gagner ! - HAUTS-DE-FRANCE\",\"isPartOf\":{\"@id\":\"https:\\\/\\\/regions-snetap-fsu.fr\\\/hdf\\\/#website\"},\"datePublished\":\"2019-12-11T18:04:04+00:00\",\"dateModified\":\"2019-12-15T16:13:29+00:00\",\"breadcrumb\":{\"@id\":\"https:\\\/\\\/regions-snetap-fsu.fr\\\/hdf\\\/2019\\\/12\\\/11\\\/retraites-apres-le-5-le-10-le-12-et-le-17-toujours-plus-mobilise%c2%b7es-pour-gagner\\\/#breadcrumb\"},\"inLanguage\":\"fr-FR\",\"potentialAction\":[{\"@type\":\"ReadAction\",\"target\":[\"https:\\\/\\\/regions-snetap-fsu.fr\\\/hdf\\\/2019\\\/12\\\/11\\\/retraites-apres-le-5-le-10-le-12-et-le-17-toujours-plus-mobilise%c2%b7es-pour-gagner\\\/\"]}]},{\"@type\":\"BreadcrumbList\",\"@id\":\"https:\\\/\\\/regions-snetap-fsu.fr\\\/hdf\\\/2019\\\/12\\\/11\\\/retraites-apres-le-5-le-10-le-12-et-le-17-toujours-plus-mobilise%c2%b7es-pour-gagner\\\/#breadcrumb\",\"itemListElement\":[{\"@type\":\"ListItem\",\"position\":1,\"name\":\"Accueil\",\"item\":\"https:\\\/\\\/regions-snetap-fsu.fr\\\/hdf\\\/\"},{\"@type\":\"ListItem\",\"position\":2,\"name\":\"Actions - Gr\u00e8ves - Manifs\",\"item\":\"https:\\\/\\\/regions-snetap-fsu.fr\\\/hdf\\\/category\\\/actions-greves-manifs\\\/\"},{\"@type\":\"ListItem\",\"position\":3,\"name\":\"Retraites, apr\u00e8s le 5, le 10&#8230; le 12 et le 17 toujours plus mobilis\u00e9\u00b7es pour gagner !\"}]},{\"@type\":\"WebSite\",\"@id\":\"https:\\\/\\\/regions-snetap-fsu.fr\\\/hdf\\\/#website\",\"url\":\"https:\\\/\\\/regions-snetap-fsu.fr\\\/hdf\\\/\",\"name\":\"HAUTS-DE-FRANCE\",\"description\":\"Section r\u00e9gionale\",\"publisher\":{\"@id\":\"https:\\\/\\\/regions-snetap-fsu.fr\\\/hdf\\\/#organization\"},\"potentialAction\":[{\"@type\":\"SearchAction\",\"target\":{\"@type\":\"EntryPoint\",\"urlTemplate\":\"https:\\\/\\\/regions-snetap-fsu.fr\\\/hdf\\\/?s={search_term_string}\"},\"query-input\":{\"@type\":\"PropertyValueSpecification\",\"valueRequired\":true,\"valueName\":\"search_term_string\"}}],\"inLanguage\":\"fr-FR\"},{\"@type\":\"Organization\",\"@id\":\"https:\\\/\\\/regions-snetap-fsu.fr\\\/hdf\\\/#organization\",\"name\":\"SNETAP-FSU - HAUTS-DE-FRANCE\",\"url\":\"https:\\\/\\\/regions-snetap-fsu.fr\\\/hdf\\\/\",\"logo\":{\"@type\":\"ImageObject\",\"inLanguage\":\"fr-FR\",\"@id\":\"https:\\\/\\\/regions-snetap-fsu.fr\\\/hdf\\\/#\\\/schema\\\/logo\\\/image\\\/\",\"url\":\"https:\\\/\\\/regions-snetap-fsu.fr\\\/hdf\\\/wp-content\\\/uploads\\\/sites\\\/5\\\/2020\\\/12\\\/SNETAP-Logo.jpg\",\"contentUrl\":\"https:\\\/\\\/regions-snetap-fsu.fr\\\/hdf\\\/wp-content\\\/uploads\\\/sites\\\/5\\\/2020\\\/12\\\/SNETAP-Logo.jpg\",\"width\":464,\"height\":334,\"caption\":\"SNETAP-FSU - HAUTS-DE-FRANCE\"},\"image\":{\"@id\":\"https:\\\/\\\/regions-snetap-fsu.fr\\\/hdf\\\/#\\\/schema\\\/logo\\\/image\\\/\"},\"sameAs\":[\"https:\\\/\\\/x.com\\\/MartinageSnetap\"]},{\"@type\":\"Person\",\"@id\":\"https:\\\/\\\/regions-snetap-fsu.fr\\\/hdf\\\/#\\\/schema\\\/person\\\/fa09b77e508eb2889a1c2dd6f4cf3149\",\"name\":\"Regis Martinage\",\"image\":{\"@type\":\"ImageObject\",\"inLanguage\":\"fr-FR\",\"@id\":\"https:\\\/\\\/secure.gravatar.com\\\/avatar\\\/7ae2aaabfe5b8d5c7b9361e91002ca9ec93c38c63c9a1d06ae19f03a5dc70dd7?s=96&d=mm&r=g\",\"url\":\"https:\\\/\\\/secure.gravatar.com\\\/avatar\\\/7ae2aaabfe5b8d5c7b9361e91002ca9ec93c38c63c9a1d06ae19f03a5dc70dd7?s=96&d=mm&r=g\",\"contentUrl\":\"https:\\\/\\\/secure.gravatar.com\\\/avatar\\\/7ae2aaabfe5b8d5c7b9361e91002ca9ec93c38c63c9a1d06ae19f03a5dc70dd7?s=96&d=mm&r=g\",\"caption\":\"Regis Martinage\"},\"url\":\"https:\\\/\\\/regions-snetap-fsu.fr\\\/hdf\\\/author\\\/r-martinage\\\/\"}]}<\/script>\n<!-- \/ Yoast SEO plugin. -->","yoast_head_json":{"title":"Retraites, apr\u00e8s le 5, le 10... le 12 et le 17 toujours plus mobilis\u00e9\u00b7es pour gagner ! - HAUTS-DE-FRANCE","robots":{"index":"index","follow":"follow","max-snippet":"max-snippet:-1","max-image-preview":"max-image-preview:large","max-video-preview":"max-video-preview:-1"},"canonical":"https:\/\/regions-snetap-fsu.fr\/hdf\/2019\/12\/11\/retraites-apres-le-5-le-10-le-12-et-le-17-toujours-plus-mobilise\u00b7es-pour-gagner\/","og_locale":"fr_FR","og_type":"article","og_title":"Retraites, apr\u00e8s le 5, le 10... le 12 et le 17 toujours plus mobilis\u00e9\u00b7es pour gagner ! - HAUTS-DE-FRANCE","og_description":"Retraites, apr\u00e8s le 5, le 10&#8230; le 12 et le 17 toujours plus mobilis\u00e9\u00b7es pour gagner ! Dans un contexte de mobilisations historiques, les annonces du Premier ministre confirment que le gouvernement maintient son choix d\u2019une retraite universelle par points ainsi que son calendrier d\u2019\u00e9laboration d\u2019un projet de loi. Il n\u2019a donc pas pris la [&hellip;]","og_url":"https:\/\/regions-snetap-fsu.fr\/hdf\/2019\/12\/11\/retraites-apres-le-5-le-10-le-12-et-le-17-toujours-plus-mobilise\u00b7es-pour-gagner\/","og_site_name":"HAUTS-DE-FRANCE","article_published_time":"2019-12-11T18:04:04+00:00","article_modified_time":"2019-12-15T16:13:29+00:00","og_image":[{"url":"https:\/\/regions-snetap-fsu.fr\/hdf\/wp-content\/uploads\/sites\/5\/2019\/12\/Manif_retraite_5_dec_2019_Lille5_R\u00e9mi-Ange_Couzinet_indiquer_si_recadrage-300x200.jpg","type":"","width":"","height":""}],"author":"Regis Martinage","twitter_card":"summary_large_image","twitter_creator":"@MartinageSnetap","twitter_site":"@MartinageSnetap","twitter_misc":{"\u00c9crit par":"Regis Martinage","Dur\u00e9e de lecture estim\u00e9e":"3 minutes"},"schema":{"@context":"https:\/\/schema.org","@graph":[{"@type":"Article","@id":"https:\/\/regions-snetap-fsu.fr\/hdf\/2019\/12\/11\/retraites-apres-le-5-le-10-le-12-et-le-17-toujours-plus-mobilise%c2%b7es-pour-gagner\/#article","isPartOf":{"@id":"https:\/\/regions-snetap-fsu.fr\/hdf\/2019\/12\/11\/retraites-apres-le-5-le-10-le-12-et-le-17-toujours-plus-mobilise%c2%b7es-pour-gagner\/"},"author":{"name":"Regis Martinage","@id":"https:\/\/regions-snetap-fsu.fr\/hdf\/#\/schema\/person\/fa09b77e508eb2889a1c2dd6f4cf3149"},"headline":"Retraites, apr\u00e8s le 5, le 10&#8230; le 12 et le 17 toujours plus mobilis\u00e9\u00b7es pour gagner !","datePublished":"2019-12-11T18:04:04+00:00","dateModified":"2019-12-15T16:13:29+00:00","mainEntityOfPage":{"@id":"https:\/\/regions-snetap-fsu.fr\/hdf\/2019\/12\/11\/retraites-apres-le-5-le-10-le-12-et-le-17-toujours-plus-mobilise%c2%b7es-pour-gagner\/"},"wordCount":526,"publisher":{"@id":"https:\/\/regions-snetap-fsu.fr\/hdf\/#organization"},"articleSection":["Actions - Gr\u00e8ves - Manifs"],"inLanguage":"fr-FR"},{"@type":"WebPage","@id":"https:\/\/regions-snetap-fsu.fr\/hdf\/2019\/12\/11\/retraites-apres-le-5-le-10-le-12-et-le-17-toujours-plus-mobilise%c2%b7es-pour-gagner\/","url":"https:\/\/regions-snetap-fsu.fr\/hdf\/2019\/12\/11\/retraites-apres-le-5-le-10-le-12-et-le-17-toujours-plus-mobilise%c2%b7es-pour-gagner\/","name":"Retraites, apr\u00e8s le 5, le 10... le 12 et le 17 toujours plus mobilis\u00e9\u00b7es pour gagner ! - HAUTS-DE-FRANCE","isPartOf":{"@id":"https:\/\/regions-snetap-fsu.fr\/hdf\/#website"},"datePublished":"2019-12-11T18:04:04+00:00","dateModified":"2019-12-15T16:13:29+00:00","breadcrumb":{"@id":"https:\/\/regions-snetap-fsu.fr\/hdf\/2019\/12\/11\/retraites-apres-le-5-le-10-le-12-et-le-17-toujours-plus-mobilise%c2%b7es-pour-gagner\/#breadcrumb"},"inLanguage":"fr-FR","potentialAction":[{"@type":"ReadAction","target":["https:\/\/regions-snetap-fsu.fr\/hdf\/2019\/12\/11\/retraites-apres-le-5-le-10-le-12-et-le-17-toujours-plus-mobilise%c2%b7es-pour-gagner\/"]}]},{"@type":"BreadcrumbList","@id":"https:\/\/regions-snetap-fsu.fr\/hdf\/2019\/12\/11\/retraites-apres-le-5-le-10-le-12-et-le-17-toujours-plus-mobilise%c2%b7es-pour-gagner\/#breadcrumb","itemListElement":[{"@type":"ListItem","position":1,"name":"Accueil","item":"https:\/\/regions-snetap-fsu.fr\/hdf\/"},{"@type":"ListItem","position":2,"name":"Actions - Gr\u00e8ves - Manifs","item":"https:\/\/regions-snetap-fsu.fr\/hdf\/category\/actions-greves-manifs\/"},{"@type":"ListItem","position":3,"name":"Retraites, apr\u00e8s le 5, le 10&#8230; le 12 et le 17 toujours plus mobilis\u00e9\u00b7es pour gagner !"}]},{"@type":"WebSite","@id":"https:\/\/regions-snetap-fsu.fr\/hdf\/#website","url":"https:\/\/regions-snetap-fsu.fr\/hdf\/","name":"HAUTS-DE-FRANCE","description":"Section r\u00e9gionale","publisher":{"@id":"https:\/\/regions-snetap-fsu.fr\/hdf\/#organization"},"potentialAction":[{"@type":"SearchAction","target":{"@type":"EntryPoint","urlTemplate":"https:\/\/regions-snetap-fsu.fr\/hdf\/?s={search_term_string}"},"query-input":{"@type":"PropertyValueSpecification","valueRequired":true,"valueName":"search_term_string"}}],"inLanguage":"fr-FR"},{"@type":"Organization","@id":"https:\/\/regions-snetap-fsu.fr\/hdf\/#organization","name":"SNETAP-FSU - HAUTS-DE-FRANCE","url":"https:\/\/regions-snetap-fsu.fr\/hdf\/","logo":{"@type":"ImageObject","inLanguage":"fr-FR","@id":"https:\/\/regions-snetap-fsu.fr\/hdf\/#\/schema\/logo\/image\/","url":"https:\/\/regions-snetap-fsu.fr\/hdf\/wp-content\/uploads\/sites\/5\/2020\/12\/SNETAP-Logo.jpg","contentUrl":"https:\/\/regions-snetap-fsu.fr\/hdf\/wp-content\/uploads\/sites\/5\/2020\/12\/SNETAP-Logo.jpg","width":464,"height":334,"caption":"SNETAP-FSU - HAUTS-DE-FRANCE"},"image":{"@id":"https:\/\/regions-snetap-fsu.fr\/hdf\/#\/schema\/logo\/image\/"},"sameAs":["https:\/\/x.com\/MartinageSnetap"]},{"@type":"Person","@id":"https:\/\/regions-snetap-fsu.fr\/hdf\/#\/schema\/person\/fa09b77e508eb2889a1c2dd6f4cf3149","name":"Regis Martinage","image":{"@type":"ImageObject","inLanguage":"fr-FR","@id":"https:\/\/secure.gravatar.com\/avatar\/7ae2aaabfe5b8d5c7b9361e91002ca9ec93c38c63c9a1d06ae19f03a5dc70dd7?s=96&d=mm&r=g","url":"https:\/\/secure.gravatar.com\/avatar\/7ae2aaabfe5b8d5c7b9361e91002ca9ec93c38c63c9a1d06ae19f03a5dc70dd7?s=96&d=mm&r=g","contentUrl":"https:\/\/secure.gravatar.com\/avatar\/7ae2aaabfe5b8d5c7b9361e91002ca9ec93c38c63c9a1d06ae19f03a5dc70dd7?s=96&d=mm&r=g","caption":"Regis Martinage"},"url":"https:\/\/regions-snetap-fsu.fr\/hdf\/author\/r-martinage\/"}]}},"_links":{"self":[{"href":"https:\/\/regions-snetap-fsu.fr\/hdf\/wp-json\/wp\/v2\/posts\/3828","targetHints":{"allow":["GET"]}}],"collection":[{"href":"https:\/\/regions-snetap-fsu.fr\/hdf\/wp-json\/wp\/v2\/posts"}],"about":[{"href":"https:\/\/regions-snetap-fsu.fr\/hdf\/wp-json\/wp\/v2\/types\/post"}],"author":[{"embeddable":true,"href":"https:\/\/regions-snetap-fsu.fr\/hdf\/wp-json\/wp\/v2\/users\/88"}],"replies":[{"embeddable":true,"href":"https:\/\/regions-snetap-fsu.fr\/hdf\/wp-json\/wp\/v2\/comments?post=3828"}],"version-history":[{"count":30,"href":"https:\/\/regions-snetap-fsu.fr\/hdf\/wp-json\/wp\/v2\/posts\/3828\/revisions"}],"predecessor-version":[{"id":3948,"href":"https:\/\/regions-snetap-fsu.fr\/hdf\/wp-json\/wp\/v2\/posts\/3828\/revisions\/3948"}],"wp:attachment":[{"href":"https:\/\/regions-snetap-fsu.fr\/hdf\/wp-json\/wp\/v2\/media?parent=3828"}],"wp:term":[{"taxonomy":"category","embeddable":true,"href":"https:\/\/regions-snetap-fsu.fr\/hdf\/wp-json\/wp\/v2\/categories?post=3828"},{"taxonomy":"post_tag","embeddable":true,"href":"https:\/\/regions-snetap-fsu.fr\/hdf\/wp-json\/wp\/v2\/tags?post=3828"},{"taxonomy":"post_folder","embeddable":true,"href":"https:\/\/regions-snetap-fsu.fr\/hdf\/wp-json\/wp\/v2\/post_folder?post=3828"}],"curies":[{"name":"wp","href":"https:\/\/api.w.org\/{rel}","templated":true}]}}