{"id":3800,"date":"2019-12-12T16:21:47","date_gmt":"2019-12-12T15:21:47","guid":{"rendered":"https:\/\/regions-snetap-fsu.fr\/hdf\/?p=3800"},"modified":"2019-12-18T18:34:56","modified_gmt":"2019-12-18T17:34:56","slug":"mepris-de-la-draaf-srfd-des-hauts-de-france-denonce-a-la-dger","status":"publish","type":"post","link":"https:\/\/regions-snetap-fsu.fr\/hdf\/2019\/12\/12\/mepris-de-la-draaf-srfd-des-hauts-de-france-denonce-a-la-dger\/","title":{"rendered":"M\u00e9pris de la DRAAF-SRFD des Hauts-de-France d\u00e9nonc\u00e9 \u00e0 la DGER"},"content":{"rendered":"<h2 style=\"text-align: center\"><span style=\"color: #ff0000\">Le SNETAP-FSU des Hauts-de-France d\u00e9nonce l&rsquo;attitude de notre\u00a0 DRAAF-SRFD aupr\u00e8s de la DGER<\/span><\/h2>\n<blockquote>\n<div style=\"text-align: justify\"><span style=\"font-family: tahoma, arial, helvetica, sans-serif;color: #0000ff\">Apr\u00e8s deux ans de pseudo-dialogue de la part d&rsquo;une DRAAF-SRFD sourde, celle-ci continue \u00e0 mettre en place sa strat\u00e9gie de casse de l&rsquo;enseignement agricole public. Et comme elle prend soin de montrer \u00e0 la DGER que sa politique de r\u00e9duction de moyens est partag\u00e9e par les agent\u00b7es et les organisations syndicales, le SNETAP-FSU des Hauts-de-France a pris la d\u00e9cision de \u00ab\u00a0d\u00e9gager la poussi\u00e8re sous le tapis\u00a0\u00bb !<\/span><\/div>\n<div style=\"text-align: justify\"><span style=\"font-family: tahoma, arial, helvetica, sans-serif;color: #0000ff\">La DRAAF-SRFD oublie que souvent, y compris en organisant une manifestation devant la DRAAF, c&rsquo;est le SNETAP des Hauts-de-France qui a du batailler pour obtenir des r\u00e9unions et donc des explications de la DRAAF-SRFD. Les politiques ne sont m\u00eame plus d\u00e9battues dans les instances, elles sont pr\u00e9sent\u00e9es &#8230;<\/span><\/div>\n<\/blockquote>\n<p><!--more--><\/p>\n<p><span style=\"font-family: tahoma, arial, helvetica, sans-serif;color: #0000ff\">Ci-dessous, le courriel envoy\u00e9 au directeur g\u00e9n\u00e9ral :<\/span><\/p>\n<div style=\"text-align: justify\" align=\"left\"><span style=\"color: #000000;font-family: tahoma, arial, helvetica, sans-serif\">\u00ab\u00a0Monsieur le Directeur G\u00e9n\u00e9ral,<\/span><\/div>\n<div style=\"text-align: justify\" align=\"left\"><span style=\"color: #000000;font-family: tahoma, arial, helvetica, sans-serif\">Il semble que la DRAAF des Hauts de France soit montr\u00e9e en exemple, depuis quelque temps, dans les instances nationales. Je me permets de vous joindre quelques d\u00e9clarations du SNETAP et de l\u2019intersyndicale lors des diff\u00e9rents CTREA et CREA.<\/span><\/div>\n<div style=\"text-align: justify\" align=\"left\"><span style=\"color: #000000;font-family: tahoma, arial, helvetica, sans-serif\">Depuis au moins deux ans, nous demandons \u00e0 la DRAAF de nous \u00e9couter, sans r\u00e9sultats, nous quittons r\u00e9guli\u00e8rement les r\u00e9unions suite \u00e0 l\u2019absence de dialogue et nous sommes r\u00e9guli\u00e8rement mis devant le fait accompli de r\u00e9forme en dehors de tous projets d\u2019\u00e9tablissement ou PREA.<\/span><\/div>\n<div style=\"text-align: justify\" align=\"left\"><span style=\"color: #000000;font-family: tahoma, arial, helvetica, sans-serif\">Je ne pense pas que nous sommes face \u00e0 un dialogue exemplaire\u2026<\/span><\/div>\n<div style=\"text-align: justify\" align=\"left\"><span style=\"color: #000000;font-family: tahoma, arial, helvetica, sans-serif\">Il y a souvent une grande distorsion entre la vision parisienne et la r\u00e9alit\u00e9 locale, j\u2019esp\u00e8re que ce courriel vous alertera sur le niveau du dialogue social dans les Hauts de France.<\/span><\/div>\n<div style=\"text-align: justify\" align=\"left\"><span style=\"color: #000000;font-family: tahoma, arial, helvetica, sans-serif\">Je vous prie d\u2019agr\u00e9er, Monsieur le directeur g\u00e9n\u00e9ral, l\u2019expression de mes sinc\u00e8res salutations.<\/span><\/div>\n<div style=\"text-align: justify\" align=\"left\"><span style=\"font-family: tahoma, arial, helvetica, sans-serif;color: #000000\">Le co-secr\u00e9taire r\u00e9gional SNETAP-FSU des Hauts-de-France.\u00a0\u00bb<\/span><\/div>\n<div align=\"left\">.<\/div>\n<div align=\"left\"><span style=\"font-family: tahoma, arial, helvetica, sans-serif;color: #0000ff\">Ci-dessous, la r\u00e9ponse du directeur g\u00e9n\u00e9ral avec en copie le directeur de la DRAAF des Hauts-de-France :<\/span><\/div>\n<div align=\"left\">\n<div style=\"text-align: justify\" align=\"left\"><span style=\"color: #000000;font-family: tahoma, arial, helvetica, sans-serif\"> \u00ab\u00a0Monsieur, <\/span><\/div>\n<p><span style=\"color: #000000;font-family: tahoma, arial, helvetica, sans-serif\">je vous remercie pour votre message.<\/span><\/p>\n<p><span style=\"color: #000000;font-family: tahoma, arial, helvetica, sans-serif\">Chaque situation r\u00e9gionale est particuli\u00e8re et je fais confiance \u00e0 chacun des DRAAF pour conduire au mieux le <span id=\"DWT909\" class=\"ZmSearchResult\">dialogue<\/span> <span id=\"DWT911\" class=\"ZmSearchResult\">social<\/span> qui est indispensable pour que l&rsquo;enseignement agricole r\u00e9ponde toujours mieux aux besoins des jeunes et de la soci\u00e9t\u00e9. <\/span><\/p>\n<p><span style=\"color: #000000;font-family: tahoma, arial, helvetica, sans-serif\">Je tiens \u00e0 vous assurer que pour ma part, j&rsquo;y suis particuli\u00e8rement attentif.<\/span><\/p>\n<p><span style=\"color: #000000;font-family: tahoma, arial, helvetica, sans-serif\">Bien cordialement \u00e0 vous,\u00a0\u00bb<\/span><\/p>\n<h3 style=\"text-align: center\"><span style=\"color: #ff0000;font-size: 18pt\"><span style=\"font-family: Old Stamper\">FIN DE NON RECEVOIR<\/span><\/span><\/h3>\n<\/div>\n","protected":false},"excerpt":{"rendered":"<p>Le SNETAP-FSU des Hauts-de-France d\u00e9nonce l&rsquo;attitude de notre\u00a0 DRAAF-SRFD aupr\u00e8s de la DGER Apr\u00e8s deux ans de pseudo-dialogue de la part d&rsquo;une DRAAF-SRFD sourde, celle-ci continue \u00e0 mettre en place sa strat\u00e9gie de casse de l&rsquo;enseignement agricole public. Et comme elle prend soin de montrer \u00e0 la DGER que sa politique de r\u00e9duction de moyens [&hellip;]<\/p>\n","protected":false},"author":88,"featured_media":0,"comment_status":"closed","ping_status":"closed","sticky":false,"template":"","format":"standard","meta":{"ocean_post_layout":"","ocean_both_sidebars_style":"","ocean_both_sidebars_content_width":0,"ocean_both_sidebars_sidebars_width":0,"ocean_sidebar":"","ocean_second_sidebar":"","ocean_disable_margins":"enable","ocean_add_body_class":"","ocean_shortcode_before_top_bar":"","ocean_shortcode_after_top_bar":"","ocean_shortcode_before_header":"","ocean_shortcode_after_header":"","ocean_has_shortcode":"","ocean_shortcode_after_title":"","ocean_shortcode_before_footer_widgets":"","ocean_shortcode_after_footer_widgets":"","ocean_shortcode_before_footer_bottom":"","ocean_shortcode_after_footer_bottom":"","ocean_display_top_bar":"default","ocean_display_header":"default","ocean_header_style":"","ocean_center_header_left_menu":"","ocean_custom_header_template":"","ocean_custom_logo":0,"ocean_custom_retina_logo":0,"ocean_custom_logo_max_width":0,"ocean_custom_logo_tablet_max_width":0,"ocean_custom_logo_mobile_max_width":0,"ocean_custom_logo_max_height":0,"ocean_custom_logo_tablet_max_height":0,"ocean_custom_logo_mobile_max_height":0,"ocean_header_custom_menu":"","ocean_menu_typo_font_family":"","ocean_menu_typo_font_subset":"","ocean_menu_typo_font_size":0,"ocean_menu_typo_font_size_tablet":0,"ocean_menu_typo_font_size_mobile":0,"ocean_menu_typo_font_size_unit":"px","ocean_menu_typo_font_weight":"","ocean_menu_typo_font_weight_tablet":"","ocean_menu_typo_font_weight_mobile":"","ocean_menu_typo_transform":"","ocean_menu_typo_transform_tablet":"","ocean_menu_typo_transform_mobile":"","ocean_menu_typo_line_height":0,"ocean_menu_typo_line_height_tablet":0,"ocean_menu_typo_line_height_mobile":0,"ocean_menu_typo_line_height_unit":"","ocean_menu_typo_spacing":0,"ocean_menu_typo_spacing_tablet":0,"ocean_menu_typo_spacing_mobile":0,"ocean_menu_typo_spacing_unit":"","ocean_menu_link_color":"","ocean_menu_link_color_hover":"","ocean_menu_link_color_active":"","ocean_menu_link_background":"","ocean_menu_link_hover_background":"","ocean_menu_link_active_background":"","ocean_menu_social_links_bg":"","ocean_menu_social_hover_links_bg":"","ocean_menu_social_links_color":"","ocean_menu_social_hover_links_color":"","ocean_disable_title":"default","ocean_disable_heading":"default","ocean_post_title":"","ocean_post_subheading":"","ocean_post_title_style":"","ocean_post_title_background_color":"","ocean_post_title_background":0,"ocean_post_title_bg_image_position":"","ocean_post_title_bg_image_attachment":"","ocean_post_title_bg_image_repeat":"","ocean_post_title_bg_image_size":"","ocean_post_title_height":0,"ocean_post_title_bg_overlay":0.5,"ocean_post_title_bg_overlay_color":"","ocean_disable_breadcrumbs":"default","ocean_breadcrumbs_color":"","ocean_breadcrumbs_separator_color":"","ocean_breadcrumbs_links_color":"","ocean_breadcrumbs_links_hover_color":"","ocean_display_footer_widgets":"default","ocean_display_footer_bottom":"default","ocean_custom_footer_template":"","ocean_post_oembed":"","ocean_post_self_hosted_media":"","ocean_post_video_embed":"","ocean_link_format":"","ocean_link_format_target":"self","ocean_quote_format":"","ocean_quote_format_link":"post","ocean_gallery_link_images":"on","ocean_gallery_id":[],"footnotes":""},"categories":[13],"tags":[],"post_folder":[],"class_list":["post-3800","post","type-post","status-publish","format-standard","hentry","category-communiques","entry"],"yoast_head":"<!-- This site is optimized with the Yoast SEO plugin v27.4 - https:\/\/yoast.com\/product\/yoast-seo-wordpress\/ -->\n<title>M\u00e9pris de la DRAAF-SRFD des Hauts-de-France d\u00e9nonc\u00e9 \u00e0 la DGER - HAUTS-DE-FRANCE<\/title>\n<meta name=\"robots\" content=\"index, follow, max-snippet:-1, max-image-preview:large, max-video-preview:-1\" \/>\n<link rel=\"canonical\" href=\"https:\/\/regions-snetap-fsu.fr\/hdf\/2019\/12\/12\/mepris-de-la-draaf-srfd-des-hauts-de-france-denonce-a-la-dger\/\" \/>\n<meta property=\"og:locale\" content=\"fr_FR\" \/>\n<meta property=\"og:type\" content=\"article\" \/>\n<meta property=\"og:title\" content=\"M\u00e9pris de la DRAAF-SRFD des Hauts-de-France d\u00e9nonc\u00e9 \u00e0 la DGER - HAUTS-DE-FRANCE\" \/>\n<meta property=\"og:description\" content=\"Le SNETAP-FSU des Hauts-de-France d\u00e9nonce l&rsquo;attitude de notre\u00a0 DRAAF-SRFD aupr\u00e8s de la DGER Apr\u00e8s deux ans de pseudo-dialogue de la part d&rsquo;une DRAAF-SRFD sourde, celle-ci continue \u00e0 mettre en place sa strat\u00e9gie de casse de l&rsquo;enseignement agricole public. Et comme elle prend soin de montrer \u00e0 la DGER que sa politique de r\u00e9duction de moyens [&hellip;]\" \/>\n<meta property=\"og:url\" content=\"https:\/\/regions-snetap-fsu.fr\/hdf\/2019\/12\/12\/mepris-de-la-draaf-srfd-des-hauts-de-france-denonce-a-la-dger\/\" \/>\n<meta property=\"og:site_name\" content=\"HAUTS-DE-FRANCE\" \/>\n<meta property=\"article:published_time\" content=\"2019-12-12T15:21:47+00:00\" \/>\n<meta property=\"article:modified_time\" content=\"2019-12-18T17:34:56+00:00\" \/>\n<meta name=\"author\" content=\"Regis Martinage\" \/>\n<meta name=\"twitter:card\" content=\"summary_large_image\" \/>\n<meta name=\"twitter:creator\" content=\"@MartinageSnetap\" \/>\n<meta name=\"twitter:site\" content=\"@MartinageSnetap\" \/>\n<meta name=\"twitter:label1\" content=\"\u00c9crit par\" \/>\n\t<meta name=\"twitter:data1\" content=\"Regis Martinage\" \/>\n\t<meta name=\"twitter:label2\" content=\"Dur\u00e9e de lecture estim\u00e9e\" \/>\n\t<meta name=\"twitter:data2\" content=\"2 minutes\" \/>\n<script type=\"application\/ld+json\" class=\"yoast-schema-graph\">{\"@context\":\"https:\\\/\\\/schema.org\",\"@graph\":[{\"@type\":\"Article\",\"@id\":\"https:\\\/\\\/regions-snetap-fsu.fr\\\/hdf\\\/2019\\\/12\\\/12\\\/mepris-de-la-draaf-srfd-des-hauts-de-france-denonce-a-la-dger\\\/#article\",\"isPartOf\":{\"@id\":\"https:\\\/\\\/regions-snetap-fsu.fr\\\/hdf\\\/2019\\\/12\\\/12\\\/mepris-de-la-draaf-srfd-des-hauts-de-france-denonce-a-la-dger\\\/\"},\"author\":{\"name\":\"Regis Martinage\",\"@id\":\"https:\\\/\\\/regions-snetap-fsu.fr\\\/hdf\\\/#\\\/schema\\\/person\\\/fa09b77e508eb2889a1c2dd6f4cf3149\"},\"headline\":\"M\u00e9pris de la DRAAF-SRFD des Hauts-de-France d\u00e9nonc\u00e9 \u00e0 la DGER\",\"datePublished\":\"2019-12-12T15:21:47+00:00\",\"dateModified\":\"2019-12-18T17:34:56+00:00\",\"mainEntityOfPage\":{\"@id\":\"https:\\\/\\\/regions-snetap-fsu.fr\\\/hdf\\\/2019\\\/12\\\/12\\\/mepris-de-la-draaf-srfd-des-hauts-de-france-denonce-a-la-dger\\\/\"},\"wordCount\":425,\"publisher\":{\"@id\":\"https:\\\/\\\/regions-snetap-fsu.fr\\\/hdf\\\/#organization\"},\"articleSection\":[\"Communiqu\u00e9s\"],\"inLanguage\":\"fr-FR\"},{\"@type\":\"WebPage\",\"@id\":\"https:\\\/\\\/regions-snetap-fsu.fr\\\/hdf\\\/2019\\\/12\\\/12\\\/mepris-de-la-draaf-srfd-des-hauts-de-france-denonce-a-la-dger\\\/\",\"url\":\"https:\\\/\\\/regions-snetap-fsu.fr\\\/hdf\\\/2019\\\/12\\\/12\\\/mepris-de-la-draaf-srfd-des-hauts-de-france-denonce-a-la-dger\\\/\",\"name\":\"M\u00e9pris de la DRAAF-SRFD des Hauts-de-France d\u00e9nonc\u00e9 \u00e0 la DGER - HAUTS-DE-FRANCE\",\"isPartOf\":{\"@id\":\"https:\\\/\\\/regions-snetap-fsu.fr\\\/hdf\\\/#website\"},\"datePublished\":\"2019-12-12T15:21:47+00:00\",\"dateModified\":\"2019-12-18T17:34:56+00:00\",\"breadcrumb\":{\"@id\":\"https:\\\/\\\/regions-snetap-fsu.fr\\\/hdf\\\/2019\\\/12\\\/12\\\/mepris-de-la-draaf-srfd-des-hauts-de-france-denonce-a-la-dger\\\/#breadcrumb\"},\"inLanguage\":\"fr-FR\",\"potentialAction\":[{\"@type\":\"ReadAction\",\"target\":[\"https:\\\/\\\/regions-snetap-fsu.fr\\\/hdf\\\/2019\\\/12\\\/12\\\/mepris-de-la-draaf-srfd-des-hauts-de-france-denonce-a-la-dger\\\/\"]}]},{\"@type\":\"BreadcrumbList\",\"@id\":\"https:\\\/\\\/regions-snetap-fsu.fr\\\/hdf\\\/2019\\\/12\\\/12\\\/mepris-de-la-draaf-srfd-des-hauts-de-france-denonce-a-la-dger\\\/#breadcrumb\",\"itemListElement\":[{\"@type\":\"ListItem\",\"position\":1,\"name\":\"Accueil\",\"item\":\"https:\\\/\\\/regions-snetap-fsu.fr\\\/hdf\\\/\"},{\"@type\":\"ListItem\",\"position\":2,\"name\":\"Communiqu\u00e9s\",\"item\":\"https:\\\/\\\/regions-snetap-fsu.fr\\\/hdf\\\/category\\\/communiques\\\/\"},{\"@type\":\"ListItem\",\"position\":3,\"name\":\"M\u00e9pris de la DRAAF-SRFD des Hauts-de-France d\u00e9nonc\u00e9 \u00e0 la DGER\"}]},{\"@type\":\"WebSite\",\"@id\":\"https:\\\/\\\/regions-snetap-fsu.fr\\\/hdf\\\/#website\",\"url\":\"https:\\\/\\\/regions-snetap-fsu.fr\\\/hdf\\\/\",\"name\":\"HAUTS-DE-FRANCE\",\"description\":\"Section r\u00e9gionale\",\"publisher\":{\"@id\":\"https:\\\/\\\/regions-snetap-fsu.fr\\\/hdf\\\/#organization\"},\"potentialAction\":[{\"@type\":\"SearchAction\",\"target\":{\"@type\":\"EntryPoint\",\"urlTemplate\":\"https:\\\/\\\/regions-snetap-fsu.fr\\\/hdf\\\/?s={search_term_string}\"},\"query-input\":{\"@type\":\"PropertyValueSpecification\",\"valueRequired\":true,\"valueName\":\"search_term_string\"}}],\"inLanguage\":\"fr-FR\"},{\"@type\":\"Organization\",\"@id\":\"https:\\\/\\\/regions-snetap-fsu.fr\\\/hdf\\\/#organization\",\"name\":\"SNETAP-FSU - HAUTS-DE-FRANCE\",\"url\":\"https:\\\/\\\/regions-snetap-fsu.fr\\\/hdf\\\/\",\"logo\":{\"@type\":\"ImageObject\",\"inLanguage\":\"fr-FR\",\"@id\":\"https:\\\/\\\/regions-snetap-fsu.fr\\\/hdf\\\/#\\\/schema\\\/logo\\\/image\\\/\",\"url\":\"https:\\\/\\\/regions-snetap-fsu.fr\\\/hdf\\\/wp-content\\\/uploads\\\/sites\\\/5\\\/2020\\\/12\\\/SNETAP-Logo.jpg\",\"contentUrl\":\"https:\\\/\\\/regions-snetap-fsu.fr\\\/hdf\\\/wp-content\\\/uploads\\\/sites\\\/5\\\/2020\\\/12\\\/SNETAP-Logo.jpg\",\"width\":464,\"height\":334,\"caption\":\"SNETAP-FSU - HAUTS-DE-FRANCE\"},\"image\":{\"@id\":\"https:\\\/\\\/regions-snetap-fsu.fr\\\/hdf\\\/#\\\/schema\\\/logo\\\/image\\\/\"},\"sameAs\":[\"https:\\\/\\\/x.com\\\/MartinageSnetap\"]},{\"@type\":\"Person\",\"@id\":\"https:\\\/\\\/regions-snetap-fsu.fr\\\/hdf\\\/#\\\/schema\\\/person\\\/fa09b77e508eb2889a1c2dd6f4cf3149\",\"name\":\"Regis Martinage\",\"image\":{\"@type\":\"ImageObject\",\"inLanguage\":\"fr-FR\",\"@id\":\"https:\\\/\\\/secure.gravatar.com\\\/avatar\\\/7ae2aaabfe5b8d5c7b9361e91002ca9ec93c38c63c9a1d06ae19f03a5dc70dd7?s=96&d=mm&r=g\",\"url\":\"https:\\\/\\\/secure.gravatar.com\\\/avatar\\\/7ae2aaabfe5b8d5c7b9361e91002ca9ec93c38c63c9a1d06ae19f03a5dc70dd7?s=96&d=mm&r=g\",\"contentUrl\":\"https:\\\/\\\/secure.gravatar.com\\\/avatar\\\/7ae2aaabfe5b8d5c7b9361e91002ca9ec93c38c63c9a1d06ae19f03a5dc70dd7?s=96&d=mm&r=g\",\"caption\":\"Regis Martinage\"},\"url\":\"https:\\\/\\\/regions-snetap-fsu.fr\\\/hdf\\\/author\\\/r-martinage\\\/\"}]}<\/script>\n<!-- \/ Yoast SEO plugin. -->","yoast_head_json":{"title":"M\u00e9pris de la DRAAF-SRFD des Hauts-de-France d\u00e9nonc\u00e9 \u00e0 la DGER - HAUTS-DE-FRANCE","robots":{"index":"index","follow":"follow","max-snippet":"max-snippet:-1","max-image-preview":"max-image-preview:large","max-video-preview":"max-video-preview:-1"},"canonical":"https:\/\/regions-snetap-fsu.fr\/hdf\/2019\/12\/12\/mepris-de-la-draaf-srfd-des-hauts-de-france-denonce-a-la-dger\/","og_locale":"fr_FR","og_type":"article","og_title":"M\u00e9pris de la DRAAF-SRFD des Hauts-de-France d\u00e9nonc\u00e9 \u00e0 la DGER - HAUTS-DE-FRANCE","og_description":"Le SNETAP-FSU des Hauts-de-France d\u00e9nonce l&rsquo;attitude de notre\u00a0 DRAAF-SRFD aupr\u00e8s de la DGER Apr\u00e8s deux ans de pseudo-dialogue de la part d&rsquo;une DRAAF-SRFD sourde, celle-ci continue \u00e0 mettre en place sa strat\u00e9gie de casse de l&rsquo;enseignement agricole public. Et comme elle prend soin de montrer \u00e0 la DGER que sa politique de r\u00e9duction de moyens [&hellip;]","og_url":"https:\/\/regions-snetap-fsu.fr\/hdf\/2019\/12\/12\/mepris-de-la-draaf-srfd-des-hauts-de-france-denonce-a-la-dger\/","og_site_name":"HAUTS-DE-FRANCE","article_published_time":"2019-12-12T15:21:47+00:00","article_modified_time":"2019-12-18T17:34:56+00:00","author":"Regis Martinage","twitter_card":"summary_large_image","twitter_creator":"@MartinageSnetap","twitter_site":"@MartinageSnetap","twitter_misc":{"\u00c9crit par":"Regis Martinage","Dur\u00e9e de lecture estim\u00e9e":"2 minutes"},"schema":{"@context":"https:\/\/schema.org","@graph":[{"@type":"Article","@id":"https:\/\/regions-snetap-fsu.fr\/hdf\/2019\/12\/12\/mepris-de-la-draaf-srfd-des-hauts-de-france-denonce-a-la-dger\/#article","isPartOf":{"@id":"https:\/\/regions-snetap-fsu.fr\/hdf\/2019\/12\/12\/mepris-de-la-draaf-srfd-des-hauts-de-france-denonce-a-la-dger\/"},"author":{"name":"Regis Martinage","@id":"https:\/\/regions-snetap-fsu.fr\/hdf\/#\/schema\/person\/fa09b77e508eb2889a1c2dd6f4cf3149"},"headline":"M\u00e9pris de la DRAAF-SRFD des Hauts-de-France d\u00e9nonc\u00e9 \u00e0 la DGER","datePublished":"2019-12-12T15:21:47+00:00","dateModified":"2019-12-18T17:34:56+00:00","mainEntityOfPage":{"@id":"https:\/\/regions-snetap-fsu.fr\/hdf\/2019\/12\/12\/mepris-de-la-draaf-srfd-des-hauts-de-france-denonce-a-la-dger\/"},"wordCount":425,"publisher":{"@id":"https:\/\/regions-snetap-fsu.fr\/hdf\/#organization"},"articleSection":["Communiqu\u00e9s"],"inLanguage":"fr-FR"},{"@type":"WebPage","@id":"https:\/\/regions-snetap-fsu.fr\/hdf\/2019\/12\/12\/mepris-de-la-draaf-srfd-des-hauts-de-france-denonce-a-la-dger\/","url":"https:\/\/regions-snetap-fsu.fr\/hdf\/2019\/12\/12\/mepris-de-la-draaf-srfd-des-hauts-de-france-denonce-a-la-dger\/","name":"M\u00e9pris de la DRAAF-SRFD des Hauts-de-France d\u00e9nonc\u00e9 \u00e0 la DGER - HAUTS-DE-FRANCE","isPartOf":{"@id":"https:\/\/regions-snetap-fsu.fr\/hdf\/#website"},"datePublished":"2019-12-12T15:21:47+00:00","dateModified":"2019-12-18T17:34:56+00:00","breadcrumb":{"@id":"https:\/\/regions-snetap-fsu.fr\/hdf\/2019\/12\/12\/mepris-de-la-draaf-srfd-des-hauts-de-france-denonce-a-la-dger\/#breadcrumb"},"inLanguage":"fr-FR","potentialAction":[{"@type":"ReadAction","target":["https:\/\/regions-snetap-fsu.fr\/hdf\/2019\/12\/12\/mepris-de-la-draaf-srfd-des-hauts-de-france-denonce-a-la-dger\/"]}]},{"@type":"BreadcrumbList","@id":"https:\/\/regions-snetap-fsu.fr\/hdf\/2019\/12\/12\/mepris-de-la-draaf-srfd-des-hauts-de-france-denonce-a-la-dger\/#breadcrumb","itemListElement":[{"@type":"ListItem","position":1,"name":"Accueil","item":"https:\/\/regions-snetap-fsu.fr\/hdf\/"},{"@type":"ListItem","position":2,"name":"Communiqu\u00e9s","item":"https:\/\/regions-snetap-fsu.fr\/hdf\/category\/communiques\/"},{"@type":"ListItem","position":3,"name":"M\u00e9pris de la DRAAF-SRFD des Hauts-de-France d\u00e9nonc\u00e9 \u00e0 la DGER"}]},{"@type":"WebSite","@id":"https:\/\/regions-snetap-fsu.fr\/hdf\/#website","url":"https:\/\/regions-snetap-fsu.fr\/hdf\/","name":"HAUTS-DE-FRANCE","description":"Section r\u00e9gionale","publisher":{"@id":"https:\/\/regions-snetap-fsu.fr\/hdf\/#organization"},"potentialAction":[{"@type":"SearchAction","target":{"@type":"EntryPoint","urlTemplate":"https:\/\/regions-snetap-fsu.fr\/hdf\/?s={search_term_string}"},"query-input":{"@type":"PropertyValueSpecification","valueRequired":true,"valueName":"search_term_string"}}],"inLanguage":"fr-FR"},{"@type":"Organization","@id":"https:\/\/regions-snetap-fsu.fr\/hdf\/#organization","name":"SNETAP-FSU - HAUTS-DE-FRANCE","url":"https:\/\/regions-snetap-fsu.fr\/hdf\/","logo":{"@type":"ImageObject","inLanguage":"fr-FR","@id":"https:\/\/regions-snetap-fsu.fr\/hdf\/#\/schema\/logo\/image\/","url":"https:\/\/regions-snetap-fsu.fr\/hdf\/wp-content\/uploads\/sites\/5\/2020\/12\/SNETAP-Logo.jpg","contentUrl":"https:\/\/regions-snetap-fsu.fr\/hdf\/wp-content\/uploads\/sites\/5\/2020\/12\/SNETAP-Logo.jpg","width":464,"height":334,"caption":"SNETAP-FSU - HAUTS-DE-FRANCE"},"image":{"@id":"https:\/\/regions-snetap-fsu.fr\/hdf\/#\/schema\/logo\/image\/"},"sameAs":["https:\/\/x.com\/MartinageSnetap"]},{"@type":"Person","@id":"https:\/\/regions-snetap-fsu.fr\/hdf\/#\/schema\/person\/fa09b77e508eb2889a1c2dd6f4cf3149","name":"Regis Martinage","image":{"@type":"ImageObject","inLanguage":"fr-FR","@id":"https:\/\/secure.gravatar.com\/avatar\/7ae2aaabfe5b8d5c7b9361e91002ca9ec93c38c63c9a1d06ae19f03a5dc70dd7?s=96&d=mm&r=g","url":"https:\/\/secure.gravatar.com\/avatar\/7ae2aaabfe5b8d5c7b9361e91002ca9ec93c38c63c9a1d06ae19f03a5dc70dd7?s=96&d=mm&r=g","contentUrl":"https:\/\/secure.gravatar.com\/avatar\/7ae2aaabfe5b8d5c7b9361e91002ca9ec93c38c63c9a1d06ae19f03a5dc70dd7?s=96&d=mm&r=g","caption":"Regis Martinage"},"url":"https:\/\/regions-snetap-fsu.fr\/hdf\/author\/r-martinage\/"}]}},"_links":{"self":[{"href":"https:\/\/regions-snetap-fsu.fr\/hdf\/wp-json\/wp\/v2\/posts\/3800","targetHints":{"allow":["GET"]}}],"collection":[{"href":"https:\/\/regions-snetap-fsu.fr\/hdf\/wp-json\/wp\/v2\/posts"}],"about":[{"href":"https:\/\/regions-snetap-fsu.fr\/hdf\/wp-json\/wp\/v2\/types\/post"}],"author":[{"embeddable":true,"href":"https:\/\/regions-snetap-fsu.fr\/hdf\/wp-json\/wp\/v2\/users\/88"}],"replies":[{"embeddable":true,"href":"https:\/\/regions-snetap-fsu.fr\/hdf\/wp-json\/wp\/v2\/comments?post=3800"}],"version-history":[{"count":10,"href":"https:\/\/regions-snetap-fsu.fr\/hdf\/wp-json\/wp\/v2\/posts\/3800\/revisions"}],"predecessor-version":[{"id":3978,"href":"https:\/\/regions-snetap-fsu.fr\/hdf\/wp-json\/wp\/v2\/posts\/3800\/revisions\/3978"}],"wp:attachment":[{"href":"https:\/\/regions-snetap-fsu.fr\/hdf\/wp-json\/wp\/v2\/media?parent=3800"}],"wp:term":[{"taxonomy":"category","embeddable":true,"href":"https:\/\/regions-snetap-fsu.fr\/hdf\/wp-json\/wp\/v2\/categories?post=3800"},{"taxonomy":"post_tag","embeddable":true,"href":"https:\/\/regions-snetap-fsu.fr\/hdf\/wp-json\/wp\/v2\/tags?post=3800"},{"taxonomy":"post_folder","embeddable":true,"href":"https:\/\/regions-snetap-fsu.fr\/hdf\/wp-json\/wp\/v2\/post_folder?post=3800"}],"curies":[{"name":"wp","href":"https:\/\/api.w.org\/{rel}","templated":true}]}}