{"id":3601,"date":"2019-11-26T00:10:38","date_gmt":"2019-11-25T23:10:38","guid":{"rendered":"https:\/\/regions-snetap-fsu.fr\/hdf\/?p=3601"},"modified":"2019-11-27T22:58:46","modified_gmt":"2019-11-27T21:58:46","slug":"5-decembre-2019-ne-restez-pas-isole%c2%b7e-mobilisez-vous","status":"publish","type":"post","link":"https:\/\/regions-snetap-fsu.fr\/hdf\/2019\/11\/26\/5-decembre-2019-ne-restez-pas-isole%c2%b7e-mobilisez-vous\/","title":{"rendered":"5 d\u00e9cembre 2019, ne restez pas isol\u00e9\u00b7e, mobilisez vous"},"content":{"rendered":"<h2 style=\"text-align: center\"><strong><span style=\"color: #ff0000\">Le 5 d\u00e9cembre 2019, ne restez pas isol\u00e9\u00b7e, mobilisez vous<\/span><\/strong><\/h2>\n<blockquote>\n<p style=\"text-align: justify\"><span style=\"font-family: tahoma, arial, helvetica, sans-serif;color: #0000ff\">Lors de la mobilisation contre le projet de r\u00e9forme des retraites, le jeudi 5 d\u00e9cembre 2019, ne prenez pas le risque de donner la preuve au gouvernement que la \u00ab\u00a0majorit\u00e9 silencieuse\u00a0\u00bb est pour cette r\u00e9forme.<\/span><\/p>\n<p style=\"text-align: justify\"><span style=\"font-family: tahoma, arial, helvetica, sans-serif;color: #0000ff\">Par le nombre de mobilis\u00e9\u00b7es soutenez les organisations syndicales \u00e0 d\u00e9fendre votre retraite lors des prochaines rencontres avec le gouvernement.<\/span><\/p>\n<p style=\"text-align: justify\"><span style=\"font-family: tahoma, arial, helvetica, sans-serif;color: #0000ff\">Le pr\u00e9sident Macron et son gouvernement face \u00e0 un mouvement qui s&rsquo;annonce de grand ampleur essaient de faire baisser le chiffre des mobilis\u00e9\u00b7es pour inverser le rapport de force. Ne les laissons pas faire ! <\/span><\/p>\n<p style=\"text-align: justify\"><span style=\"color: #0000ff;font-family: tahoma, arial, helvetica, sans-serif\">Ne soyons pas isol\u00e9\u00b7es par notre faible mobilisation. Aider le SNETAP-FSU dans votre d\u00e9fense au quotidien (retraite, conditions de travail, heures de service, poste, etc). D\u00e9montrez que vous pouvez vous indigner en masse pour dire stop \u00e0 la casse de l&rsquo;EAP !&#8230;<\/span><\/p>\n<\/blockquote>\n<p><!--more--><\/p>\n<p><img decoding=\"async\" class=\"aligncenter size-medium wp-image-3292\" src=\"https:\/\/regions-snetap-fsu.fr\/hdf\/wp-content\/uploads\/sites\/5\/2019\/10\/Greve_reforme_retraite_5_dec_2019-300x97.png\" alt=\"\" width=\"300\" height=\"97\" srcset=\"https:\/\/regions-snetap-fsu.fr\/hdf\/wp-content\/uploads\/sites\/5\/2019\/10\/Greve_reforme_retraite_5_dec_2019-300x97.png 300w, https:\/\/regions-snetap-fsu.fr\/hdf\/wp-content\/uploads\/sites\/5\/2019\/10\/Greve_reforme_retraite_5_dec_2019-100x32.png 100w, https:\/\/regions-snetap-fsu.fr\/hdf\/wp-content\/uploads\/sites\/5\/2019\/10\/Greve_reforme_retraite_5_dec_2019-150x49.png 150w, https:\/\/regions-snetap-fsu.fr\/hdf\/wp-content\/uploads\/sites\/5\/2019\/10\/Greve_reforme_retraite_5_dec_2019-200x65.png 200w, https:\/\/regions-snetap-fsu.fr\/hdf\/wp-content\/uploads\/sites\/5\/2019\/10\/Greve_reforme_retraite_5_dec_2019-450x146.png 450w, https:\/\/regions-snetap-fsu.fr\/hdf\/wp-content\/uploads\/sites\/5\/2019\/10\/Greve_reforme_retraite_5_dec_2019-600x195.png 600w, https:\/\/regions-snetap-fsu.fr\/hdf\/wp-content\/uploads\/sites\/5\/2019\/10\/Greve_reforme_retraite_5_dec_2019.png 672w\" sizes=\"(max-width: 300px) 100vw, 300px\" \/><\/p>\n<p style=\"text-align: justify\"><strong><span style=\"font-family: tahoma, arial, helvetica, sans-serif;color: #ff0000\">Le rapporteur confirme nos craintes\u00a0: 30% de retraites en moins\u00a0!<\/span><\/strong><\/p>\n<p><a href=\"https:\/\/www.facebook.com\/snuipp\/videos\/454580111861026\/?t=6\" target=\"_blank\" rel=\"noopener noreferrer\"><span style=\"text-decoration: underline;font-family: tahoma, arial, helvetica, sans-serif;color: #000000\">Lien : Vid\u00e9o dans laquelle le rapporteur confirme les 30% de retraites en moins<\/span><\/a><\/p>\n<p><span style=\"text-decoration: underline\"><span style=\"color: #000000\"><a style=\"color: #000000;text-decoration: underline\" href=\"https:\/\/www.etmaretraite.fr\/\" target=\"_blank\" rel=\"noopener noreferrer\"><span style=\"color: #000000;text-decoration: underline;font-family: tahoma, arial, helvetica, sans-serif\">Lien : Calculateur retraite du SNES-FSU<\/span><\/a><\/span><\/span><\/p>\n<p style=\"text-align: justify\"><span style=\"font-family: tahoma, arial, helvetica, sans-serif;color: #0000ff\">Les g\u00e9n\u00e9rations ant\u00e9rieures \u00e0 63 ne sont plus \u00e9pargn\u00e9es !<\/span><\/p>\n<p style=\"text-align: justify\"><span style=\"color: #0000ff;font-family: tahoma, arial, helvetica, sans-serif\">64% des fran\u00e7ais et 82% des ouvriers jugent la gr\u00e8ve justifi\u00e9e (sondage IFOP).<\/span><\/p>\n<p style=\"text-align: justify\"><span style=\"color: #0000ff;font-family: tahoma, arial, helvetica, sans-serif\">68% des femmes contre 59% des hommes trouvent justifi\u00e9 les arr\u00eats de travail en d\u00e9cembre.<\/span><\/p>\n<p style=\"text-align: justify\"><span style=\"color: #0000ff;font-family: tahoma, arial, helvetica, sans-serif\">78% des salari\u00e9s du public et 72% des employ\u00e9s consid\u00e8rent la gr\u00e8ve du 5 d\u00e9cembre justifi\u00e9e.<\/span><\/p>\n<h3 style=\"text-align: center\"><strong><span style=\"color: #ff0000\">Le 5 d\u00e9cembre, ne restez pas isol\u00e9\u00b7es, mobilisez vous !<\/span><\/strong><\/h3>\n<p style=\"text-align: justify\"><span style=\"color: #0000ff;font-family: tahoma, arial, helvetica, sans-serif\">Participez aux diff\u00e9rents rassemblements :<\/span><\/p>\n<p><span style=\"text-decoration: underline;color: #000000\"><a style=\"color: #000000;text-decoration: underline\" href=\"https:\/\/regions-snetap-fsu.fr\/hdf\/2019\/11\/23\/ou-se-mobiliser-dans-les-hauts-de-france-pour-le-5-decembre-2019\/\" target=\"_blank\" rel=\"noopener noreferrer\"><span style=\"font-family: tahoma, arial, helvetica, sans-serif\">Lien : O\u00f9 se mobiliser dans les Hauts-de-France pour le 5 d\u00e9cembre 2019 ?<\/span><\/a><\/span><\/p>\n<p style=\"text-align: justify\"><span style=\"font-family: tahoma, arial, helvetica, sans-serif;color: #0000ff\">Inscrivez-vous aux bus FSU pour la manifestation r\u00e9gionale sur Lille :<\/span><\/p>\n<p><span style=\"text-decoration: underline;font-family: tahoma, arial, helvetica, sans-serif\"><span style=\"color: #000000\"><a style=\"color: #000000;text-decoration: underline\" href=\"https:\/\/regions-snetap-fsu.fr\/hdf\/2019\/11\/25\/bus-fsu-pour-la-manifestation-du-5-decembre-2019-14h30-porte-de-paris-a-lille\/\" target=\"_blank\" rel=\"noopener noreferrer\">Lien : BUS FSU pour la manifestation du 5 d\u00e9cembre 2019, 14h30 Porte de Paris \u00e0 Lille<\/a><\/span><\/span><\/p>\n<p style=\"text-align: justify\"><span style=\"font-family: tahoma, arial, helvetica, sans-serif\"><strong><span style=\"color: #ff0000\">Attention, les bus FSU se remplissent vite, ne tardez pas votre inscription. Une nouvelle ligne vient de se mettre en place : Arras &#8211; Lille.<\/span><\/strong><\/span><\/p>\n<h2 style=\"text-align: center\"><span style=\"color: #008000\">Toutes et tous en gr\u00e8ve<\/span><\/h2>\n<h2 style=\"text-align: center\"><span style=\"color: #008000\">et dans la rue le 5 !<\/span><\/h2>\n<p><img fetchpriority=\"high\" decoding=\"async\" src=\"https:\/\/www.snetap-fsu.fr\/local\/cache-vignettes\/L672xH564\/fb2png-01975.png?1574865627\" alt=\"\" width=\"672\" height=\"564\" \/><\/p>\n","protected":false},"excerpt":{"rendered":"<p>Le 5 d\u00e9cembre 2019, ne restez pas isol\u00e9\u00b7e, mobilisez vous Lors de la mobilisation contre le projet de r\u00e9forme des retraites, le jeudi 5 d\u00e9cembre 2019, ne prenez pas le risque de donner la preuve au gouvernement que la \u00ab\u00a0majorit\u00e9 silencieuse\u00a0\u00bb est pour cette r\u00e9forme. Par le nombre de mobilis\u00e9\u00b7es soutenez les organisations syndicales \u00e0 [&hellip;]<\/p>\n","protected":false},"author":88,"featured_media":0,"comment_status":"closed","ping_status":"closed","sticky":false,"template":"","format":"standard","meta":{"ocean_post_layout":"","ocean_both_sidebars_style":"","ocean_both_sidebars_content_width":0,"ocean_both_sidebars_sidebars_width":0,"ocean_sidebar":"","ocean_second_sidebar":"","ocean_disable_margins":"enable","ocean_add_body_class":"","ocean_shortcode_before_top_bar":"","ocean_shortcode_after_top_bar":"","ocean_shortcode_before_header":"","ocean_shortcode_after_header":"","ocean_has_shortcode":"","ocean_shortcode_after_title":"","ocean_shortcode_before_footer_widgets":"","ocean_shortcode_after_footer_widgets":"","ocean_shortcode_before_footer_bottom":"","ocean_shortcode_after_footer_bottom":"","ocean_display_top_bar":"default","ocean_display_header":"default","ocean_header_style":"","ocean_center_header_left_menu":"","ocean_custom_header_template":"","ocean_custom_logo":0,"ocean_custom_retina_logo":0,"ocean_custom_logo_max_width":0,"ocean_custom_logo_tablet_max_width":0,"ocean_custom_logo_mobile_max_width":0,"ocean_custom_logo_max_height":0,"ocean_custom_logo_tablet_max_height":0,"ocean_custom_logo_mobile_max_height":0,"ocean_header_custom_menu":"","ocean_menu_typo_font_family":"","ocean_menu_typo_font_subset":"","ocean_menu_typo_font_size":0,"ocean_menu_typo_font_size_tablet":0,"ocean_menu_typo_font_size_mobile":0,"ocean_menu_typo_font_size_unit":"px","ocean_menu_typo_font_weight":"","ocean_menu_typo_font_weight_tablet":"","ocean_menu_typo_font_weight_mobile":"","ocean_menu_typo_transform":"","ocean_menu_typo_transform_tablet":"","ocean_menu_typo_transform_mobile":"","ocean_menu_typo_line_height":0,"ocean_menu_typo_line_height_tablet":0,"ocean_menu_typo_line_height_mobile":0,"ocean_menu_typo_line_height_unit":"","ocean_menu_typo_spacing":0,"ocean_menu_typo_spacing_tablet":0,"ocean_menu_typo_spacing_mobile":0,"ocean_menu_typo_spacing_unit":"","ocean_menu_link_color":"","ocean_menu_link_color_hover":"","ocean_menu_link_color_active":"","ocean_menu_link_background":"","ocean_menu_link_hover_background":"","ocean_menu_link_active_background":"","ocean_menu_social_links_bg":"","ocean_menu_social_hover_links_bg":"","ocean_menu_social_links_color":"","ocean_menu_social_hover_links_color":"","ocean_disable_title":"default","ocean_disable_heading":"default","ocean_post_title":"","ocean_post_subheading":"","ocean_post_title_style":"","ocean_post_title_background_color":"","ocean_post_title_background":0,"ocean_post_title_bg_image_position":"","ocean_post_title_bg_image_attachment":"","ocean_post_title_bg_image_repeat":"","ocean_post_title_bg_image_size":"","ocean_post_title_height":0,"ocean_post_title_bg_overlay":0.5,"ocean_post_title_bg_overlay_color":"","ocean_disable_breadcrumbs":"default","ocean_breadcrumbs_color":"","ocean_breadcrumbs_separator_color":"","ocean_breadcrumbs_links_color":"","ocean_breadcrumbs_links_hover_color":"","ocean_display_footer_widgets":"default","ocean_display_footer_bottom":"default","ocean_custom_footer_template":"","ocean_post_oembed":"","ocean_post_self_hosted_media":"","ocean_post_video_embed":"","ocean_link_format":"","ocean_link_format_target":"self","ocean_quote_format":"","ocean_quote_format_link":"post","ocean_gallery_link_images":"on","ocean_gallery_id":[],"footnotes":""},"categories":[2],"tags":[],"post_folder":[],"class_list":["post-3601","post","type-post","status-publish","format-standard","hentry","category-actions-greves-manifs","entry"],"yoast_head":"<!-- This site is optimized with the Yoast SEO plugin v27.4 - https:\/\/yoast.com\/product\/yoast-seo-wordpress\/ -->\n<title>5 d\u00e9cembre 2019, ne restez pas isol\u00e9\u00b7e, mobilisez vous - HAUTS-DE-FRANCE<\/title>\n<meta name=\"robots\" content=\"index, follow, max-snippet:-1, max-image-preview:large, max-video-preview:-1\" \/>\n<link rel=\"canonical\" href=\"https:\/\/regions-snetap-fsu.fr\/hdf\/2019\/11\/26\/5-decembre-2019-ne-restez-pas-isole\u00b7e-mobilisez-vous\/\" \/>\n<meta property=\"og:locale\" content=\"fr_FR\" \/>\n<meta property=\"og:type\" content=\"article\" \/>\n<meta property=\"og:title\" content=\"5 d\u00e9cembre 2019, ne restez pas isol\u00e9\u00b7e, mobilisez vous - HAUTS-DE-FRANCE\" \/>\n<meta property=\"og:description\" content=\"Le 5 d\u00e9cembre 2019, ne restez pas isol\u00e9\u00b7e, mobilisez vous Lors de la mobilisation contre le projet de r\u00e9forme des retraites, le jeudi 5 d\u00e9cembre 2019, ne prenez pas le risque de donner la preuve au gouvernement que la \u00ab\u00a0majorit\u00e9 silencieuse\u00a0\u00bb est pour cette r\u00e9forme. Par le nombre de mobilis\u00e9\u00b7es soutenez les organisations syndicales \u00e0 [&hellip;]\" \/>\n<meta property=\"og:url\" content=\"https:\/\/regions-snetap-fsu.fr\/hdf\/2019\/11\/26\/5-decembre-2019-ne-restez-pas-isole\u00b7e-mobilisez-vous\/\" \/>\n<meta property=\"og:site_name\" content=\"HAUTS-DE-FRANCE\" \/>\n<meta property=\"article:published_time\" content=\"2019-11-25T23:10:38+00:00\" \/>\n<meta property=\"article:modified_time\" content=\"2019-11-27T21:58:46+00:00\" \/>\n<meta property=\"og:image\" content=\"https:\/\/regions-snetap-fsu.fr\/hdf\/wp-content\/uploads\/sites\/5\/2019\/10\/Greve_reforme_retraite_5_dec_2019-300x97.png\" \/>\n<meta name=\"author\" content=\"Regis Martinage\" \/>\n<meta name=\"twitter:card\" content=\"summary_large_image\" \/>\n<meta name=\"twitter:creator\" content=\"@MartinageSnetap\" \/>\n<meta name=\"twitter:site\" content=\"@MartinageSnetap\" \/>\n<meta name=\"twitter:label1\" content=\"\u00c9crit par\" \/>\n\t<meta name=\"twitter:data1\" content=\"Regis Martinage\" \/>\n\t<meta name=\"twitter:label2\" content=\"Dur\u00e9e de lecture estim\u00e9e\" \/>\n\t<meta name=\"twitter:data2\" content=\"2 minutes\" \/>\n<script type=\"application\/ld+json\" class=\"yoast-schema-graph\">{\"@context\":\"https:\\\/\\\/schema.org\",\"@graph\":[{\"@type\":\"Article\",\"@id\":\"https:\\\/\\\/regions-snetap-fsu.fr\\\/hdf\\\/2019\\\/11\\\/26\\\/5-decembre-2019-ne-restez-pas-isole%c2%b7e-mobilisez-vous\\\/#article\",\"isPartOf\":{\"@id\":\"https:\\\/\\\/regions-snetap-fsu.fr\\\/hdf\\\/2019\\\/11\\\/26\\\/5-decembre-2019-ne-restez-pas-isole%c2%b7e-mobilisez-vous\\\/\"},\"author\":{\"name\":\"Regis Martinage\",\"@id\":\"https:\\\/\\\/regions-snetap-fsu.fr\\\/hdf\\\/#\\\/schema\\\/person\\\/fa09b77e508eb2889a1c2dd6f4cf3149\"},\"headline\":\"5 d\u00e9cembre 2019, ne restez pas isol\u00e9\u00b7e, mobilisez vous\",\"datePublished\":\"2019-11-25T23:10:38+00:00\",\"dateModified\":\"2019-11-27T21:58:46+00:00\",\"mainEntityOfPage\":{\"@id\":\"https:\\\/\\\/regions-snetap-fsu.fr\\\/hdf\\\/2019\\\/11\\\/26\\\/5-decembre-2019-ne-restez-pas-isole%c2%b7e-mobilisez-vous\\\/\"},\"wordCount\":328,\"publisher\":{\"@id\":\"https:\\\/\\\/regions-snetap-fsu.fr\\\/hdf\\\/#organization\"},\"image\":{\"@id\":\"https:\\\/\\\/regions-snetap-fsu.fr\\\/hdf\\\/2019\\\/11\\\/26\\\/5-decembre-2019-ne-restez-pas-isole%c2%b7e-mobilisez-vous\\\/#primaryimage\"},\"thumbnailUrl\":\"https:\\\/\\\/regions-snetap-fsu.fr\\\/hdf\\\/wp-content\\\/uploads\\\/sites\\\/5\\\/2019\\\/10\\\/Greve_reforme_retraite_5_dec_2019-300x97.png\",\"articleSection\":[\"Actions - Gr\u00e8ves - Manifs\"],\"inLanguage\":\"fr-FR\"},{\"@type\":\"WebPage\",\"@id\":\"https:\\\/\\\/regions-snetap-fsu.fr\\\/hdf\\\/2019\\\/11\\\/26\\\/5-decembre-2019-ne-restez-pas-isole%c2%b7e-mobilisez-vous\\\/\",\"url\":\"https:\\\/\\\/regions-snetap-fsu.fr\\\/hdf\\\/2019\\\/11\\\/26\\\/5-decembre-2019-ne-restez-pas-isole%c2%b7e-mobilisez-vous\\\/\",\"name\":\"5 d\u00e9cembre 2019, ne restez pas isol\u00e9\u00b7e, mobilisez vous - HAUTS-DE-FRANCE\",\"isPartOf\":{\"@id\":\"https:\\\/\\\/regions-snetap-fsu.fr\\\/hdf\\\/#website\"},\"primaryImageOfPage\":{\"@id\":\"https:\\\/\\\/regions-snetap-fsu.fr\\\/hdf\\\/2019\\\/11\\\/26\\\/5-decembre-2019-ne-restez-pas-isole%c2%b7e-mobilisez-vous\\\/#primaryimage\"},\"image\":{\"@id\":\"https:\\\/\\\/regions-snetap-fsu.fr\\\/hdf\\\/2019\\\/11\\\/26\\\/5-decembre-2019-ne-restez-pas-isole%c2%b7e-mobilisez-vous\\\/#primaryimage\"},\"thumbnailUrl\":\"https:\\\/\\\/regions-snetap-fsu.fr\\\/hdf\\\/wp-content\\\/uploads\\\/sites\\\/5\\\/2019\\\/10\\\/Greve_reforme_retraite_5_dec_2019-300x97.png\",\"datePublished\":\"2019-11-25T23:10:38+00:00\",\"dateModified\":\"2019-11-27T21:58:46+00:00\",\"breadcrumb\":{\"@id\":\"https:\\\/\\\/regions-snetap-fsu.fr\\\/hdf\\\/2019\\\/11\\\/26\\\/5-decembre-2019-ne-restez-pas-isole%c2%b7e-mobilisez-vous\\\/#breadcrumb\"},\"inLanguage\":\"fr-FR\",\"potentialAction\":[{\"@type\":\"ReadAction\",\"target\":[\"https:\\\/\\\/regions-snetap-fsu.fr\\\/hdf\\\/2019\\\/11\\\/26\\\/5-decembre-2019-ne-restez-pas-isole%c2%b7e-mobilisez-vous\\\/\"]}]},{\"@type\":\"ImageObject\",\"inLanguage\":\"fr-FR\",\"@id\":\"https:\\\/\\\/regions-snetap-fsu.fr\\\/hdf\\\/2019\\\/11\\\/26\\\/5-decembre-2019-ne-restez-pas-isole%c2%b7e-mobilisez-vous\\\/#primaryimage\",\"url\":\"https:\\\/\\\/regions-snetap-fsu.fr\\\/hdf\\\/wp-content\\\/uploads\\\/sites\\\/5\\\/2019\\\/10\\\/Greve_reforme_retraite_5_dec_2019.png\",\"contentUrl\":\"https:\\\/\\\/regions-snetap-fsu.fr\\\/hdf\\\/wp-content\\\/uploads\\\/sites\\\/5\\\/2019\\\/10\\\/Greve_reforme_retraite_5_dec_2019.png\",\"width\":672,\"height\":218},{\"@type\":\"BreadcrumbList\",\"@id\":\"https:\\\/\\\/regions-snetap-fsu.fr\\\/hdf\\\/2019\\\/11\\\/26\\\/5-decembre-2019-ne-restez-pas-isole%c2%b7e-mobilisez-vous\\\/#breadcrumb\",\"itemListElement\":[{\"@type\":\"ListItem\",\"position\":1,\"name\":\"Accueil\",\"item\":\"https:\\\/\\\/regions-snetap-fsu.fr\\\/hdf\\\/\"},{\"@type\":\"ListItem\",\"position\":2,\"name\":\"Actions - Gr\u00e8ves - Manifs\",\"item\":\"https:\\\/\\\/regions-snetap-fsu.fr\\\/hdf\\\/category\\\/actions-greves-manifs\\\/\"},{\"@type\":\"ListItem\",\"position\":3,\"name\":\"5 d\u00e9cembre 2019, ne restez pas isol\u00e9\u00b7e, mobilisez vous\"}]},{\"@type\":\"WebSite\",\"@id\":\"https:\\\/\\\/regions-snetap-fsu.fr\\\/hdf\\\/#website\",\"url\":\"https:\\\/\\\/regions-snetap-fsu.fr\\\/hdf\\\/\",\"name\":\"HAUTS-DE-FRANCE\",\"description\":\"Section r\u00e9gionale\",\"publisher\":{\"@id\":\"https:\\\/\\\/regions-snetap-fsu.fr\\\/hdf\\\/#organization\"},\"potentialAction\":[{\"@type\":\"SearchAction\",\"target\":{\"@type\":\"EntryPoint\",\"urlTemplate\":\"https:\\\/\\\/regions-snetap-fsu.fr\\\/hdf\\\/?s={search_term_string}\"},\"query-input\":{\"@type\":\"PropertyValueSpecification\",\"valueRequired\":true,\"valueName\":\"search_term_string\"}}],\"inLanguage\":\"fr-FR\"},{\"@type\":\"Organization\",\"@id\":\"https:\\\/\\\/regions-snetap-fsu.fr\\\/hdf\\\/#organization\",\"name\":\"SNETAP-FSU - HAUTS-DE-FRANCE\",\"url\":\"https:\\\/\\\/regions-snetap-fsu.fr\\\/hdf\\\/\",\"logo\":{\"@type\":\"ImageObject\",\"inLanguage\":\"fr-FR\",\"@id\":\"https:\\\/\\\/regions-snetap-fsu.fr\\\/hdf\\\/#\\\/schema\\\/logo\\\/image\\\/\",\"url\":\"https:\\\/\\\/regions-snetap-fsu.fr\\\/hdf\\\/wp-content\\\/uploads\\\/sites\\\/5\\\/2020\\\/12\\\/SNETAP-Logo.jpg\",\"contentUrl\":\"https:\\\/\\\/regions-snetap-fsu.fr\\\/hdf\\\/wp-content\\\/uploads\\\/sites\\\/5\\\/2020\\\/12\\\/SNETAP-Logo.jpg\",\"width\":464,\"height\":334,\"caption\":\"SNETAP-FSU - HAUTS-DE-FRANCE\"},\"image\":{\"@id\":\"https:\\\/\\\/regions-snetap-fsu.fr\\\/hdf\\\/#\\\/schema\\\/logo\\\/image\\\/\"},\"sameAs\":[\"https:\\\/\\\/x.com\\\/MartinageSnetap\"]},{\"@type\":\"Person\",\"@id\":\"https:\\\/\\\/regions-snetap-fsu.fr\\\/hdf\\\/#\\\/schema\\\/person\\\/fa09b77e508eb2889a1c2dd6f4cf3149\",\"name\":\"Regis Martinage\",\"image\":{\"@type\":\"ImageObject\",\"inLanguage\":\"fr-FR\",\"@id\":\"https:\\\/\\\/secure.gravatar.com\\\/avatar\\\/7ae2aaabfe5b8d5c7b9361e91002ca9ec93c38c63c9a1d06ae19f03a5dc70dd7?s=96&d=mm&r=g\",\"url\":\"https:\\\/\\\/secure.gravatar.com\\\/avatar\\\/7ae2aaabfe5b8d5c7b9361e91002ca9ec93c38c63c9a1d06ae19f03a5dc70dd7?s=96&d=mm&r=g\",\"contentUrl\":\"https:\\\/\\\/secure.gravatar.com\\\/avatar\\\/7ae2aaabfe5b8d5c7b9361e91002ca9ec93c38c63c9a1d06ae19f03a5dc70dd7?s=96&d=mm&r=g\",\"caption\":\"Regis Martinage\"},\"url\":\"https:\\\/\\\/regions-snetap-fsu.fr\\\/hdf\\\/author\\\/r-martinage\\\/\"}]}<\/script>\n<!-- \/ Yoast SEO plugin. -->","yoast_head_json":{"title":"5 d\u00e9cembre 2019, ne restez pas isol\u00e9\u00b7e, mobilisez vous - HAUTS-DE-FRANCE","robots":{"index":"index","follow":"follow","max-snippet":"max-snippet:-1","max-image-preview":"max-image-preview:large","max-video-preview":"max-video-preview:-1"},"canonical":"https:\/\/regions-snetap-fsu.fr\/hdf\/2019\/11\/26\/5-decembre-2019-ne-restez-pas-isole\u00b7e-mobilisez-vous\/","og_locale":"fr_FR","og_type":"article","og_title":"5 d\u00e9cembre 2019, ne restez pas isol\u00e9\u00b7e, mobilisez vous - HAUTS-DE-FRANCE","og_description":"Le 5 d\u00e9cembre 2019, ne restez pas isol\u00e9\u00b7e, mobilisez vous Lors de la mobilisation contre le projet de r\u00e9forme des retraites, le jeudi 5 d\u00e9cembre 2019, ne prenez pas le risque de donner la preuve au gouvernement que la \u00ab\u00a0majorit\u00e9 silencieuse\u00a0\u00bb est pour cette r\u00e9forme. Par le nombre de mobilis\u00e9\u00b7es soutenez les organisations syndicales \u00e0 [&hellip;]","og_url":"https:\/\/regions-snetap-fsu.fr\/hdf\/2019\/11\/26\/5-decembre-2019-ne-restez-pas-isole\u00b7e-mobilisez-vous\/","og_site_name":"HAUTS-DE-FRANCE","article_published_time":"2019-11-25T23:10:38+00:00","article_modified_time":"2019-11-27T21:58:46+00:00","og_image":[{"url":"https:\/\/regions-snetap-fsu.fr\/hdf\/wp-content\/uploads\/sites\/5\/2019\/10\/Greve_reforme_retraite_5_dec_2019-300x97.png","type":"","width":"","height":""}],"author":"Regis Martinage","twitter_card":"summary_large_image","twitter_creator":"@MartinageSnetap","twitter_site":"@MartinageSnetap","twitter_misc":{"\u00c9crit par":"Regis Martinage","Dur\u00e9e de lecture estim\u00e9e":"2 minutes"},"schema":{"@context":"https:\/\/schema.org","@graph":[{"@type":"Article","@id":"https:\/\/regions-snetap-fsu.fr\/hdf\/2019\/11\/26\/5-decembre-2019-ne-restez-pas-isole%c2%b7e-mobilisez-vous\/#article","isPartOf":{"@id":"https:\/\/regions-snetap-fsu.fr\/hdf\/2019\/11\/26\/5-decembre-2019-ne-restez-pas-isole%c2%b7e-mobilisez-vous\/"},"author":{"name":"Regis Martinage","@id":"https:\/\/regions-snetap-fsu.fr\/hdf\/#\/schema\/person\/fa09b77e508eb2889a1c2dd6f4cf3149"},"headline":"5 d\u00e9cembre 2019, ne restez pas isol\u00e9\u00b7e, mobilisez vous","datePublished":"2019-11-25T23:10:38+00:00","dateModified":"2019-11-27T21:58:46+00:00","mainEntityOfPage":{"@id":"https:\/\/regions-snetap-fsu.fr\/hdf\/2019\/11\/26\/5-decembre-2019-ne-restez-pas-isole%c2%b7e-mobilisez-vous\/"},"wordCount":328,"publisher":{"@id":"https:\/\/regions-snetap-fsu.fr\/hdf\/#organization"},"image":{"@id":"https:\/\/regions-snetap-fsu.fr\/hdf\/2019\/11\/26\/5-decembre-2019-ne-restez-pas-isole%c2%b7e-mobilisez-vous\/#primaryimage"},"thumbnailUrl":"https:\/\/regions-snetap-fsu.fr\/hdf\/wp-content\/uploads\/sites\/5\/2019\/10\/Greve_reforme_retraite_5_dec_2019-300x97.png","articleSection":["Actions - Gr\u00e8ves - Manifs"],"inLanguage":"fr-FR"},{"@type":"WebPage","@id":"https:\/\/regions-snetap-fsu.fr\/hdf\/2019\/11\/26\/5-decembre-2019-ne-restez-pas-isole%c2%b7e-mobilisez-vous\/","url":"https:\/\/regions-snetap-fsu.fr\/hdf\/2019\/11\/26\/5-decembre-2019-ne-restez-pas-isole%c2%b7e-mobilisez-vous\/","name":"5 d\u00e9cembre 2019, ne restez pas isol\u00e9\u00b7e, mobilisez vous - HAUTS-DE-FRANCE","isPartOf":{"@id":"https:\/\/regions-snetap-fsu.fr\/hdf\/#website"},"primaryImageOfPage":{"@id":"https:\/\/regions-snetap-fsu.fr\/hdf\/2019\/11\/26\/5-decembre-2019-ne-restez-pas-isole%c2%b7e-mobilisez-vous\/#primaryimage"},"image":{"@id":"https:\/\/regions-snetap-fsu.fr\/hdf\/2019\/11\/26\/5-decembre-2019-ne-restez-pas-isole%c2%b7e-mobilisez-vous\/#primaryimage"},"thumbnailUrl":"https:\/\/regions-snetap-fsu.fr\/hdf\/wp-content\/uploads\/sites\/5\/2019\/10\/Greve_reforme_retraite_5_dec_2019-300x97.png","datePublished":"2019-11-25T23:10:38+00:00","dateModified":"2019-11-27T21:58:46+00:00","breadcrumb":{"@id":"https:\/\/regions-snetap-fsu.fr\/hdf\/2019\/11\/26\/5-decembre-2019-ne-restez-pas-isole%c2%b7e-mobilisez-vous\/#breadcrumb"},"inLanguage":"fr-FR","potentialAction":[{"@type":"ReadAction","target":["https:\/\/regions-snetap-fsu.fr\/hdf\/2019\/11\/26\/5-decembre-2019-ne-restez-pas-isole%c2%b7e-mobilisez-vous\/"]}]},{"@type":"ImageObject","inLanguage":"fr-FR","@id":"https:\/\/regions-snetap-fsu.fr\/hdf\/2019\/11\/26\/5-decembre-2019-ne-restez-pas-isole%c2%b7e-mobilisez-vous\/#primaryimage","url":"https:\/\/regions-snetap-fsu.fr\/hdf\/wp-content\/uploads\/sites\/5\/2019\/10\/Greve_reforme_retraite_5_dec_2019.png","contentUrl":"https:\/\/regions-snetap-fsu.fr\/hdf\/wp-content\/uploads\/sites\/5\/2019\/10\/Greve_reforme_retraite_5_dec_2019.png","width":672,"height":218},{"@type":"BreadcrumbList","@id":"https:\/\/regions-snetap-fsu.fr\/hdf\/2019\/11\/26\/5-decembre-2019-ne-restez-pas-isole%c2%b7e-mobilisez-vous\/#breadcrumb","itemListElement":[{"@type":"ListItem","position":1,"name":"Accueil","item":"https:\/\/regions-snetap-fsu.fr\/hdf\/"},{"@type":"ListItem","position":2,"name":"Actions - Gr\u00e8ves - Manifs","item":"https:\/\/regions-snetap-fsu.fr\/hdf\/category\/actions-greves-manifs\/"},{"@type":"ListItem","position":3,"name":"5 d\u00e9cembre 2019, ne restez pas isol\u00e9\u00b7e, mobilisez vous"}]},{"@type":"WebSite","@id":"https:\/\/regions-snetap-fsu.fr\/hdf\/#website","url":"https:\/\/regions-snetap-fsu.fr\/hdf\/","name":"HAUTS-DE-FRANCE","description":"Section r\u00e9gionale","publisher":{"@id":"https:\/\/regions-snetap-fsu.fr\/hdf\/#organization"},"potentialAction":[{"@type":"SearchAction","target":{"@type":"EntryPoint","urlTemplate":"https:\/\/regions-snetap-fsu.fr\/hdf\/?s={search_term_string}"},"query-input":{"@type":"PropertyValueSpecification","valueRequired":true,"valueName":"search_term_string"}}],"inLanguage":"fr-FR"},{"@type":"Organization","@id":"https:\/\/regions-snetap-fsu.fr\/hdf\/#organization","name":"SNETAP-FSU - HAUTS-DE-FRANCE","url":"https:\/\/regions-snetap-fsu.fr\/hdf\/","logo":{"@type":"ImageObject","inLanguage":"fr-FR","@id":"https:\/\/regions-snetap-fsu.fr\/hdf\/#\/schema\/logo\/image\/","url":"https:\/\/regions-snetap-fsu.fr\/hdf\/wp-content\/uploads\/sites\/5\/2020\/12\/SNETAP-Logo.jpg","contentUrl":"https:\/\/regions-snetap-fsu.fr\/hdf\/wp-content\/uploads\/sites\/5\/2020\/12\/SNETAP-Logo.jpg","width":464,"height":334,"caption":"SNETAP-FSU - HAUTS-DE-FRANCE"},"image":{"@id":"https:\/\/regions-snetap-fsu.fr\/hdf\/#\/schema\/logo\/image\/"},"sameAs":["https:\/\/x.com\/MartinageSnetap"]},{"@type":"Person","@id":"https:\/\/regions-snetap-fsu.fr\/hdf\/#\/schema\/person\/fa09b77e508eb2889a1c2dd6f4cf3149","name":"Regis Martinage","image":{"@type":"ImageObject","inLanguage":"fr-FR","@id":"https:\/\/secure.gravatar.com\/avatar\/7ae2aaabfe5b8d5c7b9361e91002ca9ec93c38c63c9a1d06ae19f03a5dc70dd7?s=96&d=mm&r=g","url":"https:\/\/secure.gravatar.com\/avatar\/7ae2aaabfe5b8d5c7b9361e91002ca9ec93c38c63c9a1d06ae19f03a5dc70dd7?s=96&d=mm&r=g","contentUrl":"https:\/\/secure.gravatar.com\/avatar\/7ae2aaabfe5b8d5c7b9361e91002ca9ec93c38c63c9a1d06ae19f03a5dc70dd7?s=96&d=mm&r=g","caption":"Regis Martinage"},"url":"https:\/\/regions-snetap-fsu.fr\/hdf\/author\/r-martinage\/"}]}},"_links":{"self":[{"href":"https:\/\/regions-snetap-fsu.fr\/hdf\/wp-json\/wp\/v2\/posts\/3601","targetHints":{"allow":["GET"]}}],"collection":[{"href":"https:\/\/regions-snetap-fsu.fr\/hdf\/wp-json\/wp\/v2\/posts"}],"about":[{"href":"https:\/\/regions-snetap-fsu.fr\/hdf\/wp-json\/wp\/v2\/types\/post"}],"author":[{"embeddable":true,"href":"https:\/\/regions-snetap-fsu.fr\/hdf\/wp-json\/wp\/v2\/users\/88"}],"replies":[{"embeddable":true,"href":"https:\/\/regions-snetap-fsu.fr\/hdf\/wp-json\/wp\/v2\/comments?post=3601"}],"version-history":[{"count":13,"href":"https:\/\/regions-snetap-fsu.fr\/hdf\/wp-json\/wp\/v2\/posts\/3601\/revisions"}],"predecessor-version":[{"id":3624,"href":"https:\/\/regions-snetap-fsu.fr\/hdf\/wp-json\/wp\/v2\/posts\/3601\/revisions\/3624"}],"wp:attachment":[{"href":"https:\/\/regions-snetap-fsu.fr\/hdf\/wp-json\/wp\/v2\/media?parent=3601"}],"wp:term":[{"taxonomy":"category","embeddable":true,"href":"https:\/\/regions-snetap-fsu.fr\/hdf\/wp-json\/wp\/v2\/categories?post=3601"},{"taxonomy":"post_tag","embeddable":true,"href":"https:\/\/regions-snetap-fsu.fr\/hdf\/wp-json\/wp\/v2\/tags?post=3601"},{"taxonomy":"post_folder","embeddable":true,"href":"https:\/\/regions-snetap-fsu.fr\/hdf\/wp-json\/wp\/v2\/post_folder?post=3601"}],"curies":[{"name":"wp","href":"https:\/\/api.w.org\/{rel}","templated":true}]}}