{"id":3491,"date":"2019-11-25T11:45:57","date_gmt":"2019-11-25T10:45:57","guid":{"rendered":"https:\/\/regions-snetap-fsu.fr\/hdf\/?p=3491"},"modified":"2019-12-08T12:29:13","modified_gmt":"2019-12-08T11:29:13","slug":"bus-fsu-pour-la-manifestation-du-5-decembre-2019-14h30-porte-de-paris-a-lille","status":"publish","type":"post","link":"https:\/\/regions-snetap-fsu.fr\/hdf\/2019\/11\/25\/bus-fsu-pour-la-manifestation-du-5-decembre-2019-14h30-porte-de-paris-a-lille\/","title":{"rendered":"BUS FSU pour la manifestation du 5 d\u00e9cembre 2019, 14h30 Porte de Paris \u00e0 Lille"},"content":{"rendered":"<h2 style=\"text-align: center\"><span style=\"color: #ff0000\">BUS FSU pour la manifestation<\/span><\/h2>\n<h2 style=\"text-align: center\"><span style=\"color: #ff0000\">du 5 d\u00e9cembre 2019,<\/span><\/h2>\n<h2 style=\"text-align: center\"><span style=\"color: #ff0000\">14h30 Porte de Paris \u00e0 Lille<\/span><\/h2>\n<blockquote>\n<p style=\"text-align: justify\" align=\"center\"><span style=\"font-family: tahoma, arial, helvetica, sans-serif;color: #0000ff\"><span style=\"font-size: medium\"><b><span style=\"font-size: large\"><i>Inscriptions obligatoires &#8211; jusqu\u2019au lundi 2 d\u00e9cembre de pr\u00e9f\u00e9rence par SMS en donnant vos coordonn\u00e9es pr\u00e9cises (nom, pr\u00e9nom, syndicat, point de d\u00e9part, t\u00e9l) <\/i><\/span><\/b><\/span><\/span><\/p>\n<p style=\"text-align: justify\" align=\"center\"><span style=\"font-family: tahoma, arial, helvetica, sans-serif;color: #ff0000\"><span style=\"font-size: medium\"><b><i>Attention : en raison d\u2019une forte participation attendue, il est n\u00e9cessaire de s\u2019inscrire le plus t\u00f4t possible&#8230;<\/i><\/b><\/span><\/span><\/p>\n<\/blockquote>\n<p style=\"text-align: justify\" align=\"center\"><!--more--><\/p>\n<p align=\"center\"><img decoding=\"async\" class=\"spip_logo spip_logos\" src=\"http:\/\/sd62.fsu.fr\/local\/cache-vignettes\/L150xH75\/arton1432-281a6.jpg?1573993384\" alt=\"\" width=\"150\" height=\"75\" \/><\/p>\n<p style=\"text-align: justify\"><span style=\"font-family: tahoma, arial, helvetica, sans-serif;font-size: 12pt;color: #0000ff\">La FSU 59\/62 met \u00e0 disposition des bus, gratuit pour les syndiqu\u00e9\u00b7es (5\u20ac pour les non-syndiqu\u00e9\u00b7es \u00e0 un syndicat de la FSU).<\/span><\/p>\n<p style=\"text-align: justify\"><span style=\"font-family: tahoma, arial, helvetica, sans-serif;font-size: 12pt;color: #0000ff\"><b>LIGNE 1 : B\u00c9THUNE-LENS <span style=\"color: #ff0000\">COMPLET<\/span><br \/>\n<\/b><\/span><\/p>\n<ul>\n<li style=\"text-align: justify\"><span style=\"font-family: tahoma, arial, helvetica, sans-serif;font-size: 12pt;color: #0000ff\">Pour B\u00e9thune\u00a0: 12h30 &#8211; Place Foch <\/span><\/li>\n<li style=\"text-align: justify\"><span style=\"font-family: tahoma, arial, helvetica, sans-serif;font-size: 12pt;color: #0000ff\">Pour Lens : 13h15 &#8211; Place du Cantin<\/span><\/li>\n<\/ul>\n<p style=\"text-align: justify\"><span style=\"font-family: tahoma, arial, helvetica, sans-serif;font-size: 12pt;color: #0000ff\">Contact : Sarah Chaudesaigues &#8211; 06 71 42 02 05<\/span><\/p>\n<p><span style=\"font-family: tahoma, arial, helvetica, sans-serif;font-size: 12pt;color: #0000ff\"><b>LIGNE 2 : BOULOGNE-CALAIS-DUNKERQUE <span style=\"color: #ff0000\">COMPLET<\/span><br \/>\n<\/b><\/span><\/p>\n<ul>\n<li><span style=\"font-family: tahoma, arial, helvetica, sans-serif;font-size: 12pt;color: #0000ff\">Pour Boulogne : 12h00 &#8211; <\/span><span style=\"font-family: tahoma, arial, helvetica, sans-serif;font-size: 12pt;color: #0000ff\">Gare<\/span><\/li>\n<li><span style=\"font-family: tahoma, arial, helvetica, sans-serif;font-size: 12pt;color: #0000ff\">Pour Calais : 12h30 &#8211; <\/span><span style=\"font-family: tahoma, arial, helvetica, sans-serif;font-size: 12pt;color: #0000ff\">Parking Gifi<\/span><\/li>\n<li><span style=\"font-family: tahoma, arial, helvetica, sans-serif;font-size: 12pt;color: #0000ff\">Pour Grande Synthe : 13h00 &#8211; <\/span><span style=\"font-family: tahoma, arial, helvetica, sans-serif;font-size: 12pt;color: #0000ff\">parking intersport Auchan<\/span><\/li>\n<li><span style=\"font-family: tahoma, arial, helvetica, sans-serif;font-size: 12pt;color: #0000ff\">Pour Bailleul : 13h30 &#8211; <\/span><span style=\"font-family: tahoma, arial, helvetica, sans-serif;font-size: 12pt;color: #0000ff\">(sortie centre commercial) parking Decathlon<\/span><\/li>\n<li><span style=\"color: #0000ff;font-family: tahoma, arial, helvetica, sans-serif\">Pour La Chapelle d&rsquo;Armenti\u00e8res : 13h45 &#8211; Parking M. Blach\u00e8re<\/span><\/li>\n<\/ul>\n<p><span style=\"font-family: tahoma, arial, helvetica, sans-serif;font-size: 12pt;color: #0000ff\">Contact\u00a0: Olivier Carraud &#8211; 06 84 23 84 22<\/span><\/p>\n<p><span style=\"font-family: tahoma, arial, helvetica, sans-serif;font-size: 12pt;color: #0000ff\"><b>LIGNE 3 : CAMBRAI-DOUAI : <span style=\"color: #ff0000\">COMPLET<\/span><\/b><br \/>\n<\/span><\/p>\n<ul>\n<li><span style=\"font-family: tahoma, arial, helvetica, sans-serif;font-size: 12pt;color: #0000ff\">Pour Cambrai\u00a0: 12h30 &#8211; devant la piscine libert\u00e9\u00a0<\/span><\/li>\n<li><span style=\"font-family: tahoma, arial, helvetica, sans-serif;font-size: 12pt;color: #0000ff\">Pour Douai : 13h15 &#8211; Place du Barlet<\/span><\/li>\n<\/ul>\n<p><span style=\"font-family: tahoma, arial, helvetica, sans-serif;font-size: 12pt;color: #0000ff\">Contact : Vincent Perlot &#8211; 06 82 40 85 96<\/span><\/p>\n<p><span style=\"font-family: tahoma, arial, helvetica, sans-serif;font-size: 12pt\"><strong><span style=\"color: #0000ff\">LIGNE 4 : ARRAS <span style=\"color: #ff0000\"><b>COMPLET<\/b><\/span><br \/>\n<\/span><\/strong><\/span><\/p>\n<ul>\n<li><span style=\"color: #0000ff;font-family: tahoma, arial, helvetica, sans-serif;font-size: 12pt\">Pour Arras : 12h30 &#8211; Gare<\/span><\/li>\n<\/ul>\n<p><span style=\"color: #0000ff;font-family: tahoma, arial, helvetica, sans-serif;font-size: 12pt\">Contact ; Catherine Piecuch &#8211; 06 63 10 79 13 (inscription uniquement par SMS : <b><i>nom, pr\u00e9nom, syndicat, point de d\u00e9part, t\u00e9l<\/i><\/b>)<\/span><\/p>\n<blockquote>\n<p style=\"text-align: center\"><strong><span style=\"font-family: tahoma, arial, helvetica, sans-serif;color: #ff0000\">Attention,<\/span><\/strong><\/p>\n<p style=\"text-align: justify\"><strong><span style=\"font-family: tahoma, arial, helvetica, sans-serif;color: #ff0000\">cet article est susceptible d&rsquo;\u00e9voluer au gr\u00e9 des informations, n&rsquo;h\u00e9sitez pas \u00e0 le consulter r\u00e9guli\u00e8rement.<\/span><\/strong><\/p>\n<\/blockquote>\n<p><span style=\"text-decoration: underline;color: #000000\"><a style=\"color: #000000;text-decoration: underline\" href=\"https:\/\/regions-snetap-fsu.fr\/hdf\/wp-content\/uploads\/sites\/5\/2019\/11\/bus-Manifestation-du-jeudi-5-d\u00e9cembre-2019-2.pdf\" target=\"_blank\" rel=\"noopener noreferrer\"><span style=\"font-family: tahoma, arial, helvetica, sans-serif;font-size: 12pt\">Lien : Pour t\u00e9l\u00e9charger l&rsquo;affiche des bus FSU (mise \u00e0 jour)<\/span><\/a><\/span><\/p>\n<p style=\"text-align: justify\"><span style=\"font-family: tahoma, arial, helvetica, sans-serif;color: #0000ff;font-size: 12pt\">N&rsquo;oubliez pas de consulter le Widget \u00ab\u00a0Pour mieux comprendre\u00a0\u00bb \u00e0 droite de ce blog, pour comprendre les enjeux de la r\u00e9forme des retraites. Pour enseignant\u00b7es et CPE, un simulateur du SNES \u00e0 votre disposition.<\/span><\/p>\n<p><img decoding=\"async\" class=\"aligncenter size-medium wp-image-3292\" src=\"https:\/\/regions-snetap-fsu.fr\/hdf\/wp-content\/uploads\/sites\/5\/2019\/10\/Greve_reforme_retraite_5_dec_2019-300x97.png\" alt=\"\" width=\"300\" height=\"97\" srcset=\"https:\/\/regions-snetap-fsu.fr\/hdf\/wp-content\/uploads\/sites\/5\/2019\/10\/Greve_reforme_retraite_5_dec_2019-300x97.png 300w, https:\/\/regions-snetap-fsu.fr\/hdf\/wp-content\/uploads\/sites\/5\/2019\/10\/Greve_reforme_retraite_5_dec_2019-100x32.png 100w, https:\/\/regions-snetap-fsu.fr\/hdf\/wp-content\/uploads\/sites\/5\/2019\/10\/Greve_reforme_retraite_5_dec_2019-150x49.png 150w, https:\/\/regions-snetap-fsu.fr\/hdf\/wp-content\/uploads\/sites\/5\/2019\/10\/Greve_reforme_retraite_5_dec_2019-200x65.png 200w, https:\/\/regions-snetap-fsu.fr\/hdf\/wp-content\/uploads\/sites\/5\/2019\/10\/Greve_reforme_retraite_5_dec_2019-450x146.png 450w, https:\/\/regions-snetap-fsu.fr\/hdf\/wp-content\/uploads\/sites\/5\/2019\/10\/Greve_reforme_retraite_5_dec_2019-600x195.png 600w, https:\/\/regions-snetap-fsu.fr\/hdf\/wp-content\/uploads\/sites\/5\/2019\/10\/Greve_reforme_retraite_5_dec_2019.png 672w\" sizes=\"(max-width: 300px) 100vw, 300px\" \/><\/p>\n","protected":false},"excerpt":{"rendered":"<p>BUS FSU pour la manifestation du 5 d\u00e9cembre 2019, 14h30 Porte de Paris \u00e0 Lille Inscriptions obligatoires &#8211; jusqu\u2019au lundi 2 d\u00e9cembre de pr\u00e9f\u00e9rence par SMS en donnant vos coordonn\u00e9es pr\u00e9cises (nom, pr\u00e9nom, syndicat, point de d\u00e9part, t\u00e9l) Attention : en raison d\u2019une forte participation attendue, il est n\u00e9cessaire de s\u2019inscrire le plus t\u00f4t possible&#8230;<\/p>\n","protected":false},"author":88,"featured_media":0,"comment_status":"closed","ping_status":"closed","sticky":false,"template":"","format":"standard","meta":{"ocean_post_layout":"","ocean_both_sidebars_style":"","ocean_both_sidebars_content_width":0,"ocean_both_sidebars_sidebars_width":0,"ocean_sidebar":"","ocean_second_sidebar":"","ocean_disable_margins":"enable","ocean_add_body_class":"","ocean_shortcode_before_top_bar":"","ocean_shortcode_after_top_bar":"","ocean_shortcode_before_header":"","ocean_shortcode_after_header":"","ocean_has_shortcode":"","ocean_shortcode_after_title":"","ocean_shortcode_before_footer_widgets":"","ocean_shortcode_after_footer_widgets":"","ocean_shortcode_before_footer_bottom":"","ocean_shortcode_after_footer_bottom":"","ocean_display_top_bar":"default","ocean_display_header":"default","ocean_header_style":"","ocean_center_header_left_menu":"","ocean_custom_header_template":"","ocean_custom_logo":0,"ocean_custom_retina_logo":0,"ocean_custom_logo_max_width":0,"ocean_custom_logo_tablet_max_width":0,"ocean_custom_logo_mobile_max_width":0,"ocean_custom_logo_max_height":0,"ocean_custom_logo_tablet_max_height":0,"ocean_custom_logo_mobile_max_height":0,"ocean_header_custom_menu":"","ocean_menu_typo_font_family":"","ocean_menu_typo_font_subset":"","ocean_menu_typo_font_size":0,"ocean_menu_typo_font_size_tablet":0,"ocean_menu_typo_font_size_mobile":0,"ocean_menu_typo_font_size_unit":"px","ocean_menu_typo_font_weight":"","ocean_menu_typo_font_weight_tablet":"","ocean_menu_typo_font_weight_mobile":"","ocean_menu_typo_transform":"","ocean_menu_typo_transform_tablet":"","ocean_menu_typo_transform_mobile":"","ocean_menu_typo_line_height":0,"ocean_menu_typo_line_height_tablet":0,"ocean_menu_typo_line_height_mobile":0,"ocean_menu_typo_line_height_unit":"","ocean_menu_typo_spacing":0,"ocean_menu_typo_spacing_tablet":0,"ocean_menu_typo_spacing_mobile":0,"ocean_menu_typo_spacing_unit":"","ocean_menu_link_color":"","ocean_menu_link_color_hover":"","ocean_menu_link_color_active":"","ocean_menu_link_background":"","ocean_menu_link_hover_background":"","ocean_menu_link_active_background":"","ocean_menu_social_links_bg":"","ocean_menu_social_hover_links_bg":"","ocean_menu_social_links_color":"","ocean_menu_social_hover_links_color":"","ocean_disable_title":"default","ocean_disable_heading":"default","ocean_post_title":"","ocean_post_subheading":"","ocean_post_title_style":"","ocean_post_title_background_color":"","ocean_post_title_background":0,"ocean_post_title_bg_image_position":"","ocean_post_title_bg_image_attachment":"","ocean_post_title_bg_image_repeat":"","ocean_post_title_bg_image_size":"","ocean_post_title_height":0,"ocean_post_title_bg_overlay":0.5,"ocean_post_title_bg_overlay_color":"","ocean_disable_breadcrumbs":"default","ocean_breadcrumbs_color":"","ocean_breadcrumbs_separator_color":"","ocean_breadcrumbs_links_color":"","ocean_breadcrumbs_links_hover_color":"","ocean_display_footer_widgets":"default","ocean_display_footer_bottom":"default","ocean_custom_footer_template":"","ocean_post_oembed":"","ocean_post_self_hosted_media":"","ocean_post_video_embed":"","ocean_link_format":"","ocean_link_format_target":"self","ocean_quote_format":"","ocean_quote_format_link":"post","ocean_gallery_link_images":"on","ocean_gallery_id":[],"footnotes":""},"categories":[2],"tags":[],"post_folder":[],"class_list":["post-3491","post","type-post","status-publish","format-standard","hentry","category-actions-greves-manifs","entry"],"yoast_head":"<!-- This site is optimized with the Yoast SEO plugin v27.4 - https:\/\/yoast.com\/product\/yoast-seo-wordpress\/ -->\n<title>BUS FSU pour la manifestation du 5 d\u00e9cembre 2019, 14h30 Porte de Paris \u00e0 Lille - HAUTS-DE-FRANCE<\/title>\n<meta name=\"robots\" content=\"index, follow, max-snippet:-1, max-image-preview:large, max-video-preview:-1\" \/>\n<link rel=\"canonical\" href=\"https:\/\/regions-snetap-fsu.fr\/hdf\/2019\/11\/25\/bus-fsu-pour-la-manifestation-du-5-decembre-2019-14h30-porte-de-paris-a-lille\/\" \/>\n<meta property=\"og:locale\" content=\"fr_FR\" \/>\n<meta property=\"og:type\" content=\"article\" \/>\n<meta property=\"og:title\" content=\"BUS FSU pour la manifestation du 5 d\u00e9cembre 2019, 14h30 Porte de Paris \u00e0 Lille - HAUTS-DE-FRANCE\" \/>\n<meta property=\"og:description\" content=\"BUS FSU pour la manifestation du 5 d\u00e9cembre 2019, 14h30 Porte de Paris \u00e0 Lille Inscriptions obligatoires &#8211; jusqu\u2019au lundi 2 d\u00e9cembre de pr\u00e9f\u00e9rence par SMS en donnant vos coordonn\u00e9es pr\u00e9cises (nom, pr\u00e9nom, syndicat, point de d\u00e9part, t\u00e9l) Attention : en raison d\u2019une forte participation attendue, il est n\u00e9cessaire de s\u2019inscrire le plus t\u00f4t possible&#8230;\" \/>\n<meta property=\"og:url\" content=\"https:\/\/regions-snetap-fsu.fr\/hdf\/2019\/11\/25\/bus-fsu-pour-la-manifestation-du-5-decembre-2019-14h30-porte-de-paris-a-lille\/\" \/>\n<meta property=\"og:site_name\" content=\"HAUTS-DE-FRANCE\" \/>\n<meta property=\"article:published_time\" content=\"2019-11-25T10:45:57+00:00\" \/>\n<meta property=\"article:modified_time\" content=\"2019-12-08T11:29:13+00:00\" \/>\n<meta property=\"og:image\" content=\"http:\/\/sd62.fsu.fr\/local\/cache-vignettes\/L150xH75\/arton1432-281a6.jpg?1573993384\" \/>\n<meta name=\"author\" content=\"Regis Martinage\" \/>\n<meta name=\"twitter:card\" content=\"summary_large_image\" \/>\n<meta name=\"twitter:creator\" content=\"@MartinageSnetap\" \/>\n<meta name=\"twitter:site\" content=\"@MartinageSnetap\" \/>\n<meta name=\"twitter:label1\" content=\"\u00c9crit par\" \/>\n\t<meta name=\"twitter:data1\" content=\"Regis Martinage\" \/>\n\t<meta name=\"twitter:label2\" content=\"Dur\u00e9e de lecture estim\u00e9e\" \/>\n\t<meta name=\"twitter:data2\" content=\"1 minute\" \/>\n<script type=\"application\/ld+json\" class=\"yoast-schema-graph\">{\"@context\":\"https:\\\/\\\/schema.org\",\"@graph\":[{\"@type\":\"Article\",\"@id\":\"https:\\\/\\\/regions-snetap-fsu.fr\\\/hdf\\\/2019\\\/11\\\/25\\\/bus-fsu-pour-la-manifestation-du-5-decembre-2019-14h30-porte-de-paris-a-lille\\\/#article\",\"isPartOf\":{\"@id\":\"https:\\\/\\\/regions-snetap-fsu.fr\\\/hdf\\\/2019\\\/11\\\/25\\\/bus-fsu-pour-la-manifestation-du-5-decembre-2019-14h30-porte-de-paris-a-lille\\\/\"},\"author\":{\"name\":\"Regis Martinage\",\"@id\":\"https:\\\/\\\/regions-snetap-fsu.fr\\\/hdf\\\/#\\\/schema\\\/person\\\/fa09b77e508eb2889a1c2dd6f4cf3149\"},\"headline\":\"BUS FSU pour la manifestation du 5 d\u00e9cembre 2019, 14h30 Porte de Paris \u00e0 Lille\",\"datePublished\":\"2019-11-25T10:45:57+00:00\",\"dateModified\":\"2019-12-08T11:29:13+00:00\",\"mainEntityOfPage\":{\"@id\":\"https:\\\/\\\/regions-snetap-fsu.fr\\\/hdf\\\/2019\\\/11\\\/25\\\/bus-fsu-pour-la-manifestation-du-5-decembre-2019-14h30-porte-de-paris-a-lille\\\/\"},\"wordCount\":281,\"publisher\":{\"@id\":\"https:\\\/\\\/regions-snetap-fsu.fr\\\/hdf\\\/#organization\"},\"image\":{\"@id\":\"https:\\\/\\\/regions-snetap-fsu.fr\\\/hdf\\\/2019\\\/11\\\/25\\\/bus-fsu-pour-la-manifestation-du-5-decembre-2019-14h30-porte-de-paris-a-lille\\\/#primaryimage\"},\"thumbnailUrl\":\"http:\\\/\\\/sd62.fsu.fr\\\/local\\\/cache-vignettes\\\/L150xH75\\\/arton1432-281a6.jpg?1573993384\",\"articleSection\":[\"Actions - Gr\u00e8ves - Manifs\"],\"inLanguage\":\"fr-FR\"},{\"@type\":\"WebPage\",\"@id\":\"https:\\\/\\\/regions-snetap-fsu.fr\\\/hdf\\\/2019\\\/11\\\/25\\\/bus-fsu-pour-la-manifestation-du-5-decembre-2019-14h30-porte-de-paris-a-lille\\\/\",\"url\":\"https:\\\/\\\/regions-snetap-fsu.fr\\\/hdf\\\/2019\\\/11\\\/25\\\/bus-fsu-pour-la-manifestation-du-5-decembre-2019-14h30-porte-de-paris-a-lille\\\/\",\"name\":\"BUS FSU pour la manifestation du 5 d\u00e9cembre 2019, 14h30 Porte de Paris \u00e0 Lille - HAUTS-DE-FRANCE\",\"isPartOf\":{\"@id\":\"https:\\\/\\\/regions-snetap-fsu.fr\\\/hdf\\\/#website\"},\"primaryImageOfPage\":{\"@id\":\"https:\\\/\\\/regions-snetap-fsu.fr\\\/hdf\\\/2019\\\/11\\\/25\\\/bus-fsu-pour-la-manifestation-du-5-decembre-2019-14h30-porte-de-paris-a-lille\\\/#primaryimage\"},\"image\":{\"@id\":\"https:\\\/\\\/regions-snetap-fsu.fr\\\/hdf\\\/2019\\\/11\\\/25\\\/bus-fsu-pour-la-manifestation-du-5-decembre-2019-14h30-porte-de-paris-a-lille\\\/#primaryimage\"},\"thumbnailUrl\":\"http:\\\/\\\/sd62.fsu.fr\\\/local\\\/cache-vignettes\\\/L150xH75\\\/arton1432-281a6.jpg?1573993384\",\"datePublished\":\"2019-11-25T10:45:57+00:00\",\"dateModified\":\"2019-12-08T11:29:13+00:00\",\"breadcrumb\":{\"@id\":\"https:\\\/\\\/regions-snetap-fsu.fr\\\/hdf\\\/2019\\\/11\\\/25\\\/bus-fsu-pour-la-manifestation-du-5-decembre-2019-14h30-porte-de-paris-a-lille\\\/#breadcrumb\"},\"inLanguage\":\"fr-FR\",\"potentialAction\":[{\"@type\":\"ReadAction\",\"target\":[\"https:\\\/\\\/regions-snetap-fsu.fr\\\/hdf\\\/2019\\\/11\\\/25\\\/bus-fsu-pour-la-manifestation-du-5-decembre-2019-14h30-porte-de-paris-a-lille\\\/\"]}]},{\"@type\":\"ImageObject\",\"inLanguage\":\"fr-FR\",\"@id\":\"https:\\\/\\\/regions-snetap-fsu.fr\\\/hdf\\\/2019\\\/11\\\/25\\\/bus-fsu-pour-la-manifestation-du-5-decembre-2019-14h30-porte-de-paris-a-lille\\\/#primaryimage\",\"url\":\"http:\\\/\\\/sd62.fsu.fr\\\/local\\\/cache-vignettes\\\/L150xH75\\\/arton1432-281a6.jpg?1573993384\",\"contentUrl\":\"http:\\\/\\\/sd62.fsu.fr\\\/local\\\/cache-vignettes\\\/L150xH75\\\/arton1432-281a6.jpg?1573993384\"},{\"@type\":\"BreadcrumbList\",\"@id\":\"https:\\\/\\\/regions-snetap-fsu.fr\\\/hdf\\\/2019\\\/11\\\/25\\\/bus-fsu-pour-la-manifestation-du-5-decembre-2019-14h30-porte-de-paris-a-lille\\\/#breadcrumb\",\"itemListElement\":[{\"@type\":\"ListItem\",\"position\":1,\"name\":\"Accueil\",\"item\":\"https:\\\/\\\/regions-snetap-fsu.fr\\\/hdf\\\/\"},{\"@type\":\"ListItem\",\"position\":2,\"name\":\"Actions - Gr\u00e8ves - Manifs\",\"item\":\"https:\\\/\\\/regions-snetap-fsu.fr\\\/hdf\\\/category\\\/actions-greves-manifs\\\/\"},{\"@type\":\"ListItem\",\"position\":3,\"name\":\"BUS FSU pour la manifestation du 5 d\u00e9cembre 2019, 14h30 Porte de Paris \u00e0 Lille\"}]},{\"@type\":\"WebSite\",\"@id\":\"https:\\\/\\\/regions-snetap-fsu.fr\\\/hdf\\\/#website\",\"url\":\"https:\\\/\\\/regions-snetap-fsu.fr\\\/hdf\\\/\",\"name\":\"HAUTS-DE-FRANCE\",\"description\":\"Section r\u00e9gionale\",\"publisher\":{\"@id\":\"https:\\\/\\\/regions-snetap-fsu.fr\\\/hdf\\\/#organization\"},\"potentialAction\":[{\"@type\":\"SearchAction\",\"target\":{\"@type\":\"EntryPoint\",\"urlTemplate\":\"https:\\\/\\\/regions-snetap-fsu.fr\\\/hdf\\\/?s={search_term_string}\"},\"query-input\":{\"@type\":\"PropertyValueSpecification\",\"valueRequired\":true,\"valueName\":\"search_term_string\"}}],\"inLanguage\":\"fr-FR\"},{\"@type\":\"Organization\",\"@id\":\"https:\\\/\\\/regions-snetap-fsu.fr\\\/hdf\\\/#organization\",\"name\":\"SNETAP-FSU - HAUTS-DE-FRANCE\",\"url\":\"https:\\\/\\\/regions-snetap-fsu.fr\\\/hdf\\\/\",\"logo\":{\"@type\":\"ImageObject\",\"inLanguage\":\"fr-FR\",\"@id\":\"https:\\\/\\\/regions-snetap-fsu.fr\\\/hdf\\\/#\\\/schema\\\/logo\\\/image\\\/\",\"url\":\"https:\\\/\\\/regions-snetap-fsu.fr\\\/hdf\\\/wp-content\\\/uploads\\\/sites\\\/5\\\/2020\\\/12\\\/SNETAP-Logo.jpg\",\"contentUrl\":\"https:\\\/\\\/regions-snetap-fsu.fr\\\/hdf\\\/wp-content\\\/uploads\\\/sites\\\/5\\\/2020\\\/12\\\/SNETAP-Logo.jpg\",\"width\":464,\"height\":334,\"caption\":\"SNETAP-FSU - HAUTS-DE-FRANCE\"},\"image\":{\"@id\":\"https:\\\/\\\/regions-snetap-fsu.fr\\\/hdf\\\/#\\\/schema\\\/logo\\\/image\\\/\"},\"sameAs\":[\"https:\\\/\\\/x.com\\\/MartinageSnetap\"]},{\"@type\":\"Person\",\"@id\":\"https:\\\/\\\/regions-snetap-fsu.fr\\\/hdf\\\/#\\\/schema\\\/person\\\/fa09b77e508eb2889a1c2dd6f4cf3149\",\"name\":\"Regis Martinage\",\"image\":{\"@type\":\"ImageObject\",\"inLanguage\":\"fr-FR\",\"@id\":\"https:\\\/\\\/secure.gravatar.com\\\/avatar\\\/7ae2aaabfe5b8d5c7b9361e91002ca9ec93c38c63c9a1d06ae19f03a5dc70dd7?s=96&d=mm&r=g\",\"url\":\"https:\\\/\\\/secure.gravatar.com\\\/avatar\\\/7ae2aaabfe5b8d5c7b9361e91002ca9ec93c38c63c9a1d06ae19f03a5dc70dd7?s=96&d=mm&r=g\",\"contentUrl\":\"https:\\\/\\\/secure.gravatar.com\\\/avatar\\\/7ae2aaabfe5b8d5c7b9361e91002ca9ec93c38c63c9a1d06ae19f03a5dc70dd7?s=96&d=mm&r=g\",\"caption\":\"Regis Martinage\"},\"url\":\"https:\\\/\\\/regions-snetap-fsu.fr\\\/hdf\\\/author\\\/r-martinage\\\/\"}]}<\/script>\n<!-- \/ Yoast SEO plugin. -->","yoast_head_json":{"title":"BUS FSU pour la manifestation du 5 d\u00e9cembre 2019, 14h30 Porte de Paris \u00e0 Lille - HAUTS-DE-FRANCE","robots":{"index":"index","follow":"follow","max-snippet":"max-snippet:-1","max-image-preview":"max-image-preview:large","max-video-preview":"max-video-preview:-1"},"canonical":"https:\/\/regions-snetap-fsu.fr\/hdf\/2019\/11\/25\/bus-fsu-pour-la-manifestation-du-5-decembre-2019-14h30-porte-de-paris-a-lille\/","og_locale":"fr_FR","og_type":"article","og_title":"BUS FSU pour la manifestation du 5 d\u00e9cembre 2019, 14h30 Porte de Paris \u00e0 Lille - HAUTS-DE-FRANCE","og_description":"BUS FSU pour la manifestation du 5 d\u00e9cembre 2019, 14h30 Porte de Paris \u00e0 Lille Inscriptions obligatoires &#8211; jusqu\u2019au lundi 2 d\u00e9cembre de pr\u00e9f\u00e9rence par SMS en donnant vos coordonn\u00e9es pr\u00e9cises (nom, pr\u00e9nom, syndicat, point de d\u00e9part, t\u00e9l) Attention : en raison d\u2019une forte participation attendue, il est n\u00e9cessaire de s\u2019inscrire le plus t\u00f4t possible&#8230;","og_url":"https:\/\/regions-snetap-fsu.fr\/hdf\/2019\/11\/25\/bus-fsu-pour-la-manifestation-du-5-decembre-2019-14h30-porte-de-paris-a-lille\/","og_site_name":"HAUTS-DE-FRANCE","article_published_time":"2019-11-25T10:45:57+00:00","article_modified_time":"2019-12-08T11:29:13+00:00","og_image":[{"url":"http:\/\/sd62.fsu.fr\/local\/cache-vignettes\/L150xH75\/arton1432-281a6.jpg?1573993384","type":"","width":"","height":""}],"author":"Regis Martinage","twitter_card":"summary_large_image","twitter_creator":"@MartinageSnetap","twitter_site":"@MartinageSnetap","twitter_misc":{"\u00c9crit par":"Regis Martinage","Dur\u00e9e de lecture estim\u00e9e":"1 minute"},"schema":{"@context":"https:\/\/schema.org","@graph":[{"@type":"Article","@id":"https:\/\/regions-snetap-fsu.fr\/hdf\/2019\/11\/25\/bus-fsu-pour-la-manifestation-du-5-decembre-2019-14h30-porte-de-paris-a-lille\/#article","isPartOf":{"@id":"https:\/\/regions-snetap-fsu.fr\/hdf\/2019\/11\/25\/bus-fsu-pour-la-manifestation-du-5-decembre-2019-14h30-porte-de-paris-a-lille\/"},"author":{"name":"Regis Martinage","@id":"https:\/\/regions-snetap-fsu.fr\/hdf\/#\/schema\/person\/fa09b77e508eb2889a1c2dd6f4cf3149"},"headline":"BUS FSU pour la manifestation du 5 d\u00e9cembre 2019, 14h30 Porte de Paris \u00e0 Lille","datePublished":"2019-11-25T10:45:57+00:00","dateModified":"2019-12-08T11:29:13+00:00","mainEntityOfPage":{"@id":"https:\/\/regions-snetap-fsu.fr\/hdf\/2019\/11\/25\/bus-fsu-pour-la-manifestation-du-5-decembre-2019-14h30-porte-de-paris-a-lille\/"},"wordCount":281,"publisher":{"@id":"https:\/\/regions-snetap-fsu.fr\/hdf\/#organization"},"image":{"@id":"https:\/\/regions-snetap-fsu.fr\/hdf\/2019\/11\/25\/bus-fsu-pour-la-manifestation-du-5-decembre-2019-14h30-porte-de-paris-a-lille\/#primaryimage"},"thumbnailUrl":"http:\/\/sd62.fsu.fr\/local\/cache-vignettes\/L150xH75\/arton1432-281a6.jpg?1573993384","articleSection":["Actions - Gr\u00e8ves - Manifs"],"inLanguage":"fr-FR"},{"@type":"WebPage","@id":"https:\/\/regions-snetap-fsu.fr\/hdf\/2019\/11\/25\/bus-fsu-pour-la-manifestation-du-5-decembre-2019-14h30-porte-de-paris-a-lille\/","url":"https:\/\/regions-snetap-fsu.fr\/hdf\/2019\/11\/25\/bus-fsu-pour-la-manifestation-du-5-decembre-2019-14h30-porte-de-paris-a-lille\/","name":"BUS FSU pour la manifestation du 5 d\u00e9cembre 2019, 14h30 Porte de Paris \u00e0 Lille - HAUTS-DE-FRANCE","isPartOf":{"@id":"https:\/\/regions-snetap-fsu.fr\/hdf\/#website"},"primaryImageOfPage":{"@id":"https:\/\/regions-snetap-fsu.fr\/hdf\/2019\/11\/25\/bus-fsu-pour-la-manifestation-du-5-decembre-2019-14h30-porte-de-paris-a-lille\/#primaryimage"},"image":{"@id":"https:\/\/regions-snetap-fsu.fr\/hdf\/2019\/11\/25\/bus-fsu-pour-la-manifestation-du-5-decembre-2019-14h30-porte-de-paris-a-lille\/#primaryimage"},"thumbnailUrl":"http:\/\/sd62.fsu.fr\/local\/cache-vignettes\/L150xH75\/arton1432-281a6.jpg?1573993384","datePublished":"2019-11-25T10:45:57+00:00","dateModified":"2019-12-08T11:29:13+00:00","breadcrumb":{"@id":"https:\/\/regions-snetap-fsu.fr\/hdf\/2019\/11\/25\/bus-fsu-pour-la-manifestation-du-5-decembre-2019-14h30-porte-de-paris-a-lille\/#breadcrumb"},"inLanguage":"fr-FR","potentialAction":[{"@type":"ReadAction","target":["https:\/\/regions-snetap-fsu.fr\/hdf\/2019\/11\/25\/bus-fsu-pour-la-manifestation-du-5-decembre-2019-14h30-porte-de-paris-a-lille\/"]}]},{"@type":"ImageObject","inLanguage":"fr-FR","@id":"https:\/\/regions-snetap-fsu.fr\/hdf\/2019\/11\/25\/bus-fsu-pour-la-manifestation-du-5-decembre-2019-14h30-porte-de-paris-a-lille\/#primaryimage","url":"http:\/\/sd62.fsu.fr\/local\/cache-vignettes\/L150xH75\/arton1432-281a6.jpg?1573993384","contentUrl":"http:\/\/sd62.fsu.fr\/local\/cache-vignettes\/L150xH75\/arton1432-281a6.jpg?1573993384"},{"@type":"BreadcrumbList","@id":"https:\/\/regions-snetap-fsu.fr\/hdf\/2019\/11\/25\/bus-fsu-pour-la-manifestation-du-5-decembre-2019-14h30-porte-de-paris-a-lille\/#breadcrumb","itemListElement":[{"@type":"ListItem","position":1,"name":"Accueil","item":"https:\/\/regions-snetap-fsu.fr\/hdf\/"},{"@type":"ListItem","position":2,"name":"Actions - Gr\u00e8ves - Manifs","item":"https:\/\/regions-snetap-fsu.fr\/hdf\/category\/actions-greves-manifs\/"},{"@type":"ListItem","position":3,"name":"BUS FSU pour la manifestation du 5 d\u00e9cembre 2019, 14h30 Porte de Paris \u00e0 Lille"}]},{"@type":"WebSite","@id":"https:\/\/regions-snetap-fsu.fr\/hdf\/#website","url":"https:\/\/regions-snetap-fsu.fr\/hdf\/","name":"HAUTS-DE-FRANCE","description":"Section r\u00e9gionale","publisher":{"@id":"https:\/\/regions-snetap-fsu.fr\/hdf\/#organization"},"potentialAction":[{"@type":"SearchAction","target":{"@type":"EntryPoint","urlTemplate":"https:\/\/regions-snetap-fsu.fr\/hdf\/?s={search_term_string}"},"query-input":{"@type":"PropertyValueSpecification","valueRequired":true,"valueName":"search_term_string"}}],"inLanguage":"fr-FR"},{"@type":"Organization","@id":"https:\/\/regions-snetap-fsu.fr\/hdf\/#organization","name":"SNETAP-FSU - HAUTS-DE-FRANCE","url":"https:\/\/regions-snetap-fsu.fr\/hdf\/","logo":{"@type":"ImageObject","inLanguage":"fr-FR","@id":"https:\/\/regions-snetap-fsu.fr\/hdf\/#\/schema\/logo\/image\/","url":"https:\/\/regions-snetap-fsu.fr\/hdf\/wp-content\/uploads\/sites\/5\/2020\/12\/SNETAP-Logo.jpg","contentUrl":"https:\/\/regions-snetap-fsu.fr\/hdf\/wp-content\/uploads\/sites\/5\/2020\/12\/SNETAP-Logo.jpg","width":464,"height":334,"caption":"SNETAP-FSU - HAUTS-DE-FRANCE"},"image":{"@id":"https:\/\/regions-snetap-fsu.fr\/hdf\/#\/schema\/logo\/image\/"},"sameAs":["https:\/\/x.com\/MartinageSnetap"]},{"@type":"Person","@id":"https:\/\/regions-snetap-fsu.fr\/hdf\/#\/schema\/person\/fa09b77e508eb2889a1c2dd6f4cf3149","name":"Regis Martinage","image":{"@type":"ImageObject","inLanguage":"fr-FR","@id":"https:\/\/secure.gravatar.com\/avatar\/7ae2aaabfe5b8d5c7b9361e91002ca9ec93c38c63c9a1d06ae19f03a5dc70dd7?s=96&d=mm&r=g","url":"https:\/\/secure.gravatar.com\/avatar\/7ae2aaabfe5b8d5c7b9361e91002ca9ec93c38c63c9a1d06ae19f03a5dc70dd7?s=96&d=mm&r=g","contentUrl":"https:\/\/secure.gravatar.com\/avatar\/7ae2aaabfe5b8d5c7b9361e91002ca9ec93c38c63c9a1d06ae19f03a5dc70dd7?s=96&d=mm&r=g","caption":"Regis Martinage"},"url":"https:\/\/regions-snetap-fsu.fr\/hdf\/author\/r-martinage\/"}]}},"_links":{"self":[{"href":"https:\/\/regions-snetap-fsu.fr\/hdf\/wp-json\/wp\/v2\/posts\/3491","targetHints":{"allow":["GET"]}}],"collection":[{"href":"https:\/\/regions-snetap-fsu.fr\/hdf\/wp-json\/wp\/v2\/posts"}],"about":[{"href":"https:\/\/regions-snetap-fsu.fr\/hdf\/wp-json\/wp\/v2\/types\/post"}],"author":[{"embeddable":true,"href":"https:\/\/regions-snetap-fsu.fr\/hdf\/wp-json\/wp\/v2\/users\/88"}],"replies":[{"embeddable":true,"href":"https:\/\/regions-snetap-fsu.fr\/hdf\/wp-json\/wp\/v2\/comments?post=3491"}],"version-history":[{"count":27,"href":"https:\/\/regions-snetap-fsu.fr\/hdf\/wp-json\/wp\/v2\/posts\/3491\/revisions"}],"predecessor-version":[{"id":3777,"href":"https:\/\/regions-snetap-fsu.fr\/hdf\/wp-json\/wp\/v2\/posts\/3491\/revisions\/3777"}],"wp:attachment":[{"href":"https:\/\/regions-snetap-fsu.fr\/hdf\/wp-json\/wp\/v2\/media?parent=3491"}],"wp:term":[{"taxonomy":"category","embeddable":true,"href":"https:\/\/regions-snetap-fsu.fr\/hdf\/wp-json\/wp\/v2\/categories?post=3491"},{"taxonomy":"post_tag","embeddable":true,"href":"https:\/\/regions-snetap-fsu.fr\/hdf\/wp-json\/wp\/v2\/tags?post=3491"},{"taxonomy":"post_folder","embeddable":true,"href":"https:\/\/regions-snetap-fsu.fr\/hdf\/wp-json\/wp\/v2\/post_folder?post=3491"}],"curies":[{"name":"wp","href":"https:\/\/api.w.org\/{rel}","templated":true}]}}