{"id":3426,"date":"2019-11-04T09:12:25","date_gmt":"2019-11-04T08:12:25","guid":{"rendered":"https:\/\/regions-snetap-fsu.fr\/hdf\/?p=3426"},"modified":"2019-11-04T09:12:25","modified_gmt":"2019-11-04T08:12:25","slug":"pas-de-conge-pour-le-climat-social-dans-le-nord","status":"publish","type":"post","link":"https:\/\/regions-snetap-fsu.fr\/hdf\/2019\/11\/04\/pas-de-conge-pour-le-climat-social-dans-le-nord\/","title":{"rendered":"Pas de cong\u00e9 pour le climat social dans le Nord !"},"content":{"rendered":"<h2 style=\"text-align: center\"><span style=\"color: #ff0000\">Pour le SNETAP-FSU<\/span><\/h2>\n<h2 style=\"text-align: center\"><span style=\"color: #ff0000\">des Hauts-de-France&#8230;<\/span><\/h2>\n<h2 style=\"text-align: center\"><span style=\"color: #ff0000\">&#8230;pas de cong\u00e9 pour le climat social dans le Nord !<\/span><\/h2>\n<blockquote>\n<p style=\"text-align: justify\"><span style=\"font-family: tahoma, arial, helvetica, sans-serif;color: #0000ff\">Plusieurs agent\u00b7es sur deux sites d&rsquo;un EPL du Nord sont en grandes souffrances au travail, suite aux m\u00e9thodes manag\u00e9riales indignes de la part de certains membres hi\u00e9rarchiques et\/ou d&rsquo;un coll\u00e8gue d\u00e9passant honteusement ses pr\u00e9rogatives de sa fonction. <\/span><\/p>\n<p style=\"text-align: justify\"><span style=\"font-family: tahoma, arial, helvetica, sans-serif;color: #0000ff\">Face \u00e0 l&rsquo;urgence de cette situation grave et \u00e0 l&rsquo;absence de retour rapide de la part de la DRAAF-SRFD, le SNETAP-FSU des Hauts-de-France a insist\u00e9 pour obtenir un entretien ce jeudi 24 octobre 2019&#8230;<\/span><\/p>\n<\/blockquote>\n<p><!--more--><\/p>\n<p style=\"text-align: justify\"><img fetchpriority=\"high\" decoding=\"async\" class=\"aligncenter wp-image-3431 size-full\" src=\"https:\/\/regions-snetap-fsu.fr\/hdf\/wp-content\/uploads\/sites\/5\/2019\/11\/wordcloud_climat_social_d\u00e9grad\u00e9_3_1119.png\" alt=\"\" width=\"851\" height=\"315\" srcset=\"https:\/\/regions-snetap-fsu.fr\/hdf\/wp-content\/uploads\/sites\/5\/2019\/11\/wordcloud_climat_social_d\u00e9grad\u00e9_3_1119.png 851w, https:\/\/regions-snetap-fsu.fr\/hdf\/wp-content\/uploads\/sites\/5\/2019\/11\/wordcloud_climat_social_d\u00e9grad\u00e9_3_1119-300x111.png 300w, https:\/\/regions-snetap-fsu.fr\/hdf\/wp-content\/uploads\/sites\/5\/2019\/11\/wordcloud_climat_social_d\u00e9grad\u00e9_3_1119-768x284.png 768w, https:\/\/regions-snetap-fsu.fr\/hdf\/wp-content\/uploads\/sites\/5\/2019\/11\/wordcloud_climat_social_d\u00e9grad\u00e9_3_1119-100x37.png 100w, https:\/\/regions-snetap-fsu.fr\/hdf\/wp-content\/uploads\/sites\/5\/2019\/11\/wordcloud_climat_social_d\u00e9grad\u00e9_3_1119-150x56.png 150w, https:\/\/regions-snetap-fsu.fr\/hdf\/wp-content\/uploads\/sites\/5\/2019\/11\/wordcloud_climat_social_d\u00e9grad\u00e9_3_1119-200x74.png 200w, https:\/\/regions-snetap-fsu.fr\/hdf\/wp-content\/uploads\/sites\/5\/2019\/11\/wordcloud_climat_social_d\u00e9grad\u00e9_3_1119-450x167.png 450w, https:\/\/regions-snetap-fsu.fr\/hdf\/wp-content\/uploads\/sites\/5\/2019\/11\/wordcloud_climat_social_d\u00e9grad\u00e9_3_1119-600x222.png 600w\" sizes=\"(max-width: 851px) 100vw, 851px\" \/><\/p>\n<p style=\"text-align: justify\"><span style=\"color: #0000ff;font-family: tahoma, arial, helvetica, sans-serif\">Le climat social reste toujours inqui\u00e9tant dans un EPL du Nord. <\/span><\/p>\n<p style=\"text-align: justify\"><span style=\"color: #0000ff;font-family: tahoma, arial, helvetica, sans-serif\">Du surmenage, de la tension, du stress, etc, sont ressenti\u00b7es par les agent\u00b7es des diff\u00e9rents services. Des pleurs, des disputes, de la parano\u00efa commencent \u00e0 s&rsquo;installer dans le quotidien de ces fonctionnaires. Certain\u00b7es pensent m\u00eame \u00e0 la d\u00e9mission.<\/span><\/p>\n<p style=\"text-align: justify\"><span style=\"color: #0000ff;font-family: tahoma, arial, helvetica, sans-serif\">Le SNETAP-FSU des Hauts-de-France a effectu\u00e9 une synth\u00e8se des faits au SRFD.<\/span><\/p>\n<p style=\"text-align: justify\"><span style=\"color: #0000ff;font-family: tahoma, arial, helvetica, sans-serif\">Le SRFD a pris conscience que cette situation s&rsquo;est aggrav\u00e9e depuis le cong\u00e9 maladie du directeur. Certaines mesures sont engag\u00e9es comme la saisine de l&rsquo;inspection. D\u00e8s le retour du directeur, le SRFD poursuivra, en collaboration avec ce dernier, les mesures afin que cet EPL retrouve un climat social serein.<\/span><\/p>\n<p style=\"text-align: justify\"><span style=\"font-family: tahoma, arial, helvetica, sans-serif;color: #0000ff\">Le SRFD a sous-entendu la difficult\u00e9 de trouver des directeurs adjoints exer\u00e7ant leur fonction avec probit\u00e9. Mais l<\/span><span style=\"color: #0000ff;font-family: tahoma, arial, helvetica, sans-serif\">e SNETAP-FSU des Hauts-de-France esp\u00e8re qu&rsquo;il n&rsquo;oublie pas qu&rsquo;en dessous, il y a des humains qui ne demandent qu&rsquo;a exercer pleinement leur service en toute qui\u00e9tude.<br \/>\n<\/span><\/p>\n<p><span style=\"color: #0000ff;font-family: tahoma, arial, helvetica, sans-serif\">Le SNETAP-FSU des Hauts-de-France rencontrera aussi le directeur \u00e0 son retour.<\/span><\/p>\n<p style=\"text-align: center\"><span style=\"font-family: tahoma, arial, helvetica, sans-serif\"><strong><span style=\"color: #ff0000\">Le SNETAP-FSU des Hauts-de-France restera vigilant<\/span><\/strong><\/span><\/p>\n<p style=\"text-align: center\"><span style=\"font-family: tahoma, arial, helvetica, sans-serif\"><strong><span style=\"color: #ff0000\">aux respects des conditions de travail des agent\u00b7es.<\/span><\/strong><\/span><\/p>\n","protected":false},"excerpt":{"rendered":"<p>Pour le SNETAP-FSU des Hauts-de-France&#8230; &#8230;pas de cong\u00e9 pour le climat social dans le Nord ! Plusieurs agent\u00b7es sur deux sites d&rsquo;un EPL du Nord sont en grandes souffrances au travail, suite aux m\u00e9thodes manag\u00e9riales indignes de la part de certains membres hi\u00e9rarchiques et\/ou d&rsquo;un coll\u00e8gue d\u00e9passant honteusement ses pr\u00e9rogatives de sa fonction. Face \u00e0 [&hellip;]<\/p>\n","protected":false},"author":88,"featured_media":0,"comment_status":"closed","ping_status":"closed","sticky":false,"template":"","format":"standard","meta":{"ocean_post_layout":"","ocean_both_sidebars_style":"","ocean_both_sidebars_content_width":0,"ocean_both_sidebars_sidebars_width":0,"ocean_sidebar":"","ocean_second_sidebar":"","ocean_disable_margins":"enable","ocean_add_body_class":"","ocean_shortcode_before_top_bar":"","ocean_shortcode_after_top_bar":"","ocean_shortcode_before_header":"","ocean_shortcode_after_header":"","ocean_has_shortcode":"","ocean_shortcode_after_title":"","ocean_shortcode_before_footer_widgets":"","ocean_shortcode_after_footer_widgets":"","ocean_shortcode_before_footer_bottom":"","ocean_shortcode_after_footer_bottom":"","ocean_display_top_bar":"default","ocean_display_header":"default","ocean_header_style":"","ocean_center_header_left_menu":"","ocean_custom_header_template":"","ocean_custom_logo":0,"ocean_custom_retina_logo":0,"ocean_custom_logo_max_width":0,"ocean_custom_logo_tablet_max_width":0,"ocean_custom_logo_mobile_max_width":0,"ocean_custom_logo_max_height":0,"ocean_custom_logo_tablet_max_height":0,"ocean_custom_logo_mobile_max_height":0,"ocean_header_custom_menu":"","ocean_menu_typo_font_family":"","ocean_menu_typo_font_subset":"","ocean_menu_typo_font_size":0,"ocean_menu_typo_font_size_tablet":0,"ocean_menu_typo_font_size_mobile":0,"ocean_menu_typo_font_size_unit":"px","ocean_menu_typo_font_weight":"","ocean_menu_typo_font_weight_tablet":"","ocean_menu_typo_font_weight_mobile":"","ocean_menu_typo_transform":"","ocean_menu_typo_transform_tablet":"","ocean_menu_typo_transform_mobile":"","ocean_menu_typo_line_height":0,"ocean_menu_typo_line_height_tablet":0,"ocean_menu_typo_line_height_mobile":0,"ocean_menu_typo_line_height_unit":"","ocean_menu_typo_spacing":0,"ocean_menu_typo_spacing_tablet":0,"ocean_menu_typo_spacing_mobile":0,"ocean_menu_typo_spacing_unit":"","ocean_menu_link_color":"","ocean_menu_link_color_hover":"","ocean_menu_link_color_active":"","ocean_menu_link_background":"","ocean_menu_link_hover_background":"","ocean_menu_link_active_background":"","ocean_menu_social_links_bg":"","ocean_menu_social_hover_links_bg":"","ocean_menu_social_links_color":"","ocean_menu_social_hover_links_color":"","ocean_disable_title":"default","ocean_disable_heading":"default","ocean_post_title":"","ocean_post_subheading":"","ocean_post_title_style":"","ocean_post_title_background_color":"","ocean_post_title_background":0,"ocean_post_title_bg_image_position":"","ocean_post_title_bg_image_attachment":"","ocean_post_title_bg_image_repeat":"","ocean_post_title_bg_image_size":"","ocean_post_title_height":0,"ocean_post_title_bg_overlay":0.5,"ocean_post_title_bg_overlay_color":"","ocean_disable_breadcrumbs":"default","ocean_breadcrumbs_color":"","ocean_breadcrumbs_separator_color":"","ocean_breadcrumbs_links_color":"","ocean_breadcrumbs_links_hover_color":"","ocean_display_footer_widgets":"default","ocean_display_footer_bottom":"default","ocean_custom_footer_template":"","ocean_post_oembed":"","ocean_post_self_hosted_media":"","ocean_post_video_embed":"","ocean_link_format":"","ocean_link_format_target":"self","ocean_quote_format":"","ocean_quote_format_link":"post","ocean_gallery_link_images":"on","ocean_gallery_id":[],"footnotes":""},"categories":[2,13],"tags":[],"post_folder":[],"class_list":["post-3426","post","type-post","status-publish","format-standard","hentry","category-actions-greves-manifs","category-communiques","entry"],"yoast_head":"<!-- This site is optimized with the Yoast SEO plugin v27.4 - https:\/\/yoast.com\/product\/yoast-seo-wordpress\/ -->\n<title>Pas de cong\u00e9 pour le climat social dans le Nord ! - HAUTS-DE-FRANCE<\/title>\n<meta name=\"robots\" content=\"index, follow, max-snippet:-1, max-image-preview:large, max-video-preview:-1\" \/>\n<link rel=\"canonical\" href=\"https:\/\/regions-snetap-fsu.fr\/hdf\/2019\/11\/04\/pas-de-conge-pour-le-climat-social-dans-le-nord\/\" \/>\n<meta property=\"og:locale\" content=\"fr_FR\" \/>\n<meta property=\"og:type\" content=\"article\" \/>\n<meta property=\"og:title\" content=\"Pas de cong\u00e9 pour le climat social dans le Nord ! - HAUTS-DE-FRANCE\" \/>\n<meta property=\"og:description\" content=\"Pour le SNETAP-FSU des Hauts-de-France&#8230; &#8230;pas de cong\u00e9 pour le climat social dans le Nord ! Plusieurs agent\u00b7es sur deux sites d&rsquo;un EPL du Nord sont en grandes souffrances au travail, suite aux m\u00e9thodes manag\u00e9riales indignes de la part de certains membres hi\u00e9rarchiques et\/ou d&rsquo;un coll\u00e8gue d\u00e9passant honteusement ses pr\u00e9rogatives de sa fonction. Face \u00e0 [&hellip;]\" \/>\n<meta property=\"og:url\" content=\"https:\/\/regions-snetap-fsu.fr\/hdf\/2019\/11\/04\/pas-de-conge-pour-le-climat-social-dans-le-nord\/\" \/>\n<meta property=\"og:site_name\" content=\"HAUTS-DE-FRANCE\" \/>\n<meta property=\"article:published_time\" content=\"2019-11-04T08:12:25+00:00\" \/>\n<meta property=\"og:image\" content=\"https:\/\/regions-snetap-fsu.fr\/hdf\/wp-content\/uploads\/sites\/5\/2019\/11\/wordcloud_climat_social_d\u00e9grad\u00e9_3_1119.png\" \/>\n<meta name=\"author\" content=\"Regis Martinage\" \/>\n<meta name=\"twitter:card\" content=\"summary_large_image\" \/>\n<meta name=\"twitter:creator\" content=\"@MartinageSnetap\" \/>\n<meta name=\"twitter:site\" content=\"@MartinageSnetap\" \/>\n<meta name=\"twitter:label1\" content=\"\u00c9crit par\" \/>\n\t<meta name=\"twitter:data1\" content=\"Regis Martinage\" \/>\n\t<meta name=\"twitter:label2\" content=\"Dur\u00e9e de lecture estim\u00e9e\" \/>\n\t<meta name=\"twitter:data2\" content=\"1 minute\" \/>\n<script type=\"application\/ld+json\" class=\"yoast-schema-graph\">{\"@context\":\"https:\\\/\\\/schema.org\",\"@graph\":[{\"@type\":\"Article\",\"@id\":\"https:\\\/\\\/regions-snetap-fsu.fr\\\/hdf\\\/2019\\\/11\\\/04\\\/pas-de-conge-pour-le-climat-social-dans-le-nord\\\/#article\",\"isPartOf\":{\"@id\":\"https:\\\/\\\/regions-snetap-fsu.fr\\\/hdf\\\/2019\\\/11\\\/04\\\/pas-de-conge-pour-le-climat-social-dans-le-nord\\\/\"},\"author\":{\"name\":\"Regis Martinage\",\"@id\":\"https:\\\/\\\/regions-snetap-fsu.fr\\\/hdf\\\/#\\\/schema\\\/person\\\/fa09b77e508eb2889a1c2dd6f4cf3149\"},\"headline\":\"Pas de cong\u00e9 pour le climat social dans le Nord !\",\"datePublished\":\"2019-11-04T08:12:25+00:00\",\"mainEntityOfPage\":{\"@id\":\"https:\\\/\\\/regions-snetap-fsu.fr\\\/hdf\\\/2019\\\/11\\\/04\\\/pas-de-conge-pour-le-climat-social-dans-le-nord\\\/\"},\"wordCount\":303,\"publisher\":{\"@id\":\"https:\\\/\\\/regions-snetap-fsu.fr\\\/hdf\\\/#organization\"},\"articleSection\":[\"Actions - Gr\u00e8ves - Manifs\",\"Communiqu\u00e9s\"],\"inLanguage\":\"fr-FR\"},{\"@type\":\"WebPage\",\"@id\":\"https:\\\/\\\/regions-snetap-fsu.fr\\\/hdf\\\/2019\\\/11\\\/04\\\/pas-de-conge-pour-le-climat-social-dans-le-nord\\\/\",\"url\":\"https:\\\/\\\/regions-snetap-fsu.fr\\\/hdf\\\/2019\\\/11\\\/04\\\/pas-de-conge-pour-le-climat-social-dans-le-nord\\\/\",\"name\":\"Pas de cong\u00e9 pour le climat social dans le Nord ! - HAUTS-DE-FRANCE\",\"isPartOf\":{\"@id\":\"https:\\\/\\\/regions-snetap-fsu.fr\\\/hdf\\\/#website\"},\"datePublished\":\"2019-11-04T08:12:25+00:00\",\"breadcrumb\":{\"@id\":\"https:\\\/\\\/regions-snetap-fsu.fr\\\/hdf\\\/2019\\\/11\\\/04\\\/pas-de-conge-pour-le-climat-social-dans-le-nord\\\/#breadcrumb\"},\"inLanguage\":\"fr-FR\",\"potentialAction\":[{\"@type\":\"ReadAction\",\"target\":[\"https:\\\/\\\/regions-snetap-fsu.fr\\\/hdf\\\/2019\\\/11\\\/04\\\/pas-de-conge-pour-le-climat-social-dans-le-nord\\\/\"]}]},{\"@type\":\"BreadcrumbList\",\"@id\":\"https:\\\/\\\/regions-snetap-fsu.fr\\\/hdf\\\/2019\\\/11\\\/04\\\/pas-de-conge-pour-le-climat-social-dans-le-nord\\\/#breadcrumb\",\"itemListElement\":[{\"@type\":\"ListItem\",\"position\":1,\"name\":\"Accueil\",\"item\":\"https:\\\/\\\/regions-snetap-fsu.fr\\\/hdf\\\/\"},{\"@type\":\"ListItem\",\"position\":2,\"name\":\"Actions - Gr\u00e8ves - Manifs\",\"item\":\"https:\\\/\\\/regions-snetap-fsu.fr\\\/hdf\\\/category\\\/actions-greves-manifs\\\/\"},{\"@type\":\"ListItem\",\"position\":3,\"name\":\"Pas de cong\u00e9 pour le climat social dans le Nord !\"}]},{\"@type\":\"WebSite\",\"@id\":\"https:\\\/\\\/regions-snetap-fsu.fr\\\/hdf\\\/#website\",\"url\":\"https:\\\/\\\/regions-snetap-fsu.fr\\\/hdf\\\/\",\"name\":\"HAUTS-DE-FRANCE\",\"description\":\"Section r\u00e9gionale\",\"publisher\":{\"@id\":\"https:\\\/\\\/regions-snetap-fsu.fr\\\/hdf\\\/#organization\"},\"potentialAction\":[{\"@type\":\"SearchAction\",\"target\":{\"@type\":\"EntryPoint\",\"urlTemplate\":\"https:\\\/\\\/regions-snetap-fsu.fr\\\/hdf\\\/?s={search_term_string}\"},\"query-input\":{\"@type\":\"PropertyValueSpecification\",\"valueRequired\":true,\"valueName\":\"search_term_string\"}}],\"inLanguage\":\"fr-FR\"},{\"@type\":\"Organization\",\"@id\":\"https:\\\/\\\/regions-snetap-fsu.fr\\\/hdf\\\/#organization\",\"name\":\"SNETAP-FSU - HAUTS-DE-FRANCE\",\"url\":\"https:\\\/\\\/regions-snetap-fsu.fr\\\/hdf\\\/\",\"logo\":{\"@type\":\"ImageObject\",\"inLanguage\":\"fr-FR\",\"@id\":\"https:\\\/\\\/regions-snetap-fsu.fr\\\/hdf\\\/#\\\/schema\\\/logo\\\/image\\\/\",\"url\":\"https:\\\/\\\/regions-snetap-fsu.fr\\\/hdf\\\/wp-content\\\/uploads\\\/sites\\\/5\\\/2020\\\/12\\\/SNETAP-Logo.jpg\",\"contentUrl\":\"https:\\\/\\\/regions-snetap-fsu.fr\\\/hdf\\\/wp-content\\\/uploads\\\/sites\\\/5\\\/2020\\\/12\\\/SNETAP-Logo.jpg\",\"width\":464,\"height\":334,\"caption\":\"SNETAP-FSU - HAUTS-DE-FRANCE\"},\"image\":{\"@id\":\"https:\\\/\\\/regions-snetap-fsu.fr\\\/hdf\\\/#\\\/schema\\\/logo\\\/image\\\/\"},\"sameAs\":[\"https:\\\/\\\/x.com\\\/MartinageSnetap\"]},{\"@type\":\"Person\",\"@id\":\"https:\\\/\\\/regions-snetap-fsu.fr\\\/hdf\\\/#\\\/schema\\\/person\\\/fa09b77e508eb2889a1c2dd6f4cf3149\",\"name\":\"Regis Martinage\",\"image\":{\"@type\":\"ImageObject\",\"inLanguage\":\"fr-FR\",\"@id\":\"https:\\\/\\\/secure.gravatar.com\\\/avatar\\\/7ae2aaabfe5b8d5c7b9361e91002ca9ec93c38c63c9a1d06ae19f03a5dc70dd7?s=96&d=mm&r=g\",\"url\":\"https:\\\/\\\/secure.gravatar.com\\\/avatar\\\/7ae2aaabfe5b8d5c7b9361e91002ca9ec93c38c63c9a1d06ae19f03a5dc70dd7?s=96&d=mm&r=g\",\"contentUrl\":\"https:\\\/\\\/secure.gravatar.com\\\/avatar\\\/7ae2aaabfe5b8d5c7b9361e91002ca9ec93c38c63c9a1d06ae19f03a5dc70dd7?s=96&d=mm&r=g\",\"caption\":\"Regis Martinage\"},\"url\":\"https:\\\/\\\/regions-snetap-fsu.fr\\\/hdf\\\/author\\\/r-martinage\\\/\"}]}<\/script>\n<!-- \/ Yoast SEO plugin. -->","yoast_head_json":{"title":"Pas de cong\u00e9 pour le climat social dans le Nord ! - HAUTS-DE-FRANCE","robots":{"index":"index","follow":"follow","max-snippet":"max-snippet:-1","max-image-preview":"max-image-preview:large","max-video-preview":"max-video-preview:-1"},"canonical":"https:\/\/regions-snetap-fsu.fr\/hdf\/2019\/11\/04\/pas-de-conge-pour-le-climat-social-dans-le-nord\/","og_locale":"fr_FR","og_type":"article","og_title":"Pas de cong\u00e9 pour le climat social dans le Nord ! - HAUTS-DE-FRANCE","og_description":"Pour le SNETAP-FSU des Hauts-de-France&#8230; &#8230;pas de cong\u00e9 pour le climat social dans le Nord ! Plusieurs agent\u00b7es sur deux sites d&rsquo;un EPL du Nord sont en grandes souffrances au travail, suite aux m\u00e9thodes manag\u00e9riales indignes de la part de certains membres hi\u00e9rarchiques et\/ou d&rsquo;un coll\u00e8gue d\u00e9passant honteusement ses pr\u00e9rogatives de sa fonction. Face \u00e0 [&hellip;]","og_url":"https:\/\/regions-snetap-fsu.fr\/hdf\/2019\/11\/04\/pas-de-conge-pour-le-climat-social-dans-le-nord\/","og_site_name":"HAUTS-DE-FRANCE","article_published_time":"2019-11-04T08:12:25+00:00","og_image":[{"url":"https:\/\/regions-snetap-fsu.fr\/hdf\/wp-content\/uploads\/sites\/5\/2019\/11\/wordcloud_climat_social_d\u00e9grad\u00e9_3_1119.png","type":"","width":"","height":""}],"author":"Regis Martinage","twitter_card":"summary_large_image","twitter_creator":"@MartinageSnetap","twitter_site":"@MartinageSnetap","twitter_misc":{"\u00c9crit par":"Regis Martinage","Dur\u00e9e de lecture estim\u00e9e":"1 minute"},"schema":{"@context":"https:\/\/schema.org","@graph":[{"@type":"Article","@id":"https:\/\/regions-snetap-fsu.fr\/hdf\/2019\/11\/04\/pas-de-conge-pour-le-climat-social-dans-le-nord\/#article","isPartOf":{"@id":"https:\/\/regions-snetap-fsu.fr\/hdf\/2019\/11\/04\/pas-de-conge-pour-le-climat-social-dans-le-nord\/"},"author":{"name":"Regis Martinage","@id":"https:\/\/regions-snetap-fsu.fr\/hdf\/#\/schema\/person\/fa09b77e508eb2889a1c2dd6f4cf3149"},"headline":"Pas de cong\u00e9 pour le climat social dans le Nord !","datePublished":"2019-11-04T08:12:25+00:00","mainEntityOfPage":{"@id":"https:\/\/regions-snetap-fsu.fr\/hdf\/2019\/11\/04\/pas-de-conge-pour-le-climat-social-dans-le-nord\/"},"wordCount":303,"publisher":{"@id":"https:\/\/regions-snetap-fsu.fr\/hdf\/#organization"},"articleSection":["Actions - Gr\u00e8ves - Manifs","Communiqu\u00e9s"],"inLanguage":"fr-FR"},{"@type":"WebPage","@id":"https:\/\/regions-snetap-fsu.fr\/hdf\/2019\/11\/04\/pas-de-conge-pour-le-climat-social-dans-le-nord\/","url":"https:\/\/regions-snetap-fsu.fr\/hdf\/2019\/11\/04\/pas-de-conge-pour-le-climat-social-dans-le-nord\/","name":"Pas de cong\u00e9 pour le climat social dans le Nord ! - HAUTS-DE-FRANCE","isPartOf":{"@id":"https:\/\/regions-snetap-fsu.fr\/hdf\/#website"},"datePublished":"2019-11-04T08:12:25+00:00","breadcrumb":{"@id":"https:\/\/regions-snetap-fsu.fr\/hdf\/2019\/11\/04\/pas-de-conge-pour-le-climat-social-dans-le-nord\/#breadcrumb"},"inLanguage":"fr-FR","potentialAction":[{"@type":"ReadAction","target":["https:\/\/regions-snetap-fsu.fr\/hdf\/2019\/11\/04\/pas-de-conge-pour-le-climat-social-dans-le-nord\/"]}]},{"@type":"BreadcrumbList","@id":"https:\/\/regions-snetap-fsu.fr\/hdf\/2019\/11\/04\/pas-de-conge-pour-le-climat-social-dans-le-nord\/#breadcrumb","itemListElement":[{"@type":"ListItem","position":1,"name":"Accueil","item":"https:\/\/regions-snetap-fsu.fr\/hdf\/"},{"@type":"ListItem","position":2,"name":"Actions - Gr\u00e8ves - Manifs","item":"https:\/\/regions-snetap-fsu.fr\/hdf\/category\/actions-greves-manifs\/"},{"@type":"ListItem","position":3,"name":"Pas de cong\u00e9 pour le climat social dans le Nord !"}]},{"@type":"WebSite","@id":"https:\/\/regions-snetap-fsu.fr\/hdf\/#website","url":"https:\/\/regions-snetap-fsu.fr\/hdf\/","name":"HAUTS-DE-FRANCE","description":"Section r\u00e9gionale","publisher":{"@id":"https:\/\/regions-snetap-fsu.fr\/hdf\/#organization"},"potentialAction":[{"@type":"SearchAction","target":{"@type":"EntryPoint","urlTemplate":"https:\/\/regions-snetap-fsu.fr\/hdf\/?s={search_term_string}"},"query-input":{"@type":"PropertyValueSpecification","valueRequired":true,"valueName":"search_term_string"}}],"inLanguage":"fr-FR"},{"@type":"Organization","@id":"https:\/\/regions-snetap-fsu.fr\/hdf\/#organization","name":"SNETAP-FSU - HAUTS-DE-FRANCE","url":"https:\/\/regions-snetap-fsu.fr\/hdf\/","logo":{"@type":"ImageObject","inLanguage":"fr-FR","@id":"https:\/\/regions-snetap-fsu.fr\/hdf\/#\/schema\/logo\/image\/","url":"https:\/\/regions-snetap-fsu.fr\/hdf\/wp-content\/uploads\/sites\/5\/2020\/12\/SNETAP-Logo.jpg","contentUrl":"https:\/\/regions-snetap-fsu.fr\/hdf\/wp-content\/uploads\/sites\/5\/2020\/12\/SNETAP-Logo.jpg","width":464,"height":334,"caption":"SNETAP-FSU - HAUTS-DE-FRANCE"},"image":{"@id":"https:\/\/regions-snetap-fsu.fr\/hdf\/#\/schema\/logo\/image\/"},"sameAs":["https:\/\/x.com\/MartinageSnetap"]},{"@type":"Person","@id":"https:\/\/regions-snetap-fsu.fr\/hdf\/#\/schema\/person\/fa09b77e508eb2889a1c2dd6f4cf3149","name":"Regis Martinage","image":{"@type":"ImageObject","inLanguage":"fr-FR","@id":"https:\/\/secure.gravatar.com\/avatar\/7ae2aaabfe5b8d5c7b9361e91002ca9ec93c38c63c9a1d06ae19f03a5dc70dd7?s=96&d=mm&r=g","url":"https:\/\/secure.gravatar.com\/avatar\/7ae2aaabfe5b8d5c7b9361e91002ca9ec93c38c63c9a1d06ae19f03a5dc70dd7?s=96&d=mm&r=g","contentUrl":"https:\/\/secure.gravatar.com\/avatar\/7ae2aaabfe5b8d5c7b9361e91002ca9ec93c38c63c9a1d06ae19f03a5dc70dd7?s=96&d=mm&r=g","caption":"Regis Martinage"},"url":"https:\/\/regions-snetap-fsu.fr\/hdf\/author\/r-martinage\/"}]}},"_links":{"self":[{"href":"https:\/\/regions-snetap-fsu.fr\/hdf\/wp-json\/wp\/v2\/posts\/3426","targetHints":{"allow":["GET"]}}],"collection":[{"href":"https:\/\/regions-snetap-fsu.fr\/hdf\/wp-json\/wp\/v2\/posts"}],"about":[{"href":"https:\/\/regions-snetap-fsu.fr\/hdf\/wp-json\/wp\/v2\/types\/post"}],"author":[{"embeddable":true,"href":"https:\/\/regions-snetap-fsu.fr\/hdf\/wp-json\/wp\/v2\/users\/88"}],"replies":[{"embeddable":true,"href":"https:\/\/regions-snetap-fsu.fr\/hdf\/wp-json\/wp\/v2\/comments?post=3426"}],"version-history":[{"count":13,"href":"https:\/\/regions-snetap-fsu.fr\/hdf\/wp-json\/wp\/v2\/posts\/3426\/revisions"}],"predecessor-version":[{"id":3441,"href":"https:\/\/regions-snetap-fsu.fr\/hdf\/wp-json\/wp\/v2\/posts\/3426\/revisions\/3441"}],"wp:attachment":[{"href":"https:\/\/regions-snetap-fsu.fr\/hdf\/wp-json\/wp\/v2\/media?parent=3426"}],"wp:term":[{"taxonomy":"category","embeddable":true,"href":"https:\/\/regions-snetap-fsu.fr\/hdf\/wp-json\/wp\/v2\/categories?post=3426"},{"taxonomy":"post_tag","embeddable":true,"href":"https:\/\/regions-snetap-fsu.fr\/hdf\/wp-json\/wp\/v2\/tags?post=3426"},{"taxonomy":"post_folder","embeddable":true,"href":"https:\/\/regions-snetap-fsu.fr\/hdf\/wp-json\/wp\/v2\/post_folder?post=3426"}],"curies":[{"name":"wp","href":"https:\/\/api.w.org\/{rel}","templated":true}]}}