{"id":2801,"date":"2019-06-25T09:50:40","date_gmt":"2019-06-25T07:50:40","guid":{"rendered":"https:\/\/regions-snetap-fsu.fr\/hdf\/?p=2801"},"modified":"2019-06-25T18:42:52","modified_gmt":"2019-06-25T16:42:52","slug":"blocage-du-centre-de-correction-de-lomme","status":"publish","type":"post","link":"https:\/\/regions-snetap-fsu.fr\/hdf\/2019\/06\/25\/blocage-du-centre-de-correction-de-lomme\/","title":{"rendered":"Blocage du centre de correction de Lomme"},"content":{"rendered":"<h2 style=\"text-align: center\"><span style=\"color: #ff0000\">Blocage du centre de correction de Lomme le 25 juin 2019<\/span><\/h2>\n<blockquote>\n<p style=\"text-align: justify\"><span style=\"font-family: tahoma, arial, helvetica, sans-serif;color: #0000ff\">Mardi 25 juin 2019, l&rsquo;intersyndicale de l&rsquo;enseignement agricole Public et Priv\u00e9 a investi les locaux de Lomme afin de bloquer l&rsquo;acc\u00e8s aux copies.<\/span><\/p>\n<p style=\"text-align: justify\"><span style=\"font-family: tahoma, arial, helvetica, sans-serif;color: #0000ff\">Ceci dans une ambiance pacifique, bon enfant&#8230;<\/span><\/p>\n<\/blockquote>\n<p><!--more--><\/p>\n<figure id=\"attachment_2805\" aria-describedby=\"caption-attachment-2805\" style=\"width: 605px\" class=\"wp-caption aligncenter\"><img fetchpriority=\"high\" decoding=\"async\" class=\"wp-image-2805 size-large\" src=\"https:\/\/regions-snetap-fsu.fr\/hdf\/wp-content\/uploads\/sites\/5\/2019\/06\/Blocage_des_copies_Lomme_25_619-1-1024x768.jpg\" alt=\"\" width=\"605\" height=\"454\" srcset=\"https:\/\/regions-snetap-fsu.fr\/hdf\/wp-content\/uploads\/sites\/5\/2019\/06\/Blocage_des_copies_Lomme_25_619-1-1024x768.jpg 1024w, https:\/\/regions-snetap-fsu.fr\/hdf\/wp-content\/uploads\/sites\/5\/2019\/06\/Blocage_des_copies_Lomme_25_619-1-300x225.jpg 300w, https:\/\/regions-snetap-fsu.fr\/hdf\/wp-content\/uploads\/sites\/5\/2019\/06\/Blocage_des_copies_Lomme_25_619-1-768x576.jpg 768w, https:\/\/regions-snetap-fsu.fr\/hdf\/wp-content\/uploads\/sites\/5\/2019\/06\/Blocage_des_copies_Lomme_25_619-1-100x75.jpg 100w, https:\/\/regions-snetap-fsu.fr\/hdf\/wp-content\/uploads\/sites\/5\/2019\/06\/Blocage_des_copies_Lomme_25_619-1-150x113.jpg 150w, https:\/\/regions-snetap-fsu.fr\/hdf\/wp-content\/uploads\/sites\/5\/2019\/06\/Blocage_des_copies_Lomme_25_619-1-200x150.jpg 200w, https:\/\/regions-snetap-fsu.fr\/hdf\/wp-content\/uploads\/sites\/5\/2019\/06\/Blocage_des_copies_Lomme_25_619-1-450x338.jpg 450w, https:\/\/regions-snetap-fsu.fr\/hdf\/wp-content\/uploads\/sites\/5\/2019\/06\/Blocage_des_copies_Lomme_25_619-1-600x450.jpg 600w, https:\/\/regions-snetap-fsu.fr\/hdf\/wp-content\/uploads\/sites\/5\/2019\/06\/Blocage_des_copies_Lomme_25_619-1-900x675.jpg 900w\" sizes=\"(max-width: 605px) 100vw, 605px\" \/><figcaption id=\"caption-attachment-2805\" class=\"wp-caption-text\">L&rsquo;intersyndicale bloquant l&rsquo;acc\u00e8s aux copies<\/figcaption><\/figure>\n<p style=\"text-align: justify\"><span style=\"color: #0000ff;font-family: tahoma, arial, helvetica, sans-serif\">Cependant les oraux de CAPA pr\u00e9vus ce jour dans l&rsquo;\u00e9tablissement se d\u00e9roulent dans de bonnes conditions. L&rsquo;intersyndicale n&rsquo;ayant pas pour objectif de perturber les candidat\u00b7es.<\/span><\/p>\n<p style=\"text-align: justify\"><span style=\"color: #0000ff;font-family: tahoma, arial, helvetica, sans-serif\">Rassembl\u00e9\u00b7es dans l\u2019amphith\u00e9\u00e2tre, les correctrices\/correcteurs ont \u00e9t\u00e9 inform\u00e9\u00b7es des raisons de notre action.<\/span><\/p>\n<figure id=\"attachment_2821\" aria-describedby=\"caption-attachment-2821\" style=\"width: 605px\" class=\"wp-caption aligncenter\"><img decoding=\"async\" class=\"wp-image-2821 size-large\" src=\"https:\/\/regions-snetap-fsu.fr\/hdf\/wp-content\/uploads\/sites\/5\/2019\/06\/Rassemblement_amphi_lomme_blocage_corrections_25_619C-1024x494.jpg\" alt=\"\" width=\"605\" height=\"292\" srcset=\"https:\/\/regions-snetap-fsu.fr\/hdf\/wp-content\/uploads\/sites\/5\/2019\/06\/Rassemblement_amphi_lomme_blocage_corrections_25_619C-1024x494.jpg 1024w, https:\/\/regions-snetap-fsu.fr\/hdf\/wp-content\/uploads\/sites\/5\/2019\/06\/Rassemblement_amphi_lomme_blocage_corrections_25_619C-300x145.jpg 300w, https:\/\/regions-snetap-fsu.fr\/hdf\/wp-content\/uploads\/sites\/5\/2019\/06\/Rassemblement_amphi_lomme_blocage_corrections_25_619C-768x370.jpg 768w, https:\/\/regions-snetap-fsu.fr\/hdf\/wp-content\/uploads\/sites\/5\/2019\/06\/Rassemblement_amphi_lomme_blocage_corrections_25_619C-100x48.jpg 100w, https:\/\/regions-snetap-fsu.fr\/hdf\/wp-content\/uploads\/sites\/5\/2019\/06\/Rassemblement_amphi_lomme_blocage_corrections_25_619C-150x72.jpg 150w, https:\/\/regions-snetap-fsu.fr\/hdf\/wp-content\/uploads\/sites\/5\/2019\/06\/Rassemblement_amphi_lomme_blocage_corrections_25_619C-200x96.jpg 200w, https:\/\/regions-snetap-fsu.fr\/hdf\/wp-content\/uploads\/sites\/5\/2019\/06\/Rassemblement_amphi_lomme_blocage_corrections_25_619C-450x217.jpg 450w, https:\/\/regions-snetap-fsu.fr\/hdf\/wp-content\/uploads\/sites\/5\/2019\/06\/Rassemblement_amphi_lomme_blocage_corrections_25_619C-600x289.jpg 600w, https:\/\/regions-snetap-fsu.fr\/hdf\/wp-content\/uploads\/sites\/5\/2019\/06\/Rassemblement_amphi_lomme_blocage_corrections_25_619C-900x434.jpg 900w\" sizes=\"(max-width: 605px) 100vw, 605px\" \/><figcaption id=\"caption-attachment-2821\" class=\"wp-caption-text\">Explications de notre action aux correctrices et correcteurs<\/figcaption><\/figure>\n<p style=\"text-align: justify\"><span style=\"font-family: tahoma, arial, helvetica, sans-serif;color: #0000ff\">Suite \u00e0 cette communication, une majorit\u00e9 a applaudi et quelques correctrices\/correcteurs ont rejoint le mouvement de blocage.<\/span><\/p>\n<p style=\"text-align: justify\"><span style=\"font-family: tahoma, arial, helvetica, sans-serif;color: #0000ff\">Le directeur de la DRAAF et le directeur adjoint du SRFD sont venus \u00e0 la rencontre des militant\u00b7es de l&rsquo;intersyndicale.<\/span><\/p>\n<figure id=\"attachment_2811\" aria-describedby=\"caption-attachment-2811\" style=\"width: 605px\" class=\"wp-caption aligncenter\"><img decoding=\"async\" class=\"wp-image-2811 size-large\" src=\"https:\/\/regions-snetap-fsu.fr\/hdf\/wp-content\/uploads\/sites\/5\/2019\/06\/Renconte_DRAAF_blocage_Lomme_25_619-768x1024.jpg\" alt=\"\" width=\"605\" height=\"807\" srcset=\"https:\/\/regions-snetap-fsu.fr\/hdf\/wp-content\/uploads\/sites\/5\/2019\/06\/Renconte_DRAAF_blocage_Lomme_25_619-768x1024.jpg 768w, https:\/\/regions-snetap-fsu.fr\/hdf\/wp-content\/uploads\/sites\/5\/2019\/06\/Renconte_DRAAF_blocage_Lomme_25_619-225x300.jpg 225w, https:\/\/regions-snetap-fsu.fr\/hdf\/wp-content\/uploads\/sites\/5\/2019\/06\/Renconte_DRAAF_blocage_Lomme_25_619-100x133.jpg 100w, https:\/\/regions-snetap-fsu.fr\/hdf\/wp-content\/uploads\/sites\/5\/2019\/06\/Renconte_DRAAF_blocage_Lomme_25_619-150x200.jpg 150w, https:\/\/regions-snetap-fsu.fr\/hdf\/wp-content\/uploads\/sites\/5\/2019\/06\/Renconte_DRAAF_blocage_Lomme_25_619-200x267.jpg 200w, https:\/\/regions-snetap-fsu.fr\/hdf\/wp-content\/uploads\/sites\/5\/2019\/06\/Renconte_DRAAF_blocage_Lomme_25_619-300x400.jpg 300w, https:\/\/regions-snetap-fsu.fr\/hdf\/wp-content\/uploads\/sites\/5\/2019\/06\/Renconte_DRAAF_blocage_Lomme_25_619-450x600.jpg 450w, https:\/\/regions-snetap-fsu.fr\/hdf\/wp-content\/uploads\/sites\/5\/2019\/06\/Renconte_DRAAF_blocage_Lomme_25_619-600x800.jpg 600w, https:\/\/regions-snetap-fsu.fr\/hdf\/wp-content\/uploads\/sites\/5\/2019\/06\/Renconte_DRAAF_blocage_Lomme_25_619.jpg 900w\" sizes=\"(max-width: 605px) 100vw, 605px\" \/><figcaption id=\"caption-attachment-2811\" class=\"wp-caption-text\">Discussion avec le DRAAF-SRFD<\/figcaption><\/figure>\n<h3 style=\"text-align: center\"><span style=\"color: #ff0000;font-family: tahoma, arial, helvetica, sans-serif\">Aucune \u00e9coute !<\/span><\/h3>\n<h3 style=\"text-align: center\"><span style=\"color: #ff0000;font-family: tahoma, arial, helvetica, sans-serif\">Aucune proposition !<\/span><\/h3>\n<h3 style=\"text-align: center\"><span style=\"color: #ff0000;font-family: tahoma, arial, helvetica, sans-serif\">Aucune amorce de n\u00e9gociation !<\/span><\/h3>\n<h3 style=\"text-align: center\"><span style=\"color: #ff0000;font-family: tahoma, arial, helvetica, sans-serif\">Aucune volont\u00e9 de sortir du conflit !<\/span><\/h3>\n<p style=\"text-align: justify\"><span style=\"font-family: tahoma, arial, helvetica, sans-serif;color: #0000ff\">Le Minist\u00e8re et la DGER n&rsquo;ont pas pris la mesure de la gravit\u00e9 de la situation, nous obligeant de renforcer notre mouvement social jusqu&rsquo;\u00e0 l&rsquo;extr\u00eame&#8230; le blocage des corrections d&rsquo;examens.<\/span><\/p>\n<p style=\"text-align: justify\"><span style=\"font-family: tahoma, arial, helvetica, sans-serif;color: #0000ff\">Pour les organisations syndicales, l&rsquo;enseignement est dans l&rsquo;impasse \u00e0 court terme et \u00e0 long terme.<\/span><\/p>\n<p style=\"text-align: justify\"><span style=\"font-family: tahoma, arial, helvetica, sans-serif;color: #0000ff\">L&rsquo;intersyndicale en appelle dor\u00e9navant \u00e0 la sagesse du ministre et \u00e0 celle de sa directrice de cabinet pour prendre la mesure de la crise et \u00e0 faire enfin des propositions s\u00e9rieuses afin d&rsquo;en sortir.<\/span><\/p>\n<h3 style=\"text-align: center\"><span style=\"color: #ff0000;font-size: 14pt;font-family: tahoma, arial, helvetica, sans-serif\">Pourquoi refuser de corriger ?<\/span><\/h3>\n<ul>\n<li style=\"text-align: justify\"><span style=\"color: #0000ff;font-family: tahoma, arial, helvetica, sans-serif\">Pour le maintien des seuils de d\u00e9doublements ;<\/span><\/li>\n<li style=\"text-align: justify\"><span style=\"color: #0000ff;font-family: tahoma, arial, helvetica, sans-serif\">Pour de vrais dipl\u00f4mes nationaux ;<\/span><\/li>\n<li style=\"text-align: justify\"><span style=\"color: #0000ff;font-family: tahoma, arial, helvetica, sans-serif\">Pour le respect des r\u00e9f\u00e9rentiels de toutes les mati\u00e8res ;<\/span><\/li>\n<li style=\"text-align: justify\"><span style=\"color: #0000ff;font-family: tahoma, arial, helvetica, sans-serif\">Pour le respect des statuts ;<\/span><\/li>\n<li style=\"text-align: justify\"><span style=\"color: #0000ff;font-family: tahoma, arial, helvetica, sans-serif\">Pour une vraie inclusion des \u00e9l\u00e8ves handicap\u00e9\u00b7es ;<\/span><\/li>\n<li style=\"text-align: justify\"><span style=\"color: #0000ff;font-family: tahoma, arial, helvetica, sans-serif\">Pour une vraie revalorisation du travail des personnels des lyc\u00e9es<\/span><\/li>\n<\/ul>\n<h3 style=\"text-align: center\"><span style=\"font-family: tahoma, arial, helvetica, sans-serif;color: #008000\">Pour \u00eatre enfin \u00e9cout\u00e9 par le minist\u00e8re !<\/span><\/h3>\n<h3 style=\"text-align: center\"><span style=\"color: #ff0000;font-family: tahoma, arial, helvetica, sans-serif\">Rejoignez-nous dans la lutte pour la r\u00e9ussite de l&rsquo;enseignement agricole !<\/span><\/h3>\n<p style=\"text-align: justify\"><span style=\"color: #0000ff\">Ci-dessous le tract de 2 pages de l&rsquo;intersyndicale :<\/span><\/p>\n\n\t\t<div class=\"wppdfemb-frame-container-1\" style=\"-webkit-overflow-scrolling:auto;\">\n\t\t\t<iframe class=\"pdfembed-iframe nonfullscreen wppdf-emb-iframe-1\"\n\t\t\t\tsrc=\"https:\/\/regions-snetap-fsu.fr\/hdf\/?pdfemb-data=eyJ1cmwiOiJodHRwczpcL1wvcmVnaW9ucy1zbmV0YXAtZnN1LmZyXC9oZGZcL3dwLWNvbnRlbnRcL3VwbG9hZHNcL3NpdGVzXC81XC8yMDE5XC8wNlwvVFJBQ1RfTE9NTUVfQkxPQ0FHRV8yNTA2MTkucGRmIiwiaW5kZXgiOjEsInBkZklEIjoyODI1fQ\"\n\t\t\t\t\t\t\t\tdata-pdf-id=\"2825\"\n\t\t\t\tdata-pdf-index=\"1\"\n\t\t\t\tstyle=\"border:none;width:100%;max-width:100%;height:100vh;\"\n\t\t\t\tscrolling=\"yes\">\n\t\t\t<\/iframe>\n\t\t<\/div>\n\n\t\t\n<p><span style=\"text-decoration: underline\"><span style=\"color: #000000\"><a style=\"color: #000000;text-decoration: underline\" href=\"https:\/\/regions-snetap-fsu.fr\/hdf\/2019\/06\/25\/lintersyndicale-a-bloque-les-corrections-a-lomme-ce-mardi-25-juin-2019\/\" target=\"_blank\" rel=\"noopener noreferrer\">Lien : Deuxi\u00e8me bilan du blocage du centre de correction de Lomme<\/a><\/span><\/span><\/p>\n","protected":false},"excerpt":{"rendered":"<p>Blocage du centre de correction de Lomme le 25 juin 2019 Mardi 25 juin 2019, l&rsquo;intersyndicale de l&rsquo;enseignement agricole Public et Priv\u00e9 a investi les locaux de Lomme afin de bloquer l&rsquo;acc\u00e8s aux copies. Ceci dans une ambiance pacifique, bon enfant&#8230;<\/p>\n","protected":false},"author":88,"featured_media":0,"comment_status":"closed","ping_status":"closed","sticky":false,"template":"","format":"standard","meta":{"ocean_post_layout":"","ocean_both_sidebars_style":"","ocean_both_sidebars_content_width":0,"ocean_both_sidebars_sidebars_width":0,"ocean_sidebar":"","ocean_second_sidebar":"","ocean_disable_margins":"enable","ocean_add_body_class":"","ocean_shortcode_before_top_bar":"","ocean_shortcode_after_top_bar":"","ocean_shortcode_before_header":"","ocean_shortcode_after_header":"","ocean_has_shortcode":"","ocean_shortcode_after_title":"","ocean_shortcode_before_footer_widgets":"","ocean_shortcode_after_footer_widgets":"","ocean_shortcode_before_footer_bottom":"","ocean_shortcode_after_footer_bottom":"","ocean_display_top_bar":"default","ocean_display_header":"default","ocean_header_style":"","ocean_center_header_left_menu":"","ocean_custom_header_template":"","ocean_custom_logo":0,"ocean_custom_retina_logo":0,"ocean_custom_logo_max_width":0,"ocean_custom_logo_tablet_max_width":0,"ocean_custom_logo_mobile_max_width":0,"ocean_custom_logo_max_height":0,"ocean_custom_logo_tablet_max_height":0,"ocean_custom_logo_mobile_max_height":0,"ocean_header_custom_menu":"","ocean_menu_typo_font_family":"","ocean_menu_typo_font_subset":"","ocean_menu_typo_font_size":0,"ocean_menu_typo_font_size_tablet":0,"ocean_menu_typo_font_size_mobile":0,"ocean_menu_typo_font_size_unit":"px","ocean_menu_typo_font_weight":"","ocean_menu_typo_font_weight_tablet":"","ocean_menu_typo_font_weight_mobile":"","ocean_menu_typo_transform":"","ocean_menu_typo_transform_tablet":"","ocean_menu_typo_transform_mobile":"","ocean_menu_typo_line_height":0,"ocean_menu_typo_line_height_tablet":0,"ocean_menu_typo_line_height_mobile":0,"ocean_menu_typo_line_height_unit":"","ocean_menu_typo_spacing":0,"ocean_menu_typo_spacing_tablet":0,"ocean_menu_typo_spacing_mobile":0,"ocean_menu_typo_spacing_unit":"","ocean_menu_link_color":"","ocean_menu_link_color_hover":"","ocean_menu_link_color_active":"","ocean_menu_link_background":"","ocean_menu_link_hover_background":"","ocean_menu_link_active_background":"","ocean_menu_social_links_bg":"","ocean_menu_social_hover_links_bg":"","ocean_menu_social_links_color":"","ocean_menu_social_hover_links_color":"","ocean_disable_title":"default","ocean_disable_heading":"default","ocean_post_title":"","ocean_post_subheading":"","ocean_post_title_style":"","ocean_post_title_background_color":"","ocean_post_title_background":0,"ocean_post_title_bg_image_position":"","ocean_post_title_bg_image_attachment":"","ocean_post_title_bg_image_repeat":"","ocean_post_title_bg_image_size":"","ocean_post_title_height":0,"ocean_post_title_bg_overlay":0.5,"ocean_post_title_bg_overlay_color":"","ocean_disable_breadcrumbs":"default","ocean_breadcrumbs_color":"","ocean_breadcrumbs_separator_color":"","ocean_breadcrumbs_links_color":"","ocean_breadcrumbs_links_hover_color":"","ocean_display_footer_widgets":"default","ocean_display_footer_bottom":"default","ocean_custom_footer_template":"","ocean_post_oembed":"","ocean_post_self_hosted_media":"","ocean_post_video_embed":"","ocean_link_format":"","ocean_link_format_target":"self","ocean_quote_format":"","ocean_quote_format_link":"post","ocean_gallery_link_images":"on","ocean_gallery_id":[],"footnotes":""},"categories":[2],"tags":[],"post_folder":[],"class_list":["post-2801","post","type-post","status-publish","format-standard","hentry","category-actions-greves-manifs","entry"],"yoast_head":"<!-- This site is optimized with the Yoast SEO plugin v27.4 - https:\/\/yoast.com\/product\/yoast-seo-wordpress\/ -->\n<title>Blocage du centre de correction de Lomme - HAUTS-DE-FRANCE<\/title>\n<meta name=\"robots\" content=\"index, follow, max-snippet:-1, max-image-preview:large, max-video-preview:-1\" \/>\n<link rel=\"canonical\" href=\"https:\/\/regions-snetap-fsu.fr\/hdf\/2019\/06\/25\/blocage-du-centre-de-correction-de-lomme\/\" \/>\n<meta property=\"og:locale\" content=\"fr_FR\" \/>\n<meta property=\"og:type\" content=\"article\" \/>\n<meta property=\"og:title\" content=\"Blocage du centre de correction de Lomme - HAUTS-DE-FRANCE\" \/>\n<meta property=\"og:description\" content=\"Blocage du centre de correction de Lomme le 25 juin 2019 Mardi 25 juin 2019, l&rsquo;intersyndicale de l&rsquo;enseignement agricole Public et Priv\u00e9 a investi les locaux de Lomme afin de bloquer l&rsquo;acc\u00e8s aux copies. Ceci dans une ambiance pacifique, bon enfant&#8230;\" \/>\n<meta property=\"og:url\" content=\"https:\/\/regions-snetap-fsu.fr\/hdf\/2019\/06\/25\/blocage-du-centre-de-correction-de-lomme\/\" \/>\n<meta property=\"og:site_name\" content=\"HAUTS-DE-FRANCE\" \/>\n<meta property=\"article:published_time\" content=\"2019-06-25T07:50:40+00:00\" \/>\n<meta property=\"article:modified_time\" content=\"2019-06-25T16:42:52+00:00\" \/>\n<meta property=\"og:image\" content=\"https:\/\/regions-snetap-fsu.fr\/hdf\/wp-content\/uploads\/sites\/5\/2019\/06\/Blocage_des_copies_Lomme_25_619-1-1024x768.jpg\" \/>\n<meta name=\"author\" content=\"Regis Martinage\" \/>\n<meta name=\"twitter:card\" content=\"summary_large_image\" \/>\n<meta name=\"twitter:creator\" content=\"@MartinageSnetap\" \/>\n<meta name=\"twitter:site\" content=\"@MartinageSnetap\" \/>\n<meta name=\"twitter:label1\" content=\"\u00c9crit par\" \/>\n\t<meta name=\"twitter:data1\" content=\"Regis Martinage\" \/>\n\t<meta name=\"twitter:label2\" content=\"Dur\u00e9e de lecture estim\u00e9e\" \/>\n\t<meta name=\"twitter:data2\" content=\"2 minutes\" \/>\n<script type=\"application\/ld+json\" class=\"yoast-schema-graph\">{\"@context\":\"https:\\\/\\\/schema.org\",\"@graph\":[{\"@type\":\"Article\",\"@id\":\"https:\\\/\\\/regions-snetap-fsu.fr\\\/hdf\\\/2019\\\/06\\\/25\\\/blocage-du-centre-de-correction-de-lomme\\\/#article\",\"isPartOf\":{\"@id\":\"https:\\\/\\\/regions-snetap-fsu.fr\\\/hdf\\\/2019\\\/06\\\/25\\\/blocage-du-centre-de-correction-de-lomme\\\/\"},\"author\":{\"name\":\"Regis Martinage\",\"@id\":\"https:\\\/\\\/regions-snetap-fsu.fr\\\/hdf\\\/#\\\/schema\\\/person\\\/fa09b77e508eb2889a1c2dd6f4cf3149\"},\"headline\":\"Blocage du centre de correction de Lomme\",\"datePublished\":\"2019-06-25T07:50:40+00:00\",\"dateModified\":\"2019-06-25T16:42:52+00:00\",\"mainEntityOfPage\":{\"@id\":\"https:\\\/\\\/regions-snetap-fsu.fr\\\/hdf\\\/2019\\\/06\\\/25\\\/blocage-du-centre-de-correction-de-lomme\\\/\"},\"wordCount\":384,\"publisher\":{\"@id\":\"https:\\\/\\\/regions-snetap-fsu.fr\\\/hdf\\\/#organization\"},\"image\":{\"@id\":\"https:\\\/\\\/regions-snetap-fsu.fr\\\/hdf\\\/2019\\\/06\\\/25\\\/blocage-du-centre-de-correction-de-lomme\\\/#primaryimage\"},\"thumbnailUrl\":\"https:\\\/\\\/regions-snetap-fsu.fr\\\/hdf\\\/wp-content\\\/uploads\\\/sites\\\/5\\\/2019\\\/06\\\/Blocage_des_copies_Lomme_25_619-1-1024x768.jpg\",\"articleSection\":[\"Actions - Gr\u00e8ves - Manifs\"],\"inLanguage\":\"fr-FR\"},{\"@type\":\"WebPage\",\"@id\":\"https:\\\/\\\/regions-snetap-fsu.fr\\\/hdf\\\/2019\\\/06\\\/25\\\/blocage-du-centre-de-correction-de-lomme\\\/\",\"url\":\"https:\\\/\\\/regions-snetap-fsu.fr\\\/hdf\\\/2019\\\/06\\\/25\\\/blocage-du-centre-de-correction-de-lomme\\\/\",\"name\":\"Blocage du centre de correction de Lomme - HAUTS-DE-FRANCE\",\"isPartOf\":{\"@id\":\"https:\\\/\\\/regions-snetap-fsu.fr\\\/hdf\\\/#website\"},\"primaryImageOfPage\":{\"@id\":\"https:\\\/\\\/regions-snetap-fsu.fr\\\/hdf\\\/2019\\\/06\\\/25\\\/blocage-du-centre-de-correction-de-lomme\\\/#primaryimage\"},\"image\":{\"@id\":\"https:\\\/\\\/regions-snetap-fsu.fr\\\/hdf\\\/2019\\\/06\\\/25\\\/blocage-du-centre-de-correction-de-lomme\\\/#primaryimage\"},\"thumbnailUrl\":\"https:\\\/\\\/regions-snetap-fsu.fr\\\/hdf\\\/wp-content\\\/uploads\\\/sites\\\/5\\\/2019\\\/06\\\/Blocage_des_copies_Lomme_25_619-1-1024x768.jpg\",\"datePublished\":\"2019-06-25T07:50:40+00:00\",\"dateModified\":\"2019-06-25T16:42:52+00:00\",\"breadcrumb\":{\"@id\":\"https:\\\/\\\/regions-snetap-fsu.fr\\\/hdf\\\/2019\\\/06\\\/25\\\/blocage-du-centre-de-correction-de-lomme\\\/#breadcrumb\"},\"inLanguage\":\"fr-FR\",\"potentialAction\":[{\"@type\":\"ReadAction\",\"target\":[\"https:\\\/\\\/regions-snetap-fsu.fr\\\/hdf\\\/2019\\\/06\\\/25\\\/blocage-du-centre-de-correction-de-lomme\\\/\"]}]},{\"@type\":\"ImageObject\",\"inLanguage\":\"fr-FR\",\"@id\":\"https:\\\/\\\/regions-snetap-fsu.fr\\\/hdf\\\/2019\\\/06\\\/25\\\/blocage-du-centre-de-correction-de-lomme\\\/#primaryimage\",\"url\":\"https:\\\/\\\/regions-snetap-fsu.fr\\\/hdf\\\/wp-content\\\/uploads\\\/sites\\\/5\\\/2019\\\/06\\\/Blocage_des_copies_Lomme_25_619-1.jpg\",\"contentUrl\":\"https:\\\/\\\/regions-snetap-fsu.fr\\\/hdf\\\/wp-content\\\/uploads\\\/sites\\\/5\\\/2019\\\/06\\\/Blocage_des_copies_Lomme_25_619-1.jpg\",\"width\":4032,\"height\":3024,\"caption\":\"L'intersyndicale bloquant l'acc\u00e8s aux copies\"},{\"@type\":\"BreadcrumbList\",\"@id\":\"https:\\\/\\\/regions-snetap-fsu.fr\\\/hdf\\\/2019\\\/06\\\/25\\\/blocage-du-centre-de-correction-de-lomme\\\/#breadcrumb\",\"itemListElement\":[{\"@type\":\"ListItem\",\"position\":1,\"name\":\"Accueil\",\"item\":\"https:\\\/\\\/regions-snetap-fsu.fr\\\/hdf\\\/\"},{\"@type\":\"ListItem\",\"position\":2,\"name\":\"Actions - Gr\u00e8ves - Manifs\",\"item\":\"https:\\\/\\\/regions-snetap-fsu.fr\\\/hdf\\\/category\\\/actions-greves-manifs\\\/\"},{\"@type\":\"ListItem\",\"position\":3,\"name\":\"Blocage du centre de correction de Lomme\"}]},{\"@type\":\"WebSite\",\"@id\":\"https:\\\/\\\/regions-snetap-fsu.fr\\\/hdf\\\/#website\",\"url\":\"https:\\\/\\\/regions-snetap-fsu.fr\\\/hdf\\\/\",\"name\":\"HAUTS-DE-FRANCE\",\"description\":\"Section r\u00e9gionale\",\"publisher\":{\"@id\":\"https:\\\/\\\/regions-snetap-fsu.fr\\\/hdf\\\/#organization\"},\"potentialAction\":[{\"@type\":\"SearchAction\",\"target\":{\"@type\":\"EntryPoint\",\"urlTemplate\":\"https:\\\/\\\/regions-snetap-fsu.fr\\\/hdf\\\/?s={search_term_string}\"},\"query-input\":{\"@type\":\"PropertyValueSpecification\",\"valueRequired\":true,\"valueName\":\"search_term_string\"}}],\"inLanguage\":\"fr-FR\"},{\"@type\":\"Organization\",\"@id\":\"https:\\\/\\\/regions-snetap-fsu.fr\\\/hdf\\\/#organization\",\"name\":\"SNETAP-FSU - HAUTS-DE-FRANCE\",\"url\":\"https:\\\/\\\/regions-snetap-fsu.fr\\\/hdf\\\/\",\"logo\":{\"@type\":\"ImageObject\",\"inLanguage\":\"fr-FR\",\"@id\":\"https:\\\/\\\/regions-snetap-fsu.fr\\\/hdf\\\/#\\\/schema\\\/logo\\\/image\\\/\",\"url\":\"https:\\\/\\\/regions-snetap-fsu.fr\\\/hdf\\\/wp-content\\\/uploads\\\/sites\\\/5\\\/2020\\\/12\\\/SNETAP-Logo.jpg\",\"contentUrl\":\"https:\\\/\\\/regions-snetap-fsu.fr\\\/hdf\\\/wp-content\\\/uploads\\\/sites\\\/5\\\/2020\\\/12\\\/SNETAP-Logo.jpg\",\"width\":464,\"height\":334,\"caption\":\"SNETAP-FSU - HAUTS-DE-FRANCE\"},\"image\":{\"@id\":\"https:\\\/\\\/regions-snetap-fsu.fr\\\/hdf\\\/#\\\/schema\\\/logo\\\/image\\\/\"},\"sameAs\":[\"https:\\\/\\\/x.com\\\/MartinageSnetap\"]},{\"@type\":\"Person\",\"@id\":\"https:\\\/\\\/regions-snetap-fsu.fr\\\/hdf\\\/#\\\/schema\\\/person\\\/fa09b77e508eb2889a1c2dd6f4cf3149\",\"name\":\"Regis Martinage\",\"image\":{\"@type\":\"ImageObject\",\"inLanguage\":\"fr-FR\",\"@id\":\"https:\\\/\\\/secure.gravatar.com\\\/avatar\\\/7ae2aaabfe5b8d5c7b9361e91002ca9ec93c38c63c9a1d06ae19f03a5dc70dd7?s=96&d=mm&r=g\",\"url\":\"https:\\\/\\\/secure.gravatar.com\\\/avatar\\\/7ae2aaabfe5b8d5c7b9361e91002ca9ec93c38c63c9a1d06ae19f03a5dc70dd7?s=96&d=mm&r=g\",\"contentUrl\":\"https:\\\/\\\/secure.gravatar.com\\\/avatar\\\/7ae2aaabfe5b8d5c7b9361e91002ca9ec93c38c63c9a1d06ae19f03a5dc70dd7?s=96&d=mm&r=g\",\"caption\":\"Regis Martinage\"},\"url\":\"https:\\\/\\\/regions-snetap-fsu.fr\\\/hdf\\\/author\\\/r-martinage\\\/\"}]}<\/script>\n<!-- \/ Yoast SEO plugin. -->","yoast_head_json":{"title":"Blocage du centre de correction de Lomme - HAUTS-DE-FRANCE","robots":{"index":"index","follow":"follow","max-snippet":"max-snippet:-1","max-image-preview":"max-image-preview:large","max-video-preview":"max-video-preview:-1"},"canonical":"https:\/\/regions-snetap-fsu.fr\/hdf\/2019\/06\/25\/blocage-du-centre-de-correction-de-lomme\/","og_locale":"fr_FR","og_type":"article","og_title":"Blocage du centre de correction de Lomme - HAUTS-DE-FRANCE","og_description":"Blocage du centre de correction de Lomme le 25 juin 2019 Mardi 25 juin 2019, l&rsquo;intersyndicale de l&rsquo;enseignement agricole Public et Priv\u00e9 a investi les locaux de Lomme afin de bloquer l&rsquo;acc\u00e8s aux copies. Ceci dans une ambiance pacifique, bon enfant&#8230;","og_url":"https:\/\/regions-snetap-fsu.fr\/hdf\/2019\/06\/25\/blocage-du-centre-de-correction-de-lomme\/","og_site_name":"HAUTS-DE-FRANCE","article_published_time":"2019-06-25T07:50:40+00:00","article_modified_time":"2019-06-25T16:42:52+00:00","og_image":[{"url":"https:\/\/regions-snetap-fsu.fr\/hdf\/wp-content\/uploads\/sites\/5\/2019\/06\/Blocage_des_copies_Lomme_25_619-1-1024x768.jpg","type":"","width":"","height":""}],"author":"Regis Martinage","twitter_card":"summary_large_image","twitter_creator":"@MartinageSnetap","twitter_site":"@MartinageSnetap","twitter_misc":{"\u00c9crit par":"Regis Martinage","Dur\u00e9e de lecture estim\u00e9e":"2 minutes"},"schema":{"@context":"https:\/\/schema.org","@graph":[{"@type":"Article","@id":"https:\/\/regions-snetap-fsu.fr\/hdf\/2019\/06\/25\/blocage-du-centre-de-correction-de-lomme\/#article","isPartOf":{"@id":"https:\/\/regions-snetap-fsu.fr\/hdf\/2019\/06\/25\/blocage-du-centre-de-correction-de-lomme\/"},"author":{"name":"Regis Martinage","@id":"https:\/\/regions-snetap-fsu.fr\/hdf\/#\/schema\/person\/fa09b77e508eb2889a1c2dd6f4cf3149"},"headline":"Blocage du centre de correction de Lomme","datePublished":"2019-06-25T07:50:40+00:00","dateModified":"2019-06-25T16:42:52+00:00","mainEntityOfPage":{"@id":"https:\/\/regions-snetap-fsu.fr\/hdf\/2019\/06\/25\/blocage-du-centre-de-correction-de-lomme\/"},"wordCount":384,"publisher":{"@id":"https:\/\/regions-snetap-fsu.fr\/hdf\/#organization"},"image":{"@id":"https:\/\/regions-snetap-fsu.fr\/hdf\/2019\/06\/25\/blocage-du-centre-de-correction-de-lomme\/#primaryimage"},"thumbnailUrl":"https:\/\/regions-snetap-fsu.fr\/hdf\/wp-content\/uploads\/sites\/5\/2019\/06\/Blocage_des_copies_Lomme_25_619-1-1024x768.jpg","articleSection":["Actions - Gr\u00e8ves - Manifs"],"inLanguage":"fr-FR"},{"@type":"WebPage","@id":"https:\/\/regions-snetap-fsu.fr\/hdf\/2019\/06\/25\/blocage-du-centre-de-correction-de-lomme\/","url":"https:\/\/regions-snetap-fsu.fr\/hdf\/2019\/06\/25\/blocage-du-centre-de-correction-de-lomme\/","name":"Blocage du centre de correction de Lomme - HAUTS-DE-FRANCE","isPartOf":{"@id":"https:\/\/regions-snetap-fsu.fr\/hdf\/#website"},"primaryImageOfPage":{"@id":"https:\/\/regions-snetap-fsu.fr\/hdf\/2019\/06\/25\/blocage-du-centre-de-correction-de-lomme\/#primaryimage"},"image":{"@id":"https:\/\/regions-snetap-fsu.fr\/hdf\/2019\/06\/25\/blocage-du-centre-de-correction-de-lomme\/#primaryimage"},"thumbnailUrl":"https:\/\/regions-snetap-fsu.fr\/hdf\/wp-content\/uploads\/sites\/5\/2019\/06\/Blocage_des_copies_Lomme_25_619-1-1024x768.jpg","datePublished":"2019-06-25T07:50:40+00:00","dateModified":"2019-06-25T16:42:52+00:00","breadcrumb":{"@id":"https:\/\/regions-snetap-fsu.fr\/hdf\/2019\/06\/25\/blocage-du-centre-de-correction-de-lomme\/#breadcrumb"},"inLanguage":"fr-FR","potentialAction":[{"@type":"ReadAction","target":["https:\/\/regions-snetap-fsu.fr\/hdf\/2019\/06\/25\/blocage-du-centre-de-correction-de-lomme\/"]}]},{"@type":"ImageObject","inLanguage":"fr-FR","@id":"https:\/\/regions-snetap-fsu.fr\/hdf\/2019\/06\/25\/blocage-du-centre-de-correction-de-lomme\/#primaryimage","url":"https:\/\/regions-snetap-fsu.fr\/hdf\/wp-content\/uploads\/sites\/5\/2019\/06\/Blocage_des_copies_Lomme_25_619-1.jpg","contentUrl":"https:\/\/regions-snetap-fsu.fr\/hdf\/wp-content\/uploads\/sites\/5\/2019\/06\/Blocage_des_copies_Lomme_25_619-1.jpg","width":4032,"height":3024,"caption":"L'intersyndicale bloquant l'acc\u00e8s aux copies"},{"@type":"BreadcrumbList","@id":"https:\/\/regions-snetap-fsu.fr\/hdf\/2019\/06\/25\/blocage-du-centre-de-correction-de-lomme\/#breadcrumb","itemListElement":[{"@type":"ListItem","position":1,"name":"Accueil","item":"https:\/\/regions-snetap-fsu.fr\/hdf\/"},{"@type":"ListItem","position":2,"name":"Actions - Gr\u00e8ves - Manifs","item":"https:\/\/regions-snetap-fsu.fr\/hdf\/category\/actions-greves-manifs\/"},{"@type":"ListItem","position":3,"name":"Blocage du centre de correction de Lomme"}]},{"@type":"WebSite","@id":"https:\/\/regions-snetap-fsu.fr\/hdf\/#website","url":"https:\/\/regions-snetap-fsu.fr\/hdf\/","name":"HAUTS-DE-FRANCE","description":"Section r\u00e9gionale","publisher":{"@id":"https:\/\/regions-snetap-fsu.fr\/hdf\/#organization"},"potentialAction":[{"@type":"SearchAction","target":{"@type":"EntryPoint","urlTemplate":"https:\/\/regions-snetap-fsu.fr\/hdf\/?s={search_term_string}"},"query-input":{"@type":"PropertyValueSpecification","valueRequired":true,"valueName":"search_term_string"}}],"inLanguage":"fr-FR"},{"@type":"Organization","@id":"https:\/\/regions-snetap-fsu.fr\/hdf\/#organization","name":"SNETAP-FSU - HAUTS-DE-FRANCE","url":"https:\/\/regions-snetap-fsu.fr\/hdf\/","logo":{"@type":"ImageObject","inLanguage":"fr-FR","@id":"https:\/\/regions-snetap-fsu.fr\/hdf\/#\/schema\/logo\/image\/","url":"https:\/\/regions-snetap-fsu.fr\/hdf\/wp-content\/uploads\/sites\/5\/2020\/12\/SNETAP-Logo.jpg","contentUrl":"https:\/\/regions-snetap-fsu.fr\/hdf\/wp-content\/uploads\/sites\/5\/2020\/12\/SNETAP-Logo.jpg","width":464,"height":334,"caption":"SNETAP-FSU - HAUTS-DE-FRANCE"},"image":{"@id":"https:\/\/regions-snetap-fsu.fr\/hdf\/#\/schema\/logo\/image\/"},"sameAs":["https:\/\/x.com\/MartinageSnetap"]},{"@type":"Person","@id":"https:\/\/regions-snetap-fsu.fr\/hdf\/#\/schema\/person\/fa09b77e508eb2889a1c2dd6f4cf3149","name":"Regis Martinage","image":{"@type":"ImageObject","inLanguage":"fr-FR","@id":"https:\/\/secure.gravatar.com\/avatar\/7ae2aaabfe5b8d5c7b9361e91002ca9ec93c38c63c9a1d06ae19f03a5dc70dd7?s=96&d=mm&r=g","url":"https:\/\/secure.gravatar.com\/avatar\/7ae2aaabfe5b8d5c7b9361e91002ca9ec93c38c63c9a1d06ae19f03a5dc70dd7?s=96&d=mm&r=g","contentUrl":"https:\/\/secure.gravatar.com\/avatar\/7ae2aaabfe5b8d5c7b9361e91002ca9ec93c38c63c9a1d06ae19f03a5dc70dd7?s=96&d=mm&r=g","caption":"Regis Martinage"},"url":"https:\/\/regions-snetap-fsu.fr\/hdf\/author\/r-martinage\/"}]}},"_links":{"self":[{"href":"https:\/\/regions-snetap-fsu.fr\/hdf\/wp-json\/wp\/v2\/posts\/2801","targetHints":{"allow":["GET"]}}],"collection":[{"href":"https:\/\/regions-snetap-fsu.fr\/hdf\/wp-json\/wp\/v2\/posts"}],"about":[{"href":"https:\/\/regions-snetap-fsu.fr\/hdf\/wp-json\/wp\/v2\/types\/post"}],"author":[{"embeddable":true,"href":"https:\/\/regions-snetap-fsu.fr\/hdf\/wp-json\/wp\/v2\/users\/88"}],"replies":[{"embeddable":true,"href":"https:\/\/regions-snetap-fsu.fr\/hdf\/wp-json\/wp\/v2\/comments?post=2801"}],"version-history":[{"count":21,"href":"https:\/\/regions-snetap-fsu.fr\/hdf\/wp-json\/wp\/v2\/posts\/2801\/revisions"}],"predecessor-version":[{"id":2840,"href":"https:\/\/regions-snetap-fsu.fr\/hdf\/wp-json\/wp\/v2\/posts\/2801\/revisions\/2840"}],"wp:attachment":[{"href":"https:\/\/regions-snetap-fsu.fr\/hdf\/wp-json\/wp\/v2\/media?parent=2801"}],"wp:term":[{"taxonomy":"category","embeddable":true,"href":"https:\/\/regions-snetap-fsu.fr\/hdf\/wp-json\/wp\/v2\/categories?post=2801"},{"taxonomy":"post_tag","embeddable":true,"href":"https:\/\/regions-snetap-fsu.fr\/hdf\/wp-json\/wp\/v2\/tags?post=2801"},{"taxonomy":"post_folder","embeddable":true,"href":"https:\/\/regions-snetap-fsu.fr\/hdf\/wp-json\/wp\/v2\/post_folder?post=2801"}],"curies":[{"name":"wp","href":"https:\/\/api.w.org\/{rel}","templated":true}]}}