{"id":10881,"date":"2026-03-11T22:18:59","date_gmt":"2026-03-11T21:18:59","guid":{"rendered":"https:\/\/regions-snetap-fsu.fr\/hdf\/?p=10881"},"modified":"2026-03-11T22:18:59","modified_gmt":"2026-03-11T21:18:59","slug":"29-janvier-2026-commission-regionale-de-suivi-des-conditions-demploi-des-personnels-acb","status":"publish","type":"post","link":"https:\/\/regions-snetap-fsu.fr\/hdf\/2026\/03\/11\/29-janvier-2026-commission-regionale-de-suivi-des-conditions-demploi-des-personnels-acb\/","title":{"rendered":"29 janvier 2026, Commission R\u00e9gionale de suivi des conditions d\u2019emploi des personnels ACB"},"content":{"rendered":"<h2 style=\"text-align: center\"><span style=\"font-family: tahoma, arial, helvetica, sans-serif;color: #ff0000\"><strong>Conditions d\u2019emploi des personnels ACB en Hauts-de-France : un bilan inqui\u00e9tant et des pistes d\u2019action<\/strong><\/span><\/h2>\n<p style=\"text-align: justify\"><span style=\"font-family: tahoma, arial, helvetica, sans-serif;color: #129447\"><strong>Le 29 janvier 2026<\/strong>, s\u2019est tenue \u00e0 <strong>Le Paraclet<\/strong> la <strong>Commission R\u00e9gionale de suivi des conditions d\u2019emploi des personnels ACB<\/strong> (Agents Contractuels sur Budget) des EPLEFPA des Hauts-de-France. Une r\u00e9union marqu\u00e9e par des <strong>constats alarmants<\/strong>, des <strong>questions sans r\u00e9ponses<\/strong> et une <strong>mobilisation syndicale renforc\u00e9e<\/strong> pour d\u00e9fendre les droits des personnels.<\/span><\/p>\n<p>&nbsp;<\/p>\n<h3 style=\"text-align: center\"><span style=\"font-family: tahoma, arial, helvetica, sans-serif;color: #129447\"><strong>Un taux de r\u00e9ponse r\u00e9gional catastrophique : 36 % contre 88 % au niveau national<\/strong><\/span><\/h3>\n<p style=\"text-align: justify\"><span style=\"font-family: tahoma, arial, helvetica, sans-serif;color: #129447\">D\u00e8s l\u2019ouverture de la commission, l\u2019intersyndicale l\u2019\u00c9lan commun a point\u00e9 du doigt le <strong>taux de r\u00e9ponse exceptionnellement bas<\/strong> des directions des EPLEFPA des Hauts-de-France : <strong>seulement 36 %<\/strong>, contre <strong>88 % pour les autres r\u00e9gions<\/strong>. R\u00e9sultat : les donn\u00e9es r\u00e9gionales ont \u00e9t\u00e9 <strong>exclues des statistiques nationales<\/strong>, jug\u00e9es non repr\u00e9sentatives.<\/span><\/p>\n<p style=\"text-align: justify\"><span style=\"font-family: tahoma, arial, helvetica, sans-serif;color: #129447\"><strong>Pourquoi un tel d\u00e9sengagement ?<\/strong><\/span><\/p>\n<p style=\"text-align: justify\"><span style=\"font-family: tahoma, arial, helvetica, sans-serif;color: #129447\">Certains participants ont \u00e9voqu\u00e9 une <strong>\u00ab fronde des directions \u00bb<\/strong>, notamment des <strong>ACEN charg\u00e9s de direction<\/strong> (CFA, CFPPA), en protestation contre le <strong>manque de reconnaissance<\/strong> de leur travail et les <strong>lenteurs du minist\u00e8re<\/strong> dans leur reclassement. Une situation qui prive la r\u00e9gion d\u2019une <strong>analyse comparative<\/strong> essentielle pour am\u00e9liorer les conditions d\u2019emploi.<\/span><\/p>\n<p style=\"text-align: justify\"><span style=\"font-family: tahoma, arial, helvetica, sans-serif;color: #129447\"><strong>Cons\u00e9quence<\/strong> : sans donn\u00e9es fiables, impossible de corriger des <strong>in\u00e9galit\u00e9s criantes<\/strong> et des <strong>conditions de travail d\u00e9grad\u00e9es<\/strong>.<\/span><\/p>\n<p>&nbsp;<\/p>\n<h3 style=\"text-align: center\"><span style=\"font-family: tahoma, arial, helvetica, sans-serif;color: #129447\"><strong>Des annonces minist\u00e9rielles inqui\u00e9tantes<\/strong><\/span><\/h3>\n<ul>\n<li style=\"text-align: justify\"><span style=\"font-family: tahoma, arial, helvetica, sans-serif;color: #129447\"><strong>Transformation du GIP national en consortium<\/strong> : une r\u00e9organisation qui soul\u00e8ve des interrogations sur son impact concret pour les personnels.<\/span><\/li>\n<li style=\"text-align: justify\"><span style=\"font-family: tahoma, arial, helvetica, sans-serif;color: #129447\"><strong>Modification du Code rural<\/strong> : le <strong>ministre de l\u2019Agriculture<\/strong> se voit attribuer les <strong>pleins pouvoirs<\/strong> pour fixer le temps de travail des ACB, sans concertation locale. L\u2019\u00c9lan commun rappelle que l\u2019objectif doit \u00eatre <strong>l\u2019\u00e9quit\u00e9<\/strong>, notamment avec les enseignant\u00b7es de lyc\u00e9e (1 607 heures annuelles, dont 1 296 heures de pr\u00e9paration et correction).<\/span><\/li>\n<li style=\"text-align: justify\"><span style=\"font-family: tahoma, arial, helvetica, sans-serif;color: #129447\"><strong>Absence de transparence<\/strong> : malgr\u00e9 les demandes r\u00e9p\u00e9t\u00e9es, les <strong>enqu\u00eates de satisfaction<\/strong> des personnels ACB, pourtant r\u00e9alis\u00e9es, <strong>ne sont toujours pas exploit\u00e9es<\/strong>.<\/span><\/li>\n<\/ul>\n<p style=\"text-align: justify\"><span style=\"font-family: tahoma, arial, helvetica, sans-serif;color: #129447\"><strong>Le SRFD<\/strong> s\u2019est engag\u00e9 \u00e0 transmettre ces indicateurs, mais les repr\u00e9sentants des personnels restent <strong>sur leur faim<\/strong>.<\/span><\/p>\n<p>&nbsp;<\/p>\n<h3 style=\"text-align: center\"><span style=\"font-family: tahoma, arial, helvetica, sans-serif;color: #129447\"><strong>Des conditions d\u2019emploi toujours pr\u00e9caires<\/strong><\/span><\/h3>\n<h3 style=\"text-align: justify\"><span style=\"font-family: tahoma, arial, helvetica, sans-serif;color: #129447\"><strong>1. Des donn\u00e9es r\u00e9gionales inexploitables<\/strong><\/span><\/h3>\n<ul style=\"text-align: justify\">\n<li><span style=\"font-family: tahoma, arial, helvetica, sans-serif;color: #129447\"><strong>33 % de taux de r\u00e9ponse<\/strong> en Hauts-de-France, contre une moyenne nationale bien sup\u00e9rieure.<\/span><\/li>\n<li><span style=\"font-family: tahoma, arial, helvetica, sans-serif;color: #129447\"><strong>Des chiffres incoh\u00e9rents<\/strong> (r\u00e9mun\u00e9rations annuelles brutes \u00e0 79 300 \u20ac\/an, par exemple) qui remettent en cause la fiabilit\u00e9 des outils de pilotage.<\/span><\/li>\n<li><span style=\"font-family: tahoma, arial, helvetica, sans-serif;color: #129447\"><strong>Un vieillissement des effectifs<\/strong> : 22 % des ACB ont plus de 55 ans, seulement 8 % ont moins de 30 ans. <strong>Un renouvellement des g\u00e9n\u00e9rations en p\u00e9ril ?<\/strong><\/span><\/li>\n<\/ul>\n<h3 style=\"text-align: justify\"><span style=\"font-family: tahoma, arial, helvetica, sans-serif;color: #129447\"><strong>2. Des in\u00e9galit\u00e9s persistantes<\/strong><\/span><\/h3>\n<ul style=\"text-align: justify\">\n<li><span style=\"font-family: tahoma, arial, helvetica, sans-serif;color: #129447\"><strong>1 vacataire pour 2,5 ACB<\/strong> : une pr\u00e9carit\u00e9 qui emp\u00eache l\u2019acc\u00e8s \u00e0 des contrats stables.<\/span><\/li>\n<li><span style=\"font-family: tahoma, arial, helvetica, sans-serif;color: #129447\"><strong>Des salaires en dessous de la moyenne nationale<\/strong> (32 300 \u20ac brut\/an en 2024, contre 30 000 \u20ac en 2023), sans progression significative.<\/span><\/li>\n<li><span style=\"font-family: tahoma, arial, helvetica, sans-serif;color: #129447\"><strong>Des fonds de roulement en danger<\/strong> dans plusieurs EPL, mettant en p\u00e9ril la stabilit\u00e9 des emplois.<\/span><\/li>\n<\/ul>\n<h3 style=\"text-align: justify\"><span style=\"font-family: tahoma, arial, helvetica, sans-serif;color: #129447\"><strong>3. Un dialogue social \u00e0 am\u00e9liorer<\/strong><\/span><\/h3>\n<ul>\n<li style=\"text-align: justify\"><span style=\"font-family: tahoma, arial, helvetica, sans-serif;color: #129447\"><strong>Aucune association des organisations syndicales<\/strong> dans l\u2019\u00e9laboration des cadres r\u00e9gionaux, malgr\u00e9 des <strong>propositions concr\u00e8tes<\/strong> (comme l\u2019obligation de motiver les non-renouvellements de CDD).<\/span><\/li>\n<li style=\"text-align: justify\"><span style=\"font-family: tahoma, arial, helvetica, sans-serif;color: #129447\"><strong>Un besoin urgent de crit\u00e8res qualitatifs<\/strong> : les enqu\u00eates de satisfaction, aujourd\u2019hui disparates, devraient \u00eatre <strong>harmonis\u00e9es<\/strong> pour refl\u00e9ter la r\u00e9alit\u00e9 du terrain.<\/span><\/li>\n<\/ul>\n<p>&nbsp;<\/p>\n<h3 style=\"text-align: center\"><span style=\"font-family: tahoma, arial, helvetica, sans-serif;color: #129447\"><strong>Les revendications du SNETAP-FSU<\/strong><\/span><\/h3>\n<p style=\"text-align: justify\"><span style=\"font-family: tahoma, arial, helvetica, sans-serif;color: #129447\">Face \u00e0 ces constats, le SNETAP-FSU <strong>r\u00e9affirme ses priorit\u00e9s<\/strong> :<\/span><\/p>\n<p style=\"text-align: justify\"><span style=\"font-family: tahoma, arial, helvetica, sans-serif;color: #129447\">\u2705 <strong>Une approche qualitative<\/strong> des conditions d\u2019emploi, au-del\u00e0 des simples statistiques.<\/span><\/p>\n<p style=\"text-align: justify\"><span style=\"font-family: tahoma, arial, helvetica, sans-serif;color: #129447\">\u2705 <strong>La fin de la pr\u00e9carit\u00e9<\/strong> : limitation du recours aux vacataires, titularisation des ACB, respect des 1 607 heures annuelles.<\/span><\/p>\n<p style=\"text-align: justify\"><span style=\"font-family: tahoma, arial, helvetica, sans-serif;color: #129447\">\u2705 <strong>Un vrai dialogue social<\/strong> : cr\u00e9ation d\u2019une <strong>\u00ab commission d\u2019action \u00bb<\/strong> r\u00e9gionale pour travailler <strong>ensemble<\/strong> (directions, syndicats, administration) sur des solutions concr\u00e8tes.<\/span><\/p>\n<p style=\"text-align: justify\"><span style=\"font-family: tahoma, arial, helvetica, sans-serif;color: #129447\">\u2705 <strong>La syndicalisation des coll\u00e8gues<\/strong> : <strong>seule une mobilisation collective<\/strong> permettra de faire entendre nos revendications au niveau national.<\/span><\/p>\n<p style=\"text-align: justify\"><span style=\"font-family: tahoma, arial, helvetica, sans-serif;color: #129447\"><strong>\u00ab On ne peut plus accepter que les personnels ACB soient les variables d\u2019ajustement d\u2019un syst\u00e8me en crise ! \u00bb<\/strong>\u00a0<\/span><\/p>\n<p>&nbsp;<\/p>\n<h3 style=\"text-align: center\"><span style=\"font-family: tahoma, arial, helvetica, sans-serif;color: #129447\"><strong>Prochaines \u00e9tapes : la mobilisation continue<\/strong><\/span><\/h3>\n<ul>\n<li><span style=\"font-family: tahoma, arial, helvetica, sans-serif;color: #129447\"><strong>Soutien aux repr\u00e9sentants nationaux<\/strong> dans leur combat pour le respect des personnels.<\/span><\/li>\n<li><span style=\"font-family: tahoma, arial, helvetica, sans-serif;color: #129447\"><strong>Demande de transparence<\/strong> sur les d\u00e9cisions prises au niveau du consortium national.<\/span><\/li>\n<li><span style=\"font-family: tahoma, arial, helvetica, sans-serif;color: #129447\"><strong>Exigence d\u2019une r\u00e9ouverture des discussions<\/strong> sur les cadres locaux d\u2019emploi, notamment avant le vote en CA de juin 2026.<\/span><\/li>\n<\/ul>\n<p><span style=\"font-family: tahoma, arial, helvetica, sans-serif;color: #129447\"><strong>\u00ab La sant\u00e9 financi\u00e8re des EPL ne doit pas se faire au d\u00e9triment des conditions de travail ! \u00bb<\/strong><\/span><\/p>\n<p>&nbsp;<\/p>\n<h3 style=\"text-align: center\"><span style=\"font-family: tahoma, arial, helvetica, sans-serif;color: #129447\"><strong>Conclusion : l\u2019union fait la force<\/strong><\/span><\/h3>\n<p style=\"text-align: justify\"><span style=\"font-family: tahoma, arial, helvetica, sans-serif;color: #129447\">Cette commission a confirm\u00e9 ce que le SNETAP-FSU et l\u2019\u00c9lan commun d\u00e9nonce depuis des ann\u00e9es : <strong>les personnels ACB subissent une pr\u00e9carit\u00e9 organis\u00e9e<\/strong>. Mais elle a aussi montr\u00e9 que <strong>la mobilisation paie<\/strong> : gr\u00e2ce \u00e0 la pression syndicale, le SRFD s\u2019est engag\u00e9 \u00e0 <strong>am\u00e9liorer la remont\u00e9e des donn\u00e9es<\/strong> et \u00e0 <strong>explorer des pistes d\u2019action r\u00e9gionales<\/strong>.<\/span><\/p>\n<p style=\"text-align: justify\"><span style=\"font-family: tahoma, arial, helvetica, sans-serif;color: #129447\"><strong>Rejoignez-nous pour amplifier la voix des ACB !<\/strong><\/span><\/p>\n<p style=\"text-align: justify\"><span style=\"font-family: tahoma, arial, helvetica, sans-serif;color: #129447\">\ud83d\udce2 <strong>Syndiquez-vous<span style=\"color: #0000ff\"> <a style=\"color: #0000ff\" href=\"https:\/\/www.snetap-fsu.fr\/Adherez-au-SNETAP-FSU.html\" target=\"_blank\" rel=\"noopener\">( ici )<\/a> <\/span>,informez-vous, mobilisez-vous !<\/strong><\/span><\/p>\n<p style=\"text-align: justify\"><span style=\"font-family: tahoma, arial, helvetica, sans-serif;color: #129447\">\ud83d\udd17 <strong>Contact : <span style=\"color: #0000ff\"><a style=\"color: #0000ff\" href=\"mailto:hauts-de-france@snetap-fsu.fr\" target=\"_blank\" rel=\"noopener\">hauts-de-france@snetap-fsu.fr<\/a><\/span><\/strong><\/span><\/p>\n","protected":false},"excerpt":{"rendered":"<p>Conditions d\u2019emploi des personnels ACB en Hauts-de-France : un bilan inqui\u00e9tant et des pistes d\u2019action Le 29 janvier 2026, s\u2019est tenue \u00e0 Le Paraclet la Commission R\u00e9gionale de suivi des conditions d\u2019emploi des personnels ACB (Agents Contractuels sur Budget) des EPLEFPA des Hauts-de-France. Une r\u00e9union marqu\u00e9e par des constats alarmants, des questions sans r\u00e9ponses et [&hellip;]<\/p>\n","protected":false},"author":88,"featured_media":8863,"comment_status":"closed","ping_status":"closed","sticky":false,"template":"","format":"standard","meta":{"ocean_post_layout":"","ocean_both_sidebars_style":"","ocean_both_sidebars_content_width":0,"ocean_both_sidebars_sidebars_width":0,"ocean_sidebar":"0","ocean_second_sidebar":"0","ocean_disable_margins":"enable","ocean_add_body_class":"","ocean_shortcode_before_top_bar":"","ocean_shortcode_after_top_bar":"","ocean_shortcode_before_header":"","ocean_shortcode_after_header":"","ocean_has_shortcode":"","ocean_shortcode_after_title":"","ocean_shortcode_before_footer_widgets":"","ocean_shortcode_after_footer_widgets":"","ocean_shortcode_before_footer_bottom":"","ocean_shortcode_after_footer_bottom":"","ocean_display_top_bar":"default","ocean_display_header":"default","ocean_header_style":"","ocean_center_header_left_menu":"0","ocean_custom_header_template":"0","ocean_custom_logo":0,"ocean_custom_retina_logo":0,"ocean_custom_logo_max_width":0,"ocean_custom_logo_tablet_max_width":0,"ocean_custom_logo_mobile_max_width":0,"ocean_custom_logo_max_height":0,"ocean_custom_logo_tablet_max_height":0,"ocean_custom_logo_mobile_max_height":0,"ocean_header_custom_menu":"0","ocean_menu_typo_font_family":"0","ocean_menu_typo_font_subset":"","ocean_menu_typo_font_size":0,"ocean_menu_typo_font_size_tablet":0,"ocean_menu_typo_font_size_mobile":0,"ocean_menu_typo_font_size_unit":"px","ocean_menu_typo_font_weight":"","ocean_menu_typo_font_weight_tablet":"","ocean_menu_typo_font_weight_mobile":"","ocean_menu_typo_transform":"","ocean_menu_typo_transform_tablet":"","ocean_menu_typo_transform_mobile":"","ocean_menu_typo_line_height":0,"ocean_menu_typo_line_height_tablet":0,"ocean_menu_typo_line_height_mobile":0,"ocean_menu_typo_line_height_unit":"","ocean_menu_typo_spacing":0,"ocean_menu_typo_spacing_tablet":0,"ocean_menu_typo_spacing_mobile":0,"ocean_menu_typo_spacing_unit":"","ocean_menu_link_color":"","ocean_menu_link_color_hover":"","ocean_menu_link_color_active":"","ocean_menu_link_background":"","ocean_menu_link_hover_background":"","ocean_menu_link_active_background":"","ocean_menu_social_links_bg":"","ocean_menu_social_hover_links_bg":"","ocean_menu_social_links_color":"","ocean_menu_social_hover_links_color":"","ocean_disable_title":"default","ocean_disable_heading":"default","ocean_post_title":"","ocean_post_subheading":"","ocean_post_title_style":"","ocean_post_title_background_color":"","ocean_post_title_background":0,"ocean_post_title_bg_image_position":"","ocean_post_title_bg_image_attachment":"","ocean_post_title_bg_image_repeat":"","ocean_post_title_bg_image_size":"","ocean_post_title_height":0,"ocean_post_title_bg_overlay":0.5,"ocean_post_title_bg_overlay_color":"","ocean_disable_breadcrumbs":"default","ocean_breadcrumbs_color":"","ocean_breadcrumbs_separator_color":"","ocean_breadcrumbs_links_color":"","ocean_breadcrumbs_links_hover_color":"","ocean_display_footer_widgets":"default","ocean_display_footer_bottom":"default","ocean_custom_footer_template":"0","ocean_post_oembed":"","ocean_post_self_hosted_media":"","ocean_post_video_embed":"","ocean_link_format":"","ocean_link_format_target":"self","ocean_quote_format":"","ocean_quote_format_link":"post","ocean_gallery_link_images":"on","ocean_gallery_id":[],"footnotes":""},"categories":[76,3],"tags":[],"post_folder":[],"class_list":["post-10881","post","type-post","status-publish","format-standard","has-post-thumbnail","hentry","category-commission-regionale-conditions-demploi-acb","category-ufa-cfppa","entry","has-media"],"yoast_head":"<!-- This site is optimized with the Yoast SEO plugin v27.4 - https:\/\/yoast.com\/product\/yoast-seo-wordpress\/ -->\n<title>29 janvier 2026, Commission R\u00e9gionale de suivi des conditions d\u2019emploi des personnels ACB - HAUTS-DE-FRANCE<\/title>\n<meta name=\"robots\" content=\"index, follow, max-snippet:-1, max-image-preview:large, max-video-preview:-1\" \/>\n<link rel=\"canonical\" href=\"https:\/\/regions-snetap-fsu.fr\/hdf\/2026\/03\/11\/29-janvier-2026-commission-regionale-de-suivi-des-conditions-demploi-des-personnels-acb\/\" \/>\n<meta property=\"og:locale\" content=\"fr_FR\" \/>\n<meta property=\"og:type\" content=\"article\" \/>\n<meta property=\"og:title\" content=\"29 janvier 2026, Commission R\u00e9gionale de suivi des conditions d\u2019emploi des personnels ACB - HAUTS-DE-FRANCE\" \/>\n<meta property=\"og:description\" content=\"Conditions d\u2019emploi des personnels ACB en Hauts-de-France : un bilan inqui\u00e9tant et des pistes d\u2019action Le 29 janvier 2026, s\u2019est tenue \u00e0 Le Paraclet la Commission R\u00e9gionale de suivi des conditions d\u2019emploi des personnels ACB (Agents Contractuels sur Budget) des EPLEFPA des Hauts-de-France. Une r\u00e9union marqu\u00e9e par des constats alarmants, des questions sans r\u00e9ponses et [&hellip;]\" \/>\n<meta property=\"og:url\" content=\"https:\/\/regions-snetap-fsu.fr\/hdf\/2026\/03\/11\/29-janvier-2026-commission-regionale-de-suivi-des-conditions-demploi-des-personnels-acb\/\" \/>\n<meta property=\"og:site_name\" content=\"HAUTS-DE-FRANCE\" \/>\n<meta property=\"article:published_time\" content=\"2026-03-11T21:18:59+00:00\" \/>\n<meta property=\"og:image\" content=\"https:\/\/regions-snetap-fsu.fr\/hdf\/wp-content\/uploads\/sites\/5\/2023\/07\/Commission_Regionale_ACB.jpg\" \/>\n\t<meta property=\"og:image:width\" content=\"435\" \/>\n\t<meta property=\"og:image:height\" content=\"200\" \/>\n\t<meta property=\"og:image:type\" content=\"image\/jpeg\" \/>\n<meta name=\"author\" content=\"Regis Martinage\" \/>\n<meta name=\"twitter:card\" content=\"summary_large_image\" \/>\n<meta name=\"twitter:creator\" content=\"@MartinageSnetap\" \/>\n<meta name=\"twitter:site\" content=\"@MartinageSnetap\" \/>\n<meta name=\"twitter:label1\" content=\"\u00c9crit par\" \/>\n\t<meta name=\"twitter:data1\" content=\"Regis Martinage\" \/>\n\t<meta name=\"twitter:label2\" content=\"Dur\u00e9e de lecture estim\u00e9e\" \/>\n\t<meta name=\"twitter:data2\" content=\"4 minutes\" \/>\n<script type=\"application\/ld+json\" class=\"yoast-schema-graph\">{\"@context\":\"https:\\\/\\\/schema.org\",\"@graph\":[{\"@type\":\"Article\",\"@id\":\"https:\\\/\\\/regions-snetap-fsu.fr\\\/hdf\\\/2026\\\/03\\\/11\\\/29-janvier-2026-commission-regionale-de-suivi-des-conditions-demploi-des-personnels-acb\\\/#article\",\"isPartOf\":{\"@id\":\"https:\\\/\\\/regions-snetap-fsu.fr\\\/hdf\\\/2026\\\/03\\\/11\\\/29-janvier-2026-commission-regionale-de-suivi-des-conditions-demploi-des-personnels-acb\\\/\"},\"author\":{\"name\":\"Regis Martinage\",\"@id\":\"https:\\\/\\\/regions-snetap-fsu.fr\\\/hdf\\\/#\\\/schema\\\/person\\\/fa09b77e508eb2889a1c2dd6f4cf3149\"},\"headline\":\"29 janvier 2026, Commission R\u00e9gionale de suivi des conditions d\u2019emploi des personnels ACB\",\"datePublished\":\"2026-03-11T21:18:59+00:00\",\"mainEntityOfPage\":{\"@id\":\"https:\\\/\\\/regions-snetap-fsu.fr\\\/hdf\\\/2026\\\/03\\\/11\\\/29-janvier-2026-commission-regionale-de-suivi-des-conditions-demploi-des-personnels-acb\\\/\"},\"wordCount\":808,\"publisher\":{\"@id\":\"https:\\\/\\\/regions-snetap-fsu.fr\\\/hdf\\\/#organization\"},\"image\":{\"@id\":\"https:\\\/\\\/regions-snetap-fsu.fr\\\/hdf\\\/2026\\\/03\\\/11\\\/29-janvier-2026-commission-regionale-de-suivi-des-conditions-demploi-des-personnels-acb\\\/#primaryimage\"},\"thumbnailUrl\":\"https:\\\/\\\/regions-snetap-fsu.fr\\\/hdf\\\/wp-content\\\/uploads\\\/sites\\\/5\\\/2023\\\/07\\\/Commission_Regionale_ACB.jpg\",\"articleSection\":[\"Commission r\u00e9gionale conditions d\u2019emploi ACB\",\"UFA \\\/ CFPPA\"],\"inLanguage\":\"fr-FR\"},{\"@type\":\"WebPage\",\"@id\":\"https:\\\/\\\/regions-snetap-fsu.fr\\\/hdf\\\/2026\\\/03\\\/11\\\/29-janvier-2026-commission-regionale-de-suivi-des-conditions-demploi-des-personnels-acb\\\/\",\"url\":\"https:\\\/\\\/regions-snetap-fsu.fr\\\/hdf\\\/2026\\\/03\\\/11\\\/29-janvier-2026-commission-regionale-de-suivi-des-conditions-demploi-des-personnels-acb\\\/\",\"name\":\"29 janvier 2026, Commission R\u00e9gionale de suivi des conditions d\u2019emploi des personnels ACB - HAUTS-DE-FRANCE\",\"isPartOf\":{\"@id\":\"https:\\\/\\\/regions-snetap-fsu.fr\\\/hdf\\\/#website\"},\"primaryImageOfPage\":{\"@id\":\"https:\\\/\\\/regions-snetap-fsu.fr\\\/hdf\\\/2026\\\/03\\\/11\\\/29-janvier-2026-commission-regionale-de-suivi-des-conditions-demploi-des-personnels-acb\\\/#primaryimage\"},\"image\":{\"@id\":\"https:\\\/\\\/regions-snetap-fsu.fr\\\/hdf\\\/2026\\\/03\\\/11\\\/29-janvier-2026-commission-regionale-de-suivi-des-conditions-demploi-des-personnels-acb\\\/#primaryimage\"},\"thumbnailUrl\":\"https:\\\/\\\/regions-snetap-fsu.fr\\\/hdf\\\/wp-content\\\/uploads\\\/sites\\\/5\\\/2023\\\/07\\\/Commission_Regionale_ACB.jpg\",\"datePublished\":\"2026-03-11T21:18:59+00:00\",\"breadcrumb\":{\"@id\":\"https:\\\/\\\/regions-snetap-fsu.fr\\\/hdf\\\/2026\\\/03\\\/11\\\/29-janvier-2026-commission-regionale-de-suivi-des-conditions-demploi-des-personnels-acb\\\/#breadcrumb\"},\"inLanguage\":\"fr-FR\",\"potentialAction\":[{\"@type\":\"ReadAction\",\"target\":[\"https:\\\/\\\/regions-snetap-fsu.fr\\\/hdf\\\/2026\\\/03\\\/11\\\/29-janvier-2026-commission-regionale-de-suivi-des-conditions-demploi-des-personnels-acb\\\/\"]}]},{\"@type\":\"ImageObject\",\"inLanguage\":\"fr-FR\",\"@id\":\"https:\\\/\\\/regions-snetap-fsu.fr\\\/hdf\\\/2026\\\/03\\\/11\\\/29-janvier-2026-commission-regionale-de-suivi-des-conditions-demploi-des-personnels-acb\\\/#primaryimage\",\"url\":\"https:\\\/\\\/regions-snetap-fsu.fr\\\/hdf\\\/wp-content\\\/uploads\\\/sites\\\/5\\\/2023\\\/07\\\/Commission_Regionale_ACB.jpg\",\"contentUrl\":\"https:\\\/\\\/regions-snetap-fsu.fr\\\/hdf\\\/wp-content\\\/uploads\\\/sites\\\/5\\\/2023\\\/07\\\/Commission_Regionale_ACB.jpg\",\"width\":435,\"height\":200},{\"@type\":\"BreadcrumbList\",\"@id\":\"https:\\\/\\\/regions-snetap-fsu.fr\\\/hdf\\\/2026\\\/03\\\/11\\\/29-janvier-2026-commission-regionale-de-suivi-des-conditions-demploi-des-personnels-acb\\\/#breadcrumb\",\"itemListElement\":[{\"@type\":\"ListItem\",\"position\":1,\"name\":\"Accueil\",\"item\":\"https:\\\/\\\/regions-snetap-fsu.fr\\\/hdf\\\/\"},{\"@type\":\"ListItem\",\"position\":2,\"name\":\"Commission r\u00e9gionale conditions d\u2019emploi ACB\",\"item\":\"https:\\\/\\\/regions-snetap-fsu.fr\\\/hdf\\\/category\\\/commission-regionale-conditions-demploi-acb\\\/\"},{\"@type\":\"ListItem\",\"position\":3,\"name\":\"29 janvier 2026, Commission R\u00e9gionale de suivi des conditions d\u2019emploi des personnels ACB\"}]},{\"@type\":\"WebSite\",\"@id\":\"https:\\\/\\\/regions-snetap-fsu.fr\\\/hdf\\\/#website\",\"url\":\"https:\\\/\\\/regions-snetap-fsu.fr\\\/hdf\\\/\",\"name\":\"HAUTS-DE-FRANCE\",\"description\":\"Section r\u00e9gionale\",\"publisher\":{\"@id\":\"https:\\\/\\\/regions-snetap-fsu.fr\\\/hdf\\\/#organization\"},\"potentialAction\":[{\"@type\":\"SearchAction\",\"target\":{\"@type\":\"EntryPoint\",\"urlTemplate\":\"https:\\\/\\\/regions-snetap-fsu.fr\\\/hdf\\\/?s={search_term_string}\"},\"query-input\":{\"@type\":\"PropertyValueSpecification\",\"valueRequired\":true,\"valueName\":\"search_term_string\"}}],\"inLanguage\":\"fr-FR\"},{\"@type\":\"Organization\",\"@id\":\"https:\\\/\\\/regions-snetap-fsu.fr\\\/hdf\\\/#organization\",\"name\":\"SNETAP-FSU - HAUTS-DE-FRANCE\",\"url\":\"https:\\\/\\\/regions-snetap-fsu.fr\\\/hdf\\\/\",\"logo\":{\"@type\":\"ImageObject\",\"inLanguage\":\"fr-FR\",\"@id\":\"https:\\\/\\\/regions-snetap-fsu.fr\\\/hdf\\\/#\\\/schema\\\/logo\\\/image\\\/\",\"url\":\"https:\\\/\\\/regions-snetap-fsu.fr\\\/hdf\\\/wp-content\\\/uploads\\\/sites\\\/5\\\/2020\\\/12\\\/SNETAP-Logo.jpg\",\"contentUrl\":\"https:\\\/\\\/regions-snetap-fsu.fr\\\/hdf\\\/wp-content\\\/uploads\\\/sites\\\/5\\\/2020\\\/12\\\/SNETAP-Logo.jpg\",\"width\":464,\"height\":334,\"caption\":\"SNETAP-FSU - HAUTS-DE-FRANCE\"},\"image\":{\"@id\":\"https:\\\/\\\/regions-snetap-fsu.fr\\\/hdf\\\/#\\\/schema\\\/logo\\\/image\\\/\"},\"sameAs\":[\"https:\\\/\\\/x.com\\\/MartinageSnetap\"]},{\"@type\":\"Person\",\"@id\":\"https:\\\/\\\/regions-snetap-fsu.fr\\\/hdf\\\/#\\\/schema\\\/person\\\/fa09b77e508eb2889a1c2dd6f4cf3149\",\"name\":\"Regis Martinage\",\"image\":{\"@type\":\"ImageObject\",\"inLanguage\":\"fr-FR\",\"@id\":\"https:\\\/\\\/secure.gravatar.com\\\/avatar\\\/7ae2aaabfe5b8d5c7b9361e91002ca9ec93c38c63c9a1d06ae19f03a5dc70dd7?s=96&d=mm&r=g\",\"url\":\"https:\\\/\\\/secure.gravatar.com\\\/avatar\\\/7ae2aaabfe5b8d5c7b9361e91002ca9ec93c38c63c9a1d06ae19f03a5dc70dd7?s=96&d=mm&r=g\",\"contentUrl\":\"https:\\\/\\\/secure.gravatar.com\\\/avatar\\\/7ae2aaabfe5b8d5c7b9361e91002ca9ec93c38c63c9a1d06ae19f03a5dc70dd7?s=96&d=mm&r=g\",\"caption\":\"Regis Martinage\"},\"url\":\"https:\\\/\\\/regions-snetap-fsu.fr\\\/hdf\\\/author\\\/r-martinage\\\/\"}]}<\/script>\n<!-- \/ Yoast SEO plugin. -->","yoast_head_json":{"title":"29 janvier 2026, Commission R\u00e9gionale de suivi des conditions d\u2019emploi des personnels ACB - HAUTS-DE-FRANCE","robots":{"index":"index","follow":"follow","max-snippet":"max-snippet:-1","max-image-preview":"max-image-preview:large","max-video-preview":"max-video-preview:-1"},"canonical":"https:\/\/regions-snetap-fsu.fr\/hdf\/2026\/03\/11\/29-janvier-2026-commission-regionale-de-suivi-des-conditions-demploi-des-personnels-acb\/","og_locale":"fr_FR","og_type":"article","og_title":"29 janvier 2026, Commission R\u00e9gionale de suivi des conditions d\u2019emploi des personnels ACB - HAUTS-DE-FRANCE","og_description":"Conditions d\u2019emploi des personnels ACB en Hauts-de-France : un bilan inqui\u00e9tant et des pistes d\u2019action Le 29 janvier 2026, s\u2019est tenue \u00e0 Le Paraclet la Commission R\u00e9gionale de suivi des conditions d\u2019emploi des personnels ACB (Agents Contractuels sur Budget) des EPLEFPA des Hauts-de-France. Une r\u00e9union marqu\u00e9e par des constats alarmants, des questions sans r\u00e9ponses et [&hellip;]","og_url":"https:\/\/regions-snetap-fsu.fr\/hdf\/2026\/03\/11\/29-janvier-2026-commission-regionale-de-suivi-des-conditions-demploi-des-personnels-acb\/","og_site_name":"HAUTS-DE-FRANCE","article_published_time":"2026-03-11T21:18:59+00:00","og_image":[{"width":435,"height":200,"url":"https:\/\/regions-snetap-fsu.fr\/hdf\/wp-content\/uploads\/sites\/5\/2023\/07\/Commission_Regionale_ACB.jpg","type":"image\/jpeg"}],"author":"Regis Martinage","twitter_card":"summary_large_image","twitter_creator":"@MartinageSnetap","twitter_site":"@MartinageSnetap","twitter_misc":{"\u00c9crit par":"Regis Martinage","Dur\u00e9e de lecture estim\u00e9e":"4 minutes"},"schema":{"@context":"https:\/\/schema.org","@graph":[{"@type":"Article","@id":"https:\/\/regions-snetap-fsu.fr\/hdf\/2026\/03\/11\/29-janvier-2026-commission-regionale-de-suivi-des-conditions-demploi-des-personnels-acb\/#article","isPartOf":{"@id":"https:\/\/regions-snetap-fsu.fr\/hdf\/2026\/03\/11\/29-janvier-2026-commission-regionale-de-suivi-des-conditions-demploi-des-personnels-acb\/"},"author":{"name":"Regis Martinage","@id":"https:\/\/regions-snetap-fsu.fr\/hdf\/#\/schema\/person\/fa09b77e508eb2889a1c2dd6f4cf3149"},"headline":"29 janvier 2026, Commission R\u00e9gionale de suivi des conditions d\u2019emploi des personnels ACB","datePublished":"2026-03-11T21:18:59+00:00","mainEntityOfPage":{"@id":"https:\/\/regions-snetap-fsu.fr\/hdf\/2026\/03\/11\/29-janvier-2026-commission-regionale-de-suivi-des-conditions-demploi-des-personnels-acb\/"},"wordCount":808,"publisher":{"@id":"https:\/\/regions-snetap-fsu.fr\/hdf\/#organization"},"image":{"@id":"https:\/\/regions-snetap-fsu.fr\/hdf\/2026\/03\/11\/29-janvier-2026-commission-regionale-de-suivi-des-conditions-demploi-des-personnels-acb\/#primaryimage"},"thumbnailUrl":"https:\/\/regions-snetap-fsu.fr\/hdf\/wp-content\/uploads\/sites\/5\/2023\/07\/Commission_Regionale_ACB.jpg","articleSection":["Commission r\u00e9gionale conditions d\u2019emploi ACB","UFA \/ CFPPA"],"inLanguage":"fr-FR"},{"@type":"WebPage","@id":"https:\/\/regions-snetap-fsu.fr\/hdf\/2026\/03\/11\/29-janvier-2026-commission-regionale-de-suivi-des-conditions-demploi-des-personnels-acb\/","url":"https:\/\/regions-snetap-fsu.fr\/hdf\/2026\/03\/11\/29-janvier-2026-commission-regionale-de-suivi-des-conditions-demploi-des-personnels-acb\/","name":"29 janvier 2026, Commission R\u00e9gionale de suivi des conditions d\u2019emploi des personnels ACB - HAUTS-DE-FRANCE","isPartOf":{"@id":"https:\/\/regions-snetap-fsu.fr\/hdf\/#website"},"primaryImageOfPage":{"@id":"https:\/\/regions-snetap-fsu.fr\/hdf\/2026\/03\/11\/29-janvier-2026-commission-regionale-de-suivi-des-conditions-demploi-des-personnels-acb\/#primaryimage"},"image":{"@id":"https:\/\/regions-snetap-fsu.fr\/hdf\/2026\/03\/11\/29-janvier-2026-commission-regionale-de-suivi-des-conditions-demploi-des-personnels-acb\/#primaryimage"},"thumbnailUrl":"https:\/\/regions-snetap-fsu.fr\/hdf\/wp-content\/uploads\/sites\/5\/2023\/07\/Commission_Regionale_ACB.jpg","datePublished":"2026-03-11T21:18:59+00:00","breadcrumb":{"@id":"https:\/\/regions-snetap-fsu.fr\/hdf\/2026\/03\/11\/29-janvier-2026-commission-regionale-de-suivi-des-conditions-demploi-des-personnels-acb\/#breadcrumb"},"inLanguage":"fr-FR","potentialAction":[{"@type":"ReadAction","target":["https:\/\/regions-snetap-fsu.fr\/hdf\/2026\/03\/11\/29-janvier-2026-commission-regionale-de-suivi-des-conditions-demploi-des-personnels-acb\/"]}]},{"@type":"ImageObject","inLanguage":"fr-FR","@id":"https:\/\/regions-snetap-fsu.fr\/hdf\/2026\/03\/11\/29-janvier-2026-commission-regionale-de-suivi-des-conditions-demploi-des-personnels-acb\/#primaryimage","url":"https:\/\/regions-snetap-fsu.fr\/hdf\/wp-content\/uploads\/sites\/5\/2023\/07\/Commission_Regionale_ACB.jpg","contentUrl":"https:\/\/regions-snetap-fsu.fr\/hdf\/wp-content\/uploads\/sites\/5\/2023\/07\/Commission_Regionale_ACB.jpg","width":435,"height":200},{"@type":"BreadcrumbList","@id":"https:\/\/regions-snetap-fsu.fr\/hdf\/2026\/03\/11\/29-janvier-2026-commission-regionale-de-suivi-des-conditions-demploi-des-personnels-acb\/#breadcrumb","itemListElement":[{"@type":"ListItem","position":1,"name":"Accueil","item":"https:\/\/regions-snetap-fsu.fr\/hdf\/"},{"@type":"ListItem","position":2,"name":"Commission r\u00e9gionale conditions d\u2019emploi ACB","item":"https:\/\/regions-snetap-fsu.fr\/hdf\/category\/commission-regionale-conditions-demploi-acb\/"},{"@type":"ListItem","position":3,"name":"29 janvier 2026, Commission R\u00e9gionale de suivi des conditions d\u2019emploi des personnels ACB"}]},{"@type":"WebSite","@id":"https:\/\/regions-snetap-fsu.fr\/hdf\/#website","url":"https:\/\/regions-snetap-fsu.fr\/hdf\/","name":"HAUTS-DE-FRANCE","description":"Section r\u00e9gionale","publisher":{"@id":"https:\/\/regions-snetap-fsu.fr\/hdf\/#organization"},"potentialAction":[{"@type":"SearchAction","target":{"@type":"EntryPoint","urlTemplate":"https:\/\/regions-snetap-fsu.fr\/hdf\/?s={search_term_string}"},"query-input":{"@type":"PropertyValueSpecification","valueRequired":true,"valueName":"search_term_string"}}],"inLanguage":"fr-FR"},{"@type":"Organization","@id":"https:\/\/regions-snetap-fsu.fr\/hdf\/#organization","name":"SNETAP-FSU - HAUTS-DE-FRANCE","url":"https:\/\/regions-snetap-fsu.fr\/hdf\/","logo":{"@type":"ImageObject","inLanguage":"fr-FR","@id":"https:\/\/regions-snetap-fsu.fr\/hdf\/#\/schema\/logo\/image\/","url":"https:\/\/regions-snetap-fsu.fr\/hdf\/wp-content\/uploads\/sites\/5\/2020\/12\/SNETAP-Logo.jpg","contentUrl":"https:\/\/regions-snetap-fsu.fr\/hdf\/wp-content\/uploads\/sites\/5\/2020\/12\/SNETAP-Logo.jpg","width":464,"height":334,"caption":"SNETAP-FSU - HAUTS-DE-FRANCE"},"image":{"@id":"https:\/\/regions-snetap-fsu.fr\/hdf\/#\/schema\/logo\/image\/"},"sameAs":["https:\/\/x.com\/MartinageSnetap"]},{"@type":"Person","@id":"https:\/\/regions-snetap-fsu.fr\/hdf\/#\/schema\/person\/fa09b77e508eb2889a1c2dd6f4cf3149","name":"Regis Martinage","image":{"@type":"ImageObject","inLanguage":"fr-FR","@id":"https:\/\/secure.gravatar.com\/avatar\/7ae2aaabfe5b8d5c7b9361e91002ca9ec93c38c63c9a1d06ae19f03a5dc70dd7?s=96&d=mm&r=g","url":"https:\/\/secure.gravatar.com\/avatar\/7ae2aaabfe5b8d5c7b9361e91002ca9ec93c38c63c9a1d06ae19f03a5dc70dd7?s=96&d=mm&r=g","contentUrl":"https:\/\/secure.gravatar.com\/avatar\/7ae2aaabfe5b8d5c7b9361e91002ca9ec93c38c63c9a1d06ae19f03a5dc70dd7?s=96&d=mm&r=g","caption":"Regis Martinage"},"url":"https:\/\/regions-snetap-fsu.fr\/hdf\/author\/r-martinage\/"}]}},"_links":{"self":[{"href":"https:\/\/regions-snetap-fsu.fr\/hdf\/wp-json\/wp\/v2\/posts\/10881","targetHints":{"allow":["GET"]}}],"collection":[{"href":"https:\/\/regions-snetap-fsu.fr\/hdf\/wp-json\/wp\/v2\/posts"}],"about":[{"href":"https:\/\/regions-snetap-fsu.fr\/hdf\/wp-json\/wp\/v2\/types\/post"}],"author":[{"embeddable":true,"href":"https:\/\/regions-snetap-fsu.fr\/hdf\/wp-json\/wp\/v2\/users\/88"}],"replies":[{"embeddable":true,"href":"https:\/\/regions-snetap-fsu.fr\/hdf\/wp-json\/wp\/v2\/comments?post=10881"}],"version-history":[{"count":4,"href":"https:\/\/regions-snetap-fsu.fr\/hdf\/wp-json\/wp\/v2\/posts\/10881\/revisions"}],"predecessor-version":[{"id":10885,"href":"https:\/\/regions-snetap-fsu.fr\/hdf\/wp-json\/wp\/v2\/posts\/10881\/revisions\/10885"}],"wp:featuredmedia":[{"embeddable":true,"href":"https:\/\/regions-snetap-fsu.fr\/hdf\/wp-json\/wp\/v2\/media\/8863"}],"wp:attachment":[{"href":"https:\/\/regions-snetap-fsu.fr\/hdf\/wp-json\/wp\/v2\/media?parent=10881"}],"wp:term":[{"taxonomy":"category","embeddable":true,"href":"https:\/\/regions-snetap-fsu.fr\/hdf\/wp-json\/wp\/v2\/categories?post=10881"},{"taxonomy":"post_tag","embeddable":true,"href":"https:\/\/regions-snetap-fsu.fr\/hdf\/wp-json\/wp\/v2\/tags?post=10881"},{"taxonomy":"post_folder","embeddable":true,"href":"https:\/\/regions-snetap-fsu.fr\/hdf\/wp-json\/wp\/v2\/post_folder?post=10881"}],"curies":[{"name":"wp","href":"https:\/\/api.w.org\/{rel}","templated":true}]}}