{"id":632,"date":"2023-01-19T11:48:28","date_gmt":"2023-01-19T10:48:28","guid":{"rendered":"https:\/\/regions-snetap-fsu.fr\/ge\/?p=632"},"modified":"2023-02-11T20:26:06","modified_gmt":"2023-02-11T19:26:06","slug":"manifestations-retraite","status":"publish","type":"post","link":"https:\/\/regions-snetap-fsu.fr\/ge\/2023\/01\/19\/manifestations-retraite\/","title":{"rendered":"Manifestations retraite &#8211; 19 janvier"},"content":{"rendered":"<p><span style=\"color: #ff0000\"><strong>Mobilisation historique contre la retraite \u00e0 64 ans.<\/strong><\/span><\/p>\n<p><img fetchpriority=\"high\" decoding=\"async\" class=\" wp-image-648 aligncenter\" src=\"https:\/\/regions-snetap-fsu.fr\/ge\/wp-content\/uploads\/sites\/6\/2023\/01\/1ere-photo-1-300x251.jpg\" alt=\"\" width=\"429\" height=\"359\" srcset=\"https:\/\/regions-snetap-fsu.fr\/ge\/wp-content\/uploads\/sites\/6\/2023\/01\/1ere-photo-1-300x251.jpg 300w, https:\/\/regions-snetap-fsu.fr\/ge\/wp-content\/uploads\/sites\/6\/2023\/01\/1ere-photo-1-1024x855.jpg 1024w, https:\/\/regions-snetap-fsu.fr\/ge\/wp-content\/uploads\/sites\/6\/2023\/01\/1ere-photo-1-768x641.jpg 768w, https:\/\/regions-snetap-fsu.fr\/ge\/wp-content\/uploads\/sites\/6\/2023\/01\/1ere-photo-1.jpg 1170w\" sizes=\"(max-width: 429px) 100vw, 429px\" \/><\/p>\n<p><span style=\"color: #ff0000\">Prochaine manifestation : mardi 31<\/span><\/p>\n<p>&nbsp;<\/p>\n<p>Epernay<\/p>\n<p><img decoding=\"async\" class=\"wp-image-633 aligncenter\" src=\"https:\/\/regions-snetap-fsu.fr\/ge\/wp-content\/uploads\/sites\/6\/2023\/01\/manif-epernay-300x169.jpg\" alt=\"\" width=\"618\" height=\"348\" srcset=\"https:\/\/regions-snetap-fsu.fr\/ge\/wp-content\/uploads\/sites\/6\/2023\/01\/manif-epernay-300x169.jpg 300w, https:\/\/regions-snetap-fsu.fr\/ge\/wp-content\/uploads\/sites\/6\/2023\/01\/manif-epernay-1024x576.jpg 1024w, https:\/\/regions-snetap-fsu.fr\/ge\/wp-content\/uploads\/sites\/6\/2023\/01\/manif-epernay-768x432.jpg 768w, https:\/\/regions-snetap-fsu.fr\/ge\/wp-content\/uploads\/sites\/6\/2023\/01\/manif-epernay-800x450.jpg 800w, https:\/\/regions-snetap-fsu.fr\/ge\/wp-content\/uploads\/sites\/6\/2023\/01\/manif-epernay.jpg 1376w\" sizes=\"(max-width: 618px) 100vw, 618px\" \/><\/p>\n<p>Charleville-M\u00e9zi\u00e8res<\/p>\n<p><img decoding=\"async\" class=\"wp-image-636 aligncenter\" src=\"https:\/\/regions-snetap-fsu.fr\/ge\/wp-content\/uploads\/sites\/6\/2023\/01\/20230119_145511-300x225.jpg\" alt=\"\" width=\"612\" height=\"459\" srcset=\"https:\/\/regions-snetap-fsu.fr\/ge\/wp-content\/uploads\/sites\/6\/2023\/01\/20230119_145511-300x225.jpg 300w, https:\/\/regions-snetap-fsu.fr\/ge\/wp-content\/uploads\/sites\/6\/2023\/01\/20230119_145511-1024x768.jpg 1024w, https:\/\/regions-snetap-fsu.fr\/ge\/wp-content\/uploads\/sites\/6\/2023\/01\/20230119_145511-768x576.jpg 768w, https:\/\/regions-snetap-fsu.fr\/ge\/wp-content\/uploads\/sites\/6\/2023\/01\/20230119_145511.jpg 1424w\" sizes=\"(max-width: 612px) 100vw, 612px\" \/><\/p>\n<p><img loading=\"lazy\" decoding=\"async\" class=\"wp-image-640 aligncenter\" src=\"https:\/\/regions-snetap-fsu.fr\/ge\/wp-content\/uploads\/sites\/6\/2023\/01\/IMG_2023-01-19-16-07-38-003-1-300x225.jpg\" alt=\"\" width=\"611\" height=\"459\" srcset=\"https:\/\/regions-snetap-fsu.fr\/ge\/wp-content\/uploads\/sites\/6\/2023\/01\/IMG_2023-01-19-16-07-38-003-1-300x225.jpg 300w, https:\/\/regions-snetap-fsu.fr\/ge\/wp-content\/uploads\/sites\/6\/2023\/01\/IMG_2023-01-19-16-07-38-003-1-1024x768.jpg 1024w, https:\/\/regions-snetap-fsu.fr\/ge\/wp-content\/uploads\/sites\/6\/2023\/01\/IMG_2023-01-19-16-07-38-003-1-768x576.jpg 768w, https:\/\/regions-snetap-fsu.fr\/ge\/wp-content\/uploads\/sites\/6\/2023\/01\/IMG_2023-01-19-16-07-38-003-1-1536x1152.jpg 1536w, https:\/\/regions-snetap-fsu.fr\/ge\/wp-content\/uploads\/sites\/6\/2023\/01\/IMG_2023-01-19-16-07-38-003-1-2048x1536.jpg 2048w\" sizes=\"(max-width: 611px) 100vw, 611px\" \/><\/p>\n<p>&nbsp;<\/p>\n<p>Bar le Duc<\/p>\n<p><img loading=\"lazy\" decoding=\"async\" class=\"wp-image-649 aligncenter\" src=\"https:\/\/regions-snetap-fsu.fr\/ge\/wp-content\/uploads\/sites\/6\/2023\/01\/Bar-le-Duc-2-2-300x225.jpg\" alt=\"\" width=\"615\" height=\"461\" srcset=\"https:\/\/regions-snetap-fsu.fr\/ge\/wp-content\/uploads\/sites\/6\/2023\/01\/Bar-le-Duc-2-2-300x225.jpg 300w, https:\/\/regions-snetap-fsu.fr\/ge\/wp-content\/uploads\/sites\/6\/2023\/01\/Bar-le-Duc-2-2-768x576.jpg 768w, https:\/\/regions-snetap-fsu.fr\/ge\/wp-content\/uploads\/sites\/6\/2023\/01\/Bar-le-Duc-2-2.jpg 1024w\" sizes=\"(max-width: 615px) 100vw, 615px\" \/><\/p>\n<p><img loading=\"lazy\" decoding=\"async\" class=\"wp-image-650 aligncenter\" src=\"https:\/\/regions-snetap-fsu.fr\/ge\/wp-content\/uploads\/sites\/6\/2023\/01\/Bar-le-Duc-300x225.jpg\" alt=\"\" width=\"616\" height=\"462\" srcset=\"https:\/\/regions-snetap-fsu.fr\/ge\/wp-content\/uploads\/sites\/6\/2023\/01\/Bar-le-Duc-300x225.jpg 300w, https:\/\/regions-snetap-fsu.fr\/ge\/wp-content\/uploads\/sites\/6\/2023\/01\/Bar-le-Duc-768x576.jpg 768w, https:\/\/regions-snetap-fsu.fr\/ge\/wp-content\/uploads\/sites\/6\/2023\/01\/Bar-le-Duc.jpg 1024w\" sizes=\"(max-width: 616px) 100vw, 616px\" \/><\/p>\n<p>Chaumont<\/p>\n<p><img loading=\"lazy\" decoding=\"async\" class=\"wp-image-651 aligncenter\" src=\"https:\/\/regions-snetap-fsu.fr\/ge\/wp-content\/uploads\/sites\/6\/2023\/01\/chaumont-3-300x225.jpg\" alt=\"\" width=\"615\" height=\"461\" srcset=\"https:\/\/regions-snetap-fsu.fr\/ge\/wp-content\/uploads\/sites\/6\/2023\/01\/chaumont-3-300x225.jpg 300w, https:\/\/regions-snetap-fsu.fr\/ge\/wp-content\/uploads\/sites\/6\/2023\/01\/chaumont-3-768x576.jpg 768w, https:\/\/regions-snetap-fsu.fr\/ge\/wp-content\/uploads\/sites\/6\/2023\/01\/chaumont-3.jpg 1024w\" sizes=\"(max-width: 615px) 100vw, 615px\" \/><\/p>\n<p><img loading=\"lazy\" decoding=\"async\" class=\"wp-image-652 aligncenter\" src=\"https:\/\/regions-snetap-fsu.fr\/ge\/wp-content\/uploads\/sites\/6\/2023\/01\/chaumont-1-1-300x225.jpg\" alt=\"\" width=\"616\" height=\"462\" srcset=\"https:\/\/regions-snetap-fsu.fr\/ge\/wp-content\/uploads\/sites\/6\/2023\/01\/chaumont-1-1-300x225.jpg 300w, https:\/\/regions-snetap-fsu.fr\/ge\/wp-content\/uploads\/sites\/6\/2023\/01\/chaumont-1-1-768x576.jpg 768w, https:\/\/regions-snetap-fsu.fr\/ge\/wp-content\/uploads\/sites\/6\/2023\/01\/chaumont-1-1.jpg 1024w\" sizes=\"(max-width: 616px) 100vw, 616px\" \/><\/p>\n<p>Metz<\/p>\n<p><img loading=\"lazy\" decoding=\"async\" class=\"wp-image-653 aligncenter\" src=\"https:\/\/regions-snetap-fsu.fr\/ge\/wp-content\/uploads\/sites\/6\/2023\/01\/metz-300x225.jpg\" alt=\"\" width=\"612\" height=\"459\" srcset=\"https:\/\/regions-snetap-fsu.fr\/ge\/wp-content\/uploads\/sites\/6\/2023\/01\/metz-300x225.jpg 300w, https:\/\/regions-snetap-fsu.fr\/ge\/wp-content\/uploads\/sites\/6\/2023\/01\/metz-768x576.jpg 768w, https:\/\/regions-snetap-fsu.fr\/ge\/wp-content\/uploads\/sites\/6\/2023\/01\/metz.jpg 1024w\" sizes=\"(max-width: 612px) 100vw, 612px\" \/><\/p>\n<p><img loading=\"lazy\" decoding=\"async\" class=\"wp-image-654 aligncenter\" src=\"https:\/\/regions-snetap-fsu.fr\/ge\/wp-content\/uploads\/sites\/6\/2023\/01\/metz-2-225x300.jpg\" alt=\"\" width=\"611\" height=\"815\" srcset=\"https:\/\/regions-snetap-fsu.fr\/ge\/wp-content\/uploads\/sites\/6\/2023\/01\/metz-2-225x300.jpg 225w, https:\/\/regions-snetap-fsu.fr\/ge\/wp-content\/uploads\/sites\/6\/2023\/01\/metz-2.jpg 720w\" sizes=\"(max-width: 611px) 100vw, 611px\" \/><\/p>\n<p>Nancy<\/p>\n<p><img loading=\"lazy\" decoding=\"async\" class=\"wp-image-655 aligncenter\" src=\"https:\/\/regions-snetap-fsu.fr\/ge\/wp-content\/uploads\/sites\/6\/2023\/01\/nancy-300x225.jpg\" alt=\"\" width=\"612\" height=\"459\" srcset=\"https:\/\/regions-snetap-fsu.fr\/ge\/wp-content\/uploads\/sites\/6\/2023\/01\/nancy-300x225.jpg 300w, https:\/\/regions-snetap-fsu.fr\/ge\/wp-content\/uploads\/sites\/6\/2023\/01\/nancy-1024x768.jpg 1024w, https:\/\/regions-snetap-fsu.fr\/ge\/wp-content\/uploads\/sites\/6\/2023\/01\/nancy-768x576.jpg 768w, https:\/\/regions-snetap-fsu.fr\/ge\/wp-content\/uploads\/sites\/6\/2023\/01\/nancy-1536x1152.jpg 1536w, https:\/\/regions-snetap-fsu.fr\/ge\/wp-content\/uploads\/sites\/6\/2023\/01\/nancy.jpg 2000w\" sizes=\"(max-width: 612px) 100vw, 612px\" \/><\/p>\n<p><img loading=\"lazy\" decoding=\"async\" class=\"wp-image-656 aligncenter\" src=\"https:\/\/regions-snetap-fsu.fr\/ge\/wp-content\/uploads\/sites\/6\/2023\/01\/nacy2-300x225.jpg\" alt=\"\" width=\"612\" height=\"459\" srcset=\"https:\/\/regions-snetap-fsu.fr\/ge\/wp-content\/uploads\/sites\/6\/2023\/01\/nacy2-300x225.jpg 300w, https:\/\/regions-snetap-fsu.fr\/ge\/wp-content\/uploads\/sites\/6\/2023\/01\/nacy2-1024x768.jpg 1024w, https:\/\/regions-snetap-fsu.fr\/ge\/wp-content\/uploads\/sites\/6\/2023\/01\/nacy2-768x576.jpg 768w, https:\/\/regions-snetap-fsu.fr\/ge\/wp-content\/uploads\/sites\/6\/2023\/01\/nacy2-1536x1152.jpg 1536w, https:\/\/regions-snetap-fsu.fr\/ge\/wp-content\/uploads\/sites\/6\/2023\/01\/nacy2.jpg 2000w\" sizes=\"(max-width: 612px) 100vw, 612px\" \/><\/p>\n<p>Troyes<\/p>\n<p><img loading=\"lazy\" decoding=\"async\" class=\"wp-image-657 aligncenter\" src=\"https:\/\/regions-snetap-fsu.fr\/ge\/wp-content\/uploads\/sites\/6\/2023\/01\/troyes-300x169.jpg\" alt=\"\" width=\"614\" height=\"346\" srcset=\"https:\/\/regions-snetap-fsu.fr\/ge\/wp-content\/uploads\/sites\/6\/2023\/01\/troyes-300x169.jpg 300w, https:\/\/regions-snetap-fsu.fr\/ge\/wp-content\/uploads\/sites\/6\/2023\/01\/troyes-1024x578.jpg 1024w, https:\/\/regions-snetap-fsu.fr\/ge\/wp-content\/uploads\/sites\/6\/2023\/01\/troyes-768x434.jpg 768w, https:\/\/regions-snetap-fsu.fr\/ge\/wp-content\/uploads\/sites\/6\/2023\/01\/troyes-1536x867.jpg 1536w, https:\/\/regions-snetap-fsu.fr\/ge\/wp-content\/uploads\/sites\/6\/2023\/01\/troyes-800x450.jpg 800w, https:\/\/regions-snetap-fsu.fr\/ge\/wp-content\/uploads\/sites\/6\/2023\/01\/troyes.jpg 1984w\" sizes=\"(max-width: 614px) 100vw, 614px\" \/><\/p>\n<p><img loading=\"lazy\" decoding=\"async\" class=\"wp-image-658 aligncenter\" src=\"https:\/\/regions-snetap-fsu.fr\/ge\/wp-content\/uploads\/sites\/6\/2023\/01\/trroyes-300x169.jpg\" alt=\"\" width=\"614\" height=\"346\" srcset=\"https:\/\/regions-snetap-fsu.fr\/ge\/wp-content\/uploads\/sites\/6\/2023\/01\/trroyes-300x169.jpg 300w, https:\/\/regions-snetap-fsu.fr\/ge\/wp-content\/uploads\/sites\/6\/2023\/01\/trroyes-1024x578.jpg 1024w, https:\/\/regions-snetap-fsu.fr\/ge\/wp-content\/uploads\/sites\/6\/2023\/01\/trroyes-768x434.jpg 768w, https:\/\/regions-snetap-fsu.fr\/ge\/wp-content\/uploads\/sites\/6\/2023\/01\/trroyes-1536x867.jpg 1536w, https:\/\/regions-snetap-fsu.fr\/ge\/wp-content\/uploads\/sites\/6\/2023\/01\/trroyes-800x450.jpg 800w, https:\/\/regions-snetap-fsu.fr\/ge\/wp-content\/uploads\/sites\/6\/2023\/01\/trroyes.jpg 1984w\" sizes=\"(max-width: 614px) 100vw, 614px\" \/><\/p>\n<p>&nbsp;<\/p>\n","protected":false},"excerpt":{"rendered":"<p>Mobilisation historique contre la retraite \u00e0 64 ans. Prochaine manifestation : mardi 31 &nbsp; Epernay Charleville-M\u00e9zi\u00e8res &nbsp; Bar le Duc Chaumont Metz Nancy Troyes &nbsp;<\/p>\n","protected":false},"author":111,"featured_media":636,"comment_status":"closed","ping_status":"closed","sticky":false,"template":"","format":"standard","meta":{"ocean_post_layout":"","ocean_both_sidebars_style":"","ocean_both_sidebars_content_width":0,"ocean_both_sidebars_sidebars_width":0,"ocean_sidebar":"0","ocean_second_sidebar":"0","ocean_disable_margins":"enable","ocean_add_body_class":"","ocean_shortcode_before_top_bar":"","ocean_shortcode_after_top_bar":"","ocean_shortcode_before_header":"","ocean_shortcode_after_header":"","ocean_has_shortcode":"","ocean_shortcode_after_title":"","ocean_shortcode_before_footer_widgets":"","ocean_shortcode_after_footer_widgets":"","ocean_shortcode_before_footer_bottom":"","ocean_shortcode_after_footer_bottom":"","ocean_display_top_bar":"default","ocean_display_header":"default","ocean_header_style":"","ocean_center_header_left_menu":"0","ocean_custom_header_template":"0","ocean_custom_logo":0,"ocean_custom_retina_logo":0,"ocean_custom_logo_max_width":0,"ocean_custom_logo_tablet_max_width":0,"ocean_custom_logo_mobile_max_width":0,"ocean_custom_logo_max_height":0,"ocean_custom_logo_tablet_max_height":0,"ocean_custom_logo_mobile_max_height":0,"ocean_header_custom_menu":"0","ocean_menu_typo_font_family":"0","ocean_menu_typo_font_subset":"","ocean_menu_typo_font_size":0,"ocean_menu_typo_font_size_tablet":0,"ocean_menu_typo_font_size_mobile":0,"ocean_menu_typo_font_size_unit":"px","ocean_menu_typo_font_weight":"","ocean_menu_typo_font_weight_tablet":"","ocean_menu_typo_font_weight_mobile":"","ocean_menu_typo_transform":"","ocean_menu_typo_transform_tablet":"","ocean_menu_typo_transform_mobile":"","ocean_menu_typo_line_height":0,"ocean_menu_typo_line_height_tablet":0,"ocean_menu_typo_line_height_mobile":0,"ocean_menu_typo_line_height_unit":"","ocean_menu_typo_spacing":0,"ocean_menu_typo_spacing_tablet":0,"ocean_menu_typo_spacing_mobile":0,"ocean_menu_typo_spacing_unit":"","ocean_menu_link_color":"","ocean_menu_link_color_hover":"","ocean_menu_link_color_active":"","ocean_menu_link_background":"","ocean_menu_link_hover_background":"","ocean_menu_link_active_background":"","ocean_menu_social_links_bg":"","ocean_menu_social_hover_links_bg":"","ocean_menu_social_links_color":"","ocean_menu_social_hover_links_color":"","ocean_disable_title":"default","ocean_disable_heading":"default","ocean_post_title":"","ocean_post_subheading":"","ocean_post_title_style":"","ocean_post_title_background_color":"","ocean_post_title_background":0,"ocean_post_title_bg_image_position":"","ocean_post_title_bg_image_attachment":"","ocean_post_title_bg_image_repeat":"","ocean_post_title_bg_image_size":"","ocean_post_title_height":0,"ocean_post_title_bg_overlay":0.5,"ocean_post_title_bg_overlay_color":"","ocean_disable_breadcrumbs":"default","ocean_breadcrumbs_color":"","ocean_breadcrumbs_separator_color":"","ocean_breadcrumbs_links_color":"","ocean_breadcrumbs_links_hover_color":"","ocean_display_footer_widgets":"default","ocean_display_footer_bottom":"default","ocean_custom_footer_template":"0","ocean_post_oembed":"","ocean_post_self_hosted_media":"","ocean_post_video_embed":"","ocean_link_format":"","ocean_link_format_target":"self","ocean_quote_format":"","ocean_quote_format_link":"post","ocean_gallery_link_images":"off","ocean_gallery_id":[],"footnotes":""},"categories":[16,5,6,7],"tags":[],"post_folder":[],"class_list":["post-632","post","type-post","status-publish","format-standard","has-post-thumbnail","hentry","category-actions","category-alsace","category-champagne-ardenne","category-lorraine","entry","has-media"],"yoast_head":"<!-- This site is optimized with the Yoast SEO plugin v27.4 - https:\/\/yoast.com\/product\/yoast-seo-wordpress\/ -->\n<title>Manifestations retraite - 19 janvier - GRAND-EST<\/title>\n<meta name=\"robots\" content=\"index, follow, max-snippet:-1, max-image-preview:large, max-video-preview:-1\" \/>\n<link rel=\"canonical\" href=\"https:\/\/regions-snetap-fsu.fr\/ge\/2023\/01\/19\/manifestations-retraite\/\" \/>\n<meta property=\"og:locale\" content=\"fr_FR\" \/>\n<meta property=\"og:type\" content=\"article\" \/>\n<meta property=\"og:title\" content=\"Manifestations retraite - 19 janvier - GRAND-EST\" \/>\n<meta property=\"og:description\" content=\"Mobilisation historique contre la retraite \u00e0 64 ans. Prochaine manifestation : mardi 31 &nbsp; Epernay Charleville-M\u00e9zi\u00e8res &nbsp; Bar le Duc Chaumont Metz Nancy Troyes &nbsp;\" \/>\n<meta property=\"og:url\" content=\"https:\/\/regions-snetap-fsu.fr\/ge\/2023\/01\/19\/manifestations-retraite\/\" \/>\n<meta property=\"og:site_name\" content=\"GRAND-EST\" \/>\n<meta property=\"article:published_time\" content=\"2023-01-19T10:48:28+00:00\" \/>\n<meta property=\"article:modified_time\" content=\"2023-02-11T19:26:06+00:00\" \/>\n<meta property=\"og:image\" content=\"https:\/\/regions-snetap-fsu.fr\/ge\/wp-content\/uploads\/sites\/6\/2023\/01\/20230119_145511.jpg\" \/>\n\t<meta property=\"og:image:width\" content=\"1424\" \/>\n\t<meta property=\"og:image:height\" content=\"1068\" \/>\n\t<meta property=\"og:image:type\" content=\"image\/jpeg\" \/>\n<meta name=\"author\" content=\"jpguenard\" \/>\n<meta name=\"twitter:card\" content=\"summary_large_image\" \/>\n<meta name=\"twitter:label1\" content=\"\u00c9crit par\" \/>\n\t<meta name=\"twitter:data1\" content=\"jpguenard\" \/>\n<script type=\"application\/ld+json\" class=\"yoast-schema-graph\">{\"@context\":\"https:\\\/\\\/schema.org\",\"@graph\":[{\"@type\":\"Article\",\"@id\":\"https:\\\/\\\/regions-snetap-fsu.fr\\\/ge\\\/2023\\\/01\\\/19\\\/manifestations-retraite\\\/#article\",\"isPartOf\":{\"@id\":\"https:\\\/\\\/regions-snetap-fsu.fr\\\/ge\\\/2023\\\/01\\\/19\\\/manifestations-retraite\\\/\"},\"author\":{\"name\":\"jpguenard\",\"@id\":\"https:\\\/\\\/regions-snetap-fsu.fr\\\/ge\\\/#\\\/schema\\\/person\\\/cae10ad71661d0b10a501f393500269d\"},\"headline\":\"Manifestations retraite &#8211; 19 janvier\",\"datePublished\":\"2023-01-19T10:48:28+00:00\",\"dateModified\":\"2023-02-11T19:26:06+00:00\",\"mainEntityOfPage\":{\"@id\":\"https:\\\/\\\/regions-snetap-fsu.fr\\\/ge\\\/2023\\\/01\\\/19\\\/manifestations-retraite\\\/\"},\"wordCount\":27,\"publisher\":{\"@id\":\"https:\\\/\\\/regions-snetap-fsu.fr\\\/ge\\\/#organization\"},\"image\":{\"@id\":\"https:\\\/\\\/regions-snetap-fsu.fr\\\/ge\\\/2023\\\/01\\\/19\\\/manifestations-retraite\\\/#primaryimage\"},\"thumbnailUrl\":\"https:\\\/\\\/regions-snetap-fsu.fr\\\/ge\\\/wp-content\\\/uploads\\\/sites\\\/6\\\/2023\\\/01\\\/20230119_145511.jpg\",\"articleSection\":[\"Actions\",\"Alsace\",\"Champagne-Ardenne\",\"Lorraine\"],\"inLanguage\":\"fr-FR\"},{\"@type\":\"WebPage\",\"@id\":\"https:\\\/\\\/regions-snetap-fsu.fr\\\/ge\\\/2023\\\/01\\\/19\\\/manifestations-retraite\\\/\",\"url\":\"https:\\\/\\\/regions-snetap-fsu.fr\\\/ge\\\/2023\\\/01\\\/19\\\/manifestations-retraite\\\/\",\"name\":\"Manifestations retraite - 19 janvier - GRAND-EST\",\"isPartOf\":{\"@id\":\"https:\\\/\\\/regions-snetap-fsu.fr\\\/ge\\\/#website\"},\"primaryImageOfPage\":{\"@id\":\"https:\\\/\\\/regions-snetap-fsu.fr\\\/ge\\\/2023\\\/01\\\/19\\\/manifestations-retraite\\\/#primaryimage\"},\"image\":{\"@id\":\"https:\\\/\\\/regions-snetap-fsu.fr\\\/ge\\\/2023\\\/01\\\/19\\\/manifestations-retraite\\\/#primaryimage\"},\"thumbnailUrl\":\"https:\\\/\\\/regions-snetap-fsu.fr\\\/ge\\\/wp-content\\\/uploads\\\/sites\\\/6\\\/2023\\\/01\\\/20230119_145511.jpg\",\"datePublished\":\"2023-01-19T10:48:28+00:00\",\"dateModified\":\"2023-02-11T19:26:06+00:00\",\"breadcrumb\":{\"@id\":\"https:\\\/\\\/regions-snetap-fsu.fr\\\/ge\\\/2023\\\/01\\\/19\\\/manifestations-retraite\\\/#breadcrumb\"},\"inLanguage\":\"fr-FR\",\"potentialAction\":[{\"@type\":\"ReadAction\",\"target\":[\"https:\\\/\\\/regions-snetap-fsu.fr\\\/ge\\\/2023\\\/01\\\/19\\\/manifestations-retraite\\\/\"]}]},{\"@type\":\"ImageObject\",\"inLanguage\":\"fr-FR\",\"@id\":\"https:\\\/\\\/regions-snetap-fsu.fr\\\/ge\\\/2023\\\/01\\\/19\\\/manifestations-retraite\\\/#primaryimage\",\"url\":\"https:\\\/\\\/regions-snetap-fsu.fr\\\/ge\\\/wp-content\\\/uploads\\\/sites\\\/6\\\/2023\\\/01\\\/20230119_145511.jpg\",\"contentUrl\":\"https:\\\/\\\/regions-snetap-fsu.fr\\\/ge\\\/wp-content\\\/uploads\\\/sites\\\/6\\\/2023\\\/01\\\/20230119_145511.jpg\",\"width\":1424,\"height\":1068,\"caption\":\"Manif de Charleville 19 janvier\"},{\"@type\":\"BreadcrumbList\",\"@id\":\"https:\\\/\\\/regions-snetap-fsu.fr\\\/ge\\\/2023\\\/01\\\/19\\\/manifestations-retraite\\\/#breadcrumb\",\"itemListElement\":[{\"@type\":\"ListItem\",\"position\":1,\"name\":\"Accueil\",\"item\":\"https:\\\/\\\/regions-snetap-fsu.fr\\\/ge\\\/\"},{\"@type\":\"ListItem\",\"position\":2,\"name\":\"Manifestations retraite &#8211; 19 janvier\"}]},{\"@type\":\"WebSite\",\"@id\":\"https:\\\/\\\/regions-snetap-fsu.fr\\\/ge\\\/#website\",\"url\":\"https:\\\/\\\/regions-snetap-fsu.fr\\\/ge\\\/\",\"name\":\"SNETAP-FSU GRAND-EST\",\"description\":\"Le blog de la Section R\u00e9gionale\",\"publisher\":{\"@id\":\"https:\\\/\\\/regions-snetap-fsu.fr\\\/ge\\\/#organization\"},\"potentialAction\":[{\"@type\":\"SearchAction\",\"target\":{\"@type\":\"EntryPoint\",\"urlTemplate\":\"https:\\\/\\\/regions-snetap-fsu.fr\\\/ge\\\/?s={search_term_string}\"},\"query-input\":{\"@type\":\"PropertyValueSpecification\",\"valueRequired\":true,\"valueName\":\"search_term_string\"}}],\"inLanguage\":\"fr-FR\"},{\"@type\":\"Organization\",\"@id\":\"https:\\\/\\\/regions-snetap-fsu.fr\\\/ge\\\/#organization\",\"name\":\"SNETAP-FSU - Grand-Est\",\"url\":\"https:\\\/\\\/regions-snetap-fsu.fr\\\/ge\\\/\",\"logo\":{\"@type\":\"ImageObject\",\"inLanguage\":\"fr-FR\",\"@id\":\"https:\\\/\\\/regions-snetap-fsu.fr\\\/ge\\\/#\\\/schema\\\/logo\\\/image\\\/\",\"url\":\"https:\\\/\\\/regions-snetap-fsu.fr\\\/ge\\\/wp-content\\\/uploads\\\/sites\\\/6\\\/2019\\\/02\\\/LOGO-Snetap.jpg\",\"contentUrl\":\"https:\\\/\\\/regions-snetap-fsu.fr\\\/ge\\\/wp-content\\\/uploads\\\/sites\\\/6\\\/2019\\\/02\\\/LOGO-Snetap.jpg\",\"width\":2730,\"height\":2050,\"caption\":\"SNETAP-FSU - Grand-Est\"},\"image\":{\"@id\":\"https:\\\/\\\/regions-snetap-fsu.fr\\\/ge\\\/#\\\/schema\\\/logo\\\/image\\\/\"}},{\"@type\":\"Person\",\"@id\":\"https:\\\/\\\/regions-snetap-fsu.fr\\\/ge\\\/#\\\/schema\\\/person\\\/cae10ad71661d0b10a501f393500269d\",\"name\":\"jpguenard\",\"image\":{\"@type\":\"ImageObject\",\"inLanguage\":\"fr-FR\",\"@id\":\"https:\\\/\\\/secure.gravatar.com\\\/avatar\\\/b436473b259d94a44a8959d05b912286bbedadc2f2a5c8bb21659e57eadbcc27?s=96&d=mm&r=g\",\"url\":\"https:\\\/\\\/secure.gravatar.com\\\/avatar\\\/b436473b259d94a44a8959d05b912286bbedadc2f2a5c8bb21659e57eadbcc27?s=96&d=mm&r=g\",\"contentUrl\":\"https:\\\/\\\/secure.gravatar.com\\\/avatar\\\/b436473b259d94a44a8959d05b912286bbedadc2f2a5c8bb21659e57eadbcc27?s=96&d=mm&r=g\",\"caption\":\"jpguenard\"},\"url\":\"https:\\\/\\\/regions-snetap-fsu.fr\\\/ge\\\/author\\\/jpguenard\\\/\"}]}<\/script>\n<!-- \/ Yoast SEO plugin. -->","yoast_head_json":{"title":"Manifestations retraite - 19 janvier - GRAND-EST","robots":{"index":"index","follow":"follow","max-snippet":"max-snippet:-1","max-image-preview":"max-image-preview:large","max-video-preview":"max-video-preview:-1"},"canonical":"https:\/\/regions-snetap-fsu.fr\/ge\/2023\/01\/19\/manifestations-retraite\/","og_locale":"fr_FR","og_type":"article","og_title":"Manifestations retraite - 19 janvier - GRAND-EST","og_description":"Mobilisation historique contre la retraite \u00e0 64 ans. Prochaine manifestation : mardi 31 &nbsp; Epernay Charleville-M\u00e9zi\u00e8res &nbsp; Bar le Duc Chaumont Metz Nancy Troyes &nbsp;","og_url":"https:\/\/regions-snetap-fsu.fr\/ge\/2023\/01\/19\/manifestations-retraite\/","og_site_name":"GRAND-EST","article_published_time":"2023-01-19T10:48:28+00:00","article_modified_time":"2023-02-11T19:26:06+00:00","og_image":[{"width":1424,"height":1068,"url":"https:\/\/regions-snetap-fsu.fr\/ge\/wp-content\/uploads\/sites\/6\/2023\/01\/20230119_145511.jpg","type":"image\/jpeg"}],"author":"jpguenard","twitter_card":"summary_large_image","twitter_misc":{"\u00c9crit par":"jpguenard"},"schema":{"@context":"https:\/\/schema.org","@graph":[{"@type":"Article","@id":"https:\/\/regions-snetap-fsu.fr\/ge\/2023\/01\/19\/manifestations-retraite\/#article","isPartOf":{"@id":"https:\/\/regions-snetap-fsu.fr\/ge\/2023\/01\/19\/manifestations-retraite\/"},"author":{"name":"jpguenard","@id":"https:\/\/regions-snetap-fsu.fr\/ge\/#\/schema\/person\/cae10ad71661d0b10a501f393500269d"},"headline":"Manifestations retraite &#8211; 19 janvier","datePublished":"2023-01-19T10:48:28+00:00","dateModified":"2023-02-11T19:26:06+00:00","mainEntityOfPage":{"@id":"https:\/\/regions-snetap-fsu.fr\/ge\/2023\/01\/19\/manifestations-retraite\/"},"wordCount":27,"publisher":{"@id":"https:\/\/regions-snetap-fsu.fr\/ge\/#organization"},"image":{"@id":"https:\/\/regions-snetap-fsu.fr\/ge\/2023\/01\/19\/manifestations-retraite\/#primaryimage"},"thumbnailUrl":"https:\/\/regions-snetap-fsu.fr\/ge\/wp-content\/uploads\/sites\/6\/2023\/01\/20230119_145511.jpg","articleSection":["Actions","Alsace","Champagne-Ardenne","Lorraine"],"inLanguage":"fr-FR"},{"@type":"WebPage","@id":"https:\/\/regions-snetap-fsu.fr\/ge\/2023\/01\/19\/manifestations-retraite\/","url":"https:\/\/regions-snetap-fsu.fr\/ge\/2023\/01\/19\/manifestations-retraite\/","name":"Manifestations retraite - 19 janvier - GRAND-EST","isPartOf":{"@id":"https:\/\/regions-snetap-fsu.fr\/ge\/#website"},"primaryImageOfPage":{"@id":"https:\/\/regions-snetap-fsu.fr\/ge\/2023\/01\/19\/manifestations-retraite\/#primaryimage"},"image":{"@id":"https:\/\/regions-snetap-fsu.fr\/ge\/2023\/01\/19\/manifestations-retraite\/#primaryimage"},"thumbnailUrl":"https:\/\/regions-snetap-fsu.fr\/ge\/wp-content\/uploads\/sites\/6\/2023\/01\/20230119_145511.jpg","datePublished":"2023-01-19T10:48:28+00:00","dateModified":"2023-02-11T19:26:06+00:00","breadcrumb":{"@id":"https:\/\/regions-snetap-fsu.fr\/ge\/2023\/01\/19\/manifestations-retraite\/#breadcrumb"},"inLanguage":"fr-FR","potentialAction":[{"@type":"ReadAction","target":["https:\/\/regions-snetap-fsu.fr\/ge\/2023\/01\/19\/manifestations-retraite\/"]}]},{"@type":"ImageObject","inLanguage":"fr-FR","@id":"https:\/\/regions-snetap-fsu.fr\/ge\/2023\/01\/19\/manifestations-retraite\/#primaryimage","url":"https:\/\/regions-snetap-fsu.fr\/ge\/wp-content\/uploads\/sites\/6\/2023\/01\/20230119_145511.jpg","contentUrl":"https:\/\/regions-snetap-fsu.fr\/ge\/wp-content\/uploads\/sites\/6\/2023\/01\/20230119_145511.jpg","width":1424,"height":1068,"caption":"Manif de Charleville 19 janvier"},{"@type":"BreadcrumbList","@id":"https:\/\/regions-snetap-fsu.fr\/ge\/2023\/01\/19\/manifestations-retraite\/#breadcrumb","itemListElement":[{"@type":"ListItem","position":1,"name":"Accueil","item":"https:\/\/regions-snetap-fsu.fr\/ge\/"},{"@type":"ListItem","position":2,"name":"Manifestations retraite &#8211; 19 janvier"}]},{"@type":"WebSite","@id":"https:\/\/regions-snetap-fsu.fr\/ge\/#website","url":"https:\/\/regions-snetap-fsu.fr\/ge\/","name":"SNETAP-FSU GRAND-EST","description":"Le blog de la Section R\u00e9gionale","publisher":{"@id":"https:\/\/regions-snetap-fsu.fr\/ge\/#organization"},"potentialAction":[{"@type":"SearchAction","target":{"@type":"EntryPoint","urlTemplate":"https:\/\/regions-snetap-fsu.fr\/ge\/?s={search_term_string}"},"query-input":{"@type":"PropertyValueSpecification","valueRequired":true,"valueName":"search_term_string"}}],"inLanguage":"fr-FR"},{"@type":"Organization","@id":"https:\/\/regions-snetap-fsu.fr\/ge\/#organization","name":"SNETAP-FSU - Grand-Est","url":"https:\/\/regions-snetap-fsu.fr\/ge\/","logo":{"@type":"ImageObject","inLanguage":"fr-FR","@id":"https:\/\/regions-snetap-fsu.fr\/ge\/#\/schema\/logo\/image\/","url":"https:\/\/regions-snetap-fsu.fr\/ge\/wp-content\/uploads\/sites\/6\/2019\/02\/LOGO-Snetap.jpg","contentUrl":"https:\/\/regions-snetap-fsu.fr\/ge\/wp-content\/uploads\/sites\/6\/2019\/02\/LOGO-Snetap.jpg","width":2730,"height":2050,"caption":"SNETAP-FSU - Grand-Est"},"image":{"@id":"https:\/\/regions-snetap-fsu.fr\/ge\/#\/schema\/logo\/image\/"}},{"@type":"Person","@id":"https:\/\/regions-snetap-fsu.fr\/ge\/#\/schema\/person\/cae10ad71661d0b10a501f393500269d","name":"jpguenard","image":{"@type":"ImageObject","inLanguage":"fr-FR","@id":"https:\/\/secure.gravatar.com\/avatar\/b436473b259d94a44a8959d05b912286bbedadc2f2a5c8bb21659e57eadbcc27?s=96&d=mm&r=g","url":"https:\/\/secure.gravatar.com\/avatar\/b436473b259d94a44a8959d05b912286bbedadc2f2a5c8bb21659e57eadbcc27?s=96&d=mm&r=g","contentUrl":"https:\/\/secure.gravatar.com\/avatar\/b436473b259d94a44a8959d05b912286bbedadc2f2a5c8bb21659e57eadbcc27?s=96&d=mm&r=g","caption":"jpguenard"},"url":"https:\/\/regions-snetap-fsu.fr\/ge\/author\/jpguenard\/"}]}},"_links":{"self":[{"href":"https:\/\/regions-snetap-fsu.fr\/ge\/wp-json\/wp\/v2\/posts\/632","targetHints":{"allow":["GET"]}}],"collection":[{"href":"https:\/\/regions-snetap-fsu.fr\/ge\/wp-json\/wp\/v2\/posts"}],"about":[{"href":"https:\/\/regions-snetap-fsu.fr\/ge\/wp-json\/wp\/v2\/types\/post"}],"author":[{"embeddable":true,"href":"https:\/\/regions-snetap-fsu.fr\/ge\/wp-json\/wp\/v2\/users\/111"}],"replies":[{"embeddable":true,"href":"https:\/\/regions-snetap-fsu.fr\/ge\/wp-json\/wp\/v2\/comments?post=632"}],"version-history":[{"count":12,"href":"https:\/\/regions-snetap-fsu.fr\/ge\/wp-json\/wp\/v2\/posts\/632\/revisions"}],"predecessor-version":[{"id":710,"href":"https:\/\/regions-snetap-fsu.fr\/ge\/wp-json\/wp\/v2\/posts\/632\/revisions\/710"}],"wp:featuredmedia":[{"embeddable":true,"href":"https:\/\/regions-snetap-fsu.fr\/ge\/wp-json\/wp\/v2\/media\/636"}],"wp:attachment":[{"href":"https:\/\/regions-snetap-fsu.fr\/ge\/wp-json\/wp\/v2\/media?parent=632"}],"wp:term":[{"taxonomy":"category","embeddable":true,"href":"https:\/\/regions-snetap-fsu.fr\/ge\/wp-json\/wp\/v2\/categories?post=632"},{"taxonomy":"post_tag","embeddable":true,"href":"https:\/\/regions-snetap-fsu.fr\/ge\/wp-json\/wp\/v2\/tags?post=632"},{"taxonomy":"post_folder","embeddable":true,"href":"https:\/\/regions-snetap-fsu.fr\/ge\/wp-json\/wp\/v2\/post_folder?post=632"}],"curies":[{"name":"wp","href":"https:\/\/api.w.org\/{rel}","templated":true}]}}