{"id":620,"date":"2023-01-19T11:08:10","date_gmt":"2023-01-19T10:08:10","guid":{"rendered":"https:\/\/regions-snetap-fsu.fr\/ge\/?p=620"},"modified":"2023-01-19T11:08:10","modified_gmt":"2023-01-19T10:08:10","slug":"audience-draaf-grand-est-17-janvier-2023","status":"publish","type":"post","link":"https:\/\/regions-snetap-fsu.fr\/ge\/2023\/01\/19\/audience-draaf-grand-est-17-janvier-2023\/","title":{"rendered":"Audience DRAAF Grand Est 17 janvier 2023"},"content":{"rendered":"<p>Dans le cadre de l&rsquo;action nationale du 17 janvier 2023, l&rsquo;intersyndicale (\u00c9lan Commun &#8211; SEA-UNSA) a rencontr\u00e9 des repr\u00e9sentant.es de la DRAAF.<\/p>\n<p>5 repr\u00e9sentant.es du SNETAP-FSU \u00e9taient pr\u00e9sent.es \u00e0 cette audience ainsi que le chef du SRFD, son adjoint et la responsable du P\u00f4le pilotage des formations et gestion des moyens.<\/p>\n<p>Au programme de cette audience :<\/p>\n<p>=&gt;<span style=\"font-size: 14pt\"> <strong>La transparence du dialogue de gestion (expertise emploi)<\/strong><\/span><\/p>\n<p>Des r\u00e9ponses satisfaisantes ont \u00e9t\u00e9 apport\u00e9es \u00e0 la fois sur des interrogations globales (pas de fermeture s\u00e8che de poste) mais aussi sur des cas individuels, en lien avec la note de service mobilit\u00e9, parue r\u00e9cemment.<\/p>\n<p>=&gt; <span style=\"font-size: 14pt\"><strong>La r\u00e9forme BAC PRO<\/strong><\/span><\/p>\n<p>Nous \u00e9tions venus exposer nos inqui\u00e9tudes et notre opposition \u00e0 cette r\u00e9forme dont nous demandons le retrait.<\/p>\n<p>Selon notre autorit\u00e9 acad\u00e9mique, cette r\u00e9novation trouve son origine dans deux constats propres aux bacs pro de l\u2019\u00c9ducation Nationale (d\u00e9crochage scolaire et mauvaise insertion professionnelle). Or dans l&rsquo;Enseignement Agricole, ces deux constats ne refl\u00e8tent pas la situation de nos bac pro (faible d\u00e9crochage et bonne insertion pro). Nos bacs pro \u00e9tant d\u00e9j\u00e0 en cours de r\u00e9novation, la position de la DGER ne serait pas de tout remanier \u00e0 nouveau.<\/p>\n<p>Malgr\u00e9 ces propos qui se veulent rassurants, nous resterons vigilant.es :<\/p>\n<ul style=\"list-style-type: circle\">\n<li>Une augmentation des semaines de stage p\u00e9naliserait les enseignement techniques et les postes, mais pourrait aussi remettre en cause nos exploitations et ateliers p\u00e9dagogiques. De plus elle favoriserait le d\u00e9veloppement du mixage de public (initial-apprentissage) auquel nous sommes oppos\u00e9.es, car attach\u00e9.es au respect des sp\u00e9cificit\u00e9s de ces deux voies de formation.<\/li>\n<li>Le choix de mati\u00e8res g\u00e9n\u00e9rales \u00ab\u00a0essentielles\u00a0\u00bb au d\u00e9triment d&rsquo;une formation compl\u00e8te : dans ces conditions, comment former nos \u00e9l\u00e8ves, citoyen.nes \u00e9clair\u00e9.es de demain ?<\/li>\n<li>Ces modifications ne seront pas sans cons\u00e9quences sur le statut des PLPA.<\/li>\n<li>L&rsquo;adaptation des horaires des disciplines d\u00e9cid\u00e9e localement remettra en cause le caract\u00e8re national du dipl\u00f4me, ainsi que l&rsquo;\u00e9galit\u00e9 de toutes et de tous devant le m\u00eame examen.<\/li>\n<li>L&rsquo;adaptation stricte de la carte de formation aux besoins des entreprises locales p\u00e9nalise l&rsquo;orientation des \u00e9l\u00e8ves : elle peut provoquer une mobilit\u00e9 forc\u00e9e des jeunes, mais aussi limitera leur future mobilit\u00e9 professionnelle et leur acc\u00e8s \u00e0 l&rsquo;enseignement sup\u00e9rieur.<\/li>\n<\/ul>\n<p><strong>Nous avons demand\u00e9 \u00e0 \u00eatre tenu.es au courant par notre autorit\u00e9 acad\u00e9mique de toutes les \u00e9volutions concernant ces r\u00e9formes (notamment si des \u00e9tablissements du Grand Est devenaient l&rsquo;objet d&rsquo;exp\u00e9rimentations !), et de la position du conseil r\u00e9gional, partie prenante de la carte des formations professionnelles et des investissements dans nos structures (plateaux techniques, etc.).<\/strong><\/p>\n","protected":false},"excerpt":{"rendered":"<p>Dans le cadre de l&rsquo;action nationale du 17 janvier 2023, l&rsquo;intersyndicale (\u00c9lan Commun &#8211; SEA-UNSA) a rencontr\u00e9 des repr\u00e9sentant.es de la DRAAF. 5 repr\u00e9sentant.es du SNETAP-FSU \u00e9taient pr\u00e9sent.es \u00e0 cette audience ainsi que le chef du SRFD, son adjoint et la responsable du P\u00f4le pilotage des formations et gestion des moyens. Au programme de cette [&hellip;]<\/p>\n","protected":false},"author":101,"featured_media":623,"comment_status":"closed","ping_status":"closed","sticky":false,"template":"","format":"standard","meta":{"ocean_post_layout":"","ocean_both_sidebars_style":"","ocean_both_sidebars_content_width":0,"ocean_both_sidebars_sidebars_width":0,"ocean_sidebar":"0","ocean_second_sidebar":"0","ocean_disable_margins":"enable","ocean_add_body_class":"","ocean_shortcode_before_top_bar":"","ocean_shortcode_after_top_bar":"","ocean_shortcode_before_header":"","ocean_shortcode_after_header":"","ocean_has_shortcode":"","ocean_shortcode_after_title":"","ocean_shortcode_before_footer_widgets":"","ocean_shortcode_after_footer_widgets":"","ocean_shortcode_before_footer_bottom":"","ocean_shortcode_after_footer_bottom":"","ocean_display_top_bar":"default","ocean_display_header":"default","ocean_header_style":"","ocean_center_header_left_menu":"0","ocean_custom_header_template":"0","ocean_custom_logo":0,"ocean_custom_retina_logo":0,"ocean_custom_logo_max_width":0,"ocean_custom_logo_tablet_max_width":0,"ocean_custom_logo_mobile_max_width":0,"ocean_custom_logo_max_height":0,"ocean_custom_logo_tablet_max_height":0,"ocean_custom_logo_mobile_max_height":0,"ocean_header_custom_menu":"0","ocean_menu_typo_font_family":"0","ocean_menu_typo_font_subset":"","ocean_menu_typo_font_size":0,"ocean_menu_typo_font_size_tablet":0,"ocean_menu_typo_font_size_mobile":0,"ocean_menu_typo_font_size_unit":"px","ocean_menu_typo_font_weight":"","ocean_menu_typo_font_weight_tablet":"","ocean_menu_typo_font_weight_mobile":"","ocean_menu_typo_transform":"","ocean_menu_typo_transform_tablet":"","ocean_menu_typo_transform_mobile":"","ocean_menu_typo_line_height":0,"ocean_menu_typo_line_height_tablet":0,"ocean_menu_typo_line_height_mobile":0,"ocean_menu_typo_line_height_unit":"","ocean_menu_typo_spacing":0,"ocean_menu_typo_spacing_tablet":0,"ocean_menu_typo_spacing_mobile":0,"ocean_menu_typo_spacing_unit":"","ocean_menu_link_color":"","ocean_menu_link_color_hover":"","ocean_menu_link_color_active":"","ocean_menu_link_background":"","ocean_menu_link_hover_background":"","ocean_menu_link_active_background":"","ocean_menu_social_links_bg":"","ocean_menu_social_hover_links_bg":"","ocean_menu_social_links_color":"","ocean_menu_social_hover_links_color":"","ocean_disable_title":"default","ocean_disable_heading":"default","ocean_post_title":"","ocean_post_subheading":"","ocean_post_title_style":"","ocean_post_title_background_color":"","ocean_post_title_background":0,"ocean_post_title_bg_image_position":"","ocean_post_title_bg_image_attachment":"","ocean_post_title_bg_image_repeat":"","ocean_post_title_bg_image_size":"","ocean_post_title_height":0,"ocean_post_title_bg_overlay":0.5,"ocean_post_title_bg_overlay_color":"","ocean_disable_breadcrumbs":"default","ocean_breadcrumbs_color":"","ocean_breadcrumbs_separator_color":"","ocean_breadcrumbs_links_color":"","ocean_breadcrumbs_links_hover_color":"","ocean_display_footer_widgets":"default","ocean_display_footer_bottom":"default","ocean_custom_footer_template":"0","ocean_post_oembed":"","ocean_post_self_hosted_media":"","ocean_post_video_embed":"","ocean_link_format":"","ocean_link_format_target":"self","ocean_quote_format":"","ocean_quote_format_link":"post","ocean_gallery_link_images":"off","ocean_gallery_id":[],"footnotes":""},"categories":[16],"tags":[],"post_folder":[],"class_list":["post-620","post","type-post","status-publish","format-standard","has-post-thumbnail","hentry","category-actions","entry","has-media"],"yoast_head":"<!-- This site is optimized with the Yoast SEO plugin v27.4 - https:\/\/yoast.com\/product\/yoast-seo-wordpress\/ -->\n<title>Audience DRAAF Grand Est 17 janvier 2023 - GRAND-EST<\/title>\n<meta name=\"robots\" content=\"index, follow, max-snippet:-1, max-image-preview:large, max-video-preview:-1\" \/>\n<link rel=\"canonical\" href=\"https:\/\/regions-snetap-fsu.fr\/ge\/2023\/01\/19\/audience-draaf-grand-est-17-janvier-2023\/\" \/>\n<meta property=\"og:locale\" content=\"fr_FR\" \/>\n<meta property=\"og:type\" content=\"article\" \/>\n<meta property=\"og:title\" content=\"Audience DRAAF Grand Est 17 janvier 2023 - GRAND-EST\" \/>\n<meta property=\"og:description\" content=\"Dans le cadre de l&rsquo;action nationale du 17 janvier 2023, l&rsquo;intersyndicale (\u00c9lan Commun &#8211; SEA-UNSA) a rencontr\u00e9 des repr\u00e9sentant.es de la DRAAF. 5 repr\u00e9sentant.es du SNETAP-FSU \u00e9taient pr\u00e9sent.es \u00e0 cette audience ainsi que le chef du SRFD, son adjoint et la responsable du P\u00f4le pilotage des formations et gestion des moyens. Au programme de cette [&hellip;]\" \/>\n<meta property=\"og:url\" content=\"https:\/\/regions-snetap-fsu.fr\/ge\/2023\/01\/19\/audience-draaf-grand-est-17-janvier-2023\/\" \/>\n<meta property=\"og:site_name\" content=\"GRAND-EST\" \/>\n<meta property=\"article:published_time\" content=\"2023-01-19T10:08:10+00:00\" \/>\n<meta property=\"og:image\" content=\"https:\/\/regions-snetap-fsu.fr\/ge\/wp-content\/uploads\/sites\/6\/2023\/01\/Audience-le-snetap-vous-informe.png.jpg\" \/>\n\t<meta property=\"og:image:width\" content=\"634\" \/>\n\t<meta property=\"og:image:height\" content=\"284\" \/>\n\t<meta property=\"og:image:type\" content=\"image\/jpeg\" \/>\n<meta name=\"author\" content=\"cvercruysse\" \/>\n<meta name=\"twitter:card\" content=\"summary_large_image\" \/>\n<meta name=\"twitter:label1\" content=\"\u00c9crit par\" \/>\n\t<meta name=\"twitter:data1\" content=\"cvercruysse\" \/>\n\t<meta name=\"twitter:label2\" content=\"Dur\u00e9e de lecture estim\u00e9e\" \/>\n\t<meta name=\"twitter:data2\" content=\"2 minutes\" \/>\n<script type=\"application\/ld+json\" class=\"yoast-schema-graph\">{\"@context\":\"https:\\\/\\\/schema.org\",\"@graph\":[{\"@type\":\"Article\",\"@id\":\"https:\\\/\\\/regions-snetap-fsu.fr\\\/ge\\\/2023\\\/01\\\/19\\\/audience-draaf-grand-est-17-janvier-2023\\\/#article\",\"isPartOf\":{\"@id\":\"https:\\\/\\\/regions-snetap-fsu.fr\\\/ge\\\/2023\\\/01\\\/19\\\/audience-draaf-grand-est-17-janvier-2023\\\/\"},\"author\":{\"name\":\"cvercruysse\",\"@id\":\"https:\\\/\\\/regions-snetap-fsu.fr\\\/ge\\\/#\\\/schema\\\/person\\\/d8221613597e0d6b3e39e086cde2d7af\"},\"headline\":\"Audience DRAAF Grand Est 17 janvier 2023\",\"datePublished\":\"2023-01-19T10:08:10+00:00\",\"mainEntityOfPage\":{\"@id\":\"https:\\\/\\\/regions-snetap-fsu.fr\\\/ge\\\/2023\\\/01\\\/19\\\/audience-draaf-grand-est-17-janvier-2023\\\/\"},\"wordCount\":464,\"publisher\":{\"@id\":\"https:\\\/\\\/regions-snetap-fsu.fr\\\/ge\\\/#organization\"},\"image\":{\"@id\":\"https:\\\/\\\/regions-snetap-fsu.fr\\\/ge\\\/2023\\\/01\\\/19\\\/audience-draaf-grand-est-17-janvier-2023\\\/#primaryimage\"},\"thumbnailUrl\":\"https:\\\/\\\/regions-snetap-fsu.fr\\\/ge\\\/wp-content\\\/uploads\\\/sites\\\/6\\\/2023\\\/01\\\/Audience-le-snetap-vous-informe.png.jpg\",\"articleSection\":[\"Actions\"],\"inLanguage\":\"fr-FR\"},{\"@type\":\"WebPage\",\"@id\":\"https:\\\/\\\/regions-snetap-fsu.fr\\\/ge\\\/2023\\\/01\\\/19\\\/audience-draaf-grand-est-17-janvier-2023\\\/\",\"url\":\"https:\\\/\\\/regions-snetap-fsu.fr\\\/ge\\\/2023\\\/01\\\/19\\\/audience-draaf-grand-est-17-janvier-2023\\\/\",\"name\":\"Audience DRAAF Grand Est 17 janvier 2023 - GRAND-EST\",\"isPartOf\":{\"@id\":\"https:\\\/\\\/regions-snetap-fsu.fr\\\/ge\\\/#website\"},\"primaryImageOfPage\":{\"@id\":\"https:\\\/\\\/regions-snetap-fsu.fr\\\/ge\\\/2023\\\/01\\\/19\\\/audience-draaf-grand-est-17-janvier-2023\\\/#primaryimage\"},\"image\":{\"@id\":\"https:\\\/\\\/regions-snetap-fsu.fr\\\/ge\\\/2023\\\/01\\\/19\\\/audience-draaf-grand-est-17-janvier-2023\\\/#primaryimage\"},\"thumbnailUrl\":\"https:\\\/\\\/regions-snetap-fsu.fr\\\/ge\\\/wp-content\\\/uploads\\\/sites\\\/6\\\/2023\\\/01\\\/Audience-le-snetap-vous-informe.png.jpg\",\"datePublished\":\"2023-01-19T10:08:10+00:00\",\"breadcrumb\":{\"@id\":\"https:\\\/\\\/regions-snetap-fsu.fr\\\/ge\\\/2023\\\/01\\\/19\\\/audience-draaf-grand-est-17-janvier-2023\\\/#breadcrumb\"},\"inLanguage\":\"fr-FR\",\"potentialAction\":[{\"@type\":\"ReadAction\",\"target\":[\"https:\\\/\\\/regions-snetap-fsu.fr\\\/ge\\\/2023\\\/01\\\/19\\\/audience-draaf-grand-est-17-janvier-2023\\\/\"]}]},{\"@type\":\"ImageObject\",\"inLanguage\":\"fr-FR\",\"@id\":\"https:\\\/\\\/regions-snetap-fsu.fr\\\/ge\\\/2023\\\/01\\\/19\\\/audience-draaf-grand-est-17-janvier-2023\\\/#primaryimage\",\"url\":\"https:\\\/\\\/regions-snetap-fsu.fr\\\/ge\\\/wp-content\\\/uploads\\\/sites\\\/6\\\/2023\\\/01\\\/Audience-le-snetap-vous-informe.png.jpg\",\"contentUrl\":\"https:\\\/\\\/regions-snetap-fsu.fr\\\/ge\\\/wp-content\\\/uploads\\\/sites\\\/6\\\/2023\\\/01\\\/Audience-le-snetap-vous-informe.png.jpg\",\"width\":634,\"height\":284,\"caption\":\"logo : Audience, le snetap vous informe\"},{\"@type\":\"BreadcrumbList\",\"@id\":\"https:\\\/\\\/regions-snetap-fsu.fr\\\/ge\\\/2023\\\/01\\\/19\\\/audience-draaf-grand-est-17-janvier-2023\\\/#breadcrumb\",\"itemListElement\":[{\"@type\":\"ListItem\",\"position\":1,\"name\":\"Accueil\",\"item\":\"https:\\\/\\\/regions-snetap-fsu.fr\\\/ge\\\/\"},{\"@type\":\"ListItem\",\"position\":2,\"name\":\"Audience DRAAF Grand Est 17 janvier 2023\"}]},{\"@type\":\"WebSite\",\"@id\":\"https:\\\/\\\/regions-snetap-fsu.fr\\\/ge\\\/#website\",\"url\":\"https:\\\/\\\/regions-snetap-fsu.fr\\\/ge\\\/\",\"name\":\"SNETAP-FSU GRAND-EST\",\"description\":\"Le blog de la Section R\u00e9gionale\",\"publisher\":{\"@id\":\"https:\\\/\\\/regions-snetap-fsu.fr\\\/ge\\\/#organization\"},\"potentialAction\":[{\"@type\":\"SearchAction\",\"target\":{\"@type\":\"EntryPoint\",\"urlTemplate\":\"https:\\\/\\\/regions-snetap-fsu.fr\\\/ge\\\/?s={search_term_string}\"},\"query-input\":{\"@type\":\"PropertyValueSpecification\",\"valueRequired\":true,\"valueName\":\"search_term_string\"}}],\"inLanguage\":\"fr-FR\"},{\"@type\":\"Organization\",\"@id\":\"https:\\\/\\\/regions-snetap-fsu.fr\\\/ge\\\/#organization\",\"name\":\"SNETAP-FSU - Grand-Est\",\"url\":\"https:\\\/\\\/regions-snetap-fsu.fr\\\/ge\\\/\",\"logo\":{\"@type\":\"ImageObject\",\"inLanguage\":\"fr-FR\",\"@id\":\"https:\\\/\\\/regions-snetap-fsu.fr\\\/ge\\\/#\\\/schema\\\/logo\\\/image\\\/\",\"url\":\"https:\\\/\\\/regions-snetap-fsu.fr\\\/ge\\\/wp-content\\\/uploads\\\/sites\\\/6\\\/2019\\\/02\\\/LOGO-Snetap.jpg\",\"contentUrl\":\"https:\\\/\\\/regions-snetap-fsu.fr\\\/ge\\\/wp-content\\\/uploads\\\/sites\\\/6\\\/2019\\\/02\\\/LOGO-Snetap.jpg\",\"width\":2730,\"height\":2050,\"caption\":\"SNETAP-FSU - Grand-Est\"},\"image\":{\"@id\":\"https:\\\/\\\/regions-snetap-fsu.fr\\\/ge\\\/#\\\/schema\\\/logo\\\/image\\\/\"}},{\"@type\":\"Person\",\"@id\":\"https:\\\/\\\/regions-snetap-fsu.fr\\\/ge\\\/#\\\/schema\\\/person\\\/d8221613597e0d6b3e39e086cde2d7af\",\"name\":\"cvercruysse\",\"image\":{\"@type\":\"ImageObject\",\"inLanguage\":\"fr-FR\",\"@id\":\"https:\\\/\\\/secure.gravatar.com\\\/avatar\\\/25c5d5f624e0f65d405b30be1e908497e29c3ae3edc71eb12044d8e5bddef1eb?s=96&d=mm&r=g\",\"url\":\"https:\\\/\\\/secure.gravatar.com\\\/avatar\\\/25c5d5f624e0f65d405b30be1e908497e29c3ae3edc71eb12044d8e5bddef1eb?s=96&d=mm&r=g\",\"contentUrl\":\"https:\\\/\\\/secure.gravatar.com\\\/avatar\\\/25c5d5f624e0f65d405b30be1e908497e29c3ae3edc71eb12044d8e5bddef1eb?s=96&d=mm&r=g\",\"caption\":\"cvercruysse\"},\"url\":\"https:\\\/\\\/regions-snetap-fsu.fr\\\/ge\\\/author\\\/cvercruysse\\\/\"}]}<\/script>\n<!-- \/ Yoast SEO plugin. -->","yoast_head_json":{"title":"Audience DRAAF Grand Est 17 janvier 2023 - GRAND-EST","robots":{"index":"index","follow":"follow","max-snippet":"max-snippet:-1","max-image-preview":"max-image-preview:large","max-video-preview":"max-video-preview:-1"},"canonical":"https:\/\/regions-snetap-fsu.fr\/ge\/2023\/01\/19\/audience-draaf-grand-est-17-janvier-2023\/","og_locale":"fr_FR","og_type":"article","og_title":"Audience DRAAF Grand Est 17 janvier 2023 - GRAND-EST","og_description":"Dans le cadre de l&rsquo;action nationale du 17 janvier 2023, l&rsquo;intersyndicale (\u00c9lan Commun &#8211; SEA-UNSA) a rencontr\u00e9 des repr\u00e9sentant.es de la DRAAF. 5 repr\u00e9sentant.es du SNETAP-FSU \u00e9taient pr\u00e9sent.es \u00e0 cette audience ainsi que le chef du SRFD, son adjoint et la responsable du P\u00f4le pilotage des formations et gestion des moyens. Au programme de cette [&hellip;]","og_url":"https:\/\/regions-snetap-fsu.fr\/ge\/2023\/01\/19\/audience-draaf-grand-est-17-janvier-2023\/","og_site_name":"GRAND-EST","article_published_time":"2023-01-19T10:08:10+00:00","og_image":[{"width":634,"height":284,"url":"https:\/\/regions-snetap-fsu.fr\/ge\/wp-content\/uploads\/sites\/6\/2023\/01\/Audience-le-snetap-vous-informe.png.jpg","type":"image\/jpeg"}],"author":"cvercruysse","twitter_card":"summary_large_image","twitter_misc":{"\u00c9crit par":"cvercruysse","Dur\u00e9e de lecture estim\u00e9e":"2 minutes"},"schema":{"@context":"https:\/\/schema.org","@graph":[{"@type":"Article","@id":"https:\/\/regions-snetap-fsu.fr\/ge\/2023\/01\/19\/audience-draaf-grand-est-17-janvier-2023\/#article","isPartOf":{"@id":"https:\/\/regions-snetap-fsu.fr\/ge\/2023\/01\/19\/audience-draaf-grand-est-17-janvier-2023\/"},"author":{"name":"cvercruysse","@id":"https:\/\/regions-snetap-fsu.fr\/ge\/#\/schema\/person\/d8221613597e0d6b3e39e086cde2d7af"},"headline":"Audience DRAAF Grand Est 17 janvier 2023","datePublished":"2023-01-19T10:08:10+00:00","mainEntityOfPage":{"@id":"https:\/\/regions-snetap-fsu.fr\/ge\/2023\/01\/19\/audience-draaf-grand-est-17-janvier-2023\/"},"wordCount":464,"publisher":{"@id":"https:\/\/regions-snetap-fsu.fr\/ge\/#organization"},"image":{"@id":"https:\/\/regions-snetap-fsu.fr\/ge\/2023\/01\/19\/audience-draaf-grand-est-17-janvier-2023\/#primaryimage"},"thumbnailUrl":"https:\/\/regions-snetap-fsu.fr\/ge\/wp-content\/uploads\/sites\/6\/2023\/01\/Audience-le-snetap-vous-informe.png.jpg","articleSection":["Actions"],"inLanguage":"fr-FR"},{"@type":"WebPage","@id":"https:\/\/regions-snetap-fsu.fr\/ge\/2023\/01\/19\/audience-draaf-grand-est-17-janvier-2023\/","url":"https:\/\/regions-snetap-fsu.fr\/ge\/2023\/01\/19\/audience-draaf-grand-est-17-janvier-2023\/","name":"Audience DRAAF Grand Est 17 janvier 2023 - GRAND-EST","isPartOf":{"@id":"https:\/\/regions-snetap-fsu.fr\/ge\/#website"},"primaryImageOfPage":{"@id":"https:\/\/regions-snetap-fsu.fr\/ge\/2023\/01\/19\/audience-draaf-grand-est-17-janvier-2023\/#primaryimage"},"image":{"@id":"https:\/\/regions-snetap-fsu.fr\/ge\/2023\/01\/19\/audience-draaf-grand-est-17-janvier-2023\/#primaryimage"},"thumbnailUrl":"https:\/\/regions-snetap-fsu.fr\/ge\/wp-content\/uploads\/sites\/6\/2023\/01\/Audience-le-snetap-vous-informe.png.jpg","datePublished":"2023-01-19T10:08:10+00:00","breadcrumb":{"@id":"https:\/\/regions-snetap-fsu.fr\/ge\/2023\/01\/19\/audience-draaf-grand-est-17-janvier-2023\/#breadcrumb"},"inLanguage":"fr-FR","potentialAction":[{"@type":"ReadAction","target":["https:\/\/regions-snetap-fsu.fr\/ge\/2023\/01\/19\/audience-draaf-grand-est-17-janvier-2023\/"]}]},{"@type":"ImageObject","inLanguage":"fr-FR","@id":"https:\/\/regions-snetap-fsu.fr\/ge\/2023\/01\/19\/audience-draaf-grand-est-17-janvier-2023\/#primaryimage","url":"https:\/\/regions-snetap-fsu.fr\/ge\/wp-content\/uploads\/sites\/6\/2023\/01\/Audience-le-snetap-vous-informe.png.jpg","contentUrl":"https:\/\/regions-snetap-fsu.fr\/ge\/wp-content\/uploads\/sites\/6\/2023\/01\/Audience-le-snetap-vous-informe.png.jpg","width":634,"height":284,"caption":"logo : Audience, le snetap vous informe"},{"@type":"BreadcrumbList","@id":"https:\/\/regions-snetap-fsu.fr\/ge\/2023\/01\/19\/audience-draaf-grand-est-17-janvier-2023\/#breadcrumb","itemListElement":[{"@type":"ListItem","position":1,"name":"Accueil","item":"https:\/\/regions-snetap-fsu.fr\/ge\/"},{"@type":"ListItem","position":2,"name":"Audience DRAAF Grand Est 17 janvier 2023"}]},{"@type":"WebSite","@id":"https:\/\/regions-snetap-fsu.fr\/ge\/#website","url":"https:\/\/regions-snetap-fsu.fr\/ge\/","name":"SNETAP-FSU GRAND-EST","description":"Le blog de la Section R\u00e9gionale","publisher":{"@id":"https:\/\/regions-snetap-fsu.fr\/ge\/#organization"},"potentialAction":[{"@type":"SearchAction","target":{"@type":"EntryPoint","urlTemplate":"https:\/\/regions-snetap-fsu.fr\/ge\/?s={search_term_string}"},"query-input":{"@type":"PropertyValueSpecification","valueRequired":true,"valueName":"search_term_string"}}],"inLanguage":"fr-FR"},{"@type":"Organization","@id":"https:\/\/regions-snetap-fsu.fr\/ge\/#organization","name":"SNETAP-FSU - Grand-Est","url":"https:\/\/regions-snetap-fsu.fr\/ge\/","logo":{"@type":"ImageObject","inLanguage":"fr-FR","@id":"https:\/\/regions-snetap-fsu.fr\/ge\/#\/schema\/logo\/image\/","url":"https:\/\/regions-snetap-fsu.fr\/ge\/wp-content\/uploads\/sites\/6\/2019\/02\/LOGO-Snetap.jpg","contentUrl":"https:\/\/regions-snetap-fsu.fr\/ge\/wp-content\/uploads\/sites\/6\/2019\/02\/LOGO-Snetap.jpg","width":2730,"height":2050,"caption":"SNETAP-FSU - Grand-Est"},"image":{"@id":"https:\/\/regions-snetap-fsu.fr\/ge\/#\/schema\/logo\/image\/"}},{"@type":"Person","@id":"https:\/\/regions-snetap-fsu.fr\/ge\/#\/schema\/person\/d8221613597e0d6b3e39e086cde2d7af","name":"cvercruysse","image":{"@type":"ImageObject","inLanguage":"fr-FR","@id":"https:\/\/secure.gravatar.com\/avatar\/25c5d5f624e0f65d405b30be1e908497e29c3ae3edc71eb12044d8e5bddef1eb?s=96&d=mm&r=g","url":"https:\/\/secure.gravatar.com\/avatar\/25c5d5f624e0f65d405b30be1e908497e29c3ae3edc71eb12044d8e5bddef1eb?s=96&d=mm&r=g","contentUrl":"https:\/\/secure.gravatar.com\/avatar\/25c5d5f624e0f65d405b30be1e908497e29c3ae3edc71eb12044d8e5bddef1eb?s=96&d=mm&r=g","caption":"cvercruysse"},"url":"https:\/\/regions-snetap-fsu.fr\/ge\/author\/cvercruysse\/"}]}},"_links":{"self":[{"href":"https:\/\/regions-snetap-fsu.fr\/ge\/wp-json\/wp\/v2\/posts\/620","targetHints":{"allow":["GET"]}}],"collection":[{"href":"https:\/\/regions-snetap-fsu.fr\/ge\/wp-json\/wp\/v2\/posts"}],"about":[{"href":"https:\/\/regions-snetap-fsu.fr\/ge\/wp-json\/wp\/v2\/types\/post"}],"author":[{"embeddable":true,"href":"https:\/\/regions-snetap-fsu.fr\/ge\/wp-json\/wp\/v2\/users\/101"}],"replies":[{"embeddable":true,"href":"https:\/\/regions-snetap-fsu.fr\/ge\/wp-json\/wp\/v2\/comments?post=620"}],"version-history":[{"count":8,"href":"https:\/\/regions-snetap-fsu.fr\/ge\/wp-json\/wp\/v2\/posts\/620\/revisions"}],"predecessor-version":[{"id":630,"href":"https:\/\/regions-snetap-fsu.fr\/ge\/wp-json\/wp\/v2\/posts\/620\/revisions\/630"}],"wp:featuredmedia":[{"embeddable":true,"href":"https:\/\/regions-snetap-fsu.fr\/ge\/wp-json\/wp\/v2\/media\/623"}],"wp:attachment":[{"href":"https:\/\/regions-snetap-fsu.fr\/ge\/wp-json\/wp\/v2\/media?parent=620"}],"wp:term":[{"taxonomy":"category","embeddable":true,"href":"https:\/\/regions-snetap-fsu.fr\/ge\/wp-json\/wp\/v2\/categories?post=620"},{"taxonomy":"post_tag","embeddable":true,"href":"https:\/\/regions-snetap-fsu.fr\/ge\/wp-json\/wp\/v2\/tags?post=620"},{"taxonomy":"post_folder","embeddable":true,"href":"https:\/\/regions-snetap-fsu.fr\/ge\/wp-json\/wp\/v2\/post_folder?post=620"}],"curies":[{"name":"wp","href":"https:\/\/api.w.org\/{rel}","templated":true}]}}