{"id":601,"date":"2022-10-18T20:39:21","date_gmt":"2022-10-18T18:39:21","guid":{"rendered":"https:\/\/regions-snetap-fsu.fr\/ge\/?p=601"},"modified":"2022-10-18T20:39:41","modified_gmt":"2022-10-18T18:39:41","slug":"participations-aux-manifs-contre-la-reforme-de-la-voie-professionnelle-dans-le-grand-est","status":"publish","type":"post","link":"https:\/\/regions-snetap-fsu.fr\/ge\/2022\/10\/18\/participations-aux-manifs-contre-la-reforme-de-la-voie-professionnelle-dans-le-grand-est\/","title":{"rendered":"Participations aux manifs contre la r\u00e9forme de la voie professionnelle dans le Grand Est"},"content":{"rendered":"<p><a href=\"https:\/\/www.france.tv\/france-3\/grand-est\/jt-19-20-champagne-ardenne\/4184089-emission-du-mardi-18-octobre-2022.html\">France 3 du mardi 18 octobre <\/a><\/p>\n<p><strong>\u00e0 Chaumont<\/strong><\/p>\n<p><img fetchpriority=\"high\" decoding=\"async\" class=\"alignnone size-medium wp-image-602\" src=\"https:\/\/regions-snetap-fsu.fr\/ge\/wp-content\/uploads\/sites\/6\/2022\/10\/IMG_5276-300x225.jpg\" alt=\"\" width=\"300\" height=\"225\" srcset=\"https:\/\/regions-snetap-fsu.fr\/ge\/wp-content\/uploads\/sites\/6\/2022\/10\/IMG_5276-300x225.jpg 300w, https:\/\/regions-snetap-fsu.fr\/ge\/wp-content\/uploads\/sites\/6\/2022\/10\/IMG_5276-1024x768.jpg 1024w, https:\/\/regions-snetap-fsu.fr\/ge\/wp-content\/uploads\/sites\/6\/2022\/10\/IMG_5276-768x576.jpg 768w, https:\/\/regions-snetap-fsu.fr\/ge\/wp-content\/uploads\/sites\/6\/2022\/10\/IMG_5276-1536x1152.jpg 1536w, https:\/\/regions-snetap-fsu.fr\/ge\/wp-content\/uploads\/sites\/6\/2022\/10\/IMG_5276-2048x1536.jpg 2048w\" sizes=\"(max-width: 300px) 100vw, 300px\" \/> <img decoding=\"async\" class=\"alignnone size-medium wp-image-603\" src=\"https:\/\/regions-snetap-fsu.fr\/ge\/wp-content\/uploads\/sites\/6\/2022\/10\/IMG_5277-300x225.jpg\" alt=\"\" width=\"300\" height=\"225\" srcset=\"https:\/\/regions-snetap-fsu.fr\/ge\/wp-content\/uploads\/sites\/6\/2022\/10\/IMG_5277-300x225.jpg 300w, https:\/\/regions-snetap-fsu.fr\/ge\/wp-content\/uploads\/sites\/6\/2022\/10\/IMG_5277-1024x769.jpg 1024w, https:\/\/regions-snetap-fsu.fr\/ge\/wp-content\/uploads\/sites\/6\/2022\/10\/IMG_5277-768x577.jpg 768w, https:\/\/regions-snetap-fsu.fr\/ge\/wp-content\/uploads\/sites\/6\/2022\/10\/IMG_5277-1536x1154.jpg 1536w, https:\/\/regions-snetap-fsu.fr\/ge\/wp-content\/uploads\/sites\/6\/2022\/10\/IMG_5277-2048x1539.jpg 2048w\" sizes=\"(max-width: 300px) 100vw, 300px\" \/><\/p>\n<p><strong>\u00e0 Charleville<\/strong><\/p>\n<p><img decoding=\"async\" class=\"alignnone size-medium wp-image-604\" src=\"https:\/\/regions-snetap-fsu.fr\/ge\/wp-content\/uploads\/sites\/6\/2022\/10\/20221018_151536-225x300.jpg\" alt=\"\" width=\"225\" height=\"300\" srcset=\"https:\/\/regions-snetap-fsu.fr\/ge\/wp-content\/uploads\/sites\/6\/2022\/10\/20221018_151536-225x300.jpg 225w, https:\/\/regions-snetap-fsu.fr\/ge\/wp-content\/uploads\/sites\/6\/2022\/10\/20221018_151536-768x1024.jpg 768w, https:\/\/regions-snetap-fsu.fr\/ge\/wp-content\/uploads\/sites\/6\/2022\/10\/20221018_151536-1152x1536.jpg 1152w, https:\/\/regions-snetap-fsu.fr\/ge\/wp-content\/uploads\/sites\/6\/2022\/10\/20221018_151536-1536x2048.jpg 1536w, https:\/\/regions-snetap-fsu.fr\/ge\/wp-content\/uploads\/sites\/6\/2022\/10\/20221018_151536-scaled.jpg 1920w\" sizes=\"(max-width: 225px) 100vw, 225px\" \/> <img loading=\"lazy\" decoding=\"async\" class=\"alignnone size-medium wp-image-605\" src=\"https:\/\/regions-snetap-fsu.fr\/ge\/wp-content\/uploads\/sites\/6\/2022\/10\/20221018_155005-300x225.jpg\" alt=\"\" width=\"300\" height=\"225\" srcset=\"https:\/\/regions-snetap-fsu.fr\/ge\/wp-content\/uploads\/sites\/6\/2022\/10\/20221018_155005-300x225.jpg 300w, https:\/\/regions-snetap-fsu.fr\/ge\/wp-content\/uploads\/sites\/6\/2022\/10\/20221018_155005-1024x768.jpg 1024w, https:\/\/regions-snetap-fsu.fr\/ge\/wp-content\/uploads\/sites\/6\/2022\/10\/20221018_155005-768x576.jpg 768w, https:\/\/regions-snetap-fsu.fr\/ge\/wp-content\/uploads\/sites\/6\/2022\/10\/20221018_155005-1536x1152.jpg 1536w, https:\/\/regions-snetap-fsu.fr\/ge\/wp-content\/uploads\/sites\/6\/2022\/10\/20221018_155005-2048x1536.jpg 2048w\" sizes=\"(max-width: 300px) 100vw, 300px\" \/><\/p>\n","protected":false},"excerpt":{"rendered":"<p>France 3 du mardi 18 octobre \u00e0 Chaumont \u00e0 Charleville<\/p>\n","protected":false},"author":111,"featured_media":0,"comment_status":"closed","ping_status":"closed","sticky":false,"template":"","format":"standard","meta":{"ocean_post_layout":"","ocean_both_sidebars_style":"","ocean_both_sidebars_content_width":0,"ocean_both_sidebars_sidebars_width":0,"ocean_sidebar":"","ocean_second_sidebar":"","ocean_disable_margins":"enable","ocean_add_body_class":"","ocean_shortcode_before_top_bar":"","ocean_shortcode_after_top_bar":"","ocean_shortcode_before_header":"","ocean_shortcode_after_header":"","ocean_has_shortcode":"","ocean_shortcode_after_title":"","ocean_shortcode_before_footer_widgets":"","ocean_shortcode_after_footer_widgets":"","ocean_shortcode_before_footer_bottom":"","ocean_shortcode_after_footer_bottom":"","ocean_display_top_bar":"default","ocean_display_header":"default","ocean_header_style":"","ocean_center_header_left_menu":"","ocean_custom_header_template":"","ocean_custom_logo":0,"ocean_custom_retina_logo":0,"ocean_custom_logo_max_width":0,"ocean_custom_logo_tablet_max_width":0,"ocean_custom_logo_mobile_max_width":0,"ocean_custom_logo_max_height":0,"ocean_custom_logo_tablet_max_height":0,"ocean_custom_logo_mobile_max_height":0,"ocean_header_custom_menu":"","ocean_menu_typo_font_family":"","ocean_menu_typo_font_subset":"","ocean_menu_typo_font_size":0,"ocean_menu_typo_font_size_tablet":0,"ocean_menu_typo_font_size_mobile":0,"ocean_menu_typo_font_size_unit":"px","ocean_menu_typo_font_weight":"","ocean_menu_typo_font_weight_tablet":"","ocean_menu_typo_font_weight_mobile":"","ocean_menu_typo_transform":"","ocean_menu_typo_transform_tablet":"","ocean_menu_typo_transform_mobile":"","ocean_menu_typo_line_height":0,"ocean_menu_typo_line_height_tablet":0,"ocean_menu_typo_line_height_mobile":0,"ocean_menu_typo_line_height_unit":"","ocean_menu_typo_spacing":0,"ocean_menu_typo_spacing_tablet":0,"ocean_menu_typo_spacing_mobile":0,"ocean_menu_typo_spacing_unit":"","ocean_menu_link_color":"","ocean_menu_link_color_hover":"","ocean_menu_link_color_active":"","ocean_menu_link_background":"","ocean_menu_link_hover_background":"","ocean_menu_link_active_background":"","ocean_menu_social_links_bg":"","ocean_menu_social_hover_links_bg":"","ocean_menu_social_links_color":"","ocean_menu_social_hover_links_color":"","ocean_disable_title":"default","ocean_disable_heading":"default","ocean_post_title":"","ocean_post_subheading":"","ocean_post_title_style":"","ocean_post_title_background_color":"","ocean_post_title_background":0,"ocean_post_title_bg_image_position":"","ocean_post_title_bg_image_attachment":"","ocean_post_title_bg_image_repeat":"","ocean_post_title_bg_image_size":"","ocean_post_title_height":0,"ocean_post_title_bg_overlay":0.5,"ocean_post_title_bg_overlay_color":"","ocean_disable_breadcrumbs":"default","ocean_breadcrumbs_color":"","ocean_breadcrumbs_separator_color":"","ocean_breadcrumbs_links_color":"","ocean_breadcrumbs_links_hover_color":"","ocean_display_footer_widgets":"default","ocean_display_footer_bottom":"default","ocean_custom_footer_template":"","ocean_post_oembed":"","ocean_post_self_hosted_media":"","ocean_post_video_embed":"","ocean_link_format":"","ocean_link_format_target":"self","ocean_quote_format":"","ocean_quote_format_link":"post","ocean_gallery_link_images":"off","ocean_gallery_id":[],"footnotes":""},"categories":[16],"tags":[],"post_folder":[],"class_list":["post-601","post","type-post","status-publish","format-standard","hentry","category-actions","entry"],"yoast_head":"<!-- This site is optimized with the Yoast SEO plugin v27.4 - https:\/\/yoast.com\/product\/yoast-seo-wordpress\/ -->\n<title>Participations aux manifs contre la r\u00e9forme de la voie professionnelle dans le Grand Est - GRAND-EST<\/title>\n<meta name=\"robots\" content=\"index, follow, max-snippet:-1, max-image-preview:large, max-video-preview:-1\" \/>\n<link rel=\"canonical\" href=\"https:\/\/regions-snetap-fsu.fr\/ge\/2022\/10\/18\/participations-aux-manifs-contre-la-reforme-de-la-voie-professionnelle-dans-le-grand-est\/\" \/>\n<meta property=\"og:locale\" content=\"fr_FR\" \/>\n<meta property=\"og:type\" content=\"article\" \/>\n<meta property=\"og:title\" content=\"Participations aux manifs contre la r\u00e9forme de la voie professionnelle dans le Grand Est - GRAND-EST\" \/>\n<meta property=\"og:description\" content=\"France 3 du mardi 18 octobre \u00e0 Chaumont \u00e0 Charleville\" \/>\n<meta property=\"og:url\" content=\"https:\/\/regions-snetap-fsu.fr\/ge\/2022\/10\/18\/participations-aux-manifs-contre-la-reforme-de-la-voie-professionnelle-dans-le-grand-est\/\" \/>\n<meta property=\"og:site_name\" content=\"GRAND-EST\" \/>\n<meta property=\"article:published_time\" content=\"2022-10-18T18:39:21+00:00\" \/>\n<meta property=\"article:modified_time\" content=\"2022-10-18T18:39:41+00:00\" \/>\n<meta property=\"og:image\" content=\"https:\/\/regions-snetap-fsu.fr\/ge\/wp-content\/uploads\/sites\/6\/2022\/10\/IMG_5276-scaled.jpg\" \/>\n\t<meta property=\"og:image:width\" content=\"2560\" \/>\n\t<meta property=\"og:image:height\" content=\"1920\" \/>\n\t<meta property=\"og:image:type\" content=\"image\/jpeg\" \/>\n<meta name=\"author\" content=\"jpguenard\" \/>\n<meta name=\"twitter:card\" content=\"summary_large_image\" \/>\n<meta name=\"twitter:label1\" content=\"\u00c9crit par\" \/>\n\t<meta name=\"twitter:data1\" content=\"jpguenard\" \/>\n<script type=\"application\/ld+json\" class=\"yoast-schema-graph\">{\"@context\":\"https:\\\/\\\/schema.org\",\"@graph\":[{\"@type\":\"Article\",\"@id\":\"https:\\\/\\\/regions-snetap-fsu.fr\\\/ge\\\/2022\\\/10\\\/18\\\/participations-aux-manifs-contre-la-reforme-de-la-voie-professionnelle-dans-le-grand-est\\\/#article\",\"isPartOf\":{\"@id\":\"https:\\\/\\\/regions-snetap-fsu.fr\\\/ge\\\/2022\\\/10\\\/18\\\/participations-aux-manifs-contre-la-reforme-de-la-voie-professionnelle-dans-le-grand-est\\\/\"},\"author\":{\"name\":\"jpguenard\",\"@id\":\"https:\\\/\\\/regions-snetap-fsu.fr\\\/ge\\\/#\\\/schema\\\/person\\\/cae10ad71661d0b10a501f393500269d\"},\"headline\":\"Participations aux manifs contre la r\u00e9forme de la voie professionnelle dans le Grand Est\",\"datePublished\":\"2022-10-18T18:39:21+00:00\",\"dateModified\":\"2022-10-18T18:39:41+00:00\",\"mainEntityOfPage\":{\"@id\":\"https:\\\/\\\/regions-snetap-fsu.fr\\\/ge\\\/2022\\\/10\\\/18\\\/participations-aux-manifs-contre-la-reforme-de-la-voie-professionnelle-dans-le-grand-est\\\/\"},\"wordCount\":21,\"publisher\":{\"@id\":\"https:\\\/\\\/regions-snetap-fsu.fr\\\/ge\\\/#organization\"},\"image\":{\"@id\":\"https:\\\/\\\/regions-snetap-fsu.fr\\\/ge\\\/2022\\\/10\\\/18\\\/participations-aux-manifs-contre-la-reforme-de-la-voie-professionnelle-dans-le-grand-est\\\/#primaryimage\"},\"thumbnailUrl\":\"https:\\\/\\\/regions-snetap-fsu.fr\\\/ge\\\/wp-content\\\/uploads\\\/sites\\\/6\\\/2022\\\/10\\\/IMG_5276-300x225.jpg\",\"articleSection\":[\"Actions\"],\"inLanguage\":\"fr-FR\"},{\"@type\":\"WebPage\",\"@id\":\"https:\\\/\\\/regions-snetap-fsu.fr\\\/ge\\\/2022\\\/10\\\/18\\\/participations-aux-manifs-contre-la-reforme-de-la-voie-professionnelle-dans-le-grand-est\\\/\",\"url\":\"https:\\\/\\\/regions-snetap-fsu.fr\\\/ge\\\/2022\\\/10\\\/18\\\/participations-aux-manifs-contre-la-reforme-de-la-voie-professionnelle-dans-le-grand-est\\\/\",\"name\":\"Participations aux manifs contre la r\u00e9forme de la voie professionnelle dans le Grand Est - GRAND-EST\",\"isPartOf\":{\"@id\":\"https:\\\/\\\/regions-snetap-fsu.fr\\\/ge\\\/#website\"},\"primaryImageOfPage\":{\"@id\":\"https:\\\/\\\/regions-snetap-fsu.fr\\\/ge\\\/2022\\\/10\\\/18\\\/participations-aux-manifs-contre-la-reforme-de-la-voie-professionnelle-dans-le-grand-est\\\/#primaryimage\"},\"image\":{\"@id\":\"https:\\\/\\\/regions-snetap-fsu.fr\\\/ge\\\/2022\\\/10\\\/18\\\/participations-aux-manifs-contre-la-reforme-de-la-voie-professionnelle-dans-le-grand-est\\\/#primaryimage\"},\"thumbnailUrl\":\"https:\\\/\\\/regions-snetap-fsu.fr\\\/ge\\\/wp-content\\\/uploads\\\/sites\\\/6\\\/2022\\\/10\\\/IMG_5276-300x225.jpg\",\"datePublished\":\"2022-10-18T18:39:21+00:00\",\"dateModified\":\"2022-10-18T18:39:41+00:00\",\"breadcrumb\":{\"@id\":\"https:\\\/\\\/regions-snetap-fsu.fr\\\/ge\\\/2022\\\/10\\\/18\\\/participations-aux-manifs-contre-la-reforme-de-la-voie-professionnelle-dans-le-grand-est\\\/#breadcrumb\"},\"inLanguage\":\"fr-FR\",\"potentialAction\":[{\"@type\":\"ReadAction\",\"target\":[\"https:\\\/\\\/regions-snetap-fsu.fr\\\/ge\\\/2022\\\/10\\\/18\\\/participations-aux-manifs-contre-la-reforme-de-la-voie-professionnelle-dans-le-grand-est\\\/\"]}]},{\"@type\":\"ImageObject\",\"inLanguage\":\"fr-FR\",\"@id\":\"https:\\\/\\\/regions-snetap-fsu.fr\\\/ge\\\/2022\\\/10\\\/18\\\/participations-aux-manifs-contre-la-reforme-de-la-voie-professionnelle-dans-le-grand-est\\\/#primaryimage\",\"url\":\"https:\\\/\\\/regions-snetap-fsu.fr\\\/ge\\\/wp-content\\\/uploads\\\/sites\\\/6\\\/2022\\\/10\\\/IMG_5276-scaled.jpg\",\"contentUrl\":\"https:\\\/\\\/regions-snetap-fsu.fr\\\/ge\\\/wp-content\\\/uploads\\\/sites\\\/6\\\/2022\\\/10\\\/IMG_5276-scaled.jpg\",\"width\":2560,\"height\":1920},{\"@type\":\"BreadcrumbList\",\"@id\":\"https:\\\/\\\/regions-snetap-fsu.fr\\\/ge\\\/2022\\\/10\\\/18\\\/participations-aux-manifs-contre-la-reforme-de-la-voie-professionnelle-dans-le-grand-est\\\/#breadcrumb\",\"itemListElement\":[{\"@type\":\"ListItem\",\"position\":1,\"name\":\"Accueil\",\"item\":\"https:\\\/\\\/regions-snetap-fsu.fr\\\/ge\\\/\"},{\"@type\":\"ListItem\",\"position\":2,\"name\":\"Participations aux manifs contre la r\u00e9forme de la voie professionnelle dans le Grand Est\"}]},{\"@type\":\"WebSite\",\"@id\":\"https:\\\/\\\/regions-snetap-fsu.fr\\\/ge\\\/#website\",\"url\":\"https:\\\/\\\/regions-snetap-fsu.fr\\\/ge\\\/\",\"name\":\"SNETAP-FSU GRAND-EST\",\"description\":\"Le blog de la Section R\u00e9gionale\",\"publisher\":{\"@id\":\"https:\\\/\\\/regions-snetap-fsu.fr\\\/ge\\\/#organization\"},\"potentialAction\":[{\"@type\":\"SearchAction\",\"target\":{\"@type\":\"EntryPoint\",\"urlTemplate\":\"https:\\\/\\\/regions-snetap-fsu.fr\\\/ge\\\/?s={search_term_string}\"},\"query-input\":{\"@type\":\"PropertyValueSpecification\",\"valueRequired\":true,\"valueName\":\"search_term_string\"}}],\"inLanguage\":\"fr-FR\"},{\"@type\":\"Organization\",\"@id\":\"https:\\\/\\\/regions-snetap-fsu.fr\\\/ge\\\/#organization\",\"name\":\"SNETAP-FSU - Grand-Est\",\"url\":\"https:\\\/\\\/regions-snetap-fsu.fr\\\/ge\\\/\",\"logo\":{\"@type\":\"ImageObject\",\"inLanguage\":\"fr-FR\",\"@id\":\"https:\\\/\\\/regions-snetap-fsu.fr\\\/ge\\\/#\\\/schema\\\/logo\\\/image\\\/\",\"url\":\"https:\\\/\\\/regions-snetap-fsu.fr\\\/ge\\\/wp-content\\\/uploads\\\/sites\\\/6\\\/2019\\\/02\\\/LOGO-Snetap.jpg\",\"contentUrl\":\"https:\\\/\\\/regions-snetap-fsu.fr\\\/ge\\\/wp-content\\\/uploads\\\/sites\\\/6\\\/2019\\\/02\\\/LOGO-Snetap.jpg\",\"width\":2730,\"height\":2050,\"caption\":\"SNETAP-FSU - Grand-Est\"},\"image\":{\"@id\":\"https:\\\/\\\/regions-snetap-fsu.fr\\\/ge\\\/#\\\/schema\\\/logo\\\/image\\\/\"}},{\"@type\":\"Person\",\"@id\":\"https:\\\/\\\/regions-snetap-fsu.fr\\\/ge\\\/#\\\/schema\\\/person\\\/cae10ad71661d0b10a501f393500269d\",\"name\":\"jpguenard\",\"image\":{\"@type\":\"ImageObject\",\"inLanguage\":\"fr-FR\",\"@id\":\"https:\\\/\\\/secure.gravatar.com\\\/avatar\\\/b436473b259d94a44a8959d05b912286bbedadc2f2a5c8bb21659e57eadbcc27?s=96&d=mm&r=g\",\"url\":\"https:\\\/\\\/secure.gravatar.com\\\/avatar\\\/b436473b259d94a44a8959d05b912286bbedadc2f2a5c8bb21659e57eadbcc27?s=96&d=mm&r=g\",\"contentUrl\":\"https:\\\/\\\/secure.gravatar.com\\\/avatar\\\/b436473b259d94a44a8959d05b912286bbedadc2f2a5c8bb21659e57eadbcc27?s=96&d=mm&r=g\",\"caption\":\"jpguenard\"},\"url\":\"https:\\\/\\\/regions-snetap-fsu.fr\\\/ge\\\/author\\\/jpguenard\\\/\"}]}<\/script>\n<!-- \/ Yoast SEO plugin. -->","yoast_head_json":{"title":"Participations aux manifs contre la r\u00e9forme de la voie professionnelle dans le Grand Est - GRAND-EST","robots":{"index":"index","follow":"follow","max-snippet":"max-snippet:-1","max-image-preview":"max-image-preview:large","max-video-preview":"max-video-preview:-1"},"canonical":"https:\/\/regions-snetap-fsu.fr\/ge\/2022\/10\/18\/participations-aux-manifs-contre-la-reforme-de-la-voie-professionnelle-dans-le-grand-est\/","og_locale":"fr_FR","og_type":"article","og_title":"Participations aux manifs contre la r\u00e9forme de la voie professionnelle dans le Grand Est - GRAND-EST","og_description":"France 3 du mardi 18 octobre \u00e0 Chaumont \u00e0 Charleville","og_url":"https:\/\/regions-snetap-fsu.fr\/ge\/2022\/10\/18\/participations-aux-manifs-contre-la-reforme-de-la-voie-professionnelle-dans-le-grand-est\/","og_site_name":"GRAND-EST","article_published_time":"2022-10-18T18:39:21+00:00","article_modified_time":"2022-10-18T18:39:41+00:00","og_image":[{"width":2560,"height":1920,"url":"https:\/\/regions-snetap-fsu.fr\/ge\/wp-content\/uploads\/sites\/6\/2022\/10\/IMG_5276-scaled.jpg","type":"image\/jpeg"}],"author":"jpguenard","twitter_card":"summary_large_image","twitter_misc":{"\u00c9crit par":"jpguenard"},"schema":{"@context":"https:\/\/schema.org","@graph":[{"@type":"Article","@id":"https:\/\/regions-snetap-fsu.fr\/ge\/2022\/10\/18\/participations-aux-manifs-contre-la-reforme-de-la-voie-professionnelle-dans-le-grand-est\/#article","isPartOf":{"@id":"https:\/\/regions-snetap-fsu.fr\/ge\/2022\/10\/18\/participations-aux-manifs-contre-la-reforme-de-la-voie-professionnelle-dans-le-grand-est\/"},"author":{"name":"jpguenard","@id":"https:\/\/regions-snetap-fsu.fr\/ge\/#\/schema\/person\/cae10ad71661d0b10a501f393500269d"},"headline":"Participations aux manifs contre la r\u00e9forme de la voie professionnelle dans le Grand Est","datePublished":"2022-10-18T18:39:21+00:00","dateModified":"2022-10-18T18:39:41+00:00","mainEntityOfPage":{"@id":"https:\/\/regions-snetap-fsu.fr\/ge\/2022\/10\/18\/participations-aux-manifs-contre-la-reforme-de-la-voie-professionnelle-dans-le-grand-est\/"},"wordCount":21,"publisher":{"@id":"https:\/\/regions-snetap-fsu.fr\/ge\/#organization"},"image":{"@id":"https:\/\/regions-snetap-fsu.fr\/ge\/2022\/10\/18\/participations-aux-manifs-contre-la-reforme-de-la-voie-professionnelle-dans-le-grand-est\/#primaryimage"},"thumbnailUrl":"https:\/\/regions-snetap-fsu.fr\/ge\/wp-content\/uploads\/sites\/6\/2022\/10\/IMG_5276-300x225.jpg","articleSection":["Actions"],"inLanguage":"fr-FR"},{"@type":"WebPage","@id":"https:\/\/regions-snetap-fsu.fr\/ge\/2022\/10\/18\/participations-aux-manifs-contre-la-reforme-de-la-voie-professionnelle-dans-le-grand-est\/","url":"https:\/\/regions-snetap-fsu.fr\/ge\/2022\/10\/18\/participations-aux-manifs-contre-la-reforme-de-la-voie-professionnelle-dans-le-grand-est\/","name":"Participations aux manifs contre la r\u00e9forme de la voie professionnelle dans le Grand Est - GRAND-EST","isPartOf":{"@id":"https:\/\/regions-snetap-fsu.fr\/ge\/#website"},"primaryImageOfPage":{"@id":"https:\/\/regions-snetap-fsu.fr\/ge\/2022\/10\/18\/participations-aux-manifs-contre-la-reforme-de-la-voie-professionnelle-dans-le-grand-est\/#primaryimage"},"image":{"@id":"https:\/\/regions-snetap-fsu.fr\/ge\/2022\/10\/18\/participations-aux-manifs-contre-la-reforme-de-la-voie-professionnelle-dans-le-grand-est\/#primaryimage"},"thumbnailUrl":"https:\/\/regions-snetap-fsu.fr\/ge\/wp-content\/uploads\/sites\/6\/2022\/10\/IMG_5276-300x225.jpg","datePublished":"2022-10-18T18:39:21+00:00","dateModified":"2022-10-18T18:39:41+00:00","breadcrumb":{"@id":"https:\/\/regions-snetap-fsu.fr\/ge\/2022\/10\/18\/participations-aux-manifs-contre-la-reforme-de-la-voie-professionnelle-dans-le-grand-est\/#breadcrumb"},"inLanguage":"fr-FR","potentialAction":[{"@type":"ReadAction","target":["https:\/\/regions-snetap-fsu.fr\/ge\/2022\/10\/18\/participations-aux-manifs-contre-la-reforme-de-la-voie-professionnelle-dans-le-grand-est\/"]}]},{"@type":"ImageObject","inLanguage":"fr-FR","@id":"https:\/\/regions-snetap-fsu.fr\/ge\/2022\/10\/18\/participations-aux-manifs-contre-la-reforme-de-la-voie-professionnelle-dans-le-grand-est\/#primaryimage","url":"https:\/\/regions-snetap-fsu.fr\/ge\/wp-content\/uploads\/sites\/6\/2022\/10\/IMG_5276-scaled.jpg","contentUrl":"https:\/\/regions-snetap-fsu.fr\/ge\/wp-content\/uploads\/sites\/6\/2022\/10\/IMG_5276-scaled.jpg","width":2560,"height":1920},{"@type":"BreadcrumbList","@id":"https:\/\/regions-snetap-fsu.fr\/ge\/2022\/10\/18\/participations-aux-manifs-contre-la-reforme-de-la-voie-professionnelle-dans-le-grand-est\/#breadcrumb","itemListElement":[{"@type":"ListItem","position":1,"name":"Accueil","item":"https:\/\/regions-snetap-fsu.fr\/ge\/"},{"@type":"ListItem","position":2,"name":"Participations aux manifs contre la r\u00e9forme de la voie professionnelle dans le Grand Est"}]},{"@type":"WebSite","@id":"https:\/\/regions-snetap-fsu.fr\/ge\/#website","url":"https:\/\/regions-snetap-fsu.fr\/ge\/","name":"SNETAP-FSU GRAND-EST","description":"Le blog de la Section R\u00e9gionale","publisher":{"@id":"https:\/\/regions-snetap-fsu.fr\/ge\/#organization"},"potentialAction":[{"@type":"SearchAction","target":{"@type":"EntryPoint","urlTemplate":"https:\/\/regions-snetap-fsu.fr\/ge\/?s={search_term_string}"},"query-input":{"@type":"PropertyValueSpecification","valueRequired":true,"valueName":"search_term_string"}}],"inLanguage":"fr-FR"},{"@type":"Organization","@id":"https:\/\/regions-snetap-fsu.fr\/ge\/#organization","name":"SNETAP-FSU - Grand-Est","url":"https:\/\/regions-snetap-fsu.fr\/ge\/","logo":{"@type":"ImageObject","inLanguage":"fr-FR","@id":"https:\/\/regions-snetap-fsu.fr\/ge\/#\/schema\/logo\/image\/","url":"https:\/\/regions-snetap-fsu.fr\/ge\/wp-content\/uploads\/sites\/6\/2019\/02\/LOGO-Snetap.jpg","contentUrl":"https:\/\/regions-snetap-fsu.fr\/ge\/wp-content\/uploads\/sites\/6\/2019\/02\/LOGO-Snetap.jpg","width":2730,"height":2050,"caption":"SNETAP-FSU - Grand-Est"},"image":{"@id":"https:\/\/regions-snetap-fsu.fr\/ge\/#\/schema\/logo\/image\/"}},{"@type":"Person","@id":"https:\/\/regions-snetap-fsu.fr\/ge\/#\/schema\/person\/cae10ad71661d0b10a501f393500269d","name":"jpguenard","image":{"@type":"ImageObject","inLanguage":"fr-FR","@id":"https:\/\/secure.gravatar.com\/avatar\/b436473b259d94a44a8959d05b912286bbedadc2f2a5c8bb21659e57eadbcc27?s=96&d=mm&r=g","url":"https:\/\/secure.gravatar.com\/avatar\/b436473b259d94a44a8959d05b912286bbedadc2f2a5c8bb21659e57eadbcc27?s=96&d=mm&r=g","contentUrl":"https:\/\/secure.gravatar.com\/avatar\/b436473b259d94a44a8959d05b912286bbedadc2f2a5c8bb21659e57eadbcc27?s=96&d=mm&r=g","caption":"jpguenard"},"url":"https:\/\/regions-snetap-fsu.fr\/ge\/author\/jpguenard\/"}]}},"_links":{"self":[{"href":"https:\/\/regions-snetap-fsu.fr\/ge\/wp-json\/wp\/v2\/posts\/601","targetHints":{"allow":["GET"]}}],"collection":[{"href":"https:\/\/regions-snetap-fsu.fr\/ge\/wp-json\/wp\/v2\/posts"}],"about":[{"href":"https:\/\/regions-snetap-fsu.fr\/ge\/wp-json\/wp\/v2\/types\/post"}],"author":[{"embeddable":true,"href":"https:\/\/regions-snetap-fsu.fr\/ge\/wp-json\/wp\/v2\/users\/111"}],"replies":[{"embeddable":true,"href":"https:\/\/regions-snetap-fsu.fr\/ge\/wp-json\/wp\/v2\/comments?post=601"}],"version-history":[{"count":1,"href":"https:\/\/regions-snetap-fsu.fr\/ge\/wp-json\/wp\/v2\/posts\/601\/revisions"}],"predecessor-version":[{"id":606,"href":"https:\/\/regions-snetap-fsu.fr\/ge\/wp-json\/wp\/v2\/posts\/601\/revisions\/606"}],"wp:attachment":[{"href":"https:\/\/regions-snetap-fsu.fr\/ge\/wp-json\/wp\/v2\/media?parent=601"}],"wp:term":[{"taxonomy":"category","embeddable":true,"href":"https:\/\/regions-snetap-fsu.fr\/ge\/wp-json\/wp\/v2\/categories?post=601"},{"taxonomy":"post_tag","embeddable":true,"href":"https:\/\/regions-snetap-fsu.fr\/ge\/wp-json\/wp\/v2\/tags?post=601"},{"taxonomy":"post_folder","embeddable":true,"href":"https:\/\/regions-snetap-fsu.fr\/ge\/wp-json\/wp\/v2\/post_folder?post=601"}],"curies":[{"name":"wp","href":"https:\/\/api.w.org\/{rel}","templated":true}]}}