{"id":589,"date":"2022-10-17T10:13:52","date_gmt":"2022-10-17T08:13:52","guid":{"rendered":"https:\/\/regions-snetap-fsu.fr\/ge\/?p=589"},"modified":"2022-10-18T00:39:47","modified_gmt":"2022-10-17T22:39:47","slug":"manif-du-18-octobre-reforme-du-bac-pro","status":"publish","type":"post","link":"https:\/\/regions-snetap-fsu.fr\/ge\/2022\/10\/17\/manif-du-18-octobre-reforme-du-bac-pro\/","title":{"rendered":"Manif du 18 octobre : R\u00e9forme du bac pro"},"content":{"rendered":"<h2 class=\"entry-title fusion-post-title fusion-responsive-typography-calculated\" data-fontsize=\"18\" data-lineheight=\"27px\">Mardi 18 octobre 2022 : Mobilisation pour les lyc\u00e9e pro, pour les salaires et pour les droits syndicaux<\/h2>\n<p>Charleville : 13h30 devant le lyc\u00e9e professionnel Charles de Gonzague pour une manifestation\/d\u00e9ambulation jusqu\u2019\u00e0 l\u2019inspection acad\u00e9mique puis la place Ducale. Nous retrouverons sur le chemin du cort\u00e8ge la partie interprofessionnelle port\u00e9 par la CGT, FO et Solidaires pour finir tous ensemble la manifestation.<\/p>\n<p>Chaumont : place de l&rsquo;H\u00f4tel de Ville \u00e0 17h00<\/p>\n<p>Nancy : place Dombasle \u00e0 14h00<\/p>\n<p>Metz : place de la r\u00e9publique \u00e0 14h00<\/p>\n<p>Bar le Duc : place Reggio \u00e0 17h00<\/p>\n<p>Epinal : devant la pr\u00e9fecture \u00e0 16h<\/p>\n<p>Pour Strasbourg : rassemblement \u00e0 11h00<\/p>\n<p>Pour Mulhouse : rassemblement \u00e0 16h00<\/p>\n<p>&nbsp;<\/p>\n<p>Communiqu\u00e9 intersyndical du 13 octobre<\/p>\n<p><img fetchpriority=\"high\" decoding=\"async\" class=\"alignnone wp-image-590\" src=\"https:\/\/regions-snetap-fsu.fr\/ge\/wp-content\/uploads\/sites\/6\/2022\/10\/0001-212x300.jpg\" alt=\"\" width=\"939\" height=\"1329\" srcset=\"https:\/\/regions-snetap-fsu.fr\/ge\/wp-content\/uploads\/sites\/6\/2022\/10\/0001-212x300.jpg 212w, https:\/\/regions-snetap-fsu.fr\/ge\/wp-content\/uploads\/sites\/6\/2022\/10\/0001-723x1024.jpg 723w, https:\/\/regions-snetap-fsu.fr\/ge\/wp-content\/uploads\/sites\/6\/2022\/10\/0001-768x1087.jpg 768w, https:\/\/regions-snetap-fsu.fr\/ge\/wp-content\/uploads\/sites\/6\/2022\/10\/0001-1085x1536.jpg 1085w, https:\/\/regions-snetap-fsu.fr\/ge\/wp-content\/uploads\/sites\/6\/2022\/10\/0001-1447x2048.jpg 1447w, https:\/\/regions-snetap-fsu.fr\/ge\/wp-content\/uploads\/sites\/6\/2022\/10\/0001-scaled.jpg 1809w\" sizes=\"(max-width: 939px) 100vw, 939px\" \/><img decoding=\"async\" class=\"alignnone wp-image-591\" src=\"https:\/\/regions-snetap-fsu.fr\/ge\/wp-content\/uploads\/sites\/6\/2022\/10\/0002-212x300.jpg\" alt=\"\" width=\"940\" height=\"1331\" srcset=\"https:\/\/regions-snetap-fsu.fr\/ge\/wp-content\/uploads\/sites\/6\/2022\/10\/0002-212x300.jpg 212w, https:\/\/regions-snetap-fsu.fr\/ge\/wp-content\/uploads\/sites\/6\/2022\/10\/0002-723x1024.jpg 723w, https:\/\/regions-snetap-fsu.fr\/ge\/wp-content\/uploads\/sites\/6\/2022\/10\/0002-768x1087.jpg 768w, https:\/\/regions-snetap-fsu.fr\/ge\/wp-content\/uploads\/sites\/6\/2022\/10\/0002-1085x1536.jpg 1085w, https:\/\/regions-snetap-fsu.fr\/ge\/wp-content\/uploads\/sites\/6\/2022\/10\/0002-1447x2048.jpg 1447w, https:\/\/regions-snetap-fsu.fr\/ge\/wp-content\/uploads\/sites\/6\/2022\/10\/0002-scaled.jpg 1809w\" sizes=\"(max-width: 940px) 100vw, 940px\" \/><\/p>\n","protected":false},"excerpt":{"rendered":"<p>Mardi 18 octobre 2022 : Mobilisation pour les lyc\u00e9e pro, pour les salaires et pour les droits syndicaux Charleville : 13h30 devant le lyc\u00e9e professionnel Charles de Gonzague pour une manifestation\/d\u00e9ambulation jusqu\u2019\u00e0 l\u2019inspection acad\u00e9mique puis la place Ducale. Nous retrouverons sur le chemin du cort\u00e8ge la partie interprofessionnelle port\u00e9 par la CGT, FO et Solidaires [&hellip;]<\/p>\n","protected":false},"author":111,"featured_media":0,"comment_status":"closed","ping_status":"closed","sticky":false,"template":"","format":"standard","meta":{"ocean_post_layout":"","ocean_both_sidebars_style":"","ocean_both_sidebars_content_width":0,"ocean_both_sidebars_sidebars_width":0,"ocean_sidebar":"","ocean_second_sidebar":"","ocean_disable_margins":"enable","ocean_add_body_class":"","ocean_shortcode_before_top_bar":"","ocean_shortcode_after_top_bar":"","ocean_shortcode_before_header":"","ocean_shortcode_after_header":"","ocean_has_shortcode":"","ocean_shortcode_after_title":"","ocean_shortcode_before_footer_widgets":"","ocean_shortcode_after_footer_widgets":"","ocean_shortcode_before_footer_bottom":"","ocean_shortcode_after_footer_bottom":"","ocean_display_top_bar":"default","ocean_display_header":"default","ocean_header_style":"","ocean_center_header_left_menu":"","ocean_custom_header_template":"","ocean_custom_logo":0,"ocean_custom_retina_logo":0,"ocean_custom_logo_max_width":0,"ocean_custom_logo_tablet_max_width":0,"ocean_custom_logo_mobile_max_width":0,"ocean_custom_logo_max_height":0,"ocean_custom_logo_tablet_max_height":0,"ocean_custom_logo_mobile_max_height":0,"ocean_header_custom_menu":"","ocean_menu_typo_font_family":"","ocean_menu_typo_font_subset":"","ocean_menu_typo_font_size":0,"ocean_menu_typo_font_size_tablet":0,"ocean_menu_typo_font_size_mobile":0,"ocean_menu_typo_font_size_unit":"px","ocean_menu_typo_font_weight":"","ocean_menu_typo_font_weight_tablet":"","ocean_menu_typo_font_weight_mobile":"","ocean_menu_typo_transform":"","ocean_menu_typo_transform_tablet":"","ocean_menu_typo_transform_mobile":"","ocean_menu_typo_line_height":0,"ocean_menu_typo_line_height_tablet":0,"ocean_menu_typo_line_height_mobile":0,"ocean_menu_typo_line_height_unit":"","ocean_menu_typo_spacing":0,"ocean_menu_typo_spacing_tablet":0,"ocean_menu_typo_spacing_mobile":0,"ocean_menu_typo_spacing_unit":"","ocean_menu_link_color":"","ocean_menu_link_color_hover":"","ocean_menu_link_color_active":"","ocean_menu_link_background":"","ocean_menu_link_hover_background":"","ocean_menu_link_active_background":"","ocean_menu_social_links_bg":"","ocean_menu_social_hover_links_bg":"","ocean_menu_social_links_color":"","ocean_menu_social_hover_links_color":"","ocean_disable_title":"default","ocean_disable_heading":"default","ocean_post_title":"","ocean_post_subheading":"","ocean_post_title_style":"","ocean_post_title_background_color":"","ocean_post_title_background":0,"ocean_post_title_bg_image_position":"","ocean_post_title_bg_image_attachment":"","ocean_post_title_bg_image_repeat":"","ocean_post_title_bg_image_size":"","ocean_post_title_height":0,"ocean_post_title_bg_overlay":0.5,"ocean_post_title_bg_overlay_color":"","ocean_disable_breadcrumbs":"default","ocean_breadcrumbs_color":"","ocean_breadcrumbs_separator_color":"","ocean_breadcrumbs_links_color":"","ocean_breadcrumbs_links_hover_color":"","ocean_display_footer_widgets":"default","ocean_display_footer_bottom":"default","ocean_custom_footer_template":"","ocean_post_oembed":"","ocean_post_self_hosted_media":"","ocean_post_video_embed":"","ocean_link_format":"","ocean_link_format_target":"self","ocean_quote_format":"","ocean_quote_format_link":"post","ocean_gallery_link_images":"off","ocean_gallery_id":[590,591],"footnotes":""},"categories":[16],"tags":[],"post_folder":[],"class_list":["post-589","post","type-post","status-publish","format-standard","hentry","category-actions","entry"],"yoast_head":"<!-- This site is optimized with the Yoast SEO plugin v27.4 - https:\/\/yoast.com\/product\/yoast-seo-wordpress\/ -->\n<title>Manif du 18 octobre : R\u00e9forme du bac pro - GRAND-EST<\/title>\n<meta name=\"robots\" content=\"index, follow, max-snippet:-1, max-image-preview:large, max-video-preview:-1\" \/>\n<link rel=\"canonical\" href=\"https:\/\/regions-snetap-fsu.fr\/ge\/2022\/10\/17\/manif-du-18-octobre-reforme-du-bac-pro\/\" \/>\n<meta property=\"og:locale\" content=\"fr_FR\" \/>\n<meta property=\"og:type\" content=\"article\" \/>\n<meta property=\"og:title\" content=\"Manif du 18 octobre : R\u00e9forme du bac pro - GRAND-EST\" \/>\n<meta property=\"og:description\" content=\"Mardi 18 octobre 2022 : Mobilisation pour les lyc\u00e9e pro, pour les salaires et pour les droits syndicaux Charleville : 13h30 devant le lyc\u00e9e professionnel Charles de Gonzague pour une manifestation\/d\u00e9ambulation jusqu\u2019\u00e0 l\u2019inspection acad\u00e9mique puis la place Ducale. Nous retrouverons sur le chemin du cort\u00e8ge la partie interprofessionnelle port\u00e9 par la CGT, FO et Solidaires [&hellip;]\" \/>\n<meta property=\"og:url\" content=\"https:\/\/regions-snetap-fsu.fr\/ge\/2022\/10\/17\/manif-du-18-octobre-reforme-du-bac-pro\/\" \/>\n<meta property=\"og:site_name\" content=\"GRAND-EST\" \/>\n<meta property=\"article:published_time\" content=\"2022-10-17T08:13:52+00:00\" \/>\n<meta property=\"article:modified_time\" content=\"2022-10-17T22:39:47+00:00\" \/>\n<meta property=\"og:image\" content=\"https:\/\/regions-snetap-fsu.fr\/ge\/wp-content\/uploads\/sites\/6\/2022\/10\/0001-scaled.jpg\" \/>\n\t<meta property=\"og:image:width\" content=\"1809\" \/>\n\t<meta property=\"og:image:height\" content=\"2560\" \/>\n\t<meta property=\"og:image:type\" content=\"image\/jpeg\" \/>\n<meta name=\"author\" content=\"jpguenard\" \/>\n<meta name=\"twitter:card\" content=\"summary_large_image\" \/>\n<meta name=\"twitter:label1\" content=\"\u00c9crit par\" \/>\n\t<meta name=\"twitter:data1\" content=\"jpguenard\" \/>\n\t<meta name=\"twitter:label2\" content=\"Dur\u00e9e de lecture estim\u00e9e\" \/>\n\t<meta name=\"twitter:data2\" content=\"1 minute\" \/>\n<script type=\"application\/ld+json\" class=\"yoast-schema-graph\">{\"@context\":\"https:\\\/\\\/schema.org\",\"@graph\":[{\"@type\":\"Article\",\"@id\":\"https:\\\/\\\/regions-snetap-fsu.fr\\\/ge\\\/2022\\\/10\\\/17\\\/manif-du-18-octobre-reforme-du-bac-pro\\\/#article\",\"isPartOf\":{\"@id\":\"https:\\\/\\\/regions-snetap-fsu.fr\\\/ge\\\/2022\\\/10\\\/17\\\/manif-du-18-octobre-reforme-du-bac-pro\\\/\"},\"author\":{\"name\":\"jpguenard\",\"@id\":\"https:\\\/\\\/regions-snetap-fsu.fr\\\/ge\\\/#\\\/schema\\\/person\\\/cae10ad71661d0b10a501f393500269d\"},\"headline\":\"Manif du 18 octobre : R\u00e9forme du bac pro\",\"datePublished\":\"2022-10-17T08:13:52+00:00\",\"dateModified\":\"2022-10-17T22:39:47+00:00\",\"mainEntityOfPage\":{\"@id\":\"https:\\\/\\\/regions-snetap-fsu.fr\\\/ge\\\/2022\\\/10\\\/17\\\/manif-du-18-octobre-reforme-du-bac-pro\\\/\"},\"wordCount\":117,\"publisher\":{\"@id\":\"https:\\\/\\\/regions-snetap-fsu.fr\\\/ge\\\/#organization\"},\"image\":{\"@id\":\"https:\\\/\\\/regions-snetap-fsu.fr\\\/ge\\\/2022\\\/10\\\/17\\\/manif-du-18-octobre-reforme-du-bac-pro\\\/#primaryimage\"},\"thumbnailUrl\":\"https:\\\/\\\/regions-snetap-fsu.fr\\\/ge\\\/wp-content\\\/uploads\\\/sites\\\/6\\\/2022\\\/10\\\/0001-212x300.jpg\",\"articleSection\":[\"Actions\"],\"inLanguage\":\"fr-FR\"},{\"@type\":\"WebPage\",\"@id\":\"https:\\\/\\\/regions-snetap-fsu.fr\\\/ge\\\/2022\\\/10\\\/17\\\/manif-du-18-octobre-reforme-du-bac-pro\\\/\",\"url\":\"https:\\\/\\\/regions-snetap-fsu.fr\\\/ge\\\/2022\\\/10\\\/17\\\/manif-du-18-octobre-reforme-du-bac-pro\\\/\",\"name\":\"Manif du 18 octobre : R\u00e9forme du bac pro - GRAND-EST\",\"isPartOf\":{\"@id\":\"https:\\\/\\\/regions-snetap-fsu.fr\\\/ge\\\/#website\"},\"primaryImageOfPage\":{\"@id\":\"https:\\\/\\\/regions-snetap-fsu.fr\\\/ge\\\/2022\\\/10\\\/17\\\/manif-du-18-octobre-reforme-du-bac-pro\\\/#primaryimage\"},\"image\":{\"@id\":\"https:\\\/\\\/regions-snetap-fsu.fr\\\/ge\\\/2022\\\/10\\\/17\\\/manif-du-18-octobre-reforme-du-bac-pro\\\/#primaryimage\"},\"thumbnailUrl\":\"https:\\\/\\\/regions-snetap-fsu.fr\\\/ge\\\/wp-content\\\/uploads\\\/sites\\\/6\\\/2022\\\/10\\\/0001-212x300.jpg\",\"datePublished\":\"2022-10-17T08:13:52+00:00\",\"dateModified\":\"2022-10-17T22:39:47+00:00\",\"breadcrumb\":{\"@id\":\"https:\\\/\\\/regions-snetap-fsu.fr\\\/ge\\\/2022\\\/10\\\/17\\\/manif-du-18-octobre-reforme-du-bac-pro\\\/#breadcrumb\"},\"inLanguage\":\"fr-FR\",\"potentialAction\":[{\"@type\":\"ReadAction\",\"target\":[\"https:\\\/\\\/regions-snetap-fsu.fr\\\/ge\\\/2022\\\/10\\\/17\\\/manif-du-18-octobre-reforme-du-bac-pro\\\/\"]}]},{\"@type\":\"ImageObject\",\"inLanguage\":\"fr-FR\",\"@id\":\"https:\\\/\\\/regions-snetap-fsu.fr\\\/ge\\\/2022\\\/10\\\/17\\\/manif-du-18-octobre-reforme-du-bac-pro\\\/#primaryimage\",\"url\":\"https:\\\/\\\/regions-snetap-fsu.fr\\\/ge\\\/wp-content\\\/uploads\\\/sites\\\/6\\\/2022\\\/10\\\/0001-scaled.jpg\",\"contentUrl\":\"https:\\\/\\\/regions-snetap-fsu.fr\\\/ge\\\/wp-content\\\/uploads\\\/sites\\\/6\\\/2022\\\/10\\\/0001-scaled.jpg\",\"width\":1809,\"height\":2560},{\"@type\":\"BreadcrumbList\",\"@id\":\"https:\\\/\\\/regions-snetap-fsu.fr\\\/ge\\\/2022\\\/10\\\/17\\\/manif-du-18-octobre-reforme-du-bac-pro\\\/#breadcrumb\",\"itemListElement\":[{\"@type\":\"ListItem\",\"position\":1,\"name\":\"Accueil\",\"item\":\"https:\\\/\\\/regions-snetap-fsu.fr\\\/ge\\\/\"},{\"@type\":\"ListItem\",\"position\":2,\"name\":\"Manif du 18 octobre : R\u00e9forme du bac pro\"}]},{\"@type\":\"WebSite\",\"@id\":\"https:\\\/\\\/regions-snetap-fsu.fr\\\/ge\\\/#website\",\"url\":\"https:\\\/\\\/regions-snetap-fsu.fr\\\/ge\\\/\",\"name\":\"SNETAP-FSU GRAND-EST\",\"description\":\"Le blog de la Section R\u00e9gionale\",\"publisher\":{\"@id\":\"https:\\\/\\\/regions-snetap-fsu.fr\\\/ge\\\/#organization\"},\"potentialAction\":[{\"@type\":\"SearchAction\",\"target\":{\"@type\":\"EntryPoint\",\"urlTemplate\":\"https:\\\/\\\/regions-snetap-fsu.fr\\\/ge\\\/?s={search_term_string}\"},\"query-input\":{\"@type\":\"PropertyValueSpecification\",\"valueRequired\":true,\"valueName\":\"search_term_string\"}}],\"inLanguage\":\"fr-FR\"},{\"@type\":\"Organization\",\"@id\":\"https:\\\/\\\/regions-snetap-fsu.fr\\\/ge\\\/#organization\",\"name\":\"SNETAP-FSU - Grand-Est\",\"url\":\"https:\\\/\\\/regions-snetap-fsu.fr\\\/ge\\\/\",\"logo\":{\"@type\":\"ImageObject\",\"inLanguage\":\"fr-FR\",\"@id\":\"https:\\\/\\\/regions-snetap-fsu.fr\\\/ge\\\/#\\\/schema\\\/logo\\\/image\\\/\",\"url\":\"https:\\\/\\\/regions-snetap-fsu.fr\\\/ge\\\/wp-content\\\/uploads\\\/sites\\\/6\\\/2019\\\/02\\\/LOGO-Snetap.jpg\",\"contentUrl\":\"https:\\\/\\\/regions-snetap-fsu.fr\\\/ge\\\/wp-content\\\/uploads\\\/sites\\\/6\\\/2019\\\/02\\\/LOGO-Snetap.jpg\",\"width\":2730,\"height\":2050,\"caption\":\"SNETAP-FSU - Grand-Est\"},\"image\":{\"@id\":\"https:\\\/\\\/regions-snetap-fsu.fr\\\/ge\\\/#\\\/schema\\\/logo\\\/image\\\/\"}},{\"@type\":\"Person\",\"@id\":\"https:\\\/\\\/regions-snetap-fsu.fr\\\/ge\\\/#\\\/schema\\\/person\\\/cae10ad71661d0b10a501f393500269d\",\"name\":\"jpguenard\",\"image\":{\"@type\":\"ImageObject\",\"inLanguage\":\"fr-FR\",\"@id\":\"https:\\\/\\\/secure.gravatar.com\\\/avatar\\\/b436473b259d94a44a8959d05b912286bbedadc2f2a5c8bb21659e57eadbcc27?s=96&d=mm&r=g\",\"url\":\"https:\\\/\\\/secure.gravatar.com\\\/avatar\\\/b436473b259d94a44a8959d05b912286bbedadc2f2a5c8bb21659e57eadbcc27?s=96&d=mm&r=g\",\"contentUrl\":\"https:\\\/\\\/secure.gravatar.com\\\/avatar\\\/b436473b259d94a44a8959d05b912286bbedadc2f2a5c8bb21659e57eadbcc27?s=96&d=mm&r=g\",\"caption\":\"jpguenard\"},\"url\":\"https:\\\/\\\/regions-snetap-fsu.fr\\\/ge\\\/author\\\/jpguenard\\\/\"}]}<\/script>\n<!-- \/ Yoast SEO plugin. -->","yoast_head_json":{"title":"Manif du 18 octobre : R\u00e9forme du bac pro - GRAND-EST","robots":{"index":"index","follow":"follow","max-snippet":"max-snippet:-1","max-image-preview":"max-image-preview:large","max-video-preview":"max-video-preview:-1"},"canonical":"https:\/\/regions-snetap-fsu.fr\/ge\/2022\/10\/17\/manif-du-18-octobre-reforme-du-bac-pro\/","og_locale":"fr_FR","og_type":"article","og_title":"Manif du 18 octobre : R\u00e9forme du bac pro - GRAND-EST","og_description":"Mardi 18 octobre 2022 : Mobilisation pour les lyc\u00e9e pro, pour les salaires et pour les droits syndicaux Charleville : 13h30 devant le lyc\u00e9e professionnel Charles de Gonzague pour une manifestation\/d\u00e9ambulation jusqu\u2019\u00e0 l\u2019inspection acad\u00e9mique puis la place Ducale. Nous retrouverons sur le chemin du cort\u00e8ge la partie interprofessionnelle port\u00e9 par la CGT, FO et Solidaires [&hellip;]","og_url":"https:\/\/regions-snetap-fsu.fr\/ge\/2022\/10\/17\/manif-du-18-octobre-reforme-du-bac-pro\/","og_site_name":"GRAND-EST","article_published_time":"2022-10-17T08:13:52+00:00","article_modified_time":"2022-10-17T22:39:47+00:00","og_image":[{"width":1809,"height":2560,"url":"https:\/\/regions-snetap-fsu.fr\/ge\/wp-content\/uploads\/sites\/6\/2022\/10\/0001-scaled.jpg","type":"image\/jpeg"}],"author":"jpguenard","twitter_card":"summary_large_image","twitter_misc":{"\u00c9crit par":"jpguenard","Dur\u00e9e de lecture estim\u00e9e":"1 minute"},"schema":{"@context":"https:\/\/schema.org","@graph":[{"@type":"Article","@id":"https:\/\/regions-snetap-fsu.fr\/ge\/2022\/10\/17\/manif-du-18-octobre-reforme-du-bac-pro\/#article","isPartOf":{"@id":"https:\/\/regions-snetap-fsu.fr\/ge\/2022\/10\/17\/manif-du-18-octobre-reforme-du-bac-pro\/"},"author":{"name":"jpguenard","@id":"https:\/\/regions-snetap-fsu.fr\/ge\/#\/schema\/person\/cae10ad71661d0b10a501f393500269d"},"headline":"Manif du 18 octobre : R\u00e9forme du bac pro","datePublished":"2022-10-17T08:13:52+00:00","dateModified":"2022-10-17T22:39:47+00:00","mainEntityOfPage":{"@id":"https:\/\/regions-snetap-fsu.fr\/ge\/2022\/10\/17\/manif-du-18-octobre-reforme-du-bac-pro\/"},"wordCount":117,"publisher":{"@id":"https:\/\/regions-snetap-fsu.fr\/ge\/#organization"},"image":{"@id":"https:\/\/regions-snetap-fsu.fr\/ge\/2022\/10\/17\/manif-du-18-octobre-reforme-du-bac-pro\/#primaryimage"},"thumbnailUrl":"https:\/\/regions-snetap-fsu.fr\/ge\/wp-content\/uploads\/sites\/6\/2022\/10\/0001-212x300.jpg","articleSection":["Actions"],"inLanguage":"fr-FR"},{"@type":"WebPage","@id":"https:\/\/regions-snetap-fsu.fr\/ge\/2022\/10\/17\/manif-du-18-octobre-reforme-du-bac-pro\/","url":"https:\/\/regions-snetap-fsu.fr\/ge\/2022\/10\/17\/manif-du-18-octobre-reforme-du-bac-pro\/","name":"Manif du 18 octobre : R\u00e9forme du bac pro - GRAND-EST","isPartOf":{"@id":"https:\/\/regions-snetap-fsu.fr\/ge\/#website"},"primaryImageOfPage":{"@id":"https:\/\/regions-snetap-fsu.fr\/ge\/2022\/10\/17\/manif-du-18-octobre-reforme-du-bac-pro\/#primaryimage"},"image":{"@id":"https:\/\/regions-snetap-fsu.fr\/ge\/2022\/10\/17\/manif-du-18-octobre-reforme-du-bac-pro\/#primaryimage"},"thumbnailUrl":"https:\/\/regions-snetap-fsu.fr\/ge\/wp-content\/uploads\/sites\/6\/2022\/10\/0001-212x300.jpg","datePublished":"2022-10-17T08:13:52+00:00","dateModified":"2022-10-17T22:39:47+00:00","breadcrumb":{"@id":"https:\/\/regions-snetap-fsu.fr\/ge\/2022\/10\/17\/manif-du-18-octobre-reforme-du-bac-pro\/#breadcrumb"},"inLanguage":"fr-FR","potentialAction":[{"@type":"ReadAction","target":["https:\/\/regions-snetap-fsu.fr\/ge\/2022\/10\/17\/manif-du-18-octobre-reforme-du-bac-pro\/"]}]},{"@type":"ImageObject","inLanguage":"fr-FR","@id":"https:\/\/regions-snetap-fsu.fr\/ge\/2022\/10\/17\/manif-du-18-octobre-reforme-du-bac-pro\/#primaryimage","url":"https:\/\/regions-snetap-fsu.fr\/ge\/wp-content\/uploads\/sites\/6\/2022\/10\/0001-scaled.jpg","contentUrl":"https:\/\/regions-snetap-fsu.fr\/ge\/wp-content\/uploads\/sites\/6\/2022\/10\/0001-scaled.jpg","width":1809,"height":2560},{"@type":"BreadcrumbList","@id":"https:\/\/regions-snetap-fsu.fr\/ge\/2022\/10\/17\/manif-du-18-octobre-reforme-du-bac-pro\/#breadcrumb","itemListElement":[{"@type":"ListItem","position":1,"name":"Accueil","item":"https:\/\/regions-snetap-fsu.fr\/ge\/"},{"@type":"ListItem","position":2,"name":"Manif du 18 octobre : R\u00e9forme du bac pro"}]},{"@type":"WebSite","@id":"https:\/\/regions-snetap-fsu.fr\/ge\/#website","url":"https:\/\/regions-snetap-fsu.fr\/ge\/","name":"SNETAP-FSU GRAND-EST","description":"Le blog de la Section R\u00e9gionale","publisher":{"@id":"https:\/\/regions-snetap-fsu.fr\/ge\/#organization"},"potentialAction":[{"@type":"SearchAction","target":{"@type":"EntryPoint","urlTemplate":"https:\/\/regions-snetap-fsu.fr\/ge\/?s={search_term_string}"},"query-input":{"@type":"PropertyValueSpecification","valueRequired":true,"valueName":"search_term_string"}}],"inLanguage":"fr-FR"},{"@type":"Organization","@id":"https:\/\/regions-snetap-fsu.fr\/ge\/#organization","name":"SNETAP-FSU - Grand-Est","url":"https:\/\/regions-snetap-fsu.fr\/ge\/","logo":{"@type":"ImageObject","inLanguage":"fr-FR","@id":"https:\/\/regions-snetap-fsu.fr\/ge\/#\/schema\/logo\/image\/","url":"https:\/\/regions-snetap-fsu.fr\/ge\/wp-content\/uploads\/sites\/6\/2019\/02\/LOGO-Snetap.jpg","contentUrl":"https:\/\/regions-snetap-fsu.fr\/ge\/wp-content\/uploads\/sites\/6\/2019\/02\/LOGO-Snetap.jpg","width":2730,"height":2050,"caption":"SNETAP-FSU - Grand-Est"},"image":{"@id":"https:\/\/regions-snetap-fsu.fr\/ge\/#\/schema\/logo\/image\/"}},{"@type":"Person","@id":"https:\/\/regions-snetap-fsu.fr\/ge\/#\/schema\/person\/cae10ad71661d0b10a501f393500269d","name":"jpguenard","image":{"@type":"ImageObject","inLanguage":"fr-FR","@id":"https:\/\/secure.gravatar.com\/avatar\/b436473b259d94a44a8959d05b912286bbedadc2f2a5c8bb21659e57eadbcc27?s=96&d=mm&r=g","url":"https:\/\/secure.gravatar.com\/avatar\/b436473b259d94a44a8959d05b912286bbedadc2f2a5c8bb21659e57eadbcc27?s=96&d=mm&r=g","contentUrl":"https:\/\/secure.gravatar.com\/avatar\/b436473b259d94a44a8959d05b912286bbedadc2f2a5c8bb21659e57eadbcc27?s=96&d=mm&r=g","caption":"jpguenard"},"url":"https:\/\/regions-snetap-fsu.fr\/ge\/author\/jpguenard\/"}]}},"_links":{"self":[{"href":"https:\/\/regions-snetap-fsu.fr\/ge\/wp-json\/wp\/v2\/posts\/589","targetHints":{"allow":["GET"]}}],"collection":[{"href":"https:\/\/regions-snetap-fsu.fr\/ge\/wp-json\/wp\/v2\/posts"}],"about":[{"href":"https:\/\/regions-snetap-fsu.fr\/ge\/wp-json\/wp\/v2\/types\/post"}],"author":[{"embeddable":true,"href":"https:\/\/regions-snetap-fsu.fr\/ge\/wp-json\/wp\/v2\/users\/111"}],"replies":[{"embeddable":true,"href":"https:\/\/regions-snetap-fsu.fr\/ge\/wp-json\/wp\/v2\/comments?post=589"}],"version-history":[{"count":9,"href":"https:\/\/regions-snetap-fsu.fr\/ge\/wp-json\/wp\/v2\/posts\/589\/revisions"}],"predecessor-version":[{"id":600,"href":"https:\/\/regions-snetap-fsu.fr\/ge\/wp-json\/wp\/v2\/posts\/589\/revisions\/600"}],"wp:attachment":[{"href":"https:\/\/regions-snetap-fsu.fr\/ge\/wp-json\/wp\/v2\/media?parent=589"}],"wp:term":[{"taxonomy":"category","embeddable":true,"href":"https:\/\/regions-snetap-fsu.fr\/ge\/wp-json\/wp\/v2\/categories?post=589"},{"taxonomy":"post_tag","embeddable":true,"href":"https:\/\/regions-snetap-fsu.fr\/ge\/wp-json\/wp\/v2\/tags?post=589"},{"taxonomy":"post_folder","embeddable":true,"href":"https:\/\/regions-snetap-fsu.fr\/ge\/wp-json\/wp\/v2\/post_folder?post=589"}],"curies":[{"name":"wp","href":"https:\/\/api.w.org\/{rel}","templated":true}]}}