{"id":555,"date":"2022-04-07T10:40:58","date_gmt":"2022-04-07T08:40:58","guid":{"rendered":"https:\/\/regions-snetap-fsu.fr\/ge\/?p=555"},"modified":"2022-04-07T10:40:58","modified_gmt":"2022-04-07T08:40:58","slug":"en-direct-le-congres-regional-grand-est-2","status":"publish","type":"post","link":"https:\/\/regions-snetap-fsu.fr\/ge\/2022\/04\/07\/en-direct-le-congres-regional-grand-est-2\/","title":{"rendered":"En direct, le congr\u00e8s r\u00e9gional Grand Est"},"content":{"rendered":"<p>Aujourd&rsquo;hui se d\u00e9roule le congr\u00e8s r\u00e9gional Grand Est Au LPA de Fayl Billot, en Haute Marne.<\/p>\n<p>Il fait suite \u00e0 la journ\u00e9e du 6 avril, consacr\u00e9e \u00e0 un conseil syndical r\u00e9gional.<\/p>\n<p>22 participants de tout le Grand Est<\/p>\n<p>Quelques photos &#8230;<\/p>\n<figure id=\"attachment_556\" aria-describedby=\"caption-attachment-556\" style=\"width: 225px\" class=\"wp-caption alignnone\"><img fetchpriority=\"high\" decoding=\"async\" class=\"size-medium wp-image-556\" src=\"https:\/\/regions-snetap-fsu.fr\/ge\/wp-content\/uploads\/sites\/6\/2022\/04\/IMG-20220407-WA0000-225x300.jpg\" alt=\"Congr\u00e8s du 7 avril 2022\" width=\"225\" height=\"300\" srcset=\"https:\/\/regions-snetap-fsu.fr\/ge\/wp-content\/uploads\/sites\/6\/2022\/04\/IMG-20220407-WA0000-225x300.jpg 225w, https:\/\/regions-snetap-fsu.fr\/ge\/wp-content\/uploads\/sites\/6\/2022\/04\/IMG-20220407-WA0000-768x1024.jpg 768w, https:\/\/regions-snetap-fsu.fr\/ge\/wp-content\/uploads\/sites\/6\/2022\/04\/IMG-20220407-WA0000-1152x1536.jpg 1152w, https:\/\/regions-snetap-fsu.fr\/ge\/wp-content\/uploads\/sites\/6\/2022\/04\/IMG-20220407-WA0000.jpg 1512w\" sizes=\"(max-width: 225px) 100vw, 225px\" \/><figcaption id=\"caption-attachment-556\" class=\"wp-caption-text\">Congr\u00e8s du 7 avril 2022<\/figcaption><\/figure>\n<figure id=\"attachment_557\" aria-describedby=\"caption-attachment-557\" style=\"width: 225px\" class=\"wp-caption alignnone\"><img decoding=\"async\" class=\"size-medium wp-image-557\" src=\"https:\/\/regions-snetap-fsu.fr\/ge\/wp-content\/uploads\/sites\/6\/2022\/04\/IMG-20220407-WA0001-225x300.jpg\" alt=\"Congr\u00e8s du 7 avril 2022\" width=\"225\" height=\"300\" srcset=\"https:\/\/regions-snetap-fsu.fr\/ge\/wp-content\/uploads\/sites\/6\/2022\/04\/IMG-20220407-WA0001-225x300.jpg 225w, https:\/\/regions-snetap-fsu.fr\/ge\/wp-content\/uploads\/sites\/6\/2022\/04\/IMG-20220407-WA0001-768x1024.jpg 768w, https:\/\/regions-snetap-fsu.fr\/ge\/wp-content\/uploads\/sites\/6\/2022\/04\/IMG-20220407-WA0001-1152x1536.jpg 1152w, https:\/\/regions-snetap-fsu.fr\/ge\/wp-content\/uploads\/sites\/6\/2022\/04\/IMG-20220407-WA0001.jpg 1512w\" sizes=\"(max-width: 225px) 100vw, 225px\" \/><figcaption id=\"caption-attachment-557\" class=\"wp-caption-text\">Congr\u00e8s du 7 avril 2022<\/figcaption><\/figure>\n<figure id=\"attachment_558\" aria-describedby=\"caption-attachment-558\" style=\"width: 225px\" class=\"wp-caption alignnone\"><img decoding=\"async\" class=\"size-medium wp-image-558\" src=\"https:\/\/regions-snetap-fsu.fr\/ge\/wp-content\/uploads\/sites\/6\/2022\/04\/IMG-20220407-WA0004-225x300.jpg\" alt=\"Congr\u00e8s du 7 avril 2022\" width=\"225\" height=\"300\" srcset=\"https:\/\/regions-snetap-fsu.fr\/ge\/wp-content\/uploads\/sites\/6\/2022\/04\/IMG-20220407-WA0004-225x300.jpg 225w, https:\/\/regions-snetap-fsu.fr\/ge\/wp-content\/uploads\/sites\/6\/2022\/04\/IMG-20220407-WA0004-768x1024.jpg 768w, https:\/\/regions-snetap-fsu.fr\/ge\/wp-content\/uploads\/sites\/6\/2022\/04\/IMG-20220407-WA0004-1152x1536.jpg 1152w, https:\/\/regions-snetap-fsu.fr\/ge\/wp-content\/uploads\/sites\/6\/2022\/04\/IMG-20220407-WA0004.jpg 1512w\" sizes=\"(max-width: 225px) 100vw, 225px\" \/><figcaption id=\"caption-attachment-558\" class=\"wp-caption-text\">Congr\u00e8s du 7 avril 2022<\/figcaption><\/figure>\n<p>&#8230;et le rapport d&rsquo;activit\u00e9 du bureau r\u00e9gional<\/p>\n\n\t\t<div class=\"wppdfemb-frame-container-1\" style=\"-webkit-overflow-scrolling:auto;\">\n\t\t\t<iframe class=\"pdfembed-iframe nonfullscreen wppdf-emb-iframe-1\"\n\t\t\t\tsrc=\"https:\/\/regions-snetap-fsu.fr\/ge\/?pdfemb-data=eyJ1cmwiOiJodHRwczpcL1wvcmVnaW9ucy1zbmV0YXAtZnN1LmZyXC9nZVwvd3AtY29udGVudFwvdXBsb2Fkc1wvc2l0ZXNcLzZcLzIwMjJcLzAzXC9SYXBwb3J0LWRhY3Rpdml0ZS1jb25ncmVzLTctYXZyaWwtMjAyMi5wZGYiLCJ0aXRsZSI6IlJhcHBvcnQgZCdhY3Rpdml0XHUwMGU5IC0gY29uZ3JcdTAwZThzIDcgYXZyaWwgMjAyMiIsImluZGV4IjoxLCJwZGZJRCI6NTQzfQ\"\n\t\t\t\ttitle=\"Rapport d&#039;activit\u00e9 - congr\u00e8s 7 avril 2022\"\t\t\t\tdata-pdf-id=\"543\"\n\t\t\t\tdata-pdf-index=\"1\"\n\t\t\t\tstyle=\"border:none;width:100%;max-width:100%;height:100vh;\"\n\t\t\t\tscrolling=\"yes\">\n\t\t\t<\/iframe>\n\t\t<\/div>\n\n\t\t\n<p>&nbsp;<\/p>\n<p>&nbsp;<\/p>\n","protected":false},"excerpt":{"rendered":"<p>Aujourd&rsquo;hui se d\u00e9roule le congr\u00e8s r\u00e9gional Grand Est Au LPA de Fayl Billot, en Haute Marne. Il fait suite \u00e0 la journ\u00e9e du 6 avril, consacr\u00e9e \u00e0 un conseil syndical r\u00e9gional. 22 participants de tout le Grand Est Quelques photos &#8230; &#8230;et le rapport d&rsquo;activit\u00e9 du bureau r\u00e9gional &nbsp; &nbsp;<\/p>\n","protected":false},"author":101,"featured_media":557,"comment_status":"closed","ping_status":"closed","sticky":false,"template":"","format":"standard","meta":{"ocean_post_layout":"","ocean_both_sidebars_style":"","ocean_both_sidebars_content_width":0,"ocean_both_sidebars_sidebars_width":0,"ocean_sidebar":"0","ocean_second_sidebar":"0","ocean_disable_margins":"enable","ocean_add_body_class":"","ocean_shortcode_before_top_bar":"","ocean_shortcode_after_top_bar":"","ocean_shortcode_before_header":"","ocean_shortcode_after_header":"","ocean_has_shortcode":"","ocean_shortcode_after_title":"","ocean_shortcode_before_footer_widgets":"","ocean_shortcode_after_footer_widgets":"","ocean_shortcode_before_footer_bottom":"","ocean_shortcode_after_footer_bottom":"","ocean_display_top_bar":"default","ocean_display_header":"default","ocean_header_style":"","ocean_center_header_left_menu":"0","ocean_custom_header_template":"0","ocean_custom_logo":0,"ocean_custom_retina_logo":0,"ocean_custom_logo_max_width":0,"ocean_custom_logo_tablet_max_width":0,"ocean_custom_logo_mobile_max_width":0,"ocean_custom_logo_max_height":0,"ocean_custom_logo_tablet_max_height":0,"ocean_custom_logo_mobile_max_height":0,"ocean_header_custom_menu":"0","ocean_menu_typo_font_family":"0","ocean_menu_typo_font_subset":"","ocean_menu_typo_font_size":0,"ocean_menu_typo_font_size_tablet":0,"ocean_menu_typo_font_size_mobile":0,"ocean_menu_typo_font_size_unit":"px","ocean_menu_typo_font_weight":"","ocean_menu_typo_font_weight_tablet":"","ocean_menu_typo_font_weight_mobile":"","ocean_menu_typo_transform":"","ocean_menu_typo_transform_tablet":"","ocean_menu_typo_transform_mobile":"","ocean_menu_typo_line_height":0,"ocean_menu_typo_line_height_tablet":0,"ocean_menu_typo_line_height_mobile":0,"ocean_menu_typo_line_height_unit":"","ocean_menu_typo_spacing":0,"ocean_menu_typo_spacing_tablet":0,"ocean_menu_typo_spacing_mobile":0,"ocean_menu_typo_spacing_unit":"","ocean_menu_link_color":"","ocean_menu_link_color_hover":"","ocean_menu_link_color_active":"","ocean_menu_link_background":"","ocean_menu_link_hover_background":"","ocean_menu_link_active_background":"","ocean_menu_social_links_bg":"","ocean_menu_social_hover_links_bg":"","ocean_menu_social_links_color":"","ocean_menu_social_hover_links_color":"","ocean_disable_title":"default","ocean_disable_heading":"default","ocean_post_title":"","ocean_post_subheading":"","ocean_post_title_style":"","ocean_post_title_background_color":"","ocean_post_title_background":0,"ocean_post_title_bg_image_position":"","ocean_post_title_bg_image_attachment":"","ocean_post_title_bg_image_repeat":"","ocean_post_title_bg_image_size":"","ocean_post_title_height":0,"ocean_post_title_bg_overlay":0.5,"ocean_post_title_bg_overlay_color":"","ocean_disable_breadcrumbs":"default","ocean_breadcrumbs_color":"","ocean_breadcrumbs_separator_color":"","ocean_breadcrumbs_links_color":"","ocean_breadcrumbs_links_hover_color":"","ocean_display_footer_widgets":"default","ocean_display_footer_bottom":"default","ocean_custom_footer_template":"0","ocean_post_oembed":"","ocean_post_self_hosted_media":"","ocean_post_video_embed":"","ocean_link_format":"","ocean_link_format_target":"self","ocean_quote_format":"","ocean_quote_format_link":"post","ocean_gallery_link_images":"off","ocean_gallery_id":[],"footnotes":""},"categories":[5,6,7],"tags":[],"post_folder":[],"class_list":["post-555","post","type-post","status-publish","format-standard","has-post-thumbnail","hentry","category-alsace","category-champagne-ardenne","category-lorraine","entry","has-media"],"yoast_head":"<!-- This site is optimized with the Yoast SEO plugin v27.4 - https:\/\/yoast.com\/product\/yoast-seo-wordpress\/ -->\n<title>En direct, le congr\u00e8s r\u00e9gional Grand Est - GRAND-EST<\/title>\n<meta name=\"robots\" content=\"index, follow, max-snippet:-1, max-image-preview:large, max-video-preview:-1\" \/>\n<link rel=\"canonical\" href=\"https:\/\/regions-snetap-fsu.fr\/ge\/2022\/04\/07\/en-direct-le-congres-regional-grand-est-2\/\" \/>\n<meta property=\"og:locale\" content=\"fr_FR\" \/>\n<meta property=\"og:type\" content=\"article\" \/>\n<meta property=\"og:title\" content=\"En direct, le congr\u00e8s r\u00e9gional Grand Est - GRAND-EST\" \/>\n<meta property=\"og:description\" content=\"Aujourd&rsquo;hui se d\u00e9roule le congr\u00e8s r\u00e9gional Grand Est Au LPA de Fayl Billot, en Haute Marne. Il fait suite \u00e0 la journ\u00e9e du 6 avril, consacr\u00e9e \u00e0 un conseil syndical r\u00e9gional. 22 participants de tout le Grand Est Quelques photos &#8230; &#8230;et le rapport d&rsquo;activit\u00e9 du bureau r\u00e9gional &nbsp; &nbsp;\" \/>\n<meta property=\"og:url\" content=\"https:\/\/regions-snetap-fsu.fr\/ge\/2022\/04\/07\/en-direct-le-congres-regional-grand-est-2\/\" \/>\n<meta property=\"og:site_name\" content=\"GRAND-EST\" \/>\n<meta property=\"article:published_time\" content=\"2022-04-07T08:40:58+00:00\" \/>\n<meta name=\"author\" content=\"cvercruysse\" \/>\n<meta name=\"twitter:card\" content=\"summary_large_image\" \/>\n<meta name=\"twitter:label1\" content=\"\u00c9crit par\" \/>\n\t<meta name=\"twitter:data1\" content=\"cvercruysse\" \/>\n\t<meta name=\"twitter:label2\" content=\"Dur\u00e9e de lecture estim\u00e9e\" \/>\n\t<meta name=\"twitter:data2\" content=\"1 minute\" \/>\n<script type=\"application\/ld+json\" class=\"yoast-schema-graph\">{\"@context\":\"https:\\\/\\\/schema.org\",\"@graph\":[{\"@type\":\"Article\",\"@id\":\"https:\\\/\\\/regions-snetap-fsu.fr\\\/ge\\\/2022\\\/04\\\/07\\\/en-direct-le-congres-regional-grand-est-2\\\/#article\",\"isPartOf\":{\"@id\":\"https:\\\/\\\/regions-snetap-fsu.fr\\\/ge\\\/2022\\\/04\\\/07\\\/en-direct-le-congres-regional-grand-est-2\\\/\"},\"author\":{\"name\":\"cvercruysse\",\"@id\":\"https:\\\/\\\/regions-snetap-fsu.fr\\\/ge\\\/#\\\/schema\\\/person\\\/d8221613597e0d6b3e39e086cde2d7af\"},\"headline\":\"En direct, le congr\u00e8s r\u00e9gional Grand Est\",\"datePublished\":\"2022-04-07T08:40:58+00:00\",\"mainEntityOfPage\":{\"@id\":\"https:\\\/\\\/regions-snetap-fsu.fr\\\/ge\\\/2022\\\/04\\\/07\\\/en-direct-le-congres-regional-grand-est-2\\\/\"},\"wordCount\":116,\"publisher\":{\"@id\":\"https:\\\/\\\/regions-snetap-fsu.fr\\\/ge\\\/#organization\"},\"image\":{\"@id\":\"https:\\\/\\\/regions-snetap-fsu.fr\\\/ge\\\/2022\\\/04\\\/07\\\/en-direct-le-congres-regional-grand-est-2\\\/#primaryimage\"},\"thumbnailUrl\":\"https:\\\/\\\/regions-snetap-fsu.fr\\\/ge\\\/wp-content\\\/uploads\\\/sites\\\/6\\\/2022\\\/04\\\/IMG-20220407-WA0001.jpg\",\"articleSection\":[\"Alsace\",\"Champagne-Ardenne\",\"Lorraine\"],\"inLanguage\":\"fr-FR\"},{\"@type\":\"WebPage\",\"@id\":\"https:\\\/\\\/regions-snetap-fsu.fr\\\/ge\\\/2022\\\/04\\\/07\\\/en-direct-le-congres-regional-grand-est-2\\\/\",\"url\":\"https:\\\/\\\/regions-snetap-fsu.fr\\\/ge\\\/2022\\\/04\\\/07\\\/en-direct-le-congres-regional-grand-est-2\\\/\",\"name\":\"En direct, le congr\u00e8s r\u00e9gional Grand Est - GRAND-EST\",\"isPartOf\":{\"@id\":\"https:\\\/\\\/regions-snetap-fsu.fr\\\/ge\\\/#website\"},\"primaryImageOfPage\":{\"@id\":\"https:\\\/\\\/regions-snetap-fsu.fr\\\/ge\\\/2022\\\/04\\\/07\\\/en-direct-le-congres-regional-grand-est-2\\\/#primaryimage\"},\"image\":{\"@id\":\"https:\\\/\\\/regions-snetap-fsu.fr\\\/ge\\\/2022\\\/04\\\/07\\\/en-direct-le-congres-regional-grand-est-2\\\/#primaryimage\"},\"thumbnailUrl\":\"https:\\\/\\\/regions-snetap-fsu.fr\\\/ge\\\/wp-content\\\/uploads\\\/sites\\\/6\\\/2022\\\/04\\\/IMG-20220407-WA0001.jpg\",\"datePublished\":\"2022-04-07T08:40:58+00:00\",\"breadcrumb\":{\"@id\":\"https:\\\/\\\/regions-snetap-fsu.fr\\\/ge\\\/2022\\\/04\\\/07\\\/en-direct-le-congres-regional-grand-est-2\\\/#breadcrumb\"},\"inLanguage\":\"fr-FR\",\"potentialAction\":[{\"@type\":\"ReadAction\",\"target\":[\"https:\\\/\\\/regions-snetap-fsu.fr\\\/ge\\\/2022\\\/04\\\/07\\\/en-direct-le-congres-regional-grand-est-2\\\/\"]}]},{\"@type\":\"ImageObject\",\"inLanguage\":\"fr-FR\",\"@id\":\"https:\\\/\\\/regions-snetap-fsu.fr\\\/ge\\\/2022\\\/04\\\/07\\\/en-direct-le-congres-regional-grand-est-2\\\/#primaryimage\",\"url\":\"https:\\\/\\\/regions-snetap-fsu.fr\\\/ge\\\/wp-content\\\/uploads\\\/sites\\\/6\\\/2022\\\/04\\\/IMG-20220407-WA0001.jpg\",\"contentUrl\":\"https:\\\/\\\/regions-snetap-fsu.fr\\\/ge\\\/wp-content\\\/uploads\\\/sites\\\/6\\\/2022\\\/04\\\/IMG-20220407-WA0001.jpg\",\"width\":1512,\"height\":2016,\"caption\":\"Congr\u00e8s du 7 avril 2022\"},{\"@type\":\"BreadcrumbList\",\"@id\":\"https:\\\/\\\/regions-snetap-fsu.fr\\\/ge\\\/2022\\\/04\\\/07\\\/en-direct-le-congres-regional-grand-est-2\\\/#breadcrumb\",\"itemListElement\":[{\"@type\":\"ListItem\",\"position\":1,\"name\":\"Accueil\",\"item\":\"https:\\\/\\\/regions-snetap-fsu.fr\\\/ge\\\/\"},{\"@type\":\"ListItem\",\"position\":2,\"name\":\"En direct, le congr\u00e8s r\u00e9gional Grand Est\"}]},{\"@type\":\"WebSite\",\"@id\":\"https:\\\/\\\/regions-snetap-fsu.fr\\\/ge\\\/#website\",\"url\":\"https:\\\/\\\/regions-snetap-fsu.fr\\\/ge\\\/\",\"name\":\"SNETAP-FSU GRAND-EST\",\"description\":\"Le blog de la Section R\u00e9gionale\",\"publisher\":{\"@id\":\"https:\\\/\\\/regions-snetap-fsu.fr\\\/ge\\\/#organization\"},\"potentialAction\":[{\"@type\":\"SearchAction\",\"target\":{\"@type\":\"EntryPoint\",\"urlTemplate\":\"https:\\\/\\\/regions-snetap-fsu.fr\\\/ge\\\/?s={search_term_string}\"},\"query-input\":{\"@type\":\"PropertyValueSpecification\",\"valueRequired\":true,\"valueName\":\"search_term_string\"}}],\"inLanguage\":\"fr-FR\"},{\"@type\":\"Organization\",\"@id\":\"https:\\\/\\\/regions-snetap-fsu.fr\\\/ge\\\/#organization\",\"name\":\"SNETAP-FSU - Grand-Est\",\"url\":\"https:\\\/\\\/regions-snetap-fsu.fr\\\/ge\\\/\",\"logo\":{\"@type\":\"ImageObject\",\"inLanguage\":\"fr-FR\",\"@id\":\"https:\\\/\\\/regions-snetap-fsu.fr\\\/ge\\\/#\\\/schema\\\/logo\\\/image\\\/\",\"url\":\"https:\\\/\\\/regions-snetap-fsu.fr\\\/ge\\\/wp-content\\\/uploads\\\/sites\\\/6\\\/2019\\\/02\\\/LOGO-Snetap.jpg\",\"contentUrl\":\"https:\\\/\\\/regions-snetap-fsu.fr\\\/ge\\\/wp-content\\\/uploads\\\/sites\\\/6\\\/2019\\\/02\\\/LOGO-Snetap.jpg\",\"width\":2730,\"height\":2050,\"caption\":\"SNETAP-FSU - Grand-Est\"},\"image\":{\"@id\":\"https:\\\/\\\/regions-snetap-fsu.fr\\\/ge\\\/#\\\/schema\\\/logo\\\/image\\\/\"}},{\"@type\":\"Person\",\"@id\":\"https:\\\/\\\/regions-snetap-fsu.fr\\\/ge\\\/#\\\/schema\\\/person\\\/d8221613597e0d6b3e39e086cde2d7af\",\"name\":\"cvercruysse\",\"image\":{\"@type\":\"ImageObject\",\"inLanguage\":\"fr-FR\",\"@id\":\"https:\\\/\\\/secure.gravatar.com\\\/avatar\\\/25c5d5f624e0f65d405b30be1e908497e29c3ae3edc71eb12044d8e5bddef1eb?s=96&d=mm&r=g\",\"url\":\"https:\\\/\\\/secure.gravatar.com\\\/avatar\\\/25c5d5f624e0f65d405b30be1e908497e29c3ae3edc71eb12044d8e5bddef1eb?s=96&d=mm&r=g\",\"contentUrl\":\"https:\\\/\\\/secure.gravatar.com\\\/avatar\\\/25c5d5f624e0f65d405b30be1e908497e29c3ae3edc71eb12044d8e5bddef1eb?s=96&d=mm&r=g\",\"caption\":\"cvercruysse\"},\"url\":\"https:\\\/\\\/regions-snetap-fsu.fr\\\/ge\\\/author\\\/cvercruysse\\\/\"}]}<\/script>\n<!-- \/ Yoast SEO plugin. -->","yoast_head_json":{"title":"En direct, le congr\u00e8s r\u00e9gional Grand Est - GRAND-EST","robots":{"index":"index","follow":"follow","max-snippet":"max-snippet:-1","max-image-preview":"max-image-preview:large","max-video-preview":"max-video-preview:-1"},"canonical":"https:\/\/regions-snetap-fsu.fr\/ge\/2022\/04\/07\/en-direct-le-congres-regional-grand-est-2\/","og_locale":"fr_FR","og_type":"article","og_title":"En direct, le congr\u00e8s r\u00e9gional Grand Est - GRAND-EST","og_description":"Aujourd&rsquo;hui se d\u00e9roule le congr\u00e8s r\u00e9gional Grand Est Au LPA de Fayl Billot, en Haute Marne. Il fait suite \u00e0 la journ\u00e9e du 6 avril, consacr\u00e9e \u00e0 un conseil syndical r\u00e9gional. 22 participants de tout le Grand Est Quelques photos &#8230; &#8230;et le rapport d&rsquo;activit\u00e9 du bureau r\u00e9gional &nbsp; &nbsp;","og_url":"https:\/\/regions-snetap-fsu.fr\/ge\/2022\/04\/07\/en-direct-le-congres-regional-grand-est-2\/","og_site_name":"GRAND-EST","article_published_time":"2022-04-07T08:40:58+00:00","author":"cvercruysse","twitter_card":"summary_large_image","twitter_misc":{"\u00c9crit par":"cvercruysse","Dur\u00e9e de lecture estim\u00e9e":"1 minute"},"schema":{"@context":"https:\/\/schema.org","@graph":[{"@type":"Article","@id":"https:\/\/regions-snetap-fsu.fr\/ge\/2022\/04\/07\/en-direct-le-congres-regional-grand-est-2\/#article","isPartOf":{"@id":"https:\/\/regions-snetap-fsu.fr\/ge\/2022\/04\/07\/en-direct-le-congres-regional-grand-est-2\/"},"author":{"name":"cvercruysse","@id":"https:\/\/regions-snetap-fsu.fr\/ge\/#\/schema\/person\/d8221613597e0d6b3e39e086cde2d7af"},"headline":"En direct, le congr\u00e8s r\u00e9gional Grand Est","datePublished":"2022-04-07T08:40:58+00:00","mainEntityOfPage":{"@id":"https:\/\/regions-snetap-fsu.fr\/ge\/2022\/04\/07\/en-direct-le-congres-regional-grand-est-2\/"},"wordCount":116,"publisher":{"@id":"https:\/\/regions-snetap-fsu.fr\/ge\/#organization"},"image":{"@id":"https:\/\/regions-snetap-fsu.fr\/ge\/2022\/04\/07\/en-direct-le-congres-regional-grand-est-2\/#primaryimage"},"thumbnailUrl":"https:\/\/regions-snetap-fsu.fr\/ge\/wp-content\/uploads\/sites\/6\/2022\/04\/IMG-20220407-WA0001.jpg","articleSection":["Alsace","Champagne-Ardenne","Lorraine"],"inLanguage":"fr-FR"},{"@type":"WebPage","@id":"https:\/\/regions-snetap-fsu.fr\/ge\/2022\/04\/07\/en-direct-le-congres-regional-grand-est-2\/","url":"https:\/\/regions-snetap-fsu.fr\/ge\/2022\/04\/07\/en-direct-le-congres-regional-grand-est-2\/","name":"En direct, le congr\u00e8s r\u00e9gional Grand Est - GRAND-EST","isPartOf":{"@id":"https:\/\/regions-snetap-fsu.fr\/ge\/#website"},"primaryImageOfPage":{"@id":"https:\/\/regions-snetap-fsu.fr\/ge\/2022\/04\/07\/en-direct-le-congres-regional-grand-est-2\/#primaryimage"},"image":{"@id":"https:\/\/regions-snetap-fsu.fr\/ge\/2022\/04\/07\/en-direct-le-congres-regional-grand-est-2\/#primaryimage"},"thumbnailUrl":"https:\/\/regions-snetap-fsu.fr\/ge\/wp-content\/uploads\/sites\/6\/2022\/04\/IMG-20220407-WA0001.jpg","datePublished":"2022-04-07T08:40:58+00:00","breadcrumb":{"@id":"https:\/\/regions-snetap-fsu.fr\/ge\/2022\/04\/07\/en-direct-le-congres-regional-grand-est-2\/#breadcrumb"},"inLanguage":"fr-FR","potentialAction":[{"@type":"ReadAction","target":["https:\/\/regions-snetap-fsu.fr\/ge\/2022\/04\/07\/en-direct-le-congres-regional-grand-est-2\/"]}]},{"@type":"ImageObject","inLanguage":"fr-FR","@id":"https:\/\/regions-snetap-fsu.fr\/ge\/2022\/04\/07\/en-direct-le-congres-regional-grand-est-2\/#primaryimage","url":"https:\/\/regions-snetap-fsu.fr\/ge\/wp-content\/uploads\/sites\/6\/2022\/04\/IMG-20220407-WA0001.jpg","contentUrl":"https:\/\/regions-snetap-fsu.fr\/ge\/wp-content\/uploads\/sites\/6\/2022\/04\/IMG-20220407-WA0001.jpg","width":1512,"height":2016,"caption":"Congr\u00e8s du 7 avril 2022"},{"@type":"BreadcrumbList","@id":"https:\/\/regions-snetap-fsu.fr\/ge\/2022\/04\/07\/en-direct-le-congres-regional-grand-est-2\/#breadcrumb","itemListElement":[{"@type":"ListItem","position":1,"name":"Accueil","item":"https:\/\/regions-snetap-fsu.fr\/ge\/"},{"@type":"ListItem","position":2,"name":"En direct, le congr\u00e8s r\u00e9gional Grand Est"}]},{"@type":"WebSite","@id":"https:\/\/regions-snetap-fsu.fr\/ge\/#website","url":"https:\/\/regions-snetap-fsu.fr\/ge\/","name":"SNETAP-FSU GRAND-EST","description":"Le blog de la Section R\u00e9gionale","publisher":{"@id":"https:\/\/regions-snetap-fsu.fr\/ge\/#organization"},"potentialAction":[{"@type":"SearchAction","target":{"@type":"EntryPoint","urlTemplate":"https:\/\/regions-snetap-fsu.fr\/ge\/?s={search_term_string}"},"query-input":{"@type":"PropertyValueSpecification","valueRequired":true,"valueName":"search_term_string"}}],"inLanguage":"fr-FR"},{"@type":"Organization","@id":"https:\/\/regions-snetap-fsu.fr\/ge\/#organization","name":"SNETAP-FSU - Grand-Est","url":"https:\/\/regions-snetap-fsu.fr\/ge\/","logo":{"@type":"ImageObject","inLanguage":"fr-FR","@id":"https:\/\/regions-snetap-fsu.fr\/ge\/#\/schema\/logo\/image\/","url":"https:\/\/regions-snetap-fsu.fr\/ge\/wp-content\/uploads\/sites\/6\/2019\/02\/LOGO-Snetap.jpg","contentUrl":"https:\/\/regions-snetap-fsu.fr\/ge\/wp-content\/uploads\/sites\/6\/2019\/02\/LOGO-Snetap.jpg","width":2730,"height":2050,"caption":"SNETAP-FSU - Grand-Est"},"image":{"@id":"https:\/\/regions-snetap-fsu.fr\/ge\/#\/schema\/logo\/image\/"}},{"@type":"Person","@id":"https:\/\/regions-snetap-fsu.fr\/ge\/#\/schema\/person\/d8221613597e0d6b3e39e086cde2d7af","name":"cvercruysse","image":{"@type":"ImageObject","inLanguage":"fr-FR","@id":"https:\/\/secure.gravatar.com\/avatar\/25c5d5f624e0f65d405b30be1e908497e29c3ae3edc71eb12044d8e5bddef1eb?s=96&d=mm&r=g","url":"https:\/\/secure.gravatar.com\/avatar\/25c5d5f624e0f65d405b30be1e908497e29c3ae3edc71eb12044d8e5bddef1eb?s=96&d=mm&r=g","contentUrl":"https:\/\/secure.gravatar.com\/avatar\/25c5d5f624e0f65d405b30be1e908497e29c3ae3edc71eb12044d8e5bddef1eb?s=96&d=mm&r=g","caption":"cvercruysse"},"url":"https:\/\/regions-snetap-fsu.fr\/ge\/author\/cvercruysse\/"}]}},"_links":{"self":[{"href":"https:\/\/regions-snetap-fsu.fr\/ge\/wp-json\/wp\/v2\/posts\/555","targetHints":{"allow":["GET"]}}],"collection":[{"href":"https:\/\/regions-snetap-fsu.fr\/ge\/wp-json\/wp\/v2\/posts"}],"about":[{"href":"https:\/\/regions-snetap-fsu.fr\/ge\/wp-json\/wp\/v2\/types\/post"}],"author":[{"embeddable":true,"href":"https:\/\/regions-snetap-fsu.fr\/ge\/wp-json\/wp\/v2\/users\/101"}],"replies":[{"embeddable":true,"href":"https:\/\/regions-snetap-fsu.fr\/ge\/wp-json\/wp\/v2\/comments?post=555"}],"version-history":[{"count":1,"href":"https:\/\/regions-snetap-fsu.fr\/ge\/wp-json\/wp\/v2\/posts\/555\/revisions"}],"predecessor-version":[{"id":559,"href":"https:\/\/regions-snetap-fsu.fr\/ge\/wp-json\/wp\/v2\/posts\/555\/revisions\/559"}],"wp:featuredmedia":[{"embeddable":true,"href":"https:\/\/regions-snetap-fsu.fr\/ge\/wp-json\/wp\/v2\/media\/557"}],"wp:attachment":[{"href":"https:\/\/regions-snetap-fsu.fr\/ge\/wp-json\/wp\/v2\/media?parent=555"}],"wp:term":[{"taxonomy":"category","embeddable":true,"href":"https:\/\/regions-snetap-fsu.fr\/ge\/wp-json\/wp\/v2\/categories?post=555"},{"taxonomy":"post_tag","embeddable":true,"href":"https:\/\/regions-snetap-fsu.fr\/ge\/wp-json\/wp\/v2\/tags?post=555"},{"taxonomy":"post_folder","embeddable":true,"href":"https:\/\/regions-snetap-fsu.fr\/ge\/wp-json\/wp\/v2\/post_folder?post=555"}],"curies":[{"name":"wp","href":"https:\/\/api.w.org\/{rel}","templated":true}]}}