{"id":550,"date":"2021-05-21T10:19:14","date_gmt":"2021-05-21T08:19:14","guid":{"rendered":"https:\/\/regions-snetap-fsu.fr\/ge\/?p=550"},"modified":"2022-04-06T10:20:11","modified_gmt":"2022-04-06T08:20:11","slug":"visite-de-chef-du-srfd-de-la-directrice-de-la-draaf-et-du-prefet-de-la-haute-marne-a-fayl-billot","status":"publish","type":"post","link":"https:\/\/regions-snetap-fsu.fr\/ge\/2021\/05\/21\/visite-de-chef-du-srfd-de-la-directrice-de-la-draaf-et-du-prefet-de-la-haute-marne-a-fayl-billot\/","title":{"rendered":"Visite de chef du SRFD, de la directrice de la DRAAF et du Pr\u00e9fet de la Haute-Marne \u00e0 Fayl-Billot"},"content":{"rendered":"<p>Le mardi 11 mai 2021, le pr\u00e9fet de Haute-Marne M. Joseph Zimet, les repr\u00e9sentants de la DRAAF Grand-Est avec sa directrice Mme Bossy, du SRFD Grand-Est avec son chef de service Mr B\u00e9jot, le maire de Fayl-Billot ont visit\u00e9 l\u2019exploitation de l\u2019ENOV dans le cadre du projet \u00ab Exploitation 2030 \u00bb.<\/p>\n<p>Ce rendez-vous a permis de pr\u00e9senter le lyc\u00e9e, les diff\u00e9rentes \u00e9quipes du personnel, les formations et projets en cours.<\/p>\n<p>A la demande des repr\u00e9sentants du SNETAP-FSU et des personnels un entretien a eu lieu avec M. B\u00e9jot, chef du SRFD GE pour faire le point sur l\u2019avanc\u00e9e du projet d\u2019\u00e9tablissement et pour pr\u00e9senter les diff\u00e9rents projets et actions men\u00e9s par l\u2019\u00e9quipe p\u00e9dagogique dont \u00ab Biodivexp\u00e9 \u00bb.<br \/>\nLes personnels ont tenu \u00e0 d\u00e9montrer la dynamique initi\u00e9e pour faire conna\u00eetre l\u2019\u00e9tablissement sur le territoire et pour le rendre plus attractif.<br \/>\nM. B\u00e9jot s\u2019est tenu \u00e0 l\u2019\u00e9coute des personnels, a r\u00e9pondu aux divers questionnements.<\/p>\n<p>Un travail cons\u00e9quent attend donc les personnels afin d\u2019anticiper au mieux les interventions aux diff\u00e9rentes instances.<\/p>\n<p>Florence RIANDEE<\/p>\n<p>Secr\u00e9taire de la section SNETAP-FSU et repr\u00e9sentante du personnel de Fayl-Billot<\/p>\n","protected":false},"excerpt":{"rendered":"<p>Le mardi 11 mai 2021, le pr\u00e9fet de Haute-Marne M. Joseph Zimet, les repr\u00e9sentants de la DRAAF Grand-Est avec sa directrice Mme Bossy, du SRFD Grand-Est avec son chef de service Mr B\u00e9jot, le maire de Fayl-Billot ont visit\u00e9 l\u2019exploitation de l\u2019ENOV dans le cadre du projet \u00ab Exploitation 2030 \u00bb. Ce rendez-vous a permis [&hellip;]<\/p>\n","protected":false},"author":1,"featured_media":0,"comment_status":"closed","ping_status":"closed","sticky":false,"template":"","format":"standard","meta":{"ocean_post_layout":"","ocean_both_sidebars_style":"","ocean_both_sidebars_content_width":0,"ocean_both_sidebars_sidebars_width":0,"ocean_sidebar":"0","ocean_second_sidebar":"0","ocean_disable_margins":"enable","ocean_add_body_class":"","ocean_shortcode_before_top_bar":"","ocean_shortcode_after_top_bar":"","ocean_shortcode_before_header":"","ocean_shortcode_after_header":"","ocean_has_shortcode":"","ocean_shortcode_after_title":"","ocean_shortcode_before_footer_widgets":"","ocean_shortcode_after_footer_widgets":"","ocean_shortcode_before_footer_bottom":"","ocean_shortcode_after_footer_bottom":"","ocean_display_top_bar":"default","ocean_display_header":"default","ocean_header_style":"","ocean_center_header_left_menu":"0","ocean_custom_header_template":"0","ocean_custom_logo":0,"ocean_custom_retina_logo":0,"ocean_custom_logo_max_width":0,"ocean_custom_logo_tablet_max_width":0,"ocean_custom_logo_mobile_max_width":0,"ocean_custom_logo_max_height":0,"ocean_custom_logo_tablet_max_height":0,"ocean_custom_logo_mobile_max_height":0,"ocean_header_custom_menu":"0","ocean_menu_typo_font_family":"0","ocean_menu_typo_font_subset":"","ocean_menu_typo_font_size":0,"ocean_menu_typo_font_size_tablet":0,"ocean_menu_typo_font_size_mobile":0,"ocean_menu_typo_font_size_unit":"px","ocean_menu_typo_font_weight":"","ocean_menu_typo_font_weight_tablet":"","ocean_menu_typo_font_weight_mobile":"","ocean_menu_typo_transform":"","ocean_menu_typo_transform_tablet":"","ocean_menu_typo_transform_mobile":"","ocean_menu_typo_line_height":0,"ocean_menu_typo_line_height_tablet":0,"ocean_menu_typo_line_height_mobile":0,"ocean_menu_typo_line_height_unit":"","ocean_menu_typo_spacing":0,"ocean_menu_typo_spacing_tablet":0,"ocean_menu_typo_spacing_mobile":0,"ocean_menu_typo_spacing_unit":"","ocean_menu_link_color":"","ocean_menu_link_color_hover":"","ocean_menu_link_color_active":"","ocean_menu_link_background":"","ocean_menu_link_hover_background":"","ocean_menu_link_active_background":"","ocean_menu_social_links_bg":"","ocean_menu_social_hover_links_bg":"","ocean_menu_social_links_color":"","ocean_menu_social_hover_links_color":"","ocean_disable_title":"default","ocean_disable_heading":"default","ocean_post_title":"","ocean_post_subheading":"","ocean_post_title_style":"","ocean_post_title_background_color":"","ocean_post_title_background":0,"ocean_post_title_bg_image_position":"","ocean_post_title_bg_image_attachment":"","ocean_post_title_bg_image_repeat":"","ocean_post_title_bg_image_size":"","ocean_post_title_height":0,"ocean_post_title_bg_overlay":0.5,"ocean_post_title_bg_overlay_color":"","ocean_disable_breadcrumbs":"default","ocean_breadcrumbs_color":"","ocean_breadcrumbs_separator_color":"","ocean_breadcrumbs_links_color":"","ocean_breadcrumbs_links_hover_color":"","ocean_display_footer_widgets":"default","ocean_display_footer_bottom":"default","ocean_custom_footer_template":"0","ocean_post_oembed":"","ocean_post_self_hosted_media":"","ocean_post_video_embed":"","ocean_link_format":"","ocean_link_format_target":"self","ocean_quote_format":"","ocean_quote_format_link":"post","ocean_gallery_link_images":"off","ocean_gallery_id":[],"footnotes":""},"categories":[16,6,18,24],"tags":[],"post_folder":[],"class_list":["post-550","post","type-post","status-publish","format-standard","hentry","category-actions","category-champagne-ardenne","category-circonscriptions-anciennes-regions","category-sections","entry"],"yoast_head":"<!-- This site is optimized with the Yoast SEO plugin v27.4 - https:\/\/yoast.com\/product\/yoast-seo-wordpress\/ -->\n<title>Visite de chef du SRFD, de la directrice de la DRAAF et du Pr\u00e9fet de la Haute-Marne \u00e0 Fayl-Billot - GRAND-EST<\/title>\n<meta name=\"robots\" content=\"index, follow, max-snippet:-1, max-image-preview:large, max-video-preview:-1\" \/>\n<link rel=\"canonical\" href=\"https:\/\/regions-snetap-fsu.fr\/ge\/2021\/05\/21\/visite-de-chef-du-srfd-de-la-directrice-de-la-draaf-et-du-prefet-de-la-haute-marne-a-fayl-billot\/\" \/>\n<meta property=\"og:locale\" content=\"fr_FR\" \/>\n<meta property=\"og:type\" content=\"article\" \/>\n<meta property=\"og:title\" content=\"Visite de chef du SRFD, de la directrice de la DRAAF et du Pr\u00e9fet de la Haute-Marne \u00e0 Fayl-Billot - GRAND-EST\" \/>\n<meta property=\"og:description\" content=\"Le mardi 11 mai 2021, le pr\u00e9fet de Haute-Marne M. Joseph Zimet, les repr\u00e9sentants de la DRAAF Grand-Est avec sa directrice Mme Bossy, du SRFD Grand-Est avec son chef de service Mr B\u00e9jot, le maire de Fayl-Billot ont visit\u00e9 l\u2019exploitation de l\u2019ENOV dans le cadre du projet \u00ab Exploitation 2030 \u00bb. Ce rendez-vous a permis [&hellip;]\" \/>\n<meta property=\"og:url\" content=\"https:\/\/regions-snetap-fsu.fr\/ge\/2021\/05\/21\/visite-de-chef-du-srfd-de-la-directrice-de-la-draaf-et-du-prefet-de-la-haute-marne-a-fayl-billot\/\" \/>\n<meta property=\"og:site_name\" content=\"GRAND-EST\" \/>\n<meta property=\"article:published_time\" content=\"2021-05-21T08:19:14+00:00\" \/>\n<meta property=\"article:modified_time\" content=\"2022-04-06T08:20:11+00:00\" \/>\n<meta name=\"author\" content=\"admin\" \/>\n<meta name=\"twitter:card\" content=\"summary_large_image\" \/>\n<meta name=\"twitter:label1\" content=\"\u00c9crit par\" \/>\n\t<meta name=\"twitter:data1\" content=\"admin\" \/>\n\t<meta name=\"twitter:label2\" content=\"Dur\u00e9e de lecture estim\u00e9e\" \/>\n\t<meta name=\"twitter:data2\" content=\"1 minute\" \/>\n<script type=\"application\/ld+json\" class=\"yoast-schema-graph\">{\"@context\":\"https:\\\/\\\/schema.org\",\"@graph\":[{\"@type\":\"Article\",\"@id\":\"https:\\\/\\\/regions-snetap-fsu.fr\\\/ge\\\/2021\\\/05\\\/21\\\/visite-de-chef-du-srfd-de-la-directrice-de-la-draaf-et-du-prefet-de-la-haute-marne-a-fayl-billot\\\/#article\",\"isPartOf\":{\"@id\":\"https:\\\/\\\/regions-snetap-fsu.fr\\\/ge\\\/2021\\\/05\\\/21\\\/visite-de-chef-du-srfd-de-la-directrice-de-la-draaf-et-du-prefet-de-la-haute-marne-a-fayl-billot\\\/\"},\"author\":{\"name\":\"admin\",\"@id\":\"https:\\\/\\\/regions-snetap-fsu.fr\\\/ge\\\/#\\\/schema\\\/person\\\/bde5882e4a9306621cf00489991f0068\"},\"headline\":\"Visite de chef du SRFD, de la directrice de la DRAAF et du Pr\u00e9fet de la Haute-Marne \u00e0 Fayl-Billot\",\"datePublished\":\"2021-05-21T08:19:14+00:00\",\"dateModified\":\"2022-04-06T08:20:11+00:00\",\"mainEntityOfPage\":{\"@id\":\"https:\\\/\\\/regions-snetap-fsu.fr\\\/ge\\\/2021\\\/05\\\/21\\\/visite-de-chef-du-srfd-de-la-directrice-de-la-draaf-et-du-prefet-de-la-haute-marne-a-fayl-billot\\\/\"},\"wordCount\":222,\"publisher\":{\"@id\":\"https:\\\/\\\/regions-snetap-fsu.fr\\\/ge\\\/#organization\"},\"articleSection\":[\"Actions\",\"Champagne-Ardenne\",\"Circonscriptions (anciennes r\u00e9gions)\",\"Sections\"],\"inLanguage\":\"fr-FR\"},{\"@type\":\"WebPage\",\"@id\":\"https:\\\/\\\/regions-snetap-fsu.fr\\\/ge\\\/2021\\\/05\\\/21\\\/visite-de-chef-du-srfd-de-la-directrice-de-la-draaf-et-du-prefet-de-la-haute-marne-a-fayl-billot\\\/\",\"url\":\"https:\\\/\\\/regions-snetap-fsu.fr\\\/ge\\\/2021\\\/05\\\/21\\\/visite-de-chef-du-srfd-de-la-directrice-de-la-draaf-et-du-prefet-de-la-haute-marne-a-fayl-billot\\\/\",\"name\":\"Visite de chef du SRFD, de la directrice de la DRAAF et du Pr\u00e9fet de la Haute-Marne \u00e0 Fayl-Billot - GRAND-EST\",\"isPartOf\":{\"@id\":\"https:\\\/\\\/regions-snetap-fsu.fr\\\/ge\\\/#website\"},\"datePublished\":\"2021-05-21T08:19:14+00:00\",\"dateModified\":\"2022-04-06T08:20:11+00:00\",\"breadcrumb\":{\"@id\":\"https:\\\/\\\/regions-snetap-fsu.fr\\\/ge\\\/2021\\\/05\\\/21\\\/visite-de-chef-du-srfd-de-la-directrice-de-la-draaf-et-du-prefet-de-la-haute-marne-a-fayl-billot\\\/#breadcrumb\"},\"inLanguage\":\"fr-FR\",\"potentialAction\":[{\"@type\":\"ReadAction\",\"target\":[\"https:\\\/\\\/regions-snetap-fsu.fr\\\/ge\\\/2021\\\/05\\\/21\\\/visite-de-chef-du-srfd-de-la-directrice-de-la-draaf-et-du-prefet-de-la-haute-marne-a-fayl-billot\\\/\"]}]},{\"@type\":\"BreadcrumbList\",\"@id\":\"https:\\\/\\\/regions-snetap-fsu.fr\\\/ge\\\/2021\\\/05\\\/21\\\/visite-de-chef-du-srfd-de-la-directrice-de-la-draaf-et-du-prefet-de-la-haute-marne-a-fayl-billot\\\/#breadcrumb\",\"itemListElement\":[{\"@type\":\"ListItem\",\"position\":1,\"name\":\"Accueil\",\"item\":\"https:\\\/\\\/regions-snetap-fsu.fr\\\/ge\\\/\"},{\"@type\":\"ListItem\",\"position\":2,\"name\":\"Visite de chef du SRFD, de la directrice de la DRAAF et du Pr\u00e9fet de la Haute-Marne \u00e0 Fayl-Billot\"}]},{\"@type\":\"WebSite\",\"@id\":\"https:\\\/\\\/regions-snetap-fsu.fr\\\/ge\\\/#website\",\"url\":\"https:\\\/\\\/regions-snetap-fsu.fr\\\/ge\\\/\",\"name\":\"SNETAP-FSU GRAND-EST\",\"description\":\"Le blog de la Section R\u00e9gionale\",\"publisher\":{\"@id\":\"https:\\\/\\\/regions-snetap-fsu.fr\\\/ge\\\/#organization\"},\"potentialAction\":[{\"@type\":\"SearchAction\",\"target\":{\"@type\":\"EntryPoint\",\"urlTemplate\":\"https:\\\/\\\/regions-snetap-fsu.fr\\\/ge\\\/?s={search_term_string}\"},\"query-input\":{\"@type\":\"PropertyValueSpecification\",\"valueRequired\":true,\"valueName\":\"search_term_string\"}}],\"inLanguage\":\"fr-FR\"},{\"@type\":\"Organization\",\"@id\":\"https:\\\/\\\/regions-snetap-fsu.fr\\\/ge\\\/#organization\",\"name\":\"SNETAP-FSU - Grand-Est\",\"url\":\"https:\\\/\\\/regions-snetap-fsu.fr\\\/ge\\\/\",\"logo\":{\"@type\":\"ImageObject\",\"inLanguage\":\"fr-FR\",\"@id\":\"https:\\\/\\\/regions-snetap-fsu.fr\\\/ge\\\/#\\\/schema\\\/logo\\\/image\\\/\",\"url\":\"https:\\\/\\\/regions-snetap-fsu.fr\\\/ge\\\/wp-content\\\/uploads\\\/sites\\\/6\\\/2019\\\/02\\\/LOGO-Snetap.jpg\",\"contentUrl\":\"https:\\\/\\\/regions-snetap-fsu.fr\\\/ge\\\/wp-content\\\/uploads\\\/sites\\\/6\\\/2019\\\/02\\\/LOGO-Snetap.jpg\",\"width\":2730,\"height\":2050,\"caption\":\"SNETAP-FSU - Grand-Est\"},\"image\":{\"@id\":\"https:\\\/\\\/regions-snetap-fsu.fr\\\/ge\\\/#\\\/schema\\\/logo\\\/image\\\/\"}},{\"@type\":\"Person\",\"@id\":\"https:\\\/\\\/regions-snetap-fsu.fr\\\/ge\\\/#\\\/schema\\\/person\\\/bde5882e4a9306621cf00489991f0068\",\"name\":\"admin\",\"image\":{\"@type\":\"ImageObject\",\"inLanguage\":\"fr-FR\",\"@id\":\"https:\\\/\\\/secure.gravatar.com\\\/avatar\\\/aeec38d301f4c33ec97a6c6ed3a20500eacdfd2d625095cfca070a2402f716a4?s=96&d=mm&r=g\",\"url\":\"https:\\\/\\\/secure.gravatar.com\\\/avatar\\\/aeec38d301f4c33ec97a6c6ed3a20500eacdfd2d625095cfca070a2402f716a4?s=96&d=mm&r=g\",\"contentUrl\":\"https:\\\/\\\/secure.gravatar.com\\\/avatar\\\/aeec38d301f4c33ec97a6c6ed3a20500eacdfd2d625095cfca070a2402f716a4?s=96&d=mm&r=g\",\"caption\":\"admin\"},\"url\":\"https:\\\/\\\/regions-snetap-fsu.fr\\\/ge\\\/author\\\/admin\\\/\"}]}<\/script>\n<!-- \/ Yoast SEO plugin. -->","yoast_head_json":{"title":"Visite de chef du SRFD, de la directrice de la DRAAF et du Pr\u00e9fet de la Haute-Marne \u00e0 Fayl-Billot - GRAND-EST","robots":{"index":"index","follow":"follow","max-snippet":"max-snippet:-1","max-image-preview":"max-image-preview:large","max-video-preview":"max-video-preview:-1"},"canonical":"https:\/\/regions-snetap-fsu.fr\/ge\/2021\/05\/21\/visite-de-chef-du-srfd-de-la-directrice-de-la-draaf-et-du-prefet-de-la-haute-marne-a-fayl-billot\/","og_locale":"fr_FR","og_type":"article","og_title":"Visite de chef du SRFD, de la directrice de la DRAAF et du Pr\u00e9fet de la Haute-Marne \u00e0 Fayl-Billot - GRAND-EST","og_description":"Le mardi 11 mai 2021, le pr\u00e9fet de Haute-Marne M. Joseph Zimet, les repr\u00e9sentants de la DRAAF Grand-Est avec sa directrice Mme Bossy, du SRFD Grand-Est avec son chef de service Mr B\u00e9jot, le maire de Fayl-Billot ont visit\u00e9 l\u2019exploitation de l\u2019ENOV dans le cadre du projet \u00ab Exploitation 2030 \u00bb. Ce rendez-vous a permis [&hellip;]","og_url":"https:\/\/regions-snetap-fsu.fr\/ge\/2021\/05\/21\/visite-de-chef-du-srfd-de-la-directrice-de-la-draaf-et-du-prefet-de-la-haute-marne-a-fayl-billot\/","og_site_name":"GRAND-EST","article_published_time":"2021-05-21T08:19:14+00:00","article_modified_time":"2022-04-06T08:20:11+00:00","author":"admin","twitter_card":"summary_large_image","twitter_misc":{"\u00c9crit par":"admin","Dur\u00e9e de lecture estim\u00e9e":"1 minute"},"schema":{"@context":"https:\/\/schema.org","@graph":[{"@type":"Article","@id":"https:\/\/regions-snetap-fsu.fr\/ge\/2021\/05\/21\/visite-de-chef-du-srfd-de-la-directrice-de-la-draaf-et-du-prefet-de-la-haute-marne-a-fayl-billot\/#article","isPartOf":{"@id":"https:\/\/regions-snetap-fsu.fr\/ge\/2021\/05\/21\/visite-de-chef-du-srfd-de-la-directrice-de-la-draaf-et-du-prefet-de-la-haute-marne-a-fayl-billot\/"},"author":{"name":"admin","@id":"https:\/\/regions-snetap-fsu.fr\/ge\/#\/schema\/person\/bde5882e4a9306621cf00489991f0068"},"headline":"Visite de chef du SRFD, de la directrice de la DRAAF et du Pr\u00e9fet de la Haute-Marne \u00e0 Fayl-Billot","datePublished":"2021-05-21T08:19:14+00:00","dateModified":"2022-04-06T08:20:11+00:00","mainEntityOfPage":{"@id":"https:\/\/regions-snetap-fsu.fr\/ge\/2021\/05\/21\/visite-de-chef-du-srfd-de-la-directrice-de-la-draaf-et-du-prefet-de-la-haute-marne-a-fayl-billot\/"},"wordCount":222,"publisher":{"@id":"https:\/\/regions-snetap-fsu.fr\/ge\/#organization"},"articleSection":["Actions","Champagne-Ardenne","Circonscriptions (anciennes r\u00e9gions)","Sections"],"inLanguage":"fr-FR"},{"@type":"WebPage","@id":"https:\/\/regions-snetap-fsu.fr\/ge\/2021\/05\/21\/visite-de-chef-du-srfd-de-la-directrice-de-la-draaf-et-du-prefet-de-la-haute-marne-a-fayl-billot\/","url":"https:\/\/regions-snetap-fsu.fr\/ge\/2021\/05\/21\/visite-de-chef-du-srfd-de-la-directrice-de-la-draaf-et-du-prefet-de-la-haute-marne-a-fayl-billot\/","name":"Visite de chef du SRFD, de la directrice de la DRAAF et du Pr\u00e9fet de la Haute-Marne \u00e0 Fayl-Billot - GRAND-EST","isPartOf":{"@id":"https:\/\/regions-snetap-fsu.fr\/ge\/#website"},"datePublished":"2021-05-21T08:19:14+00:00","dateModified":"2022-04-06T08:20:11+00:00","breadcrumb":{"@id":"https:\/\/regions-snetap-fsu.fr\/ge\/2021\/05\/21\/visite-de-chef-du-srfd-de-la-directrice-de-la-draaf-et-du-prefet-de-la-haute-marne-a-fayl-billot\/#breadcrumb"},"inLanguage":"fr-FR","potentialAction":[{"@type":"ReadAction","target":["https:\/\/regions-snetap-fsu.fr\/ge\/2021\/05\/21\/visite-de-chef-du-srfd-de-la-directrice-de-la-draaf-et-du-prefet-de-la-haute-marne-a-fayl-billot\/"]}]},{"@type":"BreadcrumbList","@id":"https:\/\/regions-snetap-fsu.fr\/ge\/2021\/05\/21\/visite-de-chef-du-srfd-de-la-directrice-de-la-draaf-et-du-prefet-de-la-haute-marne-a-fayl-billot\/#breadcrumb","itemListElement":[{"@type":"ListItem","position":1,"name":"Accueil","item":"https:\/\/regions-snetap-fsu.fr\/ge\/"},{"@type":"ListItem","position":2,"name":"Visite de chef du SRFD, de la directrice de la DRAAF et du Pr\u00e9fet de la Haute-Marne \u00e0 Fayl-Billot"}]},{"@type":"WebSite","@id":"https:\/\/regions-snetap-fsu.fr\/ge\/#website","url":"https:\/\/regions-snetap-fsu.fr\/ge\/","name":"SNETAP-FSU GRAND-EST","description":"Le blog de la Section R\u00e9gionale","publisher":{"@id":"https:\/\/regions-snetap-fsu.fr\/ge\/#organization"},"potentialAction":[{"@type":"SearchAction","target":{"@type":"EntryPoint","urlTemplate":"https:\/\/regions-snetap-fsu.fr\/ge\/?s={search_term_string}"},"query-input":{"@type":"PropertyValueSpecification","valueRequired":true,"valueName":"search_term_string"}}],"inLanguage":"fr-FR"},{"@type":"Organization","@id":"https:\/\/regions-snetap-fsu.fr\/ge\/#organization","name":"SNETAP-FSU - Grand-Est","url":"https:\/\/regions-snetap-fsu.fr\/ge\/","logo":{"@type":"ImageObject","inLanguage":"fr-FR","@id":"https:\/\/regions-snetap-fsu.fr\/ge\/#\/schema\/logo\/image\/","url":"https:\/\/regions-snetap-fsu.fr\/ge\/wp-content\/uploads\/sites\/6\/2019\/02\/LOGO-Snetap.jpg","contentUrl":"https:\/\/regions-snetap-fsu.fr\/ge\/wp-content\/uploads\/sites\/6\/2019\/02\/LOGO-Snetap.jpg","width":2730,"height":2050,"caption":"SNETAP-FSU - Grand-Est"},"image":{"@id":"https:\/\/regions-snetap-fsu.fr\/ge\/#\/schema\/logo\/image\/"}},{"@type":"Person","@id":"https:\/\/regions-snetap-fsu.fr\/ge\/#\/schema\/person\/bde5882e4a9306621cf00489991f0068","name":"admin","image":{"@type":"ImageObject","inLanguage":"fr-FR","@id":"https:\/\/secure.gravatar.com\/avatar\/aeec38d301f4c33ec97a6c6ed3a20500eacdfd2d625095cfca070a2402f716a4?s=96&d=mm&r=g","url":"https:\/\/secure.gravatar.com\/avatar\/aeec38d301f4c33ec97a6c6ed3a20500eacdfd2d625095cfca070a2402f716a4?s=96&d=mm&r=g","contentUrl":"https:\/\/secure.gravatar.com\/avatar\/aeec38d301f4c33ec97a6c6ed3a20500eacdfd2d625095cfca070a2402f716a4?s=96&d=mm&r=g","caption":"admin"},"url":"https:\/\/regions-snetap-fsu.fr\/ge\/author\/admin\/"}]}},"_links":{"self":[{"href":"https:\/\/regions-snetap-fsu.fr\/ge\/wp-json\/wp\/v2\/posts\/550","targetHints":{"allow":["GET"]}}],"collection":[{"href":"https:\/\/regions-snetap-fsu.fr\/ge\/wp-json\/wp\/v2\/posts"}],"about":[{"href":"https:\/\/regions-snetap-fsu.fr\/ge\/wp-json\/wp\/v2\/types\/post"}],"author":[{"embeddable":true,"href":"https:\/\/regions-snetap-fsu.fr\/ge\/wp-json\/wp\/v2\/users\/1"}],"replies":[{"embeddable":true,"href":"https:\/\/regions-snetap-fsu.fr\/ge\/wp-json\/wp\/v2\/comments?post=550"}],"version-history":[{"count":1,"href":"https:\/\/regions-snetap-fsu.fr\/ge\/wp-json\/wp\/v2\/posts\/550\/revisions"}],"predecessor-version":[{"id":551,"href":"https:\/\/regions-snetap-fsu.fr\/ge\/wp-json\/wp\/v2\/posts\/550\/revisions\/551"}],"wp:attachment":[{"href":"https:\/\/regions-snetap-fsu.fr\/ge\/wp-json\/wp\/v2\/media?parent=550"}],"wp:term":[{"taxonomy":"category","embeddable":true,"href":"https:\/\/regions-snetap-fsu.fr\/ge\/wp-json\/wp\/v2\/categories?post=550"},{"taxonomy":"post_tag","embeddable":true,"href":"https:\/\/regions-snetap-fsu.fr\/ge\/wp-json\/wp\/v2\/tags?post=550"},{"taxonomy":"post_folder","embeddable":true,"href":"https:\/\/regions-snetap-fsu.fr\/ge\/wp-json\/wp\/v2\/post_folder?post=550"}],"curies":[{"name":"wp","href":"https:\/\/api.w.org\/{rel}","templated":true}]}}