{"id":466,"date":"2021-05-08T21:51:23","date_gmt":"2021-05-08T19:51:23","guid":{"rendered":"https:\/\/regions-snetap-fsu.fr\/ge\/?p=466"},"modified":"2021-05-12T19:47:53","modified_gmt":"2021-05-12T17:47:53","slug":"communique-hmi-a-fayl-billot","status":"publish","type":"post","link":"https:\/\/regions-snetap-fsu.fr\/ge\/2021\/05\/08\/communique-hmi-a-fayl-billot\/","title":{"rendered":"Communiqu\u00e9 : HMI \u00e0 Fayl Billot"},"content":{"rendered":"<p>Dans le cadre d&rsquo;une r\u00e9union, au lyc\u00e9e de Fayl Billot, le 7 mai 2021, les personnels pr\u00e9sents syndiqu\u00e9s ou non ont pu s&rsquo;entretenir avec les repr\u00e9sentants du Bureau R\u00e9gional SNETAP &#8211; FSU GRAND EST afin d&rsquo;\u00e9voquer les inqui\u00e9tudes concernant l&rsquo;avenir du lyc\u00e9e.<br \/>\nUn \u00e9tat des lieux de nos diff\u00e9rents projets (dont le projet d\u2019\u00c9tablissement) est \u00e0 r\u00e9aliser pour \u00eatre pr\u00e9sent\u00e9 et valid\u00e9 aux diff\u00e9rentes instances. Il est n\u00e9cessaire de valoriser les actions engag\u00e9es par les personnels afin de montrer notre dynamisme, notre d\u00e9termination \u00e0 faire perdurer l&rsquo;\u00e9tablissement de FAYL BILLOT.<\/p>\n<p>La venue du pr\u00e9fet et de la DRAAF peut-\u00eatre l&rsquo;occasion d&rsquo;obtenir des r\u00e9ponses \u00e0 nos questions.<\/p>\n<figure id=\"attachment_467\" aria-describedby=\"caption-attachment-467\" style=\"width: 300px\" class=\"wp-caption alignnone\"><img fetchpriority=\"high\" decoding=\"async\" class=\"size-medium wp-image-467\" src=\"https:\/\/regions-snetap-fsu.fr\/ge\/wp-content\/uploads\/sites\/6\/2021\/05\/HMI-FB-7-mai-2021-300x189.png\" alt=\"\" width=\"300\" height=\"189\" srcset=\"https:\/\/regions-snetap-fsu.fr\/ge\/wp-content\/uploads\/sites\/6\/2021\/05\/HMI-FB-7-mai-2021-300x189.png 300w, https:\/\/regions-snetap-fsu.fr\/ge\/wp-content\/uploads\/sites\/6\/2021\/05\/HMI-FB-7-mai-2021.png 499w\" sizes=\"(max-width: 300px) 100vw, 300px\" \/><figcaption id=\"caption-attachment-467\" class=\"wp-caption-text\">HMI en visio \u00e0 Fayl Billot, 7 mai 2021<\/figcaption><\/figure>\n","protected":false},"excerpt":{"rendered":"<p>Dans le cadre d&rsquo;une r\u00e9union, au lyc\u00e9e de Fayl Billot, le 7 mai 2021, les personnels pr\u00e9sents syndiqu\u00e9s ou non ont pu s&rsquo;entretenir avec les repr\u00e9sentants du Bureau R\u00e9gional SNETAP &#8211; FSU GRAND EST afin d&rsquo;\u00e9voquer les inqui\u00e9tudes concernant l&rsquo;avenir du lyc\u00e9e. Un \u00e9tat des lieux de nos diff\u00e9rents projets (dont le projet d\u2019\u00c9tablissement) est [&hellip;]<\/p>\n","protected":false},"author":101,"featured_media":467,"comment_status":"closed","ping_status":"closed","sticky":false,"template":"","format":"standard","meta":{"ocean_post_layout":"","ocean_both_sidebars_style":"","ocean_both_sidebars_content_width":0,"ocean_both_sidebars_sidebars_width":0,"ocean_sidebar":"0","ocean_second_sidebar":"0","ocean_disable_margins":"enable","ocean_add_body_class":"","ocean_shortcode_before_top_bar":"","ocean_shortcode_after_top_bar":"","ocean_shortcode_before_header":"","ocean_shortcode_after_header":"","ocean_has_shortcode":"","ocean_shortcode_after_title":"","ocean_shortcode_before_footer_widgets":"","ocean_shortcode_after_footer_widgets":"","ocean_shortcode_before_footer_bottom":"","ocean_shortcode_after_footer_bottom":"","ocean_display_top_bar":"default","ocean_display_header":"default","ocean_header_style":"","ocean_center_header_left_menu":"0","ocean_custom_header_template":"0","ocean_custom_logo":0,"ocean_custom_retina_logo":0,"ocean_custom_logo_max_width":0,"ocean_custom_logo_tablet_max_width":0,"ocean_custom_logo_mobile_max_width":0,"ocean_custom_logo_max_height":0,"ocean_custom_logo_tablet_max_height":0,"ocean_custom_logo_mobile_max_height":0,"ocean_header_custom_menu":"0","ocean_menu_typo_font_family":"0","ocean_menu_typo_font_subset":"","ocean_menu_typo_font_size":0,"ocean_menu_typo_font_size_tablet":0,"ocean_menu_typo_font_size_mobile":0,"ocean_menu_typo_font_size_unit":"px","ocean_menu_typo_font_weight":"","ocean_menu_typo_font_weight_tablet":"","ocean_menu_typo_font_weight_mobile":"","ocean_menu_typo_transform":"","ocean_menu_typo_transform_tablet":"","ocean_menu_typo_transform_mobile":"","ocean_menu_typo_line_height":0,"ocean_menu_typo_line_height_tablet":0,"ocean_menu_typo_line_height_mobile":0,"ocean_menu_typo_line_height_unit":"","ocean_menu_typo_spacing":0,"ocean_menu_typo_spacing_tablet":0,"ocean_menu_typo_spacing_mobile":0,"ocean_menu_typo_spacing_unit":"","ocean_menu_link_color":"","ocean_menu_link_color_hover":"","ocean_menu_link_color_active":"","ocean_menu_link_background":"","ocean_menu_link_hover_background":"","ocean_menu_link_active_background":"","ocean_menu_social_links_bg":"","ocean_menu_social_hover_links_bg":"","ocean_menu_social_links_color":"","ocean_menu_social_hover_links_color":"","ocean_disable_title":"default","ocean_disable_heading":"default","ocean_post_title":"","ocean_post_subheading":"","ocean_post_title_style":"","ocean_post_title_background_color":"","ocean_post_title_background":0,"ocean_post_title_bg_image_position":"","ocean_post_title_bg_image_attachment":"","ocean_post_title_bg_image_repeat":"","ocean_post_title_bg_image_size":"","ocean_post_title_height":0,"ocean_post_title_bg_overlay":0.5,"ocean_post_title_bg_overlay_color":"","ocean_disable_breadcrumbs":"default","ocean_breadcrumbs_color":"","ocean_breadcrumbs_separator_color":"","ocean_breadcrumbs_links_color":"","ocean_breadcrumbs_links_hover_color":"","ocean_display_footer_widgets":"default","ocean_display_footer_bottom":"default","ocean_custom_footer_template":"0","ocean_post_oembed":"","ocean_post_self_hosted_media":"","ocean_post_video_embed":"","ocean_link_format":"","ocean_link_format_target":"self","ocean_quote_format":"","ocean_quote_format_link":"post","ocean_gallery_link_images":"off","ocean_gallery_id":[],"footnotes":""},"categories":[6,24],"tags":[],"post_folder":[],"class_list":["post-466","post","type-post","status-publish","format-standard","has-post-thumbnail","hentry","category-champagne-ardenne","category-sections","entry","has-media"],"yoast_head":"<!-- This site is optimized with the Yoast SEO plugin v27.4 - https:\/\/yoast.com\/product\/yoast-seo-wordpress\/ -->\n<title>Communiqu\u00e9 : HMI \u00e0 Fayl Billot - GRAND-EST<\/title>\n<meta name=\"robots\" content=\"index, follow, max-snippet:-1, max-image-preview:large, max-video-preview:-1\" \/>\n<link rel=\"canonical\" href=\"https:\/\/regions-snetap-fsu.fr\/ge\/2021\/05\/08\/communique-hmi-a-fayl-billot\/\" \/>\n<meta property=\"og:locale\" content=\"fr_FR\" \/>\n<meta property=\"og:type\" content=\"article\" \/>\n<meta property=\"og:title\" content=\"Communiqu\u00e9 : HMI \u00e0 Fayl Billot - GRAND-EST\" \/>\n<meta property=\"og:description\" content=\"Dans le cadre d&rsquo;une r\u00e9union, au lyc\u00e9e de Fayl Billot, le 7 mai 2021, les personnels pr\u00e9sents syndiqu\u00e9s ou non ont pu s&rsquo;entretenir avec les repr\u00e9sentants du Bureau R\u00e9gional SNETAP &#8211; FSU GRAND EST afin d&rsquo;\u00e9voquer les inqui\u00e9tudes concernant l&rsquo;avenir du lyc\u00e9e. Un \u00e9tat des lieux de nos diff\u00e9rents projets (dont le projet d\u2019\u00c9tablissement) est [&hellip;]\" \/>\n<meta property=\"og:url\" content=\"https:\/\/regions-snetap-fsu.fr\/ge\/2021\/05\/08\/communique-hmi-a-fayl-billot\/\" \/>\n<meta property=\"og:site_name\" content=\"GRAND-EST\" \/>\n<meta property=\"article:published_time\" content=\"2021-05-08T19:51:23+00:00\" \/>\n<meta property=\"article:modified_time\" content=\"2021-05-12T17:47:53+00:00\" \/>\n<meta property=\"og:image\" content=\"https:\/\/regions-snetap-fsu.fr\/ge\/wp-content\/uploads\/sites\/6\/2021\/05\/HMI-FB-7-mai-2021.png\" \/>\n\t<meta property=\"og:image:width\" content=\"499\" \/>\n\t<meta property=\"og:image:height\" content=\"315\" \/>\n\t<meta property=\"og:image:type\" content=\"image\/png\" \/>\n<meta name=\"author\" content=\"cvercruysse\" \/>\n<meta name=\"twitter:card\" content=\"summary_large_image\" \/>\n<meta name=\"twitter:label1\" content=\"\u00c9crit par\" \/>\n\t<meta name=\"twitter:data1\" content=\"cvercruysse\" \/>\n\t<meta name=\"twitter:label2\" content=\"Dur\u00e9e de lecture estim\u00e9e\" \/>\n\t<meta name=\"twitter:data2\" content=\"1 minute\" \/>\n<script type=\"application\/ld+json\" class=\"yoast-schema-graph\">{\"@context\":\"https:\\\/\\\/schema.org\",\"@graph\":[{\"@type\":\"Article\",\"@id\":\"https:\\\/\\\/regions-snetap-fsu.fr\\\/ge\\\/2021\\\/05\\\/08\\\/communique-hmi-a-fayl-billot\\\/#article\",\"isPartOf\":{\"@id\":\"https:\\\/\\\/regions-snetap-fsu.fr\\\/ge\\\/2021\\\/05\\\/08\\\/communique-hmi-a-fayl-billot\\\/\"},\"author\":{\"name\":\"cvercruysse\",\"@id\":\"https:\\\/\\\/regions-snetap-fsu.fr\\\/ge\\\/#\\\/schema\\\/person\\\/d8221613597e0d6b3e39e086cde2d7af\"},\"headline\":\"Communiqu\u00e9 : HMI \u00e0 Fayl Billot\",\"datePublished\":\"2021-05-08T19:51:23+00:00\",\"dateModified\":\"2021-05-12T17:47:53+00:00\",\"mainEntityOfPage\":{\"@id\":\"https:\\\/\\\/regions-snetap-fsu.fr\\\/ge\\\/2021\\\/05\\\/08\\\/communique-hmi-a-fayl-billot\\\/\"},\"wordCount\":144,\"publisher\":{\"@id\":\"https:\\\/\\\/regions-snetap-fsu.fr\\\/ge\\\/#organization\"},\"image\":{\"@id\":\"https:\\\/\\\/regions-snetap-fsu.fr\\\/ge\\\/2021\\\/05\\\/08\\\/communique-hmi-a-fayl-billot\\\/#primaryimage\"},\"thumbnailUrl\":\"https:\\\/\\\/regions-snetap-fsu.fr\\\/ge\\\/wp-content\\\/uploads\\\/sites\\\/6\\\/2021\\\/05\\\/HMI-FB-7-mai-2021.png\",\"articleSection\":[\"Champagne-Ardenne\",\"Sections\"],\"inLanguage\":\"fr-FR\"},{\"@type\":\"WebPage\",\"@id\":\"https:\\\/\\\/regions-snetap-fsu.fr\\\/ge\\\/2021\\\/05\\\/08\\\/communique-hmi-a-fayl-billot\\\/\",\"url\":\"https:\\\/\\\/regions-snetap-fsu.fr\\\/ge\\\/2021\\\/05\\\/08\\\/communique-hmi-a-fayl-billot\\\/\",\"name\":\"Communiqu\u00e9 : HMI \u00e0 Fayl Billot - GRAND-EST\",\"isPartOf\":{\"@id\":\"https:\\\/\\\/regions-snetap-fsu.fr\\\/ge\\\/#website\"},\"primaryImageOfPage\":{\"@id\":\"https:\\\/\\\/regions-snetap-fsu.fr\\\/ge\\\/2021\\\/05\\\/08\\\/communique-hmi-a-fayl-billot\\\/#primaryimage\"},\"image\":{\"@id\":\"https:\\\/\\\/regions-snetap-fsu.fr\\\/ge\\\/2021\\\/05\\\/08\\\/communique-hmi-a-fayl-billot\\\/#primaryimage\"},\"thumbnailUrl\":\"https:\\\/\\\/regions-snetap-fsu.fr\\\/ge\\\/wp-content\\\/uploads\\\/sites\\\/6\\\/2021\\\/05\\\/HMI-FB-7-mai-2021.png\",\"datePublished\":\"2021-05-08T19:51:23+00:00\",\"dateModified\":\"2021-05-12T17:47:53+00:00\",\"breadcrumb\":{\"@id\":\"https:\\\/\\\/regions-snetap-fsu.fr\\\/ge\\\/2021\\\/05\\\/08\\\/communique-hmi-a-fayl-billot\\\/#breadcrumb\"},\"inLanguage\":\"fr-FR\",\"potentialAction\":[{\"@type\":\"ReadAction\",\"target\":[\"https:\\\/\\\/regions-snetap-fsu.fr\\\/ge\\\/2021\\\/05\\\/08\\\/communique-hmi-a-fayl-billot\\\/\"]}]},{\"@type\":\"ImageObject\",\"inLanguage\":\"fr-FR\",\"@id\":\"https:\\\/\\\/regions-snetap-fsu.fr\\\/ge\\\/2021\\\/05\\\/08\\\/communique-hmi-a-fayl-billot\\\/#primaryimage\",\"url\":\"https:\\\/\\\/regions-snetap-fsu.fr\\\/ge\\\/wp-content\\\/uploads\\\/sites\\\/6\\\/2021\\\/05\\\/HMI-FB-7-mai-2021.png\",\"contentUrl\":\"https:\\\/\\\/regions-snetap-fsu.fr\\\/ge\\\/wp-content\\\/uploads\\\/sites\\\/6\\\/2021\\\/05\\\/HMI-FB-7-mai-2021.png\",\"width\":499,\"height\":315,\"caption\":\"HMI en visio \u00e0 Fayl Billot, 7 mai 2021\"},{\"@type\":\"BreadcrumbList\",\"@id\":\"https:\\\/\\\/regions-snetap-fsu.fr\\\/ge\\\/2021\\\/05\\\/08\\\/communique-hmi-a-fayl-billot\\\/#breadcrumb\",\"itemListElement\":[{\"@type\":\"ListItem\",\"position\":1,\"name\":\"Accueil\",\"item\":\"https:\\\/\\\/regions-snetap-fsu.fr\\\/ge\\\/\"},{\"@type\":\"ListItem\",\"position\":2,\"name\":\"Communiqu\u00e9 : HMI \u00e0 Fayl Billot\"}]},{\"@type\":\"WebSite\",\"@id\":\"https:\\\/\\\/regions-snetap-fsu.fr\\\/ge\\\/#website\",\"url\":\"https:\\\/\\\/regions-snetap-fsu.fr\\\/ge\\\/\",\"name\":\"SNETAP-FSU GRAND-EST\",\"description\":\"Le blog de la Section R\u00e9gionale\",\"publisher\":{\"@id\":\"https:\\\/\\\/regions-snetap-fsu.fr\\\/ge\\\/#organization\"},\"potentialAction\":[{\"@type\":\"SearchAction\",\"target\":{\"@type\":\"EntryPoint\",\"urlTemplate\":\"https:\\\/\\\/regions-snetap-fsu.fr\\\/ge\\\/?s={search_term_string}\"},\"query-input\":{\"@type\":\"PropertyValueSpecification\",\"valueRequired\":true,\"valueName\":\"search_term_string\"}}],\"inLanguage\":\"fr-FR\"},{\"@type\":\"Organization\",\"@id\":\"https:\\\/\\\/regions-snetap-fsu.fr\\\/ge\\\/#organization\",\"name\":\"SNETAP-FSU - Grand-Est\",\"url\":\"https:\\\/\\\/regions-snetap-fsu.fr\\\/ge\\\/\",\"logo\":{\"@type\":\"ImageObject\",\"inLanguage\":\"fr-FR\",\"@id\":\"https:\\\/\\\/regions-snetap-fsu.fr\\\/ge\\\/#\\\/schema\\\/logo\\\/image\\\/\",\"url\":\"https:\\\/\\\/regions-snetap-fsu.fr\\\/ge\\\/wp-content\\\/uploads\\\/sites\\\/6\\\/2019\\\/02\\\/LOGO-Snetap.jpg\",\"contentUrl\":\"https:\\\/\\\/regions-snetap-fsu.fr\\\/ge\\\/wp-content\\\/uploads\\\/sites\\\/6\\\/2019\\\/02\\\/LOGO-Snetap.jpg\",\"width\":2730,\"height\":2050,\"caption\":\"SNETAP-FSU - Grand-Est\"},\"image\":{\"@id\":\"https:\\\/\\\/regions-snetap-fsu.fr\\\/ge\\\/#\\\/schema\\\/logo\\\/image\\\/\"}},{\"@type\":\"Person\",\"@id\":\"https:\\\/\\\/regions-snetap-fsu.fr\\\/ge\\\/#\\\/schema\\\/person\\\/d8221613597e0d6b3e39e086cde2d7af\",\"name\":\"cvercruysse\",\"image\":{\"@type\":\"ImageObject\",\"inLanguage\":\"fr-FR\",\"@id\":\"https:\\\/\\\/secure.gravatar.com\\\/avatar\\\/25c5d5f624e0f65d405b30be1e908497e29c3ae3edc71eb12044d8e5bddef1eb?s=96&d=mm&r=g\",\"url\":\"https:\\\/\\\/secure.gravatar.com\\\/avatar\\\/25c5d5f624e0f65d405b30be1e908497e29c3ae3edc71eb12044d8e5bddef1eb?s=96&d=mm&r=g\",\"contentUrl\":\"https:\\\/\\\/secure.gravatar.com\\\/avatar\\\/25c5d5f624e0f65d405b30be1e908497e29c3ae3edc71eb12044d8e5bddef1eb?s=96&d=mm&r=g\",\"caption\":\"cvercruysse\"},\"url\":\"https:\\\/\\\/regions-snetap-fsu.fr\\\/ge\\\/author\\\/cvercruysse\\\/\"}]}<\/script>\n<!-- \/ Yoast SEO plugin. -->","yoast_head_json":{"title":"Communiqu\u00e9 : HMI \u00e0 Fayl Billot - GRAND-EST","robots":{"index":"index","follow":"follow","max-snippet":"max-snippet:-1","max-image-preview":"max-image-preview:large","max-video-preview":"max-video-preview:-1"},"canonical":"https:\/\/regions-snetap-fsu.fr\/ge\/2021\/05\/08\/communique-hmi-a-fayl-billot\/","og_locale":"fr_FR","og_type":"article","og_title":"Communiqu\u00e9 : HMI \u00e0 Fayl Billot - GRAND-EST","og_description":"Dans le cadre d&rsquo;une r\u00e9union, au lyc\u00e9e de Fayl Billot, le 7 mai 2021, les personnels pr\u00e9sents syndiqu\u00e9s ou non ont pu s&rsquo;entretenir avec les repr\u00e9sentants du Bureau R\u00e9gional SNETAP &#8211; FSU GRAND EST afin d&rsquo;\u00e9voquer les inqui\u00e9tudes concernant l&rsquo;avenir du lyc\u00e9e. Un \u00e9tat des lieux de nos diff\u00e9rents projets (dont le projet d\u2019\u00c9tablissement) est [&hellip;]","og_url":"https:\/\/regions-snetap-fsu.fr\/ge\/2021\/05\/08\/communique-hmi-a-fayl-billot\/","og_site_name":"GRAND-EST","article_published_time":"2021-05-08T19:51:23+00:00","article_modified_time":"2021-05-12T17:47:53+00:00","og_image":[{"width":499,"height":315,"url":"https:\/\/regions-snetap-fsu.fr\/ge\/wp-content\/uploads\/sites\/6\/2021\/05\/HMI-FB-7-mai-2021.png","type":"image\/png"}],"author":"cvercruysse","twitter_card":"summary_large_image","twitter_misc":{"\u00c9crit par":"cvercruysse","Dur\u00e9e de lecture estim\u00e9e":"1 minute"},"schema":{"@context":"https:\/\/schema.org","@graph":[{"@type":"Article","@id":"https:\/\/regions-snetap-fsu.fr\/ge\/2021\/05\/08\/communique-hmi-a-fayl-billot\/#article","isPartOf":{"@id":"https:\/\/regions-snetap-fsu.fr\/ge\/2021\/05\/08\/communique-hmi-a-fayl-billot\/"},"author":{"name":"cvercruysse","@id":"https:\/\/regions-snetap-fsu.fr\/ge\/#\/schema\/person\/d8221613597e0d6b3e39e086cde2d7af"},"headline":"Communiqu\u00e9 : HMI \u00e0 Fayl Billot","datePublished":"2021-05-08T19:51:23+00:00","dateModified":"2021-05-12T17:47:53+00:00","mainEntityOfPage":{"@id":"https:\/\/regions-snetap-fsu.fr\/ge\/2021\/05\/08\/communique-hmi-a-fayl-billot\/"},"wordCount":144,"publisher":{"@id":"https:\/\/regions-snetap-fsu.fr\/ge\/#organization"},"image":{"@id":"https:\/\/regions-snetap-fsu.fr\/ge\/2021\/05\/08\/communique-hmi-a-fayl-billot\/#primaryimage"},"thumbnailUrl":"https:\/\/regions-snetap-fsu.fr\/ge\/wp-content\/uploads\/sites\/6\/2021\/05\/HMI-FB-7-mai-2021.png","articleSection":["Champagne-Ardenne","Sections"],"inLanguage":"fr-FR"},{"@type":"WebPage","@id":"https:\/\/regions-snetap-fsu.fr\/ge\/2021\/05\/08\/communique-hmi-a-fayl-billot\/","url":"https:\/\/regions-snetap-fsu.fr\/ge\/2021\/05\/08\/communique-hmi-a-fayl-billot\/","name":"Communiqu\u00e9 : HMI \u00e0 Fayl Billot - GRAND-EST","isPartOf":{"@id":"https:\/\/regions-snetap-fsu.fr\/ge\/#website"},"primaryImageOfPage":{"@id":"https:\/\/regions-snetap-fsu.fr\/ge\/2021\/05\/08\/communique-hmi-a-fayl-billot\/#primaryimage"},"image":{"@id":"https:\/\/regions-snetap-fsu.fr\/ge\/2021\/05\/08\/communique-hmi-a-fayl-billot\/#primaryimage"},"thumbnailUrl":"https:\/\/regions-snetap-fsu.fr\/ge\/wp-content\/uploads\/sites\/6\/2021\/05\/HMI-FB-7-mai-2021.png","datePublished":"2021-05-08T19:51:23+00:00","dateModified":"2021-05-12T17:47:53+00:00","breadcrumb":{"@id":"https:\/\/regions-snetap-fsu.fr\/ge\/2021\/05\/08\/communique-hmi-a-fayl-billot\/#breadcrumb"},"inLanguage":"fr-FR","potentialAction":[{"@type":"ReadAction","target":["https:\/\/regions-snetap-fsu.fr\/ge\/2021\/05\/08\/communique-hmi-a-fayl-billot\/"]}]},{"@type":"ImageObject","inLanguage":"fr-FR","@id":"https:\/\/regions-snetap-fsu.fr\/ge\/2021\/05\/08\/communique-hmi-a-fayl-billot\/#primaryimage","url":"https:\/\/regions-snetap-fsu.fr\/ge\/wp-content\/uploads\/sites\/6\/2021\/05\/HMI-FB-7-mai-2021.png","contentUrl":"https:\/\/regions-snetap-fsu.fr\/ge\/wp-content\/uploads\/sites\/6\/2021\/05\/HMI-FB-7-mai-2021.png","width":499,"height":315,"caption":"HMI en visio \u00e0 Fayl Billot, 7 mai 2021"},{"@type":"BreadcrumbList","@id":"https:\/\/regions-snetap-fsu.fr\/ge\/2021\/05\/08\/communique-hmi-a-fayl-billot\/#breadcrumb","itemListElement":[{"@type":"ListItem","position":1,"name":"Accueil","item":"https:\/\/regions-snetap-fsu.fr\/ge\/"},{"@type":"ListItem","position":2,"name":"Communiqu\u00e9 : HMI \u00e0 Fayl Billot"}]},{"@type":"WebSite","@id":"https:\/\/regions-snetap-fsu.fr\/ge\/#website","url":"https:\/\/regions-snetap-fsu.fr\/ge\/","name":"SNETAP-FSU GRAND-EST","description":"Le blog de la Section R\u00e9gionale","publisher":{"@id":"https:\/\/regions-snetap-fsu.fr\/ge\/#organization"},"potentialAction":[{"@type":"SearchAction","target":{"@type":"EntryPoint","urlTemplate":"https:\/\/regions-snetap-fsu.fr\/ge\/?s={search_term_string}"},"query-input":{"@type":"PropertyValueSpecification","valueRequired":true,"valueName":"search_term_string"}}],"inLanguage":"fr-FR"},{"@type":"Organization","@id":"https:\/\/regions-snetap-fsu.fr\/ge\/#organization","name":"SNETAP-FSU - Grand-Est","url":"https:\/\/regions-snetap-fsu.fr\/ge\/","logo":{"@type":"ImageObject","inLanguage":"fr-FR","@id":"https:\/\/regions-snetap-fsu.fr\/ge\/#\/schema\/logo\/image\/","url":"https:\/\/regions-snetap-fsu.fr\/ge\/wp-content\/uploads\/sites\/6\/2019\/02\/LOGO-Snetap.jpg","contentUrl":"https:\/\/regions-snetap-fsu.fr\/ge\/wp-content\/uploads\/sites\/6\/2019\/02\/LOGO-Snetap.jpg","width":2730,"height":2050,"caption":"SNETAP-FSU - Grand-Est"},"image":{"@id":"https:\/\/regions-snetap-fsu.fr\/ge\/#\/schema\/logo\/image\/"}},{"@type":"Person","@id":"https:\/\/regions-snetap-fsu.fr\/ge\/#\/schema\/person\/d8221613597e0d6b3e39e086cde2d7af","name":"cvercruysse","image":{"@type":"ImageObject","inLanguage":"fr-FR","@id":"https:\/\/secure.gravatar.com\/avatar\/25c5d5f624e0f65d405b30be1e908497e29c3ae3edc71eb12044d8e5bddef1eb?s=96&d=mm&r=g","url":"https:\/\/secure.gravatar.com\/avatar\/25c5d5f624e0f65d405b30be1e908497e29c3ae3edc71eb12044d8e5bddef1eb?s=96&d=mm&r=g","contentUrl":"https:\/\/secure.gravatar.com\/avatar\/25c5d5f624e0f65d405b30be1e908497e29c3ae3edc71eb12044d8e5bddef1eb?s=96&d=mm&r=g","caption":"cvercruysse"},"url":"https:\/\/regions-snetap-fsu.fr\/ge\/author\/cvercruysse\/"}]}},"_links":{"self":[{"href":"https:\/\/regions-snetap-fsu.fr\/ge\/wp-json\/wp\/v2\/posts\/466","targetHints":{"allow":["GET"]}}],"collection":[{"href":"https:\/\/regions-snetap-fsu.fr\/ge\/wp-json\/wp\/v2\/posts"}],"about":[{"href":"https:\/\/regions-snetap-fsu.fr\/ge\/wp-json\/wp\/v2\/types\/post"}],"author":[{"embeddable":true,"href":"https:\/\/regions-snetap-fsu.fr\/ge\/wp-json\/wp\/v2\/users\/101"}],"replies":[{"embeddable":true,"href":"https:\/\/regions-snetap-fsu.fr\/ge\/wp-json\/wp\/v2\/comments?post=466"}],"version-history":[{"count":1,"href":"https:\/\/regions-snetap-fsu.fr\/ge\/wp-json\/wp\/v2\/posts\/466\/revisions"}],"predecessor-version":[{"id":468,"href":"https:\/\/regions-snetap-fsu.fr\/ge\/wp-json\/wp\/v2\/posts\/466\/revisions\/468"}],"wp:featuredmedia":[{"embeddable":true,"href":"https:\/\/regions-snetap-fsu.fr\/ge\/wp-json\/wp\/v2\/media\/467"}],"wp:attachment":[{"href":"https:\/\/regions-snetap-fsu.fr\/ge\/wp-json\/wp\/v2\/media?parent=466"}],"wp:term":[{"taxonomy":"category","embeddable":true,"href":"https:\/\/regions-snetap-fsu.fr\/ge\/wp-json\/wp\/v2\/categories?post=466"},{"taxonomy":"post_tag","embeddable":true,"href":"https:\/\/regions-snetap-fsu.fr\/ge\/wp-json\/wp\/v2\/tags?post=466"},{"taxonomy":"post_folder","embeddable":true,"href":"https:\/\/regions-snetap-fsu.fr\/ge\/wp-json\/wp\/v2\/post_folder?post=466"}],"curies":[{"name":"wp","href":"https:\/\/api.w.org\/{rel}","templated":true}]}}