{"id":456,"date":"2021-05-07T22:39:48","date_gmt":"2021-05-07T20:39:48","guid":{"rendered":"https:\/\/regions-snetap-fsu.fr\/ge\/?p=456"},"modified":"2021-05-12T20:18:43","modified_gmt":"2021-05-12T18:18:43","slug":"preparation-du-2eme-congres-regional-du-snetap-fsu-grand-est","status":"publish","type":"post","link":"https:\/\/regions-snetap-fsu.fr\/ge\/2021\/05\/07\/preparation-du-2eme-congres-regional-du-snetap-fsu-grand-est\/","title":{"rendered":"Pr\u00e9paration du 2\u00e8me congr\u00e8s r\u00e9gional du Snetap-FSU Grand-Est"},"content":{"rendered":"<p align=\"JUSTIFY\"><span style=\"font-family: Arial, sans-serif\"><span style=\"font-size: medium\">Le Snetap-FSU Grand-Est premi\u00e8re organisation repr\u00e9sentative des personnels de l&rsquo;Enseignement agricole dans cette grande r\u00e9gion, r\u00e9uni son deuxi\u00e8me congr\u00e8s le jeudi 3 juin 2021. Repouss\u00e9 de mars \u00e0 juin en raison de la crise sanitaire et se devant de renouveler son ex\u00e9cutif et ses mandats, le choix a \u00e9t\u00e9 fait de le r\u00e9unir en distanciel.<\/span><\/span><\/p>\n<p align=\"JUSTIFY\"><span style=\"font-family: Arial, sans-serif\"><span style=\"font-size: medium\">Le congr\u00e8s est un moment important pour une organisation syndicale telle le Snetap-FSU Grand-Est. Il permet de faire le bilan de son activit\u00e9 ( rapport en annexe), de renouveler ses instances dirigeantes (d\u00e9claration de candidature en annexe) et de d\u00e9finir de nouveaux mandats. L&rsquo;organisation ainsi renouvel\u00e9e sera mieux \u00e0 m\u00eame de porter et faire avancer les attentes des personnels de l&rsquo;enseignement et de la formation professionnelle agricole.<\/span><\/span><\/p>\n<p align=\"JUSTIFY\"><span style=\"font-family: Arial, sans-serif\"><span style=\"font-size: medium\">Afin de pr\u00e9parer ce congr\u00e8s, nous vous recommandons de prendre connaissance des rapports d&rsquo;activit\u00e9 et financiers (en annexe) et d&rsquo;en d\u00e9battre lors de la prochaine r\u00e9union de la section de votre \u00e9tablissement. Cette r\u00e9union de section d&rsquo;\u00e9tablissement lui donne toute latitude pour formuler des propositions de mandats port\u00e9es au d\u00e9bat du congr\u00e8s r\u00e9gional par les <a href=\"http:\/\/xn--reprsentant-ebb.es\" target=\"_blank\" rel=\"noopener\" data-saferedirecturl=\"https:\/\/www.google.com\/url?q=http:\/\/xn--reprsentant-ebb.es&amp;source=gmail&amp;ust=1620505754645000&amp;usg=AFQjCNFFlUmopHIVV_njyimjC5qzbRl9zA\">repr\u00e9sentant.es<\/a> qu&rsquo;elle aura <a href=\"http:\/\/xn--dsign-bsae.es\" target=\"_blank\" rel=\"noopener\" data-saferedirecturl=\"https:\/\/www.google.com\/url?q=http:\/\/xn--dsign-bsae.es&amp;source=gmail&amp;ust=1620505754645000&amp;usg=AFQjCNFpK2WQgkX5LDhfdQjzQ7ypdWPT_w\">d\u00e9sign\u00e9.es<\/a>. Les <a href=\"http:\/\/xn--syndiqu-hya.es\" target=\"_blank\" rel=\"noopener\" data-saferedirecturl=\"https:\/\/www.google.com\/url?q=http:\/\/xn--syndiqu-hya.es&amp;source=gmail&amp;ust=1620505754645000&amp;usg=AFQjCNGa9vt138Plj_L4nVBc5KeK6ki53w\">syndiqu\u00e9.es<\/a> souhaitant participer en qualit\u00e9 de <a href=\"http:\/\/xn--dlgu-bpabc.es\" target=\"_blank\" rel=\"noopener\" data-saferedirecturl=\"https:\/\/www.google.com\/url?q=http:\/\/xn--dlgu-bpabc.es&amp;source=gmail&amp;ust=1620505754645000&amp;usg=AFQjCNHTlVPoqNB9bhUkjZir-p7f3tvP1g\">d\u00e9l\u00e9gu\u00e9.es<\/a> devront ainsi porter leur candidature \u00e0 cette prochaine r\u00e9union de section et se faire \u00e9lire \u00e0 raison d&rsquo;un repr\u00e9sentant pour trois <a href=\"http:\/\/xn--syndiqu-hya.es\" target=\"_blank\" rel=\"noopener\" data-saferedirecturl=\"https:\/\/www.google.com\/url?q=http:\/\/xn--syndiqu-hya.es&amp;source=gmail&amp;ust=1620505754645000&amp;usg=AFQjCNGa9vt138Plj_L4nVBc5KeK6ki53w\">syndiqu\u00e9.es<\/a>. Pour les <a href=\"http:\/\/xn--syndiqu-hya.es\" target=\"_blank\" rel=\"noopener\" data-saferedirecturl=\"https:\/\/www.google.com\/url?q=http:\/\/xn--syndiqu-hya.es&amp;source=gmail&amp;ust=1620505754645000&amp;usg=AFQjCNGa9vt138Plj_L4nVBc5KeK6ki53w\">syndiqu\u00e9.es<\/a> qui ne seraient pas retenus faute de d\u00e9signation, la possibilit\u00e9 pour eux et elles de participer au congr\u00e8s est rendue possible en qualit\u00e9 d&rsquo;auditeur.trice. Les auditeurs.trices devront se signaler aupr\u00e8s du secr\u00e9taire de section qui communiquera la liste des participants <a href=\"http:\/\/xn--dlgu-bpabc.es\" target=\"_blank\" rel=\"noopener\" data-saferedirecturl=\"https:\/\/www.google.com\/url?q=http:\/\/xn--dlgu-bpabc.es&amp;source=gmail&amp;ust=1620505754645000&amp;usg=AFQjCNHTlVPoqNB9bhUkjZir-p7f3tvP1g\">d\u00e9l\u00e9gu\u00e9.es<\/a> et auditeur.trices de sa section au bureau r\u00e9gional. <\/span><\/span><\/p>\n<p align=\"JUSTIFY\"><span style=\"font-family: Arial, sans-serif\"><span style=\"font-size: medium\">Les <a href=\"http:\/\/participant.es\" target=\"_blank\" rel=\"noopener\" data-saferedirecturl=\"https:\/\/www.google.com\/url?q=http:\/\/participant.es&amp;source=gmail&amp;ust=1620505754645000&amp;usg=AFQjCNFEDDQDLGsZ-WJYkzWO2m6KkHSTUg\">participant.es<\/a> recevront en retour une convocation octroyant une autorisation d&rsquo;absence correspondant \u00e0 la dur\u00e9e de la r\u00e9union du congr\u00e8s et accompagn\u00e9e des identifiants et mots de passe permettant de rejoindre la r\u00e9union du congr\u00e8s. <\/span><\/span><\/p>\n<p align=\"JUSTIFY\"><span style=\"font-family: Arial, sans-serif\"><span style=\"font-size: medium\">L&rsquo;\u00e9lection du bureau r\u00e9gional permettra les renouvellements de deux cosecr\u00e9taires r\u00e9gionaux femme et homme pour chacune des trois circonscriptions \u2013 Alsace, Champagne-Ardenne et Lorraine- soit six cosecr\u00e9taires r\u00e9gionaux et de secr\u00e9taires r\u00e9gionaux <a href=\"http:\/\/adjoint.es\" target=\"_blank\" rel=\"noopener\" data-saferedirecturl=\"https:\/\/www.google.com\/url?q=http:\/\/adjoint.es&amp;source=gmail&amp;ust=1620505754645000&amp;usg=AFQjCNGskG8xvT-zJk93cDpoYqpNN270Tw\">adjoint.es<\/a> que le congr\u00e8s jugera pertinent de mettre en place. Deux <a href=\"http:\/\/xn--trsorier-c1a.es\" target=\"_blank\" rel=\"noopener\" data-saferedirecturl=\"https:\/\/www.google.com\/url?q=http:\/\/xn--trsorier-c1a.es&amp;source=gmail&amp;ust=1620505754645000&amp;usg=AFQjCNGoCv5kdztasSw41Xol7-6oXrnTpg\">tr\u00e9sorier.es<\/a> <a href=\"http:\/\/adjoint.es\" target=\"_blank\" rel=\"noopener\" data-saferedirecturl=\"https:\/\/www.google.com\/url?q=http:\/\/adjoint.es&amp;source=gmail&amp;ust=1620505754645000&amp;usg=AFQjCNGskG8xvT-zJk93cDpoYqpNN270Tw\">adjoint.es<\/a> de circonscription et un tr\u00e9sorier r\u00e9gional compl\u00e9teront ce bureau. <\/span><\/span><\/p>\n<p><span style=\"font-family: Arial, sans-serif\"><span style=\"font-size: medium\">La d\u00e9claration de candidature au renouvellement du bureau r\u00e9gional est ouvert \u00e0 tous et toutes les <a href=\"http:\/\/xn--syndiqu-hya.es\" target=\"_blank\" rel=\"noopener\" data-saferedirecturl=\"https:\/\/www.google.com\/url?q=http:\/\/xn--syndiqu-hya.es&amp;source=gmail&amp;ust=1620505754645000&amp;usg=AFQjCNGa9vt138Plj_L4nVBc5KeK6ki53w\">syndiqu\u00e9.es<\/a> \u00e0 jour de leur cotisation 2020-2021 et devra \u00eatre retourn\u00e9e sur la messagerie <a href=\"mailto:grand-est@snetap-fsu.fr\" target=\"_blank\" rel=\"noopener\">grand-est@snetap-fsu.fr<\/a> au plus tard le 1er juin minuit. Un ultime appel de candidature sera r\u00e9alis\u00e9 au congr\u00e8s parmi les <a href=\"http:\/\/xn--reprsentant-ebb.es\" target=\"_blank\" rel=\"noopener\" data-saferedirecturl=\"https:\/\/www.google.com\/url?q=http:\/\/xn--reprsentant-ebb.es&amp;source=gmail&amp;ust=1620505754645000&amp;usg=AFQjCNFFlUmopHIVV_njyimjC5qzbRl9zA\">repr\u00e9sentant.es<\/a> mandat\u00e9es par les sections ou toutes autres syndiqu\u00e9es <a href=\"http:\/\/xn--prsent-cva.es\" target=\"_blank\" rel=\"noopener\" data-saferedirecturl=\"https:\/\/www.google.com\/url?q=http:\/\/xn--prsent-cva.es&amp;source=gmail&amp;ust=1620505754645000&amp;usg=AFQjCNF4hSdunZUb9zghaoRJ-RXQCqh6uA\">pr\u00e9sent.es<\/a> parmi les auditeurs-auditrices <a href=\"http:\/\/xn--prsent-cva.es\" target=\"_blank\" rel=\"noopener\" data-saferedirecturl=\"https:\/\/www.google.com\/url?q=http:\/\/xn--prsent-cva.es&amp;source=gmail&amp;ust=1620505754645000&amp;usg=AFQjCNF4hSdunZUb9zghaoRJ-RXQCqh6uA\">pr\u00e9sent.es<\/a> avant de proc\u00e9der \u00e0 l&rsquo;\u00e9lection. (d\u00e9claration de candidature en annexe) <\/span><\/span><\/p>\n<p>&nbsp;<\/p>\n<p><strong>ANNEXES<\/strong><\/p>\n<p align=\"JUSTIFY\"><a href=\"https:\/\/regions-snetap-fsu.fr\/ge\/wp-content\/uploads\/sites\/6\/2021\/05\/2021-Rapport-dactivite-Gd-Est-1.pdf\" target=\"_blank\" rel=\"noopener\"><em>Rapport d&rsquo;activite Grand Est<\/em><\/a><\/p>\n<p><em><a href=\"https:\/\/regions-snetap-fsu.fr\/ge\/wp-content\/uploads\/sites\/6\/2021\/05\/2020-Declaration-de-candidature.pdf\" target=\"_blank\" rel=\"noopener\">D\u00e9claration de candidature<\/a><\/em><\/p>\n","protected":false},"excerpt":{"rendered":"<p>Le Snetap-FSU Grand-Est premi\u00e8re organisation repr\u00e9sentative des personnels de l&rsquo;Enseignement agricole dans cette grande r\u00e9gion, r\u00e9uni son deuxi\u00e8me congr\u00e8s le jeudi 3 juin 2021. Repouss\u00e9 de mars \u00e0 juin en raison de la crise sanitaire et se devant de renouveler son ex\u00e9cutif et ses mandats, le choix a \u00e9t\u00e9 fait de le r\u00e9unir en distanciel. [&hellip;]<\/p>\n","protected":false},"author":111,"featured_media":478,"comment_status":"closed","ping_status":"closed","sticky":false,"template":"","format":"standard","meta":{"ocean_post_layout":"","ocean_both_sidebars_style":"","ocean_both_sidebars_content_width":0,"ocean_both_sidebars_sidebars_width":0,"ocean_sidebar":"0","ocean_second_sidebar":"0","ocean_disable_margins":"enable","ocean_add_body_class":"","ocean_shortcode_before_top_bar":"","ocean_shortcode_after_top_bar":"","ocean_shortcode_before_header":"","ocean_shortcode_after_header":"","ocean_has_shortcode":"","ocean_shortcode_after_title":"","ocean_shortcode_before_footer_widgets":"","ocean_shortcode_after_footer_widgets":"","ocean_shortcode_before_footer_bottom":"","ocean_shortcode_after_footer_bottom":"","ocean_display_top_bar":"default","ocean_display_header":"default","ocean_header_style":"","ocean_center_header_left_menu":"0","ocean_custom_header_template":"0","ocean_custom_logo":0,"ocean_custom_retina_logo":0,"ocean_custom_logo_max_width":0,"ocean_custom_logo_tablet_max_width":0,"ocean_custom_logo_mobile_max_width":0,"ocean_custom_logo_max_height":0,"ocean_custom_logo_tablet_max_height":0,"ocean_custom_logo_mobile_max_height":0,"ocean_header_custom_menu":"0","ocean_menu_typo_font_family":"0","ocean_menu_typo_font_subset":"","ocean_menu_typo_font_size":0,"ocean_menu_typo_font_size_tablet":0,"ocean_menu_typo_font_size_mobile":0,"ocean_menu_typo_font_size_unit":"px","ocean_menu_typo_font_weight":"","ocean_menu_typo_font_weight_tablet":"","ocean_menu_typo_font_weight_mobile":"","ocean_menu_typo_transform":"","ocean_menu_typo_transform_tablet":"","ocean_menu_typo_transform_mobile":"","ocean_menu_typo_line_height":0,"ocean_menu_typo_line_height_tablet":0,"ocean_menu_typo_line_height_mobile":0,"ocean_menu_typo_line_height_unit":"","ocean_menu_typo_spacing":0,"ocean_menu_typo_spacing_tablet":0,"ocean_menu_typo_spacing_mobile":0,"ocean_menu_typo_spacing_unit":"","ocean_menu_link_color":"","ocean_menu_link_color_hover":"","ocean_menu_link_color_active":"","ocean_menu_link_background":"","ocean_menu_link_hover_background":"","ocean_menu_link_active_background":"","ocean_menu_social_links_bg":"","ocean_menu_social_hover_links_bg":"","ocean_menu_social_links_color":"","ocean_menu_social_hover_links_color":"","ocean_disable_title":"default","ocean_disable_heading":"default","ocean_post_title":"","ocean_post_subheading":"","ocean_post_title_style":"","ocean_post_title_background_color":"","ocean_post_title_background":0,"ocean_post_title_bg_image_position":"","ocean_post_title_bg_image_attachment":"","ocean_post_title_bg_image_repeat":"","ocean_post_title_bg_image_size":"","ocean_post_title_height":0,"ocean_post_title_bg_overlay":0.5,"ocean_post_title_bg_overlay_color":"","ocean_disable_breadcrumbs":"default","ocean_breadcrumbs_color":"","ocean_breadcrumbs_separator_color":"","ocean_breadcrumbs_links_color":"","ocean_breadcrumbs_links_hover_color":"","ocean_display_footer_widgets":"default","ocean_display_footer_bottom":"default","ocean_custom_footer_template":"0","ocean_post_oembed":"","ocean_post_self_hosted_media":"","ocean_post_video_embed":"","ocean_link_format":"","ocean_link_format_target":"self","ocean_quote_format":"","ocean_quote_format_link":"post","ocean_gallery_link_images":"off","ocean_gallery_id":[],"footnotes":""},"categories":[5,6,18,7],"tags":[],"post_folder":[],"class_list":["post-456","post","type-post","status-publish","format-standard","has-post-thumbnail","hentry","category-alsace","category-champagne-ardenne","category-circonscriptions-anciennes-regions","category-lorraine","entry","has-media"],"yoast_head":"<!-- This site is optimized with the Yoast SEO plugin v27.4 - https:\/\/yoast.com\/product\/yoast-seo-wordpress\/ -->\n<title>Pr\u00e9paration du 2\u00e8me congr\u00e8s r\u00e9gional du Snetap-FSU Grand-Est - GRAND-EST<\/title>\n<meta name=\"robots\" content=\"index, follow, max-snippet:-1, max-image-preview:large, max-video-preview:-1\" \/>\n<link rel=\"canonical\" href=\"https:\/\/regions-snetap-fsu.fr\/ge\/2021\/05\/07\/preparation-du-2eme-congres-regional-du-snetap-fsu-grand-est\/\" \/>\n<meta property=\"og:locale\" content=\"fr_FR\" \/>\n<meta property=\"og:type\" content=\"article\" \/>\n<meta property=\"og:title\" content=\"Pr\u00e9paration du 2\u00e8me congr\u00e8s r\u00e9gional du Snetap-FSU Grand-Est - GRAND-EST\" \/>\n<meta property=\"og:description\" content=\"Le Snetap-FSU Grand-Est premi\u00e8re organisation repr\u00e9sentative des personnels de l&rsquo;Enseignement agricole dans cette grande r\u00e9gion, r\u00e9uni son deuxi\u00e8me congr\u00e8s le jeudi 3 juin 2021. Repouss\u00e9 de mars \u00e0 juin en raison de la crise sanitaire et se devant de renouveler son ex\u00e9cutif et ses mandats, le choix a \u00e9t\u00e9 fait de le r\u00e9unir en distanciel. [&hellip;]\" \/>\n<meta property=\"og:url\" content=\"https:\/\/regions-snetap-fsu.fr\/ge\/2021\/05\/07\/preparation-du-2eme-congres-regional-du-snetap-fsu-grand-est\/\" \/>\n<meta property=\"og:site_name\" content=\"GRAND-EST\" \/>\n<meta property=\"article:published_time\" content=\"2021-05-07T20:39:48+00:00\" \/>\n<meta property=\"article:modified_time\" content=\"2021-05-12T18:18:43+00:00\" \/>\n<meta property=\"og:image\" content=\"https:\/\/regions-snetap-fsu.fr\/ge\/wp-content\/uploads\/sites\/6\/2021\/05\/Logo-congres-2021.png\" \/>\n\t<meta property=\"og:image:width\" content=\"417\" \/>\n\t<meta property=\"og:image:height\" content=\"190\" \/>\n\t<meta property=\"og:image:type\" content=\"image\/png\" \/>\n<meta name=\"author\" content=\"jpguenard\" \/>\n<meta name=\"twitter:card\" content=\"summary_large_image\" \/>\n<meta name=\"twitter:label1\" content=\"\u00c9crit par\" \/>\n\t<meta name=\"twitter:data1\" content=\"jpguenard\" \/>\n\t<meta name=\"twitter:label2\" content=\"Dur\u00e9e de lecture estim\u00e9e\" \/>\n\t<meta name=\"twitter:data2\" content=\"3 minutes\" \/>\n<script type=\"application\/ld+json\" class=\"yoast-schema-graph\">{\"@context\":\"https:\\\/\\\/schema.org\",\"@graph\":[{\"@type\":\"Article\",\"@id\":\"https:\\\/\\\/regions-snetap-fsu.fr\\\/ge\\\/2021\\\/05\\\/07\\\/preparation-du-2eme-congres-regional-du-snetap-fsu-grand-est\\\/#article\",\"isPartOf\":{\"@id\":\"https:\\\/\\\/regions-snetap-fsu.fr\\\/ge\\\/2021\\\/05\\\/07\\\/preparation-du-2eme-congres-regional-du-snetap-fsu-grand-est\\\/\"},\"author\":{\"name\":\"jpguenard\",\"@id\":\"https:\\\/\\\/regions-snetap-fsu.fr\\\/ge\\\/#\\\/schema\\\/person\\\/cae10ad71661d0b10a501f393500269d\"},\"headline\":\"Pr\u00e9paration du 2\u00e8me congr\u00e8s r\u00e9gional du Snetap-FSU Grand-Est\",\"datePublished\":\"2021-05-07T20:39:48+00:00\",\"dateModified\":\"2021-05-12T18:18:43+00:00\",\"mainEntityOfPage\":{\"@id\":\"https:\\\/\\\/regions-snetap-fsu.fr\\\/ge\\\/2021\\\/05\\\/07\\\/preparation-du-2eme-congres-regional-du-snetap-fsu-grand-est\\\/\"},\"wordCount\":532,\"publisher\":{\"@id\":\"https:\\\/\\\/regions-snetap-fsu.fr\\\/ge\\\/#organization\"},\"image\":{\"@id\":\"https:\\\/\\\/regions-snetap-fsu.fr\\\/ge\\\/2021\\\/05\\\/07\\\/preparation-du-2eme-congres-regional-du-snetap-fsu-grand-est\\\/#primaryimage\"},\"thumbnailUrl\":\"https:\\\/\\\/regions-snetap-fsu.fr\\\/ge\\\/wp-content\\\/uploads\\\/sites\\\/6\\\/2021\\\/05\\\/Logo-congres-2021.png\",\"articleSection\":[\"Alsace\",\"Champagne-Ardenne\",\"Circonscriptions (anciennes r\u00e9gions)\",\"Lorraine\"],\"inLanguage\":\"fr-FR\"},{\"@type\":\"WebPage\",\"@id\":\"https:\\\/\\\/regions-snetap-fsu.fr\\\/ge\\\/2021\\\/05\\\/07\\\/preparation-du-2eme-congres-regional-du-snetap-fsu-grand-est\\\/\",\"url\":\"https:\\\/\\\/regions-snetap-fsu.fr\\\/ge\\\/2021\\\/05\\\/07\\\/preparation-du-2eme-congres-regional-du-snetap-fsu-grand-est\\\/\",\"name\":\"Pr\u00e9paration du 2\u00e8me congr\u00e8s r\u00e9gional du Snetap-FSU Grand-Est - GRAND-EST\",\"isPartOf\":{\"@id\":\"https:\\\/\\\/regions-snetap-fsu.fr\\\/ge\\\/#website\"},\"primaryImageOfPage\":{\"@id\":\"https:\\\/\\\/regions-snetap-fsu.fr\\\/ge\\\/2021\\\/05\\\/07\\\/preparation-du-2eme-congres-regional-du-snetap-fsu-grand-est\\\/#primaryimage\"},\"image\":{\"@id\":\"https:\\\/\\\/regions-snetap-fsu.fr\\\/ge\\\/2021\\\/05\\\/07\\\/preparation-du-2eme-congres-regional-du-snetap-fsu-grand-est\\\/#primaryimage\"},\"thumbnailUrl\":\"https:\\\/\\\/regions-snetap-fsu.fr\\\/ge\\\/wp-content\\\/uploads\\\/sites\\\/6\\\/2021\\\/05\\\/Logo-congres-2021.png\",\"datePublished\":\"2021-05-07T20:39:48+00:00\",\"dateModified\":\"2021-05-12T18:18:43+00:00\",\"breadcrumb\":{\"@id\":\"https:\\\/\\\/regions-snetap-fsu.fr\\\/ge\\\/2021\\\/05\\\/07\\\/preparation-du-2eme-congres-regional-du-snetap-fsu-grand-est\\\/#breadcrumb\"},\"inLanguage\":\"fr-FR\",\"potentialAction\":[{\"@type\":\"ReadAction\",\"target\":[\"https:\\\/\\\/regions-snetap-fsu.fr\\\/ge\\\/2021\\\/05\\\/07\\\/preparation-du-2eme-congres-regional-du-snetap-fsu-grand-est\\\/\"]}]},{\"@type\":\"ImageObject\",\"inLanguage\":\"fr-FR\",\"@id\":\"https:\\\/\\\/regions-snetap-fsu.fr\\\/ge\\\/2021\\\/05\\\/07\\\/preparation-du-2eme-congres-regional-du-snetap-fsu-grand-est\\\/#primaryimage\",\"url\":\"https:\\\/\\\/regions-snetap-fsu.fr\\\/ge\\\/wp-content\\\/uploads\\\/sites\\\/6\\\/2021\\\/05\\\/Logo-congres-2021.png\",\"contentUrl\":\"https:\\\/\\\/regions-snetap-fsu.fr\\\/ge\\\/wp-content\\\/uploads\\\/sites\\\/6\\\/2021\\\/05\\\/Logo-congres-2021.png\",\"width\":417,\"height\":190,\"caption\":\"Logo congr\u00e8s r\u00e9gional 2021\"},{\"@type\":\"BreadcrumbList\",\"@id\":\"https:\\\/\\\/regions-snetap-fsu.fr\\\/ge\\\/2021\\\/05\\\/07\\\/preparation-du-2eme-congres-regional-du-snetap-fsu-grand-est\\\/#breadcrumb\",\"itemListElement\":[{\"@type\":\"ListItem\",\"position\":1,\"name\":\"Accueil\",\"item\":\"https:\\\/\\\/regions-snetap-fsu.fr\\\/ge\\\/\"},{\"@type\":\"ListItem\",\"position\":2,\"name\":\"Pr\u00e9paration du 2\u00e8me congr\u00e8s r\u00e9gional du Snetap-FSU Grand-Est\"}]},{\"@type\":\"WebSite\",\"@id\":\"https:\\\/\\\/regions-snetap-fsu.fr\\\/ge\\\/#website\",\"url\":\"https:\\\/\\\/regions-snetap-fsu.fr\\\/ge\\\/\",\"name\":\"SNETAP-FSU GRAND-EST\",\"description\":\"Le blog de la Section R\u00e9gionale\",\"publisher\":{\"@id\":\"https:\\\/\\\/regions-snetap-fsu.fr\\\/ge\\\/#organization\"},\"potentialAction\":[{\"@type\":\"SearchAction\",\"target\":{\"@type\":\"EntryPoint\",\"urlTemplate\":\"https:\\\/\\\/regions-snetap-fsu.fr\\\/ge\\\/?s={search_term_string}\"},\"query-input\":{\"@type\":\"PropertyValueSpecification\",\"valueRequired\":true,\"valueName\":\"search_term_string\"}}],\"inLanguage\":\"fr-FR\"},{\"@type\":\"Organization\",\"@id\":\"https:\\\/\\\/regions-snetap-fsu.fr\\\/ge\\\/#organization\",\"name\":\"SNETAP-FSU - Grand-Est\",\"url\":\"https:\\\/\\\/regions-snetap-fsu.fr\\\/ge\\\/\",\"logo\":{\"@type\":\"ImageObject\",\"inLanguage\":\"fr-FR\",\"@id\":\"https:\\\/\\\/regions-snetap-fsu.fr\\\/ge\\\/#\\\/schema\\\/logo\\\/image\\\/\",\"url\":\"https:\\\/\\\/regions-snetap-fsu.fr\\\/ge\\\/wp-content\\\/uploads\\\/sites\\\/6\\\/2019\\\/02\\\/LOGO-Snetap.jpg\",\"contentUrl\":\"https:\\\/\\\/regions-snetap-fsu.fr\\\/ge\\\/wp-content\\\/uploads\\\/sites\\\/6\\\/2019\\\/02\\\/LOGO-Snetap.jpg\",\"width\":2730,\"height\":2050,\"caption\":\"SNETAP-FSU - Grand-Est\"},\"image\":{\"@id\":\"https:\\\/\\\/regions-snetap-fsu.fr\\\/ge\\\/#\\\/schema\\\/logo\\\/image\\\/\"}},{\"@type\":\"Person\",\"@id\":\"https:\\\/\\\/regions-snetap-fsu.fr\\\/ge\\\/#\\\/schema\\\/person\\\/cae10ad71661d0b10a501f393500269d\",\"name\":\"jpguenard\",\"image\":{\"@type\":\"ImageObject\",\"inLanguage\":\"fr-FR\",\"@id\":\"https:\\\/\\\/secure.gravatar.com\\\/avatar\\\/b436473b259d94a44a8959d05b912286bbedadc2f2a5c8bb21659e57eadbcc27?s=96&d=mm&r=g\",\"url\":\"https:\\\/\\\/secure.gravatar.com\\\/avatar\\\/b436473b259d94a44a8959d05b912286bbedadc2f2a5c8bb21659e57eadbcc27?s=96&d=mm&r=g\",\"contentUrl\":\"https:\\\/\\\/secure.gravatar.com\\\/avatar\\\/b436473b259d94a44a8959d05b912286bbedadc2f2a5c8bb21659e57eadbcc27?s=96&d=mm&r=g\",\"caption\":\"jpguenard\"},\"url\":\"https:\\\/\\\/regions-snetap-fsu.fr\\\/ge\\\/author\\\/jpguenard\\\/\"}]}<\/script>\n<!-- \/ Yoast SEO plugin. -->","yoast_head_json":{"title":"Pr\u00e9paration du 2\u00e8me congr\u00e8s r\u00e9gional du Snetap-FSU Grand-Est - GRAND-EST","robots":{"index":"index","follow":"follow","max-snippet":"max-snippet:-1","max-image-preview":"max-image-preview:large","max-video-preview":"max-video-preview:-1"},"canonical":"https:\/\/regions-snetap-fsu.fr\/ge\/2021\/05\/07\/preparation-du-2eme-congres-regional-du-snetap-fsu-grand-est\/","og_locale":"fr_FR","og_type":"article","og_title":"Pr\u00e9paration du 2\u00e8me congr\u00e8s r\u00e9gional du Snetap-FSU Grand-Est - GRAND-EST","og_description":"Le Snetap-FSU Grand-Est premi\u00e8re organisation repr\u00e9sentative des personnels de l&rsquo;Enseignement agricole dans cette grande r\u00e9gion, r\u00e9uni son deuxi\u00e8me congr\u00e8s le jeudi 3 juin 2021. Repouss\u00e9 de mars \u00e0 juin en raison de la crise sanitaire et se devant de renouveler son ex\u00e9cutif et ses mandats, le choix a \u00e9t\u00e9 fait de le r\u00e9unir en distanciel. [&hellip;]","og_url":"https:\/\/regions-snetap-fsu.fr\/ge\/2021\/05\/07\/preparation-du-2eme-congres-regional-du-snetap-fsu-grand-est\/","og_site_name":"GRAND-EST","article_published_time":"2021-05-07T20:39:48+00:00","article_modified_time":"2021-05-12T18:18:43+00:00","og_image":[{"width":417,"height":190,"url":"https:\/\/regions-snetap-fsu.fr\/ge\/wp-content\/uploads\/sites\/6\/2021\/05\/Logo-congres-2021.png","type":"image\/png"}],"author":"jpguenard","twitter_card":"summary_large_image","twitter_misc":{"\u00c9crit par":"jpguenard","Dur\u00e9e de lecture estim\u00e9e":"3 minutes"},"schema":{"@context":"https:\/\/schema.org","@graph":[{"@type":"Article","@id":"https:\/\/regions-snetap-fsu.fr\/ge\/2021\/05\/07\/preparation-du-2eme-congres-regional-du-snetap-fsu-grand-est\/#article","isPartOf":{"@id":"https:\/\/regions-snetap-fsu.fr\/ge\/2021\/05\/07\/preparation-du-2eme-congres-regional-du-snetap-fsu-grand-est\/"},"author":{"name":"jpguenard","@id":"https:\/\/regions-snetap-fsu.fr\/ge\/#\/schema\/person\/cae10ad71661d0b10a501f393500269d"},"headline":"Pr\u00e9paration du 2\u00e8me congr\u00e8s r\u00e9gional du Snetap-FSU Grand-Est","datePublished":"2021-05-07T20:39:48+00:00","dateModified":"2021-05-12T18:18:43+00:00","mainEntityOfPage":{"@id":"https:\/\/regions-snetap-fsu.fr\/ge\/2021\/05\/07\/preparation-du-2eme-congres-regional-du-snetap-fsu-grand-est\/"},"wordCount":532,"publisher":{"@id":"https:\/\/regions-snetap-fsu.fr\/ge\/#organization"},"image":{"@id":"https:\/\/regions-snetap-fsu.fr\/ge\/2021\/05\/07\/preparation-du-2eme-congres-regional-du-snetap-fsu-grand-est\/#primaryimage"},"thumbnailUrl":"https:\/\/regions-snetap-fsu.fr\/ge\/wp-content\/uploads\/sites\/6\/2021\/05\/Logo-congres-2021.png","articleSection":["Alsace","Champagne-Ardenne","Circonscriptions (anciennes r\u00e9gions)","Lorraine"],"inLanguage":"fr-FR"},{"@type":"WebPage","@id":"https:\/\/regions-snetap-fsu.fr\/ge\/2021\/05\/07\/preparation-du-2eme-congres-regional-du-snetap-fsu-grand-est\/","url":"https:\/\/regions-snetap-fsu.fr\/ge\/2021\/05\/07\/preparation-du-2eme-congres-regional-du-snetap-fsu-grand-est\/","name":"Pr\u00e9paration du 2\u00e8me congr\u00e8s r\u00e9gional du Snetap-FSU Grand-Est - GRAND-EST","isPartOf":{"@id":"https:\/\/regions-snetap-fsu.fr\/ge\/#website"},"primaryImageOfPage":{"@id":"https:\/\/regions-snetap-fsu.fr\/ge\/2021\/05\/07\/preparation-du-2eme-congres-regional-du-snetap-fsu-grand-est\/#primaryimage"},"image":{"@id":"https:\/\/regions-snetap-fsu.fr\/ge\/2021\/05\/07\/preparation-du-2eme-congres-regional-du-snetap-fsu-grand-est\/#primaryimage"},"thumbnailUrl":"https:\/\/regions-snetap-fsu.fr\/ge\/wp-content\/uploads\/sites\/6\/2021\/05\/Logo-congres-2021.png","datePublished":"2021-05-07T20:39:48+00:00","dateModified":"2021-05-12T18:18:43+00:00","breadcrumb":{"@id":"https:\/\/regions-snetap-fsu.fr\/ge\/2021\/05\/07\/preparation-du-2eme-congres-regional-du-snetap-fsu-grand-est\/#breadcrumb"},"inLanguage":"fr-FR","potentialAction":[{"@type":"ReadAction","target":["https:\/\/regions-snetap-fsu.fr\/ge\/2021\/05\/07\/preparation-du-2eme-congres-regional-du-snetap-fsu-grand-est\/"]}]},{"@type":"ImageObject","inLanguage":"fr-FR","@id":"https:\/\/regions-snetap-fsu.fr\/ge\/2021\/05\/07\/preparation-du-2eme-congres-regional-du-snetap-fsu-grand-est\/#primaryimage","url":"https:\/\/regions-snetap-fsu.fr\/ge\/wp-content\/uploads\/sites\/6\/2021\/05\/Logo-congres-2021.png","contentUrl":"https:\/\/regions-snetap-fsu.fr\/ge\/wp-content\/uploads\/sites\/6\/2021\/05\/Logo-congres-2021.png","width":417,"height":190,"caption":"Logo congr\u00e8s r\u00e9gional 2021"},{"@type":"BreadcrumbList","@id":"https:\/\/regions-snetap-fsu.fr\/ge\/2021\/05\/07\/preparation-du-2eme-congres-regional-du-snetap-fsu-grand-est\/#breadcrumb","itemListElement":[{"@type":"ListItem","position":1,"name":"Accueil","item":"https:\/\/regions-snetap-fsu.fr\/ge\/"},{"@type":"ListItem","position":2,"name":"Pr\u00e9paration du 2\u00e8me congr\u00e8s r\u00e9gional du Snetap-FSU Grand-Est"}]},{"@type":"WebSite","@id":"https:\/\/regions-snetap-fsu.fr\/ge\/#website","url":"https:\/\/regions-snetap-fsu.fr\/ge\/","name":"SNETAP-FSU GRAND-EST","description":"Le blog de la Section R\u00e9gionale","publisher":{"@id":"https:\/\/regions-snetap-fsu.fr\/ge\/#organization"},"potentialAction":[{"@type":"SearchAction","target":{"@type":"EntryPoint","urlTemplate":"https:\/\/regions-snetap-fsu.fr\/ge\/?s={search_term_string}"},"query-input":{"@type":"PropertyValueSpecification","valueRequired":true,"valueName":"search_term_string"}}],"inLanguage":"fr-FR"},{"@type":"Organization","@id":"https:\/\/regions-snetap-fsu.fr\/ge\/#organization","name":"SNETAP-FSU - Grand-Est","url":"https:\/\/regions-snetap-fsu.fr\/ge\/","logo":{"@type":"ImageObject","inLanguage":"fr-FR","@id":"https:\/\/regions-snetap-fsu.fr\/ge\/#\/schema\/logo\/image\/","url":"https:\/\/regions-snetap-fsu.fr\/ge\/wp-content\/uploads\/sites\/6\/2019\/02\/LOGO-Snetap.jpg","contentUrl":"https:\/\/regions-snetap-fsu.fr\/ge\/wp-content\/uploads\/sites\/6\/2019\/02\/LOGO-Snetap.jpg","width":2730,"height":2050,"caption":"SNETAP-FSU - Grand-Est"},"image":{"@id":"https:\/\/regions-snetap-fsu.fr\/ge\/#\/schema\/logo\/image\/"}},{"@type":"Person","@id":"https:\/\/regions-snetap-fsu.fr\/ge\/#\/schema\/person\/cae10ad71661d0b10a501f393500269d","name":"jpguenard","image":{"@type":"ImageObject","inLanguage":"fr-FR","@id":"https:\/\/secure.gravatar.com\/avatar\/b436473b259d94a44a8959d05b912286bbedadc2f2a5c8bb21659e57eadbcc27?s=96&d=mm&r=g","url":"https:\/\/secure.gravatar.com\/avatar\/b436473b259d94a44a8959d05b912286bbedadc2f2a5c8bb21659e57eadbcc27?s=96&d=mm&r=g","contentUrl":"https:\/\/secure.gravatar.com\/avatar\/b436473b259d94a44a8959d05b912286bbedadc2f2a5c8bb21659e57eadbcc27?s=96&d=mm&r=g","caption":"jpguenard"},"url":"https:\/\/regions-snetap-fsu.fr\/ge\/author\/jpguenard\/"}]}},"_links":{"self":[{"href":"https:\/\/regions-snetap-fsu.fr\/ge\/wp-json\/wp\/v2\/posts\/456","targetHints":{"allow":["GET"]}}],"collection":[{"href":"https:\/\/regions-snetap-fsu.fr\/ge\/wp-json\/wp\/v2\/posts"}],"about":[{"href":"https:\/\/regions-snetap-fsu.fr\/ge\/wp-json\/wp\/v2\/types\/post"}],"author":[{"embeddable":true,"href":"https:\/\/regions-snetap-fsu.fr\/ge\/wp-json\/wp\/v2\/users\/111"}],"replies":[{"embeddable":true,"href":"https:\/\/regions-snetap-fsu.fr\/ge\/wp-json\/wp\/v2\/comments?post=456"}],"version-history":[{"count":7,"href":"https:\/\/regions-snetap-fsu.fr\/ge\/wp-json\/wp\/v2\/posts\/456\/revisions"}],"predecessor-version":[{"id":465,"href":"https:\/\/regions-snetap-fsu.fr\/ge\/wp-json\/wp\/v2\/posts\/456\/revisions\/465"}],"wp:featuredmedia":[{"embeddable":true,"href":"https:\/\/regions-snetap-fsu.fr\/ge\/wp-json\/wp\/v2\/media\/478"}],"wp:attachment":[{"href":"https:\/\/regions-snetap-fsu.fr\/ge\/wp-json\/wp\/v2\/media?parent=456"}],"wp:term":[{"taxonomy":"category","embeddable":true,"href":"https:\/\/regions-snetap-fsu.fr\/ge\/wp-json\/wp\/v2\/categories?post=456"},{"taxonomy":"post_tag","embeddable":true,"href":"https:\/\/regions-snetap-fsu.fr\/ge\/wp-json\/wp\/v2\/tags?post=456"},{"taxonomy":"post_folder","embeddable":true,"href":"https:\/\/regions-snetap-fsu.fr\/ge\/wp-json\/wp\/v2\/post_folder?post=456"}],"curies":[{"name":"wp","href":"https:\/\/api.w.org\/{rel}","templated":true}]}}