{"id":431,"date":"2021-02-11T09:16:28","date_gmt":"2021-02-11T08:16:28","guid":{"rendered":"https:\/\/regions-snetap-fsu.fr\/ge\/?p=431"},"modified":"2021-02-11T09:16:28","modified_gmt":"2021-02-11T08:16:28","slug":"ctrea-exceptionnel-du-28-janvier","status":"publish","type":"post","link":"https:\/\/regions-snetap-fsu.fr\/ge\/2021\/02\/11\/ctrea-exceptionnel-du-28-janvier\/","title":{"rendered":"CTREA exceptionnel du 28 janvier"},"content":{"rendered":"<p>Ce CTREA a d\u00e9but\u00e9 par une d\u00e9claration liminaire (voir ci-dessous) et s\u2019inscrit pleinement dans la suite de notre action du 26.<\/p>\n<p>L\u2019administration \u00e9tait repr\u00e9sent\u00e9e par Mme BOSSY (DRAAF), Mr BEJOT (SRFD), Mr NOEL (adjoint-SRFD), Mme CIBERT (Repr\u00e9sentante des Directeurs d\u2019\u00e9tablissement),<br \/>\nMme VALENTIN (assistante au Chef de Service)&#8230;<br \/>\n\u25cf Le 1er point \u00e9voqu\u00e9 concernait l\u2019\u00e9quit\u00e9 de traitement entre l\u2019Enseignement Agricole Public et l\u2019E.A. Priv\u00e9. Depuis quelques ann\u00e9es, surtout depuis 2 ans, nous<br \/>\nobservons un d\u00e9s\u00e9quilibre de la Carte des Formations \u00e0 la faveur du Priv\u00e9 (11 ouvertures de nouvelles fili\u00e8res dans le priv\u00e9 contre 1 section europ\u00e9enne + 1<br \/>\nclasse de 3\u00e8me dans le public).<br \/>\n\u25cf Quel r\u00f4le joue la DRAAF face aux \u00e9tablissements en fragilit\u00e9? (TOUL et FAYL-BILLOT)<br \/>\nLe terrible constat est que les r\u00e9ponses donn\u00e9es ne sont ni satisfaisantes, ni convaincantes!<br \/>\nLa DRAAF propose une vision d\u2019ensemble de la carte des formations par fili\u00e8re et par \u00e9tablissement.<\/p>\n<p>Une vision pluriannuelle des \u00e9tablissements en ce qui concerne le bilan des ouvertures et fermetures.<\/p>\n<p>Plus d\u2019exigences sur l\u2019origine des moyens financiers du Priv\u00e9.<\/p>\n<p>Une analyse comparative plus p\u00e9dagogique (contr\u00f4le a posteriori, d\u00e9crochage, r\u00e9sultats aux examen\u2026.).<\/p>\n<p>Identifier la situation des \u00e9tablissements fragiles (atouts-contraintes), identifier les centres sur lesquels on peut exercer une attraction particuli\u00e8re, s\u2019assurer que les directeurs informent de la situation tant la DRAAF que les personnels.<br \/>\nNous exigerons que le tableau de suivi des propositions soit renseign\u00e9 et mis \u00e0 jour au prochain CTREA\u2026<br \/>\nQue se passe-t-il quand il ne se passe rien?\u2026..<\/p>\n<p>Malgr\u00e9 nos actions, la DRAAF joue l\u2019immobilisme\u2026<\/p>\n<p>D\u00e9claration liminaire :<\/p>\n\n\t\t<div class=\"wppdfemb-frame-container-1\" style=\"-webkit-overflow-scrolling:auto;\">\n\t\t\t<iframe class=\"pdfembed-iframe nonfullscreen wppdf-emb-iframe-1\"\n\t\t\t\tsrc=\"https:\/\/regions-snetap-fsu.fr\/ge\/?pdfemb-data=eyJ1cmwiOiJodHRwczpcL1wvcmVnaW9ucy1zbmV0YXAtZnN1LmZyXC9nZVwvd3AtY29udGVudFwvdXBsb2Fkc1wvc2l0ZXNcLzZcLzIwMjFcLzAyXC9EZWNsYXJhdGlvbi1saW1pbmFpcmUtaW50ZXJzeW5kaWNhbGUtYXUtQ1RSRUEtZXh0cmFvcmRpbmFpcmUtZHUtMjgtamFudmllci0yMDIxLnBkZiIsInRpdGxlIjoiRFx1MDBlOWNsYXJhdGlvbiBsaW1pbmFpcmUgaW50ZXJzeW5kaWNhbGUgYXUgQ1RSRUEgZXh0cmFvcmRpbmFpcmUgZHUgMjggamFudmllciAyMDIxIiwiaW5kZXgiOjEsInBkZklEIjo0MzJ9\"\n\t\t\t\ttitle=\"D\u00e9claration liminaire intersyndicale au CTREA extraordinaire du 28 janvier 2021\"\t\t\t\tdata-pdf-id=\"432\"\n\t\t\t\tdata-pdf-index=\"1\"\n\t\t\t\tstyle=\"border:none;width:100%;max-width:100%;height:100vh;\"\n\t\t\t\tscrolling=\"yes\">\n\t\t\t<\/iframe>\n\t\t<\/div>\n\n\t\t\n","protected":false},"excerpt":{"rendered":"<p>Ce CTREA a d\u00e9but\u00e9 par une d\u00e9claration liminaire (voir ci-dessous) et s\u2019inscrit pleinement dans la suite de notre action du 26. L\u2019administration \u00e9tait repr\u00e9sent\u00e9e par Mme BOSSY (DRAAF), Mr BEJOT (SRFD), Mr NOEL (adjoint-SRFD), Mme CIBERT (Repr\u00e9sentante des Directeurs d\u2019\u00e9tablissement), Mme VALENTIN (assistante au Chef de Service)&#8230; \u25cf Le 1er point \u00e9voqu\u00e9 concernait l\u2019\u00e9quit\u00e9 de [&hellip;]<\/p>\n","protected":false},"author":101,"featured_media":0,"comment_status":"closed","ping_status":"closed","sticky":false,"template":"","format":"standard","meta":{"ocean_post_layout":"","ocean_both_sidebars_style":"","ocean_both_sidebars_content_width":0,"ocean_both_sidebars_sidebars_width":0,"ocean_sidebar":"0","ocean_second_sidebar":"0","ocean_disable_margins":"enable","ocean_add_body_class":"","ocean_shortcode_before_top_bar":"","ocean_shortcode_after_top_bar":"","ocean_shortcode_before_header":"","ocean_shortcode_after_header":"","ocean_has_shortcode":"","ocean_shortcode_after_title":"","ocean_shortcode_before_footer_widgets":"","ocean_shortcode_after_footer_widgets":"","ocean_shortcode_before_footer_bottom":"","ocean_shortcode_after_footer_bottom":"","ocean_display_top_bar":"default","ocean_display_header":"default","ocean_header_style":"","ocean_center_header_left_menu":"0","ocean_custom_header_template":"0","ocean_custom_logo":0,"ocean_custom_retina_logo":0,"ocean_custom_logo_max_width":0,"ocean_custom_logo_tablet_max_width":0,"ocean_custom_logo_mobile_max_width":0,"ocean_custom_logo_max_height":0,"ocean_custom_logo_tablet_max_height":0,"ocean_custom_logo_mobile_max_height":0,"ocean_header_custom_menu":"0","ocean_menu_typo_font_family":"0","ocean_menu_typo_font_subset":"","ocean_menu_typo_font_size":0,"ocean_menu_typo_font_size_tablet":0,"ocean_menu_typo_font_size_mobile":0,"ocean_menu_typo_font_size_unit":"px","ocean_menu_typo_font_weight":"","ocean_menu_typo_font_weight_tablet":"","ocean_menu_typo_font_weight_mobile":"","ocean_menu_typo_transform":"","ocean_menu_typo_transform_tablet":"","ocean_menu_typo_transform_mobile":"","ocean_menu_typo_line_height":0,"ocean_menu_typo_line_height_tablet":0,"ocean_menu_typo_line_height_mobile":0,"ocean_menu_typo_line_height_unit":"","ocean_menu_typo_spacing":0,"ocean_menu_typo_spacing_tablet":0,"ocean_menu_typo_spacing_mobile":0,"ocean_menu_typo_spacing_unit":"","ocean_menu_link_color":"","ocean_menu_link_color_hover":"","ocean_menu_link_color_active":"","ocean_menu_link_background":"","ocean_menu_link_hover_background":"","ocean_menu_link_active_background":"","ocean_menu_social_links_bg":"","ocean_menu_social_hover_links_bg":"","ocean_menu_social_links_color":"","ocean_menu_social_hover_links_color":"","ocean_disable_title":"default","ocean_disable_heading":"default","ocean_post_title":"","ocean_post_subheading":"","ocean_post_title_style":"","ocean_post_title_background_color":"","ocean_post_title_background":0,"ocean_post_title_bg_image_position":"","ocean_post_title_bg_image_attachment":"","ocean_post_title_bg_image_repeat":"","ocean_post_title_bg_image_size":"","ocean_post_title_height":0,"ocean_post_title_bg_overlay":0.5,"ocean_post_title_bg_overlay_color":"","ocean_disable_breadcrumbs":"default","ocean_breadcrumbs_color":"","ocean_breadcrumbs_separator_color":"","ocean_breadcrumbs_links_color":"","ocean_breadcrumbs_links_hover_color":"","ocean_display_footer_widgets":"default","ocean_display_footer_bottom":"default","ocean_custom_footer_template":"0","ocean_post_oembed":"","ocean_post_self_hosted_media":"","ocean_post_video_embed":"","ocean_link_format":"","ocean_link_format_target":"self","ocean_quote_format":"","ocean_quote_format_link":"post","ocean_gallery_link_images":"off","ocean_gallery_id":[],"footnotes":""},"categories":[1],"tags":[],"post_folder":[],"class_list":["post-431","post","type-post","status-publish","format-standard","hentry","category-non-classe","entry"],"yoast_head":"<!-- This site is optimized with the Yoast SEO plugin v27.4 - https:\/\/yoast.com\/product\/yoast-seo-wordpress\/ -->\n<title>CTREA exceptionnel du 28 janvier - GRAND-EST<\/title>\n<meta name=\"robots\" content=\"index, follow, max-snippet:-1, max-image-preview:large, max-video-preview:-1\" \/>\n<link rel=\"canonical\" href=\"https:\/\/regions-snetap-fsu.fr\/ge\/2021\/02\/11\/ctrea-exceptionnel-du-28-janvier\/\" \/>\n<meta property=\"og:locale\" content=\"fr_FR\" \/>\n<meta property=\"og:type\" content=\"article\" \/>\n<meta property=\"og:title\" content=\"CTREA exceptionnel du 28 janvier - GRAND-EST\" \/>\n<meta property=\"og:description\" content=\"Ce CTREA a d\u00e9but\u00e9 par une d\u00e9claration liminaire (voir ci-dessous) et s\u2019inscrit pleinement dans la suite de notre action du 26. L\u2019administration \u00e9tait repr\u00e9sent\u00e9e par Mme BOSSY (DRAAF), Mr BEJOT (SRFD), Mr NOEL (adjoint-SRFD), Mme CIBERT (Repr\u00e9sentante des Directeurs d\u2019\u00e9tablissement), Mme VALENTIN (assistante au Chef de Service)&#8230; \u25cf Le 1er point \u00e9voqu\u00e9 concernait l\u2019\u00e9quit\u00e9 de [&hellip;]\" \/>\n<meta property=\"og:url\" content=\"https:\/\/regions-snetap-fsu.fr\/ge\/2021\/02\/11\/ctrea-exceptionnel-du-28-janvier\/\" \/>\n<meta property=\"og:site_name\" content=\"GRAND-EST\" \/>\n<meta property=\"article:published_time\" content=\"2021-02-11T08:16:28+00:00\" \/>\n<meta name=\"author\" content=\"cvercruysse\" \/>\n<meta name=\"twitter:card\" content=\"summary_large_image\" \/>\n<meta name=\"twitter:label1\" content=\"\u00c9crit par\" \/>\n\t<meta name=\"twitter:data1\" content=\"cvercruysse\" \/>\n\t<meta name=\"twitter:label2\" content=\"Dur\u00e9e de lecture estim\u00e9e\" \/>\n\t<meta name=\"twitter:data2\" content=\"1 minute\" \/>\n<script type=\"application\/ld+json\" class=\"yoast-schema-graph\">{\"@context\":\"https:\\\/\\\/schema.org\",\"@graph\":[{\"@type\":\"Article\",\"@id\":\"https:\\\/\\\/regions-snetap-fsu.fr\\\/ge\\\/2021\\\/02\\\/11\\\/ctrea-exceptionnel-du-28-janvier\\\/#article\",\"isPartOf\":{\"@id\":\"https:\\\/\\\/regions-snetap-fsu.fr\\\/ge\\\/2021\\\/02\\\/11\\\/ctrea-exceptionnel-du-28-janvier\\\/\"},\"author\":{\"name\":\"cvercruysse\",\"@id\":\"https:\\\/\\\/regions-snetap-fsu.fr\\\/ge\\\/#\\\/schema\\\/person\\\/d8221613597e0d6b3e39e086cde2d7af\"},\"headline\":\"CTREA exceptionnel du 28 janvier\",\"datePublished\":\"2021-02-11T08:16:28+00:00\",\"mainEntityOfPage\":{\"@id\":\"https:\\\/\\\/regions-snetap-fsu.fr\\\/ge\\\/2021\\\/02\\\/11\\\/ctrea-exceptionnel-du-28-janvier\\\/\"},\"wordCount\":300,\"publisher\":{\"@id\":\"https:\\\/\\\/regions-snetap-fsu.fr\\\/ge\\\/#organization\"},\"inLanguage\":\"fr-FR\"},{\"@type\":\"WebPage\",\"@id\":\"https:\\\/\\\/regions-snetap-fsu.fr\\\/ge\\\/2021\\\/02\\\/11\\\/ctrea-exceptionnel-du-28-janvier\\\/\",\"url\":\"https:\\\/\\\/regions-snetap-fsu.fr\\\/ge\\\/2021\\\/02\\\/11\\\/ctrea-exceptionnel-du-28-janvier\\\/\",\"name\":\"CTREA exceptionnel du 28 janvier - GRAND-EST\",\"isPartOf\":{\"@id\":\"https:\\\/\\\/regions-snetap-fsu.fr\\\/ge\\\/#website\"},\"datePublished\":\"2021-02-11T08:16:28+00:00\",\"breadcrumb\":{\"@id\":\"https:\\\/\\\/regions-snetap-fsu.fr\\\/ge\\\/2021\\\/02\\\/11\\\/ctrea-exceptionnel-du-28-janvier\\\/#breadcrumb\"},\"inLanguage\":\"fr-FR\",\"potentialAction\":[{\"@type\":\"ReadAction\",\"target\":[\"https:\\\/\\\/regions-snetap-fsu.fr\\\/ge\\\/2021\\\/02\\\/11\\\/ctrea-exceptionnel-du-28-janvier\\\/\"]}]},{\"@type\":\"BreadcrumbList\",\"@id\":\"https:\\\/\\\/regions-snetap-fsu.fr\\\/ge\\\/2021\\\/02\\\/11\\\/ctrea-exceptionnel-du-28-janvier\\\/#breadcrumb\",\"itemListElement\":[{\"@type\":\"ListItem\",\"position\":1,\"name\":\"Accueil\",\"item\":\"https:\\\/\\\/regions-snetap-fsu.fr\\\/ge\\\/\"},{\"@type\":\"ListItem\",\"position\":2,\"name\":\"CTREA exceptionnel du 28 janvier\"}]},{\"@type\":\"WebSite\",\"@id\":\"https:\\\/\\\/regions-snetap-fsu.fr\\\/ge\\\/#website\",\"url\":\"https:\\\/\\\/regions-snetap-fsu.fr\\\/ge\\\/\",\"name\":\"SNETAP-FSU GRAND-EST\",\"description\":\"Le blog de la Section R\u00e9gionale\",\"publisher\":{\"@id\":\"https:\\\/\\\/regions-snetap-fsu.fr\\\/ge\\\/#organization\"},\"potentialAction\":[{\"@type\":\"SearchAction\",\"target\":{\"@type\":\"EntryPoint\",\"urlTemplate\":\"https:\\\/\\\/regions-snetap-fsu.fr\\\/ge\\\/?s={search_term_string}\"},\"query-input\":{\"@type\":\"PropertyValueSpecification\",\"valueRequired\":true,\"valueName\":\"search_term_string\"}}],\"inLanguage\":\"fr-FR\"},{\"@type\":\"Organization\",\"@id\":\"https:\\\/\\\/regions-snetap-fsu.fr\\\/ge\\\/#organization\",\"name\":\"SNETAP-FSU - Grand-Est\",\"url\":\"https:\\\/\\\/regions-snetap-fsu.fr\\\/ge\\\/\",\"logo\":{\"@type\":\"ImageObject\",\"inLanguage\":\"fr-FR\",\"@id\":\"https:\\\/\\\/regions-snetap-fsu.fr\\\/ge\\\/#\\\/schema\\\/logo\\\/image\\\/\",\"url\":\"https:\\\/\\\/regions-snetap-fsu.fr\\\/ge\\\/wp-content\\\/uploads\\\/sites\\\/6\\\/2019\\\/02\\\/LOGO-Snetap.jpg\",\"contentUrl\":\"https:\\\/\\\/regions-snetap-fsu.fr\\\/ge\\\/wp-content\\\/uploads\\\/sites\\\/6\\\/2019\\\/02\\\/LOGO-Snetap.jpg\",\"width\":2730,\"height\":2050,\"caption\":\"SNETAP-FSU - Grand-Est\"},\"image\":{\"@id\":\"https:\\\/\\\/regions-snetap-fsu.fr\\\/ge\\\/#\\\/schema\\\/logo\\\/image\\\/\"}},{\"@type\":\"Person\",\"@id\":\"https:\\\/\\\/regions-snetap-fsu.fr\\\/ge\\\/#\\\/schema\\\/person\\\/d8221613597e0d6b3e39e086cde2d7af\",\"name\":\"cvercruysse\",\"image\":{\"@type\":\"ImageObject\",\"inLanguage\":\"fr-FR\",\"@id\":\"https:\\\/\\\/secure.gravatar.com\\\/avatar\\\/25c5d5f624e0f65d405b30be1e908497e29c3ae3edc71eb12044d8e5bddef1eb?s=96&d=mm&r=g\",\"url\":\"https:\\\/\\\/secure.gravatar.com\\\/avatar\\\/25c5d5f624e0f65d405b30be1e908497e29c3ae3edc71eb12044d8e5bddef1eb?s=96&d=mm&r=g\",\"contentUrl\":\"https:\\\/\\\/secure.gravatar.com\\\/avatar\\\/25c5d5f624e0f65d405b30be1e908497e29c3ae3edc71eb12044d8e5bddef1eb?s=96&d=mm&r=g\",\"caption\":\"cvercruysse\"},\"url\":\"https:\\\/\\\/regions-snetap-fsu.fr\\\/ge\\\/author\\\/cvercruysse\\\/\"}]}<\/script>\n<!-- \/ Yoast SEO plugin. -->","yoast_head_json":{"title":"CTREA exceptionnel du 28 janvier - GRAND-EST","robots":{"index":"index","follow":"follow","max-snippet":"max-snippet:-1","max-image-preview":"max-image-preview:large","max-video-preview":"max-video-preview:-1"},"canonical":"https:\/\/regions-snetap-fsu.fr\/ge\/2021\/02\/11\/ctrea-exceptionnel-du-28-janvier\/","og_locale":"fr_FR","og_type":"article","og_title":"CTREA exceptionnel du 28 janvier - GRAND-EST","og_description":"Ce CTREA a d\u00e9but\u00e9 par une d\u00e9claration liminaire (voir ci-dessous) et s\u2019inscrit pleinement dans la suite de notre action du 26. L\u2019administration \u00e9tait repr\u00e9sent\u00e9e par Mme BOSSY (DRAAF), Mr BEJOT (SRFD), Mr NOEL (adjoint-SRFD), Mme CIBERT (Repr\u00e9sentante des Directeurs d\u2019\u00e9tablissement), Mme VALENTIN (assistante au Chef de Service)&#8230; \u25cf Le 1er point \u00e9voqu\u00e9 concernait l\u2019\u00e9quit\u00e9 de [&hellip;]","og_url":"https:\/\/regions-snetap-fsu.fr\/ge\/2021\/02\/11\/ctrea-exceptionnel-du-28-janvier\/","og_site_name":"GRAND-EST","article_published_time":"2021-02-11T08:16:28+00:00","author":"cvercruysse","twitter_card":"summary_large_image","twitter_misc":{"\u00c9crit par":"cvercruysse","Dur\u00e9e de lecture estim\u00e9e":"1 minute"},"schema":{"@context":"https:\/\/schema.org","@graph":[{"@type":"Article","@id":"https:\/\/regions-snetap-fsu.fr\/ge\/2021\/02\/11\/ctrea-exceptionnel-du-28-janvier\/#article","isPartOf":{"@id":"https:\/\/regions-snetap-fsu.fr\/ge\/2021\/02\/11\/ctrea-exceptionnel-du-28-janvier\/"},"author":{"name":"cvercruysse","@id":"https:\/\/regions-snetap-fsu.fr\/ge\/#\/schema\/person\/d8221613597e0d6b3e39e086cde2d7af"},"headline":"CTREA exceptionnel du 28 janvier","datePublished":"2021-02-11T08:16:28+00:00","mainEntityOfPage":{"@id":"https:\/\/regions-snetap-fsu.fr\/ge\/2021\/02\/11\/ctrea-exceptionnel-du-28-janvier\/"},"wordCount":300,"publisher":{"@id":"https:\/\/regions-snetap-fsu.fr\/ge\/#organization"},"inLanguage":"fr-FR"},{"@type":"WebPage","@id":"https:\/\/regions-snetap-fsu.fr\/ge\/2021\/02\/11\/ctrea-exceptionnel-du-28-janvier\/","url":"https:\/\/regions-snetap-fsu.fr\/ge\/2021\/02\/11\/ctrea-exceptionnel-du-28-janvier\/","name":"CTREA exceptionnel du 28 janvier - GRAND-EST","isPartOf":{"@id":"https:\/\/regions-snetap-fsu.fr\/ge\/#website"},"datePublished":"2021-02-11T08:16:28+00:00","breadcrumb":{"@id":"https:\/\/regions-snetap-fsu.fr\/ge\/2021\/02\/11\/ctrea-exceptionnel-du-28-janvier\/#breadcrumb"},"inLanguage":"fr-FR","potentialAction":[{"@type":"ReadAction","target":["https:\/\/regions-snetap-fsu.fr\/ge\/2021\/02\/11\/ctrea-exceptionnel-du-28-janvier\/"]}]},{"@type":"BreadcrumbList","@id":"https:\/\/regions-snetap-fsu.fr\/ge\/2021\/02\/11\/ctrea-exceptionnel-du-28-janvier\/#breadcrumb","itemListElement":[{"@type":"ListItem","position":1,"name":"Accueil","item":"https:\/\/regions-snetap-fsu.fr\/ge\/"},{"@type":"ListItem","position":2,"name":"CTREA exceptionnel du 28 janvier"}]},{"@type":"WebSite","@id":"https:\/\/regions-snetap-fsu.fr\/ge\/#website","url":"https:\/\/regions-snetap-fsu.fr\/ge\/","name":"SNETAP-FSU GRAND-EST","description":"Le blog de la Section R\u00e9gionale","publisher":{"@id":"https:\/\/regions-snetap-fsu.fr\/ge\/#organization"},"potentialAction":[{"@type":"SearchAction","target":{"@type":"EntryPoint","urlTemplate":"https:\/\/regions-snetap-fsu.fr\/ge\/?s={search_term_string}"},"query-input":{"@type":"PropertyValueSpecification","valueRequired":true,"valueName":"search_term_string"}}],"inLanguage":"fr-FR"},{"@type":"Organization","@id":"https:\/\/regions-snetap-fsu.fr\/ge\/#organization","name":"SNETAP-FSU - Grand-Est","url":"https:\/\/regions-snetap-fsu.fr\/ge\/","logo":{"@type":"ImageObject","inLanguage":"fr-FR","@id":"https:\/\/regions-snetap-fsu.fr\/ge\/#\/schema\/logo\/image\/","url":"https:\/\/regions-snetap-fsu.fr\/ge\/wp-content\/uploads\/sites\/6\/2019\/02\/LOGO-Snetap.jpg","contentUrl":"https:\/\/regions-snetap-fsu.fr\/ge\/wp-content\/uploads\/sites\/6\/2019\/02\/LOGO-Snetap.jpg","width":2730,"height":2050,"caption":"SNETAP-FSU - Grand-Est"},"image":{"@id":"https:\/\/regions-snetap-fsu.fr\/ge\/#\/schema\/logo\/image\/"}},{"@type":"Person","@id":"https:\/\/regions-snetap-fsu.fr\/ge\/#\/schema\/person\/d8221613597e0d6b3e39e086cde2d7af","name":"cvercruysse","image":{"@type":"ImageObject","inLanguage":"fr-FR","@id":"https:\/\/secure.gravatar.com\/avatar\/25c5d5f624e0f65d405b30be1e908497e29c3ae3edc71eb12044d8e5bddef1eb?s=96&d=mm&r=g","url":"https:\/\/secure.gravatar.com\/avatar\/25c5d5f624e0f65d405b30be1e908497e29c3ae3edc71eb12044d8e5bddef1eb?s=96&d=mm&r=g","contentUrl":"https:\/\/secure.gravatar.com\/avatar\/25c5d5f624e0f65d405b30be1e908497e29c3ae3edc71eb12044d8e5bddef1eb?s=96&d=mm&r=g","caption":"cvercruysse"},"url":"https:\/\/regions-snetap-fsu.fr\/ge\/author\/cvercruysse\/"}]}},"_links":{"self":[{"href":"https:\/\/regions-snetap-fsu.fr\/ge\/wp-json\/wp\/v2\/posts\/431","targetHints":{"allow":["GET"]}}],"collection":[{"href":"https:\/\/regions-snetap-fsu.fr\/ge\/wp-json\/wp\/v2\/posts"}],"about":[{"href":"https:\/\/regions-snetap-fsu.fr\/ge\/wp-json\/wp\/v2\/types\/post"}],"author":[{"embeddable":true,"href":"https:\/\/regions-snetap-fsu.fr\/ge\/wp-json\/wp\/v2\/users\/101"}],"replies":[{"embeddable":true,"href":"https:\/\/regions-snetap-fsu.fr\/ge\/wp-json\/wp\/v2\/comments?post=431"}],"version-history":[{"count":1,"href":"https:\/\/regions-snetap-fsu.fr\/ge\/wp-json\/wp\/v2\/posts\/431\/revisions"}],"predecessor-version":[{"id":433,"href":"https:\/\/regions-snetap-fsu.fr\/ge\/wp-json\/wp\/v2\/posts\/431\/revisions\/433"}],"wp:attachment":[{"href":"https:\/\/regions-snetap-fsu.fr\/ge\/wp-json\/wp\/v2\/media?parent=431"}],"wp:term":[{"taxonomy":"category","embeddable":true,"href":"https:\/\/regions-snetap-fsu.fr\/ge\/wp-json\/wp\/v2\/categories?post=431"},{"taxonomy":"post_tag","embeddable":true,"href":"https:\/\/regions-snetap-fsu.fr\/ge\/wp-json\/wp\/v2\/tags?post=431"},{"taxonomy":"post_folder","embeddable":true,"href":"https:\/\/regions-snetap-fsu.fr\/ge\/wp-json\/wp\/v2\/post_folder?post=431"}],"curies":[{"name":"wp","href":"https:\/\/api.w.org\/{rel}","templated":true}]}}