{"id":418,"date":"2021-01-26T10:13:56","date_gmt":"2021-01-26T09:13:56","guid":{"rendered":"https:\/\/regions-snetap-fsu.fr\/ge\/?p=418"},"modified":"2021-01-26T10:14:30","modified_gmt":"2021-01-26T09:14:30","slug":"le-legta-de-saint-laurent-sur-les-ondes-action-du-26-janvier-2021","status":"publish","type":"post","link":"https:\/\/regions-snetap-fsu.fr\/ge\/2021\/01\/26\/le-legta-de-saint-laurent-sur-les-ondes-action-du-26-janvier-2021\/","title":{"rendered":"Le LEGTA de Saint Laurent sur les ondes. (action du 26 janvier 2021)"},"content":{"rendered":"<p><span class=\"chapo sub-title-custom\">Sur RVM :<\/span><\/p>\n<p><em><span class=\"chapo sub-title-custom\">Les enseignants souhaitent d\u00e9noncer une baisse des moyens qui risque d&rsquo;entrainer des suppressions de postes&#8230;<\/span><\/em><\/p>\n<p><em>Journ\u00e9e \u00ab lyc\u00e9e mort \u00bb ce mardi 26 janvier au lyc\u00e9e agricole de Saint-Laurent, \u00e0 l\u2019appel de diff\u00e9rentes organisations. Il s\u2019agit de d\u00e9noncer la situation difficile dans laquelle se trouve l\u2019\u00e9tablissement aux formations reconnues et appr\u00e9ci\u00e9es.<\/em><\/p>\n<p><em>Jean Philippe Gu\u00e9nard, professeur au lyc\u00e9e agricole et repr\u00e9sentant syndical FSU, a expliqu\u00e9 les diff\u00e9rentes raisons du mouvement \u00e0 Cordula Mullerke :<\/em><br \/>\n<em>Un appel au rassemblement de la quasi-totalit\u00e9 des professeurs est lanc\u00e9 d\u00e9s ce mardi matin devant l\u2019\u00e9tablissement.<\/em><\/p>\n<p><em>Une action qui entre \u00e9galement dans la journ\u00e9e de mobilisation pr\u00e9vue ce mardi dans l\u2019\u00e9ducation nationale dans toute la France et y compris dans les Ardennes. Les professeurs qui souhaitent notamment faire entendre leur col\u00e8re face \u00e0 la gestion de la crise sanitaire, les suppressions de postes transform\u00e9es en partie par des heures suppl\u00e9mentaires et des classes de plus en plus surcharg\u00e9es, sont appel\u00e9s \u00e0 se rassembler d\u00e8s 13h30 devant la DSDEN \u00e0 Charleville avec une manifestation dans les rues de la ville \u00e0 compter de 14h.<\/em><\/p>\n<p>Pour \u00e9couter c&rsquo;est l\u00e0 =&gt; <a href=\"https:\/\/www.rvm.fr\/news\/journee-lycee-mort-au-lycee-agricole-de-saint-laurent-29670\">https:\/\/www.rvm.fr\/news\/journee-lycee-mort-au-lycee-agricole-de-saint-laurent-29670<\/a><\/p>\n","protected":false},"excerpt":{"rendered":"<p>Sur RVM : Les enseignants souhaitent d\u00e9noncer une baisse des moyens qui risque d&rsquo;entrainer des suppressions de postes&#8230; Journ\u00e9e \u00ab lyc\u00e9e mort \u00bb ce mardi 26 janvier au lyc\u00e9e agricole de Saint-Laurent, \u00e0 l\u2019appel de diff\u00e9rentes organisations. Il s\u2019agit de d\u00e9noncer la situation difficile dans laquelle se trouve l\u2019\u00e9tablissement aux formations reconnues et appr\u00e9ci\u00e9es. Jean [&hellip;]<\/p>\n","protected":false},"author":101,"featured_media":0,"comment_status":"closed","ping_status":"closed","sticky":false,"template":"","format":"standard","meta":{"ocean_post_layout":"","ocean_both_sidebars_style":"","ocean_both_sidebars_content_width":0,"ocean_both_sidebars_sidebars_width":0,"ocean_sidebar":"0","ocean_second_sidebar":"0","ocean_disable_margins":"enable","ocean_add_body_class":"","ocean_shortcode_before_top_bar":"","ocean_shortcode_after_top_bar":"","ocean_shortcode_before_header":"","ocean_shortcode_after_header":"","ocean_has_shortcode":"","ocean_shortcode_after_title":"","ocean_shortcode_before_footer_widgets":"","ocean_shortcode_after_footer_widgets":"","ocean_shortcode_before_footer_bottom":"","ocean_shortcode_after_footer_bottom":"","ocean_display_top_bar":"default","ocean_display_header":"default","ocean_header_style":"","ocean_center_header_left_menu":"0","ocean_custom_header_template":"0","ocean_custom_logo":0,"ocean_custom_retina_logo":0,"ocean_custom_logo_max_width":0,"ocean_custom_logo_tablet_max_width":0,"ocean_custom_logo_mobile_max_width":0,"ocean_custom_logo_max_height":0,"ocean_custom_logo_tablet_max_height":0,"ocean_custom_logo_mobile_max_height":0,"ocean_header_custom_menu":"0","ocean_menu_typo_font_family":"0","ocean_menu_typo_font_subset":"","ocean_menu_typo_font_size":0,"ocean_menu_typo_font_size_tablet":0,"ocean_menu_typo_font_size_mobile":0,"ocean_menu_typo_font_size_unit":"px","ocean_menu_typo_font_weight":"","ocean_menu_typo_font_weight_tablet":"","ocean_menu_typo_font_weight_mobile":"","ocean_menu_typo_transform":"","ocean_menu_typo_transform_tablet":"","ocean_menu_typo_transform_mobile":"","ocean_menu_typo_line_height":0,"ocean_menu_typo_line_height_tablet":0,"ocean_menu_typo_line_height_mobile":0,"ocean_menu_typo_line_height_unit":"","ocean_menu_typo_spacing":0,"ocean_menu_typo_spacing_tablet":0,"ocean_menu_typo_spacing_mobile":0,"ocean_menu_typo_spacing_unit":"","ocean_menu_link_color":"","ocean_menu_link_color_hover":"","ocean_menu_link_color_active":"","ocean_menu_link_background":"","ocean_menu_link_hover_background":"","ocean_menu_link_active_background":"","ocean_menu_social_links_bg":"","ocean_menu_social_hover_links_bg":"","ocean_menu_social_links_color":"","ocean_menu_social_hover_links_color":"","ocean_disable_title":"default","ocean_disable_heading":"default","ocean_post_title":"","ocean_post_subheading":"","ocean_post_title_style":"","ocean_post_title_background_color":"","ocean_post_title_background":0,"ocean_post_title_bg_image_position":"","ocean_post_title_bg_image_attachment":"","ocean_post_title_bg_image_repeat":"","ocean_post_title_bg_image_size":"","ocean_post_title_height":0,"ocean_post_title_bg_overlay":0.5,"ocean_post_title_bg_overlay_color":"","ocean_disable_breadcrumbs":"default","ocean_breadcrumbs_color":"","ocean_breadcrumbs_separator_color":"","ocean_breadcrumbs_links_color":"","ocean_breadcrumbs_links_hover_color":"","ocean_display_footer_widgets":"default","ocean_display_footer_bottom":"default","ocean_custom_footer_template":"0","ocean_post_oembed":"","ocean_post_self_hosted_media":"","ocean_post_video_embed":"","ocean_link_format":"","ocean_link_format_target":"self","ocean_quote_format":"","ocean_quote_format_link":"post","ocean_gallery_link_images":"off","ocean_gallery_id":[],"footnotes":""},"categories":[1],"tags":[],"post_folder":[],"class_list":["post-418","post","type-post","status-publish","format-standard","hentry","category-non-classe","entry"],"yoast_head":"<!-- This site is optimized with the Yoast SEO plugin v27.4 - https:\/\/yoast.com\/product\/yoast-seo-wordpress\/ -->\n<title>Le LEGTA de Saint Laurent sur les ondes. (action du 26 janvier 2021) - GRAND-EST<\/title>\n<meta name=\"robots\" content=\"index, follow, max-snippet:-1, max-image-preview:large, max-video-preview:-1\" \/>\n<link rel=\"canonical\" href=\"https:\/\/regions-snetap-fsu.fr\/ge\/2021\/01\/26\/le-legta-de-saint-laurent-sur-les-ondes-action-du-26-janvier-2021\/\" \/>\n<meta property=\"og:locale\" content=\"fr_FR\" \/>\n<meta property=\"og:type\" content=\"article\" \/>\n<meta property=\"og:title\" content=\"Le LEGTA de Saint Laurent sur les ondes. (action du 26 janvier 2021) - GRAND-EST\" \/>\n<meta property=\"og:description\" content=\"Sur RVM : Les enseignants souhaitent d\u00e9noncer une baisse des moyens qui risque d&rsquo;entrainer des suppressions de postes&#8230; Journ\u00e9e \u00ab lyc\u00e9e mort \u00bb ce mardi 26 janvier au lyc\u00e9e agricole de Saint-Laurent, \u00e0 l\u2019appel de diff\u00e9rentes organisations. Il s\u2019agit de d\u00e9noncer la situation difficile dans laquelle se trouve l\u2019\u00e9tablissement aux formations reconnues et appr\u00e9ci\u00e9es. Jean [&hellip;]\" \/>\n<meta property=\"og:url\" content=\"https:\/\/regions-snetap-fsu.fr\/ge\/2021\/01\/26\/le-legta-de-saint-laurent-sur-les-ondes-action-du-26-janvier-2021\/\" \/>\n<meta property=\"og:site_name\" content=\"GRAND-EST\" \/>\n<meta property=\"article:published_time\" content=\"2021-01-26T09:13:56+00:00\" \/>\n<meta property=\"article:modified_time\" content=\"2021-01-26T09:14:30+00:00\" \/>\n<meta name=\"author\" content=\"cvercruysse\" \/>\n<meta name=\"twitter:card\" content=\"summary_large_image\" \/>\n<meta name=\"twitter:label1\" content=\"\u00c9crit par\" \/>\n\t<meta name=\"twitter:data1\" content=\"cvercruysse\" \/>\n\t<meta name=\"twitter:label2\" content=\"Dur\u00e9e de lecture estim\u00e9e\" \/>\n\t<meta name=\"twitter:data2\" content=\"1 minute\" \/>\n<script type=\"application\/ld+json\" class=\"yoast-schema-graph\">{\"@context\":\"https:\\\/\\\/schema.org\",\"@graph\":[{\"@type\":\"Article\",\"@id\":\"https:\\\/\\\/regions-snetap-fsu.fr\\\/ge\\\/2021\\\/01\\\/26\\\/le-legta-de-saint-laurent-sur-les-ondes-action-du-26-janvier-2021\\\/#article\",\"isPartOf\":{\"@id\":\"https:\\\/\\\/regions-snetap-fsu.fr\\\/ge\\\/2021\\\/01\\\/26\\\/le-legta-de-saint-laurent-sur-les-ondes-action-du-26-janvier-2021\\\/\"},\"author\":{\"name\":\"cvercruysse\",\"@id\":\"https:\\\/\\\/regions-snetap-fsu.fr\\\/ge\\\/#\\\/schema\\\/person\\\/d8221613597e0d6b3e39e086cde2d7af\"},\"headline\":\"Le LEGTA de Saint Laurent sur les ondes. (action du 26 janvier 2021)\",\"datePublished\":\"2021-01-26T09:13:56+00:00\",\"dateModified\":\"2021-01-26T09:14:30+00:00\",\"mainEntityOfPage\":{\"@id\":\"https:\\\/\\\/regions-snetap-fsu.fr\\\/ge\\\/2021\\\/01\\\/26\\\/le-legta-de-saint-laurent-sur-les-ondes-action-du-26-janvier-2021\\\/\"},\"wordCount\":219,\"publisher\":{\"@id\":\"https:\\\/\\\/regions-snetap-fsu.fr\\\/ge\\\/#organization\"},\"inLanguage\":\"fr-FR\"},{\"@type\":\"WebPage\",\"@id\":\"https:\\\/\\\/regions-snetap-fsu.fr\\\/ge\\\/2021\\\/01\\\/26\\\/le-legta-de-saint-laurent-sur-les-ondes-action-du-26-janvier-2021\\\/\",\"url\":\"https:\\\/\\\/regions-snetap-fsu.fr\\\/ge\\\/2021\\\/01\\\/26\\\/le-legta-de-saint-laurent-sur-les-ondes-action-du-26-janvier-2021\\\/\",\"name\":\"Le LEGTA de Saint Laurent sur les ondes. (action du 26 janvier 2021) - GRAND-EST\",\"isPartOf\":{\"@id\":\"https:\\\/\\\/regions-snetap-fsu.fr\\\/ge\\\/#website\"},\"datePublished\":\"2021-01-26T09:13:56+00:00\",\"dateModified\":\"2021-01-26T09:14:30+00:00\",\"breadcrumb\":{\"@id\":\"https:\\\/\\\/regions-snetap-fsu.fr\\\/ge\\\/2021\\\/01\\\/26\\\/le-legta-de-saint-laurent-sur-les-ondes-action-du-26-janvier-2021\\\/#breadcrumb\"},\"inLanguage\":\"fr-FR\",\"potentialAction\":[{\"@type\":\"ReadAction\",\"target\":[\"https:\\\/\\\/regions-snetap-fsu.fr\\\/ge\\\/2021\\\/01\\\/26\\\/le-legta-de-saint-laurent-sur-les-ondes-action-du-26-janvier-2021\\\/\"]}]},{\"@type\":\"BreadcrumbList\",\"@id\":\"https:\\\/\\\/regions-snetap-fsu.fr\\\/ge\\\/2021\\\/01\\\/26\\\/le-legta-de-saint-laurent-sur-les-ondes-action-du-26-janvier-2021\\\/#breadcrumb\",\"itemListElement\":[{\"@type\":\"ListItem\",\"position\":1,\"name\":\"Accueil\",\"item\":\"https:\\\/\\\/regions-snetap-fsu.fr\\\/ge\\\/\"},{\"@type\":\"ListItem\",\"position\":2,\"name\":\"Le LEGTA de Saint Laurent sur les ondes. (action du 26 janvier 2021)\"}]},{\"@type\":\"WebSite\",\"@id\":\"https:\\\/\\\/regions-snetap-fsu.fr\\\/ge\\\/#website\",\"url\":\"https:\\\/\\\/regions-snetap-fsu.fr\\\/ge\\\/\",\"name\":\"SNETAP-FSU GRAND-EST\",\"description\":\"Le blog de la Section R\u00e9gionale\",\"publisher\":{\"@id\":\"https:\\\/\\\/regions-snetap-fsu.fr\\\/ge\\\/#organization\"},\"potentialAction\":[{\"@type\":\"SearchAction\",\"target\":{\"@type\":\"EntryPoint\",\"urlTemplate\":\"https:\\\/\\\/regions-snetap-fsu.fr\\\/ge\\\/?s={search_term_string}\"},\"query-input\":{\"@type\":\"PropertyValueSpecification\",\"valueRequired\":true,\"valueName\":\"search_term_string\"}}],\"inLanguage\":\"fr-FR\"},{\"@type\":\"Organization\",\"@id\":\"https:\\\/\\\/regions-snetap-fsu.fr\\\/ge\\\/#organization\",\"name\":\"SNETAP-FSU - Grand-Est\",\"url\":\"https:\\\/\\\/regions-snetap-fsu.fr\\\/ge\\\/\",\"logo\":{\"@type\":\"ImageObject\",\"inLanguage\":\"fr-FR\",\"@id\":\"https:\\\/\\\/regions-snetap-fsu.fr\\\/ge\\\/#\\\/schema\\\/logo\\\/image\\\/\",\"url\":\"https:\\\/\\\/regions-snetap-fsu.fr\\\/ge\\\/wp-content\\\/uploads\\\/sites\\\/6\\\/2019\\\/02\\\/LOGO-Snetap.jpg\",\"contentUrl\":\"https:\\\/\\\/regions-snetap-fsu.fr\\\/ge\\\/wp-content\\\/uploads\\\/sites\\\/6\\\/2019\\\/02\\\/LOGO-Snetap.jpg\",\"width\":2730,\"height\":2050,\"caption\":\"SNETAP-FSU - Grand-Est\"},\"image\":{\"@id\":\"https:\\\/\\\/regions-snetap-fsu.fr\\\/ge\\\/#\\\/schema\\\/logo\\\/image\\\/\"}},{\"@type\":\"Person\",\"@id\":\"https:\\\/\\\/regions-snetap-fsu.fr\\\/ge\\\/#\\\/schema\\\/person\\\/d8221613597e0d6b3e39e086cde2d7af\",\"name\":\"cvercruysse\",\"image\":{\"@type\":\"ImageObject\",\"inLanguage\":\"fr-FR\",\"@id\":\"https:\\\/\\\/secure.gravatar.com\\\/avatar\\\/25c5d5f624e0f65d405b30be1e908497e29c3ae3edc71eb12044d8e5bddef1eb?s=96&d=mm&r=g\",\"url\":\"https:\\\/\\\/secure.gravatar.com\\\/avatar\\\/25c5d5f624e0f65d405b30be1e908497e29c3ae3edc71eb12044d8e5bddef1eb?s=96&d=mm&r=g\",\"contentUrl\":\"https:\\\/\\\/secure.gravatar.com\\\/avatar\\\/25c5d5f624e0f65d405b30be1e908497e29c3ae3edc71eb12044d8e5bddef1eb?s=96&d=mm&r=g\",\"caption\":\"cvercruysse\"},\"url\":\"https:\\\/\\\/regions-snetap-fsu.fr\\\/ge\\\/author\\\/cvercruysse\\\/\"}]}<\/script>\n<!-- \/ Yoast SEO plugin. -->","yoast_head_json":{"title":"Le LEGTA de Saint Laurent sur les ondes. (action du 26 janvier 2021) - GRAND-EST","robots":{"index":"index","follow":"follow","max-snippet":"max-snippet:-1","max-image-preview":"max-image-preview:large","max-video-preview":"max-video-preview:-1"},"canonical":"https:\/\/regions-snetap-fsu.fr\/ge\/2021\/01\/26\/le-legta-de-saint-laurent-sur-les-ondes-action-du-26-janvier-2021\/","og_locale":"fr_FR","og_type":"article","og_title":"Le LEGTA de Saint Laurent sur les ondes. (action du 26 janvier 2021) - GRAND-EST","og_description":"Sur RVM : Les enseignants souhaitent d\u00e9noncer une baisse des moyens qui risque d&rsquo;entrainer des suppressions de postes&#8230; Journ\u00e9e \u00ab lyc\u00e9e mort \u00bb ce mardi 26 janvier au lyc\u00e9e agricole de Saint-Laurent, \u00e0 l\u2019appel de diff\u00e9rentes organisations. Il s\u2019agit de d\u00e9noncer la situation difficile dans laquelle se trouve l\u2019\u00e9tablissement aux formations reconnues et appr\u00e9ci\u00e9es. Jean [&hellip;]","og_url":"https:\/\/regions-snetap-fsu.fr\/ge\/2021\/01\/26\/le-legta-de-saint-laurent-sur-les-ondes-action-du-26-janvier-2021\/","og_site_name":"GRAND-EST","article_published_time":"2021-01-26T09:13:56+00:00","article_modified_time":"2021-01-26T09:14:30+00:00","author":"cvercruysse","twitter_card":"summary_large_image","twitter_misc":{"\u00c9crit par":"cvercruysse","Dur\u00e9e de lecture estim\u00e9e":"1 minute"},"schema":{"@context":"https:\/\/schema.org","@graph":[{"@type":"Article","@id":"https:\/\/regions-snetap-fsu.fr\/ge\/2021\/01\/26\/le-legta-de-saint-laurent-sur-les-ondes-action-du-26-janvier-2021\/#article","isPartOf":{"@id":"https:\/\/regions-snetap-fsu.fr\/ge\/2021\/01\/26\/le-legta-de-saint-laurent-sur-les-ondes-action-du-26-janvier-2021\/"},"author":{"name":"cvercruysse","@id":"https:\/\/regions-snetap-fsu.fr\/ge\/#\/schema\/person\/d8221613597e0d6b3e39e086cde2d7af"},"headline":"Le LEGTA de Saint Laurent sur les ondes. (action du 26 janvier 2021)","datePublished":"2021-01-26T09:13:56+00:00","dateModified":"2021-01-26T09:14:30+00:00","mainEntityOfPage":{"@id":"https:\/\/regions-snetap-fsu.fr\/ge\/2021\/01\/26\/le-legta-de-saint-laurent-sur-les-ondes-action-du-26-janvier-2021\/"},"wordCount":219,"publisher":{"@id":"https:\/\/regions-snetap-fsu.fr\/ge\/#organization"},"inLanguage":"fr-FR"},{"@type":"WebPage","@id":"https:\/\/regions-snetap-fsu.fr\/ge\/2021\/01\/26\/le-legta-de-saint-laurent-sur-les-ondes-action-du-26-janvier-2021\/","url":"https:\/\/regions-snetap-fsu.fr\/ge\/2021\/01\/26\/le-legta-de-saint-laurent-sur-les-ondes-action-du-26-janvier-2021\/","name":"Le LEGTA de Saint Laurent sur les ondes. (action du 26 janvier 2021) - GRAND-EST","isPartOf":{"@id":"https:\/\/regions-snetap-fsu.fr\/ge\/#website"},"datePublished":"2021-01-26T09:13:56+00:00","dateModified":"2021-01-26T09:14:30+00:00","breadcrumb":{"@id":"https:\/\/regions-snetap-fsu.fr\/ge\/2021\/01\/26\/le-legta-de-saint-laurent-sur-les-ondes-action-du-26-janvier-2021\/#breadcrumb"},"inLanguage":"fr-FR","potentialAction":[{"@type":"ReadAction","target":["https:\/\/regions-snetap-fsu.fr\/ge\/2021\/01\/26\/le-legta-de-saint-laurent-sur-les-ondes-action-du-26-janvier-2021\/"]}]},{"@type":"BreadcrumbList","@id":"https:\/\/regions-snetap-fsu.fr\/ge\/2021\/01\/26\/le-legta-de-saint-laurent-sur-les-ondes-action-du-26-janvier-2021\/#breadcrumb","itemListElement":[{"@type":"ListItem","position":1,"name":"Accueil","item":"https:\/\/regions-snetap-fsu.fr\/ge\/"},{"@type":"ListItem","position":2,"name":"Le LEGTA de Saint Laurent sur les ondes. (action du 26 janvier 2021)"}]},{"@type":"WebSite","@id":"https:\/\/regions-snetap-fsu.fr\/ge\/#website","url":"https:\/\/regions-snetap-fsu.fr\/ge\/","name":"SNETAP-FSU GRAND-EST","description":"Le blog de la Section R\u00e9gionale","publisher":{"@id":"https:\/\/regions-snetap-fsu.fr\/ge\/#organization"},"potentialAction":[{"@type":"SearchAction","target":{"@type":"EntryPoint","urlTemplate":"https:\/\/regions-snetap-fsu.fr\/ge\/?s={search_term_string}"},"query-input":{"@type":"PropertyValueSpecification","valueRequired":true,"valueName":"search_term_string"}}],"inLanguage":"fr-FR"},{"@type":"Organization","@id":"https:\/\/regions-snetap-fsu.fr\/ge\/#organization","name":"SNETAP-FSU - Grand-Est","url":"https:\/\/regions-snetap-fsu.fr\/ge\/","logo":{"@type":"ImageObject","inLanguage":"fr-FR","@id":"https:\/\/regions-snetap-fsu.fr\/ge\/#\/schema\/logo\/image\/","url":"https:\/\/regions-snetap-fsu.fr\/ge\/wp-content\/uploads\/sites\/6\/2019\/02\/LOGO-Snetap.jpg","contentUrl":"https:\/\/regions-snetap-fsu.fr\/ge\/wp-content\/uploads\/sites\/6\/2019\/02\/LOGO-Snetap.jpg","width":2730,"height":2050,"caption":"SNETAP-FSU - Grand-Est"},"image":{"@id":"https:\/\/regions-snetap-fsu.fr\/ge\/#\/schema\/logo\/image\/"}},{"@type":"Person","@id":"https:\/\/regions-snetap-fsu.fr\/ge\/#\/schema\/person\/d8221613597e0d6b3e39e086cde2d7af","name":"cvercruysse","image":{"@type":"ImageObject","inLanguage":"fr-FR","@id":"https:\/\/secure.gravatar.com\/avatar\/25c5d5f624e0f65d405b30be1e908497e29c3ae3edc71eb12044d8e5bddef1eb?s=96&d=mm&r=g","url":"https:\/\/secure.gravatar.com\/avatar\/25c5d5f624e0f65d405b30be1e908497e29c3ae3edc71eb12044d8e5bddef1eb?s=96&d=mm&r=g","contentUrl":"https:\/\/secure.gravatar.com\/avatar\/25c5d5f624e0f65d405b30be1e908497e29c3ae3edc71eb12044d8e5bddef1eb?s=96&d=mm&r=g","caption":"cvercruysse"},"url":"https:\/\/regions-snetap-fsu.fr\/ge\/author\/cvercruysse\/"}]}},"_links":{"self":[{"href":"https:\/\/regions-snetap-fsu.fr\/ge\/wp-json\/wp\/v2\/posts\/418","targetHints":{"allow":["GET"]}}],"collection":[{"href":"https:\/\/regions-snetap-fsu.fr\/ge\/wp-json\/wp\/v2\/posts"}],"about":[{"href":"https:\/\/regions-snetap-fsu.fr\/ge\/wp-json\/wp\/v2\/types\/post"}],"author":[{"embeddable":true,"href":"https:\/\/regions-snetap-fsu.fr\/ge\/wp-json\/wp\/v2\/users\/101"}],"replies":[{"embeddable":true,"href":"https:\/\/regions-snetap-fsu.fr\/ge\/wp-json\/wp\/v2\/comments?post=418"}],"version-history":[{"count":1,"href":"https:\/\/regions-snetap-fsu.fr\/ge\/wp-json\/wp\/v2\/posts\/418\/revisions"}],"predecessor-version":[{"id":419,"href":"https:\/\/regions-snetap-fsu.fr\/ge\/wp-json\/wp\/v2\/posts\/418\/revisions\/419"}],"wp:attachment":[{"href":"https:\/\/regions-snetap-fsu.fr\/ge\/wp-json\/wp\/v2\/media?parent=418"}],"wp:term":[{"taxonomy":"category","embeddable":true,"href":"https:\/\/regions-snetap-fsu.fr\/ge\/wp-json\/wp\/v2\/categories?post=418"},{"taxonomy":"post_tag","embeddable":true,"href":"https:\/\/regions-snetap-fsu.fr\/ge\/wp-json\/wp\/v2\/tags?post=418"},{"taxonomy":"post_folder","embeddable":true,"href":"https:\/\/regions-snetap-fsu.fr\/ge\/wp-json\/wp\/v2\/post_folder?post=418"}],"curies":[{"name":"wp","href":"https:\/\/api.w.org\/{rel}","templated":true}]}}