{"id":940,"date":"2018-11-15T16:20:55","date_gmt":"2018-11-15T15:20:55","guid":{"rendered":"https:\/\/regions-snetap-fsu.fr\/hdf\/?p=940"},"modified":"2018-11-15T16:20:55","modified_gmt":"2018-11-15T15:20:55","slug":"entrave-aux-droits-de-greve-envers-les-ae","status":"publish","type":"post","link":"https:\/\/regions-snetap-fsu.fr\/formation\/2018\/11\/15\/entrave-aux-droits-de-greve-envers-les-ae\/","title":{"rendered":"Entrave aux droits de gr\u00e8ve envers les AE"},"content":{"rendered":"<p style=\"text-align: center\"><span style=\"color: #ff0000;font-size: 18pt\">Entrave aux droits de gr\u00e8ve<\/span><\/p>\n<p style=\"text-align: center\"><span style=\"color: #ff0000;font-size: 18pt\">envers les assistant\u00b7es d&rsquo;\u00e9ducation<\/span><\/p>\n<div style=\"text-align: justify\" align=\"left\"><span style=\"color: #0000ff\">Dans un \u00e9tablissement agricole de notre r\u00e9gion Hauts-de-France, la direction avait pris la d\u00e9cision d&rsquo;amputer sur leur paye d&rsquo;octobre les heures r\u00e9ellement non faites&#8230; et non 1\/30 \u00e8me comme c&rsquo;est la r\u00e8gle pour les assistant\u00b7es d&rsquo;\u00e9ducation ayant suivis le mouvement de gr\u00e8ve du 09 octobre dernier.<\/span><\/div>\n<div style=\"text-align: justify\" align=\"left\"><span style=\"color: #0000ff\">Certain\u00b7es assistant\u00b7es d&rsquo;\u00e9ducation se sont vu retirer des sommes \u00e9normes par rapport \u00e0 leur salaire de base; le mardi \u00e9tant leur journ\u00e9e la plus charg\u00e9e !<\/span><\/div>\n<div style=\"text-align: justify\" align=\"left\">.<\/div>\n<div style=\"text-align: justify\" align=\"left\"><span style=\"color: #0000ff\">Apr\u00e8s questionnement aupr\u00e8s des responsables des ressources humaines du lyc\u00e9e, nous n&rsquo;avions que leur version : \u00ab\u00a0c&rsquo;est un statut particulier\u00a0\u00bb&#8230; \u00ab\u00a0c&rsquo;est comme \u00e7a\u00a0\u00bb&#8230; \u00ab\u00a0c&rsquo;est le droit du travail\u00a0\u00bb&#8230;<\/span><\/div>\n<div style=\"text-align: justify\" align=\"left\"><\/div>\n<div style=\"text-align: justify\" align=\"left\"><span style=\"color: #0000ff\">Ne faisant pas confiance \u00e0 leur parole, le secr\u00e9tariat de la section SNETAP-FSU de l&rsquo;\u00e9tablissement a prouv\u00e9 \u00e0 la direction que l&rsquo;erreur \u00e9tait grossi\u00e8re ! En r\u00e9ussissant \u00e0 obtenir des informations fiables au niveau du SRFD&#8230;<br \/>\n<\/span><\/div>\n<div style=\"text-align: justify\" align=\"left\"><span style=\"color: #0000ff\">Les remont\u00e9s au SNETAP-FSU r\u00e9gional et national ont pes\u00e9es dans les discussions&#8230;<\/span><\/div>\n<div style=\"text-align: justify\" align=\"left\">.<\/div>\n<div style=\"text-align: justify\" align=\"left\"><span style=\"color: #0000ff\">Apr\u00e8s avoir demand\u00e9 une expertise au niveau du SRFD, la direction a reconnu son erreur et s&rsquo;est engag\u00e9e de la rectifier sur les payes de novembre en allouant les sommes injustement retir\u00e9es.<\/span><\/div>\n<div style=\"text-align: justify\" align=\"left\">.<\/div>\n<div style=\"text-align: justify\" align=\"left\"><span style=\"color: #0000ff\">Pour le SNETAP-FSU, ce pr\u00e9l\u00e8vement de salaire sans \u00eatre certain, pour rectifier ensuite apr\u00e8s avoir pris soin de l&rsquo;expertiser par le SRFD (pourquoi ne pas l&rsquo;avoir fait avant?!), est une faute qui ne peut \u00eatre assimil\u00e9e \u00e0 une erreur. Ou alors une erreur volontaire afin de d\u00e9courager son personnel d&rsquo;utiliser son droit de gr\u00e8ve suite \u00e0 des pertes financi\u00e8res cons\u00e9quentes.<\/span><\/div>\n<div style=\"text-align: justify\" align=\"left\"><span style=\"color: #0000ff\">Et ceci est d&rsquo;autant plus indigne puisque l&rsquo;attaque se porte sur les personnels pr\u00e9caires.<\/span><\/div>\n<div style=\"text-align: justify\" align=\"left\">.<\/div>\n<div style=\"text-align: justify\" align=\"left\"><span style=\"color: #0000ff\">Il est important d&rsquo;\u00eatre vigilant et ne pas croire automatiquement les \u00ab\u00a0certitudes\u00a0\u00bb que votre direction locale cherche \u00e0 nous faire avaler&#8230; Le SNETAP-FSU a les moyens de v\u00e9rification, de lancer une expertise et le \u00ab\u00a0poids n\u00e9cessaire\u00a0\u00bb pour discuter, n\u00e9gocier avec la direction. Ceci gr\u00e2ce \u00e0 votre soutien, votre vote, votre adh\u00e9sion.<\/span><\/div>\n<div style=\"text-align: justify\" align=\"left\">\n<div align=\"left\">.<\/div>\n<\/div>\n<div style=\"text-align: justify\" align=\"left\"><span style=\"color: #0000ff\">Sur le site SNETAP-FSU national, vous avez \u00e0 votre disposition les livrets d&rsquo;accueil qui synth\u00e9tisent vos droits. Dont celui destin\u00e9 aux assistant\u00b7es d&rsquo;\u00e9ducation au lien ci-dessous :<\/span><\/div>\n<div align=\"left\"><a href=\"https:\/\/www.snetap-fsu.fr\/Livret-d-accueil-AE.html\" target=\"_blank\" rel=\"noopener\"><span style=\"text-decoration: underline;color: #000000\">Lien : Livret d&rsquo;accueil AE<\/span><\/a><\/div>\n<div align=\"left\">.<\/div>\n<div align=\"left\"><span style=\"color: #0000ff\">Toujours sur le site SNETAP-FSU national, vous pouvez retrouver la r\u00e9ponse \u00e0 \u00ab\u00a0Quel horaire de gr\u00e8ve pour les personnels d&rsquo;\u00e9ducation et surveillance\u00a0\u00bb au lien ci-dessous.<\/span><\/div>\n<div align=\"left\"><a href=\"https:\/\/www.snetap-fsu.fr\/Quel-horaire-de-greve-pour-les.html\" target=\"_blank\" rel=\"noopener\"><span style=\"text-decoration: underline;color: #000000\">Lien : Horaire de gr\u00e8ve pour AE<\/span><\/a><\/div>\n<div align=\"left\">.<\/div>\n<div style=\"text-align: justify\" align=\"left\"><span style=\"color: #0000ff\">Mais, pour faire valoir ses droits et en conqu\u00e9rir de nouveaux, rien ne peut remplacer l&rsquo;action syndicale collective.<\/span><\/div>\n","protected":false},"excerpt":{"rendered":"<p>Entrave aux droits de gr\u00e8ve envers les assistant\u00b7es d&rsquo;\u00e9ducation Dans un \u00e9tablissement agricole de notre r\u00e9gion Hauts-de-France, la direction avait pris la d\u00e9cision d&rsquo;amputer sur leur paye d&rsquo;octobre les heures r\u00e9ellement non faites&#8230; et non 1\/30 \u00e8me comme c&rsquo;est la r\u00e8gle pour les assistant\u00b7es d&rsquo;\u00e9ducation ayant suivis le mouvement de gr\u00e8ve du 09 octobre dernier. [&hellip;]<\/p>\n","protected":false},"author":138,"featured_media":0,"comment_status":"closed","ping_status":"closed","sticky":false,"template":"","format":"standard","meta":{"ocean_post_layout":"","ocean_both_sidebars_style":"","ocean_both_sidebars_content_width":0,"ocean_both_sidebars_sidebars_width":0,"ocean_sidebar":"","ocean_second_sidebar":"","ocean_disable_margins":"enable","ocean_add_body_class":"","ocean_shortcode_before_top_bar":"","ocean_shortcode_after_top_bar":"","ocean_shortcode_before_header":"","ocean_shortcode_after_header":"","ocean_has_shortcode":"","ocean_shortcode_after_title":"","ocean_shortcode_before_footer_widgets":"","ocean_shortcode_after_footer_widgets":"","ocean_shortcode_before_footer_bottom":"","ocean_shortcode_after_footer_bottom":"","ocean_display_top_bar":"default","ocean_display_header":"default","ocean_header_style":"","ocean_center_header_left_menu":"","ocean_custom_header_template":"","ocean_custom_logo":0,"ocean_custom_retina_logo":0,"ocean_custom_logo_max_width":0,"ocean_custom_logo_tablet_max_width":0,"ocean_custom_logo_mobile_max_width":0,"ocean_custom_logo_max_height":0,"ocean_custom_logo_tablet_max_height":0,"ocean_custom_logo_mobile_max_height":0,"ocean_header_custom_menu":"","ocean_menu_typo_font_family":"","ocean_menu_typo_font_subset":"","ocean_menu_typo_font_size":0,"ocean_menu_typo_font_size_tablet":0,"ocean_menu_typo_font_size_mobile":0,"ocean_menu_typo_font_size_unit":"px","ocean_menu_typo_font_weight":"","ocean_menu_typo_font_weight_tablet":"","ocean_menu_typo_font_weight_mobile":"","ocean_menu_typo_transform":"","ocean_menu_typo_transform_tablet":"","ocean_menu_typo_transform_mobile":"","ocean_menu_typo_line_height":0,"ocean_menu_typo_line_height_tablet":0,"ocean_menu_typo_line_height_mobile":0,"ocean_menu_typo_line_height_unit":"","ocean_menu_typo_spacing":0,"ocean_menu_typo_spacing_tablet":0,"ocean_menu_typo_spacing_mobile":0,"ocean_menu_typo_spacing_unit":"","ocean_menu_link_color":"","ocean_menu_link_color_hover":"","ocean_menu_link_color_active":"","ocean_menu_link_background":"","ocean_menu_link_hover_background":"","ocean_menu_link_active_background":"","ocean_menu_social_links_bg":"","ocean_menu_social_hover_links_bg":"","ocean_menu_social_links_color":"","ocean_menu_social_hover_links_color":"","ocean_disable_title":"default","ocean_disable_heading":"default","ocean_post_title":"","ocean_post_subheading":"","ocean_post_title_style":"","ocean_post_title_background_color":"","ocean_post_title_background":0,"ocean_post_title_bg_image_position":"","ocean_post_title_bg_image_attachment":"","ocean_post_title_bg_image_repeat":"","ocean_post_title_bg_image_size":"","ocean_post_title_height":0,"ocean_post_title_bg_overlay":0.5,"ocean_post_title_bg_overlay_color":"","ocean_disable_breadcrumbs":"default","ocean_breadcrumbs_color":"","ocean_breadcrumbs_separator_color":"","ocean_breadcrumbs_links_color":"","ocean_breadcrumbs_links_hover_color":"","ocean_display_footer_widgets":"default","ocean_display_footer_bottom":"default","ocean_custom_footer_template":"","ocean_post_oembed":"","ocean_post_self_hosted_media":"","ocean_post_video_embed":"","ocean_link_format":"","ocean_link_format_target":"self","ocean_quote_format":"","ocean_quote_format_link":"post","ocean_gallery_link_images":"on","ocean_gallery_id":[],"footnotes":""},"categories":[3,11],"tags":[],"post_folder":[],"class_list":["post-940","post","type-post","status-publish","format-standard","hentry","category-actions-greves-manifs","category-communiques","entry"],"yoast_head":"<!-- This site is optimized with the Yoast SEO plugin v27.4 - https:\/\/yoast.com\/product\/yoast-seo-wordpress\/ -->\n<title>Entrave aux droits de gr\u00e8ve envers les AE - Formation des sites R\u00e9gionaux du SNETAP-FSU<\/title>\n<meta name=\"robots\" content=\"index, follow, max-snippet:-1, max-image-preview:large, max-video-preview:-1\" \/>\n<link rel=\"canonical\" href=\"https:\/\/regions-snetap-fsu.fr\/formation\/2018\/11\/15\/entrave-aux-droits-de-greve-envers-les-ae\/\" \/>\n<meta property=\"og:locale\" content=\"fr_FR\" \/>\n<meta property=\"og:type\" content=\"article\" \/>\n<meta property=\"og:title\" content=\"Entrave aux droits de gr\u00e8ve envers les AE - Formation des sites R\u00e9gionaux du SNETAP-FSU\" \/>\n<meta property=\"og:description\" content=\"Entrave aux droits de gr\u00e8ve envers les assistant\u00b7es d&rsquo;\u00e9ducation Dans un \u00e9tablissement agricole de notre r\u00e9gion Hauts-de-France, la direction avait pris la d\u00e9cision d&rsquo;amputer sur leur paye d&rsquo;octobre les heures r\u00e9ellement non faites&#8230; et non 1\/30 \u00e8me comme c&rsquo;est la r\u00e8gle pour les assistant\u00b7es d&rsquo;\u00e9ducation ayant suivis le mouvement de gr\u00e8ve du 09 octobre dernier. [&hellip;]\" \/>\n<meta property=\"og:url\" content=\"https:\/\/regions-snetap-fsu.fr\/formation\/2018\/11\/15\/entrave-aux-droits-de-greve-envers-les-ae\/\" \/>\n<meta property=\"og:site_name\" content=\"Formation des sites R\u00e9gionaux du SNETAP-FSU\" \/>\n<meta property=\"article:published_time\" content=\"2018-11-15T15:20:55+00:00\" \/>\n<meta name=\"author\" content=\"yoctavien\" \/>\n<meta name=\"twitter:card\" content=\"summary_large_image\" \/>\n<meta name=\"twitter:label1\" content=\"\u00c9crit par\" \/>\n\t<meta name=\"twitter:data1\" content=\"yoctavien\" \/>\n\t<meta name=\"twitter:label2\" content=\"Dur\u00e9e de lecture estim\u00e9e\" \/>\n\t<meta name=\"twitter:data2\" content=\"2 minutes\" \/>\n<script type=\"application\/ld+json\" class=\"yoast-schema-graph\">{\"@context\":\"https:\\\/\\\/schema.org\",\"@graph\":[{\"@type\":\"Article\",\"@id\":\"https:\\\/\\\/regions-snetap-fsu.fr\\\/formation\\\/2018\\\/11\\\/15\\\/entrave-aux-droits-de-greve-envers-les-ae\\\/#article\",\"isPartOf\":{\"@id\":\"https:\\\/\\\/regions-snetap-fsu.fr\\\/formation\\\/2018\\\/11\\\/15\\\/entrave-aux-droits-de-greve-envers-les-ae\\\/\"},\"author\":{\"name\":\"yoctavien\",\"@id\":\"https:\\\/\\\/regions-snetap-fsu.fr\\\/formation\\\/#\\\/schema\\\/person\\\/f5dc7b6354e942ca9c5fa8e9ff7e5c93\"},\"headline\":\"Entrave aux droits de gr\u00e8ve envers les AE\",\"datePublished\":\"2018-11-15T15:20:55+00:00\",\"mainEntityOfPage\":{\"@id\":\"https:\\\/\\\/regions-snetap-fsu.fr\\\/formation\\\/2018\\\/11\\\/15\\\/entrave-aux-droits-de-greve-envers-les-ae\\\/\"},\"wordCount\":455,\"publisher\":{\"@id\":\"https:\\\/\\\/regions-snetap-fsu.fr\\\/formation\\\/#organization\"},\"articleSection\":[\"Actions - Gr\u00e8ves - Manifs\",\"Communiqu\u00e9s\"],\"inLanguage\":\"fr-FR\"},{\"@type\":\"WebPage\",\"@id\":\"https:\\\/\\\/regions-snetap-fsu.fr\\\/formation\\\/2018\\\/11\\\/15\\\/entrave-aux-droits-de-greve-envers-les-ae\\\/\",\"url\":\"https:\\\/\\\/regions-snetap-fsu.fr\\\/formation\\\/2018\\\/11\\\/15\\\/entrave-aux-droits-de-greve-envers-les-ae\\\/\",\"name\":\"Entrave aux droits de gr\u00e8ve envers les AE - Formation des sites R\u00e9gionaux du SNETAP-FSU\",\"isPartOf\":{\"@id\":\"https:\\\/\\\/regions-snetap-fsu.fr\\\/formation\\\/#website\"},\"datePublished\":\"2018-11-15T15:20:55+00:00\",\"breadcrumb\":{\"@id\":\"https:\\\/\\\/regions-snetap-fsu.fr\\\/formation\\\/2018\\\/11\\\/15\\\/entrave-aux-droits-de-greve-envers-les-ae\\\/#breadcrumb\"},\"inLanguage\":\"fr-FR\",\"potentialAction\":[{\"@type\":\"ReadAction\",\"target\":[\"https:\\\/\\\/regions-snetap-fsu.fr\\\/formation\\\/2018\\\/11\\\/15\\\/entrave-aux-droits-de-greve-envers-les-ae\\\/\"]}]},{\"@type\":\"BreadcrumbList\",\"@id\":\"https:\\\/\\\/regions-snetap-fsu.fr\\\/formation\\\/2018\\\/11\\\/15\\\/entrave-aux-droits-de-greve-envers-les-ae\\\/#breadcrumb\",\"itemListElement\":[{\"@type\":\"ListItem\",\"position\":1,\"name\":\"Accueil\",\"item\":\"https:\\\/\\\/regions-snetap-fsu.fr\\\/formation\\\/\"},{\"@type\":\"ListItem\",\"position\":2,\"name\":\"Entrave aux droits de gr\u00e8ve envers les AE\"}]},{\"@type\":\"WebSite\",\"@id\":\"https:\\\/\\\/regions-snetap-fsu.fr\\\/formation\\\/#website\",\"url\":\"https:\\\/\\\/regions-snetap-fsu.fr\\\/formation\\\/\",\"name\":\"Formation des sites R\u00e9gionaux du SNETAP-FSU\",\"description\":\"\",\"publisher\":{\"@id\":\"https:\\\/\\\/regions-snetap-fsu.fr\\\/formation\\\/#organization\"},\"potentialAction\":[{\"@type\":\"SearchAction\",\"target\":{\"@type\":\"EntryPoint\",\"urlTemplate\":\"https:\\\/\\\/regions-snetap-fsu.fr\\\/formation\\\/?s={search_term_string}\"},\"query-input\":{\"@type\":\"PropertyValueSpecification\",\"valueRequired\":true,\"valueName\":\"search_term_string\"}}],\"inLanguage\":\"fr-FR\"},{\"@type\":\"Organization\",\"@id\":\"https:\\\/\\\/regions-snetap-fsu.fr\\\/formation\\\/#organization\",\"name\":\"Formation des sites R\u00e9gionaux du SNETAP-FSU\",\"url\":\"https:\\\/\\\/regions-snetap-fsu.fr\\\/formation\\\/\",\"logo\":{\"@type\":\"ImageObject\",\"inLanguage\":\"fr-FR\",\"@id\":\"https:\\\/\\\/regions-snetap-fsu.fr\\\/formation\\\/#\\\/schema\\\/logo\\\/image\\\/\",\"url\":\"https:\\\/\\\/regions-snetap-fsu.fr\\\/formation\\\/wp-content\\\/uploads\\\/sites\\\/20\\\/2025\\\/04\\\/cropped-Logo_blanc_fond_transparent_1000x755.png\",\"contentUrl\":\"https:\\\/\\\/regions-snetap-fsu.fr\\\/formation\\\/wp-content\\\/uploads\\\/sites\\\/20\\\/2025\\\/04\\\/cropped-Logo_blanc_fond_transparent_1000x755.png\",\"width\":998,\"height\":689,\"caption\":\"Formation des sites R\u00e9gionaux du SNETAP-FSU\"},\"image\":{\"@id\":\"https:\\\/\\\/regions-snetap-fsu.fr\\\/formation\\\/#\\\/schema\\\/logo\\\/image\\\/\"}},{\"@type\":\"Person\",\"@id\":\"https:\\\/\\\/regions-snetap-fsu.fr\\\/formation\\\/#\\\/schema\\\/person\\\/f5dc7b6354e942ca9c5fa8e9ff7e5c93\",\"name\":\"yoctavien\",\"image\":{\"@type\":\"ImageObject\",\"inLanguage\":\"fr-FR\",\"@id\":\"https:\\\/\\\/secure.gravatar.com\\\/avatar\\\/382642c092b6b9da14641d3c478df2f3da4a2d17eea25691c232d4dbf735c292?s=96&d=mm&r=g\",\"url\":\"https:\\\/\\\/secure.gravatar.com\\\/avatar\\\/382642c092b6b9da14641d3c478df2f3da4a2d17eea25691c232d4dbf735c292?s=96&d=mm&r=g\",\"contentUrl\":\"https:\\\/\\\/secure.gravatar.com\\\/avatar\\\/382642c092b6b9da14641d3c478df2f3da4a2d17eea25691c232d4dbf735c292?s=96&d=mm&r=g\",\"caption\":\"yoctavien\"},\"url\":\"https:\\\/\\\/regions-snetap-fsu.fr\\\/formation\\\/author\\\/yoctavien\\\/\"}]}<\/script>\n<!-- \/ Yoast SEO plugin. -->","yoast_head_json":{"title":"Entrave aux droits de gr\u00e8ve envers les AE - Formation des sites R\u00e9gionaux du SNETAP-FSU","robots":{"index":"index","follow":"follow","max-snippet":"max-snippet:-1","max-image-preview":"max-image-preview:large","max-video-preview":"max-video-preview:-1"},"canonical":"https:\/\/regions-snetap-fsu.fr\/formation\/2018\/11\/15\/entrave-aux-droits-de-greve-envers-les-ae\/","og_locale":"fr_FR","og_type":"article","og_title":"Entrave aux droits de gr\u00e8ve envers les AE - Formation des sites R\u00e9gionaux du SNETAP-FSU","og_description":"Entrave aux droits de gr\u00e8ve envers les assistant\u00b7es d&rsquo;\u00e9ducation Dans un \u00e9tablissement agricole de notre r\u00e9gion Hauts-de-France, la direction avait pris la d\u00e9cision d&rsquo;amputer sur leur paye d&rsquo;octobre les heures r\u00e9ellement non faites&#8230; et non 1\/30 \u00e8me comme c&rsquo;est la r\u00e8gle pour les assistant\u00b7es d&rsquo;\u00e9ducation ayant suivis le mouvement de gr\u00e8ve du 09 octobre dernier. [&hellip;]","og_url":"https:\/\/regions-snetap-fsu.fr\/formation\/2018\/11\/15\/entrave-aux-droits-de-greve-envers-les-ae\/","og_site_name":"Formation des sites R\u00e9gionaux du SNETAP-FSU","article_published_time":"2018-11-15T15:20:55+00:00","author":"yoctavien","twitter_card":"summary_large_image","twitter_misc":{"\u00c9crit par":"yoctavien","Dur\u00e9e de lecture estim\u00e9e":"2 minutes"},"schema":{"@context":"https:\/\/schema.org","@graph":[{"@type":"Article","@id":"https:\/\/regions-snetap-fsu.fr\/formation\/2018\/11\/15\/entrave-aux-droits-de-greve-envers-les-ae\/#article","isPartOf":{"@id":"https:\/\/regions-snetap-fsu.fr\/formation\/2018\/11\/15\/entrave-aux-droits-de-greve-envers-les-ae\/"},"author":{"name":"yoctavien","@id":"https:\/\/regions-snetap-fsu.fr\/formation\/#\/schema\/person\/f5dc7b6354e942ca9c5fa8e9ff7e5c93"},"headline":"Entrave aux droits de gr\u00e8ve envers les AE","datePublished":"2018-11-15T15:20:55+00:00","mainEntityOfPage":{"@id":"https:\/\/regions-snetap-fsu.fr\/formation\/2018\/11\/15\/entrave-aux-droits-de-greve-envers-les-ae\/"},"wordCount":455,"publisher":{"@id":"https:\/\/regions-snetap-fsu.fr\/formation\/#organization"},"articleSection":["Actions - Gr\u00e8ves - Manifs","Communiqu\u00e9s"],"inLanguage":"fr-FR"},{"@type":"WebPage","@id":"https:\/\/regions-snetap-fsu.fr\/formation\/2018\/11\/15\/entrave-aux-droits-de-greve-envers-les-ae\/","url":"https:\/\/regions-snetap-fsu.fr\/formation\/2018\/11\/15\/entrave-aux-droits-de-greve-envers-les-ae\/","name":"Entrave aux droits de gr\u00e8ve envers les AE - Formation des sites R\u00e9gionaux du SNETAP-FSU","isPartOf":{"@id":"https:\/\/regions-snetap-fsu.fr\/formation\/#website"},"datePublished":"2018-11-15T15:20:55+00:00","breadcrumb":{"@id":"https:\/\/regions-snetap-fsu.fr\/formation\/2018\/11\/15\/entrave-aux-droits-de-greve-envers-les-ae\/#breadcrumb"},"inLanguage":"fr-FR","potentialAction":[{"@type":"ReadAction","target":["https:\/\/regions-snetap-fsu.fr\/formation\/2018\/11\/15\/entrave-aux-droits-de-greve-envers-les-ae\/"]}]},{"@type":"BreadcrumbList","@id":"https:\/\/regions-snetap-fsu.fr\/formation\/2018\/11\/15\/entrave-aux-droits-de-greve-envers-les-ae\/#breadcrumb","itemListElement":[{"@type":"ListItem","position":1,"name":"Accueil","item":"https:\/\/regions-snetap-fsu.fr\/formation\/"},{"@type":"ListItem","position":2,"name":"Entrave aux droits de gr\u00e8ve envers les AE"}]},{"@type":"WebSite","@id":"https:\/\/regions-snetap-fsu.fr\/formation\/#website","url":"https:\/\/regions-snetap-fsu.fr\/formation\/","name":"Formation des sites R\u00e9gionaux du SNETAP-FSU","description":"","publisher":{"@id":"https:\/\/regions-snetap-fsu.fr\/formation\/#organization"},"potentialAction":[{"@type":"SearchAction","target":{"@type":"EntryPoint","urlTemplate":"https:\/\/regions-snetap-fsu.fr\/formation\/?s={search_term_string}"},"query-input":{"@type":"PropertyValueSpecification","valueRequired":true,"valueName":"search_term_string"}}],"inLanguage":"fr-FR"},{"@type":"Organization","@id":"https:\/\/regions-snetap-fsu.fr\/formation\/#organization","name":"Formation des sites R\u00e9gionaux du SNETAP-FSU","url":"https:\/\/regions-snetap-fsu.fr\/formation\/","logo":{"@type":"ImageObject","inLanguage":"fr-FR","@id":"https:\/\/regions-snetap-fsu.fr\/formation\/#\/schema\/logo\/image\/","url":"https:\/\/regions-snetap-fsu.fr\/formation\/wp-content\/uploads\/sites\/20\/2025\/04\/cropped-Logo_blanc_fond_transparent_1000x755.png","contentUrl":"https:\/\/regions-snetap-fsu.fr\/formation\/wp-content\/uploads\/sites\/20\/2025\/04\/cropped-Logo_blanc_fond_transparent_1000x755.png","width":998,"height":689,"caption":"Formation des sites R\u00e9gionaux du SNETAP-FSU"},"image":{"@id":"https:\/\/regions-snetap-fsu.fr\/formation\/#\/schema\/logo\/image\/"}},{"@type":"Person","@id":"https:\/\/regions-snetap-fsu.fr\/formation\/#\/schema\/person\/f5dc7b6354e942ca9c5fa8e9ff7e5c93","name":"yoctavien","image":{"@type":"ImageObject","inLanguage":"fr-FR","@id":"https:\/\/secure.gravatar.com\/avatar\/382642c092b6b9da14641d3c478df2f3da4a2d17eea25691c232d4dbf735c292?s=96&d=mm&r=g","url":"https:\/\/secure.gravatar.com\/avatar\/382642c092b6b9da14641d3c478df2f3da4a2d17eea25691c232d4dbf735c292?s=96&d=mm&r=g","contentUrl":"https:\/\/secure.gravatar.com\/avatar\/382642c092b6b9da14641d3c478df2f3da4a2d17eea25691c232d4dbf735c292?s=96&d=mm&r=g","caption":"yoctavien"},"url":"https:\/\/regions-snetap-fsu.fr\/formation\/author\/yoctavien\/"}]}},"_links":{"self":[{"href":"https:\/\/regions-snetap-fsu.fr\/formation\/wp-json\/wp\/v2\/posts\/940","targetHints":{"allow":["GET"]}}],"collection":[{"href":"https:\/\/regions-snetap-fsu.fr\/formation\/wp-json\/wp\/v2\/posts"}],"about":[{"href":"https:\/\/regions-snetap-fsu.fr\/formation\/wp-json\/wp\/v2\/types\/post"}],"author":[{"embeddable":true,"href":"https:\/\/regions-snetap-fsu.fr\/formation\/wp-json\/wp\/v2\/users\/138"}],"replies":[{"embeddable":true,"href":"https:\/\/regions-snetap-fsu.fr\/formation\/wp-json\/wp\/v2\/comments?post=940"}],"version-history":[{"count":0,"href":"https:\/\/regions-snetap-fsu.fr\/formation\/wp-json\/wp\/v2\/posts\/940\/revisions"}],"wp:attachment":[{"href":"https:\/\/regions-snetap-fsu.fr\/formation\/wp-json\/wp\/v2\/media?parent=940"}],"wp:term":[{"taxonomy":"category","embeddable":true,"href":"https:\/\/regions-snetap-fsu.fr\/formation\/wp-json\/wp\/v2\/categories?post=940"},{"taxonomy":"post_tag","embeddable":true,"href":"https:\/\/regions-snetap-fsu.fr\/formation\/wp-json\/wp\/v2\/tags?post=940"},{"taxonomy":"post_folder","embeddable":true,"href":"https:\/\/regions-snetap-fsu.fr\/formation\/wp-json\/wp\/v2\/post_folder?post=940"}],"curies":[{"name":"wp","href":"https:\/\/api.w.org\/{rel}","templated":true}]}}